{"id":60930,"date":"2017-06-27T11:15:14","date_gmt":"2017-06-27T09:15:14","guid":{"rendered":"http:\/\/fr.motocrossmag.be\/?p=60930"},"modified":"2017-06-27T11:15:14","modified_gmt":"2017-06-27T09:15:14","slug":"photos-les-husqvarna-enduro-2018","status":"publish","type":"post","link":"https:\/\/fr.motocrossmag.be\/index.php\/2017\/06\/photos-les-husqvarna-enduro-2018\/","title":{"rendered":"Photos : les Husqvarna enduro 2018"},"content":{"rendered":"<p>Husqvarna pr\u00e9sente en ce moment \u00e0 la presse internationale sa gamme enduro 2018. Des machines \u00e0 la pointe de la technologie qui h\u00e9ritent de moteurs deux-temps aliment\u00e9s par injection \u00e9lectronique et font entrer de la sorte l&rsquo;enduro moderne dans une nouvelle \u00e8re. Christophe Bertrand est au Canada pour tester pour nous le dernier mill\u00e9sime de la marque. En attendant de tout savoir sur ces Husqvarna nouvelle g\u00e9n\u00e9ration, on patiente en les d\u00e9couvrant en images&#8230;<\/p>\n<p>&nbsp;<\/p><div class=\"enxlt6a993c4bb2809\" ><!-- \/91277017\/Inline-articles-mobile -->\n<div style=\"margin:auto; text-align:center !important\">\n<div id='div-gpt-ad-1784982661365-0' style='min-width: 250px; min-height: 75px;'>\n  <script>\n    googletag.cmd.push(function() { googletag.display('div-gpt-ad-1784982661365-0'); });\n  <\/script>\n<\/div><\/div><\/div><style type=\"text\/css\">\r\n.enxlt6a993c4bb2809 {\r\nmargin-bottom:30px;margin-top:20px\r\n}\r\n@media screen and (min-width: 1201px) {\r\n.enxlt6a993c4bb2809 {\r\ndisplay: block;\r\n}\r\n}\r\n@media screen and (min-width: 993px) and (max-width: 1200px) {\r\n.enxlt6a993c4bb2809 {\r\ndisplay: block;\r\n}\r\n}\r\n@media screen and (min-width: 769px) and (max-width: 992px) {\r\n.enxlt6a993c4bb2809 {\r\ndisplay: block;\r\n}\r\n}\r\n@media screen and (min-width: 768px) and (max-width: 768px) {\r\n.enxlt6a993c4bb2809 {\r\ndisplay: block;\r\n}\r\n}\r\n@media screen and (max-width: 767px) {\r\n.enxlt6a993c4bb2809 {\r\ndisplay: block;\r\n}\r\n}\r\n<\/style>\r\n\n<div id='gallery-1' class='gallery galleryid-60930 gallery-columns-3 gallery-size-thumbnail'><figure class='gallery-item'>\n\t\t\t<div class='gallery-icon landscape'>\n\t\t\t\t<a href='https:\/\/fr.motocrossmag.be\/index.php\/2017\/06\/photos-les-husqvarna-enduro-2018\/hva-2018-enduro-enduro-2018-airbox\/'><img decoding=\"async\" width=\"150\" height=\"150\" src=\"https:\/\/fr.motocrossmag.be\/wp-content\/uploads\/2017\/06\/HVA-2018-Enduro-Enduro-2018-Airbox-150x150.jpg\" class=\"attachment-thumbnail size-thumbnail\" alt=\"\" srcset=\"https:\/\/fr.motocrossmag.be\/wp-content\/uploads\/2017\/06\/HVA-2018-Enduro-Enduro-2018-Airbox-150x150.jpg 150w, https:\/\/fr.motocrossmag.be\/wp-content\/uploads\/2017\/06\/HVA-2018-Enduro-Enduro-2018-Airbox-50x50.jpg 50w\" sizes=\"(max-width: 150px) 100vw, 150px\" \/><\/a>\n\t\t\t<\/div><\/figure><figure class='gallery-item'>\n\t\t\t<div class='gallery-icon landscape'>\n\t\t\t\t<a href='https:\/\/fr.motocrossmag.be\/index.php\/2017\/06\/photos-les-husqvarna-enduro-2018\/hva-2018-enduro-enduro-my18-break\/'><img decoding=\"async\" width=\"150\" height=\"150\" src=\"https:\/\/fr.motocrossmag.be\/wp-content\/uploads\/2017\/06\/HVA-2018-Enduro-Enduro-MY18-Break-150x150.jpg\" class=\"attachment-thumbnail size-thumbnail\" alt=\"\" srcset=\"https:\/\/fr.motocrossmag.be\/wp-content\/uploads\/2017\/06\/HVA-2018-Enduro-Enduro-MY18-Break-150x150.jpg 150w, https:\/\/fr.motocrossmag.be\/wp-content\/uploads\/2017\/06\/HVA-2018-Enduro-Enduro-MY18-Break-50x50.jpg 50w\" sizes=\"(max-width: 150px) 100vw, 150px\" \/><\/a>\n\t\t\t<\/div><\/figure><figure class='gallery-item'>\n\t\t\t<div class='gallery-icon landscape'>\n\t\t\t\t<a href='https:\/\/fr.motocrossmag.be\/index.php\/2017\/06\/photos-les-husqvarna-enduro-2018\/hva-2018-enduro-fe-250-_-fe-350-my18\/'><img decoding=\"async\" width=\"150\" height=\"150\" src=\"https:\/\/fr.motocrossmag.be\/wp-content\/uploads\/2017\/06\/HVA-2018-Enduro-FE-250-_-FE-350-MY18-150x150.jpg\" class=\"attachment-thumbnail size-thumbnail\" alt=\"\" srcset=\"https:\/\/fr.motocrossmag.be\/wp-content\/uploads\/2017\/06\/HVA-2018-Enduro-FE-250-_-FE-350-MY18-150x150.jpg 150w, https:\/\/fr.motocrossmag.be\/wp-content\/uploads\/2017\/06\/HVA-2018-Enduro-FE-250-_-FE-350-MY18-50x50.jpg 50w\" sizes=\"(max-width: 150px) 100vw, 150px\" \/><\/a>\n\t\t\t<\/div><\/figure><figure class='gallery-item'>\n\t\t\t<div class='gallery-icon landscape'>\n\t\t\t\t<a href='https:\/\/fr.motocrossmag.be\/index.php\/2017\/06\/photos-les-husqvarna-enduro-2018\/hva-2018-enduro-fe-250-my18\/'><img decoding=\"async\" width=\"150\" height=\"150\" src=\"https:\/\/fr.motocrossmag.be\/wp-content\/uploads\/2017\/06\/HVA-2018-Enduro-FE-250-MY18-150x150.jpg\" class=\"attachment-thumbnail size-thumbnail\" alt=\"\" srcset=\"https:\/\/fr.motocrossmag.be\/wp-content\/uploads\/2017\/06\/HVA-2018-Enduro-FE-250-MY18-150x150.jpg 150w, https:\/\/fr.motocrossmag.be\/wp-content\/uploads\/2017\/06\/HVA-2018-Enduro-FE-250-MY18-50x50.jpg 50w\" sizes=\"(max-width: 150px) 100vw, 150px\" \/><\/a>\n\t\t\t<\/div><\/figure><figure class='gallery-item'>\n\t\t\t<div class='gallery-icon landscape'>\n\t\t\t\t<a href='https:\/\/fr.motocrossmag.be\/index.php\/2017\/06\/photos-les-husqvarna-enduro-2018\/hva-2018-enduro-fe-250_-fe-350-my18\/'><img decoding=\"async\" width=\"150\" height=\"150\" src=\"https:\/\/fr.motocrossmag.be\/wp-content\/uploads\/2017\/06\/HVA-2018-Enduro-FE-250_-FE-350-MY18-150x150.jpg\" class=\"attachment-thumbnail size-thumbnail\" alt=\"\" srcset=\"https:\/\/fr.motocrossmag.be\/wp-content\/uploads\/2017\/06\/HVA-2018-Enduro-FE-250_-FE-350-MY18-150x150.jpg 150w, https:\/\/fr.motocrossmag.be\/wp-content\/uploads\/2017\/06\/HVA-2018-Enduro-FE-250_-FE-350-MY18-50x50.jpg 50w\" sizes=\"(max-width: 150px) 100vw, 150px\" \/><\/a>\n\t\t\t<\/div><\/figure><figure class='gallery-item'>\n\t\t\t<div class='gallery-icon portrait'>\n\t\t\t\t<a href='https:\/\/fr.motocrossmag.be\/index.php\/2017\/06\/photos-les-husqvarna-enduro-2018\/hva-2018-enduro-fe-350-my18-action\/'><img decoding=\"async\" width=\"150\" height=\"150\" src=\"https:\/\/fr.motocrossmag.be\/wp-content\/uploads\/2017\/06\/HVA-2018-Enduro-FE-350-MY18-Action-150x150.jpg\" class=\"attachment-thumbnail size-thumbnail\" alt=\"\" srcset=\"https:\/\/fr.motocrossmag.be\/wp-content\/uploads\/2017\/06\/HVA-2018-Enduro-FE-350-MY18-Action-150x150.jpg 150w, https:\/\/fr.motocrossmag.be\/wp-content\/uploads\/2017\/06\/HVA-2018-Enduro-FE-350-MY18-Action-50x50.jpg 50w\" sizes=\"(max-width: 150px) 100vw, 150px\" \/><\/a>\n\t\t\t<\/div><\/figure><figure class='gallery-item'>\n\t\t\t<div class='gallery-icon landscape'>\n\t\t\t\t<a href='https:\/\/fr.motocrossmag.be\/index.php\/2017\/06\/photos-les-husqvarna-enduro-2018\/hva-2018-enduro-fe-350-my18-action-1\/'><img decoding=\"async\" width=\"150\" height=\"150\" src=\"https:\/\/fr.motocrossmag.be\/wp-content\/uploads\/2017\/06\/HVA-2018-Enduro-FE-350-MY18-Action-1-150x150.jpg\" class=\"attachment-thumbnail size-thumbnail\" alt=\"\" srcset=\"https:\/\/fr.motocrossmag.be\/wp-content\/uploads\/2017\/06\/HVA-2018-Enduro-FE-350-MY18-Action-1-150x150.jpg 150w, https:\/\/fr.motocrossmag.be\/wp-content\/uploads\/2017\/06\/HVA-2018-Enduro-FE-350-MY18-Action-1-50x50.jpg 50w\" sizes=\"(max-width: 150px) 100vw, 150px\" \/><\/a>\n\t\t\t<\/div><\/figure><figure class='gallery-item'>\n\t\t\t<div class='gallery-icon landscape'>\n\t\t\t\t<a href='https:\/\/fr.motocrossmag.be\/index.php\/2017\/06\/photos-les-husqvarna-enduro-2018\/hva-2018-enduro-fe-350-my18-action-2\/'><img decoding=\"async\" width=\"150\" height=\"150\" src=\"https:\/\/fr.motocrossmag.be\/wp-content\/uploads\/2017\/06\/HVA-2018-Enduro-FE-350-MY18-Action-2-150x150.jpg\" class=\"attachment-thumbnail size-thumbnail\" alt=\"\" srcset=\"https:\/\/fr.motocrossmag.be\/wp-content\/uploads\/2017\/06\/HVA-2018-Enduro-FE-350-MY18-Action-2-150x150.jpg 150w, https:\/\/fr.motocrossmag.be\/wp-content\/uploads\/2017\/06\/HVA-2018-Enduro-FE-350-MY18-Action-2-50x50.jpg 50w\" sizes=\"(max-width: 150px) 100vw, 150px\" \/><\/a>\n\t\t\t<\/div><\/figure><figure class='gallery-item'>\n\t\t\t<div class='gallery-icon landscape'>\n\t\t\t\t<a href='https:\/\/fr.motocrossmag.be\/index.php\/2017\/06\/photos-les-husqvarna-enduro-2018\/hva-2018-enduro-fe-350-my18\/'><img decoding=\"async\" width=\"150\" height=\"150\" src=\"https:\/\/fr.motocrossmag.be\/wp-content\/uploads\/2017\/06\/HVA-2018-Enduro-FE-350-MY18-150x150.jpg\" class=\"attachment-thumbnail size-thumbnail\" alt=\"\" srcset=\"https:\/\/fr.motocrossmag.be\/wp-content\/uploads\/2017\/06\/HVA-2018-Enduro-FE-350-MY18-150x150.jpg 150w, https:\/\/fr.motocrossmag.be\/wp-content\/uploads\/2017\/06\/HVA-2018-Enduro-FE-350-MY18-50x50.jpg 50w\" sizes=\"(max-width: 150px) 100vw, 150px\" \/><\/a>\n\t\t\t<\/div><\/figure><figure class='gallery-item'>\n\t\t\t<div class='gallery-icon landscape'>\n\t\t\t\t<a href='https:\/\/fr.motocrossmag.be\/index.php\/2017\/06\/photos-les-husqvarna-enduro-2018\/hva-2018-enduro-fe-450-_-fe-501-my18-action\/'><img decoding=\"async\" width=\"150\" height=\"150\" src=\"https:\/\/fr.motocrossmag.be\/wp-content\/uploads\/2017\/06\/HVA-2018-Enduro-FE-450-_-FE-501-MY18-Action-150x150.jpg\" class=\"attachment-thumbnail size-thumbnail\" alt=\"\" srcset=\"https:\/\/fr.motocrossmag.be\/wp-content\/uploads\/2017\/06\/HVA-2018-Enduro-FE-450-_-FE-501-MY18-Action-150x150.jpg 150w, https:\/\/fr.motocrossmag.be\/wp-content\/uploads\/2017\/06\/HVA-2018-Enduro-FE-450-_-FE-501-MY18-Action-50x50.jpg 50w\" sizes=\"(max-width: 150px) 100vw, 150px\" \/><\/a>\n\t\t\t<\/div><\/figure><figure class='gallery-item'>\n\t\t\t<div class='gallery-icon landscape'>\n\t\t\t\t<a href='https:\/\/fr.motocrossmag.be\/index.php\/2017\/06\/photos-les-husqvarna-enduro-2018\/hva-2018-enduro-fe-450-my18-action\/'><img decoding=\"async\" width=\"150\" height=\"150\" src=\"https:\/\/fr.motocrossmag.be\/wp-content\/uploads\/2017\/06\/HVA-2018-Enduro-FE-450-MY18-Action-150x150.jpg\" class=\"attachment-thumbnail size-thumbnail\" alt=\"\" srcset=\"https:\/\/fr.motocrossmag.be\/wp-content\/uploads\/2017\/06\/HVA-2018-Enduro-FE-450-MY18-Action-150x150.jpg 150w, https:\/\/fr.motocrossmag.be\/wp-content\/uploads\/2017\/06\/HVA-2018-Enduro-FE-450-MY18-Action-50x50.jpg 50w\" sizes=\"(max-width: 150px) 100vw, 150px\" \/><\/a>\n\t\t\t<\/div><\/figure><figure class='gallery-item'>\n\t\t\t<div class='gallery-icon landscape'>\n\t\t\t\t<a href='https:\/\/fr.motocrossmag.be\/index.php\/2017\/06\/photos-les-husqvarna-enduro-2018\/hva-2018-enduro-fe-450-my18-action-1\/'><img decoding=\"async\" width=\"150\" height=\"150\" src=\"https:\/\/fr.motocrossmag.be\/wp-content\/uploads\/2017\/06\/HVA-2018-Enduro-FE-450-MY18-Action-1-150x150.jpg\" class=\"attachment-thumbnail size-thumbnail\" alt=\"\" srcset=\"https:\/\/fr.motocrossmag.be\/wp-content\/uploads\/2017\/06\/HVA-2018-Enduro-FE-450-MY18-Action-1-150x150.jpg 150w, https:\/\/fr.motocrossmag.be\/wp-content\/uploads\/2017\/06\/HVA-2018-Enduro-FE-450-MY18-Action-1-50x50.jpg 50w\" sizes=\"(max-width: 150px) 100vw, 150px\" \/><\/a>\n\t\t\t<\/div><\/figure><figure class='gallery-item'>\n\t\t\t<div class='gallery-icon landscape'>\n\t\t\t\t<a href='https:\/\/fr.motocrossmag.be\/index.php\/2017\/06\/photos-les-husqvarna-enduro-2018\/hva-2018-enduro-fe-450-my18\/'><img decoding=\"async\" width=\"150\" height=\"150\" src=\"https:\/\/fr.motocrossmag.be\/wp-content\/uploads\/2017\/06\/HVA-2018-Enduro-FE-450-MY18-150x150.jpg\" class=\"attachment-thumbnail size-thumbnail\" alt=\"\" srcset=\"https:\/\/fr.motocrossmag.be\/wp-content\/uploads\/2017\/06\/HVA-2018-Enduro-FE-450-MY18-150x150.jpg 150w, https:\/\/fr.motocrossmag.be\/wp-content\/uploads\/2017\/06\/HVA-2018-Enduro-FE-450-MY18-50x50.jpg 50w\" sizes=\"(max-width: 150px) 100vw, 150px\" \/><\/a>\n\t\t\t<\/div><\/figure><figure class='gallery-item'>\n\t\t\t<div class='gallery-icon landscape'>\n\t\t\t\t<a href='https:\/\/fr.motocrossmag.be\/index.php\/2017\/06\/photos-les-husqvarna-enduro-2018\/hva-2018-enduro-husqvarna-officially-unveil-2018-enduro-range-te-250i-my18\/'><img decoding=\"async\" width=\"150\" height=\"150\" src=\"https:\/\/fr.motocrossmag.be\/wp-content\/uploads\/2017\/06\/HVA-2018-Enduro-Husqvarna-officially-unveil-2018-Enduro-Range-TE-250i-MY18-150x150.jpg\" class=\"attachment-thumbnail size-thumbnail\" alt=\"\" srcset=\"https:\/\/fr.motocrossmag.be\/wp-content\/uploads\/2017\/06\/HVA-2018-Enduro-Husqvarna-officially-unveil-2018-Enduro-Range-TE-250i-MY18-150x150.jpg 150w, https:\/\/fr.motocrossmag.be\/wp-content\/uploads\/2017\/06\/HVA-2018-Enduro-Husqvarna-officially-unveil-2018-Enduro-Range-TE-250i-MY18-50x50.jpg 50w\" sizes=\"(max-width: 150px) 100vw, 150px\" \/><\/a>\n\t\t\t<\/div><\/figure><figure class='gallery-item'>\n\t\t\t<div class='gallery-icon landscape'>\n\t\t\t\t<a href='https:\/\/fr.motocrossmag.be\/index.php\/2017\/06\/photos-les-husqvarna-enduro-2018\/hva-2018-enduro-te-250i-action\/'><img decoding=\"async\" width=\"150\" height=\"150\" src=\"https:\/\/fr.motocrossmag.be\/wp-content\/uploads\/2017\/06\/HVA-2018-Enduro-TE-250i-Action-150x150.jpg\" class=\"attachment-thumbnail size-thumbnail\" alt=\"\" srcset=\"https:\/\/fr.motocrossmag.be\/wp-content\/uploads\/2017\/06\/HVA-2018-Enduro-TE-250i-Action-150x150.jpg 150w, https:\/\/fr.motocrossmag.be\/wp-content\/uploads\/2017\/06\/HVA-2018-Enduro-TE-250i-Action-50x50.jpg 50w\" sizes=\"(max-width: 150px) 100vw, 150px\" \/><\/a>\n\t\t\t<\/div><\/figure><figure class='gallery-item'>\n\t\t\t<div class='gallery-icon portrait'>\n\t\t\t\t<a href='https:\/\/fr.motocrossmag.be\/index.php\/2017\/06\/photos-les-husqvarna-enduro-2018\/hva-2018-enduro-te-250i-_-te-300i-2018-engine\/'><img decoding=\"async\" width=\"150\" height=\"150\" src=\"https:\/\/fr.motocrossmag.be\/wp-content\/uploads\/2017\/06\/HVA-2018-Enduro-TE-250i-_-TE-300i-2018-Engine-150x150.jpg\" class=\"attachment-thumbnail size-thumbnail\" alt=\"\" srcset=\"https:\/\/fr.motocrossmag.be\/wp-content\/uploads\/2017\/06\/HVA-2018-Enduro-TE-250i-_-TE-300i-2018-Engine-150x150.jpg 150w, https:\/\/fr.motocrossmag.be\/wp-content\/uploads\/2017\/06\/HVA-2018-Enduro-TE-250i-_-TE-300i-2018-Engine-50x50.jpg 50w\" sizes=\"(max-width: 150px) 100vw, 150px\" \/><\/a>\n\t\t\t<\/div><\/figure><figure class='gallery-item'>\n\t\t\t<div class='gallery-icon landscape'>\n\t\t\t\t<a href='https:\/\/fr.motocrossmag.be\/index.php\/2017\/06\/photos-les-husqvarna-enduro-2018\/hva-2018-enduro-te-250i-_-te-300i-2018-engine-1\/'><img decoding=\"async\" width=\"150\" height=\"150\" src=\"https:\/\/fr.motocrossmag.be\/wp-content\/uploads\/2017\/06\/HVA-2018-Enduro-TE-250i-_-TE-300i-2018-Engine-1-150x150.jpg\" class=\"attachment-thumbnail size-thumbnail\" alt=\"\" srcset=\"https:\/\/fr.motocrossmag.be\/wp-content\/uploads\/2017\/06\/HVA-2018-Enduro-TE-250i-_-TE-300i-2018-Engine-1-150x150.jpg 150w, https:\/\/fr.motocrossmag.be\/wp-content\/uploads\/2017\/06\/HVA-2018-Enduro-TE-250i-_-TE-300i-2018-Engine-1-50x50.jpg 50w\" sizes=\"(max-width: 150px) 100vw, 150px\" \/><\/a>\n\t\t\t<\/div><\/figure><figure class='gallery-item'>\n\t\t\t<div class='gallery-icon portrait'>\n\t\t\t\t<a href='https:\/\/fr.motocrossmag.be\/index.php\/2017\/06\/photos-les-husqvarna-enduro-2018\/hva-2018-enduro-te-250i-my18-action-1\/'><img decoding=\"async\" width=\"150\" height=\"150\" src=\"https:\/\/fr.motocrossmag.be\/wp-content\/uploads\/2017\/06\/HVA-2018-Enduro-TE-250i-MY18-Action-1-150x150.jpg\" class=\"attachment-thumbnail size-thumbnail\" alt=\"\" srcset=\"https:\/\/fr.motocrossmag.be\/wp-content\/uploads\/2017\/06\/HVA-2018-Enduro-TE-250i-MY18-Action-1-150x150.jpg 150w, https:\/\/fr.motocrossmag.be\/wp-content\/uploads\/2017\/06\/HVA-2018-Enduro-TE-250i-MY18-Action-1-50x50.jpg 50w\" sizes=\"(max-width: 150px) 100vw, 150px\" \/><\/a>\n\t\t\t<\/div><\/figure><figure class='gallery-item'>\n\t\t\t<div class='gallery-icon landscape'>\n\t\t\t\t<a href='https:\/\/fr.motocrossmag.be\/index.php\/2017\/06\/photos-les-husqvarna-enduro-2018\/hva-2018-enduro-te-250i-my18-action-2\/'><img decoding=\"async\" width=\"150\" height=\"150\" src=\"https:\/\/fr.motocrossmag.be\/wp-content\/uploads\/2017\/06\/HVA-2018-Enduro-TE-250i-MY18-Action-2-150x150.jpg\" class=\"attachment-thumbnail size-thumbnail\" alt=\"\" srcset=\"https:\/\/fr.motocrossmag.be\/wp-content\/uploads\/2017\/06\/HVA-2018-Enduro-TE-250i-MY18-Action-2-150x150.jpg 150w, https:\/\/fr.motocrossmag.be\/wp-content\/uploads\/2017\/06\/HVA-2018-Enduro-TE-250i-MY18-Action-2-50x50.jpg 50w\" sizes=\"(max-width: 150px) 100vw, 150px\" \/><\/a>\n\t\t\t<\/div><\/figure><figure class='gallery-item'>\n\t\t\t<div class='gallery-icon landscape'>\n\t\t\t\t<a href='https:\/\/fr.motocrossmag.be\/index.php\/2017\/06\/photos-les-husqvarna-enduro-2018\/hva-2018-enduro-te-250i-my18-action-3\/'><img decoding=\"async\" width=\"150\" height=\"150\" src=\"https:\/\/fr.motocrossmag.be\/wp-content\/uploads\/2017\/06\/HVA-2018-Enduro-TE-250i-MY18-Action-3-150x150.jpg\" class=\"attachment-thumbnail size-thumbnail\" alt=\"\" srcset=\"https:\/\/fr.motocrossmag.be\/wp-content\/uploads\/2017\/06\/HVA-2018-Enduro-TE-250i-MY18-Action-3-150x150.jpg 150w, https:\/\/fr.motocrossmag.be\/wp-content\/uploads\/2017\/06\/HVA-2018-Enduro-TE-250i-MY18-Action-3-50x50.jpg 50w\" sizes=\"(max-width: 150px) 100vw, 150px\" \/><\/a>\n\t\t\t<\/div><\/figure><figure class='gallery-item'>\n\t\t\t<div class='gallery-icon landscape'>\n\t\t\t\t<a href='https:\/\/fr.motocrossmag.be\/index.php\/2017\/06\/photos-les-husqvarna-enduro-2018\/hva-2018-enduro-te-250i-my18\/'><img decoding=\"async\" width=\"150\" height=\"150\" src=\"https:\/\/fr.motocrossmag.be\/wp-content\/uploads\/2017\/06\/HVA-2018-Enduro-TE-250i-MY18-150x150.jpg\" class=\"attachment-thumbnail size-thumbnail\" alt=\"\" srcset=\"https:\/\/fr.motocrossmag.be\/wp-content\/uploads\/2017\/06\/HVA-2018-Enduro-TE-250i-MY18-150x150.jpg 150w, https:\/\/fr.motocrossmag.be\/wp-content\/uploads\/2017\/06\/HVA-2018-Enduro-TE-250i-MY18-50x50.jpg 50w\" sizes=\"(max-width: 150px) 100vw, 150px\" \/><\/a>\n\t\t\t<\/div><\/figure><figure class='gallery-item'>\n\t\t\t<div class='gallery-icon landscape'>\n\t\t\t\t<a href='https:\/\/fr.motocrossmag.be\/index.php\/2017\/06\/photos-les-husqvarna-enduro-2018\/hva-2018-enduro-te-250i-my18-1\/'><img decoding=\"async\" width=\"150\" height=\"150\" src=\"https:\/\/fr.motocrossmag.be\/wp-content\/uploads\/2017\/06\/HVA-2018-Enduro-TE-250i-MY18-1-150x150.jpg\" class=\"attachment-thumbnail size-thumbnail\" alt=\"\" srcset=\"https:\/\/fr.motocrossmag.be\/wp-content\/uploads\/2017\/06\/HVA-2018-Enduro-TE-250i-MY18-1-150x150.jpg 150w, https:\/\/fr.motocrossmag.be\/wp-content\/uploads\/2017\/06\/HVA-2018-Enduro-TE-250i-MY18-1-50x50.jpg 50w\" sizes=\"(max-width: 150px) 100vw, 150px\" \/><\/a>\n\t\t\t<\/div><\/figure><figure class='gallery-item'>\n\t\t\t<div class='gallery-icon landscape'>\n\t\t\t\t<a href='https:\/\/fr.motocrossmag.be\/index.php\/2017\/06\/photos-les-husqvarna-enduro-2018\/hva-2018-enduro-te-300i-my18-90-degrees\/'><img decoding=\"async\" width=\"150\" height=\"150\" src=\"https:\/\/fr.motocrossmag.be\/wp-content\/uploads\/2017\/06\/HVA-2018-Enduro-TE-300i-MY18-90-degrees-150x150.jpg\" class=\"attachment-thumbnail size-thumbnail\" alt=\"\" srcset=\"https:\/\/fr.motocrossmag.be\/wp-content\/uploads\/2017\/06\/HVA-2018-Enduro-TE-300i-MY18-90-degrees-150x150.jpg 150w, https:\/\/fr.motocrossmag.be\/wp-content\/uploads\/2017\/06\/HVA-2018-Enduro-TE-300i-MY18-90-degrees-50x50.jpg 50w\" sizes=\"(max-width: 150px) 100vw, 150px\" \/><\/a>\n\t\t\t<\/div><\/figure><figure class='gallery-item'>\n\t\t\t<div class='gallery-icon landscape'>\n\t\t\t\t<a href='https:\/\/fr.motocrossmag.be\/index.php\/2017\/06\/photos-les-husqvarna-enduro-2018\/hva-2018-enduro-te-300i-my18-action\/'><img decoding=\"async\" width=\"150\" height=\"150\" src=\"https:\/\/fr.motocrossmag.be\/wp-content\/uploads\/2017\/06\/HVA-2018-Enduro-TE-300i-MY18-Action-150x150.jpg\" class=\"attachment-thumbnail size-thumbnail\" alt=\"\" srcset=\"https:\/\/fr.motocrossmag.be\/wp-content\/uploads\/2017\/06\/HVA-2018-Enduro-TE-300i-MY18-Action-150x150.jpg 150w, https:\/\/fr.motocrossmag.be\/wp-content\/uploads\/2017\/06\/HVA-2018-Enduro-TE-300i-MY18-Action-50x50.jpg 50w\" sizes=\"(max-width: 150px) 100vw, 150px\" \/><\/a>\n\t\t\t<\/div><\/figure><figure class='gallery-item'>\n\t\t\t<div class='gallery-icon landscape'>\n\t\t\t\t<a href='https:\/\/fr.motocrossmag.be\/index.php\/2017\/06\/photos-les-husqvarna-enduro-2018\/hva-2018-enduro-te-300i-my18\/'><img decoding=\"async\" width=\"150\" height=\"150\" src=\"https:\/\/fr.motocrossmag.be\/wp-content\/uploads\/2017\/06\/HVA-2018-Enduro-TE-300i-MY18--150x150.jpg\" class=\"attachment-thumbnail size-thumbnail\" alt=\"\" srcset=\"https:\/\/fr.motocrossmag.be\/wp-content\/uploads\/2017\/06\/HVA-2018-Enduro-TE-300i-MY18--150x150.jpg 150w, https:\/\/fr.motocrossmag.be\/wp-content\/uploads\/2017\/06\/HVA-2018-Enduro-TE-300i-MY18--50x50.jpg 50w\" sizes=\"(max-width: 150px) 100vw, 150px\" \/><\/a>\n\t\t\t<\/div><\/figure><figure class='gallery-item'>\n\t\t\t<div class='gallery-icon landscape'>\n\t\t\t\t<a href='https:\/\/fr.motocrossmag.be\/index.php\/2017\/06\/photos-les-husqvarna-enduro-2018\/hva-2018-enduro-te-300i-my18-2\/'><img decoding=\"async\" width=\"150\" height=\"150\" src=\"https:\/\/fr.motocrossmag.be\/wp-content\/uploads\/2017\/06\/HVA-2018-Enduro-TE-300i-MY18-150x150.jpg\" class=\"attachment-thumbnail size-thumbnail\" alt=\"\" srcset=\"https:\/\/fr.motocrossmag.be\/wp-content\/uploads\/2017\/06\/HVA-2018-Enduro-TE-300i-MY18-150x150.jpg 150w, https:\/\/fr.motocrossmag.be\/wp-content\/uploads\/2017\/06\/HVA-2018-Enduro-TE-300i-MY18-50x50.jpg 50w\" sizes=\"(max-width: 150px) 100vw, 150px\" \/><\/a>\n\t\t\t<\/div><\/figure><figure class='gallery-item'>\n\t\t\t<div class='gallery-icon landscape'>\n\t\t\t\t<a href='https:\/\/fr.motocrossmag.be\/index.php\/2017\/06\/photos-les-husqvarna-enduro-2018\/hva-2018-enduro-te-300i-my18-1\/'><img decoding=\"async\" width=\"150\" height=\"150\" src=\"https:\/\/fr.motocrossmag.be\/wp-content\/uploads\/2017\/06\/HVA-2018-Enduro-TE-300i-MY18-1-150x150.jpg\" class=\"attachment-thumbnail size-thumbnail\" alt=\"\" srcset=\"https:\/\/fr.motocrossmag.be\/wp-content\/uploads\/2017\/06\/HVA-2018-Enduro-TE-300i-MY18-1-150x150.jpg 150w, https:\/\/fr.motocrossmag.be\/wp-content\/uploads\/2017\/06\/HVA-2018-Enduro-TE-300i-MY18-1-50x50.jpg 50w\" sizes=\"(max-width: 150px) 100vw, 150px\" \/><\/a>\n\t\t\t<\/div><\/figure><figure class='gallery-item'>\n\t\t\t<div class='gallery-icon portrait'>\n\t\t\t\t<a href='https:\/\/fr.motocrossmag.be\/index.php\/2017\/06\/photos-les-husqvarna-enduro-2018\/hva-2018-enduro-tx-125-2018-engine\/'><img decoding=\"async\" width=\"150\" height=\"150\" src=\"https:\/\/fr.motocrossmag.be\/wp-content\/uploads\/2017\/06\/HVA-2018-Enduro-TX-125-2018-Engine-150x150.jpg\" class=\"attachment-thumbnail size-thumbnail\" alt=\"\" srcset=\"https:\/\/fr.motocrossmag.be\/wp-content\/uploads\/2017\/06\/HVA-2018-Enduro-TX-125-2018-Engine-150x150.jpg 150w, https:\/\/fr.motocrossmag.be\/wp-content\/uploads\/2017\/06\/HVA-2018-Enduro-TX-125-2018-Engine-50x50.jpg 50w\" sizes=\"(max-width: 150px) 100vw, 150px\" \/><\/a>\n\t\t\t<\/div><\/figure><figure class='gallery-item'>\n\t\t\t<div class='gallery-icon portrait'>\n\t\t\t\t<a href='https:\/\/fr.motocrossmag.be\/index.php\/2017\/06\/photos-les-husqvarna-enduro-2018\/hva-2018-enduro-tx-125-2018-engine-1\/'><img decoding=\"async\" width=\"150\" height=\"150\" src=\"https:\/\/fr.motocrossmag.be\/wp-content\/uploads\/2017\/06\/HVA-2018-Enduro-TX-125-2018-Engine-1-150x150.jpg\" class=\"attachment-thumbnail size-thumbnail\" alt=\"\" srcset=\"https:\/\/fr.motocrossmag.be\/wp-content\/uploads\/2017\/06\/HVA-2018-Enduro-TX-125-2018-Engine-1-150x150.jpg 150w, https:\/\/fr.motocrossmag.be\/wp-content\/uploads\/2017\/06\/HVA-2018-Enduro-TX-125-2018-Engine-1-50x50.jpg 50w\" sizes=\"(max-width: 150px) 100vw, 150px\" \/><\/a>\n\t\t\t<\/div><\/figure><figure class='gallery-item'>\n\t\t\t<div class='gallery-icon landscape'>\n\t\t\t\t<a href='https:\/\/fr.motocrossmag.be\/index.php\/2017\/06\/photos-les-husqvarna-enduro-2018\/hva-2018-enduro-tx-125-my18-action\/'><img decoding=\"async\" width=\"150\" height=\"150\" src=\"https:\/\/fr.motocrossmag.be\/wp-content\/uploads\/2017\/06\/HVA-2018-Enduro-TX-125-MY18-Action--150x150.jpg\" class=\"attachment-thumbnail size-thumbnail\" alt=\"\" srcset=\"https:\/\/fr.motocrossmag.be\/wp-content\/uploads\/2017\/06\/HVA-2018-Enduro-TX-125-MY18-Action--150x150.jpg 150w, https:\/\/fr.motocrossmag.be\/wp-content\/uploads\/2017\/06\/HVA-2018-Enduro-TX-125-MY18-Action--50x50.jpg 50w\" sizes=\"(max-width: 150px) 100vw, 150px\" \/><\/a>\n\t\t\t<\/div><\/figure><figure class='gallery-item'>\n\t\t\t<div class='gallery-icon landscape'>\n\t\t\t\t<a href='https:\/\/fr.motocrossmag.be\/index.php\/2017\/06\/photos-les-husqvarna-enduro-2018\/hva-2018-enduro-tx-125-my18-action-1\/'><img decoding=\"async\" width=\"150\" height=\"150\" src=\"https:\/\/fr.motocrossmag.be\/wp-content\/uploads\/2017\/06\/HVA-2018-Enduro-TX-125-MY18-Action-1-150x150.jpg\" class=\"attachment-thumbnail size-thumbnail\" alt=\"\" srcset=\"https:\/\/fr.motocrossmag.be\/wp-content\/uploads\/2017\/06\/HVA-2018-Enduro-TX-125-MY18-Action-1-150x150.jpg 150w, https:\/\/fr.motocrossmag.be\/wp-content\/uploads\/2017\/06\/HVA-2018-Enduro-TX-125-MY18-Action-1-50x50.jpg 50w\" sizes=\"(max-width: 150px) 100vw, 150px\" \/><\/a>\n\t\t\t<\/div><\/figure><figure class='gallery-item'>\n\t\t\t<div class='gallery-icon landscape'>\n\t\t\t\t<a href='https:\/\/fr.motocrossmag.be\/index.php\/2017\/06\/photos-les-husqvarna-enduro-2018\/hva-2018-enduro-tx-125-my18\/'><img decoding=\"async\" width=\"150\" height=\"150\" src=\"https:\/\/fr.motocrossmag.be\/wp-content\/uploads\/2017\/06\/HVA-2018-Enduro-TX-125-MY18-150x150.jpg\" class=\"attachment-thumbnail size-thumbnail\" alt=\"\" srcset=\"https:\/\/fr.motocrossmag.be\/wp-content\/uploads\/2017\/06\/HVA-2018-Enduro-TX-125-MY18-150x150.jpg 150w, https:\/\/fr.motocrossmag.be\/wp-content\/uploads\/2017\/06\/HVA-2018-Enduro-TX-125-MY18-50x50.jpg 50w\" sizes=\"(max-width: 150px) 100vw, 150px\" \/><\/a>\n\t\t\t<\/div><\/figure>\n\t\t<\/div>\n\n","protected":false},"excerpt":{"rendered":"<p>Husqvarna pr\u00e9sente en ce moment \u00e0 la presse internationale sa gamme enduro 2018. Des machines \u00e0 la pointe de la technologie qui h\u00e9ritent de moteurs deux-temps aliment\u00e9s par injection \u00e9lectronique et font entrer de la sorte l&rsquo;enduro moderne dans une nouvelle \u00e8re. Christophe Bertrand est au Canada pour tester pour nous le dernier mill\u00e9sime de [&hellip;]<\/p>\n","protected":false},"author":932,"featured_media":60950,"comment_status":"open","ping_status":"closed","sticky":false,"template":"","format":"standard","meta":{"tdm_status":"","tdm_grid_status":"","footnotes":""},"categories":[54,32,33,55,61,65],"tags":[],"class_list":["post-60930","post","type-post","status-publish","format-standard","has-post-thumbnail","category-actualite","category-enduro","category-news-enduro","category-news-actualite","category-shopping","category-slideshow"],"yoast_head":"<!-- This site is optimized with the Yoast SEO plugin v28.4 - https:\/\/yoast.com\/product\/yoast-seo-wordpress\/ -->\n<title>Photos : les Husqvarna enduro 2018 - Motocross - Enduro - Supermoto | MotocrossMag<\/title>\n<meta name=\"robots\" content=\"index, follow, max-snippet:-1, max-image-preview:large, max-video-preview:-1\" \/>\n<link rel=\"canonical\" href=\"https:\/\/fr.motocrossmag.be\/index.php\/2017\/06\/photos-les-husqvarna-enduro-2018\/\" \/>\n<meta property=\"og:locale\" content=\"fr_FR\" \/>\n<meta property=\"og:type\" content=\"article\" \/>\n<meta property=\"og:title\" content=\"Photos : les Husqvarna enduro 2018 - Motocross - Enduro - Supermoto | MotocrossMag\" \/>\n<meta property=\"og:description\" content=\"Husqvarna pr\u00e9sente en ce moment \u00e0 la presse internationale sa gamme enduro 2018. Des machines \u00e0 la pointe de la technologie qui h\u00e9ritent de moteurs deux-temps aliment\u00e9s par injection \u00e9lectronique et font entrer de la sorte l&rsquo;enduro moderne dans une nouvelle \u00e8re. Christophe Bertrand est au Canada pour tester pour nous le dernier mill\u00e9sime de [&hellip;]\" \/>\n<meta property=\"og:url\" content=\"https:\/\/fr.motocrossmag.be\/index.php\/2017\/06\/photos-les-husqvarna-enduro-2018\/\" \/>\n<meta property=\"og:site_name\" content=\"Motocross - Enduro - Supermoto | MotocrossMag\" \/>\n<meta property=\"article:published_time\" content=\"2017-06-27T09:15:14+00:00\" \/>\n<meta property=\"og:image\" content=\"https:\/\/fr.motocrossmag.be\/wp-content\/uploads\/2017\/06\/HVA-2018-Enduro-TE-250i-MY18-Action-2.jpg\" \/>\n\t<meta property=\"og:image:width\" content=\"1200\" \/>\n\t<meta property=\"og:image:height\" content=\"800\" \/>\n\t<meta property=\"og:image:type\" content=\"image\/jpeg\" \/>\n<meta name=\"author\" content=\"oliviere\" \/>\n<meta name=\"twitter:card\" content=\"summary_large_image\" \/>\n<meta name=\"twitter:label1\" content=\"\u00c9crit par\" \/>\n\t<meta name=\"twitter:data1\" content=\"oliviere\" \/>\n<script type=\"application\/ld+json\" class=\"yoast-schema-graph\">{\"@context\":\"https:\\\/\\\/schema.org\",\"@graph\":[{\"@type\":\"Article\",\"@id\":\"https:\\\/\\\/fr.motocrossmag.be\\\/index.php\\\/2017\\\/06\\\/photos-les-husqvarna-enduro-2018\\\/#article\",\"isPartOf\":{\"@id\":\"https:\\\/\\\/fr.motocrossmag.be\\\/index.php\\\/2017\\\/06\\\/photos-les-husqvarna-enduro-2018\\\/\"},\"author\":{\"name\":\"oliviere\",\"@id\":\"https:\\\/\\\/fr.motocrossmag.be\\\/#\\\/schema\\\/person\\\/11b47143d9f755babca2c9110e03235c\"},\"headline\":\"Photos : les Husqvarna enduro 2018\",\"datePublished\":\"2017-06-27T09:15:14+00:00\",\"mainEntityOfPage\":{\"@id\":\"https:\\\/\\\/fr.motocrossmag.be\\\/index.php\\\/2017\\\/06\\\/photos-les-husqvarna-enduro-2018\\\/\"},\"wordCount\":86,\"commentCount\":0,\"image\":{\"@id\":\"https:\\\/\\\/fr.motocrossmag.be\\\/index.php\\\/2017\\\/06\\\/photos-les-husqvarna-enduro-2018\\\/#primaryimage\"},\"thumbnailUrl\":\"https:\\\/\\\/fr.motocrossmag.be\\\/wp-content\\\/uploads\\\/2017\\\/06\\\/HVA-2018-Enduro-TE-250i-MY18-Action-2.jpg\",\"articleSection\":[\"Actualit\u00e9\",\"Enduro\",\"News\",\"News\",\"Produits\",\"Slideshow\"],\"inLanguage\":\"fr-FR\",\"potentialAction\":[{\"@type\":\"CommentAction\",\"name\":\"Comment\",\"target\":[\"https:\\\/\\\/fr.motocrossmag.be\\\/index.php\\\/2017\\\/06\\\/photos-les-husqvarna-enduro-2018\\\/#respond\"]}]},{\"@type\":\"WebPage\",\"@id\":\"https:\\\/\\\/fr.motocrossmag.be\\\/index.php\\\/2017\\\/06\\\/photos-les-husqvarna-enduro-2018\\\/\",\"url\":\"https:\\\/\\\/fr.motocrossmag.be\\\/index.php\\\/2017\\\/06\\\/photos-les-husqvarna-enduro-2018\\\/\",\"name\":\"Photos : les Husqvarna enduro 2018 - Motocross - Enduro - Supermoto | MotocrossMag\",\"isPartOf\":{\"@id\":\"https:\\\/\\\/fr.motocrossmag.be\\\/#website\"},\"primaryImageOfPage\":{\"@id\":\"https:\\\/\\\/fr.motocrossmag.be\\\/index.php\\\/2017\\\/06\\\/photos-les-husqvarna-enduro-2018\\\/#primaryimage\"},\"image\":{\"@id\":\"https:\\\/\\\/fr.motocrossmag.be\\\/index.php\\\/2017\\\/06\\\/photos-les-husqvarna-enduro-2018\\\/#primaryimage\"},\"thumbnailUrl\":\"https:\\\/\\\/fr.motocrossmag.be\\\/wp-content\\\/uploads\\\/2017\\\/06\\\/HVA-2018-Enduro-TE-250i-MY18-Action-2.jpg\",\"datePublished\":\"2017-06-27T09:15:14+00:00\",\"author\":{\"@id\":\"https:\\\/\\\/fr.motocrossmag.be\\\/#\\\/schema\\\/person\\\/11b47143d9f755babca2c9110e03235c\"},\"breadcrumb\":{\"@id\":\"https:\\\/\\\/fr.motocrossmag.be\\\/index.php\\\/2017\\\/06\\\/photos-les-husqvarna-enduro-2018\\\/#breadcrumb\"},\"inLanguage\":\"fr-FR\",\"potentialAction\":[{\"@type\":\"ReadAction\",\"target\":[\"https:\\\/\\\/fr.motocrossmag.be\\\/index.php\\\/2017\\\/06\\\/photos-les-husqvarna-enduro-2018\\\/\"]}]},{\"@type\":\"ImageObject\",\"inLanguage\":\"fr-FR\",\"@id\":\"https:\\\/\\\/fr.motocrossmag.be\\\/index.php\\\/2017\\\/06\\\/photos-les-husqvarna-enduro-2018\\\/#primaryimage\",\"url\":\"https:\\\/\\\/fr.motocrossmag.be\\\/wp-content\\\/uploads\\\/2017\\\/06\\\/HVA-2018-Enduro-TE-250i-MY18-Action-2.jpg\",\"contentUrl\":\"https:\\\/\\\/fr.motocrossmag.be\\\/wp-content\\\/uploads\\\/2017\\\/06\\\/HVA-2018-Enduro-TE-250i-MY18-Action-2.jpg\",\"width\":1200,\"height\":800},{\"@type\":\"BreadcrumbList\",\"@id\":\"https:\\\/\\\/fr.motocrossmag.be\\\/index.php\\\/2017\\\/06\\\/photos-les-husqvarna-enduro-2018\\\/#breadcrumb\",\"itemListElement\":[{\"@type\":\"ListItem\",\"position\":1,\"name\":\"Accueil\",\"item\":\"https:\\\/\\\/fr.motocrossmag.be\\\/\"},{\"@type\":\"ListItem\",\"position\":2,\"name\":\"Photos : les Husqvarna enduro 2018\"}]},{\"@type\":\"WebSite\",\"@id\":\"https:\\\/\\\/fr.motocrossmag.be\\\/#website\",\"url\":\"https:\\\/\\\/fr.motocrossmag.be\\\/\",\"name\":\"Motocross - Enduro - Supermoto | MotocrossMag\",\"description\":\"L&#039;actualit\u00e9 du motocross, de l&#039;enduro et du Supermoto en ligne!\",\"potentialAction\":[{\"@type\":\"SearchAction\",\"target\":{\"@type\":\"EntryPoint\",\"urlTemplate\":\"https:\\\/\\\/fr.motocrossmag.be\\\/?s={search_term_string}\"},\"query-input\":{\"@type\":\"PropertyValueSpecification\",\"valueRequired\":true,\"valueName\":\"search_term_string\"}}],\"inLanguage\":\"fr-FR\"},{\"@type\":\"Person\",\"@id\":\"https:\\\/\\\/fr.motocrossmag.be\\\/#\\\/schema\\\/person\\\/11b47143d9f755babca2c9110e03235c\",\"name\":\"oliviere\",\"image\":{\"@type\":\"ImageObject\",\"inLanguage\":\"fr-FR\",\"@id\":\"https:\\\/\\\/secure.gravatar.com\\\/avatar\\\/907069e0b81d119452040469e4a7501da1100f54f7f80180ce77bfab718288f6?s=96&d=mm&r=g\",\"url\":\"https:\\\/\\\/secure.gravatar.com\\\/avatar\\\/907069e0b81d119452040469e4a7501da1100f54f7f80180ce77bfab718288f6?s=96&d=mm&r=g\",\"contentUrl\":\"https:\\\/\\\/secure.gravatar.com\\\/avatar\\\/907069e0b81d119452040469e4a7501da1100f54f7f80180ce77bfab718288f6?s=96&d=mm&r=g\",\"caption\":\"oliviere\"},\"sameAs\":[\"http:\\\/\\\/www.motocrossmag.be\"],\"url\":\"https:\\\/\\\/fr.motocrossmag.be\\\/index.php\\\/author\\\/oliviere\\\/\"}]}<\/script>\n<!-- \/ Yoast SEO plugin. -->","yoast_head_json":{"title":"Photos : les Husqvarna enduro 2018 - Motocross - Enduro - Supermoto | MotocrossMag","robots":{"index":"index","follow":"follow","max-snippet":"max-snippet:-1","max-image-preview":"max-image-preview:large","max-video-preview":"max-video-preview:-1"},"canonical":"https:\/\/fr.motocrossmag.be\/index.php\/2017\/06\/photos-les-husqvarna-enduro-2018\/","og_locale":"fr_FR","og_type":"article","og_title":"Photos : les Husqvarna enduro 2018 - Motocross - Enduro - Supermoto | MotocrossMag","og_description":"Husqvarna pr\u00e9sente en ce moment \u00e0 la presse internationale sa gamme enduro 2018. Des machines \u00e0 la pointe de la technologie qui h\u00e9ritent de moteurs deux-temps aliment\u00e9s par injection \u00e9lectronique et font entrer de la sorte l&rsquo;enduro moderne dans une nouvelle \u00e8re. Christophe Bertrand est au Canada pour tester pour nous le dernier mill\u00e9sime de [&hellip;]","og_url":"https:\/\/fr.motocrossmag.be\/index.php\/2017\/06\/photos-les-husqvarna-enduro-2018\/","og_site_name":"Motocross - Enduro - Supermoto | MotocrossMag","article_published_time":"2017-06-27T09:15:14+00:00","og_image":[{"width":1200,"height":800,"url":"https:\/\/fr.motocrossmag.be\/wp-content\/uploads\/2017\/06\/HVA-2018-Enduro-TE-250i-MY18-Action-2.jpg","type":"image\/jpeg"}],"author":"oliviere","twitter_card":"summary_large_image","twitter_misc":{"\u00c9crit par":"oliviere"},"schema":{"@context":"https:\/\/schema.org","@graph":[{"@type":"Article","@id":"https:\/\/fr.motocrossmag.be\/index.php\/2017\/06\/photos-les-husqvarna-enduro-2018\/#article","isPartOf":{"@id":"https:\/\/fr.motocrossmag.be\/index.php\/2017\/06\/photos-les-husqvarna-enduro-2018\/"},"author":{"name":"oliviere","@id":"https:\/\/fr.motocrossmag.be\/#\/schema\/person\/11b47143d9f755babca2c9110e03235c"},"headline":"Photos : les Husqvarna enduro 2018","datePublished":"2017-06-27T09:15:14+00:00","mainEntityOfPage":{"@id":"https:\/\/fr.motocrossmag.be\/index.php\/2017\/06\/photos-les-husqvarna-enduro-2018\/"},"wordCount":86,"commentCount":0,"image":{"@id":"https:\/\/fr.motocrossmag.be\/index.php\/2017\/06\/photos-les-husqvarna-enduro-2018\/#primaryimage"},"thumbnailUrl":"https:\/\/fr.motocrossmag.be\/wp-content\/uploads\/2017\/06\/HVA-2018-Enduro-TE-250i-MY18-Action-2.jpg","articleSection":["Actualit\u00e9","Enduro","News","News","Produits","Slideshow"],"inLanguage":"fr-FR","potentialAction":[{"@type":"CommentAction","name":"Comment","target":["https:\/\/fr.motocrossmag.be\/index.php\/2017\/06\/photos-les-husqvarna-enduro-2018\/#respond"]}]},{"@type":"WebPage","@id":"https:\/\/fr.motocrossmag.be\/index.php\/2017\/06\/photos-les-husqvarna-enduro-2018\/","url":"https:\/\/fr.motocrossmag.be\/index.php\/2017\/06\/photos-les-husqvarna-enduro-2018\/","name":"Photos : les Husqvarna enduro 2018 - Motocross - Enduro - Supermoto | MotocrossMag","isPartOf":{"@id":"https:\/\/fr.motocrossmag.be\/#website"},"primaryImageOfPage":{"@id":"https:\/\/fr.motocrossmag.be\/index.php\/2017\/06\/photos-les-husqvarna-enduro-2018\/#primaryimage"},"image":{"@id":"https:\/\/fr.motocrossmag.be\/index.php\/2017\/06\/photos-les-husqvarna-enduro-2018\/#primaryimage"},"thumbnailUrl":"https:\/\/fr.motocrossmag.be\/wp-content\/uploads\/2017\/06\/HVA-2018-Enduro-TE-250i-MY18-Action-2.jpg","datePublished":"2017-06-27T09:15:14+00:00","author":{"@id":"https:\/\/fr.motocrossmag.be\/#\/schema\/person\/11b47143d9f755babca2c9110e03235c"},"breadcrumb":{"@id":"https:\/\/fr.motocrossmag.be\/index.php\/2017\/06\/photos-les-husqvarna-enduro-2018\/#breadcrumb"},"inLanguage":"fr-FR","potentialAction":[{"@type":"ReadAction","target":["https:\/\/fr.motocrossmag.be\/index.php\/2017\/06\/photos-les-husqvarna-enduro-2018\/"]}]},{"@type":"ImageObject","inLanguage":"fr-FR","@id":"https:\/\/fr.motocrossmag.be\/index.php\/2017\/06\/photos-les-husqvarna-enduro-2018\/#primaryimage","url":"https:\/\/fr.motocrossmag.be\/wp-content\/uploads\/2017\/06\/HVA-2018-Enduro-TE-250i-MY18-Action-2.jpg","contentUrl":"https:\/\/fr.motocrossmag.be\/wp-content\/uploads\/2017\/06\/HVA-2018-Enduro-TE-250i-MY18-Action-2.jpg","width":1200,"height":800},{"@type":"BreadcrumbList","@id":"https:\/\/fr.motocrossmag.be\/index.php\/2017\/06\/photos-les-husqvarna-enduro-2018\/#breadcrumb","itemListElement":[{"@type":"ListItem","position":1,"name":"Accueil","item":"https:\/\/fr.motocrossmag.be\/"},{"@type":"ListItem","position":2,"name":"Photos : les Husqvarna enduro 2018"}]},{"@type":"WebSite","@id":"https:\/\/fr.motocrossmag.be\/#website","url":"https:\/\/fr.motocrossmag.be\/","name":"Motocross - Enduro - Supermoto | MotocrossMag","description":"L&#039;actualit\u00e9 du motocross, de l&#039;enduro et du Supermoto en ligne!","potentialAction":[{"@type":"SearchAction","target":{"@type":"EntryPoint","urlTemplate":"https:\/\/fr.motocrossmag.be\/?s={search_term_string}"},"query-input":{"@type":"PropertyValueSpecification","valueRequired":true,"valueName":"search_term_string"}}],"inLanguage":"fr-FR"},{"@type":"Person","@id":"https:\/\/fr.motocrossmag.be\/#\/schema\/person\/11b47143d9f755babca2c9110e03235c","name":"oliviere","image":{"@type":"ImageObject","inLanguage":"fr-FR","@id":"https:\/\/secure.gravatar.com\/avatar\/907069e0b81d119452040469e4a7501da1100f54f7f80180ce77bfab718288f6?s=96&d=mm&r=g","url":"https:\/\/secure.gravatar.com\/avatar\/907069e0b81d119452040469e4a7501da1100f54f7f80180ce77bfab718288f6?s=96&d=mm&r=g","contentUrl":"https:\/\/secure.gravatar.com\/avatar\/907069e0b81d119452040469e4a7501da1100f54f7f80180ce77bfab718288f6?s=96&d=mm&r=g","caption":"oliviere"},"sameAs":["http:\/\/www.motocrossmag.be"],"url":"https:\/\/fr.motocrossmag.be\/index.php\/author\/oliviere\/"}]}},"_links":{"self":[{"href":"https:\/\/fr.motocrossmag.be\/index.php\/wp-json\/wp\/v2\/posts\/60930","targetHints":{"allow":["GET"]}}],"collection":[{"href":"https:\/\/fr.motocrossmag.be\/index.php\/wp-json\/wp\/v2\/posts"}],"about":[{"href":"https:\/\/fr.motocrossmag.be\/index.php\/wp-json\/wp\/v2\/types\/post"}],"author":[{"embeddable":true,"href":"https:\/\/fr.motocrossmag.be\/index.php\/wp-json\/wp\/v2\/users\/932"}],"replies":[{"embeddable":true,"href":"https:\/\/fr.motocrossmag.be\/index.php\/wp-json\/wp\/v2\/comments?post=60930"}],"version-history":[{"count":1,"href":"https:\/\/fr.motocrossmag.be\/index.php\/wp-json\/wp\/v2\/posts\/60930\/revisions"}],"predecessor-version":[{"id":60964,"href":"https:\/\/fr.motocrossmag.be\/index.php\/wp-json\/wp\/v2\/posts\/60930\/revisions\/60964"}],"wp:featuredmedia":[{"embeddable":true,"href":"https:\/\/fr.motocrossmag.be\/index.php\/wp-json\/wp\/v2\/media\/60950"}],"wp:attachment":[{"href":"https:\/\/fr.motocrossmag.be\/index.php\/wp-json\/wp\/v2\/media?parent=60930"}],"wp:term":[{"taxonomy":"category","embeddable":true,"href":"https:\/\/fr.motocrossmag.be\/index.php\/wp-json\/wp\/v2\/categories?post=60930"},{"taxonomy":"post_tag","embeddable":true,"href":"https:\/\/fr.motocrossmag.be\/index.php\/wp-json\/wp\/v2\/tags?post=60930"}],"curies":[{"name":"wp","href":"https:\/\/api.w.org\/{rel}","templated":true}]}}