{"id":61391,"date":"2017-07-10T10:47:05","date_gmt":"2017-07-10T08:47:05","guid":{"rendered":"http:\/\/fr.motocrossmag.be\/?p=61391"},"modified":"2017-07-10T10:47:05","modified_gmt":"2017-07-10T08:47:05","slug":"cedric-cremer-et-antoine-magain-dominent-lenduro-sprint-de-chimay","status":"publish","type":"post","link":"https:\/\/fr.motocrossmag.be\/index.php\/2017\/07\/cedric-cremer-et-antoine-magain-dominent-lenduro-sprint-de-chimay\/","title":{"rendered":"C\u00e9dric Cremer et Antoine Magain dominent l&rsquo;enduro-sprint de Chimay"},"content":{"rendered":"<p><strong>Une semaine apr\u00e8s avoir remport\u00e9 sa premi\u00e8re victoire de la saison sous la pluie de Lierneux, C\u00e9dric Cremer a poursuivi sur sa lanc\u00e9e ce dimanche en remportant l&rsquo;enduro-sprint de Chimay. Domin\u00e9 par C\u00e9dric Melotte durant le d\u00e9but de saison, l&rsquo;officiel KTM se relance dans la course au titre en reprenant en une seule fois pas moins de 7 points au Namurois. Quatri\u00e8me \u00e0 Chimay, Melotte ne compte plus d\u00e9sormais que 2 points d&rsquo;avance au classement provisoire.<\/strong><\/p>\n<p>Cette victoire, C\u00e9dric Cremer est all\u00e9 la chercher en toute fin de journ\u00e9e face \u00e0 un Antoine Magain tr\u00e8s rapide. Le pilote Yamaha Zone Rouge, fort de l&rsquo;exp\u00e9rience acquise sur le championnat du monde junior, a domin\u00e9 pratiquement toute la journ\u00e9e avant de devoir baisser pavillon face au champion de Belgique en titre. A pr\u00e8s de 40 secondes, c&rsquo;est Jean-Fran\u00e7ois Goblet qui compl\u00e8te le podium du jour, laissant Melotte se contenter de la 4\u00e8me place devant Kevin Gauniaux et Ga\u00ebtan Minique.<\/p>\n<p>Chez les Espoirs, on notera la victoire du \u00ab\u00a0rookie\u00a0\u00bb Boris Mazzoni. Le bastognard impose sa petite TM 125cc devant Marvin Bertholet et Mathias Mathon.<\/p>\n<p>&nbsp;<\/p>\n<p><span style=\"color: #800000;\"><strong>R\u00e9sultats<\/strong><\/span><\/p>\n<p>INTERS<\/p>\n<p>1 . CREMER C\u00c9DRIC KTM 1:53:13.67 ; 2 . MAGAIN ANTOINE YAMAHA +00:01.05 ; 3 . GOBLET JEAN-FRAN\u00c7OIS HUSQVARNA +00:39.71 ; 4 . MELOTTE C\u00c9DRIC YAMAHA +01:37.00 ; 5 . GAUNIAUX KEVIN KTM +02:14.29 ; 6 . MINIQUE GA\u00cbTAN SHERCO +02:55.86 ; 7 . MARTINY J\u00c9R\u00d4ME HUSQVARNA +03:13.81 ; 8 . VANHOENACKER DIMITRI KTM +03:27.95 ; 9 . TRIEST NICK BETA +03:33.68 ; 10 . CAMBRE JILANI HVA +04:22.12 ; 11 . VANOEVELEN MATTHEW YAMAHA +04:24.76 ; 12 . WANSART THIERRY KTM +05:03.71 ; 13 . LELOUP ANDREW KTM +05:15.32 ; 14 . WAUTHIER DAMIEN KTM +06:20.07 ; 15 . MONFORT QUENTIN HUSQVARNA +07:03.55 ; 16 . VANDERHEYDEN WIM HVA +07:10.85 ; 17 . HERINNE J\u00c9R\u00c9MY TM +07:19.07 ; 18 . LILLO GAUTHIER HUSQVARNA +07:25.71 ; 19 . DESPRECHINS ARNO +10:19.10 ; 20 . CHARLIER NICOLAS YAMAHA +10:30.27 ; 21 . WOUTERS ANDREE +15:57.62 ; 22 . RORIVE MAXIME YAMAHA +16:34.94 ; 23 . JANSEN MIKE +20:04.00<\/p>\n<p>ESPOIRS<\/p>\n<p>1 . MAZZONI BORIS TM 1:43:03.83 ; 2 . BERTHOLET MARVIN HUSQVARNA +01:47.58 ; 3 . MATHON MATHIAS KTM +02:21.38 ; 4 . URBANY GEOFFREY HUSQVARNA +02:53.07 ; 5 . DE SCHAEPMEESTER JARNE KTM +03:05.31 ; 6 . ROBERT STEVE KTM +05:33.51 ; 7 . GILSON ADRIEN YAMAHA +08:37.29 ; 8 . DEMARBAIX FRAN\u00c7OIS YAMAHA +09:16.05 ; 9 . ROBERT MIKE KTM +09:59.64 ; 10 . COLLIN ARTHUR HUSQVARNA +10:50.90 ; 11 . VINKEN THIBAULT KTM +11:04.02 ; 12 . VINKEN QUENTIN KTM +12:18.73 ; 13 . DE MOOR EDOUARD +13:43.54 ; 14 . ODY AYMERIC KTM +14:37.24 ; 15 . GROOTEN BERTRAND +22:40.39 ; 16 . LESUR MARTIN HUSQVARNA +23:21.68<\/p>\n<p>NATIONAUX<\/p>\n<p>1 . QUODBACH EMILE HUSQVARNA 1:43:58.29 ; 2 . STRUYVEN THIBAUT HUSQVARNA +02:27.47 ; 3 . JADOUILLE S\u00c9BASTIEN BETA +02:41.39 ; 4 . SMAL THOMAS HUSQVARNA +02:59.21 ; 5 . CZOKOW ANDR\u00c9 YAMAHA +03:26.84 ; 6 . VANMARCKE OLIVIER SHERCO +04:31.24 ; 7 . VAN DUN STEVEN HVA +04:42.34 ; 8 . SIMAR NICOLAS +04:57.01 ; 9 . ALLARD ARNAUD HUSQVARNA +05:25.86 ; 10 . GAILLARD STEVE HUSQVARNA +05:28.84 ; 11 . TOURNAY LUCIEN HUSQVARNA +05:44.28 ; 12 . BAELEMANS KIM +07:39.85 ; 13 . HALLET JEAN-FRAN\u00c7OIS HUSQVARNA +08:05.62 ; 14 . CHARALABIDIS FABRIZIO KTM +09:56.61 ; 15 . VLEGELS LAURENT HUSQVARNA +10:04.36 ; 16 . MINNE CEDRIC HVA +10:50.18 ; 17 . PECORELLA LIONEL KTM +12:28.78 ; 18 . MAURITS ENTING +18:17.37 ; 19 . SIMONET QUENTIN +23:41.31<\/p>\n<p>GENTLEMEN<\/p>\n<p>1 . BAILLEUX BERTRAND HUSQVARNA 1:44:43.27 ; 2 . CUVELIER DAVID KTM +00:35.05 ; 3 . FRASELLE J\u00c9R\u00c9MIE KTM +01:16.86 ; 4 . DERMINE ARNAUD +05:43.63 ; 5 . SCHEPENS PETER SHERCO +06:44.61 ; 6 . PERSYN OLIVIER +08:07.28 ; 7 . WOLTING ERWIN +08:07.74 ; 8 . GRONLAG BRAM +08:16.02 ; 9 . NICOLAS CHRISTOPHE +08:29.69 ; 10 . VANGENECHTEN IVAN HUSQVARNA +08:50.33 ; 11 . VERBRUGGHE JEF HUSQVARNA +11:14.56 ; 12 . JOYEUX VINCENT +14:42.25 ; 13 . BIERENS DAVY HUSQVARNA +14:50.69 ; 14 . DE VINCK MICHEL HUSQVARNA +21:20.15 ; 15 . BOURBON FRANK HUSQVARNA +22:30.42<\/p>\n<p>EXPERTS<\/p>\n<p>1 . MELARD JOSEPH KTM 1:49:28.34 ; 2 . MONFORT BRUNO YAMAHA +00:09.67 ; 3 . SCHEEN PIERRE HUSQVARNA +01:14.36 ; 4 . SLUSE VINCENT HUSQVARNA +01:24.18 ; 5 . OLISLAGERS ST\u00c9PHANE HUSQVARNA +03:32.90 ; 6 . ROBERT JEAN-MICHEL KTM +05:31.34 ; 7 . LAMBOIS JACKY KTM +06:24.24 ; 8 . NICOLAY FR\u00c9D\u00c9RIC TM +11:55.38 ; 9 . DE KEERSMAECKER BRUNO SHERCO +12:37.39 ; 10 . LIJNEN AUGUST HVA +13:11.97 ; 11 . GOOSSENS J\u00dcRGEN SHERCO +13:56.66 ; 12 . MENSEN ROBERT HVA +20:38.51 ; 13 . DUMONT Philippe +24:45.14<\/p>\n<p>JUNIORS<\/p>\n<p>1 . CHAMPENOIS SAMUEL HUSQVARNA 1:49:08.59 ; 2 . ANDREOLLI JEREMY +00:32.00 ; 3 . VERSTRAELEN RAF HVA +02:21.18 ; 4 . PETERS GARY KTM +02:47.74 ; 5 . DUMONT FR\u00c9D\u00c9RIC KTM +03:43.92 ; 6 . POTVIN CAMILLE KTM +05:51.61 ; 7 . PERIGNON GUY YAMAHA +05:53.93 ; 8 . FOHAL ROMAIN KTM +06:26.37 ; 9 . ROMAIN BASTIEN HUSQVARNA +06:54.36 ; 10 . MAYERES JULIEN HONDA +09:22.61 ; 11 . BROU FRANCOIS XAVIER +10:25.39 ; 12 . GOVAERT TIM KTM +10:55.11 ; 13 . PHILIPS HENDRIK KTM +11:11.29 ; 14 . FROMENT PHILIPPE KTM +11:37.72 ; 15 . CALCAGNINI MICHAEL HONDA +12:07.68 ; 16 . NICOLAS LOIC KTM +12:12.48 ; 17 . RALET PIERRE SHERCO +12:57.69 ; 18 . VANDERHEYDEN BIRGER HVA +14:23.20 ; 19 . DEGOUYS YANN +15:17.55 ; 20 . NIQUE OLIVIER KTM +17:27.24 ; 21 . DE BAERDEMAEKER ROBBY TM RACING +17:47.39 ; 22 . MARCOEN KAREL KTM +22:13.91 ; 23 . FALESSE ADELINE KTM +23:25.38 ;<\/p>\n<p>RANDONNEURS<\/p>\n<p>1 . MOUTON FRAN\u00c7OIS KTM 1:27:56.45 ; 2 . MOUTON THOMAS BETA +01:05.81 ; 3 . VLEGELS THOMAS BETA +03:51.24 ; 4 . VERVONDEL THOMAS KTM +05:03.58 ; 5 . VOS SAM HVA +07:08.43 ; 6 . DEFRAEYE BERNARD +07:59.61 ; 7 . VRANCKEN SAM KTM +08:12.17 ; 8 . DENIS TANGUY HUSQVARNA +08:45.65 ; 9 . HECQUET PIERRE HUSQVARNA +09:26.57 ; 10 . CALVO CHRISTOPHE HVA +09:39.65 ; 11 . KLEE PASCAL HUSQVARNA +10:02.21 ; 12 . CRUSENAIRE BENOIT +10:05.58 ; 13 . MOUREAU GILLES KTM +10:23.75 ; 14 . VAN TULDEN KEVIN KTM +11:15.21 ; 15 . DENIS JEROME KTM +11:27.31 ; 16 . TEMMERMAN LUC HUSQVARNA +11:33.69 ; 17 . VYNCKIER THIERRY KTM +13:19.67 ; 18 . SMAL FLORENT KTM +15:17.90 ; 19 . ANDRIES MARC KTM +16:12.15 ; 20 . VANNESTE CHRISTOPHE +16:29.58 ; 21 . LEBRUN ST\u00c9PHANE HUSQVARNA +16:35.95 ; 22 . BROLET MATHIEU KTM +17:18.78 ; 23 . VANSCHAEMELHOUT STIJN TM +18:39.85 ; 24 . EVRARD BENJAMIN YAMAHA +19:47.89 ; 25 . TISSIER STEVE BETA +19:54.87 ; 26 . DECOSSAUX ERIC KTM +20:45.82 ; 27 . NOPERE CHRISTOPHE +20:47.69 ; 28 . DAVE MICHEL KTM +22:32.33 ; 29 . KLEE YOUNG +22:47.90 ; 30 . CARELLA MICHA\u00cbL KTM +30:44.32 ; 31 . ADAMS JOHAN HVA +31:17.23 ; 32 . T SERSTEVENS ROMAIN +52:19.47<\/p>\n<p>GIRLS<\/p>\n<p>1 . WOIT VAL\u00c9RIE KTM 1:51:54.05<\/p>\n","protected":false},"excerpt":{"rendered":"<p>Une semaine apr\u00e8s avoir remport\u00e9 sa premi\u00e8re victoire de la saison sous la pluie de Lierneux, C\u00e9dric Cremer a poursuivi sur sa lanc\u00e9e ce dimanche en remportant l&rsquo;enduro-sprint de Chimay. [&#8230;]<\/p>\n","protected":false},"author":932,"featured_media":60920,"comment_status":"open","ping_status":"closed","sticky":false,"template":"","format":"standard","meta":{"footnotes":""},"categories":[54,32,35,55,65],"tags":[],"class_list":["post-61391","post","type-post","status-publish","format-standard","has-post-thumbnail","hentry","category-actualite","category-enduro","category-fmb-enduro","category-news-actualite","category-slideshow"],"yoast_head":"<!-- This site is optimized with the Yoast SEO plugin v27.4 - https:\/\/yoast.com\/product\/yoast-seo-wordpress\/ -->\n<title>C\u00e9dric Cremer et Antoine Magain dominent l&#039;enduro-sprint de Chimay - Motocross - Enduro - Supermoto | MotocrossMag<\/title>\n<meta name=\"robots\" content=\"index, follow, max-snippet:-1, max-image-preview:large, max-video-preview:-1\" \/>\n<link rel=\"canonical\" href=\"https:\/\/fr.motocrossmag.be\/index.php\/2017\/07\/cedric-cremer-et-antoine-magain-dominent-lenduro-sprint-de-chimay\/\" \/>\n<meta property=\"og:locale\" content=\"fr_FR\" \/>\n<meta property=\"og:type\" content=\"article\" \/>\n<meta property=\"og:title\" content=\"C\u00e9dric Cremer et Antoine Magain dominent l&#039;enduro-sprint de Chimay - Motocross - Enduro - Supermoto | MotocrossMag\" \/>\n<meta property=\"og:description\" content=\"Une semaine apr\u00e8s avoir remport\u00e9 sa premi\u00e8re victoire de la saison sous la pluie de Lierneux, C\u00e9dric Cremer a poursuivi sur sa lanc\u00e9e ce dimanche en remportant l&rsquo;enduro-sprint de Chimay. [...]\" \/>\n<meta property=\"og:url\" content=\"https:\/\/fr.motocrossmag.be\/index.php\/2017\/07\/cedric-cremer-et-antoine-magain-dominent-lenduro-sprint-de-chimay\/\" \/>\n<meta property=\"og:site_name\" content=\"Motocross - Enduro - Supermoto | MotocrossMag\" \/>\n<meta property=\"article:published_time\" content=\"2017-07-10T08:47:05+00:00\" \/>\n<meta property=\"og:image\" content=\"https:\/\/fr.motocrossmag.be\/wp-content\/uploads\/2017\/06\/antoine-magain-portrait-zone-rouge-yamaha.jpg\" \/>\n\t<meta property=\"og:image:width\" content=\"720\" \/>\n\t<meta property=\"og:image:height\" content=\"490\" \/>\n\t<meta property=\"og:image:type\" content=\"image\/jpeg\" \/>\n<meta name=\"author\" content=\"oliviere\" \/>\n<meta name=\"twitter:card\" content=\"summary_large_image\" \/>\n<meta name=\"twitter:label1\" content=\"\u00c9crit par\" \/>\n\t<meta name=\"twitter:data1\" content=\"oliviere\" \/>\n\t<meta name=\"twitter:label2\" content=\"Dur\u00e9e de lecture estim\u00e9e\" \/>\n\t<meta name=\"twitter:data2\" content=\"3 minutes\" \/>\n<script type=\"application\/ld+json\" class=\"yoast-schema-graph\">{\"@context\":\"https:\\\/\\\/schema.org\",\"@graph\":[{\"@type\":\"Article\",\"@id\":\"https:\\\/\\\/fr.motocrossmag.be\\\/index.php\\\/2017\\\/07\\\/cedric-cremer-et-antoine-magain-dominent-lenduro-sprint-de-chimay\\\/#article\",\"isPartOf\":{\"@id\":\"https:\\\/\\\/fr.motocrossmag.be\\\/index.php\\\/2017\\\/07\\\/cedric-cremer-et-antoine-magain-dominent-lenduro-sprint-de-chimay\\\/\"},\"author\":{\"name\":\"oliviere\",\"@id\":\"https:\\\/\\\/fr.motocrossmag.be\\\/#\\\/schema\\\/person\\\/11b47143d9f755babca2c9110e03235c\"},\"headline\":\"C\u00e9dric Cremer et Antoine Magain dominent l&rsquo;enduro-sprint de Chimay\",\"datePublished\":\"2017-07-10T08:47:05+00:00\",\"mainEntityOfPage\":{\"@id\":\"https:\\\/\\\/fr.motocrossmag.be\\\/index.php\\\/2017\\\/07\\\/cedric-cremer-et-antoine-magain-dominent-lenduro-sprint-de-chimay\\\/\"},\"wordCount\":654,\"commentCount\":0,\"image\":{\"@id\":\"https:\\\/\\\/fr.motocrossmag.be\\\/index.php\\\/2017\\\/07\\\/cedric-cremer-et-antoine-magain-dominent-lenduro-sprint-de-chimay\\\/#primaryimage\"},\"thumbnailUrl\":\"https:\\\/\\\/fr.motocrossmag.be\\\/wp-content\\\/uploads\\\/2017\\\/06\\\/antoine-magain-portrait-zone-rouge-yamaha.jpg\",\"articleSection\":[\"Actualit\u00e9\",\"Enduro\",\"FMB\",\"News\",\"Slideshow\"],\"inLanguage\":\"fr-FR\",\"potentialAction\":[{\"@type\":\"CommentAction\",\"name\":\"Comment\",\"target\":[\"https:\\\/\\\/fr.motocrossmag.be\\\/index.php\\\/2017\\\/07\\\/cedric-cremer-et-antoine-magain-dominent-lenduro-sprint-de-chimay\\\/#respond\"]}]},{\"@type\":\"WebPage\",\"@id\":\"https:\\\/\\\/fr.motocrossmag.be\\\/index.php\\\/2017\\\/07\\\/cedric-cremer-et-antoine-magain-dominent-lenduro-sprint-de-chimay\\\/\",\"url\":\"https:\\\/\\\/fr.motocrossmag.be\\\/index.php\\\/2017\\\/07\\\/cedric-cremer-et-antoine-magain-dominent-lenduro-sprint-de-chimay\\\/\",\"name\":\"C\u00e9dric Cremer et Antoine Magain dominent l'enduro-sprint de Chimay - Motocross - Enduro - Supermoto | MotocrossMag\",\"isPartOf\":{\"@id\":\"https:\\\/\\\/fr.motocrossmag.be\\\/#website\"},\"primaryImageOfPage\":{\"@id\":\"https:\\\/\\\/fr.motocrossmag.be\\\/index.php\\\/2017\\\/07\\\/cedric-cremer-et-antoine-magain-dominent-lenduro-sprint-de-chimay\\\/#primaryimage\"},\"image\":{\"@id\":\"https:\\\/\\\/fr.motocrossmag.be\\\/index.php\\\/2017\\\/07\\\/cedric-cremer-et-antoine-magain-dominent-lenduro-sprint-de-chimay\\\/#primaryimage\"},\"thumbnailUrl\":\"https:\\\/\\\/fr.motocrossmag.be\\\/wp-content\\\/uploads\\\/2017\\\/06\\\/antoine-magain-portrait-zone-rouge-yamaha.jpg\",\"datePublished\":\"2017-07-10T08:47:05+00:00\",\"author\":{\"@id\":\"https:\\\/\\\/fr.motocrossmag.be\\\/#\\\/schema\\\/person\\\/11b47143d9f755babca2c9110e03235c\"},\"breadcrumb\":{\"@id\":\"https:\\\/\\\/fr.motocrossmag.be\\\/index.php\\\/2017\\\/07\\\/cedric-cremer-et-antoine-magain-dominent-lenduro-sprint-de-chimay\\\/#breadcrumb\"},\"inLanguage\":\"fr-FR\",\"potentialAction\":[{\"@type\":\"ReadAction\",\"target\":[\"https:\\\/\\\/fr.motocrossmag.be\\\/index.php\\\/2017\\\/07\\\/cedric-cremer-et-antoine-magain-dominent-lenduro-sprint-de-chimay\\\/\"]}]},{\"@type\":\"ImageObject\",\"inLanguage\":\"fr-FR\",\"@id\":\"https:\\\/\\\/fr.motocrossmag.be\\\/index.php\\\/2017\\\/07\\\/cedric-cremer-et-antoine-magain-dominent-lenduro-sprint-de-chimay\\\/#primaryimage\",\"url\":\"https:\\\/\\\/fr.motocrossmag.be\\\/wp-content\\\/uploads\\\/2017\\\/06\\\/antoine-magain-portrait-zone-rouge-yamaha.jpg\",\"contentUrl\":\"https:\\\/\\\/fr.motocrossmag.be\\\/wp-content\\\/uploads\\\/2017\\\/06\\\/antoine-magain-portrait-zone-rouge-yamaha.jpg\",\"width\":720,\"height\":490},{\"@type\":\"BreadcrumbList\",\"@id\":\"https:\\\/\\\/fr.motocrossmag.be\\\/index.php\\\/2017\\\/07\\\/cedric-cremer-et-antoine-magain-dominent-lenduro-sprint-de-chimay\\\/#breadcrumb\",\"itemListElement\":[{\"@type\":\"ListItem\",\"position\":1,\"name\":\"Accueil\",\"item\":\"https:\\\/\\\/fr.motocrossmag.be\\\/\"},{\"@type\":\"ListItem\",\"position\":2,\"name\":\"C\u00e9dric Cremer et Antoine Magain dominent l&rsquo;enduro-sprint de Chimay\"}]},{\"@type\":\"WebSite\",\"@id\":\"https:\\\/\\\/fr.motocrossmag.be\\\/#website\",\"url\":\"https:\\\/\\\/fr.motocrossmag.be\\\/\",\"name\":\"Motocross - Enduro - Supermoto | MotocrossMag\",\"description\":\"L&#039;actualit\u00e9 du motocross, de l&#039;enduro et du Supermoto en ligne!\",\"potentialAction\":[{\"@type\":\"SearchAction\",\"target\":{\"@type\":\"EntryPoint\",\"urlTemplate\":\"https:\\\/\\\/fr.motocrossmag.be\\\/?s={search_term_string}\"},\"query-input\":{\"@type\":\"PropertyValueSpecification\",\"valueRequired\":true,\"valueName\":\"search_term_string\"}}],\"inLanguage\":\"fr-FR\"},{\"@type\":\"Person\",\"@id\":\"https:\\\/\\\/fr.motocrossmag.be\\\/#\\\/schema\\\/person\\\/11b47143d9f755babca2c9110e03235c\",\"name\":\"oliviere\",\"image\":{\"@type\":\"ImageObject\",\"inLanguage\":\"fr-FR\",\"@id\":\"https:\\\/\\\/secure.gravatar.com\\\/avatar\\\/907069e0b81d119452040469e4a7501da1100f54f7f80180ce77bfab718288f6?s=96&d=mm&r=g\",\"url\":\"https:\\\/\\\/secure.gravatar.com\\\/avatar\\\/907069e0b81d119452040469e4a7501da1100f54f7f80180ce77bfab718288f6?s=96&d=mm&r=g\",\"contentUrl\":\"https:\\\/\\\/secure.gravatar.com\\\/avatar\\\/907069e0b81d119452040469e4a7501da1100f54f7f80180ce77bfab718288f6?s=96&d=mm&r=g\",\"caption\":\"oliviere\"},\"sameAs\":[\"http:\\\/\\\/www.motocrossmag.be\"],\"url\":\"https:\\\/\\\/fr.motocrossmag.be\\\/index.php\\\/author\\\/oliviere\\\/\"}]}<\/script>\n<!-- \/ Yoast SEO plugin. -->","yoast_head_json":{"title":"C\u00e9dric Cremer et Antoine Magain dominent l'enduro-sprint de Chimay - Motocross - Enduro - Supermoto | MotocrossMag","robots":{"index":"index","follow":"follow","max-snippet":"max-snippet:-1","max-image-preview":"max-image-preview:large","max-video-preview":"max-video-preview:-1"},"canonical":"https:\/\/fr.motocrossmag.be\/index.php\/2017\/07\/cedric-cremer-et-antoine-magain-dominent-lenduro-sprint-de-chimay\/","og_locale":"fr_FR","og_type":"article","og_title":"C\u00e9dric Cremer et Antoine Magain dominent l'enduro-sprint de Chimay - Motocross - Enduro - Supermoto | MotocrossMag","og_description":"Une semaine apr\u00e8s avoir remport\u00e9 sa premi\u00e8re victoire de la saison sous la pluie de Lierneux, C\u00e9dric Cremer a poursuivi sur sa lanc\u00e9e ce dimanche en remportant l&rsquo;enduro-sprint de Chimay. [...]","og_url":"https:\/\/fr.motocrossmag.be\/index.php\/2017\/07\/cedric-cremer-et-antoine-magain-dominent-lenduro-sprint-de-chimay\/","og_site_name":"Motocross - Enduro - Supermoto | MotocrossMag","article_published_time":"2017-07-10T08:47:05+00:00","og_image":[{"width":720,"height":490,"url":"https:\/\/fr.motocrossmag.be\/wp-content\/uploads\/2017\/06\/antoine-magain-portrait-zone-rouge-yamaha.jpg","type":"image\/jpeg"}],"author":"oliviere","twitter_card":"summary_large_image","twitter_misc":{"\u00c9crit par":"oliviere","Dur\u00e9e de lecture estim\u00e9e":"3 minutes"},"schema":{"@context":"https:\/\/schema.org","@graph":[{"@type":"Article","@id":"https:\/\/fr.motocrossmag.be\/index.php\/2017\/07\/cedric-cremer-et-antoine-magain-dominent-lenduro-sprint-de-chimay\/#article","isPartOf":{"@id":"https:\/\/fr.motocrossmag.be\/index.php\/2017\/07\/cedric-cremer-et-antoine-magain-dominent-lenduro-sprint-de-chimay\/"},"author":{"name":"oliviere","@id":"https:\/\/fr.motocrossmag.be\/#\/schema\/person\/11b47143d9f755babca2c9110e03235c"},"headline":"C\u00e9dric Cremer et Antoine Magain dominent l&rsquo;enduro-sprint de Chimay","datePublished":"2017-07-10T08:47:05+00:00","mainEntityOfPage":{"@id":"https:\/\/fr.motocrossmag.be\/index.php\/2017\/07\/cedric-cremer-et-antoine-magain-dominent-lenduro-sprint-de-chimay\/"},"wordCount":654,"commentCount":0,"image":{"@id":"https:\/\/fr.motocrossmag.be\/index.php\/2017\/07\/cedric-cremer-et-antoine-magain-dominent-lenduro-sprint-de-chimay\/#primaryimage"},"thumbnailUrl":"https:\/\/fr.motocrossmag.be\/wp-content\/uploads\/2017\/06\/antoine-magain-portrait-zone-rouge-yamaha.jpg","articleSection":["Actualit\u00e9","Enduro","FMB","News","Slideshow"],"inLanguage":"fr-FR","potentialAction":[{"@type":"CommentAction","name":"Comment","target":["https:\/\/fr.motocrossmag.be\/index.php\/2017\/07\/cedric-cremer-et-antoine-magain-dominent-lenduro-sprint-de-chimay\/#respond"]}]},{"@type":"WebPage","@id":"https:\/\/fr.motocrossmag.be\/index.php\/2017\/07\/cedric-cremer-et-antoine-magain-dominent-lenduro-sprint-de-chimay\/","url":"https:\/\/fr.motocrossmag.be\/index.php\/2017\/07\/cedric-cremer-et-antoine-magain-dominent-lenduro-sprint-de-chimay\/","name":"C\u00e9dric Cremer et Antoine Magain dominent l'enduro-sprint de Chimay - Motocross - Enduro - Supermoto | MotocrossMag","isPartOf":{"@id":"https:\/\/fr.motocrossmag.be\/#website"},"primaryImageOfPage":{"@id":"https:\/\/fr.motocrossmag.be\/index.php\/2017\/07\/cedric-cremer-et-antoine-magain-dominent-lenduro-sprint-de-chimay\/#primaryimage"},"image":{"@id":"https:\/\/fr.motocrossmag.be\/index.php\/2017\/07\/cedric-cremer-et-antoine-magain-dominent-lenduro-sprint-de-chimay\/#primaryimage"},"thumbnailUrl":"https:\/\/fr.motocrossmag.be\/wp-content\/uploads\/2017\/06\/antoine-magain-portrait-zone-rouge-yamaha.jpg","datePublished":"2017-07-10T08:47:05+00:00","author":{"@id":"https:\/\/fr.motocrossmag.be\/#\/schema\/person\/11b47143d9f755babca2c9110e03235c"},"breadcrumb":{"@id":"https:\/\/fr.motocrossmag.be\/index.php\/2017\/07\/cedric-cremer-et-antoine-magain-dominent-lenduro-sprint-de-chimay\/#breadcrumb"},"inLanguage":"fr-FR","potentialAction":[{"@type":"ReadAction","target":["https:\/\/fr.motocrossmag.be\/index.php\/2017\/07\/cedric-cremer-et-antoine-magain-dominent-lenduro-sprint-de-chimay\/"]}]},{"@type":"ImageObject","inLanguage":"fr-FR","@id":"https:\/\/fr.motocrossmag.be\/index.php\/2017\/07\/cedric-cremer-et-antoine-magain-dominent-lenduro-sprint-de-chimay\/#primaryimage","url":"https:\/\/fr.motocrossmag.be\/wp-content\/uploads\/2017\/06\/antoine-magain-portrait-zone-rouge-yamaha.jpg","contentUrl":"https:\/\/fr.motocrossmag.be\/wp-content\/uploads\/2017\/06\/antoine-magain-portrait-zone-rouge-yamaha.jpg","width":720,"height":490},{"@type":"BreadcrumbList","@id":"https:\/\/fr.motocrossmag.be\/index.php\/2017\/07\/cedric-cremer-et-antoine-magain-dominent-lenduro-sprint-de-chimay\/#breadcrumb","itemListElement":[{"@type":"ListItem","position":1,"name":"Accueil","item":"https:\/\/fr.motocrossmag.be\/"},{"@type":"ListItem","position":2,"name":"C\u00e9dric Cremer et Antoine Magain dominent l&rsquo;enduro-sprint de Chimay"}]},{"@type":"WebSite","@id":"https:\/\/fr.motocrossmag.be\/#website","url":"https:\/\/fr.motocrossmag.be\/","name":"Motocross - Enduro - Supermoto | MotocrossMag","description":"L&#039;actualit\u00e9 du motocross, de l&#039;enduro et du Supermoto en ligne!","potentialAction":[{"@type":"SearchAction","target":{"@type":"EntryPoint","urlTemplate":"https:\/\/fr.motocrossmag.be\/?s={search_term_string}"},"query-input":{"@type":"PropertyValueSpecification","valueRequired":true,"valueName":"search_term_string"}}],"inLanguage":"fr-FR"},{"@type":"Person","@id":"https:\/\/fr.motocrossmag.be\/#\/schema\/person\/11b47143d9f755babca2c9110e03235c","name":"oliviere","image":{"@type":"ImageObject","inLanguage":"fr-FR","@id":"https:\/\/secure.gravatar.com\/avatar\/907069e0b81d119452040469e4a7501da1100f54f7f80180ce77bfab718288f6?s=96&d=mm&r=g","url":"https:\/\/secure.gravatar.com\/avatar\/907069e0b81d119452040469e4a7501da1100f54f7f80180ce77bfab718288f6?s=96&d=mm&r=g","contentUrl":"https:\/\/secure.gravatar.com\/avatar\/907069e0b81d119452040469e4a7501da1100f54f7f80180ce77bfab718288f6?s=96&d=mm&r=g","caption":"oliviere"},"sameAs":["http:\/\/www.motocrossmag.be"],"url":"https:\/\/fr.motocrossmag.be\/index.php\/author\/oliviere\/"}]}},"_links":{"self":[{"href":"https:\/\/fr.motocrossmag.be\/index.php\/wp-json\/wp\/v2\/posts\/61391","targetHints":{"allow":["GET"]}}],"collection":[{"href":"https:\/\/fr.motocrossmag.be\/index.php\/wp-json\/wp\/v2\/posts"}],"about":[{"href":"https:\/\/fr.motocrossmag.be\/index.php\/wp-json\/wp\/v2\/types\/post"}],"author":[{"embeddable":true,"href":"https:\/\/fr.motocrossmag.be\/index.php\/wp-json\/wp\/v2\/users\/932"}],"replies":[{"embeddable":true,"href":"https:\/\/fr.motocrossmag.be\/index.php\/wp-json\/wp\/v2\/comments?post=61391"}],"version-history":[{"count":1,"href":"https:\/\/fr.motocrossmag.be\/index.php\/wp-json\/wp\/v2\/posts\/61391\/revisions"}],"predecessor-version":[{"id":61392,"href":"https:\/\/fr.motocrossmag.be\/index.php\/wp-json\/wp\/v2\/posts\/61391\/revisions\/61392"}],"wp:featuredmedia":[{"embeddable":true,"href":"https:\/\/fr.motocrossmag.be\/index.php\/wp-json\/wp\/v2\/media\/60920"}],"wp:attachment":[{"href":"https:\/\/fr.motocrossmag.be\/index.php\/wp-json\/wp\/v2\/media?parent=61391"}],"wp:term":[{"taxonomy":"category","embeddable":true,"href":"https:\/\/fr.motocrossmag.be\/index.php\/wp-json\/wp\/v2\/categories?post=61391"},{"taxonomy":"post_tag","embeddable":true,"href":"https:\/\/fr.motocrossmag.be\/index.php\/wp-json\/wp\/v2\/tags?post=61391"}],"curies":[{"name":"wp","href":"https:\/\/api.w.org\/{rel}","templated":true}]}}