{"id":61970,"date":"2017-07-31T09:40:20","date_gmt":"2017-07-31T07:40:20","guid":{"rendered":"http:\/\/fr.motocrossmag.be\/?p=61970"},"modified":"2017-07-31T10:33:57","modified_gmt":"2017-07-31T08:33:57","slug":"nouvelle-honda-cr-f-250-revolutionnaire","status":"publish","type":"post","link":"https:\/\/fr.motocrossmag.be\/index.php\/2017\/07\/nouvelle-honda-cr-f-250-revolutionnaire\/","title":{"rendered":"Nouvelle Honda CR-F 250 : r\u00e9volutionnaire !"},"content":{"rendered":"<p><strong>Honda a lev\u00e9 le voile ce lundi matin sur sa nouvelle CR-F 250 2018. Et les Rouges ne font pas dans le d\u00e9tail. Comme pour la 450 l&rsquo;an pass\u00e9, ils sont repartis d&rsquo;une feuille blanche pour pr\u00e9senter aujourd&rsquo;hui la CR-F 250 la plus performante jamais produite. Et particuli\u00e8rement bien \u00e9quip\u00e9e \u00e9galement !<\/strong><\/p>\n<p>La machine reprend le ch\u00e2ssis et les suspensions &#8211; dont la fourche Showa \u00e0 ressorts de 49mm &#8211; qui \u00e9quipent la CR-F 450 depuis cette ann\u00e9e. Le bloc moteur est lui aussi 100% nouveau et c&rsquo;est une petite r\u00e9volution chez Honda: exit le syst\u00e8me Unicam, lequel laisse place \u00e0 un plus conventionnel moteur \u00e0 double arbre \u00e0 cames en t\u00eate. Celui-ci culmine \u00e0 14 400 tours\/minute, soit 900 tours plus haut que son pr\u00e9d\u00e9cesseur, mais offre surtout pr\u00e8s de 6 chevaux de plus ! Cerise sur le g\u00e2teau : la nouvelle CR-F 250 est \u00e9quip\u00e9e de s\u00e9rie d&rsquo;un d\u00e9marreur \u00e9lectrique.<\/p><div class=\"jznyi6a993c531ae23\" ><!-- \/91277017\/Inline-articles-mobile -->\n<div style=\"margin:auto; text-align:center !important\">\n<div id='div-gpt-ad-1784982661365-0' style='min-width: 250px; min-height: 75px;'>\n  <script>\n    googletag.cmd.push(function() { googletag.display('div-gpt-ad-1784982661365-0'); });\n  <\/script>\n<\/div><\/div><\/div><style type=\"text\/css\">\r\n.jznyi6a993c531ae23 {\r\nmargin-bottom:30px;margin-top:20px\r\n}\r\n@media screen and (min-width: 1201px) {\r\n.jznyi6a993c531ae23 {\r\ndisplay: block;\r\n}\r\n}\r\n@media screen and (min-width: 993px) and (max-width: 1200px) {\r\n.jznyi6a993c531ae23 {\r\ndisplay: block;\r\n}\r\n}\r\n@media screen and (min-width: 769px) and (max-width: 992px) {\r\n.jznyi6a993c531ae23 {\r\ndisplay: block;\r\n}\r\n}\r\n@media screen and (min-width: 768px) and (max-width: 768px) {\r\n.jznyi6a993c531ae23 {\r\ndisplay: block;\r\n}\r\n}\r\n@media screen and (max-width: 767px) {\r\n.jznyi6a993c531ae23 {\r\ndisplay: block;\r\n}\r\n}\r\n<\/style>\r\n\n<p><img decoding=\"async\" class=\"alignnone size-medium wp-image-61994\" src=\"http:\/\/fr.motocrossmag.be\/wp-content\/uploads\/2017\/07\/18_CRF250R_overhead_R292R_003-1-650x305.jpg\" alt=\"\" width=\"650\" height=\"305\" srcset=\"https:\/\/fr.motocrossmag.be\/wp-content\/uploads\/2017\/07\/18_CRF250R_overhead_R292R_003-1-650x305.jpg 650w, https:\/\/fr.motocrossmag.be\/wp-content\/uploads\/2017\/07\/18_CRF250R_overhead_R292R_003-1-768x361.jpg 768w, https:\/\/fr.motocrossmag.be\/wp-content\/uploads\/2017\/07\/18_CRF250R_overhead_R292R_003-1-1024x481.jpg 1024w, https:\/\/fr.motocrossmag.be\/wp-content\/uploads\/2017\/07\/18_CRF250R_overhead_R292R_003-1.jpg 1252w\" sizes=\"(max-width: 650px) 100vw, 650px\" \/><\/p>\n<p>Ce tout nouveau moteur est \u00e9quip\u00e9 de deux collecteurs d&rsquo;\u00e9chappement et de deux silencieux tandis qu&rsquo;il n&rsquo;y a plus d\u00e9sormais, comme c&rsquo;\u00e9tait le cas jusqu&rsquo;\u00e0 pr\u00e9sent sur la CR-F 250, de graissage s\u00e9par\u00e9 entre le moteur et l&#8217;embrayage.<\/p>\n<div id='gallery-1' class='gallery galleryid-61970 gallery-columns-3 gallery-size-thumbnail'><figure class='gallery-item'>\n\t\t\t<div class='gallery-icon landscape'>\n\t\t\t\t<a href='https:\/\/fr.motocrossmag.be\/index.php\/2017\/07\/nouvelle-honda-cr-f-250-revolutionnaire\/18_sel_crf250r_lhp_bodyoff\/'><img decoding=\"async\" width=\"150\" height=\"150\" src=\"https:\/\/fr.motocrossmag.be\/wp-content\/uploads\/2017\/07\/18_Sel_CRF250R_LHP_BODYOFF-150x150.jpg\" class=\"attachment-thumbnail size-thumbnail\" alt=\"\" srcset=\"https:\/\/fr.motocrossmag.be\/wp-content\/uploads\/2017\/07\/18_Sel_CRF250R_LHP_BODYOFF-150x150.jpg 150w, https:\/\/fr.motocrossmag.be\/wp-content\/uploads\/2017\/07\/18_Sel_CRF250R_LHP_BODYOFF-50x50.jpg 50w\" sizes=\"(max-width: 150px) 100vw, 150px\" \/><\/a>\n\t\t\t<\/div><\/figure><figure class='gallery-item'>\n\t\t\t<div class='gallery-icon landscape'>\n\t\t\t\t<a href='https:\/\/fr.motocrossmag.be\/index.php\/2017\/07\/nouvelle-honda-cr-f-250-revolutionnaire\/18_sel_crf250r_fueltank\/'><img decoding=\"async\" width=\"150\" height=\"150\" src=\"https:\/\/fr.motocrossmag.be\/wp-content\/uploads\/2017\/07\/18_SEL_CRF250R_FUELTANK-150x150.jpg\" class=\"attachment-thumbnail size-thumbnail\" alt=\"\" srcset=\"https:\/\/fr.motocrossmag.be\/wp-content\/uploads\/2017\/07\/18_SEL_CRF250R_FUELTANK-150x150.jpg 150w, https:\/\/fr.motocrossmag.be\/wp-content\/uploads\/2017\/07\/18_SEL_CRF250R_FUELTANK-50x50.jpg 50w\" sizes=\"(max-width: 150px) 100vw, 150px\" \/><\/a>\n\t\t\t<\/div><\/figure><figure class='gallery-item'>\n\t\t\t<div class='gallery-icon landscape'>\n\t\t\t\t<a href='https:\/\/fr.motocrossmag.be\/index.php\/2017\/07\/nouvelle-honda-cr-f-250-revolutionnaire\/18_sel_crf250r_exhaust_rt\/'><img decoding=\"async\" width=\"150\" height=\"150\" src=\"https:\/\/fr.motocrossmag.be\/wp-content\/uploads\/2017\/07\/18_SEL_CRF250R_EXHAUST_RT-150x150.jpg\" class=\"attachment-thumbnail size-thumbnail\" alt=\"\" srcset=\"https:\/\/fr.motocrossmag.be\/wp-content\/uploads\/2017\/07\/18_SEL_CRF250R_EXHAUST_RT-150x150.jpg 150w, https:\/\/fr.motocrossmag.be\/wp-content\/uploads\/2017\/07\/18_SEL_CRF250R_EXHAUST_RT-50x50.jpg 50w\" sizes=\"(max-width: 150px) 100vw, 150px\" \/><\/a>\n\t\t\t<\/div><\/figure>\n\t\t<\/div>\n\n<p>Enfin, 3 courbes de puissance sont activables via un bouton situ\u00e9 sur la gauche du guidon, la courbe standard \u00e9tant compl\u00e9t\u00e9e par une configuration \u00ab\u00a0soft\u00a0\u00bb et une autre plus agressive, activables en une fraction de seconde.<\/p><div class=\"ylwta6a993c531ae47\" ><!-- \/91277017\/articles-inline-2 -->\n<div style=\"margin: 20px auto; text-align:center !important\">\n<div id='div-gpt-ad-1785021530385-0' style='min-width: 300px; min-height: 75px;'>\n  <script>\n    googletag.cmd.push(function() { googletag.display('div-gpt-ad-1785021530385-0'); });\n  <\/script>\n<\/div><\/div><\/div><style type=\"text\/css\">\r\n@media screen and (min-width: 1201px) {\r\n.ylwta6a993c531ae47 {\r\ndisplay: block;\r\n}\r\n}\r\n@media screen and (min-width: 993px) and (max-width: 1200px) {\r\n.ylwta6a993c531ae47 {\r\ndisplay: block;\r\n}\r\n}\r\n@media screen and (min-width: 769px) and (max-width: 992px) {\r\n.ylwta6a993c531ae47 {\r\ndisplay: block;\r\n}\r\n}\r\n@media screen and (min-width: 768px) and (max-width: 768px) {\r\n.ylwta6a993c531ae47 {\r\ndisplay: block;\r\n}\r\n}\r\n@media screen and (max-width: 767px) {\r\n.ylwta6a993c531ae47 {\r\ndisplay: block;\r\n}\r\n}\r\n<\/style>\r\n\n<p>On notera aussi le r\u00e9servoire en titane de 6,7 litres et un gain de poids sur de nombreux \u00e9l\u00e9ments.<\/p>\n<p>&nbsp;<\/p>\n<div id='gallery-2' class='gallery galleryid-61970 gallery-columns-3 gallery-size-thumbnail'><figure class='gallery-item'>\n\t\t\t<div class='gallery-icon landscape'>\n\t\t\t\t<a href='https:\/\/fr.motocrossmag.be\/index.php\/2017\/07\/nouvelle-honda-cr-f-250-revolutionnaire\/18_sel_crf250r_dual_header_rt\/'><img decoding=\"async\" width=\"150\" height=\"150\" src=\"https:\/\/fr.motocrossmag.be\/wp-content\/uploads\/2017\/07\/18_Sel_CRF250R_DUAL_HEADER_RT-150x150.jpg\" class=\"attachment-thumbnail size-thumbnail\" alt=\"\" srcset=\"https:\/\/fr.motocrossmag.be\/wp-content\/uploads\/2017\/07\/18_Sel_CRF250R_DUAL_HEADER_RT-150x150.jpg 150w, https:\/\/fr.motocrossmag.be\/wp-content\/uploads\/2017\/07\/18_Sel_CRF250R_DUAL_HEADER_RT-50x50.jpg 50w\" sizes=\"(max-width: 150px) 100vw, 150px\" \/><\/a>\n\t\t\t<\/div><\/figure><figure class='gallery-item'>\n\t\t\t<div class='gallery-icon landscape'>\n\t\t\t\t<a href='https:\/\/fr.motocrossmag.be\/index.php\/2017\/07\/nouvelle-honda-cr-f-250-revolutionnaire\/18_crf250r_rr34_r292r_003\/'><img decoding=\"async\" width=\"150\" height=\"150\" src=\"https:\/\/fr.motocrossmag.be\/wp-content\/uploads\/2017\/07\/18_CRF250R_RR34_R292R_003-150x150.jpg\" class=\"attachment-thumbnail size-thumbnail\" alt=\"\" srcset=\"https:\/\/fr.motocrossmag.be\/wp-content\/uploads\/2017\/07\/18_CRF250R_RR34_R292R_003-150x150.jpg 150w, https:\/\/fr.motocrossmag.be\/wp-content\/uploads\/2017\/07\/18_CRF250R_RR34_R292R_003-50x50.jpg 50w\" sizes=\"(max-width: 150px) 100vw, 150px\" \/><\/a>\n\t\t\t<\/div><\/figure><figure class='gallery-item'>\n\t\t\t<div class='gallery-icon landscape'>\n\t\t\t\t<a href='https:\/\/fr.motocrossmag.be\/index.php\/2017\/07\/nouvelle-honda-cr-f-250-revolutionnaire\/18_crf250r_fr34_r292r_003\/'><img decoding=\"async\" width=\"150\" height=\"150\" src=\"https:\/\/fr.motocrossmag.be\/wp-content\/uploads\/2017\/07\/18_CRF250R_FR34_R292R_003-150x150.jpg\" class=\"attachment-thumbnail size-thumbnail\" alt=\"\" srcset=\"https:\/\/fr.motocrossmag.be\/wp-content\/uploads\/2017\/07\/18_CRF250R_FR34_R292R_003-150x150.jpg 150w, https:\/\/fr.motocrossmag.be\/wp-content\/uploads\/2017\/07\/18_CRF250R_FR34_R292R_003-50x50.jpg 50w\" sizes=\"(max-width: 150px) 100vw, 150px\" \/><\/a>\n\t\t\t<\/div><\/figure>\n\t\t<\/div>\n\n<p>&nbsp;<\/p>\n<p><strong><span style=\"color: #ff0000;\"><br \/>\nFiche technique<br \/>\n<\/span><br \/>\n<\/strong><\/p>\n<table width=\"100%\">\n<tbody>\n<tr>\n<td width=\"312\"><strong>MOTEUR<\/strong><\/td>\n<td width=\"312\"><strong>\u00a0<\/strong><\/td>\n<\/tr>\n<tr>\n<td width=\"312\">Type<\/td>\n<td width=\"312\">4-temps refroidi par eau<\/td>\n<\/tr>\n<tr>\n<td width=\"312\">Cylindr\u00e9e (cc)<\/td>\n<td width=\"312\">249,4<\/td>\n<\/tr>\n<tr>\n<td width=\"312\">Al\u00e9sage x course (in mm)<\/td>\n<td width=\"312\">79 x 50,9<\/td>\n<\/tr>\n<tr>\n<td width=\"312\">Rapport de compression<\/td>\n<td width=\"312\">13,9 : 1<\/td>\n<\/tr>\n<tr>\n<td width=\"312\">Capacit\u00e9 d\u2019huile<\/td>\n<td width=\"312\">1.250cm<sup>3<\/sup><\/td>\n<\/tr>\n<tr>\n<td width=\"312\"><strong>CARBURANT<\/strong><\/td>\n<td width=\"312\"><strong>\u00a0<\/strong><\/td>\n<\/tr>\n<tr>\n<td width=\"312\">Alimentation<\/td>\n<td width=\"312\">Injection<\/td>\n<\/tr>\n<tr>\n<td width=\"312\">Capacit\u00e9 du r\u00e9servoir<\/td>\n<td width=\"312\">6,3 litres<\/td>\n<\/tr>\n<tr>\n<td width=\"312\"><strong>SYST\u00c8ME ELECTRIQUE<\/strong><\/td>\n<td width=\"312\"><strong>\u00a0<\/strong><\/td>\n<\/tr>\n<tr>\n<td width=\"312\">Allumage<\/td>\n<td width=\"312\">Transistor \/ Digital<\/td>\n<\/tr>\n<tr>\n<td width=\"312\">D\u00e9marrage<\/td>\n<td width=\"312\">Electrique<\/td>\n<\/tr>\n<tr>\n<td width=\"312\"><strong>TRANSMISSION<\/strong><\/td>\n<td width=\"312\"><strong>\u00a0<\/strong><\/td>\n<\/tr>\n<tr>\n<td width=\"312\">Embrayage<\/td>\n<td width=\"312\">Multi-disques en bain d\u2019huile<\/td>\n<\/tr>\n<tr>\n<td width=\"312\">Transmission<\/td>\n<td width=\"312\">Prise constante<\/td>\n<\/tr>\n<tr>\n<td width=\"312\">Transmission secondaire<\/td>\n<td width=\"312\">Cha\u00eene<\/td>\n<\/tr>\n<tr>\n<td width=\"312\"><strong>CADRE<\/strong><\/td>\n<td width=\"312\"><strong>\u00a0<\/strong><\/td>\n<\/tr>\n<tr>\n<td width=\"312\">Type<\/td>\n<td width=\"312\">Aluminium double tube<\/td>\n<\/tr>\n<tr>\n<td width=\"312\">Dimensions (L\u00b4l\u00b4H en mm)<\/td>\n<td width=\"312\">2.183 x 827 x 1.274<\/td>\n<\/tr>\n<tr>\n<td width=\"312\">Empattement (en mm)<\/td>\n<td width=\"312\">1.486<\/td>\n<\/tr>\n<tr>\n<td width=\"312\">Angle de chasse<\/td>\n<td width=\"312\">27,5\u00b0<\/td>\n<\/tr>\n<tr>\n<td width=\"312\">Train\u00e9e (en mm)<\/td>\n<td width=\"312\">116<\/td>\n<\/tr>\n<tr>\n<td width=\"312\">Hauteur de selle (en mm)<\/td>\n<td width=\"312\">957<\/td>\n<\/tr>\n<tr>\n<td width=\"312\">Garde au sol (en mm)<\/td>\n<td width=\"312\">327<\/td>\n<\/tr>\n<tr>\n<td width=\"312\">Poids pr\u00eate \u00e0 l\u2019emploi (en kg)<\/td>\n<td width=\"312\">108<\/td>\n<\/tr>\n<tr>\n<td width=\"312\"><strong>SUSPENSIONS<\/strong><\/td>\n<td width=\"312\"><strong>\u00a0<\/strong><\/td>\n<\/tr>\n<tr>\n<td width=\"312\">Avant<\/td>\n<td width=\"312\">Fourche 49 mm Showa avec ressorts en acier<\/td>\n<\/tr>\n<tr>\n<td width=\"312\">Arri\u00e8re<\/td>\n<td width=\"312\">Showa mono-shock avec syst\u00e8me Honda Pro-Link<\/td>\n<\/tr>\n<tr>\n<td width=\"312\"><strong>PNEUS<\/strong><\/td>\n<td width=\"312\"><strong>\u00a0<\/strong><\/td>\n<\/tr>\n<tr>\n<td width=\"312\">Jantes<\/td>\n<td width=\"312\">Aluminium l\u00e9ger<\/td>\n<\/tr>\n<tr>\n<td width=\"312\">Avant<\/td>\n<td width=\"312\">80\/100-21 Dunlop MX3S<\/td>\n<\/tr>\n<tr>\n<td width=\"312\">Arri\u00e8re<\/td>\n<td width=\"312\">100\/90-19 Dunlop MX3S<\/td>\n<\/tr>\n<tr>\n<td width=\"312\"><strong>FREINS<\/strong><\/td>\n<td width=\"312\"><strong>\u00a0<\/strong><\/td>\n<\/tr>\n<tr>\n<td width=\"312\">Avant<\/td>\n<td width=\"312\">260mm, hydraulique, disque p\u00e9tale<\/td>\n<\/tr>\n<tr>\n<td width=\"312\">Arri\u00e8re<\/td>\n<td width=\"312\">240mm, hydraulique, disque p\u00e9tale<\/td>\n<\/tr>\n<\/tbody>\n<\/table>\n<p>&nbsp;<\/p>\n<p>&nbsp;<\/p>\n","protected":false},"excerpt":{"rendered":"<p>Honda a lev\u00e9 le voile ce lundi matin sur sa nouvelle CR-F 250 2018. Et les Rouges ne font pas dans le d\u00e9tail. Comme pour la 450 l&rsquo;an pass\u00e9, ils sont repartis d&rsquo;une feuille blanche pour pr\u00e9senter aujourd&rsquo;hui la CR-F 250 la plus performante jamais produite. Et particuli\u00e8rement bien \u00e9quip\u00e9e \u00e9galement ! La machine reprend [&hellip;]<\/p>\n","protected":false},"author":932,"featured_media":61992,"comment_status":"open","ping_status":"closed","sticky":false,"template":"","format":"standard","meta":{"tdm_status":"","tdm_grid_status":"","footnotes":""},"categories":[54,4,5,55,61,65],"tags":[],"class_list":["post-61970","post","type-post","status-publish","format-standard","has-post-thumbnail","category-actualite","category-motocross","category-news","category-news-actualite","category-shopping","category-slideshow"],"yoast_head":"<!-- This site is optimized with the Yoast SEO plugin v28.4 - https:\/\/yoast.com\/product\/yoast-seo-wordpress\/ -->\n<title>Nouvelle Honda CR-F 250 : r\u00e9volutionnaire ! - Motocross - Enduro - Supermoto | MotocrossMag<\/title>\n<meta name=\"robots\" content=\"index, follow, max-snippet:-1, max-image-preview:large, max-video-preview:-1\" \/>\n<link rel=\"canonical\" href=\"https:\/\/fr.motocrossmag.be\/index.php\/2017\/07\/nouvelle-honda-cr-f-250-revolutionnaire\/\" \/>\n<meta property=\"og:locale\" content=\"fr_FR\" \/>\n<meta property=\"og:type\" content=\"article\" \/>\n<meta property=\"og:title\" content=\"Nouvelle Honda CR-F 250 : r\u00e9volutionnaire ! - Motocross - Enduro - Supermoto | MotocrossMag\" \/>\n<meta property=\"og:description\" content=\"Honda a lev\u00e9 le voile ce lundi matin sur sa nouvelle CR-F 250 2018. Et les Rouges ne font pas dans le d\u00e9tail. Comme pour la 450 l&rsquo;an pass\u00e9, ils sont repartis d&rsquo;une feuille blanche pour pr\u00e9senter aujourd&rsquo;hui la CR-F 250 la plus performante jamais produite. Et particuli\u00e8rement bien \u00e9quip\u00e9e \u00e9galement ! La machine reprend [&hellip;]\" \/>\n<meta property=\"og:url\" content=\"https:\/\/fr.motocrossmag.be\/index.php\/2017\/07\/nouvelle-honda-cr-f-250-revolutionnaire\/\" \/>\n<meta property=\"og:site_name\" content=\"Motocross - Enduro - Supermoto | MotocrossMag\" \/>\n<meta property=\"article:published_time\" content=\"2017-07-31T07:40:20+00:00\" \/>\n<meta property=\"article:modified_time\" content=\"2017-07-31T08:33:57+00:00\" \/>\n<meta property=\"og:image\" content=\"https:\/\/fr.motocrossmag.be\/wp-content\/uploads\/2017\/07\/honda-crf-250-2018.jpg\" \/>\n\t<meta property=\"og:image:width\" content=\"1400\" \/>\n\t<meta property=\"og:image:height\" content=\"933\" \/>\n\t<meta property=\"og:image:type\" content=\"image\/jpeg\" \/>\n<meta name=\"author\" content=\"oliviere\" \/>\n<meta name=\"twitter:card\" content=\"summary_large_image\" \/>\n<meta name=\"twitter:label1\" content=\"\u00c9crit par\" \/>\n\t<meta name=\"twitter:data1\" content=\"oliviere\" \/>\n\t<meta name=\"twitter:label2\" content=\"Dur\u00e9e de lecture estim\u00e9e\" \/>\n\t<meta name=\"twitter:data2\" content=\"2 minutes\" \/>\n<script type=\"application\/ld+json\" class=\"yoast-schema-graph\">{\"@context\":\"https:\\\/\\\/schema.org\",\"@graph\":[{\"@type\":\"Article\",\"@id\":\"https:\\\/\\\/fr.motocrossmag.be\\\/index.php\\\/2017\\\/07\\\/nouvelle-honda-cr-f-250-revolutionnaire\\\/#article\",\"isPartOf\":{\"@id\":\"https:\\\/\\\/fr.motocrossmag.be\\\/index.php\\\/2017\\\/07\\\/nouvelle-honda-cr-f-250-revolutionnaire\\\/\"},\"author\":{\"name\":\"oliviere\",\"@id\":\"https:\\\/\\\/fr.motocrossmag.be\\\/#\\\/schema\\\/person\\\/11b47143d9f755babca2c9110e03235c\"},\"headline\":\"Nouvelle Honda CR-F 250 : r\u00e9volutionnaire !\",\"datePublished\":\"2017-07-31T07:40:20+00:00\",\"dateModified\":\"2017-07-31T08:33:57+00:00\",\"mainEntityOfPage\":{\"@id\":\"https:\\\/\\\/fr.motocrossmag.be\\\/index.php\\\/2017\\\/07\\\/nouvelle-honda-cr-f-250-revolutionnaire\\\/\"},\"wordCount\":414,\"commentCount\":0,\"image\":{\"@id\":\"https:\\\/\\\/fr.motocrossmag.be\\\/index.php\\\/2017\\\/07\\\/nouvelle-honda-cr-f-250-revolutionnaire\\\/#primaryimage\"},\"thumbnailUrl\":\"https:\\\/\\\/fr.motocrossmag.be\\\/wp-content\\\/uploads\\\/2017\\\/07\\\/honda-crf-250-2018.jpg\",\"articleSection\":[\"Actualit\u00e9\",\"Motocross\",\"News\",\"News\",\"Produits\",\"Slideshow\"],\"inLanguage\":\"fr-FR\",\"potentialAction\":[{\"@type\":\"CommentAction\",\"name\":\"Comment\",\"target\":[\"https:\\\/\\\/fr.motocrossmag.be\\\/index.php\\\/2017\\\/07\\\/nouvelle-honda-cr-f-250-revolutionnaire\\\/#respond\"]}]},{\"@type\":\"WebPage\",\"@id\":\"https:\\\/\\\/fr.motocrossmag.be\\\/index.php\\\/2017\\\/07\\\/nouvelle-honda-cr-f-250-revolutionnaire\\\/\",\"url\":\"https:\\\/\\\/fr.motocrossmag.be\\\/index.php\\\/2017\\\/07\\\/nouvelle-honda-cr-f-250-revolutionnaire\\\/\",\"name\":\"Nouvelle Honda CR-F 250 : r\u00e9volutionnaire ! - Motocross - Enduro - Supermoto | MotocrossMag\",\"isPartOf\":{\"@id\":\"https:\\\/\\\/fr.motocrossmag.be\\\/#website\"},\"primaryImageOfPage\":{\"@id\":\"https:\\\/\\\/fr.motocrossmag.be\\\/index.php\\\/2017\\\/07\\\/nouvelle-honda-cr-f-250-revolutionnaire\\\/#primaryimage\"},\"image\":{\"@id\":\"https:\\\/\\\/fr.motocrossmag.be\\\/index.php\\\/2017\\\/07\\\/nouvelle-honda-cr-f-250-revolutionnaire\\\/#primaryimage\"},\"thumbnailUrl\":\"https:\\\/\\\/fr.motocrossmag.be\\\/wp-content\\\/uploads\\\/2017\\\/07\\\/honda-crf-250-2018.jpg\",\"datePublished\":\"2017-07-31T07:40:20+00:00\",\"dateModified\":\"2017-07-31T08:33:57+00:00\",\"author\":{\"@id\":\"https:\\\/\\\/fr.motocrossmag.be\\\/#\\\/schema\\\/person\\\/11b47143d9f755babca2c9110e03235c\"},\"breadcrumb\":{\"@id\":\"https:\\\/\\\/fr.motocrossmag.be\\\/index.php\\\/2017\\\/07\\\/nouvelle-honda-cr-f-250-revolutionnaire\\\/#breadcrumb\"},\"inLanguage\":\"fr-FR\",\"potentialAction\":[{\"@type\":\"ReadAction\",\"target\":[\"https:\\\/\\\/fr.motocrossmag.be\\\/index.php\\\/2017\\\/07\\\/nouvelle-honda-cr-f-250-revolutionnaire\\\/\"]}]},{\"@type\":\"ImageObject\",\"inLanguage\":\"fr-FR\",\"@id\":\"https:\\\/\\\/fr.motocrossmag.be\\\/index.php\\\/2017\\\/07\\\/nouvelle-honda-cr-f-250-revolutionnaire\\\/#primaryimage\",\"url\":\"https:\\\/\\\/fr.motocrossmag.be\\\/wp-content\\\/uploads\\\/2017\\\/07\\\/honda-crf-250-2018.jpg\",\"contentUrl\":\"https:\\\/\\\/fr.motocrossmag.be\\\/wp-content\\\/uploads\\\/2017\\\/07\\\/honda-crf-250-2018.jpg\",\"width\":1400,\"height\":933},{\"@type\":\"BreadcrumbList\",\"@id\":\"https:\\\/\\\/fr.motocrossmag.be\\\/index.php\\\/2017\\\/07\\\/nouvelle-honda-cr-f-250-revolutionnaire\\\/#breadcrumb\",\"itemListElement\":[{\"@type\":\"ListItem\",\"position\":1,\"name\":\"Accueil\",\"item\":\"https:\\\/\\\/fr.motocrossmag.be\\\/\"},{\"@type\":\"ListItem\",\"position\":2,\"name\":\"Nouvelle Honda CR-F 250 : r\u00e9volutionnaire !\"}]},{\"@type\":\"WebSite\",\"@id\":\"https:\\\/\\\/fr.motocrossmag.be\\\/#website\",\"url\":\"https:\\\/\\\/fr.motocrossmag.be\\\/\",\"name\":\"Motocross - Enduro - Supermoto | MotocrossMag\",\"description\":\"L&#039;actualit\u00e9 du motocross, de l&#039;enduro et du Supermoto en ligne!\",\"potentialAction\":[{\"@type\":\"SearchAction\",\"target\":{\"@type\":\"EntryPoint\",\"urlTemplate\":\"https:\\\/\\\/fr.motocrossmag.be\\\/?s={search_term_string}\"},\"query-input\":{\"@type\":\"PropertyValueSpecification\",\"valueRequired\":true,\"valueName\":\"search_term_string\"}}],\"inLanguage\":\"fr-FR\"},{\"@type\":\"Person\",\"@id\":\"https:\\\/\\\/fr.motocrossmag.be\\\/#\\\/schema\\\/person\\\/11b47143d9f755babca2c9110e03235c\",\"name\":\"oliviere\",\"image\":{\"@type\":\"ImageObject\",\"inLanguage\":\"fr-FR\",\"@id\":\"https:\\\/\\\/secure.gravatar.com\\\/avatar\\\/907069e0b81d119452040469e4a7501da1100f54f7f80180ce77bfab718288f6?s=96&d=mm&r=g\",\"url\":\"https:\\\/\\\/secure.gravatar.com\\\/avatar\\\/907069e0b81d119452040469e4a7501da1100f54f7f80180ce77bfab718288f6?s=96&d=mm&r=g\",\"contentUrl\":\"https:\\\/\\\/secure.gravatar.com\\\/avatar\\\/907069e0b81d119452040469e4a7501da1100f54f7f80180ce77bfab718288f6?s=96&d=mm&r=g\",\"caption\":\"oliviere\"},\"sameAs\":[\"http:\\\/\\\/www.motocrossmag.be\"],\"url\":\"https:\\\/\\\/fr.motocrossmag.be\\\/index.php\\\/author\\\/oliviere\\\/\"}]}<\/script>\n<!-- \/ Yoast SEO plugin. -->","yoast_head_json":{"title":"Nouvelle Honda CR-F 250 : r\u00e9volutionnaire ! - Motocross - Enduro - Supermoto | MotocrossMag","robots":{"index":"index","follow":"follow","max-snippet":"max-snippet:-1","max-image-preview":"max-image-preview:large","max-video-preview":"max-video-preview:-1"},"canonical":"https:\/\/fr.motocrossmag.be\/index.php\/2017\/07\/nouvelle-honda-cr-f-250-revolutionnaire\/","og_locale":"fr_FR","og_type":"article","og_title":"Nouvelle Honda CR-F 250 : r\u00e9volutionnaire ! - Motocross - Enduro - Supermoto | MotocrossMag","og_description":"Honda a lev\u00e9 le voile ce lundi matin sur sa nouvelle CR-F 250 2018. Et les Rouges ne font pas dans le d\u00e9tail. Comme pour la 450 l&rsquo;an pass\u00e9, ils sont repartis d&rsquo;une feuille blanche pour pr\u00e9senter aujourd&rsquo;hui la CR-F 250 la plus performante jamais produite. Et particuli\u00e8rement bien \u00e9quip\u00e9e \u00e9galement ! La machine reprend [&hellip;]","og_url":"https:\/\/fr.motocrossmag.be\/index.php\/2017\/07\/nouvelle-honda-cr-f-250-revolutionnaire\/","og_site_name":"Motocross - Enduro - Supermoto | MotocrossMag","article_published_time":"2017-07-31T07:40:20+00:00","article_modified_time":"2017-07-31T08:33:57+00:00","og_image":[{"width":1400,"height":933,"url":"https:\/\/fr.motocrossmag.be\/wp-content\/uploads\/2017\/07\/honda-crf-250-2018.jpg","type":"image\/jpeg"}],"author":"oliviere","twitter_card":"summary_large_image","twitter_misc":{"\u00c9crit par":"oliviere","Dur\u00e9e de lecture estim\u00e9e":"2 minutes"},"schema":{"@context":"https:\/\/schema.org","@graph":[{"@type":"Article","@id":"https:\/\/fr.motocrossmag.be\/index.php\/2017\/07\/nouvelle-honda-cr-f-250-revolutionnaire\/#article","isPartOf":{"@id":"https:\/\/fr.motocrossmag.be\/index.php\/2017\/07\/nouvelle-honda-cr-f-250-revolutionnaire\/"},"author":{"name":"oliviere","@id":"https:\/\/fr.motocrossmag.be\/#\/schema\/person\/11b47143d9f755babca2c9110e03235c"},"headline":"Nouvelle Honda CR-F 250 : r\u00e9volutionnaire !","datePublished":"2017-07-31T07:40:20+00:00","dateModified":"2017-07-31T08:33:57+00:00","mainEntityOfPage":{"@id":"https:\/\/fr.motocrossmag.be\/index.php\/2017\/07\/nouvelle-honda-cr-f-250-revolutionnaire\/"},"wordCount":414,"commentCount":0,"image":{"@id":"https:\/\/fr.motocrossmag.be\/index.php\/2017\/07\/nouvelle-honda-cr-f-250-revolutionnaire\/#primaryimage"},"thumbnailUrl":"https:\/\/fr.motocrossmag.be\/wp-content\/uploads\/2017\/07\/honda-crf-250-2018.jpg","articleSection":["Actualit\u00e9","Motocross","News","News","Produits","Slideshow"],"inLanguage":"fr-FR","potentialAction":[{"@type":"CommentAction","name":"Comment","target":["https:\/\/fr.motocrossmag.be\/index.php\/2017\/07\/nouvelle-honda-cr-f-250-revolutionnaire\/#respond"]}]},{"@type":"WebPage","@id":"https:\/\/fr.motocrossmag.be\/index.php\/2017\/07\/nouvelle-honda-cr-f-250-revolutionnaire\/","url":"https:\/\/fr.motocrossmag.be\/index.php\/2017\/07\/nouvelle-honda-cr-f-250-revolutionnaire\/","name":"Nouvelle Honda CR-F 250 : r\u00e9volutionnaire ! - Motocross - Enduro - Supermoto | MotocrossMag","isPartOf":{"@id":"https:\/\/fr.motocrossmag.be\/#website"},"primaryImageOfPage":{"@id":"https:\/\/fr.motocrossmag.be\/index.php\/2017\/07\/nouvelle-honda-cr-f-250-revolutionnaire\/#primaryimage"},"image":{"@id":"https:\/\/fr.motocrossmag.be\/index.php\/2017\/07\/nouvelle-honda-cr-f-250-revolutionnaire\/#primaryimage"},"thumbnailUrl":"https:\/\/fr.motocrossmag.be\/wp-content\/uploads\/2017\/07\/honda-crf-250-2018.jpg","datePublished":"2017-07-31T07:40:20+00:00","dateModified":"2017-07-31T08:33:57+00:00","author":{"@id":"https:\/\/fr.motocrossmag.be\/#\/schema\/person\/11b47143d9f755babca2c9110e03235c"},"breadcrumb":{"@id":"https:\/\/fr.motocrossmag.be\/index.php\/2017\/07\/nouvelle-honda-cr-f-250-revolutionnaire\/#breadcrumb"},"inLanguage":"fr-FR","potentialAction":[{"@type":"ReadAction","target":["https:\/\/fr.motocrossmag.be\/index.php\/2017\/07\/nouvelle-honda-cr-f-250-revolutionnaire\/"]}]},{"@type":"ImageObject","inLanguage":"fr-FR","@id":"https:\/\/fr.motocrossmag.be\/index.php\/2017\/07\/nouvelle-honda-cr-f-250-revolutionnaire\/#primaryimage","url":"https:\/\/fr.motocrossmag.be\/wp-content\/uploads\/2017\/07\/honda-crf-250-2018.jpg","contentUrl":"https:\/\/fr.motocrossmag.be\/wp-content\/uploads\/2017\/07\/honda-crf-250-2018.jpg","width":1400,"height":933},{"@type":"BreadcrumbList","@id":"https:\/\/fr.motocrossmag.be\/index.php\/2017\/07\/nouvelle-honda-cr-f-250-revolutionnaire\/#breadcrumb","itemListElement":[{"@type":"ListItem","position":1,"name":"Accueil","item":"https:\/\/fr.motocrossmag.be\/"},{"@type":"ListItem","position":2,"name":"Nouvelle Honda CR-F 250 : r\u00e9volutionnaire !"}]},{"@type":"WebSite","@id":"https:\/\/fr.motocrossmag.be\/#website","url":"https:\/\/fr.motocrossmag.be\/","name":"Motocross - Enduro - Supermoto | MotocrossMag","description":"L&#039;actualit\u00e9 du motocross, de l&#039;enduro et du Supermoto en ligne!","potentialAction":[{"@type":"SearchAction","target":{"@type":"EntryPoint","urlTemplate":"https:\/\/fr.motocrossmag.be\/?s={search_term_string}"},"query-input":{"@type":"PropertyValueSpecification","valueRequired":true,"valueName":"search_term_string"}}],"inLanguage":"fr-FR"},{"@type":"Person","@id":"https:\/\/fr.motocrossmag.be\/#\/schema\/person\/11b47143d9f755babca2c9110e03235c","name":"oliviere","image":{"@type":"ImageObject","inLanguage":"fr-FR","@id":"https:\/\/secure.gravatar.com\/avatar\/907069e0b81d119452040469e4a7501da1100f54f7f80180ce77bfab718288f6?s=96&d=mm&r=g","url":"https:\/\/secure.gravatar.com\/avatar\/907069e0b81d119452040469e4a7501da1100f54f7f80180ce77bfab718288f6?s=96&d=mm&r=g","contentUrl":"https:\/\/secure.gravatar.com\/avatar\/907069e0b81d119452040469e4a7501da1100f54f7f80180ce77bfab718288f6?s=96&d=mm&r=g","caption":"oliviere"},"sameAs":["http:\/\/www.motocrossmag.be"],"url":"https:\/\/fr.motocrossmag.be\/index.php\/author\/oliviere\/"}]}},"_links":{"self":[{"href":"https:\/\/fr.motocrossmag.be\/index.php\/wp-json\/wp\/v2\/posts\/61970","targetHints":{"allow":["GET"]}}],"collection":[{"href":"https:\/\/fr.motocrossmag.be\/index.php\/wp-json\/wp\/v2\/posts"}],"about":[{"href":"https:\/\/fr.motocrossmag.be\/index.php\/wp-json\/wp\/v2\/types\/post"}],"author":[{"embeddable":true,"href":"https:\/\/fr.motocrossmag.be\/index.php\/wp-json\/wp\/v2\/users\/932"}],"replies":[{"embeddable":true,"href":"https:\/\/fr.motocrossmag.be\/index.php\/wp-json\/wp\/v2\/comments?post=61970"}],"version-history":[{"count":2,"href":"https:\/\/fr.motocrossmag.be\/index.php\/wp-json\/wp\/v2\/posts\/61970\/revisions"}],"predecessor-version":[{"id":61996,"href":"https:\/\/fr.motocrossmag.be\/index.php\/wp-json\/wp\/v2\/posts\/61970\/revisions\/61996"}],"wp:featuredmedia":[{"embeddable":true,"href":"https:\/\/fr.motocrossmag.be\/index.php\/wp-json\/wp\/v2\/media\/61992"}],"wp:attachment":[{"href":"https:\/\/fr.motocrossmag.be\/index.php\/wp-json\/wp\/v2\/media?parent=61970"}],"wp:term":[{"taxonomy":"category","embeddable":true,"href":"https:\/\/fr.motocrossmag.be\/index.php\/wp-json\/wp\/v2\/categories?post=61970"},{"taxonomy":"post_tag","embeddable":true,"href":"https:\/\/fr.motocrossmag.be\/index.php\/wp-json\/wp\/v2\/tags?post=61970"}],"curies":[{"name":"wp","href":"https:\/\/api.w.org\/{rel}","templated":true}]}}