{"id":62202,"date":"2017-08-04T11:15:08","date_gmt":"2017-08-04T09:15:08","guid":{"rendered":"http:\/\/fr.motocrossmag.be\/?p=62202"},"modified":"2017-08-04T11:19:23","modified_gmt":"2017-08-04T09:19:23","slug":"deux-husqvarna-officielles-sur-les-12-heures-de-la-chinelle","status":"publish","type":"post","link":"https:\/\/fr.motocrossmag.be\/index.php\/2017\/08\/deux-husqvarna-officielles-sur-les-12-heures-de-la-chinelle\/","title":{"rendered":"Deux Husqvarna officielles sur les 12 Heures de la Chinelle"},"content":{"rendered":"<p><strong>L&rsquo;an pass\u00e9, Husqvarna avait cr\u00e9\u00e9 la surprise en imposant devant les favoris une machine pilot\u00e9e par le jeune trio compos\u00e9 de Nathan Renkens, Cyril Genot et Wietse Brackman. Il s&rsquo;agissait de la premi\u00e8re victoire de la marque sur les 12 Heures de la Chinelle.<\/strong><\/p>\n<p>Ces 12 et 13 ao\u00fbt, Husqvarna Belgique alignera, toujours sous la supervision de Wim Vanderheyden, deux FE 450 susceptibles de jouer les premiers r\u00f4les sur l&rsquo;\u00e9preuve d&rsquo;endurance tout-terrain la plus attendue du calendrier belge. La premi\u00e8re sera confi\u00e9e \u00e0 deux pilotes qui connaissent bien l&rsquo;\u00e9preuve et qui roulent r\u00e9guli\u00e8rement ensemble sur les \u00e9preuves de longue haleine : Jiliani Cambre et J\u00e9r\u00f4me Martiny. Si le premier est mont\u00e9 sur le podium de Franchimont en 2013, il a sign\u00e9 la pole aux essais chronom\u00e9tr\u00e9s de 2015, un exercice dans lequel le second excelle lui aussi puisque J\u00e9r\u00f4me avait d\u00e9croch\u00e9 le meilleur chrono l&rsquo;an dernier avant de mener la premi\u00e8re heure de course. Nos deux compatriotes seront associ\u00e9s au jeune Hollandais Thierry Pittens (22 ans), engag\u00e9 sur le championnat d&rsquo;Europe d&rsquo;enduro.<\/p>\n<div id=\"attachment_50152\" style=\"width: 660px\" class=\"wp-caption alignnone\"><img decoding=\"async\" aria-describedby=\"caption-attachment-50152\" class=\"lazyload size-medium wp-image-50152\" src=\"http:\/\/fr.motocrossmag.be\/wp-content\/uploads\/2016\/08\/Chinelle_2016-5N8A50071-650x433.jpg\" data-orig-src=\"http:\/\/fr.motocrossmag.be\/wp-content\/uploads\/2016\/08\/Chinelle_2016-5N8A50071-650x433.jpg\" alt=\"\" width=\"650\" height=\"433\" srcset=\"data:image\/svg+xml,%3Csvg%20xmlns%3D%27http%3A%2F%2Fwww.w3.org%2F2000%2Fsvg%27%20width%3D%27650%27%20height%3D%27433%27%20viewBox%3D%270%200%20650%20433%27%3E%3Crect%20width%3D%27650%27%20height%3D%27433%27%20fill-opacity%3D%220%22%2F%3E%3C%2Fsvg%3E\" data-srcset=\"https:\/\/fr.motocrossmag.be\/wp-content\/uploads\/2016\/08\/Chinelle_2016-5N8A50071-650x433.jpg 650w, https:\/\/fr.motocrossmag.be\/wp-content\/uploads\/2016\/08\/Chinelle_2016-5N8A50071-1024x683.jpg 1024w, https:\/\/fr.motocrossmag.be\/wp-content\/uploads\/2016\/08\/Chinelle_2016-5N8A50071.jpg 1200w\" data-sizes=\"auto\" data-orig-sizes=\"(max-width: 650px) 100vw, 650px\" \/><p id=\"caption-attachment-50152\" class=\"wp-caption-text\">Wim Vanderheyden sera \u00e0 nouveau \u00e0 la manoeuvre aurp\u00e8s des deux \u00e9quipages Husqvarna.<\/p><\/div>\n<p>&nbsp;<\/p>\n<p>Wietse Brackman pilotera quant \u00e0 lui la Husqvarna FE 450 n\u00b027. Le vainqueur de l&rsquo;\u00e9dition 2016 en partagera cette fois le guidon avec deux pilotes qui ont eux aussi d\u00e9j\u00e0 inscrit leur nom au palmar\u00e8s de la Chinelle : Kevin Fors (3 victoires) et Jean-Fran\u00e7ois Goblet (1 victoire). Sur le podium en 2015 au guidon d&rsquo;une Husqvarna 300 2-temps, Fors revient sur l&rsquo;\u00e9preuve bien d\u00e9cid\u00e9 \u00e0 jouer la victoire avec une 450 qui convient mieux \u00e0 son pilotage. Quant \u00e0 Jeff Goblet, il compte bien confirmer au terme du tour d&rsquo;horloge son retour en force sur le championnat de Belgique d&rsquo;enduro. Bless\u00e9, il avait d\u00fb faire l&rsquo;impasse sur les \u00e9ditions 2015 et 2016 des 12 Heures de la Chinelle.<\/p>\n<p>&nbsp;<\/p>\n<p>Photos : Nicolas Martin &amp; Sportsevents<\/p>\n","protected":false},"excerpt":{"rendered":"<p>L&rsquo;an pass\u00e9, Husqvarna avait cr\u00e9\u00e9 la surprise en imposant devant les favoris une machine pilot\u00e9e par le jeune trio compos\u00e9 de Nathan Renkens, Cyril Genot et Wietse Brackman. Il s&rsquo;agissait [&#8230;]<\/p>\n","protected":false},"author":932,"featured_media":50110,"comment_status":"open","ping_status":"closed","sticky":false,"template":"","format":"standard","meta":{"footnotes":""},"categories":[54,32,35,73,55,65],"tags":[],"class_list":["post-62202","post","type-post","status-publish","format-standard","has-post-thumbnail","hentry","category-actualite","category-enduro","category-fmb-enduro","category-chinelle","category-news-actualite","category-slideshow"],"yoast_head":"<!-- This site is optimized with the Yoast SEO plugin v27.4 - https:\/\/yoast.com\/product\/yoast-seo-wordpress\/ -->\n<title>Deux Husqvarna officielles sur les 12 Heures de la Chinelle - Motocross - Enduro - Supermoto | MotocrossMag<\/title>\n<meta name=\"robots\" content=\"index, follow, max-snippet:-1, max-image-preview:large, max-video-preview:-1\" \/>\n<link rel=\"canonical\" href=\"https:\/\/fr.motocrossmag.be\/index.php\/2017\/08\/deux-husqvarna-officielles-sur-les-12-heures-de-la-chinelle\/\" \/>\n<meta property=\"og:locale\" content=\"fr_FR\" \/>\n<meta property=\"og:type\" content=\"article\" \/>\n<meta property=\"og:title\" content=\"Deux Husqvarna officielles sur les 12 Heures de la Chinelle - Motocross - Enduro - Supermoto | MotocrossMag\" \/>\n<meta property=\"og:description\" content=\"L&rsquo;an pass\u00e9, Husqvarna avait cr\u00e9\u00e9 la surprise en imposant devant les favoris une machine pilot\u00e9e par le jeune trio compos\u00e9 de Nathan Renkens, Cyril Genot et Wietse Brackman. Il s&rsquo;agissait [...]\" \/>\n<meta property=\"og:url\" content=\"https:\/\/fr.motocrossmag.be\/index.php\/2017\/08\/deux-husqvarna-officielles-sur-les-12-heures-de-la-chinelle\/\" \/>\n<meta property=\"og:site_name\" content=\"Motocross - Enduro - Supermoto | MotocrossMag\" \/>\n<meta property=\"article:published_time\" content=\"2017-08-04T09:15:08+00:00\" \/>\n<meta property=\"article:modified_time\" content=\"2017-08-04T09:19:23+00:00\" \/>\n<meta property=\"og:image\" content=\"https:\/\/fr.motocrossmag.be\/wp-content\/uploads\/2016\/08\/Chinelle_2016-DSC_8796.jpg\" \/>\n\t<meta property=\"og:image:width\" content=\"1200\" \/>\n\t<meta property=\"og:image:height\" content=\"800\" \/>\n\t<meta property=\"og:image:type\" content=\"image\/jpeg\" \/>\n<meta name=\"author\" content=\"oliviere\" \/>\n<meta name=\"twitter:card\" content=\"summary_large_image\" \/>\n<meta name=\"twitter:label1\" content=\"\u00c9crit par\" \/>\n\t<meta name=\"twitter:data1\" content=\"oliviere\" \/>\n\t<meta name=\"twitter:label2\" content=\"Dur\u00e9e de lecture estim\u00e9e\" \/>\n\t<meta name=\"twitter:data2\" content=\"2 minutes\" \/>\n<script type=\"application\/ld+json\" class=\"yoast-schema-graph\">{\"@context\":\"https:\\\/\\\/schema.org\",\"@graph\":[{\"@type\":\"Article\",\"@id\":\"https:\\\/\\\/fr.motocrossmag.be\\\/index.php\\\/2017\\\/08\\\/deux-husqvarna-officielles-sur-les-12-heures-de-la-chinelle\\\/#article\",\"isPartOf\":{\"@id\":\"https:\\\/\\\/fr.motocrossmag.be\\\/index.php\\\/2017\\\/08\\\/deux-husqvarna-officielles-sur-les-12-heures-de-la-chinelle\\\/\"},\"author\":{\"name\":\"oliviere\",\"@id\":\"https:\\\/\\\/fr.motocrossmag.be\\\/#\\\/schema\\\/person\\\/11b47143d9f755babca2c9110e03235c\"},\"headline\":\"Deux Husqvarna officielles sur les 12 Heures de la Chinelle\",\"datePublished\":\"2017-08-04T09:15:08+00:00\",\"dateModified\":\"2017-08-04T09:19:23+00:00\",\"mainEntityOfPage\":{\"@id\":\"https:\\\/\\\/fr.motocrossmag.be\\\/index.php\\\/2017\\\/08\\\/deux-husqvarna-officielles-sur-les-12-heures-de-la-chinelle\\\/\"},\"wordCount\":337,\"commentCount\":0,\"image\":{\"@id\":\"https:\\\/\\\/fr.motocrossmag.be\\\/index.php\\\/2017\\\/08\\\/deux-husqvarna-officielles-sur-les-12-heures-de-la-chinelle\\\/#primaryimage\"},\"thumbnailUrl\":\"https:\\\/\\\/fr.motocrossmag.be\\\/wp-content\\\/uploads\\\/2016\\\/08\\\/Chinelle_2016-DSC_8796.jpg\",\"articleSection\":[\"Actualit\u00e9\",\"Enduro\",\"FMB\",\"La Chinelle\",\"News\",\"Slideshow\"],\"inLanguage\":\"fr-FR\",\"potentialAction\":[{\"@type\":\"CommentAction\",\"name\":\"Comment\",\"target\":[\"https:\\\/\\\/fr.motocrossmag.be\\\/index.php\\\/2017\\\/08\\\/deux-husqvarna-officielles-sur-les-12-heures-de-la-chinelle\\\/#respond\"]}]},{\"@type\":\"WebPage\",\"@id\":\"https:\\\/\\\/fr.motocrossmag.be\\\/index.php\\\/2017\\\/08\\\/deux-husqvarna-officielles-sur-les-12-heures-de-la-chinelle\\\/\",\"url\":\"https:\\\/\\\/fr.motocrossmag.be\\\/index.php\\\/2017\\\/08\\\/deux-husqvarna-officielles-sur-les-12-heures-de-la-chinelle\\\/\",\"name\":\"Deux Husqvarna officielles sur les 12 Heures de la Chinelle - Motocross - Enduro - Supermoto | MotocrossMag\",\"isPartOf\":{\"@id\":\"https:\\\/\\\/fr.motocrossmag.be\\\/#website\"},\"primaryImageOfPage\":{\"@id\":\"https:\\\/\\\/fr.motocrossmag.be\\\/index.php\\\/2017\\\/08\\\/deux-husqvarna-officielles-sur-les-12-heures-de-la-chinelle\\\/#primaryimage\"},\"image\":{\"@id\":\"https:\\\/\\\/fr.motocrossmag.be\\\/index.php\\\/2017\\\/08\\\/deux-husqvarna-officielles-sur-les-12-heures-de-la-chinelle\\\/#primaryimage\"},\"thumbnailUrl\":\"https:\\\/\\\/fr.motocrossmag.be\\\/wp-content\\\/uploads\\\/2016\\\/08\\\/Chinelle_2016-DSC_8796.jpg\",\"datePublished\":\"2017-08-04T09:15:08+00:00\",\"dateModified\":\"2017-08-04T09:19:23+00:00\",\"author\":{\"@id\":\"https:\\\/\\\/fr.motocrossmag.be\\\/#\\\/schema\\\/person\\\/11b47143d9f755babca2c9110e03235c\"},\"breadcrumb\":{\"@id\":\"https:\\\/\\\/fr.motocrossmag.be\\\/index.php\\\/2017\\\/08\\\/deux-husqvarna-officielles-sur-les-12-heures-de-la-chinelle\\\/#breadcrumb\"},\"inLanguage\":\"fr-FR\",\"potentialAction\":[{\"@type\":\"ReadAction\",\"target\":[\"https:\\\/\\\/fr.motocrossmag.be\\\/index.php\\\/2017\\\/08\\\/deux-husqvarna-officielles-sur-les-12-heures-de-la-chinelle\\\/\"]}]},{\"@type\":\"ImageObject\",\"inLanguage\":\"fr-FR\",\"@id\":\"https:\\\/\\\/fr.motocrossmag.be\\\/index.php\\\/2017\\\/08\\\/deux-husqvarna-officielles-sur-les-12-heures-de-la-chinelle\\\/#primaryimage\",\"url\":\"https:\\\/\\\/fr.motocrossmag.be\\\/wp-content\\\/uploads\\\/2016\\\/08\\\/Chinelle_2016-DSC_8796.jpg\",\"contentUrl\":\"https:\\\/\\\/fr.motocrossmag.be\\\/wp-content\\\/uploads\\\/2016\\\/08\\\/Chinelle_2016-DSC_8796.jpg\",\"width\":1200,\"height\":800},{\"@type\":\"BreadcrumbList\",\"@id\":\"https:\\\/\\\/fr.motocrossmag.be\\\/index.php\\\/2017\\\/08\\\/deux-husqvarna-officielles-sur-les-12-heures-de-la-chinelle\\\/#breadcrumb\",\"itemListElement\":[{\"@type\":\"ListItem\",\"position\":1,\"name\":\"Accueil\",\"item\":\"https:\\\/\\\/fr.motocrossmag.be\\\/\"},{\"@type\":\"ListItem\",\"position\":2,\"name\":\"Deux Husqvarna officielles sur les 12 Heures de la Chinelle\"}]},{\"@type\":\"WebSite\",\"@id\":\"https:\\\/\\\/fr.motocrossmag.be\\\/#website\",\"url\":\"https:\\\/\\\/fr.motocrossmag.be\\\/\",\"name\":\"Motocross - Enduro - Supermoto | MotocrossMag\",\"description\":\"L&#039;actualit\u00e9 du motocross, de l&#039;enduro et du Supermoto en ligne!\",\"potentialAction\":[{\"@type\":\"SearchAction\",\"target\":{\"@type\":\"EntryPoint\",\"urlTemplate\":\"https:\\\/\\\/fr.motocrossmag.be\\\/?s={search_term_string}\"},\"query-input\":{\"@type\":\"PropertyValueSpecification\",\"valueRequired\":true,\"valueName\":\"search_term_string\"}}],\"inLanguage\":\"fr-FR\"},{\"@type\":\"Person\",\"@id\":\"https:\\\/\\\/fr.motocrossmag.be\\\/#\\\/schema\\\/person\\\/11b47143d9f755babca2c9110e03235c\",\"name\":\"oliviere\",\"image\":{\"@type\":\"ImageObject\",\"inLanguage\":\"fr-FR\",\"@id\":\"https:\\\/\\\/secure.gravatar.com\\\/avatar\\\/907069e0b81d119452040469e4a7501da1100f54f7f80180ce77bfab718288f6?s=96&d=mm&r=g\",\"url\":\"https:\\\/\\\/secure.gravatar.com\\\/avatar\\\/907069e0b81d119452040469e4a7501da1100f54f7f80180ce77bfab718288f6?s=96&d=mm&r=g\",\"contentUrl\":\"https:\\\/\\\/secure.gravatar.com\\\/avatar\\\/907069e0b81d119452040469e4a7501da1100f54f7f80180ce77bfab718288f6?s=96&d=mm&r=g\",\"caption\":\"oliviere\"},\"sameAs\":[\"http:\\\/\\\/www.motocrossmag.be\"],\"url\":\"https:\\\/\\\/fr.motocrossmag.be\\\/index.php\\\/author\\\/oliviere\\\/\"}]}<\/script>\n<!-- \/ Yoast SEO plugin. -->","yoast_head_json":{"title":"Deux Husqvarna officielles sur les 12 Heures de la Chinelle - Motocross - Enduro - Supermoto | MotocrossMag","robots":{"index":"index","follow":"follow","max-snippet":"max-snippet:-1","max-image-preview":"max-image-preview:large","max-video-preview":"max-video-preview:-1"},"canonical":"https:\/\/fr.motocrossmag.be\/index.php\/2017\/08\/deux-husqvarna-officielles-sur-les-12-heures-de-la-chinelle\/","og_locale":"fr_FR","og_type":"article","og_title":"Deux Husqvarna officielles sur les 12 Heures de la Chinelle - Motocross - Enduro - Supermoto | MotocrossMag","og_description":"L&rsquo;an pass\u00e9, Husqvarna avait cr\u00e9\u00e9 la surprise en imposant devant les favoris une machine pilot\u00e9e par le jeune trio compos\u00e9 de Nathan Renkens, Cyril Genot et Wietse Brackman. Il s&rsquo;agissait [...]","og_url":"https:\/\/fr.motocrossmag.be\/index.php\/2017\/08\/deux-husqvarna-officielles-sur-les-12-heures-de-la-chinelle\/","og_site_name":"Motocross - Enduro - Supermoto | MotocrossMag","article_published_time":"2017-08-04T09:15:08+00:00","article_modified_time":"2017-08-04T09:19:23+00:00","og_image":[{"width":1200,"height":800,"url":"https:\/\/fr.motocrossmag.be\/wp-content\/uploads\/2016\/08\/Chinelle_2016-DSC_8796.jpg","type":"image\/jpeg"}],"author":"oliviere","twitter_card":"summary_large_image","twitter_misc":{"\u00c9crit par":"oliviere","Dur\u00e9e de lecture estim\u00e9e":"2 minutes"},"schema":{"@context":"https:\/\/schema.org","@graph":[{"@type":"Article","@id":"https:\/\/fr.motocrossmag.be\/index.php\/2017\/08\/deux-husqvarna-officielles-sur-les-12-heures-de-la-chinelle\/#article","isPartOf":{"@id":"https:\/\/fr.motocrossmag.be\/index.php\/2017\/08\/deux-husqvarna-officielles-sur-les-12-heures-de-la-chinelle\/"},"author":{"name":"oliviere","@id":"https:\/\/fr.motocrossmag.be\/#\/schema\/person\/11b47143d9f755babca2c9110e03235c"},"headline":"Deux Husqvarna officielles sur les 12 Heures de la Chinelle","datePublished":"2017-08-04T09:15:08+00:00","dateModified":"2017-08-04T09:19:23+00:00","mainEntityOfPage":{"@id":"https:\/\/fr.motocrossmag.be\/index.php\/2017\/08\/deux-husqvarna-officielles-sur-les-12-heures-de-la-chinelle\/"},"wordCount":337,"commentCount":0,"image":{"@id":"https:\/\/fr.motocrossmag.be\/index.php\/2017\/08\/deux-husqvarna-officielles-sur-les-12-heures-de-la-chinelle\/#primaryimage"},"thumbnailUrl":"https:\/\/fr.motocrossmag.be\/wp-content\/uploads\/2016\/08\/Chinelle_2016-DSC_8796.jpg","articleSection":["Actualit\u00e9","Enduro","FMB","La Chinelle","News","Slideshow"],"inLanguage":"fr-FR","potentialAction":[{"@type":"CommentAction","name":"Comment","target":["https:\/\/fr.motocrossmag.be\/index.php\/2017\/08\/deux-husqvarna-officielles-sur-les-12-heures-de-la-chinelle\/#respond"]}]},{"@type":"WebPage","@id":"https:\/\/fr.motocrossmag.be\/index.php\/2017\/08\/deux-husqvarna-officielles-sur-les-12-heures-de-la-chinelle\/","url":"https:\/\/fr.motocrossmag.be\/index.php\/2017\/08\/deux-husqvarna-officielles-sur-les-12-heures-de-la-chinelle\/","name":"Deux Husqvarna officielles sur les 12 Heures de la Chinelle - Motocross - Enduro - Supermoto | MotocrossMag","isPartOf":{"@id":"https:\/\/fr.motocrossmag.be\/#website"},"primaryImageOfPage":{"@id":"https:\/\/fr.motocrossmag.be\/index.php\/2017\/08\/deux-husqvarna-officielles-sur-les-12-heures-de-la-chinelle\/#primaryimage"},"image":{"@id":"https:\/\/fr.motocrossmag.be\/index.php\/2017\/08\/deux-husqvarna-officielles-sur-les-12-heures-de-la-chinelle\/#primaryimage"},"thumbnailUrl":"https:\/\/fr.motocrossmag.be\/wp-content\/uploads\/2016\/08\/Chinelle_2016-DSC_8796.jpg","datePublished":"2017-08-04T09:15:08+00:00","dateModified":"2017-08-04T09:19:23+00:00","author":{"@id":"https:\/\/fr.motocrossmag.be\/#\/schema\/person\/11b47143d9f755babca2c9110e03235c"},"breadcrumb":{"@id":"https:\/\/fr.motocrossmag.be\/index.php\/2017\/08\/deux-husqvarna-officielles-sur-les-12-heures-de-la-chinelle\/#breadcrumb"},"inLanguage":"fr-FR","potentialAction":[{"@type":"ReadAction","target":["https:\/\/fr.motocrossmag.be\/index.php\/2017\/08\/deux-husqvarna-officielles-sur-les-12-heures-de-la-chinelle\/"]}]},{"@type":"ImageObject","inLanguage":"fr-FR","@id":"https:\/\/fr.motocrossmag.be\/index.php\/2017\/08\/deux-husqvarna-officielles-sur-les-12-heures-de-la-chinelle\/#primaryimage","url":"https:\/\/fr.motocrossmag.be\/wp-content\/uploads\/2016\/08\/Chinelle_2016-DSC_8796.jpg","contentUrl":"https:\/\/fr.motocrossmag.be\/wp-content\/uploads\/2016\/08\/Chinelle_2016-DSC_8796.jpg","width":1200,"height":800},{"@type":"BreadcrumbList","@id":"https:\/\/fr.motocrossmag.be\/index.php\/2017\/08\/deux-husqvarna-officielles-sur-les-12-heures-de-la-chinelle\/#breadcrumb","itemListElement":[{"@type":"ListItem","position":1,"name":"Accueil","item":"https:\/\/fr.motocrossmag.be\/"},{"@type":"ListItem","position":2,"name":"Deux Husqvarna officielles sur les 12 Heures de la Chinelle"}]},{"@type":"WebSite","@id":"https:\/\/fr.motocrossmag.be\/#website","url":"https:\/\/fr.motocrossmag.be\/","name":"Motocross - Enduro - Supermoto | MotocrossMag","description":"L&#039;actualit\u00e9 du motocross, de l&#039;enduro et du Supermoto en ligne!","potentialAction":[{"@type":"SearchAction","target":{"@type":"EntryPoint","urlTemplate":"https:\/\/fr.motocrossmag.be\/?s={search_term_string}"},"query-input":{"@type":"PropertyValueSpecification","valueRequired":true,"valueName":"search_term_string"}}],"inLanguage":"fr-FR"},{"@type":"Person","@id":"https:\/\/fr.motocrossmag.be\/#\/schema\/person\/11b47143d9f755babca2c9110e03235c","name":"oliviere","image":{"@type":"ImageObject","inLanguage":"fr-FR","@id":"https:\/\/secure.gravatar.com\/avatar\/907069e0b81d119452040469e4a7501da1100f54f7f80180ce77bfab718288f6?s=96&d=mm&r=g","url":"https:\/\/secure.gravatar.com\/avatar\/907069e0b81d119452040469e4a7501da1100f54f7f80180ce77bfab718288f6?s=96&d=mm&r=g","contentUrl":"https:\/\/secure.gravatar.com\/avatar\/907069e0b81d119452040469e4a7501da1100f54f7f80180ce77bfab718288f6?s=96&d=mm&r=g","caption":"oliviere"},"sameAs":["http:\/\/www.motocrossmag.be"],"url":"https:\/\/fr.motocrossmag.be\/index.php\/author\/oliviere\/"}]}},"_links":{"self":[{"href":"https:\/\/fr.motocrossmag.be\/index.php\/wp-json\/wp\/v2\/posts\/62202","targetHints":{"allow":["GET"]}}],"collection":[{"href":"https:\/\/fr.motocrossmag.be\/index.php\/wp-json\/wp\/v2\/posts"}],"about":[{"href":"https:\/\/fr.motocrossmag.be\/index.php\/wp-json\/wp\/v2\/types\/post"}],"author":[{"embeddable":true,"href":"https:\/\/fr.motocrossmag.be\/index.php\/wp-json\/wp\/v2\/users\/932"}],"replies":[{"embeddable":true,"href":"https:\/\/fr.motocrossmag.be\/index.php\/wp-json\/wp\/v2\/comments?post=62202"}],"version-history":[{"count":2,"href":"https:\/\/fr.motocrossmag.be\/index.php\/wp-json\/wp\/v2\/posts\/62202\/revisions"}],"predecessor-version":[{"id":62205,"href":"https:\/\/fr.motocrossmag.be\/index.php\/wp-json\/wp\/v2\/posts\/62202\/revisions\/62205"}],"wp:featuredmedia":[{"embeddable":true,"href":"https:\/\/fr.motocrossmag.be\/index.php\/wp-json\/wp\/v2\/media\/50110"}],"wp:attachment":[{"href":"https:\/\/fr.motocrossmag.be\/index.php\/wp-json\/wp\/v2\/media?parent=62202"}],"wp:term":[{"taxonomy":"category","embeddable":true,"href":"https:\/\/fr.motocrossmag.be\/index.php\/wp-json\/wp\/v2\/categories?post=62202"},{"taxonomy":"post_tag","embeddable":true,"href":"https:\/\/fr.motocrossmag.be\/index.php\/wp-json\/wp\/v2\/tags?post=62202"}],"curies":[{"name":"wp","href":"https:\/\/api.w.org\/{rel}","templated":true}]}}