{"id":6272,"date":"2010-02-15T19:07:04","date_gmt":"2010-02-15T18:07:04","guid":{"rendered":"http:\/\/fr.motocrossmag.be\/?p=6272"},"modified":"2010-02-15T19:07:04","modified_gmt":"2010-02-15T18:07:04","slug":"galerie-photos-ouverture-sous-la-neige-a-lommel","status":"publish","type":"post","link":"https:\/\/fr.motocrossmag.be\/index.php\/2010\/02\/galerie-photos-ouverture-sous-la-neige-a-lommel\/","title":{"rendered":"Galerie photos | Ouverture sous la neige \u00e0\u00a0 Lommel"},"content":{"rendered":"<p>Le motocross de Lommel ouvrait ce dimanche 14 f\u00e9vrier la saison belge de motocross. Une \u00e9preuve disput\u00e9e sous la neige et dans des conditions particuli\u00e8rement\u00a0d\u00e9licates pour les pilotes mais qui a permis \u00e0\u00a0 J\u00e9r\u00e9my Delinc\u00e9 de se mettre en \u00e9vidence en remportant la premi\u00e8re manche MX1 avant de terminer 3\u00e8me dans la seconde. En MX2, Jo\u00ebl Roelants et Nick Triest ont domin\u00e9 les d\u00e9bats et ont offert au public une seconde manche qui valait \u00e0\u00a0 elle seule cette petite sortie hivernale pour les fans venus reprendre l&rsquo;air du motocross belge apr\u00e8s un hiver d\u00e9cid\u00e9ment trop long&#8230;<\/p>\n<p>Openingscross Lommel | Lommel &#8211; 14 f\u00e9vrier 2010<br \/>\nPhotographe: Christophe Desmet<\/p><div class=\"zlycp6a98f33b95bcc\" ><!-- \/91277017\/Inline-articles-mobile -->\n<div style=\"margin:auto; text-align:center !important\">\n<div id='div-gpt-ad-1784982661365-0' style='min-width: 250px; min-height: 75px;'>\n  <script>\n    googletag.cmd.push(function() { googletag.display('div-gpt-ad-1784982661365-0'); });\n  <\/script>\n<\/div><\/div><\/div><style type=\"text\/css\">\r\n.zlycp6a98f33b95bcc {\r\nmargin-bottom:30px;margin-top:20px\r\n}\r\n@media screen and (min-width: 1201px) {\r\n.zlycp6a98f33b95bcc {\r\ndisplay: block;\r\n}\r\n}\r\n@media screen and (min-width: 993px) and (max-width: 1200px) {\r\n.zlycp6a98f33b95bcc {\r\ndisplay: block;\r\n}\r\n}\r\n@media screen and (min-width: 769px) and (max-width: 992px) {\r\n.zlycp6a98f33b95bcc {\r\ndisplay: block;\r\n}\r\n}\r\n@media screen and (min-width: 768px) and (max-width: 768px) {\r\n.zlycp6a98f33b95bcc {\r\ndisplay: block;\r\n}\r\n}\r\n@media screen and (max-width: 767px) {\r\n.zlycp6a98f33b95bcc {\r\ndisplay: block;\r\n}\r\n}\r\n<\/style>\r\n\n<p><a rel=\"lightbox dia=1\" href=\"http:\/\/fr.motocrossmag.be\/wp-content\/uploads\/2010\/02\/lommelint_-24.jpg\"><img decoding=\"async\" class=\"alignnone size-thumbnail wp-image-6318\" title=\"lommelint_-24\" src=\"http:\/\/fr.motocrossmag.be\/wp-content\/uploads\/2010\/02\/lommelint_-24-150x150.jpg\" alt=\"\" width=\"150\" height=\"150\" \/><\/a>\u00a0\u00a0 <a rel=\"lightbox dia=1\" href=\"http:\/\/fr.motocrossmag.be\/wp-content\/uploads\/2010\/02\/lommelint_-14.jpg\"><img decoding=\"async\" class=\"alignnone size-thumbnail wp-image-6317\" title=\"lommelint_-14\" src=\"http:\/\/fr.motocrossmag.be\/wp-content\/uploads\/2010\/02\/lommelint_-14-150x150.jpg\" alt=\"\" width=\"150\" height=\"150\" \/><\/a>\u00a0\u00a0 <a rel=\"lightbox dia=1\" href=\"http:\/\/fr.motocrossmag.be\/wp-content\/uploads\/2010\/02\/lommelint_-4.jpg\"><img decoding=\"async\" class=\"alignnone size-thumbnail wp-image-6316\" title=\"lommelint_-4\" src=\"http:\/\/fr.motocrossmag.be\/wp-content\/uploads\/2010\/02\/lommelint_-4-150x150.jpg\" alt=\"\" width=\"150\" height=\"150\" \/><\/a><br \/>\n<a rel=\"lightbox dia=1\" href=\"http:\/\/fr.motocrossmag.be\/wp-content\/uploads\/2010\/02\/lommelint_-9.jpg\"><img decoding=\"async\" class=\"alignnone size-thumbnail wp-image-6314\" title=\"lommelint_-9\" src=\"http:\/\/fr.motocrossmag.be\/wp-content\/uploads\/2010\/02\/lommelint_-9-150x150.jpg\" alt=\"\" width=\"150\" height=\"150\" \/><\/a>\u00a0\u00a0 <a rel=\"lightbox dia=1\" href=\"http:\/\/fr.motocrossmag.be\/wp-content\/uploads\/2010\/02\/lommelint_-27.jpg\"><img decoding=\"async\" class=\"alignnone size-thumbnail wp-image-6313\" title=\"lommelint_-27\" src=\"http:\/\/fr.motocrossmag.be\/wp-content\/uploads\/2010\/02\/lommelint_-27-150x150.jpg\" alt=\"\" width=\"150\" height=\"150\" \/><\/a>\u00a0\u00a0 <a rel=\"lightbox dia=1\" href=\"http:\/\/fr.motocrossmag.be\/wp-content\/uploads\/2010\/02\/lommelint_-38.jpg\"><img decoding=\"async\" class=\"alignnone size-thumbnail wp-image-6312\" title=\"lommelint_-38\" src=\"http:\/\/fr.motocrossmag.be\/wp-content\/uploads\/2010\/02\/lommelint_-38-150x150.jpg\" alt=\"\" width=\"150\" height=\"150\" \/><\/a><br \/>\n<a rel=\"lightbox dia=1\" href=\"http:\/\/fr.motocrossmag.be\/wp-content\/uploads\/2010\/02\/lommelint_-45.jpg\"><img decoding=\"async\" class=\"alignnone size-thumbnail wp-image-6311\" title=\"lommelint_-45\" src=\"http:\/\/fr.motocrossmag.be\/wp-content\/uploads\/2010\/02\/lommelint_-45-150x150.jpg\" alt=\"\" width=\"150\" height=\"150\" \/><\/a>\u00a0\u00a0 <a rel=\"lightbox dia=1\" href=\"http:\/\/fr.motocrossmag.be\/wp-content\/uploads\/2010\/02\/lommelint_-52.jpg\"><img decoding=\"async\" class=\"alignnone size-thumbnail wp-image-6310\" title=\"lommelint_-52\" src=\"http:\/\/fr.motocrossmag.be\/wp-content\/uploads\/2010\/02\/lommelint_-52-150x150.jpg\" alt=\"\" width=\"150\" height=\"150\" \/><\/a>\u00a0\u00a0 <a rel=\"lightbox dia=1\" href=\"http:\/\/fr.motocrossmag.be\/wp-content\/uploads\/2010\/02\/lommelint_-60.jpg\"><img decoding=\"async\" class=\"alignnone size-thumbnail wp-image-6309\" title=\"lommelint_-60\" src=\"http:\/\/fr.motocrossmag.be\/wp-content\/uploads\/2010\/02\/lommelint_-60-150x150.jpg\" alt=\"\" width=\"150\" height=\"150\" \/><\/a><br \/>\n<a rel=\"lightbox dia=1\" href=\"http:\/\/fr.motocrossmag.be\/wp-content\/uploads\/2010\/02\/lommelint_-65.jpg\"><img decoding=\"async\" class=\"alignnone size-thumbnail wp-image-6307\" title=\"lommelint_-65\" src=\"http:\/\/fr.motocrossmag.be\/wp-content\/uploads\/2010\/02\/lommelint_-65-150x150.jpg\" alt=\"\" width=\"150\" height=\"150\" \/><\/a>\u00a0\u00a0 <a rel=\"lightbox dia=1\" href=\"http:\/\/fr.motocrossmag.be\/wp-content\/uploads\/2010\/02\/lommelint_-71.jpg\"><img decoding=\"async\" class=\"alignnone size-thumbnail wp-image-6306\" title=\"lommelint_-71\" src=\"http:\/\/fr.motocrossmag.be\/wp-content\/uploads\/2010\/02\/lommelint_-71-150x150.jpg\" alt=\"\" width=\"150\" height=\"150\" \/><\/a>\u00a0\u00a0 <a rel=\"lightbox dia=1\" href=\"http:\/\/fr.motocrossmag.be\/wp-content\/uploads\/2010\/02\/lommelint_-76.jpg\"><img decoding=\"async\" class=\"alignnone size-thumbnail wp-image-6305\" title=\"lommelint_-76\" src=\"http:\/\/fr.motocrossmag.be\/wp-content\/uploads\/2010\/02\/lommelint_-76-150x150.jpg\" alt=\"\" width=\"150\" height=\"150\" \/><\/a><br \/>\n<a rel=\"lightbox dia=1\" href=\"http:\/\/fr.motocrossmag.be\/wp-content\/uploads\/2010\/02\/lommelint_-79.jpg\"><img decoding=\"async\" class=\"alignnone size-thumbnail wp-image-6304\" title=\"lommelint_-79\" src=\"http:\/\/fr.motocrossmag.be\/wp-content\/uploads\/2010\/02\/lommelint_-79-150x150.jpg\" alt=\"\" width=\"150\" height=\"150\" \/><\/a>\u00a0\u00a0 <a rel=\"lightbox dia=1\" href=\"http:\/\/fr.motocrossmag.be\/wp-content\/uploads\/2010\/02\/lommelint_-82.jpg\"><img decoding=\"async\" class=\"alignnone size-thumbnail wp-image-6303\" title=\"lommelint_-82\" src=\"http:\/\/fr.motocrossmag.be\/wp-content\/uploads\/2010\/02\/lommelint_-82-150x150.jpg\" alt=\"\" width=\"150\" height=\"150\" \/><\/a>\u00a0\u00a0 <a rel=\"lightbox dia=1\" href=\"http:\/\/fr.motocrossmag.be\/wp-content\/uploads\/2010\/02\/lommelint_-85.jpg\"><img decoding=\"async\" class=\"alignnone size-thumbnail wp-image-6302\" title=\"lommelint_-85\" src=\"http:\/\/fr.motocrossmag.be\/wp-content\/uploads\/2010\/02\/lommelint_-85-150x150.jpg\" alt=\"\" width=\"150\" height=\"150\" \/><\/a><br \/>\n<a rel=\"lightbox dia=1\" href=\"http:\/\/fr.motocrossmag.be\/wp-content\/uploads\/2010\/02\/lommelint_-88.jpg\"><img decoding=\"async\" class=\"alignnone size-thumbnail wp-image-6301\" title=\"lommelint_-88\" src=\"http:\/\/fr.motocrossmag.be\/wp-content\/uploads\/2010\/02\/lommelint_-88-150x150.jpg\" alt=\"\" width=\"150\" height=\"150\" \/><\/a>\u00a0\u00a0 <a rel=\"lightbox dia=1\" href=\"http:\/\/fr.motocrossmag.be\/wp-content\/uploads\/2010\/02\/lommelint_-90.jpg\"><img decoding=\"async\" class=\"alignnone size-thumbnail wp-image-6300\" title=\"lommelint_-90\" src=\"http:\/\/fr.motocrossmag.be\/wp-content\/uploads\/2010\/02\/lommelint_-90-150x150.jpg\" alt=\"\" width=\"150\" height=\"150\" \/><\/a>\u00a0\u00a0 <a rel=\"lightbox dia=1\" href=\"http:\/\/fr.motocrossmag.be\/wp-content\/uploads\/2010\/02\/lommelint_-91.jpg\"><img decoding=\"async\" class=\"alignnone size-thumbnail wp-image-6299\" title=\"lommelint_-91\" src=\"http:\/\/fr.motocrossmag.be\/wp-content\/uploads\/2010\/02\/lommelint_-91-150x150.jpg\" alt=\"\" width=\"150\" height=\"150\" \/><\/a><br \/>\n<a rel=\"lightbox dia=1\" href=\"http:\/\/fr.motocrossmag.be\/wp-content\/uploads\/2010\/02\/lommelint_-94.jpg\"><img decoding=\"async\" class=\"alignnone size-thumbnail wp-image-6298\" title=\"lommelint_-94\" src=\"http:\/\/fr.motocrossmag.be\/wp-content\/uploads\/2010\/02\/lommelint_-94-150x150.jpg\" alt=\"\" width=\"150\" height=\"150\" \/><\/a>\u00a0\u00a0 <a rel=\"lightbox dia=1\" href=\"http:\/\/fr.motocrossmag.be\/wp-content\/uploads\/2010\/02\/lommelint_-97.jpg\"><img decoding=\"async\" class=\"alignnone size-thumbnail wp-image-6297\" title=\"lommelint_-97\" src=\"http:\/\/fr.motocrossmag.be\/wp-content\/uploads\/2010\/02\/lommelint_-97-150x150.jpg\" alt=\"\" width=\"150\" height=\"150\" \/><\/a>\u00a0\u00a0 <a rel=\"lightbox dia=1\" href=\"http:\/\/fr.motocrossmag.be\/wp-content\/uploads\/2010\/02\/lommelint_-101.jpg\"><img decoding=\"async\" class=\"alignnone size-thumbnail wp-image-6296\" title=\"lommelint_-101\" src=\"http:\/\/fr.motocrossmag.be\/wp-content\/uploads\/2010\/02\/lommelint_-101-150x150.jpg\" alt=\"\" width=\"150\" height=\"150\" \/><\/a><br \/>\n<a rel=\"lightbox dia=1\" href=\"http:\/\/fr.motocrossmag.be\/wp-content\/uploads\/2010\/02\/lommelint_-109.jpg\"><img decoding=\"async\" class=\"alignnone size-thumbnail wp-image-6295\" title=\"lommelint_-109\" src=\"http:\/\/fr.motocrossmag.be\/wp-content\/uploads\/2010\/02\/lommelint_-109-150x150.jpg\" alt=\"\" width=\"150\" height=\"150\" \/><\/a>\u00a0\u00a0 <a rel=\"lightbox dia=1\" href=\"http:\/\/fr.motocrossmag.be\/wp-content\/uploads\/2010\/02\/lommelint_-117.jpg\"><img decoding=\"async\" class=\"alignnone size-thumbnail wp-image-6294\" title=\"lommelint_-117\" src=\"http:\/\/fr.motocrossmag.be\/wp-content\/uploads\/2010\/02\/lommelint_-117-150x150.jpg\" alt=\"\" width=\"150\" height=\"150\" \/><\/a>\u00a0\u00a0 <a rel=\"lightbox dia=1\" href=\"http:\/\/fr.motocrossmag.be\/wp-content\/uploads\/2010\/02\/lommelint_-124.jpg\"><img decoding=\"async\" class=\"alignnone size-thumbnail wp-image-6293\" title=\"lommelint_-124\" src=\"http:\/\/fr.motocrossmag.be\/wp-content\/uploads\/2010\/02\/lommelint_-124-150x150.jpg\" alt=\"\" width=\"150\" height=\"150\" \/><\/a><br \/>\n<a rel=\"lightbox dia=1\" href=\"http:\/\/fr.motocrossmag.be\/wp-content\/uploads\/2010\/02\/lommelint_-133.jpg\"><img decoding=\"async\" class=\"alignnone size-thumbnail wp-image-6292\" title=\"lommelint_-133\" src=\"http:\/\/fr.motocrossmag.be\/wp-content\/uploads\/2010\/02\/lommelint_-133-150x150.jpg\" alt=\"\" width=\"150\" height=\"150\" \/><\/a>\u00a0\u00a0 <a rel=\"lightbox dia=1\" href=\"http:\/\/fr.motocrossmag.be\/wp-content\/uploads\/2010\/02\/lommelint_-134.jpg\"><img decoding=\"async\" class=\"alignnone size-thumbnail wp-image-6291\" title=\"lommelint_-134\" src=\"http:\/\/fr.motocrossmag.be\/wp-content\/uploads\/2010\/02\/lommelint_-134-150x150.jpg\" alt=\"\" width=\"150\" height=\"150\" \/><\/a>\u00a0\u00a0 <a rel=\"lightbox dia=1\" href=\"http:\/\/fr.motocrossmag.be\/wp-content\/uploads\/2010\/02\/lommelint_-146.jpg\"><img decoding=\"async\" class=\"alignnone size-thumbnail wp-image-6290\" title=\"lommelint_-146\" src=\"http:\/\/fr.motocrossmag.be\/wp-content\/uploads\/2010\/02\/lommelint_-146-150x150.jpg\" alt=\"\" width=\"150\" height=\"150\" \/><\/a><br \/>\n<a rel=\"lightbox dia=1\" href=\"http:\/\/fr.motocrossmag.be\/wp-content\/uploads\/2010\/02\/lommelint_-150.jpg\"><img decoding=\"async\" class=\"alignnone size-thumbnail wp-image-6289\" title=\"lommelint_-150\" src=\"http:\/\/fr.motocrossmag.be\/wp-content\/uploads\/2010\/02\/lommelint_-150-150x150.jpg\" alt=\"\" width=\"150\" height=\"150\" \/><\/a>\u00a0\u00a0 <a rel=\"lightbox dia=1\" href=\"http:\/\/fr.motocrossmag.be\/wp-content\/uploads\/2010\/02\/lommelint_-160.jpg\"><img decoding=\"async\" class=\"alignnone size-thumbnail wp-image-6288\" title=\"lommelint_-160\" src=\"http:\/\/fr.motocrossmag.be\/wp-content\/uploads\/2010\/02\/lommelint_-160-150x150.jpg\" alt=\"\" width=\"150\" height=\"150\" \/><\/a>\u00a0\u00a0 <a rel=\"lightbox dia=1\" href=\"http:\/\/fr.motocrossmag.be\/wp-content\/uploads\/2010\/02\/lommelint_-165.jpg\"><img decoding=\"async\" class=\"alignnone size-thumbnail wp-image-6287\" title=\"lommelint_-165\" src=\"http:\/\/fr.motocrossmag.be\/wp-content\/uploads\/2010\/02\/lommelint_-165-150x150.jpg\" alt=\"\" width=\"150\" height=\"150\" \/><\/a><br \/>\n<a rel=\"lightbox dia=1\" href=\"http:\/\/fr.motocrossmag.be\/wp-content\/uploads\/2010\/02\/lommelint_-173.jpg\"><img decoding=\"async\" class=\"alignnone size-thumbnail wp-image-6286\" title=\"lommelint_-173\" src=\"http:\/\/fr.motocrossmag.be\/wp-content\/uploads\/2010\/02\/lommelint_-173-150x150.jpg\" alt=\"\" width=\"150\" height=\"150\" \/><\/a>\u00a0\u00a0 <a rel=\"lightbox dia=1\" href=\"http:\/\/fr.motocrossmag.be\/wp-content\/uploads\/2010\/02\/lommelint_-174.jpg\"><img decoding=\"async\" class=\"alignnone size-thumbnail wp-image-6285\" title=\"lommelint_-174\" src=\"http:\/\/fr.motocrossmag.be\/wp-content\/uploads\/2010\/02\/lommelint_-174-150x150.jpg\" alt=\"\" width=\"150\" height=\"150\" \/><\/a>\u00a0\u00a0 <a rel=\"lightbox dia=1\" href=\"http:\/\/fr.motocrossmag.be\/wp-content\/uploads\/2010\/02\/lommelint_-176.jpg\"><img decoding=\"async\" class=\"alignnone size-thumbnail wp-image-6284\" title=\"lommelint_-176\" src=\"http:\/\/fr.motocrossmag.be\/wp-content\/uploads\/2010\/02\/lommelint_-176-150x150.jpg\" alt=\"\" width=\"150\" height=\"150\" \/><\/a><br \/>\n<a rel=\"lightbox dia=1\" href=\"http:\/\/fr.motocrossmag.be\/wp-content\/uploads\/2010\/02\/lommelint_-198.jpg\"><img decoding=\"async\" class=\"alignnone size-thumbnail wp-image-6282\" title=\"lommelint_-198\" src=\"http:\/\/fr.motocrossmag.be\/wp-content\/uploads\/2010\/02\/lommelint_-198-150x150.jpg\" alt=\"\" width=\"150\" height=\"150\" \/><\/a>\u00a0\u00a0 <a rel=\"lightbox dia=1\" href=\"http:\/\/fr.motocrossmag.be\/wp-content\/uploads\/2010\/02\/lommelint_-214.jpg\"><img decoding=\"async\" class=\"alignnone size-thumbnail wp-image-6281\" title=\"lommelint_-214\" src=\"http:\/\/fr.motocrossmag.be\/wp-content\/uploads\/2010\/02\/lommelint_-214-150x150.jpg\" alt=\"\" width=\"150\" height=\"150\" \/><\/a>\u00a0\u00a0 <a rel=\"lightbox dia=1\" href=\"http:\/\/fr.motocrossmag.be\/wp-content\/uploads\/2010\/02\/lommelint_-216.jpg\"><img decoding=\"async\" class=\"alignnone size-thumbnail wp-image-6280\" title=\"lommelint_-216\" src=\"http:\/\/fr.motocrossmag.be\/wp-content\/uploads\/2010\/02\/lommelint_-216-150x150.jpg\" alt=\"\" width=\"150\" height=\"150\" \/><\/a><br \/>\n<a rel=\"lightbox dia=1\" href=\"http:\/\/fr.motocrossmag.be\/wp-content\/uploads\/2010\/02\/lommelint_-220.jpg\"><img decoding=\"async\" class=\"alignnone size-thumbnail wp-image-6279\" title=\"lommelint_-220\" src=\"http:\/\/fr.motocrossmag.be\/wp-content\/uploads\/2010\/02\/lommelint_-220-150x150.jpg\" alt=\"\" width=\"150\" height=\"150\" \/><\/a>\u00a0\u00a0\u00a0<a rel=\"lightbox dia=1\" href=\"http:\/\/fr.motocrossmag.be\/wp-content\/uploads\/2010\/02\/lommelint_-241.jpg\"><img decoding=\"async\" class=\"alignnone size-thumbnail wp-image-6277\" title=\"lommelint_-241\" src=\"http:\/\/fr.motocrossmag.be\/wp-content\/uploads\/2010\/02\/lommelint_-241-150x150.jpg\" alt=\"\" width=\"150\" height=\"150\" \/><\/a>\u00a0\u00a0 <a rel=\"lightbox dia=1\" href=\"http:\/\/fr.motocrossmag.be\/wp-content\/uploads\/2010\/02\/lommelint_-261.jpg\"><img decoding=\"async\" class=\"alignnone size-thumbnail wp-image-6273\" title=\"lommelint_-261\" src=\"http:\/\/fr.motocrossmag.be\/wp-content\/uploads\/2010\/02\/lommelint_-261-150x150.jpg\" alt=\"\" width=\"150\" height=\"150\" \/><\/a><br \/>\n<a rel=\"lightbox dia=1\" href=\"http:\/\/fr.motocrossmag.be\/wp-content\/uploads\/2010\/02\/lommelint_-250.jpg\"><img decoding=\"async\" class=\"alignnone size-thumbnail wp-image-6276\" title=\"lommelint_-250\" src=\"http:\/\/fr.motocrossmag.be\/wp-content\/uploads\/2010\/02\/lommelint_-250-150x150.jpg\" alt=\"\" width=\"150\" height=\"150\" \/><\/a>\u00a0\u00a0 <a rel=\"lightbox dia=1\" href=\"http:\/\/fr.motocrossmag.be\/wp-content\/uploads\/2010\/02\/lommelint_-253.jpg\"><img decoding=\"async\" class=\"alignnone size-thumbnail wp-image-6275\" title=\"lommelint_-253\" src=\"http:\/\/fr.motocrossmag.be\/wp-content\/uploads\/2010\/02\/lommelint_-253-150x150.jpg\" alt=\"\" width=\"150\" height=\"150\" \/><\/a>\u00a0\u00a0 <a rel=\"lightbox dia=1\" href=\"http:\/\/fr.motocrossmag.be\/wp-content\/uploads\/2010\/02\/lommelint_-260.jpg\"><img decoding=\"async\" class=\"alignnone size-thumbnail wp-image-6274\" title=\"lommelint_-260\" src=\"http:\/\/fr.motocrossmag.be\/wp-content\/uploads\/2010\/02\/lommelint_-260-150x150.jpg\" alt=\"\" width=\"150\" height=\"150\" \/><\/a>\u00a0<\/p>\n","protected":false},"excerpt":{"rendered":"<p>Le motocross de Lommel ouvrait ce dimanche 14 f\u00e9vrier la saison belge de motocross. Une \u00e9preuve disput\u00e9e sous la neige et dans des conditions particuli\u00e8rement\u00a0d\u00e9licates pour les pilotes mais qui a permis \u00e0\u00a0 J\u00e9r\u00e9my Delinc\u00e9 de se mettre en \u00e9vidence en remportant la premi\u00e8re manche MX1 avant de terminer 3\u00e8me dans la seconde. En MX2, [&hellip;]<\/p>\n","protected":false},"author":932,"featured_media":0,"comment_status":"open","ping_status":"closed","sticky":false,"template":"","format":"standard","meta":{"tdm_status":"","tdm_grid_status":"","footnotes":""},"categories":[66,65],"tags":[],"class_list":["post-6272","post","type-post","status-publish","format-standard","category-photos","category-slideshow"],"yoast_head":"<!-- This site is optimized with the Yoast SEO plugin v28.4 - https:\/\/yoast.com\/product\/yoast-seo-wordpress\/ -->\n<title>Galerie photos | Ouverture sous la neige \u00e0\u00a0 Lommel - Motocross - Enduro - Supermoto | MotocrossMag<\/title>\n<meta name=\"robots\" content=\"index, follow, max-snippet:-1, max-image-preview:large, max-video-preview:-1\" \/>\n<link rel=\"canonical\" href=\"https:\/\/fr.motocrossmag.be\/index.php\/2010\/02\/galerie-photos-ouverture-sous-la-neige-a-lommel\/\" \/>\n<meta property=\"og:locale\" content=\"fr_FR\" \/>\n<meta property=\"og:type\" content=\"article\" \/>\n<meta property=\"og:title\" content=\"Galerie photos | Ouverture sous la neige \u00e0\u00a0 Lommel - Motocross - Enduro - Supermoto | MotocrossMag\" \/>\n<meta property=\"og:description\" content=\"Le motocross de Lommel ouvrait ce dimanche 14 f\u00e9vrier la saison belge de motocross. Une \u00e9preuve disput\u00e9e sous la neige et dans des conditions particuli\u00e8rement\u00a0d\u00e9licates pour les pilotes mais qui a permis \u00e0\u00a0 J\u00e9r\u00e9my Delinc\u00e9 de se mettre en \u00e9vidence en remportant la premi\u00e8re manche MX1 avant de terminer 3\u00e8me dans la seconde. En MX2, [&hellip;]\" \/>\n<meta property=\"og:url\" content=\"https:\/\/fr.motocrossmag.be\/index.php\/2010\/02\/galerie-photos-ouverture-sous-la-neige-a-lommel\/\" \/>\n<meta property=\"og:site_name\" content=\"Motocross - Enduro - Supermoto | MotocrossMag\" \/>\n<meta property=\"article:published_time\" content=\"2010-02-15T18:07:04+00:00\" \/>\n<meta property=\"og:image\" content=\"http:\/\/fr.motocrossmag.be\/wp-content\/uploads\/2010\/02\/lommelint_-24-150x150.jpg\" \/>\n<meta name=\"author\" content=\"oliviere\" \/>\n<meta name=\"twitter:card\" content=\"summary_large_image\" \/>\n<meta name=\"twitter:label1\" content=\"\u00c9crit par\" \/>\n\t<meta name=\"twitter:data1\" content=\"oliviere\" \/>\n\t<meta name=\"twitter:label2\" content=\"Dur\u00e9e de lecture estim\u00e9e\" \/>\n\t<meta name=\"twitter:data2\" content=\"1 minute\" \/>\n<script type=\"application\/ld+json\" class=\"yoast-schema-graph\">{\"@context\":\"https:\\\/\\\/schema.org\",\"@graph\":[{\"@type\":\"Article\",\"@id\":\"https:\\\/\\\/fr.motocrossmag.be\\\/index.php\\\/2010\\\/02\\\/galerie-photos-ouverture-sous-la-neige-a-lommel\\\/#article\",\"isPartOf\":{\"@id\":\"https:\\\/\\\/fr.motocrossmag.be\\\/index.php\\\/2010\\\/02\\\/galerie-photos-ouverture-sous-la-neige-a-lommel\\\/\"},\"author\":{\"name\":\"oliviere\",\"@id\":\"https:\\\/\\\/fr.motocrossmag.be\\\/#\\\/schema\\\/person\\\/11b47143d9f755babca2c9110e03235c\"},\"headline\":\"Galerie photos | Ouverture sous la neige \u00e0\u00a0 Lommel\",\"datePublished\":\"2010-02-15T18:07:04+00:00\",\"mainEntityOfPage\":{\"@id\":\"https:\\\/\\\/fr.motocrossmag.be\\\/index.php\\\/2010\\\/02\\\/galerie-photos-ouverture-sous-la-neige-a-lommel\\\/\"},\"wordCount\":123,\"commentCount\":0,\"image\":{\"@id\":\"https:\\\/\\\/fr.motocrossmag.be\\\/index.php\\\/2010\\\/02\\\/galerie-photos-ouverture-sous-la-neige-a-lommel\\\/#primaryimage\"},\"thumbnailUrl\":\"http:\\\/\\\/fr.motocrossmag.be\\\/wp-content\\\/uploads\\\/2010\\\/02\\\/lommelint_-24-150x150.jpg\",\"articleSection\":[\"Photos\",\"Slideshow\"],\"inLanguage\":\"fr-FR\",\"potentialAction\":[{\"@type\":\"CommentAction\",\"name\":\"Comment\",\"target\":[\"https:\\\/\\\/fr.motocrossmag.be\\\/index.php\\\/2010\\\/02\\\/galerie-photos-ouverture-sous-la-neige-a-lommel\\\/#respond\"]}]},{\"@type\":\"WebPage\",\"@id\":\"https:\\\/\\\/fr.motocrossmag.be\\\/index.php\\\/2010\\\/02\\\/galerie-photos-ouverture-sous-la-neige-a-lommel\\\/\",\"url\":\"https:\\\/\\\/fr.motocrossmag.be\\\/index.php\\\/2010\\\/02\\\/galerie-photos-ouverture-sous-la-neige-a-lommel\\\/\",\"name\":\"Galerie photos | Ouverture sous la neige \u00e0\u00a0 Lommel - Motocross - Enduro - Supermoto | MotocrossMag\",\"isPartOf\":{\"@id\":\"https:\\\/\\\/fr.motocrossmag.be\\\/#website\"},\"primaryImageOfPage\":{\"@id\":\"https:\\\/\\\/fr.motocrossmag.be\\\/index.php\\\/2010\\\/02\\\/galerie-photos-ouverture-sous-la-neige-a-lommel\\\/#primaryimage\"},\"image\":{\"@id\":\"https:\\\/\\\/fr.motocrossmag.be\\\/index.php\\\/2010\\\/02\\\/galerie-photos-ouverture-sous-la-neige-a-lommel\\\/#primaryimage\"},\"thumbnailUrl\":\"http:\\\/\\\/fr.motocrossmag.be\\\/wp-content\\\/uploads\\\/2010\\\/02\\\/lommelint_-24-150x150.jpg\",\"datePublished\":\"2010-02-15T18:07:04+00:00\",\"author\":{\"@id\":\"https:\\\/\\\/fr.motocrossmag.be\\\/#\\\/schema\\\/person\\\/11b47143d9f755babca2c9110e03235c\"},\"breadcrumb\":{\"@id\":\"https:\\\/\\\/fr.motocrossmag.be\\\/index.php\\\/2010\\\/02\\\/galerie-photos-ouverture-sous-la-neige-a-lommel\\\/#breadcrumb\"},\"inLanguage\":\"fr-FR\",\"potentialAction\":[{\"@type\":\"ReadAction\",\"target\":[\"https:\\\/\\\/fr.motocrossmag.be\\\/index.php\\\/2010\\\/02\\\/galerie-photos-ouverture-sous-la-neige-a-lommel\\\/\"]}]},{\"@type\":\"ImageObject\",\"inLanguage\":\"fr-FR\",\"@id\":\"https:\\\/\\\/fr.motocrossmag.be\\\/index.php\\\/2010\\\/02\\\/galerie-photos-ouverture-sous-la-neige-a-lommel\\\/#primaryimage\",\"url\":\"https:\\\/\\\/fr.motocrossmag.be\\\/wp-content\\\/uploads\\\/2010\\\/02\\\/lommelint_-24.jpg\",\"contentUrl\":\"https:\\\/\\\/fr.motocrossmag.be\\\/wp-content\\\/uploads\\\/2010\\\/02\\\/lommelint_-24.jpg\",\"width\":800,\"height\":533},{\"@type\":\"BreadcrumbList\",\"@id\":\"https:\\\/\\\/fr.motocrossmag.be\\\/index.php\\\/2010\\\/02\\\/galerie-photos-ouverture-sous-la-neige-a-lommel\\\/#breadcrumb\",\"itemListElement\":[{\"@type\":\"ListItem\",\"position\":1,\"name\":\"Accueil\",\"item\":\"https:\\\/\\\/fr.motocrossmag.be\\\/\"},{\"@type\":\"ListItem\",\"position\":2,\"name\":\"Galerie photos | Ouverture sous la neige \u00e0\u00a0 Lommel\"}]},{\"@type\":\"WebSite\",\"@id\":\"https:\\\/\\\/fr.motocrossmag.be\\\/#website\",\"url\":\"https:\\\/\\\/fr.motocrossmag.be\\\/\",\"name\":\"Motocross - Enduro - Supermoto | MotocrossMag\",\"description\":\"L&#039;actualit\u00e9 du motocross, de l&#039;enduro et du Supermoto en ligne!\",\"potentialAction\":[{\"@type\":\"SearchAction\",\"target\":{\"@type\":\"EntryPoint\",\"urlTemplate\":\"https:\\\/\\\/fr.motocrossmag.be\\\/?s={search_term_string}\"},\"query-input\":{\"@type\":\"PropertyValueSpecification\",\"valueRequired\":true,\"valueName\":\"search_term_string\"}}],\"inLanguage\":\"fr-FR\"},{\"@type\":\"Person\",\"@id\":\"https:\\\/\\\/fr.motocrossmag.be\\\/#\\\/schema\\\/person\\\/11b47143d9f755babca2c9110e03235c\",\"name\":\"oliviere\",\"image\":{\"@type\":\"ImageObject\",\"inLanguage\":\"fr-FR\",\"@id\":\"https:\\\/\\\/secure.gravatar.com\\\/avatar\\\/907069e0b81d119452040469e4a7501da1100f54f7f80180ce77bfab718288f6?s=96&d=mm&r=g\",\"url\":\"https:\\\/\\\/secure.gravatar.com\\\/avatar\\\/907069e0b81d119452040469e4a7501da1100f54f7f80180ce77bfab718288f6?s=96&d=mm&r=g\",\"contentUrl\":\"https:\\\/\\\/secure.gravatar.com\\\/avatar\\\/907069e0b81d119452040469e4a7501da1100f54f7f80180ce77bfab718288f6?s=96&d=mm&r=g\",\"caption\":\"oliviere\"},\"sameAs\":[\"http:\\\/\\\/www.motocrossmag.be\"],\"url\":\"https:\\\/\\\/fr.motocrossmag.be\\\/index.php\\\/author\\\/oliviere\\\/\"}]}<\/script>\n<!-- \/ Yoast SEO plugin. -->","yoast_head_json":{"title":"Galerie photos | Ouverture sous la neige \u00e0\u00a0 Lommel - Motocross - Enduro - Supermoto | MotocrossMag","robots":{"index":"index","follow":"follow","max-snippet":"max-snippet:-1","max-image-preview":"max-image-preview:large","max-video-preview":"max-video-preview:-1"},"canonical":"https:\/\/fr.motocrossmag.be\/index.php\/2010\/02\/galerie-photos-ouverture-sous-la-neige-a-lommel\/","og_locale":"fr_FR","og_type":"article","og_title":"Galerie photos | Ouverture sous la neige \u00e0\u00a0 Lommel - Motocross - Enduro - Supermoto | MotocrossMag","og_description":"Le motocross de Lommel ouvrait ce dimanche 14 f\u00e9vrier la saison belge de motocross. Une \u00e9preuve disput\u00e9e sous la neige et dans des conditions particuli\u00e8rement\u00a0d\u00e9licates pour les pilotes mais qui a permis \u00e0\u00a0 J\u00e9r\u00e9my Delinc\u00e9 de se mettre en \u00e9vidence en remportant la premi\u00e8re manche MX1 avant de terminer 3\u00e8me dans la seconde. En MX2, [&hellip;]","og_url":"https:\/\/fr.motocrossmag.be\/index.php\/2010\/02\/galerie-photos-ouverture-sous-la-neige-a-lommel\/","og_site_name":"Motocross - Enduro - Supermoto | MotocrossMag","article_published_time":"2010-02-15T18:07:04+00:00","og_image":[{"url":"http:\/\/fr.motocrossmag.be\/wp-content\/uploads\/2010\/02\/lommelint_-24-150x150.jpg","type":"","width":"","height":""}],"author":"oliviere","twitter_card":"summary_large_image","twitter_misc":{"\u00c9crit par":"oliviere","Dur\u00e9e de lecture estim\u00e9e":"1 minute"},"schema":{"@context":"https:\/\/schema.org","@graph":[{"@type":"Article","@id":"https:\/\/fr.motocrossmag.be\/index.php\/2010\/02\/galerie-photos-ouverture-sous-la-neige-a-lommel\/#article","isPartOf":{"@id":"https:\/\/fr.motocrossmag.be\/index.php\/2010\/02\/galerie-photos-ouverture-sous-la-neige-a-lommel\/"},"author":{"name":"oliviere","@id":"https:\/\/fr.motocrossmag.be\/#\/schema\/person\/11b47143d9f755babca2c9110e03235c"},"headline":"Galerie photos | Ouverture sous la neige \u00e0\u00a0 Lommel","datePublished":"2010-02-15T18:07:04+00:00","mainEntityOfPage":{"@id":"https:\/\/fr.motocrossmag.be\/index.php\/2010\/02\/galerie-photos-ouverture-sous-la-neige-a-lommel\/"},"wordCount":123,"commentCount":0,"image":{"@id":"https:\/\/fr.motocrossmag.be\/index.php\/2010\/02\/galerie-photos-ouverture-sous-la-neige-a-lommel\/#primaryimage"},"thumbnailUrl":"http:\/\/fr.motocrossmag.be\/wp-content\/uploads\/2010\/02\/lommelint_-24-150x150.jpg","articleSection":["Photos","Slideshow"],"inLanguage":"fr-FR","potentialAction":[{"@type":"CommentAction","name":"Comment","target":["https:\/\/fr.motocrossmag.be\/index.php\/2010\/02\/galerie-photos-ouverture-sous-la-neige-a-lommel\/#respond"]}]},{"@type":"WebPage","@id":"https:\/\/fr.motocrossmag.be\/index.php\/2010\/02\/galerie-photos-ouverture-sous-la-neige-a-lommel\/","url":"https:\/\/fr.motocrossmag.be\/index.php\/2010\/02\/galerie-photos-ouverture-sous-la-neige-a-lommel\/","name":"Galerie photos | Ouverture sous la neige \u00e0\u00a0 Lommel - Motocross - Enduro - Supermoto | MotocrossMag","isPartOf":{"@id":"https:\/\/fr.motocrossmag.be\/#website"},"primaryImageOfPage":{"@id":"https:\/\/fr.motocrossmag.be\/index.php\/2010\/02\/galerie-photos-ouverture-sous-la-neige-a-lommel\/#primaryimage"},"image":{"@id":"https:\/\/fr.motocrossmag.be\/index.php\/2010\/02\/galerie-photos-ouverture-sous-la-neige-a-lommel\/#primaryimage"},"thumbnailUrl":"http:\/\/fr.motocrossmag.be\/wp-content\/uploads\/2010\/02\/lommelint_-24-150x150.jpg","datePublished":"2010-02-15T18:07:04+00:00","author":{"@id":"https:\/\/fr.motocrossmag.be\/#\/schema\/person\/11b47143d9f755babca2c9110e03235c"},"breadcrumb":{"@id":"https:\/\/fr.motocrossmag.be\/index.php\/2010\/02\/galerie-photos-ouverture-sous-la-neige-a-lommel\/#breadcrumb"},"inLanguage":"fr-FR","potentialAction":[{"@type":"ReadAction","target":["https:\/\/fr.motocrossmag.be\/index.php\/2010\/02\/galerie-photos-ouverture-sous-la-neige-a-lommel\/"]}]},{"@type":"ImageObject","inLanguage":"fr-FR","@id":"https:\/\/fr.motocrossmag.be\/index.php\/2010\/02\/galerie-photos-ouverture-sous-la-neige-a-lommel\/#primaryimage","url":"https:\/\/fr.motocrossmag.be\/wp-content\/uploads\/2010\/02\/lommelint_-24.jpg","contentUrl":"https:\/\/fr.motocrossmag.be\/wp-content\/uploads\/2010\/02\/lommelint_-24.jpg","width":800,"height":533},{"@type":"BreadcrumbList","@id":"https:\/\/fr.motocrossmag.be\/index.php\/2010\/02\/galerie-photos-ouverture-sous-la-neige-a-lommel\/#breadcrumb","itemListElement":[{"@type":"ListItem","position":1,"name":"Accueil","item":"https:\/\/fr.motocrossmag.be\/"},{"@type":"ListItem","position":2,"name":"Galerie photos | Ouverture sous la neige \u00e0\u00a0 Lommel"}]},{"@type":"WebSite","@id":"https:\/\/fr.motocrossmag.be\/#website","url":"https:\/\/fr.motocrossmag.be\/","name":"Motocross - Enduro - Supermoto | MotocrossMag","description":"L&#039;actualit\u00e9 du motocross, de l&#039;enduro et du Supermoto en ligne!","potentialAction":[{"@type":"SearchAction","target":{"@type":"EntryPoint","urlTemplate":"https:\/\/fr.motocrossmag.be\/?s={search_term_string}"},"query-input":{"@type":"PropertyValueSpecification","valueRequired":true,"valueName":"search_term_string"}}],"inLanguage":"fr-FR"},{"@type":"Person","@id":"https:\/\/fr.motocrossmag.be\/#\/schema\/person\/11b47143d9f755babca2c9110e03235c","name":"oliviere","image":{"@type":"ImageObject","inLanguage":"fr-FR","@id":"https:\/\/secure.gravatar.com\/avatar\/907069e0b81d119452040469e4a7501da1100f54f7f80180ce77bfab718288f6?s=96&d=mm&r=g","url":"https:\/\/secure.gravatar.com\/avatar\/907069e0b81d119452040469e4a7501da1100f54f7f80180ce77bfab718288f6?s=96&d=mm&r=g","contentUrl":"https:\/\/secure.gravatar.com\/avatar\/907069e0b81d119452040469e4a7501da1100f54f7f80180ce77bfab718288f6?s=96&d=mm&r=g","caption":"oliviere"},"sameAs":["http:\/\/www.motocrossmag.be"],"url":"https:\/\/fr.motocrossmag.be\/index.php\/author\/oliviere\/"}]}},"_links":{"self":[{"href":"https:\/\/fr.motocrossmag.be\/index.php\/wp-json\/wp\/v2\/posts\/6272","targetHints":{"allow":["GET"]}}],"collection":[{"href":"https:\/\/fr.motocrossmag.be\/index.php\/wp-json\/wp\/v2\/posts"}],"about":[{"href":"https:\/\/fr.motocrossmag.be\/index.php\/wp-json\/wp\/v2\/types\/post"}],"author":[{"embeddable":true,"href":"https:\/\/fr.motocrossmag.be\/index.php\/wp-json\/wp\/v2\/users\/932"}],"replies":[{"embeddable":true,"href":"https:\/\/fr.motocrossmag.be\/index.php\/wp-json\/wp\/v2\/comments?post=6272"}],"version-history":[{"count":0,"href":"https:\/\/fr.motocrossmag.be\/index.php\/wp-json\/wp\/v2\/posts\/6272\/revisions"}],"wp:attachment":[{"href":"https:\/\/fr.motocrossmag.be\/index.php\/wp-json\/wp\/v2\/media?parent=6272"}],"wp:term":[{"taxonomy":"category","embeddable":true,"href":"https:\/\/fr.motocrossmag.be\/index.php\/wp-json\/wp\/v2\/categories?post=6272"},{"taxonomy":"post_tag","embeddable":true,"href":"https:\/\/fr.motocrossmag.be\/index.php\/wp-json\/wp\/v2\/tags?post=6272"}],"curies":[{"name":"wp","href":"https:\/\/api.w.org\/{rel}","templated":true}]}}