{"id":62771,"date":"2017-08-10T11:27:38","date_gmt":"2017-08-10T09:27:38","guid":{"rendered":"http:\/\/fr.motocrossmag.be\/?p=62771"},"modified":"2017-08-10T11:34:14","modified_gmt":"2017-08-10T09:34:14","slug":"12-heures-de-la-chinelle-christophe-bertrand-associe-a-eric-delannoy-marc-fraikin-et-mike-herman","status":"publish","type":"post","link":"https:\/\/fr.motocrossmag.be\/index.php\/2017\/08\/12-heures-de-la-chinelle-christophe-bertrand-associe-a-eric-delannoy-marc-fraikin-et-mike-herman\/","title":{"rendered":"12 Heures de la Chinelle : Christophe Bertrand associ\u00e9 \u00e0 Eric Delannoy, Marc Fraikin et Mike Herman"},"content":{"rendered":"<p><strong>Si vous consultez r\u00e9guli\u00e8rement MXMag, vous avez forc\u00e9ment d\u00e9j\u00e0 lu l&rsquo;un de ses essais. Depuis plusieurs ann\u00e9es, Christophe Bertrand voyage pour nous aux 4 coins de la plan\u00e8te pour nous en ramener son analyse \u00e0 propos des derni\u00e8res nouveaut\u00e9s off-road et nous en faire d\u00e9couvrir tous les secrets.<\/strong><\/p>\n<p>Retrait\u00e9 des circuits de motocross et de Supermoto, une discipline dont il a fait les beaux jours aux c\u00f4t\u00e9s d&rsquo;autres stars belges de la discipline comme Eddy Seel, Marc Fraikin, Thierry Godfroid ou encore G\u00e9rald Delepine, \u00ab\u00a0Strikeman\u00a0\u00bb sera pourtant \u00e0 l&rsquo;oeuvre ce week-end \u00e0 l&rsquo;occasion des 12 Heures de la Chinelle.<\/p>\n<div id=\"attachment_40418\" style=\"width: 660px\" class=\"wp-caption alignnone\"><img decoding=\"async\" aria-describedby=\"caption-attachment-40418\" class=\"lazyload size-medium wp-image-40418\" src=\"http:\/\/fr.motocrossmag.be\/wp-content\/uploads\/2015\/10\/Smets_Bertrand_KTM_Factory_2015-650x433.jpg\" data-orig-src=\"http:\/\/fr.motocrossmag.be\/wp-content\/uploads\/2015\/10\/Smets_Bertrand_KTM_Factory_2015-650x433.jpg\" alt=\"\" width=\"650\" height=\"433\" srcset=\"data:image\/svg+xml,%3Csvg%20xmlns%3D%27http%3A%2F%2Fwww.w3.org%2F2000%2Fsvg%27%20width%3D%27650%27%20height%3D%27433%27%20viewBox%3D%270%200%20650%20433%27%3E%3Crect%20width%3D%27650%27%20height%3D%27433%27%20fill-opacity%3D%220%22%2F%3E%3C%2Fsvg%3E\" data-srcset=\"https:\/\/fr.motocrossmag.be\/wp-content\/uploads\/2015\/10\/Smets_Bertrand_KTM_Factory_2015-650x433.jpg 650w, https:\/\/fr.motocrossmag.be\/wp-content\/uploads\/2015\/10\/Smets_Bertrand_KTM_Factory_2015.jpg 900w\" data-sizes=\"auto\" data-orig-sizes=\"(max-width: 650px) 100vw, 650px\" \/><p id=\"caption-attachment-40418\" class=\"wp-caption-text\">Christophe Bertrand parcourt le monde pour tester pour vous les derni\u00e8res nouveaut\u00e9s off-road et des machines d&rsquo;exception. Ici aux c\u00f4t\u00e9s de Jo\u00ebl Smets \u00e0 l&rsquo;occasion d&rsquo;un essai de la KTM Factory d&rsquo;Antonio Cairoli.<\/p><\/div>\n<p>Vainqueur de l&rsquo;\u00e9preuve en 1992 (il y a tout juste 25 ans !), notre \u00ab\u00a0test rider\u00a0\u00bb maison partagera le guidon de la KTM n\u00b086 avec les deux autres r\u00e9gionaux de l&rsquo;\u00e9tape que sont Eric Delannoy et Mike Herman ainsi qu&rsquo;avec le Li\u00e9geois Marc Fraikin. De l&rsquo;exp\u00e9rience \u00e0 revendre pour ces quatre valeurs s\u00fbres du paysage \u00ab\u00a0off-road\u00a0\u00bb belge qui connaissent les bois de Franchimont comme leur poche et qui pourraient bien jouer un r\u00f4le en vue dans le top-10 du classement scratch ces 12 et 13 ao\u00fbt&#8230;<\/p>\n","protected":false},"excerpt":{"rendered":"<p>Si vous consultez r\u00e9guli\u00e8rement MXMag, vous avez forc\u00e9ment d\u00e9j\u00e0 lu l&rsquo;un de ses essais. Depuis plusieurs ann\u00e9es, Christophe Bertrand voyage pour nous aux 4 coins de la plan\u00e8te pour nous [&#8230;]<\/p>\n","protected":false},"author":932,"featured_media":35444,"comment_status":"open","ping_status":"closed","sticky":false,"template":"","format":"standard","meta":{"footnotes":""},"categories":[54,32,35,73,55,65],"tags":[],"class_list":["post-62771","post","type-post","status-publish","format-standard","has-post-thumbnail","hentry","category-actualite","category-enduro","category-fmb-enduro","category-chinelle","category-news-actualite","category-slideshow"],"yoast_head":"<!-- This site is optimized with the Yoast SEO plugin v27.4 - https:\/\/yoast.com\/product\/yoast-seo-wordpress\/ -->\n<title>12 Heures de la Chinelle : Christophe Bertrand associ\u00e9 \u00e0 Eric Delannoy, Marc Fraikin et Mike Herman - Motocross - Enduro - Supermoto | MotocrossMag<\/title>\n<meta name=\"robots\" content=\"index, follow, max-snippet:-1, max-image-preview:large, max-video-preview:-1\" \/>\n<link rel=\"canonical\" href=\"https:\/\/fr.motocrossmag.be\/index.php\/2017\/08\/12-heures-de-la-chinelle-christophe-bertrand-associe-a-eric-delannoy-marc-fraikin-et-mike-herman\/\" \/>\n<meta property=\"og:locale\" content=\"fr_FR\" \/>\n<meta property=\"og:type\" content=\"article\" \/>\n<meta property=\"og:title\" content=\"12 Heures de la Chinelle : Christophe Bertrand associ\u00e9 \u00e0 Eric Delannoy, Marc Fraikin et Mike Herman - Motocross - Enduro - Supermoto | MotocrossMag\" \/>\n<meta property=\"og:description\" content=\"Si vous consultez r\u00e9guli\u00e8rement MXMag, vous avez forc\u00e9ment d\u00e9j\u00e0 lu l&rsquo;un de ses essais. Depuis plusieurs ann\u00e9es, Christophe Bertrand voyage pour nous aux 4 coins de la plan\u00e8te pour nous [...]\" \/>\n<meta property=\"og:url\" content=\"https:\/\/fr.motocrossmag.be\/index.php\/2017\/08\/12-heures-de-la-chinelle-christophe-bertrand-associe-a-eric-delannoy-marc-fraikin-et-mike-herman\/\" \/>\n<meta property=\"og:site_name\" content=\"Motocross - Enduro - Supermoto | MotocrossMag\" \/>\n<meta property=\"article:published_time\" content=\"2017-08-10T09:27:38+00:00\" \/>\n<meta property=\"article:modified_time\" content=\"2017-08-10T09:34:14+00:00\" \/>\n<meta property=\"og:image\" content=\"https:\/\/fr.motocrossmag.be\/wp-content\/uploads\/2015\/06\/EXC-2016_exc_2016_ch_bertrand1.jpg\" \/>\n\t<meta property=\"og:image:width\" content=\"900\" \/>\n\t<meta property=\"og:image:height\" content=\"601\" \/>\n\t<meta property=\"og:image:type\" content=\"image\/jpeg\" \/>\n<meta name=\"author\" content=\"oliviere\" \/>\n<meta name=\"twitter:card\" content=\"summary_large_image\" \/>\n<meta name=\"twitter:label1\" content=\"\u00c9crit par\" \/>\n\t<meta name=\"twitter:data1\" content=\"oliviere\" \/>\n\t<meta name=\"twitter:label2\" content=\"Dur\u00e9e de lecture estim\u00e9e\" \/>\n\t<meta name=\"twitter:data2\" content=\"1 minute\" \/>\n<script type=\"application\/ld+json\" class=\"yoast-schema-graph\">{\"@context\":\"https:\\\/\\\/schema.org\",\"@graph\":[{\"@type\":\"Article\",\"@id\":\"https:\\\/\\\/fr.motocrossmag.be\\\/index.php\\\/2017\\\/08\\\/12-heures-de-la-chinelle-christophe-bertrand-associe-a-eric-delannoy-marc-fraikin-et-mike-herman\\\/#article\",\"isPartOf\":{\"@id\":\"https:\\\/\\\/fr.motocrossmag.be\\\/index.php\\\/2017\\\/08\\\/12-heures-de-la-chinelle-christophe-bertrand-associe-a-eric-delannoy-marc-fraikin-et-mike-herman\\\/\"},\"author\":{\"name\":\"oliviere\",\"@id\":\"https:\\\/\\\/fr.motocrossmag.be\\\/#\\\/schema\\\/person\\\/11b47143d9f755babca2c9110e03235c\"},\"headline\":\"12 Heures de la Chinelle : Christophe Bertrand associ\u00e9 \u00e0 Eric Delannoy, Marc Fraikin et Mike Herman\",\"datePublished\":\"2017-08-10T09:27:38+00:00\",\"dateModified\":\"2017-08-10T09:34:14+00:00\",\"mainEntityOfPage\":{\"@id\":\"https:\\\/\\\/fr.motocrossmag.be\\\/index.php\\\/2017\\\/08\\\/12-heures-de-la-chinelle-christophe-bertrand-associe-a-eric-delannoy-marc-fraikin-et-mike-herman\\\/\"},\"wordCount\":262,\"commentCount\":0,\"image\":{\"@id\":\"https:\\\/\\\/fr.motocrossmag.be\\\/index.php\\\/2017\\\/08\\\/12-heures-de-la-chinelle-christophe-bertrand-associe-a-eric-delannoy-marc-fraikin-et-mike-herman\\\/#primaryimage\"},\"thumbnailUrl\":\"https:\\\/\\\/fr.motocrossmag.be\\\/wp-content\\\/uploads\\\/2015\\\/06\\\/EXC-2016_exc_2016_ch_bertrand1.jpg\",\"articleSection\":[\"Actualit\u00e9\",\"Enduro\",\"FMB\",\"La Chinelle\",\"News\",\"Slideshow\"],\"inLanguage\":\"fr-FR\",\"potentialAction\":[{\"@type\":\"CommentAction\",\"name\":\"Comment\",\"target\":[\"https:\\\/\\\/fr.motocrossmag.be\\\/index.php\\\/2017\\\/08\\\/12-heures-de-la-chinelle-christophe-bertrand-associe-a-eric-delannoy-marc-fraikin-et-mike-herman\\\/#respond\"]}]},{\"@type\":\"WebPage\",\"@id\":\"https:\\\/\\\/fr.motocrossmag.be\\\/index.php\\\/2017\\\/08\\\/12-heures-de-la-chinelle-christophe-bertrand-associe-a-eric-delannoy-marc-fraikin-et-mike-herman\\\/\",\"url\":\"https:\\\/\\\/fr.motocrossmag.be\\\/index.php\\\/2017\\\/08\\\/12-heures-de-la-chinelle-christophe-bertrand-associe-a-eric-delannoy-marc-fraikin-et-mike-herman\\\/\",\"name\":\"12 Heures de la Chinelle : Christophe Bertrand associ\u00e9 \u00e0 Eric Delannoy, Marc Fraikin et Mike Herman - Motocross - Enduro - Supermoto | MotocrossMag\",\"isPartOf\":{\"@id\":\"https:\\\/\\\/fr.motocrossmag.be\\\/#website\"},\"primaryImageOfPage\":{\"@id\":\"https:\\\/\\\/fr.motocrossmag.be\\\/index.php\\\/2017\\\/08\\\/12-heures-de-la-chinelle-christophe-bertrand-associe-a-eric-delannoy-marc-fraikin-et-mike-herman\\\/#primaryimage\"},\"image\":{\"@id\":\"https:\\\/\\\/fr.motocrossmag.be\\\/index.php\\\/2017\\\/08\\\/12-heures-de-la-chinelle-christophe-bertrand-associe-a-eric-delannoy-marc-fraikin-et-mike-herman\\\/#primaryimage\"},\"thumbnailUrl\":\"https:\\\/\\\/fr.motocrossmag.be\\\/wp-content\\\/uploads\\\/2015\\\/06\\\/EXC-2016_exc_2016_ch_bertrand1.jpg\",\"datePublished\":\"2017-08-10T09:27:38+00:00\",\"dateModified\":\"2017-08-10T09:34:14+00:00\",\"author\":{\"@id\":\"https:\\\/\\\/fr.motocrossmag.be\\\/#\\\/schema\\\/person\\\/11b47143d9f755babca2c9110e03235c\"},\"breadcrumb\":{\"@id\":\"https:\\\/\\\/fr.motocrossmag.be\\\/index.php\\\/2017\\\/08\\\/12-heures-de-la-chinelle-christophe-bertrand-associe-a-eric-delannoy-marc-fraikin-et-mike-herman\\\/#breadcrumb\"},\"inLanguage\":\"fr-FR\",\"potentialAction\":[{\"@type\":\"ReadAction\",\"target\":[\"https:\\\/\\\/fr.motocrossmag.be\\\/index.php\\\/2017\\\/08\\\/12-heures-de-la-chinelle-christophe-bertrand-associe-a-eric-delannoy-marc-fraikin-et-mike-herman\\\/\"]}]},{\"@type\":\"ImageObject\",\"inLanguage\":\"fr-FR\",\"@id\":\"https:\\\/\\\/fr.motocrossmag.be\\\/index.php\\\/2017\\\/08\\\/12-heures-de-la-chinelle-christophe-bertrand-associe-a-eric-delannoy-marc-fraikin-et-mike-herman\\\/#primaryimage\",\"url\":\"https:\\\/\\\/fr.motocrossmag.be\\\/wp-content\\\/uploads\\\/2015\\\/06\\\/EXC-2016_exc_2016_ch_bertrand1.jpg\",\"contentUrl\":\"https:\\\/\\\/fr.motocrossmag.be\\\/wp-content\\\/uploads\\\/2015\\\/06\\\/EXC-2016_exc_2016_ch_bertrand1.jpg\",\"width\":900,\"height\":601},{\"@type\":\"BreadcrumbList\",\"@id\":\"https:\\\/\\\/fr.motocrossmag.be\\\/index.php\\\/2017\\\/08\\\/12-heures-de-la-chinelle-christophe-bertrand-associe-a-eric-delannoy-marc-fraikin-et-mike-herman\\\/#breadcrumb\",\"itemListElement\":[{\"@type\":\"ListItem\",\"position\":1,\"name\":\"Accueil\",\"item\":\"https:\\\/\\\/fr.motocrossmag.be\\\/\"},{\"@type\":\"ListItem\",\"position\":2,\"name\":\"12 Heures de la Chinelle : Christophe Bertrand associ\u00e9 \u00e0 Eric Delannoy, Marc Fraikin et Mike Herman\"}]},{\"@type\":\"WebSite\",\"@id\":\"https:\\\/\\\/fr.motocrossmag.be\\\/#website\",\"url\":\"https:\\\/\\\/fr.motocrossmag.be\\\/\",\"name\":\"Motocross - Enduro - Supermoto | MotocrossMag\",\"description\":\"L&#039;actualit\u00e9 du motocross, de l&#039;enduro et du Supermoto en ligne!\",\"potentialAction\":[{\"@type\":\"SearchAction\",\"target\":{\"@type\":\"EntryPoint\",\"urlTemplate\":\"https:\\\/\\\/fr.motocrossmag.be\\\/?s={search_term_string}\"},\"query-input\":{\"@type\":\"PropertyValueSpecification\",\"valueRequired\":true,\"valueName\":\"search_term_string\"}}],\"inLanguage\":\"fr-FR\"},{\"@type\":\"Person\",\"@id\":\"https:\\\/\\\/fr.motocrossmag.be\\\/#\\\/schema\\\/person\\\/11b47143d9f755babca2c9110e03235c\",\"name\":\"oliviere\",\"image\":{\"@type\":\"ImageObject\",\"inLanguage\":\"fr-FR\",\"@id\":\"https:\\\/\\\/secure.gravatar.com\\\/avatar\\\/907069e0b81d119452040469e4a7501da1100f54f7f80180ce77bfab718288f6?s=96&d=mm&r=g\",\"url\":\"https:\\\/\\\/secure.gravatar.com\\\/avatar\\\/907069e0b81d119452040469e4a7501da1100f54f7f80180ce77bfab718288f6?s=96&d=mm&r=g\",\"contentUrl\":\"https:\\\/\\\/secure.gravatar.com\\\/avatar\\\/907069e0b81d119452040469e4a7501da1100f54f7f80180ce77bfab718288f6?s=96&d=mm&r=g\",\"caption\":\"oliviere\"},\"sameAs\":[\"http:\\\/\\\/www.motocrossmag.be\"],\"url\":\"https:\\\/\\\/fr.motocrossmag.be\\\/index.php\\\/author\\\/oliviere\\\/\"}]}<\/script>\n<!-- \/ Yoast SEO plugin. -->","yoast_head_json":{"title":"12 Heures de la Chinelle : Christophe Bertrand associ\u00e9 \u00e0 Eric Delannoy, Marc Fraikin et Mike Herman - Motocross - Enduro - Supermoto | MotocrossMag","robots":{"index":"index","follow":"follow","max-snippet":"max-snippet:-1","max-image-preview":"max-image-preview:large","max-video-preview":"max-video-preview:-1"},"canonical":"https:\/\/fr.motocrossmag.be\/index.php\/2017\/08\/12-heures-de-la-chinelle-christophe-bertrand-associe-a-eric-delannoy-marc-fraikin-et-mike-herman\/","og_locale":"fr_FR","og_type":"article","og_title":"12 Heures de la Chinelle : Christophe Bertrand associ\u00e9 \u00e0 Eric Delannoy, Marc Fraikin et Mike Herman - Motocross - Enduro - Supermoto | MotocrossMag","og_description":"Si vous consultez r\u00e9guli\u00e8rement MXMag, vous avez forc\u00e9ment d\u00e9j\u00e0 lu l&rsquo;un de ses essais. Depuis plusieurs ann\u00e9es, Christophe Bertrand voyage pour nous aux 4 coins de la plan\u00e8te pour nous [...]","og_url":"https:\/\/fr.motocrossmag.be\/index.php\/2017\/08\/12-heures-de-la-chinelle-christophe-bertrand-associe-a-eric-delannoy-marc-fraikin-et-mike-herman\/","og_site_name":"Motocross - Enduro - Supermoto | MotocrossMag","article_published_time":"2017-08-10T09:27:38+00:00","article_modified_time":"2017-08-10T09:34:14+00:00","og_image":[{"width":900,"height":601,"url":"https:\/\/fr.motocrossmag.be\/wp-content\/uploads\/2015\/06\/EXC-2016_exc_2016_ch_bertrand1.jpg","type":"image\/jpeg"}],"author":"oliviere","twitter_card":"summary_large_image","twitter_misc":{"\u00c9crit par":"oliviere","Dur\u00e9e de lecture estim\u00e9e":"1 minute"},"schema":{"@context":"https:\/\/schema.org","@graph":[{"@type":"Article","@id":"https:\/\/fr.motocrossmag.be\/index.php\/2017\/08\/12-heures-de-la-chinelle-christophe-bertrand-associe-a-eric-delannoy-marc-fraikin-et-mike-herman\/#article","isPartOf":{"@id":"https:\/\/fr.motocrossmag.be\/index.php\/2017\/08\/12-heures-de-la-chinelle-christophe-bertrand-associe-a-eric-delannoy-marc-fraikin-et-mike-herman\/"},"author":{"name":"oliviere","@id":"https:\/\/fr.motocrossmag.be\/#\/schema\/person\/11b47143d9f755babca2c9110e03235c"},"headline":"12 Heures de la Chinelle : Christophe Bertrand associ\u00e9 \u00e0 Eric Delannoy, Marc Fraikin et Mike Herman","datePublished":"2017-08-10T09:27:38+00:00","dateModified":"2017-08-10T09:34:14+00:00","mainEntityOfPage":{"@id":"https:\/\/fr.motocrossmag.be\/index.php\/2017\/08\/12-heures-de-la-chinelle-christophe-bertrand-associe-a-eric-delannoy-marc-fraikin-et-mike-herman\/"},"wordCount":262,"commentCount":0,"image":{"@id":"https:\/\/fr.motocrossmag.be\/index.php\/2017\/08\/12-heures-de-la-chinelle-christophe-bertrand-associe-a-eric-delannoy-marc-fraikin-et-mike-herman\/#primaryimage"},"thumbnailUrl":"https:\/\/fr.motocrossmag.be\/wp-content\/uploads\/2015\/06\/EXC-2016_exc_2016_ch_bertrand1.jpg","articleSection":["Actualit\u00e9","Enduro","FMB","La Chinelle","News","Slideshow"],"inLanguage":"fr-FR","potentialAction":[{"@type":"CommentAction","name":"Comment","target":["https:\/\/fr.motocrossmag.be\/index.php\/2017\/08\/12-heures-de-la-chinelle-christophe-bertrand-associe-a-eric-delannoy-marc-fraikin-et-mike-herman\/#respond"]}]},{"@type":"WebPage","@id":"https:\/\/fr.motocrossmag.be\/index.php\/2017\/08\/12-heures-de-la-chinelle-christophe-bertrand-associe-a-eric-delannoy-marc-fraikin-et-mike-herman\/","url":"https:\/\/fr.motocrossmag.be\/index.php\/2017\/08\/12-heures-de-la-chinelle-christophe-bertrand-associe-a-eric-delannoy-marc-fraikin-et-mike-herman\/","name":"12 Heures de la Chinelle : Christophe Bertrand associ\u00e9 \u00e0 Eric Delannoy, Marc Fraikin et Mike Herman - Motocross - Enduro - Supermoto | MotocrossMag","isPartOf":{"@id":"https:\/\/fr.motocrossmag.be\/#website"},"primaryImageOfPage":{"@id":"https:\/\/fr.motocrossmag.be\/index.php\/2017\/08\/12-heures-de-la-chinelle-christophe-bertrand-associe-a-eric-delannoy-marc-fraikin-et-mike-herman\/#primaryimage"},"image":{"@id":"https:\/\/fr.motocrossmag.be\/index.php\/2017\/08\/12-heures-de-la-chinelle-christophe-bertrand-associe-a-eric-delannoy-marc-fraikin-et-mike-herman\/#primaryimage"},"thumbnailUrl":"https:\/\/fr.motocrossmag.be\/wp-content\/uploads\/2015\/06\/EXC-2016_exc_2016_ch_bertrand1.jpg","datePublished":"2017-08-10T09:27:38+00:00","dateModified":"2017-08-10T09:34:14+00:00","author":{"@id":"https:\/\/fr.motocrossmag.be\/#\/schema\/person\/11b47143d9f755babca2c9110e03235c"},"breadcrumb":{"@id":"https:\/\/fr.motocrossmag.be\/index.php\/2017\/08\/12-heures-de-la-chinelle-christophe-bertrand-associe-a-eric-delannoy-marc-fraikin-et-mike-herman\/#breadcrumb"},"inLanguage":"fr-FR","potentialAction":[{"@type":"ReadAction","target":["https:\/\/fr.motocrossmag.be\/index.php\/2017\/08\/12-heures-de-la-chinelle-christophe-bertrand-associe-a-eric-delannoy-marc-fraikin-et-mike-herman\/"]}]},{"@type":"ImageObject","inLanguage":"fr-FR","@id":"https:\/\/fr.motocrossmag.be\/index.php\/2017\/08\/12-heures-de-la-chinelle-christophe-bertrand-associe-a-eric-delannoy-marc-fraikin-et-mike-herman\/#primaryimage","url":"https:\/\/fr.motocrossmag.be\/wp-content\/uploads\/2015\/06\/EXC-2016_exc_2016_ch_bertrand1.jpg","contentUrl":"https:\/\/fr.motocrossmag.be\/wp-content\/uploads\/2015\/06\/EXC-2016_exc_2016_ch_bertrand1.jpg","width":900,"height":601},{"@type":"BreadcrumbList","@id":"https:\/\/fr.motocrossmag.be\/index.php\/2017\/08\/12-heures-de-la-chinelle-christophe-bertrand-associe-a-eric-delannoy-marc-fraikin-et-mike-herman\/#breadcrumb","itemListElement":[{"@type":"ListItem","position":1,"name":"Accueil","item":"https:\/\/fr.motocrossmag.be\/"},{"@type":"ListItem","position":2,"name":"12 Heures de la Chinelle : Christophe Bertrand associ\u00e9 \u00e0 Eric Delannoy, Marc Fraikin et Mike Herman"}]},{"@type":"WebSite","@id":"https:\/\/fr.motocrossmag.be\/#website","url":"https:\/\/fr.motocrossmag.be\/","name":"Motocross - Enduro - Supermoto | MotocrossMag","description":"L&#039;actualit\u00e9 du motocross, de l&#039;enduro et du Supermoto en ligne!","potentialAction":[{"@type":"SearchAction","target":{"@type":"EntryPoint","urlTemplate":"https:\/\/fr.motocrossmag.be\/?s={search_term_string}"},"query-input":{"@type":"PropertyValueSpecification","valueRequired":true,"valueName":"search_term_string"}}],"inLanguage":"fr-FR"},{"@type":"Person","@id":"https:\/\/fr.motocrossmag.be\/#\/schema\/person\/11b47143d9f755babca2c9110e03235c","name":"oliviere","image":{"@type":"ImageObject","inLanguage":"fr-FR","@id":"https:\/\/secure.gravatar.com\/avatar\/907069e0b81d119452040469e4a7501da1100f54f7f80180ce77bfab718288f6?s=96&d=mm&r=g","url":"https:\/\/secure.gravatar.com\/avatar\/907069e0b81d119452040469e4a7501da1100f54f7f80180ce77bfab718288f6?s=96&d=mm&r=g","contentUrl":"https:\/\/secure.gravatar.com\/avatar\/907069e0b81d119452040469e4a7501da1100f54f7f80180ce77bfab718288f6?s=96&d=mm&r=g","caption":"oliviere"},"sameAs":["http:\/\/www.motocrossmag.be"],"url":"https:\/\/fr.motocrossmag.be\/index.php\/author\/oliviere\/"}]}},"_links":{"self":[{"href":"https:\/\/fr.motocrossmag.be\/index.php\/wp-json\/wp\/v2\/posts\/62771","targetHints":{"allow":["GET"]}}],"collection":[{"href":"https:\/\/fr.motocrossmag.be\/index.php\/wp-json\/wp\/v2\/posts"}],"about":[{"href":"https:\/\/fr.motocrossmag.be\/index.php\/wp-json\/wp\/v2\/types\/post"}],"author":[{"embeddable":true,"href":"https:\/\/fr.motocrossmag.be\/index.php\/wp-json\/wp\/v2\/users\/932"}],"replies":[{"embeddable":true,"href":"https:\/\/fr.motocrossmag.be\/index.php\/wp-json\/wp\/v2\/comments?post=62771"}],"version-history":[{"count":2,"href":"https:\/\/fr.motocrossmag.be\/index.php\/wp-json\/wp\/v2\/posts\/62771\/revisions"}],"predecessor-version":[{"id":62777,"href":"https:\/\/fr.motocrossmag.be\/index.php\/wp-json\/wp\/v2\/posts\/62771\/revisions\/62777"}],"wp:featuredmedia":[{"embeddable":true,"href":"https:\/\/fr.motocrossmag.be\/index.php\/wp-json\/wp\/v2\/media\/35444"}],"wp:attachment":[{"href":"https:\/\/fr.motocrossmag.be\/index.php\/wp-json\/wp\/v2\/media?parent=62771"}],"wp:term":[{"taxonomy":"category","embeddable":true,"href":"https:\/\/fr.motocrossmag.be\/index.php\/wp-json\/wp\/v2\/categories?post=62771"},{"taxonomy":"post_tag","embeddable":true,"href":"https:\/\/fr.motocrossmag.be\/index.php\/wp-json\/wp\/v2\/tags?post=62771"}],"curies":[{"name":"wp","href":"https:\/\/api.w.org\/{rel}","templated":true}]}}