{"id":62802,"date":"2017-08-10T16:54:25","date_gmt":"2017-08-10T14:54:25","guid":{"rendered":"http:\/\/fr.motocrossmag.be\/?p=62802"},"modified":"2017-08-10T16:58:32","modified_gmt":"2017-08-10T14:58:32","slug":"tim-louis-sapprete-a-decouvrir-les-12-heures-de-la-chinelle","status":"publish","type":"post","link":"https:\/\/fr.motocrossmag.be\/index.php\/2017\/08\/tim-louis-sapprete-a-decouvrir-les-12-heures-de-la-chinelle\/","title":{"rendered":"Tim Louis s&rsquo;appr\u00eate \u00e0 d\u00e9couvrir les 12 Heures de la Chinelle"},"content":{"rendered":"<p><strong>Les 12 Heures de la Chinelle font toujours r\u00eaver. Trente-sept ans apr\u00e8s la premi\u00e8re \u00e9dition improvis\u00e9e par Jo\u00ebl Robert et ses amis, l&rsquo;\u00e9preuve reste l&rsquo;endurance la plus attendue du calendrier belge. Rendez-vous phare de la saison pour les enduristes, elle attire aussi de nombreux bons crossmen, curieux de go\u00fbter \u00e0 l&rsquo;ambiance inimitable de ce tour d&rsquo;horloge disput\u00e9 de samedi minuit au dimanche midi.<\/strong><\/p>\n<p>Ce sera notamment le cas ces 12 et 13 ao\u00fbt de Tim Louis. Engag\u00e9 dans le championnat de Belgique Inters MX2 et auteur de belles performances sur les deux derni\u00e8res \u00e9preuves \u00e0 Hasselt et Kester o\u00f9 il a flirt\u00e9 avec le top-5, le pilote Husqvarna Anquety Motor Sport, 19 ans, vient d&rsquo;\u00eatre embauch\u00e9 au pied lev\u00e9 par l&rsquo;\u00e9quipage de la Yamaha WR-F 450 num\u00e9ro 90, celle de Fabrice Debroux, habitu\u00e9 de l&rsquo;\u00e9preuve, et du crossman fran\u00e7ais Pierre Sandoz. Une opportunit\u00e9 que Tim n&rsquo;a pas voulu laisser passer !<\/p>\n<p>Un \u00e9quipage qui devrait vraisemblablement avoir son mot \u00e0 dire pour le top-10 du classement scratch&#8230;<\/p>\n<p>Photo : Nicolas Martin<\/p>\n","protected":false},"excerpt":{"rendered":"<p>Les 12 Heures de la Chinelle font toujours r\u00eaver. Trente-sept ans apr\u00e8s la premi\u00e8re \u00e9dition improvis\u00e9e par Jo\u00ebl Robert et ses amis, l&rsquo;\u00e9preuve reste l&rsquo;endurance la plus attendue du calendrier [&#8230;]<\/p>\n","protected":false},"author":932,"featured_media":62803,"comment_status":"open","ping_status":"closed","sticky":false,"template":"","format":"standard","meta":{"footnotes":""},"categories":[54,32,35,73,55,65],"tags":[],"class_list":["post-62802","post","type-post","status-publish","format-standard","has-post-thumbnail","hentry","category-actualite","category-enduro","category-fmb-enduro","category-chinelle","category-news-actualite","category-slideshow"],"yoast_head":"<!-- This site is optimized with the Yoast SEO plugin v27.4 - https:\/\/yoast.com\/product\/yoast-seo-wordpress\/ -->\n<title>Tim Louis s&#039;appr\u00eate \u00e0 d\u00e9couvrir les 12 Heures de la Chinelle - Motocross - Enduro - Supermoto | MotocrossMag<\/title>\n<meta name=\"robots\" content=\"index, follow, max-snippet:-1, max-image-preview:large, max-video-preview:-1\" \/>\n<link rel=\"canonical\" href=\"https:\/\/fr.motocrossmag.be\/index.php\/2017\/08\/tim-louis-sapprete-a-decouvrir-les-12-heures-de-la-chinelle\/\" \/>\n<meta property=\"og:locale\" content=\"fr_FR\" \/>\n<meta property=\"og:type\" content=\"article\" \/>\n<meta property=\"og:title\" content=\"Tim Louis s&#039;appr\u00eate \u00e0 d\u00e9couvrir les 12 Heures de la Chinelle - Motocross - Enduro - Supermoto | MotocrossMag\" \/>\n<meta property=\"og:description\" content=\"Les 12 Heures de la Chinelle font toujours r\u00eaver. Trente-sept ans apr\u00e8s la premi\u00e8re \u00e9dition improvis\u00e9e par Jo\u00ebl Robert et ses amis, l&rsquo;\u00e9preuve reste l&rsquo;endurance la plus attendue du calendrier [...]\" \/>\n<meta property=\"og:url\" content=\"https:\/\/fr.motocrossmag.be\/index.php\/2017\/08\/tim-louis-sapprete-a-decouvrir-les-12-heures-de-la-chinelle\/\" \/>\n<meta property=\"og:site_name\" content=\"Motocross - Enduro - Supermoto | MotocrossMag\" \/>\n<meta property=\"article:published_time\" content=\"2017-08-10T14:54:25+00:00\" \/>\n<meta property=\"article:modified_time\" content=\"2017-08-10T14:58:32+00:00\" \/>\n<meta property=\"og:image\" content=\"https:\/\/fr.motocrossmag.be\/wp-content\/uploads\/2017\/08\/tim-louis-kester.jpg\" \/>\n\t<meta property=\"og:image:width\" content=\"1200\" \/>\n\t<meta property=\"og:image:height\" content=\"798\" \/>\n\t<meta property=\"og:image:type\" content=\"image\/jpeg\" \/>\n<meta name=\"author\" content=\"oliviere\" \/>\n<meta name=\"twitter:card\" content=\"summary_large_image\" \/>\n<meta name=\"twitter:label1\" content=\"\u00c9crit par\" \/>\n\t<meta name=\"twitter:data1\" content=\"oliviere\" \/>\n\t<meta name=\"twitter:label2\" content=\"Dur\u00e9e de lecture estim\u00e9e\" \/>\n\t<meta name=\"twitter:data2\" content=\"1 minute\" \/>\n<script type=\"application\/ld+json\" class=\"yoast-schema-graph\">{\"@context\":\"https:\\\/\\\/schema.org\",\"@graph\":[{\"@type\":\"Article\",\"@id\":\"https:\\\/\\\/fr.motocrossmag.be\\\/index.php\\\/2017\\\/08\\\/tim-louis-sapprete-a-decouvrir-les-12-heures-de-la-chinelle\\\/#article\",\"isPartOf\":{\"@id\":\"https:\\\/\\\/fr.motocrossmag.be\\\/index.php\\\/2017\\\/08\\\/tim-louis-sapprete-a-decouvrir-les-12-heures-de-la-chinelle\\\/\"},\"author\":{\"name\":\"oliviere\",\"@id\":\"https:\\\/\\\/fr.motocrossmag.be\\\/#\\\/schema\\\/person\\\/11b47143d9f755babca2c9110e03235c\"},\"headline\":\"Tim Louis s&rsquo;appr\u00eate \u00e0 d\u00e9couvrir les 12 Heures de la Chinelle\",\"datePublished\":\"2017-08-10T14:54:25+00:00\",\"dateModified\":\"2017-08-10T14:58:32+00:00\",\"mainEntityOfPage\":{\"@id\":\"https:\\\/\\\/fr.motocrossmag.be\\\/index.php\\\/2017\\\/08\\\/tim-louis-sapprete-a-decouvrir-les-12-heures-de-la-chinelle\\\/\"},\"wordCount\":190,\"commentCount\":0,\"image\":{\"@id\":\"https:\\\/\\\/fr.motocrossmag.be\\\/index.php\\\/2017\\\/08\\\/tim-louis-sapprete-a-decouvrir-les-12-heures-de-la-chinelle\\\/#primaryimage\"},\"thumbnailUrl\":\"https:\\\/\\\/fr.motocrossmag.be\\\/wp-content\\\/uploads\\\/2017\\\/08\\\/tim-louis-kester.jpg\",\"articleSection\":[\"Actualit\u00e9\",\"Enduro\",\"FMB\",\"La Chinelle\",\"News\",\"Slideshow\"],\"inLanguage\":\"fr-FR\",\"potentialAction\":[{\"@type\":\"CommentAction\",\"name\":\"Comment\",\"target\":[\"https:\\\/\\\/fr.motocrossmag.be\\\/index.php\\\/2017\\\/08\\\/tim-louis-sapprete-a-decouvrir-les-12-heures-de-la-chinelle\\\/#respond\"]}]},{\"@type\":\"WebPage\",\"@id\":\"https:\\\/\\\/fr.motocrossmag.be\\\/index.php\\\/2017\\\/08\\\/tim-louis-sapprete-a-decouvrir-les-12-heures-de-la-chinelle\\\/\",\"url\":\"https:\\\/\\\/fr.motocrossmag.be\\\/index.php\\\/2017\\\/08\\\/tim-louis-sapprete-a-decouvrir-les-12-heures-de-la-chinelle\\\/\",\"name\":\"Tim Louis s'appr\u00eate \u00e0 d\u00e9couvrir les 12 Heures de la Chinelle - Motocross - Enduro - Supermoto | MotocrossMag\",\"isPartOf\":{\"@id\":\"https:\\\/\\\/fr.motocrossmag.be\\\/#website\"},\"primaryImageOfPage\":{\"@id\":\"https:\\\/\\\/fr.motocrossmag.be\\\/index.php\\\/2017\\\/08\\\/tim-louis-sapprete-a-decouvrir-les-12-heures-de-la-chinelle\\\/#primaryimage\"},\"image\":{\"@id\":\"https:\\\/\\\/fr.motocrossmag.be\\\/index.php\\\/2017\\\/08\\\/tim-louis-sapprete-a-decouvrir-les-12-heures-de-la-chinelle\\\/#primaryimage\"},\"thumbnailUrl\":\"https:\\\/\\\/fr.motocrossmag.be\\\/wp-content\\\/uploads\\\/2017\\\/08\\\/tim-louis-kester.jpg\",\"datePublished\":\"2017-08-10T14:54:25+00:00\",\"dateModified\":\"2017-08-10T14:58:32+00:00\",\"author\":{\"@id\":\"https:\\\/\\\/fr.motocrossmag.be\\\/#\\\/schema\\\/person\\\/11b47143d9f755babca2c9110e03235c\"},\"breadcrumb\":{\"@id\":\"https:\\\/\\\/fr.motocrossmag.be\\\/index.php\\\/2017\\\/08\\\/tim-louis-sapprete-a-decouvrir-les-12-heures-de-la-chinelle\\\/#breadcrumb\"},\"inLanguage\":\"fr-FR\",\"potentialAction\":[{\"@type\":\"ReadAction\",\"target\":[\"https:\\\/\\\/fr.motocrossmag.be\\\/index.php\\\/2017\\\/08\\\/tim-louis-sapprete-a-decouvrir-les-12-heures-de-la-chinelle\\\/\"]}]},{\"@type\":\"ImageObject\",\"inLanguage\":\"fr-FR\",\"@id\":\"https:\\\/\\\/fr.motocrossmag.be\\\/index.php\\\/2017\\\/08\\\/tim-louis-sapprete-a-decouvrir-les-12-heures-de-la-chinelle\\\/#primaryimage\",\"url\":\"https:\\\/\\\/fr.motocrossmag.be\\\/wp-content\\\/uploads\\\/2017\\\/08\\\/tim-louis-kester.jpg\",\"contentUrl\":\"https:\\\/\\\/fr.motocrossmag.be\\\/wp-content\\\/uploads\\\/2017\\\/08\\\/tim-louis-kester.jpg\",\"width\":1200,\"height\":798},{\"@type\":\"BreadcrumbList\",\"@id\":\"https:\\\/\\\/fr.motocrossmag.be\\\/index.php\\\/2017\\\/08\\\/tim-louis-sapprete-a-decouvrir-les-12-heures-de-la-chinelle\\\/#breadcrumb\",\"itemListElement\":[{\"@type\":\"ListItem\",\"position\":1,\"name\":\"Accueil\",\"item\":\"https:\\\/\\\/fr.motocrossmag.be\\\/\"},{\"@type\":\"ListItem\",\"position\":2,\"name\":\"Tim Louis s&rsquo;appr\u00eate \u00e0 d\u00e9couvrir les 12 Heures de la Chinelle\"}]},{\"@type\":\"WebSite\",\"@id\":\"https:\\\/\\\/fr.motocrossmag.be\\\/#website\",\"url\":\"https:\\\/\\\/fr.motocrossmag.be\\\/\",\"name\":\"Motocross - Enduro - Supermoto | MotocrossMag\",\"description\":\"L&#039;actualit\u00e9 du motocross, de l&#039;enduro et du Supermoto en ligne!\",\"potentialAction\":[{\"@type\":\"SearchAction\",\"target\":{\"@type\":\"EntryPoint\",\"urlTemplate\":\"https:\\\/\\\/fr.motocrossmag.be\\\/?s={search_term_string}\"},\"query-input\":{\"@type\":\"PropertyValueSpecification\",\"valueRequired\":true,\"valueName\":\"search_term_string\"}}],\"inLanguage\":\"fr-FR\"},{\"@type\":\"Person\",\"@id\":\"https:\\\/\\\/fr.motocrossmag.be\\\/#\\\/schema\\\/person\\\/11b47143d9f755babca2c9110e03235c\",\"name\":\"oliviere\",\"image\":{\"@type\":\"ImageObject\",\"inLanguage\":\"fr-FR\",\"@id\":\"https:\\\/\\\/secure.gravatar.com\\\/avatar\\\/907069e0b81d119452040469e4a7501da1100f54f7f80180ce77bfab718288f6?s=96&d=mm&r=g\",\"url\":\"https:\\\/\\\/secure.gravatar.com\\\/avatar\\\/907069e0b81d119452040469e4a7501da1100f54f7f80180ce77bfab718288f6?s=96&d=mm&r=g\",\"contentUrl\":\"https:\\\/\\\/secure.gravatar.com\\\/avatar\\\/907069e0b81d119452040469e4a7501da1100f54f7f80180ce77bfab718288f6?s=96&d=mm&r=g\",\"caption\":\"oliviere\"},\"sameAs\":[\"http:\\\/\\\/www.motocrossmag.be\"],\"url\":\"https:\\\/\\\/fr.motocrossmag.be\\\/index.php\\\/author\\\/oliviere\\\/\"}]}<\/script>\n<!-- \/ Yoast SEO plugin. -->","yoast_head_json":{"title":"Tim Louis s'appr\u00eate \u00e0 d\u00e9couvrir les 12 Heures de la Chinelle - Motocross - Enduro - Supermoto | MotocrossMag","robots":{"index":"index","follow":"follow","max-snippet":"max-snippet:-1","max-image-preview":"max-image-preview:large","max-video-preview":"max-video-preview:-1"},"canonical":"https:\/\/fr.motocrossmag.be\/index.php\/2017\/08\/tim-louis-sapprete-a-decouvrir-les-12-heures-de-la-chinelle\/","og_locale":"fr_FR","og_type":"article","og_title":"Tim Louis s'appr\u00eate \u00e0 d\u00e9couvrir les 12 Heures de la Chinelle - Motocross - Enduro - Supermoto | MotocrossMag","og_description":"Les 12 Heures de la Chinelle font toujours r\u00eaver. Trente-sept ans apr\u00e8s la premi\u00e8re \u00e9dition improvis\u00e9e par Jo\u00ebl Robert et ses amis, l&rsquo;\u00e9preuve reste l&rsquo;endurance la plus attendue du calendrier [...]","og_url":"https:\/\/fr.motocrossmag.be\/index.php\/2017\/08\/tim-louis-sapprete-a-decouvrir-les-12-heures-de-la-chinelle\/","og_site_name":"Motocross - Enduro - Supermoto | MotocrossMag","article_published_time":"2017-08-10T14:54:25+00:00","article_modified_time":"2017-08-10T14:58:32+00:00","og_image":[{"width":1200,"height":798,"url":"https:\/\/fr.motocrossmag.be\/wp-content\/uploads\/2017\/08\/tim-louis-kester.jpg","type":"image\/jpeg"}],"author":"oliviere","twitter_card":"summary_large_image","twitter_misc":{"\u00c9crit par":"oliviere","Dur\u00e9e de lecture estim\u00e9e":"1 minute"},"schema":{"@context":"https:\/\/schema.org","@graph":[{"@type":"Article","@id":"https:\/\/fr.motocrossmag.be\/index.php\/2017\/08\/tim-louis-sapprete-a-decouvrir-les-12-heures-de-la-chinelle\/#article","isPartOf":{"@id":"https:\/\/fr.motocrossmag.be\/index.php\/2017\/08\/tim-louis-sapprete-a-decouvrir-les-12-heures-de-la-chinelle\/"},"author":{"name":"oliviere","@id":"https:\/\/fr.motocrossmag.be\/#\/schema\/person\/11b47143d9f755babca2c9110e03235c"},"headline":"Tim Louis s&rsquo;appr\u00eate \u00e0 d\u00e9couvrir les 12 Heures de la Chinelle","datePublished":"2017-08-10T14:54:25+00:00","dateModified":"2017-08-10T14:58:32+00:00","mainEntityOfPage":{"@id":"https:\/\/fr.motocrossmag.be\/index.php\/2017\/08\/tim-louis-sapprete-a-decouvrir-les-12-heures-de-la-chinelle\/"},"wordCount":190,"commentCount":0,"image":{"@id":"https:\/\/fr.motocrossmag.be\/index.php\/2017\/08\/tim-louis-sapprete-a-decouvrir-les-12-heures-de-la-chinelle\/#primaryimage"},"thumbnailUrl":"https:\/\/fr.motocrossmag.be\/wp-content\/uploads\/2017\/08\/tim-louis-kester.jpg","articleSection":["Actualit\u00e9","Enduro","FMB","La Chinelle","News","Slideshow"],"inLanguage":"fr-FR","potentialAction":[{"@type":"CommentAction","name":"Comment","target":["https:\/\/fr.motocrossmag.be\/index.php\/2017\/08\/tim-louis-sapprete-a-decouvrir-les-12-heures-de-la-chinelle\/#respond"]}]},{"@type":"WebPage","@id":"https:\/\/fr.motocrossmag.be\/index.php\/2017\/08\/tim-louis-sapprete-a-decouvrir-les-12-heures-de-la-chinelle\/","url":"https:\/\/fr.motocrossmag.be\/index.php\/2017\/08\/tim-louis-sapprete-a-decouvrir-les-12-heures-de-la-chinelle\/","name":"Tim Louis s'appr\u00eate \u00e0 d\u00e9couvrir les 12 Heures de la Chinelle - Motocross - Enduro - Supermoto | MotocrossMag","isPartOf":{"@id":"https:\/\/fr.motocrossmag.be\/#website"},"primaryImageOfPage":{"@id":"https:\/\/fr.motocrossmag.be\/index.php\/2017\/08\/tim-louis-sapprete-a-decouvrir-les-12-heures-de-la-chinelle\/#primaryimage"},"image":{"@id":"https:\/\/fr.motocrossmag.be\/index.php\/2017\/08\/tim-louis-sapprete-a-decouvrir-les-12-heures-de-la-chinelle\/#primaryimage"},"thumbnailUrl":"https:\/\/fr.motocrossmag.be\/wp-content\/uploads\/2017\/08\/tim-louis-kester.jpg","datePublished":"2017-08-10T14:54:25+00:00","dateModified":"2017-08-10T14:58:32+00:00","author":{"@id":"https:\/\/fr.motocrossmag.be\/#\/schema\/person\/11b47143d9f755babca2c9110e03235c"},"breadcrumb":{"@id":"https:\/\/fr.motocrossmag.be\/index.php\/2017\/08\/tim-louis-sapprete-a-decouvrir-les-12-heures-de-la-chinelle\/#breadcrumb"},"inLanguage":"fr-FR","potentialAction":[{"@type":"ReadAction","target":["https:\/\/fr.motocrossmag.be\/index.php\/2017\/08\/tim-louis-sapprete-a-decouvrir-les-12-heures-de-la-chinelle\/"]}]},{"@type":"ImageObject","inLanguage":"fr-FR","@id":"https:\/\/fr.motocrossmag.be\/index.php\/2017\/08\/tim-louis-sapprete-a-decouvrir-les-12-heures-de-la-chinelle\/#primaryimage","url":"https:\/\/fr.motocrossmag.be\/wp-content\/uploads\/2017\/08\/tim-louis-kester.jpg","contentUrl":"https:\/\/fr.motocrossmag.be\/wp-content\/uploads\/2017\/08\/tim-louis-kester.jpg","width":1200,"height":798},{"@type":"BreadcrumbList","@id":"https:\/\/fr.motocrossmag.be\/index.php\/2017\/08\/tim-louis-sapprete-a-decouvrir-les-12-heures-de-la-chinelle\/#breadcrumb","itemListElement":[{"@type":"ListItem","position":1,"name":"Accueil","item":"https:\/\/fr.motocrossmag.be\/"},{"@type":"ListItem","position":2,"name":"Tim Louis s&rsquo;appr\u00eate \u00e0 d\u00e9couvrir les 12 Heures de la Chinelle"}]},{"@type":"WebSite","@id":"https:\/\/fr.motocrossmag.be\/#website","url":"https:\/\/fr.motocrossmag.be\/","name":"Motocross - Enduro - Supermoto | MotocrossMag","description":"L&#039;actualit\u00e9 du motocross, de l&#039;enduro et du Supermoto en ligne!","potentialAction":[{"@type":"SearchAction","target":{"@type":"EntryPoint","urlTemplate":"https:\/\/fr.motocrossmag.be\/?s={search_term_string}"},"query-input":{"@type":"PropertyValueSpecification","valueRequired":true,"valueName":"search_term_string"}}],"inLanguage":"fr-FR"},{"@type":"Person","@id":"https:\/\/fr.motocrossmag.be\/#\/schema\/person\/11b47143d9f755babca2c9110e03235c","name":"oliviere","image":{"@type":"ImageObject","inLanguage":"fr-FR","@id":"https:\/\/secure.gravatar.com\/avatar\/907069e0b81d119452040469e4a7501da1100f54f7f80180ce77bfab718288f6?s=96&d=mm&r=g","url":"https:\/\/secure.gravatar.com\/avatar\/907069e0b81d119452040469e4a7501da1100f54f7f80180ce77bfab718288f6?s=96&d=mm&r=g","contentUrl":"https:\/\/secure.gravatar.com\/avatar\/907069e0b81d119452040469e4a7501da1100f54f7f80180ce77bfab718288f6?s=96&d=mm&r=g","caption":"oliviere"},"sameAs":["http:\/\/www.motocrossmag.be"],"url":"https:\/\/fr.motocrossmag.be\/index.php\/author\/oliviere\/"}]}},"_links":{"self":[{"href":"https:\/\/fr.motocrossmag.be\/index.php\/wp-json\/wp\/v2\/posts\/62802","targetHints":{"allow":["GET"]}}],"collection":[{"href":"https:\/\/fr.motocrossmag.be\/index.php\/wp-json\/wp\/v2\/posts"}],"about":[{"href":"https:\/\/fr.motocrossmag.be\/index.php\/wp-json\/wp\/v2\/types\/post"}],"author":[{"embeddable":true,"href":"https:\/\/fr.motocrossmag.be\/index.php\/wp-json\/wp\/v2\/users\/932"}],"replies":[{"embeddable":true,"href":"https:\/\/fr.motocrossmag.be\/index.php\/wp-json\/wp\/v2\/comments?post=62802"}],"version-history":[{"count":2,"href":"https:\/\/fr.motocrossmag.be\/index.php\/wp-json\/wp\/v2\/posts\/62802\/revisions"}],"predecessor-version":[{"id":62805,"href":"https:\/\/fr.motocrossmag.be\/index.php\/wp-json\/wp\/v2\/posts\/62802\/revisions\/62805"}],"wp:featuredmedia":[{"embeddable":true,"href":"https:\/\/fr.motocrossmag.be\/index.php\/wp-json\/wp\/v2\/media\/62803"}],"wp:attachment":[{"href":"https:\/\/fr.motocrossmag.be\/index.php\/wp-json\/wp\/v2\/media?parent=62802"}],"wp:term":[{"taxonomy":"category","embeddable":true,"href":"https:\/\/fr.motocrossmag.be\/index.php\/wp-json\/wp\/v2\/categories?post=62802"},{"taxonomy":"post_tag","embeddable":true,"href":"https:\/\/fr.motocrossmag.be\/index.php\/wp-json\/wp\/v2\/tags?post=62802"}],"curies":[{"name":"wp","href":"https:\/\/api.w.org\/{rel}","templated":true}]}}