{"id":62810,"date":"2017-08-10T17:43:28","date_gmt":"2017-08-10T15:43:28","guid":{"rendered":"http:\/\/fr.motocrossmag.be\/?p=62810"},"modified":"2017-08-10T17:59:43","modified_gmt":"2017-08-10T15:59:43","slug":"12-heures-de-la-chinelle-les-pilotes-engages","status":"publish","type":"post","link":"https:\/\/fr.motocrossmag.be\/index.php\/2017\/08\/12-heures-de-la-chinelle-les-pilotes-engages\/","title":{"rendered":"12 Heures de la Chinelle : les pilotes engag\u00e9s"},"content":{"rendered":"<p>Pas moins de 103 machines s&rsquo;\u00e9lanceront ce samedi 12 ao\u00fbt \u00e0 minuit pour la 38\u00e8me \u00e9dition des 12 Heures de la Chinelle. Retrouvez ci-dessous la liste compl\u00e8te des pilotes qui tenteront leur chance ce week-end \u00e0 Franchimont.<\/p>\n<p>&nbsp;<\/p>\n<p><span style=\"color: #ff0000;\"><strong>Liste des pilotes engag\u00e9s &#8211; 12 Heures de la Chinelle 2017<br \/>\n<\/strong><\/span><\/p>\n<table width=\"100%\">\n<tbody>\n<tr>\n<td bgcolor=\"#F0F0F0\" width=\"51\" height=\"39\"><\/td>\n<td bgcolor=\"#F0F0F0\" width=\"255\"><strong>Pilote 1<\/strong><\/td>\n<td bgcolor=\"#F0F0F0\" width=\"281\"><strong>Pilote 2<\/strong><\/td>\n<td bgcolor=\"#F0F0F0\" width=\"292\"><strong>Pilote 3<\/strong><\/td>\n<td bgcolor=\"#F0F0F0\" width=\"270\"><strong>Pilote 4<\/strong><\/td>\n<\/tr>\n<tr>\n<td width=\"51\">1<\/td>\n<td width=\"255\">Denis Tanguy<\/td>\n<td width=\"281\">Mouton Thomas<\/td>\n<td width=\"292\">Mouton Fran\u00e7ois<\/td>\n<td width=\"270\"><\/td>\n<\/tr>\n<tr>\n<td width=\"51\">2<\/td>\n<td width=\"255\">Sanglier Laurent<\/td>\n<td width=\"281\">Sanglier Vincent<\/td>\n<td width=\"292\"><\/td>\n<td width=\"270\"><\/td>\n<\/tr>\n<tr>\n<td width=\"51\">3<\/td>\n<td width=\"255\">Thirifays David<\/td>\n<td width=\"281\">Charneux Christian<\/td>\n<td width=\"292\">Revers Eric<\/td>\n<td width=\"270\">Dimont Patrick<\/td>\n<\/tr>\n<tr>\n<td width=\"51\">4<\/td>\n<td width=\"255\">Tombu Nathan<\/td>\n<td width=\"281\">Terwagne Cedric<\/td>\n<td width=\"292\">Gaillard Jean Marc<\/td>\n<td width=\"270\"><\/td>\n<\/tr>\n<tr>\n<td width=\"51\">5<\/td>\n<td width=\"255\">Taverne Rudy<\/td>\n<td width=\"281\">Persoon David<\/td>\n<td width=\"292\">Vlegels Laurent<\/td>\n<td width=\"270\"><\/td>\n<\/tr>\n<tr>\n<td width=\"51\">6<\/td>\n<td width=\"255\">Missoten Philippe<\/td>\n<td width=\"281\">Cornet Didier<\/td>\n<td width=\"292\">Guerretti Alain<\/td>\n<td width=\"270\">Jobkenne Frederic<\/td>\n<\/tr>\n<tr>\n<td width=\"51\">7<\/td>\n<td width=\"255\">Libert Arnaud<\/td>\n<td width=\"281\">Lambermont Damien<\/td>\n<td width=\"292\">Leclercq Jonathan<\/td>\n<td width=\"270\">Debuisson Dimitri<\/td>\n<\/tr>\n<tr>\n<td width=\"51\">8<\/td>\n<td width=\"255\">Vindevogel Maxime<\/td>\n<td width=\"281\">Schoumacher Matthieu<\/td>\n<td width=\"292\">De Clerck Fran\u00e7ois<\/td>\n<td width=\"270\"><\/td>\n<\/tr>\n<tr>\n<td width=\"51\">9<\/td>\n<td width=\"255\">Fraselle Joachim<\/td>\n<td width=\"281\">Toussaint Jean Marc<\/td>\n<td width=\"292\">Lambeau Antoine<\/td>\n<td width=\"270\">Colignon Mathieu<\/td>\n<\/tr>\n<tr>\n<td width=\"51\">10<\/td>\n<td width=\"255\">Faveaux Frederic<\/td>\n<td width=\"281\">Lefebvre Marc<\/td>\n<td width=\"292\">Lefebvre Theo<\/td>\n<td width=\"270\">Havelange Fran\u00e7ois<\/td>\n<\/tr>\n<tr>\n<td width=\"51\">11<\/td>\n<td width=\"255\">Dautremont Frederic<\/td>\n<td width=\"281\">Galante Florian<\/td>\n<td width=\"292\">Valenduc Martin<\/td>\n<td width=\"270\"><\/td>\n<\/tr>\n<tr>\n<td width=\"51\">12<\/td>\n<td width=\"255\">Thibaux Kevin<\/td>\n<td width=\"281\">Bauloye Geoffrey<\/td>\n<td width=\"292\"><\/td>\n<td width=\"270\"><\/td>\n<\/tr>\n<tr>\n<td width=\"51\">13<\/td>\n<td width=\"255\">Zoute Patrick<\/td>\n<td width=\"281\">Huet Jeremy<\/td>\n<td width=\"292\">Danheux Sebastien<\/td>\n<td width=\"270\"><\/td>\n<\/tr>\n<tr>\n<td width=\"51\">14<\/td>\n<td width=\"255\">Thiry Fabian<\/td>\n<td width=\"281\">Davin Vincent<\/td>\n<td width=\"292\">Posocco Philippe<\/td>\n<td width=\"270\"><\/td>\n<\/tr>\n<tr>\n<td width=\"51\">15<\/td>\n<td width=\"255\">Bietlot Hubert<\/td>\n<td width=\"281\">Bietlot Edouard<\/td>\n<td width=\"292\">Rochet Jean Marc<\/td>\n<td width=\"270\">Depasse Nicolas<\/td>\n<\/tr>\n<tr>\n<td width=\"51\">16<\/td>\n<td width=\"255\">Vandenbergh Fran\u00e7ois<\/td>\n<td width=\"281\">Vandenbergh Thomas<\/td>\n<td width=\"292\">Hennequin Beno\u00eet<\/td>\n<td width=\"270\">Fosty Damien<\/td>\n<\/tr>\n<tr>\n<td width=\"51\">17<\/td>\n<td width=\"255\">Colson Thomas<\/td>\n<td width=\"281\">Laats Lionel<\/td>\n<td width=\"292\">Goffard Andr\u00e9<\/td>\n<td width=\"270\"><\/td>\n<\/tr>\n<tr>\n<td width=\"51\">20<\/td>\n<td width=\"255\">Fran\u00e7ois Frederic<\/td>\n<td width=\"281\">Dolens Quentin<\/td>\n<td width=\"292\">Mary Claudy<\/td>\n<td width=\"270\"><\/td>\n<\/tr>\n<tr>\n<td width=\"51\">21<\/td>\n<td width=\"255\">Fohal Romain<\/td>\n<td width=\"281\">Havelange Jerome<\/td>\n<td width=\"292\">Jacob Jonathan<\/td>\n<td width=\"270\"><\/td>\n<\/tr>\n<tr>\n<td width=\"51\">22<\/td>\n<td width=\"255\">Dumont Olivier<\/td>\n<td width=\"281\">Guizetti Ludovic<\/td>\n<td width=\"292\">Gaussin Lionel<\/td>\n<td width=\"270\"><\/td>\n<\/tr>\n<tr>\n<td width=\"51\">24<\/td>\n<td width=\"255\">Fran\u00e7ois Benjamin<\/td>\n<td width=\"281\">Begaux Pierre<\/td>\n<td width=\"292\">Graux Antoine<\/td>\n<td width=\"270\"><\/td>\n<\/tr>\n<tr>\n<td width=\"51\">25<\/td>\n<td width=\"255\">Lefour Valentin<\/td>\n<td width=\"281\">Laeremans Thibaut<\/td>\n<td width=\"292\">Fran\u00e7ois Benoit<\/td>\n<td width=\"270\"><\/td>\n<\/tr>\n<tr>\n<td width=\"51\">27<\/td>\n<td width=\"255\">Cambr\u00e9 Jilani<\/td>\n<td width=\"281\">Martiny Jerome<\/td>\n<td width=\"292\">Pittens Thierry<\/td>\n<td width=\"270\"><\/td>\n<\/tr>\n<tr>\n<td width=\"51\">28<\/td>\n<td width=\"255\">Brackman Wietse<\/td>\n<td width=\"281\">Fors Kevin<\/td>\n<td width=\"292\">Goblet JF<\/td>\n<td width=\"270\"><\/td>\n<\/tr>\n<tr>\n<td width=\"51\">29<\/td>\n<td width=\"255\">Vangenechten Ivan<\/td>\n<td width=\"281\">Bourbon Frank<\/td>\n<td width=\"292\">Bonten Stijn<\/td>\n<td width=\"270\"><\/td>\n<\/tr>\n<tr>\n<td width=\"51\">30<\/td>\n<td width=\"255\">Sluse Bernard<\/td>\n<td width=\"281\">Polain Florient<\/td>\n<td width=\"292\">Collin Arthur<\/td>\n<td width=\"270\">Detroz Henri Jean<\/td>\n<\/tr>\n<tr>\n<td width=\"51\">31<\/td>\n<td width=\"255\">Desprechins Arno<\/td>\n<td width=\"281\">Lillo Gauthier<\/td>\n<td width=\"292\">Gueurys Roel<\/td>\n<td width=\"270\"><\/td>\n<\/tr>\n<tr>\n<td width=\"51\">32<\/td>\n<td width=\"255\">Crusenaire Benoit<\/td>\n<td width=\"281\">Dopchie Julien<\/td>\n<td width=\"292\">Andry Cedric<\/td>\n<td width=\"270\">Tombini Alexis<\/td>\n<\/tr>\n<tr>\n<td width=\"51\">33<\/td>\n<td width=\"255\">Raynaud Serge<\/td>\n<td width=\"281\">Vancranenbroeck Lawrence<\/td>\n<td width=\"292\">Kerkhofs Frederic<\/td>\n<td width=\"270\">Vanden Eynde Arnaud<\/td>\n<\/tr>\n<tr>\n<td width=\"51\">34<\/td>\n<td width=\"255\">Quodbach Emile<\/td>\n<td width=\"281\">Wauthier Damien<\/td>\n<td width=\"292\">De Praetere Bertrand<\/td>\n<td width=\"270\"><\/td>\n<\/tr>\n<tr>\n<td width=\"51\">35<\/td>\n<td width=\"255\">Taymans Christophe<\/td>\n<td width=\"281\">Delain Lucas<\/td>\n<td width=\"292\">Colon Dean<\/td>\n<td width=\"270\"><\/td>\n<\/tr>\n<tr>\n<td width=\"51\">36<\/td>\n<td width=\"255\">Couvreur Antonin<\/td>\n<td width=\"281\">Simonet Quentin<\/td>\n<td width=\"292\">Couvreur Jean Marc<\/td>\n<td width=\"270\">Godin Alexandre<\/td>\n<\/tr>\n<tr>\n<td width=\"51\">37<\/td>\n<td width=\"255\">Chamberlan Sebastien<\/td>\n<td width=\"281\">Brassart Arnaud<\/td>\n<td width=\"292\">Brassard Ludovic<\/td>\n<td width=\"270\"><\/td>\n<\/tr>\n<tr>\n<td width=\"51\">38<\/td>\n<td width=\"255\">Gauniaux Kevin<\/td>\n<td width=\"281\">Wansart Thierry<\/td>\n<td width=\"292\">Bogaert Tony<\/td>\n<td width=\"270\"><\/td>\n<\/tr>\n<tr>\n<td width=\"51\">39<\/td>\n<td width=\"255\">Damiaens Dietger<\/td>\n<td width=\"281\">Vanhoenacker Dimitri<\/td>\n<td width=\"292\">x<\/td>\n<td width=\"270\"><\/td>\n<\/tr>\n<tr>\n<td width=\"51\">40<\/td>\n<td width=\"255\">Mauhin Philippe<\/td>\n<td width=\"281\">Drooghaag Daniel<\/td>\n<td width=\"292\">Scheen Frederic<\/td>\n<td width=\"270\"><\/td>\n<\/tr>\n<tr>\n<td width=\"51\">41<\/td>\n<td width=\"255\">Cremer Cedric<\/td>\n<td width=\"281\">Segers David<\/td>\n<td width=\"292\">Minaudier Loic<\/td>\n<td width=\"270\"><\/td>\n<\/tr>\n<tr>\n<td width=\"51\">42<\/td>\n<td width=\"255\">Van Dooren Quentin<\/td>\n<td width=\"281\">Ernoux Antoine<\/td>\n<td width=\"292\">Gheerts Laurent<\/td>\n<td width=\"270\"><\/td>\n<\/tr>\n<tr>\n<td width=\"51\">43<\/td>\n<td width=\"255\">Van Dooren Marc<\/td>\n<td width=\"281\">Guillaume Thibaut<\/td>\n<td width=\"292\">Rion Jean Charles<\/td>\n<td width=\"270\"><\/td>\n<\/tr>\n<tr>\n<td width=\"51\">44<\/td>\n<td width=\"255\">Leloup Andrew<\/td>\n<td width=\"281\">Truyts Andy<\/td>\n<td width=\"292\">Triest Nick<\/td>\n<td width=\"270\"><\/td>\n<\/tr>\n<tr>\n<td width=\"51\">45<\/td>\n<td width=\"255\">Van Hooff David<\/td>\n<td width=\"281\">Billy Philippe<\/td>\n<td width=\"292\">Henriot Vivian<\/td>\n<td width=\"270\"><\/td>\n<\/tr>\n<tr>\n<td width=\"51\">46<\/td>\n<td width=\"255\">Marcotty Daryl<\/td>\n<td width=\"281\">Stommen Didier<\/td>\n<td width=\"292\">Gabriel Tanguy<\/td>\n<td width=\"270\"><\/td>\n<\/tr>\n<tr>\n<td width=\"51\">47<\/td>\n<td width=\"255\">Muylaert Julien<\/td>\n<td width=\"281\">Bero Jonathan<\/td>\n<td width=\"292\">Snappe Thomas<\/td>\n<td width=\"270\">Danhier Mathieu<\/td>\n<\/tr>\n<tr>\n<td width=\"51\">48<\/td>\n<td width=\"255\">Bral Ludovic<\/td>\n<td width=\"281\">Dupont Thibaut<\/td>\n<td width=\"292\">Servais Adrien<\/td>\n<td width=\"270\"><\/td>\n<\/tr>\n<tr>\n<td width=\"51\">49<\/td>\n<td width=\"255\">Delsupexhe Joel<\/td>\n<td width=\"281\">Kaivers Romain<\/td>\n<td width=\"292\">Battice Jeremy<\/td>\n<td width=\"270\"><\/td>\n<\/tr>\n<tr>\n<td width=\"51\">50<\/td>\n<td width=\"255\">Vandommele Adrien<\/td>\n<td width=\"281\">Vilain Laurent<\/td>\n<td width=\"292\">Coekaerts Geoffrey<\/td>\n<td width=\"270\"><\/td>\n<\/tr>\n<tr>\n<td width=\"51\">51<\/td>\n<td width=\"255\">Herinne Jeremy<\/td>\n<td width=\"281\">Mazzoni Boris<\/td>\n<td width=\"292\">Dolfing Lucas<\/td>\n<td width=\"270\"><\/td>\n<\/tr>\n<tr>\n<td width=\"51\">52<\/td>\n<td width=\"255\">Scohy Francis<\/td>\n<td width=\"281\">Scohy Julian<\/td>\n<td width=\"292\">Gilot Adrien<\/td>\n<td width=\"270\"><\/td>\n<\/tr>\n<tr>\n<td width=\"51\">53<\/td>\n<td width=\"255\">Spriet Laurent<\/td>\n<td width=\"281\">Ancelin Nicolas<\/td>\n<td width=\"292\">Moreels Greg<\/td>\n<td width=\"270\"><\/td>\n<\/tr>\n<tr>\n<td width=\"51\">54<\/td>\n<td width=\"255\">Horward Geoffrey<\/td>\n<td width=\"281\">Flohimont Fabrice<\/td>\n<td width=\"292\">Derouaux Maxime<\/td>\n<td width=\"270\">Lagamme Julien<\/td>\n<\/tr>\n<tr>\n<td width=\"51\">55<\/td>\n<td width=\"255\">Romain Bastien<\/td>\n<td width=\"281\">Lambot Regis<\/td>\n<td width=\"292\">Scaillet Thomas<\/td>\n<td width=\"270\"><\/td>\n<\/tr>\n<tr>\n<td width=\"51\">56<\/td>\n<td width=\"255\">Bievet Fran\u00e7ois<\/td>\n<td width=\"281\">Delporte Nicolas<\/td>\n<td width=\"292\">Vilvorder Thomas<\/td>\n<td width=\"270\"><\/td>\n<\/tr>\n<tr>\n<td width=\"51\">57<\/td>\n<td width=\"255\">Hayard Vincent<\/td>\n<td width=\"281\">Hayard Samuel<\/td>\n<td width=\"292\">Debruyn Gaetan<\/td>\n<td width=\"270\"><\/td>\n<\/tr>\n<tr>\n<td width=\"51\">58<\/td>\n<td width=\"255\">Magis Benjamin<\/td>\n<td width=\"281\">Brassine Cedric<\/td>\n<td width=\"292\">Magis Michael<\/td>\n<td width=\"270\"><\/td>\n<\/tr>\n<tr>\n<td width=\"51\">59<\/td>\n<td width=\"255\">Duquenne Valentin<\/td>\n<td width=\"281\">Collinet Mathias<\/td>\n<td width=\"292\">Lanis Mathieu<\/td>\n<td width=\"270\"><\/td>\n<\/tr>\n<tr>\n<td width=\"51\">60<\/td>\n<td width=\"255\">Deffet Florian<\/td>\n<td width=\"281\">Collard quentin<\/td>\n<td width=\"292\">Tassin Quentin<\/td>\n<td width=\"270\"><\/td>\n<\/tr>\n<tr>\n<td width=\"51\">61<\/td>\n<td width=\"255\">Paquet Jean Pierre<\/td>\n<td width=\"281\">Mouton Johan<\/td>\n<td width=\"292\">Besohe Arthur<\/td>\n<td width=\"270\"><\/td>\n<\/tr>\n<tr>\n<td width=\"51\">62<\/td>\n<td width=\"255\">Dupont Kenny<\/td>\n<td width=\"281\">Fameree Thibaut<\/td>\n<td width=\"292\">Pacini Dimitri<\/td>\n<td width=\"270\"><\/td>\n<\/tr>\n<tr>\n<td width=\"51\">63<\/td>\n<td width=\"255\">Faustini Dominique<\/td>\n<td width=\"281\">Dell Amore Michael<\/td>\n<td width=\"292\">Faustini Mattia<\/td>\n<td width=\"270\"><\/td>\n<\/tr>\n<tr>\n<td width=\"51\">64<\/td>\n<td width=\"255\">Bailleux Bertrand<\/td>\n<td width=\"281\">Monfort Quentin<\/td>\n<td width=\"292\">Grandjean Vincent<\/td>\n<td width=\"270\"><\/td>\n<\/tr>\n<tr>\n<td width=\"51\">65<\/td>\n<td width=\"255\">Sente Frederic<\/td>\n<td width=\"281\">Sente Arthur<\/td>\n<td width=\"292\">Persoons Dimitri<\/td>\n<td width=\"270\"><\/td>\n<\/tr>\n<tr>\n<td width=\"51\">66<\/td>\n<td width=\"255\">Dereze Marc<\/td>\n<td width=\"281\">Herman Romuald<\/td>\n<td width=\"292\">Meulders Fabian<\/td>\n<td width=\"270\">Jaegers Michael<\/td>\n<\/tr>\n<tr>\n<td width=\"51\">67<\/td>\n<td width=\"255\">Carpentier Quentin<\/td>\n<td width=\"281\">Roland Sylvain<\/td>\n<td width=\"292\">Forgiarini Dgani<\/td>\n<td width=\"270\"><\/td>\n<\/tr>\n<tr>\n<td width=\"51\">68<\/td>\n<td width=\"255\">Desart Florentin<\/td>\n<td width=\"281\">Lambert Alexis<\/td>\n<td width=\"292\">Andr\u00e9 Frederic<\/td>\n<td width=\"270\">Legros Sebastien<\/td>\n<\/tr>\n<tr>\n<td width=\"51\">69<\/td>\n<td width=\"255\">Evrard Benjamin<\/td>\n<td width=\"281\">Jaumet Benjamin<\/td>\n<td width=\"292\">Devaux Hans<\/td>\n<td width=\"270\">Magis Gille<\/td>\n<\/tr>\n<tr>\n<td width=\"51\">70<\/td>\n<td width=\"255\">Persyn Olivier<\/td>\n<td width=\"281\">Arnauts Johnny<\/td>\n<td width=\"292\">Monfort Dominique<\/td>\n<td width=\"270\"><\/td>\n<\/tr>\n<tr>\n<td width=\"51\">71<\/td>\n<td width=\"255\">Haumont Stany<\/td>\n<td width=\"281\">Martin Jean Michel<\/td>\n<td width=\"292\">Martin Christopher<\/td>\n<td width=\"270\"><\/td>\n<\/tr>\n<tr>\n<td width=\"51\">72<\/td>\n<td width=\"255\">Tourneur Dorian<\/td>\n<td width=\"281\">Pecorella Lionel<\/td>\n<td width=\"292\">Dubois Sebastian<\/td>\n<td width=\"270\">Dubois Laura<\/td>\n<\/tr>\n<tr>\n<td width=\"51\">73<\/td>\n<td width=\"255\">Michel Marc<\/td>\n<td width=\"281\">Nicolas Loic<\/td>\n<td width=\"292\">Ody Aimerik<\/td>\n<td width=\"270\"><\/td>\n<\/tr>\n<tr>\n<td width=\"51\">74<\/td>\n<td width=\"255\">Lurquin Denis<\/td>\n<td width=\"281\">Lurquin Antoine<\/td>\n<td width=\"292\">Leclercq Quentin<\/td>\n<td width=\"270\">Lorent Denis<\/td>\n<\/tr>\n<tr>\n<td width=\"51\">75<\/td>\n<td width=\"255\">Aerts Mathieu<\/td>\n<td width=\"281\">Vilain Anthony<\/td>\n<td width=\"292\">Alen Damien<\/td>\n<td width=\"270\"><\/td>\n<\/tr>\n<tr>\n<td width=\"51\">76<\/td>\n<td width=\"255\">De Mey Kevin<\/td>\n<td width=\"281\">Raiwet Kevin<\/td>\n<td width=\"292\"><\/td>\n<td width=\"270\"><\/td>\n<\/tr>\n<tr>\n<td width=\"51\">77<\/td>\n<td width=\"255\">Tamo Christian<\/td>\n<td width=\"281\">Lacomblez Julien<\/td>\n<td width=\"292\">Legros Ludovic<\/td>\n<td width=\"270\">Tamo Kevin<\/td>\n<\/tr>\n<tr>\n<td width=\"51\">78<\/td>\n<td width=\"255\">Rorive Maxime<\/td>\n<td width=\"281\">Lemoine Christophe<\/td>\n<td width=\"292\">Auchard Jordan<\/td>\n<td width=\"270\"><\/td>\n<\/tr>\n<tr>\n<td width=\"51\">79<\/td>\n<td width=\"255\">Vautard Mael<\/td>\n<td width=\"281\">Verset Clement<\/td>\n<td width=\"292\">Kevin Thomas<\/td>\n<td width=\"270\">Gris Jean Gil<\/td>\n<\/tr>\n<tr>\n<td width=\"51\">80<\/td>\n<td width=\"255\">Charlotteaux Dylan<\/td>\n<td width=\"281\">Debrichy Fred<\/td>\n<td width=\"292\">D&rsquo;Alonzo Gulian<\/td>\n<td width=\"270\">Bronsart Nicolas<\/td>\n<\/tr>\n<tr>\n<td width=\"51\">81<\/td>\n<td width=\"255\">Lejeune Maxime<\/td>\n<td width=\"281\">Lejeune Dylan<\/td>\n<td width=\"292\">Jamart Sebastien<\/td>\n<td width=\"270\"><\/td>\n<\/tr>\n<tr>\n<td width=\"51\">82<\/td>\n<td width=\"255\">Clement Sebastien<\/td>\n<td width=\"281\">Detraux Benoit<\/td>\n<td width=\"292\">EXC 350 2018<\/td>\n<td width=\"270\">Kinif Andy<\/td>\n<\/tr>\n<tr>\n<td width=\"51\">83<\/td>\n<td width=\"255\">Tarres Pol<\/td>\n<td width=\"281\">Espana Xavi<\/td>\n<td width=\"292\">Verdu Joan<\/td>\n<td width=\"270\"><\/td>\n<\/tr>\n<tr>\n<td width=\"51\">84<\/td>\n<td width=\"255\">Cervantes Yvan<\/td>\n<td width=\"281\"><\/td>\n<td width=\"292\">Espana Christian<\/td>\n<td width=\"270\"><\/td>\n<\/tr>\n<tr>\n<td width=\"51\">85<\/td>\n<td width=\"255\">Glotz Arnaud<\/td>\n<td width=\"281\">Raffa Philippe<\/td>\n<td width=\"292\">Andreolli Jeremi<\/td>\n<td width=\"270\">Stiemans Michael<\/td>\n<\/tr>\n<tr>\n<td width=\"51\">86<\/td>\n<td width=\"255\">Delannoy Eric<\/td>\n<td width=\"281\">Bertrand Christophe<\/td>\n<td width=\"292\">Herman Mike<\/td>\n<td width=\"270\">Fraikin Marc<\/td>\n<\/tr>\n<tr>\n<td width=\"51\">87<\/td>\n<td width=\"255\">Delsemme Philippe<\/td>\n<td width=\"281\">Delsemme Bastien<\/td>\n<td width=\"292\">Crosset Dany<\/td>\n<td width=\"270\"><\/td>\n<\/tr>\n<tr>\n<td width=\"51\">90<\/td>\n<td width=\"255\">Vanbellinghen Geoffroy<\/td>\n<td width=\"281\">Debroux Fabrice<\/td>\n<td width=\"292\">Sandoz Pierre<\/td>\n<td width=\"270\"><\/td>\n<\/tr>\n<tr>\n<td width=\"51\">91<\/td>\n<td width=\"255\">Magain Antoine<\/td>\n<td width=\"281\">Bourgeois Marc<\/td>\n<td width=\"292\">Van Hoevelen Matthew<\/td>\n<td width=\"270\"><\/td>\n<\/tr>\n<tr>\n<td width=\"51\">92<\/td>\n<td width=\"255\">Lotin Fran\u00e7ois<\/td>\n<td width=\"281\">Morone Yohan<\/td>\n<td width=\"292\">Aubry Lillo<\/td>\n<td width=\"270\"><\/td>\n<\/tr>\n<tr>\n<td width=\"51\">93<\/td>\n<td width=\"255\">Hubin Eric<\/td>\n<td width=\"281\">Maroit Thibaut<\/td>\n<td width=\"292\">Houssonlonge Lucas<\/td>\n<td width=\"270\"><\/td>\n<\/tr>\n<tr>\n<td width=\"51\">96<\/td>\n<td width=\"255\">Santolino Lorenzo<\/td>\n<td width=\"281\">Mirabet<\/td>\n<td width=\"292\">Metge<\/td>\n<td width=\"270\"><\/td>\n<\/tr>\n<tr>\n<td width=\"51\">97<\/td>\n<td width=\"255\">VukcevicMichael<\/td>\n<td width=\"281\">Lurkin<\/td>\n<td width=\"292\">Smal<\/td>\n<td width=\"270\"><\/td>\n<\/tr>\n<tr>\n<td width=\"51\">98<\/td>\n<td width=\"255\">Minique Ga\u00ebtan<\/td>\n<td width=\"281\">Warenghien<\/td>\n<td width=\"292\">Coen J\u00e9r\u00e9my<\/td>\n<td width=\"270\"><\/td>\n<\/tr>\n<tr>\n<td width=\"51\">99<\/td>\n<td width=\"255\">Schepens Peter<\/td>\n<td width=\"281\">De Keersmaecker Bruno<\/td>\n<td width=\"292\">Van Meerhaeghe Carl<\/td>\n<td width=\"270\">Boeren Chris<\/td>\n<\/tr>\n<tr>\n<td width=\"51\">100<\/td>\n<td width=\"255\">Detimmerman Laurent<\/td>\n<td width=\"281\">Boulet Alain<\/td>\n<td width=\"292\">Cantignaux Arnaud<\/td>\n<td width=\"270\"><\/td>\n<\/tr>\n<tr>\n<td width=\"51\">101<\/td>\n<td width=\"255\">Marchal Elise<\/td>\n<td width=\"281\">Dermine Arnaud<\/td>\n<td width=\"292\">Martin Pierre Laurent<\/td>\n<td width=\"270\"><\/td>\n<\/tr>\n<tr>\n<td width=\"51\">103<\/td>\n<td width=\"255\">Gillard Fabian<\/td>\n<td width=\"281\">Wautier Sebastien<\/td>\n<td width=\"292\">Wanet David<\/td>\n<td width=\"270\"><\/td>\n<\/tr>\n<tr>\n<td width=\"51\">104<\/td>\n<td width=\"255\">Ponsart Stephane<\/td>\n<td width=\"281\">Godfriaux Pierre<\/td>\n<td width=\"292\">Bloquiau Thibault<\/td>\n<td width=\"270\"><\/td>\n<\/tr>\n<tr>\n<td width=\"51\">105<\/td>\n<td width=\"255\">Jacquemyn Eddy<\/td>\n<td width=\"281\">Borgniet Thierry<\/td>\n<td width=\"292\">Collin Angelo<\/td>\n<td width=\"270\">Cougeon Patrick<\/td>\n<\/tr>\n<tr>\n<td width=\"51\">106<\/td>\n<td width=\"255\">Kevin Denison<\/td>\n<td width=\"281\">Pierard Louis<\/td>\n<td width=\"292\">Yves Baudoin<\/td>\n<td width=\"270\"><\/td>\n<\/tr>\n<tr>\n<td width=\"51\">107<\/td>\n<td width=\"255\">Fleurquin Marc Antoine<\/td>\n<td width=\"281\">Decaigny Thomas<\/td>\n<td width=\"292\">Mariaule Pascal<\/td>\n<td width=\"270\"><\/td>\n<\/tr>\n<tr>\n<td width=\"51\">108<\/td>\n<td width=\"255\">Barnich Sebastien<\/td>\n<td width=\"281\">Barnich Tom<\/td>\n<td width=\"292\">Becu Clement<\/td>\n<td width=\"270\"><\/td>\n<\/tr>\n<tr>\n<td width=\"51\">109<\/td>\n<td width=\"255\">Chiliade Jeremy<\/td>\n<td width=\"281\">Courbet Ayrton<\/td>\n<td width=\"292\">Naz\u00e9 Tony<\/td>\n<td width=\"270\"><\/td>\n<\/tr>\n<tr>\n<td width=\"51\">110<\/td>\n<td width=\"255\">Robert Jean Michel<\/td>\n<td width=\"281\">Robert Steve<\/td>\n<td width=\"292\">Robert Mike<\/td>\n<td width=\"270\"><\/td>\n<\/tr>\n<tr>\n<td width=\"51\">111<\/td>\n<td width=\"255\">Corretel Quentin<\/td>\n<td width=\"281\">Massaert Jonathan<\/td>\n<td width=\"292\">Hella Yoann<\/td>\n<td width=\"270\"><\/td>\n<\/tr>\n<\/tbody>\n<\/table>\n<p>&nbsp;<\/p>\n<p><span style=\"color: #ff0000;\"><strong>Liste des pilotes engag\u00e9s &#8211; Mini-Chinelle 2017<\/strong><\/span><\/p>\n<p>&nbsp;<\/p>\n<table width=\"100%\">\n<tbody>\n<tr>\n<td width=\"219\"><strong>Dossard<\/strong><\/td>\n<td width=\"219\"><strong>Pilotes<\/strong><\/td>\n<td width=\"219\"><strong>Cylindr\u00e9e<\/strong><\/td>\n<\/tr>\n<tr>\n<td width=\"219\">1<\/td>\n<td width=\"219\">Hanart Jonas<\/td>\n<td width=\"219\">65<\/td>\n<\/tr>\n<tr>\n<td width=\"219\">2<\/td>\n<td width=\"219\">Buchelot Hugo<\/td>\n<td width=\"219\">65<\/td>\n<\/tr>\n<tr>\n<td width=\"219\"><\/td>\n<td width=\"219\">Branckaute Benjamin<\/td>\n<td width=\"219\">65<\/td>\n<\/tr>\n<tr>\n<td width=\"219\">3<\/td>\n<td width=\"219\">Vukcevic Hugo<\/td>\n<td width=\"219\">125\/4 temps<\/td>\n<\/tr>\n<tr>\n<td width=\"219\"><\/td>\n<td width=\"219\">Button Yannis<\/td>\n<td width=\"219\">125\/4 temps<\/td>\n<\/tr>\n<tr>\n<td width=\"219\">4<\/td>\n<td width=\"219\">Degregne Louis<\/td>\n<td width=\"219\">85<\/td>\n<\/tr>\n<tr>\n<td width=\"219\"><\/td>\n<td width=\"219\">Dussart Mathis<\/td>\n<td width=\"219\">85<\/td>\n<\/tr>\n<tr>\n<td width=\"219\">5<\/td>\n<td width=\"219\">Honda Shiaru<\/td>\n<td width=\"219\">150<\/td>\n<\/tr>\n<tr>\n<td width=\"219\"><\/td>\n<td width=\"219\">Matthews Tom<\/td>\n<td width=\"219\">85<\/td>\n<\/tr>\n<tr>\n<td width=\"219\">6<\/td>\n<td width=\"219\">Jordant Sam<\/td>\n<td width=\"219\">85<\/td>\n<\/tr>\n<tr>\n<td width=\"219\"><\/td>\n<td width=\"219\">Claro Thomas<\/td>\n<td width=\"219\">85<\/td>\n<\/tr>\n<tr>\n<td width=\"219\">7<\/td>\n<td width=\"219\">Gendebien Tom<\/td>\n<td width=\"219\">85<\/td>\n<\/tr>\n<tr>\n<td width=\"219\"><\/td>\n<td width=\"219\">Depriester Menphis<\/td>\n<td width=\"219\">85<\/td>\n<\/tr>\n<tr>\n<td width=\"219\">8<\/td>\n<td width=\"219\">Haeck Lucas<\/td>\n<td width=\"219\">85<\/td>\n<\/tr>\n<tr>\n<td width=\"219\"><\/td>\n<td width=\"219\">Beaudoul Kylian<\/td>\n<td width=\"219\">85<\/td>\n<\/tr>\n<tr>\n<td width=\"219\">9<\/td>\n<td width=\"219\">Vandermynsbrugge Kenny<\/td>\n<td width=\"219\">85<\/td>\n<\/tr>\n<tr>\n<td width=\"219\"><\/td>\n<td width=\"219\">Deflorenne Dorian<\/td>\n<td width=\"219\">85<\/td>\n<\/tr>\n<tr>\n<td width=\"219\">10<\/td>\n<td width=\"219\">Stiennes Hugo<\/td>\n<td width=\"219\">65<\/td>\n<\/tr>\n<tr>\n<td width=\"219\"><\/td>\n<td width=\"219\">Deboutez Noah<\/td>\n<td width=\"219\">65<\/td>\n<\/tr>\n<tr>\n<td width=\"219\">11<\/td>\n<td width=\"219\">Demarbaix Germain<\/td>\n<td width=\"219\">85<\/td>\n<\/tr>\n<tr>\n<td width=\"219\"><\/td>\n<td width=\"219\">Fornier Noa<\/td>\n<td width=\"219\">85<\/td>\n<\/tr>\n<tr>\n<td width=\"219\">12<\/td>\n<td width=\"219\">Termont Guillaume<\/td>\n<td width=\"219\">85<\/td>\n<\/tr>\n<tr>\n<td width=\"219\"><\/td>\n<td>Vandendeale Noah<\/td>\n<td width=\"219\">85<\/td>\n<\/tr>\n<tr>\n<td width=\"219\">13<\/td>\n<td width=\"219\">Lefebvre Leopold<\/td>\n<td width=\"219\">85<\/td>\n<\/tr>\n<tr>\n<td width=\"219\"><\/td>\n<td width=\"219\">Leonard Matheo<\/td>\n<td width=\"219\">85<\/td>\n<\/tr>\n<tr>\n<td width=\"219\">14<\/td>\n<td width=\"219\">Lissens Romain<\/td>\n<td width=\"219\">65<\/td>\n<\/tr>\n<tr>\n<td width=\"219\"><\/td>\n<td width=\"219\">Smets Julian<\/td>\n<td width=\"219\">65<\/td>\n<\/tr>\n<tr>\n<td width=\"219\">15<\/td>\n<td width=\"219\">Merenne Dorian<\/td>\n<td width=\"219\">65<\/td>\n<\/tr>\n<tr>\n<td width=\"219\"><\/td>\n<td width=\"219\">Dargenton Robin<\/td>\n<td width=\"219\">65<\/td>\n<\/tr>\n<tr>\n<td width=\"219\">16<\/td>\n<td width=\"219\">Trembloy Tristan<\/td>\n<td width=\"219\">85<\/td>\n<\/tr>\n<tr>\n<td width=\"219\"><\/td>\n<td width=\"219\">Charlier Maxime<\/td>\n<td width=\"219\">85<\/td>\n<\/tr>\n<tr>\n<td width=\"219\">17<\/td>\n<td width=\"219\">Mazy Maxence<\/td>\n<td width=\"219\">85<\/td>\n<\/tr>\n<tr>\n<td width=\"219\"><\/td>\n<td width=\"219\">Collin Cyprien<\/td>\n<td width=\"219\">85<\/td>\n<\/tr>\n<tr>\n<td width=\"219\">18<\/td>\n<td width=\"219\">Lambeaux Cyril<\/td>\n<td width=\"219\">85<\/td>\n<\/tr>\n<tr>\n<td width=\"219\"><\/td>\n<td width=\"219\">Berben Ethan<\/td>\n<td width=\"219\">85<\/td>\n<\/tr>\n<tr>\n<td width=\"219\">19<\/td>\n<td width=\"219\">Gabriel antoine<\/td>\n<td width=\"219\">65<\/td>\n<\/tr>\n<tr>\n<td width=\"219\"><\/td>\n<td width=\"219\">Stommen bastien<\/td>\n<td width=\"219\">65<\/td>\n<\/tr>\n<tr>\n<td width=\"219\">20<\/td>\n<td width=\"219\">Richard Hugo<\/td>\n<td width=\"219\">85<\/td>\n<\/tr>\n<tr>\n<td width=\"219\"><\/td>\n<td width=\"219\">Louis Jacques<\/td>\n<td width=\"219\">85<\/td>\n<\/tr>\n<tr>\n<td width=\"219\">21<\/td>\n<td width=\"219\">Baltus Barry<\/td>\n<td>85<\/td>\n<\/tr>\n<tr>\n<td width=\"219\"><\/td>\n<td width=\"219\">Kessen Nyls<\/td>\n<td>85<\/td>\n<\/tr>\n<tr>\n<td width=\"219\">22<\/td>\n<td width=\"219\">Chapelle Mateo<\/td>\n<td>85<\/td>\n<\/tr>\n<tr>\n<td width=\"219\"><\/td>\n<td width=\"219\">Martin Dylan<\/td>\n<td>85<\/td>\n<\/tr>\n<tr>\n<td width=\"219\">23<\/td>\n<td width=\"219\">Merlo Simon<\/td>\n<td>85<\/td>\n<\/tr>\n<tr>\n<td width=\"219\"><\/td>\n<td width=\"219\">Haulot Arthur<\/td>\n<td>85<\/td>\n<\/tr>\n<\/tbody>\n<\/table>\n<p>&nbsp;<\/p>\n","protected":false},"excerpt":{"rendered":"<p>Pas moins de 103 machines s&rsquo;\u00e9lanceront ce samedi 12 ao\u00fbt \u00e0 minuit pour la 38\u00e8me \u00e9dition des 12 Heures de la Chinelle. Retrouvez ci-dessous la liste compl\u00e8te des pilotes qui [&#8230;]<\/p>\n","protected":false},"author":932,"featured_media":37583,"comment_status":"open","ping_status":"closed","sticky":false,"template":"","format":"standard","meta":{"footnotes":""},"categories":[54,32,35,73,55,65],"tags":[],"class_list":["post-62810","post","type-post","status-publish","format-standard","has-post-thumbnail","hentry","category-actualite","category-enduro","category-fmb-enduro","category-chinelle","category-news-actualite","category-slideshow"],"yoast_head":"<!-- This site is optimized with the Yoast SEO plugin v27.4 - https:\/\/yoast.com\/product\/yoast-seo-wordpress\/ -->\n<title>12 Heures de la Chinelle : les pilotes engag\u00e9s - Motocross - Enduro - Supermoto | MotocrossMag<\/title>\n<meta name=\"robots\" content=\"index, follow, max-snippet:-1, max-image-preview:large, max-video-preview:-1\" \/>\n<link rel=\"canonical\" href=\"https:\/\/fr.motocrossmag.be\/index.php\/2017\/08\/12-heures-de-la-chinelle-les-pilotes-engages\/\" \/>\n<meta property=\"og:locale\" content=\"fr_FR\" \/>\n<meta property=\"og:type\" content=\"article\" \/>\n<meta property=\"og:title\" content=\"12 Heures de la Chinelle : les pilotes engag\u00e9s - Motocross - Enduro - Supermoto | MotocrossMag\" \/>\n<meta property=\"og:description\" content=\"Pas moins de 103 machines s&rsquo;\u00e9lanceront ce samedi 12 ao\u00fbt \u00e0 minuit pour la 38\u00e8me \u00e9dition des 12 Heures de la Chinelle. Retrouvez ci-dessous la liste compl\u00e8te des pilotes qui [...]\" \/>\n<meta property=\"og:url\" content=\"https:\/\/fr.motocrossmag.be\/index.php\/2017\/08\/12-heures-de-la-chinelle-les-pilotes-engages\/\" \/>\n<meta property=\"og:site_name\" content=\"Motocross - Enduro - Supermoto | MotocrossMag\" \/>\n<meta property=\"article:published_time\" content=\"2017-08-10T15:43:28+00:00\" \/>\n<meta property=\"article:modified_time\" content=\"2017-08-10T15:59:43+00:00\" \/>\n<meta property=\"og:image\" content=\"https:\/\/fr.motocrossmag.be\/wp-content\/uploads\/2015\/08\/RB_12h-de-La-Chinelle_by-Bavo_DSC_4439-C-1024x682.jpg\" \/>\n\t<meta property=\"og:image:width\" content=\"1024\" \/>\n\t<meta property=\"og:image:height\" content=\"682\" \/>\n\t<meta property=\"og:image:type\" content=\"image\/jpeg\" \/>\n<meta name=\"author\" content=\"oliviere\" \/>\n<meta name=\"twitter:card\" content=\"summary_large_image\" \/>\n<meta name=\"twitter:label1\" content=\"\u00c9crit par\" \/>\n\t<meta name=\"twitter:data1\" content=\"oliviere\" \/>\n\t<meta name=\"twitter:label2\" content=\"Dur\u00e9e de lecture estim\u00e9e\" \/>\n\t<meta name=\"twitter:data2\" content=\"4 minutes\" \/>\n<script type=\"application\/ld+json\" class=\"yoast-schema-graph\">{\"@context\":\"https:\\\/\\\/schema.org\",\"@graph\":[{\"@type\":\"Article\",\"@id\":\"https:\\\/\\\/fr.motocrossmag.be\\\/index.php\\\/2017\\\/08\\\/12-heures-de-la-chinelle-les-pilotes-engages\\\/#article\",\"isPartOf\":{\"@id\":\"https:\\\/\\\/fr.motocrossmag.be\\\/index.php\\\/2017\\\/08\\\/12-heures-de-la-chinelle-les-pilotes-engages\\\/\"},\"author\":{\"name\":\"oliviere\",\"@id\":\"https:\\\/\\\/fr.motocrossmag.be\\\/#\\\/schema\\\/person\\\/11b47143d9f755babca2c9110e03235c\"},\"headline\":\"12 Heures de la Chinelle : les pilotes engag\u00e9s\",\"datePublished\":\"2017-08-10T15:43:28+00:00\",\"dateModified\":\"2017-08-10T15:59:43+00:00\",\"mainEntityOfPage\":{\"@id\":\"https:\\\/\\\/fr.motocrossmag.be\\\/index.php\\\/2017\\\/08\\\/12-heures-de-la-chinelle-les-pilotes-engages\\\/\"},\"wordCount\":849,\"commentCount\":0,\"image\":{\"@id\":\"https:\\\/\\\/fr.motocrossmag.be\\\/index.php\\\/2017\\\/08\\\/12-heures-de-la-chinelle-les-pilotes-engages\\\/#primaryimage\"},\"thumbnailUrl\":\"https:\\\/\\\/fr.motocrossmag.be\\\/wp-content\\\/uploads\\\/2015\\\/08\\\/RB_12h-de-La-Chinelle_by-Bavo_DSC_4439-C-1024x682.jpg\",\"articleSection\":[\"Actualit\u00e9\",\"Enduro\",\"FMB\",\"La Chinelle\",\"News\",\"Slideshow\"],\"inLanguage\":\"fr-FR\",\"potentialAction\":[{\"@type\":\"CommentAction\",\"name\":\"Comment\",\"target\":[\"https:\\\/\\\/fr.motocrossmag.be\\\/index.php\\\/2017\\\/08\\\/12-heures-de-la-chinelle-les-pilotes-engages\\\/#respond\"]}]},{\"@type\":\"WebPage\",\"@id\":\"https:\\\/\\\/fr.motocrossmag.be\\\/index.php\\\/2017\\\/08\\\/12-heures-de-la-chinelle-les-pilotes-engages\\\/\",\"url\":\"https:\\\/\\\/fr.motocrossmag.be\\\/index.php\\\/2017\\\/08\\\/12-heures-de-la-chinelle-les-pilotes-engages\\\/\",\"name\":\"12 Heures de la Chinelle : les pilotes engag\u00e9s - Motocross - Enduro - Supermoto | MotocrossMag\",\"isPartOf\":{\"@id\":\"https:\\\/\\\/fr.motocrossmag.be\\\/#website\"},\"primaryImageOfPage\":{\"@id\":\"https:\\\/\\\/fr.motocrossmag.be\\\/index.php\\\/2017\\\/08\\\/12-heures-de-la-chinelle-les-pilotes-engages\\\/#primaryimage\"},\"image\":{\"@id\":\"https:\\\/\\\/fr.motocrossmag.be\\\/index.php\\\/2017\\\/08\\\/12-heures-de-la-chinelle-les-pilotes-engages\\\/#primaryimage\"},\"thumbnailUrl\":\"https:\\\/\\\/fr.motocrossmag.be\\\/wp-content\\\/uploads\\\/2015\\\/08\\\/RB_12h-de-La-Chinelle_by-Bavo_DSC_4439-C-1024x682.jpg\",\"datePublished\":\"2017-08-10T15:43:28+00:00\",\"dateModified\":\"2017-08-10T15:59:43+00:00\",\"author\":{\"@id\":\"https:\\\/\\\/fr.motocrossmag.be\\\/#\\\/schema\\\/person\\\/11b47143d9f755babca2c9110e03235c\"},\"breadcrumb\":{\"@id\":\"https:\\\/\\\/fr.motocrossmag.be\\\/index.php\\\/2017\\\/08\\\/12-heures-de-la-chinelle-les-pilotes-engages\\\/#breadcrumb\"},\"inLanguage\":\"fr-FR\",\"potentialAction\":[{\"@type\":\"ReadAction\",\"target\":[\"https:\\\/\\\/fr.motocrossmag.be\\\/index.php\\\/2017\\\/08\\\/12-heures-de-la-chinelle-les-pilotes-engages\\\/\"]}]},{\"@type\":\"ImageObject\",\"inLanguage\":\"fr-FR\",\"@id\":\"https:\\\/\\\/fr.motocrossmag.be\\\/index.php\\\/2017\\\/08\\\/12-heures-de-la-chinelle-les-pilotes-engages\\\/#primaryimage\",\"url\":\"https:\\\/\\\/fr.motocrossmag.be\\\/wp-content\\\/uploads\\\/2015\\\/08\\\/RB_12h-de-La-Chinelle_by-Bavo_DSC_4439-C-1024x682.jpg\",\"contentUrl\":\"https:\\\/\\\/fr.motocrossmag.be\\\/wp-content\\\/uploads\\\/2015\\\/08\\\/RB_12h-de-La-Chinelle_by-Bavo_DSC_4439-C-1024x682.jpg\",\"width\":1024,\"height\":682},{\"@type\":\"BreadcrumbList\",\"@id\":\"https:\\\/\\\/fr.motocrossmag.be\\\/index.php\\\/2017\\\/08\\\/12-heures-de-la-chinelle-les-pilotes-engages\\\/#breadcrumb\",\"itemListElement\":[{\"@type\":\"ListItem\",\"position\":1,\"name\":\"Accueil\",\"item\":\"https:\\\/\\\/fr.motocrossmag.be\\\/\"},{\"@type\":\"ListItem\",\"position\":2,\"name\":\"12 Heures de la Chinelle : les pilotes engag\u00e9s\"}]},{\"@type\":\"WebSite\",\"@id\":\"https:\\\/\\\/fr.motocrossmag.be\\\/#website\",\"url\":\"https:\\\/\\\/fr.motocrossmag.be\\\/\",\"name\":\"Motocross - Enduro - Supermoto | MotocrossMag\",\"description\":\"L&#039;actualit\u00e9 du motocross, de l&#039;enduro et du Supermoto en ligne!\",\"potentialAction\":[{\"@type\":\"SearchAction\",\"target\":{\"@type\":\"EntryPoint\",\"urlTemplate\":\"https:\\\/\\\/fr.motocrossmag.be\\\/?s={search_term_string}\"},\"query-input\":{\"@type\":\"PropertyValueSpecification\",\"valueRequired\":true,\"valueName\":\"search_term_string\"}}],\"inLanguage\":\"fr-FR\"},{\"@type\":\"Person\",\"@id\":\"https:\\\/\\\/fr.motocrossmag.be\\\/#\\\/schema\\\/person\\\/11b47143d9f755babca2c9110e03235c\",\"name\":\"oliviere\",\"image\":{\"@type\":\"ImageObject\",\"inLanguage\":\"fr-FR\",\"@id\":\"https:\\\/\\\/secure.gravatar.com\\\/avatar\\\/907069e0b81d119452040469e4a7501da1100f54f7f80180ce77bfab718288f6?s=96&d=mm&r=g\",\"url\":\"https:\\\/\\\/secure.gravatar.com\\\/avatar\\\/907069e0b81d119452040469e4a7501da1100f54f7f80180ce77bfab718288f6?s=96&d=mm&r=g\",\"contentUrl\":\"https:\\\/\\\/secure.gravatar.com\\\/avatar\\\/907069e0b81d119452040469e4a7501da1100f54f7f80180ce77bfab718288f6?s=96&d=mm&r=g\",\"caption\":\"oliviere\"},\"sameAs\":[\"http:\\\/\\\/www.motocrossmag.be\"],\"url\":\"https:\\\/\\\/fr.motocrossmag.be\\\/index.php\\\/author\\\/oliviere\\\/\"}]}<\/script>\n<!-- \/ Yoast SEO plugin. -->","yoast_head_json":{"title":"12 Heures de la Chinelle : les pilotes engag\u00e9s - Motocross - Enduro - Supermoto | MotocrossMag","robots":{"index":"index","follow":"follow","max-snippet":"max-snippet:-1","max-image-preview":"max-image-preview:large","max-video-preview":"max-video-preview:-1"},"canonical":"https:\/\/fr.motocrossmag.be\/index.php\/2017\/08\/12-heures-de-la-chinelle-les-pilotes-engages\/","og_locale":"fr_FR","og_type":"article","og_title":"12 Heures de la Chinelle : les pilotes engag\u00e9s - Motocross - Enduro - Supermoto | MotocrossMag","og_description":"Pas moins de 103 machines s&rsquo;\u00e9lanceront ce samedi 12 ao\u00fbt \u00e0 minuit pour la 38\u00e8me \u00e9dition des 12 Heures de la Chinelle. Retrouvez ci-dessous la liste compl\u00e8te des pilotes qui [...]","og_url":"https:\/\/fr.motocrossmag.be\/index.php\/2017\/08\/12-heures-de-la-chinelle-les-pilotes-engages\/","og_site_name":"Motocross - Enduro - Supermoto | MotocrossMag","article_published_time":"2017-08-10T15:43:28+00:00","article_modified_time":"2017-08-10T15:59:43+00:00","og_image":[{"width":1024,"height":682,"url":"https:\/\/fr.motocrossmag.be\/wp-content\/uploads\/2015\/08\/RB_12h-de-La-Chinelle_by-Bavo_DSC_4439-C-1024x682.jpg","type":"image\/jpeg"}],"author":"oliviere","twitter_card":"summary_large_image","twitter_misc":{"\u00c9crit par":"oliviere","Dur\u00e9e de lecture estim\u00e9e":"4 minutes"},"schema":{"@context":"https:\/\/schema.org","@graph":[{"@type":"Article","@id":"https:\/\/fr.motocrossmag.be\/index.php\/2017\/08\/12-heures-de-la-chinelle-les-pilotes-engages\/#article","isPartOf":{"@id":"https:\/\/fr.motocrossmag.be\/index.php\/2017\/08\/12-heures-de-la-chinelle-les-pilotes-engages\/"},"author":{"name":"oliviere","@id":"https:\/\/fr.motocrossmag.be\/#\/schema\/person\/11b47143d9f755babca2c9110e03235c"},"headline":"12 Heures de la Chinelle : les pilotes engag\u00e9s","datePublished":"2017-08-10T15:43:28+00:00","dateModified":"2017-08-10T15:59:43+00:00","mainEntityOfPage":{"@id":"https:\/\/fr.motocrossmag.be\/index.php\/2017\/08\/12-heures-de-la-chinelle-les-pilotes-engages\/"},"wordCount":849,"commentCount":0,"image":{"@id":"https:\/\/fr.motocrossmag.be\/index.php\/2017\/08\/12-heures-de-la-chinelle-les-pilotes-engages\/#primaryimage"},"thumbnailUrl":"https:\/\/fr.motocrossmag.be\/wp-content\/uploads\/2015\/08\/RB_12h-de-La-Chinelle_by-Bavo_DSC_4439-C-1024x682.jpg","articleSection":["Actualit\u00e9","Enduro","FMB","La Chinelle","News","Slideshow"],"inLanguage":"fr-FR","potentialAction":[{"@type":"CommentAction","name":"Comment","target":["https:\/\/fr.motocrossmag.be\/index.php\/2017\/08\/12-heures-de-la-chinelle-les-pilotes-engages\/#respond"]}]},{"@type":"WebPage","@id":"https:\/\/fr.motocrossmag.be\/index.php\/2017\/08\/12-heures-de-la-chinelle-les-pilotes-engages\/","url":"https:\/\/fr.motocrossmag.be\/index.php\/2017\/08\/12-heures-de-la-chinelle-les-pilotes-engages\/","name":"12 Heures de la Chinelle : les pilotes engag\u00e9s - Motocross - Enduro - Supermoto | MotocrossMag","isPartOf":{"@id":"https:\/\/fr.motocrossmag.be\/#website"},"primaryImageOfPage":{"@id":"https:\/\/fr.motocrossmag.be\/index.php\/2017\/08\/12-heures-de-la-chinelle-les-pilotes-engages\/#primaryimage"},"image":{"@id":"https:\/\/fr.motocrossmag.be\/index.php\/2017\/08\/12-heures-de-la-chinelle-les-pilotes-engages\/#primaryimage"},"thumbnailUrl":"https:\/\/fr.motocrossmag.be\/wp-content\/uploads\/2015\/08\/RB_12h-de-La-Chinelle_by-Bavo_DSC_4439-C-1024x682.jpg","datePublished":"2017-08-10T15:43:28+00:00","dateModified":"2017-08-10T15:59:43+00:00","author":{"@id":"https:\/\/fr.motocrossmag.be\/#\/schema\/person\/11b47143d9f755babca2c9110e03235c"},"breadcrumb":{"@id":"https:\/\/fr.motocrossmag.be\/index.php\/2017\/08\/12-heures-de-la-chinelle-les-pilotes-engages\/#breadcrumb"},"inLanguage":"fr-FR","potentialAction":[{"@type":"ReadAction","target":["https:\/\/fr.motocrossmag.be\/index.php\/2017\/08\/12-heures-de-la-chinelle-les-pilotes-engages\/"]}]},{"@type":"ImageObject","inLanguage":"fr-FR","@id":"https:\/\/fr.motocrossmag.be\/index.php\/2017\/08\/12-heures-de-la-chinelle-les-pilotes-engages\/#primaryimage","url":"https:\/\/fr.motocrossmag.be\/wp-content\/uploads\/2015\/08\/RB_12h-de-La-Chinelle_by-Bavo_DSC_4439-C-1024x682.jpg","contentUrl":"https:\/\/fr.motocrossmag.be\/wp-content\/uploads\/2015\/08\/RB_12h-de-La-Chinelle_by-Bavo_DSC_4439-C-1024x682.jpg","width":1024,"height":682},{"@type":"BreadcrumbList","@id":"https:\/\/fr.motocrossmag.be\/index.php\/2017\/08\/12-heures-de-la-chinelle-les-pilotes-engages\/#breadcrumb","itemListElement":[{"@type":"ListItem","position":1,"name":"Accueil","item":"https:\/\/fr.motocrossmag.be\/"},{"@type":"ListItem","position":2,"name":"12 Heures de la Chinelle : les pilotes engag\u00e9s"}]},{"@type":"WebSite","@id":"https:\/\/fr.motocrossmag.be\/#website","url":"https:\/\/fr.motocrossmag.be\/","name":"Motocross - Enduro - Supermoto | MotocrossMag","description":"L&#039;actualit\u00e9 du motocross, de l&#039;enduro et du Supermoto en ligne!","potentialAction":[{"@type":"SearchAction","target":{"@type":"EntryPoint","urlTemplate":"https:\/\/fr.motocrossmag.be\/?s={search_term_string}"},"query-input":{"@type":"PropertyValueSpecification","valueRequired":true,"valueName":"search_term_string"}}],"inLanguage":"fr-FR"},{"@type":"Person","@id":"https:\/\/fr.motocrossmag.be\/#\/schema\/person\/11b47143d9f755babca2c9110e03235c","name":"oliviere","image":{"@type":"ImageObject","inLanguage":"fr-FR","@id":"https:\/\/secure.gravatar.com\/avatar\/907069e0b81d119452040469e4a7501da1100f54f7f80180ce77bfab718288f6?s=96&d=mm&r=g","url":"https:\/\/secure.gravatar.com\/avatar\/907069e0b81d119452040469e4a7501da1100f54f7f80180ce77bfab718288f6?s=96&d=mm&r=g","contentUrl":"https:\/\/secure.gravatar.com\/avatar\/907069e0b81d119452040469e4a7501da1100f54f7f80180ce77bfab718288f6?s=96&d=mm&r=g","caption":"oliviere"},"sameAs":["http:\/\/www.motocrossmag.be"],"url":"https:\/\/fr.motocrossmag.be\/index.php\/author\/oliviere\/"}]}},"_links":{"self":[{"href":"https:\/\/fr.motocrossmag.be\/index.php\/wp-json\/wp\/v2\/posts\/62810","targetHints":{"allow":["GET"]}}],"collection":[{"href":"https:\/\/fr.motocrossmag.be\/index.php\/wp-json\/wp\/v2\/posts"}],"about":[{"href":"https:\/\/fr.motocrossmag.be\/index.php\/wp-json\/wp\/v2\/types\/post"}],"author":[{"embeddable":true,"href":"https:\/\/fr.motocrossmag.be\/index.php\/wp-json\/wp\/v2\/users\/932"}],"replies":[{"embeddable":true,"href":"https:\/\/fr.motocrossmag.be\/index.php\/wp-json\/wp\/v2\/comments?post=62810"}],"version-history":[{"count":2,"href":"https:\/\/fr.motocrossmag.be\/index.php\/wp-json\/wp\/v2\/posts\/62810\/revisions"}],"predecessor-version":[{"id":62815,"href":"https:\/\/fr.motocrossmag.be\/index.php\/wp-json\/wp\/v2\/posts\/62810\/revisions\/62815"}],"wp:featuredmedia":[{"embeddable":true,"href":"https:\/\/fr.motocrossmag.be\/index.php\/wp-json\/wp\/v2\/media\/37583"}],"wp:attachment":[{"href":"https:\/\/fr.motocrossmag.be\/index.php\/wp-json\/wp\/v2\/media?parent=62810"}],"wp:term":[{"taxonomy":"category","embeddable":true,"href":"https:\/\/fr.motocrossmag.be\/index.php\/wp-json\/wp\/v2\/categories?post=62810"},{"taxonomy":"post_tag","embeddable":true,"href":"https:\/\/fr.motocrossmag.be\/index.php\/wp-json\/wp\/v2\/tags?post=62810"}],"curies":[{"name":"wp","href":"https:\/\/api.w.org\/{rel}","templated":true}]}}