{"id":63132,"date":"2017-08-18T00:05:32","date_gmt":"2017-08-17T22:05:32","guid":{"rendered":"http:\/\/fr.motocrossmag.be\/?p=63132"},"modified":"2017-08-18T00:05:32","modified_gmt":"2017-08-17T22:05:32","slug":"wim-vanderheyden-la-chinelle-nous-avons-commence-a-la-preparer-des-le-lendemain-de-notre-victoire-en-2016","status":"publish","type":"post","link":"https:\/\/fr.motocrossmag.be\/index.php\/2017\/08\/wim-vanderheyden-la-chinelle-nous-avons-commence-a-la-preparer-des-le-lendemain-de-notre-victoire-en-2016\/","title":{"rendered":"Wim Vanderheyden : \u00ab\u00a0La Chinelle, nous avons commenc\u00e9 \u00e0 la pr\u00e9parer d\u00e8s le lendemain de notre victoire en 2016\u00a0\u00bb"},"content":{"rendered":"<p><strong>Pour la premi\u00e8re fois, Husqvarna arrivait sur les 12 Heures de la Chinelle en favori. Un an apr\u00e8s avoir cr\u00e9\u00e9 la surprise en remportant son premier succ\u00e8s gr\u00e2ce au trio Brackman\/Renkens\/Genot, la marque revenait sur l&rsquo;\u00e9preuve avec la ferme intention de r\u00e9\u00e9diter l&rsquo;exploit sur l&rsquo;\u00e9preuve d&rsquo;endurance la plus prestigieuse du calendrier belge. Pari tenu !<\/strong><\/p>\n<p><img decoding=\"async\" class=\"lazyload alignnone size-medium wp-image-63138\" src=\"http:\/\/fr.motocrossmag.be\/wp-content\/uploads\/2017\/08\/chinelle-17-husqvarna-28-650x433.jpg\" data-orig-src=\"http:\/\/fr.motocrossmag.be\/wp-content\/uploads\/2017\/08\/chinelle-17-husqvarna-28-650x433.jpg\" alt=\"\" width=\"650\" height=\"433\" srcset=\"data:image\/svg+xml,%3Csvg%20xmlns%3D%27http%3A%2F%2Fwww.w3.org%2F2000%2Fsvg%27%20width%3D%27650%27%20height%3D%27433%27%20viewBox%3D%270%200%20650%20433%27%3E%3Crect%20width%3D%27650%27%20height%3D%27433%27%20fill-opacity%3D%220%22%2F%3E%3C%2Fsvg%3E\" data-srcset=\"https:\/\/fr.motocrossmag.be\/wp-content\/uploads\/2017\/08\/chinelle-17-husqvarna-28-650x433.jpg 650w, https:\/\/fr.motocrossmag.be\/wp-content\/uploads\/2017\/08\/chinelle-17-husqvarna-28-768x512.jpg 768w, https:\/\/fr.motocrossmag.be\/wp-content\/uploads\/2017\/08\/chinelle-17-husqvarna-28-1024x682.jpg 1024w, https:\/\/fr.motocrossmag.be\/wp-content\/uploads\/2017\/08\/chinelle-17-husqvarna-28.jpg 1400w\" data-sizes=\"auto\" data-orig-sizes=\"(max-width: 650px) 100vw, 650px\" \/><\/p>\n<p>\u00ab\u00a0Bien s\u00fbr, comme nous avons gagn\u00e9 l&rsquo;an pass\u00e9, on a tendance \u00e0 nous coller l&rsquo;\u00e9tiquette de favori, c&rsquo;est normal\u00a0\u00bb, nous lan\u00e7ait samedi apr\u00e8s-midi Stefaan Minne, responsable de la marque pour la Belgique. \u00ab\u00a0Mais c&rsquo;est ce qu&rsquo;il y a de beau sur une \u00e9preuve comme la Chinelle : on remet chaque ann\u00e9e les compteurs \u00e0 z\u00e9ro, tout le monde est log\u00e9 \u00e0 la m\u00eame enseigne et tout peut arriver, m\u00eame aux meilleurs. Alors oui, on a pr\u00e9par\u00e9 la Chinelle du mieux que nous pouvions, nous avons deux bonnes \u00e9quipes, de bons pilotes et de bonnes machines mais tout reste \u00e0 faire. Verdict demain \u00e0 midi !\u00a0\u00bb<\/p>\n<p><img decoding=\"async\" class=\"lazyload alignnone size-medium wp-image-63134\" src=\"http:\/\/fr.motocrossmag.be\/wp-content\/uploads\/2017\/08\/chinelle-17-husqvarna-stand-650x433.jpg\" data-orig-src=\"http:\/\/fr.motocrossmag.be\/wp-content\/uploads\/2017\/08\/chinelle-17-husqvarna-stand-650x433.jpg\" alt=\"\" width=\"650\" height=\"433\" srcset=\"data:image\/svg+xml,%3Csvg%20xmlns%3D%27http%3A%2F%2Fwww.w3.org%2F2000%2Fsvg%27%20width%3D%27650%27%20height%3D%27433%27%20viewBox%3D%270%200%20650%20433%27%3E%3Crect%20width%3D%27650%27%20height%3D%27433%27%20fill-opacity%3D%220%22%2F%3E%3C%2Fsvg%3E\" data-srcset=\"https:\/\/fr.motocrossmag.be\/wp-content\/uploads\/2017\/08\/chinelle-17-husqvarna-stand-650x433.jpg 650w, https:\/\/fr.motocrossmag.be\/wp-content\/uploads\/2017\/08\/chinelle-17-husqvarna-stand-768x512.jpg 768w, https:\/\/fr.motocrossmag.be\/wp-content\/uploads\/2017\/08\/chinelle-17-husqvarna-stand-1024x683.jpg 1024w, https:\/\/fr.motocrossmag.be\/wp-content\/uploads\/2017\/08\/chinelle-17-husqvarna-stand.jpg 1200w\" data-sizes=\"auto\" data-orig-sizes=\"(max-width: 650px) 100vw, 650px\" \/><\/p>\n<p>La prudence est donc de rigueur dans le clan Husqvarna, m\u00eame si l&rsquo;on se sait particuli\u00e8rement bien arm\u00e9 pour jouer la victoire sur cette 38\u00e8me \u00e9dition de la c\u00e9l\u00e8bre \u00e9preuve d&rsquo;endurance. Les deux machines officielles ont \u00e9t\u00e9 confi\u00e9es pour la premi\u00e8re \u00e0 Wietse Brackman, vainqueur en 2016 avec Genot et Renkens, Jean-Fran\u00e7ois Goblet (vainqueur \u00e0 une reprise) et Kevin Fors ( 3 victoires) et pour la seconde \u00e0 J\u00e9r\u00f4me Martiny, toujours tr\u00e8s rapide \u00e0 Franchimont, Jiliani Cambre et le jeune Hollandais Thierry Pittens. Deux \u00e9quipages particuli\u00e8rement homog\u00e8nes.<\/p>\n<h5>\u00ab\u00a0Il faut des pilotes pr\u00eats \u00e0 se faire mal physiquement\u00a0\u00bb<\/h5>\n<p>\u00ab\u00a0Le recrutement des pilotes se fait pendant l&rsquo;ann\u00e9e mais c&rsquo;est souvent dans les deux derni\u00e8res semaines seulement que les accords se finalisent\u00a0\u00bb, explique Wim Vanderheyden, le manager des \u00e9quipes Husqvarna. \u00ab\u00a0Il est important d\u2019avoir des pilotes qui sont en forme et pr\u00eats a se faire mal physiquement.En touver deux ne pose g\u00e9n\u00e9ralement pas de probl\u00e8mes. C&rsquo;est souvent le troisi\u00e8me qui fait pencher la balance.Cette ann\u00e9e, nous n&rsquo;avons eu qu&rsquo;un seul d\u00e9sistement sur blessure sur les 6 pilotes initialement pr\u00e9vus. Le fait que Husqvarna ait le vent en poupe nous donne beaucoup plus de choix qu\u2019\u00e0 l&rsquo;\u00e9poque Husaberg.\u00a0\u00bb<\/p>\n<p><img decoding=\"async\" class=\"lazyload alignnone size-medium wp-image-63135\" src=\"http:\/\/fr.motocrossmag.be\/wp-content\/uploads\/2017\/08\/chinelle-17-podium-HVA-650x433.jpg\" data-orig-src=\"http:\/\/fr.motocrossmag.be\/wp-content\/uploads\/2017\/08\/chinelle-17-podium-HVA-650x433.jpg\" alt=\"\" width=\"650\" height=\"433\" srcset=\"data:image\/svg+xml,%3Csvg%20xmlns%3D%27http%3A%2F%2Fwww.w3.org%2F2000%2Fsvg%27%20width%3D%27650%27%20height%3D%27433%27%20viewBox%3D%270%200%20650%20433%27%3E%3Crect%20width%3D%27650%27%20height%3D%27433%27%20fill-opacity%3D%220%22%2F%3E%3C%2Fsvg%3E\" data-srcset=\"https:\/\/fr.motocrossmag.be\/wp-content\/uploads\/2017\/08\/chinelle-17-podium-HVA-650x433.jpg 650w, https:\/\/fr.motocrossmag.be\/wp-content\/uploads\/2017\/08\/chinelle-17-podium-HVA-768x512.jpg 768w, https:\/\/fr.motocrossmag.be\/wp-content\/uploads\/2017\/08\/chinelle-17-podium-HVA-1024x683.jpg 1024w, https:\/\/fr.motocrossmag.be\/wp-content\/uploads\/2017\/08\/chinelle-17-podium-HVA.jpg 1200w\" data-sizes=\"auto\" data-orig-sizes=\"(max-width: 650px) 100vw, 650px\" \/><\/p>\n<p>Vous l&rsquo;avez compris, quand on vient sur la Chinelle pour la gagner, on ne laisse rien au hasard. Et pour cela, Husqvarna a la chance de compter sur le professionnalisme et le perfectionnisme de Wim Vanderheyden. \u00ab\u00a0Nous avons commenc\u00e9 \u00e0 pr\u00e9parer la Chinelle 2017 d\u00e8s le lendemain de notre victoire en 2016\u00a0\u00bb, poursuit-il. \u00ab\u00a0Il est toujours primordial de faire un debriefing, d&rsquo;\u00e9valuer les points n\u00e9gatifs comme les points positifs. On d\u00e9bute la pr\u00e9paration de la moto environ 1 mois avant l&rsquo;\u00e9preuve. En g\u00e9n\u00e9ral, je pr\u00e9pare la moto et on fait un petit essais avec les pilotes pour le choix du guidon et le r\u00e9glage des phares 15 jours avant la course. Cette ann\u00e9e encore, nous sommes arriv\u00e9s \u00e0 Franchimont avec deux machines tr\u00e8s abouties. D\u00e8s les essais, on a prouv\u00e9 qu&rsquo;on serait dans le coup, les pilotes se sont d&#8217;embl\u00e9e montr\u00e9s satisfaits des choix techniques effectu\u00e9s, y compris des pneumatiques s\u00e9lectionn\u00e9s. Chez nous, il est important de noter qu&rsquo;il n&rsquo;y avait clairement pas d&rsquo;\u00e9quipe 1 et d&rsquo;\u00e9quipe 2. Les deux \u00e9quipages ont \u00e9t\u00e9 trait\u00e9s de la m\u00eame mani\u00e8re, ont dispos\u00e9 du m\u00eame mat\u00e9riel et avaient le m\u00eame objectif : monter sur le podium dimanche midi.\u00a0\u00bb<\/p>\n<h5>J\u00e9r\u00f4me Martiny m\u00e8ne le d\u00e9but de course<\/h5>\n<p>Une fois le 38\u00e8me d\u00e9part donn\u00e9, il n&rsquo;a pas fallu longtemps pour constater que les Husqvarna allaient \u00e0 nouveau jouer les premiers r\u00f4les \u00e0 Franchimont. J\u00e9r\u00f4me Martiny confirme son impressionnante pointe de vitesse lorsqu&rsquo;il s&rsquo;agit de piloter de nuit en menant la premi\u00e8re heure de course. \u00ab\u00a0A la fin de son premier relai, J\u00e9r\u00f4me a pass\u00e9 la moto en 1\u00e8re position \u00e0 Thierry. Il d\u00e9couvrait la course et le pilotage de nuit et il s&rsquo;est sans doute mis trop de pression. Il a chut\u00e9 \u00e0 plusieurs reprises, pour finalement chuter assez lourdement juste devant notre stand. Le temps de se remettre et de changer de gants, les gros phares rest\u00e9s allum\u00e9s avaient d\u00e9charg\u00e9 la batterie. Et comme il \u00e9tait devant les stands et non dedans, il a d\u00fb r\u00e9parer lui-m\u00eame. Nous avons perdu 2 tours dans l&rsquo;aventure et chut\u00e9 jusqu&rsquo;en 12\u00e8me place. Ce qui ne les a pas emp\u00each\u00e9s de continuer \u00e0 se battre. Ils n&rsquo;ont pas baiss\u00e9 les bras et sont parvenus \u00e0 arracher une belle 5\u00e8me place.\u00a0\u00bb<\/p>\n<p><img decoding=\"async\" class=\"lazyload alignnone size-medium wp-image-63136\" src=\"http:\/\/fr.motocrossmag.be\/wp-content\/uploads\/2017\/08\/chinelle-17-husqvarna-27-2-650x426.jpg\" data-orig-src=\"http:\/\/fr.motocrossmag.be\/wp-content\/uploads\/2017\/08\/chinelle-17-husqvarna-27-2-650x426.jpg\" alt=\"\" width=\"650\" height=\"426\" srcset=\"data:image\/svg+xml,%3Csvg%20xmlns%3D%27http%3A%2F%2Fwww.w3.org%2F2000%2Fsvg%27%20width%3D%27650%27%20height%3D%27426%27%20viewBox%3D%270%200%20650%20426%27%3E%3Crect%20width%3D%27650%27%20height%3D%27426%27%20fill-opacity%3D%220%22%2F%3E%3C%2Fsvg%3E\" data-srcset=\"https:\/\/fr.motocrossmag.be\/wp-content\/uploads\/2017\/08\/chinelle-17-husqvarna-27-2-650x426.jpg 650w, https:\/\/fr.motocrossmag.be\/wp-content\/uploads\/2017\/08\/chinelle-17-husqvarna-27-2-768x503.jpg 768w, https:\/\/fr.motocrossmag.be\/wp-content\/uploads\/2017\/08\/chinelle-17-husqvarna-27-2-1024x671.jpg 1024w, https:\/\/fr.motocrossmag.be\/wp-content\/uploads\/2017\/08\/chinelle-17-husqvarna-27-2.jpg 1200w\" data-sizes=\"auto\" data-orig-sizes=\"(max-width: 650px) 100vw, 650px\" \/><\/p>\n<p>Une Husqvarna a finalement chass\u00e9 l&rsquo;autre en t\u00eate de la course puisque c&rsquo;est ensuite la machine de Brackman\/Fors\/Goblet qui va jouer la course en t\u00eate. \u00ab\u00a0Kevin a ramen\u00e9 la moto \u00e0 Wietse en 3\u00e8me position avec 3 minutes de retard. Pas tr\u00e9s content de son relais, il a pu donner de pr\u00e9cieuses infos sur la piste a Jef, malgr\u00e9 toute son experience assez nerveux.\u00a0\u00bb, explique le manager. \u00ab\u00a0A partir de 4 heures, ils ont commenc\u00e9 a reduire l\u2019\u00e9cart petit a petit vis-\u00e0-vis de la Yamaha du team Zone Rouge . Vers 6 heures, la Yam est rest\u00e9e plus longtemps que pr\u00e9vu aux stands (pour remplacer l&rsquo;\u00e9trier de frein avant, NDLR). Du coup, on a indiqu\u00e9 \u00e0 Jeff de faire un tour de plus afin de prendre la tete de la course et de creuser un petit \u00e9cart. Ensuite, tout le monde a mis les bouch\u00e9es doubles pour g\u00e9rer l\u2019\u00e9cart. M\u00eame le cuistot a compris qu&rsquo;Antoine Magain n&rsquo;avait pas envie de terminer une 3\u00e8me fois cons\u00e9cutive sur la 2\u00e8me marche du podium : du coup, on a eu des oeufs et du lard pour le petit d\u00e9jeuner !\u00a0\u00bb<\/p>\n<h5>Moins de 8 minutes d&rsquo;arr\u00eat au stand sur toute la course<\/h5>\n<p>Sur la piste, les pilotes Husqvarna haussent le ton en d\u00e9but de journ\u00e9e pour tenir t\u00eate \u00e0 la Yamaha dont les pilotes sont bien d\u00e9cid\u00e9s \u00e0 reprendre la t\u00eate de la course. \u00ab\u00a0Comme le terrain avait s\u00e9ch\u00e9 et que les pneus soufraient beaucoup plus, on a chang\u00e9 de roue arri\u00e8re vers 10h00. J\u2019ai calcul\u00e9 : la moto est seulement rest\u00e9 7 minutes et 48 secondes au stand \u00a0sur la dur\u00e9e de la course. Une performance que l&rsquo;on doit au staff technique comme aux pilotes qui ont bien m\u00e9nag\u00e9 la m\u00e9canique mais aussi \u00e0 la qualit\u00e9 du mat\u00e9riel. Nous roulions avec des pneus et des mousses Dunlop et nous utilisions des filtres DT et les huiles Bel-ray et Task Racing.\u00a0\u00bb<\/p>\n<p><img decoding=\"async\" class=\"lazyload alignnone size-medium wp-image-63137\" src=\"http:\/\/fr.motocrossmag.be\/wp-content\/uploads\/2017\/08\/chinelle-17-husqvarna-28-back-650x430.jpg\" data-orig-src=\"http:\/\/fr.motocrossmag.be\/wp-content\/uploads\/2017\/08\/chinelle-17-husqvarna-28-back-650x430.jpg\" alt=\"\" width=\"650\" height=\"430\" srcset=\"data:image\/svg+xml,%3Csvg%20xmlns%3D%27http%3A%2F%2Fwww.w3.org%2F2000%2Fsvg%27%20width%3D%27650%27%20height%3D%27430%27%20viewBox%3D%270%200%20650%20430%27%3E%3Crect%20width%3D%27650%27%20height%3D%27430%27%20fill-opacity%3D%220%22%2F%3E%3C%2Fsvg%3E\" data-srcset=\"https:\/\/fr.motocrossmag.be\/wp-content\/uploads\/2017\/08\/chinelle-17-husqvarna-28-back-650x430.jpg 650w, https:\/\/fr.motocrossmag.be\/wp-content\/uploads\/2017\/08\/chinelle-17-husqvarna-28-back-768x508.jpg 768w, https:\/\/fr.motocrossmag.be\/wp-content\/uploads\/2017\/08\/chinelle-17-husqvarna-28-back-1024x678.jpg 1024w, https:\/\/fr.motocrossmag.be\/wp-content\/uploads\/2017\/08\/chinelle-17-husqvarna-28-back.jpg 1200w\" data-sizes=\"auto\" data-orig-sizes=\"(max-width: 650px) 100vw, 650px\" \/><\/p>\n<p>\u00ab\u00a0Dimanche, Wietse n&rsquo;etait pas trop chaud pour finir la course\u00a0\u00bb, se souvient Vanderheyden. \u00ab\u00a0Mais il ne m\u2019a pas fallu longtemps pour l&rsquo;en persuader ! Il m&rsquo;a suffi de lui rappeler la confiance que nous avions en lui&#8230;\u00a0 et le privil\u00e8ge que constitue le fait de pouvoir passer le drapeau \u00e0 damiers d&rsquo;une \u00e9preuve comme les 12 Heures de la Chinelle en vainqueur.\u00a0\u00bb<\/p>\n","protected":false},"excerpt":{"rendered":"<p>Pour la premi\u00e8re fois, Husqvarna arrivait sur les 12 Heures de la Chinelle en favori. Un an apr\u00e8s avoir cr\u00e9\u00e9 la surprise en remportant son premier succ\u00e8s gr\u00e2ce au trio [&#8230;]<\/p>\n","protected":false},"author":932,"featured_media":50152,"comment_status":"open","ping_status":"closed","sticky":false,"template":"","format":"standard","meta":{"footnotes":""},"categories":[54,32,35,73,55,65],"tags":[],"class_list":["post-63132","post","type-post","status-publish","format-standard","has-post-thumbnail","hentry","category-actualite","category-enduro","category-fmb-enduro","category-chinelle","category-news-actualite","category-slideshow"],"yoast_head":"<!-- This site is optimized with the Yoast SEO plugin v27.4 - https:\/\/yoast.com\/product\/yoast-seo-wordpress\/ -->\n<title>Wim Vanderheyden : &quot;La Chinelle, nous avons commenc\u00e9 \u00e0 la pr\u00e9parer d\u00e8s le lendemain de notre victoire en 2016&quot; - Motocross - Enduro - Supermoto | MotocrossMag<\/title>\n<meta name=\"robots\" content=\"index, follow, max-snippet:-1, max-image-preview:large, max-video-preview:-1\" \/>\n<link rel=\"canonical\" href=\"https:\/\/fr.motocrossmag.be\/index.php\/2017\/08\/wim-vanderheyden-la-chinelle-nous-avons-commence-a-la-preparer-des-le-lendemain-de-notre-victoire-en-2016\/\" \/>\n<meta property=\"og:locale\" content=\"fr_FR\" \/>\n<meta property=\"og:type\" content=\"article\" \/>\n<meta property=\"og:title\" content=\"Wim Vanderheyden : &quot;La Chinelle, nous avons commenc\u00e9 \u00e0 la pr\u00e9parer d\u00e8s le lendemain de notre victoire en 2016&quot; - Motocross - Enduro - Supermoto | MotocrossMag\" \/>\n<meta property=\"og:description\" content=\"Pour la premi\u00e8re fois, Husqvarna arrivait sur les 12 Heures de la Chinelle en favori. Un an apr\u00e8s avoir cr\u00e9\u00e9 la surprise en remportant son premier succ\u00e8s gr\u00e2ce au trio [...]\" \/>\n<meta property=\"og:url\" content=\"https:\/\/fr.motocrossmag.be\/index.php\/2017\/08\/wim-vanderheyden-la-chinelle-nous-avons-commence-a-la-preparer-des-le-lendemain-de-notre-victoire-en-2016\/\" \/>\n<meta property=\"og:site_name\" content=\"Motocross - Enduro - Supermoto | MotocrossMag\" \/>\n<meta property=\"article:published_time\" content=\"2017-08-17T22:05:32+00:00\" \/>\n<meta property=\"og:image\" content=\"https:\/\/fr.motocrossmag.be\/wp-content\/uploads\/2016\/08\/Chinelle_2016-5N8A50071.jpg\" \/>\n\t<meta property=\"og:image:width\" content=\"1200\" \/>\n\t<meta property=\"og:image:height\" content=\"800\" \/>\n\t<meta property=\"og:image:type\" content=\"image\/jpeg\" \/>\n<meta name=\"author\" content=\"oliviere\" \/>\n<meta name=\"twitter:card\" content=\"summary_large_image\" \/>\n<meta name=\"twitter:label1\" content=\"\u00c9crit par\" \/>\n\t<meta name=\"twitter:data1\" content=\"oliviere\" \/>\n\t<meta name=\"twitter:label2\" content=\"Dur\u00e9e de lecture estim\u00e9e\" \/>\n\t<meta name=\"twitter:data2\" content=\"6 minutes\" \/>\n<script type=\"application\/ld+json\" class=\"yoast-schema-graph\">{\"@context\":\"https:\\\/\\\/schema.org\",\"@graph\":[{\"@type\":\"Article\",\"@id\":\"https:\\\/\\\/fr.motocrossmag.be\\\/index.php\\\/2017\\\/08\\\/wim-vanderheyden-la-chinelle-nous-avons-commence-a-la-preparer-des-le-lendemain-de-notre-victoire-en-2016\\\/#article\",\"isPartOf\":{\"@id\":\"https:\\\/\\\/fr.motocrossmag.be\\\/index.php\\\/2017\\\/08\\\/wim-vanderheyden-la-chinelle-nous-avons-commence-a-la-preparer-des-le-lendemain-de-notre-victoire-en-2016\\\/\"},\"author\":{\"name\":\"oliviere\",\"@id\":\"https:\\\/\\\/fr.motocrossmag.be\\\/#\\\/schema\\\/person\\\/11b47143d9f755babca2c9110e03235c\"},\"headline\":\"Wim Vanderheyden : \u00ab\u00a0La Chinelle, nous avons commenc\u00e9 \u00e0 la pr\u00e9parer d\u00e8s le lendemain de notre victoire en 2016\u00a0\u00bb\",\"datePublished\":\"2017-08-17T22:05:32+00:00\",\"mainEntityOfPage\":{\"@id\":\"https:\\\/\\\/fr.motocrossmag.be\\\/index.php\\\/2017\\\/08\\\/wim-vanderheyden-la-chinelle-nous-avons-commence-a-la-preparer-des-le-lendemain-de-notre-victoire-en-2016\\\/\"},\"wordCount\":1230,\"commentCount\":0,\"image\":{\"@id\":\"https:\\\/\\\/fr.motocrossmag.be\\\/index.php\\\/2017\\\/08\\\/wim-vanderheyden-la-chinelle-nous-avons-commence-a-la-preparer-des-le-lendemain-de-notre-victoire-en-2016\\\/#primaryimage\"},\"thumbnailUrl\":\"https:\\\/\\\/fr.motocrossmag.be\\\/wp-content\\\/uploads\\\/2016\\\/08\\\/Chinelle_2016-5N8A50071.jpg\",\"articleSection\":[\"Actualit\u00e9\",\"Enduro\",\"FMB\",\"La Chinelle\",\"News\",\"Slideshow\"],\"inLanguage\":\"fr-FR\",\"potentialAction\":[{\"@type\":\"CommentAction\",\"name\":\"Comment\",\"target\":[\"https:\\\/\\\/fr.motocrossmag.be\\\/index.php\\\/2017\\\/08\\\/wim-vanderheyden-la-chinelle-nous-avons-commence-a-la-preparer-des-le-lendemain-de-notre-victoire-en-2016\\\/#respond\"]}]},{\"@type\":\"WebPage\",\"@id\":\"https:\\\/\\\/fr.motocrossmag.be\\\/index.php\\\/2017\\\/08\\\/wim-vanderheyden-la-chinelle-nous-avons-commence-a-la-preparer-des-le-lendemain-de-notre-victoire-en-2016\\\/\",\"url\":\"https:\\\/\\\/fr.motocrossmag.be\\\/index.php\\\/2017\\\/08\\\/wim-vanderheyden-la-chinelle-nous-avons-commence-a-la-preparer-des-le-lendemain-de-notre-victoire-en-2016\\\/\",\"name\":\"Wim Vanderheyden : \\\"La Chinelle, nous avons commenc\u00e9 \u00e0 la pr\u00e9parer d\u00e8s le lendemain de notre victoire en 2016\\\" - Motocross - Enduro - Supermoto | MotocrossMag\",\"isPartOf\":{\"@id\":\"https:\\\/\\\/fr.motocrossmag.be\\\/#website\"},\"primaryImageOfPage\":{\"@id\":\"https:\\\/\\\/fr.motocrossmag.be\\\/index.php\\\/2017\\\/08\\\/wim-vanderheyden-la-chinelle-nous-avons-commence-a-la-preparer-des-le-lendemain-de-notre-victoire-en-2016\\\/#primaryimage\"},\"image\":{\"@id\":\"https:\\\/\\\/fr.motocrossmag.be\\\/index.php\\\/2017\\\/08\\\/wim-vanderheyden-la-chinelle-nous-avons-commence-a-la-preparer-des-le-lendemain-de-notre-victoire-en-2016\\\/#primaryimage\"},\"thumbnailUrl\":\"https:\\\/\\\/fr.motocrossmag.be\\\/wp-content\\\/uploads\\\/2016\\\/08\\\/Chinelle_2016-5N8A50071.jpg\",\"datePublished\":\"2017-08-17T22:05:32+00:00\",\"author\":{\"@id\":\"https:\\\/\\\/fr.motocrossmag.be\\\/#\\\/schema\\\/person\\\/11b47143d9f755babca2c9110e03235c\"},\"breadcrumb\":{\"@id\":\"https:\\\/\\\/fr.motocrossmag.be\\\/index.php\\\/2017\\\/08\\\/wim-vanderheyden-la-chinelle-nous-avons-commence-a-la-preparer-des-le-lendemain-de-notre-victoire-en-2016\\\/#breadcrumb\"},\"inLanguage\":\"fr-FR\",\"potentialAction\":[{\"@type\":\"ReadAction\",\"target\":[\"https:\\\/\\\/fr.motocrossmag.be\\\/index.php\\\/2017\\\/08\\\/wim-vanderheyden-la-chinelle-nous-avons-commence-a-la-preparer-des-le-lendemain-de-notre-victoire-en-2016\\\/\"]}]},{\"@type\":\"ImageObject\",\"inLanguage\":\"fr-FR\",\"@id\":\"https:\\\/\\\/fr.motocrossmag.be\\\/index.php\\\/2017\\\/08\\\/wim-vanderheyden-la-chinelle-nous-avons-commence-a-la-preparer-des-le-lendemain-de-notre-victoire-en-2016\\\/#primaryimage\",\"url\":\"https:\\\/\\\/fr.motocrossmag.be\\\/wp-content\\\/uploads\\\/2016\\\/08\\\/Chinelle_2016-5N8A50071.jpg\",\"contentUrl\":\"https:\\\/\\\/fr.motocrossmag.be\\\/wp-content\\\/uploads\\\/2016\\\/08\\\/Chinelle_2016-5N8A50071.jpg\",\"width\":1200,\"height\":800,\"caption\":\"Wim Vanderheyden sera \u00e0 nouveau \u00e0 la manoeuvre aurp\u00e8s des deux \u00e9quipages Husqvarna.\"},{\"@type\":\"BreadcrumbList\",\"@id\":\"https:\\\/\\\/fr.motocrossmag.be\\\/index.php\\\/2017\\\/08\\\/wim-vanderheyden-la-chinelle-nous-avons-commence-a-la-preparer-des-le-lendemain-de-notre-victoire-en-2016\\\/#breadcrumb\",\"itemListElement\":[{\"@type\":\"ListItem\",\"position\":1,\"name\":\"Accueil\",\"item\":\"https:\\\/\\\/fr.motocrossmag.be\\\/\"},{\"@type\":\"ListItem\",\"position\":2,\"name\":\"Wim Vanderheyden : \u00ab\u00a0La Chinelle, nous avons commenc\u00e9 \u00e0 la pr\u00e9parer d\u00e8s le lendemain de notre victoire en 2016\u00a0\u00bb\"}]},{\"@type\":\"WebSite\",\"@id\":\"https:\\\/\\\/fr.motocrossmag.be\\\/#website\",\"url\":\"https:\\\/\\\/fr.motocrossmag.be\\\/\",\"name\":\"Motocross - Enduro - Supermoto | MotocrossMag\",\"description\":\"L&#039;actualit\u00e9 du motocross, de l&#039;enduro et du Supermoto en ligne!\",\"potentialAction\":[{\"@type\":\"SearchAction\",\"target\":{\"@type\":\"EntryPoint\",\"urlTemplate\":\"https:\\\/\\\/fr.motocrossmag.be\\\/?s={search_term_string}\"},\"query-input\":{\"@type\":\"PropertyValueSpecification\",\"valueRequired\":true,\"valueName\":\"search_term_string\"}}],\"inLanguage\":\"fr-FR\"},{\"@type\":\"Person\",\"@id\":\"https:\\\/\\\/fr.motocrossmag.be\\\/#\\\/schema\\\/person\\\/11b47143d9f755babca2c9110e03235c\",\"name\":\"oliviere\",\"image\":{\"@type\":\"ImageObject\",\"inLanguage\":\"fr-FR\",\"@id\":\"https:\\\/\\\/secure.gravatar.com\\\/avatar\\\/907069e0b81d119452040469e4a7501da1100f54f7f80180ce77bfab718288f6?s=96&d=mm&r=g\",\"url\":\"https:\\\/\\\/secure.gravatar.com\\\/avatar\\\/907069e0b81d119452040469e4a7501da1100f54f7f80180ce77bfab718288f6?s=96&d=mm&r=g\",\"contentUrl\":\"https:\\\/\\\/secure.gravatar.com\\\/avatar\\\/907069e0b81d119452040469e4a7501da1100f54f7f80180ce77bfab718288f6?s=96&d=mm&r=g\",\"caption\":\"oliviere\"},\"sameAs\":[\"http:\\\/\\\/www.motocrossmag.be\"],\"url\":\"https:\\\/\\\/fr.motocrossmag.be\\\/index.php\\\/author\\\/oliviere\\\/\"}]}<\/script>\n<!-- \/ Yoast SEO plugin. -->","yoast_head_json":{"title":"Wim Vanderheyden : \"La Chinelle, nous avons commenc\u00e9 \u00e0 la pr\u00e9parer d\u00e8s le lendemain de notre victoire en 2016\" - Motocross - Enduro - Supermoto | MotocrossMag","robots":{"index":"index","follow":"follow","max-snippet":"max-snippet:-1","max-image-preview":"max-image-preview:large","max-video-preview":"max-video-preview:-1"},"canonical":"https:\/\/fr.motocrossmag.be\/index.php\/2017\/08\/wim-vanderheyden-la-chinelle-nous-avons-commence-a-la-preparer-des-le-lendemain-de-notre-victoire-en-2016\/","og_locale":"fr_FR","og_type":"article","og_title":"Wim Vanderheyden : \"La Chinelle, nous avons commenc\u00e9 \u00e0 la pr\u00e9parer d\u00e8s le lendemain de notre victoire en 2016\" - Motocross - Enduro - Supermoto | MotocrossMag","og_description":"Pour la premi\u00e8re fois, Husqvarna arrivait sur les 12 Heures de la Chinelle en favori. Un an apr\u00e8s avoir cr\u00e9\u00e9 la surprise en remportant son premier succ\u00e8s gr\u00e2ce au trio [...]","og_url":"https:\/\/fr.motocrossmag.be\/index.php\/2017\/08\/wim-vanderheyden-la-chinelle-nous-avons-commence-a-la-preparer-des-le-lendemain-de-notre-victoire-en-2016\/","og_site_name":"Motocross - Enduro - Supermoto | MotocrossMag","article_published_time":"2017-08-17T22:05:32+00:00","og_image":[{"width":1200,"height":800,"url":"https:\/\/fr.motocrossmag.be\/wp-content\/uploads\/2016\/08\/Chinelle_2016-5N8A50071.jpg","type":"image\/jpeg"}],"author":"oliviere","twitter_card":"summary_large_image","twitter_misc":{"\u00c9crit par":"oliviere","Dur\u00e9e de lecture estim\u00e9e":"6 minutes"},"schema":{"@context":"https:\/\/schema.org","@graph":[{"@type":"Article","@id":"https:\/\/fr.motocrossmag.be\/index.php\/2017\/08\/wim-vanderheyden-la-chinelle-nous-avons-commence-a-la-preparer-des-le-lendemain-de-notre-victoire-en-2016\/#article","isPartOf":{"@id":"https:\/\/fr.motocrossmag.be\/index.php\/2017\/08\/wim-vanderheyden-la-chinelle-nous-avons-commence-a-la-preparer-des-le-lendemain-de-notre-victoire-en-2016\/"},"author":{"name":"oliviere","@id":"https:\/\/fr.motocrossmag.be\/#\/schema\/person\/11b47143d9f755babca2c9110e03235c"},"headline":"Wim Vanderheyden : \u00ab\u00a0La Chinelle, nous avons commenc\u00e9 \u00e0 la pr\u00e9parer d\u00e8s le lendemain de notre victoire en 2016\u00a0\u00bb","datePublished":"2017-08-17T22:05:32+00:00","mainEntityOfPage":{"@id":"https:\/\/fr.motocrossmag.be\/index.php\/2017\/08\/wim-vanderheyden-la-chinelle-nous-avons-commence-a-la-preparer-des-le-lendemain-de-notre-victoire-en-2016\/"},"wordCount":1230,"commentCount":0,"image":{"@id":"https:\/\/fr.motocrossmag.be\/index.php\/2017\/08\/wim-vanderheyden-la-chinelle-nous-avons-commence-a-la-preparer-des-le-lendemain-de-notre-victoire-en-2016\/#primaryimage"},"thumbnailUrl":"https:\/\/fr.motocrossmag.be\/wp-content\/uploads\/2016\/08\/Chinelle_2016-5N8A50071.jpg","articleSection":["Actualit\u00e9","Enduro","FMB","La Chinelle","News","Slideshow"],"inLanguage":"fr-FR","potentialAction":[{"@type":"CommentAction","name":"Comment","target":["https:\/\/fr.motocrossmag.be\/index.php\/2017\/08\/wim-vanderheyden-la-chinelle-nous-avons-commence-a-la-preparer-des-le-lendemain-de-notre-victoire-en-2016\/#respond"]}]},{"@type":"WebPage","@id":"https:\/\/fr.motocrossmag.be\/index.php\/2017\/08\/wim-vanderheyden-la-chinelle-nous-avons-commence-a-la-preparer-des-le-lendemain-de-notre-victoire-en-2016\/","url":"https:\/\/fr.motocrossmag.be\/index.php\/2017\/08\/wim-vanderheyden-la-chinelle-nous-avons-commence-a-la-preparer-des-le-lendemain-de-notre-victoire-en-2016\/","name":"Wim Vanderheyden : \"La Chinelle, nous avons commenc\u00e9 \u00e0 la pr\u00e9parer d\u00e8s le lendemain de notre victoire en 2016\" - Motocross - Enduro - Supermoto | MotocrossMag","isPartOf":{"@id":"https:\/\/fr.motocrossmag.be\/#website"},"primaryImageOfPage":{"@id":"https:\/\/fr.motocrossmag.be\/index.php\/2017\/08\/wim-vanderheyden-la-chinelle-nous-avons-commence-a-la-preparer-des-le-lendemain-de-notre-victoire-en-2016\/#primaryimage"},"image":{"@id":"https:\/\/fr.motocrossmag.be\/index.php\/2017\/08\/wim-vanderheyden-la-chinelle-nous-avons-commence-a-la-preparer-des-le-lendemain-de-notre-victoire-en-2016\/#primaryimage"},"thumbnailUrl":"https:\/\/fr.motocrossmag.be\/wp-content\/uploads\/2016\/08\/Chinelle_2016-5N8A50071.jpg","datePublished":"2017-08-17T22:05:32+00:00","author":{"@id":"https:\/\/fr.motocrossmag.be\/#\/schema\/person\/11b47143d9f755babca2c9110e03235c"},"breadcrumb":{"@id":"https:\/\/fr.motocrossmag.be\/index.php\/2017\/08\/wim-vanderheyden-la-chinelle-nous-avons-commence-a-la-preparer-des-le-lendemain-de-notre-victoire-en-2016\/#breadcrumb"},"inLanguage":"fr-FR","potentialAction":[{"@type":"ReadAction","target":["https:\/\/fr.motocrossmag.be\/index.php\/2017\/08\/wim-vanderheyden-la-chinelle-nous-avons-commence-a-la-preparer-des-le-lendemain-de-notre-victoire-en-2016\/"]}]},{"@type":"ImageObject","inLanguage":"fr-FR","@id":"https:\/\/fr.motocrossmag.be\/index.php\/2017\/08\/wim-vanderheyden-la-chinelle-nous-avons-commence-a-la-preparer-des-le-lendemain-de-notre-victoire-en-2016\/#primaryimage","url":"https:\/\/fr.motocrossmag.be\/wp-content\/uploads\/2016\/08\/Chinelle_2016-5N8A50071.jpg","contentUrl":"https:\/\/fr.motocrossmag.be\/wp-content\/uploads\/2016\/08\/Chinelle_2016-5N8A50071.jpg","width":1200,"height":800,"caption":"Wim Vanderheyden sera \u00e0 nouveau \u00e0 la manoeuvre aurp\u00e8s des deux \u00e9quipages Husqvarna."},{"@type":"BreadcrumbList","@id":"https:\/\/fr.motocrossmag.be\/index.php\/2017\/08\/wim-vanderheyden-la-chinelle-nous-avons-commence-a-la-preparer-des-le-lendemain-de-notre-victoire-en-2016\/#breadcrumb","itemListElement":[{"@type":"ListItem","position":1,"name":"Accueil","item":"https:\/\/fr.motocrossmag.be\/"},{"@type":"ListItem","position":2,"name":"Wim Vanderheyden : \u00ab\u00a0La Chinelle, nous avons commenc\u00e9 \u00e0 la pr\u00e9parer d\u00e8s le lendemain de notre victoire en 2016\u00a0\u00bb"}]},{"@type":"WebSite","@id":"https:\/\/fr.motocrossmag.be\/#website","url":"https:\/\/fr.motocrossmag.be\/","name":"Motocross - Enduro - Supermoto | MotocrossMag","description":"L&#039;actualit\u00e9 du motocross, de l&#039;enduro et du Supermoto en ligne!","potentialAction":[{"@type":"SearchAction","target":{"@type":"EntryPoint","urlTemplate":"https:\/\/fr.motocrossmag.be\/?s={search_term_string}"},"query-input":{"@type":"PropertyValueSpecification","valueRequired":true,"valueName":"search_term_string"}}],"inLanguage":"fr-FR"},{"@type":"Person","@id":"https:\/\/fr.motocrossmag.be\/#\/schema\/person\/11b47143d9f755babca2c9110e03235c","name":"oliviere","image":{"@type":"ImageObject","inLanguage":"fr-FR","@id":"https:\/\/secure.gravatar.com\/avatar\/907069e0b81d119452040469e4a7501da1100f54f7f80180ce77bfab718288f6?s=96&d=mm&r=g","url":"https:\/\/secure.gravatar.com\/avatar\/907069e0b81d119452040469e4a7501da1100f54f7f80180ce77bfab718288f6?s=96&d=mm&r=g","contentUrl":"https:\/\/secure.gravatar.com\/avatar\/907069e0b81d119452040469e4a7501da1100f54f7f80180ce77bfab718288f6?s=96&d=mm&r=g","caption":"oliviere"},"sameAs":["http:\/\/www.motocrossmag.be"],"url":"https:\/\/fr.motocrossmag.be\/index.php\/author\/oliviere\/"}]}},"_links":{"self":[{"href":"https:\/\/fr.motocrossmag.be\/index.php\/wp-json\/wp\/v2\/posts\/63132","targetHints":{"allow":["GET"]}}],"collection":[{"href":"https:\/\/fr.motocrossmag.be\/index.php\/wp-json\/wp\/v2\/posts"}],"about":[{"href":"https:\/\/fr.motocrossmag.be\/index.php\/wp-json\/wp\/v2\/types\/post"}],"author":[{"embeddable":true,"href":"https:\/\/fr.motocrossmag.be\/index.php\/wp-json\/wp\/v2\/users\/932"}],"replies":[{"embeddable":true,"href":"https:\/\/fr.motocrossmag.be\/index.php\/wp-json\/wp\/v2\/comments?post=63132"}],"version-history":[{"count":2,"href":"https:\/\/fr.motocrossmag.be\/index.php\/wp-json\/wp\/v2\/posts\/63132\/revisions"}],"predecessor-version":[{"id":63139,"href":"https:\/\/fr.motocrossmag.be\/index.php\/wp-json\/wp\/v2\/posts\/63132\/revisions\/63139"}],"wp:featuredmedia":[{"embeddable":true,"href":"https:\/\/fr.motocrossmag.be\/index.php\/wp-json\/wp\/v2\/media\/50152"}],"wp:attachment":[{"href":"https:\/\/fr.motocrossmag.be\/index.php\/wp-json\/wp\/v2\/media?parent=63132"}],"wp:term":[{"taxonomy":"category","embeddable":true,"href":"https:\/\/fr.motocrossmag.be\/index.php\/wp-json\/wp\/v2\/categories?post=63132"},{"taxonomy":"post_tag","embeddable":true,"href":"https:\/\/fr.motocrossmag.be\/index.php\/wp-json\/wp\/v2\/tags?post=63132"}],"curies":[{"name":"wp","href":"https:\/\/api.w.org\/{rel}","templated":true}]}}