{"id":63144,"date":"2017-08-19T14:09:15","date_gmt":"2017-08-19T12:09:15","guid":{"rendered":"http:\/\/fr.motocrossmag.be\/?p=63144"},"modified":"2017-08-19T15:04:28","modified_gmt":"2017-08-19T13:04:28","slug":"retour-sur-la-chinelle-du-team-yamaha-zone-rouge","status":"publish","type":"post","link":"https:\/\/fr.motocrossmag.be\/index.php\/2017\/08\/retour-sur-la-chinelle-du-team-yamaha-zone-rouge\/","title":{"rendered":"Retour sur la Chinelle du team Yamaha Zone Rouge"},"content":{"rendered":"<p><strong>En venant \u00e0 Franchimont avec une Yamaha 250 2-temps pilot\u00e9e par les jeunes Nismois Antoine Magain et Matthew Vanoevelen associ\u00e9s au Fran\u00e7ais J\u00e9r\u00e9my Carpentier, Michel Nickmans et Fabrice Lambert savaient qu&rsquo;ils \u00e9taient en mesure de jouer les premiers r\u00f4les sur la 38\u00e8me \u00e9dition des 12 Heures de la Chinelle. Pour Antoine Magain, l&rsquo;objectif \u00e9tait clair : apr\u00e8s avoir manqu\u00e9 de peu la victoire sur les deux \u00e9ditions pr\u00e9c\u00e9dentes, le pilote Zone Rouge comptait bien cette ann\u00e9e conjurer le sort et enfin monter sur cette premi\u00e8re marche du podium tant convoit\u00e9e.<\/strong><\/p>\n<p><img decoding=\"async\" class=\"lazyload alignnone size-medium wp-image-63145\" src=\"http:\/\/fr.motocrossmag.be\/wp-content\/uploads\/2017\/08\/chinelle-17-yamaha-zone-rouge-team-650x434.jpg\" data-orig-src=\"http:\/\/fr.motocrossmag.be\/wp-content\/uploads\/2017\/08\/chinelle-17-yamaha-zone-rouge-team-650x434.jpg\" alt=\"\" width=\"650\" height=\"434\" srcset=\"data:image\/svg+xml,%3Csvg%20xmlns%3D%27http%3A%2F%2Fwww.w3.org%2F2000%2Fsvg%27%20width%3D%27650%27%20height%3D%27434%27%20viewBox%3D%270%200%20650%20434%27%3E%3Crect%20width%3D%27650%27%20height%3D%27434%27%20fill-opacity%3D%220%22%2F%3E%3C%2Fsvg%3E\" data-srcset=\"https:\/\/fr.motocrossmag.be\/wp-content\/uploads\/2017\/08\/chinelle-17-yamaha-zone-rouge-team-650x434.jpg 650w, https:\/\/fr.motocrossmag.be\/wp-content\/uploads\/2017\/08\/chinelle-17-yamaha-zone-rouge-team-768x513.jpg 768w, https:\/\/fr.motocrossmag.be\/wp-content\/uploads\/2017\/08\/chinelle-17-yamaha-zone-rouge-team-1024x684.jpg 1024w, https:\/\/fr.motocrossmag.be\/wp-content\/uploads\/2017\/08\/chinelle-17-yamaha-zone-rouge-team.jpg 1600w\" data-sizes=\"auto\" data-orig-sizes=\"(max-width: 650px) 100vw, 650px\" \/><\/p>\n<p>Face \u00e0 une Husqvarna officielle hyper aff\u00fbt\u00e9e elle aussi, l&rsquo;\u00e9quipage n\u00b091 a d&rsquo;ailleurs \u00e9t\u00e9 le seul \u00e0 tenir la comparaison et \u00e0 parvenir \u00e0 maintenir les vainqueurs sous pression jusqu&rsquo;au drapeau \u00e0 damiers. La Yamaha Zone Rouge a m\u00eame domin\u00e9 la premi\u00e8re moiti\u00e9 de course avant qu&rsquo;un arr\u00eat prolong\u00e9 aux stands dans la 7\u00e8me heure de course ne la contraigne \u00e0 laisser la Husqvarna de Backman\/Fors\/Goblet prendre la t\u00eate.<\/p>\n<p>Dans le forcing final de la Yamaha, J\u00e9r\u00e9my Carpentier, engag\u00e9 en derni\u00e8re minute pour remplacer Marc Bourgeois, bless\u00e9, a fait forte impression sur une \u00e9preuve qu&rsquo;il d\u00e9couvrait. \u00ab Fabrice Lambert m\u2019a appel\u00e9 4 jours avant la pr\u00e9sentation des pilotes, tout s&rsquo;est tr\u00e8s vite mis en place et ce, avec une \u00e9quipe o\u00f9 je ne connaissais presque personne, avec une machine 2 temps que je n\u2019avais plus utilis\u00e9 depuis des ann\u00e9es, pour une course que je ne connaissais que de nom\u00a0\u00bb, explique le Fran\u00e7ais. \u00ab\u00a0De plus, la dur\u00e9e de course et le roulage de nuit \u00e9taient des d\u00e9couvertes. Cette aventure unique est dans son ensemble une anecdote. Je m\u2019y suis r\u00e9gal\u00e9, en plus de l\u2019aventure sportive avec une moto qui marchait super bien, j\u2019y ai v\u00e9cu une tr\u00e8s belle histoire humaine avec tous les membres du team Zone Rouge. \u00bb<\/p>\n<p><img decoding=\"async\" class=\"lazyload alignnone size-medium wp-image-63146\" src=\"http:\/\/fr.motocrossmag.be\/wp-content\/uploads\/2017\/08\/antoine-magain-chinelle-17-zone-rouge-yamaha-650x424.jpg\" data-orig-src=\"http:\/\/fr.motocrossmag.be\/wp-content\/uploads\/2017\/08\/antoine-magain-chinelle-17-zone-rouge-yamaha-650x424.jpg\" alt=\"\" width=\"650\" height=\"424\" srcset=\"data:image\/svg+xml,%3Csvg%20xmlns%3D%27http%3A%2F%2Fwww.w3.org%2F2000%2Fsvg%27%20width%3D%27650%27%20height%3D%27424%27%20viewBox%3D%270%200%20650%20424%27%3E%3Crect%20width%3D%27650%27%20height%3D%27424%27%20fill-opacity%3D%220%22%2F%3E%3C%2Fsvg%3E\" data-srcset=\"https:\/\/fr.motocrossmag.be\/wp-content\/uploads\/2017\/08\/antoine-magain-chinelle-17-zone-rouge-yamaha-650x424.jpg 650w, https:\/\/fr.motocrossmag.be\/wp-content\/uploads\/2017\/08\/antoine-magain-chinelle-17-zone-rouge-yamaha-768x501.jpg 768w, https:\/\/fr.motocrossmag.be\/wp-content\/uploads\/2017\/08\/antoine-magain-chinelle-17-zone-rouge-yamaha-1024x668.jpg 1024w, https:\/\/fr.motocrossmag.be\/wp-content\/uploads\/2017\/08\/antoine-magain-chinelle-17-zone-rouge-yamaha.jpg 1200w\" data-sizes=\"auto\" data-orig-sizes=\"(max-width: 650px) 100vw, 650px\" \/><\/p>\n<p>Forc\u00e9ment d\u00e9\u00e7u avant de monter pour la 3\u00e8me fois cons\u00e9cutive sur la 2\u00e8me marche du podium, Antoine Magain a n\u00e9anmoins une fois de plus confirm\u00e9 qu&rsquo;il est bien l&rsquo;un des enduristes les plus rapides du moment et a offert avec ses co\u00e9quipiers une course \u00e0 suspens au public de Franchimont. \u00ab\u00a0Ce qui m&rsquo;a le plus marqu\u00e9 durant cette Chinelle, ce sont la coh\u00e9sion et l\u2019efficacit\u00e9 de cette \u00e9quipe qui est tr\u00e8s nouvelle et qui n\u2019arr\u00eate pas de s\u2019am\u00e9liorer\u00a0\u00bb, r\u00e9agit le pilote Zone Rouge. \u00ab\u00a0Michel Nickmans fait un travail de d\u00e9veloppement incroyable sur les motos. Son exp\u00e9rience de la vitesse donne une vision nouvelle au travail que nous avons \u00e0 faire. Il ouvre de nouvelles perspectives. Il fallait entendre Jeremy parler de la moto lorsqu\u2019il en descendait, il \u00e9tait aux anges. De plus en plus de choses se mettent en place, c\u2019est de tr\u00e8s bon augure pour la suite de notre collaboration avec Zone Rouge et Yamaha. J\u2019augmente \u00e0 chaque fois mon capital exp\u00e9rience et ma vitesse progresse.\u00a0\u00bb<\/p>\n<p>L&rsquo;autre Nismois de l&rsquo;\u00e9quipe est lui aussi l&rsquo;un des grands espoirs de l&rsquo;enduro belge. Matthew Vanoevelen abordait pour la premi\u00e8re fois la Chinelle dans la peau d&rsquo;un favori. \u00ab\u00a0C\u2019\u00e9tait en effet la premi\u00e8re fois que je participais \u00e0 la Chinelle avec la possibilit\u00e9 de gagner\u00a0\u00bb, explique le pilote Yamaha. \u00ab\u00a0Nous avions la vitesse et le physique pour l\u2019emporter, nous avons men\u00e9 la moiti\u00e9 de la course et nous avons m\u00eame eu \u00e0 un moment 6 minutes d\u2019avance sur le second. Mais le petit manque de chance avec cette pierre qui ab\u00eeme le frein avant a perturb\u00e9 les choses. Cela fait partie de la course. Le stand a \u00e9t\u00e9 tr\u00e8s r\u00e9actif. J\u2019ai ador\u00e9 travailler avec Antoine , Jeremy et toute l\u2019\u00e9quipe. La Yamaha 250 deux-temps \u00e9tait un tr\u00e8s bon compromis au vu des conditions m\u00e9t\u00e9o.\u00a0\u00bb<\/p>\n<p><img decoding=\"async\" class=\"lazyload alignnone size-medium wp-image-63147\" src=\"http:\/\/fr.motocrossmag.be\/wp-content\/uploads\/2017\/08\/chinelle-17-yamaha-zone-rouge-carpentier-650x436.jpg\" data-orig-src=\"http:\/\/fr.motocrossmag.be\/wp-content\/uploads\/2017\/08\/chinelle-17-yamaha-zone-rouge-carpentier-650x436.jpg\" alt=\"\" width=\"650\" height=\"436\" srcset=\"data:image\/svg+xml,%3Csvg%20xmlns%3D%27http%3A%2F%2Fwww.w3.org%2F2000%2Fsvg%27%20width%3D%27650%27%20height%3D%27436%27%20viewBox%3D%270%200%20650%20436%27%3E%3Crect%20width%3D%27650%27%20height%3D%27436%27%20fill-opacity%3D%220%22%2F%3E%3C%2Fsvg%3E\" data-srcset=\"https:\/\/fr.motocrossmag.be\/wp-content\/uploads\/2017\/08\/chinelle-17-yamaha-zone-rouge-carpentier-650x436.jpg 650w, https:\/\/fr.motocrossmag.be\/wp-content\/uploads\/2017\/08\/chinelle-17-yamaha-zone-rouge-carpentier-768x515.jpg 768w, https:\/\/fr.motocrossmag.be\/wp-content\/uploads\/2017\/08\/chinelle-17-yamaha-zone-rouge-carpentier.jpg 900w\" data-sizes=\"auto\" data-orig-sizes=\"(max-width: 650px) 100vw, 650px\" \/><\/p>\n<p>Dans l&rsquo;ombre des hommes qui se battent sur la piste, il y a \u00e9videmment de nombreuses personnes qui travaillent en coulisses pour permettre aux pilotes de donner le meilleur d&rsquo;eux-m\u00eames. \u00ab\u00a0Nous sommes des comp\u00e9titeurs et nous ne sommes pas capables de nous contenter d\u2019une deuxi\u00e8me place, mais je suis tr\u00e8s content de cette nouvelle \u00e9quipe qui est compos\u00e9e de gens tr\u00e8s motiv\u00e9s et capables d\u2019une excellente qualit\u00e9 de travail, chacun dans ses comp\u00e9tences\u00a0\u00bb, commente Michel Nickmans, \u00ab\u00a0Nos pilotes ont sign\u00e9 le record du tour en course, ils ont donc beaucoup de vitesse. Ils ont \u00e9t\u00e9 tr\u00e8s solides physiquement et, cerise sur le g\u00e2teau pour moi, ils ont \u00e9t\u00e9 impressionn\u00e9s par les performances de ma moto.\u00a0\u00bb<\/p>\n<p>Une satisfaction que partage Fabrice Lambert, qui suit Antoine Magain sur le mondial d&rsquo;enduro et qui \u00e9tait aussi le manager du team \u00e0 la Chinelle. \u00ab\u00a0Nous emmagasinons \u00e9norm\u00e9ment d\u2019exp\u00e9rience \u00e0 chaque course, que ce soit en mondial, sur le championnat de Belgique ou ici \u00e0 la Chinelle. Gr\u00e2ce \u00e0 l\u2019\u00e9norme motivation qui anime chaque membre du team, il y a un travail gigantesque qui est effectu\u00e9. Michel Nickmans, avec son pass\u00e9 sur les courses sur route, apporte un vent nouveau sur l&rsquo;enduro en Belgique. Je pense que nos progr\u00e8s devraient se concr\u00e9tiser dans les mois \u00e0 venir. Je me r\u00e9gale d&rsquo;\u00eatre le manager et le pr\u00e9parateur physique de ce team !\u00a0\u00bb<\/p>\n","protected":false},"excerpt":{"rendered":"<p>En venant \u00e0 Franchimont avec une Yamaha 250 2-temps pilot\u00e9e par les jeunes Nismois Antoine Magain et Matthew Vanoevelen associ\u00e9s au Fran\u00e7ais J\u00e9r\u00e9my Carpentier, Michel Nickmans et Fabrice Lambert savaient [&#8230;]<\/p>\n","protected":false},"author":932,"featured_media":63148,"comment_status":"open","ping_status":"closed","sticky":false,"template":"","format":"standard","meta":{"footnotes":""},"categories":[54,32,35,73,55,65],"tags":[],"class_list":["post-63144","post","type-post","status-publish","format-standard","has-post-thumbnail","hentry","category-actualite","category-enduro","category-fmb-enduro","category-chinelle","category-news-actualite","category-slideshow"],"yoast_head":"<!-- This site is optimized with the Yoast SEO plugin v27.4 - https:\/\/yoast.com\/product\/yoast-seo-wordpress\/ -->\n<title>Retour sur la Chinelle du team Yamaha Zone Rouge - Motocross - Enduro - Supermoto | MotocrossMag<\/title>\n<meta name=\"robots\" content=\"index, follow, max-snippet:-1, max-image-preview:large, max-video-preview:-1\" \/>\n<link rel=\"canonical\" href=\"https:\/\/fr.motocrossmag.be\/index.php\/2017\/08\/retour-sur-la-chinelle-du-team-yamaha-zone-rouge\/\" \/>\n<meta property=\"og:locale\" content=\"fr_FR\" \/>\n<meta property=\"og:type\" content=\"article\" \/>\n<meta property=\"og:title\" content=\"Retour sur la Chinelle du team Yamaha Zone Rouge - Motocross - Enduro - Supermoto | MotocrossMag\" \/>\n<meta property=\"og:description\" content=\"En venant \u00e0 Franchimont avec une Yamaha 250 2-temps pilot\u00e9e par les jeunes Nismois Antoine Magain et Matthew Vanoevelen associ\u00e9s au Fran\u00e7ais J\u00e9r\u00e9my Carpentier, Michel Nickmans et Fabrice Lambert savaient [...]\" \/>\n<meta property=\"og:url\" content=\"https:\/\/fr.motocrossmag.be\/index.php\/2017\/08\/retour-sur-la-chinelle-du-team-yamaha-zone-rouge\/\" \/>\n<meta property=\"og:site_name\" content=\"Motocross - Enduro - Supermoto | MotocrossMag\" \/>\n<meta property=\"article:published_time\" content=\"2017-08-19T12:09:15+00:00\" \/>\n<meta property=\"article:modified_time\" content=\"2017-08-19T13:04:28+00:00\" \/>\n<meta property=\"og:image\" content=\"https:\/\/fr.motocrossmag.be\/wp-content\/uploads\/2017\/08\/zone-rouge-pit-91-chinelle-2017.jpg\" \/>\n\t<meta property=\"og:image:width\" content=\"1200\" \/>\n\t<meta property=\"og:image:height\" content=\"795\" \/>\n\t<meta property=\"og:image:type\" content=\"image\/jpeg\" \/>\n<meta name=\"author\" content=\"oliviere\" \/>\n<meta name=\"twitter:card\" content=\"summary_large_image\" \/>\n<meta name=\"twitter:label1\" content=\"\u00c9crit par\" \/>\n\t<meta name=\"twitter:data1\" content=\"oliviere\" \/>\n\t<meta name=\"twitter:label2\" content=\"Dur\u00e9e de lecture estim\u00e9e\" \/>\n\t<meta name=\"twitter:data2\" content=\"4 minutes\" \/>\n<script type=\"application\/ld+json\" class=\"yoast-schema-graph\">{\"@context\":\"https:\\\/\\\/schema.org\",\"@graph\":[{\"@type\":\"Article\",\"@id\":\"https:\\\/\\\/fr.motocrossmag.be\\\/index.php\\\/2017\\\/08\\\/retour-sur-la-chinelle-du-team-yamaha-zone-rouge\\\/#article\",\"isPartOf\":{\"@id\":\"https:\\\/\\\/fr.motocrossmag.be\\\/index.php\\\/2017\\\/08\\\/retour-sur-la-chinelle-du-team-yamaha-zone-rouge\\\/\"},\"author\":{\"name\":\"oliviere\",\"@id\":\"https:\\\/\\\/fr.motocrossmag.be\\\/#\\\/schema\\\/person\\\/11b47143d9f755babca2c9110e03235c\"},\"headline\":\"Retour sur la Chinelle du team Yamaha Zone Rouge\",\"datePublished\":\"2017-08-19T12:09:15+00:00\",\"dateModified\":\"2017-08-19T13:04:28+00:00\",\"mainEntityOfPage\":{\"@id\":\"https:\\\/\\\/fr.motocrossmag.be\\\/index.php\\\/2017\\\/08\\\/retour-sur-la-chinelle-du-team-yamaha-zone-rouge\\\/\"},\"wordCount\":921,\"commentCount\":0,\"image\":{\"@id\":\"https:\\\/\\\/fr.motocrossmag.be\\\/index.php\\\/2017\\\/08\\\/retour-sur-la-chinelle-du-team-yamaha-zone-rouge\\\/#primaryimage\"},\"thumbnailUrl\":\"https:\\\/\\\/fr.motocrossmag.be\\\/wp-content\\\/uploads\\\/2017\\\/08\\\/zone-rouge-pit-91-chinelle-2017.jpg\",\"articleSection\":[\"Actualit\u00e9\",\"Enduro\",\"FMB\",\"La Chinelle\",\"News\",\"Slideshow\"],\"inLanguage\":\"fr-FR\",\"potentialAction\":[{\"@type\":\"CommentAction\",\"name\":\"Comment\",\"target\":[\"https:\\\/\\\/fr.motocrossmag.be\\\/index.php\\\/2017\\\/08\\\/retour-sur-la-chinelle-du-team-yamaha-zone-rouge\\\/#respond\"]}]},{\"@type\":\"WebPage\",\"@id\":\"https:\\\/\\\/fr.motocrossmag.be\\\/index.php\\\/2017\\\/08\\\/retour-sur-la-chinelle-du-team-yamaha-zone-rouge\\\/\",\"url\":\"https:\\\/\\\/fr.motocrossmag.be\\\/index.php\\\/2017\\\/08\\\/retour-sur-la-chinelle-du-team-yamaha-zone-rouge\\\/\",\"name\":\"Retour sur la Chinelle du team Yamaha Zone Rouge - Motocross - Enduro - Supermoto | MotocrossMag\",\"isPartOf\":{\"@id\":\"https:\\\/\\\/fr.motocrossmag.be\\\/#website\"},\"primaryImageOfPage\":{\"@id\":\"https:\\\/\\\/fr.motocrossmag.be\\\/index.php\\\/2017\\\/08\\\/retour-sur-la-chinelle-du-team-yamaha-zone-rouge\\\/#primaryimage\"},\"image\":{\"@id\":\"https:\\\/\\\/fr.motocrossmag.be\\\/index.php\\\/2017\\\/08\\\/retour-sur-la-chinelle-du-team-yamaha-zone-rouge\\\/#primaryimage\"},\"thumbnailUrl\":\"https:\\\/\\\/fr.motocrossmag.be\\\/wp-content\\\/uploads\\\/2017\\\/08\\\/zone-rouge-pit-91-chinelle-2017.jpg\",\"datePublished\":\"2017-08-19T12:09:15+00:00\",\"dateModified\":\"2017-08-19T13:04:28+00:00\",\"author\":{\"@id\":\"https:\\\/\\\/fr.motocrossmag.be\\\/#\\\/schema\\\/person\\\/11b47143d9f755babca2c9110e03235c\"},\"breadcrumb\":{\"@id\":\"https:\\\/\\\/fr.motocrossmag.be\\\/index.php\\\/2017\\\/08\\\/retour-sur-la-chinelle-du-team-yamaha-zone-rouge\\\/#breadcrumb\"},\"inLanguage\":\"fr-FR\",\"potentialAction\":[{\"@type\":\"ReadAction\",\"target\":[\"https:\\\/\\\/fr.motocrossmag.be\\\/index.php\\\/2017\\\/08\\\/retour-sur-la-chinelle-du-team-yamaha-zone-rouge\\\/\"]}]},{\"@type\":\"ImageObject\",\"inLanguage\":\"fr-FR\",\"@id\":\"https:\\\/\\\/fr.motocrossmag.be\\\/index.php\\\/2017\\\/08\\\/retour-sur-la-chinelle-du-team-yamaha-zone-rouge\\\/#primaryimage\",\"url\":\"https:\\\/\\\/fr.motocrossmag.be\\\/wp-content\\\/uploads\\\/2017\\\/08\\\/zone-rouge-pit-91-chinelle-2017.jpg\",\"contentUrl\":\"https:\\\/\\\/fr.motocrossmag.be\\\/wp-content\\\/uploads\\\/2017\\\/08\\\/zone-rouge-pit-91-chinelle-2017.jpg\",\"width\":1200,\"height\":795},{\"@type\":\"BreadcrumbList\",\"@id\":\"https:\\\/\\\/fr.motocrossmag.be\\\/index.php\\\/2017\\\/08\\\/retour-sur-la-chinelle-du-team-yamaha-zone-rouge\\\/#breadcrumb\",\"itemListElement\":[{\"@type\":\"ListItem\",\"position\":1,\"name\":\"Accueil\",\"item\":\"https:\\\/\\\/fr.motocrossmag.be\\\/\"},{\"@type\":\"ListItem\",\"position\":2,\"name\":\"Retour sur la Chinelle du team Yamaha Zone Rouge\"}]},{\"@type\":\"WebSite\",\"@id\":\"https:\\\/\\\/fr.motocrossmag.be\\\/#website\",\"url\":\"https:\\\/\\\/fr.motocrossmag.be\\\/\",\"name\":\"Motocross - Enduro - Supermoto | MotocrossMag\",\"description\":\"L&#039;actualit\u00e9 du motocross, de l&#039;enduro et du Supermoto en ligne!\",\"potentialAction\":[{\"@type\":\"SearchAction\",\"target\":{\"@type\":\"EntryPoint\",\"urlTemplate\":\"https:\\\/\\\/fr.motocrossmag.be\\\/?s={search_term_string}\"},\"query-input\":{\"@type\":\"PropertyValueSpecification\",\"valueRequired\":true,\"valueName\":\"search_term_string\"}}],\"inLanguage\":\"fr-FR\"},{\"@type\":\"Person\",\"@id\":\"https:\\\/\\\/fr.motocrossmag.be\\\/#\\\/schema\\\/person\\\/11b47143d9f755babca2c9110e03235c\",\"name\":\"oliviere\",\"image\":{\"@type\":\"ImageObject\",\"inLanguage\":\"fr-FR\",\"@id\":\"https:\\\/\\\/secure.gravatar.com\\\/avatar\\\/907069e0b81d119452040469e4a7501da1100f54f7f80180ce77bfab718288f6?s=96&d=mm&r=g\",\"url\":\"https:\\\/\\\/secure.gravatar.com\\\/avatar\\\/907069e0b81d119452040469e4a7501da1100f54f7f80180ce77bfab718288f6?s=96&d=mm&r=g\",\"contentUrl\":\"https:\\\/\\\/secure.gravatar.com\\\/avatar\\\/907069e0b81d119452040469e4a7501da1100f54f7f80180ce77bfab718288f6?s=96&d=mm&r=g\",\"caption\":\"oliviere\"},\"sameAs\":[\"http:\\\/\\\/www.motocrossmag.be\"],\"url\":\"https:\\\/\\\/fr.motocrossmag.be\\\/index.php\\\/author\\\/oliviere\\\/\"}]}<\/script>\n<!-- \/ Yoast SEO plugin. -->","yoast_head_json":{"title":"Retour sur la Chinelle du team Yamaha Zone Rouge - Motocross - Enduro - Supermoto | MotocrossMag","robots":{"index":"index","follow":"follow","max-snippet":"max-snippet:-1","max-image-preview":"max-image-preview:large","max-video-preview":"max-video-preview:-1"},"canonical":"https:\/\/fr.motocrossmag.be\/index.php\/2017\/08\/retour-sur-la-chinelle-du-team-yamaha-zone-rouge\/","og_locale":"fr_FR","og_type":"article","og_title":"Retour sur la Chinelle du team Yamaha Zone Rouge - Motocross - Enduro - Supermoto | MotocrossMag","og_description":"En venant \u00e0 Franchimont avec une Yamaha 250 2-temps pilot\u00e9e par les jeunes Nismois Antoine Magain et Matthew Vanoevelen associ\u00e9s au Fran\u00e7ais J\u00e9r\u00e9my Carpentier, Michel Nickmans et Fabrice Lambert savaient [...]","og_url":"https:\/\/fr.motocrossmag.be\/index.php\/2017\/08\/retour-sur-la-chinelle-du-team-yamaha-zone-rouge\/","og_site_name":"Motocross - Enduro - Supermoto | MotocrossMag","article_published_time":"2017-08-19T12:09:15+00:00","article_modified_time":"2017-08-19T13:04:28+00:00","og_image":[{"width":1200,"height":795,"url":"https:\/\/fr.motocrossmag.be\/wp-content\/uploads\/2017\/08\/zone-rouge-pit-91-chinelle-2017.jpg","type":"image\/jpeg"}],"author":"oliviere","twitter_card":"summary_large_image","twitter_misc":{"\u00c9crit par":"oliviere","Dur\u00e9e de lecture estim\u00e9e":"4 minutes"},"schema":{"@context":"https:\/\/schema.org","@graph":[{"@type":"Article","@id":"https:\/\/fr.motocrossmag.be\/index.php\/2017\/08\/retour-sur-la-chinelle-du-team-yamaha-zone-rouge\/#article","isPartOf":{"@id":"https:\/\/fr.motocrossmag.be\/index.php\/2017\/08\/retour-sur-la-chinelle-du-team-yamaha-zone-rouge\/"},"author":{"name":"oliviere","@id":"https:\/\/fr.motocrossmag.be\/#\/schema\/person\/11b47143d9f755babca2c9110e03235c"},"headline":"Retour sur la Chinelle du team Yamaha Zone Rouge","datePublished":"2017-08-19T12:09:15+00:00","dateModified":"2017-08-19T13:04:28+00:00","mainEntityOfPage":{"@id":"https:\/\/fr.motocrossmag.be\/index.php\/2017\/08\/retour-sur-la-chinelle-du-team-yamaha-zone-rouge\/"},"wordCount":921,"commentCount":0,"image":{"@id":"https:\/\/fr.motocrossmag.be\/index.php\/2017\/08\/retour-sur-la-chinelle-du-team-yamaha-zone-rouge\/#primaryimage"},"thumbnailUrl":"https:\/\/fr.motocrossmag.be\/wp-content\/uploads\/2017\/08\/zone-rouge-pit-91-chinelle-2017.jpg","articleSection":["Actualit\u00e9","Enduro","FMB","La Chinelle","News","Slideshow"],"inLanguage":"fr-FR","potentialAction":[{"@type":"CommentAction","name":"Comment","target":["https:\/\/fr.motocrossmag.be\/index.php\/2017\/08\/retour-sur-la-chinelle-du-team-yamaha-zone-rouge\/#respond"]}]},{"@type":"WebPage","@id":"https:\/\/fr.motocrossmag.be\/index.php\/2017\/08\/retour-sur-la-chinelle-du-team-yamaha-zone-rouge\/","url":"https:\/\/fr.motocrossmag.be\/index.php\/2017\/08\/retour-sur-la-chinelle-du-team-yamaha-zone-rouge\/","name":"Retour sur la Chinelle du team Yamaha Zone Rouge - Motocross - Enduro - Supermoto | MotocrossMag","isPartOf":{"@id":"https:\/\/fr.motocrossmag.be\/#website"},"primaryImageOfPage":{"@id":"https:\/\/fr.motocrossmag.be\/index.php\/2017\/08\/retour-sur-la-chinelle-du-team-yamaha-zone-rouge\/#primaryimage"},"image":{"@id":"https:\/\/fr.motocrossmag.be\/index.php\/2017\/08\/retour-sur-la-chinelle-du-team-yamaha-zone-rouge\/#primaryimage"},"thumbnailUrl":"https:\/\/fr.motocrossmag.be\/wp-content\/uploads\/2017\/08\/zone-rouge-pit-91-chinelle-2017.jpg","datePublished":"2017-08-19T12:09:15+00:00","dateModified":"2017-08-19T13:04:28+00:00","author":{"@id":"https:\/\/fr.motocrossmag.be\/#\/schema\/person\/11b47143d9f755babca2c9110e03235c"},"breadcrumb":{"@id":"https:\/\/fr.motocrossmag.be\/index.php\/2017\/08\/retour-sur-la-chinelle-du-team-yamaha-zone-rouge\/#breadcrumb"},"inLanguage":"fr-FR","potentialAction":[{"@type":"ReadAction","target":["https:\/\/fr.motocrossmag.be\/index.php\/2017\/08\/retour-sur-la-chinelle-du-team-yamaha-zone-rouge\/"]}]},{"@type":"ImageObject","inLanguage":"fr-FR","@id":"https:\/\/fr.motocrossmag.be\/index.php\/2017\/08\/retour-sur-la-chinelle-du-team-yamaha-zone-rouge\/#primaryimage","url":"https:\/\/fr.motocrossmag.be\/wp-content\/uploads\/2017\/08\/zone-rouge-pit-91-chinelle-2017.jpg","contentUrl":"https:\/\/fr.motocrossmag.be\/wp-content\/uploads\/2017\/08\/zone-rouge-pit-91-chinelle-2017.jpg","width":1200,"height":795},{"@type":"BreadcrumbList","@id":"https:\/\/fr.motocrossmag.be\/index.php\/2017\/08\/retour-sur-la-chinelle-du-team-yamaha-zone-rouge\/#breadcrumb","itemListElement":[{"@type":"ListItem","position":1,"name":"Accueil","item":"https:\/\/fr.motocrossmag.be\/"},{"@type":"ListItem","position":2,"name":"Retour sur la Chinelle du team Yamaha Zone Rouge"}]},{"@type":"WebSite","@id":"https:\/\/fr.motocrossmag.be\/#website","url":"https:\/\/fr.motocrossmag.be\/","name":"Motocross - Enduro - Supermoto | MotocrossMag","description":"L&#039;actualit\u00e9 du motocross, de l&#039;enduro et du Supermoto en ligne!","potentialAction":[{"@type":"SearchAction","target":{"@type":"EntryPoint","urlTemplate":"https:\/\/fr.motocrossmag.be\/?s={search_term_string}"},"query-input":{"@type":"PropertyValueSpecification","valueRequired":true,"valueName":"search_term_string"}}],"inLanguage":"fr-FR"},{"@type":"Person","@id":"https:\/\/fr.motocrossmag.be\/#\/schema\/person\/11b47143d9f755babca2c9110e03235c","name":"oliviere","image":{"@type":"ImageObject","inLanguage":"fr-FR","@id":"https:\/\/secure.gravatar.com\/avatar\/907069e0b81d119452040469e4a7501da1100f54f7f80180ce77bfab718288f6?s=96&d=mm&r=g","url":"https:\/\/secure.gravatar.com\/avatar\/907069e0b81d119452040469e4a7501da1100f54f7f80180ce77bfab718288f6?s=96&d=mm&r=g","contentUrl":"https:\/\/secure.gravatar.com\/avatar\/907069e0b81d119452040469e4a7501da1100f54f7f80180ce77bfab718288f6?s=96&d=mm&r=g","caption":"oliviere"},"sameAs":["http:\/\/www.motocrossmag.be"],"url":"https:\/\/fr.motocrossmag.be\/index.php\/author\/oliviere\/"}]}},"_links":{"self":[{"href":"https:\/\/fr.motocrossmag.be\/index.php\/wp-json\/wp\/v2\/posts\/63144","targetHints":{"allow":["GET"]}}],"collection":[{"href":"https:\/\/fr.motocrossmag.be\/index.php\/wp-json\/wp\/v2\/posts"}],"about":[{"href":"https:\/\/fr.motocrossmag.be\/index.php\/wp-json\/wp\/v2\/types\/post"}],"author":[{"embeddable":true,"href":"https:\/\/fr.motocrossmag.be\/index.php\/wp-json\/wp\/v2\/users\/932"}],"replies":[{"embeddable":true,"href":"https:\/\/fr.motocrossmag.be\/index.php\/wp-json\/wp\/v2\/comments?post=63144"}],"version-history":[{"count":2,"href":"https:\/\/fr.motocrossmag.be\/index.php\/wp-json\/wp\/v2\/posts\/63144\/revisions"}],"predecessor-version":[{"id":63159,"href":"https:\/\/fr.motocrossmag.be\/index.php\/wp-json\/wp\/v2\/posts\/63144\/revisions\/63159"}],"wp:featuredmedia":[{"embeddable":true,"href":"https:\/\/fr.motocrossmag.be\/index.php\/wp-json\/wp\/v2\/media\/63148"}],"wp:attachment":[{"href":"https:\/\/fr.motocrossmag.be\/index.php\/wp-json\/wp\/v2\/media?parent=63144"}],"wp:term":[{"taxonomy":"category","embeddable":true,"href":"https:\/\/fr.motocrossmag.be\/index.php\/wp-json\/wp\/v2\/categories?post=63144"},{"taxonomy":"post_tag","embeddable":true,"href":"https:\/\/fr.motocrossmag.be\/index.php\/wp-json\/wp\/v2\/tags?post=63144"}],"curies":[{"name":"wp","href":"https:\/\/api.w.org\/{rel}","templated":true}]}}