{"id":64114,"date":"2017-08-29T19:50:14","date_gmt":"2017-08-29T17:50:14","guid":{"rendered":"http:\/\/fr.motocrossmag.be\/?p=64114"},"modified":"2017-08-29T19:50:14","modified_gmt":"2017-08-29T17:50:14","slug":"kevin-viellevoye-devant-barber-et-kaivers-a-chimay","status":"publish","type":"post","link":"https:\/\/fr.motocrossmag.be\/index.php\/2017\/08\/kevin-viellevoye-devant-barber-et-kaivers-a-chimay\/","title":{"rendered":"Kevin Viellevoye devant Barber et Kaivers \u00e0 Chimay"},"content":{"rendered":"<p><strong>Le championnat de Belgique de Supermoto \u00e9tait \u00e0 Chimay ce week-end. Disput\u00e9e sur un trac\u00e9 revu et corrig\u00e9 par Fr\u00e9d\u00e9ric Fiorentino, l&rsquo;\u00e9preuve a connu un beau succ\u00e8s de participation avec pas moins de 135 pilotes au d\u00e9part des diff\u00e9rentes cat\u00e9gories. Le tout, sous le soleil !<\/strong><\/p>\n<p>Mal parti en premi\u00e8re manche, Kevin Viellevoye laissait le Britannique Ashley Barber mener la course de bout en bout mais s&rsquo;installait d\u00e8s le 3\u00e8me tour en deuxi\u00e8me position pour terminer \u00e0 1,3 secondes de Barber sous le drapeau \u00e0 damiers.<\/p>\n<p>Le leader du championnat ne rate pas son envol\u00e9e dans la seconde manche. Il s&rsquo;installe aux commandes mais doit composer avec un S\u00e9bastien Bouillon tr\u00e8s rapide qui prend m\u00eame les commandes l&rsquo;espace de quelques minutes avant de r\u00e9trograder juqu&rsquo;en 4\u00e8me place. Un peu moins bien parti, Barber passe la plupart de la course en 4\u00e8me position avant de prendre in extremis la seconde place derri\u00e8re Viellevoye, en t\u00eate avec plus de 4 secondes d&rsquo;avance et qui remporte donc le classement g\u00e9n\u00e9ral.<\/p>\n<p>Deux fois 3\u00e8me sur la piste de Chimay, Romain Kaivers monte sur la 3\u00e8me marche du podium. S\u00e9bastien Bouillon termine 4\u00e8me, Olivier Pope 5\u00e8me.<\/p>\n<p>&nbsp;<\/p>\n<p><span style=\"color: #800000;\"><strong>R\u00e9sultats<\/strong><\/span><\/p>\n<p>PRESTIGES<\/p>\n<p>1 Kevin Viellevoye 22+25; 2 Ashley Barber 25+22; 3 Romain Kaivers 20+20; 4 S\u00e9bastien Bouillon 16+18; 5 Oliver Pope 18+16; 6 Wouter Straver 14+15; 7 Jean-Marc Gaillard 15+13; 8 Kenny Neirinck 13+10; 9 Renzo van der Hoek 8+14; 10 Fabiano Beluffi 11+11;&#8230;<\/p>\n<p>EURONAT<\/p>\n<p>1 Dean Hillier 25+25; 2 Koen Roos 22+22; 3 Nicolas Charlier 20+16; 4 John Boot 13+20; 5 Robin Heeringa 12+18;&#8230;<\/p>\n<p>QUADS<\/p>\n<p>1 Christian Mohring 25+25; 2 Maxim Cluydts 22+22; 3 Micha\u00ebl Calogero 20+20; 4 Romain Peschon 18+18; 5 J\u00e9r\u00e9my Mikels 16+16;&#8230;<\/p>\n<p>NAT BENECUP<\/p>\n<p>1 Kevin Meyan 22+25; 2 S\u00e9bastien Jamar 25+22; 3 J\u00e9rome Panozzo 20+20; 4 Fran\u00e7ois Corman 18+18; 5 C\u00e9dric Schmidt 15+16;&#8230;<\/p>\n<p>NAT B<\/p>\n<p>1 Ken Ansloos 25+25; 2 Freek Huisman 22+22; 3 Bram Tausch 20+18; 4 Gilles Goosse 14+20; 5 Kate Anthoni 18+16;&#8230;<\/p>\n<p>DEB<\/p>\n<p>1 K\u00e9vin Thibaut 22+22+22; 2 Andy Berger 20+25+18; 3 Pierre Jacob 15+20+25; 4 Franck Maniquet 11+18+20; 5 Antoine Demolder 18+16+15; 6 Rapha\u00ebl Cornelis 25+10+12; 7 Thomas Raemdonck 12+15+16; 8 Micha\u00ebl Jacob 14+14+13; 9 Gr\u00e9gory Lambillotte 16+9+14; 10 Thomas Rahir 13+12+11;&#8230;<\/p>\n","protected":false},"excerpt":{"rendered":"<p>Le championnat de Belgique de Supermoto \u00e9tait \u00e0 Chimay ce week-end. Disput\u00e9e sur un trac\u00e9 revu et corrig\u00e9 par Fr\u00e9d\u00e9ric Fiorentino, l&rsquo;\u00e9preuve a connu un beau succ\u00e8s de participation avec [&#8230;]<\/p>\n","protected":false},"author":932,"featured_media":60652,"comment_status":"open","ping_status":"closed","sticky":false,"template":"","format":"standard","meta":{"footnotes":""},"categories":[54,40,43,55,65,38],"tags":[],"class_list":["post-64114","post","type-post","status-publish","format-standard","has-post-thumbnail","hentry","category-actualite","category-fmb-supermoto","category-news-supermoto","category-news-actualite","category-slideshow","category-supermoto"],"yoast_head":"<!-- This site is optimized with the Yoast SEO plugin v27.4 - https:\/\/yoast.com\/product\/yoast-seo-wordpress\/ -->\n<title>Kevin Viellevoye devant Barber et Kaivers \u00e0 Chimay - Motocross - Enduro - Supermoto | MotocrossMag<\/title>\n<meta name=\"robots\" content=\"index, follow, max-snippet:-1, max-image-preview:large, max-video-preview:-1\" \/>\n<link rel=\"canonical\" href=\"https:\/\/fr.motocrossmag.be\/index.php\/2017\/08\/kevin-viellevoye-devant-barber-et-kaivers-a-chimay\/\" \/>\n<meta property=\"og:locale\" content=\"fr_FR\" \/>\n<meta property=\"og:type\" content=\"article\" \/>\n<meta property=\"og:title\" content=\"Kevin Viellevoye devant Barber et Kaivers \u00e0 Chimay - Motocross - Enduro - Supermoto | MotocrossMag\" \/>\n<meta property=\"og:description\" content=\"Le championnat de Belgique de Supermoto \u00e9tait \u00e0 Chimay ce week-end. Disput\u00e9e sur un trac\u00e9 revu et corrig\u00e9 par Fr\u00e9d\u00e9ric Fiorentino, l&rsquo;\u00e9preuve a connu un beau succ\u00e8s de participation avec [...]\" \/>\n<meta property=\"og:url\" content=\"https:\/\/fr.motocrossmag.be\/index.php\/2017\/08\/kevin-viellevoye-devant-barber-et-kaivers-a-chimay\/\" \/>\n<meta property=\"og:site_name\" content=\"Motocross - Enduro - Supermoto | MotocrossMag\" \/>\n<meta property=\"article:published_time\" content=\"2017-08-29T17:50:14+00:00\" \/>\n<meta property=\"og:image\" content=\"https:\/\/fr.motocrossmag.be\/wp-content\/uploads\/2017\/06\/SM_Bilstain_viellevoye-lassenceloic-1.jpg\" \/>\n\t<meta property=\"og:image:width\" content=\"1080\" \/>\n\t<meta property=\"og:image:height\" content=\"720\" \/>\n\t<meta property=\"og:image:type\" content=\"image\/jpeg\" \/>\n<meta name=\"author\" content=\"oliviere\" \/>\n<meta name=\"twitter:card\" content=\"summary_large_image\" \/>\n<meta name=\"twitter:label1\" content=\"\u00c9crit par\" \/>\n\t<meta name=\"twitter:data1\" content=\"oliviere\" \/>\n\t<meta name=\"twitter:label2\" content=\"Dur\u00e9e de lecture estim\u00e9e\" \/>\n\t<meta name=\"twitter:data2\" content=\"2 minutes\" \/>\n<script type=\"application\/ld+json\" class=\"yoast-schema-graph\">{\"@context\":\"https:\\\/\\\/schema.org\",\"@graph\":[{\"@type\":\"Article\",\"@id\":\"https:\\\/\\\/fr.motocrossmag.be\\\/index.php\\\/2017\\\/08\\\/kevin-viellevoye-devant-barber-et-kaivers-a-chimay\\\/#article\",\"isPartOf\":{\"@id\":\"https:\\\/\\\/fr.motocrossmag.be\\\/index.php\\\/2017\\\/08\\\/kevin-viellevoye-devant-barber-et-kaivers-a-chimay\\\/\"},\"author\":{\"name\":\"oliviere\",\"@id\":\"https:\\\/\\\/fr.motocrossmag.be\\\/#\\\/schema\\\/person\\\/11b47143d9f755babca2c9110e03235c\"},\"headline\":\"Kevin Viellevoye devant Barber et Kaivers \u00e0 Chimay\",\"datePublished\":\"2017-08-29T17:50:14+00:00\",\"mainEntityOfPage\":{\"@id\":\"https:\\\/\\\/fr.motocrossmag.be\\\/index.php\\\/2017\\\/08\\\/kevin-viellevoye-devant-barber-et-kaivers-a-chimay\\\/\"},\"wordCount\":322,\"commentCount\":0,\"image\":{\"@id\":\"https:\\\/\\\/fr.motocrossmag.be\\\/index.php\\\/2017\\\/08\\\/kevin-viellevoye-devant-barber-et-kaivers-a-chimay\\\/#primaryimage\"},\"thumbnailUrl\":\"https:\\\/\\\/fr.motocrossmag.be\\\/wp-content\\\/uploads\\\/2017\\\/06\\\/SM_Bilstain_viellevoye-lassenceloic-1.jpg\",\"articleSection\":[\"Actualit\u00e9\",\"FMB\",\"News\",\"News\",\"Slideshow\",\"Supermoto\"],\"inLanguage\":\"fr-FR\",\"potentialAction\":[{\"@type\":\"CommentAction\",\"name\":\"Comment\",\"target\":[\"https:\\\/\\\/fr.motocrossmag.be\\\/index.php\\\/2017\\\/08\\\/kevin-viellevoye-devant-barber-et-kaivers-a-chimay\\\/#respond\"]}]},{\"@type\":\"WebPage\",\"@id\":\"https:\\\/\\\/fr.motocrossmag.be\\\/index.php\\\/2017\\\/08\\\/kevin-viellevoye-devant-barber-et-kaivers-a-chimay\\\/\",\"url\":\"https:\\\/\\\/fr.motocrossmag.be\\\/index.php\\\/2017\\\/08\\\/kevin-viellevoye-devant-barber-et-kaivers-a-chimay\\\/\",\"name\":\"Kevin Viellevoye devant Barber et Kaivers \u00e0 Chimay - Motocross - Enduro - Supermoto | MotocrossMag\",\"isPartOf\":{\"@id\":\"https:\\\/\\\/fr.motocrossmag.be\\\/#website\"},\"primaryImageOfPage\":{\"@id\":\"https:\\\/\\\/fr.motocrossmag.be\\\/index.php\\\/2017\\\/08\\\/kevin-viellevoye-devant-barber-et-kaivers-a-chimay\\\/#primaryimage\"},\"image\":{\"@id\":\"https:\\\/\\\/fr.motocrossmag.be\\\/index.php\\\/2017\\\/08\\\/kevin-viellevoye-devant-barber-et-kaivers-a-chimay\\\/#primaryimage\"},\"thumbnailUrl\":\"https:\\\/\\\/fr.motocrossmag.be\\\/wp-content\\\/uploads\\\/2017\\\/06\\\/SM_Bilstain_viellevoye-lassenceloic-1.jpg\",\"datePublished\":\"2017-08-29T17:50:14+00:00\",\"author\":{\"@id\":\"https:\\\/\\\/fr.motocrossmag.be\\\/#\\\/schema\\\/person\\\/11b47143d9f755babca2c9110e03235c\"},\"breadcrumb\":{\"@id\":\"https:\\\/\\\/fr.motocrossmag.be\\\/index.php\\\/2017\\\/08\\\/kevin-viellevoye-devant-barber-et-kaivers-a-chimay\\\/#breadcrumb\"},\"inLanguage\":\"fr-FR\",\"potentialAction\":[{\"@type\":\"ReadAction\",\"target\":[\"https:\\\/\\\/fr.motocrossmag.be\\\/index.php\\\/2017\\\/08\\\/kevin-viellevoye-devant-barber-et-kaivers-a-chimay\\\/\"]}]},{\"@type\":\"ImageObject\",\"inLanguage\":\"fr-FR\",\"@id\":\"https:\\\/\\\/fr.motocrossmag.be\\\/index.php\\\/2017\\\/08\\\/kevin-viellevoye-devant-barber-et-kaivers-a-chimay\\\/#primaryimage\",\"url\":\"https:\\\/\\\/fr.motocrossmag.be\\\/wp-content\\\/uploads\\\/2017\\\/06\\\/SM_Bilstain_viellevoye-lassenceloic-1.jpg\",\"contentUrl\":\"https:\\\/\\\/fr.motocrossmag.be\\\/wp-content\\\/uploads\\\/2017\\\/06\\\/SM_Bilstain_viellevoye-lassenceloic-1.jpg\",\"width\":1080,\"height\":720},{\"@type\":\"BreadcrumbList\",\"@id\":\"https:\\\/\\\/fr.motocrossmag.be\\\/index.php\\\/2017\\\/08\\\/kevin-viellevoye-devant-barber-et-kaivers-a-chimay\\\/#breadcrumb\",\"itemListElement\":[{\"@type\":\"ListItem\",\"position\":1,\"name\":\"Accueil\",\"item\":\"https:\\\/\\\/fr.motocrossmag.be\\\/\"},{\"@type\":\"ListItem\",\"position\":2,\"name\":\"Kevin Viellevoye devant Barber et Kaivers \u00e0 Chimay\"}]},{\"@type\":\"WebSite\",\"@id\":\"https:\\\/\\\/fr.motocrossmag.be\\\/#website\",\"url\":\"https:\\\/\\\/fr.motocrossmag.be\\\/\",\"name\":\"Motocross - Enduro - Supermoto | MotocrossMag\",\"description\":\"L&#039;actualit\u00e9 du motocross, de l&#039;enduro et du Supermoto en ligne!\",\"potentialAction\":[{\"@type\":\"SearchAction\",\"target\":{\"@type\":\"EntryPoint\",\"urlTemplate\":\"https:\\\/\\\/fr.motocrossmag.be\\\/?s={search_term_string}\"},\"query-input\":{\"@type\":\"PropertyValueSpecification\",\"valueRequired\":true,\"valueName\":\"search_term_string\"}}],\"inLanguage\":\"fr-FR\"},{\"@type\":\"Person\",\"@id\":\"https:\\\/\\\/fr.motocrossmag.be\\\/#\\\/schema\\\/person\\\/11b47143d9f755babca2c9110e03235c\",\"name\":\"oliviere\",\"image\":{\"@type\":\"ImageObject\",\"inLanguage\":\"fr-FR\",\"@id\":\"https:\\\/\\\/secure.gravatar.com\\\/avatar\\\/907069e0b81d119452040469e4a7501da1100f54f7f80180ce77bfab718288f6?s=96&d=mm&r=g\",\"url\":\"https:\\\/\\\/secure.gravatar.com\\\/avatar\\\/907069e0b81d119452040469e4a7501da1100f54f7f80180ce77bfab718288f6?s=96&d=mm&r=g\",\"contentUrl\":\"https:\\\/\\\/secure.gravatar.com\\\/avatar\\\/907069e0b81d119452040469e4a7501da1100f54f7f80180ce77bfab718288f6?s=96&d=mm&r=g\",\"caption\":\"oliviere\"},\"sameAs\":[\"http:\\\/\\\/www.motocrossmag.be\"],\"url\":\"https:\\\/\\\/fr.motocrossmag.be\\\/index.php\\\/author\\\/oliviere\\\/\"}]}<\/script>\n<!-- \/ Yoast SEO plugin. -->","yoast_head_json":{"title":"Kevin Viellevoye devant Barber et Kaivers \u00e0 Chimay - Motocross - Enduro - Supermoto | MotocrossMag","robots":{"index":"index","follow":"follow","max-snippet":"max-snippet:-1","max-image-preview":"max-image-preview:large","max-video-preview":"max-video-preview:-1"},"canonical":"https:\/\/fr.motocrossmag.be\/index.php\/2017\/08\/kevin-viellevoye-devant-barber-et-kaivers-a-chimay\/","og_locale":"fr_FR","og_type":"article","og_title":"Kevin Viellevoye devant Barber et Kaivers \u00e0 Chimay - Motocross - Enduro - Supermoto | MotocrossMag","og_description":"Le championnat de Belgique de Supermoto \u00e9tait \u00e0 Chimay ce week-end. Disput\u00e9e sur un trac\u00e9 revu et corrig\u00e9 par Fr\u00e9d\u00e9ric Fiorentino, l&rsquo;\u00e9preuve a connu un beau succ\u00e8s de participation avec [...]","og_url":"https:\/\/fr.motocrossmag.be\/index.php\/2017\/08\/kevin-viellevoye-devant-barber-et-kaivers-a-chimay\/","og_site_name":"Motocross - Enduro - Supermoto | MotocrossMag","article_published_time":"2017-08-29T17:50:14+00:00","og_image":[{"width":1080,"height":720,"url":"https:\/\/fr.motocrossmag.be\/wp-content\/uploads\/2017\/06\/SM_Bilstain_viellevoye-lassenceloic-1.jpg","type":"image\/jpeg"}],"author":"oliviere","twitter_card":"summary_large_image","twitter_misc":{"\u00c9crit par":"oliviere","Dur\u00e9e de lecture estim\u00e9e":"2 minutes"},"schema":{"@context":"https:\/\/schema.org","@graph":[{"@type":"Article","@id":"https:\/\/fr.motocrossmag.be\/index.php\/2017\/08\/kevin-viellevoye-devant-barber-et-kaivers-a-chimay\/#article","isPartOf":{"@id":"https:\/\/fr.motocrossmag.be\/index.php\/2017\/08\/kevin-viellevoye-devant-barber-et-kaivers-a-chimay\/"},"author":{"name":"oliviere","@id":"https:\/\/fr.motocrossmag.be\/#\/schema\/person\/11b47143d9f755babca2c9110e03235c"},"headline":"Kevin Viellevoye devant Barber et Kaivers \u00e0 Chimay","datePublished":"2017-08-29T17:50:14+00:00","mainEntityOfPage":{"@id":"https:\/\/fr.motocrossmag.be\/index.php\/2017\/08\/kevin-viellevoye-devant-barber-et-kaivers-a-chimay\/"},"wordCount":322,"commentCount":0,"image":{"@id":"https:\/\/fr.motocrossmag.be\/index.php\/2017\/08\/kevin-viellevoye-devant-barber-et-kaivers-a-chimay\/#primaryimage"},"thumbnailUrl":"https:\/\/fr.motocrossmag.be\/wp-content\/uploads\/2017\/06\/SM_Bilstain_viellevoye-lassenceloic-1.jpg","articleSection":["Actualit\u00e9","FMB","News","News","Slideshow","Supermoto"],"inLanguage":"fr-FR","potentialAction":[{"@type":"CommentAction","name":"Comment","target":["https:\/\/fr.motocrossmag.be\/index.php\/2017\/08\/kevin-viellevoye-devant-barber-et-kaivers-a-chimay\/#respond"]}]},{"@type":"WebPage","@id":"https:\/\/fr.motocrossmag.be\/index.php\/2017\/08\/kevin-viellevoye-devant-barber-et-kaivers-a-chimay\/","url":"https:\/\/fr.motocrossmag.be\/index.php\/2017\/08\/kevin-viellevoye-devant-barber-et-kaivers-a-chimay\/","name":"Kevin Viellevoye devant Barber et Kaivers \u00e0 Chimay - Motocross - Enduro - Supermoto | MotocrossMag","isPartOf":{"@id":"https:\/\/fr.motocrossmag.be\/#website"},"primaryImageOfPage":{"@id":"https:\/\/fr.motocrossmag.be\/index.php\/2017\/08\/kevin-viellevoye-devant-barber-et-kaivers-a-chimay\/#primaryimage"},"image":{"@id":"https:\/\/fr.motocrossmag.be\/index.php\/2017\/08\/kevin-viellevoye-devant-barber-et-kaivers-a-chimay\/#primaryimage"},"thumbnailUrl":"https:\/\/fr.motocrossmag.be\/wp-content\/uploads\/2017\/06\/SM_Bilstain_viellevoye-lassenceloic-1.jpg","datePublished":"2017-08-29T17:50:14+00:00","author":{"@id":"https:\/\/fr.motocrossmag.be\/#\/schema\/person\/11b47143d9f755babca2c9110e03235c"},"breadcrumb":{"@id":"https:\/\/fr.motocrossmag.be\/index.php\/2017\/08\/kevin-viellevoye-devant-barber-et-kaivers-a-chimay\/#breadcrumb"},"inLanguage":"fr-FR","potentialAction":[{"@type":"ReadAction","target":["https:\/\/fr.motocrossmag.be\/index.php\/2017\/08\/kevin-viellevoye-devant-barber-et-kaivers-a-chimay\/"]}]},{"@type":"ImageObject","inLanguage":"fr-FR","@id":"https:\/\/fr.motocrossmag.be\/index.php\/2017\/08\/kevin-viellevoye-devant-barber-et-kaivers-a-chimay\/#primaryimage","url":"https:\/\/fr.motocrossmag.be\/wp-content\/uploads\/2017\/06\/SM_Bilstain_viellevoye-lassenceloic-1.jpg","contentUrl":"https:\/\/fr.motocrossmag.be\/wp-content\/uploads\/2017\/06\/SM_Bilstain_viellevoye-lassenceloic-1.jpg","width":1080,"height":720},{"@type":"BreadcrumbList","@id":"https:\/\/fr.motocrossmag.be\/index.php\/2017\/08\/kevin-viellevoye-devant-barber-et-kaivers-a-chimay\/#breadcrumb","itemListElement":[{"@type":"ListItem","position":1,"name":"Accueil","item":"https:\/\/fr.motocrossmag.be\/"},{"@type":"ListItem","position":2,"name":"Kevin Viellevoye devant Barber et Kaivers \u00e0 Chimay"}]},{"@type":"WebSite","@id":"https:\/\/fr.motocrossmag.be\/#website","url":"https:\/\/fr.motocrossmag.be\/","name":"Motocross - Enduro - Supermoto | MotocrossMag","description":"L&#039;actualit\u00e9 du motocross, de l&#039;enduro et du Supermoto en ligne!","potentialAction":[{"@type":"SearchAction","target":{"@type":"EntryPoint","urlTemplate":"https:\/\/fr.motocrossmag.be\/?s={search_term_string}"},"query-input":{"@type":"PropertyValueSpecification","valueRequired":true,"valueName":"search_term_string"}}],"inLanguage":"fr-FR"},{"@type":"Person","@id":"https:\/\/fr.motocrossmag.be\/#\/schema\/person\/11b47143d9f755babca2c9110e03235c","name":"oliviere","image":{"@type":"ImageObject","inLanguage":"fr-FR","@id":"https:\/\/secure.gravatar.com\/avatar\/907069e0b81d119452040469e4a7501da1100f54f7f80180ce77bfab718288f6?s=96&d=mm&r=g","url":"https:\/\/secure.gravatar.com\/avatar\/907069e0b81d119452040469e4a7501da1100f54f7f80180ce77bfab718288f6?s=96&d=mm&r=g","contentUrl":"https:\/\/secure.gravatar.com\/avatar\/907069e0b81d119452040469e4a7501da1100f54f7f80180ce77bfab718288f6?s=96&d=mm&r=g","caption":"oliviere"},"sameAs":["http:\/\/www.motocrossmag.be"],"url":"https:\/\/fr.motocrossmag.be\/index.php\/author\/oliviere\/"}]}},"_links":{"self":[{"href":"https:\/\/fr.motocrossmag.be\/index.php\/wp-json\/wp\/v2\/posts\/64114","targetHints":{"allow":["GET"]}}],"collection":[{"href":"https:\/\/fr.motocrossmag.be\/index.php\/wp-json\/wp\/v2\/posts"}],"about":[{"href":"https:\/\/fr.motocrossmag.be\/index.php\/wp-json\/wp\/v2\/types\/post"}],"author":[{"embeddable":true,"href":"https:\/\/fr.motocrossmag.be\/index.php\/wp-json\/wp\/v2\/users\/932"}],"replies":[{"embeddable":true,"href":"https:\/\/fr.motocrossmag.be\/index.php\/wp-json\/wp\/v2\/comments?post=64114"}],"version-history":[{"count":1,"href":"https:\/\/fr.motocrossmag.be\/index.php\/wp-json\/wp\/v2\/posts\/64114\/revisions"}],"predecessor-version":[{"id":64115,"href":"https:\/\/fr.motocrossmag.be\/index.php\/wp-json\/wp\/v2\/posts\/64114\/revisions\/64115"}],"wp:featuredmedia":[{"embeddable":true,"href":"https:\/\/fr.motocrossmag.be\/index.php\/wp-json\/wp\/v2\/media\/60652"}],"wp:attachment":[{"href":"https:\/\/fr.motocrossmag.be\/index.php\/wp-json\/wp\/v2\/media?parent=64114"}],"wp:term":[{"taxonomy":"category","embeddable":true,"href":"https:\/\/fr.motocrossmag.be\/index.php\/wp-json\/wp\/v2\/categories?post=64114"},{"taxonomy":"post_tag","embeddable":true,"href":"https:\/\/fr.motocrossmag.be\/index.php\/wp-json\/wp\/v2\/tags?post=64114"}],"curies":[{"name":"wp","href":"https:\/\/api.w.org\/{rel}","templated":true}]}}