{"id":64119,"date":"2017-08-30T00:39:14","date_gmt":"2017-08-29T22:39:14","guid":{"rendered":"http:\/\/fr.motocrossmag.be\/?p=64119"},"modified":"2017-08-30T00:39:14","modified_gmt":"2017-08-29T22:39:14","slug":"six-days-encore-une-journee-difficile","status":"publish","type":"post","link":"https:\/\/fr.motocrossmag.be\/index.php\/2017\/08\/six-days-encore-une-journee-difficile\/","title":{"rendered":"Six Days : encore une journ\u00e9e difficile&#8230;"},"content":{"rendered":"<p><strong>Dans la foul\u00e9e de l&rsquo;abandon sur blessure de Jilani Cambr\u00e9 d\u00e8s ce lundi, la seconde journ\u00e9e des Six Jours Internationaux d&rsquo;Enduro a d\u00e9but\u00e9 de la pire des mani\u00e8res pour le clan belge. La Yamaha d&rsquo;Antoine Magain a en effet refus\u00e9 de d\u00e9marrer ce mardi matin. Un incident aux cons\u00e9quences dramatiques pour notre \u00e9quipe Junior puisqu&rsquo;il mettait d&#8217;embl\u00e9e le Nismois hors course et p\u00e9nalisait l&rsquo;\u00e9quipe de 3 heures.<\/strong><\/p>\n<p><img decoding=\"async\" class=\"lazyload alignnone size-medium wp-image-64121\" src=\"http:\/\/fr.motocrossmag.be\/wp-content\/uploads\/2017\/08\/isde-day2-ravitaillement-650x432.jpg\" data-orig-src=\"http:\/\/fr.motocrossmag.be\/wp-content\/uploads\/2017\/08\/isde-day2-ravitaillement-650x432.jpg\" alt=\"\" width=\"650\" height=\"432\" srcset=\"data:image\/svg+xml,%3Csvg%20xmlns%3D%27http%3A%2F%2Fwww.w3.org%2F2000%2Fsvg%27%20width%3D%27650%27%20height%3D%27432%27%20viewBox%3D%270%200%20650%20432%27%3E%3Crect%20width%3D%27650%27%20height%3D%27432%27%20fill-opacity%3D%220%22%2F%3E%3C%2Fsvg%3E\" data-srcset=\"https:\/\/fr.motocrossmag.be\/wp-content\/uploads\/2017\/08\/isde-day2-ravitaillement-650x432.jpg 650w, https:\/\/fr.motocrossmag.be\/wp-content\/uploads\/2017\/08\/isde-day2-ravitaillement-768x511.jpg 768w, https:\/\/fr.motocrossmag.be\/wp-content\/uploads\/2017\/08\/isde-day2-ravitaillement-1024x681.jpg 1024w, https:\/\/fr.motocrossmag.be\/wp-content\/uploads\/2017\/08\/isde-day2-ravitaillement.jpg 1200w\" data-sizes=\"auto\" data-orig-sizes=\"(max-width: 650px) 100vw, 650px\" \/><\/p>\n<p>Les conditions particuli\u00e8rement \u00e9prouvantes en raison de la chaleur et du parcours tr\u00e8s d\u00e9fonc\u00e9 du fait du nombre de participants et de la nature du sol dans la r\u00e9gion de Brive mettent \u00e0 mal les hommes comme les m\u00e9caniques. Les abandons sont nombreux, dans toutes les \u00e9quipes. Malgr\u00e9 le forfait de Magain, le team Junior belge reste d&rsquo;ailleurs au 12\u00e8me rang, seules les 9 premi\u00e8res \u00e9quipes \u00e9tant encore au complet&#8230;<\/p>\n<div class=\"rgg-container\" data-rgg-id=\"1\">    <div class=\"rgg-imagegrid captions-title captions-effect-none \" data-rgg-id=\"1\">\n                    <a data-rel=\"iLightbox[postimages]\" data-title=\"isde-day2-vanoevelen\" data-caption=\"\" href=\"https:\/\/fr.motocrossmag.be\/wp-content\/uploads\/2017\/08\/isde-day2-vanoevelen-1024x681.jpg\" data-rel=\"rgg\" rel=\"rgg\" title=\"\" class=\"rgg-disabled size-medium rgg-img\" data-src=\"https:\/\/fr.motocrossmag.be\/wp-content\/uploads\/2017\/08\/isde-day2-vanoevelen-650x432.jpg\" data-ratio=\"1.5046296296296\" data-height=\"432\" data-width=\"650\" aria-label=\"\">\n                            <\/a>\n                    <a data-rel=\"iLightbox[postimages]\" data-title=\"isde-day2-martiny\" data-caption=\"\" href=\"https:\/\/fr.motocrossmag.be\/wp-content\/uploads\/2017\/08\/isde-day2-martiny-1024x681.jpg\" data-rel=\"rgg\" rel=\"rgg\" title=\"\" class=\"rgg-disabled size-medium rgg-img\" data-src=\"https:\/\/fr.motocrossmag.be\/wp-content\/uploads\/2017\/08\/isde-day2-martiny-650x432.jpg\" data-ratio=\"1.5046296296296\" data-height=\"432\" data-width=\"650\" aria-label=\"\">\n                            <\/a>\n                    <a data-rel=\"iLightbox[postimages]\" data-title=\"isde-day2-despontin-fabrice\" data-caption=\"\" href=\"https:\/\/fr.motocrossmag.be\/wp-content\/uploads\/2017\/08\/isde-day2-despontin-fabrice-1024x681.jpg\" data-rel=\"rgg\" rel=\"rgg\" title=\"\" class=\"rgg-disabled size-medium rgg-img\" data-src=\"https:\/\/fr.motocrossmag.be\/wp-content\/uploads\/2017\/08\/isde-day2-despontin-fabrice-650x432.jpg\" data-ratio=\"1.5046296296296\" data-height=\"432\" data-width=\"650\" aria-label=\"\">\n                            <\/a>\n            <\/div>\n<\/div>\n<p>C\u00f4t\u00e9 \u00e9quipes Troph\u00e9e, la France creuse encore l&rsquo;\u00e9cart pour d\u00e9sormais mener avec plus de 4 minutes sur l&rsquo;Australie, excellente 2\u00e8me devant la Finlande et le Portugal. La Belgique est 18\u00e8me et avant-derni\u00e8re.<\/p>\n<p>Deux nouvelles victimes des conditions caniculaires qui r\u00e8gnent sur Brive-la-Gaillarde dans le clan belge : Pierre Schmits et Christophe Lemoine, tous les deux inscrits dans les \u00e9quipes de club, ont d\u00fb jeter l&rsquo;\u00e9ponge, victimes de d\u00e9shydratation.<\/p>\n<p>Les conditions pourraient cependant changer radicalement ce mercredi puisque la pluie est attendue dans le courant de la journ\u00e9e.<\/p>\n<p>Photos : Serge Marlier<\/p>\n<p><span style=\"color: #800000;\"><strong>R\u00e9sultats<\/strong><\/span><\/p>\n<p>TROPHEE<\/p>\n<p>1. France ; 2. Australie +4\u201919; 3. Finlande +5\u201949; 4. Portugal +12\u201950; 5. Su\u00e8de +17\u201930\u2026; 18.Belgique +0<span class=\"ft1p2\">5h23:37&rsquo;20<\/span><\/p>\n<p>JUNIORS<\/p>\n<p>1. USA ; 2. France ; 3. Italie; 4. Chili; 5. Grande-Bretagne; \u2026; 12.Belgique +0<span class=\"ft1p1\">2h37:11&rsquo;13<\/span><\/p>\n<p>Classements complets sur <a href=\"http:\/\/www.fim-isde-live.info\/\" target=\"_blank\" rel=\"noopener noreferrer\">www.fim-isde-live.info<\/a><\/p>\n","protected":false},"excerpt":{"rendered":"<p>Dans la foul\u00e9e de l&rsquo;abandon sur blessure de Jilani Cambr\u00e9 d\u00e8s ce lundi, la seconde journ\u00e9e des Six Jours Internationaux d&rsquo;Enduro a d\u00e9but\u00e9 de la pire des mani\u00e8res pour le [&#8230;]<\/p>\n","protected":false},"author":932,"featured_media":64123,"comment_status":"open","ping_status":"closed","sticky":false,"template":"","format":"standard","meta":{"footnotes":""},"categories":[54,32,34,1074,55,65],"tags":[],"class_list":["post-64119","post","type-post","status-publish","format-standard","has-post-thumbnail","hentry","category-actualite","category-enduro","category-endurogp","category-isde","category-news-actualite","category-slideshow"],"yoast_head":"<!-- This site is optimized with the Yoast SEO plugin v27.4 - https:\/\/yoast.com\/product\/yoast-seo-wordpress\/ -->\n<title>Six Days : encore une journ\u00e9e difficile... - Motocross - Enduro - Supermoto | MotocrossMag<\/title>\n<meta name=\"robots\" content=\"index, follow, max-snippet:-1, max-image-preview:large, max-video-preview:-1\" \/>\n<link rel=\"canonical\" href=\"https:\/\/fr.motocrossmag.be\/index.php\/2017\/08\/six-days-encore-une-journee-difficile\/\" \/>\n<meta property=\"og:locale\" content=\"fr_FR\" \/>\n<meta property=\"og:type\" content=\"article\" \/>\n<meta property=\"og:title\" content=\"Six Days : encore une journ\u00e9e difficile... - Motocross - Enduro - Supermoto | MotocrossMag\" \/>\n<meta property=\"og:description\" content=\"Dans la foul\u00e9e de l&rsquo;abandon sur blessure de Jilani Cambr\u00e9 d\u00e8s ce lundi, la seconde journ\u00e9e des Six Jours Internationaux d&rsquo;Enduro a d\u00e9but\u00e9 de la pire des mani\u00e8res pour le [...]\" \/>\n<meta property=\"og:url\" content=\"https:\/\/fr.motocrossmag.be\/index.php\/2017\/08\/six-days-encore-une-journee-difficile\/\" \/>\n<meta property=\"og:site_name\" content=\"Motocross - Enduro - Supermoto | MotocrossMag\" \/>\n<meta property=\"article:published_time\" content=\"2017-08-29T22:39:14+00:00\" \/>\n<meta property=\"og:image\" content=\"https:\/\/fr.motocrossmag.be\/wp-content\/uploads\/2017\/08\/isde-day2-leloup.jpg\" \/>\n\t<meta property=\"og:image:width\" content=\"1200\" \/>\n\t<meta property=\"og:image:height\" content=\"798\" \/>\n\t<meta property=\"og:image:type\" content=\"image\/jpeg\" \/>\n<meta name=\"author\" content=\"oliviere\" \/>\n<meta name=\"twitter:card\" content=\"summary_large_image\" \/>\n<meta name=\"twitter:label1\" content=\"\u00c9crit par\" \/>\n\t<meta name=\"twitter:data1\" content=\"oliviere\" \/>\n\t<meta name=\"twitter:label2\" content=\"Dur\u00e9e de lecture estim\u00e9e\" \/>\n\t<meta name=\"twitter:data2\" content=\"1 minute\" \/>\n<script type=\"application\/ld+json\" class=\"yoast-schema-graph\">{\"@context\":\"https:\\\/\\\/schema.org\",\"@graph\":[{\"@type\":\"Article\",\"@id\":\"https:\\\/\\\/fr.motocrossmag.be\\\/index.php\\\/2017\\\/08\\\/six-days-encore-une-journee-difficile\\\/#article\",\"isPartOf\":{\"@id\":\"https:\\\/\\\/fr.motocrossmag.be\\\/index.php\\\/2017\\\/08\\\/six-days-encore-une-journee-difficile\\\/\"},\"author\":{\"name\":\"oliviere\",\"@id\":\"https:\\\/\\\/fr.motocrossmag.be\\\/#\\\/schema\\\/person\\\/11b47143d9f755babca2c9110e03235c\"},\"headline\":\"Six Days : encore une journ\u00e9e difficile&#8230;\",\"datePublished\":\"2017-08-29T22:39:14+00:00\",\"mainEntityOfPage\":{\"@id\":\"https:\\\/\\\/fr.motocrossmag.be\\\/index.php\\\/2017\\\/08\\\/six-days-encore-une-journee-difficile\\\/\"},\"wordCount\":288,\"commentCount\":0,\"image\":{\"@id\":\"https:\\\/\\\/fr.motocrossmag.be\\\/index.php\\\/2017\\\/08\\\/six-days-encore-une-journee-difficile\\\/#primaryimage\"},\"thumbnailUrl\":\"https:\\\/\\\/fr.motocrossmag.be\\\/wp-content\\\/uploads\\\/2017\\\/08\\\/isde-day2-leloup.jpg\",\"articleSection\":[\"Actualit\u00e9\",\"Enduro\",\"EnduroGP\",\"ISDE\",\"News\",\"Slideshow\"],\"inLanguage\":\"fr-FR\",\"potentialAction\":[{\"@type\":\"CommentAction\",\"name\":\"Comment\",\"target\":[\"https:\\\/\\\/fr.motocrossmag.be\\\/index.php\\\/2017\\\/08\\\/six-days-encore-une-journee-difficile\\\/#respond\"]}]},{\"@type\":\"WebPage\",\"@id\":\"https:\\\/\\\/fr.motocrossmag.be\\\/index.php\\\/2017\\\/08\\\/six-days-encore-une-journee-difficile\\\/\",\"url\":\"https:\\\/\\\/fr.motocrossmag.be\\\/index.php\\\/2017\\\/08\\\/six-days-encore-une-journee-difficile\\\/\",\"name\":\"Six Days : encore une journ\u00e9e difficile... - Motocross - Enduro - Supermoto | MotocrossMag\",\"isPartOf\":{\"@id\":\"https:\\\/\\\/fr.motocrossmag.be\\\/#website\"},\"primaryImageOfPage\":{\"@id\":\"https:\\\/\\\/fr.motocrossmag.be\\\/index.php\\\/2017\\\/08\\\/six-days-encore-une-journee-difficile\\\/#primaryimage\"},\"image\":{\"@id\":\"https:\\\/\\\/fr.motocrossmag.be\\\/index.php\\\/2017\\\/08\\\/six-days-encore-une-journee-difficile\\\/#primaryimage\"},\"thumbnailUrl\":\"https:\\\/\\\/fr.motocrossmag.be\\\/wp-content\\\/uploads\\\/2017\\\/08\\\/isde-day2-leloup.jpg\",\"datePublished\":\"2017-08-29T22:39:14+00:00\",\"author\":{\"@id\":\"https:\\\/\\\/fr.motocrossmag.be\\\/#\\\/schema\\\/person\\\/11b47143d9f755babca2c9110e03235c\"},\"breadcrumb\":{\"@id\":\"https:\\\/\\\/fr.motocrossmag.be\\\/index.php\\\/2017\\\/08\\\/six-days-encore-une-journee-difficile\\\/#breadcrumb\"},\"inLanguage\":\"fr-FR\",\"potentialAction\":[{\"@type\":\"ReadAction\",\"target\":[\"https:\\\/\\\/fr.motocrossmag.be\\\/index.php\\\/2017\\\/08\\\/six-days-encore-une-journee-difficile\\\/\"]}]},{\"@type\":\"ImageObject\",\"inLanguage\":\"fr-FR\",\"@id\":\"https:\\\/\\\/fr.motocrossmag.be\\\/index.php\\\/2017\\\/08\\\/six-days-encore-une-journee-difficile\\\/#primaryimage\",\"url\":\"https:\\\/\\\/fr.motocrossmag.be\\\/wp-content\\\/uploads\\\/2017\\\/08\\\/isde-day2-leloup.jpg\",\"contentUrl\":\"https:\\\/\\\/fr.motocrossmag.be\\\/wp-content\\\/uploads\\\/2017\\\/08\\\/isde-day2-leloup.jpg\",\"width\":1200,\"height\":798},{\"@type\":\"BreadcrumbList\",\"@id\":\"https:\\\/\\\/fr.motocrossmag.be\\\/index.php\\\/2017\\\/08\\\/six-days-encore-une-journee-difficile\\\/#breadcrumb\",\"itemListElement\":[{\"@type\":\"ListItem\",\"position\":1,\"name\":\"Accueil\",\"item\":\"https:\\\/\\\/fr.motocrossmag.be\\\/\"},{\"@type\":\"ListItem\",\"position\":2,\"name\":\"Six Days : encore une journ\u00e9e difficile&#8230;\"}]},{\"@type\":\"WebSite\",\"@id\":\"https:\\\/\\\/fr.motocrossmag.be\\\/#website\",\"url\":\"https:\\\/\\\/fr.motocrossmag.be\\\/\",\"name\":\"Motocross - Enduro - Supermoto | MotocrossMag\",\"description\":\"L&#039;actualit\u00e9 du motocross, de l&#039;enduro et du Supermoto en ligne!\",\"potentialAction\":[{\"@type\":\"SearchAction\",\"target\":{\"@type\":\"EntryPoint\",\"urlTemplate\":\"https:\\\/\\\/fr.motocrossmag.be\\\/?s={search_term_string}\"},\"query-input\":{\"@type\":\"PropertyValueSpecification\",\"valueRequired\":true,\"valueName\":\"search_term_string\"}}],\"inLanguage\":\"fr-FR\"},{\"@type\":\"Person\",\"@id\":\"https:\\\/\\\/fr.motocrossmag.be\\\/#\\\/schema\\\/person\\\/11b47143d9f755babca2c9110e03235c\",\"name\":\"oliviere\",\"image\":{\"@type\":\"ImageObject\",\"inLanguage\":\"fr-FR\",\"@id\":\"https:\\\/\\\/secure.gravatar.com\\\/avatar\\\/907069e0b81d119452040469e4a7501da1100f54f7f80180ce77bfab718288f6?s=96&d=mm&r=g\",\"url\":\"https:\\\/\\\/secure.gravatar.com\\\/avatar\\\/907069e0b81d119452040469e4a7501da1100f54f7f80180ce77bfab718288f6?s=96&d=mm&r=g\",\"contentUrl\":\"https:\\\/\\\/secure.gravatar.com\\\/avatar\\\/907069e0b81d119452040469e4a7501da1100f54f7f80180ce77bfab718288f6?s=96&d=mm&r=g\",\"caption\":\"oliviere\"},\"sameAs\":[\"http:\\\/\\\/www.motocrossmag.be\"],\"url\":\"https:\\\/\\\/fr.motocrossmag.be\\\/index.php\\\/author\\\/oliviere\\\/\"}]}<\/script>\n<!-- \/ Yoast SEO plugin. -->","yoast_head_json":{"title":"Six Days : encore une journ\u00e9e difficile... - Motocross - Enduro - Supermoto | MotocrossMag","robots":{"index":"index","follow":"follow","max-snippet":"max-snippet:-1","max-image-preview":"max-image-preview:large","max-video-preview":"max-video-preview:-1"},"canonical":"https:\/\/fr.motocrossmag.be\/index.php\/2017\/08\/six-days-encore-une-journee-difficile\/","og_locale":"fr_FR","og_type":"article","og_title":"Six Days : encore une journ\u00e9e difficile... - Motocross - Enduro - Supermoto | MotocrossMag","og_description":"Dans la foul\u00e9e de l&rsquo;abandon sur blessure de Jilani Cambr\u00e9 d\u00e8s ce lundi, la seconde journ\u00e9e des Six Jours Internationaux d&rsquo;Enduro a d\u00e9but\u00e9 de la pire des mani\u00e8res pour le [...]","og_url":"https:\/\/fr.motocrossmag.be\/index.php\/2017\/08\/six-days-encore-une-journee-difficile\/","og_site_name":"Motocross - Enduro - Supermoto | MotocrossMag","article_published_time":"2017-08-29T22:39:14+00:00","og_image":[{"width":1200,"height":798,"url":"https:\/\/fr.motocrossmag.be\/wp-content\/uploads\/2017\/08\/isde-day2-leloup.jpg","type":"image\/jpeg"}],"author":"oliviere","twitter_card":"summary_large_image","twitter_misc":{"\u00c9crit par":"oliviere","Dur\u00e9e de lecture estim\u00e9e":"1 minute"},"schema":{"@context":"https:\/\/schema.org","@graph":[{"@type":"Article","@id":"https:\/\/fr.motocrossmag.be\/index.php\/2017\/08\/six-days-encore-une-journee-difficile\/#article","isPartOf":{"@id":"https:\/\/fr.motocrossmag.be\/index.php\/2017\/08\/six-days-encore-une-journee-difficile\/"},"author":{"name":"oliviere","@id":"https:\/\/fr.motocrossmag.be\/#\/schema\/person\/11b47143d9f755babca2c9110e03235c"},"headline":"Six Days : encore une journ\u00e9e difficile&#8230;","datePublished":"2017-08-29T22:39:14+00:00","mainEntityOfPage":{"@id":"https:\/\/fr.motocrossmag.be\/index.php\/2017\/08\/six-days-encore-une-journee-difficile\/"},"wordCount":288,"commentCount":0,"image":{"@id":"https:\/\/fr.motocrossmag.be\/index.php\/2017\/08\/six-days-encore-une-journee-difficile\/#primaryimage"},"thumbnailUrl":"https:\/\/fr.motocrossmag.be\/wp-content\/uploads\/2017\/08\/isde-day2-leloup.jpg","articleSection":["Actualit\u00e9","Enduro","EnduroGP","ISDE","News","Slideshow"],"inLanguage":"fr-FR","potentialAction":[{"@type":"CommentAction","name":"Comment","target":["https:\/\/fr.motocrossmag.be\/index.php\/2017\/08\/six-days-encore-une-journee-difficile\/#respond"]}]},{"@type":"WebPage","@id":"https:\/\/fr.motocrossmag.be\/index.php\/2017\/08\/six-days-encore-une-journee-difficile\/","url":"https:\/\/fr.motocrossmag.be\/index.php\/2017\/08\/six-days-encore-une-journee-difficile\/","name":"Six Days : encore une journ\u00e9e difficile... - Motocross - Enduro - Supermoto | MotocrossMag","isPartOf":{"@id":"https:\/\/fr.motocrossmag.be\/#website"},"primaryImageOfPage":{"@id":"https:\/\/fr.motocrossmag.be\/index.php\/2017\/08\/six-days-encore-une-journee-difficile\/#primaryimage"},"image":{"@id":"https:\/\/fr.motocrossmag.be\/index.php\/2017\/08\/six-days-encore-une-journee-difficile\/#primaryimage"},"thumbnailUrl":"https:\/\/fr.motocrossmag.be\/wp-content\/uploads\/2017\/08\/isde-day2-leloup.jpg","datePublished":"2017-08-29T22:39:14+00:00","author":{"@id":"https:\/\/fr.motocrossmag.be\/#\/schema\/person\/11b47143d9f755babca2c9110e03235c"},"breadcrumb":{"@id":"https:\/\/fr.motocrossmag.be\/index.php\/2017\/08\/six-days-encore-une-journee-difficile\/#breadcrumb"},"inLanguage":"fr-FR","potentialAction":[{"@type":"ReadAction","target":["https:\/\/fr.motocrossmag.be\/index.php\/2017\/08\/six-days-encore-une-journee-difficile\/"]}]},{"@type":"ImageObject","inLanguage":"fr-FR","@id":"https:\/\/fr.motocrossmag.be\/index.php\/2017\/08\/six-days-encore-une-journee-difficile\/#primaryimage","url":"https:\/\/fr.motocrossmag.be\/wp-content\/uploads\/2017\/08\/isde-day2-leloup.jpg","contentUrl":"https:\/\/fr.motocrossmag.be\/wp-content\/uploads\/2017\/08\/isde-day2-leloup.jpg","width":1200,"height":798},{"@type":"BreadcrumbList","@id":"https:\/\/fr.motocrossmag.be\/index.php\/2017\/08\/six-days-encore-une-journee-difficile\/#breadcrumb","itemListElement":[{"@type":"ListItem","position":1,"name":"Accueil","item":"https:\/\/fr.motocrossmag.be\/"},{"@type":"ListItem","position":2,"name":"Six Days : encore une journ\u00e9e difficile&#8230;"}]},{"@type":"WebSite","@id":"https:\/\/fr.motocrossmag.be\/#website","url":"https:\/\/fr.motocrossmag.be\/","name":"Motocross - Enduro - Supermoto | MotocrossMag","description":"L&#039;actualit\u00e9 du motocross, de l&#039;enduro et du Supermoto en ligne!","potentialAction":[{"@type":"SearchAction","target":{"@type":"EntryPoint","urlTemplate":"https:\/\/fr.motocrossmag.be\/?s={search_term_string}"},"query-input":{"@type":"PropertyValueSpecification","valueRequired":true,"valueName":"search_term_string"}}],"inLanguage":"fr-FR"},{"@type":"Person","@id":"https:\/\/fr.motocrossmag.be\/#\/schema\/person\/11b47143d9f755babca2c9110e03235c","name":"oliviere","image":{"@type":"ImageObject","inLanguage":"fr-FR","@id":"https:\/\/secure.gravatar.com\/avatar\/907069e0b81d119452040469e4a7501da1100f54f7f80180ce77bfab718288f6?s=96&d=mm&r=g","url":"https:\/\/secure.gravatar.com\/avatar\/907069e0b81d119452040469e4a7501da1100f54f7f80180ce77bfab718288f6?s=96&d=mm&r=g","contentUrl":"https:\/\/secure.gravatar.com\/avatar\/907069e0b81d119452040469e4a7501da1100f54f7f80180ce77bfab718288f6?s=96&d=mm&r=g","caption":"oliviere"},"sameAs":["http:\/\/www.motocrossmag.be"],"url":"https:\/\/fr.motocrossmag.be\/index.php\/author\/oliviere\/"}]}},"_links":{"self":[{"href":"https:\/\/fr.motocrossmag.be\/index.php\/wp-json\/wp\/v2\/posts\/64119","targetHints":{"allow":["GET"]}}],"collection":[{"href":"https:\/\/fr.motocrossmag.be\/index.php\/wp-json\/wp\/v2\/posts"}],"about":[{"href":"https:\/\/fr.motocrossmag.be\/index.php\/wp-json\/wp\/v2\/types\/post"}],"author":[{"embeddable":true,"href":"https:\/\/fr.motocrossmag.be\/index.php\/wp-json\/wp\/v2\/users\/932"}],"replies":[{"embeddable":true,"href":"https:\/\/fr.motocrossmag.be\/index.php\/wp-json\/wp\/v2\/comments?post=64119"}],"version-history":[{"count":1,"href":"https:\/\/fr.motocrossmag.be\/index.php\/wp-json\/wp\/v2\/posts\/64119\/revisions"}],"predecessor-version":[{"id":64125,"href":"https:\/\/fr.motocrossmag.be\/index.php\/wp-json\/wp\/v2\/posts\/64119\/revisions\/64125"}],"wp:featuredmedia":[{"embeddable":true,"href":"https:\/\/fr.motocrossmag.be\/index.php\/wp-json\/wp\/v2\/media\/64123"}],"wp:attachment":[{"href":"https:\/\/fr.motocrossmag.be\/index.php\/wp-json\/wp\/v2\/media?parent=64119"}],"wp:term":[{"taxonomy":"category","embeddable":true,"href":"https:\/\/fr.motocrossmag.be\/index.php\/wp-json\/wp\/v2\/categories?post=64119"},{"taxonomy":"post_tag","embeddable":true,"href":"https:\/\/fr.motocrossmag.be\/index.php\/wp-json\/wp\/v2\/tags?post=64119"}],"curies":[{"name":"wp","href":"https:\/\/api.w.org\/{rel}","templated":true}]}}