{"id":6425,"date":"2010-02-22T16:12:53","date_gmt":"2010-02-22T15:12:53","guid":{"rendered":"http:\/\/fr.motocrossmag.be\/?p=6425"},"modified":"2010-02-22T16:12:53","modified_gmt":"2010-02-22T15:12:53","slug":"galerie-photos-mx-international-de-valence","status":"publish","type":"post","link":"https:\/\/fr.motocrossmag.be\/index.php\/2010\/02\/galerie-photos-mx-international-de-valence\/","title":{"rendered":"Galerie photos | MX international de Valence"},"content":{"rendered":"<p>Le motocross international de Valence a tenu toutes ses promesses ce week-end en offrant aux milliers de fans venus voir pour la premi\u00e8re fois leurs h\u00e9ros habill\u00e9s sous leurs nouvelles couleurs des courses dignes de manches de GP. Si Roczen et Cairoli se sont impos\u00e9s, des pilotes comme Ramon, Desalle, Musquin, Barragan, Pourcel ou encore l&rsquo;\u00e9tonnant Steven Frossard ont montr\u00e9 \u00e0\u00a0 Valence qu&rsquo;ils arriveront au premier GP de la saison pr\u00eats \u00e0\u00a0 entamer la lutte pour le titre!<\/p>\n<p>MX international de Valence | Valence &#8211; 13 &amp; 14 f\u00e9vrier 2010<br \/>\nPhotographe: CDS<\/p><div class=\"uwlcz6a98f5825a8a7\" ><!-- \/91277017\/Inline-articles-mobile -->\n<div style=\"margin:auto; text-align:center !important\">\n<div id='div-gpt-ad-1784982661365-0' style='min-width: 250px; min-height: 75px;'>\n  <script>\n    googletag.cmd.push(function() { googletag.display('div-gpt-ad-1784982661365-0'); });\n  <\/script>\n<\/div><\/div><\/div><style type=\"text\/css\">\r\n.uwlcz6a98f5825a8a7 {\r\nmargin-bottom:30px;margin-top:20px\r\n}\r\n@media screen and (min-width: 1201px) {\r\n.uwlcz6a98f5825a8a7 {\r\ndisplay: block;\r\n}\r\n}\r\n@media screen and (min-width: 993px) and (max-width: 1200px) {\r\n.uwlcz6a98f5825a8a7 {\r\ndisplay: block;\r\n}\r\n}\r\n@media screen and (min-width: 769px) and (max-width: 992px) {\r\n.uwlcz6a98f5825a8a7 {\r\ndisplay: block;\r\n}\r\n}\r\n@media screen and (min-width: 768px) and (max-width: 768px) {\r\n.uwlcz6a98f5825a8a7 {\r\ndisplay: block;\r\n}\r\n}\r\n@media screen and (max-width: 767px) {\r\n.uwlcz6a98f5825a8a7 {\r\ndisplay: block;\r\n}\r\n}\r\n<\/style>\r\n\n<p><a rel=\"lightbox dia=1\" href=\"http:\/\/fr.motocrossmag.be\/wp-content\/uploads\/2010\/02\/_ds_3886.jpg\"><img decoding=\"async\" class=\"alignnone size-thumbnail wp-image-6424\" title=\"_ds_3886\" src=\"http:\/\/fr.motocrossmag.be\/wp-content\/uploads\/2010\/02\/_ds_3886-150x150.jpg\" alt=\"\" width=\"150\" height=\"150\" \/><\/a>\u00a0\u00a0 <a rel=\"lightbox dia=1\" href=\"http:\/\/fr.motocrossmag.be\/wp-content\/uploads\/2010\/02\/_ds_3910.jpg\"><img decoding=\"async\" class=\"alignnone size-thumbnail wp-image-6423\" title=\"_ds_3910\" src=\"http:\/\/fr.motocrossmag.be\/wp-content\/uploads\/2010\/02\/_ds_3910-150x150.jpg\" alt=\"\" width=\"150\" height=\"150\" \/><\/a>\u00a0\u00a0 <a rel=\"lightbox dia=1\" href=\"http:\/\/fr.motocrossmag.be\/wp-content\/uploads\/2010\/02\/_ds_3935.jpg\"><img decoding=\"async\" class=\"alignnone size-thumbnail wp-image-6422\" title=\"_ds_3935\" src=\"http:\/\/fr.motocrossmag.be\/wp-content\/uploads\/2010\/02\/_ds_3935-150x150.jpg\" alt=\"\" width=\"150\" height=\"150\" \/><\/a><br \/>\n<a rel=\"lightbox dia=1\" href=\"http:\/\/fr.motocrossmag.be\/wp-content\/uploads\/2010\/02\/_ds_3939.jpg\"><img decoding=\"async\" class=\"alignnone size-thumbnail wp-image-6421\" title=\"_ds_3939\" src=\"http:\/\/fr.motocrossmag.be\/wp-content\/uploads\/2010\/02\/_ds_3939-150x150.jpg\" alt=\"\" width=\"150\" height=\"150\" \/><\/a>\u00a0\u00a0 <a rel=\"lightbox dia=1\" href=\"http:\/\/fr.motocrossmag.be\/wp-content\/uploads\/2010\/02\/_ds_3948.jpg\"><img decoding=\"async\" class=\"alignnone size-thumbnail wp-image-6420\" title=\"_ds_3948\" src=\"http:\/\/fr.motocrossmag.be\/wp-content\/uploads\/2010\/02\/_ds_3948-150x150.jpg\" alt=\"\" width=\"150\" height=\"150\" \/><\/a>\u00a0\u00a0 <a rel=\"lightbox dia=1\" href=\"http:\/\/fr.motocrossmag.be\/wp-content\/uploads\/2010\/02\/_ds_4101.jpg\"><img decoding=\"async\" class=\"alignnone size-thumbnail wp-image-6419\" title=\"_ds_4101\" src=\"http:\/\/fr.motocrossmag.be\/wp-content\/uploads\/2010\/02\/_ds_4101-150x150.jpg\" alt=\"\" width=\"150\" height=\"150\" \/><\/a><br \/>\n<a rel=\"lightbox dia=1\" href=\"http:\/\/fr.motocrossmag.be\/wp-content\/uploads\/2010\/02\/_ds_4114.jpg\"><img decoding=\"async\" class=\"alignnone size-thumbnail wp-image-6418\" title=\"_ds_4114\" src=\"http:\/\/fr.motocrossmag.be\/wp-content\/uploads\/2010\/02\/_ds_4114-150x150.jpg\" alt=\"\" width=\"150\" height=\"150\" \/><\/a>\u00a0\u00a0 <a rel=\"lightbox dia=1\" href=\"http:\/\/fr.motocrossmag.be\/wp-content\/uploads\/2010\/02\/_ds_4238.jpg\"><img decoding=\"async\" class=\"alignnone size-thumbnail wp-image-6417\" title=\"_ds_4238\" src=\"http:\/\/fr.motocrossmag.be\/wp-content\/uploads\/2010\/02\/_ds_4238-150x150.jpg\" alt=\"\" width=\"150\" height=\"150\" \/><\/a>\u00a0\u00a0 <a rel=\"lightbox dia=1\" href=\"http:\/\/fr.motocrossmag.be\/wp-content\/uploads\/2010\/02\/_ds_4254.jpg\"><img decoding=\"async\" class=\"alignnone size-thumbnail wp-image-6416\" title=\"_ds_4254\" src=\"http:\/\/fr.motocrossmag.be\/wp-content\/uploads\/2010\/02\/_ds_4254-150x150.jpg\" alt=\"\" width=\"150\" height=\"150\" \/><\/a><br \/>\n<a rel=\"lightbox dia=1\" href=\"http:\/\/fr.motocrossmag.be\/wp-content\/uploads\/2010\/02\/_ds_4322.jpg\"><img decoding=\"async\" class=\"alignnone size-thumbnail wp-image-6415\" title=\"_ds_4322\" src=\"http:\/\/fr.motocrossmag.be\/wp-content\/uploads\/2010\/02\/_ds_4322-150x150.jpg\" alt=\"\" width=\"150\" height=\"150\" \/><\/a>\u00a0\u00a0 <a rel=\"lightbox dia=1\" href=\"http:\/\/fr.motocrossmag.be\/wp-content\/uploads\/2010\/02\/_ds_4445.jpg\"><img decoding=\"async\" class=\"alignnone size-thumbnail wp-image-6414\" title=\"_ds_4445\" src=\"http:\/\/fr.motocrossmag.be\/wp-content\/uploads\/2010\/02\/_ds_4445-150x150.jpg\" alt=\"\" width=\"150\" height=\"150\" \/><\/a>\u00a0\u00a0 <a rel=\"lightbox dia=1\" href=\"http:\/\/fr.motocrossmag.be\/wp-content\/uploads\/2010\/02\/_ds_4484.jpg\"><img decoding=\"async\" class=\"alignnone size-thumbnail wp-image-6413\" title=\"_ds_4484\" src=\"http:\/\/fr.motocrossmag.be\/wp-content\/uploads\/2010\/02\/_ds_4484-150x150.jpg\" alt=\"\" width=\"150\" height=\"150\" \/><\/a><br \/>\n<a rel=\"lightbox dia=1\" href=\"http:\/\/fr.motocrossmag.be\/wp-content\/uploads\/2010\/02\/_ds_4493.jpg\"><img decoding=\"async\" class=\"alignnone size-thumbnail wp-image-6411\" title=\"_ds_4493\" src=\"http:\/\/fr.motocrossmag.be\/wp-content\/uploads\/2010\/02\/_ds_4493-150x150.jpg\" alt=\"\" width=\"150\" height=\"150\" \/><\/a>\u00a0\u00a0 <a rel=\"lightbox dia=1\" href=\"http:\/\/fr.motocrossmag.be\/wp-content\/uploads\/2010\/02\/_ds_4498.jpg\"><img decoding=\"async\" class=\"alignnone size-thumbnail wp-image-6410\" title=\"_ds_4498\" src=\"http:\/\/fr.motocrossmag.be\/wp-content\/uploads\/2010\/02\/_ds_4498-150x150.jpg\" alt=\"\" width=\"150\" height=\"150\" \/><\/a>\u00a0\u00a0 <a rel=\"lightbox dia=1\" href=\"http:\/\/fr.motocrossmag.be\/wp-content\/uploads\/2010\/02\/_ds_4563.jpg\"><img decoding=\"async\" class=\"alignnone size-thumbnail wp-image-6409\" title=\"_ds_4563\" src=\"http:\/\/fr.motocrossmag.be\/wp-content\/uploads\/2010\/02\/_ds_4563-150x150.jpg\" alt=\"\" width=\"150\" height=\"150\" \/><\/a><br \/>\n<a rel=\"lightbox dia=1\" href=\"http:\/\/fr.motocrossmag.be\/wp-content\/uploads\/2010\/02\/_ds_4718.jpg\"><img decoding=\"async\" class=\"alignnone size-thumbnail wp-image-6408\" title=\"_ds_4718\" src=\"http:\/\/fr.motocrossmag.be\/wp-content\/uploads\/2010\/02\/_ds_4718-150x150.jpg\" alt=\"\" width=\"150\" height=\"150\" \/><\/a>\u00a0\u00a0 <a rel=\"lightbox dia=1\" href=\"http:\/\/fr.motocrossmag.be\/wp-content\/uploads\/2010\/02\/_ds_4797.jpg\"><img decoding=\"async\" class=\"alignnone size-thumbnail wp-image-6407\" title=\"_ds_4797\" src=\"http:\/\/fr.motocrossmag.be\/wp-content\/uploads\/2010\/02\/_ds_4797-150x150.jpg\" alt=\"\" width=\"150\" height=\"150\" \/><\/a>\u00a0\u00a0 <a rel=\"lightbox dia=1\" href=\"http:\/\/fr.motocrossmag.be\/wp-content\/uploads\/2010\/02\/_ds_4872.jpg\"><img decoding=\"async\" class=\"alignnone size-thumbnail wp-image-6406\" title=\"_ds_4872\" src=\"http:\/\/fr.motocrossmag.be\/wp-content\/uploads\/2010\/02\/_ds_4872-150x150.jpg\" alt=\"\" width=\"150\" height=\"150\" \/><\/a><br \/>\n<a rel=\"lightbox dia=1\" href=\"http:\/\/fr.motocrossmag.be\/wp-content\/uploads\/2010\/02\/_ds_4895.jpg\"><img decoding=\"async\" class=\"alignnone size-thumbnail wp-image-6405\" title=\"_ds_4895\" src=\"http:\/\/fr.motocrossmag.be\/wp-content\/uploads\/2010\/02\/_ds_4895-150x150.jpg\" alt=\"\" width=\"150\" height=\"150\" \/><\/a>\u00a0\u00a0 <a rel=\"lightbox dia=1\" href=\"http:\/\/fr.motocrossmag.be\/wp-content\/uploads\/2010\/02\/_ds_4911.jpg\"><img decoding=\"async\" class=\"alignnone size-thumbnail wp-image-6404\" title=\"_ds_4911\" src=\"http:\/\/fr.motocrossmag.be\/wp-content\/uploads\/2010\/02\/_ds_4911-150x150.jpg\" alt=\"\" width=\"150\" height=\"150\" \/><\/a>\u00a0\u00a0 <a rel=\"lightbox dia=1\" href=\"http:\/\/fr.motocrossmag.be\/wp-content\/uploads\/2010\/02\/_ds_4965.jpg\"><img decoding=\"async\" class=\"alignnone size-thumbnail wp-image-6403\" title=\"_ds_4965\" src=\"http:\/\/fr.motocrossmag.be\/wp-content\/uploads\/2010\/02\/_ds_4965-150x150.jpg\" alt=\"\" width=\"150\" height=\"150\" \/><\/a><br \/>\n<a rel=\"lightbox dia=1\" href=\"http:\/\/fr.motocrossmag.be\/wp-content\/uploads\/2010\/02\/_ds_5103.jpg\"><img decoding=\"async\" class=\"alignnone size-thumbnail wp-image-6402\" title=\"_ds_5103\" src=\"http:\/\/fr.motocrossmag.be\/wp-content\/uploads\/2010\/02\/_ds_5103-150x150.jpg\" alt=\"\" width=\"150\" height=\"150\" \/><\/a>\u00a0\u00a0 <a rel=\"lightbox dia=1\" href=\"http:\/\/fr.motocrossmag.be\/wp-content\/uploads\/2010\/02\/_ds_5106.jpg\"><img decoding=\"async\" class=\"alignnone size-thumbnail wp-image-6401\" title=\"_ds_5106\" src=\"http:\/\/fr.motocrossmag.be\/wp-content\/uploads\/2010\/02\/_ds_5106-150x150.jpg\" alt=\"\" width=\"150\" height=\"150\" \/><\/a>\u00a0\u00a0 <a rel=\"lightbox dia=1\" href=\"http:\/\/fr.motocrossmag.be\/wp-content\/uploads\/2010\/02\/_ds_5118.jpg\"><img decoding=\"async\" class=\"alignnone size-thumbnail wp-image-6400\" title=\"_ds_5118\" src=\"http:\/\/fr.motocrossmag.be\/wp-content\/uploads\/2010\/02\/_ds_5118-150x150.jpg\" alt=\"\" width=\"150\" height=\"150\" \/><\/a><br \/>\n<a rel=\"lightbox dia=1\" href=\"http:\/\/fr.motocrossmag.be\/wp-content\/uploads\/2010\/02\/_ds_5140.jpg\"><img decoding=\"async\" class=\"alignnone size-thumbnail wp-image-6399\" title=\"_ds_5140\" src=\"http:\/\/fr.motocrossmag.be\/wp-content\/uploads\/2010\/02\/_ds_5140-150x150.jpg\" alt=\"\" width=\"150\" height=\"150\" \/><\/a>\u00a0\u00a0 <a rel=\"lightbox dia=1\" href=\"http:\/\/fr.motocrossmag.be\/wp-content\/uploads\/2010\/02\/_ds_5143.jpg\"><img decoding=\"async\" class=\"alignnone size-thumbnail wp-image-6398\" title=\"_ds_5143\" src=\"http:\/\/fr.motocrossmag.be\/wp-content\/uploads\/2010\/02\/_ds_5143-150x150.jpg\" alt=\"\" width=\"150\" height=\"150\" \/><\/a>\u00a0\u00a0 <a rel=\"lightbox dia=1\" href=\"http:\/\/fr.motocrossmag.be\/wp-content\/uploads\/2010\/02\/_ds_5251.jpg\"><img decoding=\"async\" class=\"alignnone size-thumbnail wp-image-6397\" title=\"_ds_5251\" src=\"http:\/\/fr.motocrossmag.be\/wp-content\/uploads\/2010\/02\/_ds_5251-150x150.jpg\" alt=\"\" width=\"150\" height=\"150\" \/><\/a><br \/>\n<a rel=\"lightbox dia=1\" href=\"http:\/\/fr.motocrossmag.be\/wp-content\/uploads\/2010\/02\/_ds_5265.jpg\"><img decoding=\"async\" class=\"alignnone size-thumbnail wp-image-6396\" title=\"_ds_5265\" src=\"http:\/\/fr.motocrossmag.be\/wp-content\/uploads\/2010\/02\/_ds_5265-150x150.jpg\" alt=\"\" width=\"150\" height=\"150\" \/><\/a>\u00a0\u00a0 <a rel=\"lightbox dia=1\" href=\"http:\/\/fr.motocrossmag.be\/wp-content\/uploads\/2010\/02\/_ds_5301.jpg\"><img decoding=\"async\" class=\"alignnone size-thumbnail wp-image-6395\" title=\"_ds_5301\" src=\"http:\/\/fr.motocrossmag.be\/wp-content\/uploads\/2010\/02\/_ds_5301-150x150.jpg\" alt=\"\" width=\"150\" height=\"150\" \/><\/a>\u00a0\u00a0 <a rel=\"lightbox dia=1\" href=\"http:\/\/fr.motocrossmag.be\/wp-content\/uploads\/2010\/02\/_ds_5316.jpg\"><img decoding=\"async\" class=\"alignnone size-thumbnail wp-image-6394\" title=\"_ds_5316\" src=\"http:\/\/fr.motocrossmag.be\/wp-content\/uploads\/2010\/02\/_ds_5316-150x150.jpg\" alt=\"\" width=\"150\" height=\"150\" \/><\/a><br \/>\n<a rel=\"lightbox dia=1\" href=\"http:\/\/fr.motocrossmag.be\/wp-content\/uploads\/2010\/02\/_ds_5339.jpg\"><img decoding=\"async\" class=\"alignnone size-thumbnail wp-image-6393\" title=\"_ds_5339\" src=\"http:\/\/fr.motocrossmag.be\/wp-content\/uploads\/2010\/02\/_ds_5339-150x150.jpg\" alt=\"\" width=\"150\" height=\"150\" \/><\/a>\u00a0\u00a0 <a rel=\"lightbox dia=1\" href=\"http:\/\/fr.motocrossmag.be\/wp-content\/uploads\/2010\/02\/_ds_5347.jpg\"><img decoding=\"async\" class=\"alignnone size-thumbnail wp-image-6392\" title=\"_ds_5347\" src=\"http:\/\/fr.motocrossmag.be\/wp-content\/uploads\/2010\/02\/_ds_5347-150x150.jpg\" alt=\"\" width=\"150\" height=\"150\" \/><\/a>\u00a0\u00a0 <a rel=\"lightbox dia=1\" href=\"http:\/\/fr.motocrossmag.be\/wp-content\/uploads\/2010\/02\/_ds_5415.jpg\"><img decoding=\"async\" class=\"alignnone size-thumbnail wp-image-6391\" title=\"_ds_5415\" src=\"http:\/\/fr.motocrossmag.be\/wp-content\/uploads\/2010\/02\/_ds_5415-150x150.jpg\" alt=\"\" width=\"150\" height=\"150\" \/><\/a><br \/>\n<a rel=\"lightbox dia=1\" href=\"http:\/\/fr.motocrossmag.be\/wp-content\/uploads\/2010\/02\/_ds_5489.jpg\"><img decoding=\"async\" class=\"alignnone size-thumbnail wp-image-6390\" title=\"_ds_5489\" src=\"http:\/\/fr.motocrossmag.be\/wp-content\/uploads\/2010\/02\/_ds_5489-150x150.jpg\" alt=\"\" width=\"150\" height=\"150\" \/><\/a>\u00a0\u00a0 <a rel=\"lightbox dia=1\" href=\"http:\/\/fr.motocrossmag.be\/wp-content\/uploads\/2010\/02\/_ds_5510.jpg\"><img decoding=\"async\" class=\"alignnone size-thumbnail wp-image-6389\" title=\"_ds_5510\" src=\"http:\/\/fr.motocrossmag.be\/wp-content\/uploads\/2010\/02\/_ds_5510-150x150.jpg\" alt=\"\" width=\"150\" height=\"150\" \/><\/a>\u00a0\u00a0 <a rel=\"lightbox dia=1\" href=\"http:\/\/fr.motocrossmag.be\/wp-content\/uploads\/2010\/02\/_ds_5537.jpg\"><img decoding=\"async\" class=\"alignnone size-thumbnail wp-image-6388\" title=\"_ds_5537\" src=\"http:\/\/fr.motocrossmag.be\/wp-content\/uploads\/2010\/02\/_ds_5537-150x150.jpg\" alt=\"\" width=\"150\" height=\"150\" \/><\/a><br \/>\n<a rel=\"lightbox dia=1\" href=\"http:\/\/fr.motocrossmag.be\/wp-content\/uploads\/2010\/02\/_ds_5660.jpg\"><img decoding=\"async\" class=\"alignnone size-thumbnail wp-image-6387\" title=\"_ds_5660\" src=\"http:\/\/fr.motocrossmag.be\/wp-content\/uploads\/2010\/02\/_ds_5660-150x150.jpg\" alt=\"\" width=\"150\" height=\"150\" \/><\/a>\u00a0\u00a0 <a rel=\"lightbox dia=1\" href=\"http:\/\/fr.motocrossmag.be\/wp-content\/uploads\/2010\/02\/_ds_5703.jpg\"><img decoding=\"async\" class=\"alignnone size-thumbnail wp-image-6386\" title=\"_ds_5703\" src=\"http:\/\/fr.motocrossmag.be\/wp-content\/uploads\/2010\/02\/_ds_5703-150x150.jpg\" alt=\"\" width=\"150\" height=\"150\" \/><\/a>\u00a0\u00a0 <a rel=\"lightbox dia=1\" href=\"http:\/\/fr.motocrossmag.be\/wp-content\/uploads\/2010\/02\/_ds_5804.jpg\"><img decoding=\"async\" class=\"alignnone size-thumbnail wp-image-6385\" title=\"_ds_5804\" src=\"http:\/\/fr.motocrossmag.be\/wp-content\/uploads\/2010\/02\/_ds_5804-150x150.jpg\" alt=\"\" width=\"150\" height=\"150\" \/><\/a><br \/>\n<a rel=\"lightbox dia=1\" href=\"http:\/\/fr.motocrossmag.be\/wp-content\/uploads\/2010\/02\/_ds_5900.jpg\"><img decoding=\"async\" class=\"alignnone size-thumbnail wp-image-6384\" title=\"_ds_5900\" src=\"http:\/\/fr.motocrossmag.be\/wp-content\/uploads\/2010\/02\/_ds_5900-150x150.jpg\" alt=\"\" width=\"150\" height=\"150\" \/><\/a>\u00a0\u00a0 <a rel=\"lightbox dia=1\" href=\"http:\/\/fr.motocrossmag.be\/wp-content\/uploads\/2010\/02\/_ds_5913.jpg\"><img decoding=\"async\" class=\"alignnone size-thumbnail wp-image-6383\" title=\"_ds_5913\" src=\"http:\/\/fr.motocrossmag.be\/wp-content\/uploads\/2010\/02\/_ds_5913-150x150.jpg\" alt=\"\" width=\"150\" height=\"150\" \/><\/a>\u00a0\u00a0 <a rel=\"lightbox dia=1\" href=\"http:\/\/fr.motocrossmag.be\/wp-content\/uploads\/2010\/02\/_v7m1906.jpg\"><img decoding=\"async\" class=\"alignnone size-thumbnail wp-image-6382\" title=\"_v7m1906\" src=\"http:\/\/fr.motocrossmag.be\/wp-content\/uploads\/2010\/02\/_v7m1906-150x150.jpg\" alt=\"\" width=\"150\" height=\"150\" \/><\/a><br \/>\n<a rel=\"lightbox dia=1\" href=\"http:\/\/fr.motocrossmag.be\/wp-content\/uploads\/2010\/02\/_v7m2033.jpg\"><img decoding=\"async\" class=\"alignnone size-thumbnail wp-image-6381\" title=\"_v7m2033\" src=\"http:\/\/fr.motocrossmag.be\/wp-content\/uploads\/2010\/02\/_v7m2033-150x150.jpg\" alt=\"\" width=\"150\" height=\"150\" \/><\/a>\u00a0\u00a0 <a rel=\"lightbox dia=1\" href=\"http:\/\/fr.motocrossmag.be\/wp-content\/uploads\/2010\/02\/_v7m2344.jpg\"><img decoding=\"async\" class=\"alignnone size-thumbnail wp-image-6380\" title=\"_v7m2344\" src=\"http:\/\/fr.motocrossmag.be\/wp-content\/uploads\/2010\/02\/_v7m2344-150x150.jpg\" alt=\"\" width=\"150\" height=\"150\" \/><\/a>\u00a0\u00a0 <a rel=\"lightbox dia=1\" href=\"http:\/\/fr.motocrossmag.be\/wp-content\/uploads\/2010\/02\/_v7m2537.jpg\"><img decoding=\"async\" class=\"alignnone size-thumbnail wp-image-6379\" title=\"_v7m2537\" src=\"http:\/\/fr.motocrossmag.be\/wp-content\/uploads\/2010\/02\/_v7m2537-150x150.jpg\" alt=\"\" width=\"150\" height=\"150\" \/><\/a><br \/>\n<a rel=\"lightbox dia=1\" href=\"http:\/\/fr.motocrossmag.be\/wp-content\/uploads\/2010\/02\/_v7m2558.jpg\"><img decoding=\"async\" class=\"alignnone size-thumbnail wp-image-6377\" title=\"_v7m2558\" src=\"http:\/\/fr.motocrossmag.be\/wp-content\/uploads\/2010\/02\/_v7m2558-150x150.jpg\" alt=\"\" width=\"150\" height=\"150\" \/><\/a>\u00a0\u00a0 <a rel=\"lightbox dia=1\" href=\"http:\/\/fr.motocrossmag.be\/wp-content\/uploads\/2010\/02\/_v7m2561.jpg\"><img decoding=\"async\" class=\"alignnone size-thumbnail wp-image-6376\" title=\"_v7m2561\" src=\"http:\/\/fr.motocrossmag.be\/wp-content\/uploads\/2010\/02\/_v7m2561-150x150.jpg\" alt=\"\" width=\"150\" height=\"150\" \/><\/a>\u00a0\u00a0 <a rel=\"lightbox dia=1\" href=\"http:\/\/fr.motocrossmag.be\/wp-content\/uploads\/2010\/02\/_v7m2567.jpg\"><img decoding=\"async\" class=\"alignnone size-thumbnail wp-image-6375\" title=\"_v7m2567\" src=\"http:\/\/fr.motocrossmag.be\/wp-content\/uploads\/2010\/02\/_v7m2567-150x150.jpg\" alt=\"\" width=\"150\" height=\"150\" \/><\/a><br \/>\n<a rel=\"lightbox dia=1\" href=\"http:\/\/fr.motocrossmag.be\/wp-content\/uploads\/2010\/02\/_v7m2786.jpg\"><img decoding=\"async\" class=\"alignnone size-thumbnail wp-image-6373\" title=\"_v7m2786\" src=\"http:\/\/fr.motocrossmag.be\/wp-content\/uploads\/2010\/02\/_v7m2786-150x150.jpg\" alt=\"\" width=\"150\" height=\"150\" \/><\/a>\u00a0\u00a0 <a rel=\"lightbox dia=1\" href=\"http:\/\/fr.motocrossmag.be\/wp-content\/uploads\/2010\/02\/_v7m2847.jpg\"><img decoding=\"async\" class=\"alignnone size-thumbnail wp-image-6372\" title=\"_v7m2847\" src=\"http:\/\/fr.motocrossmag.be\/wp-content\/uploads\/2010\/02\/_v7m2847-150x150.jpg\" alt=\"\" width=\"150\" height=\"150\" \/><\/a>\u00a0\u00a0 <a rel=\"lightbox dia=1\" href=\"http:\/\/fr.motocrossmag.be\/wp-content\/uploads\/2010\/02\/_v7m2870.jpg\"><img decoding=\"async\" class=\"alignnone size-thumbnail wp-image-6371\" title=\"_v7m2870\" src=\"http:\/\/fr.motocrossmag.be\/wp-content\/uploads\/2010\/02\/_v7m2870-150x150.jpg\" alt=\"\" width=\"150\" height=\"150\" \/><\/a><br \/>\n<a rel=\"lightbox dia=1\" href=\"http:\/\/fr.motocrossmag.be\/wp-content\/uploads\/2010\/02\/_v7m2885.jpg\"><img decoding=\"async\" class=\"alignnone size-thumbnail wp-image-6370\" title=\"_v7m2885\" src=\"http:\/\/fr.motocrossmag.be\/wp-content\/uploads\/2010\/02\/_v7m2885-150x150.jpg\" alt=\"\" width=\"150\" height=\"150\" \/><\/a>\u00a0\u00a0 <a rel=\"lightbox dia=1\" href=\"http:\/\/fr.motocrossmag.be\/wp-content\/uploads\/2010\/02\/_v7m2890.jpg\"><img decoding=\"async\" class=\"alignnone size-thumbnail wp-image-6369\" title=\"_v7m2890\" src=\"http:\/\/fr.motocrossmag.be\/wp-content\/uploads\/2010\/02\/_v7m2890-150x150.jpg\" alt=\"\" width=\"150\" height=\"150\" \/><\/a>\u00a0\u00a0 <a rel=\"lightbox dia=1\" href=\"http:\/\/fr.motocrossmag.be\/wp-content\/uploads\/2010\/02\/_v7m2979.jpg\"><img decoding=\"async\" class=\"alignnone size-thumbnail wp-image-6368\" title=\"_v7m2979\" src=\"http:\/\/fr.motocrossmag.be\/wp-content\/uploads\/2010\/02\/_v7m2979-150x150.jpg\" alt=\"\" width=\"150\" height=\"150\" \/><\/a><br \/>\n<a rel=\"lightbox dia=1\" href=\"http:\/\/fr.motocrossmag.be\/wp-content\/uploads\/2010\/02\/_v7m3008.jpg\"><img decoding=\"async\" class=\"alignnone size-thumbnail wp-image-6367\" title=\"_v7m3008\" src=\"http:\/\/fr.motocrossmag.be\/wp-content\/uploads\/2010\/02\/_v7m3008-150x150.jpg\" alt=\"\" width=\"150\" height=\"150\" \/><\/a>\u00a0\u00a0 <a rel=\"lightbox dia=1\" href=\"http:\/\/fr.motocrossmag.be\/wp-content\/uploads\/2010\/02\/_v7m3072.jpg\"><img decoding=\"async\" class=\"alignnone size-thumbnail wp-image-6365\" title=\"_v7m3072\" src=\"http:\/\/fr.motocrossmag.be\/wp-content\/uploads\/2010\/02\/_v7m3072-150x150.jpg\" alt=\"\" width=\"150\" height=\"150\" \/><\/a>\u00a0\u00a0 <a rel=\"lightbox dia=1\" href=\"http:\/\/fr.motocrossmag.be\/wp-content\/uploads\/2010\/02\/_v7m3122.jpg\"><img decoding=\"async\" class=\"alignnone size-thumbnail wp-image-6364\" title=\"_v7m3122\" src=\"http:\/\/fr.motocrossmag.be\/wp-content\/uploads\/2010\/02\/_v7m3122-150x150.jpg\" alt=\"\" width=\"150\" height=\"150\" \/><\/a><br \/>\n<a rel=\"lightbox dia=1\" href=\"http:\/\/fr.motocrossmag.be\/wp-content\/uploads\/2010\/02\/_v7m3194.jpg\"><img decoding=\"async\" class=\"alignnone size-thumbnail wp-image-6363\" title=\"_v7m3194\" src=\"http:\/\/fr.motocrossmag.be\/wp-content\/uploads\/2010\/02\/_v7m3194-150x150.jpg\" alt=\"\" width=\"150\" height=\"150\" \/><\/a>\u00a0\u00a0\u00a0<a rel=\"lightbox dia=1\" href=\"http:\/\/fr.motocrossmag.be\/wp-content\/uploads\/2010\/02\/_v7m2734.jpg\"><img decoding=\"async\" class=\"alignnone size-thumbnail wp-image-6361\" title=\"_v7m2734\" src=\"http:\/\/fr.motocrossmag.be\/wp-content\/uploads\/2010\/02\/_v7m2734-150x150.jpg\" alt=\"\" width=\"150\" height=\"150\" \/><\/a>\u00a0\u00a0 <a rel=\"lightbox dia=1\" href=\"http:\/\/fr.motocrossmag.be\/wp-content\/uploads\/2010\/02\/_v7m3336.jpg\"><img decoding=\"async\" class=\"alignnone size-thumbnail wp-image-6358\" title=\"_v7m3336\" src=\"http:\/\/fr.motocrossmag.be\/wp-content\/uploads\/2010\/02\/_v7m3336-150x150.jpg\" alt=\"\" width=\"150\" height=\"150\" \/><\/a><br \/>\n<a rel=\"lightbox dia=1\" href=\"http:\/\/fr.motocrossmag.be\/wp-content\/uploads\/2010\/02\/_v7m3236.jpg\"><img decoding=\"async\" class=\"alignnone size-thumbnail wp-image-6360\" title=\"_v7m3236\" src=\"http:\/\/fr.motocrossmag.be\/wp-content\/uploads\/2010\/02\/_v7m3236-150x150.jpg\" alt=\"\" width=\"150\" height=\"150\" \/><\/a>\u00a0\u00a0\u00a0<a rel=\"lightbox dia=1\" href=\"http:\/\/fr.motocrossmag.be\/wp-content\/uploads\/2010\/02\/_v7m3457.jpg\"><img decoding=\"async\" class=\"alignnone size-thumbnail wp-image-6357\" title=\"_v7m3457\" src=\"http:\/\/fr.motocrossmag.be\/wp-content\/uploads\/2010\/02\/_v7m3457-150x150.jpg\" alt=\"\" width=\"150\" height=\"150\" \/><\/a>\u00a0\u00a0 <a rel=\"lightbox dia=1\" href=\"http:\/\/fr.motocrossmag.be\/wp-content\/uploads\/2010\/02\/_v7m3460.jpg\"><img decoding=\"async\" class=\"alignnone size-thumbnail wp-image-6356\" title=\"_v7m3460\" src=\"http:\/\/fr.motocrossmag.be\/wp-content\/uploads\/2010\/02\/_v7m3460-150x150.jpg\" alt=\"\" width=\"150\" height=\"150\" \/><\/a><\/p>\n","protected":false},"excerpt":{"rendered":"<p>Le motocross international de Valence a tenu toutes ses promesses ce week-end en offrant aux milliers de fans venus voir pour la premi\u00e8re fois leurs h\u00e9ros habill\u00e9s sous leurs nouvelles couleurs des courses dignes de manches de GP. Si Roczen et Cairoli se sont impos\u00e9s, des pilotes comme Ramon, Desalle, Musquin, Barragan, Pourcel ou encore [&hellip;]<\/p>\n","protected":false},"author":932,"featured_media":0,"comment_status":"open","ping_status":"closed","sticky":false,"template":"","format":"standard","meta":{"tdm_status":"","tdm_grid_status":"","footnotes":""},"categories":[66,65],"tags":[],"class_list":["post-6425","post","type-post","status-publish","format-standard","category-photos","category-slideshow"],"yoast_head":"<!-- This site is optimized with the Yoast SEO plugin v28.4 - https:\/\/yoast.com\/product\/yoast-seo-wordpress\/ -->\n<title>Galerie photos | MX international de Valence - Motocross - Enduro - Supermoto | MotocrossMag<\/title>\n<meta name=\"robots\" content=\"index, follow, max-snippet:-1, max-image-preview:large, max-video-preview:-1\" \/>\n<link rel=\"canonical\" href=\"https:\/\/fr.motocrossmag.be\/index.php\/2010\/02\/galerie-photos-mx-international-de-valence\/\" \/>\n<meta property=\"og:locale\" content=\"fr_FR\" \/>\n<meta property=\"og:type\" content=\"article\" \/>\n<meta property=\"og:title\" content=\"Galerie photos | MX international de Valence - Motocross - Enduro - Supermoto | MotocrossMag\" \/>\n<meta property=\"og:description\" content=\"Le motocross international de Valence a tenu toutes ses promesses ce week-end en offrant aux milliers de fans venus voir pour la premi\u00e8re fois leurs h\u00e9ros habill\u00e9s sous leurs nouvelles couleurs des courses dignes de manches de GP. Si Roczen et Cairoli se sont impos\u00e9s, des pilotes comme Ramon, Desalle, Musquin, Barragan, Pourcel ou encore [&hellip;]\" \/>\n<meta property=\"og:url\" content=\"https:\/\/fr.motocrossmag.be\/index.php\/2010\/02\/galerie-photos-mx-international-de-valence\/\" \/>\n<meta property=\"og:site_name\" content=\"Motocross - Enduro - Supermoto | MotocrossMag\" \/>\n<meta property=\"article:published_time\" content=\"2010-02-22T15:12:53+00:00\" \/>\n<meta property=\"og:image\" content=\"http:\/\/fr.motocrossmag.be\/wp-content\/uploads\/2010\/02\/_ds_3886-150x150.jpg\" \/>\n<meta name=\"author\" content=\"oliviere\" \/>\n<meta name=\"twitter:card\" content=\"summary_large_image\" \/>\n<meta name=\"twitter:label1\" content=\"\u00c9crit par\" \/>\n\t<meta name=\"twitter:data1\" content=\"oliviere\" \/>\n<script type=\"application\/ld+json\" class=\"yoast-schema-graph\">{\"@context\":\"https:\\\/\\\/schema.org\",\"@graph\":[{\"@type\":\"Article\",\"@id\":\"https:\\\/\\\/fr.motocrossmag.be\\\/index.php\\\/2010\\\/02\\\/galerie-photos-mx-international-de-valence\\\/#article\",\"isPartOf\":{\"@id\":\"https:\\\/\\\/fr.motocrossmag.be\\\/index.php\\\/2010\\\/02\\\/galerie-photos-mx-international-de-valence\\\/\"},\"author\":{\"name\":\"oliviere\",\"@id\":\"https:\\\/\\\/fr.motocrossmag.be\\\/#\\\/schema\\\/person\\\/11b47143d9f755babca2c9110e03235c\"},\"headline\":\"Galerie photos | MX international de Valence\",\"datePublished\":\"2010-02-22T15:12:53+00:00\",\"mainEntityOfPage\":{\"@id\":\"https:\\\/\\\/fr.motocrossmag.be\\\/index.php\\\/2010\\\/02\\\/galerie-photos-mx-international-de-valence\\\/\"},\"wordCount\":100,\"commentCount\":0,\"image\":{\"@id\":\"https:\\\/\\\/fr.motocrossmag.be\\\/index.php\\\/2010\\\/02\\\/galerie-photos-mx-international-de-valence\\\/#primaryimage\"},\"thumbnailUrl\":\"http:\\\/\\\/fr.motocrossmag.be\\\/wp-content\\\/uploads\\\/2010\\\/02\\\/_ds_3886-150x150.jpg\",\"articleSection\":[\"Photos\",\"Slideshow\"],\"inLanguage\":\"fr-FR\",\"potentialAction\":[{\"@type\":\"CommentAction\",\"name\":\"Comment\",\"target\":[\"https:\\\/\\\/fr.motocrossmag.be\\\/index.php\\\/2010\\\/02\\\/galerie-photos-mx-international-de-valence\\\/#respond\"]}]},{\"@type\":\"WebPage\",\"@id\":\"https:\\\/\\\/fr.motocrossmag.be\\\/index.php\\\/2010\\\/02\\\/galerie-photos-mx-international-de-valence\\\/\",\"url\":\"https:\\\/\\\/fr.motocrossmag.be\\\/index.php\\\/2010\\\/02\\\/galerie-photos-mx-international-de-valence\\\/\",\"name\":\"Galerie photos | MX international de Valence - Motocross - Enduro - Supermoto | MotocrossMag\",\"isPartOf\":{\"@id\":\"https:\\\/\\\/fr.motocrossmag.be\\\/#website\"},\"primaryImageOfPage\":{\"@id\":\"https:\\\/\\\/fr.motocrossmag.be\\\/index.php\\\/2010\\\/02\\\/galerie-photos-mx-international-de-valence\\\/#primaryimage\"},\"image\":{\"@id\":\"https:\\\/\\\/fr.motocrossmag.be\\\/index.php\\\/2010\\\/02\\\/galerie-photos-mx-international-de-valence\\\/#primaryimage\"},\"thumbnailUrl\":\"http:\\\/\\\/fr.motocrossmag.be\\\/wp-content\\\/uploads\\\/2010\\\/02\\\/_ds_3886-150x150.jpg\",\"datePublished\":\"2010-02-22T15:12:53+00:00\",\"author\":{\"@id\":\"https:\\\/\\\/fr.motocrossmag.be\\\/#\\\/schema\\\/person\\\/11b47143d9f755babca2c9110e03235c\"},\"breadcrumb\":{\"@id\":\"https:\\\/\\\/fr.motocrossmag.be\\\/index.php\\\/2010\\\/02\\\/galerie-photos-mx-international-de-valence\\\/#breadcrumb\"},\"inLanguage\":\"fr-FR\",\"potentialAction\":[{\"@type\":\"ReadAction\",\"target\":[\"https:\\\/\\\/fr.motocrossmag.be\\\/index.php\\\/2010\\\/02\\\/galerie-photos-mx-international-de-valence\\\/\"]}]},{\"@type\":\"ImageObject\",\"inLanguage\":\"fr-FR\",\"@id\":\"https:\\\/\\\/fr.motocrossmag.be\\\/index.php\\\/2010\\\/02\\\/galerie-photos-mx-international-de-valence\\\/#primaryimage\",\"url\":\"https:\\\/\\\/fr.motocrossmag.be\\\/wp-content\\\/uploads\\\/2010\\\/02\\\/_ds_3886.jpg\",\"contentUrl\":\"https:\\\/\\\/fr.motocrossmag.be\\\/wp-content\\\/uploads\\\/2010\\\/02\\\/_ds_3886.jpg\",\"width\":800,\"height\":533},{\"@type\":\"BreadcrumbList\",\"@id\":\"https:\\\/\\\/fr.motocrossmag.be\\\/index.php\\\/2010\\\/02\\\/galerie-photos-mx-international-de-valence\\\/#breadcrumb\",\"itemListElement\":[{\"@type\":\"ListItem\",\"position\":1,\"name\":\"Accueil\",\"item\":\"https:\\\/\\\/fr.motocrossmag.be\\\/\"},{\"@type\":\"ListItem\",\"position\":2,\"name\":\"Galerie photos | MX international de Valence\"}]},{\"@type\":\"WebSite\",\"@id\":\"https:\\\/\\\/fr.motocrossmag.be\\\/#website\",\"url\":\"https:\\\/\\\/fr.motocrossmag.be\\\/\",\"name\":\"Motocross - Enduro - Supermoto | MotocrossMag\",\"description\":\"L&#039;actualit\u00e9 du motocross, de l&#039;enduro et du Supermoto en ligne!\",\"potentialAction\":[{\"@type\":\"SearchAction\",\"target\":{\"@type\":\"EntryPoint\",\"urlTemplate\":\"https:\\\/\\\/fr.motocrossmag.be\\\/?s={search_term_string}\"},\"query-input\":{\"@type\":\"PropertyValueSpecification\",\"valueRequired\":true,\"valueName\":\"search_term_string\"}}],\"inLanguage\":\"fr-FR\"},{\"@type\":\"Person\",\"@id\":\"https:\\\/\\\/fr.motocrossmag.be\\\/#\\\/schema\\\/person\\\/11b47143d9f755babca2c9110e03235c\",\"name\":\"oliviere\",\"image\":{\"@type\":\"ImageObject\",\"inLanguage\":\"fr-FR\",\"@id\":\"https:\\\/\\\/secure.gravatar.com\\\/avatar\\\/907069e0b81d119452040469e4a7501da1100f54f7f80180ce77bfab718288f6?s=96&d=mm&r=g\",\"url\":\"https:\\\/\\\/secure.gravatar.com\\\/avatar\\\/907069e0b81d119452040469e4a7501da1100f54f7f80180ce77bfab718288f6?s=96&d=mm&r=g\",\"contentUrl\":\"https:\\\/\\\/secure.gravatar.com\\\/avatar\\\/907069e0b81d119452040469e4a7501da1100f54f7f80180ce77bfab718288f6?s=96&d=mm&r=g\",\"caption\":\"oliviere\"},\"sameAs\":[\"http:\\\/\\\/www.motocrossmag.be\"],\"url\":\"https:\\\/\\\/fr.motocrossmag.be\\\/index.php\\\/author\\\/oliviere\\\/\"}]}<\/script>\n<!-- \/ Yoast SEO plugin. -->","yoast_head_json":{"title":"Galerie photos | MX international de Valence - Motocross - Enduro - Supermoto | MotocrossMag","robots":{"index":"index","follow":"follow","max-snippet":"max-snippet:-1","max-image-preview":"max-image-preview:large","max-video-preview":"max-video-preview:-1"},"canonical":"https:\/\/fr.motocrossmag.be\/index.php\/2010\/02\/galerie-photos-mx-international-de-valence\/","og_locale":"fr_FR","og_type":"article","og_title":"Galerie photos | MX international de Valence - Motocross - Enduro - Supermoto | MotocrossMag","og_description":"Le motocross international de Valence a tenu toutes ses promesses ce week-end en offrant aux milliers de fans venus voir pour la premi\u00e8re fois leurs h\u00e9ros habill\u00e9s sous leurs nouvelles couleurs des courses dignes de manches de GP. Si Roczen et Cairoli se sont impos\u00e9s, des pilotes comme Ramon, Desalle, Musquin, Barragan, Pourcel ou encore [&hellip;]","og_url":"https:\/\/fr.motocrossmag.be\/index.php\/2010\/02\/galerie-photos-mx-international-de-valence\/","og_site_name":"Motocross - Enduro - Supermoto | MotocrossMag","article_published_time":"2010-02-22T15:12:53+00:00","og_image":[{"url":"http:\/\/fr.motocrossmag.be\/wp-content\/uploads\/2010\/02\/_ds_3886-150x150.jpg","type":"","width":"","height":""}],"author":"oliviere","twitter_card":"summary_large_image","twitter_misc":{"\u00c9crit par":"oliviere"},"schema":{"@context":"https:\/\/schema.org","@graph":[{"@type":"Article","@id":"https:\/\/fr.motocrossmag.be\/index.php\/2010\/02\/galerie-photos-mx-international-de-valence\/#article","isPartOf":{"@id":"https:\/\/fr.motocrossmag.be\/index.php\/2010\/02\/galerie-photos-mx-international-de-valence\/"},"author":{"name":"oliviere","@id":"https:\/\/fr.motocrossmag.be\/#\/schema\/person\/11b47143d9f755babca2c9110e03235c"},"headline":"Galerie photos | MX international de Valence","datePublished":"2010-02-22T15:12:53+00:00","mainEntityOfPage":{"@id":"https:\/\/fr.motocrossmag.be\/index.php\/2010\/02\/galerie-photos-mx-international-de-valence\/"},"wordCount":100,"commentCount":0,"image":{"@id":"https:\/\/fr.motocrossmag.be\/index.php\/2010\/02\/galerie-photos-mx-international-de-valence\/#primaryimage"},"thumbnailUrl":"http:\/\/fr.motocrossmag.be\/wp-content\/uploads\/2010\/02\/_ds_3886-150x150.jpg","articleSection":["Photos","Slideshow"],"inLanguage":"fr-FR","potentialAction":[{"@type":"CommentAction","name":"Comment","target":["https:\/\/fr.motocrossmag.be\/index.php\/2010\/02\/galerie-photos-mx-international-de-valence\/#respond"]}]},{"@type":"WebPage","@id":"https:\/\/fr.motocrossmag.be\/index.php\/2010\/02\/galerie-photos-mx-international-de-valence\/","url":"https:\/\/fr.motocrossmag.be\/index.php\/2010\/02\/galerie-photos-mx-international-de-valence\/","name":"Galerie photos | MX international de Valence - Motocross - Enduro - Supermoto | MotocrossMag","isPartOf":{"@id":"https:\/\/fr.motocrossmag.be\/#website"},"primaryImageOfPage":{"@id":"https:\/\/fr.motocrossmag.be\/index.php\/2010\/02\/galerie-photos-mx-international-de-valence\/#primaryimage"},"image":{"@id":"https:\/\/fr.motocrossmag.be\/index.php\/2010\/02\/galerie-photos-mx-international-de-valence\/#primaryimage"},"thumbnailUrl":"http:\/\/fr.motocrossmag.be\/wp-content\/uploads\/2010\/02\/_ds_3886-150x150.jpg","datePublished":"2010-02-22T15:12:53+00:00","author":{"@id":"https:\/\/fr.motocrossmag.be\/#\/schema\/person\/11b47143d9f755babca2c9110e03235c"},"breadcrumb":{"@id":"https:\/\/fr.motocrossmag.be\/index.php\/2010\/02\/galerie-photos-mx-international-de-valence\/#breadcrumb"},"inLanguage":"fr-FR","potentialAction":[{"@type":"ReadAction","target":["https:\/\/fr.motocrossmag.be\/index.php\/2010\/02\/galerie-photos-mx-international-de-valence\/"]}]},{"@type":"ImageObject","inLanguage":"fr-FR","@id":"https:\/\/fr.motocrossmag.be\/index.php\/2010\/02\/galerie-photos-mx-international-de-valence\/#primaryimage","url":"https:\/\/fr.motocrossmag.be\/wp-content\/uploads\/2010\/02\/_ds_3886.jpg","contentUrl":"https:\/\/fr.motocrossmag.be\/wp-content\/uploads\/2010\/02\/_ds_3886.jpg","width":800,"height":533},{"@type":"BreadcrumbList","@id":"https:\/\/fr.motocrossmag.be\/index.php\/2010\/02\/galerie-photos-mx-international-de-valence\/#breadcrumb","itemListElement":[{"@type":"ListItem","position":1,"name":"Accueil","item":"https:\/\/fr.motocrossmag.be\/"},{"@type":"ListItem","position":2,"name":"Galerie photos | MX international de Valence"}]},{"@type":"WebSite","@id":"https:\/\/fr.motocrossmag.be\/#website","url":"https:\/\/fr.motocrossmag.be\/","name":"Motocross - Enduro - Supermoto | MotocrossMag","description":"L&#039;actualit\u00e9 du motocross, de l&#039;enduro et du Supermoto en ligne!","potentialAction":[{"@type":"SearchAction","target":{"@type":"EntryPoint","urlTemplate":"https:\/\/fr.motocrossmag.be\/?s={search_term_string}"},"query-input":{"@type":"PropertyValueSpecification","valueRequired":true,"valueName":"search_term_string"}}],"inLanguage":"fr-FR"},{"@type":"Person","@id":"https:\/\/fr.motocrossmag.be\/#\/schema\/person\/11b47143d9f755babca2c9110e03235c","name":"oliviere","image":{"@type":"ImageObject","inLanguage":"fr-FR","@id":"https:\/\/secure.gravatar.com\/avatar\/907069e0b81d119452040469e4a7501da1100f54f7f80180ce77bfab718288f6?s=96&d=mm&r=g","url":"https:\/\/secure.gravatar.com\/avatar\/907069e0b81d119452040469e4a7501da1100f54f7f80180ce77bfab718288f6?s=96&d=mm&r=g","contentUrl":"https:\/\/secure.gravatar.com\/avatar\/907069e0b81d119452040469e4a7501da1100f54f7f80180ce77bfab718288f6?s=96&d=mm&r=g","caption":"oliviere"},"sameAs":["http:\/\/www.motocrossmag.be"],"url":"https:\/\/fr.motocrossmag.be\/index.php\/author\/oliviere\/"}]}},"_links":{"self":[{"href":"https:\/\/fr.motocrossmag.be\/index.php\/wp-json\/wp\/v2\/posts\/6425","targetHints":{"allow":["GET"]}}],"collection":[{"href":"https:\/\/fr.motocrossmag.be\/index.php\/wp-json\/wp\/v2\/posts"}],"about":[{"href":"https:\/\/fr.motocrossmag.be\/index.php\/wp-json\/wp\/v2\/types\/post"}],"author":[{"embeddable":true,"href":"https:\/\/fr.motocrossmag.be\/index.php\/wp-json\/wp\/v2\/users\/932"}],"replies":[{"embeddable":true,"href":"https:\/\/fr.motocrossmag.be\/index.php\/wp-json\/wp\/v2\/comments?post=6425"}],"version-history":[{"count":0,"href":"https:\/\/fr.motocrossmag.be\/index.php\/wp-json\/wp\/v2\/posts\/6425\/revisions"}],"wp:attachment":[{"href":"https:\/\/fr.motocrossmag.be\/index.php\/wp-json\/wp\/v2\/media?parent=6425"}],"wp:term":[{"taxonomy":"category","embeddable":true,"href":"https:\/\/fr.motocrossmag.be\/index.php\/wp-json\/wp\/v2\/categories?post=6425"},{"taxonomy":"post_tag","embeddable":true,"href":"https:\/\/fr.motocrossmag.be\/index.php\/wp-json\/wp\/v2\/tags?post=6425"}],"curies":[{"name":"wp","href":"https:\/\/api.w.org\/{rel}","templated":true}]}}