{"id":643,"date":"2008-05-09T23:43:19","date_gmt":"2008-05-09T22:43:19","guid":{"rendered":"http:\/\/www.motocrossmag.be\/?p=643"},"modified":"2008-05-09T23:50:07","modified_gmt":"2008-05-09T22:50:07","slug":"championnat-bqr-heultje-rognee-le-francais-romain-couprie-simpose-a-rognee","status":"publish","type":"post","link":"https:\/\/fr.motocrossmag.be\/index.php\/2008\/05\/championnat-bqr-heultje-rognee-le-francais-romain-couprie-simpose-a-rognee\/","title":{"rendered":"Championnat BQR &#8211; Heultje &#038; Rogn\u00e9e | Le Fran\u00e7ais Romain Couprie s&rsquo;impose &agrave; Rogn\u00e9e"},"content":{"rendered":"<p>La saison 2008 du BQR s&rsquo;est poursuivie avec les \u00e9preuves de Heultje, laquelle a d\u00e0\u00bb \u00eatre report\u00e9e &agrave; cause du mauvais temps en d\u00e9but d&rsquo;ann\u00e9e et a pu \u00eatre report\u00e9e aux 19 et 20 avril, et de Rogn\u00e9e, le dimanche 4 mai. Deux belles organisations qui ont fait la joie de la bonne centaine de pilotes prenant part au championnnat de Belgique de Quad-Cross.<\/p>\n<p><strong>HEULTJE &#8211; 19 et 20 avril 2008<\/strong><\/p>\n<p>Les conditions climatiques de ce d\u00e9but de saison ayant eu raison du calendrier BQR, l&rsquo;\u00e9preuve de Heultje pr\u00e9vue en mars avait d\u00e0\u00bb \u00eatre post-pos\u00e9e.<br \/>\nLes pilotes ont donc rejoint la r\u00e9gion flamande pour cette deuxi\u00e8me \u00e9preuve du championnat de quad cross, organis\u00e9e pour l&rsquo;occasion par le Kart Cross Racing Team. Une organisation dont le principal instigateur, Robin Van Hoovels, sous l&rsquo;\u00e9gide de l&rsquo;U.M.C. , ne peut que s&rsquo;enorgeuillir.<\/p>\n<p>Une centaine de pilotes au d\u00e9part de cette \u00e9preuve. Des jeunes pilotes flamands qui pour l&rsquo;occasion avaient d\u00e0\u00bb suivre un \u00e9colage et passer des tests d&rsquo;aptitude en Flandre, via une f\u00e9d\u00e9ration flamande, pour obtenir un passeport de sport, obligatoire pour pratiquer une \u00e9preuve sportive en Flandre.<\/p>\n<p><img decoding=\"async\" class=\"lazyload alignnone size-full wp-image-644\" title=\"Le champion de France Romain Couprie s\\'impose &agrave; Rogn\u00e9e. \" src=\"http:\/\/www.motocrossmag.be\/wp-content\/uploads\/2008\/05\/rognee_bqr_int1.jpg\" data-orig-src=\"http:\/\/www.motocrossmag.be\/wp-content\/uploads\/2008\/05\/rognee_bqr_int1.jpg\" alt=\"\" width=\"500\" height=\"352\" srcset=\"data:image\/svg+xml,%3Csvg%20xmlns%3D%27http%3A%2F%2Fwww.w3.org%2F2000%2Fsvg%27%20width%3D%27500%27%20height%3D%27352%27%20viewBox%3D%270%200%20500%20352%27%3E%3Crect%20width%3D%27500%27%20height%3D%27352%27%20fill-opacity%3D%220%22%2F%3E%3C%2Fsvg%3E\" data-srcset=\"https:\/\/fr.motocrossmag.be\/wp-content\/uploads\/2008\/05\/rognee_bqr_int1-300x211.jpg 300w, https:\/\/fr.motocrossmag.be\/wp-content\/uploads\/2008\/05\/rognee_bqr_int1.jpg 500w\" data-sizes=\"auto\" data-orig-sizes=\"(max-width: 500px) 100vw, 500px\" \/><\/p>\n<p><strong><br \/>\nEcolage<br \/>\n<\/strong><br \/>\nPas de d\u00e9part en ligne pour la cat\u00e9gorie \u00ab \u00e9colage \u00bb, pas de chronos ni de classement pour ces tout jeunes pilotes \u00e0\u00a2g\u00e9s de moins de 8 ans. N\u00e9anmoins, une volont\u00e9 de toujours faire mieux que \u00ab le petit copain \u00bb et surtout de faire plaisir &agrave; papa et &agrave; maman qui stressent pour leur petit bout du d\u00e9but &agrave; la fin de la course.<\/p>\n<p><strong>Minimes <\/strong><\/p>\n<p>une cat\u00e9gorie qui a du mal &agrave; se renouveler. Ayant atteint l&rsquo;\u00e0\u00a2ge requis qui est de 12 ans, bon nombre sont mont\u00e9s en cadets.<br \/>\nNouveau venu, Arno Deconinck apporte un plus &agrave; cette cat\u00e9gorie qui ne comptait jusqu&rsquo;&agrave; pr\u00e9sent que des quads refroidis &agrave; air. Le refroidissement liquide est &agrave; pr\u00e9sent &agrave; l&rsquo;ordre du jour de cette s\u00e9rie mais il faudra attendre d&rsquo;avoir 10 ans pour pouvoir rouler avec ce genre de machine.<\/p>\n<p>Arno reste n\u00e9anmoins en comp\u00e9tition constante avec deux adversaires de taille, Tristan Bernard qui est un des favoris en lice et Sylvain Santoni qui n&rsquo;en n&rsquo;est pas &agrave; son coup d&rsquo;essai.<br \/>\nArno Deconinck prendra de suite les r\u00eanes de la course mais restera n\u00e9anmoins vigilant tout au long des 4 \u00e9preuves. Un faux pas aurait pu lui co\u00e0\u00bbter sa premi\u00e8re place.<\/p>\n<p>Santoni et Bernard sont &agrave; l&rsquo;aff\u00e0\u00bbt d&rsquo;une erreur de trajectoire de leur rival mais devront se contente respectivement de la seconde et troisi\u00e8me marche du podium.<\/p>\n<p><img decoding=\"async\" class=\"lazyload alignnone size-full wp-image-650\" title=\"Gr\u00e9gory Calbert en action dans le peloton des Cadets.\" src=\"http:\/\/www.motocrossmag.be\/wp-content\/uploads\/2008\/05\/bqr_rognee_cadets_40.jpg\" data-orig-src=\"http:\/\/www.motocrossmag.be\/wp-content\/uploads\/2008\/05\/bqr_rognee_cadets_40.jpg\" alt=\"\" width=\"500\" height=\"342\" srcset=\"data:image\/svg+xml,%3Csvg%20xmlns%3D%27http%3A%2F%2Fwww.w3.org%2F2000%2Fsvg%27%20width%3D%27500%27%20height%3D%27342%27%20viewBox%3D%270%200%20500%20342%27%3E%3Crect%20width%3D%27500%27%20height%3D%27342%27%20fill-opacity%3D%220%22%2F%3E%3C%2Fsvg%3E\" data-srcset=\"https:\/\/fr.motocrossmag.be\/wp-content\/uploads\/2008\/05\/bqr_rognee_cadets_40-300x205.jpg 300w, https:\/\/fr.motocrossmag.be\/wp-content\/uploads\/2008\/05\/bqr_rognee_cadets_40.jpg 500w\" data-sizes=\"auto\" data-orig-sizes=\"(max-width: 500px) 100vw, 500px\" \/><\/p>\n<p><strong><br \/>\nChez les cadets<\/strong><\/p>\n<p>A partir de 12 ans, les pilotes ont le choix &#8211; soit rester en minimes sur des quads 80 cc, soit monter en cadets avec des machines plus puissantes que sont les Blaster 200cc.<br \/>\nCes machines \u00e9tant d&rsquo;origine, c&rsquo;est la condition physique, l&rsquo;entra\u00eenement et surtout le pilotage qui d\u00e9terminent la place du pilote &agrave; l&rsquo;issue de l&rsquo;\u00e9preuve.<\/p>\n<p>Vainqueur de cette cat\u00e9gorie, Kevin Lambot rivalise, roue dans roue avec Kevin Peschon dans les deux premi\u00e8res manches. Peschon joue de malchance &agrave; la derni\u00e8re manche et se verra contraint de c\u00e9der la seconde place &agrave; Brian Boman juste devant le fran\u00e7ais Julien Crahay.<\/p>\n<p><strong>Cat\u00e9gorie juniors<\/strong><\/p>\n<p>Champion de Belgique Cadets en 2007, Valentin Renson est bien d\u00e9cid\u00e9 &agrave; ne pas en rester l&agrave;.<br \/>\nTr\u00e8s vite, il creuse l&rsquo;\u00e9cart sur ses poursuivants. Malgr\u00e9 des probl\u00e8mes m\u00e9caniques en derni\u00e8re manche, il conservera la t\u00eate du classement &agrave; l&rsquo;issue du week-end.<br \/>\nUne concurrence s\u00e9rieuse pour ces pilotes en la personne de Dylan Lenz sur GasGas et pour lequel c&rsquo;est sa premi\u00e8re saison en juniors. Lenz rel\u00e8guera Maxime Lombet, \u00e9galement sur gas gas, en troisi\u00e8me position.<\/p>\n<p>Dans cette m\u00eame cat\u00e9gorie, S\u00e9bastien Bielawski jouera de malchance tout au long de ce week-end. Moteur cass\u00e9 &agrave; l&rsquo;issue de la seconde manche, il ne prendra le d\u00e9part de la troisi\u00e8me manche qu&rsquo;apr\u00e8s avoir remis son quad en ordre.<br \/>\nLa guigne \u00e9tant au rendez-vous, sa machine l&rsquo;abandonnera une seconde fois. Il devra d\u00e9clarer forfait.<\/p>\n<p><strong>Amateurs<\/strong><\/p>\n<p>Cette cat\u00e9gorie est tr\u00e8s appr\u00e9ci\u00e9e par les pilotes occasionnels, licenci\u00e9s &agrave; la journ\u00e9e, voire m\u00eame licenci\u00e9s &agrave; l&rsquo;ann\u00e9e mais qui d\u00e9butent dans cette discipline et qui d\u00e9sirent avant tout se faire plaisir au guidon de leur machine mais qui n&rsquo;ont pas l&rsquo;ambition d&rsquo;aller se mesurer aux grosses pointures<br \/>\nLe leader de cette cat\u00e9gorie n&rsquo;est autre que Ludovic Balfroid, un petit gars de Paliseul.<\/p>\n<p><img decoding=\"async\" class=\"lazyload alignnone size-full wp-image-648\" title=\"-\" src=\"http:\/\/www.motocrossmag.be\/wp-content\/uploads\/2008\/05\/bqr_rognee_amagen_47.jpg\" data-orig-src=\"http:\/\/www.motocrossmag.be\/wp-content\/uploads\/2008\/05\/bqr_rognee_amagen_47.jpg\" alt=\"\" width=\"500\" height=\"360\" srcset=\"data:image\/svg+xml,%3Csvg%20xmlns%3D%27http%3A%2F%2Fwww.w3.org%2F2000%2Fsvg%27%20width%3D%27500%27%20height%3D%27360%27%20viewBox%3D%270%200%20500%20360%27%3E%3Crect%20width%3D%27500%27%20height%3D%27360%27%20fill-opacity%3D%220%22%2F%3E%3C%2Fsvg%3E\" data-srcset=\"https:\/\/fr.motocrossmag.be\/wp-content\/uploads\/2008\/05\/bqr_rognee_amagen_47-300x216.jpg 300w, https:\/\/fr.motocrossmag.be\/wp-content\/uploads\/2008\/05\/bqr_rognee_amagen_47.jpg 500w\" data-sizes=\"auto\" data-orig-sizes=\"(max-width: 500px) 100vw, 500px\" \/><\/p>\n<p>Juste derri\u00e8re, Thomas Charlier lui donnera du fil &agrave; retordre tout au long du WE mais c&rsquo;est sans compter sur la d\u00e9termination de Balfroid.<\/p>\n<p>Au BQR, on roule en famille. La troisi\u00e8me marche du podium reviendra &agrave; Renaud Denuit, qui n&rsquo;est autre que le cousin de Gr\u00e9gory Calbert qui lui, roule en Cadets.<br \/>\nCharlier et Denuit s&rsquo;imposeront respectivement au terme d&rsquo;une belle bagarre.<\/p>\n<p><strong>Gentlemen<\/strong><\/p>\n<p>Cat\u00e9gorie transitoire avant de se lancer dans la comp\u00e9tition en Inters et ce d\u00e8s l&rsquo;\u00e0\u00a2ge de 15 ans,<br \/>\nDimitri Lambotte, pilote du Nuts Quad Team de Bastogne, club bien connu pour son European Quad Trophy, a trouv\u00e9 ses marques. Vice-champion amateurs en 2007, il \u00e9volue cette saison un niveau au-dessus.<\/p>\n<p>Robert Dumont lui donnera du fil &agrave; retordre mais Lambotte ne s&rsquo;en laisse pas conter. Une course pleine de rebondissement o\u00f9 l&rsquo;on voit tour &agrave; tour Lambotte en t\u00eate, puis Nicolas Manette. Dumont ne parviendra pas &agrave; prende la t\u00eate d&rsquo;aucune manche. Les lauriers reviendront finalement &agrave; Lambotte, suivi de Manette. Dumont quant &agrave; lui devra se contenter du troisi\u00e8me palier.<\/p>\n<p><strong>Nationaux<\/strong><\/p>\n<p>Kenny Desadeleer, un pilote content et une premi\u00e8re victoire m\u00e9rit\u00e9e.<br \/>\nBrendan Dolo quelque peu d\u00e9\u00e7u mais satisfait toutefois de sa deuxi\u00e8me place.<br \/>\nQuelques courses l&rsquo;an pass\u00e9 pour Antoine Sneessens et d\u00e9j&agrave; sur le podium. Ce n&rsquo;est pas encore le titre mais qui sait, le championnat ne fait que commencer.<\/p>\n<p><a rel=\"lightbox\" href=\"http:\/\/www.motocrossmag.be\/wp-content\/uploads\/2008\/05\/bqr_rognee_junnat_39.jpg\"><img decoding=\"async\" class=\"lazyload alignnone size-thumbnail wp-image-651\" title=\"Brendan Dolo termine second en Nationaux, tant &agrave; Heultje qu\\'&agrave; Rogn\u00e9e.\" src=\"http:\/\/www.motocrossmag.be\/wp-content\/uploads\/2008\/05\/bqr_rognee_junnat_39-150x150.jpg\" data-orig-src=\"http:\/\/www.motocrossmag.be\/wp-content\/uploads\/2008\/05\/bqr_rognee_junnat_39-150x150.jpg\" alt=\"\" width=\"150\" height=\"150\" srcset=\"data:image\/svg+xml,%3Csvg%20xmlns%3D%27http%3A%2F%2Fwww.w3.org%2F2000%2Fsvg%27%20width%3D%27150%27%20height%3D%27150%27%20viewBox%3D%270%200%20150%20150%27%3E%3Crect%20width%3D%27150%27%20height%3D%27150%27%20fill-opacity%3D%220%22%2F%3E%3C%2Fsvg%3E\" data-srcset=\"https:\/\/fr.motocrossmag.be\/wp-content\/uploads\/2008\/05\/bqr_rognee_junnat_39-150x150.jpg 150w, https:\/\/fr.motocrossmag.be\/wp-content\/uploads\/2008\/05\/bqr_rognee_junnat_39.jpg 800w\" data-sizes=\"auto\" data-orig-sizes=\"(max-width: 150px) 100vw, 150px\" \/><\/a>  <a rel=\"lightbox\" href=\"http:\/\/www.motocrossmag.be\/wp-content\/uploads\/2008\/05\/bqr_rognee_cadets_1.jpg\"><img decoding=\"async\" class=\"lazyload alignnone size-thumbnail wp-image-649\" title=\"La 3i\u00e8me marche du podium pour le jeune Wesley Baivy chez les Cadets &agrave; Rogn\u00e9e.\" src=\"http:\/\/www.motocrossmag.be\/wp-content\/uploads\/2008\/05\/bqr_rognee_cadets_1-150x150.jpg\" data-orig-src=\"http:\/\/www.motocrossmag.be\/wp-content\/uploads\/2008\/05\/bqr_rognee_cadets_1-150x150.jpg\" alt=\"\" width=\"150\" height=\"150\" srcset=\"data:image\/svg+xml,%3Csvg%20xmlns%3D%27http%3A%2F%2Fwww.w3.org%2F2000%2Fsvg%27%20width%3D%27150%27%20height%3D%27150%27%20viewBox%3D%270%200%20150%20150%27%3E%3Crect%20width%3D%27150%27%20height%3D%27150%27%20fill-opacity%3D%220%22%2F%3E%3C%2Fsvg%3E\" data-srcset=\"https:\/\/fr.motocrossmag.be\/wp-content\/uploads\/2008\/05\/bqr_rognee_cadets_1-150x150.jpg 150w, https:\/\/fr.motocrossmag.be\/wp-content\/uploads\/2008\/05\/bqr_rognee_cadets_1.jpg 800w\" data-sizes=\"auto\" data-orig-sizes=\"(max-width: 150px) 100vw, 150px\" \/><\/a><\/p>\n<p><strong>Inters<\/strong><\/p>\n<p>Cat\u00e9gorie reine o\u00f9 l&rsquo;entra\u00eenement et la condition physique du pilote sont tr\u00e8s importants pour arriver &agrave; un niveau et une qualit\u00e9 de pilotage tr\u00e8s pris\u00e9e par la f\u00e9rus de quad.<\/p>\n<p>P\u00f4le position aux essais chronos et &agrave; la premi\u00e8re manche pour le champion de Belgique Guy Meertens. La faute &agrave; pas de chance en deuxi\u00e8me manche. Le temps de changer un pneu, Meertens terminera la manche &agrave; la derni\u00e8re place. Il reprend ses droits lors de la deuxi\u00e8me journ\u00e9e de course mais il lui manquera ses points et devra s&rsquo;avouer vaincu, c\u00e9dant la victoire &agrave; Timoth\u00e9e Hieff.<\/p>\n<p>La r\u00e9v\u00e9lation pour un pilote plus que prometteur. Le Namurois, Maverick Doppagne sera congratul\u00e9 &agrave; l&rsquo;arriv\u00e9e par ses supporters pour sa place dans le trio de t\u00eate.<\/p>\n<p><img decoding=\"async\" class=\"lazyload alignnone size-full wp-image-645\" title=\"De bons r\u00e9sultats chez les Inters pour Olivier Van Bogaert.\" src=\"http:\/\/www.motocrossmag.be\/wp-content\/uploads\/2008\/05\/rognee_bqr_int169.jpg\" data-orig-src=\"http:\/\/www.motocrossmag.be\/wp-content\/uploads\/2008\/05\/rognee_bqr_int169.jpg\" alt=\"\" width=\"500\" height=\"331\" srcset=\"data:image\/svg+xml,%3Csvg%20xmlns%3D%27http%3A%2F%2Fwww.w3.org%2F2000%2Fsvg%27%20width%3D%27500%27%20height%3D%27331%27%20viewBox%3D%270%200%20500%20331%27%3E%3Crect%20width%3D%27500%27%20height%3D%27331%27%20fill-opacity%3D%220%22%2F%3E%3C%2Fsvg%3E\" data-srcset=\"https:\/\/fr.motocrossmag.be\/wp-content\/uploads\/2008\/05\/rognee_bqr_int169-300x199.jpg 300w, https:\/\/fr.motocrossmag.be\/wp-content\/uploads\/2008\/05\/rognee_bqr_int169.jpg 800w\" data-sizes=\"auto\" data-orig-sizes=\"(max-width: 500px) 100vw, 500px\" \/><\/p>\n<p><strong>ROGNEE &#8211; 4 mai 2008<\/strong><\/p>\n<p>119 pilotes se sont align\u00e9s sur la grille de d\u00e9part de la 3\u00e8me manche du championnat de Belgique BQR organis\u00e9e pour l&rsquo;occasion par la f\u00e9d\u00e9ration elle-m\u00eame.<\/p>\n<p>Le soleil \u00e9tait de la partie, offrant aux nombreux spectateurs venus encourag\u00e9s les pilotes locaux un spectacle &agrave; la hauteur de l&rsquo;organisation.<\/p>\n<p><strong>Cat\u00e9gorie Minimes : une fille sur le podium!<\/strong><\/p>\n<p>Tristan Bernard, leader de cette cat\u00e9gorie a jou\u00e9 de malchance tout au long du week-end. Le Fran\u00e7ais Germain Hautefaye s&rsquo;imposera en ma\u00eetre dans les trois manches, suivi du pilote n\u00e9erlandophone Jeroen Notelaers.<br \/>\nMalgr\u00e9 une troisi\u00e8me place dans les deux premi\u00e8res manches, Lauriane Martinuzzi se verra contrainte de c\u00e9der la troisi\u00e8me manche du podium &agrave; sa s\u00c5\u201cur cadette Sol\u00e8ne Martinuzzi.<\/p>\n<p><img decoding=\"async\" class=\"lazyload alignnone size-full wp-image-654\" title=\"Sol\u00e8ne Martinuzzi prend une belle 4\u00e8me place &agrave; Heultje avant de monter sur le podium &agrave; Rogn\u00e9e.\" src=\"http:\/\/www.motocrossmag.be\/wp-content\/uploads\/2008\/05\/bqr_rognee_minimes_23.jpg\" data-orig-src=\"http:\/\/www.motocrossmag.be\/wp-content\/uploads\/2008\/05\/bqr_rognee_minimes_23.jpg\" alt=\"\" width=\"500\" height=\"332\" srcset=\"data:image\/svg+xml,%3Csvg%20xmlns%3D%27http%3A%2F%2Fwww.w3.org%2F2000%2Fsvg%27%20width%3D%27500%27%20height%3D%27332%27%20viewBox%3D%270%200%20500%20332%27%3E%3Crect%20width%3D%27500%27%20height%3D%27332%27%20fill-opacity%3D%220%22%2F%3E%3C%2Fsvg%3E\" data-srcset=\"https:\/\/fr.motocrossmag.be\/wp-content\/uploads\/2008\/05\/bqr_rognee_minimes_23-300x199.jpg 300w, https:\/\/fr.motocrossmag.be\/wp-content\/uploads\/2008\/05\/bqr_rognee_minimes_23.jpg 500w\" data-sizes=\"auto\" data-orig-sizes=\"(max-width: 500px) 100vw, 500px\" \/><\/p>\n<p><strong><br \/>\nCat\u00e9gorie cadets<\/strong><\/p>\n<p>On retrouve de nouveau les deux leaders, roue dans roue. P\u00f4le position aux essais pour Kevin Lambot qui ne c\u00e9dera plus sa place &agrave; son poursuivant, Kevin Peschon, malchanceux &agrave; l&rsquo;\u00e9preuve pr\u00e9c\u00e9dente. Peschon revient en force mais n&rsquo;arrivera pas &agrave; d\u00e9tr\u00f4n\u00e9 Lambot.<br \/>\nBelle performance pour Wesley Baivy qui montera sur la troisi\u00e8me marche du podium.<\/p>\n<p><strong>Juniors <\/strong><\/p>\n<p>Continuant sur sa lanc\u00e9e, le Namurois Valentin Renson s&rsquo;installera de suite en t\u00eate.<br \/>\nRenson devra toutefois se m\u00e9fier de Maxime Lombet, bien d\u00e9cid\u00e9 lui aussi &agrave; conqu\u00e9rir les lauriers.<br \/>\nTransfuge de la cat\u00e9gorie Cadets, Dylan Lenz risque n\u00e9anmoins de faire parler de lui cette saison de par ses performances dans les deux premi\u00e8res \u00e9preuves du championnat.<\/p>\n<p><strong>Cat\u00e9gorie Amateurs<br \/>\n<\/strong><br \/>\nUne cat\u00e9gorie qui doit encore faire ses preuves mais qui fait des \u00e9mules &agrave; chaque course.<br \/>\nPremi\u00e8re victoire de Jonathan Pire qui participe pour la premi\u00e8re ann\u00e9e &agrave; ce genre d&rsquo;\u00e9preuve.<br \/>\nSeconde place non moins surprenante pour Renaud Denuit qui nous a g\u00e0\u00a2t\u00e9 d&rsquo;une belle prestation. Thomas Charlier, troisi\u00e8me &agrave; l&rsquo;issue de cette journ\u00e9e<\/p>\n<p><strong>Gentlemen<br \/>\n<\/strong><br \/>\nUne classe o\u00f9 l&rsquo;on retrouve pour la plupart des pilotes issus de la cat\u00e9gorie Amateurs de l&rsquo;ann\u00e9e pr\u00e9c\u00e9dente tout comme d&rsquo;anciens pilotes d&rsquo;un certain \u00e0\u00a2ge qui viennent pour \u00ab se faire plaisir \u00bb.<br \/>\nC&rsquo;est le cas de Robert Dumont qui terminera premier de cette cat\u00e9gorie apr\u00e8s un tr\u00e8s beau chass\u00e9 crois\u00e9 entre entre Nicolas Masy et Fabrice Beckers. Masy l&#8217;emportera sur son poursuivant au cumul des points.<\/p>\n<p><img decoding=\"async\" class=\"lazyload alignnone size-full wp-image-652\" title=\"Maxence Chaput, 7\u00e8me chez les Nationaux &agrave; Rogn\u00e9e.\" src=\"http:\/\/www.motocrossmag.be\/wp-content\/uploads\/2008\/05\/bqr_rognee_junnat_64.jpg\" data-orig-src=\"http:\/\/www.motocrossmag.be\/wp-content\/uploads\/2008\/05\/bqr_rognee_junnat_64.jpg\" alt=\"\" width=\"500\" height=\"326\" srcset=\"data:image\/svg+xml,%3Csvg%20xmlns%3D%27http%3A%2F%2Fwww.w3.org%2F2000%2Fsvg%27%20width%3D%27500%27%20height%3D%27326%27%20viewBox%3D%270%200%20500%20326%27%3E%3Crect%20width%3D%27500%27%20height%3D%27326%27%20fill-opacity%3D%220%22%2F%3E%3C%2Fsvg%3E\" data-srcset=\"https:\/\/fr.motocrossmag.be\/wp-content\/uploads\/2008\/05\/bqr_rognee_junnat_64-300x195.jpg 300w, https:\/\/fr.motocrossmag.be\/wp-content\/uploads\/2008\/05\/bqr_rognee_junnat_64.jpg 500w\" data-sizes=\"auto\" data-orig-sizes=\"(max-width: 500px) 100vw, 500px\" \/><\/p>\n<p><strong><br \/>\nNationaux<\/strong><\/p>\n<p>Trio de t\u00eate, dans l&rsquo;ordre ou le d\u00e9sordre.<br \/>\nCette fois, c&rsquo;est Thomas Cornet qui d\u00e9croche la palme.<br \/>\nUne superbe course et une victoire bien m\u00e9rit\u00e9e pour le Namurois &agrave; quelques points seulement Brendan Dolo. Une belle bagarre opposera Dolo et Antoine Sneessens tout au long des trois manches mais qui verra finalement Dolo sur la deuxi\u00e8me marche du podium.<\/p>\n<p><strong>Inters <\/strong><\/p>\n<p>Que du beau monde ce week-end dans cette cat\u00e9gorie qui a d\u00e0\u00bb \u00eatre d\u00e9doubl\u00e9e, le r\u00e8glement n&rsquo;autorisant pas plus de trente pilotes au d\u00e9part.<br \/>\nUne s\u00e9rie tr\u00e8s appr\u00e9ci\u00e9e des nombreux concurrents qui se sont affront\u00e9s en fonction de leur temps au chrono et de la qualit\u00e9 de leur prestation &agrave; l&rsquo;occasion de la premi\u00e8re manche qualificative.<\/p>\n<p>Le champion de France, Romain Couprie nous avait gratifi\u00e9 de sa pr\u00e9sence de m\u00eame que Matthieu Ternynck et Jan Vlaeymans, bien class\u00e9s dans le championnat \u00e9lite en France, championnat de haut niveau qui regroupe les meilleurs pilotes fran\u00e7ais et \u00e9trangers.<\/p>\n<p>Une prestation plus que remarqu\u00e9e pour sa qualit\u00e9 de pilotage, celle de Maverick Doppagne dont c&rsquo;est la premi\u00e8re saison en inters.<br \/>\nC\u00f4t\u00e9 championnat BQR, Meertens reste en t\u00eate malgr\u00e9 sa quatri\u00e8me place de la journ\u00e9e.<\/p>\n<p><a rel=\"lightbox\" href=\"http:\/\/www.motocrossmag.be\/wp-content\/uploads\/2008\/05\/rognee_start_int.jpg\"><img decoding=\"async\" class=\"lazyload alignnone size-thumbnail wp-image-647\" title=\"D\u00e9part des Inters &agrave; Rogn\u00e9e. \" src=\"http:\/\/www.motocrossmag.be\/wp-content\/uploads\/2008\/05\/rognee_start_int-150x150.jpg\" data-orig-src=\"http:\/\/www.motocrossmag.be\/wp-content\/uploads\/2008\/05\/rognee_start_int-150x150.jpg\" alt=\"\" width=\"150\" height=\"150\" srcset=\"data:image\/svg+xml,%3Csvg%20xmlns%3D%27http%3A%2F%2Fwww.w3.org%2F2000%2Fsvg%27%20width%3D%27150%27%20height%3D%27150%27%20viewBox%3D%270%200%20150%20150%27%3E%3Crect%20width%3D%27150%27%20height%3D%27150%27%20fill-opacity%3D%220%22%2F%3E%3C%2Fsvg%3E\" data-srcset=\"https:\/\/fr.motocrossmag.be\/wp-content\/uploads\/2008\/05\/rognee_start_int-150x150.jpg 150w, https:\/\/fr.motocrossmag.be\/wp-content\/uploads\/2008\/05\/rognee_start_int.jpg 800w\" data-sizes=\"auto\" data-orig-sizes=\"(max-width: 150px) 100vw, 150px\" \/><\/a>  <a rel=\"lightbox\" href=\"http:\/\/www.motocrossmag.be\/wp-content\/uploads\/2008\/05\/rognee_bqr_int_10.jpg\"><img decoding=\"async\" class=\"lazyload alignnone size-thumbnail wp-image-646\" title=\"Une 9\u00e8me place pour S\u00e9bastien Montulet chez les Inters &agrave; Rogn\u00e9e.\" src=\"http:\/\/www.motocrossmag.be\/wp-content\/uploads\/2008\/05\/rognee_bqr_int_10-150x150.jpg\" data-orig-src=\"http:\/\/www.motocrossmag.be\/wp-content\/uploads\/2008\/05\/rognee_bqr_int_10-150x150.jpg\" alt=\"\" width=\"150\" height=\"150\" srcset=\"data:image\/svg+xml,%3Csvg%20xmlns%3D%27http%3A%2F%2Fwww.w3.org%2F2000%2Fsvg%27%20width%3D%27150%27%20height%3D%27150%27%20viewBox%3D%270%200%20150%20150%27%3E%3Crect%20width%3D%27150%27%20height%3D%27150%27%20fill-opacity%3D%220%22%2F%3E%3C%2Fsvg%3E\" data-srcset=\"https:\/\/fr.motocrossmag.be\/wp-content\/uploads\/2008\/05\/rognee_bqr_int_10-150x150.jpg 150w, https:\/\/fr.motocrossmag.be\/wp-content\/uploads\/2008\/05\/rognee_bqr_int_10.jpg 800w\" data-sizes=\"auto\" data-orig-sizes=\"(max-width: 150px) 100vw, 150px\" \/><\/a><\/p>\n<p>Inters G1 : Le Hollandais volant, Joe Maessen, et son compatriote Ronny Smits, tous deux tr\u00e8s appr\u00e9ci\u00e9s des mordus du quad pour leurs qualit\u00e9s de pilotage, ont offert une fois de plus aux spectateurs un spectacle de toute beaut\u00e9. Ils s&rsquo;imposeront respectivement, au terme d&rsquo;une belle bagarre, premier et second devant Guy Meertens, excellent pilote de super-motard, cat\u00e9gorie quad et Christian Mohring, champion de Belgique inters 2004.<\/p>\n<p>Inters G2 : Pascal Poncelet, pilote au Nuts Quad Team de Bastogne prendra de suite les r\u00eanes de la course et conservera son avance sur Yves Baumgarten, transfuge de la cat\u00e9gorie seniors tandis que le pilote r\u00e9gional Steve Libon sera congratul\u00e9 &agrave; l&rsquo;arriv\u00e9e par ses supporters pour sa place dans le trio de t\u00eate.<\/p>\n<p>Inters G3 : La malchance \u00e9tant parfois au rendez-vous pour certains, on retrouve dans cette classe quelques pilotes confirm\u00e9s. Parmi eux et en t\u00eate Natasja Haesendonckx qui revient apr\u00e8s une convalescence prolong\u00e9e, suivie de Jean-Marie Kindt et J\u00e9r\u00f4me Mondeville qui c\u00e9dera la seconde place au Binchois &agrave; l&rsquo;issue d&rsquo;une belle course poursuite en derni\u00e8re manche.<\/p>\n<p>Prochain rendez-vous &agrave; Warsage le 29 mai 2005!<\/p>\n<p>Texte: F. Mondeville | Photos: M. Hennebert &#8211; Photo Impact<\/p>\n<p><strong><\/strong><\/p>\n<p><strong><\/strong><\/p>\n<p><strong>R\u00e9sultats Heultje<\/strong><\/p>\n<p><strong>Minimes<\/strong><\/p>\n<p>1 DECONINCK ARNO<br \/>\n2 SANTONI SYLVAIN<br \/>\n3 BERNARD TRISTAN<br \/>\n4 MARTINUZZI SOLENE<br \/>\n5 WATERVAL JULIEN<\/p>\n<p><strong>Cadets<\/strong><\/p>\n<p>1 LAMBOT KEVIN<br \/>\n2 BOMAN BRIAN<br \/>\n3 CRAHAY JULIEN<br \/>\n4 BARNABE JULIAN<br \/>\n5 PESCHON KEVIN<\/p>\n<p><strong>Amateurs<\/strong><\/p>\n<p>1 BALFROID LUDOVIC<br \/>\n2 CHARLIER THOMAS<br \/>\n3 DENUIT RENAUD<br \/>\n4 PIRE JONATHAN<br \/>\n5 VANCRAYEBECK OLIVIER<\/p>\n<p><strong>Gentlmen<\/strong><\/p>\n<p>1 LAMBOTTE DIMITRI<br \/>\n2 MANETTE NICOLAS<br \/>\n3 DUMONT ROBERT<br \/>\n4 TAMBURINI AMORY<br \/>\n5 DEMEYER DAVID<\/p>\n<p><strong>Juniors<\/strong><\/p>\n<p>3 RENSON VALENTIN<br \/>\n1 LENZ DYLAN<br \/>\n2 LOMBET MAXIME<br \/>\n4 ROBERT SAMUEL<br \/>\n5 KROEMMER FRANCOIS<\/p>\n<p><strong>Nationaux<\/strong><\/p>\n<p>1 DESADELEER KENNY<br \/>\n2 DOLO BRENDAN<br \/>\n3 SNEESSENS ANTOINE<br \/>\n4 CORNET THOMAS<br \/>\n5 LIEBAERT JACINTHA<\/p>\n<p><strong>Inters<\/strong><\/p>\n<p>1 HIEFF THIMOTHEE<br \/>\n2 MEERTENS GUY<br \/>\n3 DOPPAGNE MAVERICK<br \/>\n4 LEROY JONATHAN<br \/>\n5 MAYO NICOLAS<br \/>\n6 BOLLAND MARC<br \/>\n7 OP DE BEECK KJELL<br \/>\n8 MONTULET OLIVIER<br \/>\n9 VAN BOGAERT OLIVIER<br \/>\n10 CAMPS NATHANIEL<br \/>\n11 NAVEAUX ANTHONY<br \/>\n12 NAUJOKS JUNIOR<br \/>\n13 CAVILLOT STEVE<br \/>\n14 MONTULET SEBASTIEN<br \/>\n15 S&rsquo;JONGERS EDDY<br \/>\n16 MONDEVILLE ROMAIN<br \/>\n17 LOWIES JEROME<br \/>\n18 GILLES CHRISTOPHE<br \/>\n19 RENNUY ANTONY<br \/>\n20 LAMBERT LOREN<\/p>\n<p><strong>R\u00e9sultats Rogn\u00e9e<\/strong><\/p>\n<p><strong>Minimes<\/strong><\/p>\n<p>1 HAUTEFAYE GERMAIN<br \/>\n2 NOTELAERS JEROEN<br \/>\n3 MARTINUZZI SOLENE<br \/>\n4 MARTINUZZI LAURIANE<br \/>\n5 S&rsquo;JONGERS MAXIM<br \/>\n6 WATERVAL JULIEN<br \/>\n7 MERTENS BRUCE<br \/>\n8 BERNARD TRISTAN<br \/>\n9 DEMEYER DEMIS<br \/>\n10 SANTONI SYLVAIN<\/p>\n<p><strong>Cadets<\/strong><\/p>\n<p>1 LAMBOT KEVIN<br \/>\n2 PESCHON KEVIN<br \/>\n3 BAIVY WESLEY<br \/>\n4 CRAHAY JULIEN<br \/>\n5 BOMAN BRIAN<br \/>\n6 NAVEAUX RANDY<br \/>\n7 CORNET JOY<br \/>\n8 ROUSSEAUX MAVERICK<br \/>\n9 VAN DE LOOK JULIEN<br \/>\n10 GODART KARL<\/p>\n<p><strong>Gentlemen<\/strong><\/p>\n<p> 1 DUMONT ROBERT<br \/>\n2 MASY NICOLAS<br \/>\n3 BECKERS FABRICE<br \/>\n4 PRUDHOMMEAUX OLIVIER<br \/>\n5 POTIER OLIVIER<br \/>\n6 PIERRE LAURENT<br \/>\n7 NICOLAS GABRIEL<br \/>\n8 LAMBOTTE DIMITRI<br \/>\n9 FELIX MICHAEL<br \/>\n10 PIRES FERNANDO<\/p>\n<p><strong>Amateurs<\/strong><\/p>\n<p>1 PIRE JONATHAN<br \/>\n2 DENUIT RENAUD<br \/>\n3 CHARLIER THOMAS<br \/>\n4 BALFROID LUDOVIC<br \/>\n5 CAVRENNE RAPHAEL<br \/>\n6 VANCRAYEBECK OLIVIER<br \/>\n7 THIRION NICOLAS<br \/>\n8 WEGRIA BENOIT<br \/>\n9 BLOQUEL LUDOVIC<br \/>\n10 SEMAL WILLY<\/p>\n<p><strong>Juniors<\/strong><\/p>\n<p>1 RENSON VALENTIN<br \/>\n2 LOMBET MAXIME<br \/>\n3 LENZ DYLAN<br \/>\n4 KROEMMER FRANCOIS<br \/>\n5 ROBERT SAMUEL<br \/>\n6 KINET STEVE<br \/>\n7 BIELAWSKI SEBASTIEN<\/p>\n<p><strong>Nationaux<\/strong><\/p>\n<p>1 CORNET THOMAS<br \/>\n2 DOLO BRENDAN<br \/>\n3 SNEESSENS ANTOINE<br \/>\n4 LIEBAERT JACINTHA<br \/>\n5 FOUASSIER SEBASTIEN<br \/>\n6 DESADELEER KENNY<br \/>\n7 CHAPUT MAXENCE<br \/>\n8 SERONT FABIEN<br \/>\n9 LATTUCA GREGORY<\/p>\n<p><strong>Inters<\/strong><\/p>\n<p>1 COUPRIE ROMAIN<br \/>\n2 VLAEYMANS YAN<br \/>\n3 TERNYCK MATHIEU<br \/>\n4 MEERTENS GUY<br \/>\n5 DOPPAGNE MAVERICK<br \/>\n6 REMACLE THOMAS<br \/>\n7 BOLLAND MARC<br \/>\n8 DARDENNE AURELIEN<br \/>\n9 MONTULET SEBASTIEN<br \/>\n10 BRUNO SALVATORE<br \/>\n11 CAVILLOT STEVE<br \/>\n12 HIEFF THIMOTHEE<br \/>\n13 LEHALLE RENAUD<br \/>\n14 CLUYDTS MAXIM<br \/>\n15 NAVEAUX ANTHONY<br \/>\n16 VAN BOGAERT OLIVIER<br \/>\n17 MONTULET OLIVIER<br \/>\n18 NAUJOKS JUNIOR<br \/>\n19 ROYEN AYRTON<br \/>\n20 S&rsquo;JONGERS EDDY<\/p>\n","protected":false},"excerpt":{"rendered":"<p>La saison 2008 du BQR s&rsquo;est poursuivie avec les \u00e9preuves de Heultje, laquelle a d\u00e0\u00bb \u00eatre report\u00e9e &agrave; cause du mauvais temps en d\u00e9but d&rsquo;ann\u00e9e et a pu \u00eatre report\u00e9e [&#8230;]<\/p>\n","protected":false},"author":932,"featured_media":0,"comment_status":"open","ping_status":"open","sticky":false,"template":"","format":"standard","meta":{"footnotes":""},"categories":[50,48],"tags":[],"class_list":["post-643","post","type-post","status-publish","format-standard","hentry","category-bqr","category-quad"],"yoast_head":"<!-- This site is optimized with the Yoast SEO plugin v27.4 - https:\/\/yoast.com\/product\/yoast-seo-wordpress\/ -->\n<title>Championnat BQR - Heultje &amp; Rogn\u00e9e | Le Fran\u00e7ais Romain Couprie s&#039;impose &agrave; Rogn\u00e9e - Motocross - Enduro - Supermoto | MotocrossMag<\/title>\n<meta name=\"robots\" content=\"index, follow, max-snippet:-1, max-image-preview:large, max-video-preview:-1\" \/>\n<link rel=\"canonical\" href=\"https:\/\/fr.motocrossmag.be\/index.php\/2008\/05\/championnat-bqr-heultje-rognee-le-francais-romain-couprie-simpose-a-rognee\/\" \/>\n<meta property=\"og:locale\" content=\"fr_FR\" \/>\n<meta property=\"og:type\" content=\"article\" \/>\n<meta property=\"og:title\" content=\"Championnat BQR - Heultje &amp; Rogn\u00e9e | Le Fran\u00e7ais Romain Couprie s&#039;impose &agrave; Rogn\u00e9e - Motocross - Enduro - Supermoto | MotocrossMag\" \/>\n<meta property=\"og:description\" content=\"La saison 2008 du BQR s&rsquo;est poursuivie avec les \u00e9preuves de Heultje, laquelle a d\u00e0\u00bb \u00eatre report\u00e9e &agrave; cause du mauvais temps en d\u00e9but d&rsquo;ann\u00e9e et a pu \u00eatre report\u00e9e [...]\" \/>\n<meta property=\"og:url\" content=\"https:\/\/fr.motocrossmag.be\/index.php\/2008\/05\/championnat-bqr-heultje-rognee-le-francais-romain-couprie-simpose-a-rognee\/\" \/>\n<meta property=\"og:site_name\" content=\"Motocross - Enduro - Supermoto | MotocrossMag\" \/>\n<meta property=\"article:published_time\" content=\"2008-05-09T22:43:19+00:00\" \/>\n<meta property=\"article:modified_time\" content=\"2008-05-09T22:50:07+00:00\" \/>\n<meta property=\"og:image\" content=\"http:\/\/www.motocrossmag.be\/wp-content\/uploads\/2008\/05\/rognee_bqr_int1.jpg\" \/>\n<meta name=\"author\" content=\"oliviere\" \/>\n<meta name=\"twitter:card\" content=\"summary_large_image\" \/>\n<meta name=\"twitter:label1\" content=\"\u00c9crit par\" \/>\n\t<meta name=\"twitter:data1\" content=\"oliviere\" \/>\n\t<meta name=\"twitter:label2\" content=\"Dur\u00e9e de lecture estim\u00e9e\" \/>\n\t<meta name=\"twitter:data2\" content=\"11 minutes\" \/>\n<script type=\"application\/ld+json\" class=\"yoast-schema-graph\">{\"@context\":\"https:\\\/\\\/schema.org\",\"@graph\":[{\"@type\":\"Article\",\"@id\":\"https:\\\/\\\/fr.motocrossmag.be\\\/index.php\\\/2008\\\/05\\\/championnat-bqr-heultje-rognee-le-francais-romain-couprie-simpose-a-rognee\\\/#article\",\"isPartOf\":{\"@id\":\"https:\\\/\\\/fr.motocrossmag.be\\\/index.php\\\/2008\\\/05\\\/championnat-bqr-heultje-rognee-le-francais-romain-couprie-simpose-a-rognee\\\/\"},\"author\":{\"name\":\"oliviere\",\"@id\":\"https:\\\/\\\/fr.motocrossmag.be\\\/#\\\/schema\\\/person\\\/11b47143d9f755babca2c9110e03235c\"},\"headline\":\"Championnat BQR &#8211; Heultje &#038; Rogn\u00e9e | Le Fran\u00e7ais Romain Couprie s&rsquo;impose &agrave; Rogn\u00e9e\",\"datePublished\":\"2008-05-09T22:43:19+00:00\",\"dateModified\":\"2008-05-09T22:50:07+00:00\",\"mainEntityOfPage\":{\"@id\":\"https:\\\/\\\/fr.motocrossmag.be\\\/index.php\\\/2008\\\/05\\\/championnat-bqr-heultje-rognee-le-francais-romain-couprie-simpose-a-rognee\\\/\"},\"wordCount\":2344,\"commentCount\":0,\"image\":{\"@id\":\"https:\\\/\\\/fr.motocrossmag.be\\\/index.php\\\/2008\\\/05\\\/championnat-bqr-heultje-rognee-le-francais-romain-couprie-simpose-a-rognee\\\/#primaryimage\"},\"thumbnailUrl\":\"http:\\\/\\\/www.motocrossmag.be\\\/wp-content\\\/uploads\\\/2008\\\/05\\\/rognee_bqr_int1.jpg\",\"articleSection\":[\"BQR\",\"Quad\"],\"inLanguage\":\"fr-FR\",\"potentialAction\":[{\"@type\":\"CommentAction\",\"name\":\"Comment\",\"target\":[\"https:\\\/\\\/fr.motocrossmag.be\\\/index.php\\\/2008\\\/05\\\/championnat-bqr-heultje-rognee-le-francais-romain-couprie-simpose-a-rognee\\\/#respond\"]}]},{\"@type\":\"WebPage\",\"@id\":\"https:\\\/\\\/fr.motocrossmag.be\\\/index.php\\\/2008\\\/05\\\/championnat-bqr-heultje-rognee-le-francais-romain-couprie-simpose-a-rognee\\\/\",\"url\":\"https:\\\/\\\/fr.motocrossmag.be\\\/index.php\\\/2008\\\/05\\\/championnat-bqr-heultje-rognee-le-francais-romain-couprie-simpose-a-rognee\\\/\",\"name\":\"Championnat BQR - Heultje & Rogn\u00e9e | Le Fran\u00e7ais Romain Couprie s'impose &agrave; Rogn\u00e9e - Motocross - Enduro - Supermoto | MotocrossMag\",\"isPartOf\":{\"@id\":\"https:\\\/\\\/fr.motocrossmag.be\\\/#website\"},\"primaryImageOfPage\":{\"@id\":\"https:\\\/\\\/fr.motocrossmag.be\\\/index.php\\\/2008\\\/05\\\/championnat-bqr-heultje-rognee-le-francais-romain-couprie-simpose-a-rognee\\\/#primaryimage\"},\"image\":{\"@id\":\"https:\\\/\\\/fr.motocrossmag.be\\\/index.php\\\/2008\\\/05\\\/championnat-bqr-heultje-rognee-le-francais-romain-couprie-simpose-a-rognee\\\/#primaryimage\"},\"thumbnailUrl\":\"http:\\\/\\\/www.motocrossmag.be\\\/wp-content\\\/uploads\\\/2008\\\/05\\\/rognee_bqr_int1.jpg\",\"datePublished\":\"2008-05-09T22:43:19+00:00\",\"dateModified\":\"2008-05-09T22:50:07+00:00\",\"author\":{\"@id\":\"https:\\\/\\\/fr.motocrossmag.be\\\/#\\\/schema\\\/person\\\/11b47143d9f755babca2c9110e03235c\"},\"breadcrumb\":{\"@id\":\"https:\\\/\\\/fr.motocrossmag.be\\\/index.php\\\/2008\\\/05\\\/championnat-bqr-heultje-rognee-le-francais-romain-couprie-simpose-a-rognee\\\/#breadcrumb\"},\"inLanguage\":\"fr-FR\",\"potentialAction\":[{\"@type\":\"ReadAction\",\"target\":[\"https:\\\/\\\/fr.motocrossmag.be\\\/index.php\\\/2008\\\/05\\\/championnat-bqr-heultje-rognee-le-francais-romain-couprie-simpose-a-rognee\\\/\"]}]},{\"@type\":\"ImageObject\",\"inLanguage\":\"fr-FR\",\"@id\":\"https:\\\/\\\/fr.motocrossmag.be\\\/index.php\\\/2008\\\/05\\\/championnat-bqr-heultje-rognee-le-francais-romain-couprie-simpose-a-rognee\\\/#primaryimage\",\"url\":\"http:\\\/\\\/www.motocrossmag.be\\\/wp-content\\\/uploads\\\/2008\\\/05\\\/rognee_bqr_int1.jpg\",\"contentUrl\":\"http:\\\/\\\/www.motocrossmag.be\\\/wp-content\\\/uploads\\\/2008\\\/05\\\/rognee_bqr_int1.jpg\"},{\"@type\":\"BreadcrumbList\",\"@id\":\"https:\\\/\\\/fr.motocrossmag.be\\\/index.php\\\/2008\\\/05\\\/championnat-bqr-heultje-rognee-le-francais-romain-couprie-simpose-a-rognee\\\/#breadcrumb\",\"itemListElement\":[{\"@type\":\"ListItem\",\"position\":1,\"name\":\"Accueil\",\"item\":\"https:\\\/\\\/fr.motocrossmag.be\\\/\"},{\"@type\":\"ListItem\",\"position\":2,\"name\":\"Championnat BQR &#8211; Heultje &#038; Rogn\u00e9e | Le Fran\u00e7ais Romain Couprie s&rsquo;impose &agrave; Rogn\u00e9e\"}]},{\"@type\":\"WebSite\",\"@id\":\"https:\\\/\\\/fr.motocrossmag.be\\\/#website\",\"url\":\"https:\\\/\\\/fr.motocrossmag.be\\\/\",\"name\":\"Motocross - Enduro - Supermoto | MotocrossMag\",\"description\":\"L&#039;actualit\u00e9 du motocross, de l&#039;enduro et du Supermoto en ligne!\",\"potentialAction\":[{\"@type\":\"SearchAction\",\"target\":{\"@type\":\"EntryPoint\",\"urlTemplate\":\"https:\\\/\\\/fr.motocrossmag.be\\\/?s={search_term_string}\"},\"query-input\":{\"@type\":\"PropertyValueSpecification\",\"valueRequired\":true,\"valueName\":\"search_term_string\"}}],\"inLanguage\":\"fr-FR\"},{\"@type\":\"Person\",\"@id\":\"https:\\\/\\\/fr.motocrossmag.be\\\/#\\\/schema\\\/person\\\/11b47143d9f755babca2c9110e03235c\",\"name\":\"oliviere\",\"image\":{\"@type\":\"ImageObject\",\"inLanguage\":\"fr-FR\",\"@id\":\"https:\\\/\\\/secure.gravatar.com\\\/avatar\\\/907069e0b81d119452040469e4a7501da1100f54f7f80180ce77bfab718288f6?s=96&d=mm&r=g\",\"url\":\"https:\\\/\\\/secure.gravatar.com\\\/avatar\\\/907069e0b81d119452040469e4a7501da1100f54f7f80180ce77bfab718288f6?s=96&d=mm&r=g\",\"contentUrl\":\"https:\\\/\\\/secure.gravatar.com\\\/avatar\\\/907069e0b81d119452040469e4a7501da1100f54f7f80180ce77bfab718288f6?s=96&d=mm&r=g\",\"caption\":\"oliviere\"},\"sameAs\":[\"http:\\\/\\\/www.motocrossmag.be\"],\"url\":\"https:\\\/\\\/fr.motocrossmag.be\\\/index.php\\\/author\\\/oliviere\\\/\"}]}<\/script>\n<!-- \/ Yoast SEO plugin. -->","yoast_head_json":{"title":"Championnat BQR - Heultje & Rogn\u00e9e | Le Fran\u00e7ais Romain Couprie s'impose &agrave; Rogn\u00e9e - Motocross - Enduro - Supermoto | MotocrossMag","robots":{"index":"index","follow":"follow","max-snippet":"max-snippet:-1","max-image-preview":"max-image-preview:large","max-video-preview":"max-video-preview:-1"},"canonical":"https:\/\/fr.motocrossmag.be\/index.php\/2008\/05\/championnat-bqr-heultje-rognee-le-francais-romain-couprie-simpose-a-rognee\/","og_locale":"fr_FR","og_type":"article","og_title":"Championnat BQR - Heultje & Rogn\u00e9e | Le Fran\u00e7ais Romain Couprie s'impose &agrave; Rogn\u00e9e - Motocross - Enduro - Supermoto | MotocrossMag","og_description":"La saison 2008 du BQR s&rsquo;est poursuivie avec les \u00e9preuves de Heultje, laquelle a d\u00e0\u00bb \u00eatre report\u00e9e &agrave; cause du mauvais temps en d\u00e9but d&rsquo;ann\u00e9e et a pu \u00eatre report\u00e9e [...]","og_url":"https:\/\/fr.motocrossmag.be\/index.php\/2008\/05\/championnat-bqr-heultje-rognee-le-francais-romain-couprie-simpose-a-rognee\/","og_site_name":"Motocross - Enduro - Supermoto | MotocrossMag","article_published_time":"2008-05-09T22:43:19+00:00","article_modified_time":"2008-05-09T22:50:07+00:00","og_image":[{"url":"http:\/\/www.motocrossmag.be\/wp-content\/uploads\/2008\/05\/rognee_bqr_int1.jpg","type":"","width":"","height":""}],"author":"oliviere","twitter_card":"summary_large_image","twitter_misc":{"\u00c9crit par":"oliviere","Dur\u00e9e de lecture estim\u00e9e":"11 minutes"},"schema":{"@context":"https:\/\/schema.org","@graph":[{"@type":"Article","@id":"https:\/\/fr.motocrossmag.be\/index.php\/2008\/05\/championnat-bqr-heultje-rognee-le-francais-romain-couprie-simpose-a-rognee\/#article","isPartOf":{"@id":"https:\/\/fr.motocrossmag.be\/index.php\/2008\/05\/championnat-bqr-heultje-rognee-le-francais-romain-couprie-simpose-a-rognee\/"},"author":{"name":"oliviere","@id":"https:\/\/fr.motocrossmag.be\/#\/schema\/person\/11b47143d9f755babca2c9110e03235c"},"headline":"Championnat BQR &#8211; Heultje &#038; Rogn\u00e9e | Le Fran\u00e7ais Romain Couprie s&rsquo;impose &agrave; Rogn\u00e9e","datePublished":"2008-05-09T22:43:19+00:00","dateModified":"2008-05-09T22:50:07+00:00","mainEntityOfPage":{"@id":"https:\/\/fr.motocrossmag.be\/index.php\/2008\/05\/championnat-bqr-heultje-rognee-le-francais-romain-couprie-simpose-a-rognee\/"},"wordCount":2344,"commentCount":0,"image":{"@id":"https:\/\/fr.motocrossmag.be\/index.php\/2008\/05\/championnat-bqr-heultje-rognee-le-francais-romain-couprie-simpose-a-rognee\/#primaryimage"},"thumbnailUrl":"http:\/\/www.motocrossmag.be\/wp-content\/uploads\/2008\/05\/rognee_bqr_int1.jpg","articleSection":["BQR","Quad"],"inLanguage":"fr-FR","potentialAction":[{"@type":"CommentAction","name":"Comment","target":["https:\/\/fr.motocrossmag.be\/index.php\/2008\/05\/championnat-bqr-heultje-rognee-le-francais-romain-couprie-simpose-a-rognee\/#respond"]}]},{"@type":"WebPage","@id":"https:\/\/fr.motocrossmag.be\/index.php\/2008\/05\/championnat-bqr-heultje-rognee-le-francais-romain-couprie-simpose-a-rognee\/","url":"https:\/\/fr.motocrossmag.be\/index.php\/2008\/05\/championnat-bqr-heultje-rognee-le-francais-romain-couprie-simpose-a-rognee\/","name":"Championnat BQR - Heultje & Rogn\u00e9e | Le Fran\u00e7ais Romain Couprie s'impose &agrave; Rogn\u00e9e - Motocross - Enduro - Supermoto | MotocrossMag","isPartOf":{"@id":"https:\/\/fr.motocrossmag.be\/#website"},"primaryImageOfPage":{"@id":"https:\/\/fr.motocrossmag.be\/index.php\/2008\/05\/championnat-bqr-heultje-rognee-le-francais-romain-couprie-simpose-a-rognee\/#primaryimage"},"image":{"@id":"https:\/\/fr.motocrossmag.be\/index.php\/2008\/05\/championnat-bqr-heultje-rognee-le-francais-romain-couprie-simpose-a-rognee\/#primaryimage"},"thumbnailUrl":"http:\/\/www.motocrossmag.be\/wp-content\/uploads\/2008\/05\/rognee_bqr_int1.jpg","datePublished":"2008-05-09T22:43:19+00:00","dateModified":"2008-05-09T22:50:07+00:00","author":{"@id":"https:\/\/fr.motocrossmag.be\/#\/schema\/person\/11b47143d9f755babca2c9110e03235c"},"breadcrumb":{"@id":"https:\/\/fr.motocrossmag.be\/index.php\/2008\/05\/championnat-bqr-heultje-rognee-le-francais-romain-couprie-simpose-a-rognee\/#breadcrumb"},"inLanguage":"fr-FR","potentialAction":[{"@type":"ReadAction","target":["https:\/\/fr.motocrossmag.be\/index.php\/2008\/05\/championnat-bqr-heultje-rognee-le-francais-romain-couprie-simpose-a-rognee\/"]}]},{"@type":"ImageObject","inLanguage":"fr-FR","@id":"https:\/\/fr.motocrossmag.be\/index.php\/2008\/05\/championnat-bqr-heultje-rognee-le-francais-romain-couprie-simpose-a-rognee\/#primaryimage","url":"http:\/\/www.motocrossmag.be\/wp-content\/uploads\/2008\/05\/rognee_bqr_int1.jpg","contentUrl":"http:\/\/www.motocrossmag.be\/wp-content\/uploads\/2008\/05\/rognee_bqr_int1.jpg"},{"@type":"BreadcrumbList","@id":"https:\/\/fr.motocrossmag.be\/index.php\/2008\/05\/championnat-bqr-heultje-rognee-le-francais-romain-couprie-simpose-a-rognee\/#breadcrumb","itemListElement":[{"@type":"ListItem","position":1,"name":"Accueil","item":"https:\/\/fr.motocrossmag.be\/"},{"@type":"ListItem","position":2,"name":"Championnat BQR &#8211; Heultje &#038; Rogn\u00e9e | Le Fran\u00e7ais Romain Couprie s&rsquo;impose &agrave; Rogn\u00e9e"}]},{"@type":"WebSite","@id":"https:\/\/fr.motocrossmag.be\/#website","url":"https:\/\/fr.motocrossmag.be\/","name":"Motocross - Enduro - Supermoto | MotocrossMag","description":"L&#039;actualit\u00e9 du motocross, de l&#039;enduro et du Supermoto en ligne!","potentialAction":[{"@type":"SearchAction","target":{"@type":"EntryPoint","urlTemplate":"https:\/\/fr.motocrossmag.be\/?s={search_term_string}"},"query-input":{"@type":"PropertyValueSpecification","valueRequired":true,"valueName":"search_term_string"}}],"inLanguage":"fr-FR"},{"@type":"Person","@id":"https:\/\/fr.motocrossmag.be\/#\/schema\/person\/11b47143d9f755babca2c9110e03235c","name":"oliviere","image":{"@type":"ImageObject","inLanguage":"fr-FR","@id":"https:\/\/secure.gravatar.com\/avatar\/907069e0b81d119452040469e4a7501da1100f54f7f80180ce77bfab718288f6?s=96&d=mm&r=g","url":"https:\/\/secure.gravatar.com\/avatar\/907069e0b81d119452040469e4a7501da1100f54f7f80180ce77bfab718288f6?s=96&d=mm&r=g","contentUrl":"https:\/\/secure.gravatar.com\/avatar\/907069e0b81d119452040469e4a7501da1100f54f7f80180ce77bfab718288f6?s=96&d=mm&r=g","caption":"oliviere"},"sameAs":["http:\/\/www.motocrossmag.be"],"url":"https:\/\/fr.motocrossmag.be\/index.php\/author\/oliviere\/"}]}},"_links":{"self":[{"href":"https:\/\/fr.motocrossmag.be\/index.php\/wp-json\/wp\/v2\/posts\/643","targetHints":{"allow":["GET"]}}],"collection":[{"href":"https:\/\/fr.motocrossmag.be\/index.php\/wp-json\/wp\/v2\/posts"}],"about":[{"href":"https:\/\/fr.motocrossmag.be\/index.php\/wp-json\/wp\/v2\/types\/post"}],"author":[{"embeddable":true,"href":"https:\/\/fr.motocrossmag.be\/index.php\/wp-json\/wp\/v2\/users\/932"}],"replies":[{"embeddable":true,"href":"https:\/\/fr.motocrossmag.be\/index.php\/wp-json\/wp\/v2\/comments?post=643"}],"version-history":[{"count":0,"href":"https:\/\/fr.motocrossmag.be\/index.php\/wp-json\/wp\/v2\/posts\/643\/revisions"}],"wp:attachment":[{"href":"https:\/\/fr.motocrossmag.be\/index.php\/wp-json\/wp\/v2\/media?parent=643"}],"wp:term":[{"taxonomy":"category","embeddable":true,"href":"https:\/\/fr.motocrossmag.be\/index.php\/wp-json\/wp\/v2\/categories?post=643"},{"taxonomy":"post_tag","embeddable":true,"href":"https:\/\/fr.motocrossmag.be\/index.php\/wp-json\/wp\/v2\/tags?post=643"}],"curies":[{"name":"wp","href":"https:\/\/api.w.org\/{rel}","templated":true}]}}