{"id":65099,"date":"2017-09-22T17:07:27","date_gmt":"2017-09-22T15:07:27","guid":{"rendered":"http:\/\/fr.motocrossmag.be\/?p=65099"},"modified":"2017-09-22T17:07:27","modified_gmt":"2017-09-22T15:07:27","slug":"supermoto-des-nations-kaivers-gaillard-et-bouillon-a-carole-ce-week-end","status":"publish","type":"post","link":"https:\/\/fr.motocrossmag.be\/index.php\/2017\/09\/supermoto-des-nations-kaivers-gaillard-et-bouillon-a-carole-ce-week-end\/","title":{"rendered":"Supermoto des Nations : Kaivers, Gaillard et Bouillon \u00e0 Carole ce week-end !"},"content":{"rendered":"<p><strong>La 12\u00e8me \u00e9dition du Supermoto des Nations se dispute ce week-end sur le circuit de Carole, en r\u00e9gion parisienne. Si la France, emmen\u00e9e par le champion du monde\u00a0Thomas Chareyre, Sylvain Bidart et Laurent Fath, partira une fois de plus favorite pour ce qui serait une 7\u00e8me victoire sur cette \u00e9preuve par \u00e9quipes nationales, la Belgique sera \u00e9galement de la partie avec une solide \u00e9quipe.<\/strong><\/p>\n<p>Priv\u00e9 du champion de Belgique Kevin Viellevoye, bless\u00e9 juste avant la finale de notre championnat national \u00e0 Battice, notre s\u00e9lectionneur national Leslie Beys a d\u00fb partir \u00e0 la recherche d&rsquo;un rempla\u00e7ant. Un joker qu&rsquo;il a trouv\u00e9 en la personne du toujours jeune Jean-Marc Gaillard. Le Li\u00e9geois sera donc au d\u00e9part ce week-end \u00e0 Carole face \u00e0 l&rsquo;\u00e9lite du Supermoto sous les couleurs belges aux c\u00f4t\u00e9s de Romain Kaivers et de S\u00e9bastien Bouillon.<\/p>\n<p>Toutes les infos : <a href=\"https:\/\/www.supermotodesnations2017.com\/\" target=\"_blank\" rel=\"noopener\">www.supermotodesnations2017.com<\/a><\/p>\n","protected":false},"excerpt":{"rendered":"<p>La 12\u00e8me \u00e9dition du Supermoto des Nations se dispute ce week-end sur le circuit de Carole, en r\u00e9gion parisienne. Si la France, emmen\u00e9e par le champion du monde\u00a0Thomas Chareyre, Sylvain [&#8230;]<\/p>\n","protected":false},"author":932,"featured_media":47923,"comment_status":"open","ping_status":"closed","sticky":false,"template":"","format":"standard","meta":{"footnotes":""},"categories":[54,42,43,55,65,38],"tags":[],"class_list":["post-65099","post","type-post","status-publish","format-standard","has-post-thumbnail","hentry","category-actualite","category-mondial-supermoto","category-news-supermoto","category-news-actualite","category-slideshow","category-supermoto"],"yoast_head":"<!-- This site is optimized with the Yoast SEO plugin v27.4 - https:\/\/yoast.com\/product\/yoast-seo-wordpress\/ -->\n<title>Supermoto des Nations : Kaivers, Gaillard et Bouillon \u00e0 Carole ce week-end ! - Motocross - Enduro - Supermoto | MotocrossMag<\/title>\n<meta name=\"robots\" content=\"index, follow, max-snippet:-1, max-image-preview:large, max-video-preview:-1\" \/>\n<link rel=\"canonical\" href=\"https:\/\/fr.motocrossmag.be\/index.php\/2017\/09\/supermoto-des-nations-kaivers-gaillard-et-bouillon-a-carole-ce-week-end\/\" \/>\n<meta property=\"og:locale\" content=\"fr_FR\" \/>\n<meta property=\"og:type\" content=\"article\" \/>\n<meta property=\"og:title\" content=\"Supermoto des Nations : Kaivers, Gaillard et Bouillon \u00e0 Carole ce week-end ! - Motocross - Enduro - Supermoto | MotocrossMag\" \/>\n<meta property=\"og:description\" content=\"La 12\u00e8me \u00e9dition du Supermoto des Nations se dispute ce week-end sur le circuit de Carole, en r\u00e9gion parisienne. Si la France, emmen\u00e9e par le champion du monde\u00a0Thomas Chareyre, Sylvain [...]\" \/>\n<meta property=\"og:url\" content=\"https:\/\/fr.motocrossmag.be\/index.php\/2017\/09\/supermoto-des-nations-kaivers-gaillard-et-bouillon-a-carole-ce-week-end\/\" \/>\n<meta property=\"og:site_name\" content=\"Motocross - Enduro - Supermoto | MotocrossMag\" \/>\n<meta property=\"article:published_time\" content=\"2017-09-22T15:07:27+00:00\" \/>\n<meta property=\"og:image\" content=\"https:\/\/fr.motocrossmag.be\/wp-content\/uploads\/2016\/06\/Supermoto_bilstain_IMG_7934.jpg\" \/>\n\t<meta property=\"og:image:width\" content=\"1200\" \/>\n\t<meta property=\"og:image:height\" content=\"800\" \/>\n\t<meta property=\"og:image:type\" content=\"image\/jpeg\" \/>\n<meta name=\"author\" content=\"oliviere\" \/>\n<meta name=\"twitter:card\" content=\"summary_large_image\" \/>\n<meta name=\"twitter:label1\" content=\"\u00c9crit par\" \/>\n\t<meta name=\"twitter:data1\" content=\"oliviere\" \/>\n\t<meta name=\"twitter:label2\" content=\"Dur\u00e9e de lecture estim\u00e9e\" \/>\n\t<meta name=\"twitter:data2\" content=\"1 minute\" \/>\n<script type=\"application\/ld+json\" class=\"yoast-schema-graph\">{\"@context\":\"https:\\\/\\\/schema.org\",\"@graph\":[{\"@type\":\"Article\",\"@id\":\"https:\\\/\\\/fr.motocrossmag.be\\\/index.php\\\/2017\\\/09\\\/supermoto-des-nations-kaivers-gaillard-et-bouillon-a-carole-ce-week-end\\\/#article\",\"isPartOf\":{\"@id\":\"https:\\\/\\\/fr.motocrossmag.be\\\/index.php\\\/2017\\\/09\\\/supermoto-des-nations-kaivers-gaillard-et-bouillon-a-carole-ce-week-end\\\/\"},\"author\":{\"name\":\"oliviere\",\"@id\":\"https:\\\/\\\/fr.motocrossmag.be\\\/#\\\/schema\\\/person\\\/11b47143d9f755babca2c9110e03235c\"},\"headline\":\"Supermoto des Nations : Kaivers, Gaillard et Bouillon \u00e0 Carole ce week-end !\",\"datePublished\":\"2017-09-22T15:07:27+00:00\",\"mainEntityOfPage\":{\"@id\":\"https:\\\/\\\/fr.motocrossmag.be\\\/index.php\\\/2017\\\/09\\\/supermoto-des-nations-kaivers-gaillard-et-bouillon-a-carole-ce-week-end\\\/\"},\"wordCount\":161,\"commentCount\":0,\"image\":{\"@id\":\"https:\\\/\\\/fr.motocrossmag.be\\\/index.php\\\/2017\\\/09\\\/supermoto-des-nations-kaivers-gaillard-et-bouillon-a-carole-ce-week-end\\\/#primaryimage\"},\"thumbnailUrl\":\"https:\\\/\\\/fr.motocrossmag.be\\\/wp-content\\\/uploads\\\/2016\\\/06\\\/Supermoto_bilstain_IMG_7934.jpg\",\"articleSection\":[\"Actualit\u00e9\",\"International\",\"News\",\"News\",\"Slideshow\",\"Supermoto\"],\"inLanguage\":\"fr-FR\",\"potentialAction\":[{\"@type\":\"CommentAction\",\"name\":\"Comment\",\"target\":[\"https:\\\/\\\/fr.motocrossmag.be\\\/index.php\\\/2017\\\/09\\\/supermoto-des-nations-kaivers-gaillard-et-bouillon-a-carole-ce-week-end\\\/#respond\"]}]},{\"@type\":\"WebPage\",\"@id\":\"https:\\\/\\\/fr.motocrossmag.be\\\/index.php\\\/2017\\\/09\\\/supermoto-des-nations-kaivers-gaillard-et-bouillon-a-carole-ce-week-end\\\/\",\"url\":\"https:\\\/\\\/fr.motocrossmag.be\\\/index.php\\\/2017\\\/09\\\/supermoto-des-nations-kaivers-gaillard-et-bouillon-a-carole-ce-week-end\\\/\",\"name\":\"Supermoto des Nations : Kaivers, Gaillard et Bouillon \u00e0 Carole ce week-end ! - Motocross - Enduro - Supermoto | MotocrossMag\",\"isPartOf\":{\"@id\":\"https:\\\/\\\/fr.motocrossmag.be\\\/#website\"},\"primaryImageOfPage\":{\"@id\":\"https:\\\/\\\/fr.motocrossmag.be\\\/index.php\\\/2017\\\/09\\\/supermoto-des-nations-kaivers-gaillard-et-bouillon-a-carole-ce-week-end\\\/#primaryimage\"},\"image\":{\"@id\":\"https:\\\/\\\/fr.motocrossmag.be\\\/index.php\\\/2017\\\/09\\\/supermoto-des-nations-kaivers-gaillard-et-bouillon-a-carole-ce-week-end\\\/#primaryimage\"},\"thumbnailUrl\":\"https:\\\/\\\/fr.motocrossmag.be\\\/wp-content\\\/uploads\\\/2016\\\/06\\\/Supermoto_bilstain_IMG_7934.jpg\",\"datePublished\":\"2017-09-22T15:07:27+00:00\",\"author\":{\"@id\":\"https:\\\/\\\/fr.motocrossmag.be\\\/#\\\/schema\\\/person\\\/11b47143d9f755babca2c9110e03235c\"},\"breadcrumb\":{\"@id\":\"https:\\\/\\\/fr.motocrossmag.be\\\/index.php\\\/2017\\\/09\\\/supermoto-des-nations-kaivers-gaillard-et-bouillon-a-carole-ce-week-end\\\/#breadcrumb\"},\"inLanguage\":\"fr-FR\",\"potentialAction\":[{\"@type\":\"ReadAction\",\"target\":[\"https:\\\/\\\/fr.motocrossmag.be\\\/index.php\\\/2017\\\/09\\\/supermoto-des-nations-kaivers-gaillard-et-bouillon-a-carole-ce-week-end\\\/\"]}]},{\"@type\":\"ImageObject\",\"inLanguage\":\"fr-FR\",\"@id\":\"https:\\\/\\\/fr.motocrossmag.be\\\/index.php\\\/2017\\\/09\\\/supermoto-des-nations-kaivers-gaillard-et-bouillon-a-carole-ce-week-end\\\/#primaryimage\",\"url\":\"https:\\\/\\\/fr.motocrossmag.be\\\/wp-content\\\/uploads\\\/2016\\\/06\\\/Supermoto_bilstain_IMG_7934.jpg\",\"contentUrl\":\"https:\\\/\\\/fr.motocrossmag.be\\\/wp-content\\\/uploads\\\/2016\\\/06\\\/Supermoto_bilstain_IMG_7934.jpg\",\"width\":1200,\"height\":800},{\"@type\":\"BreadcrumbList\",\"@id\":\"https:\\\/\\\/fr.motocrossmag.be\\\/index.php\\\/2017\\\/09\\\/supermoto-des-nations-kaivers-gaillard-et-bouillon-a-carole-ce-week-end\\\/#breadcrumb\",\"itemListElement\":[{\"@type\":\"ListItem\",\"position\":1,\"name\":\"Accueil\",\"item\":\"https:\\\/\\\/fr.motocrossmag.be\\\/\"},{\"@type\":\"ListItem\",\"position\":2,\"name\":\"Supermoto des Nations : Kaivers, Gaillard et Bouillon \u00e0 Carole ce week-end !\"}]},{\"@type\":\"WebSite\",\"@id\":\"https:\\\/\\\/fr.motocrossmag.be\\\/#website\",\"url\":\"https:\\\/\\\/fr.motocrossmag.be\\\/\",\"name\":\"Motocross - Enduro - Supermoto | MotocrossMag\",\"description\":\"L&#039;actualit\u00e9 du motocross, de l&#039;enduro et du Supermoto en ligne!\",\"potentialAction\":[{\"@type\":\"SearchAction\",\"target\":{\"@type\":\"EntryPoint\",\"urlTemplate\":\"https:\\\/\\\/fr.motocrossmag.be\\\/?s={search_term_string}\"},\"query-input\":{\"@type\":\"PropertyValueSpecification\",\"valueRequired\":true,\"valueName\":\"search_term_string\"}}],\"inLanguage\":\"fr-FR\"},{\"@type\":\"Person\",\"@id\":\"https:\\\/\\\/fr.motocrossmag.be\\\/#\\\/schema\\\/person\\\/11b47143d9f755babca2c9110e03235c\",\"name\":\"oliviere\",\"image\":{\"@type\":\"ImageObject\",\"inLanguage\":\"fr-FR\",\"@id\":\"https:\\\/\\\/secure.gravatar.com\\\/avatar\\\/907069e0b81d119452040469e4a7501da1100f54f7f80180ce77bfab718288f6?s=96&d=mm&r=g\",\"url\":\"https:\\\/\\\/secure.gravatar.com\\\/avatar\\\/907069e0b81d119452040469e4a7501da1100f54f7f80180ce77bfab718288f6?s=96&d=mm&r=g\",\"contentUrl\":\"https:\\\/\\\/secure.gravatar.com\\\/avatar\\\/907069e0b81d119452040469e4a7501da1100f54f7f80180ce77bfab718288f6?s=96&d=mm&r=g\",\"caption\":\"oliviere\"},\"sameAs\":[\"http:\\\/\\\/www.motocrossmag.be\"],\"url\":\"https:\\\/\\\/fr.motocrossmag.be\\\/index.php\\\/author\\\/oliviere\\\/\"}]}<\/script>\n<!-- \/ Yoast SEO plugin. -->","yoast_head_json":{"title":"Supermoto des Nations : Kaivers, Gaillard et Bouillon \u00e0 Carole ce week-end ! - Motocross - Enduro - Supermoto | MotocrossMag","robots":{"index":"index","follow":"follow","max-snippet":"max-snippet:-1","max-image-preview":"max-image-preview:large","max-video-preview":"max-video-preview:-1"},"canonical":"https:\/\/fr.motocrossmag.be\/index.php\/2017\/09\/supermoto-des-nations-kaivers-gaillard-et-bouillon-a-carole-ce-week-end\/","og_locale":"fr_FR","og_type":"article","og_title":"Supermoto des Nations : Kaivers, Gaillard et Bouillon \u00e0 Carole ce week-end ! - Motocross - Enduro - Supermoto | MotocrossMag","og_description":"La 12\u00e8me \u00e9dition du Supermoto des Nations se dispute ce week-end sur le circuit de Carole, en r\u00e9gion parisienne. Si la France, emmen\u00e9e par le champion du monde\u00a0Thomas Chareyre, Sylvain [...]","og_url":"https:\/\/fr.motocrossmag.be\/index.php\/2017\/09\/supermoto-des-nations-kaivers-gaillard-et-bouillon-a-carole-ce-week-end\/","og_site_name":"Motocross - Enduro - Supermoto | MotocrossMag","article_published_time":"2017-09-22T15:07:27+00:00","og_image":[{"width":1200,"height":800,"url":"https:\/\/fr.motocrossmag.be\/wp-content\/uploads\/2016\/06\/Supermoto_bilstain_IMG_7934.jpg","type":"image\/jpeg"}],"author":"oliviere","twitter_card":"summary_large_image","twitter_misc":{"\u00c9crit par":"oliviere","Dur\u00e9e de lecture estim\u00e9e":"1 minute"},"schema":{"@context":"https:\/\/schema.org","@graph":[{"@type":"Article","@id":"https:\/\/fr.motocrossmag.be\/index.php\/2017\/09\/supermoto-des-nations-kaivers-gaillard-et-bouillon-a-carole-ce-week-end\/#article","isPartOf":{"@id":"https:\/\/fr.motocrossmag.be\/index.php\/2017\/09\/supermoto-des-nations-kaivers-gaillard-et-bouillon-a-carole-ce-week-end\/"},"author":{"name":"oliviere","@id":"https:\/\/fr.motocrossmag.be\/#\/schema\/person\/11b47143d9f755babca2c9110e03235c"},"headline":"Supermoto des Nations : Kaivers, Gaillard et Bouillon \u00e0 Carole ce week-end !","datePublished":"2017-09-22T15:07:27+00:00","mainEntityOfPage":{"@id":"https:\/\/fr.motocrossmag.be\/index.php\/2017\/09\/supermoto-des-nations-kaivers-gaillard-et-bouillon-a-carole-ce-week-end\/"},"wordCount":161,"commentCount":0,"image":{"@id":"https:\/\/fr.motocrossmag.be\/index.php\/2017\/09\/supermoto-des-nations-kaivers-gaillard-et-bouillon-a-carole-ce-week-end\/#primaryimage"},"thumbnailUrl":"https:\/\/fr.motocrossmag.be\/wp-content\/uploads\/2016\/06\/Supermoto_bilstain_IMG_7934.jpg","articleSection":["Actualit\u00e9","International","News","News","Slideshow","Supermoto"],"inLanguage":"fr-FR","potentialAction":[{"@type":"CommentAction","name":"Comment","target":["https:\/\/fr.motocrossmag.be\/index.php\/2017\/09\/supermoto-des-nations-kaivers-gaillard-et-bouillon-a-carole-ce-week-end\/#respond"]}]},{"@type":"WebPage","@id":"https:\/\/fr.motocrossmag.be\/index.php\/2017\/09\/supermoto-des-nations-kaivers-gaillard-et-bouillon-a-carole-ce-week-end\/","url":"https:\/\/fr.motocrossmag.be\/index.php\/2017\/09\/supermoto-des-nations-kaivers-gaillard-et-bouillon-a-carole-ce-week-end\/","name":"Supermoto des Nations : Kaivers, Gaillard et Bouillon \u00e0 Carole ce week-end ! - Motocross - Enduro - Supermoto | MotocrossMag","isPartOf":{"@id":"https:\/\/fr.motocrossmag.be\/#website"},"primaryImageOfPage":{"@id":"https:\/\/fr.motocrossmag.be\/index.php\/2017\/09\/supermoto-des-nations-kaivers-gaillard-et-bouillon-a-carole-ce-week-end\/#primaryimage"},"image":{"@id":"https:\/\/fr.motocrossmag.be\/index.php\/2017\/09\/supermoto-des-nations-kaivers-gaillard-et-bouillon-a-carole-ce-week-end\/#primaryimage"},"thumbnailUrl":"https:\/\/fr.motocrossmag.be\/wp-content\/uploads\/2016\/06\/Supermoto_bilstain_IMG_7934.jpg","datePublished":"2017-09-22T15:07:27+00:00","author":{"@id":"https:\/\/fr.motocrossmag.be\/#\/schema\/person\/11b47143d9f755babca2c9110e03235c"},"breadcrumb":{"@id":"https:\/\/fr.motocrossmag.be\/index.php\/2017\/09\/supermoto-des-nations-kaivers-gaillard-et-bouillon-a-carole-ce-week-end\/#breadcrumb"},"inLanguage":"fr-FR","potentialAction":[{"@type":"ReadAction","target":["https:\/\/fr.motocrossmag.be\/index.php\/2017\/09\/supermoto-des-nations-kaivers-gaillard-et-bouillon-a-carole-ce-week-end\/"]}]},{"@type":"ImageObject","inLanguage":"fr-FR","@id":"https:\/\/fr.motocrossmag.be\/index.php\/2017\/09\/supermoto-des-nations-kaivers-gaillard-et-bouillon-a-carole-ce-week-end\/#primaryimage","url":"https:\/\/fr.motocrossmag.be\/wp-content\/uploads\/2016\/06\/Supermoto_bilstain_IMG_7934.jpg","contentUrl":"https:\/\/fr.motocrossmag.be\/wp-content\/uploads\/2016\/06\/Supermoto_bilstain_IMG_7934.jpg","width":1200,"height":800},{"@type":"BreadcrumbList","@id":"https:\/\/fr.motocrossmag.be\/index.php\/2017\/09\/supermoto-des-nations-kaivers-gaillard-et-bouillon-a-carole-ce-week-end\/#breadcrumb","itemListElement":[{"@type":"ListItem","position":1,"name":"Accueil","item":"https:\/\/fr.motocrossmag.be\/"},{"@type":"ListItem","position":2,"name":"Supermoto des Nations : Kaivers, Gaillard et Bouillon \u00e0 Carole ce week-end !"}]},{"@type":"WebSite","@id":"https:\/\/fr.motocrossmag.be\/#website","url":"https:\/\/fr.motocrossmag.be\/","name":"Motocross - Enduro - Supermoto | MotocrossMag","description":"L&#039;actualit\u00e9 du motocross, de l&#039;enduro et du Supermoto en ligne!","potentialAction":[{"@type":"SearchAction","target":{"@type":"EntryPoint","urlTemplate":"https:\/\/fr.motocrossmag.be\/?s={search_term_string}"},"query-input":{"@type":"PropertyValueSpecification","valueRequired":true,"valueName":"search_term_string"}}],"inLanguage":"fr-FR"},{"@type":"Person","@id":"https:\/\/fr.motocrossmag.be\/#\/schema\/person\/11b47143d9f755babca2c9110e03235c","name":"oliviere","image":{"@type":"ImageObject","inLanguage":"fr-FR","@id":"https:\/\/secure.gravatar.com\/avatar\/907069e0b81d119452040469e4a7501da1100f54f7f80180ce77bfab718288f6?s=96&d=mm&r=g","url":"https:\/\/secure.gravatar.com\/avatar\/907069e0b81d119452040469e4a7501da1100f54f7f80180ce77bfab718288f6?s=96&d=mm&r=g","contentUrl":"https:\/\/secure.gravatar.com\/avatar\/907069e0b81d119452040469e4a7501da1100f54f7f80180ce77bfab718288f6?s=96&d=mm&r=g","caption":"oliviere"},"sameAs":["http:\/\/www.motocrossmag.be"],"url":"https:\/\/fr.motocrossmag.be\/index.php\/author\/oliviere\/"}]}},"_links":{"self":[{"href":"https:\/\/fr.motocrossmag.be\/index.php\/wp-json\/wp\/v2\/posts\/65099","targetHints":{"allow":["GET"]}}],"collection":[{"href":"https:\/\/fr.motocrossmag.be\/index.php\/wp-json\/wp\/v2\/posts"}],"about":[{"href":"https:\/\/fr.motocrossmag.be\/index.php\/wp-json\/wp\/v2\/types\/post"}],"author":[{"embeddable":true,"href":"https:\/\/fr.motocrossmag.be\/index.php\/wp-json\/wp\/v2\/users\/932"}],"replies":[{"embeddable":true,"href":"https:\/\/fr.motocrossmag.be\/index.php\/wp-json\/wp\/v2\/comments?post=65099"}],"version-history":[{"count":1,"href":"https:\/\/fr.motocrossmag.be\/index.php\/wp-json\/wp\/v2\/posts\/65099\/revisions"}],"predecessor-version":[{"id":65100,"href":"https:\/\/fr.motocrossmag.be\/index.php\/wp-json\/wp\/v2\/posts\/65099\/revisions\/65100"}],"wp:featuredmedia":[{"embeddable":true,"href":"https:\/\/fr.motocrossmag.be\/index.php\/wp-json\/wp\/v2\/media\/47923"}],"wp:attachment":[{"href":"https:\/\/fr.motocrossmag.be\/index.php\/wp-json\/wp\/v2\/media?parent=65099"}],"wp:term":[{"taxonomy":"category","embeddable":true,"href":"https:\/\/fr.motocrossmag.be\/index.php\/wp-json\/wp\/v2\/categories?post=65099"},{"taxonomy":"post_tag","embeddable":true,"href":"https:\/\/fr.motocrossmag.be\/index.php\/wp-json\/wp\/v2\/tags?post=65099"}],"curies":[{"name":"wp","href":"https:\/\/api.w.org\/{rel}","templated":true}]}}