{"id":65593,"date":"2017-10-05T21:17:04","date_gmt":"2017-10-05T19:17:04","guid":{"rendered":"http:\/\/fr.motocrossmag.be\/?p=65593"},"modified":"2017-10-05T21:18:15","modified_gmt":"2017-10-05T19:18:15","slug":"endurance-supermoto-a-bilstain-le-22-octobre","status":"publish","type":"post","link":"https:\/\/fr.motocrossmag.be\/index.php\/2017\/10\/endurance-supermoto-a-bilstain-le-22-octobre\/","title":{"rendered":"Endurance Supermoto \u00e0 Bilstain le 22 octobre"},"content":{"rendered":"<p><strong>Le club de Bilstain organise sur le dimanche 22 octobre prochain une \u00e9preuve d&rsquo;endurance Supermoto. Par \u00e9quipes de deux pilotes, ce sont trois heures de course qui figurent au menu de la journ\u00e9e. Les reconnaissances de la piste li\u00e9geoise se d\u00e9rouleront entre 11h00 et midi tandis que le d\u00e9part de la course sera donn\u00e9 \u00e0 13h00.<\/strong><\/p>\n<p>Les <a href=\"http:\/\/www.ris-timing.be\/inscriptions\/description.php?epreuve=41\" target=\"_blank\" rel=\"noopener\">inscriptions sont d\u00e9j\u00e0 ouvertes<\/a>. Ne tardez pas, la date d&rsquo;inscription d\u00e9terminera l&rsquo;ordre de d\u00e9part. Pour les retardataire ou les ind\u00e9cis, il sera encore possible de s&rsquo;inscrire sur place le jour-m\u00eame entre 10h00 et 10h30. Un maxium de quarante \u00e9quipages sera accept\u00e9 au d\u00e9part.<\/p>\n<p>PAF : 106 \u20ac \/\u00e9quipage, t-shirt pour chaque pilote compris<\/p>\n<a href=\"http:\/\/www.ris-timing.be\/inscriptions\/description.php?epreuve=41\" class=\"su-button su-button-style-flat\" style=\"color:#FFFFFF;background-color:#e52e17;border-color:#b82513;border-radius:9px\" target=\"_blank\" rel=\"noopener noreferrer\"><span style=\"color:#FFFFFF;padding:8px 24px;font-size:18px;line-height:27px;border-color:#ed6d5d;border-radius:9px;text-shadow:none\"><i class=\"sui sui-arrow-right\" style=\"font-size:18px;color:#FFFFFF\"><\/i> Je m&rsquo;inscris !<\/span><\/a>\n","protected":false},"excerpt":{"rendered":"<p>Le club de Bilstain organise sur le dimanche 22 octobre prochain une \u00e9preuve d&rsquo;endurance Supermoto. Par \u00e9quipes de deux pilotes, ce sont trois heures de course qui figurent au menu [&#8230;]<\/p>\n","protected":false},"author":932,"featured_media":47919,"comment_status":"open","ping_status":"closed","sticky":false,"template":"","format":"standard","meta":{"footnotes":""},"categories":[54,43,55,65,38],"tags":[],"class_list":["post-65593","post","type-post","status-publish","format-standard","has-post-thumbnail","hentry","category-actualite","category-news-supermoto","category-news-actualite","category-slideshow","category-supermoto"],"yoast_head":"<!-- This site is optimized with the Yoast SEO plugin v27.5 - https:\/\/yoast.com\/product\/yoast-seo-wordpress\/ -->\n<title>Endurance Supermoto \u00e0 Bilstain le 22 octobre - Motocross - Enduro - Supermoto | MotocrossMag<\/title>\n<meta name=\"robots\" content=\"index, follow, max-snippet:-1, max-image-preview:large, max-video-preview:-1\" \/>\n<link rel=\"canonical\" href=\"https:\/\/fr.motocrossmag.be\/index.php\/2017\/10\/endurance-supermoto-a-bilstain-le-22-octobre\/\" \/>\n<meta property=\"og:locale\" content=\"fr_FR\" \/>\n<meta property=\"og:type\" content=\"article\" \/>\n<meta property=\"og:title\" content=\"Endurance Supermoto \u00e0 Bilstain le 22 octobre - Motocross - Enduro - Supermoto | MotocrossMag\" \/>\n<meta property=\"og:description\" content=\"Le club de Bilstain organise sur le dimanche 22 octobre prochain une \u00e9preuve d&rsquo;endurance Supermoto. Par \u00e9quipes de deux pilotes, ce sont trois heures de course qui figurent au menu [...]\" \/>\n<meta property=\"og:url\" content=\"https:\/\/fr.motocrossmag.be\/index.php\/2017\/10\/endurance-supermoto-a-bilstain-le-22-octobre\/\" \/>\n<meta property=\"og:site_name\" content=\"Motocross - Enduro - Supermoto | MotocrossMag\" \/>\n<meta property=\"article:published_time\" content=\"2017-10-05T19:17:04+00:00\" \/>\n<meta property=\"article:modified_time\" content=\"2017-10-05T19:18:15+00:00\" \/>\n<meta property=\"og:image\" content=\"https:\/\/fr.motocrossmag.be\/wp-content\/uploads\/2016\/06\/Supermoto_bilstain_IMG_7799.jpg\" \/>\n\t<meta property=\"og:image:width\" content=\"1200\" \/>\n\t<meta property=\"og:image:height\" content=\"800\" \/>\n\t<meta property=\"og:image:type\" content=\"image\/jpeg\" \/>\n<meta name=\"author\" content=\"oliviere\" \/>\n<meta name=\"twitter:card\" content=\"summary_large_image\" \/>\n<meta name=\"twitter:label1\" content=\"\u00c9crit par\" \/>\n\t<meta name=\"twitter:data1\" content=\"oliviere\" \/>\n\t<meta name=\"twitter:label2\" content=\"Dur\u00e9e de lecture estim\u00e9e\" \/>\n\t<meta name=\"twitter:data2\" content=\"1 minute\" \/>\n<script type=\"application\/ld+json\" class=\"yoast-schema-graph\">{\"@context\":\"https:\\\/\\\/schema.org\",\"@graph\":[{\"@type\":\"Article\",\"@id\":\"https:\\\/\\\/fr.motocrossmag.be\\\/index.php\\\/2017\\\/10\\\/endurance-supermoto-a-bilstain-le-22-octobre\\\/#article\",\"isPartOf\":{\"@id\":\"https:\\\/\\\/fr.motocrossmag.be\\\/index.php\\\/2017\\\/10\\\/endurance-supermoto-a-bilstain-le-22-octobre\\\/\"},\"author\":{\"name\":\"oliviere\",\"@id\":\"https:\\\/\\\/fr.motocrossmag.be\\\/#\\\/schema\\\/person\\\/11b47143d9f755babca2c9110e03235c\"},\"headline\":\"Endurance Supermoto \u00e0 Bilstain le 22 octobre\",\"datePublished\":\"2017-10-05T19:17:04+00:00\",\"dateModified\":\"2017-10-05T19:18:15+00:00\",\"mainEntityOfPage\":{\"@id\":\"https:\\\/\\\/fr.motocrossmag.be\\\/index.php\\\/2017\\\/10\\\/endurance-supermoto-a-bilstain-le-22-octobre\\\/\"},\"wordCount\":151,\"commentCount\":0,\"image\":{\"@id\":\"https:\\\/\\\/fr.motocrossmag.be\\\/index.php\\\/2017\\\/10\\\/endurance-supermoto-a-bilstain-le-22-octobre\\\/#primaryimage\"},\"thumbnailUrl\":\"https:\\\/\\\/fr.motocrossmag.be\\\/wp-content\\\/uploads\\\/2016\\\/06\\\/Supermoto_bilstain_IMG_7799.jpg\",\"articleSection\":[\"Actualit\u00e9\",\"News\",\"News\",\"Slideshow\",\"Supermoto\"],\"inLanguage\":\"fr-FR\",\"potentialAction\":[{\"@type\":\"CommentAction\",\"name\":\"Comment\",\"target\":[\"https:\\\/\\\/fr.motocrossmag.be\\\/index.php\\\/2017\\\/10\\\/endurance-supermoto-a-bilstain-le-22-octobre\\\/#respond\"]}]},{\"@type\":\"WebPage\",\"@id\":\"https:\\\/\\\/fr.motocrossmag.be\\\/index.php\\\/2017\\\/10\\\/endurance-supermoto-a-bilstain-le-22-octobre\\\/\",\"url\":\"https:\\\/\\\/fr.motocrossmag.be\\\/index.php\\\/2017\\\/10\\\/endurance-supermoto-a-bilstain-le-22-octobre\\\/\",\"name\":\"Endurance Supermoto \u00e0 Bilstain le 22 octobre - Motocross - Enduro - Supermoto | MotocrossMag\",\"isPartOf\":{\"@id\":\"https:\\\/\\\/fr.motocrossmag.be\\\/#website\"},\"primaryImageOfPage\":{\"@id\":\"https:\\\/\\\/fr.motocrossmag.be\\\/index.php\\\/2017\\\/10\\\/endurance-supermoto-a-bilstain-le-22-octobre\\\/#primaryimage\"},\"image\":{\"@id\":\"https:\\\/\\\/fr.motocrossmag.be\\\/index.php\\\/2017\\\/10\\\/endurance-supermoto-a-bilstain-le-22-octobre\\\/#primaryimage\"},\"thumbnailUrl\":\"https:\\\/\\\/fr.motocrossmag.be\\\/wp-content\\\/uploads\\\/2016\\\/06\\\/Supermoto_bilstain_IMG_7799.jpg\",\"datePublished\":\"2017-10-05T19:17:04+00:00\",\"dateModified\":\"2017-10-05T19:18:15+00:00\",\"author\":{\"@id\":\"https:\\\/\\\/fr.motocrossmag.be\\\/#\\\/schema\\\/person\\\/11b47143d9f755babca2c9110e03235c\"},\"breadcrumb\":{\"@id\":\"https:\\\/\\\/fr.motocrossmag.be\\\/index.php\\\/2017\\\/10\\\/endurance-supermoto-a-bilstain-le-22-octobre\\\/#breadcrumb\"},\"inLanguage\":\"fr-FR\",\"potentialAction\":[{\"@type\":\"ReadAction\",\"target\":[\"https:\\\/\\\/fr.motocrossmag.be\\\/index.php\\\/2017\\\/10\\\/endurance-supermoto-a-bilstain-le-22-octobre\\\/\"]}]},{\"@type\":\"ImageObject\",\"inLanguage\":\"fr-FR\",\"@id\":\"https:\\\/\\\/fr.motocrossmag.be\\\/index.php\\\/2017\\\/10\\\/endurance-supermoto-a-bilstain-le-22-octobre\\\/#primaryimage\",\"url\":\"https:\\\/\\\/fr.motocrossmag.be\\\/wp-content\\\/uploads\\\/2016\\\/06\\\/Supermoto_bilstain_IMG_7799.jpg\",\"contentUrl\":\"https:\\\/\\\/fr.motocrossmag.be\\\/wp-content\\\/uploads\\\/2016\\\/06\\\/Supermoto_bilstain_IMG_7799.jpg\",\"width\":1200,\"height\":800},{\"@type\":\"BreadcrumbList\",\"@id\":\"https:\\\/\\\/fr.motocrossmag.be\\\/index.php\\\/2017\\\/10\\\/endurance-supermoto-a-bilstain-le-22-octobre\\\/#breadcrumb\",\"itemListElement\":[{\"@type\":\"ListItem\",\"position\":1,\"name\":\"Accueil\",\"item\":\"https:\\\/\\\/fr.motocrossmag.be\\\/\"},{\"@type\":\"ListItem\",\"position\":2,\"name\":\"Endurance Supermoto \u00e0 Bilstain le 22 octobre\"}]},{\"@type\":\"WebSite\",\"@id\":\"https:\\\/\\\/fr.motocrossmag.be\\\/#website\",\"url\":\"https:\\\/\\\/fr.motocrossmag.be\\\/\",\"name\":\"Motocross - Enduro - Supermoto | MotocrossMag\",\"description\":\"L&#039;actualit\u00e9 du motocross, de l&#039;enduro et du Supermoto en ligne!\",\"potentialAction\":[{\"@type\":\"SearchAction\",\"target\":{\"@type\":\"EntryPoint\",\"urlTemplate\":\"https:\\\/\\\/fr.motocrossmag.be\\\/?s={search_term_string}\"},\"query-input\":{\"@type\":\"PropertyValueSpecification\",\"valueRequired\":true,\"valueName\":\"search_term_string\"}}],\"inLanguage\":\"fr-FR\"},{\"@type\":\"Person\",\"@id\":\"https:\\\/\\\/fr.motocrossmag.be\\\/#\\\/schema\\\/person\\\/11b47143d9f755babca2c9110e03235c\",\"name\":\"oliviere\",\"image\":{\"@type\":\"ImageObject\",\"inLanguage\":\"fr-FR\",\"@id\":\"https:\\\/\\\/secure.gravatar.com\\\/avatar\\\/907069e0b81d119452040469e4a7501da1100f54f7f80180ce77bfab718288f6?s=96&d=mm&r=g\",\"url\":\"https:\\\/\\\/secure.gravatar.com\\\/avatar\\\/907069e0b81d119452040469e4a7501da1100f54f7f80180ce77bfab718288f6?s=96&d=mm&r=g\",\"contentUrl\":\"https:\\\/\\\/secure.gravatar.com\\\/avatar\\\/907069e0b81d119452040469e4a7501da1100f54f7f80180ce77bfab718288f6?s=96&d=mm&r=g\",\"caption\":\"oliviere\"},\"sameAs\":[\"http:\\\/\\\/www.motocrossmag.be\"],\"url\":\"https:\\\/\\\/fr.motocrossmag.be\\\/index.php\\\/author\\\/oliviere\\\/\"}]}<\/script>\n<!-- \/ Yoast SEO plugin. -->","yoast_head_json":{"title":"Endurance Supermoto \u00e0 Bilstain le 22 octobre - Motocross - Enduro - Supermoto | MotocrossMag","robots":{"index":"index","follow":"follow","max-snippet":"max-snippet:-1","max-image-preview":"max-image-preview:large","max-video-preview":"max-video-preview:-1"},"canonical":"https:\/\/fr.motocrossmag.be\/index.php\/2017\/10\/endurance-supermoto-a-bilstain-le-22-octobre\/","og_locale":"fr_FR","og_type":"article","og_title":"Endurance Supermoto \u00e0 Bilstain le 22 octobre - Motocross - Enduro - Supermoto | MotocrossMag","og_description":"Le club de Bilstain organise sur le dimanche 22 octobre prochain une \u00e9preuve d&rsquo;endurance Supermoto. Par \u00e9quipes de deux pilotes, ce sont trois heures de course qui figurent au menu [...]","og_url":"https:\/\/fr.motocrossmag.be\/index.php\/2017\/10\/endurance-supermoto-a-bilstain-le-22-octobre\/","og_site_name":"Motocross - Enduro - Supermoto | MotocrossMag","article_published_time":"2017-10-05T19:17:04+00:00","article_modified_time":"2017-10-05T19:18:15+00:00","og_image":[{"width":1200,"height":800,"url":"https:\/\/fr.motocrossmag.be\/wp-content\/uploads\/2016\/06\/Supermoto_bilstain_IMG_7799.jpg","type":"image\/jpeg"}],"author":"oliviere","twitter_card":"summary_large_image","twitter_misc":{"\u00c9crit par":"oliviere","Dur\u00e9e de lecture estim\u00e9e":"1 minute"},"schema":{"@context":"https:\/\/schema.org","@graph":[{"@type":"Article","@id":"https:\/\/fr.motocrossmag.be\/index.php\/2017\/10\/endurance-supermoto-a-bilstain-le-22-octobre\/#article","isPartOf":{"@id":"https:\/\/fr.motocrossmag.be\/index.php\/2017\/10\/endurance-supermoto-a-bilstain-le-22-octobre\/"},"author":{"name":"oliviere","@id":"https:\/\/fr.motocrossmag.be\/#\/schema\/person\/11b47143d9f755babca2c9110e03235c"},"headline":"Endurance Supermoto \u00e0 Bilstain le 22 octobre","datePublished":"2017-10-05T19:17:04+00:00","dateModified":"2017-10-05T19:18:15+00:00","mainEntityOfPage":{"@id":"https:\/\/fr.motocrossmag.be\/index.php\/2017\/10\/endurance-supermoto-a-bilstain-le-22-octobre\/"},"wordCount":151,"commentCount":0,"image":{"@id":"https:\/\/fr.motocrossmag.be\/index.php\/2017\/10\/endurance-supermoto-a-bilstain-le-22-octobre\/#primaryimage"},"thumbnailUrl":"https:\/\/fr.motocrossmag.be\/wp-content\/uploads\/2016\/06\/Supermoto_bilstain_IMG_7799.jpg","articleSection":["Actualit\u00e9","News","News","Slideshow","Supermoto"],"inLanguage":"fr-FR","potentialAction":[{"@type":"CommentAction","name":"Comment","target":["https:\/\/fr.motocrossmag.be\/index.php\/2017\/10\/endurance-supermoto-a-bilstain-le-22-octobre\/#respond"]}]},{"@type":"WebPage","@id":"https:\/\/fr.motocrossmag.be\/index.php\/2017\/10\/endurance-supermoto-a-bilstain-le-22-octobre\/","url":"https:\/\/fr.motocrossmag.be\/index.php\/2017\/10\/endurance-supermoto-a-bilstain-le-22-octobre\/","name":"Endurance Supermoto \u00e0 Bilstain le 22 octobre - Motocross - Enduro - Supermoto | MotocrossMag","isPartOf":{"@id":"https:\/\/fr.motocrossmag.be\/#website"},"primaryImageOfPage":{"@id":"https:\/\/fr.motocrossmag.be\/index.php\/2017\/10\/endurance-supermoto-a-bilstain-le-22-octobre\/#primaryimage"},"image":{"@id":"https:\/\/fr.motocrossmag.be\/index.php\/2017\/10\/endurance-supermoto-a-bilstain-le-22-octobre\/#primaryimage"},"thumbnailUrl":"https:\/\/fr.motocrossmag.be\/wp-content\/uploads\/2016\/06\/Supermoto_bilstain_IMG_7799.jpg","datePublished":"2017-10-05T19:17:04+00:00","dateModified":"2017-10-05T19:18:15+00:00","author":{"@id":"https:\/\/fr.motocrossmag.be\/#\/schema\/person\/11b47143d9f755babca2c9110e03235c"},"breadcrumb":{"@id":"https:\/\/fr.motocrossmag.be\/index.php\/2017\/10\/endurance-supermoto-a-bilstain-le-22-octobre\/#breadcrumb"},"inLanguage":"fr-FR","potentialAction":[{"@type":"ReadAction","target":["https:\/\/fr.motocrossmag.be\/index.php\/2017\/10\/endurance-supermoto-a-bilstain-le-22-octobre\/"]}]},{"@type":"ImageObject","inLanguage":"fr-FR","@id":"https:\/\/fr.motocrossmag.be\/index.php\/2017\/10\/endurance-supermoto-a-bilstain-le-22-octobre\/#primaryimage","url":"https:\/\/fr.motocrossmag.be\/wp-content\/uploads\/2016\/06\/Supermoto_bilstain_IMG_7799.jpg","contentUrl":"https:\/\/fr.motocrossmag.be\/wp-content\/uploads\/2016\/06\/Supermoto_bilstain_IMG_7799.jpg","width":1200,"height":800},{"@type":"BreadcrumbList","@id":"https:\/\/fr.motocrossmag.be\/index.php\/2017\/10\/endurance-supermoto-a-bilstain-le-22-octobre\/#breadcrumb","itemListElement":[{"@type":"ListItem","position":1,"name":"Accueil","item":"https:\/\/fr.motocrossmag.be\/"},{"@type":"ListItem","position":2,"name":"Endurance Supermoto \u00e0 Bilstain le 22 octobre"}]},{"@type":"WebSite","@id":"https:\/\/fr.motocrossmag.be\/#website","url":"https:\/\/fr.motocrossmag.be\/","name":"Motocross - Enduro - Supermoto | MotocrossMag","description":"L&#039;actualit\u00e9 du motocross, de l&#039;enduro et du Supermoto en ligne!","potentialAction":[{"@type":"SearchAction","target":{"@type":"EntryPoint","urlTemplate":"https:\/\/fr.motocrossmag.be\/?s={search_term_string}"},"query-input":{"@type":"PropertyValueSpecification","valueRequired":true,"valueName":"search_term_string"}}],"inLanguage":"fr-FR"},{"@type":"Person","@id":"https:\/\/fr.motocrossmag.be\/#\/schema\/person\/11b47143d9f755babca2c9110e03235c","name":"oliviere","image":{"@type":"ImageObject","inLanguage":"fr-FR","@id":"https:\/\/secure.gravatar.com\/avatar\/907069e0b81d119452040469e4a7501da1100f54f7f80180ce77bfab718288f6?s=96&d=mm&r=g","url":"https:\/\/secure.gravatar.com\/avatar\/907069e0b81d119452040469e4a7501da1100f54f7f80180ce77bfab718288f6?s=96&d=mm&r=g","contentUrl":"https:\/\/secure.gravatar.com\/avatar\/907069e0b81d119452040469e4a7501da1100f54f7f80180ce77bfab718288f6?s=96&d=mm&r=g","caption":"oliviere"},"sameAs":["http:\/\/www.motocrossmag.be"],"url":"https:\/\/fr.motocrossmag.be\/index.php\/author\/oliviere\/"}]}},"_links":{"self":[{"href":"https:\/\/fr.motocrossmag.be\/index.php\/wp-json\/wp\/v2\/posts\/65593","targetHints":{"allow":["GET"]}}],"collection":[{"href":"https:\/\/fr.motocrossmag.be\/index.php\/wp-json\/wp\/v2\/posts"}],"about":[{"href":"https:\/\/fr.motocrossmag.be\/index.php\/wp-json\/wp\/v2\/types\/post"}],"author":[{"embeddable":true,"href":"https:\/\/fr.motocrossmag.be\/index.php\/wp-json\/wp\/v2\/users\/932"}],"replies":[{"embeddable":true,"href":"https:\/\/fr.motocrossmag.be\/index.php\/wp-json\/wp\/v2\/comments?post=65593"}],"version-history":[{"count":2,"href":"https:\/\/fr.motocrossmag.be\/index.php\/wp-json\/wp\/v2\/posts\/65593\/revisions"}],"predecessor-version":[{"id":65596,"href":"https:\/\/fr.motocrossmag.be\/index.php\/wp-json\/wp\/v2\/posts\/65593\/revisions\/65596"}],"wp:featuredmedia":[{"embeddable":true,"href":"https:\/\/fr.motocrossmag.be\/index.php\/wp-json\/wp\/v2\/media\/47919"}],"wp:attachment":[{"href":"https:\/\/fr.motocrossmag.be\/index.php\/wp-json\/wp\/v2\/media?parent=65593"}],"wp:term":[{"taxonomy":"category","embeddable":true,"href":"https:\/\/fr.motocrossmag.be\/index.php\/wp-json\/wp\/v2\/categories?post=65593"},{"taxonomy":"post_tag","embeddable":true,"href":"https:\/\/fr.motocrossmag.be\/index.php\/wp-json\/wp\/v2\/tags?post=65593"}],"curies":[{"name":"wp","href":"https:\/\/api.w.org\/{rel}","templated":true}]}}