{"id":6749,"date":"2010-04-08T10:19:25","date_gmt":"2010-04-08T09:19:25","guid":{"rendered":"http:\/\/fr.motocrossmag.be\/?p=6749"},"modified":"2010-07-14T13:17:23","modified_gmt":"2010-07-14T12:17:23","slug":"tapis-environnemental-personnalise-un-tapis-environnemental-a-vos-couleurs","status":"publish","type":"post","link":"https:\/\/fr.motocrossmag.be\/index.php\/2010\/04\/tapis-environnemental-personnalise-un-tapis-environnemental-a-vos-couleurs\/","title":{"rendered":"Tapis environnemental personnalis\u00e9 | Un tapis environnemental \u00e0\u00a0 vos couleurs!"},"content":{"rendered":"<p>Un tapis environnemental imprim\u00e9 avec votre nom, votre num\u00e9ro,\u00a0la marque de votre moto ou vos sponsors, ce n&rsquo;est d\u00e9sormais plus r\u00e9serv\u00e9 aux pilotes de GP! Vous pouvez en effet \u00e0\u00a0 pr\u00e9sent faire r\u00e9aliser votre propre tapis (conforme aux normes FIM) selon le design que vous aurez choisi.<\/p>\n<p>Pour tout savoir \u00e0\u00a0 ce sujet: <a href=\"mailto:mileumatten@hotmail.be\">mileumatten@hotmail.be<\/a><\/p><div class=\"vwllb6a9ae1a84b8a5\" ><!-- \/91277017\/Inline-articles-mobile -->\n<div style=\"margin:auto; text-align:center !important\">\n<div id='div-gpt-ad-1784982661365-0' style='min-width: 250px; min-height: 75px;'>\n  <script>\n    googletag.cmd.push(function() { googletag.display('div-gpt-ad-1784982661365-0'); });\n  <\/script>\n<\/div><\/div><\/div><style type=\"text\/css\">\r\n.vwllb6a9ae1a84b8a5 {\r\nmargin-bottom:30px;margin-top:20px\r\n}\r\n@media screen and (min-width: 1201px) {\r\n.vwllb6a9ae1a84b8a5 {\r\ndisplay: block;\r\n}\r\n}\r\n@media screen and (min-width: 993px) and (max-width: 1200px) {\r\n.vwllb6a9ae1a84b8a5 {\r\ndisplay: block;\r\n}\r\n}\r\n@media screen and (min-width: 769px) and (max-width: 992px) {\r\n.vwllb6a9ae1a84b8a5 {\r\ndisplay: block;\r\n}\r\n}\r\n@media screen and (min-width: 768px) and (max-width: 768px) {\r\n.vwllb6a9ae1a84b8a5 {\r\ndisplay: block;\r\n}\r\n}\r\n@media screen and (max-width: 767px) {\r\n.vwllb6a9ae1a84b8a5 {\r\ndisplay: block;\r\n}\r\n}\r\n<\/style>\r\n\n","protected":false},"excerpt":{"rendered":"<p>Un tapis environnemental imprim\u00e9 avec votre nom, votre num\u00e9ro,\u00a0la marque de votre moto ou vos sponsors, ce n&rsquo;est d\u00e9sormais plus r\u00e9serv\u00e9 aux pilotes de GP! Vous pouvez en effet \u00e0\u00a0 pr\u00e9sent faire r\u00e9aliser votre propre tapis (conforme aux normes FIM) selon le design que vous aurez choisi. Pour tout savoir \u00e0\u00a0 ce sujet: mileumatten@hotmail.be<\/p>\n","protected":false},"author":932,"featured_media":0,"comment_status":"open","ping_status":"closed","sticky":false,"template":"","format":"standard","meta":{"tdm_status":"","tdm_grid_status":"","footnotes":""},"categories":[61],"tags":[],"class_list":["post-6749","post","type-post","status-publish","format-standard","category-shopping"],"yoast_head":"<!-- This site is optimized with the Yoast SEO plugin v28.4 - https:\/\/yoast.com\/product\/yoast-seo-wordpress\/ -->\n<title>Tapis environnemental personnalis\u00e9 | Un tapis environnemental \u00e0\u00a0 vos couleurs! - Motocross - Enduro - Supermoto | MotocrossMag<\/title>\n<meta name=\"robots\" content=\"index, follow, max-snippet:-1, max-image-preview:large, max-video-preview:-1\" \/>\n<link rel=\"canonical\" href=\"https:\/\/fr.motocrossmag.be\/index.php\/2010\/04\/tapis-environnemental-personnalise-un-tapis-environnemental-a-vos-couleurs\/\" \/>\n<meta property=\"og:locale\" content=\"fr_FR\" \/>\n<meta property=\"og:type\" content=\"article\" \/>\n<meta property=\"og:title\" content=\"Tapis environnemental personnalis\u00e9 | Un tapis environnemental \u00e0\u00a0 vos couleurs! - Motocross - Enduro - Supermoto | MotocrossMag\" \/>\n<meta property=\"og:description\" content=\"Un tapis environnemental imprim\u00e9 avec votre nom, votre num\u00e9ro,\u00a0la marque de votre moto ou vos sponsors, ce n&rsquo;est d\u00e9sormais plus r\u00e9serv\u00e9 aux pilotes de GP! Vous pouvez en effet \u00e0\u00a0 pr\u00e9sent faire r\u00e9aliser votre propre tapis (conforme aux normes FIM) selon le design que vous aurez choisi. Pour tout savoir \u00e0\u00a0 ce sujet: mileumatten@hotmail.be\" \/>\n<meta property=\"og:url\" content=\"https:\/\/fr.motocrossmag.be\/index.php\/2010\/04\/tapis-environnemental-personnalise-un-tapis-environnemental-a-vos-couleurs\/\" \/>\n<meta property=\"og:site_name\" content=\"Motocross - Enduro - Supermoto | MotocrossMag\" \/>\n<meta property=\"article:published_time\" content=\"2010-04-08T09:19:25+00:00\" \/>\n<meta property=\"article:modified_time\" content=\"2010-07-14T12:17:23+00:00\" \/>\n<meta name=\"author\" content=\"oliviere\" \/>\n<meta name=\"twitter:card\" content=\"summary_large_image\" \/>\n<meta name=\"twitter:label1\" content=\"\u00c9crit par\" \/>\n\t<meta name=\"twitter:data1\" content=\"oliviere\" \/>\n<script type=\"application\/ld+json\" class=\"yoast-schema-graph\">{\"@context\":\"https:\\\/\\\/schema.org\",\"@graph\":[{\"@type\":\"Article\",\"@id\":\"https:\\\/\\\/fr.motocrossmag.be\\\/index.php\\\/2010\\\/04\\\/tapis-environnemental-personnalise-un-tapis-environnemental-a-vos-couleurs\\\/#article\",\"isPartOf\":{\"@id\":\"https:\\\/\\\/fr.motocrossmag.be\\\/index.php\\\/2010\\\/04\\\/tapis-environnemental-personnalise-un-tapis-environnemental-a-vos-couleurs\\\/\"},\"author\":{\"name\":\"oliviere\",\"@id\":\"https:\\\/\\\/fr.motocrossmag.be\\\/#\\\/schema\\\/person\\\/11b47143d9f755babca2c9110e03235c\"},\"headline\":\"Tapis environnemental personnalis\u00e9 | Un tapis environnemental \u00e0\u00a0 vos couleurs!\",\"datePublished\":\"2010-04-08T09:19:25+00:00\",\"dateModified\":\"2010-07-14T12:17:23+00:00\",\"mainEntityOfPage\":{\"@id\":\"https:\\\/\\\/fr.motocrossmag.be\\\/index.php\\\/2010\\\/04\\\/tapis-environnemental-personnalise-un-tapis-environnemental-a-vos-couleurs\\\/\"},\"wordCount\":69,\"commentCount\":0,\"articleSection\":[\"Produits\"],\"inLanguage\":\"fr-FR\",\"potentialAction\":[{\"@type\":\"CommentAction\",\"name\":\"Comment\",\"target\":[\"https:\\\/\\\/fr.motocrossmag.be\\\/index.php\\\/2010\\\/04\\\/tapis-environnemental-personnalise-un-tapis-environnemental-a-vos-couleurs\\\/#respond\"]}]},{\"@type\":\"WebPage\",\"@id\":\"https:\\\/\\\/fr.motocrossmag.be\\\/index.php\\\/2010\\\/04\\\/tapis-environnemental-personnalise-un-tapis-environnemental-a-vos-couleurs\\\/\",\"url\":\"https:\\\/\\\/fr.motocrossmag.be\\\/index.php\\\/2010\\\/04\\\/tapis-environnemental-personnalise-un-tapis-environnemental-a-vos-couleurs\\\/\",\"name\":\"Tapis environnemental personnalis\u00e9 | Un tapis environnemental \u00e0\u00a0 vos couleurs! - Motocross - Enduro - Supermoto | MotocrossMag\",\"isPartOf\":{\"@id\":\"https:\\\/\\\/fr.motocrossmag.be\\\/#website\"},\"datePublished\":\"2010-04-08T09:19:25+00:00\",\"dateModified\":\"2010-07-14T12:17:23+00:00\",\"author\":{\"@id\":\"https:\\\/\\\/fr.motocrossmag.be\\\/#\\\/schema\\\/person\\\/11b47143d9f755babca2c9110e03235c\"},\"breadcrumb\":{\"@id\":\"https:\\\/\\\/fr.motocrossmag.be\\\/index.php\\\/2010\\\/04\\\/tapis-environnemental-personnalise-un-tapis-environnemental-a-vos-couleurs\\\/#breadcrumb\"},\"inLanguage\":\"fr-FR\",\"potentialAction\":[{\"@type\":\"ReadAction\",\"target\":[\"https:\\\/\\\/fr.motocrossmag.be\\\/index.php\\\/2010\\\/04\\\/tapis-environnemental-personnalise-un-tapis-environnemental-a-vos-couleurs\\\/\"]}]},{\"@type\":\"BreadcrumbList\",\"@id\":\"https:\\\/\\\/fr.motocrossmag.be\\\/index.php\\\/2010\\\/04\\\/tapis-environnemental-personnalise-un-tapis-environnemental-a-vos-couleurs\\\/#breadcrumb\",\"itemListElement\":[{\"@type\":\"ListItem\",\"position\":1,\"name\":\"Accueil\",\"item\":\"https:\\\/\\\/fr.motocrossmag.be\\\/\"},{\"@type\":\"ListItem\",\"position\":2,\"name\":\"Tapis environnemental personnalis\u00e9 | Un tapis environnemental \u00e0\u00a0 vos couleurs!\"}]},{\"@type\":\"WebSite\",\"@id\":\"https:\\\/\\\/fr.motocrossmag.be\\\/#website\",\"url\":\"https:\\\/\\\/fr.motocrossmag.be\\\/\",\"name\":\"Motocross - Enduro - Supermoto | MotocrossMag\",\"description\":\"L&#039;actualit\u00e9 du motocross, de l&#039;enduro et du Supermoto en ligne!\",\"potentialAction\":[{\"@type\":\"SearchAction\",\"target\":{\"@type\":\"EntryPoint\",\"urlTemplate\":\"https:\\\/\\\/fr.motocrossmag.be\\\/?s={search_term_string}\"},\"query-input\":{\"@type\":\"PropertyValueSpecification\",\"valueRequired\":true,\"valueName\":\"search_term_string\"}}],\"inLanguage\":\"fr-FR\"},{\"@type\":\"Person\",\"@id\":\"https:\\\/\\\/fr.motocrossmag.be\\\/#\\\/schema\\\/person\\\/11b47143d9f755babca2c9110e03235c\",\"name\":\"oliviere\",\"image\":{\"@type\":\"ImageObject\",\"inLanguage\":\"fr-FR\",\"@id\":\"https:\\\/\\\/secure.gravatar.com\\\/avatar\\\/907069e0b81d119452040469e4a7501da1100f54f7f80180ce77bfab718288f6?s=96&d=mm&r=g\",\"url\":\"https:\\\/\\\/secure.gravatar.com\\\/avatar\\\/907069e0b81d119452040469e4a7501da1100f54f7f80180ce77bfab718288f6?s=96&d=mm&r=g\",\"contentUrl\":\"https:\\\/\\\/secure.gravatar.com\\\/avatar\\\/907069e0b81d119452040469e4a7501da1100f54f7f80180ce77bfab718288f6?s=96&d=mm&r=g\",\"caption\":\"oliviere\"},\"sameAs\":[\"http:\\\/\\\/www.motocrossmag.be\"],\"url\":\"https:\\\/\\\/fr.motocrossmag.be\\\/index.php\\\/author\\\/oliviere\\\/\"}]}<\/script>\n<!-- \/ Yoast SEO plugin. -->","yoast_head_json":{"title":"Tapis environnemental personnalis\u00e9 | Un tapis environnemental \u00e0\u00a0 vos couleurs! - Motocross - Enduro - Supermoto | MotocrossMag","robots":{"index":"index","follow":"follow","max-snippet":"max-snippet:-1","max-image-preview":"max-image-preview:large","max-video-preview":"max-video-preview:-1"},"canonical":"https:\/\/fr.motocrossmag.be\/index.php\/2010\/04\/tapis-environnemental-personnalise-un-tapis-environnemental-a-vos-couleurs\/","og_locale":"fr_FR","og_type":"article","og_title":"Tapis environnemental personnalis\u00e9 | Un tapis environnemental \u00e0\u00a0 vos couleurs! - Motocross - Enduro - Supermoto | MotocrossMag","og_description":"Un tapis environnemental imprim\u00e9 avec votre nom, votre num\u00e9ro,\u00a0la marque de votre moto ou vos sponsors, ce n&rsquo;est d\u00e9sormais plus r\u00e9serv\u00e9 aux pilotes de GP! Vous pouvez en effet \u00e0\u00a0 pr\u00e9sent faire r\u00e9aliser votre propre tapis (conforme aux normes FIM) selon le design que vous aurez choisi. Pour tout savoir \u00e0\u00a0 ce sujet: mileumatten@hotmail.be","og_url":"https:\/\/fr.motocrossmag.be\/index.php\/2010\/04\/tapis-environnemental-personnalise-un-tapis-environnemental-a-vos-couleurs\/","og_site_name":"Motocross - Enduro - Supermoto | MotocrossMag","article_published_time":"2010-04-08T09:19:25+00:00","article_modified_time":"2010-07-14T12:17:23+00:00","author":"oliviere","twitter_card":"summary_large_image","twitter_misc":{"\u00c9crit par":"oliviere"},"schema":{"@context":"https:\/\/schema.org","@graph":[{"@type":"Article","@id":"https:\/\/fr.motocrossmag.be\/index.php\/2010\/04\/tapis-environnemental-personnalise-un-tapis-environnemental-a-vos-couleurs\/#article","isPartOf":{"@id":"https:\/\/fr.motocrossmag.be\/index.php\/2010\/04\/tapis-environnemental-personnalise-un-tapis-environnemental-a-vos-couleurs\/"},"author":{"name":"oliviere","@id":"https:\/\/fr.motocrossmag.be\/#\/schema\/person\/11b47143d9f755babca2c9110e03235c"},"headline":"Tapis environnemental personnalis\u00e9 | Un tapis environnemental \u00e0\u00a0 vos couleurs!","datePublished":"2010-04-08T09:19:25+00:00","dateModified":"2010-07-14T12:17:23+00:00","mainEntityOfPage":{"@id":"https:\/\/fr.motocrossmag.be\/index.php\/2010\/04\/tapis-environnemental-personnalise-un-tapis-environnemental-a-vos-couleurs\/"},"wordCount":69,"commentCount":0,"articleSection":["Produits"],"inLanguage":"fr-FR","potentialAction":[{"@type":"CommentAction","name":"Comment","target":["https:\/\/fr.motocrossmag.be\/index.php\/2010\/04\/tapis-environnemental-personnalise-un-tapis-environnemental-a-vos-couleurs\/#respond"]}]},{"@type":"WebPage","@id":"https:\/\/fr.motocrossmag.be\/index.php\/2010\/04\/tapis-environnemental-personnalise-un-tapis-environnemental-a-vos-couleurs\/","url":"https:\/\/fr.motocrossmag.be\/index.php\/2010\/04\/tapis-environnemental-personnalise-un-tapis-environnemental-a-vos-couleurs\/","name":"Tapis environnemental personnalis\u00e9 | Un tapis environnemental \u00e0\u00a0 vos couleurs! - Motocross - Enduro - Supermoto | MotocrossMag","isPartOf":{"@id":"https:\/\/fr.motocrossmag.be\/#website"},"datePublished":"2010-04-08T09:19:25+00:00","dateModified":"2010-07-14T12:17:23+00:00","author":{"@id":"https:\/\/fr.motocrossmag.be\/#\/schema\/person\/11b47143d9f755babca2c9110e03235c"},"breadcrumb":{"@id":"https:\/\/fr.motocrossmag.be\/index.php\/2010\/04\/tapis-environnemental-personnalise-un-tapis-environnemental-a-vos-couleurs\/#breadcrumb"},"inLanguage":"fr-FR","potentialAction":[{"@type":"ReadAction","target":["https:\/\/fr.motocrossmag.be\/index.php\/2010\/04\/tapis-environnemental-personnalise-un-tapis-environnemental-a-vos-couleurs\/"]}]},{"@type":"BreadcrumbList","@id":"https:\/\/fr.motocrossmag.be\/index.php\/2010\/04\/tapis-environnemental-personnalise-un-tapis-environnemental-a-vos-couleurs\/#breadcrumb","itemListElement":[{"@type":"ListItem","position":1,"name":"Accueil","item":"https:\/\/fr.motocrossmag.be\/"},{"@type":"ListItem","position":2,"name":"Tapis environnemental personnalis\u00e9 | Un tapis environnemental \u00e0\u00a0 vos couleurs!"}]},{"@type":"WebSite","@id":"https:\/\/fr.motocrossmag.be\/#website","url":"https:\/\/fr.motocrossmag.be\/","name":"Motocross - Enduro - Supermoto | MotocrossMag","description":"L&#039;actualit\u00e9 du motocross, de l&#039;enduro et du Supermoto en ligne!","potentialAction":[{"@type":"SearchAction","target":{"@type":"EntryPoint","urlTemplate":"https:\/\/fr.motocrossmag.be\/?s={search_term_string}"},"query-input":{"@type":"PropertyValueSpecification","valueRequired":true,"valueName":"search_term_string"}}],"inLanguage":"fr-FR"},{"@type":"Person","@id":"https:\/\/fr.motocrossmag.be\/#\/schema\/person\/11b47143d9f755babca2c9110e03235c","name":"oliviere","image":{"@type":"ImageObject","inLanguage":"fr-FR","@id":"https:\/\/secure.gravatar.com\/avatar\/907069e0b81d119452040469e4a7501da1100f54f7f80180ce77bfab718288f6?s=96&d=mm&r=g","url":"https:\/\/secure.gravatar.com\/avatar\/907069e0b81d119452040469e4a7501da1100f54f7f80180ce77bfab718288f6?s=96&d=mm&r=g","contentUrl":"https:\/\/secure.gravatar.com\/avatar\/907069e0b81d119452040469e4a7501da1100f54f7f80180ce77bfab718288f6?s=96&d=mm&r=g","caption":"oliviere"},"sameAs":["http:\/\/www.motocrossmag.be"],"url":"https:\/\/fr.motocrossmag.be\/index.php\/author\/oliviere\/"}]}},"_links":{"self":[{"href":"https:\/\/fr.motocrossmag.be\/index.php\/wp-json\/wp\/v2\/posts\/6749","targetHints":{"allow":["GET"]}}],"collection":[{"href":"https:\/\/fr.motocrossmag.be\/index.php\/wp-json\/wp\/v2\/posts"}],"about":[{"href":"https:\/\/fr.motocrossmag.be\/index.php\/wp-json\/wp\/v2\/types\/post"}],"author":[{"embeddable":true,"href":"https:\/\/fr.motocrossmag.be\/index.php\/wp-json\/wp\/v2\/users\/932"}],"replies":[{"embeddable":true,"href":"https:\/\/fr.motocrossmag.be\/index.php\/wp-json\/wp\/v2\/comments?post=6749"}],"version-history":[{"count":0,"href":"https:\/\/fr.motocrossmag.be\/index.php\/wp-json\/wp\/v2\/posts\/6749\/revisions"}],"wp:attachment":[{"href":"https:\/\/fr.motocrossmag.be\/index.php\/wp-json\/wp\/v2\/media?parent=6749"}],"wp:term":[{"taxonomy":"category","embeddable":true,"href":"https:\/\/fr.motocrossmag.be\/index.php\/wp-json\/wp\/v2\/categories?post=6749"},{"taxonomy":"post_tag","embeddable":true,"href":"https:\/\/fr.motocrossmag.be\/index.php\/wp-json\/wp\/v2\/tags?post=6749"}],"curies":[{"name":"wp","href":"https:\/\/api.w.org\/{rel}","templated":true}]}}