{"id":726,"date":"2008-05-20T22:31:03","date_gmt":"2008-05-20T21:31:03","guid":{"rendered":"http:\/\/www.motocrossmag.be\/?p=726"},"modified":"2008-05-20T22:32:12","modified_gmt":"2008-05-20T21:32:12","slug":"mondial-du-quad-pont-de-vaux-un-team-belge-favori","status":"publish","type":"post","link":"https:\/\/fr.motocrossmag.be\/index.php\/2008\/05\/mondial-du-quad-pont-de-vaux-un-team-belge-favori\/","title":{"rendered":"Mondial du Quad &#8211; Pont de Vaux | Un team belge favori!"},"content":{"rendered":"<p>Le Mondial du Quad &agrave; Pont de Vaux (d\u00e9partement de l&rsquo;Ain) est au quad ce que sont les 12 heures de la Chinelle &agrave; la moto. Cette \u00e9preuve d&rsquo;endurance fran\u00e7aise, dont on f\u00eatera les 22, 23 et 24 ao\u00e0\u00bbt prochains la 22\u00e8me \u00e9dition, est en effet devenue au fil des ans l&rsquo;\u00e9preuve de r\u00e9f\u00e9rence en la mati\u00e8re, au point qu&rsquo;elle accueille aujourd&rsquo;hui r\u00e9guli\u00e8rement le gratin des quaders europ\u00e9ens, auxquels viennent m\u00eame s&rsquo;ajouter quelques pointures US.<\/p>\n<p><img decoding=\"async\" class=\"lazyload alignnone size-full wp-image-727\" title=\"Du 22 au 24 ao\u00e0\u00bbt, ce sera la grande f\u00eate du quad avec les 12 heures de Pont de Vaux, dans le d\u00e9partement de l\\'Ain en france.\" src=\"http:\/\/www.motocrossmag.be\/wp-content\/uploads\/2008\/05\/pdv_start.jpg\" data-orig-src=\"http:\/\/www.motocrossmag.be\/wp-content\/uploads\/2008\/05\/pdv_start.jpg\" alt=\"\" width=\"500\" height=\"329\" srcset=\"data:image\/svg+xml,%3Csvg%20xmlns%3D%27http%3A%2F%2Fwww.w3.org%2F2000%2Fsvg%27%20width%3D%27500%27%20height%3D%27329%27%20viewBox%3D%270%200%20500%20329%27%3E%3Crect%20width%3D%27500%27%20height%3D%27329%27%20fill-opacity%3D%220%22%2F%3E%3C%2Fsvg%3E\" data-srcset=\"https:\/\/fr.motocrossmag.be\/wp-content\/uploads\/2008\/05\/pdv_start-300x197.jpg 300w, https:\/\/fr.motocrossmag.be\/wp-content\/uploads\/2008\/05\/pdv_start.jpg 500w\" data-sizes=\"auto\" data-orig-sizes=\"(max-width: 500px) 100vw, 500px\" \/><\/p>\n<p><strong>Un rendez-vous incontournable<br \/>\n<\/strong><br \/>\nDisput\u00e9es en 3 manches dont une se d\u00e9roule de nuit, les 12 heures de Pont de Vaux se veulent le grand rendez-vous de l&rsquo;ann\u00e9e pour tous les quaders. Les 120 \u00e9quipages de 3 pilotes, issus de plus de 20 nations diff\u00e9rentes, font bien s\u00e0\u00bbr le show sur la piste mais le spectacle ne s&rsquo;arr\u00eate pas l&agrave;. Les animations mises sur pied en marge de l&rsquo;\u00e9preuve sont en effet nombreuses, avec notamment le Quadexpo, un gigantesque salon o\u00f9 l&rsquo;ensemble de l&rsquo;industrie pr\u00e9sente toutes les derni\u00e8res nouveaut\u00e9s en mati\u00e8re de machines, d&rsquo;accessoires et d&rsquo;\u00e9quipements, des d\u00e9monstrations de freestyle, des soir\u00e9es tr\u00e8s anim\u00e9es,&#8230; Bref, les organisateurs font le maximum pour rendre leur \u00e9v\u00e9nement incontournable.<\/p>\n<p><strong>Le team Piron en favori<\/strong><\/p>\n<p>Cerise sur le g\u00e0\u00a2teau pour les fans belges, l&rsquo;\u00e9quipe qui assumera le r\u00f4le de favori de cette \u00e9dition 2008 des 12 heures de Pont de Vaux est belge! Vainqueurs des \u00e9ditions 2006 et 2007 au guidon de leur Yamaha 450 YF-Z, les cousins Alex et St\u00e9phane Piron, manag\u00e9s par leur p\u00e8re et oncle Jos\u00e9 Piron, ne savent pas encore avec quelle machine ni avec quel co\u00e9quipier ils prendront le d\u00e9part le 22 ao\u00e0\u00bbt prochain mais une chose est certaine, ils partiront pour remporter un 3\u00e8me titre cons\u00e9cutif!<\/p>\n<p><img decoding=\"async\" class=\"lazyload alignnone size-full wp-image-728\" title=\"Nos compatriotes St\u00e9phane, Alexandre et Jos\u00e9 Piron ont d\u00e9j&agrave; impos\u00e9 leur quad Yamaha 450 YF-Z &agrave; 2 reprises &agrave; Pont de Vaux et comptent bien s\u00e0\u00bbr ne pas en rester l&agrave;! \" src=\"http:\/\/www.motocrossmag.be\/wp-content\/uploads\/2008\/05\/quad_team_piron.jpg\" data-orig-src=\"http:\/\/www.motocrossmag.be\/wp-content\/uploads\/2008\/05\/quad_team_piron.jpg\" alt=\"\" width=\"500\" height=\"335\" srcset=\"data:image\/svg+xml,%3Csvg%20xmlns%3D%27http%3A%2F%2Fwww.w3.org%2F2000%2Fsvg%27%20width%3D%27500%27%20height%3D%27335%27%20viewBox%3D%270%200%20500%20335%27%3E%3Crect%20width%3D%27500%27%20height%3D%27335%27%20fill-opacity%3D%220%22%2F%3E%3C%2Fsvg%3E\" data-srcset=\"https:\/\/fr.motocrossmag.be\/wp-content\/uploads\/2008\/05\/quad_team_piron-300x201.jpg 300w, https:\/\/fr.motocrossmag.be\/wp-content\/uploads\/2008\/05\/quad_team_piron.jpg 500w\" data-sizes=\"auto\" data-orig-sizes=\"(max-width: 500px) 100vw, 500px\" \/><\/p>\n<p>Encore inconnus dans le monde du quad il y a 3 ans &agrave; peine, les Li\u00e9geois Alexandre et St\u00e9phane Piron sont en fait issus du Jet-Ski et ont gravi &agrave; une vitesse fulgurante les \u00e9chelons pour remporter plusieurs prestigieuses \u00e9preuves d&rsquo;endurance. <\/p>\n<p><img decoding=\"async\" class=\"lazyload alignnone size-full wp-image-729\" title=\"Malgr\u00e9 la pr\u00e9sence des meilleurs pilotes europ\u00e9ens et de quelques pointures US, les Li\u00e9geois du team Piron repartent cette ann\u00e9e avec la ferme intention de s\\'offrir une 3i\u00e8me couronne cons\u00e9cutive &agrave; Pont de Vaux...\" src=\"http:\/\/www.motocrossmag.be\/wp-content\/uploads\/2008\/05\/quad_team_piron2.jpg\" data-orig-src=\"http:\/\/www.motocrossmag.be\/wp-content\/uploads\/2008\/05\/quad_team_piron2.jpg\" alt=\"\" width=\"500\" height=\"336\" srcset=\"data:image\/svg+xml,%3Csvg%20xmlns%3D%27http%3A%2F%2Fwww.w3.org%2F2000%2Fsvg%27%20width%3D%27500%27%20height%3D%27336%27%20viewBox%3D%270%200%20500%20336%27%3E%3Crect%20width%3D%27500%27%20height%3D%27336%27%20fill-opacity%3D%220%22%2F%3E%3C%2Fsvg%3E\" data-srcset=\"https:\/\/fr.motocrossmag.be\/wp-content\/uploads\/2008\/05\/quad_team_piron2-300x201.jpg 300w, https:\/\/fr.motocrossmag.be\/wp-content\/uploads\/2008\/05\/quad_team_piron2.jpg 500w\" data-sizes=\"auto\" data-orig-sizes=\"(max-width: 500px) 100vw, 500px\" \/><\/p>\n<p>Une bonne raison pour se rendre &agrave; Pont de Vaux du 22 au 24 ao\u00e0\u00bbt pour cette 22\u00e8me \u00e9dition du Mondial du Quad qui devrait encore une fois tenir toutes ses promesses!<\/p>\n<p>Toutes les infos sur <a href=\"http:\/\/www.pdvracing.com\" target=\"_blank\">www.pdvracing.com<\/a><\/p>\n","protected":false},"excerpt":{"rendered":"<p>Le Mondial du Quad &agrave; Pont de Vaux (d\u00e9partement de l&rsquo;Ain) est au quad ce que sont les 12 heures de la Chinelle &agrave; la moto. Cette \u00e9preuve d&rsquo;endurance fran\u00e7aise, [&#8230;]<\/p>\n","protected":false},"author":932,"featured_media":0,"comment_status":"open","ping_status":"open","sticky":false,"template":"","format":"standard","meta":{"footnotes":""},"categories":[54,49,55,48],"tags":[],"class_list":["post-726","post","type-post","status-publish","format-standard","hentry","category-actualite","category-news-quad","category-news-actualite","category-quad"],"yoast_head":"<!-- This site is optimized with the Yoast SEO plugin v27.4 - https:\/\/yoast.com\/product\/yoast-seo-wordpress\/ -->\n<title>Mondial du Quad - Pont de Vaux | Un team belge favori! - Motocross - Enduro - Supermoto | MotocrossMag<\/title>\n<meta name=\"robots\" content=\"index, follow, max-snippet:-1, max-image-preview:large, max-video-preview:-1\" \/>\n<link rel=\"canonical\" href=\"https:\/\/fr.motocrossmag.be\/index.php\/2008\/05\/mondial-du-quad-pont-de-vaux-un-team-belge-favori\/\" \/>\n<meta property=\"og:locale\" content=\"fr_FR\" \/>\n<meta property=\"og:type\" content=\"article\" \/>\n<meta property=\"og:title\" content=\"Mondial du Quad - Pont de Vaux | Un team belge favori! - Motocross - Enduro - Supermoto | MotocrossMag\" \/>\n<meta property=\"og:description\" content=\"Le Mondial du Quad &agrave; Pont de Vaux (d\u00e9partement de l&rsquo;Ain) est au quad ce que sont les 12 heures de la Chinelle &agrave; la moto. Cette \u00e9preuve d&rsquo;endurance fran\u00e7aise, [...]\" \/>\n<meta property=\"og:url\" content=\"https:\/\/fr.motocrossmag.be\/index.php\/2008\/05\/mondial-du-quad-pont-de-vaux-un-team-belge-favori\/\" \/>\n<meta property=\"og:site_name\" content=\"Motocross - Enduro - Supermoto | MotocrossMag\" \/>\n<meta property=\"article:published_time\" content=\"2008-05-20T21:31:03+00:00\" \/>\n<meta property=\"article:modified_time\" content=\"2008-05-20T21:32:12+00:00\" \/>\n<meta property=\"og:image\" content=\"http:\/\/www.motocrossmag.be\/wp-content\/uploads\/2008\/05\/pdv_start.jpg\" \/>\n<meta name=\"author\" content=\"oliviere\" \/>\n<meta name=\"twitter:card\" content=\"summary_large_image\" \/>\n<meta name=\"twitter:label1\" content=\"\u00c9crit par\" \/>\n\t<meta name=\"twitter:data1\" content=\"oliviere\" \/>\n\t<meta name=\"twitter:label2\" content=\"Dur\u00e9e de lecture estim\u00e9e\" \/>\n\t<meta name=\"twitter:data2\" content=\"2 minutes\" \/>\n<script type=\"application\/ld+json\" class=\"yoast-schema-graph\">{\"@context\":\"https:\\\/\\\/schema.org\",\"@graph\":[{\"@type\":\"Article\",\"@id\":\"https:\\\/\\\/fr.motocrossmag.be\\\/index.php\\\/2008\\\/05\\\/mondial-du-quad-pont-de-vaux-un-team-belge-favori\\\/#article\",\"isPartOf\":{\"@id\":\"https:\\\/\\\/fr.motocrossmag.be\\\/index.php\\\/2008\\\/05\\\/mondial-du-quad-pont-de-vaux-un-team-belge-favori\\\/\"},\"author\":{\"name\":\"oliviere\",\"@id\":\"https:\\\/\\\/fr.motocrossmag.be\\\/#\\\/schema\\\/person\\\/11b47143d9f755babca2c9110e03235c\"},\"headline\":\"Mondial du Quad &#8211; Pont de Vaux | Un team belge favori!\",\"datePublished\":\"2008-05-20T21:31:03+00:00\",\"dateModified\":\"2008-05-20T21:32:12+00:00\",\"mainEntityOfPage\":{\"@id\":\"https:\\\/\\\/fr.motocrossmag.be\\\/index.php\\\/2008\\\/05\\\/mondial-du-quad-pont-de-vaux-un-team-belge-favori\\\/\"},\"wordCount\":408,\"commentCount\":0,\"image\":{\"@id\":\"https:\\\/\\\/fr.motocrossmag.be\\\/index.php\\\/2008\\\/05\\\/mondial-du-quad-pont-de-vaux-un-team-belge-favori\\\/#primaryimage\"},\"thumbnailUrl\":\"http:\\\/\\\/www.motocrossmag.be\\\/wp-content\\\/uploads\\\/2008\\\/05\\\/pdv_start.jpg\",\"articleSection\":[\"Actualit\u00e9\",\"News\",\"News\",\"Quad\"],\"inLanguage\":\"fr-FR\",\"potentialAction\":[{\"@type\":\"CommentAction\",\"name\":\"Comment\",\"target\":[\"https:\\\/\\\/fr.motocrossmag.be\\\/index.php\\\/2008\\\/05\\\/mondial-du-quad-pont-de-vaux-un-team-belge-favori\\\/#respond\"]}]},{\"@type\":\"WebPage\",\"@id\":\"https:\\\/\\\/fr.motocrossmag.be\\\/index.php\\\/2008\\\/05\\\/mondial-du-quad-pont-de-vaux-un-team-belge-favori\\\/\",\"url\":\"https:\\\/\\\/fr.motocrossmag.be\\\/index.php\\\/2008\\\/05\\\/mondial-du-quad-pont-de-vaux-un-team-belge-favori\\\/\",\"name\":\"Mondial du Quad - Pont de Vaux | Un team belge favori! - Motocross - Enduro - Supermoto | MotocrossMag\",\"isPartOf\":{\"@id\":\"https:\\\/\\\/fr.motocrossmag.be\\\/#website\"},\"primaryImageOfPage\":{\"@id\":\"https:\\\/\\\/fr.motocrossmag.be\\\/index.php\\\/2008\\\/05\\\/mondial-du-quad-pont-de-vaux-un-team-belge-favori\\\/#primaryimage\"},\"image\":{\"@id\":\"https:\\\/\\\/fr.motocrossmag.be\\\/index.php\\\/2008\\\/05\\\/mondial-du-quad-pont-de-vaux-un-team-belge-favori\\\/#primaryimage\"},\"thumbnailUrl\":\"http:\\\/\\\/www.motocrossmag.be\\\/wp-content\\\/uploads\\\/2008\\\/05\\\/pdv_start.jpg\",\"datePublished\":\"2008-05-20T21:31:03+00:00\",\"dateModified\":\"2008-05-20T21:32:12+00:00\",\"author\":{\"@id\":\"https:\\\/\\\/fr.motocrossmag.be\\\/#\\\/schema\\\/person\\\/11b47143d9f755babca2c9110e03235c\"},\"breadcrumb\":{\"@id\":\"https:\\\/\\\/fr.motocrossmag.be\\\/index.php\\\/2008\\\/05\\\/mondial-du-quad-pont-de-vaux-un-team-belge-favori\\\/#breadcrumb\"},\"inLanguage\":\"fr-FR\",\"potentialAction\":[{\"@type\":\"ReadAction\",\"target\":[\"https:\\\/\\\/fr.motocrossmag.be\\\/index.php\\\/2008\\\/05\\\/mondial-du-quad-pont-de-vaux-un-team-belge-favori\\\/\"]}]},{\"@type\":\"ImageObject\",\"inLanguage\":\"fr-FR\",\"@id\":\"https:\\\/\\\/fr.motocrossmag.be\\\/index.php\\\/2008\\\/05\\\/mondial-du-quad-pont-de-vaux-un-team-belge-favori\\\/#primaryimage\",\"url\":\"http:\\\/\\\/www.motocrossmag.be\\\/wp-content\\\/uploads\\\/2008\\\/05\\\/pdv_start.jpg\",\"contentUrl\":\"http:\\\/\\\/www.motocrossmag.be\\\/wp-content\\\/uploads\\\/2008\\\/05\\\/pdv_start.jpg\"},{\"@type\":\"BreadcrumbList\",\"@id\":\"https:\\\/\\\/fr.motocrossmag.be\\\/index.php\\\/2008\\\/05\\\/mondial-du-quad-pont-de-vaux-un-team-belge-favori\\\/#breadcrumb\",\"itemListElement\":[{\"@type\":\"ListItem\",\"position\":1,\"name\":\"Accueil\",\"item\":\"https:\\\/\\\/fr.motocrossmag.be\\\/\"},{\"@type\":\"ListItem\",\"position\":2,\"name\":\"Mondial du Quad &#8211; Pont de Vaux | Un team belge favori!\"}]},{\"@type\":\"WebSite\",\"@id\":\"https:\\\/\\\/fr.motocrossmag.be\\\/#website\",\"url\":\"https:\\\/\\\/fr.motocrossmag.be\\\/\",\"name\":\"Motocross - Enduro - Supermoto | MotocrossMag\",\"description\":\"L&#039;actualit\u00e9 du motocross, de l&#039;enduro et du Supermoto en ligne!\",\"potentialAction\":[{\"@type\":\"SearchAction\",\"target\":{\"@type\":\"EntryPoint\",\"urlTemplate\":\"https:\\\/\\\/fr.motocrossmag.be\\\/?s={search_term_string}\"},\"query-input\":{\"@type\":\"PropertyValueSpecification\",\"valueRequired\":true,\"valueName\":\"search_term_string\"}}],\"inLanguage\":\"fr-FR\"},{\"@type\":\"Person\",\"@id\":\"https:\\\/\\\/fr.motocrossmag.be\\\/#\\\/schema\\\/person\\\/11b47143d9f755babca2c9110e03235c\",\"name\":\"oliviere\",\"image\":{\"@type\":\"ImageObject\",\"inLanguage\":\"fr-FR\",\"@id\":\"https:\\\/\\\/secure.gravatar.com\\\/avatar\\\/907069e0b81d119452040469e4a7501da1100f54f7f80180ce77bfab718288f6?s=96&d=mm&r=g\",\"url\":\"https:\\\/\\\/secure.gravatar.com\\\/avatar\\\/907069e0b81d119452040469e4a7501da1100f54f7f80180ce77bfab718288f6?s=96&d=mm&r=g\",\"contentUrl\":\"https:\\\/\\\/secure.gravatar.com\\\/avatar\\\/907069e0b81d119452040469e4a7501da1100f54f7f80180ce77bfab718288f6?s=96&d=mm&r=g\",\"caption\":\"oliviere\"},\"sameAs\":[\"http:\\\/\\\/www.motocrossmag.be\"],\"url\":\"https:\\\/\\\/fr.motocrossmag.be\\\/index.php\\\/author\\\/oliviere\\\/\"}]}<\/script>\n<!-- \/ Yoast SEO plugin. -->","yoast_head_json":{"title":"Mondial du Quad - Pont de Vaux | Un team belge favori! - Motocross - Enduro - Supermoto | MotocrossMag","robots":{"index":"index","follow":"follow","max-snippet":"max-snippet:-1","max-image-preview":"max-image-preview:large","max-video-preview":"max-video-preview:-1"},"canonical":"https:\/\/fr.motocrossmag.be\/index.php\/2008\/05\/mondial-du-quad-pont-de-vaux-un-team-belge-favori\/","og_locale":"fr_FR","og_type":"article","og_title":"Mondial du Quad - Pont de Vaux | Un team belge favori! - Motocross - Enduro - Supermoto | MotocrossMag","og_description":"Le Mondial du Quad &agrave; Pont de Vaux (d\u00e9partement de l&rsquo;Ain) est au quad ce que sont les 12 heures de la Chinelle &agrave; la moto. Cette \u00e9preuve d&rsquo;endurance fran\u00e7aise, [...]","og_url":"https:\/\/fr.motocrossmag.be\/index.php\/2008\/05\/mondial-du-quad-pont-de-vaux-un-team-belge-favori\/","og_site_name":"Motocross - Enduro - Supermoto | MotocrossMag","article_published_time":"2008-05-20T21:31:03+00:00","article_modified_time":"2008-05-20T21:32:12+00:00","og_image":[{"url":"http:\/\/www.motocrossmag.be\/wp-content\/uploads\/2008\/05\/pdv_start.jpg","type":"","width":"","height":""}],"author":"oliviere","twitter_card":"summary_large_image","twitter_misc":{"\u00c9crit par":"oliviere","Dur\u00e9e de lecture estim\u00e9e":"2 minutes"},"schema":{"@context":"https:\/\/schema.org","@graph":[{"@type":"Article","@id":"https:\/\/fr.motocrossmag.be\/index.php\/2008\/05\/mondial-du-quad-pont-de-vaux-un-team-belge-favori\/#article","isPartOf":{"@id":"https:\/\/fr.motocrossmag.be\/index.php\/2008\/05\/mondial-du-quad-pont-de-vaux-un-team-belge-favori\/"},"author":{"name":"oliviere","@id":"https:\/\/fr.motocrossmag.be\/#\/schema\/person\/11b47143d9f755babca2c9110e03235c"},"headline":"Mondial du Quad &#8211; Pont de Vaux | Un team belge favori!","datePublished":"2008-05-20T21:31:03+00:00","dateModified":"2008-05-20T21:32:12+00:00","mainEntityOfPage":{"@id":"https:\/\/fr.motocrossmag.be\/index.php\/2008\/05\/mondial-du-quad-pont-de-vaux-un-team-belge-favori\/"},"wordCount":408,"commentCount":0,"image":{"@id":"https:\/\/fr.motocrossmag.be\/index.php\/2008\/05\/mondial-du-quad-pont-de-vaux-un-team-belge-favori\/#primaryimage"},"thumbnailUrl":"http:\/\/www.motocrossmag.be\/wp-content\/uploads\/2008\/05\/pdv_start.jpg","articleSection":["Actualit\u00e9","News","News","Quad"],"inLanguage":"fr-FR","potentialAction":[{"@type":"CommentAction","name":"Comment","target":["https:\/\/fr.motocrossmag.be\/index.php\/2008\/05\/mondial-du-quad-pont-de-vaux-un-team-belge-favori\/#respond"]}]},{"@type":"WebPage","@id":"https:\/\/fr.motocrossmag.be\/index.php\/2008\/05\/mondial-du-quad-pont-de-vaux-un-team-belge-favori\/","url":"https:\/\/fr.motocrossmag.be\/index.php\/2008\/05\/mondial-du-quad-pont-de-vaux-un-team-belge-favori\/","name":"Mondial du Quad - Pont de Vaux | Un team belge favori! - Motocross - Enduro - Supermoto | MotocrossMag","isPartOf":{"@id":"https:\/\/fr.motocrossmag.be\/#website"},"primaryImageOfPage":{"@id":"https:\/\/fr.motocrossmag.be\/index.php\/2008\/05\/mondial-du-quad-pont-de-vaux-un-team-belge-favori\/#primaryimage"},"image":{"@id":"https:\/\/fr.motocrossmag.be\/index.php\/2008\/05\/mondial-du-quad-pont-de-vaux-un-team-belge-favori\/#primaryimage"},"thumbnailUrl":"http:\/\/www.motocrossmag.be\/wp-content\/uploads\/2008\/05\/pdv_start.jpg","datePublished":"2008-05-20T21:31:03+00:00","dateModified":"2008-05-20T21:32:12+00:00","author":{"@id":"https:\/\/fr.motocrossmag.be\/#\/schema\/person\/11b47143d9f755babca2c9110e03235c"},"breadcrumb":{"@id":"https:\/\/fr.motocrossmag.be\/index.php\/2008\/05\/mondial-du-quad-pont-de-vaux-un-team-belge-favori\/#breadcrumb"},"inLanguage":"fr-FR","potentialAction":[{"@type":"ReadAction","target":["https:\/\/fr.motocrossmag.be\/index.php\/2008\/05\/mondial-du-quad-pont-de-vaux-un-team-belge-favori\/"]}]},{"@type":"ImageObject","inLanguage":"fr-FR","@id":"https:\/\/fr.motocrossmag.be\/index.php\/2008\/05\/mondial-du-quad-pont-de-vaux-un-team-belge-favori\/#primaryimage","url":"http:\/\/www.motocrossmag.be\/wp-content\/uploads\/2008\/05\/pdv_start.jpg","contentUrl":"http:\/\/www.motocrossmag.be\/wp-content\/uploads\/2008\/05\/pdv_start.jpg"},{"@type":"BreadcrumbList","@id":"https:\/\/fr.motocrossmag.be\/index.php\/2008\/05\/mondial-du-quad-pont-de-vaux-un-team-belge-favori\/#breadcrumb","itemListElement":[{"@type":"ListItem","position":1,"name":"Accueil","item":"https:\/\/fr.motocrossmag.be\/"},{"@type":"ListItem","position":2,"name":"Mondial du Quad &#8211; Pont de Vaux | Un team belge favori!"}]},{"@type":"WebSite","@id":"https:\/\/fr.motocrossmag.be\/#website","url":"https:\/\/fr.motocrossmag.be\/","name":"Motocross - Enduro - Supermoto | MotocrossMag","description":"L&#039;actualit\u00e9 du motocross, de l&#039;enduro et du Supermoto en ligne!","potentialAction":[{"@type":"SearchAction","target":{"@type":"EntryPoint","urlTemplate":"https:\/\/fr.motocrossmag.be\/?s={search_term_string}"},"query-input":{"@type":"PropertyValueSpecification","valueRequired":true,"valueName":"search_term_string"}}],"inLanguage":"fr-FR"},{"@type":"Person","@id":"https:\/\/fr.motocrossmag.be\/#\/schema\/person\/11b47143d9f755babca2c9110e03235c","name":"oliviere","image":{"@type":"ImageObject","inLanguage":"fr-FR","@id":"https:\/\/secure.gravatar.com\/avatar\/907069e0b81d119452040469e4a7501da1100f54f7f80180ce77bfab718288f6?s=96&d=mm&r=g","url":"https:\/\/secure.gravatar.com\/avatar\/907069e0b81d119452040469e4a7501da1100f54f7f80180ce77bfab718288f6?s=96&d=mm&r=g","contentUrl":"https:\/\/secure.gravatar.com\/avatar\/907069e0b81d119452040469e4a7501da1100f54f7f80180ce77bfab718288f6?s=96&d=mm&r=g","caption":"oliviere"},"sameAs":["http:\/\/www.motocrossmag.be"],"url":"https:\/\/fr.motocrossmag.be\/index.php\/author\/oliviere\/"}]}},"_links":{"self":[{"href":"https:\/\/fr.motocrossmag.be\/index.php\/wp-json\/wp\/v2\/posts\/726","targetHints":{"allow":["GET"]}}],"collection":[{"href":"https:\/\/fr.motocrossmag.be\/index.php\/wp-json\/wp\/v2\/posts"}],"about":[{"href":"https:\/\/fr.motocrossmag.be\/index.php\/wp-json\/wp\/v2\/types\/post"}],"author":[{"embeddable":true,"href":"https:\/\/fr.motocrossmag.be\/index.php\/wp-json\/wp\/v2\/users\/932"}],"replies":[{"embeddable":true,"href":"https:\/\/fr.motocrossmag.be\/index.php\/wp-json\/wp\/v2\/comments?post=726"}],"version-history":[{"count":0,"href":"https:\/\/fr.motocrossmag.be\/index.php\/wp-json\/wp\/v2\/posts\/726\/revisions"}],"wp:attachment":[{"href":"https:\/\/fr.motocrossmag.be\/index.php\/wp-json\/wp\/v2\/media?parent=726"}],"wp:term":[{"taxonomy":"category","embeddable":true,"href":"https:\/\/fr.motocrossmag.be\/index.php\/wp-json\/wp\/v2\/categories?post=726"},{"taxonomy":"post_tag","embeddable":true,"href":"https:\/\/fr.motocrossmag.be\/index.php\/wp-json\/wp\/v2\/tags?post=726"}],"curies":[{"name":"wp","href":"https:\/\/api.w.org\/{rel}","templated":true}]}}