{"id":73105,"date":"2018-05-05T12:33:40","date_gmt":"2018-05-05T10:33:40","guid":{"rendered":"http:\/\/fr.motocrossmag.be\/?p=73105"},"modified":"2018-05-05T12:33:40","modified_gmt":"2018-05-05T10:33:40","slug":"endurogp-encore-salvini-dans-la-super-test-portugaise","status":"publish","type":"post","link":"https:\/\/fr.motocrossmag.be\/index.php\/2018\/05\/endurogp-encore-salvini-dans-la-super-test-portugaise\/","title":{"rendered":"EnduroGP : encore Salvini dans la Super Test portugaise"},"content":{"rendered":"<p><strong>Devant plus de 5 000 personnes, les pilotes EnduroGP ont assur\u00e9 le show dans une douce et belle soir\u00e9e portugaise qui s\u2019est termin\u00e9e par un feu d\u2019artifice offert par l\u2019Escuderia Castelo Branco. C\u00f4t\u00e9 course, Mathias BELLINO (F \u2013 Honda) a cru pendant longtemps remporter sa premi\u00e8re Akrapovic Super Test pour son tout premier Grand Prix de l\u2019ann\u00e9e\u2026 Avec un temps de 3\u201908\u2019\u201939, le Fran\u00e7ais avait mis la barre haute et m\u00eame s\u2019ils furent rapides, Matthew PHILLIPS (AUS \u2013 Sherco), Christophe CHARLIER (F \u2013 Beta) et Jamie MCCANNEY (GB \u2013 Yamaha) n\u2019ont pu aller le chercher.<\/strong><\/p>\n<p>Mais c\u2019\u00e9tait sans compter sur le vainqueur 2017 de l\u2019Akrapovic Super Test, Alex SALVINI (I \u2013 Husqvarna), qui, pour pr\u00e8s de 2 secondes d\u2019avance (3\u201906\u2019\u201962), subtilise la victoire au pilote Honda ORC et remporte sa deuxi\u00e8me Super Test de la saison.<\/p>\n<p><iframe class=\"lazyload\" src=\"data:image\/svg+xml,%3Csvg%20xmlns%3D%27http%3A%2F%2Fwww.w3.org%2F2000%2Fsvg%27%20width%3D%27650%27%20height%3D%27366%27%20viewBox%3D%270%200%20650%20366%27%3E%3Crect%20width%3D%27650%27%20height%3D%27366%27%20fill-opacity%3D%220%22%2F%3E%3C%2Fsvg%3E\" data-orig-src=\"https:\/\/www.youtube.com\/embed\/ODvs-MmGjCU\" width=\"650\" height=\"366\" frameborder=\"0\" allowfullscreen=\"allowfullscreen\"><\/iframe><\/p>\n","protected":false},"excerpt":{"rendered":"<p>Devant plus de 5 000 personnes, les pilotes EnduroGP ont assur\u00e9 le show dans une douce et belle soir\u00e9e portugaise qui s\u2019est termin\u00e9e par un feu d\u2019artifice offert par l\u2019Escuderia [&#8230;]<\/p>\n","protected":false},"author":932,"featured_media":73106,"comment_status":"open","ping_status":"closed","sticky":false,"template":"","format":"standard","meta":{"footnotes":""},"categories":[54,32,34,55,65],"tags":[],"class_list":["post-73105","post","type-post","status-publish","format-standard","has-post-thumbnail","hentry","category-actualite","category-enduro","category-endurogp","category-news-actualite","category-slideshow"],"yoast_head":"<!-- This site is optimized with the Yoast SEO plugin v27.4 - https:\/\/yoast.com\/product\/yoast-seo-wordpress\/ -->\n<title>EnduroGP : encore Salvini dans la Super Test portugaise - Motocross - Enduro - Supermoto | MotocrossMag<\/title>\n<meta name=\"robots\" content=\"index, follow, max-snippet:-1, max-image-preview:large, max-video-preview:-1\" \/>\n<link rel=\"canonical\" href=\"https:\/\/fr.motocrossmag.be\/index.php\/2018\/05\/endurogp-encore-salvini-dans-la-super-test-portugaise\/\" \/>\n<meta property=\"og:locale\" content=\"fr_FR\" \/>\n<meta property=\"og:type\" content=\"article\" \/>\n<meta property=\"og:title\" content=\"EnduroGP : encore Salvini dans la Super Test portugaise - Motocross - Enduro - Supermoto | MotocrossMag\" \/>\n<meta property=\"og:description\" content=\"Devant plus de 5 000 personnes, les pilotes EnduroGP ont assur\u00e9 le show dans une douce et belle soir\u00e9e portugaise qui s\u2019est termin\u00e9e par un feu d\u2019artifice offert par l\u2019Escuderia [...]\" \/>\n<meta property=\"og:url\" content=\"https:\/\/fr.motocrossmag.be\/index.php\/2018\/05\/endurogp-encore-salvini-dans-la-super-test-portugaise\/\" \/>\n<meta property=\"og:site_name\" content=\"Motocross - Enduro - Supermoto | MotocrossMag\" \/>\n<meta property=\"article:published_time\" content=\"2018-05-05T10:33:40+00:00\" \/>\n<meta property=\"og:image\" content=\"https:\/\/fr.motocrossmag.be\/wp-content\/uploads\/2018\/05\/endurogp-supertest-portugal.jpg\" \/>\n\t<meta property=\"og:image:width\" content=\"1350\" \/>\n\t<meta property=\"og:image:height\" content=\"900\" \/>\n\t<meta property=\"og:image:type\" content=\"image\/jpeg\" \/>\n<meta name=\"author\" content=\"oliviere\" \/>\n<meta name=\"twitter:card\" content=\"summary_large_image\" \/>\n<meta name=\"twitter:label1\" content=\"\u00c9crit par\" \/>\n\t<meta name=\"twitter:data1\" content=\"oliviere\" \/>\n\t<meta name=\"twitter:label2\" content=\"Dur\u00e9e de lecture estim\u00e9e\" \/>\n\t<meta name=\"twitter:data2\" content=\"1 minute\" \/>\n<script type=\"application\/ld+json\" class=\"yoast-schema-graph\">{\"@context\":\"https:\\\/\\\/schema.org\",\"@graph\":[{\"@type\":\"Article\",\"@id\":\"https:\\\/\\\/fr.motocrossmag.be\\\/index.php\\\/2018\\\/05\\\/endurogp-encore-salvini-dans-la-super-test-portugaise\\\/#article\",\"isPartOf\":{\"@id\":\"https:\\\/\\\/fr.motocrossmag.be\\\/index.php\\\/2018\\\/05\\\/endurogp-encore-salvini-dans-la-super-test-portugaise\\\/\"},\"author\":{\"name\":\"oliviere\",\"@id\":\"https:\\\/\\\/fr.motocrossmag.be\\\/#\\\/schema\\\/person\\\/11b47143d9f755babca2c9110e03235c\"},\"headline\":\"EnduroGP : encore Salvini dans la Super Test portugaise\",\"datePublished\":\"2018-05-05T10:33:40+00:00\",\"mainEntityOfPage\":{\"@id\":\"https:\\\/\\\/fr.motocrossmag.be\\\/index.php\\\/2018\\\/05\\\/endurogp-encore-salvini-dans-la-super-test-portugaise\\\/\"},\"wordCount\":151,\"commentCount\":0,\"image\":{\"@id\":\"https:\\\/\\\/fr.motocrossmag.be\\\/index.php\\\/2018\\\/05\\\/endurogp-encore-salvini-dans-la-super-test-portugaise\\\/#primaryimage\"},\"thumbnailUrl\":\"https:\\\/\\\/fr.motocrossmag.be\\\/wp-content\\\/uploads\\\/2018\\\/05\\\/endurogp-supertest-portugal.jpg\",\"articleSection\":[\"Actualit\u00e9\",\"Enduro\",\"EnduroGP\",\"News\",\"Slideshow\"],\"inLanguage\":\"fr-FR\",\"potentialAction\":[{\"@type\":\"CommentAction\",\"name\":\"Comment\",\"target\":[\"https:\\\/\\\/fr.motocrossmag.be\\\/index.php\\\/2018\\\/05\\\/endurogp-encore-salvini-dans-la-super-test-portugaise\\\/#respond\"]}]},{\"@type\":\"WebPage\",\"@id\":\"https:\\\/\\\/fr.motocrossmag.be\\\/index.php\\\/2018\\\/05\\\/endurogp-encore-salvini-dans-la-super-test-portugaise\\\/\",\"url\":\"https:\\\/\\\/fr.motocrossmag.be\\\/index.php\\\/2018\\\/05\\\/endurogp-encore-salvini-dans-la-super-test-portugaise\\\/\",\"name\":\"EnduroGP : encore Salvini dans la Super Test portugaise - Motocross - Enduro - Supermoto | MotocrossMag\",\"isPartOf\":{\"@id\":\"https:\\\/\\\/fr.motocrossmag.be\\\/#website\"},\"primaryImageOfPage\":{\"@id\":\"https:\\\/\\\/fr.motocrossmag.be\\\/index.php\\\/2018\\\/05\\\/endurogp-encore-salvini-dans-la-super-test-portugaise\\\/#primaryimage\"},\"image\":{\"@id\":\"https:\\\/\\\/fr.motocrossmag.be\\\/index.php\\\/2018\\\/05\\\/endurogp-encore-salvini-dans-la-super-test-portugaise\\\/#primaryimage\"},\"thumbnailUrl\":\"https:\\\/\\\/fr.motocrossmag.be\\\/wp-content\\\/uploads\\\/2018\\\/05\\\/endurogp-supertest-portugal.jpg\",\"datePublished\":\"2018-05-05T10:33:40+00:00\",\"author\":{\"@id\":\"https:\\\/\\\/fr.motocrossmag.be\\\/#\\\/schema\\\/person\\\/11b47143d9f755babca2c9110e03235c\"},\"breadcrumb\":{\"@id\":\"https:\\\/\\\/fr.motocrossmag.be\\\/index.php\\\/2018\\\/05\\\/endurogp-encore-salvini-dans-la-super-test-portugaise\\\/#breadcrumb\"},\"inLanguage\":\"fr-FR\",\"potentialAction\":[{\"@type\":\"ReadAction\",\"target\":[\"https:\\\/\\\/fr.motocrossmag.be\\\/index.php\\\/2018\\\/05\\\/endurogp-encore-salvini-dans-la-super-test-portugaise\\\/\"]}]},{\"@type\":\"ImageObject\",\"inLanguage\":\"fr-FR\",\"@id\":\"https:\\\/\\\/fr.motocrossmag.be\\\/index.php\\\/2018\\\/05\\\/endurogp-encore-salvini-dans-la-super-test-portugaise\\\/#primaryimage\",\"url\":\"https:\\\/\\\/fr.motocrossmag.be\\\/wp-content\\\/uploads\\\/2018\\\/05\\\/endurogp-supertest-portugal.jpg\",\"contentUrl\":\"https:\\\/\\\/fr.motocrossmag.be\\\/wp-content\\\/uploads\\\/2018\\\/05\\\/endurogp-supertest-portugal.jpg\",\"width\":1350,\"height\":900},{\"@type\":\"BreadcrumbList\",\"@id\":\"https:\\\/\\\/fr.motocrossmag.be\\\/index.php\\\/2018\\\/05\\\/endurogp-encore-salvini-dans-la-super-test-portugaise\\\/#breadcrumb\",\"itemListElement\":[{\"@type\":\"ListItem\",\"position\":1,\"name\":\"Accueil\",\"item\":\"https:\\\/\\\/fr.motocrossmag.be\\\/\"},{\"@type\":\"ListItem\",\"position\":2,\"name\":\"EnduroGP : encore Salvini dans la Super Test portugaise\"}]},{\"@type\":\"WebSite\",\"@id\":\"https:\\\/\\\/fr.motocrossmag.be\\\/#website\",\"url\":\"https:\\\/\\\/fr.motocrossmag.be\\\/\",\"name\":\"Motocross - Enduro - Supermoto | MotocrossMag\",\"description\":\"L&#039;actualit\u00e9 du motocross, de l&#039;enduro et du Supermoto en ligne!\",\"potentialAction\":[{\"@type\":\"SearchAction\",\"target\":{\"@type\":\"EntryPoint\",\"urlTemplate\":\"https:\\\/\\\/fr.motocrossmag.be\\\/?s={search_term_string}\"},\"query-input\":{\"@type\":\"PropertyValueSpecification\",\"valueRequired\":true,\"valueName\":\"search_term_string\"}}],\"inLanguage\":\"fr-FR\"},{\"@type\":\"Person\",\"@id\":\"https:\\\/\\\/fr.motocrossmag.be\\\/#\\\/schema\\\/person\\\/11b47143d9f755babca2c9110e03235c\",\"name\":\"oliviere\",\"image\":{\"@type\":\"ImageObject\",\"inLanguage\":\"fr-FR\",\"@id\":\"https:\\\/\\\/secure.gravatar.com\\\/avatar\\\/907069e0b81d119452040469e4a7501da1100f54f7f80180ce77bfab718288f6?s=96&d=mm&r=g\",\"url\":\"https:\\\/\\\/secure.gravatar.com\\\/avatar\\\/907069e0b81d119452040469e4a7501da1100f54f7f80180ce77bfab718288f6?s=96&d=mm&r=g\",\"contentUrl\":\"https:\\\/\\\/secure.gravatar.com\\\/avatar\\\/907069e0b81d119452040469e4a7501da1100f54f7f80180ce77bfab718288f6?s=96&d=mm&r=g\",\"caption\":\"oliviere\"},\"sameAs\":[\"http:\\\/\\\/www.motocrossmag.be\"],\"url\":\"https:\\\/\\\/fr.motocrossmag.be\\\/index.php\\\/author\\\/oliviere\\\/\"}]}<\/script>\n<!-- \/ Yoast SEO plugin. -->","yoast_head_json":{"title":"EnduroGP : encore Salvini dans la Super Test portugaise - Motocross - Enduro - Supermoto | MotocrossMag","robots":{"index":"index","follow":"follow","max-snippet":"max-snippet:-1","max-image-preview":"max-image-preview:large","max-video-preview":"max-video-preview:-1"},"canonical":"https:\/\/fr.motocrossmag.be\/index.php\/2018\/05\/endurogp-encore-salvini-dans-la-super-test-portugaise\/","og_locale":"fr_FR","og_type":"article","og_title":"EnduroGP : encore Salvini dans la Super Test portugaise - Motocross - Enduro - Supermoto | MotocrossMag","og_description":"Devant plus de 5 000 personnes, les pilotes EnduroGP ont assur\u00e9 le show dans une douce et belle soir\u00e9e portugaise qui s\u2019est termin\u00e9e par un feu d\u2019artifice offert par l\u2019Escuderia [...]","og_url":"https:\/\/fr.motocrossmag.be\/index.php\/2018\/05\/endurogp-encore-salvini-dans-la-super-test-portugaise\/","og_site_name":"Motocross - Enduro - Supermoto | MotocrossMag","article_published_time":"2018-05-05T10:33:40+00:00","og_image":[{"width":1350,"height":900,"url":"https:\/\/fr.motocrossmag.be\/wp-content\/uploads\/2018\/05\/endurogp-supertest-portugal.jpg","type":"image\/jpeg"}],"author":"oliviere","twitter_card":"summary_large_image","twitter_misc":{"\u00c9crit par":"oliviere","Dur\u00e9e de lecture estim\u00e9e":"1 minute"},"schema":{"@context":"https:\/\/schema.org","@graph":[{"@type":"Article","@id":"https:\/\/fr.motocrossmag.be\/index.php\/2018\/05\/endurogp-encore-salvini-dans-la-super-test-portugaise\/#article","isPartOf":{"@id":"https:\/\/fr.motocrossmag.be\/index.php\/2018\/05\/endurogp-encore-salvini-dans-la-super-test-portugaise\/"},"author":{"name":"oliviere","@id":"https:\/\/fr.motocrossmag.be\/#\/schema\/person\/11b47143d9f755babca2c9110e03235c"},"headline":"EnduroGP : encore Salvini dans la Super Test portugaise","datePublished":"2018-05-05T10:33:40+00:00","mainEntityOfPage":{"@id":"https:\/\/fr.motocrossmag.be\/index.php\/2018\/05\/endurogp-encore-salvini-dans-la-super-test-portugaise\/"},"wordCount":151,"commentCount":0,"image":{"@id":"https:\/\/fr.motocrossmag.be\/index.php\/2018\/05\/endurogp-encore-salvini-dans-la-super-test-portugaise\/#primaryimage"},"thumbnailUrl":"https:\/\/fr.motocrossmag.be\/wp-content\/uploads\/2018\/05\/endurogp-supertest-portugal.jpg","articleSection":["Actualit\u00e9","Enduro","EnduroGP","News","Slideshow"],"inLanguage":"fr-FR","potentialAction":[{"@type":"CommentAction","name":"Comment","target":["https:\/\/fr.motocrossmag.be\/index.php\/2018\/05\/endurogp-encore-salvini-dans-la-super-test-portugaise\/#respond"]}]},{"@type":"WebPage","@id":"https:\/\/fr.motocrossmag.be\/index.php\/2018\/05\/endurogp-encore-salvini-dans-la-super-test-portugaise\/","url":"https:\/\/fr.motocrossmag.be\/index.php\/2018\/05\/endurogp-encore-salvini-dans-la-super-test-portugaise\/","name":"EnduroGP : encore Salvini dans la Super Test portugaise - Motocross - Enduro - Supermoto | MotocrossMag","isPartOf":{"@id":"https:\/\/fr.motocrossmag.be\/#website"},"primaryImageOfPage":{"@id":"https:\/\/fr.motocrossmag.be\/index.php\/2018\/05\/endurogp-encore-salvini-dans-la-super-test-portugaise\/#primaryimage"},"image":{"@id":"https:\/\/fr.motocrossmag.be\/index.php\/2018\/05\/endurogp-encore-salvini-dans-la-super-test-portugaise\/#primaryimage"},"thumbnailUrl":"https:\/\/fr.motocrossmag.be\/wp-content\/uploads\/2018\/05\/endurogp-supertest-portugal.jpg","datePublished":"2018-05-05T10:33:40+00:00","author":{"@id":"https:\/\/fr.motocrossmag.be\/#\/schema\/person\/11b47143d9f755babca2c9110e03235c"},"breadcrumb":{"@id":"https:\/\/fr.motocrossmag.be\/index.php\/2018\/05\/endurogp-encore-salvini-dans-la-super-test-portugaise\/#breadcrumb"},"inLanguage":"fr-FR","potentialAction":[{"@type":"ReadAction","target":["https:\/\/fr.motocrossmag.be\/index.php\/2018\/05\/endurogp-encore-salvini-dans-la-super-test-portugaise\/"]}]},{"@type":"ImageObject","inLanguage":"fr-FR","@id":"https:\/\/fr.motocrossmag.be\/index.php\/2018\/05\/endurogp-encore-salvini-dans-la-super-test-portugaise\/#primaryimage","url":"https:\/\/fr.motocrossmag.be\/wp-content\/uploads\/2018\/05\/endurogp-supertest-portugal.jpg","contentUrl":"https:\/\/fr.motocrossmag.be\/wp-content\/uploads\/2018\/05\/endurogp-supertest-portugal.jpg","width":1350,"height":900},{"@type":"BreadcrumbList","@id":"https:\/\/fr.motocrossmag.be\/index.php\/2018\/05\/endurogp-encore-salvini-dans-la-super-test-portugaise\/#breadcrumb","itemListElement":[{"@type":"ListItem","position":1,"name":"Accueil","item":"https:\/\/fr.motocrossmag.be\/"},{"@type":"ListItem","position":2,"name":"EnduroGP : encore Salvini dans la Super Test portugaise"}]},{"@type":"WebSite","@id":"https:\/\/fr.motocrossmag.be\/#website","url":"https:\/\/fr.motocrossmag.be\/","name":"Motocross - Enduro - Supermoto | MotocrossMag","description":"L&#039;actualit\u00e9 du motocross, de l&#039;enduro et du Supermoto en ligne!","potentialAction":[{"@type":"SearchAction","target":{"@type":"EntryPoint","urlTemplate":"https:\/\/fr.motocrossmag.be\/?s={search_term_string}"},"query-input":{"@type":"PropertyValueSpecification","valueRequired":true,"valueName":"search_term_string"}}],"inLanguage":"fr-FR"},{"@type":"Person","@id":"https:\/\/fr.motocrossmag.be\/#\/schema\/person\/11b47143d9f755babca2c9110e03235c","name":"oliviere","image":{"@type":"ImageObject","inLanguage":"fr-FR","@id":"https:\/\/secure.gravatar.com\/avatar\/907069e0b81d119452040469e4a7501da1100f54f7f80180ce77bfab718288f6?s=96&d=mm&r=g","url":"https:\/\/secure.gravatar.com\/avatar\/907069e0b81d119452040469e4a7501da1100f54f7f80180ce77bfab718288f6?s=96&d=mm&r=g","contentUrl":"https:\/\/secure.gravatar.com\/avatar\/907069e0b81d119452040469e4a7501da1100f54f7f80180ce77bfab718288f6?s=96&d=mm&r=g","caption":"oliviere"},"sameAs":["http:\/\/www.motocrossmag.be"],"url":"https:\/\/fr.motocrossmag.be\/index.php\/author\/oliviere\/"}]}},"_links":{"self":[{"href":"https:\/\/fr.motocrossmag.be\/index.php\/wp-json\/wp\/v2\/posts\/73105","targetHints":{"allow":["GET"]}}],"collection":[{"href":"https:\/\/fr.motocrossmag.be\/index.php\/wp-json\/wp\/v2\/posts"}],"about":[{"href":"https:\/\/fr.motocrossmag.be\/index.php\/wp-json\/wp\/v2\/types\/post"}],"author":[{"embeddable":true,"href":"https:\/\/fr.motocrossmag.be\/index.php\/wp-json\/wp\/v2\/users\/932"}],"replies":[{"embeddable":true,"href":"https:\/\/fr.motocrossmag.be\/index.php\/wp-json\/wp\/v2\/comments?post=73105"}],"version-history":[{"count":1,"href":"https:\/\/fr.motocrossmag.be\/index.php\/wp-json\/wp\/v2\/posts\/73105\/revisions"}],"predecessor-version":[{"id":73107,"href":"https:\/\/fr.motocrossmag.be\/index.php\/wp-json\/wp\/v2\/posts\/73105\/revisions\/73107"}],"wp:featuredmedia":[{"embeddable":true,"href":"https:\/\/fr.motocrossmag.be\/index.php\/wp-json\/wp\/v2\/media\/73106"}],"wp:attachment":[{"href":"https:\/\/fr.motocrossmag.be\/index.php\/wp-json\/wp\/v2\/media?parent=73105"}],"wp:term":[{"taxonomy":"category","embeddable":true,"href":"https:\/\/fr.motocrossmag.be\/index.php\/wp-json\/wp\/v2\/categories?post=73105"},{"taxonomy":"post_tag","embeddable":true,"href":"https:\/\/fr.motocrossmag.be\/index.php\/wp-json\/wp\/v2\/tags?post=73105"}],"curies":[{"name":"wp","href":"https:\/\/api.w.org\/{rel}","templated":true}]}}