{"id":815,"date":"2008-06-03T17:32:14","date_gmt":"2008-06-03T16:32:14","guid":{"rendered":"http:\/\/www.motocrossmag.be\/?p=815"},"modified":"2008-06-04T15:38:59","modified_gmt":"2008-06-04T14:38:59","slug":"motocross-coupe-du-monde-veterans-peter-iven-en-surclassement","status":"publish","type":"post","link":"https:\/\/fr.motocrossmag.be\/index.php\/2008\/06\/motocross-coupe-du-monde-veterans-peter-iven-en-surclassement\/","title":{"rendered":"Motocross &#8211; Coupe du Monde V\u00e9t\u00e9rans | Peter Iven en surclassement!"},"content":{"rendered":"<p>La Coupe du Monde des V\u00e9t\u00e9rans en \u00e9tait &agrave; sa deuxi\u00e8me manche &agrave; Mallory Park, la manche initiale ayant eu lieu &agrave; Bellpuig. Au classement provisoire, on trouvait le N\u00e9erlandais Toine van Dijk, avec un point d&rsquo;avance sur le Britannique Scott Eastwood et trois points d&rsquo;avance sur notre compatriote Thierry Godfroid.Peter Iven remporte les deux manches.<\/p>\n<p><img decoding=\"async\" class=\"lazyload alignnone size-full wp-image-837\" title=\"Le podium des v\u00e9t\u00e9rans &agrave; Mallory Park\" src=\"http:\/\/www.motocrossmag.be\/wp-content\/uploads\/2008\/06\/veterans.jpg\" data-orig-src=\"http:\/\/www.motocrossmag.be\/wp-content\/uploads\/2008\/06\/veterans.jpg\" alt=\"\" width=\"500\" height=\"333\" srcset=\"data:image\/svg+xml,%3Csvg%20xmlns%3D%27http%3A%2F%2Fwww.w3.org%2F2000%2Fsvg%27%20width%3D%27500%27%20height%3D%27333%27%20viewBox%3D%270%200%20500%20333%27%3E%3Crect%20width%3D%27500%27%20height%3D%27333%27%20fill-opacity%3D%220%22%2F%3E%3C%2Fsvg%3E\" data-srcset=\"https:\/\/fr.motocrossmag.be\/wp-content\/uploads\/2008\/06\/veterans-300x199.jpg 300w, https:\/\/fr.motocrossmag.be\/wp-content\/uploads\/2008\/06\/veterans.jpg 500w\" data-sizes=\"auto\" data-orig-sizes=\"(max-width: 500px) 100vw, 500px\" \/><\/p>\n<p>Il n&rsquo;y avait pas grand&rsquo;chose &agrave; faire contre un super Peter Iven qui a domin\u00e9 outrageusement les deux manches. En premi\u00e8re manche, le pilote limbourgeois a r\u00e9alis\u00e9 le holeshot et n&rsquo;a pas quitt\u00e9 la t\u00eate de la course, terminant avec une demi-minute d&rsquo;avance.<br \/>\nDave Thorpe, dont le d\u00e9part n&rsquo;avait pas \u00e9t\u00e9 extraordinaire, s&rsquo;\u00e9tait hiss\u00e9 &agrave; la seconde place d\u00e8s le troisi\u00e8me tour mais il \u00e9tait d\u00e9j&agrave; trop tard pour qu&rsquo;il puisse se battre pour la victoire. Greg Hanson terminait troisi\u00e8me, pratiquement dans la roue de Thorpe tandis que Jan Blancquaert, quatri\u00e8me, pr\u00e9c\u00e9dait le Fran\u00e7ais R\u00e9gis Simon. Thierry Godfroid \u00e9tait sixi\u00e8me, devant Terry House, Toine van Dijk, Scott Eastwood et le Letton Janis Mironovs.<\/p>\n<p>La seconde manche \u00e9tait pratiquement un remake de la premi\u00e8re, du moins en ce qui concerne les deux premi\u00e8res places. Iven s&rsquo;installait imm\u00e9diatement en t\u00eate et se pr\u00e9parait &agrave; faire son \u00ab\u00a0one man show\u00a0\u00bb! Thorpe se trouvait cette fois &agrave; distance raisonnable d&rsquo;Iven mais on sentait qu&rsquo;il ne pourrait pas contester la supr\u00e9matie du Limbourgeois.<\/p>\n<p>En ce qui concerne la troisi\u00e8me place, le Britannique House semblait avoir toutes les cartes en mains pour assurer sa position. C&rsquo;\u00e9tait sans compter sur une sensationnelle remont\u00e9e de Jantje Blancquaert et de Toine van Dijk. Blancquaert terminait troisi\u00e8me et van Dijk quatri\u00e8me. Derri\u00e8re House, on trouvait Thierry Godfroid, sixi\u00e8me, qui pr\u00e9c\u00e9dait R\u00e9gis Simon, Chris Jacobs, l&rsquo;Am\u00e9ricain Chuck Sun et le N\u00e9erlandais Peter Bergsma.<\/p>\n<p>Peter Iven, gr\u00e0\u00a2ce &agrave; sa superbe double victoire, prend la t\u00eate du classement provisoire. Il compte quatorze points d&rsquo;avance sur Thorpe et quinze sur Van Dijk. La derni\u00e8re \u00e9preuve aura lieu &agrave; Lommel, d\u00e9but ao\u00e0\u00bbt.<\/p>\n<p><strong>R\u00e9sultats<\/strong><\/p>\n<p><strong>Manche 1:<\/strong> 1.Iven 2.Thorpe 3.Hanson 4.Blancquaert 5.Simon 6.Godfroid 7.House 8.Van Dijk 9.Eastwood 10.Mironovs 11.Ramanauskas 12.Jacobs 13.Bergsma 14.Sun 15.Stankus 16.Ravenet 17.Dijkstra 18.Bartoll-Loiselet 19.Cooksley 20.Silvester.<\/p>\n<p><strong>Manche 2:<\/strong> 1.Iven 2.Thorpe 3.Blancquaert 4.Van Dijk 5.House 6.Godfroid 7.Simon 8.Jacobs 9.Sun 10.Bergsma 11.Eastwood 12.Mironovs 13.Bartoll-Loiselet 14.Dokoupil 15.Ramanauskas 16.Cooksley 17.Stankus 18.Makarov 19.Feldmanis 20.Verbraeken.<\/p>\n<p><strong>Podium:<\/strong> 1.Iven 50pt. 2.Thorpe 44pt. 3.Blancquaert 38pt.<\/p>\n<p><strong>Classement provisoire:<\/strong> 1.Iven 82pt. 2.Thorpe 68pt. 3.Van Dijk 67pt. 4.Godfroid 63pt. 5.Eastwood 57pt. 6.Blancquaert 56pt. 7.Jacobs 52pt. 8.Hanson 51pt. 9.Simon 41pt. 10.Mironovs 36pt. 11.House 30pt. 12.Makarov 29pt. 13.Sun 28pt. 14.Ducis 26pt. 15.Bergsma 23pt. 16.Bartoll-Loiselet 22pt. 17.Dijkstra 20pt. 18.Dokoupil 19pt. 19.Casas 17pt. 20.Verherstraeten 17pt.<\/p>\n","protected":false},"excerpt":{"rendered":"<p>La Coupe du Monde des V\u00e9t\u00e9rans en \u00e9tait &agrave; sa deuxi\u00e8me manche &agrave; Mallory Park, la manche initiale ayant eu lieu &agrave; Bellpuig. Au classement provisoire, on trouvait le N\u00e9erlandais [&#8230;]<\/p>\n","protected":false},"author":932,"featured_media":0,"comment_status":"open","ping_status":"open","sticky":false,"template":"","format":"standard","meta":{"footnotes":""},"categories":[54,4,5,55],"tags":[],"class_list":["post-815","post","type-post","status-publish","format-standard","hentry","category-actualite","category-motocross","category-news","category-news-actualite"],"yoast_head":"<!-- This site is optimized with the Yoast SEO plugin v27.4 - https:\/\/yoast.com\/product\/yoast-seo-wordpress\/ -->\n<title>Motocross - Coupe du Monde V\u00e9t\u00e9rans | Peter Iven en surclassement! - Motocross - Enduro - Supermoto | MotocrossMag<\/title>\n<meta name=\"robots\" content=\"index, follow, max-snippet:-1, max-image-preview:large, max-video-preview:-1\" \/>\n<link rel=\"canonical\" href=\"https:\/\/fr.motocrossmag.be\/index.php\/2008\/06\/motocross-coupe-du-monde-veterans-peter-iven-en-surclassement\/\" \/>\n<meta property=\"og:locale\" content=\"fr_FR\" \/>\n<meta property=\"og:type\" content=\"article\" \/>\n<meta property=\"og:title\" content=\"Motocross - Coupe du Monde V\u00e9t\u00e9rans | Peter Iven en surclassement! - Motocross - Enduro - Supermoto | MotocrossMag\" \/>\n<meta property=\"og:description\" content=\"La Coupe du Monde des V\u00e9t\u00e9rans en \u00e9tait &agrave; sa deuxi\u00e8me manche &agrave; Mallory Park, la manche initiale ayant eu lieu &agrave; Bellpuig. Au classement provisoire, on trouvait le N\u00e9erlandais [...]\" \/>\n<meta property=\"og:url\" content=\"https:\/\/fr.motocrossmag.be\/index.php\/2008\/06\/motocross-coupe-du-monde-veterans-peter-iven-en-surclassement\/\" \/>\n<meta property=\"og:site_name\" content=\"Motocross - Enduro - Supermoto | MotocrossMag\" \/>\n<meta property=\"article:published_time\" content=\"2008-06-03T16:32:14+00:00\" \/>\n<meta property=\"article:modified_time\" content=\"2008-06-04T14:38:59+00:00\" \/>\n<meta property=\"og:image\" content=\"http:\/\/www.motocrossmag.be\/wp-content\/uploads\/2008\/06\/veterans.jpg\" \/>\n<meta name=\"author\" content=\"oliviere\" \/>\n<meta name=\"twitter:card\" content=\"summary_large_image\" \/>\n<meta name=\"twitter:label1\" content=\"\u00c9crit par\" \/>\n\t<meta name=\"twitter:data1\" content=\"oliviere\" \/>\n\t<meta name=\"twitter:label2\" content=\"Dur\u00e9e de lecture estim\u00e9e\" \/>\n\t<meta name=\"twitter:data2\" content=\"2 minutes\" \/>\n<script type=\"application\/ld+json\" class=\"yoast-schema-graph\">{\"@context\":\"https:\\\/\\\/schema.org\",\"@graph\":[{\"@type\":\"Article\",\"@id\":\"https:\\\/\\\/fr.motocrossmag.be\\\/index.php\\\/2008\\\/06\\\/motocross-coupe-du-monde-veterans-peter-iven-en-surclassement\\\/#article\",\"isPartOf\":{\"@id\":\"https:\\\/\\\/fr.motocrossmag.be\\\/index.php\\\/2008\\\/06\\\/motocross-coupe-du-monde-veterans-peter-iven-en-surclassement\\\/\"},\"author\":{\"name\":\"oliviere\",\"@id\":\"https:\\\/\\\/fr.motocrossmag.be\\\/#\\\/schema\\\/person\\\/11b47143d9f755babca2c9110e03235c\"},\"headline\":\"Motocross &#8211; Coupe du Monde V\u00e9t\u00e9rans | Peter Iven en surclassement!\",\"datePublished\":\"2008-06-03T16:32:14+00:00\",\"dateModified\":\"2008-06-04T14:38:59+00:00\",\"mainEntityOfPage\":{\"@id\":\"https:\\\/\\\/fr.motocrossmag.be\\\/index.php\\\/2008\\\/06\\\/motocross-coupe-du-monde-veterans-peter-iven-en-surclassement\\\/\"},\"wordCount\":488,\"commentCount\":0,\"image\":{\"@id\":\"https:\\\/\\\/fr.motocrossmag.be\\\/index.php\\\/2008\\\/06\\\/motocross-coupe-du-monde-veterans-peter-iven-en-surclassement\\\/#primaryimage\"},\"thumbnailUrl\":\"http:\\\/\\\/www.motocrossmag.be\\\/wp-content\\\/uploads\\\/2008\\\/06\\\/veterans.jpg\",\"articleSection\":[\"Actualit\u00e9\",\"Motocross\",\"News\",\"News\"],\"inLanguage\":\"fr-FR\",\"potentialAction\":[{\"@type\":\"CommentAction\",\"name\":\"Comment\",\"target\":[\"https:\\\/\\\/fr.motocrossmag.be\\\/index.php\\\/2008\\\/06\\\/motocross-coupe-du-monde-veterans-peter-iven-en-surclassement\\\/#respond\"]}]},{\"@type\":\"WebPage\",\"@id\":\"https:\\\/\\\/fr.motocrossmag.be\\\/index.php\\\/2008\\\/06\\\/motocross-coupe-du-monde-veterans-peter-iven-en-surclassement\\\/\",\"url\":\"https:\\\/\\\/fr.motocrossmag.be\\\/index.php\\\/2008\\\/06\\\/motocross-coupe-du-monde-veterans-peter-iven-en-surclassement\\\/\",\"name\":\"Motocross - Coupe du Monde V\u00e9t\u00e9rans | Peter Iven en surclassement! - Motocross - Enduro - Supermoto | MotocrossMag\",\"isPartOf\":{\"@id\":\"https:\\\/\\\/fr.motocrossmag.be\\\/#website\"},\"primaryImageOfPage\":{\"@id\":\"https:\\\/\\\/fr.motocrossmag.be\\\/index.php\\\/2008\\\/06\\\/motocross-coupe-du-monde-veterans-peter-iven-en-surclassement\\\/#primaryimage\"},\"image\":{\"@id\":\"https:\\\/\\\/fr.motocrossmag.be\\\/index.php\\\/2008\\\/06\\\/motocross-coupe-du-monde-veterans-peter-iven-en-surclassement\\\/#primaryimage\"},\"thumbnailUrl\":\"http:\\\/\\\/www.motocrossmag.be\\\/wp-content\\\/uploads\\\/2008\\\/06\\\/veterans.jpg\",\"datePublished\":\"2008-06-03T16:32:14+00:00\",\"dateModified\":\"2008-06-04T14:38:59+00:00\",\"author\":{\"@id\":\"https:\\\/\\\/fr.motocrossmag.be\\\/#\\\/schema\\\/person\\\/11b47143d9f755babca2c9110e03235c\"},\"breadcrumb\":{\"@id\":\"https:\\\/\\\/fr.motocrossmag.be\\\/index.php\\\/2008\\\/06\\\/motocross-coupe-du-monde-veterans-peter-iven-en-surclassement\\\/#breadcrumb\"},\"inLanguage\":\"fr-FR\",\"potentialAction\":[{\"@type\":\"ReadAction\",\"target\":[\"https:\\\/\\\/fr.motocrossmag.be\\\/index.php\\\/2008\\\/06\\\/motocross-coupe-du-monde-veterans-peter-iven-en-surclassement\\\/\"]}]},{\"@type\":\"ImageObject\",\"inLanguage\":\"fr-FR\",\"@id\":\"https:\\\/\\\/fr.motocrossmag.be\\\/index.php\\\/2008\\\/06\\\/motocross-coupe-du-monde-veterans-peter-iven-en-surclassement\\\/#primaryimage\",\"url\":\"http:\\\/\\\/www.motocrossmag.be\\\/wp-content\\\/uploads\\\/2008\\\/06\\\/veterans.jpg\",\"contentUrl\":\"http:\\\/\\\/www.motocrossmag.be\\\/wp-content\\\/uploads\\\/2008\\\/06\\\/veterans.jpg\"},{\"@type\":\"BreadcrumbList\",\"@id\":\"https:\\\/\\\/fr.motocrossmag.be\\\/index.php\\\/2008\\\/06\\\/motocross-coupe-du-monde-veterans-peter-iven-en-surclassement\\\/#breadcrumb\",\"itemListElement\":[{\"@type\":\"ListItem\",\"position\":1,\"name\":\"Accueil\",\"item\":\"https:\\\/\\\/fr.motocrossmag.be\\\/\"},{\"@type\":\"ListItem\",\"position\":2,\"name\":\"Motocross &#8211; Coupe du Monde V\u00e9t\u00e9rans | Peter Iven en surclassement!\"}]},{\"@type\":\"WebSite\",\"@id\":\"https:\\\/\\\/fr.motocrossmag.be\\\/#website\",\"url\":\"https:\\\/\\\/fr.motocrossmag.be\\\/\",\"name\":\"Motocross - Enduro - Supermoto | MotocrossMag\",\"description\":\"L&#039;actualit\u00e9 du motocross, de l&#039;enduro et du Supermoto en ligne!\",\"potentialAction\":[{\"@type\":\"SearchAction\",\"target\":{\"@type\":\"EntryPoint\",\"urlTemplate\":\"https:\\\/\\\/fr.motocrossmag.be\\\/?s={search_term_string}\"},\"query-input\":{\"@type\":\"PropertyValueSpecification\",\"valueRequired\":true,\"valueName\":\"search_term_string\"}}],\"inLanguage\":\"fr-FR\"},{\"@type\":\"Person\",\"@id\":\"https:\\\/\\\/fr.motocrossmag.be\\\/#\\\/schema\\\/person\\\/11b47143d9f755babca2c9110e03235c\",\"name\":\"oliviere\",\"image\":{\"@type\":\"ImageObject\",\"inLanguage\":\"fr-FR\",\"@id\":\"https:\\\/\\\/secure.gravatar.com\\\/avatar\\\/907069e0b81d119452040469e4a7501da1100f54f7f80180ce77bfab718288f6?s=96&d=mm&r=g\",\"url\":\"https:\\\/\\\/secure.gravatar.com\\\/avatar\\\/907069e0b81d119452040469e4a7501da1100f54f7f80180ce77bfab718288f6?s=96&d=mm&r=g\",\"contentUrl\":\"https:\\\/\\\/secure.gravatar.com\\\/avatar\\\/907069e0b81d119452040469e4a7501da1100f54f7f80180ce77bfab718288f6?s=96&d=mm&r=g\",\"caption\":\"oliviere\"},\"sameAs\":[\"http:\\\/\\\/www.motocrossmag.be\"],\"url\":\"https:\\\/\\\/fr.motocrossmag.be\\\/index.php\\\/author\\\/oliviere\\\/\"}]}<\/script>\n<!-- \/ Yoast SEO plugin. -->","yoast_head_json":{"title":"Motocross - Coupe du Monde V\u00e9t\u00e9rans | Peter Iven en surclassement! - Motocross - Enduro - Supermoto | MotocrossMag","robots":{"index":"index","follow":"follow","max-snippet":"max-snippet:-1","max-image-preview":"max-image-preview:large","max-video-preview":"max-video-preview:-1"},"canonical":"https:\/\/fr.motocrossmag.be\/index.php\/2008\/06\/motocross-coupe-du-monde-veterans-peter-iven-en-surclassement\/","og_locale":"fr_FR","og_type":"article","og_title":"Motocross - Coupe du Monde V\u00e9t\u00e9rans | Peter Iven en surclassement! - Motocross - Enduro - Supermoto | MotocrossMag","og_description":"La Coupe du Monde des V\u00e9t\u00e9rans en \u00e9tait &agrave; sa deuxi\u00e8me manche &agrave; Mallory Park, la manche initiale ayant eu lieu &agrave; Bellpuig. Au classement provisoire, on trouvait le N\u00e9erlandais [...]","og_url":"https:\/\/fr.motocrossmag.be\/index.php\/2008\/06\/motocross-coupe-du-monde-veterans-peter-iven-en-surclassement\/","og_site_name":"Motocross - Enduro - Supermoto | MotocrossMag","article_published_time":"2008-06-03T16:32:14+00:00","article_modified_time":"2008-06-04T14:38:59+00:00","og_image":[{"url":"http:\/\/www.motocrossmag.be\/wp-content\/uploads\/2008\/06\/veterans.jpg","type":"","width":"","height":""}],"author":"oliviere","twitter_card":"summary_large_image","twitter_misc":{"\u00c9crit par":"oliviere","Dur\u00e9e de lecture estim\u00e9e":"2 minutes"},"schema":{"@context":"https:\/\/schema.org","@graph":[{"@type":"Article","@id":"https:\/\/fr.motocrossmag.be\/index.php\/2008\/06\/motocross-coupe-du-monde-veterans-peter-iven-en-surclassement\/#article","isPartOf":{"@id":"https:\/\/fr.motocrossmag.be\/index.php\/2008\/06\/motocross-coupe-du-monde-veterans-peter-iven-en-surclassement\/"},"author":{"name":"oliviere","@id":"https:\/\/fr.motocrossmag.be\/#\/schema\/person\/11b47143d9f755babca2c9110e03235c"},"headline":"Motocross &#8211; Coupe du Monde V\u00e9t\u00e9rans | Peter Iven en surclassement!","datePublished":"2008-06-03T16:32:14+00:00","dateModified":"2008-06-04T14:38:59+00:00","mainEntityOfPage":{"@id":"https:\/\/fr.motocrossmag.be\/index.php\/2008\/06\/motocross-coupe-du-monde-veterans-peter-iven-en-surclassement\/"},"wordCount":488,"commentCount":0,"image":{"@id":"https:\/\/fr.motocrossmag.be\/index.php\/2008\/06\/motocross-coupe-du-monde-veterans-peter-iven-en-surclassement\/#primaryimage"},"thumbnailUrl":"http:\/\/www.motocrossmag.be\/wp-content\/uploads\/2008\/06\/veterans.jpg","articleSection":["Actualit\u00e9","Motocross","News","News"],"inLanguage":"fr-FR","potentialAction":[{"@type":"CommentAction","name":"Comment","target":["https:\/\/fr.motocrossmag.be\/index.php\/2008\/06\/motocross-coupe-du-monde-veterans-peter-iven-en-surclassement\/#respond"]}]},{"@type":"WebPage","@id":"https:\/\/fr.motocrossmag.be\/index.php\/2008\/06\/motocross-coupe-du-monde-veterans-peter-iven-en-surclassement\/","url":"https:\/\/fr.motocrossmag.be\/index.php\/2008\/06\/motocross-coupe-du-monde-veterans-peter-iven-en-surclassement\/","name":"Motocross - Coupe du Monde V\u00e9t\u00e9rans | Peter Iven en surclassement! - Motocross - Enduro - Supermoto | MotocrossMag","isPartOf":{"@id":"https:\/\/fr.motocrossmag.be\/#website"},"primaryImageOfPage":{"@id":"https:\/\/fr.motocrossmag.be\/index.php\/2008\/06\/motocross-coupe-du-monde-veterans-peter-iven-en-surclassement\/#primaryimage"},"image":{"@id":"https:\/\/fr.motocrossmag.be\/index.php\/2008\/06\/motocross-coupe-du-monde-veterans-peter-iven-en-surclassement\/#primaryimage"},"thumbnailUrl":"http:\/\/www.motocrossmag.be\/wp-content\/uploads\/2008\/06\/veterans.jpg","datePublished":"2008-06-03T16:32:14+00:00","dateModified":"2008-06-04T14:38:59+00:00","author":{"@id":"https:\/\/fr.motocrossmag.be\/#\/schema\/person\/11b47143d9f755babca2c9110e03235c"},"breadcrumb":{"@id":"https:\/\/fr.motocrossmag.be\/index.php\/2008\/06\/motocross-coupe-du-monde-veterans-peter-iven-en-surclassement\/#breadcrumb"},"inLanguage":"fr-FR","potentialAction":[{"@type":"ReadAction","target":["https:\/\/fr.motocrossmag.be\/index.php\/2008\/06\/motocross-coupe-du-monde-veterans-peter-iven-en-surclassement\/"]}]},{"@type":"ImageObject","inLanguage":"fr-FR","@id":"https:\/\/fr.motocrossmag.be\/index.php\/2008\/06\/motocross-coupe-du-monde-veterans-peter-iven-en-surclassement\/#primaryimage","url":"http:\/\/www.motocrossmag.be\/wp-content\/uploads\/2008\/06\/veterans.jpg","contentUrl":"http:\/\/www.motocrossmag.be\/wp-content\/uploads\/2008\/06\/veterans.jpg"},{"@type":"BreadcrumbList","@id":"https:\/\/fr.motocrossmag.be\/index.php\/2008\/06\/motocross-coupe-du-monde-veterans-peter-iven-en-surclassement\/#breadcrumb","itemListElement":[{"@type":"ListItem","position":1,"name":"Accueil","item":"https:\/\/fr.motocrossmag.be\/"},{"@type":"ListItem","position":2,"name":"Motocross &#8211; Coupe du Monde V\u00e9t\u00e9rans | Peter Iven en surclassement!"}]},{"@type":"WebSite","@id":"https:\/\/fr.motocrossmag.be\/#website","url":"https:\/\/fr.motocrossmag.be\/","name":"Motocross - Enduro - Supermoto | MotocrossMag","description":"L&#039;actualit\u00e9 du motocross, de l&#039;enduro et du Supermoto en ligne!","potentialAction":[{"@type":"SearchAction","target":{"@type":"EntryPoint","urlTemplate":"https:\/\/fr.motocrossmag.be\/?s={search_term_string}"},"query-input":{"@type":"PropertyValueSpecification","valueRequired":true,"valueName":"search_term_string"}}],"inLanguage":"fr-FR"},{"@type":"Person","@id":"https:\/\/fr.motocrossmag.be\/#\/schema\/person\/11b47143d9f755babca2c9110e03235c","name":"oliviere","image":{"@type":"ImageObject","inLanguage":"fr-FR","@id":"https:\/\/secure.gravatar.com\/avatar\/907069e0b81d119452040469e4a7501da1100f54f7f80180ce77bfab718288f6?s=96&d=mm&r=g","url":"https:\/\/secure.gravatar.com\/avatar\/907069e0b81d119452040469e4a7501da1100f54f7f80180ce77bfab718288f6?s=96&d=mm&r=g","contentUrl":"https:\/\/secure.gravatar.com\/avatar\/907069e0b81d119452040469e4a7501da1100f54f7f80180ce77bfab718288f6?s=96&d=mm&r=g","caption":"oliviere"},"sameAs":["http:\/\/www.motocrossmag.be"],"url":"https:\/\/fr.motocrossmag.be\/index.php\/author\/oliviere\/"}]}},"_links":{"self":[{"href":"https:\/\/fr.motocrossmag.be\/index.php\/wp-json\/wp\/v2\/posts\/815","targetHints":{"allow":["GET"]}}],"collection":[{"href":"https:\/\/fr.motocrossmag.be\/index.php\/wp-json\/wp\/v2\/posts"}],"about":[{"href":"https:\/\/fr.motocrossmag.be\/index.php\/wp-json\/wp\/v2\/types\/post"}],"author":[{"embeddable":true,"href":"https:\/\/fr.motocrossmag.be\/index.php\/wp-json\/wp\/v2\/users\/932"}],"replies":[{"embeddable":true,"href":"https:\/\/fr.motocrossmag.be\/index.php\/wp-json\/wp\/v2\/comments?post=815"}],"version-history":[{"count":0,"href":"https:\/\/fr.motocrossmag.be\/index.php\/wp-json\/wp\/v2\/posts\/815\/revisions"}],"wp:attachment":[{"href":"https:\/\/fr.motocrossmag.be\/index.php\/wp-json\/wp\/v2\/media?parent=815"}],"wp:term":[{"taxonomy":"category","embeddable":true,"href":"https:\/\/fr.motocrossmag.be\/index.php\/wp-json\/wp\/v2\/categories?post=815"},{"taxonomy":"post_tag","embeddable":true,"href":"https:\/\/fr.motocrossmag.be\/index.php\/wp-json\/wp\/v2\/tags?post=815"}],"curies":[{"name":"wp","href":"https:\/\/api.w.org\/{rel}","templated":true}]}}