{"id":82319,"date":"2018-11-22T11:35:12","date_gmt":"2018-11-22T10:35:12","guid":{"rendered":"https:\/\/fr.motocrossmag.be\/?p=82319"},"modified":"2018-11-22T11:35:12","modified_gmt":"2018-11-22T10:35:12","slug":"yentel-beachboy-martens-je-me-sens-bien","status":"publish","type":"post","link":"https:\/\/fr.motocrossmag.be\/index.php\/2018\/11\/yentel-beachboy-martens-je-me-sens-bien\/","title":{"rendered":"Yentel \u00ab\u00a0beachboy\u00a0\u00bb Martens : \u00ab\u00a0Je me sens bien !\u00a0\u00bb"},"content":{"rendered":"<p><strong>Nous ne savons pas s\u2019il est du genre \u00e0 aimer passer du temps l\u2019\u00e9t\u00e9 sur la plage mais ce que nous savons en revanche c\u2019est qu\u2019il s\u2019y sent particuli\u00e8rement bien durant l\u2019hiver. Vainqueur du beach cross de Berck-sur-Mer avant de monter sur le podium de la Ronde des Sables \u00e0 Loon-Plage puis sur celui du fameux Red Bull Knock Out \u00e0 Scheveningen, Yentel Martens a d\u00e9but\u00e9 la saison de sable en force.<\/strong><\/p>\n<p>\u00ab\u00a0Je suis tr\u00e8s heureux de ma troisi\u00e8me place au Red Bull Knock Out m\u00eame si je reste \u00e9videmment frustr\u00e9 par cette d\u00e9cision de la direction de course de supprimer la section de troncs d\u2019arbres. J\u2019y suis pass\u00e9 au total \u00e0 6 reprises alors que certains de mes concurrents se sont content\u00e9s de un ou deux passages. Cela m\u2019a co\u00fbt\u00e9 beaucoup de temps et d\u2019\u00e9nergie. Quand j\u2019ai vu certains pilotes passer \u00e0 c\u00f4t\u00e9, j\u2019ai pens\u00e9 qu\u2019ils risquaient la disqualification ou se verraient au minimum imposer une p\u00e9nalit\u00e9\u00a0\u00bb, analyse le pilote Husqvarna.<\/p>\n<blockquote><p>\u00ab\u00a0Pour les courses de sable, il faut bien se conna\u00eetre soi-m\u00eame\u00a0\u00bb<\/p><\/blockquote>\n<p>\u00ab\u00a0Mais nous sommes ind\u00e9niablement sur la bonne voie. Nous devons continuer \u00e0 travailler pour progresser et je suis tr\u00e8s motiv\u00e9 \u00e0 l\u2019id\u00e9e de bosser dur. Je me sens bien, la moto fonctionne bien, l\u2019\u00e9quipe fait de l\u2019excellent travail\u00a0\u00bb, poursuit un Yentel Martens r\u00e9solument optimiste.<\/p>\n<div id=\"attachment_82148\" style=\"width: 660px\" class=\"wp-caption alignnone\"><a href=\"https:\/\/fr.motocrossmag.be\/wp-content\/uploads\/2018\/11\/knock-out-martens-yentel.jpg\"><img decoding=\"async\" aria-describedby=\"caption-attachment-82148\" class=\"lazyload size-medium wp-image-82148\" src=\"https:\/\/fr.motocrossmag.be\/wp-content\/uploads\/2018\/11\/knock-out-martens-yentel-650x433.jpg\" data-orig-src=\"https:\/\/fr.motocrossmag.be\/wp-content\/uploads\/2018\/11\/knock-out-martens-yentel-650x433.jpg\" alt=\"\" width=\"650\" height=\"433\" srcset=\"data:image\/svg+xml,%3Csvg%20xmlns%3D%27http%3A%2F%2Fwww.w3.org%2F2000%2Fsvg%27%20width%3D%27650%27%20height%3D%27433%27%20viewBox%3D%270%200%20650%20433%27%3E%3Crect%20width%3D%27650%27%20height%3D%27433%27%20fill-opacity%3D%220%22%2F%3E%3C%2Fsvg%3E\" data-srcset=\"https:\/\/fr.motocrossmag.be\/wp-content\/uploads\/2018\/11\/knock-out-martens-yentel-650x433.jpg 650w, https:\/\/fr.motocrossmag.be\/wp-content\/uploads\/2018\/11\/knock-out-martens-yentel-768x512.jpg 768w, https:\/\/fr.motocrossmag.be\/wp-content\/uploads\/2018\/11\/knock-out-martens-yentel-1024x683.jpg 1024w, https:\/\/fr.motocrossmag.be\/wp-content\/uploads\/2018\/11\/knock-out-martens-yentel.jpg 1350w\" data-sizes=\"auto\" data-orig-sizes=\"(max-width: 650px) 100vw, 650px\" \/><\/a><p id=\"caption-attachment-82148\" class=\"wp-caption-text\">Il y a 10 jours, Yentel Martens est mont\u00e9 sur la 3\u00e8me marche du podium du red Bull Knock Out.<\/p><\/div>\n<p>\u00ab\u00a0Pour les courses de sable, il s\u2019agit d\u2019\u00eatre au top de sa forme mais aussi de bien se conna\u00eetre soi-m\u00eame\u00a0\u00bb, poursuit-il. \u00ab\u00a0Il faut savoir quand boire, quand manger. Par exemple, au Red Bull Knock Out, il y a \u00e9norm\u00e9ment de temps d\u2019attente avant le d\u00e9part. Il faut savoir le g\u00e9rer, boire quand il le faut. J\u2019ai appris beaucoup l\u2019an pass\u00e9. Et je suis devenu plus m\u00e9fiant depuis que j\u2019ai \u00e9t\u00e9 disqualifi\u00e9 en France. Au Red Bull Knock Out, sans doute ai-je \u00e9t\u00e9 trop prudent. L\u2019an dernier, j\u2019\u00e9tais aussi beaucoup trop m\u00e9fient vis-\u00e0-vis des pilotes doubl\u00e9s. A pr\u00e9sent, je les d\u00e9passe le plus vite possible, en prenant sans doute un peu plus de risques mais rester moins longtemps derri\u00e8re eux signifie aussi moins de chance de les percuter. C\u2019est souvent lorsqu\u2019on h\u00e9site que cela se passe mal. L\u2019exp\u00e9rience paye et je suis mieux cette ann\u00e9e tant sur le plan physique que de la vitesse. Je suis le planning que je m\u2019\u00e9tais fix\u00e9, l\u2019Enduropale du Touquet restant \u00e9videmment mon objectif principal.\u00a0\u00bb<\/p>\n<p>Cela signifie-t-il que, le 3 f\u00e9vrier 2019, Yentel Martens sera sur la plage du Touquet avec l\u2019intention d\u2019inscrire la plus prestigieuse des courses de sable \u00e0 son palmar\u00e8s\u00a0? \u00ab\u00a0Comme \u00e0 chaque fois que je prends le d\u00e9part d\u2019une course, je serai l\u00e0 pour gagner\u00a0\u00bb, confirme Martens. \u00ab\u00a0Mais sur une course comme le Touquet, il peut se passer tellement de choses qu\u2019il est difficile de partir avec un objectif pr\u00e9cis. Mais il est clair que, si tout se passe bien, le podium est envisageable.\u00a0\u00bb<\/p>\n","protected":false},"excerpt":{"rendered":"<p>Nous ne savons pas s\u2019il est du genre \u00e0 aimer passer du temps l\u2019\u00e9t\u00e9 sur la plage mais ce que nous savons en revanche c\u2019est qu\u2019il s\u2019y sent particuli\u00e8rement bien [&#8230;]<\/p>\n","protected":false},"author":932,"featured_media":81541,"comment_status":"open","ping_status":"closed","sticky":false,"template":"","format":"standard","meta":{"footnotes":""},"categories":[54,1075,32,7,36,58,4,5,33,55,65],"tags":[],"class_list":["post-82319","post","type-post","status-publish","format-standard","has-post-thumbnail","hentry","category-actualite","category-courses-de-sable","category-enduro","category-interviews","category-interviews-enduro","category-interviews-actualite","category-motocross","category-news","category-news-enduro","category-news-actualite","category-slideshow"],"yoast_head":"<!-- This site is optimized with the Yoast SEO plugin v27.4 - https:\/\/yoast.com\/product\/yoast-seo-wordpress\/ -->\n<title>Yentel &quot;beachboy&quot; Martens : &quot;Je me sens bien !&quot; - Motocross - Enduro - Supermoto | MotocrossMag<\/title>\n<meta name=\"robots\" content=\"index, follow, max-snippet:-1, max-image-preview:large, max-video-preview:-1\" \/>\n<link rel=\"canonical\" href=\"https:\/\/fr.motocrossmag.be\/index.php\/2018\/11\/yentel-beachboy-martens-je-me-sens-bien\/\" \/>\n<meta property=\"og:locale\" content=\"fr_FR\" \/>\n<meta property=\"og:type\" content=\"article\" \/>\n<meta property=\"og:title\" content=\"Yentel &quot;beachboy&quot; Martens : &quot;Je me sens bien !&quot; - Motocross - Enduro - Supermoto | MotocrossMag\" \/>\n<meta property=\"og:description\" content=\"Nous ne savons pas s\u2019il est du genre \u00e0 aimer passer du temps l\u2019\u00e9t\u00e9 sur la plage mais ce que nous savons en revanche c\u2019est qu\u2019il s\u2019y sent particuli\u00e8rement bien [...]\" \/>\n<meta property=\"og:url\" content=\"https:\/\/fr.motocrossmag.be\/index.php\/2018\/11\/yentel-beachboy-martens-je-me-sens-bien\/\" \/>\n<meta property=\"og:site_name\" content=\"Motocross - Enduro - Supermoto | MotocrossMag\" \/>\n<meta property=\"article:published_time\" content=\"2018-11-22T10:35:12+00:00\" \/>\n<meta property=\"og:image\" content=\"https:\/\/fr.motocrossmag.be\/wp-content\/uploads\/2018\/10\/Berck-sur-Merc-CFS-DSC_8933.jpg\" \/>\n\t<meta property=\"og:image:width\" content=\"1400\" \/>\n\t<meta property=\"og:image:height\" content=\"933\" \/>\n\t<meta property=\"og:image:type\" content=\"image\/jpeg\" \/>\n<meta name=\"author\" content=\"oliviere\" \/>\n<meta name=\"twitter:card\" content=\"summary_large_image\" \/>\n<meta name=\"twitter:label1\" content=\"\u00c9crit par\" \/>\n\t<meta name=\"twitter:data1\" content=\"oliviere\" \/>\n\t<meta name=\"twitter:label2\" content=\"Dur\u00e9e de lecture estim\u00e9e\" \/>\n\t<meta name=\"twitter:data2\" content=\"3 minutes\" \/>\n<script type=\"application\/ld+json\" class=\"yoast-schema-graph\">{\"@context\":\"https:\\\/\\\/schema.org\",\"@graph\":[{\"@type\":\"Article\",\"@id\":\"https:\\\/\\\/fr.motocrossmag.be\\\/index.php\\\/2018\\\/11\\\/yentel-beachboy-martens-je-me-sens-bien\\\/#article\",\"isPartOf\":{\"@id\":\"https:\\\/\\\/fr.motocrossmag.be\\\/index.php\\\/2018\\\/11\\\/yentel-beachboy-martens-je-me-sens-bien\\\/\"},\"author\":{\"name\":\"oliviere\",\"@id\":\"https:\\\/\\\/fr.motocrossmag.be\\\/#\\\/schema\\\/person\\\/11b47143d9f755babca2c9110e03235c\"},\"headline\":\"Yentel \u00ab\u00a0beachboy\u00a0\u00bb Martens : \u00ab\u00a0Je me sens bien !\u00a0\u00bb\",\"datePublished\":\"2018-11-22T10:35:12+00:00\",\"mainEntityOfPage\":{\"@id\":\"https:\\\/\\\/fr.motocrossmag.be\\\/index.php\\\/2018\\\/11\\\/yentel-beachboy-martens-je-me-sens-bien\\\/\"},\"wordCount\":558,\"commentCount\":0,\"image\":{\"@id\":\"https:\\\/\\\/fr.motocrossmag.be\\\/index.php\\\/2018\\\/11\\\/yentel-beachboy-martens-je-me-sens-bien\\\/#primaryimage\"},\"thumbnailUrl\":\"https:\\\/\\\/fr.motocrossmag.be\\\/wp-content\\\/uploads\\\/2018\\\/10\\\/Berck-sur-Merc-CFS-DSC_8933.jpg\",\"articleSection\":[\"Actualit\u00e9\",\"Courses de sable\",\"Enduro\",\"Interviews\",\"Interviews\",\"Interviews -all\",\"Motocross\",\"News\",\"News\",\"News\",\"Slideshow\"],\"inLanguage\":\"fr-FR\",\"potentialAction\":[{\"@type\":\"CommentAction\",\"name\":\"Comment\",\"target\":[\"https:\\\/\\\/fr.motocrossmag.be\\\/index.php\\\/2018\\\/11\\\/yentel-beachboy-martens-je-me-sens-bien\\\/#respond\"]}]},{\"@type\":\"WebPage\",\"@id\":\"https:\\\/\\\/fr.motocrossmag.be\\\/index.php\\\/2018\\\/11\\\/yentel-beachboy-martens-je-me-sens-bien\\\/\",\"url\":\"https:\\\/\\\/fr.motocrossmag.be\\\/index.php\\\/2018\\\/11\\\/yentel-beachboy-martens-je-me-sens-bien\\\/\",\"name\":\"Yentel \\\"beachboy\\\" Martens : \\\"Je me sens bien !\\\" - Motocross - Enduro - Supermoto | MotocrossMag\",\"isPartOf\":{\"@id\":\"https:\\\/\\\/fr.motocrossmag.be\\\/#website\"},\"primaryImageOfPage\":{\"@id\":\"https:\\\/\\\/fr.motocrossmag.be\\\/index.php\\\/2018\\\/11\\\/yentel-beachboy-martens-je-me-sens-bien\\\/#primaryimage\"},\"image\":{\"@id\":\"https:\\\/\\\/fr.motocrossmag.be\\\/index.php\\\/2018\\\/11\\\/yentel-beachboy-martens-je-me-sens-bien\\\/#primaryimage\"},\"thumbnailUrl\":\"https:\\\/\\\/fr.motocrossmag.be\\\/wp-content\\\/uploads\\\/2018\\\/10\\\/Berck-sur-Merc-CFS-DSC_8933.jpg\",\"datePublished\":\"2018-11-22T10:35:12+00:00\",\"author\":{\"@id\":\"https:\\\/\\\/fr.motocrossmag.be\\\/#\\\/schema\\\/person\\\/11b47143d9f755babca2c9110e03235c\"},\"breadcrumb\":{\"@id\":\"https:\\\/\\\/fr.motocrossmag.be\\\/index.php\\\/2018\\\/11\\\/yentel-beachboy-martens-je-me-sens-bien\\\/#breadcrumb\"},\"inLanguage\":\"fr-FR\",\"potentialAction\":[{\"@type\":\"ReadAction\",\"target\":[\"https:\\\/\\\/fr.motocrossmag.be\\\/index.php\\\/2018\\\/11\\\/yentel-beachboy-martens-je-me-sens-bien\\\/\"]}]},{\"@type\":\"ImageObject\",\"inLanguage\":\"fr-FR\",\"@id\":\"https:\\\/\\\/fr.motocrossmag.be\\\/index.php\\\/2018\\\/11\\\/yentel-beachboy-martens-je-me-sens-bien\\\/#primaryimage\",\"url\":\"https:\\\/\\\/fr.motocrossmag.be\\\/wp-content\\\/uploads\\\/2018\\\/10\\\/Berck-sur-Merc-CFS-DSC_8933.jpg\",\"contentUrl\":\"https:\\\/\\\/fr.motocrossmag.be\\\/wp-content\\\/uploads\\\/2018\\\/10\\\/Berck-sur-Merc-CFS-DSC_8933.jpg\",\"width\":1400,\"height\":933},{\"@type\":\"BreadcrumbList\",\"@id\":\"https:\\\/\\\/fr.motocrossmag.be\\\/index.php\\\/2018\\\/11\\\/yentel-beachboy-martens-je-me-sens-bien\\\/#breadcrumb\",\"itemListElement\":[{\"@type\":\"ListItem\",\"position\":1,\"name\":\"Accueil\",\"item\":\"https:\\\/\\\/fr.motocrossmag.be\\\/\"},{\"@type\":\"ListItem\",\"position\":2,\"name\":\"Yentel \u00ab\u00a0beachboy\u00a0\u00bb Martens : \u00ab\u00a0Je me sens bien !\u00a0\u00bb\"}]},{\"@type\":\"WebSite\",\"@id\":\"https:\\\/\\\/fr.motocrossmag.be\\\/#website\",\"url\":\"https:\\\/\\\/fr.motocrossmag.be\\\/\",\"name\":\"Motocross - Enduro - Supermoto | MotocrossMag\",\"description\":\"L&#039;actualit\u00e9 du motocross, de l&#039;enduro et du Supermoto en ligne!\",\"potentialAction\":[{\"@type\":\"SearchAction\",\"target\":{\"@type\":\"EntryPoint\",\"urlTemplate\":\"https:\\\/\\\/fr.motocrossmag.be\\\/?s={search_term_string}\"},\"query-input\":{\"@type\":\"PropertyValueSpecification\",\"valueRequired\":true,\"valueName\":\"search_term_string\"}}],\"inLanguage\":\"fr-FR\"},{\"@type\":\"Person\",\"@id\":\"https:\\\/\\\/fr.motocrossmag.be\\\/#\\\/schema\\\/person\\\/11b47143d9f755babca2c9110e03235c\",\"name\":\"oliviere\",\"image\":{\"@type\":\"ImageObject\",\"inLanguage\":\"fr-FR\",\"@id\":\"https:\\\/\\\/secure.gravatar.com\\\/avatar\\\/907069e0b81d119452040469e4a7501da1100f54f7f80180ce77bfab718288f6?s=96&d=mm&r=g\",\"url\":\"https:\\\/\\\/secure.gravatar.com\\\/avatar\\\/907069e0b81d119452040469e4a7501da1100f54f7f80180ce77bfab718288f6?s=96&d=mm&r=g\",\"contentUrl\":\"https:\\\/\\\/secure.gravatar.com\\\/avatar\\\/907069e0b81d119452040469e4a7501da1100f54f7f80180ce77bfab718288f6?s=96&d=mm&r=g\",\"caption\":\"oliviere\"},\"sameAs\":[\"http:\\\/\\\/www.motocrossmag.be\"],\"url\":\"https:\\\/\\\/fr.motocrossmag.be\\\/index.php\\\/author\\\/oliviere\\\/\"}]}<\/script>\n<!-- \/ Yoast SEO plugin. -->","yoast_head_json":{"title":"Yentel \"beachboy\" Martens : \"Je me sens bien !\" - Motocross - Enduro - Supermoto | MotocrossMag","robots":{"index":"index","follow":"follow","max-snippet":"max-snippet:-1","max-image-preview":"max-image-preview:large","max-video-preview":"max-video-preview:-1"},"canonical":"https:\/\/fr.motocrossmag.be\/index.php\/2018\/11\/yentel-beachboy-martens-je-me-sens-bien\/","og_locale":"fr_FR","og_type":"article","og_title":"Yentel \"beachboy\" Martens : \"Je me sens bien !\" - Motocross - Enduro - Supermoto | MotocrossMag","og_description":"Nous ne savons pas s\u2019il est du genre \u00e0 aimer passer du temps l\u2019\u00e9t\u00e9 sur la plage mais ce que nous savons en revanche c\u2019est qu\u2019il s\u2019y sent particuli\u00e8rement bien [...]","og_url":"https:\/\/fr.motocrossmag.be\/index.php\/2018\/11\/yentel-beachboy-martens-je-me-sens-bien\/","og_site_name":"Motocross - Enduro - Supermoto | MotocrossMag","article_published_time":"2018-11-22T10:35:12+00:00","og_image":[{"width":1400,"height":933,"url":"https:\/\/fr.motocrossmag.be\/wp-content\/uploads\/2018\/10\/Berck-sur-Merc-CFS-DSC_8933.jpg","type":"image\/jpeg"}],"author":"oliviere","twitter_card":"summary_large_image","twitter_misc":{"\u00c9crit par":"oliviere","Dur\u00e9e de lecture estim\u00e9e":"3 minutes"},"schema":{"@context":"https:\/\/schema.org","@graph":[{"@type":"Article","@id":"https:\/\/fr.motocrossmag.be\/index.php\/2018\/11\/yentel-beachboy-martens-je-me-sens-bien\/#article","isPartOf":{"@id":"https:\/\/fr.motocrossmag.be\/index.php\/2018\/11\/yentel-beachboy-martens-je-me-sens-bien\/"},"author":{"name":"oliviere","@id":"https:\/\/fr.motocrossmag.be\/#\/schema\/person\/11b47143d9f755babca2c9110e03235c"},"headline":"Yentel \u00ab\u00a0beachboy\u00a0\u00bb Martens : \u00ab\u00a0Je me sens bien !\u00a0\u00bb","datePublished":"2018-11-22T10:35:12+00:00","mainEntityOfPage":{"@id":"https:\/\/fr.motocrossmag.be\/index.php\/2018\/11\/yentel-beachboy-martens-je-me-sens-bien\/"},"wordCount":558,"commentCount":0,"image":{"@id":"https:\/\/fr.motocrossmag.be\/index.php\/2018\/11\/yentel-beachboy-martens-je-me-sens-bien\/#primaryimage"},"thumbnailUrl":"https:\/\/fr.motocrossmag.be\/wp-content\/uploads\/2018\/10\/Berck-sur-Merc-CFS-DSC_8933.jpg","articleSection":["Actualit\u00e9","Courses de sable","Enduro","Interviews","Interviews","Interviews -all","Motocross","News","News","News","Slideshow"],"inLanguage":"fr-FR","potentialAction":[{"@type":"CommentAction","name":"Comment","target":["https:\/\/fr.motocrossmag.be\/index.php\/2018\/11\/yentel-beachboy-martens-je-me-sens-bien\/#respond"]}]},{"@type":"WebPage","@id":"https:\/\/fr.motocrossmag.be\/index.php\/2018\/11\/yentel-beachboy-martens-je-me-sens-bien\/","url":"https:\/\/fr.motocrossmag.be\/index.php\/2018\/11\/yentel-beachboy-martens-je-me-sens-bien\/","name":"Yentel \"beachboy\" Martens : \"Je me sens bien !\" - Motocross - Enduro - Supermoto | MotocrossMag","isPartOf":{"@id":"https:\/\/fr.motocrossmag.be\/#website"},"primaryImageOfPage":{"@id":"https:\/\/fr.motocrossmag.be\/index.php\/2018\/11\/yentel-beachboy-martens-je-me-sens-bien\/#primaryimage"},"image":{"@id":"https:\/\/fr.motocrossmag.be\/index.php\/2018\/11\/yentel-beachboy-martens-je-me-sens-bien\/#primaryimage"},"thumbnailUrl":"https:\/\/fr.motocrossmag.be\/wp-content\/uploads\/2018\/10\/Berck-sur-Merc-CFS-DSC_8933.jpg","datePublished":"2018-11-22T10:35:12+00:00","author":{"@id":"https:\/\/fr.motocrossmag.be\/#\/schema\/person\/11b47143d9f755babca2c9110e03235c"},"breadcrumb":{"@id":"https:\/\/fr.motocrossmag.be\/index.php\/2018\/11\/yentel-beachboy-martens-je-me-sens-bien\/#breadcrumb"},"inLanguage":"fr-FR","potentialAction":[{"@type":"ReadAction","target":["https:\/\/fr.motocrossmag.be\/index.php\/2018\/11\/yentel-beachboy-martens-je-me-sens-bien\/"]}]},{"@type":"ImageObject","inLanguage":"fr-FR","@id":"https:\/\/fr.motocrossmag.be\/index.php\/2018\/11\/yentel-beachboy-martens-je-me-sens-bien\/#primaryimage","url":"https:\/\/fr.motocrossmag.be\/wp-content\/uploads\/2018\/10\/Berck-sur-Merc-CFS-DSC_8933.jpg","contentUrl":"https:\/\/fr.motocrossmag.be\/wp-content\/uploads\/2018\/10\/Berck-sur-Merc-CFS-DSC_8933.jpg","width":1400,"height":933},{"@type":"BreadcrumbList","@id":"https:\/\/fr.motocrossmag.be\/index.php\/2018\/11\/yentel-beachboy-martens-je-me-sens-bien\/#breadcrumb","itemListElement":[{"@type":"ListItem","position":1,"name":"Accueil","item":"https:\/\/fr.motocrossmag.be\/"},{"@type":"ListItem","position":2,"name":"Yentel \u00ab\u00a0beachboy\u00a0\u00bb Martens : \u00ab\u00a0Je me sens bien !\u00a0\u00bb"}]},{"@type":"WebSite","@id":"https:\/\/fr.motocrossmag.be\/#website","url":"https:\/\/fr.motocrossmag.be\/","name":"Motocross - Enduro - Supermoto | MotocrossMag","description":"L&#039;actualit\u00e9 du motocross, de l&#039;enduro et du Supermoto en ligne!","potentialAction":[{"@type":"SearchAction","target":{"@type":"EntryPoint","urlTemplate":"https:\/\/fr.motocrossmag.be\/?s={search_term_string}"},"query-input":{"@type":"PropertyValueSpecification","valueRequired":true,"valueName":"search_term_string"}}],"inLanguage":"fr-FR"},{"@type":"Person","@id":"https:\/\/fr.motocrossmag.be\/#\/schema\/person\/11b47143d9f755babca2c9110e03235c","name":"oliviere","image":{"@type":"ImageObject","inLanguage":"fr-FR","@id":"https:\/\/secure.gravatar.com\/avatar\/907069e0b81d119452040469e4a7501da1100f54f7f80180ce77bfab718288f6?s=96&d=mm&r=g","url":"https:\/\/secure.gravatar.com\/avatar\/907069e0b81d119452040469e4a7501da1100f54f7f80180ce77bfab718288f6?s=96&d=mm&r=g","contentUrl":"https:\/\/secure.gravatar.com\/avatar\/907069e0b81d119452040469e4a7501da1100f54f7f80180ce77bfab718288f6?s=96&d=mm&r=g","caption":"oliviere"},"sameAs":["http:\/\/www.motocrossmag.be"],"url":"https:\/\/fr.motocrossmag.be\/index.php\/author\/oliviere\/"}]}},"_links":{"self":[{"href":"https:\/\/fr.motocrossmag.be\/index.php\/wp-json\/wp\/v2\/posts\/82319","targetHints":{"allow":["GET"]}}],"collection":[{"href":"https:\/\/fr.motocrossmag.be\/index.php\/wp-json\/wp\/v2\/posts"}],"about":[{"href":"https:\/\/fr.motocrossmag.be\/index.php\/wp-json\/wp\/v2\/types\/post"}],"author":[{"embeddable":true,"href":"https:\/\/fr.motocrossmag.be\/index.php\/wp-json\/wp\/v2\/users\/932"}],"replies":[{"embeddable":true,"href":"https:\/\/fr.motocrossmag.be\/index.php\/wp-json\/wp\/v2\/comments?post=82319"}],"version-history":[{"count":0,"href":"https:\/\/fr.motocrossmag.be\/index.php\/wp-json\/wp\/v2\/posts\/82319\/revisions"}],"wp:featuredmedia":[{"embeddable":true,"href":"https:\/\/fr.motocrossmag.be\/index.php\/wp-json\/wp\/v2\/media\/81541"}],"wp:attachment":[{"href":"https:\/\/fr.motocrossmag.be\/index.php\/wp-json\/wp\/v2\/media?parent=82319"}],"wp:term":[{"taxonomy":"category","embeddable":true,"href":"https:\/\/fr.motocrossmag.be\/index.php\/wp-json\/wp\/v2\/categories?post=82319"},{"taxonomy":"post_tag","embeddable":true,"href":"https:\/\/fr.motocrossmag.be\/index.php\/wp-json\/wp\/v2\/tags?post=82319"}],"curies":[{"name":"wp","href":"https:\/\/api.w.org\/{rel}","templated":true}]}}