{"id":82460,"date":"2018-12-05T20:22:33","date_gmt":"2018-12-05T19:22:33","guid":{"rendered":"https:\/\/fr.motocrossmag.be\/?p=82460"},"modified":"2018-12-05T20:22:33","modified_gmt":"2018-12-05T19:22:33","slug":"six-days-denduro-au-portugal-appel-aux-candidats","status":"publish","type":"post","link":"https:\/\/fr.motocrossmag.be\/index.php\/2018\/12\/six-days-denduro-au-portugal-appel-aux-candidats\/","title":{"rendered":"Six Days d&rsquo;enduro au Portugal : appel aux candidats"},"content":{"rendered":"<p><strong>Les 94\u00e8mes Six Jours Internationaux d&rsquo;Enduro sont annonc\u00e9s du 21 au 26 octobre 2019 au Portugal au d\u00e9part de Portimao, dans le sud du pays. Absente de l&rsquo;\u00e9v\u00e9nement au Chili cette ann\u00e9e faute de candidats, la Belgique fait d\u00e9j\u00e0 l&rsquo;appel aupr\u00e8s des pilotes int\u00e9ress\u00e9s par le fait de prendre part \u00e0 l&rsquo;\u00e9v\u00e9nement le plus important de la saison internationale d&rsquo;enduro.<\/strong><\/p>\n<p>Comme l\u2019impose le r\u00e8glement de la FIM, les diff\u00e9rentes f\u00e9d\u00e9rations doivent en effet rentrer les demandes pr\u00e9liminaires d\u2019engagement d\u00e8s le d\u00e9but de l\u2019ann\u00e9e avec un accompte de 25% des droits d\u2019inscriptions. Les licenci\u00e9s d\u00e9sireux de participer \u00e0 cette \u00e9preuve en \u00e9quipe Trophy, en \u00e9quipe Juniors (moins de 23 ans) et en clubs doivent donc imp\u00e9rativement\u00a0rentrer leur candidature avant le 15 janvier 2019\u00a0aupr\u00e8s de Philippe Borguet :\u00a0 <a href=\"mailto:borguetphilippe@gmail.com\">borguet philippe@gmail.com<\/a> &#8211; +32 496 28 40 45 ou aupr\u00e8s de Philippe Rorive (<a href=\"mailto:philipperorive@skynet.be\">philipperorive@skynet.be<\/a>)<\/p>\n<p>&nbsp;<\/p>\n<p>Les personne d\u00e9sireuses de s\u2019impliquer dans l\u2019indispensable assistance peuvent \u00e9galement se faire conna\u00eetre.<\/p>\n<p>&nbsp;<\/p>\n","protected":false},"excerpt":{"rendered":"<p>Les 94\u00e8mes Six Jours Internationaux d&rsquo;Enduro sont annonc\u00e9s du 21 au 26 octobre 2019 au Portugal au d\u00e9part de Portimao, dans le sud du pays. Absente de l&rsquo;\u00e9v\u00e9nement au Chili [&#8230;]<\/p>\n","protected":false},"author":932,"featured_media":63734,"comment_status":"open","ping_status":"closed","sticky":false,"template":"","format":"standard","meta":{"footnotes":""},"categories":[54,32,34,1074,33,55,65],"tags":[],"class_list":["post-82460","post","type-post","status-publish","format-standard","has-post-thumbnail","hentry","category-actualite","category-enduro","category-endurogp","category-isde","category-news-enduro","category-news-actualite","category-slideshow"],"yoast_head":"<!-- This site is optimized with the Yoast SEO plugin v27.4 - https:\/\/yoast.com\/product\/yoast-seo-wordpress\/ -->\n<title>Six Days d&#039;enduro au Portugal : appel aux candidats - Motocross - Enduro - Supermoto | MotocrossMag<\/title>\n<meta name=\"robots\" content=\"index, follow, max-snippet:-1, max-image-preview:large, max-video-preview:-1\" \/>\n<link rel=\"canonical\" href=\"https:\/\/fr.motocrossmag.be\/index.php\/2018\/12\/six-days-denduro-au-portugal-appel-aux-candidats\/\" \/>\n<meta property=\"og:locale\" content=\"fr_FR\" \/>\n<meta property=\"og:type\" content=\"article\" \/>\n<meta property=\"og:title\" content=\"Six Days d&#039;enduro au Portugal : appel aux candidats - Motocross - Enduro - Supermoto | MotocrossMag\" \/>\n<meta property=\"og:description\" content=\"Les 94\u00e8mes Six Jours Internationaux d&rsquo;Enduro sont annonc\u00e9s du 21 au 26 octobre 2019 au Portugal au d\u00e9part de Portimao, dans le sud du pays. Absente de l&rsquo;\u00e9v\u00e9nement au Chili [...]\" \/>\n<meta property=\"og:url\" content=\"https:\/\/fr.motocrossmag.be\/index.php\/2018\/12\/six-days-denduro-au-portugal-appel-aux-candidats\/\" \/>\n<meta property=\"og:site_name\" content=\"Motocross - Enduro - Supermoto | MotocrossMag\" \/>\n<meta property=\"article:published_time\" content=\"2018-12-05T19:22:33+00:00\" \/>\n<meta property=\"og:image\" content=\"https:\/\/fr.motocrossmag.be\/wp-content\/uploads\/2017\/08\/isde-team-belge-trophy.jpg\" \/>\n\t<meta property=\"og:image:width\" content=\"1200\" \/>\n\t<meta property=\"og:image:height\" content=\"789\" \/>\n\t<meta property=\"og:image:type\" content=\"image\/jpeg\" \/>\n<meta name=\"author\" content=\"oliviere\" \/>\n<meta name=\"twitter:card\" content=\"summary_large_image\" \/>\n<meta name=\"twitter:label1\" content=\"\u00c9crit par\" \/>\n\t<meta name=\"twitter:data1\" content=\"oliviere\" \/>\n\t<meta name=\"twitter:label2\" content=\"Dur\u00e9e de lecture estim\u00e9e\" \/>\n\t<meta name=\"twitter:data2\" content=\"1 minute\" \/>\n<script type=\"application\/ld+json\" class=\"yoast-schema-graph\">{\"@context\":\"https:\\\/\\\/schema.org\",\"@graph\":[{\"@type\":\"Article\",\"@id\":\"https:\\\/\\\/fr.motocrossmag.be\\\/index.php\\\/2018\\\/12\\\/six-days-denduro-au-portugal-appel-aux-candidats\\\/#article\",\"isPartOf\":{\"@id\":\"https:\\\/\\\/fr.motocrossmag.be\\\/index.php\\\/2018\\\/12\\\/six-days-denduro-au-portugal-appel-aux-candidats\\\/\"},\"author\":{\"name\":\"oliviere\",\"@id\":\"https:\\\/\\\/fr.motocrossmag.be\\\/#\\\/schema\\\/person\\\/11b47143d9f755babca2c9110e03235c\"},\"headline\":\"Six Days d&rsquo;enduro au Portugal : appel aux candidats\",\"datePublished\":\"2018-12-05T19:22:33+00:00\",\"mainEntityOfPage\":{\"@id\":\"https:\\\/\\\/fr.motocrossmag.be\\\/index.php\\\/2018\\\/12\\\/six-days-denduro-au-portugal-appel-aux-candidats\\\/\"},\"wordCount\":190,\"commentCount\":0,\"image\":{\"@id\":\"https:\\\/\\\/fr.motocrossmag.be\\\/index.php\\\/2018\\\/12\\\/six-days-denduro-au-portugal-appel-aux-candidats\\\/#primaryimage\"},\"thumbnailUrl\":\"https:\\\/\\\/fr.motocrossmag.be\\\/wp-content\\\/uploads\\\/2017\\\/08\\\/isde-team-belge-trophy.jpg\",\"articleSection\":[\"Actualit\u00e9\",\"Enduro\",\"EnduroGP\",\"ISDE\",\"News\",\"News\",\"Slideshow\"],\"inLanguage\":\"fr-FR\",\"potentialAction\":[{\"@type\":\"CommentAction\",\"name\":\"Comment\",\"target\":[\"https:\\\/\\\/fr.motocrossmag.be\\\/index.php\\\/2018\\\/12\\\/six-days-denduro-au-portugal-appel-aux-candidats\\\/#respond\"]}]},{\"@type\":\"WebPage\",\"@id\":\"https:\\\/\\\/fr.motocrossmag.be\\\/index.php\\\/2018\\\/12\\\/six-days-denduro-au-portugal-appel-aux-candidats\\\/\",\"url\":\"https:\\\/\\\/fr.motocrossmag.be\\\/index.php\\\/2018\\\/12\\\/six-days-denduro-au-portugal-appel-aux-candidats\\\/\",\"name\":\"Six Days d'enduro au Portugal : appel aux candidats - Motocross - Enduro - Supermoto | MotocrossMag\",\"isPartOf\":{\"@id\":\"https:\\\/\\\/fr.motocrossmag.be\\\/#website\"},\"primaryImageOfPage\":{\"@id\":\"https:\\\/\\\/fr.motocrossmag.be\\\/index.php\\\/2018\\\/12\\\/six-days-denduro-au-portugal-appel-aux-candidats\\\/#primaryimage\"},\"image\":{\"@id\":\"https:\\\/\\\/fr.motocrossmag.be\\\/index.php\\\/2018\\\/12\\\/six-days-denduro-au-portugal-appel-aux-candidats\\\/#primaryimage\"},\"thumbnailUrl\":\"https:\\\/\\\/fr.motocrossmag.be\\\/wp-content\\\/uploads\\\/2017\\\/08\\\/isde-team-belge-trophy.jpg\",\"datePublished\":\"2018-12-05T19:22:33+00:00\",\"author\":{\"@id\":\"https:\\\/\\\/fr.motocrossmag.be\\\/#\\\/schema\\\/person\\\/11b47143d9f755babca2c9110e03235c\"},\"breadcrumb\":{\"@id\":\"https:\\\/\\\/fr.motocrossmag.be\\\/index.php\\\/2018\\\/12\\\/six-days-denduro-au-portugal-appel-aux-candidats\\\/#breadcrumb\"},\"inLanguage\":\"fr-FR\",\"potentialAction\":[{\"@type\":\"ReadAction\",\"target\":[\"https:\\\/\\\/fr.motocrossmag.be\\\/index.php\\\/2018\\\/12\\\/six-days-denduro-au-portugal-appel-aux-candidats\\\/\"]}]},{\"@type\":\"ImageObject\",\"inLanguage\":\"fr-FR\",\"@id\":\"https:\\\/\\\/fr.motocrossmag.be\\\/index.php\\\/2018\\\/12\\\/six-days-denduro-au-portugal-appel-aux-candidats\\\/#primaryimage\",\"url\":\"https:\\\/\\\/fr.motocrossmag.be\\\/wp-content\\\/uploads\\\/2017\\\/08\\\/isde-team-belge-trophy.jpg\",\"contentUrl\":\"https:\\\/\\\/fr.motocrossmag.be\\\/wp-content\\\/uploads\\\/2017\\\/08\\\/isde-team-belge-trophy.jpg\",\"width\":1200,\"height\":789},{\"@type\":\"BreadcrumbList\",\"@id\":\"https:\\\/\\\/fr.motocrossmag.be\\\/index.php\\\/2018\\\/12\\\/six-days-denduro-au-portugal-appel-aux-candidats\\\/#breadcrumb\",\"itemListElement\":[{\"@type\":\"ListItem\",\"position\":1,\"name\":\"Accueil\",\"item\":\"https:\\\/\\\/fr.motocrossmag.be\\\/\"},{\"@type\":\"ListItem\",\"position\":2,\"name\":\"Six Days d&rsquo;enduro au Portugal : appel aux candidats\"}]},{\"@type\":\"WebSite\",\"@id\":\"https:\\\/\\\/fr.motocrossmag.be\\\/#website\",\"url\":\"https:\\\/\\\/fr.motocrossmag.be\\\/\",\"name\":\"Motocross - Enduro - Supermoto | MotocrossMag\",\"description\":\"L&#039;actualit\u00e9 du motocross, de l&#039;enduro et du Supermoto en ligne!\",\"potentialAction\":[{\"@type\":\"SearchAction\",\"target\":{\"@type\":\"EntryPoint\",\"urlTemplate\":\"https:\\\/\\\/fr.motocrossmag.be\\\/?s={search_term_string}\"},\"query-input\":{\"@type\":\"PropertyValueSpecification\",\"valueRequired\":true,\"valueName\":\"search_term_string\"}}],\"inLanguage\":\"fr-FR\"},{\"@type\":\"Person\",\"@id\":\"https:\\\/\\\/fr.motocrossmag.be\\\/#\\\/schema\\\/person\\\/11b47143d9f755babca2c9110e03235c\",\"name\":\"oliviere\",\"image\":{\"@type\":\"ImageObject\",\"inLanguage\":\"fr-FR\",\"@id\":\"https:\\\/\\\/secure.gravatar.com\\\/avatar\\\/907069e0b81d119452040469e4a7501da1100f54f7f80180ce77bfab718288f6?s=96&d=mm&r=g\",\"url\":\"https:\\\/\\\/secure.gravatar.com\\\/avatar\\\/907069e0b81d119452040469e4a7501da1100f54f7f80180ce77bfab718288f6?s=96&d=mm&r=g\",\"contentUrl\":\"https:\\\/\\\/secure.gravatar.com\\\/avatar\\\/907069e0b81d119452040469e4a7501da1100f54f7f80180ce77bfab718288f6?s=96&d=mm&r=g\",\"caption\":\"oliviere\"},\"sameAs\":[\"http:\\\/\\\/www.motocrossmag.be\"],\"url\":\"https:\\\/\\\/fr.motocrossmag.be\\\/index.php\\\/author\\\/oliviere\\\/\"}]}<\/script>\n<!-- \/ Yoast SEO plugin. -->","yoast_head_json":{"title":"Six Days d'enduro au Portugal : appel aux candidats - Motocross - Enduro - Supermoto | MotocrossMag","robots":{"index":"index","follow":"follow","max-snippet":"max-snippet:-1","max-image-preview":"max-image-preview:large","max-video-preview":"max-video-preview:-1"},"canonical":"https:\/\/fr.motocrossmag.be\/index.php\/2018\/12\/six-days-denduro-au-portugal-appel-aux-candidats\/","og_locale":"fr_FR","og_type":"article","og_title":"Six Days d'enduro au Portugal : appel aux candidats - Motocross - Enduro - Supermoto | MotocrossMag","og_description":"Les 94\u00e8mes Six Jours Internationaux d&rsquo;Enduro sont annonc\u00e9s du 21 au 26 octobre 2019 au Portugal au d\u00e9part de Portimao, dans le sud du pays. Absente de l&rsquo;\u00e9v\u00e9nement au Chili [...]","og_url":"https:\/\/fr.motocrossmag.be\/index.php\/2018\/12\/six-days-denduro-au-portugal-appel-aux-candidats\/","og_site_name":"Motocross - Enduro - Supermoto | MotocrossMag","article_published_time":"2018-12-05T19:22:33+00:00","og_image":[{"width":1200,"height":789,"url":"https:\/\/fr.motocrossmag.be\/wp-content\/uploads\/2017\/08\/isde-team-belge-trophy.jpg","type":"image\/jpeg"}],"author":"oliviere","twitter_card":"summary_large_image","twitter_misc":{"\u00c9crit par":"oliviere","Dur\u00e9e de lecture estim\u00e9e":"1 minute"},"schema":{"@context":"https:\/\/schema.org","@graph":[{"@type":"Article","@id":"https:\/\/fr.motocrossmag.be\/index.php\/2018\/12\/six-days-denduro-au-portugal-appel-aux-candidats\/#article","isPartOf":{"@id":"https:\/\/fr.motocrossmag.be\/index.php\/2018\/12\/six-days-denduro-au-portugal-appel-aux-candidats\/"},"author":{"name":"oliviere","@id":"https:\/\/fr.motocrossmag.be\/#\/schema\/person\/11b47143d9f755babca2c9110e03235c"},"headline":"Six Days d&rsquo;enduro au Portugal : appel aux candidats","datePublished":"2018-12-05T19:22:33+00:00","mainEntityOfPage":{"@id":"https:\/\/fr.motocrossmag.be\/index.php\/2018\/12\/six-days-denduro-au-portugal-appel-aux-candidats\/"},"wordCount":190,"commentCount":0,"image":{"@id":"https:\/\/fr.motocrossmag.be\/index.php\/2018\/12\/six-days-denduro-au-portugal-appel-aux-candidats\/#primaryimage"},"thumbnailUrl":"https:\/\/fr.motocrossmag.be\/wp-content\/uploads\/2017\/08\/isde-team-belge-trophy.jpg","articleSection":["Actualit\u00e9","Enduro","EnduroGP","ISDE","News","News","Slideshow"],"inLanguage":"fr-FR","potentialAction":[{"@type":"CommentAction","name":"Comment","target":["https:\/\/fr.motocrossmag.be\/index.php\/2018\/12\/six-days-denduro-au-portugal-appel-aux-candidats\/#respond"]}]},{"@type":"WebPage","@id":"https:\/\/fr.motocrossmag.be\/index.php\/2018\/12\/six-days-denduro-au-portugal-appel-aux-candidats\/","url":"https:\/\/fr.motocrossmag.be\/index.php\/2018\/12\/six-days-denduro-au-portugal-appel-aux-candidats\/","name":"Six Days d'enduro au Portugal : appel aux candidats - Motocross - Enduro - Supermoto | MotocrossMag","isPartOf":{"@id":"https:\/\/fr.motocrossmag.be\/#website"},"primaryImageOfPage":{"@id":"https:\/\/fr.motocrossmag.be\/index.php\/2018\/12\/six-days-denduro-au-portugal-appel-aux-candidats\/#primaryimage"},"image":{"@id":"https:\/\/fr.motocrossmag.be\/index.php\/2018\/12\/six-days-denduro-au-portugal-appel-aux-candidats\/#primaryimage"},"thumbnailUrl":"https:\/\/fr.motocrossmag.be\/wp-content\/uploads\/2017\/08\/isde-team-belge-trophy.jpg","datePublished":"2018-12-05T19:22:33+00:00","author":{"@id":"https:\/\/fr.motocrossmag.be\/#\/schema\/person\/11b47143d9f755babca2c9110e03235c"},"breadcrumb":{"@id":"https:\/\/fr.motocrossmag.be\/index.php\/2018\/12\/six-days-denduro-au-portugal-appel-aux-candidats\/#breadcrumb"},"inLanguage":"fr-FR","potentialAction":[{"@type":"ReadAction","target":["https:\/\/fr.motocrossmag.be\/index.php\/2018\/12\/six-days-denduro-au-portugal-appel-aux-candidats\/"]}]},{"@type":"ImageObject","inLanguage":"fr-FR","@id":"https:\/\/fr.motocrossmag.be\/index.php\/2018\/12\/six-days-denduro-au-portugal-appel-aux-candidats\/#primaryimage","url":"https:\/\/fr.motocrossmag.be\/wp-content\/uploads\/2017\/08\/isde-team-belge-trophy.jpg","contentUrl":"https:\/\/fr.motocrossmag.be\/wp-content\/uploads\/2017\/08\/isde-team-belge-trophy.jpg","width":1200,"height":789},{"@type":"BreadcrumbList","@id":"https:\/\/fr.motocrossmag.be\/index.php\/2018\/12\/six-days-denduro-au-portugal-appel-aux-candidats\/#breadcrumb","itemListElement":[{"@type":"ListItem","position":1,"name":"Accueil","item":"https:\/\/fr.motocrossmag.be\/"},{"@type":"ListItem","position":2,"name":"Six Days d&rsquo;enduro au Portugal : appel aux candidats"}]},{"@type":"WebSite","@id":"https:\/\/fr.motocrossmag.be\/#website","url":"https:\/\/fr.motocrossmag.be\/","name":"Motocross - Enduro - Supermoto | MotocrossMag","description":"L&#039;actualit\u00e9 du motocross, de l&#039;enduro et du Supermoto en ligne!","potentialAction":[{"@type":"SearchAction","target":{"@type":"EntryPoint","urlTemplate":"https:\/\/fr.motocrossmag.be\/?s={search_term_string}"},"query-input":{"@type":"PropertyValueSpecification","valueRequired":true,"valueName":"search_term_string"}}],"inLanguage":"fr-FR"},{"@type":"Person","@id":"https:\/\/fr.motocrossmag.be\/#\/schema\/person\/11b47143d9f755babca2c9110e03235c","name":"oliviere","image":{"@type":"ImageObject","inLanguage":"fr-FR","@id":"https:\/\/secure.gravatar.com\/avatar\/907069e0b81d119452040469e4a7501da1100f54f7f80180ce77bfab718288f6?s=96&d=mm&r=g","url":"https:\/\/secure.gravatar.com\/avatar\/907069e0b81d119452040469e4a7501da1100f54f7f80180ce77bfab718288f6?s=96&d=mm&r=g","contentUrl":"https:\/\/secure.gravatar.com\/avatar\/907069e0b81d119452040469e4a7501da1100f54f7f80180ce77bfab718288f6?s=96&d=mm&r=g","caption":"oliviere"},"sameAs":["http:\/\/www.motocrossmag.be"],"url":"https:\/\/fr.motocrossmag.be\/index.php\/author\/oliviere\/"}]}},"_links":{"self":[{"href":"https:\/\/fr.motocrossmag.be\/index.php\/wp-json\/wp\/v2\/posts\/82460","targetHints":{"allow":["GET"]}}],"collection":[{"href":"https:\/\/fr.motocrossmag.be\/index.php\/wp-json\/wp\/v2\/posts"}],"about":[{"href":"https:\/\/fr.motocrossmag.be\/index.php\/wp-json\/wp\/v2\/types\/post"}],"author":[{"embeddable":true,"href":"https:\/\/fr.motocrossmag.be\/index.php\/wp-json\/wp\/v2\/users\/932"}],"replies":[{"embeddable":true,"href":"https:\/\/fr.motocrossmag.be\/index.php\/wp-json\/wp\/v2\/comments?post=82460"}],"version-history":[{"count":0,"href":"https:\/\/fr.motocrossmag.be\/index.php\/wp-json\/wp\/v2\/posts\/82460\/revisions"}],"wp:featuredmedia":[{"embeddable":true,"href":"https:\/\/fr.motocrossmag.be\/index.php\/wp-json\/wp\/v2\/media\/63734"}],"wp:attachment":[{"href":"https:\/\/fr.motocrossmag.be\/index.php\/wp-json\/wp\/v2\/media?parent=82460"}],"wp:term":[{"taxonomy":"category","embeddable":true,"href":"https:\/\/fr.motocrossmag.be\/index.php\/wp-json\/wp\/v2\/categories?post=82460"},{"taxonomy":"post_tag","embeddable":true,"href":"https:\/\/fr.motocrossmag.be\/index.php\/wp-json\/wp\/v2\/tags?post=82460"}],"curies":[{"name":"wp","href":"https:\/\/api.w.org\/{rel}","templated":true}]}}