{"id":82623,"date":"2018-12-11T12:13:43","date_gmt":"2018-12-11T11:13:43","guid":{"rendered":"https:\/\/fr.motocrossmag.be\/?p=82623"},"modified":"2018-12-11T12:13:43","modified_gmt":"2018-12-11T11:13:43","slug":"un-hiver-qui-sannonce-crucial-pour-tom-vialle","status":"publish","type":"post","link":"https:\/\/fr.motocrossmag.be\/index.php\/2018\/12\/un-hiver-qui-sannonce-crucial-pour-tom-vialle\/","title":{"rendered":"Un hiver qui s&rsquo;annonce crucial pour Tom Vialle"},"content":{"rendered":"<p><strong>L&rsquo;arriv\u00e9e de Tom Vialle dans le team officiel KTM MX2 peut surprendre. Le nouveau venu peut en effet difficilement \u00eatre compar\u00e9 \u00e0 ses illustres co\u00e9quipiers Prado, Herlings et Cairoli. Le choix de KTM pour le jeune Fran\u00e7ais suscite l&rsquo;\u00e9tonnement mais ne doit sans doute rien au hasard.<\/strong><\/p>\n<p>On aurait pu s&rsquo;attendre \u00e0 ce que KTM offre son deuxi\u00e8me guidon officiel en MX2 \u00e0 une star de la cat\u00e9gorie. Mais les Autrichiens ont pr\u00e9f\u00e9r\u00e9 faire confiance \u00e0 l&rsquo;un des jeunes loups du championnat d&rsquo;Europe EMX250. Evidemment, le choix de Vialle pose pour l&rsquo;\u00e9quipe Red Bull KTM des d\u00e9fis biens diff\u00e9rents de ceux auxquels ils sont habitu\u00e9s avec Jeffrey Herlings, Tony Cairoli et Jorge Prado.<\/p>\n<blockquote><p>\u00ab\u00a0Nous sommes charm\u00e9s par ce que Tom nous a d\u00e9j\u00e0 montr\u00e9.\u00a0\u00bb<\/p><\/blockquote>\n<p>\u00ab\u00a0Vu que Tom n&rsquo;a pas gravi les \u00e9chelons dans notre propre structure comme Pauls (Jonass) ou Jorge (Prado), nous ne savions pas grand-chose de lui\u00a0\u00bb, explique Dirk Gruebel, responsable de l&rsquo;\u00e9quipe MX2 chez KTM et coordinateur technique. \u00ab\u00a0Mais bien s\u00fbr, nous avons oberv\u00e9 de pr\u00e8s son pilotage et je pense qu&rsquo;il a \u00e0 la fois un vrai potentiel et un beau style sur la moto\u00a0\u00bb.<\/p>\n<p><a href=\"https:\/\/fr.motocrossmag.be\/wp-content\/uploads\/2018\/12\/vialle-tom.jpg\"><img decoding=\"async\" class=\"lazyload alignnone size-medium wp-image-82624\" src=\"https:\/\/fr.motocrossmag.be\/wp-content\/uploads\/2018\/12\/vialle-tom-650x433.jpg\" data-orig-src=\"https:\/\/fr.motocrossmag.be\/wp-content\/uploads\/2018\/12\/vialle-tom-650x433.jpg\" alt=\"\" width=\"650\" height=\"433\" srcset=\"data:image\/svg+xml,%3Csvg%20xmlns%3D%27http%3A%2F%2Fwww.w3.org%2F2000%2Fsvg%27%20width%3D%27650%27%20height%3D%27433%27%20viewBox%3D%270%200%20650%20433%27%3E%3Crect%20width%3D%27650%27%20height%3D%27433%27%20fill-opacity%3D%220%22%2F%3E%3C%2Fsvg%3E\" data-srcset=\"https:\/\/fr.motocrossmag.be\/wp-content\/uploads\/2018\/12\/vialle-tom-650x433.jpg 650w, https:\/\/fr.motocrossmag.be\/wp-content\/uploads\/2018\/12\/vialle-tom-768x512.jpg 768w, https:\/\/fr.motocrossmag.be\/wp-content\/uploads\/2018\/12\/vialle-tom-1024x683.jpg 1024w, https:\/\/fr.motocrossmag.be\/wp-content\/uploads\/2018\/12\/vialle-tom.jpg 1350w\" data-sizes=\"auto\" data-orig-sizes=\"(max-width: 650px) 100vw, 650px\" \/><\/a><\/p>\n<p>Avec Jo\u00ebl Smets, Gruebel veillera sur le jeune Fran\u00e7ais lors de sa premi\u00e8re ann\u00e9e. \u00ab\u00a0Je pense qu&rsquo;il pourra montrer, avec notre machine et notre structure, de belles choses.\u00a0\u00bbEn 2014, Pauls avait l&rsquo;air tr\u00e8s mal \u00e0 l&rsquo;aise sur la 250. Mais il a r\u00e9ussi \u00e0 inverser compl\u00e8tement la tendance en 2015. Tom est calme et plut\u00f4t timide mais toute la famille a d\u00e9m\u00e9nag\u00e9 en Belgique et c&rsquo;est un bon choix, nous allons donner \u00e0 Tom les moyens de faire du bon travail. \u00a0\u00bb<\/p>\n<p><a href=\"https:\/\/fr.motocrossmag.be\/wp-content\/uploads\/2018\/12\/Vialle-NF-NK1D7196.jpg\"><img decoding=\"async\" class=\"lazyload alignnone size-medium wp-image-82626\" src=\"https:\/\/fr.motocrossmag.be\/wp-content\/uploads\/2018\/12\/Vialle-NF-NK1D7196-650x433.jpg\" data-orig-src=\"https:\/\/fr.motocrossmag.be\/wp-content\/uploads\/2018\/12\/Vialle-NF-NK1D7196-650x433.jpg\" alt=\"\" width=\"650\" height=\"433\" srcset=\"data:image\/svg+xml,%3Csvg%20xmlns%3D%27http%3A%2F%2Fwww.w3.org%2F2000%2Fsvg%27%20width%3D%27650%27%20height%3D%27433%27%20viewBox%3D%270%200%20650%20433%27%3E%3Crect%20width%3D%27650%27%20height%3D%27433%27%20fill-opacity%3D%220%22%2F%3E%3C%2Fsvg%3E\" data-srcset=\"https:\/\/fr.motocrossmag.be\/wp-content\/uploads\/2018\/12\/Vialle-NF-NK1D7196-650x433.jpg 650w, https:\/\/fr.motocrossmag.be\/wp-content\/uploads\/2018\/12\/Vialle-NF-NK1D7196-768x512.jpg 768w, https:\/\/fr.motocrossmag.be\/wp-content\/uploads\/2018\/12\/Vialle-NF-NK1D7196-1024x683.jpg 1024w, https:\/\/fr.motocrossmag.be\/wp-content\/uploads\/2018\/12\/Vialle-NF-NK1D7196.jpg 1350w\" data-sizes=\"auto\" data-orig-sizes=\"(max-width: 650px) 100vw, 650px\" \/><\/a><\/p>\n<p>Vialle a brill\u00e9 cette ann\u00e9e sur le championnat EMX250 avec du mat\u00e9riel Husqvarna et KTM. Le fils de l&rsquo;ex-pilote de GP Fr\u00e9deric Vialle, vainqueur de trois GP au cours de sa carri\u00e8re, a cl\u00f4tur\u00e9 la saison 2018 en \u00e9tant mont\u00e9 \u00e0 3 reprises sur le podium. Gruebel est le premier \u00e0 admettre que les fans ne doivent pas pour autant s&rsquo;attendre \u00e0 une explosion \u00e0 la Prado.<\/p>\n<p><a href=\"https:\/\/fr.motocrossmag.be\/wp-content\/uploads\/2018\/12\/Vialle-NF-NK1D7702.jpg\"><img decoding=\"async\" class=\"lazyload alignnone size-medium wp-image-82628\" src=\"https:\/\/fr.motocrossmag.be\/wp-content\/uploads\/2018\/12\/Vialle-NF-NK1D7702-650x433.jpg\" data-orig-src=\"https:\/\/fr.motocrossmag.be\/wp-content\/uploads\/2018\/12\/Vialle-NF-NK1D7702-650x433.jpg\" alt=\"\" width=\"650\" height=\"433\" srcset=\"data:image\/svg+xml,%3Csvg%20xmlns%3D%27http%3A%2F%2Fwww.w3.org%2F2000%2Fsvg%27%20width%3D%27650%27%20height%3D%27433%27%20viewBox%3D%270%200%20650%20433%27%3E%3Crect%20width%3D%27650%27%20height%3D%27433%27%20fill-opacity%3D%220%22%2F%3E%3C%2Fsvg%3E\" data-srcset=\"https:\/\/fr.motocrossmag.be\/wp-content\/uploads\/2018\/12\/Vialle-NF-NK1D7702-650x433.jpg 650w, https:\/\/fr.motocrossmag.be\/wp-content\/uploads\/2018\/12\/Vialle-NF-NK1D7702-768x512.jpg 768w, https:\/\/fr.motocrossmag.be\/wp-content\/uploads\/2018\/12\/Vialle-NF-NK1D7702-1024x683.jpg 1024w, https:\/\/fr.motocrossmag.be\/wp-content\/uploads\/2018\/12\/Vialle-NF-NK1D7702.jpg 1350w\" data-sizes=\"auto\" data-orig-sizes=\"(max-width: 650px) 100vw, 650px\" \/><\/a><\/p>\n<p>\u00ab\u00a0C&rsquo;est un jeune pilote prometteur, mais ce n&rsquo;est pas un Prado\u00a0\u00bb, explique le manager allemand. \u00ab\u00a0Nous suivions Jorge depuis qu&rsquo;il \u00e9tait en 85cc et nous avons vite su qu&rsquo;il avait des qualit\u00e9s ph\u00e9nom\u00e9nales. Son pilotage sur la moto dit tout : il n&rsquo;y a tout simplement que tr\u00e8s peu de pilotes comme lui ! Nous sommes heureux d&rsquo;avoir pu collaborer avec des pilotes comme Marvin (Musquin), Ken (Roczen) et Jeffrey (Herlings). J&rsquo;ai tellement de belles histoires \u00e0 raconter! Et je dois dire que nous sommes charm\u00e9s par ce que nous avons d\u00e9j\u00e0 vu de Tom.\u00a0\u00bb<\/p>\n<p>&nbsp;<\/p>\n<p>&nbsp;<\/p>\n<p>Texte: Adam Wheeler | Photos: Niek Fotografie<\/p>\n","protected":false},"excerpt":{"rendered":"<p>L&rsquo;arriv\u00e9e de Tom Vialle dans le team officiel KTM MX2 peut surprendre. Le nouveau venu peut en effet difficilement \u00eatre compar\u00e9 \u00e0 ses illustres co\u00e9quipiers Prado, Herlings et Cairoli. Le [&#8230;]<\/p>\n","protected":false},"author":932,"featured_media":82627,"comment_status":"open","ping_status":"closed","sticky":false,"template":"","format":"standard","meta":{"footnotes":""},"categories":[54,4,6,5,33,55,65],"tags":[],"class_list":["post-82623","post","type-post","status-publish","format-standard","has-post-thumbnail","hentry","category-actualite","category-motocross","category-mx1mx2","category-news","category-news-enduro","category-news-actualite","category-slideshow"],"yoast_head":"<!-- This site is optimized with the Yoast SEO plugin v27.4 - https:\/\/yoast.com\/product\/yoast-seo-wordpress\/ -->\n<title>Un hiver qui s&#039;annonce crucial pour Tom Vialle - Motocross - Enduro - Supermoto | MotocrossMag<\/title>\n<meta name=\"robots\" content=\"index, follow, max-snippet:-1, max-image-preview:large, max-video-preview:-1\" \/>\n<link rel=\"canonical\" href=\"https:\/\/fr.motocrossmag.be\/index.php\/2018\/12\/un-hiver-qui-sannonce-crucial-pour-tom-vialle\/\" \/>\n<meta property=\"og:locale\" content=\"fr_FR\" \/>\n<meta property=\"og:type\" content=\"article\" \/>\n<meta property=\"og:title\" content=\"Un hiver qui s&#039;annonce crucial pour Tom Vialle - Motocross - Enduro - Supermoto | MotocrossMag\" \/>\n<meta property=\"og:description\" content=\"L&rsquo;arriv\u00e9e de Tom Vialle dans le team officiel KTM MX2 peut surprendre. Le nouveau venu peut en effet difficilement \u00eatre compar\u00e9 \u00e0 ses illustres co\u00e9quipiers Prado, Herlings et Cairoli. Le [...]\" \/>\n<meta property=\"og:url\" content=\"https:\/\/fr.motocrossmag.be\/index.php\/2018\/12\/un-hiver-qui-sannonce-crucial-pour-tom-vialle\/\" \/>\n<meta property=\"og:site_name\" content=\"Motocross - Enduro - Supermoto | MotocrossMag\" \/>\n<meta property=\"article:published_time\" content=\"2018-12-11T11:13:43+00:00\" \/>\n<meta property=\"og:image\" content=\"https:\/\/fr.motocrossmag.be\/wp-content\/uploads\/2018\/12\/Vialle-NF-NK1D6919.jpg\" \/>\n\t<meta property=\"og:image:width\" content=\"1350\" \/>\n\t<meta property=\"og:image:height\" content=\"900\" \/>\n\t<meta property=\"og:image:type\" content=\"image\/jpeg\" \/>\n<meta name=\"author\" content=\"oliviere\" \/>\n<meta name=\"twitter:card\" content=\"summary_large_image\" \/>\n<meta name=\"twitter:label1\" content=\"\u00c9crit par\" \/>\n\t<meta name=\"twitter:data1\" content=\"oliviere\" \/>\n\t<meta name=\"twitter:label2\" content=\"Dur\u00e9e de lecture estim\u00e9e\" \/>\n\t<meta name=\"twitter:data2\" content=\"2 minutes\" \/>\n<script type=\"application\/ld+json\" class=\"yoast-schema-graph\">{\"@context\":\"https:\\\/\\\/schema.org\",\"@graph\":[{\"@type\":\"Article\",\"@id\":\"https:\\\/\\\/fr.motocrossmag.be\\\/index.php\\\/2018\\\/12\\\/un-hiver-qui-sannonce-crucial-pour-tom-vialle\\\/#article\",\"isPartOf\":{\"@id\":\"https:\\\/\\\/fr.motocrossmag.be\\\/index.php\\\/2018\\\/12\\\/un-hiver-qui-sannonce-crucial-pour-tom-vialle\\\/\"},\"author\":{\"name\":\"oliviere\",\"@id\":\"https:\\\/\\\/fr.motocrossmag.be\\\/#\\\/schema\\\/person\\\/11b47143d9f755babca2c9110e03235c\"},\"headline\":\"Un hiver qui s&rsquo;annonce crucial pour Tom Vialle\",\"datePublished\":\"2018-12-11T11:13:43+00:00\",\"mainEntityOfPage\":{\"@id\":\"https:\\\/\\\/fr.motocrossmag.be\\\/index.php\\\/2018\\\/12\\\/un-hiver-qui-sannonce-crucial-pour-tom-vialle\\\/\"},\"wordCount\":487,\"commentCount\":0,\"image\":{\"@id\":\"https:\\\/\\\/fr.motocrossmag.be\\\/index.php\\\/2018\\\/12\\\/un-hiver-qui-sannonce-crucial-pour-tom-vialle\\\/#primaryimage\"},\"thumbnailUrl\":\"https:\\\/\\\/fr.motocrossmag.be\\\/wp-content\\\/uploads\\\/2018\\\/12\\\/Vialle-NF-NK1D6919.jpg\",\"articleSection\":[\"Actualit\u00e9\",\"Motocross\",\"Motocross MXGP\",\"News\",\"News\",\"News\",\"Slideshow\"],\"inLanguage\":\"fr-FR\",\"potentialAction\":[{\"@type\":\"CommentAction\",\"name\":\"Comment\",\"target\":[\"https:\\\/\\\/fr.motocrossmag.be\\\/index.php\\\/2018\\\/12\\\/un-hiver-qui-sannonce-crucial-pour-tom-vialle\\\/#respond\"]}]},{\"@type\":\"WebPage\",\"@id\":\"https:\\\/\\\/fr.motocrossmag.be\\\/index.php\\\/2018\\\/12\\\/un-hiver-qui-sannonce-crucial-pour-tom-vialle\\\/\",\"url\":\"https:\\\/\\\/fr.motocrossmag.be\\\/index.php\\\/2018\\\/12\\\/un-hiver-qui-sannonce-crucial-pour-tom-vialle\\\/\",\"name\":\"Un hiver qui s'annonce crucial pour Tom Vialle - Motocross - Enduro - Supermoto | MotocrossMag\",\"isPartOf\":{\"@id\":\"https:\\\/\\\/fr.motocrossmag.be\\\/#website\"},\"primaryImageOfPage\":{\"@id\":\"https:\\\/\\\/fr.motocrossmag.be\\\/index.php\\\/2018\\\/12\\\/un-hiver-qui-sannonce-crucial-pour-tom-vialle\\\/#primaryimage\"},\"image\":{\"@id\":\"https:\\\/\\\/fr.motocrossmag.be\\\/index.php\\\/2018\\\/12\\\/un-hiver-qui-sannonce-crucial-pour-tom-vialle\\\/#primaryimage\"},\"thumbnailUrl\":\"https:\\\/\\\/fr.motocrossmag.be\\\/wp-content\\\/uploads\\\/2018\\\/12\\\/Vialle-NF-NK1D6919.jpg\",\"datePublished\":\"2018-12-11T11:13:43+00:00\",\"author\":{\"@id\":\"https:\\\/\\\/fr.motocrossmag.be\\\/#\\\/schema\\\/person\\\/11b47143d9f755babca2c9110e03235c\"},\"breadcrumb\":{\"@id\":\"https:\\\/\\\/fr.motocrossmag.be\\\/index.php\\\/2018\\\/12\\\/un-hiver-qui-sannonce-crucial-pour-tom-vialle\\\/#breadcrumb\"},\"inLanguage\":\"fr-FR\",\"potentialAction\":[{\"@type\":\"ReadAction\",\"target\":[\"https:\\\/\\\/fr.motocrossmag.be\\\/index.php\\\/2018\\\/12\\\/un-hiver-qui-sannonce-crucial-pour-tom-vialle\\\/\"]}]},{\"@type\":\"ImageObject\",\"inLanguage\":\"fr-FR\",\"@id\":\"https:\\\/\\\/fr.motocrossmag.be\\\/index.php\\\/2018\\\/12\\\/un-hiver-qui-sannonce-crucial-pour-tom-vialle\\\/#primaryimage\",\"url\":\"https:\\\/\\\/fr.motocrossmag.be\\\/wp-content\\\/uploads\\\/2018\\\/12\\\/Vialle-NF-NK1D6919.jpg\",\"contentUrl\":\"https:\\\/\\\/fr.motocrossmag.be\\\/wp-content\\\/uploads\\\/2018\\\/12\\\/Vialle-NF-NK1D6919.jpg\",\"width\":1350,\"height\":900},{\"@type\":\"BreadcrumbList\",\"@id\":\"https:\\\/\\\/fr.motocrossmag.be\\\/index.php\\\/2018\\\/12\\\/un-hiver-qui-sannonce-crucial-pour-tom-vialle\\\/#breadcrumb\",\"itemListElement\":[{\"@type\":\"ListItem\",\"position\":1,\"name\":\"Accueil\",\"item\":\"https:\\\/\\\/fr.motocrossmag.be\\\/\"},{\"@type\":\"ListItem\",\"position\":2,\"name\":\"Un hiver qui s&rsquo;annonce crucial pour Tom Vialle\"}]},{\"@type\":\"WebSite\",\"@id\":\"https:\\\/\\\/fr.motocrossmag.be\\\/#website\",\"url\":\"https:\\\/\\\/fr.motocrossmag.be\\\/\",\"name\":\"Motocross - Enduro - Supermoto | MotocrossMag\",\"description\":\"L&#039;actualit\u00e9 du motocross, de l&#039;enduro et du Supermoto en ligne!\",\"potentialAction\":[{\"@type\":\"SearchAction\",\"target\":{\"@type\":\"EntryPoint\",\"urlTemplate\":\"https:\\\/\\\/fr.motocrossmag.be\\\/?s={search_term_string}\"},\"query-input\":{\"@type\":\"PropertyValueSpecification\",\"valueRequired\":true,\"valueName\":\"search_term_string\"}}],\"inLanguage\":\"fr-FR\"},{\"@type\":\"Person\",\"@id\":\"https:\\\/\\\/fr.motocrossmag.be\\\/#\\\/schema\\\/person\\\/11b47143d9f755babca2c9110e03235c\",\"name\":\"oliviere\",\"image\":{\"@type\":\"ImageObject\",\"inLanguage\":\"fr-FR\",\"@id\":\"https:\\\/\\\/secure.gravatar.com\\\/avatar\\\/907069e0b81d119452040469e4a7501da1100f54f7f80180ce77bfab718288f6?s=96&d=mm&r=g\",\"url\":\"https:\\\/\\\/secure.gravatar.com\\\/avatar\\\/907069e0b81d119452040469e4a7501da1100f54f7f80180ce77bfab718288f6?s=96&d=mm&r=g\",\"contentUrl\":\"https:\\\/\\\/secure.gravatar.com\\\/avatar\\\/907069e0b81d119452040469e4a7501da1100f54f7f80180ce77bfab718288f6?s=96&d=mm&r=g\",\"caption\":\"oliviere\"},\"sameAs\":[\"http:\\\/\\\/www.motocrossmag.be\"],\"url\":\"https:\\\/\\\/fr.motocrossmag.be\\\/index.php\\\/author\\\/oliviere\\\/\"}]}<\/script>\n<!-- \/ Yoast SEO plugin. -->","yoast_head_json":{"title":"Un hiver qui s'annonce crucial pour Tom Vialle - Motocross - Enduro - Supermoto | MotocrossMag","robots":{"index":"index","follow":"follow","max-snippet":"max-snippet:-1","max-image-preview":"max-image-preview:large","max-video-preview":"max-video-preview:-1"},"canonical":"https:\/\/fr.motocrossmag.be\/index.php\/2018\/12\/un-hiver-qui-sannonce-crucial-pour-tom-vialle\/","og_locale":"fr_FR","og_type":"article","og_title":"Un hiver qui s'annonce crucial pour Tom Vialle - Motocross - Enduro - Supermoto | MotocrossMag","og_description":"L&rsquo;arriv\u00e9e de Tom Vialle dans le team officiel KTM MX2 peut surprendre. Le nouveau venu peut en effet difficilement \u00eatre compar\u00e9 \u00e0 ses illustres co\u00e9quipiers Prado, Herlings et Cairoli. Le [...]","og_url":"https:\/\/fr.motocrossmag.be\/index.php\/2018\/12\/un-hiver-qui-sannonce-crucial-pour-tom-vialle\/","og_site_name":"Motocross - Enduro - Supermoto | MotocrossMag","article_published_time":"2018-12-11T11:13:43+00:00","og_image":[{"width":1350,"height":900,"url":"https:\/\/fr.motocrossmag.be\/wp-content\/uploads\/2018\/12\/Vialle-NF-NK1D6919.jpg","type":"image\/jpeg"}],"author":"oliviere","twitter_card":"summary_large_image","twitter_misc":{"\u00c9crit par":"oliviere","Dur\u00e9e de lecture estim\u00e9e":"2 minutes"},"schema":{"@context":"https:\/\/schema.org","@graph":[{"@type":"Article","@id":"https:\/\/fr.motocrossmag.be\/index.php\/2018\/12\/un-hiver-qui-sannonce-crucial-pour-tom-vialle\/#article","isPartOf":{"@id":"https:\/\/fr.motocrossmag.be\/index.php\/2018\/12\/un-hiver-qui-sannonce-crucial-pour-tom-vialle\/"},"author":{"name":"oliviere","@id":"https:\/\/fr.motocrossmag.be\/#\/schema\/person\/11b47143d9f755babca2c9110e03235c"},"headline":"Un hiver qui s&rsquo;annonce crucial pour Tom Vialle","datePublished":"2018-12-11T11:13:43+00:00","mainEntityOfPage":{"@id":"https:\/\/fr.motocrossmag.be\/index.php\/2018\/12\/un-hiver-qui-sannonce-crucial-pour-tom-vialle\/"},"wordCount":487,"commentCount":0,"image":{"@id":"https:\/\/fr.motocrossmag.be\/index.php\/2018\/12\/un-hiver-qui-sannonce-crucial-pour-tom-vialle\/#primaryimage"},"thumbnailUrl":"https:\/\/fr.motocrossmag.be\/wp-content\/uploads\/2018\/12\/Vialle-NF-NK1D6919.jpg","articleSection":["Actualit\u00e9","Motocross","Motocross MXGP","News","News","News","Slideshow"],"inLanguage":"fr-FR","potentialAction":[{"@type":"CommentAction","name":"Comment","target":["https:\/\/fr.motocrossmag.be\/index.php\/2018\/12\/un-hiver-qui-sannonce-crucial-pour-tom-vialle\/#respond"]}]},{"@type":"WebPage","@id":"https:\/\/fr.motocrossmag.be\/index.php\/2018\/12\/un-hiver-qui-sannonce-crucial-pour-tom-vialle\/","url":"https:\/\/fr.motocrossmag.be\/index.php\/2018\/12\/un-hiver-qui-sannonce-crucial-pour-tom-vialle\/","name":"Un hiver qui s'annonce crucial pour Tom Vialle - Motocross - Enduro - Supermoto | MotocrossMag","isPartOf":{"@id":"https:\/\/fr.motocrossmag.be\/#website"},"primaryImageOfPage":{"@id":"https:\/\/fr.motocrossmag.be\/index.php\/2018\/12\/un-hiver-qui-sannonce-crucial-pour-tom-vialle\/#primaryimage"},"image":{"@id":"https:\/\/fr.motocrossmag.be\/index.php\/2018\/12\/un-hiver-qui-sannonce-crucial-pour-tom-vialle\/#primaryimage"},"thumbnailUrl":"https:\/\/fr.motocrossmag.be\/wp-content\/uploads\/2018\/12\/Vialle-NF-NK1D6919.jpg","datePublished":"2018-12-11T11:13:43+00:00","author":{"@id":"https:\/\/fr.motocrossmag.be\/#\/schema\/person\/11b47143d9f755babca2c9110e03235c"},"breadcrumb":{"@id":"https:\/\/fr.motocrossmag.be\/index.php\/2018\/12\/un-hiver-qui-sannonce-crucial-pour-tom-vialle\/#breadcrumb"},"inLanguage":"fr-FR","potentialAction":[{"@type":"ReadAction","target":["https:\/\/fr.motocrossmag.be\/index.php\/2018\/12\/un-hiver-qui-sannonce-crucial-pour-tom-vialle\/"]}]},{"@type":"ImageObject","inLanguage":"fr-FR","@id":"https:\/\/fr.motocrossmag.be\/index.php\/2018\/12\/un-hiver-qui-sannonce-crucial-pour-tom-vialle\/#primaryimage","url":"https:\/\/fr.motocrossmag.be\/wp-content\/uploads\/2018\/12\/Vialle-NF-NK1D6919.jpg","contentUrl":"https:\/\/fr.motocrossmag.be\/wp-content\/uploads\/2018\/12\/Vialle-NF-NK1D6919.jpg","width":1350,"height":900},{"@type":"BreadcrumbList","@id":"https:\/\/fr.motocrossmag.be\/index.php\/2018\/12\/un-hiver-qui-sannonce-crucial-pour-tom-vialle\/#breadcrumb","itemListElement":[{"@type":"ListItem","position":1,"name":"Accueil","item":"https:\/\/fr.motocrossmag.be\/"},{"@type":"ListItem","position":2,"name":"Un hiver qui s&rsquo;annonce crucial pour Tom Vialle"}]},{"@type":"WebSite","@id":"https:\/\/fr.motocrossmag.be\/#website","url":"https:\/\/fr.motocrossmag.be\/","name":"Motocross - Enduro - Supermoto | MotocrossMag","description":"L&#039;actualit\u00e9 du motocross, de l&#039;enduro et du Supermoto en ligne!","potentialAction":[{"@type":"SearchAction","target":{"@type":"EntryPoint","urlTemplate":"https:\/\/fr.motocrossmag.be\/?s={search_term_string}"},"query-input":{"@type":"PropertyValueSpecification","valueRequired":true,"valueName":"search_term_string"}}],"inLanguage":"fr-FR"},{"@type":"Person","@id":"https:\/\/fr.motocrossmag.be\/#\/schema\/person\/11b47143d9f755babca2c9110e03235c","name":"oliviere","image":{"@type":"ImageObject","inLanguage":"fr-FR","@id":"https:\/\/secure.gravatar.com\/avatar\/907069e0b81d119452040469e4a7501da1100f54f7f80180ce77bfab718288f6?s=96&d=mm&r=g","url":"https:\/\/secure.gravatar.com\/avatar\/907069e0b81d119452040469e4a7501da1100f54f7f80180ce77bfab718288f6?s=96&d=mm&r=g","contentUrl":"https:\/\/secure.gravatar.com\/avatar\/907069e0b81d119452040469e4a7501da1100f54f7f80180ce77bfab718288f6?s=96&d=mm&r=g","caption":"oliviere"},"sameAs":["http:\/\/www.motocrossmag.be"],"url":"https:\/\/fr.motocrossmag.be\/index.php\/author\/oliviere\/"}]}},"_links":{"self":[{"href":"https:\/\/fr.motocrossmag.be\/index.php\/wp-json\/wp\/v2\/posts\/82623","targetHints":{"allow":["GET"]}}],"collection":[{"href":"https:\/\/fr.motocrossmag.be\/index.php\/wp-json\/wp\/v2\/posts"}],"about":[{"href":"https:\/\/fr.motocrossmag.be\/index.php\/wp-json\/wp\/v2\/types\/post"}],"author":[{"embeddable":true,"href":"https:\/\/fr.motocrossmag.be\/index.php\/wp-json\/wp\/v2\/users\/932"}],"replies":[{"embeddable":true,"href":"https:\/\/fr.motocrossmag.be\/index.php\/wp-json\/wp\/v2\/comments?post=82623"}],"version-history":[{"count":0,"href":"https:\/\/fr.motocrossmag.be\/index.php\/wp-json\/wp\/v2\/posts\/82623\/revisions"}],"wp:featuredmedia":[{"embeddable":true,"href":"https:\/\/fr.motocrossmag.be\/index.php\/wp-json\/wp\/v2\/media\/82627"}],"wp:attachment":[{"href":"https:\/\/fr.motocrossmag.be\/index.php\/wp-json\/wp\/v2\/media?parent=82623"}],"wp:term":[{"taxonomy":"category","embeddable":true,"href":"https:\/\/fr.motocrossmag.be\/index.php\/wp-json\/wp\/v2\/categories?post=82623"},{"taxonomy":"post_tag","embeddable":true,"href":"https:\/\/fr.motocrossmag.be\/index.php\/wp-json\/wp\/v2\/tags?post=82623"}],"curies":[{"name":"wp","href":"https:\/\/api.w.org\/{rel}","templated":true}]}}