{"id":82670,"date":"2018-12-15T13:17:08","date_gmt":"2018-12-15T12:17:08","guid":{"rendered":"https:\/\/fr.motocrossmag.be\/?p=82670"},"modified":"2018-12-15T13:47:54","modified_gmt":"2018-12-15T12:47:54","slug":"voici-la-enduro-open-world-cup","status":"publish","type":"post","link":"https:\/\/fr.motocrossmag.be\/index.php\/2018\/12\/voici-la-enduro-open-world-cup\/","title":{"rendered":"Voici la \u00ab\u00a0Enduro Open World Cup\u00a0\u00bb !"},"content":{"rendered":"<p><strong>Les choses bougent rapidement dans le petit monde de l&rsquo;enduro. Oblig\u00e9s de r\u00e9agir face \u00e0 la mont\u00e9e du championnat WESS, World Enduro Super Series, dont le calendrier 2o19 s&rsquo;oriente r\u00e9solument vers l&rsquo;enduro plus traditionnel en abandonnant des courses telles que le Red Bull Knock Out ou le Gotland Grand National, la FIM et ABC Communication ont annonc\u00e9 ce vendredi l&rsquo;arriv\u00e9e de la \u00ab\u00a0Enduro Open World Cup\u00a0\u00bb.<\/strong><\/p>\n<p>Objectif essentiel de ce nouveau championnat : grossir les rangs des participants (en net d\u00e9clin ces derni\u00e8res saisons) sur les \u00e9preuves du mondial EnduroGP en adressant 3 nouvelles cat\u00e9gories aux pilotes \u00ab\u00a0priv\u00e9s\u00a0\u00bb.<\/p>\n<p><a href=\"https:\/\/fr.motocrossmag.be\/wp-content\/uploads\/2018\/04\/enduroGP-gasgas-43.jpg\"><img decoding=\"async\" class=\"lazyload alignnone size-medium wp-image-72903\" src=\"https:\/\/fr.motocrossmag.be\/wp-content\/uploads\/2018\/04\/enduroGP-gasgas-43-650x433.jpg\" data-orig-src=\"https:\/\/fr.motocrossmag.be\/wp-content\/uploads\/2018\/04\/enduroGP-gasgas-43-650x433.jpg\" alt=\"\" width=\"650\" height=\"433\" srcset=\"data:image\/svg+xml,%3Csvg%20xmlns%3D%27http%3A%2F%2Fwww.w3.org%2F2000%2Fsvg%27%20width%3D%27650%27%20height%3D%27433%27%20viewBox%3D%270%200%20650%20433%27%3E%3Crect%20width%3D%27650%27%20height%3D%27433%27%20fill-opacity%3D%220%22%2F%3E%3C%2Fsvg%3E\" data-srcset=\"https:\/\/fr.motocrossmag.be\/wp-content\/uploads\/2018\/04\/enduroGP-gasgas-43-650x433.jpg 650w, https:\/\/fr.motocrossmag.be\/wp-content\/uploads\/2018\/04\/enduroGP-gasgas-43-768x512.jpg 768w, https:\/\/fr.motocrossmag.be\/wp-content\/uploads\/2018\/04\/enduroGP-gasgas-43-1024x683.jpg 1024w, https:\/\/fr.motocrossmag.be\/wp-content\/uploads\/2018\/04\/enduroGP-gasgas-43.jpg 1080w\" data-sizes=\"auto\" data-orig-sizes=\"(max-width: 650px) 100vw, 650px\" \/><\/a><\/p>\n<p>En compl\u00e9ment des cat\u00e9gories EnduroGP, E1, E2, E3, Junior et Youth 125cc, cette Enduro Open World Cup permettra \u00e0 des pilotes priv\u00e9s ou locaux de venir rouler sur les traces des stars de la discipline. Au programme, trois nouvelles cat\u00e9gories :<\/p>\n<ul>\n<li>2 temps (toutes cylindr\u00e9es)<\/li>\n<li>4 temps (toutes cylindr\u00e9es)<\/li>\n<li>Seniors (+ de 37 ans \u2013 Toutes cylindr\u00e9es)<\/li>\n<\/ul>\n<p>Il y aura aussi un Troph\u00e9e Team qui r\u00e9compensera la meilleure \u00e9quipe ayant align\u00e9 un minimum de 3 pilotes sur cet Enduro Open.<\/p>\n<p>Cette Enduro Open World Cup est ouverte \u00e0 tout le monde d\u00e8s l\u2019\u00e2ge de 16 ans et se d\u00e9roulera sur\u00a0 les 7 GP de la saison 2019 m\u00eame si\u00a0 seuls les 8 meilleurs r\u00e9sultats seront pris en compte en fin de saison. Il faudra donc participer seulement \u00e0 quatre des huit Grand Prix au minimum pour pouvoir pr\u00e9tendre aux titres FIM d\u2019une de ces trois coupes du monde.<\/p>\n<p><span style=\"color: #ff0000;\"><strong>Co\u00fbts r\u00e9duits<\/strong><\/span><\/p>\n<p>Conscient de la n\u00e9cessit\u00e9 d&rsquo;abaisser les co\u00fbts de participation pour ces pilotes, la FIM a d\u00e9cid\u00e9 de la cr\u00e9ation d\u2019une licence FIM Enduro Open pour ces cat\u00e9gories au tarif mod\u00e9r\u00e9 de 61 \u20ac hors assurance\u00a0alors qu\u2019une Licence FIM Open \u00ab une \u00e9preuve \u00bb sera disponible au tarif de 30,50 \u20ac hors assurance. Le tarif d\u2019engagement par course sera quant \u00e0 lui de 120 \u20ac seulement, frais de transpondeur inclus.<\/p>\n<p>Le sch\u00e9ma sportif des \u00e9preuves sera aussi \u00ab all\u00e9g\u00e9 \u00bb afin de tenir compte des capacit\u00e9s techniques de ces futurs participants. En effet, la dur\u00e9e de course sera r\u00e9duite d\u2019un tour pour les Open et certaines d\u00e9viations seront mises en place sur les parties les plus techniques des circuits comme par exemple sur les sp\u00e9ciales Extr\u00eames.<\/p>\n<p><a href=\"https:\/\/fr.motocrossmag.be\/wp-content\/uploads\/2016\/04\/portugal_speciale_enduroGP.jpg\"><img decoding=\"async\" class=\"lazyload alignnone size-medium wp-image-45279\" src=\"https:\/\/fr.motocrossmag.be\/wp-content\/uploads\/2016\/04\/portugal_speciale_enduroGP-650x433.jpg\" data-orig-src=\"https:\/\/fr.motocrossmag.be\/wp-content\/uploads\/2016\/04\/portugal_speciale_enduroGP-650x433.jpg\" alt=\"\" width=\"650\" height=\"433\" srcset=\"data:image\/svg+xml,%3Csvg%20xmlns%3D%27http%3A%2F%2Fwww.w3.org%2F2000%2Fsvg%27%20width%3D%27650%27%20height%3D%27433%27%20viewBox%3D%270%200%20650%20433%27%3E%3Crect%20width%3D%27650%27%20height%3D%27433%27%20fill-opacity%3D%220%22%2F%3E%3C%2Fsvg%3E\" data-srcset=\"https:\/\/fr.motocrossmag.be\/wp-content\/uploads\/2016\/04\/portugal_speciale_enduroGP-650x433.jpg 650w, https:\/\/fr.motocrossmag.be\/wp-content\/uploads\/2016\/04\/portugal_speciale_enduroGP-1024x683.jpg 1024w, https:\/\/fr.motocrossmag.be\/wp-content\/uploads\/2016\/04\/portugal_speciale_enduroGP.jpg 1080w\" data-sizes=\"auto\" data-orig-sizes=\"(max-width: 650px) 100vw, 650px\" \/><\/a><\/p>\n<p>\u00ab Il \u00e9tait imp\u00e9ratif de trouver un moyen de faire revenir plus de pilotes sur le championnat du monde d\u2019Enduro\u00a0\u00bb, explique Bastien Blanchard. \u00ab\u00a0Ces trois coupes du Monde FIM devraient permettre \u00e0 de nombreux pilotes priv\u00e9s, qui n\u2019ont malheureusement pas les moyens de financer une saison de 7 ou 8 GP, de pouvoir rouler sur la sc\u00e8ne internationale avec une Coupe du Monde comme enjeu. L\u2019Enduro a toujours \u00e9t\u00e9 une histoire de participants et c\u2019est pour cela que la FIM a d\u00e9cid\u00e9 pour notre plus grand plaisir de valider notre projet. \u00bb<\/p>\n<p>L\u2019ouverture de la FIM Enduro Open World Cup aura lieu d\u00e8s le GP d\u2019Allemagne des 23 et 24 mars \u00e0 Dahlen.<\/p>\n","protected":false},"excerpt":{"rendered":"<p>Les choses bougent rapidement dans le petit monde de l&rsquo;enduro. Oblig\u00e9s de r\u00e9agir face \u00e0 la mont\u00e9e du championnat WESS, World Enduro Super Series, dont le calendrier 2o19 s&rsquo;oriente r\u00e9solument [&#8230;]<\/p>\n","protected":false},"author":932,"featured_media":82671,"comment_status":"open","ping_status":"closed","sticky":false,"template":"","format":"standard","meta":{"footnotes":""},"categories":[54,32,34,33,55,65],"tags":[],"class_list":["post-82670","post","type-post","status-publish","format-standard","has-post-thumbnail","hentry","category-actualite","category-enduro","category-endurogp","category-news-enduro","category-news-actualite","category-slideshow"],"yoast_head":"<!-- This site is optimized with the Yoast SEO plugin v27.4 - https:\/\/yoast.com\/product\/yoast-seo-wordpress\/ -->\n<title>Voici la &quot;Enduro Open World Cup&quot; ! - Motocross - Enduro - Supermoto | MotocrossMag<\/title>\n<meta name=\"robots\" content=\"index, follow, max-snippet:-1, max-image-preview:large, max-video-preview:-1\" \/>\n<link rel=\"canonical\" href=\"https:\/\/fr.motocrossmag.be\/index.php\/2018\/12\/voici-la-enduro-open-world-cup\/\" \/>\n<meta property=\"og:locale\" content=\"fr_FR\" \/>\n<meta property=\"og:type\" content=\"article\" \/>\n<meta property=\"og:title\" content=\"Voici la &quot;Enduro Open World Cup&quot; ! - Motocross - Enduro - Supermoto | MotocrossMag\" \/>\n<meta property=\"og:description\" content=\"Les choses bougent rapidement dans le petit monde de l&rsquo;enduro. Oblig\u00e9s de r\u00e9agir face \u00e0 la mont\u00e9e du championnat WESS, World Enduro Super Series, dont le calendrier 2o19 s&rsquo;oriente r\u00e9solument [...]\" \/>\n<meta property=\"og:url\" content=\"https:\/\/fr.motocrossmag.be\/index.php\/2018\/12\/voici-la-enduro-open-world-cup\/\" \/>\n<meta property=\"og:site_name\" content=\"Motocross - Enduro - Supermoto | MotocrossMag\" \/>\n<meta property=\"article:published_time\" content=\"2018-12-15T12:17:08+00:00\" \/>\n<meta property=\"article:modified_time\" content=\"2018-12-15T12:47:54+00:00\" \/>\n<meta property=\"og:image\" content=\"https:\/\/fr.motocrossmag.be\/wp-content\/uploads\/2018\/12\/fim-world-cup.jpg\" \/>\n\t<meta property=\"og:image:width\" content=\"650\" \/>\n\t<meta property=\"og:image:height\" content=\"433\" \/>\n\t<meta property=\"og:image:type\" content=\"image\/jpeg\" \/>\n<meta name=\"author\" content=\"oliviere\" \/>\n<meta name=\"twitter:card\" content=\"summary_large_image\" \/>\n<meta name=\"twitter:label1\" content=\"\u00c9crit par\" \/>\n\t<meta name=\"twitter:data1\" content=\"oliviere\" \/>\n\t<meta name=\"twitter:label2\" content=\"Dur\u00e9e de lecture estim\u00e9e\" \/>\n\t<meta name=\"twitter:data2\" content=\"3 minutes\" \/>\n<script type=\"application\/ld+json\" class=\"yoast-schema-graph\">{\"@context\":\"https:\\\/\\\/schema.org\",\"@graph\":[{\"@type\":\"Article\",\"@id\":\"https:\\\/\\\/fr.motocrossmag.be\\\/index.php\\\/2018\\\/12\\\/voici-la-enduro-open-world-cup\\\/#article\",\"isPartOf\":{\"@id\":\"https:\\\/\\\/fr.motocrossmag.be\\\/index.php\\\/2018\\\/12\\\/voici-la-enduro-open-world-cup\\\/\"},\"author\":{\"name\":\"oliviere\",\"@id\":\"https:\\\/\\\/fr.motocrossmag.be\\\/#\\\/schema\\\/person\\\/11b47143d9f755babca2c9110e03235c\"},\"headline\":\"Voici la \u00ab\u00a0Enduro Open World Cup\u00a0\u00bb !\",\"datePublished\":\"2018-12-15T12:17:08+00:00\",\"dateModified\":\"2018-12-15T12:47:54+00:00\",\"mainEntityOfPage\":{\"@id\":\"https:\\\/\\\/fr.motocrossmag.be\\\/index.php\\\/2018\\\/12\\\/voici-la-enduro-open-world-cup\\\/\"},\"wordCount\":518,\"commentCount\":0,\"image\":{\"@id\":\"https:\\\/\\\/fr.motocrossmag.be\\\/index.php\\\/2018\\\/12\\\/voici-la-enduro-open-world-cup\\\/#primaryimage\"},\"thumbnailUrl\":\"https:\\\/\\\/fr.motocrossmag.be\\\/wp-content\\\/uploads\\\/2018\\\/12\\\/fim-world-cup.jpg\",\"articleSection\":[\"Actualit\u00e9\",\"Enduro\",\"EnduroGP\",\"News\",\"News\",\"Slideshow\"],\"inLanguage\":\"fr-FR\",\"potentialAction\":[{\"@type\":\"CommentAction\",\"name\":\"Comment\",\"target\":[\"https:\\\/\\\/fr.motocrossmag.be\\\/index.php\\\/2018\\\/12\\\/voici-la-enduro-open-world-cup\\\/#respond\"]}]},{\"@type\":\"WebPage\",\"@id\":\"https:\\\/\\\/fr.motocrossmag.be\\\/index.php\\\/2018\\\/12\\\/voici-la-enduro-open-world-cup\\\/\",\"url\":\"https:\\\/\\\/fr.motocrossmag.be\\\/index.php\\\/2018\\\/12\\\/voici-la-enduro-open-world-cup\\\/\",\"name\":\"Voici la \\\"Enduro Open World Cup\\\" ! - Motocross - Enduro - Supermoto | MotocrossMag\",\"isPartOf\":{\"@id\":\"https:\\\/\\\/fr.motocrossmag.be\\\/#website\"},\"primaryImageOfPage\":{\"@id\":\"https:\\\/\\\/fr.motocrossmag.be\\\/index.php\\\/2018\\\/12\\\/voici-la-enduro-open-world-cup\\\/#primaryimage\"},\"image\":{\"@id\":\"https:\\\/\\\/fr.motocrossmag.be\\\/index.php\\\/2018\\\/12\\\/voici-la-enduro-open-world-cup\\\/#primaryimage\"},\"thumbnailUrl\":\"https:\\\/\\\/fr.motocrossmag.be\\\/wp-content\\\/uploads\\\/2018\\\/12\\\/fim-world-cup.jpg\",\"datePublished\":\"2018-12-15T12:17:08+00:00\",\"dateModified\":\"2018-12-15T12:47:54+00:00\",\"author\":{\"@id\":\"https:\\\/\\\/fr.motocrossmag.be\\\/#\\\/schema\\\/person\\\/11b47143d9f755babca2c9110e03235c\"},\"breadcrumb\":{\"@id\":\"https:\\\/\\\/fr.motocrossmag.be\\\/index.php\\\/2018\\\/12\\\/voici-la-enduro-open-world-cup\\\/#breadcrumb\"},\"inLanguage\":\"fr-FR\",\"potentialAction\":[{\"@type\":\"ReadAction\",\"target\":[\"https:\\\/\\\/fr.motocrossmag.be\\\/index.php\\\/2018\\\/12\\\/voici-la-enduro-open-world-cup\\\/\"]}]},{\"@type\":\"ImageObject\",\"inLanguage\":\"fr-FR\",\"@id\":\"https:\\\/\\\/fr.motocrossmag.be\\\/index.php\\\/2018\\\/12\\\/voici-la-enduro-open-world-cup\\\/#primaryimage\",\"url\":\"https:\\\/\\\/fr.motocrossmag.be\\\/wp-content\\\/uploads\\\/2018\\\/12\\\/fim-world-cup.jpg\",\"contentUrl\":\"https:\\\/\\\/fr.motocrossmag.be\\\/wp-content\\\/uploads\\\/2018\\\/12\\\/fim-world-cup.jpg\",\"width\":650,\"height\":433},{\"@type\":\"BreadcrumbList\",\"@id\":\"https:\\\/\\\/fr.motocrossmag.be\\\/index.php\\\/2018\\\/12\\\/voici-la-enduro-open-world-cup\\\/#breadcrumb\",\"itemListElement\":[{\"@type\":\"ListItem\",\"position\":1,\"name\":\"Accueil\",\"item\":\"https:\\\/\\\/fr.motocrossmag.be\\\/\"},{\"@type\":\"ListItem\",\"position\":2,\"name\":\"Voici la \u00ab\u00a0Enduro Open World Cup\u00a0\u00bb !\"}]},{\"@type\":\"WebSite\",\"@id\":\"https:\\\/\\\/fr.motocrossmag.be\\\/#website\",\"url\":\"https:\\\/\\\/fr.motocrossmag.be\\\/\",\"name\":\"Motocross - Enduro - Supermoto | MotocrossMag\",\"description\":\"L&#039;actualit\u00e9 du motocross, de l&#039;enduro et du Supermoto en ligne!\",\"potentialAction\":[{\"@type\":\"SearchAction\",\"target\":{\"@type\":\"EntryPoint\",\"urlTemplate\":\"https:\\\/\\\/fr.motocrossmag.be\\\/?s={search_term_string}\"},\"query-input\":{\"@type\":\"PropertyValueSpecification\",\"valueRequired\":true,\"valueName\":\"search_term_string\"}}],\"inLanguage\":\"fr-FR\"},{\"@type\":\"Person\",\"@id\":\"https:\\\/\\\/fr.motocrossmag.be\\\/#\\\/schema\\\/person\\\/11b47143d9f755babca2c9110e03235c\",\"name\":\"oliviere\",\"image\":{\"@type\":\"ImageObject\",\"inLanguage\":\"fr-FR\",\"@id\":\"https:\\\/\\\/secure.gravatar.com\\\/avatar\\\/907069e0b81d119452040469e4a7501da1100f54f7f80180ce77bfab718288f6?s=96&d=mm&r=g\",\"url\":\"https:\\\/\\\/secure.gravatar.com\\\/avatar\\\/907069e0b81d119452040469e4a7501da1100f54f7f80180ce77bfab718288f6?s=96&d=mm&r=g\",\"contentUrl\":\"https:\\\/\\\/secure.gravatar.com\\\/avatar\\\/907069e0b81d119452040469e4a7501da1100f54f7f80180ce77bfab718288f6?s=96&d=mm&r=g\",\"caption\":\"oliviere\"},\"sameAs\":[\"http:\\\/\\\/www.motocrossmag.be\"],\"url\":\"https:\\\/\\\/fr.motocrossmag.be\\\/index.php\\\/author\\\/oliviere\\\/\"}]}<\/script>\n<!-- \/ Yoast SEO plugin. -->","yoast_head_json":{"title":"Voici la \"Enduro Open World Cup\" ! - Motocross - Enduro - Supermoto | MotocrossMag","robots":{"index":"index","follow":"follow","max-snippet":"max-snippet:-1","max-image-preview":"max-image-preview:large","max-video-preview":"max-video-preview:-1"},"canonical":"https:\/\/fr.motocrossmag.be\/index.php\/2018\/12\/voici-la-enduro-open-world-cup\/","og_locale":"fr_FR","og_type":"article","og_title":"Voici la \"Enduro Open World Cup\" ! - Motocross - Enduro - Supermoto | MotocrossMag","og_description":"Les choses bougent rapidement dans le petit monde de l&rsquo;enduro. Oblig\u00e9s de r\u00e9agir face \u00e0 la mont\u00e9e du championnat WESS, World Enduro Super Series, dont le calendrier 2o19 s&rsquo;oriente r\u00e9solument [...]","og_url":"https:\/\/fr.motocrossmag.be\/index.php\/2018\/12\/voici-la-enduro-open-world-cup\/","og_site_name":"Motocross - Enduro - Supermoto | MotocrossMag","article_published_time":"2018-12-15T12:17:08+00:00","article_modified_time":"2018-12-15T12:47:54+00:00","og_image":[{"width":650,"height":433,"url":"https:\/\/fr.motocrossmag.be\/wp-content\/uploads\/2018\/12\/fim-world-cup.jpg","type":"image\/jpeg"}],"author":"oliviere","twitter_card":"summary_large_image","twitter_misc":{"\u00c9crit par":"oliviere","Dur\u00e9e de lecture estim\u00e9e":"3 minutes"},"schema":{"@context":"https:\/\/schema.org","@graph":[{"@type":"Article","@id":"https:\/\/fr.motocrossmag.be\/index.php\/2018\/12\/voici-la-enduro-open-world-cup\/#article","isPartOf":{"@id":"https:\/\/fr.motocrossmag.be\/index.php\/2018\/12\/voici-la-enduro-open-world-cup\/"},"author":{"name":"oliviere","@id":"https:\/\/fr.motocrossmag.be\/#\/schema\/person\/11b47143d9f755babca2c9110e03235c"},"headline":"Voici la \u00ab\u00a0Enduro Open World Cup\u00a0\u00bb !","datePublished":"2018-12-15T12:17:08+00:00","dateModified":"2018-12-15T12:47:54+00:00","mainEntityOfPage":{"@id":"https:\/\/fr.motocrossmag.be\/index.php\/2018\/12\/voici-la-enduro-open-world-cup\/"},"wordCount":518,"commentCount":0,"image":{"@id":"https:\/\/fr.motocrossmag.be\/index.php\/2018\/12\/voici-la-enduro-open-world-cup\/#primaryimage"},"thumbnailUrl":"https:\/\/fr.motocrossmag.be\/wp-content\/uploads\/2018\/12\/fim-world-cup.jpg","articleSection":["Actualit\u00e9","Enduro","EnduroGP","News","News","Slideshow"],"inLanguage":"fr-FR","potentialAction":[{"@type":"CommentAction","name":"Comment","target":["https:\/\/fr.motocrossmag.be\/index.php\/2018\/12\/voici-la-enduro-open-world-cup\/#respond"]}]},{"@type":"WebPage","@id":"https:\/\/fr.motocrossmag.be\/index.php\/2018\/12\/voici-la-enduro-open-world-cup\/","url":"https:\/\/fr.motocrossmag.be\/index.php\/2018\/12\/voici-la-enduro-open-world-cup\/","name":"Voici la \"Enduro Open World Cup\" ! - Motocross - Enduro - Supermoto | MotocrossMag","isPartOf":{"@id":"https:\/\/fr.motocrossmag.be\/#website"},"primaryImageOfPage":{"@id":"https:\/\/fr.motocrossmag.be\/index.php\/2018\/12\/voici-la-enduro-open-world-cup\/#primaryimage"},"image":{"@id":"https:\/\/fr.motocrossmag.be\/index.php\/2018\/12\/voici-la-enduro-open-world-cup\/#primaryimage"},"thumbnailUrl":"https:\/\/fr.motocrossmag.be\/wp-content\/uploads\/2018\/12\/fim-world-cup.jpg","datePublished":"2018-12-15T12:17:08+00:00","dateModified":"2018-12-15T12:47:54+00:00","author":{"@id":"https:\/\/fr.motocrossmag.be\/#\/schema\/person\/11b47143d9f755babca2c9110e03235c"},"breadcrumb":{"@id":"https:\/\/fr.motocrossmag.be\/index.php\/2018\/12\/voici-la-enduro-open-world-cup\/#breadcrumb"},"inLanguage":"fr-FR","potentialAction":[{"@type":"ReadAction","target":["https:\/\/fr.motocrossmag.be\/index.php\/2018\/12\/voici-la-enduro-open-world-cup\/"]}]},{"@type":"ImageObject","inLanguage":"fr-FR","@id":"https:\/\/fr.motocrossmag.be\/index.php\/2018\/12\/voici-la-enduro-open-world-cup\/#primaryimage","url":"https:\/\/fr.motocrossmag.be\/wp-content\/uploads\/2018\/12\/fim-world-cup.jpg","contentUrl":"https:\/\/fr.motocrossmag.be\/wp-content\/uploads\/2018\/12\/fim-world-cup.jpg","width":650,"height":433},{"@type":"BreadcrumbList","@id":"https:\/\/fr.motocrossmag.be\/index.php\/2018\/12\/voici-la-enduro-open-world-cup\/#breadcrumb","itemListElement":[{"@type":"ListItem","position":1,"name":"Accueil","item":"https:\/\/fr.motocrossmag.be\/"},{"@type":"ListItem","position":2,"name":"Voici la \u00ab\u00a0Enduro Open World Cup\u00a0\u00bb !"}]},{"@type":"WebSite","@id":"https:\/\/fr.motocrossmag.be\/#website","url":"https:\/\/fr.motocrossmag.be\/","name":"Motocross - Enduro - Supermoto | MotocrossMag","description":"L&#039;actualit\u00e9 du motocross, de l&#039;enduro et du Supermoto en ligne!","potentialAction":[{"@type":"SearchAction","target":{"@type":"EntryPoint","urlTemplate":"https:\/\/fr.motocrossmag.be\/?s={search_term_string}"},"query-input":{"@type":"PropertyValueSpecification","valueRequired":true,"valueName":"search_term_string"}}],"inLanguage":"fr-FR"},{"@type":"Person","@id":"https:\/\/fr.motocrossmag.be\/#\/schema\/person\/11b47143d9f755babca2c9110e03235c","name":"oliviere","image":{"@type":"ImageObject","inLanguage":"fr-FR","@id":"https:\/\/secure.gravatar.com\/avatar\/907069e0b81d119452040469e4a7501da1100f54f7f80180ce77bfab718288f6?s=96&d=mm&r=g","url":"https:\/\/secure.gravatar.com\/avatar\/907069e0b81d119452040469e4a7501da1100f54f7f80180ce77bfab718288f6?s=96&d=mm&r=g","contentUrl":"https:\/\/secure.gravatar.com\/avatar\/907069e0b81d119452040469e4a7501da1100f54f7f80180ce77bfab718288f6?s=96&d=mm&r=g","caption":"oliviere"},"sameAs":["http:\/\/www.motocrossmag.be"],"url":"https:\/\/fr.motocrossmag.be\/index.php\/author\/oliviere\/"}]}},"_links":{"self":[{"href":"https:\/\/fr.motocrossmag.be\/index.php\/wp-json\/wp\/v2\/posts\/82670","targetHints":{"allow":["GET"]}}],"collection":[{"href":"https:\/\/fr.motocrossmag.be\/index.php\/wp-json\/wp\/v2\/posts"}],"about":[{"href":"https:\/\/fr.motocrossmag.be\/index.php\/wp-json\/wp\/v2\/types\/post"}],"author":[{"embeddable":true,"href":"https:\/\/fr.motocrossmag.be\/index.php\/wp-json\/wp\/v2\/users\/932"}],"replies":[{"embeddable":true,"href":"https:\/\/fr.motocrossmag.be\/index.php\/wp-json\/wp\/v2\/comments?post=82670"}],"version-history":[{"count":0,"href":"https:\/\/fr.motocrossmag.be\/index.php\/wp-json\/wp\/v2\/posts\/82670\/revisions"}],"wp:featuredmedia":[{"embeddable":true,"href":"https:\/\/fr.motocrossmag.be\/index.php\/wp-json\/wp\/v2\/media\/82671"}],"wp:attachment":[{"href":"https:\/\/fr.motocrossmag.be\/index.php\/wp-json\/wp\/v2\/media?parent=82670"}],"wp:term":[{"taxonomy":"category","embeddable":true,"href":"https:\/\/fr.motocrossmag.be\/index.php\/wp-json\/wp\/v2\/categories?post=82670"},{"taxonomy":"post_tag","embeddable":true,"href":"https:\/\/fr.motocrossmag.be\/index.php\/wp-json\/wp\/v2\/tags?post=82670"}],"curies":[{"name":"wp","href":"https:\/\/api.w.org\/{rel}","templated":true}]}}