{"id":82983,"date":"2019-01-06T07:40:49","date_gmt":"2019-01-06T06:40:49","guid":{"rendered":"https:\/\/fr.motocrossmag.be\/?p=82983"},"modified":"2019-01-06T10:58:43","modified_gmt":"2019-01-06T09:58:43","slug":"cody-webb-prend-la-tete-du-championnat-superenduro","status":"publish","type":"post","link":"https:\/\/fr.motocrossmag.be\/index.php\/2019\/01\/cody-webb-prend-la-tete-du-championnat-superenduro\/","title":{"rendered":"Cody Webb prend la t\u00eate du championnat Superenduro"},"content":{"rendered":"<p><strong>Riesa, en Allemagne, accueillait ce samedi le deuxi\u00e8me round du championnat Superenduro. Une soir\u00e9e marqu\u00e9e par l&rsquo;\u00e9clatante victoire de Cody Webb, l&rsquo;Am\u00e9ricain du clan KTM prenant par la m\u00eame occasion la plaque rouge de leader du classement provisoire devant son co\u00e9quipier Taddy Blazusiak. Mais aussi par la blessure d&rsquo;Alfredo Gomez. L&rsquo;Espagnol s&rsquo;est accroch\u00e9 avec son co\u00e9quipier chez Husqvarna Colton Haaker et s&rsquo;est malheureusement bless\u00e9 au bras gauche.<\/strong><\/p>\n<p>&nbsp;<\/p>\n<p><iframe class=\"lazyload\" src=\"data:image\/svg+xml,%3Csvg%20xmlns%3D%27http%3A%2F%2Fwww.w3.org%2F2000%2Fsvg%27%20width%3D%27650%27%20height%3D%27366%27%20viewBox%3D%270%200%20650%20366%27%3E%3Crect%20width%3D%27650%27%20height%3D%27366%27%20fill-opacity%3D%220%22%2F%3E%3C%2Fsvg%3E\" data-orig-src=\"https:\/\/www.youtube.com\/embed\/te8ygosOaw0\" width=\"650\" height=\"366\" frameborder=\"0\" allowfullscreen=\"allowfullscreen\"><\/iframe><\/p>\n<p>&nbsp;<\/p>\n<p><span style=\"color: #800000;\"><strong>R\u00e9sultats<\/strong><\/span><\/p>\n<p>MANCHE 1<\/p>\n<p>1. Cody WEBB ; 2. Taddy BLAZUSIAK ; 3. Colton HAAKER ; 4. Kevin GALLAS ; 5. Cristobal GUERRERO ; 6. Pol TARRES ; 7. David LEONOV ; 8. Jose Maria JUAN BERNABEU ; 9. Xavi LEON SOLE ; 10. Diogo VIEIRA\u2026<\/p>\n<p>MANCHE 2<\/p>\n<p>1. Cody WEBB ; 2. Colton HAAKER ; 3. Taddy BLAZUSIAK ; 4. Cristobal GUERRERO ; 5. Pol TARRES ; 6. Blake GUTZEIT ; 7. Kevin GALLAS ; 8. Emil JUSZCZAK ; 9. Xavi LEON SOLE ; 10. Diogo VIEIRA\u2026<\/p>\n<p>MANCHE 3<\/p>\n<p>1. Taddy BLAZUSIAK ; 2. Colton HAAKER ; 3. Cody WEBB ; 4. Pol TARRES ; 5. Cristobal GUERRERO ; 6. Kevin GALLAS ; 7. Emil JUSZCZAK ; 8. Blake GUTZEIT ; 9. Diogo VIEIRA ; 10. Xavi LEON SOLE\u2026<\/p>\n<p>CLASSEMENT PROVISOIRE<\/p>\n<p>1. Cody WEBB 109pts ; 2. Taddy BLAZUSIAK 107pts ; 3. Colton HAAKER 101pts ; 4. Kevin GALLAS 58pts ; 5. Pol TARRES 56pts. 6. Alfredo GOMEZ 46pts ; 7. Diogo VIEIRA 43pts ; 8. Blake GUTZEIT 41pts ; 9. Cristobal GUERRERO 35pts ; 10. Xavi LEON SOLE 31pts\u2026<\/p>\n","protected":false},"excerpt":{"rendered":"<p>Riesa, en Allemagne, accueillait ce samedi le deuxi\u00e8me round du championnat Superenduro. Une soir\u00e9e marqu\u00e9e par l&rsquo;\u00e9clatante victoire de Cody Webb, l&rsquo;Am\u00e9ricain du clan KTM prenant par la m\u00eame occasion [&#8230;]<\/p>\n","protected":false},"author":932,"featured_media":82984,"comment_status":"open","ping_status":"closed","sticky":false,"template":"","format":"standard","meta":{"footnotes":""},"categories":[54,32,33,55,65,62],"tags":[],"class_list":["post-82983","post","type-post","status-publish","format-standard","has-post-thumbnail","hentry","category-actualite","category-enduro","category-news-enduro","category-news-actualite","category-slideshow","category-video"],"yoast_head":"<!-- This site is optimized with the Yoast SEO plugin v27.4 - https:\/\/yoast.com\/product\/yoast-seo-wordpress\/ -->\n<title>Cody Webb prend la t\u00eate du championnat Superenduro - Motocross - Enduro - Supermoto | MotocrossMag<\/title>\n<meta name=\"robots\" content=\"index, follow, max-snippet:-1, max-image-preview:large, max-video-preview:-1\" \/>\n<link rel=\"canonical\" href=\"https:\/\/fr.motocrossmag.be\/index.php\/2019\/01\/cody-webb-prend-la-tete-du-championnat-superenduro\/\" \/>\n<meta property=\"og:locale\" content=\"fr_FR\" \/>\n<meta property=\"og:type\" content=\"article\" \/>\n<meta property=\"og:title\" content=\"Cody Webb prend la t\u00eate du championnat Superenduro - Motocross - Enduro - Supermoto | MotocrossMag\" \/>\n<meta property=\"og:description\" content=\"Riesa, en Allemagne, accueillait ce samedi le deuxi\u00e8me round du championnat Superenduro. Une soir\u00e9e marqu\u00e9e par l&rsquo;\u00e9clatante victoire de Cody Webb, l&rsquo;Am\u00e9ricain du clan KTM prenant par la m\u00eame occasion [...]\" \/>\n<meta property=\"og:url\" content=\"https:\/\/fr.motocrossmag.be\/index.php\/2019\/01\/cody-webb-prend-la-tete-du-championnat-superenduro\/\" \/>\n<meta property=\"og:site_name\" content=\"Motocross - Enduro - Supermoto | MotocrossMag\" \/>\n<meta property=\"article:published_time\" content=\"2019-01-06T06:40:49+00:00\" \/>\n<meta property=\"article:modified_time\" content=\"2019-01-06T09:58:43+00:00\" \/>\n<meta property=\"og:image\" content=\"https:\/\/fr.motocrossmag.be\/wp-content\/uploads\/2019\/01\/webb-superenduro.jpg\" \/>\n\t<meta property=\"og:image:width\" content=\"1200\" \/>\n\t<meta property=\"og:image:height\" content=\"800\" \/>\n\t<meta property=\"og:image:type\" content=\"image\/jpeg\" \/>\n<meta name=\"author\" content=\"oliviere\" \/>\n<meta name=\"twitter:card\" content=\"summary_large_image\" \/>\n<meta name=\"twitter:label1\" content=\"\u00c9crit par\" \/>\n\t<meta name=\"twitter:data1\" content=\"oliviere\" \/>\n\t<meta name=\"twitter:label2\" content=\"Dur\u00e9e de lecture estim\u00e9e\" \/>\n\t<meta name=\"twitter:data2\" content=\"1 minute\" \/>\n<script type=\"application\/ld+json\" class=\"yoast-schema-graph\">{\"@context\":\"https:\\\/\\\/schema.org\",\"@graph\":[{\"@type\":\"Article\",\"@id\":\"https:\\\/\\\/fr.motocrossmag.be\\\/index.php\\\/2019\\\/01\\\/cody-webb-prend-la-tete-du-championnat-superenduro\\\/#article\",\"isPartOf\":{\"@id\":\"https:\\\/\\\/fr.motocrossmag.be\\\/index.php\\\/2019\\\/01\\\/cody-webb-prend-la-tete-du-championnat-superenduro\\\/\"},\"author\":{\"name\":\"oliviere\",\"@id\":\"https:\\\/\\\/fr.motocrossmag.be\\\/#\\\/schema\\\/person\\\/11b47143d9f755babca2c9110e03235c\"},\"headline\":\"Cody Webb prend la t\u00eate du championnat Superenduro\",\"datePublished\":\"2019-01-06T06:40:49+00:00\",\"dateModified\":\"2019-01-06T09:58:43+00:00\",\"mainEntityOfPage\":{\"@id\":\"https:\\\/\\\/fr.motocrossmag.be\\\/index.php\\\/2019\\\/01\\\/cody-webb-prend-la-tete-du-championnat-superenduro\\\/\"},\"wordCount\":194,\"commentCount\":0,\"image\":{\"@id\":\"https:\\\/\\\/fr.motocrossmag.be\\\/index.php\\\/2019\\\/01\\\/cody-webb-prend-la-tete-du-championnat-superenduro\\\/#primaryimage\"},\"thumbnailUrl\":\"https:\\\/\\\/fr.motocrossmag.be\\\/wp-content\\\/uploads\\\/2019\\\/01\\\/webb-superenduro.jpg\",\"articleSection\":[\"Actualit\u00e9\",\"Enduro\",\"News\",\"News\",\"Slideshow\",\"Videos\"],\"inLanguage\":\"fr-FR\",\"potentialAction\":[{\"@type\":\"CommentAction\",\"name\":\"Comment\",\"target\":[\"https:\\\/\\\/fr.motocrossmag.be\\\/index.php\\\/2019\\\/01\\\/cody-webb-prend-la-tete-du-championnat-superenduro\\\/#respond\"]}]},{\"@type\":\"WebPage\",\"@id\":\"https:\\\/\\\/fr.motocrossmag.be\\\/index.php\\\/2019\\\/01\\\/cody-webb-prend-la-tete-du-championnat-superenduro\\\/\",\"url\":\"https:\\\/\\\/fr.motocrossmag.be\\\/index.php\\\/2019\\\/01\\\/cody-webb-prend-la-tete-du-championnat-superenduro\\\/\",\"name\":\"Cody Webb prend la t\u00eate du championnat Superenduro - Motocross - Enduro - Supermoto | MotocrossMag\",\"isPartOf\":{\"@id\":\"https:\\\/\\\/fr.motocrossmag.be\\\/#website\"},\"primaryImageOfPage\":{\"@id\":\"https:\\\/\\\/fr.motocrossmag.be\\\/index.php\\\/2019\\\/01\\\/cody-webb-prend-la-tete-du-championnat-superenduro\\\/#primaryimage\"},\"image\":{\"@id\":\"https:\\\/\\\/fr.motocrossmag.be\\\/index.php\\\/2019\\\/01\\\/cody-webb-prend-la-tete-du-championnat-superenduro\\\/#primaryimage\"},\"thumbnailUrl\":\"https:\\\/\\\/fr.motocrossmag.be\\\/wp-content\\\/uploads\\\/2019\\\/01\\\/webb-superenduro.jpg\",\"datePublished\":\"2019-01-06T06:40:49+00:00\",\"dateModified\":\"2019-01-06T09:58:43+00:00\",\"author\":{\"@id\":\"https:\\\/\\\/fr.motocrossmag.be\\\/#\\\/schema\\\/person\\\/11b47143d9f755babca2c9110e03235c\"},\"breadcrumb\":{\"@id\":\"https:\\\/\\\/fr.motocrossmag.be\\\/index.php\\\/2019\\\/01\\\/cody-webb-prend-la-tete-du-championnat-superenduro\\\/#breadcrumb\"},\"inLanguage\":\"fr-FR\",\"potentialAction\":[{\"@type\":\"ReadAction\",\"target\":[\"https:\\\/\\\/fr.motocrossmag.be\\\/index.php\\\/2019\\\/01\\\/cody-webb-prend-la-tete-du-championnat-superenduro\\\/\"]}]},{\"@type\":\"ImageObject\",\"inLanguage\":\"fr-FR\",\"@id\":\"https:\\\/\\\/fr.motocrossmag.be\\\/index.php\\\/2019\\\/01\\\/cody-webb-prend-la-tete-du-championnat-superenduro\\\/#primaryimage\",\"url\":\"https:\\\/\\\/fr.motocrossmag.be\\\/wp-content\\\/uploads\\\/2019\\\/01\\\/webb-superenduro.jpg\",\"contentUrl\":\"https:\\\/\\\/fr.motocrossmag.be\\\/wp-content\\\/uploads\\\/2019\\\/01\\\/webb-superenduro.jpg\",\"width\":1200,\"height\":800},{\"@type\":\"BreadcrumbList\",\"@id\":\"https:\\\/\\\/fr.motocrossmag.be\\\/index.php\\\/2019\\\/01\\\/cody-webb-prend-la-tete-du-championnat-superenduro\\\/#breadcrumb\",\"itemListElement\":[{\"@type\":\"ListItem\",\"position\":1,\"name\":\"Accueil\",\"item\":\"https:\\\/\\\/fr.motocrossmag.be\\\/\"},{\"@type\":\"ListItem\",\"position\":2,\"name\":\"Cody Webb prend la t\u00eate du championnat Superenduro\"}]},{\"@type\":\"WebSite\",\"@id\":\"https:\\\/\\\/fr.motocrossmag.be\\\/#website\",\"url\":\"https:\\\/\\\/fr.motocrossmag.be\\\/\",\"name\":\"Motocross - Enduro - Supermoto | MotocrossMag\",\"description\":\"L&#039;actualit\u00e9 du motocross, de l&#039;enduro et du Supermoto en ligne!\",\"potentialAction\":[{\"@type\":\"SearchAction\",\"target\":{\"@type\":\"EntryPoint\",\"urlTemplate\":\"https:\\\/\\\/fr.motocrossmag.be\\\/?s={search_term_string}\"},\"query-input\":{\"@type\":\"PropertyValueSpecification\",\"valueRequired\":true,\"valueName\":\"search_term_string\"}}],\"inLanguage\":\"fr-FR\"},{\"@type\":\"Person\",\"@id\":\"https:\\\/\\\/fr.motocrossmag.be\\\/#\\\/schema\\\/person\\\/11b47143d9f755babca2c9110e03235c\",\"name\":\"oliviere\",\"image\":{\"@type\":\"ImageObject\",\"inLanguage\":\"fr-FR\",\"@id\":\"https:\\\/\\\/secure.gravatar.com\\\/avatar\\\/907069e0b81d119452040469e4a7501da1100f54f7f80180ce77bfab718288f6?s=96&d=mm&r=g\",\"url\":\"https:\\\/\\\/secure.gravatar.com\\\/avatar\\\/907069e0b81d119452040469e4a7501da1100f54f7f80180ce77bfab718288f6?s=96&d=mm&r=g\",\"contentUrl\":\"https:\\\/\\\/secure.gravatar.com\\\/avatar\\\/907069e0b81d119452040469e4a7501da1100f54f7f80180ce77bfab718288f6?s=96&d=mm&r=g\",\"caption\":\"oliviere\"},\"sameAs\":[\"http:\\\/\\\/www.motocrossmag.be\"],\"url\":\"https:\\\/\\\/fr.motocrossmag.be\\\/index.php\\\/author\\\/oliviere\\\/\"}]}<\/script>\n<!-- \/ Yoast SEO plugin. -->","yoast_head_json":{"title":"Cody Webb prend la t\u00eate du championnat Superenduro - Motocross - Enduro - Supermoto | MotocrossMag","robots":{"index":"index","follow":"follow","max-snippet":"max-snippet:-1","max-image-preview":"max-image-preview:large","max-video-preview":"max-video-preview:-1"},"canonical":"https:\/\/fr.motocrossmag.be\/index.php\/2019\/01\/cody-webb-prend-la-tete-du-championnat-superenduro\/","og_locale":"fr_FR","og_type":"article","og_title":"Cody Webb prend la t\u00eate du championnat Superenduro - Motocross - Enduro - Supermoto | MotocrossMag","og_description":"Riesa, en Allemagne, accueillait ce samedi le deuxi\u00e8me round du championnat Superenduro. Une soir\u00e9e marqu\u00e9e par l&rsquo;\u00e9clatante victoire de Cody Webb, l&rsquo;Am\u00e9ricain du clan KTM prenant par la m\u00eame occasion [...]","og_url":"https:\/\/fr.motocrossmag.be\/index.php\/2019\/01\/cody-webb-prend-la-tete-du-championnat-superenduro\/","og_site_name":"Motocross - Enduro - Supermoto | MotocrossMag","article_published_time":"2019-01-06T06:40:49+00:00","article_modified_time":"2019-01-06T09:58:43+00:00","og_image":[{"width":1200,"height":800,"url":"https:\/\/fr.motocrossmag.be\/wp-content\/uploads\/2019\/01\/webb-superenduro.jpg","type":"image\/jpeg"}],"author":"oliviere","twitter_card":"summary_large_image","twitter_misc":{"\u00c9crit par":"oliviere","Dur\u00e9e de lecture estim\u00e9e":"1 minute"},"schema":{"@context":"https:\/\/schema.org","@graph":[{"@type":"Article","@id":"https:\/\/fr.motocrossmag.be\/index.php\/2019\/01\/cody-webb-prend-la-tete-du-championnat-superenduro\/#article","isPartOf":{"@id":"https:\/\/fr.motocrossmag.be\/index.php\/2019\/01\/cody-webb-prend-la-tete-du-championnat-superenduro\/"},"author":{"name":"oliviere","@id":"https:\/\/fr.motocrossmag.be\/#\/schema\/person\/11b47143d9f755babca2c9110e03235c"},"headline":"Cody Webb prend la t\u00eate du championnat Superenduro","datePublished":"2019-01-06T06:40:49+00:00","dateModified":"2019-01-06T09:58:43+00:00","mainEntityOfPage":{"@id":"https:\/\/fr.motocrossmag.be\/index.php\/2019\/01\/cody-webb-prend-la-tete-du-championnat-superenduro\/"},"wordCount":194,"commentCount":0,"image":{"@id":"https:\/\/fr.motocrossmag.be\/index.php\/2019\/01\/cody-webb-prend-la-tete-du-championnat-superenduro\/#primaryimage"},"thumbnailUrl":"https:\/\/fr.motocrossmag.be\/wp-content\/uploads\/2019\/01\/webb-superenduro.jpg","articleSection":["Actualit\u00e9","Enduro","News","News","Slideshow","Videos"],"inLanguage":"fr-FR","potentialAction":[{"@type":"CommentAction","name":"Comment","target":["https:\/\/fr.motocrossmag.be\/index.php\/2019\/01\/cody-webb-prend-la-tete-du-championnat-superenduro\/#respond"]}]},{"@type":"WebPage","@id":"https:\/\/fr.motocrossmag.be\/index.php\/2019\/01\/cody-webb-prend-la-tete-du-championnat-superenduro\/","url":"https:\/\/fr.motocrossmag.be\/index.php\/2019\/01\/cody-webb-prend-la-tete-du-championnat-superenduro\/","name":"Cody Webb prend la t\u00eate du championnat Superenduro - Motocross - Enduro - Supermoto | MotocrossMag","isPartOf":{"@id":"https:\/\/fr.motocrossmag.be\/#website"},"primaryImageOfPage":{"@id":"https:\/\/fr.motocrossmag.be\/index.php\/2019\/01\/cody-webb-prend-la-tete-du-championnat-superenduro\/#primaryimage"},"image":{"@id":"https:\/\/fr.motocrossmag.be\/index.php\/2019\/01\/cody-webb-prend-la-tete-du-championnat-superenduro\/#primaryimage"},"thumbnailUrl":"https:\/\/fr.motocrossmag.be\/wp-content\/uploads\/2019\/01\/webb-superenduro.jpg","datePublished":"2019-01-06T06:40:49+00:00","dateModified":"2019-01-06T09:58:43+00:00","author":{"@id":"https:\/\/fr.motocrossmag.be\/#\/schema\/person\/11b47143d9f755babca2c9110e03235c"},"breadcrumb":{"@id":"https:\/\/fr.motocrossmag.be\/index.php\/2019\/01\/cody-webb-prend-la-tete-du-championnat-superenduro\/#breadcrumb"},"inLanguage":"fr-FR","potentialAction":[{"@type":"ReadAction","target":["https:\/\/fr.motocrossmag.be\/index.php\/2019\/01\/cody-webb-prend-la-tete-du-championnat-superenduro\/"]}]},{"@type":"ImageObject","inLanguage":"fr-FR","@id":"https:\/\/fr.motocrossmag.be\/index.php\/2019\/01\/cody-webb-prend-la-tete-du-championnat-superenduro\/#primaryimage","url":"https:\/\/fr.motocrossmag.be\/wp-content\/uploads\/2019\/01\/webb-superenduro.jpg","contentUrl":"https:\/\/fr.motocrossmag.be\/wp-content\/uploads\/2019\/01\/webb-superenduro.jpg","width":1200,"height":800},{"@type":"BreadcrumbList","@id":"https:\/\/fr.motocrossmag.be\/index.php\/2019\/01\/cody-webb-prend-la-tete-du-championnat-superenduro\/#breadcrumb","itemListElement":[{"@type":"ListItem","position":1,"name":"Accueil","item":"https:\/\/fr.motocrossmag.be\/"},{"@type":"ListItem","position":2,"name":"Cody Webb prend la t\u00eate du championnat Superenduro"}]},{"@type":"WebSite","@id":"https:\/\/fr.motocrossmag.be\/#website","url":"https:\/\/fr.motocrossmag.be\/","name":"Motocross - Enduro - Supermoto | MotocrossMag","description":"L&#039;actualit\u00e9 du motocross, de l&#039;enduro et du Supermoto en ligne!","potentialAction":[{"@type":"SearchAction","target":{"@type":"EntryPoint","urlTemplate":"https:\/\/fr.motocrossmag.be\/?s={search_term_string}"},"query-input":{"@type":"PropertyValueSpecification","valueRequired":true,"valueName":"search_term_string"}}],"inLanguage":"fr-FR"},{"@type":"Person","@id":"https:\/\/fr.motocrossmag.be\/#\/schema\/person\/11b47143d9f755babca2c9110e03235c","name":"oliviere","image":{"@type":"ImageObject","inLanguage":"fr-FR","@id":"https:\/\/secure.gravatar.com\/avatar\/907069e0b81d119452040469e4a7501da1100f54f7f80180ce77bfab718288f6?s=96&d=mm&r=g","url":"https:\/\/secure.gravatar.com\/avatar\/907069e0b81d119452040469e4a7501da1100f54f7f80180ce77bfab718288f6?s=96&d=mm&r=g","contentUrl":"https:\/\/secure.gravatar.com\/avatar\/907069e0b81d119452040469e4a7501da1100f54f7f80180ce77bfab718288f6?s=96&d=mm&r=g","caption":"oliviere"},"sameAs":["http:\/\/www.motocrossmag.be"],"url":"https:\/\/fr.motocrossmag.be\/index.php\/author\/oliviere\/"}]}},"_links":{"self":[{"href":"https:\/\/fr.motocrossmag.be\/index.php\/wp-json\/wp\/v2\/posts\/82983","targetHints":{"allow":["GET"]}}],"collection":[{"href":"https:\/\/fr.motocrossmag.be\/index.php\/wp-json\/wp\/v2\/posts"}],"about":[{"href":"https:\/\/fr.motocrossmag.be\/index.php\/wp-json\/wp\/v2\/types\/post"}],"author":[{"embeddable":true,"href":"https:\/\/fr.motocrossmag.be\/index.php\/wp-json\/wp\/v2\/users\/932"}],"replies":[{"embeddable":true,"href":"https:\/\/fr.motocrossmag.be\/index.php\/wp-json\/wp\/v2\/comments?post=82983"}],"version-history":[{"count":0,"href":"https:\/\/fr.motocrossmag.be\/index.php\/wp-json\/wp\/v2\/posts\/82983\/revisions"}],"wp:featuredmedia":[{"embeddable":true,"href":"https:\/\/fr.motocrossmag.be\/index.php\/wp-json\/wp\/v2\/media\/82984"}],"wp:attachment":[{"href":"https:\/\/fr.motocrossmag.be\/index.php\/wp-json\/wp\/v2\/media?parent=82983"}],"wp:term":[{"taxonomy":"category","embeddable":true,"href":"https:\/\/fr.motocrossmag.be\/index.php\/wp-json\/wp\/v2\/categories?post=82983"},{"taxonomy":"post_tag","embeddable":true,"href":"https:\/\/fr.motocrossmag.be\/index.php\/wp-json\/wp\/v2\/tags?post=82983"}],"curies":[{"name":"wp","href":"https:\/\/api.w.org\/{rel}","templated":true}]}}