{"id":83113,"date":"2019-01-18T12:26:18","date_gmt":"2019-01-18T11:26:18","guid":{"rendered":"https:\/\/fr.motocrossmag.be\/?p=83113"},"modified":"2019-01-18T12:26:18","modified_gmt":"2019-01-18T11:26:18","slug":"trefle-lozerien-la-course-aux-inscriptions-sera-lancee-le-26-janvier","status":"publish","type":"post","link":"https:\/\/fr.motocrossmag.be\/index.php\/2019\/01\/trefle-lozerien-la-course-aux-inscriptions-sera-lancee-le-26-janvier\/","title":{"rendered":"Tr\u00e8fle Loz\u00e9rien : la course aux inscriptions sera lanc\u00e9e le 26 janvier !"},"content":{"rendered":"<p><strong>Les inscriptions pour le 33\u00e8 Tr\u00e8fle Loz\u00e9rien ouvriront samedi 26 janvier 2019 \u00e0 23h00. L\u2019an dernier, les 320 places mises \u00e0 disposition ont \u00e9t\u00e9 attribu\u00e9es en 4 minutes.<\/strong><\/p>\n<p>L\u2019\u00e9preuve qui se d\u00e9roulera les 17, 18, 19 mai 2019 au d\u00e9part de Mende, r\u00e9unira l\u2019\u00e9lite mondiale de l\u2019enduro et quelque 600 anonymes. Seuls les 350 premiers inscrits sur le site internet www.trefle-lozerien-amv.com seront consid\u00e9r\u00e9s comme pr\u00e9-engag\u00e9s. Ils devront ensuite suivre la proc\u00e9dure qui leur sera envoy\u00e9e par mail pour valider leurs inscriptions et s\u2019acquitter de la somme de 360 euros pour l\u2019engagement \u00e0 l\u2019\u00e9preuve.<\/p>\n<p>Les 250 places restantes, sont g\u00e9r\u00e9es \u00e0 la discr\u00e9tion du MCL, r\u00e9serv\u00e9es aux pilotes internationaux, pilotes de notori\u00e9t\u00e9, partenaires et journalistes.<\/p>\n<p>Depuis 2018, le Tr\u00e8fle Loz\u00e9rien AMV fait partie d&rsquo;une toute nouvelle s\u00e9rie de courses internationales, le WESS (World Enduro Super Series). Le WESS regroupe 8 \u00e9preuves \u00e0 travers le monde, 8 courses repr\u00e9sentatives de l&rsquo;enduro moderne (Extr\u00eame, Enduro Classic, cross country, course sur sable), des \u00e9preuves de notori\u00e9t\u00e9 reconnues pour la qualit\u00e9 de leur organisation.<\/p>\n<p><span style=\"color: #ff0000;\"><strong>Fiche Technique<\/strong><\/span><\/p>\n<p><strong>Description<\/strong><br \/>\n\u2022\u00a0 600 pilotes<br \/>\n\u2022\u00a0 3 boucles en forme de Tr\u00e8fle de Mende \u00e0 Mende<br \/>\n\u2022\u00a0 200 km par jour, 15 sp\u00e9ciales de tous types : banderol\u00e9es, lignes, en groupe<br \/>\n\u2022\u00a0 Une \u00e9preuve inscrite dans une d\u00e9marche de d\u00e9veloppement durable<br \/>\n\u2022\u00a0 Les vid\u00e9os de l&rsquo;\u00e9dition 2017 comptabilisent 600 000 vues. En 2018, Red Bull TV<br \/>\na\u00a0 diffus\u00e9 des vid\u00e9os quotidiennes et un 25 mn.<br \/>\n\u2022\u00a0 22 000 \u20ac de primes sont revers\u00e9es aux pilotes<\/p>\n<p><strong>Parcours<\/strong><br \/>\n\u2022\u00a0 Jeudi 16 mai 2019 : v\u00e9rifications administratives et techniques<br \/>\n\u2022\u00a0 Vendredi 17 mai 2019 : circuit des Gorges du Tarn<br \/>\n\u2022\u00a0 Samedi 18 mai 2019 : circuit de la Margeride<br \/>\n\u2022\u00a0 Dimanche 19 mai 2019 : circuit des contreforts de l&rsquo;Aubrac<\/p>\n<p>A noter cette ann\u00e9e, le retour de la descente du Ch\u00e2teau de la Caze, un passage vers le lac de Villefort, une piste offrant une vue exceptionnelle sur les c\u00e9vennes au dessus de Pied de Borne et un d\u00e9tour par la \u00ab\u00a0vall\u00e9e de l&rsquo;enfer\u00a0\u00bb.<\/p>\n","protected":false},"excerpt":{"rendered":"<p>Les inscriptions pour le 33\u00e8 Tr\u00e8fle Loz\u00e9rien ouvriront samedi 26 janvier 2019 \u00e0 23h00. L\u2019an dernier, les 320 places mises \u00e0 disposition ont \u00e9t\u00e9 attribu\u00e9es en 4 minutes. L\u2019\u00e9preuve qui [&#8230;]<\/p>\n","protected":false},"author":932,"featured_media":74481,"comment_status":"open","ping_status":"closed","sticky":false,"template":"","format":"standard","meta":{"footnotes":""},"categories":[54,32,33,55,65,1095],"tags":[],"class_list":["post-83113","post","type-post","status-publish","format-standard","has-post-thumbnail","hentry","category-actualite","category-enduro","category-news-enduro","category-news-actualite","category-slideshow","category-wess"],"yoast_head":"<!-- This site is optimized with the Yoast SEO plugin v27.4 - https:\/\/yoast.com\/product\/yoast-seo-wordpress\/ -->\n<title>Tr\u00e8fle Loz\u00e9rien : la course aux inscriptions sera lanc\u00e9e le 26 janvier ! - Motocross - Enduro - Supermoto | MotocrossMag<\/title>\n<meta name=\"robots\" content=\"index, follow, max-snippet:-1, max-image-preview:large, max-video-preview:-1\" \/>\n<link rel=\"canonical\" href=\"https:\/\/fr.motocrossmag.be\/index.php\/2019\/01\/trefle-lozerien-la-course-aux-inscriptions-sera-lancee-le-26-janvier\/\" \/>\n<meta property=\"og:locale\" content=\"fr_FR\" \/>\n<meta property=\"og:type\" content=\"article\" \/>\n<meta property=\"og:title\" content=\"Tr\u00e8fle Loz\u00e9rien : la course aux inscriptions sera lanc\u00e9e le 26 janvier ! - Motocross - Enduro - Supermoto | MotocrossMag\" \/>\n<meta property=\"og:description\" content=\"Les inscriptions pour le 33\u00e8 Tr\u00e8fle Loz\u00e9rien ouvriront samedi 26 janvier 2019 \u00e0 23h00. L\u2019an dernier, les 320 places mises \u00e0 disposition ont \u00e9t\u00e9 attribu\u00e9es en 4 minutes. L\u2019\u00e9preuve qui [...]\" \/>\n<meta property=\"og:url\" content=\"https:\/\/fr.motocrossmag.be\/index.php\/2019\/01\/trefle-lozerien-la-course-aux-inscriptions-sera-lancee-le-26-janvier\/\" \/>\n<meta property=\"og:site_name\" content=\"Motocross - Enduro - Supermoto | MotocrossMag\" \/>\n<meta property=\"article:published_time\" content=\"2019-01-18T11:26:18+00:00\" \/>\n<meta property=\"og:image\" content=\"https:\/\/fr.motocrossmag.be\/wp-content\/uploads\/2018\/06\/trefle-lozerien-IMG_5685.jpg\" \/>\n\t<meta property=\"og:image:width\" content=\"1350\" \/>\n\t<meta property=\"og:image:height\" content=\"900\" \/>\n\t<meta property=\"og:image:type\" content=\"image\/jpeg\" \/>\n<meta name=\"author\" content=\"oliviere\" \/>\n<meta name=\"twitter:card\" content=\"summary_large_image\" \/>\n<meta name=\"twitter:label1\" content=\"\u00c9crit par\" \/>\n\t<meta name=\"twitter:data1\" content=\"oliviere\" \/>\n\t<meta name=\"twitter:label2\" content=\"Dur\u00e9e de lecture estim\u00e9e\" \/>\n\t<meta name=\"twitter:data2\" content=\"2 minutes\" \/>\n<script type=\"application\/ld+json\" class=\"yoast-schema-graph\">{\"@context\":\"https:\\\/\\\/schema.org\",\"@graph\":[{\"@type\":\"Article\",\"@id\":\"https:\\\/\\\/fr.motocrossmag.be\\\/index.php\\\/2019\\\/01\\\/trefle-lozerien-la-course-aux-inscriptions-sera-lancee-le-26-janvier\\\/#article\",\"isPartOf\":{\"@id\":\"https:\\\/\\\/fr.motocrossmag.be\\\/index.php\\\/2019\\\/01\\\/trefle-lozerien-la-course-aux-inscriptions-sera-lancee-le-26-janvier\\\/\"},\"author\":{\"name\":\"oliviere\",\"@id\":\"https:\\\/\\\/fr.motocrossmag.be\\\/#\\\/schema\\\/person\\\/11b47143d9f755babca2c9110e03235c\"},\"headline\":\"Tr\u00e8fle Loz\u00e9rien : la course aux inscriptions sera lanc\u00e9e le 26 janvier !\",\"datePublished\":\"2019-01-18T11:26:18+00:00\",\"mainEntityOfPage\":{\"@id\":\"https:\\\/\\\/fr.motocrossmag.be\\\/index.php\\\/2019\\\/01\\\/trefle-lozerien-la-course-aux-inscriptions-sera-lancee-le-26-janvier\\\/\"},\"wordCount\":340,\"commentCount\":0,\"image\":{\"@id\":\"https:\\\/\\\/fr.motocrossmag.be\\\/index.php\\\/2019\\\/01\\\/trefle-lozerien-la-course-aux-inscriptions-sera-lancee-le-26-janvier\\\/#primaryimage\"},\"thumbnailUrl\":\"https:\\\/\\\/fr.motocrossmag.be\\\/wp-content\\\/uploads\\\/2018\\\/06\\\/trefle-lozerien-IMG_5685.jpg\",\"articleSection\":[\"Actualit\u00e9\",\"Enduro\",\"News\",\"News\",\"Slideshow\",\"WESS\"],\"inLanguage\":\"fr-FR\",\"potentialAction\":[{\"@type\":\"CommentAction\",\"name\":\"Comment\",\"target\":[\"https:\\\/\\\/fr.motocrossmag.be\\\/index.php\\\/2019\\\/01\\\/trefle-lozerien-la-course-aux-inscriptions-sera-lancee-le-26-janvier\\\/#respond\"]}]},{\"@type\":\"WebPage\",\"@id\":\"https:\\\/\\\/fr.motocrossmag.be\\\/index.php\\\/2019\\\/01\\\/trefle-lozerien-la-course-aux-inscriptions-sera-lancee-le-26-janvier\\\/\",\"url\":\"https:\\\/\\\/fr.motocrossmag.be\\\/index.php\\\/2019\\\/01\\\/trefle-lozerien-la-course-aux-inscriptions-sera-lancee-le-26-janvier\\\/\",\"name\":\"Tr\u00e8fle Loz\u00e9rien : la course aux inscriptions sera lanc\u00e9e le 26 janvier ! - Motocross - Enduro - Supermoto | MotocrossMag\",\"isPartOf\":{\"@id\":\"https:\\\/\\\/fr.motocrossmag.be\\\/#website\"},\"primaryImageOfPage\":{\"@id\":\"https:\\\/\\\/fr.motocrossmag.be\\\/index.php\\\/2019\\\/01\\\/trefle-lozerien-la-course-aux-inscriptions-sera-lancee-le-26-janvier\\\/#primaryimage\"},\"image\":{\"@id\":\"https:\\\/\\\/fr.motocrossmag.be\\\/index.php\\\/2019\\\/01\\\/trefle-lozerien-la-course-aux-inscriptions-sera-lancee-le-26-janvier\\\/#primaryimage\"},\"thumbnailUrl\":\"https:\\\/\\\/fr.motocrossmag.be\\\/wp-content\\\/uploads\\\/2018\\\/06\\\/trefle-lozerien-IMG_5685.jpg\",\"datePublished\":\"2019-01-18T11:26:18+00:00\",\"author\":{\"@id\":\"https:\\\/\\\/fr.motocrossmag.be\\\/#\\\/schema\\\/person\\\/11b47143d9f755babca2c9110e03235c\"},\"breadcrumb\":{\"@id\":\"https:\\\/\\\/fr.motocrossmag.be\\\/index.php\\\/2019\\\/01\\\/trefle-lozerien-la-course-aux-inscriptions-sera-lancee-le-26-janvier\\\/#breadcrumb\"},\"inLanguage\":\"fr-FR\",\"potentialAction\":[{\"@type\":\"ReadAction\",\"target\":[\"https:\\\/\\\/fr.motocrossmag.be\\\/index.php\\\/2019\\\/01\\\/trefle-lozerien-la-course-aux-inscriptions-sera-lancee-le-26-janvier\\\/\"]}]},{\"@type\":\"ImageObject\",\"inLanguage\":\"fr-FR\",\"@id\":\"https:\\\/\\\/fr.motocrossmag.be\\\/index.php\\\/2019\\\/01\\\/trefle-lozerien-la-course-aux-inscriptions-sera-lancee-le-26-janvier\\\/#primaryimage\",\"url\":\"https:\\\/\\\/fr.motocrossmag.be\\\/wp-content\\\/uploads\\\/2018\\\/06\\\/trefle-lozerien-IMG_5685.jpg\",\"contentUrl\":\"https:\\\/\\\/fr.motocrossmag.be\\\/wp-content\\\/uploads\\\/2018\\\/06\\\/trefle-lozerien-IMG_5685.jpg\",\"width\":1350,\"height\":900},{\"@type\":\"BreadcrumbList\",\"@id\":\"https:\\\/\\\/fr.motocrossmag.be\\\/index.php\\\/2019\\\/01\\\/trefle-lozerien-la-course-aux-inscriptions-sera-lancee-le-26-janvier\\\/#breadcrumb\",\"itemListElement\":[{\"@type\":\"ListItem\",\"position\":1,\"name\":\"Accueil\",\"item\":\"https:\\\/\\\/fr.motocrossmag.be\\\/\"},{\"@type\":\"ListItem\",\"position\":2,\"name\":\"Tr\u00e8fle Loz\u00e9rien : la course aux inscriptions sera lanc\u00e9e le 26 janvier !\"}]},{\"@type\":\"WebSite\",\"@id\":\"https:\\\/\\\/fr.motocrossmag.be\\\/#website\",\"url\":\"https:\\\/\\\/fr.motocrossmag.be\\\/\",\"name\":\"Motocross - Enduro - Supermoto | MotocrossMag\",\"description\":\"L&#039;actualit\u00e9 du motocross, de l&#039;enduro et du Supermoto en ligne!\",\"potentialAction\":[{\"@type\":\"SearchAction\",\"target\":{\"@type\":\"EntryPoint\",\"urlTemplate\":\"https:\\\/\\\/fr.motocrossmag.be\\\/?s={search_term_string}\"},\"query-input\":{\"@type\":\"PropertyValueSpecification\",\"valueRequired\":true,\"valueName\":\"search_term_string\"}}],\"inLanguage\":\"fr-FR\"},{\"@type\":\"Person\",\"@id\":\"https:\\\/\\\/fr.motocrossmag.be\\\/#\\\/schema\\\/person\\\/11b47143d9f755babca2c9110e03235c\",\"name\":\"oliviere\",\"image\":{\"@type\":\"ImageObject\",\"inLanguage\":\"fr-FR\",\"@id\":\"https:\\\/\\\/secure.gravatar.com\\\/avatar\\\/907069e0b81d119452040469e4a7501da1100f54f7f80180ce77bfab718288f6?s=96&d=mm&r=g\",\"url\":\"https:\\\/\\\/secure.gravatar.com\\\/avatar\\\/907069e0b81d119452040469e4a7501da1100f54f7f80180ce77bfab718288f6?s=96&d=mm&r=g\",\"contentUrl\":\"https:\\\/\\\/secure.gravatar.com\\\/avatar\\\/907069e0b81d119452040469e4a7501da1100f54f7f80180ce77bfab718288f6?s=96&d=mm&r=g\",\"caption\":\"oliviere\"},\"sameAs\":[\"http:\\\/\\\/www.motocrossmag.be\"],\"url\":\"https:\\\/\\\/fr.motocrossmag.be\\\/index.php\\\/author\\\/oliviere\\\/\"}]}<\/script>\n<!-- \/ Yoast SEO plugin. -->","yoast_head_json":{"title":"Tr\u00e8fle Loz\u00e9rien : la course aux inscriptions sera lanc\u00e9e le 26 janvier ! - Motocross - Enduro - Supermoto | MotocrossMag","robots":{"index":"index","follow":"follow","max-snippet":"max-snippet:-1","max-image-preview":"max-image-preview:large","max-video-preview":"max-video-preview:-1"},"canonical":"https:\/\/fr.motocrossmag.be\/index.php\/2019\/01\/trefle-lozerien-la-course-aux-inscriptions-sera-lancee-le-26-janvier\/","og_locale":"fr_FR","og_type":"article","og_title":"Tr\u00e8fle Loz\u00e9rien : la course aux inscriptions sera lanc\u00e9e le 26 janvier ! - Motocross - Enduro - Supermoto | MotocrossMag","og_description":"Les inscriptions pour le 33\u00e8 Tr\u00e8fle Loz\u00e9rien ouvriront samedi 26 janvier 2019 \u00e0 23h00. L\u2019an dernier, les 320 places mises \u00e0 disposition ont \u00e9t\u00e9 attribu\u00e9es en 4 minutes. L\u2019\u00e9preuve qui [...]","og_url":"https:\/\/fr.motocrossmag.be\/index.php\/2019\/01\/trefle-lozerien-la-course-aux-inscriptions-sera-lancee-le-26-janvier\/","og_site_name":"Motocross - Enduro - Supermoto | MotocrossMag","article_published_time":"2019-01-18T11:26:18+00:00","og_image":[{"width":1350,"height":900,"url":"https:\/\/fr.motocrossmag.be\/wp-content\/uploads\/2018\/06\/trefle-lozerien-IMG_5685.jpg","type":"image\/jpeg"}],"author":"oliviere","twitter_card":"summary_large_image","twitter_misc":{"\u00c9crit par":"oliviere","Dur\u00e9e de lecture estim\u00e9e":"2 minutes"},"schema":{"@context":"https:\/\/schema.org","@graph":[{"@type":"Article","@id":"https:\/\/fr.motocrossmag.be\/index.php\/2019\/01\/trefle-lozerien-la-course-aux-inscriptions-sera-lancee-le-26-janvier\/#article","isPartOf":{"@id":"https:\/\/fr.motocrossmag.be\/index.php\/2019\/01\/trefle-lozerien-la-course-aux-inscriptions-sera-lancee-le-26-janvier\/"},"author":{"name":"oliviere","@id":"https:\/\/fr.motocrossmag.be\/#\/schema\/person\/11b47143d9f755babca2c9110e03235c"},"headline":"Tr\u00e8fle Loz\u00e9rien : la course aux inscriptions sera lanc\u00e9e le 26 janvier !","datePublished":"2019-01-18T11:26:18+00:00","mainEntityOfPage":{"@id":"https:\/\/fr.motocrossmag.be\/index.php\/2019\/01\/trefle-lozerien-la-course-aux-inscriptions-sera-lancee-le-26-janvier\/"},"wordCount":340,"commentCount":0,"image":{"@id":"https:\/\/fr.motocrossmag.be\/index.php\/2019\/01\/trefle-lozerien-la-course-aux-inscriptions-sera-lancee-le-26-janvier\/#primaryimage"},"thumbnailUrl":"https:\/\/fr.motocrossmag.be\/wp-content\/uploads\/2018\/06\/trefle-lozerien-IMG_5685.jpg","articleSection":["Actualit\u00e9","Enduro","News","News","Slideshow","WESS"],"inLanguage":"fr-FR","potentialAction":[{"@type":"CommentAction","name":"Comment","target":["https:\/\/fr.motocrossmag.be\/index.php\/2019\/01\/trefle-lozerien-la-course-aux-inscriptions-sera-lancee-le-26-janvier\/#respond"]}]},{"@type":"WebPage","@id":"https:\/\/fr.motocrossmag.be\/index.php\/2019\/01\/trefle-lozerien-la-course-aux-inscriptions-sera-lancee-le-26-janvier\/","url":"https:\/\/fr.motocrossmag.be\/index.php\/2019\/01\/trefle-lozerien-la-course-aux-inscriptions-sera-lancee-le-26-janvier\/","name":"Tr\u00e8fle Loz\u00e9rien : la course aux inscriptions sera lanc\u00e9e le 26 janvier ! - Motocross - Enduro - Supermoto | MotocrossMag","isPartOf":{"@id":"https:\/\/fr.motocrossmag.be\/#website"},"primaryImageOfPage":{"@id":"https:\/\/fr.motocrossmag.be\/index.php\/2019\/01\/trefle-lozerien-la-course-aux-inscriptions-sera-lancee-le-26-janvier\/#primaryimage"},"image":{"@id":"https:\/\/fr.motocrossmag.be\/index.php\/2019\/01\/trefle-lozerien-la-course-aux-inscriptions-sera-lancee-le-26-janvier\/#primaryimage"},"thumbnailUrl":"https:\/\/fr.motocrossmag.be\/wp-content\/uploads\/2018\/06\/trefle-lozerien-IMG_5685.jpg","datePublished":"2019-01-18T11:26:18+00:00","author":{"@id":"https:\/\/fr.motocrossmag.be\/#\/schema\/person\/11b47143d9f755babca2c9110e03235c"},"breadcrumb":{"@id":"https:\/\/fr.motocrossmag.be\/index.php\/2019\/01\/trefle-lozerien-la-course-aux-inscriptions-sera-lancee-le-26-janvier\/#breadcrumb"},"inLanguage":"fr-FR","potentialAction":[{"@type":"ReadAction","target":["https:\/\/fr.motocrossmag.be\/index.php\/2019\/01\/trefle-lozerien-la-course-aux-inscriptions-sera-lancee-le-26-janvier\/"]}]},{"@type":"ImageObject","inLanguage":"fr-FR","@id":"https:\/\/fr.motocrossmag.be\/index.php\/2019\/01\/trefle-lozerien-la-course-aux-inscriptions-sera-lancee-le-26-janvier\/#primaryimage","url":"https:\/\/fr.motocrossmag.be\/wp-content\/uploads\/2018\/06\/trefle-lozerien-IMG_5685.jpg","contentUrl":"https:\/\/fr.motocrossmag.be\/wp-content\/uploads\/2018\/06\/trefle-lozerien-IMG_5685.jpg","width":1350,"height":900},{"@type":"BreadcrumbList","@id":"https:\/\/fr.motocrossmag.be\/index.php\/2019\/01\/trefle-lozerien-la-course-aux-inscriptions-sera-lancee-le-26-janvier\/#breadcrumb","itemListElement":[{"@type":"ListItem","position":1,"name":"Accueil","item":"https:\/\/fr.motocrossmag.be\/"},{"@type":"ListItem","position":2,"name":"Tr\u00e8fle Loz\u00e9rien : la course aux inscriptions sera lanc\u00e9e le 26 janvier !"}]},{"@type":"WebSite","@id":"https:\/\/fr.motocrossmag.be\/#website","url":"https:\/\/fr.motocrossmag.be\/","name":"Motocross - Enduro - Supermoto | MotocrossMag","description":"L&#039;actualit\u00e9 du motocross, de l&#039;enduro et du Supermoto en ligne!","potentialAction":[{"@type":"SearchAction","target":{"@type":"EntryPoint","urlTemplate":"https:\/\/fr.motocrossmag.be\/?s={search_term_string}"},"query-input":{"@type":"PropertyValueSpecification","valueRequired":true,"valueName":"search_term_string"}}],"inLanguage":"fr-FR"},{"@type":"Person","@id":"https:\/\/fr.motocrossmag.be\/#\/schema\/person\/11b47143d9f755babca2c9110e03235c","name":"oliviere","image":{"@type":"ImageObject","inLanguage":"fr-FR","@id":"https:\/\/secure.gravatar.com\/avatar\/907069e0b81d119452040469e4a7501da1100f54f7f80180ce77bfab718288f6?s=96&d=mm&r=g","url":"https:\/\/secure.gravatar.com\/avatar\/907069e0b81d119452040469e4a7501da1100f54f7f80180ce77bfab718288f6?s=96&d=mm&r=g","contentUrl":"https:\/\/secure.gravatar.com\/avatar\/907069e0b81d119452040469e4a7501da1100f54f7f80180ce77bfab718288f6?s=96&d=mm&r=g","caption":"oliviere"},"sameAs":["http:\/\/www.motocrossmag.be"],"url":"https:\/\/fr.motocrossmag.be\/index.php\/author\/oliviere\/"}]}},"_links":{"self":[{"href":"https:\/\/fr.motocrossmag.be\/index.php\/wp-json\/wp\/v2\/posts\/83113","targetHints":{"allow":["GET"]}}],"collection":[{"href":"https:\/\/fr.motocrossmag.be\/index.php\/wp-json\/wp\/v2\/posts"}],"about":[{"href":"https:\/\/fr.motocrossmag.be\/index.php\/wp-json\/wp\/v2\/types\/post"}],"author":[{"embeddable":true,"href":"https:\/\/fr.motocrossmag.be\/index.php\/wp-json\/wp\/v2\/users\/932"}],"replies":[{"embeddable":true,"href":"https:\/\/fr.motocrossmag.be\/index.php\/wp-json\/wp\/v2\/comments?post=83113"}],"version-history":[{"count":0,"href":"https:\/\/fr.motocrossmag.be\/index.php\/wp-json\/wp\/v2\/posts\/83113\/revisions"}],"wp:featuredmedia":[{"embeddable":true,"href":"https:\/\/fr.motocrossmag.be\/index.php\/wp-json\/wp\/v2\/media\/74481"}],"wp:attachment":[{"href":"https:\/\/fr.motocrossmag.be\/index.php\/wp-json\/wp\/v2\/media?parent=83113"}],"wp:term":[{"taxonomy":"category","embeddable":true,"href":"https:\/\/fr.motocrossmag.be\/index.php\/wp-json\/wp\/v2\/categories?post=83113"},{"taxonomy":"post_tag","embeddable":true,"href":"https:\/\/fr.motocrossmag.be\/index.php\/wp-json\/wp\/v2\/tags?post=83113"}],"curies":[{"name":"wp","href":"https:\/\/api.w.org\/{rel}","templated":true}]}}