{"id":83516,"date":"2019-02-01T21:36:17","date_gmt":"2019-02-01T20:36:17","guid":{"rendered":"https:\/\/fr.motocrossmag.be\/?p=83516"},"modified":"2019-02-01T21:39:33","modified_gmt":"2019-02-01T20:39:33","slug":"enduropale-vintage-rudy-vergriete-et-yves-deudon-se-partagent-les-victoires","status":"publish","type":"post","link":"https:\/\/fr.motocrossmag.be\/index.php\/2019\/02\/enduropale-vintage-rudy-vergriete-et-yves-deudon-se-partagent-les-victoires\/","title":{"rendered":"Enduropale Vintage : Rudy Vergriete et Yves Deudon se partagent les victoires"},"content":{"rendered":"<p><strong>La 44\u00e8me \u00e9dition de l&rsquo;Enduropale du Touquet a pris son envol ce vendredi avec la d\u00e9sormais traditionnelle \u00e9preuve Vintage. Disput\u00e9e sur deux manches de 30 minutes, celle-ci a vu les victoires d&rsquo;Yves Deudon dans la premi\u00e8re puis de Rudy Vergriete dans la seconde. Au g\u00e9n\u00e9ral, Vergriete s&rsquo;impose gr\u00e2ce \u00e0 une deuxi\u00e8me place et une victoire devant Deudon, lequel a d\u00fb laisser la deuxi\u00e8me place \u00e0 Remy Annelot dans la deuxi\u00e8me manche. Annelot termine au pied d&rsquo;un podium dont la 3\u00e8me marche est occup\u00e9e par Jos\u00e9 Pereira.<\/strong><\/p>\n<p>Des probl\u00e8mes m\u00e9caniques dans la premi\u00e8re manche ont rapidement mis fin aux ambitions du Belge Sven Breugelmans quant \u00e0 une nouvelle victoire sur la plage du Touquet.<\/p>\n<p>Photo : Dylan Botte<\/p>\n<p>&nbsp;<\/p>\n<p><span style=\"color: #800000;\"><strong>R\u00e9sultats<\/strong><\/span><\/p>\n<table width=\"100%\">\n<tbody>\n<tr>\n<td colspan=\"2\" width=\"160\">1 VERGRIETE Rudy Moto Club les Pitchouns\u00a0 135+150<\/td>\n<\/tr>\n<tr>\n<td colspan=\"2\">2 DEUDON Yves Moto Club de l&rsquo;Avesnois\u00a0 150+125<\/td>\n<\/tr>\n<tr>\n<td colspan=\"2\">3 PEREIRA Jose Touquet Auto Moto\u00a0 125+115<\/td>\n<\/tr>\n<tr>\n<td colspan=\"2\">4 ANNELOT Remy Motoclub 1000Mx\u00a0 90+135<\/td>\n<\/tr>\n<tr>\n<td colspan=\"2\">5 BINSE Denis Enduropale le Touquet Pas de Calais Organisation\u00a0 115+105<\/td>\n<\/tr>\n<tr>\n<td colspan=\"2\">6 HUYGHE Matthieu Racing Tout Terrain\u00a0 110+93<\/td>\n<\/tr>\n<tr>\n<td colspan=\"2\">7 GABREAUX Aurelien Moto Club Manre\u00a0 100+100<\/td>\n<\/tr>\n<tr>\n<td colspan=\"2\">8 BLOMME Alexis\u00a0 89+110<\/td>\n<\/tr>\n<tr>\n<td colspan=\"2\">9 STACHOWIAK Tony Moto Club de Conde sur Escaut\u00a0 105+86<\/td>\n<\/tr>\n<tr>\n<td colspan=\"2\">10 ROULIER Thibaut MOTO CLUB DU PAYS DE SERRE\u00a0 95+88<\/td>\n<\/tr>\n<tr>\n<td colspan=\"2\">11 VANTHUYNE Anthony Moto Club Langonnais\u00a0 84+91<\/td>\n<\/tr>\n<tr>\n<td colspan=\"2\">12 HAMARD Kevin Enduropale le Touquet Pas de Calais Organisation\u00a0 87+85<\/td>\n<\/tr>\n<tr>\n<td colspan=\"2\">13 LIENARD Olivier Touquet Auto Moto\u00a0 88+84<\/td>\n<\/tr>\n<tr>\n<td colspan=\"2\">14 LENNE Anthony Moto Club Pecquencourt\u00a0 82+83<\/td>\n<\/tr>\n<tr>\n<td colspan=\"2\">15 PARSY Alexis Moto Club Municipal Ailly sur Noye\u00a0 83+79<\/td>\n<\/tr>\n<tr>\n<td colspan=\"2\">16 YAKOVLEV Denis\u00a0 79+82<\/td>\n<\/tr>\n<tr>\n<td colspan=\"2\">17 LETURGEZ Jerome Ligny Racing Team\u00a0 85+76<\/td>\n<\/tr>\n<tr>\n<td colspan=\"2\">18 MEILLAT Christophe C.M. PROMO\u00a0 86+66<\/td>\n<\/tr>\n<tr>\n<td colspan=\"2\">19 CANTIN Patrice Moto Club du Pays des Olonnes 75+72<\/td>\n<\/tr>\n<tr>\n<td colspan=\"2\">20 FLAMEN Jeremy Moto Club Pecquencourt\u00a0 72+74<\/td>\n<\/tr>\n<tr>\n<td colspan=\"2\">21 LELOUP Theo Moto Club du Val d&rsquo;Ouve\u00a0 65+80<\/td>\n<\/tr>\n<tr>\n<td colspan=\"2\">22 VICHARD Marc Team Enduro Passion\u00a0 70+75<\/td>\n<\/tr>\n<tr>\n<td colspan=\"2\">23 DEMILLY Pierre Moto Club Pecquencourt\u00a0 56+87<\/td>\n<\/tr>\n<tr>\n<td colspan=\"2\">24 VACHERAND Timoth\u2026 Azimut Enduro\u00a0 63+78<\/td>\n<\/tr>\n<tr>\n<td colspan=\"2\">25 MONTEAUD Fabrice Grezac Moto Club 69+71<\/td>\n<\/tr>\n<tr>\n<td colspan=\"2\">26 MAILLE Gregory Moto Club Pecquencourt\u00a0 73+67<\/td>\n<\/tr>\n<tr>\n<td colspan=\"2\">27 MOUKIN Dominique Moto Club de Gouy en Artois\u00a0 76+61<\/td>\n<\/tr>\n<tr>\n<td colspan=\"2\">28 FAYET Fabien Racing Tout Terrain\u00a0 66+70<\/td>\n<\/tr>\n<tr>\n<td colspan=\"2\">29 LEDRU Felix Moto Club Picard\u00a0 67+68<\/td>\n<\/tr>\n<tr>\n<td colspan=\"2\">30 COLLET Olivier Moto Club Picard\u00a0 62+65<\/td>\n<\/tr>\n<tr>\n<td colspan=\"2\">31 DUMEZ Clement Racing Tout Terrain\u00a0 53+73<\/td>\n<\/tr>\n<tr>\n<td colspan=\"2\">32 DECOTTEGNIE Louis Racing Tout Terrain 47+77<\/td>\n<\/tr>\n<tr>\n<td colspan=\"2\">33 HELION Vivien Trial Club de Corbon\u00a0 59+64<\/td>\n<\/tr>\n<tr>\n<td colspan=\"2\">34 PLANCKART Arthur Moto Club du Littoral 59\u00a0 61+60<\/td>\n<\/tr>\n<tr>\n<td colspan=\"2\">35 REBERGUES Aurelien Moto Club de Gouy en Artois\u00a0 54+63<\/td>\n<\/tr>\n<tr>\n<td colspan=\"2\">36 MARTEL Jean Yves Touquet Auto Moto\u00a0 64+53<\/td>\n<\/tr>\n<tr>\n<td colspan=\"2\">37 DESTAILLEUR Gaspa\u2026 Touquet Auto Moto\u00a0 52+62<\/td>\n<\/tr>\n<tr>\n<td colspan=\"2\">38 BADENES Eric FCMPN\u00a0 51+59<\/td>\n<\/tr>\n<tr>\n<td colspan=\"2\">39 BARTHOLOMEES E\u2026 Beauvais Moto Club\u00a0\u00a0 55+55<\/td>\n<\/tr>\n<tr>\n<td colspan=\"2\">40 SCHOEMACKER Seb\u2026 Moto Club du Val de Sensee\u00a0 60+47<\/td>\n<\/tr>\n<tr>\n<td colspan=\"2\">41 MAUBOURGUET Fra\u2026 P\u00f4le M\u00e9canique de Biscarosse\u00a0 48+57<\/td>\n<\/tr>\n<tr>\n<td colspan=\"2\">42 BOURGAIN Laurent Touquet Auto Moto 77+26<\/td>\n<\/tr>\n<tr>\n<td colspan=\"2\">43 ESCOUBET Florian Moto Club Madiranais\u00a0 45+56<\/td>\n<\/tr>\n<tr>\n<td colspan=\"2\">44 DELEPIERRE Christo\u2026 Racing Tout Terrain\u00a0 49+49<\/td>\n<\/tr>\n<tr>\n<td colspan=\"2\">45 MESNIL Ludovic Moto Club du Littoral 59\u00a0 68+29<\/td>\n<\/tr>\n<tr>\n<td colspan=\"2\">46 FEUTRY Thomas Moto Club du Littoral 59\u00a0 0+95<\/td>\n<\/tr>\n<tr>\n<td colspan=\"2\">47 LAMBERT Elric Moto Club Montendrais\u00a0 93+0<\/td>\n<\/tr>\n<tr>\n<td colspan=\"2\">48 FERMEN Laurent Moto Club de Gouy en Artois\u00a0 42+50<\/td>\n<\/tr>\n<tr>\n<td colspan=\"2\">49 HOREAUX Nicolas Moto Club Cercle de l&rsquo;amiti\u00e9\u00a0 91+0<\/td>\n<\/tr>\n<tr>\n<td colspan=\"2\">50 BREUGELMANS Sven\u00a0 0+90<\/td>\n<\/tr>\n<tr>\n<td colspan=\"2\">51 GUILLAUME Sebastien Extreme Moto Club\u00a0 0+89<\/td>\n<\/tr>\n<tr>\n<td colspan=\"2\">52 REBERGUES Karl Moto Club de Gouy en Artois\u00a0 43+45<\/td>\n<\/tr>\n<tr>\n<td colspan=\"2\">53 CAVRON Jean Philippe Touquet Auto Moto\u00a0 27+58<\/td>\n<\/tr>\n<tr>\n<td colspan=\"2\">54 DUHAUPAS Benoit Moto Club du Littoral 59\u00a0 0+81<\/td>\n<\/tr>\n<tr>\n<td colspan=\"2\">55 DEGOUY Sebastien Moto\/Quad Plainville\u00a0 81+44<\/td>\n<\/tr>\n<tr>\n<td colspan=\"2\">56 CEULEMANS Damien Moto Club Marle et Voharies\u00a0 81+0<\/td>\n<\/tr>\n<tr>\n<td colspan=\"2\">57 MIELCAREK Frederic Moto Club du Littoral 59\u00a0 50+30<\/td>\n<\/tr>\n<tr>\n<td colspan=\"2\">58 JOLY Jacky Moto Club Canche Authi\u00e9\u00a0 80+0<\/td>\n<\/tr>\n<tr>\n<td colspan=\"2\">59 ROUSSEAU Alexandre Moto Club Pecquencourt\u00a0 40+39<\/td>\n<\/tr>\n<tr>\n<td colspan=\"2\">60 BARBARA Paul Moto Club Pecquencourt\u00a0 78+0<\/td>\n<\/tr>\n<tr>\n<td colspan=\"2\">61 MARCANT Dominique Racing Tout Terrain\u00a0\u00a0 35+42<\/td>\n<\/tr>\n<tr>\n<td colspan=\"2\">62 LOISEAU Sebastien Laon Moto Verte\u00a0 39+37<\/td>\n<\/tr>\n<tr>\n<td colspan=\"2\">63 PERARD Bernard FCMPN\u00a0 24+51<\/td>\n<\/tr>\n<tr>\n<td colspan=\"2\">64 BENCHAIBA Samuel Moto Club Picard\u00a0 74+0<\/td>\n<\/tr>\n<tr>\n<td colspan=\"2\">65 LEROY Olivier Touquet Auto Moto\u00a0 71+0<\/td>\n<\/tr>\n<\/tbody>\n<\/table>\n","protected":false},"excerpt":{"rendered":"<p>La 44\u00e8me \u00e9dition de l&rsquo;Enduropale du Touquet a pris son envol ce vendredi avec la d\u00e9sormais traditionnelle \u00e9preuve Vintage. Disput\u00e9e sur deux manches de 30 minutes, celle-ci a vu les [&#8230;]<\/p>\n","protected":false},"author":932,"featured_media":83517,"comment_status":"open","ping_status":"closed","sticky":false,"template":"","format":"standard","meta":{"footnotes":""},"categories":[54,1075,32,33,55,65,992],"tags":[],"class_list":["post-83516","post","type-post","status-publish","format-standard","has-post-thumbnail","hentry","category-actualite","category-courses-de-sable","category-enduro","category-news-enduro","category-news-actualite","category-slideshow","category-vintage"],"yoast_head":"<!-- This site is optimized with the Yoast SEO plugin v27.4 - https:\/\/yoast.com\/product\/yoast-seo-wordpress\/ -->\n<title>Enduropale Vintage : Rudy Vergriete et Yves Deudon se partagent les victoires - Motocross - Enduro - Supermoto | MotocrossMag<\/title>\n<meta name=\"robots\" content=\"index, follow, max-snippet:-1, max-image-preview:large, max-video-preview:-1\" \/>\n<link rel=\"canonical\" href=\"https:\/\/fr.motocrossmag.be\/index.php\/2019\/02\/enduropale-vintage-rudy-vergriete-et-yves-deudon-se-partagent-les-victoires\/\" \/>\n<meta property=\"og:locale\" content=\"fr_FR\" \/>\n<meta property=\"og:type\" content=\"article\" \/>\n<meta property=\"og:title\" content=\"Enduropale Vintage : Rudy Vergriete et Yves Deudon se partagent les victoires - Motocross - Enduro - Supermoto | MotocrossMag\" \/>\n<meta property=\"og:description\" content=\"La 44\u00e8me \u00e9dition de l&rsquo;Enduropale du Touquet a pris son envol ce vendredi avec la d\u00e9sormais traditionnelle \u00e9preuve Vintage. Disput\u00e9e sur deux manches de 30 minutes, celle-ci a vu les [...]\" \/>\n<meta property=\"og:url\" content=\"https:\/\/fr.motocrossmag.be\/index.php\/2019\/02\/enduropale-vintage-rudy-vergriete-et-yves-deudon-se-partagent-les-victoires\/\" \/>\n<meta property=\"og:site_name\" content=\"Motocross - Enduro - Supermoto | MotocrossMag\" \/>\n<meta property=\"article:published_time\" content=\"2019-02-01T20:36:17+00:00\" \/>\n<meta property=\"article:modified_time\" content=\"2019-02-01T20:39:33+00:00\" \/>\n<meta property=\"og:image\" content=\"https:\/\/fr.motocrossmag.be\/wp-content\/uploads\/2019\/02\/LRM_EXPORT_841927410454870_20190201_173201896.jpeg\" \/>\n\t<meta property=\"og:image:width\" content=\"1350\" \/>\n\t<meta property=\"og:image:height\" content=\"900\" \/>\n\t<meta property=\"og:image:type\" content=\"image\/jpeg\" \/>\n<meta name=\"author\" content=\"oliviere\" \/>\n<meta name=\"twitter:card\" content=\"summary_large_image\" \/>\n<meta name=\"twitter:label1\" content=\"\u00c9crit par\" \/>\n\t<meta name=\"twitter:data1\" content=\"oliviere\" \/>\n\t<meta name=\"twitter:label2\" content=\"Dur\u00e9e de lecture estim\u00e9e\" \/>\n\t<meta name=\"twitter:data2\" content=\"2 minutes\" \/>\n<script type=\"application\/ld+json\" class=\"yoast-schema-graph\">{\"@context\":\"https:\\\/\\\/schema.org\",\"@graph\":[{\"@type\":\"Article\",\"@id\":\"https:\\\/\\\/fr.motocrossmag.be\\\/index.php\\\/2019\\\/02\\\/enduropale-vintage-rudy-vergriete-et-yves-deudon-se-partagent-les-victoires\\\/#article\",\"isPartOf\":{\"@id\":\"https:\\\/\\\/fr.motocrossmag.be\\\/index.php\\\/2019\\\/02\\\/enduropale-vintage-rudy-vergriete-et-yves-deudon-se-partagent-les-victoires\\\/\"},\"author\":{\"name\":\"oliviere\",\"@id\":\"https:\\\/\\\/fr.motocrossmag.be\\\/#\\\/schema\\\/person\\\/11b47143d9f755babca2c9110e03235c\"},\"headline\":\"Enduropale Vintage : Rudy Vergriete et Yves Deudon se partagent les victoires\",\"datePublished\":\"2019-02-01T20:36:17+00:00\",\"dateModified\":\"2019-02-01T20:39:33+00:00\",\"mainEntityOfPage\":{\"@id\":\"https:\\\/\\\/fr.motocrossmag.be\\\/index.php\\\/2019\\\/02\\\/enduropale-vintage-rudy-vergriete-et-yves-deudon-se-partagent-les-victoires\\\/\"},\"wordCount\":511,\"commentCount\":0,\"image\":{\"@id\":\"https:\\\/\\\/fr.motocrossmag.be\\\/index.php\\\/2019\\\/02\\\/enduropale-vintage-rudy-vergriete-et-yves-deudon-se-partagent-les-victoires\\\/#primaryimage\"},\"thumbnailUrl\":\"https:\\\/\\\/fr.motocrossmag.be\\\/wp-content\\\/uploads\\\/2019\\\/02\\\/LRM_EXPORT_841927410454870_20190201_173201896.jpeg\",\"articleSection\":[\"Actualit\u00e9\",\"Courses de sable\",\"Enduro\",\"News\",\"News\",\"Slideshow\",\"Vintage\"],\"inLanguage\":\"fr-FR\",\"potentialAction\":[{\"@type\":\"CommentAction\",\"name\":\"Comment\",\"target\":[\"https:\\\/\\\/fr.motocrossmag.be\\\/index.php\\\/2019\\\/02\\\/enduropale-vintage-rudy-vergriete-et-yves-deudon-se-partagent-les-victoires\\\/#respond\"]}]},{\"@type\":\"WebPage\",\"@id\":\"https:\\\/\\\/fr.motocrossmag.be\\\/index.php\\\/2019\\\/02\\\/enduropale-vintage-rudy-vergriete-et-yves-deudon-se-partagent-les-victoires\\\/\",\"url\":\"https:\\\/\\\/fr.motocrossmag.be\\\/index.php\\\/2019\\\/02\\\/enduropale-vintage-rudy-vergriete-et-yves-deudon-se-partagent-les-victoires\\\/\",\"name\":\"Enduropale Vintage : Rudy Vergriete et Yves Deudon se partagent les victoires - Motocross - Enduro - Supermoto | MotocrossMag\",\"isPartOf\":{\"@id\":\"https:\\\/\\\/fr.motocrossmag.be\\\/#website\"},\"primaryImageOfPage\":{\"@id\":\"https:\\\/\\\/fr.motocrossmag.be\\\/index.php\\\/2019\\\/02\\\/enduropale-vintage-rudy-vergriete-et-yves-deudon-se-partagent-les-victoires\\\/#primaryimage\"},\"image\":{\"@id\":\"https:\\\/\\\/fr.motocrossmag.be\\\/index.php\\\/2019\\\/02\\\/enduropale-vintage-rudy-vergriete-et-yves-deudon-se-partagent-les-victoires\\\/#primaryimage\"},\"thumbnailUrl\":\"https:\\\/\\\/fr.motocrossmag.be\\\/wp-content\\\/uploads\\\/2019\\\/02\\\/LRM_EXPORT_841927410454870_20190201_173201896.jpeg\",\"datePublished\":\"2019-02-01T20:36:17+00:00\",\"dateModified\":\"2019-02-01T20:39:33+00:00\",\"author\":{\"@id\":\"https:\\\/\\\/fr.motocrossmag.be\\\/#\\\/schema\\\/person\\\/11b47143d9f755babca2c9110e03235c\"},\"breadcrumb\":{\"@id\":\"https:\\\/\\\/fr.motocrossmag.be\\\/index.php\\\/2019\\\/02\\\/enduropale-vintage-rudy-vergriete-et-yves-deudon-se-partagent-les-victoires\\\/#breadcrumb\"},\"inLanguage\":\"fr-FR\",\"potentialAction\":[{\"@type\":\"ReadAction\",\"target\":[\"https:\\\/\\\/fr.motocrossmag.be\\\/index.php\\\/2019\\\/02\\\/enduropale-vintage-rudy-vergriete-et-yves-deudon-se-partagent-les-victoires\\\/\"]}]},{\"@type\":\"ImageObject\",\"inLanguage\":\"fr-FR\",\"@id\":\"https:\\\/\\\/fr.motocrossmag.be\\\/index.php\\\/2019\\\/02\\\/enduropale-vintage-rudy-vergriete-et-yves-deudon-se-partagent-les-victoires\\\/#primaryimage\",\"url\":\"https:\\\/\\\/fr.motocrossmag.be\\\/wp-content\\\/uploads\\\/2019\\\/02\\\/LRM_EXPORT_841927410454870_20190201_173201896.jpeg\",\"contentUrl\":\"https:\\\/\\\/fr.motocrossmag.be\\\/wp-content\\\/uploads\\\/2019\\\/02\\\/LRM_EXPORT_841927410454870_20190201_173201896.jpeg\",\"width\":1350,\"height\":900},{\"@type\":\"BreadcrumbList\",\"@id\":\"https:\\\/\\\/fr.motocrossmag.be\\\/index.php\\\/2019\\\/02\\\/enduropale-vintage-rudy-vergriete-et-yves-deudon-se-partagent-les-victoires\\\/#breadcrumb\",\"itemListElement\":[{\"@type\":\"ListItem\",\"position\":1,\"name\":\"Accueil\",\"item\":\"https:\\\/\\\/fr.motocrossmag.be\\\/\"},{\"@type\":\"ListItem\",\"position\":2,\"name\":\"Enduropale Vintage : Rudy Vergriete et Yves Deudon se partagent les victoires\"}]},{\"@type\":\"WebSite\",\"@id\":\"https:\\\/\\\/fr.motocrossmag.be\\\/#website\",\"url\":\"https:\\\/\\\/fr.motocrossmag.be\\\/\",\"name\":\"Motocross - Enduro - Supermoto | MotocrossMag\",\"description\":\"L&#039;actualit\u00e9 du motocross, de l&#039;enduro et du Supermoto en ligne!\",\"potentialAction\":[{\"@type\":\"SearchAction\",\"target\":{\"@type\":\"EntryPoint\",\"urlTemplate\":\"https:\\\/\\\/fr.motocrossmag.be\\\/?s={search_term_string}\"},\"query-input\":{\"@type\":\"PropertyValueSpecification\",\"valueRequired\":true,\"valueName\":\"search_term_string\"}}],\"inLanguage\":\"fr-FR\"},{\"@type\":\"Person\",\"@id\":\"https:\\\/\\\/fr.motocrossmag.be\\\/#\\\/schema\\\/person\\\/11b47143d9f755babca2c9110e03235c\",\"name\":\"oliviere\",\"image\":{\"@type\":\"ImageObject\",\"inLanguage\":\"fr-FR\",\"@id\":\"https:\\\/\\\/secure.gravatar.com\\\/avatar\\\/907069e0b81d119452040469e4a7501da1100f54f7f80180ce77bfab718288f6?s=96&d=mm&r=g\",\"url\":\"https:\\\/\\\/secure.gravatar.com\\\/avatar\\\/907069e0b81d119452040469e4a7501da1100f54f7f80180ce77bfab718288f6?s=96&d=mm&r=g\",\"contentUrl\":\"https:\\\/\\\/secure.gravatar.com\\\/avatar\\\/907069e0b81d119452040469e4a7501da1100f54f7f80180ce77bfab718288f6?s=96&d=mm&r=g\",\"caption\":\"oliviere\"},\"sameAs\":[\"http:\\\/\\\/www.motocrossmag.be\"],\"url\":\"https:\\\/\\\/fr.motocrossmag.be\\\/index.php\\\/author\\\/oliviere\\\/\"}]}<\/script>\n<!-- \/ Yoast SEO plugin. -->","yoast_head_json":{"title":"Enduropale Vintage : Rudy Vergriete et Yves Deudon se partagent les victoires - Motocross - Enduro - Supermoto | MotocrossMag","robots":{"index":"index","follow":"follow","max-snippet":"max-snippet:-1","max-image-preview":"max-image-preview:large","max-video-preview":"max-video-preview:-1"},"canonical":"https:\/\/fr.motocrossmag.be\/index.php\/2019\/02\/enduropale-vintage-rudy-vergriete-et-yves-deudon-se-partagent-les-victoires\/","og_locale":"fr_FR","og_type":"article","og_title":"Enduropale Vintage : Rudy Vergriete et Yves Deudon se partagent les victoires - Motocross - Enduro - Supermoto | MotocrossMag","og_description":"La 44\u00e8me \u00e9dition de l&rsquo;Enduropale du Touquet a pris son envol ce vendredi avec la d\u00e9sormais traditionnelle \u00e9preuve Vintage. Disput\u00e9e sur deux manches de 30 minutes, celle-ci a vu les [...]","og_url":"https:\/\/fr.motocrossmag.be\/index.php\/2019\/02\/enduropale-vintage-rudy-vergriete-et-yves-deudon-se-partagent-les-victoires\/","og_site_name":"Motocross - Enduro - Supermoto | MotocrossMag","article_published_time":"2019-02-01T20:36:17+00:00","article_modified_time":"2019-02-01T20:39:33+00:00","og_image":[{"width":1350,"height":900,"url":"https:\/\/fr.motocrossmag.be\/wp-content\/uploads\/2019\/02\/LRM_EXPORT_841927410454870_20190201_173201896.jpeg","type":"image\/jpeg"}],"author":"oliviere","twitter_card":"summary_large_image","twitter_misc":{"\u00c9crit par":"oliviere","Dur\u00e9e de lecture estim\u00e9e":"2 minutes"},"schema":{"@context":"https:\/\/schema.org","@graph":[{"@type":"Article","@id":"https:\/\/fr.motocrossmag.be\/index.php\/2019\/02\/enduropale-vintage-rudy-vergriete-et-yves-deudon-se-partagent-les-victoires\/#article","isPartOf":{"@id":"https:\/\/fr.motocrossmag.be\/index.php\/2019\/02\/enduropale-vintage-rudy-vergriete-et-yves-deudon-se-partagent-les-victoires\/"},"author":{"name":"oliviere","@id":"https:\/\/fr.motocrossmag.be\/#\/schema\/person\/11b47143d9f755babca2c9110e03235c"},"headline":"Enduropale Vintage : Rudy Vergriete et Yves Deudon se partagent les victoires","datePublished":"2019-02-01T20:36:17+00:00","dateModified":"2019-02-01T20:39:33+00:00","mainEntityOfPage":{"@id":"https:\/\/fr.motocrossmag.be\/index.php\/2019\/02\/enduropale-vintage-rudy-vergriete-et-yves-deudon-se-partagent-les-victoires\/"},"wordCount":511,"commentCount":0,"image":{"@id":"https:\/\/fr.motocrossmag.be\/index.php\/2019\/02\/enduropale-vintage-rudy-vergriete-et-yves-deudon-se-partagent-les-victoires\/#primaryimage"},"thumbnailUrl":"https:\/\/fr.motocrossmag.be\/wp-content\/uploads\/2019\/02\/LRM_EXPORT_841927410454870_20190201_173201896.jpeg","articleSection":["Actualit\u00e9","Courses de sable","Enduro","News","News","Slideshow","Vintage"],"inLanguage":"fr-FR","potentialAction":[{"@type":"CommentAction","name":"Comment","target":["https:\/\/fr.motocrossmag.be\/index.php\/2019\/02\/enduropale-vintage-rudy-vergriete-et-yves-deudon-se-partagent-les-victoires\/#respond"]}]},{"@type":"WebPage","@id":"https:\/\/fr.motocrossmag.be\/index.php\/2019\/02\/enduropale-vintage-rudy-vergriete-et-yves-deudon-se-partagent-les-victoires\/","url":"https:\/\/fr.motocrossmag.be\/index.php\/2019\/02\/enduropale-vintage-rudy-vergriete-et-yves-deudon-se-partagent-les-victoires\/","name":"Enduropale Vintage : Rudy Vergriete et Yves Deudon se partagent les victoires - Motocross - Enduro - Supermoto | MotocrossMag","isPartOf":{"@id":"https:\/\/fr.motocrossmag.be\/#website"},"primaryImageOfPage":{"@id":"https:\/\/fr.motocrossmag.be\/index.php\/2019\/02\/enduropale-vintage-rudy-vergriete-et-yves-deudon-se-partagent-les-victoires\/#primaryimage"},"image":{"@id":"https:\/\/fr.motocrossmag.be\/index.php\/2019\/02\/enduropale-vintage-rudy-vergriete-et-yves-deudon-se-partagent-les-victoires\/#primaryimage"},"thumbnailUrl":"https:\/\/fr.motocrossmag.be\/wp-content\/uploads\/2019\/02\/LRM_EXPORT_841927410454870_20190201_173201896.jpeg","datePublished":"2019-02-01T20:36:17+00:00","dateModified":"2019-02-01T20:39:33+00:00","author":{"@id":"https:\/\/fr.motocrossmag.be\/#\/schema\/person\/11b47143d9f755babca2c9110e03235c"},"breadcrumb":{"@id":"https:\/\/fr.motocrossmag.be\/index.php\/2019\/02\/enduropale-vintage-rudy-vergriete-et-yves-deudon-se-partagent-les-victoires\/#breadcrumb"},"inLanguage":"fr-FR","potentialAction":[{"@type":"ReadAction","target":["https:\/\/fr.motocrossmag.be\/index.php\/2019\/02\/enduropale-vintage-rudy-vergriete-et-yves-deudon-se-partagent-les-victoires\/"]}]},{"@type":"ImageObject","inLanguage":"fr-FR","@id":"https:\/\/fr.motocrossmag.be\/index.php\/2019\/02\/enduropale-vintage-rudy-vergriete-et-yves-deudon-se-partagent-les-victoires\/#primaryimage","url":"https:\/\/fr.motocrossmag.be\/wp-content\/uploads\/2019\/02\/LRM_EXPORT_841927410454870_20190201_173201896.jpeg","contentUrl":"https:\/\/fr.motocrossmag.be\/wp-content\/uploads\/2019\/02\/LRM_EXPORT_841927410454870_20190201_173201896.jpeg","width":1350,"height":900},{"@type":"BreadcrumbList","@id":"https:\/\/fr.motocrossmag.be\/index.php\/2019\/02\/enduropale-vintage-rudy-vergriete-et-yves-deudon-se-partagent-les-victoires\/#breadcrumb","itemListElement":[{"@type":"ListItem","position":1,"name":"Accueil","item":"https:\/\/fr.motocrossmag.be\/"},{"@type":"ListItem","position":2,"name":"Enduropale Vintage : Rudy Vergriete et Yves Deudon se partagent les victoires"}]},{"@type":"WebSite","@id":"https:\/\/fr.motocrossmag.be\/#website","url":"https:\/\/fr.motocrossmag.be\/","name":"Motocross - Enduro - Supermoto | MotocrossMag","description":"L&#039;actualit\u00e9 du motocross, de l&#039;enduro et du Supermoto en ligne!","potentialAction":[{"@type":"SearchAction","target":{"@type":"EntryPoint","urlTemplate":"https:\/\/fr.motocrossmag.be\/?s={search_term_string}"},"query-input":{"@type":"PropertyValueSpecification","valueRequired":true,"valueName":"search_term_string"}}],"inLanguage":"fr-FR"},{"@type":"Person","@id":"https:\/\/fr.motocrossmag.be\/#\/schema\/person\/11b47143d9f755babca2c9110e03235c","name":"oliviere","image":{"@type":"ImageObject","inLanguage":"fr-FR","@id":"https:\/\/secure.gravatar.com\/avatar\/907069e0b81d119452040469e4a7501da1100f54f7f80180ce77bfab718288f6?s=96&d=mm&r=g","url":"https:\/\/secure.gravatar.com\/avatar\/907069e0b81d119452040469e4a7501da1100f54f7f80180ce77bfab718288f6?s=96&d=mm&r=g","contentUrl":"https:\/\/secure.gravatar.com\/avatar\/907069e0b81d119452040469e4a7501da1100f54f7f80180ce77bfab718288f6?s=96&d=mm&r=g","caption":"oliviere"},"sameAs":["http:\/\/www.motocrossmag.be"],"url":"https:\/\/fr.motocrossmag.be\/index.php\/author\/oliviere\/"}]}},"_links":{"self":[{"href":"https:\/\/fr.motocrossmag.be\/index.php\/wp-json\/wp\/v2\/posts\/83516","targetHints":{"allow":["GET"]}}],"collection":[{"href":"https:\/\/fr.motocrossmag.be\/index.php\/wp-json\/wp\/v2\/posts"}],"about":[{"href":"https:\/\/fr.motocrossmag.be\/index.php\/wp-json\/wp\/v2\/types\/post"}],"author":[{"embeddable":true,"href":"https:\/\/fr.motocrossmag.be\/index.php\/wp-json\/wp\/v2\/users\/932"}],"replies":[{"embeddable":true,"href":"https:\/\/fr.motocrossmag.be\/index.php\/wp-json\/wp\/v2\/comments?post=83516"}],"version-history":[{"count":1,"href":"https:\/\/fr.motocrossmag.be\/index.php\/wp-json\/wp\/v2\/posts\/83516\/revisions"}],"predecessor-version":[{"id":83518,"href":"https:\/\/fr.motocrossmag.be\/index.php\/wp-json\/wp\/v2\/posts\/83516\/revisions\/83518"}],"wp:featuredmedia":[{"embeddable":true,"href":"https:\/\/fr.motocrossmag.be\/index.php\/wp-json\/wp\/v2\/media\/83517"}],"wp:attachment":[{"href":"https:\/\/fr.motocrossmag.be\/index.php\/wp-json\/wp\/v2\/media?parent=83516"}],"wp:term":[{"taxonomy":"category","embeddable":true,"href":"https:\/\/fr.motocrossmag.be\/index.php\/wp-json\/wp\/v2\/categories?post=83516"},{"taxonomy":"post_tag","embeddable":true,"href":"https:\/\/fr.motocrossmag.be\/index.php\/wp-json\/wp\/v2\/tags?post=83516"}],"curies":[{"name":"wp","href":"https:\/\/api.w.org\/{rel}","templated":true}]}}