{"id":83521,"date":"2019-02-01T22:03:25","date_gmt":"2019-02-01T21:03:25","guid":{"rendered":"https:\/\/fr.motocrossmag.be\/?p=83521"},"modified":"2019-02-01T22:03:25","modified_gmt":"2019-02-01T21:03:25","slug":"photos-la-premiere-journee-de-lenduropale-du-touquet-2019","status":"publish","type":"post","link":"https:\/\/fr.motocrossmag.be\/index.php\/2019\/02\/photos-la-premiere-journee-de-lenduropale-du-touquet-2019\/","title":{"rendered":"Photos : la premi\u00e8re journ\u00e9e de l&rsquo;Enduropale du Touquet 2019"},"content":{"rendered":"<p><strong>Le rendez-vous le plus attendu de la saison par tous les sp\u00e9cialistes du sable, c&rsquo;est ce week-end ! La 44\u00e8me \u00e9dition de l&rsquo;Enduropale du Touquet, la plus mythique des courses sur plage, s&rsquo;est ouverte ce vendredi. Quands, Juniors et Espoirs se succ\u00e8deront sur la c\u00e9l\u00e8bre plage de la c\u00f4te d&rsquo;Opale avant le grand d\u00e9part dimanche \u00e0 14h00. Ce vendredi, c&rsquo;est aux pilotes Vintage que revenait l&rsquo;honneur d&rsquo;ouvrir le bal.<\/p>\n<p><\/strong><\/p>\n<p>Photos : Dylan Botte<\/p>\n<p>&nbsp;<\/p>\n<div class=\"rgg-container\" data-rgg-id=\"1\">    <div class=\"rgg-imagegrid captions-title captions-effect-none \" data-rgg-id=\"1\">\n                    <a data-rel=\"iLightbox[postimages]\" data-title=\"Touquet-ven-2019-LRM_EXPORT_841479163864229_20190201_172433651\" data-caption=\"\" href=\"https:\/\/fr.motocrossmag.be\/wp-content\/uploads\/2019\/02\/Touquet-ven-2019-LRM_EXPORT_841479163864229_20190201_172433651-1024x683.jpg\" data-rel=\"rgg\" rel=\"rgg\" title=\"\" class=\"rgg-disabled size-medium rgg-img\" data-src=\"https:\/\/fr.motocrossmag.be\/wp-content\/uploads\/2019\/02\/Touquet-ven-2019-LRM_EXPORT_841479163864229_20190201_172433651-650x433.jpg\" data-ratio=\"1.5011547344111\" data-height=\"433\" data-width=\"650\" aria-label=\"\">\n                            <\/a>\n                    <a data-rel=\"iLightbox[postimages]\" data-title=\"Touquet-ven-2019-LRM_EXPORT_841514240123742_20190201_172508726\" data-caption=\"\" href=\"https:\/\/fr.motocrossmag.be\/wp-content\/uploads\/2019\/02\/Touquet-ven-2019-LRM_EXPORT_841514240123742_20190201_172508726-1024x683.jpg\" data-rel=\"rgg\" rel=\"rgg\" title=\"\" class=\"rgg-disabled size-medium rgg-img\" data-src=\"https:\/\/fr.motocrossmag.be\/wp-content\/uploads\/2019\/02\/Touquet-ven-2019-LRM_EXPORT_841514240123742_20190201_172508726-650x433.jpg\" data-ratio=\"1.5011547344111\" data-height=\"433\" data-width=\"650\" aria-label=\"\">\n                            <\/a>\n                    <a data-rel=\"iLightbox[postimages]\" data-title=\"Touquet-ven-2019-LRM_EXPORT_841551784940100_20190201_172546272\" data-caption=\"\" href=\"https:\/\/fr.motocrossmag.be\/wp-content\/uploads\/2019\/02\/Touquet-ven-2019-LRM_EXPORT_841551784940100_20190201_172546272-1024x683.jpg\" data-rel=\"rgg\" rel=\"rgg\" title=\"\" class=\"rgg-disabled size-medium rgg-img\" data-src=\"https:\/\/fr.motocrossmag.be\/wp-content\/uploads\/2019\/02\/Touquet-ven-2019-LRM_EXPORT_841551784940100_20190201_172546272-650x433.jpg\" data-ratio=\"1.5011547344111\" data-height=\"433\" data-width=\"650\" aria-label=\"\">\n                            <\/a>\n                    <a data-rel=\"iLightbox[postimages]\" data-title=\"Touquet-ven-2019-LRM_EXPORT_841585906960998_20190201_172620394\" data-caption=\"\" href=\"https:\/\/fr.motocrossmag.be\/wp-content\/uploads\/2019\/02\/Touquet-ven-2019-LRM_EXPORT_841585906960998_20190201_172620394-1024x683.jpg\" data-rel=\"rgg\" rel=\"rgg\" title=\"\" class=\"rgg-disabled size-medium rgg-img\" data-src=\"https:\/\/fr.motocrossmag.be\/wp-content\/uploads\/2019\/02\/Touquet-ven-2019-LRM_EXPORT_841585906960998_20190201_172620394-650x433.jpg\" data-ratio=\"1.5011547344111\" data-height=\"433\" data-width=\"650\" aria-label=\"\">\n                            <\/a>\n                    <a data-rel=\"iLightbox[postimages]\" data-title=\"Touquet-ven-2019-LRM_EXPORT_841623843848010_20190201_172658331\" data-caption=\"\" href=\"https:\/\/fr.motocrossmag.be\/wp-content\/uploads\/2019\/02\/Touquet-ven-2019-LRM_EXPORT_841623843848010_20190201_172658331-1024x683.jpg\" data-rel=\"rgg\" rel=\"rgg\" title=\"\" class=\"rgg-disabled size-medium rgg-img\" data-src=\"https:\/\/fr.motocrossmag.be\/wp-content\/uploads\/2019\/02\/Touquet-ven-2019-LRM_EXPORT_841623843848010_20190201_172658331-650x433.jpg\" data-ratio=\"1.5011547344111\" data-height=\"433\" data-width=\"650\" aria-label=\"\">\n                            <\/a>\n                    <a data-rel=\"iLightbox[postimages]\" data-title=\"Touquet-ven-2019-LRM_EXPORT_841653832583450_20190201_172728320\" data-caption=\"\" href=\"https:\/\/fr.motocrossmag.be\/wp-content\/uploads\/2019\/02\/Touquet-ven-2019-LRM_EXPORT_841653832583450_20190201_172728320-1024x683.jpg\" data-rel=\"rgg\" rel=\"rgg\" title=\"\" class=\"rgg-disabled size-medium rgg-img\" data-src=\"https:\/\/fr.motocrossmag.be\/wp-content\/uploads\/2019\/02\/Touquet-ven-2019-LRM_EXPORT_841653832583450_20190201_172728320-650x433.jpg\" data-ratio=\"1.5011547344111\" data-height=\"433\" data-width=\"650\" aria-label=\"\">\n                            <\/a>\n                    <a data-rel=\"iLightbox[postimages]\" data-title=\"Touquet-ven-2019-LRM_EXPORT_841686706740696_20190201_172801194\" data-caption=\"\" href=\"https:\/\/fr.motocrossmag.be\/wp-content\/uploads\/2019\/02\/Touquet-ven-2019-LRM_EXPORT_841686706740696_20190201_172801194-1024x683.jpg\" data-rel=\"rgg\" rel=\"rgg\" title=\"\" class=\"rgg-disabled size-medium rgg-img\" data-src=\"https:\/\/fr.motocrossmag.be\/wp-content\/uploads\/2019\/02\/Touquet-ven-2019-LRM_EXPORT_841686706740696_20190201_172801194-650x433.jpg\" data-ratio=\"1.5011547344111\" data-height=\"433\" data-width=\"650\" aria-label=\"\">\n                            <\/a>\n                    <a data-rel=\"iLightbox[postimages]\" data-title=\"Touquet-ven-2019-LRM_EXPORT_841731452934779_20190201_172845940\" data-caption=\"\" href=\"https:\/\/fr.motocrossmag.be\/wp-content\/uploads\/2019\/02\/Touquet-ven-2019-LRM_EXPORT_841731452934779_20190201_172845940-1024x683.jpg\" data-rel=\"rgg\" rel=\"rgg\" title=\"\" class=\"rgg-disabled size-medium rgg-img\" data-src=\"https:\/\/fr.motocrossmag.be\/wp-content\/uploads\/2019\/02\/Touquet-ven-2019-LRM_EXPORT_841731452934779_20190201_172845940-650x433.jpg\" data-ratio=\"1.5011547344111\" data-height=\"433\" data-width=\"650\" aria-label=\"\">\n                            <\/a>\n                    <a data-rel=\"iLightbox[postimages]\" data-title=\"Touquet-ven-2019-LRM_EXPORT_841766303722485_20190201_172920791\" data-caption=\"\" href=\"https:\/\/fr.motocrossmag.be\/wp-content\/uploads\/2019\/02\/Touquet-ven-2019-LRM_EXPORT_841766303722485_20190201_172920791-1024x683.jpg\" data-rel=\"rgg\" rel=\"rgg\" title=\"\" class=\"rgg-disabled size-medium rgg-img\" data-src=\"https:\/\/fr.motocrossmag.be\/wp-content\/uploads\/2019\/02\/Touquet-ven-2019-LRM_EXPORT_841766303722485_20190201_172920791-650x433.jpg\" data-ratio=\"1.5011547344111\" data-height=\"433\" data-width=\"650\" aria-label=\"\">\n                            <\/a>\n                    <a data-rel=\"iLightbox[postimages]\" data-title=\"Touquet-ven-2019-LRM_EXPORT_841791911243043_20190201_172946398\" data-caption=\"\" href=\"https:\/\/fr.motocrossmag.be\/wp-content\/uploads\/2019\/02\/Touquet-ven-2019-LRM_EXPORT_841791911243043_20190201_172946398-1024x683.jpg\" data-rel=\"rgg\" rel=\"rgg\" title=\"\" class=\"rgg-disabled size-medium rgg-img\" data-src=\"https:\/\/fr.motocrossmag.be\/wp-content\/uploads\/2019\/02\/Touquet-ven-2019-LRM_EXPORT_841791911243043_20190201_172946398-650x433.jpg\" data-ratio=\"1.5011547344111\" data-height=\"433\" data-width=\"650\" aria-label=\"\">\n                            <\/a>\n                    <a data-rel=\"iLightbox[postimages]\" data-title=\"Touquet-ven-2019-LRM_EXPORT_841819527371024_20190201_173014014\" data-caption=\"\" href=\"https:\/\/fr.motocrossmag.be\/wp-content\/uploads\/2019\/02\/Touquet-ven-2019-LRM_EXPORT_841819527371024_20190201_173014014-1024x683.jpg\" data-rel=\"rgg\" rel=\"rgg\" title=\"\" class=\"rgg-disabled size-medium rgg-img\" data-src=\"https:\/\/fr.motocrossmag.be\/wp-content\/uploads\/2019\/02\/Touquet-ven-2019-LRM_EXPORT_841819527371024_20190201_173014014-650x433.jpg\" data-ratio=\"1.5011547344111\" data-height=\"433\" data-width=\"650\" aria-label=\"\">\n                            <\/a>\n                    <a data-rel=\"iLightbox[postimages]\" data-title=\"Touquet-ven-2019-LRM_EXPORT_841847817893388_20190201_173042305\" data-caption=\"\" href=\"https:\/\/fr.motocrossmag.be\/wp-content\/uploads\/2019\/02\/Touquet-ven-2019-LRM_EXPORT_841847817893388_20190201_173042305-1024x683.jpg\" data-rel=\"rgg\" rel=\"rgg\" title=\"\" class=\"rgg-disabled size-medium rgg-img\" data-src=\"https:\/\/fr.motocrossmag.be\/wp-content\/uploads\/2019\/02\/Touquet-ven-2019-LRM_EXPORT_841847817893388_20190201_173042305-650x433.jpg\" data-ratio=\"1.5011547344111\" data-height=\"433\" data-width=\"650\" aria-label=\"\">\n                            <\/a>\n                    <a data-rel=\"iLightbox[postimages]\" data-title=\"Touquet-ven-2019-LRM_EXPORT_841871843458448_20190201_173106331\" data-caption=\"\" href=\"https:\/\/fr.motocrossmag.be\/wp-content\/uploads\/2019\/02\/Touquet-ven-2019-LRM_EXPORT_841871843458448_20190201_173106331-1024x683.jpg\" data-rel=\"rgg\" rel=\"rgg\" title=\"\" class=\"rgg-disabled size-medium rgg-img\" data-src=\"https:\/\/fr.motocrossmag.be\/wp-content\/uploads\/2019\/02\/Touquet-ven-2019-LRM_EXPORT_841871843458448_20190201_173106331-650x433.jpg\" data-ratio=\"1.5011547344111\" data-height=\"433\" data-width=\"650\" aria-label=\"\">\n                            <\/a>\n                    <a data-rel=\"iLightbox[postimages]\" data-title=\"Touquet-ven-2019-LRM_EXPORT_841896185723815_20190201_173130673\" data-caption=\"\" href=\"https:\/\/fr.motocrossmag.be\/wp-content\/uploads\/2019\/02\/Touquet-ven-2019-LRM_EXPORT_841896185723815_20190201_173130673-1024x683.jpg\" data-rel=\"rgg\" rel=\"rgg\" title=\"\" class=\"rgg-disabled size-medium rgg-img\" data-src=\"https:\/\/fr.motocrossmag.be\/wp-content\/uploads\/2019\/02\/Touquet-ven-2019-LRM_EXPORT_841896185723815_20190201_173130673-650x433.jpg\" data-ratio=\"1.5011547344111\" data-height=\"433\" data-width=\"650\" aria-label=\"\">\n                            <\/a>\n                    <a data-rel=\"iLightbox[postimages]\" data-title=\"Touquet-ven-2019-LRM_EXPORT_841927410454870_20190201_173201896\" data-caption=\"\" href=\"https:\/\/fr.motocrossmag.be\/wp-content\/uploads\/2019\/02\/Touquet-ven-2019-LRM_EXPORT_841927410454870_20190201_173201896-1024x683.jpg\" data-rel=\"rgg\" rel=\"rgg\" title=\"\" class=\"rgg-disabled size-medium rgg-img\" data-src=\"https:\/\/fr.motocrossmag.be\/wp-content\/uploads\/2019\/02\/Touquet-ven-2019-LRM_EXPORT_841927410454870_20190201_173201896-650x433.jpg\" data-ratio=\"1.5011547344111\" data-height=\"433\" data-width=\"650\" aria-label=\"\">\n                            <\/a>\n                    <a data-rel=\"iLightbox[postimages]\" data-title=\"Touquet-ven-2019-LRM_EXPORT_841955823003042_20190201_173230310\" data-caption=\"\" href=\"https:\/\/fr.motocrossmag.be\/wp-content\/uploads\/2019\/02\/Touquet-ven-2019-LRM_EXPORT_841955823003042_20190201_173230310-1024x683.jpg\" data-rel=\"rgg\" rel=\"rgg\" title=\"\" class=\"rgg-disabled size-medium rgg-img\" data-src=\"https:\/\/fr.motocrossmag.be\/wp-content\/uploads\/2019\/02\/Touquet-ven-2019-LRM_EXPORT_841955823003042_20190201_173230310-650x433.jpg\" data-ratio=\"1.5011547344111\" data-height=\"433\" data-width=\"650\" aria-label=\"\">\n                            <\/a>\n                    <a data-rel=\"iLightbox[postimages]\" data-title=\"Touquet-ven-2019-LRM_EXPORT_841980408302870_20190201_173254893\" data-caption=\"\" href=\"https:\/\/fr.motocrossmag.be\/wp-content\/uploads\/2019\/02\/Touquet-ven-2019-LRM_EXPORT_841980408302870_20190201_173254893-1024x683.jpg\" data-rel=\"rgg\" rel=\"rgg\" title=\"\" class=\"rgg-disabled size-medium rgg-img\" data-src=\"https:\/\/fr.motocrossmag.be\/wp-content\/uploads\/2019\/02\/Touquet-ven-2019-LRM_EXPORT_841980408302870_20190201_173254893-650x433.jpg\" data-ratio=\"1.5011547344111\" data-height=\"433\" data-width=\"650\" aria-label=\"\">\n                            <\/a>\n                    <a data-rel=\"iLightbox[postimages]\" data-title=\"Touquet-ven-2019-LRM_EXPORT_842009849045272_20190201_173324336\" data-caption=\"\" href=\"https:\/\/fr.motocrossmag.be\/wp-content\/uploads\/2019\/02\/Touquet-ven-2019-LRM_EXPORT_842009849045272_20190201_173324336-1024x683.jpg\" data-rel=\"rgg\" rel=\"rgg\" title=\"\" class=\"rgg-disabled size-medium rgg-img\" data-src=\"https:\/\/fr.motocrossmag.be\/wp-content\/uploads\/2019\/02\/Touquet-ven-2019-LRM_EXPORT_842009849045272_20190201_173324336-650x433.jpg\" data-ratio=\"1.5011547344111\" data-height=\"433\" data-width=\"650\" aria-label=\"\">\n                            <\/a>\n                    <a data-rel=\"iLightbox[postimages]\" data-title=\"Touquet-ven-2019-LRM_EXPORT_842099054096862_20190201_173453541\" data-caption=\"\" href=\"https:\/\/fr.motocrossmag.be\/wp-content\/uploads\/2019\/02\/Touquet-ven-2019-LRM_EXPORT_842099054096862_20190201_173453541-1024x682.jpg\" data-rel=\"rgg\" rel=\"rgg\" title=\"\" class=\"rgg-disabled size-medium rgg-img\" data-src=\"https:\/\/fr.motocrossmag.be\/wp-content\/uploads\/2019\/02\/Touquet-ven-2019-LRM_EXPORT_842099054096862_20190201_173453541-650x433.jpg\" data-ratio=\"1.5011547344111\" data-height=\"433\" data-width=\"650\" aria-label=\"\">\n                            <\/a>\n                    <a data-rel=\"iLightbox[postimages]\" data-title=\"Touquet-ven-2019-LRM_EXPORT_842188491767144_20190201_173622979\" data-caption=\"\" href=\"https:\/\/fr.motocrossmag.be\/wp-content\/uploads\/2019\/02\/Touquet-ven-2019-LRM_EXPORT_842188491767144_20190201_173622979-1024x682.jpg\" data-rel=\"rgg\" rel=\"rgg\" title=\"\" class=\"rgg-disabled size-medium rgg-img\" data-src=\"https:\/\/fr.motocrossmag.be\/wp-content\/uploads\/2019\/02\/Touquet-ven-2019-LRM_EXPORT_842188491767144_20190201_173622979-650x433.jpg\" data-ratio=\"1.5011547344111\" data-height=\"433\" data-width=\"650\" aria-label=\"\">\n                            <\/a>\n                    <a data-rel=\"iLightbox[postimages]\" data-title=\"Touquet-ven-2019-LRM_EXPORT_842221359750659_20190201_173655847\" data-caption=\"\" href=\"https:\/\/fr.motocrossmag.be\/wp-content\/uploads\/2019\/02\/Touquet-ven-2019-LRM_EXPORT_842221359750659_20190201_173655847-1024x682.jpg\" data-rel=\"rgg\" rel=\"rgg\" title=\"\" class=\"rgg-disabled size-medium rgg-img\" data-src=\"https:\/\/fr.motocrossmag.be\/wp-content\/uploads\/2019\/02\/Touquet-ven-2019-LRM_EXPORT_842221359750659_20190201_173655847-650x433.jpg\" data-ratio=\"1.5011547344111\" data-height=\"433\" data-width=\"650\" aria-label=\"\">\n                            <\/a>\n                    <a data-rel=\"iLightbox[postimages]\" data-title=\"Touquet-ven-2019-LRM_EXPORT_842275149136005_20190201_173749636\" data-caption=\"\" href=\"https:\/\/fr.motocrossmag.be\/wp-content\/uploads\/2019\/02\/Touquet-ven-2019-LRM_EXPORT_842275149136005_20190201_173749636-1024x682.jpg\" data-rel=\"rgg\" rel=\"rgg\" title=\"\" class=\"rgg-disabled size-medium rgg-img\" data-src=\"https:\/\/fr.motocrossmag.be\/wp-content\/uploads\/2019\/02\/Touquet-ven-2019-LRM_EXPORT_842275149136005_20190201_173749636-650x433.jpg\" data-ratio=\"1.5011547344111\" data-height=\"433\" data-width=\"650\" aria-label=\"\">\n                            <\/a>\n                    <a data-rel=\"iLightbox[postimages]\" data-title=\"Touquet-ven-2019-LRM_EXPORT_842309105655173_20190201_173823593\" data-caption=\"\" href=\"https:\/\/fr.motocrossmag.be\/wp-content\/uploads\/2019\/02\/Touquet-ven-2019-LRM_EXPORT_842309105655173_20190201_173823593-1024x682.jpg\" data-rel=\"rgg\" rel=\"rgg\" title=\"\" class=\"rgg-disabled size-medium rgg-img\" data-src=\"https:\/\/fr.motocrossmag.be\/wp-content\/uploads\/2019\/02\/Touquet-ven-2019-LRM_EXPORT_842309105655173_20190201_173823593-650x433.jpg\" data-ratio=\"1.5011547344111\" data-height=\"433\" data-width=\"650\" aria-label=\"\">\n                            <\/a>\n                    <a data-rel=\"iLightbox[postimages]\" data-title=\"Touquet-ven-2019-LRM_EXPORT_842338071513960_20190201_173852559\" data-caption=\"\" href=\"https:\/\/fr.motocrossmag.be\/wp-content\/uploads\/2019\/02\/Touquet-ven-2019-LRM_EXPORT_842338071513960_20190201_173852559-1024x683.jpg\" data-rel=\"rgg\" rel=\"rgg\" title=\"\" class=\"rgg-disabled size-medium rgg-img\" data-src=\"https:\/\/fr.motocrossmag.be\/wp-content\/uploads\/2019\/02\/Touquet-ven-2019-LRM_EXPORT_842338071513960_20190201_173852559-650x433.jpg\" data-ratio=\"1.5011547344111\" data-height=\"433\" data-width=\"650\" aria-label=\"\">\n                            <\/a>\n                    <a data-rel=\"iLightbox[postimages]\" data-title=\"Touquet-ven-2019-LRM_EXPORT_842373579780281_20190201_173928067\" data-caption=\"\" href=\"https:\/\/fr.motocrossmag.be\/wp-content\/uploads\/2019\/02\/Touquet-ven-2019-LRM_EXPORT_842373579780281_20190201_173928067-1024x584.jpg\" data-rel=\"rgg\" rel=\"rgg\" title=\"\" class=\"rgg-disabled size-medium rgg-img\" data-src=\"https:\/\/fr.motocrossmag.be\/wp-content\/uploads\/2019\/02\/Touquet-ven-2019-LRM_EXPORT_842373579780281_20190201_173928067-650x371.jpg\" data-ratio=\"1.7520215633423\" data-height=\"371\" data-width=\"650\" aria-label=\"\">\n                            <\/a>\n                    <a data-rel=\"iLightbox[postimages]\" data-title=\"Touquet-ven-2019-LRM_EXPORT_842398511975494_20190201_173952999\" data-caption=\"\" href=\"https:\/\/fr.motocrossmag.be\/wp-content\/uploads\/2019\/02\/Touquet-ven-2019-LRM_EXPORT_842398511975494_20190201_173952999-1024x683.jpg\" data-rel=\"rgg\" rel=\"rgg\" title=\"\" class=\"rgg-disabled size-medium rgg-img\" data-src=\"https:\/\/fr.motocrossmag.be\/wp-content\/uploads\/2019\/02\/Touquet-ven-2019-LRM_EXPORT_842398511975494_20190201_173952999-650x433.jpg\" data-ratio=\"1.5011547344111\" data-height=\"433\" data-width=\"650\" aria-label=\"\">\n                            <\/a>\n                    <a data-rel=\"iLightbox[postimages]\" data-title=\"Touquet-ven-2019-LRM_EXPORT_842437817874620_20190201_174032305\" data-caption=\"\" href=\"https:\/\/fr.motocrossmag.be\/wp-content\/uploads\/2019\/02\/Touquet-ven-2019-LRM_EXPORT_842437817874620_20190201_174032305-1024x673.jpg\" data-rel=\"rgg\" rel=\"rgg\" title=\"\" class=\"rgg-disabled size-medium rgg-img\" data-src=\"https:\/\/fr.motocrossmag.be\/wp-content\/uploads\/2019\/02\/Touquet-ven-2019-LRM_EXPORT_842437817874620_20190201_174032305-650x427.jpg\" data-ratio=\"1.5222482435597\" data-height=\"427\" data-width=\"650\" aria-label=\"\">\n                            <\/a>\n                    <a data-rel=\"iLightbox[postimages]\" data-title=\"Touquet-ven-2019-LRM_EXPORT_842465370126331_20190201_174059857\" data-caption=\"\" href=\"https:\/\/fr.motocrossmag.be\/wp-content\/uploads\/2019\/02\/Touquet-ven-2019-LRM_EXPORT_842465370126331_20190201_174059857-1024x683.jpg\" data-rel=\"rgg\" rel=\"rgg\" title=\"\" class=\"rgg-disabled size-medium rgg-img\" data-src=\"https:\/\/fr.motocrossmag.be\/wp-content\/uploads\/2019\/02\/Touquet-ven-2019-LRM_EXPORT_842465370126331_20190201_174059857-650x433.jpg\" data-ratio=\"1.5011547344111\" data-height=\"433\" data-width=\"650\" aria-label=\"\">\n                            <\/a>\n                    <a data-rel=\"iLightbox[postimages]\" data-title=\"Touquet-ven-2019-LRM_EXPORT_842491720875735_20190201_174126208\" data-caption=\"\" href=\"https:\/\/fr.motocrossmag.be\/wp-content\/uploads\/2019\/02\/Touquet-ven-2019-LRM_EXPORT_842491720875735_20190201_174126208-1024x683.jpg\" data-rel=\"rgg\" rel=\"rgg\" title=\"\" class=\"rgg-disabled size-medium rgg-img\" data-src=\"https:\/\/fr.motocrossmag.be\/wp-content\/uploads\/2019\/02\/Touquet-ven-2019-LRM_EXPORT_842491720875735_20190201_174126208-650x433.jpg\" data-ratio=\"1.5011547344111\" data-height=\"433\" data-width=\"650\" aria-label=\"\">\n                            <\/a>\n                    <a data-rel=\"iLightbox[postimages]\" data-title=\"Touquet-ven-2019-LRM_EXPORT_842517855974447_20190201_174152343\" data-caption=\"\" href=\"https:\/\/fr.motocrossmag.be\/wp-content\/uploads\/2019\/02\/Touquet-ven-2019-LRM_EXPORT_842517855974447_20190201_174152343-1024x683.jpg\" data-rel=\"rgg\" rel=\"rgg\" title=\"\" class=\"rgg-disabled size-medium rgg-img\" data-src=\"https:\/\/fr.motocrossmag.be\/wp-content\/uploads\/2019\/02\/Touquet-ven-2019-LRM_EXPORT_842517855974447_20190201_174152343-650x433.jpg\" data-ratio=\"1.5011547344111\" data-height=\"433\" data-width=\"650\" aria-label=\"\">\n                            <\/a>\n            <\/div>\n<\/div>\n","protected":false},"excerpt":{"rendered":"<p>Le rendez-vous le plus attendu de la saison par tous les sp\u00e9cialistes du sable, c&rsquo;est ce week-end ! La 44\u00e8me \u00e9dition de l&rsquo;Enduropale du Touquet, la plus mythique des courses [&#8230;]<\/p>\n","protected":false},"author":932,"featured_media":83546,"comment_status":"open","ping_status":"closed","sticky":false,"template":"","format":"standard","meta":{"footnotes":""},"categories":[54,1075,32,33,55,66,65],"tags":[],"class_list":["post-83521","post","type-post","status-publish","format-standard","has-post-thumbnail","hentry","category-actualite","category-courses-de-sable","category-enduro","category-news-enduro","category-news-actualite","category-photos","category-slideshow"],"yoast_head":"<!-- This site is optimized with the Yoast SEO plugin v27.4 - https:\/\/yoast.com\/product\/yoast-seo-wordpress\/ -->\n<title>Photos : la premi\u00e8re journ\u00e9e de l&#039;Enduropale du Touquet 2019 - Motocross - Enduro - Supermoto | MotocrossMag<\/title>\n<meta name=\"robots\" content=\"index, follow, max-snippet:-1, max-image-preview:large, max-video-preview:-1\" \/>\n<link rel=\"canonical\" href=\"https:\/\/fr.motocrossmag.be\/index.php\/2019\/02\/photos-la-premiere-journee-de-lenduropale-du-touquet-2019\/\" \/>\n<meta property=\"og:locale\" content=\"fr_FR\" \/>\n<meta property=\"og:type\" content=\"article\" \/>\n<meta property=\"og:title\" content=\"Photos : la premi\u00e8re journ\u00e9e de l&#039;Enduropale du Touquet 2019 - Motocross - Enduro - Supermoto | MotocrossMag\" \/>\n<meta property=\"og:description\" content=\"Le rendez-vous le plus attendu de la saison par tous les sp\u00e9cialistes du sable, c&rsquo;est ce week-end ! La 44\u00e8me \u00e9dition de l&rsquo;Enduropale du Touquet, la plus mythique des courses [...]\" \/>\n<meta property=\"og:url\" content=\"https:\/\/fr.motocrossmag.be\/index.php\/2019\/02\/photos-la-premiere-journee-de-lenduropale-du-touquet-2019\/\" \/>\n<meta property=\"og:site_name\" content=\"Motocross - Enduro - Supermoto | MotocrossMag\" \/>\n<meta property=\"article:published_time\" content=\"2019-02-01T21:03:25+00:00\" \/>\n<meta property=\"og:image\" content=\"https:\/\/fr.motocrossmag.be\/wp-content\/uploads\/2019\/02\/Touquet-ven-2019-LRM_EXPORT_842373579780281_20190201_173928067.jpg\" \/>\n\t<meta property=\"og:image:width\" content=\"1400\" \/>\n\t<meta property=\"og:image:height\" content=\"798\" \/>\n\t<meta property=\"og:image:type\" content=\"image\/jpeg\" \/>\n<meta name=\"author\" content=\"oliviere\" \/>\n<meta name=\"twitter:card\" content=\"summary_large_image\" \/>\n<meta name=\"twitter:label1\" content=\"\u00c9crit par\" \/>\n\t<meta name=\"twitter:data1\" content=\"oliviere\" \/>\n<script type=\"application\/ld+json\" class=\"yoast-schema-graph\">{\"@context\":\"https:\\\/\\\/schema.org\",\"@graph\":[{\"@type\":\"Article\",\"@id\":\"https:\\\/\\\/fr.motocrossmag.be\\\/index.php\\\/2019\\\/02\\\/photos-la-premiere-journee-de-lenduropale-du-touquet-2019\\\/#article\",\"isPartOf\":{\"@id\":\"https:\\\/\\\/fr.motocrossmag.be\\\/index.php\\\/2019\\\/02\\\/photos-la-premiere-journee-de-lenduropale-du-touquet-2019\\\/\"},\"author\":{\"name\":\"oliviere\",\"@id\":\"https:\\\/\\\/fr.motocrossmag.be\\\/#\\\/schema\\\/person\\\/11b47143d9f755babca2c9110e03235c\"},\"headline\":\"Photos : la premi\u00e8re journ\u00e9e de l&rsquo;Enduropale du Touquet 2019\",\"datePublished\":\"2019-02-01T21:03:25+00:00\",\"mainEntityOfPage\":{\"@id\":\"https:\\\/\\\/fr.motocrossmag.be\\\/index.php\\\/2019\\\/02\\\/photos-la-premiere-journee-de-lenduropale-du-touquet-2019\\\/\"},\"wordCount\":97,\"commentCount\":0,\"image\":{\"@id\":\"https:\\\/\\\/fr.motocrossmag.be\\\/index.php\\\/2019\\\/02\\\/photos-la-premiere-journee-de-lenduropale-du-touquet-2019\\\/#primaryimage\"},\"thumbnailUrl\":\"https:\\\/\\\/fr.motocrossmag.be\\\/wp-content\\\/uploads\\\/2019\\\/02\\\/Touquet-ven-2019-LRM_EXPORT_842373579780281_20190201_173928067.jpg\",\"articleSection\":[\"Actualit\u00e9\",\"Courses de sable\",\"Enduro\",\"News\",\"News\",\"Photos\",\"Slideshow\"],\"inLanguage\":\"fr-FR\",\"potentialAction\":[{\"@type\":\"CommentAction\",\"name\":\"Comment\",\"target\":[\"https:\\\/\\\/fr.motocrossmag.be\\\/index.php\\\/2019\\\/02\\\/photos-la-premiere-journee-de-lenduropale-du-touquet-2019\\\/#respond\"]}]},{\"@type\":\"WebPage\",\"@id\":\"https:\\\/\\\/fr.motocrossmag.be\\\/index.php\\\/2019\\\/02\\\/photos-la-premiere-journee-de-lenduropale-du-touquet-2019\\\/\",\"url\":\"https:\\\/\\\/fr.motocrossmag.be\\\/index.php\\\/2019\\\/02\\\/photos-la-premiere-journee-de-lenduropale-du-touquet-2019\\\/\",\"name\":\"Photos : la premi\u00e8re journ\u00e9e de l'Enduropale du Touquet 2019 - Motocross - Enduro - Supermoto | MotocrossMag\",\"isPartOf\":{\"@id\":\"https:\\\/\\\/fr.motocrossmag.be\\\/#website\"},\"primaryImageOfPage\":{\"@id\":\"https:\\\/\\\/fr.motocrossmag.be\\\/index.php\\\/2019\\\/02\\\/photos-la-premiere-journee-de-lenduropale-du-touquet-2019\\\/#primaryimage\"},\"image\":{\"@id\":\"https:\\\/\\\/fr.motocrossmag.be\\\/index.php\\\/2019\\\/02\\\/photos-la-premiere-journee-de-lenduropale-du-touquet-2019\\\/#primaryimage\"},\"thumbnailUrl\":\"https:\\\/\\\/fr.motocrossmag.be\\\/wp-content\\\/uploads\\\/2019\\\/02\\\/Touquet-ven-2019-LRM_EXPORT_842373579780281_20190201_173928067.jpg\",\"datePublished\":\"2019-02-01T21:03:25+00:00\",\"author\":{\"@id\":\"https:\\\/\\\/fr.motocrossmag.be\\\/#\\\/schema\\\/person\\\/11b47143d9f755babca2c9110e03235c\"},\"breadcrumb\":{\"@id\":\"https:\\\/\\\/fr.motocrossmag.be\\\/index.php\\\/2019\\\/02\\\/photos-la-premiere-journee-de-lenduropale-du-touquet-2019\\\/#breadcrumb\"},\"inLanguage\":\"fr-FR\",\"potentialAction\":[{\"@type\":\"ReadAction\",\"target\":[\"https:\\\/\\\/fr.motocrossmag.be\\\/index.php\\\/2019\\\/02\\\/photos-la-premiere-journee-de-lenduropale-du-touquet-2019\\\/\"]}]},{\"@type\":\"ImageObject\",\"inLanguage\":\"fr-FR\",\"@id\":\"https:\\\/\\\/fr.motocrossmag.be\\\/index.php\\\/2019\\\/02\\\/photos-la-premiere-journee-de-lenduropale-du-touquet-2019\\\/#primaryimage\",\"url\":\"https:\\\/\\\/fr.motocrossmag.be\\\/wp-content\\\/uploads\\\/2019\\\/02\\\/Touquet-ven-2019-LRM_EXPORT_842373579780281_20190201_173928067.jpg\",\"contentUrl\":\"https:\\\/\\\/fr.motocrossmag.be\\\/wp-content\\\/uploads\\\/2019\\\/02\\\/Touquet-ven-2019-LRM_EXPORT_842373579780281_20190201_173928067.jpg\",\"width\":1400,\"height\":798},{\"@type\":\"BreadcrumbList\",\"@id\":\"https:\\\/\\\/fr.motocrossmag.be\\\/index.php\\\/2019\\\/02\\\/photos-la-premiere-journee-de-lenduropale-du-touquet-2019\\\/#breadcrumb\",\"itemListElement\":[{\"@type\":\"ListItem\",\"position\":1,\"name\":\"Accueil\",\"item\":\"https:\\\/\\\/fr.motocrossmag.be\\\/\"},{\"@type\":\"ListItem\",\"position\":2,\"name\":\"Photos : la premi\u00e8re journ\u00e9e de l&rsquo;Enduropale du Touquet 2019\"}]},{\"@type\":\"WebSite\",\"@id\":\"https:\\\/\\\/fr.motocrossmag.be\\\/#website\",\"url\":\"https:\\\/\\\/fr.motocrossmag.be\\\/\",\"name\":\"Motocross - Enduro - Supermoto | MotocrossMag\",\"description\":\"L&#039;actualit\u00e9 du motocross, de l&#039;enduro et du Supermoto en ligne!\",\"potentialAction\":[{\"@type\":\"SearchAction\",\"target\":{\"@type\":\"EntryPoint\",\"urlTemplate\":\"https:\\\/\\\/fr.motocrossmag.be\\\/?s={search_term_string}\"},\"query-input\":{\"@type\":\"PropertyValueSpecification\",\"valueRequired\":true,\"valueName\":\"search_term_string\"}}],\"inLanguage\":\"fr-FR\"},{\"@type\":\"Person\",\"@id\":\"https:\\\/\\\/fr.motocrossmag.be\\\/#\\\/schema\\\/person\\\/11b47143d9f755babca2c9110e03235c\",\"name\":\"oliviere\",\"image\":{\"@type\":\"ImageObject\",\"inLanguage\":\"fr-FR\",\"@id\":\"https:\\\/\\\/secure.gravatar.com\\\/avatar\\\/907069e0b81d119452040469e4a7501da1100f54f7f80180ce77bfab718288f6?s=96&d=mm&r=g\",\"url\":\"https:\\\/\\\/secure.gravatar.com\\\/avatar\\\/907069e0b81d119452040469e4a7501da1100f54f7f80180ce77bfab718288f6?s=96&d=mm&r=g\",\"contentUrl\":\"https:\\\/\\\/secure.gravatar.com\\\/avatar\\\/907069e0b81d119452040469e4a7501da1100f54f7f80180ce77bfab718288f6?s=96&d=mm&r=g\",\"caption\":\"oliviere\"},\"sameAs\":[\"http:\\\/\\\/www.motocrossmag.be\"],\"url\":\"https:\\\/\\\/fr.motocrossmag.be\\\/index.php\\\/author\\\/oliviere\\\/\"}]}<\/script>\n<!-- \/ Yoast SEO plugin. -->","yoast_head_json":{"title":"Photos : la premi\u00e8re journ\u00e9e de l'Enduropale du Touquet 2019 - Motocross - Enduro - Supermoto | MotocrossMag","robots":{"index":"index","follow":"follow","max-snippet":"max-snippet:-1","max-image-preview":"max-image-preview:large","max-video-preview":"max-video-preview:-1"},"canonical":"https:\/\/fr.motocrossmag.be\/index.php\/2019\/02\/photos-la-premiere-journee-de-lenduropale-du-touquet-2019\/","og_locale":"fr_FR","og_type":"article","og_title":"Photos : la premi\u00e8re journ\u00e9e de l'Enduropale du Touquet 2019 - Motocross - Enduro - Supermoto | MotocrossMag","og_description":"Le rendez-vous le plus attendu de la saison par tous les sp\u00e9cialistes du sable, c&rsquo;est ce week-end ! La 44\u00e8me \u00e9dition de l&rsquo;Enduropale du Touquet, la plus mythique des courses [...]","og_url":"https:\/\/fr.motocrossmag.be\/index.php\/2019\/02\/photos-la-premiere-journee-de-lenduropale-du-touquet-2019\/","og_site_name":"Motocross - Enduro - Supermoto | MotocrossMag","article_published_time":"2019-02-01T21:03:25+00:00","og_image":[{"width":1400,"height":798,"url":"https:\/\/fr.motocrossmag.be\/wp-content\/uploads\/2019\/02\/Touquet-ven-2019-LRM_EXPORT_842373579780281_20190201_173928067.jpg","type":"image\/jpeg"}],"author":"oliviere","twitter_card":"summary_large_image","twitter_misc":{"\u00c9crit par":"oliviere"},"schema":{"@context":"https:\/\/schema.org","@graph":[{"@type":"Article","@id":"https:\/\/fr.motocrossmag.be\/index.php\/2019\/02\/photos-la-premiere-journee-de-lenduropale-du-touquet-2019\/#article","isPartOf":{"@id":"https:\/\/fr.motocrossmag.be\/index.php\/2019\/02\/photos-la-premiere-journee-de-lenduropale-du-touquet-2019\/"},"author":{"name":"oliviere","@id":"https:\/\/fr.motocrossmag.be\/#\/schema\/person\/11b47143d9f755babca2c9110e03235c"},"headline":"Photos : la premi\u00e8re journ\u00e9e de l&rsquo;Enduropale du Touquet 2019","datePublished":"2019-02-01T21:03:25+00:00","mainEntityOfPage":{"@id":"https:\/\/fr.motocrossmag.be\/index.php\/2019\/02\/photos-la-premiere-journee-de-lenduropale-du-touquet-2019\/"},"wordCount":97,"commentCount":0,"image":{"@id":"https:\/\/fr.motocrossmag.be\/index.php\/2019\/02\/photos-la-premiere-journee-de-lenduropale-du-touquet-2019\/#primaryimage"},"thumbnailUrl":"https:\/\/fr.motocrossmag.be\/wp-content\/uploads\/2019\/02\/Touquet-ven-2019-LRM_EXPORT_842373579780281_20190201_173928067.jpg","articleSection":["Actualit\u00e9","Courses de sable","Enduro","News","News","Photos","Slideshow"],"inLanguage":"fr-FR","potentialAction":[{"@type":"CommentAction","name":"Comment","target":["https:\/\/fr.motocrossmag.be\/index.php\/2019\/02\/photos-la-premiere-journee-de-lenduropale-du-touquet-2019\/#respond"]}]},{"@type":"WebPage","@id":"https:\/\/fr.motocrossmag.be\/index.php\/2019\/02\/photos-la-premiere-journee-de-lenduropale-du-touquet-2019\/","url":"https:\/\/fr.motocrossmag.be\/index.php\/2019\/02\/photos-la-premiere-journee-de-lenduropale-du-touquet-2019\/","name":"Photos : la premi\u00e8re journ\u00e9e de l'Enduropale du Touquet 2019 - Motocross - Enduro - Supermoto | MotocrossMag","isPartOf":{"@id":"https:\/\/fr.motocrossmag.be\/#website"},"primaryImageOfPage":{"@id":"https:\/\/fr.motocrossmag.be\/index.php\/2019\/02\/photos-la-premiere-journee-de-lenduropale-du-touquet-2019\/#primaryimage"},"image":{"@id":"https:\/\/fr.motocrossmag.be\/index.php\/2019\/02\/photos-la-premiere-journee-de-lenduropale-du-touquet-2019\/#primaryimage"},"thumbnailUrl":"https:\/\/fr.motocrossmag.be\/wp-content\/uploads\/2019\/02\/Touquet-ven-2019-LRM_EXPORT_842373579780281_20190201_173928067.jpg","datePublished":"2019-02-01T21:03:25+00:00","author":{"@id":"https:\/\/fr.motocrossmag.be\/#\/schema\/person\/11b47143d9f755babca2c9110e03235c"},"breadcrumb":{"@id":"https:\/\/fr.motocrossmag.be\/index.php\/2019\/02\/photos-la-premiere-journee-de-lenduropale-du-touquet-2019\/#breadcrumb"},"inLanguage":"fr-FR","potentialAction":[{"@type":"ReadAction","target":["https:\/\/fr.motocrossmag.be\/index.php\/2019\/02\/photos-la-premiere-journee-de-lenduropale-du-touquet-2019\/"]}]},{"@type":"ImageObject","inLanguage":"fr-FR","@id":"https:\/\/fr.motocrossmag.be\/index.php\/2019\/02\/photos-la-premiere-journee-de-lenduropale-du-touquet-2019\/#primaryimage","url":"https:\/\/fr.motocrossmag.be\/wp-content\/uploads\/2019\/02\/Touquet-ven-2019-LRM_EXPORT_842373579780281_20190201_173928067.jpg","contentUrl":"https:\/\/fr.motocrossmag.be\/wp-content\/uploads\/2019\/02\/Touquet-ven-2019-LRM_EXPORT_842373579780281_20190201_173928067.jpg","width":1400,"height":798},{"@type":"BreadcrumbList","@id":"https:\/\/fr.motocrossmag.be\/index.php\/2019\/02\/photos-la-premiere-journee-de-lenduropale-du-touquet-2019\/#breadcrumb","itemListElement":[{"@type":"ListItem","position":1,"name":"Accueil","item":"https:\/\/fr.motocrossmag.be\/"},{"@type":"ListItem","position":2,"name":"Photos : la premi\u00e8re journ\u00e9e de l&rsquo;Enduropale du Touquet 2019"}]},{"@type":"WebSite","@id":"https:\/\/fr.motocrossmag.be\/#website","url":"https:\/\/fr.motocrossmag.be\/","name":"Motocross - Enduro - Supermoto | MotocrossMag","description":"L&#039;actualit\u00e9 du motocross, de l&#039;enduro et du Supermoto en ligne!","potentialAction":[{"@type":"SearchAction","target":{"@type":"EntryPoint","urlTemplate":"https:\/\/fr.motocrossmag.be\/?s={search_term_string}"},"query-input":{"@type":"PropertyValueSpecification","valueRequired":true,"valueName":"search_term_string"}}],"inLanguage":"fr-FR"},{"@type":"Person","@id":"https:\/\/fr.motocrossmag.be\/#\/schema\/person\/11b47143d9f755babca2c9110e03235c","name":"oliviere","image":{"@type":"ImageObject","inLanguage":"fr-FR","@id":"https:\/\/secure.gravatar.com\/avatar\/907069e0b81d119452040469e4a7501da1100f54f7f80180ce77bfab718288f6?s=96&d=mm&r=g","url":"https:\/\/secure.gravatar.com\/avatar\/907069e0b81d119452040469e4a7501da1100f54f7f80180ce77bfab718288f6?s=96&d=mm&r=g","contentUrl":"https:\/\/secure.gravatar.com\/avatar\/907069e0b81d119452040469e4a7501da1100f54f7f80180ce77bfab718288f6?s=96&d=mm&r=g","caption":"oliviere"},"sameAs":["http:\/\/www.motocrossmag.be"],"url":"https:\/\/fr.motocrossmag.be\/index.php\/author\/oliviere\/"}]}},"_links":{"self":[{"href":"https:\/\/fr.motocrossmag.be\/index.php\/wp-json\/wp\/v2\/posts\/83521","targetHints":{"allow":["GET"]}}],"collection":[{"href":"https:\/\/fr.motocrossmag.be\/index.php\/wp-json\/wp\/v2\/posts"}],"about":[{"href":"https:\/\/fr.motocrossmag.be\/index.php\/wp-json\/wp\/v2\/types\/post"}],"author":[{"embeddable":true,"href":"https:\/\/fr.motocrossmag.be\/index.php\/wp-json\/wp\/v2\/users\/932"}],"replies":[{"embeddable":true,"href":"https:\/\/fr.motocrossmag.be\/index.php\/wp-json\/wp\/v2\/comments?post=83521"}],"version-history":[{"count":0,"href":"https:\/\/fr.motocrossmag.be\/index.php\/wp-json\/wp\/v2\/posts\/83521\/revisions"}],"wp:featuredmedia":[{"embeddable":true,"href":"https:\/\/fr.motocrossmag.be\/index.php\/wp-json\/wp\/v2\/media\/83546"}],"wp:attachment":[{"href":"https:\/\/fr.motocrossmag.be\/index.php\/wp-json\/wp\/v2\/media?parent=83521"}],"wp:term":[{"taxonomy":"category","embeddable":true,"href":"https:\/\/fr.motocrossmag.be\/index.php\/wp-json\/wp\/v2\/categories?post=83521"},{"taxonomy":"post_tag","embeddable":true,"href":"https:\/\/fr.motocrossmag.be\/index.php\/wp-json\/wp\/v2\/tags?post=83521"}],"curies":[{"name":"wp","href":"https:\/\/api.w.org\/{rel}","templated":true}]}}