{"id":83567,"date":"2019-02-02T14:58:39","date_gmt":"2019-02-02T13:58:39","guid":{"rendered":"https:\/\/fr.motocrossmag.be\/?p=83567"},"modified":"2019-02-02T14:58:39","modified_gmt":"2019-02-02T13:58:39","slug":"matteo-puffet-a-la-deuxieme-place-de-lenduropale-junior","status":"publish","type":"post","link":"https:\/\/fr.motocrossmag.be\/index.php\/2019\/02\/matteo-puffet-a-la-deuxieme-place-de-lenduropale-junior\/","title":{"rendered":"Matt\u00e9o Puffet \u00e0 la deuxi\u00e8me place de l&rsquo;Enduropale Junior !"},"content":{"rendered":"<p><strong>Matt\u00e9o Puffet a termin\u00e9 sa saison de sable en fanfare ce samedi sur la plage du Touquet. R\u00e9guli\u00e8rement aux avant-postes sur les 5 premi\u00e8re \u00e9preuves du championnat de France des Sables, le Belge a fait coup double aujourd&rsquo;hui. Non seulement, apr\u00e8s \u00eatre revenu rapidement \u00e0 la seconde place, il monte sur la deuxi\u00e8me marche du podium de la prestigieuse finale du championnat organis\u00e9e dans le cadre de l&rsquo;Enduropale du Touquet mais il coiffe aussi in extremis son rival Alexis Dartus, 4\u00e8me aujourd&rsquo;hui, pour la place de vice-champion de France Junior. Bravo !<\/p>\n<p><\/strong><\/p>\n<a href=\"https:\/\/fr.motocrossmag.be\/index.php\/2019\/02\/replay-video-la-course-des-juniors-sur-lenduropale-du-touquet\/\" class=\"su-button su-button-style-flat\" style=\"color:#FFFFFF;background-color:#e52e17;border-color:#b82513;border-radius:9px\" target=\"_blank\" rel=\"noopener noreferrer\"><span style=\"color:#FFFFFF;padding:8px 24px;font-size:18px;line-height:27px;border-color:#ed6d5d;border-radius:9px;text-shadow:none\"><i class=\"sui sui-video-camera\" style=\"font-size:18px;color:#FFFFFF\"><\/i> Voir le replay vid\u00e9o <\/span><\/a>\n<p>&nbsp;<\/p>\n<div id=\"attachment_83569\" style=\"width: 660px\" class=\"wp-caption alignnone\"><img decoding=\"async\" aria-describedby=\"caption-attachment-83569\" class=\"lazyload size-medium wp-image-83569\" src=\"https:\/\/fr.motocrossmag.be\/wp-content\/uploads\/2019\/02\/matheo-miot-cfs-2019-650x316.jpg\" data-orig-src=\"https:\/\/fr.motocrossmag.be\/wp-content\/uploads\/2019\/02\/matheo-miot-cfs-2019-650x316.jpg\" alt=\"\" width=\"650\" height=\"316\" srcset=\"data:image\/svg+xml,%3Csvg%20xmlns%3D%27http%3A%2F%2Fwww.w3.org%2F2000%2Fsvg%27%20width%3D%27650%27%20height%3D%27316%27%20viewBox%3D%270%200%20650%20316%27%3E%3Crect%20width%3D%27650%27%20height%3D%27316%27%20fill-opacity%3D%220%22%2F%3E%3C%2Fsvg%3E\" data-srcset=\"https:\/\/fr.motocrossmag.be\/wp-content\/uploads\/2019\/02\/matheo-miot-cfs-2019-650x316.jpg 650w, https:\/\/fr.motocrossmag.be\/wp-content\/uploads\/2019\/02\/matheo-miot-cfs-2019-768x373.jpg 768w, https:\/\/fr.motocrossmag.be\/wp-content\/uploads\/2019\/02\/matheo-miot-cfs-2019.jpg 987w\" data-sizes=\"auto\" data-orig-sizes=\"(max-width: 650px) 100vw, 650px\" \/><p id=\"caption-attachment-83569\" class=\"wp-caption-text\">Math\u00e9o Miot enl\u00e8ve sans surprise le titre de champion de France Junior.<\/p><\/div>\n<p>Devant notre compatriote, c&rsquo;est sans surprise un Mat\u00e9ho Miot imp\u00e9rial qui a pris avec assurance le commandement de la course d\u00e8s les premiers instants. Le pilote du team belge Diga Racing KTM signe son 5\u00e8me succ\u00e8s de la saison. Sans une panne d&rsquo;essence \u00e0 Hossegor, le nordiste aurait vraisemblablement sign\u00e9 un sans-faute sur le championnat. Un titre plus que m\u00e9rit\u00e9 donc pour l&rsquo;ogre de la cat\u00e9gorie.<\/p>\n<p>Derri\u00e8re Puffet, d&rsquo;autres Belges se sont illustr\u00e9s ce samedi, comme Alexandre Bours, 7\u00e8me, Dean America, 9\u00e8me, ou encore Baudoin Detout, 13\u00e8me.<\/p>\n<p>Photos : Dylan Botte &amp; Tiny Van Meerbeeck (podium)<\/p>\n<p>&nbsp;<\/p>\n<p>&nbsp;<\/p>\n<p><span style=\"color: #800000;\"><strong>R\u00e9sultats<\/strong><\/span><\/p>\n<p>CLASSEMENT COMPLET ENDUROPALE JUNIOR 2019<\/p>\n<table width=\"100%\">\n<tbody>\n<tr>\n<td width=\"564\">1 90 MIOT Matheo Moto Club Pecquencourt 20 &#8211; 01:25:30.624 3:55.911<\/td>\n<\/tr>\n<tr>\n<td><strong>2 20 PUFFET Matteo Moto Club Pecquencourt 20 3:05.579 01:28:36.203 4:07.770<\/strong><\/td>\n<\/tr>\n<tr>\n<td>3 24 MADOULAUD Valentin Ride On 19 1 Tr. 01:25:58.634 4:00.831<\/td>\n<\/tr>\n<tr>\n<td>4 3 DARTUS Alexis Moto Club Municipal Ailly sur Noye 19 1 Tr. 01:26:20.374 4:15.201<\/td>\n<\/tr>\n<tr>\n<td>5 4 DUBERNET Adrien Moto Club des ESTEYS 19 1 Tr. 01:28:40.913 4:13.331<\/td>\n<\/tr>\n<tr>\n<td>6 34 LEVRAULT Enzo Moto Club des ESTEYS 19 1 Tr. 01:29:13.283 4:21.630<\/td>\n<\/tr>\n<tr>\n<td><strong>7 30 BOURS Alexandre St Chamond Moto Sport 19 1 Tr. 01:29:54.084 4:20.169<\/strong><\/td>\n<\/tr>\n<tr>\n<td>8 15 DANGREMONT Theo Moto Club Pecquencourt 19 1 Tr. 01:30:02.574 4:10.740<\/td>\n<\/tr>\n<tr>\n<td><strong>9 38 AMERICA Dean Moto Club Huismes 18 2 Tr. 01:26:05.734 4:20.041<\/strong><\/td>\n<\/tr>\n<tr>\n<td>10 127 NIEUWENHUIZEN Davey 18 2 Tr. 01:26:23.274 4:09.020<\/td>\n<\/tr>\n<tr>\n<td>11 48 BOULONNE Jules Moto Club de l&rsquo;Artois 18 2 Tr. 01:26:27.814 4:22.031<\/td>\n<\/tr>\n<tr>\n<td>12 37 ZOLDOS Arnaud Moto Club De L Armagnac 18 2 Tr. 01:26:34.134 4:14.591<\/td>\n<\/tr>\n<tr>\n<td><strong>13 5 DETOUT Baudouin Moto Club de Gouy en Artois 18 2 Tr. 01:26:38.624 4:15.070<\/strong><\/td>\n<\/tr>\n<tr>\n<td>14 87 GRAJWODA Jimmy Moto Club de la Vall\u00e9e du Roc 18 2 Tr. 01:26:55.844 4:25.911<\/td>\n<\/tr>\n<tr>\n<td>15 125 FONDU Antoine Moto Club de l&rsquo;Avesnois 18 2 Tr. 01:26:59.454 4:27.141<\/td>\n<\/tr>\n<tr>\n<td>16 2 FRETIGNE Adrien Laguepie-Moto-Club 18 2 Tr. 01:28:22.403 4:18.661<\/td>\n<\/tr>\n<tr>\n<td>17 58 MONFOURNY Quentin Plan\u00e8te Quad 18 2 Tr. 01:29:07.323 4:32.000<\/td>\n<\/tr>\n<tr>\n<td>18 55 MERCHEZ Florian Moto Club du Littoral 59 18 2 Tr. 01:29:59.464 4:33.009<\/td>\n<\/tr>\n<tr>\n<td><strong>19 31 CASTIEAU Loman MC Charleville Mezieres en Ardennes 18 2 Tr. 01:30:03.184 4:37.230<\/strong><\/td>\n<\/tr>\n<tr>\n<td>20 56 REB Lorris Moto Club Evasion 55 18 2 Tr. 01:30:26.444 4:26.668<\/td>\n<\/tr>\n<tr>\n<td>21 7 LANGUE Jules PRO-STAGE 18 2 Tr. 01:31:08.325 4:35.161<\/td>\n<\/tr>\n<tr>\n<td>22 128 BERKAU Killian Cahors Trial Club 17 3 Tr. 01:25:48.123 4:18.821<\/td>\n<\/tr>\n<tr>\n<td>23 60 GRAVIER Gautier Moto Club des Hautes Vall\u00e9es 17 3 Tr. 01:26:37.734 4:21.789<\/td>\n<\/tr>\n<tr>\n<td>24 19 COCHET Erwan Bourges Racing Team 17 3 Tr. 01:26:40.954 4:36.039<\/td>\n<\/tr>\n<tr>\n<td>25 123 CLAUZIER Clement Moto Club Puy En Velay 17 3 Tr. 01:27:02.234 4:33.629<\/td>\n<\/tr>\n<tr>\n<td>26 57 BERNARD Pierre Moto Club Mailly le Camp 17 3 Tr. 01:27:09.624 4:48.378<\/td>\n<\/tr>\n<tr>\n<td>27 61 MORTELECQUE Kevin Moto Club Pecquencourt 17 3 Tr. 01:27:39.755 4:31.451<\/td>\n<\/tr>\n<tr>\n<td>28 40 BIJTJES Boaz 17 3 Tr. 01:28:00.843 4:48.379<\/td>\n<\/tr>\n<tr>\n<td>29 68 BALESTRA Thibaut Moto Club Doullennais 17 3 Tr. 01:28:10.943 4:43.600<\/td>\n<\/tr>\n<tr>\n<td>30 79 LENFANT Tom Moto Club Zamattio 17 3 Tr. 01:28:28.963 4:43.499<\/td>\n<\/tr>\n<tr>\n<td><strong>31 64 KESSEN Nyls Moto Club Pecquencourt 17 3 Tr. 01:29:10.433 4:29.539<\/strong><\/td>\n<\/tr>\n<tr>\n<td>32 49 HAMMERTON Theo Moto Club de Conde sur Escaut 17 3 Tr. 01:30:06.694 4:35.999<\/td>\n<\/tr>\n<tr>\n<td>33 124 CLAUZIER Maxime Moto Club Puy En Velay 17 3 Tr. 01:30:26.494 4:42.799<\/td>\n<\/tr>\n<tr>\n<td>34 14 DELCLAUX Sulyvan Moto Club Toucy 17 3 Tr. 01:31:08.075 4:47.719<\/td>\n<\/tr>\n<tr>\n<td>35 63 CHOLLET Paul Moto Club les Galipes 16 4 Tr. 01:25:46.233 4:44.851<\/td>\n<\/tr>\n<tr>\n<td>36 67 LABRUYERE Theo MX Landricourt 16 4 Tr. 01:26:37.084 4:52.261<\/td>\n<\/tr>\n<tr>\n<td>37 106 DECROOCQ Hugo Mx Park Clastres 02 16 4 Tr. 01:26:44.334 4:56.751<\/td>\n<\/tr>\n<tr>\n<td>38 8 VARET Alexis Association Moto-club Issois 16 4 Tr. 01:26:49.294 4:48.521<\/td>\n<\/tr>\n<tr>\n<td>39 27 DUVAL Jules Moto\/Quad Plainville 16 4 Tr. 01:27:37.725 4:55.559<\/td>\n<\/tr>\n<tr>\n<td>40 95 VISEUX Quentin Segonzac Moto Loisirs 16 4 Tr. 01:28:49.653 4:54.789<\/td>\n<\/tr>\n<tr>\n<td>41 18 DESUTTER Philippe Touquet Auto Moto 16 4 Tr. 01:29:07.583 5:07.430<\/td>\n<\/tr>\n<tr>\n<td>42 16 VANNESTE Julien Racing Tout Terrain 16 4 Tr. 01:29:55.134 4:52.981<\/td>\n<\/tr>\n<tr>\n<td><strong>43 65 BOLCKMANS Brend 16 4 Tr. 01:30:34.824 4:58.241<\/strong><\/td>\n<\/tr>\n<tr>\n<td>44 47 DE BEER Ryan 16 4 Tr. 01:30:35.234 4:36.638<\/td>\n<\/tr>\n<tr>\n<td><strong>45 100 DELHEZ Arthur 16 4 Tr. 01:30:38.524 4:53.809<\/strong><\/td>\n<\/tr>\n<tr>\n<td>46 54 LORIDAN Jean Moto Club de Bailleul 16 4 Tr. 01:31:04.134 5:05.139<\/td>\n<\/tr>\n<tr>\n<td>47 116 CHOLET Simon MX Chrono 16 4 Tr. 01:31:06.465 4:57.361<\/td>\n<\/tr>\n<tr>\n<td>48 140 HAUDOIRE Manon Moto Club de Blargies 15 5 Tr. 01:25:54.674 5:00.779<\/td>\n<\/tr>\n<tr>\n<td>49 70 BINETRUY Arthur Team Enduro Passion 15 5 Tr. 01:25:58.344 5:03.199<\/td>\n<\/tr>\n<tr>\n<td>50 10 LAFOND Tom Moto Club du Littoral 59 15 5 Tr. 01:26:08.644 5:09.502<\/td>\n<\/tr>\n<tr>\n<td>51 51 GRANDIN Harold Moto Club de l&rsquo;Artois 15 5 Tr. 01:26:29.824 5:02.779<\/td>\n<\/tr>\n<tr>\n<td>52 39 LELOUP Enzo Moto Club du Val d&rsquo;Ouve 15 5 Tr. 01:26:48.884 4:59.781<\/td>\n<\/tr>\n<tr>\n<td>53 72 DREMAUX Jordan Moto Club de l&rsquo;Avesnois 15 5 Tr. 01:26:55.554 5:18.998<\/td>\n<\/tr>\n<tr>\n<td>54 69 PEDROSA Enzo Team Biker Tout Terrain 15 5 Tr. 01:27:21.434 5:08.541<\/td>\n<\/tr>\n<tr>\n<td>55 91 LATREYTE Louis 27 Mx 15 5 Tr. 01:27:29.765 5:11.361<\/td>\n<\/tr>\n<tr>\n<td>56 41 PAULUS Jules Touquet Auto Moto 15 5 Tr. 01:27:31.615 4:58.321<\/td>\n<\/tr>\n<tr>\n<td>57 120 DEGRELLE Thomas Calais Sports M\u00e9caniques 15 5 Tr. 01:27:52.495 5:09.119<\/td>\n<\/tr>\n<tr>\n<td>58 71 TRAN VAN Pierre Moto Club du Littoral 59 15 5 Tr. 01:27:54.943 5:03.009<\/td>\n<\/tr>\n<tr>\n<td>59 28 BEAUGEOIS Alexis Moto Club des trois Vall\u00e9es 15 5 Tr. 01:28:14.165 5:19.001<\/td>\n<\/tr>\n<tr>\n<td>60 93 COSCIA Raphael Moto Club Picard 15 5 Tr. 01:28:33.383 5:09.242<\/td>\n<\/tr>\n<tr>\n<td><strong>61 135 CARLIER Mattis 15 5 Tr. 01:29:23.074 5:04.449<\/strong><\/td>\n<\/tr>\n<tr>\n<td>62 73 THERY Edouard Moto Club du Littoral 59 15 5 Tr. 01:29:42.874 5:03.469<\/td>\n<\/tr>\n<tr>\n<td>63 66 LEGAY Max Moto Club Pecquencourt 15 5 Tr. 01:29:47.164 5:05.741<\/td>\n<\/tr>\n<tr>\n<td>64 78 GORIN Lois Moto Club Picard 15 5 Tr. 01:30:04.314 5:41.051<\/td>\n<\/tr>\n<tr>\n<td>65 81 LEJUSTE Louis Moto\/Quad Plainville 15 5 Tr. 01:30:22.144 5:06.539<\/td>\n<\/tr>\n<tr>\n<td>66 134 DEWINNE Jimmy Moto Club de Blargies 15 5 Tr. 01:30:39.734 5:11.191<\/td>\n<\/tr>\n<tr>\n<td>67 110 LOREK Erwan Team Biker Tout Terrain 15 5 Tr. 01:30:52.035 5:08.039<\/td>\n<\/tr>\n<tr>\n<td>68 75 PLESANT Lucas Moto Club de Blargies 15 5 Tr. 01:30:56.214 4:53.579<\/td>\n<\/tr>\n<tr>\n<td>69 143 UNZUETA Alex 14 6 Tr. 01:25:33.323 5:14.151<\/td>\n<\/tr>\n<tr>\n<td>70 141 DUPRE Erwan Bourges Racing Team 14 6 Tr. 01:26:18.704 5:08.309<\/td>\n<\/tr>\n<tr>\n<td>71 139 WINTHROP Jack 14 6 Tr. 01:26:46.704 5:26.141<\/td>\n<\/tr>\n<tr>\n<td>72 53 HONORE Emilien Touquet Auto Moto 14 6 Tr. 01:27:17.624 5:15.489<\/td>\n<\/tr>\n<tr>\n<td>73 145 BOLCKMANS Brian 14 6 Tr. 01:27:56.595 5:03.169<\/td>\n<\/tr>\n<tr>\n<td>74 98 BOUILHOL Baptiste Moto Club Yssingelais 14 6 Tr. 01:28:04.235 5:22.589<\/td>\n<\/tr>\n<tr>\n<td>75 77 BLAISE Antoine SPORTS CLUB TOUT TERRAIN DE L&rsquo;A\u2026 14 6 Tr. 01:28:16.023 5:35.279<\/td>\n<\/tr>\n<tr>\n<td>76 33 DELCOURT Mathys Association Sportive de Maricourt 14 6 Tr. 01:28:52.873 5:41.192<\/td>\n<\/tr>\n<tr>\n<td>77 150 CHAPUT Emma Moto Club de Saint Thibery 14 6 Tr. 01:28:54.643 5:45.669<\/td>\n<\/tr>\n<tr>\n<td>78 80 DEROO Romain Moto Club Mervillois 14 6 Tr. 01:30:28.924 5:29.832<\/td>\n<\/tr>\n<tr>\n<td>79 13 DEHENT Domitie Moto Club du Littoral 59 14 6 Tr. 01:31:12.915 5:40.631<\/td>\n<\/tr>\n<tr>\n<td>80 32 CODRON Axel Moto Club Canche Authi\u00e9 14 6 Tr. 01:31:29.655 5:56.221<\/td>\n<\/tr>\n<tr>\n<td>81 132 JOUAN Theo Moto Club de Saint Marc 14 6 Tr. 01:31:38.883 5:16.668<\/td>\n<\/tr>\n<tr>\n<td>82 52 CHAPUT Clement Moto Club de l&rsquo;Artois 13 7 Tr. 01:26:23.104 5:42.502<\/td>\n<\/tr>\n<tr>\n<td>83 136 VICART Simon Moto Club Mervillois 13 7 Tr. 01:27:44.465 5:37.639<\/td>\n<\/tr>\n<tr>\n<td>84 23 DUQUENNE Alexis Mx Park Clastres 02 13 7 Tr. 01:27:58.793 5:25.729<\/td>\n<\/tr>\n<tr>\n<td>85 83 SOUL Camille CMC &#8211; Chaulieu Moto Club 13 7 Tr. 01:29:51.704 5:52.154<\/td>\n<\/tr>\n<tr>\n<td>86 97 ALLEAUME Enzo Wheeling Club saint Justois 13 7 Tr. 01:30:32.484 5:59.761<\/td>\n<\/tr>\n<tr>\n<td>87 117 DEBRAS Maxime Moto Club Evasion 55 13 7 Tr. 01:30:48.484 5:52.271<\/td>\n<\/tr>\n<tr>\n<td>88 88 VOINSON Donifane Moto Club Granges sur Vologne 13 7 Tr. 01:30:52.965 5:52.249<\/td>\n<\/tr>\n<tr>\n<td>89 29 ARNOUT Paul Moto Club du Littoral 59 13 7 Tr. 01:32:29.463 6:04.739<\/td>\n<\/tr>\n<tr>\n<td><strong>90 105 DUTERTRE Benjamin Moto Club de Conde sur Escaut 12 8 Tr. 01:25:50.264 5:34.301<\/strong><\/td>\n<\/tr>\n<tr>\n<td>91 111 THELLIER Louis Moto Club Canche Authi\u00e9 12 8 Tr. 01:26:06.944 6:12.431<\/td>\n<\/tr>\n<tr>\n<td>92 126 DANDRE Theo Moto Club du Littoral 59 12 8 Tr. 01:27:48.535 5:50.629<\/td>\n<\/tr>\n<tr>\n<td>93 84 MARTEL Thibaut Touquet Auto Moto 12 8 Tr. 01:28:18.335 5:19.732<\/td>\n<\/tr>\n<tr>\n<td>94 114 PLY Martin Moto Club Mervillois 12 8 Tr. 01:29:41.294 6:14.389<\/td>\n<\/tr>\n<tr>\n<td>95 153 HAVEZ Corentin Moto Club du Littoral 59 12 8 Tr. 01:30:30.974 5:39.501<\/td>\n<\/tr>\n<tr>\n<td>96 113 BAILLET Arthur Moto Club Picard 12 8 Tr. 01:31:49.653 6:03.132<\/td>\n<\/tr>\n<tr>\n<td>97 42 KERREMANS Rav 11 9 Tr. 01:25:56.774 5:59.132<\/td>\n<\/tr>\n<tr>\n<td>98 74 LUCAS Antoine Moto Club Canche Authi\u00e9 11 9 Tr. 01:26:33.924 5:08.518<\/td>\n<\/tr>\n<tr>\n<td>99 103 LEBRETON Marc Moto Club de l&rsquo;Artois 11 9 Tr. 01:27:23.454 6:39.700<\/td>\n<\/tr>\n<tr>\n<td>100 102 JACOB Paul Association Sportive de Maricourt 11 9 Tr. 01:29:17.664 6:24.720<\/td>\n<\/tr>\n<tr>\n<td>101 86 LAMARRE Thomas SPORT MECANIQUE A CRAMPONS 11 9 Tr. 01:29:21.984 6:27.880<\/td>\n<\/tr>\n<tr>\n<td>102 82 CHAUDRON Vincent Moto Club Evasion 55 11 9 Tr. 01:32:11.713 6:24.269<\/td>\n<\/tr>\n<tr>\n<td>103 36 ROYER Maxime Les Whoops Flixecourtois 11 9 Tr. 01:33:05.463 6:28.170<\/td>\n<\/tr>\n<tr>\n<td>104 130 LESTIENNE Maxime 10 10 Tr. 01:29:20.614 5:49.601<\/td>\n<\/tr>\n<tr>\n<td>105 108 DENOYELLE Milo Ligny Racing Team 10 10 Tr. 01:29:27.414 7:38.450<\/td>\n<\/tr>\n<tr>\n<td>106 138 BAILLEUL Valentin 10 10 Tr. 01:32:23.033 6:33.430<\/td>\n<\/tr>\n<tr>\n<td>107 109 DUPUY Adrien Plan\u00e8te Quad 10 10 Tr. 01:32:48.303 8:13.470<\/td>\n<\/tr>\n<tr>\n<td>108 146 MONAQUE Antoine SPORT MECANIQUE A CRAMPONS 9 11 Tr. 01:28:25.253 6:25.052<\/td>\n<\/tr>\n<tr>\n<td>109 89 BLONDEAU Pierre Association Sportive de Maricourt 9 11 Tr. 01:33:16.133 8:07.298<\/td>\n<\/tr>\n<tr>\n<td>110 112 PELCA Michel Moto Club du Littoral 59 8 12 Tr. 01:27:33.825 8:46.570<\/td>\n<\/tr>\n<tr>\n<td>111 85 DUPONT Theo DU PAVILLON MOTO CLUB 8 12 Tr. 01:31:00.514 7:39.940<\/td>\n<\/tr>\n<tr>\n<td>112 147 COEUGNIET Nathan Les Whoops Flixecourtois 8 12 Tr. 01:32:15.403 8:38.429<\/td>\n<\/tr>\n<tr>\n<td>113 131 MOREAUX Simon 7 13 Tr. 01:30:16.684 6:55.389<\/td>\n<\/tr>\n<tr>\n<td><strong>114 119 NOTHOMB Marvin 7 13 Tr. 01:30:31.024 6:48.849<\/strong><\/td>\n<\/tr>\n<tr>\n<td>115 44 MOREAU Marine Moto Club de S\u00e9nart 7 13 Tr. 01:32:00.403 10:47.809<\/td>\n<\/tr>\n<\/tbody>\n<\/table>\n","protected":false},"excerpt":{"rendered":"<p>Matt\u00e9o Puffet a termin\u00e9 sa saison de sable en fanfare ce samedi sur la plage du Touquet. R\u00e9guli\u00e8rement aux avant-postes sur les 5 premi\u00e8re \u00e9preuves du championnat de France des [&#8230;]<\/p>\n","protected":false},"author":932,"featured_media":83568,"comment_status":"open","ping_status":"closed","sticky":false,"template":"","format":"standard","meta":{"footnotes":""},"categories":[54,1075,32,33,55,65],"tags":[],"class_list":["post-83567","post","type-post","status-publish","format-standard","has-post-thumbnail","hentry","category-actualite","category-courses-de-sable","category-enduro","category-news-enduro","category-news-actualite","category-slideshow"],"yoast_head":"<!-- This site is optimized with the Yoast SEO plugin v27.4 - https:\/\/yoast.com\/product\/yoast-seo-wordpress\/ -->\n<title>Matt\u00e9o Puffet \u00e0 la deuxi\u00e8me place de l&#039;Enduropale Junior ! - Motocross - Enduro - Supermoto | MotocrossMag<\/title>\n<meta name=\"robots\" content=\"index, follow, max-snippet:-1, max-image-preview:large, max-video-preview:-1\" \/>\n<link rel=\"canonical\" href=\"https:\/\/fr.motocrossmag.be\/index.php\/2019\/02\/matteo-puffet-a-la-deuxieme-place-de-lenduropale-junior\/\" \/>\n<meta property=\"og:locale\" content=\"fr_FR\" \/>\n<meta property=\"og:type\" content=\"article\" \/>\n<meta property=\"og:title\" content=\"Matt\u00e9o Puffet \u00e0 la deuxi\u00e8me place de l&#039;Enduropale Junior ! - Motocross - Enduro - Supermoto | MotocrossMag\" \/>\n<meta property=\"og:description\" content=\"Matt\u00e9o Puffet a termin\u00e9 sa saison de sable en fanfare ce samedi sur la plage du Touquet. R\u00e9guli\u00e8rement aux avant-postes sur les 5 premi\u00e8re \u00e9preuves du championnat de France des [...]\" \/>\n<meta property=\"og:url\" content=\"https:\/\/fr.motocrossmag.be\/index.php\/2019\/02\/matteo-puffet-a-la-deuxieme-place-de-lenduropale-junior\/\" \/>\n<meta property=\"og:site_name\" content=\"Motocross - Enduro - Supermoto | MotocrossMag\" \/>\n<meta property=\"article:published_time\" content=\"2019-02-02T13:58:39+00:00\" \/>\n<meta property=\"og:image\" content=\"https:\/\/fr.motocrossmag.be\/wp-content\/uploads\/2019\/02\/touquet-juniors-podium.jpg\" \/>\n\t<meta property=\"og:image:width\" content=\"800\" \/>\n\t<meta property=\"og:image:height\" content=\"545\" \/>\n\t<meta property=\"og:image:type\" content=\"image\/jpeg\" \/>\n<meta name=\"author\" content=\"oliviere\" \/>\n<meta name=\"twitter:card\" content=\"summary_large_image\" \/>\n<meta name=\"twitter:label1\" content=\"\u00c9crit par\" \/>\n\t<meta name=\"twitter:data1\" content=\"oliviere\" \/>\n\t<meta name=\"twitter:label2\" content=\"Dur\u00e9e de lecture estim\u00e9e\" \/>\n\t<meta name=\"twitter:data2\" content=\"5 minutes\" \/>\n<script type=\"application\/ld+json\" class=\"yoast-schema-graph\">{\"@context\":\"https:\\\/\\\/schema.org\",\"@graph\":[{\"@type\":\"Article\",\"@id\":\"https:\\\/\\\/fr.motocrossmag.be\\\/index.php\\\/2019\\\/02\\\/matteo-puffet-a-la-deuxieme-place-de-lenduropale-junior\\\/#article\",\"isPartOf\":{\"@id\":\"https:\\\/\\\/fr.motocrossmag.be\\\/index.php\\\/2019\\\/02\\\/matteo-puffet-a-la-deuxieme-place-de-lenduropale-junior\\\/\"},\"author\":{\"name\":\"oliviere\",\"@id\":\"https:\\\/\\\/fr.motocrossmag.be\\\/#\\\/schema\\\/person\\\/11b47143d9f755babca2c9110e03235c\"},\"headline\":\"Matt\u00e9o Puffet \u00e0 la deuxi\u00e8me place de l&rsquo;Enduropale Junior !\",\"datePublished\":\"2019-02-02T13:58:39+00:00\",\"mainEntityOfPage\":{\"@id\":\"https:\\\/\\\/fr.motocrossmag.be\\\/index.php\\\/2019\\\/02\\\/matteo-puffet-a-la-deuxieme-place-de-lenduropale-junior\\\/\"},\"wordCount\":1006,\"commentCount\":0,\"image\":{\"@id\":\"https:\\\/\\\/fr.motocrossmag.be\\\/index.php\\\/2019\\\/02\\\/matteo-puffet-a-la-deuxieme-place-de-lenduropale-junior\\\/#primaryimage\"},\"thumbnailUrl\":\"https:\\\/\\\/fr.motocrossmag.be\\\/wp-content\\\/uploads\\\/2019\\\/02\\\/touquet-juniors-podium.jpg\",\"articleSection\":[\"Actualit\u00e9\",\"Courses de sable\",\"Enduro\",\"News\",\"News\",\"Slideshow\"],\"inLanguage\":\"fr-FR\",\"potentialAction\":[{\"@type\":\"CommentAction\",\"name\":\"Comment\",\"target\":[\"https:\\\/\\\/fr.motocrossmag.be\\\/index.php\\\/2019\\\/02\\\/matteo-puffet-a-la-deuxieme-place-de-lenduropale-junior\\\/#respond\"]}]},{\"@type\":\"WebPage\",\"@id\":\"https:\\\/\\\/fr.motocrossmag.be\\\/index.php\\\/2019\\\/02\\\/matteo-puffet-a-la-deuxieme-place-de-lenduropale-junior\\\/\",\"url\":\"https:\\\/\\\/fr.motocrossmag.be\\\/index.php\\\/2019\\\/02\\\/matteo-puffet-a-la-deuxieme-place-de-lenduropale-junior\\\/\",\"name\":\"Matt\u00e9o Puffet \u00e0 la deuxi\u00e8me place de l'Enduropale Junior ! - Motocross - Enduro - Supermoto | MotocrossMag\",\"isPartOf\":{\"@id\":\"https:\\\/\\\/fr.motocrossmag.be\\\/#website\"},\"primaryImageOfPage\":{\"@id\":\"https:\\\/\\\/fr.motocrossmag.be\\\/index.php\\\/2019\\\/02\\\/matteo-puffet-a-la-deuxieme-place-de-lenduropale-junior\\\/#primaryimage\"},\"image\":{\"@id\":\"https:\\\/\\\/fr.motocrossmag.be\\\/index.php\\\/2019\\\/02\\\/matteo-puffet-a-la-deuxieme-place-de-lenduropale-junior\\\/#primaryimage\"},\"thumbnailUrl\":\"https:\\\/\\\/fr.motocrossmag.be\\\/wp-content\\\/uploads\\\/2019\\\/02\\\/touquet-juniors-podium.jpg\",\"datePublished\":\"2019-02-02T13:58:39+00:00\",\"author\":{\"@id\":\"https:\\\/\\\/fr.motocrossmag.be\\\/#\\\/schema\\\/person\\\/11b47143d9f755babca2c9110e03235c\"},\"breadcrumb\":{\"@id\":\"https:\\\/\\\/fr.motocrossmag.be\\\/index.php\\\/2019\\\/02\\\/matteo-puffet-a-la-deuxieme-place-de-lenduropale-junior\\\/#breadcrumb\"},\"inLanguage\":\"fr-FR\",\"potentialAction\":[{\"@type\":\"ReadAction\",\"target\":[\"https:\\\/\\\/fr.motocrossmag.be\\\/index.php\\\/2019\\\/02\\\/matteo-puffet-a-la-deuxieme-place-de-lenduropale-junior\\\/\"]}]},{\"@type\":\"ImageObject\",\"inLanguage\":\"fr-FR\",\"@id\":\"https:\\\/\\\/fr.motocrossmag.be\\\/index.php\\\/2019\\\/02\\\/matteo-puffet-a-la-deuxieme-place-de-lenduropale-junior\\\/#primaryimage\",\"url\":\"https:\\\/\\\/fr.motocrossmag.be\\\/wp-content\\\/uploads\\\/2019\\\/02\\\/touquet-juniors-podium.jpg\",\"contentUrl\":\"https:\\\/\\\/fr.motocrossmag.be\\\/wp-content\\\/uploads\\\/2019\\\/02\\\/touquet-juniors-podium.jpg\",\"width\":800,\"height\":545},{\"@type\":\"BreadcrumbList\",\"@id\":\"https:\\\/\\\/fr.motocrossmag.be\\\/index.php\\\/2019\\\/02\\\/matteo-puffet-a-la-deuxieme-place-de-lenduropale-junior\\\/#breadcrumb\",\"itemListElement\":[{\"@type\":\"ListItem\",\"position\":1,\"name\":\"Accueil\",\"item\":\"https:\\\/\\\/fr.motocrossmag.be\\\/\"},{\"@type\":\"ListItem\",\"position\":2,\"name\":\"Matt\u00e9o Puffet \u00e0 la deuxi\u00e8me place de l&rsquo;Enduropale Junior !\"}]},{\"@type\":\"WebSite\",\"@id\":\"https:\\\/\\\/fr.motocrossmag.be\\\/#website\",\"url\":\"https:\\\/\\\/fr.motocrossmag.be\\\/\",\"name\":\"Motocross - Enduro - Supermoto | MotocrossMag\",\"description\":\"L&#039;actualit\u00e9 du motocross, de l&#039;enduro et du Supermoto en ligne!\",\"potentialAction\":[{\"@type\":\"SearchAction\",\"target\":{\"@type\":\"EntryPoint\",\"urlTemplate\":\"https:\\\/\\\/fr.motocrossmag.be\\\/?s={search_term_string}\"},\"query-input\":{\"@type\":\"PropertyValueSpecification\",\"valueRequired\":true,\"valueName\":\"search_term_string\"}}],\"inLanguage\":\"fr-FR\"},{\"@type\":\"Person\",\"@id\":\"https:\\\/\\\/fr.motocrossmag.be\\\/#\\\/schema\\\/person\\\/11b47143d9f755babca2c9110e03235c\",\"name\":\"oliviere\",\"image\":{\"@type\":\"ImageObject\",\"inLanguage\":\"fr-FR\",\"@id\":\"https:\\\/\\\/secure.gravatar.com\\\/avatar\\\/907069e0b81d119452040469e4a7501da1100f54f7f80180ce77bfab718288f6?s=96&d=mm&r=g\",\"url\":\"https:\\\/\\\/secure.gravatar.com\\\/avatar\\\/907069e0b81d119452040469e4a7501da1100f54f7f80180ce77bfab718288f6?s=96&d=mm&r=g\",\"contentUrl\":\"https:\\\/\\\/secure.gravatar.com\\\/avatar\\\/907069e0b81d119452040469e4a7501da1100f54f7f80180ce77bfab718288f6?s=96&d=mm&r=g\",\"caption\":\"oliviere\"},\"sameAs\":[\"http:\\\/\\\/www.motocrossmag.be\"],\"url\":\"https:\\\/\\\/fr.motocrossmag.be\\\/index.php\\\/author\\\/oliviere\\\/\"}]}<\/script>\n<!-- \/ Yoast SEO plugin. -->","yoast_head_json":{"title":"Matt\u00e9o Puffet \u00e0 la deuxi\u00e8me place de l'Enduropale Junior ! - Motocross - Enduro - Supermoto | MotocrossMag","robots":{"index":"index","follow":"follow","max-snippet":"max-snippet:-1","max-image-preview":"max-image-preview:large","max-video-preview":"max-video-preview:-1"},"canonical":"https:\/\/fr.motocrossmag.be\/index.php\/2019\/02\/matteo-puffet-a-la-deuxieme-place-de-lenduropale-junior\/","og_locale":"fr_FR","og_type":"article","og_title":"Matt\u00e9o Puffet \u00e0 la deuxi\u00e8me place de l'Enduropale Junior ! - Motocross - Enduro - Supermoto | MotocrossMag","og_description":"Matt\u00e9o Puffet a termin\u00e9 sa saison de sable en fanfare ce samedi sur la plage du Touquet. R\u00e9guli\u00e8rement aux avant-postes sur les 5 premi\u00e8re \u00e9preuves du championnat de France des [...]","og_url":"https:\/\/fr.motocrossmag.be\/index.php\/2019\/02\/matteo-puffet-a-la-deuxieme-place-de-lenduropale-junior\/","og_site_name":"Motocross - Enduro - Supermoto | MotocrossMag","article_published_time":"2019-02-02T13:58:39+00:00","og_image":[{"width":800,"height":545,"url":"https:\/\/fr.motocrossmag.be\/wp-content\/uploads\/2019\/02\/touquet-juniors-podium.jpg","type":"image\/jpeg"}],"author":"oliviere","twitter_card":"summary_large_image","twitter_misc":{"\u00c9crit par":"oliviere","Dur\u00e9e de lecture estim\u00e9e":"5 minutes"},"schema":{"@context":"https:\/\/schema.org","@graph":[{"@type":"Article","@id":"https:\/\/fr.motocrossmag.be\/index.php\/2019\/02\/matteo-puffet-a-la-deuxieme-place-de-lenduropale-junior\/#article","isPartOf":{"@id":"https:\/\/fr.motocrossmag.be\/index.php\/2019\/02\/matteo-puffet-a-la-deuxieme-place-de-lenduropale-junior\/"},"author":{"name":"oliviere","@id":"https:\/\/fr.motocrossmag.be\/#\/schema\/person\/11b47143d9f755babca2c9110e03235c"},"headline":"Matt\u00e9o Puffet \u00e0 la deuxi\u00e8me place de l&rsquo;Enduropale Junior !","datePublished":"2019-02-02T13:58:39+00:00","mainEntityOfPage":{"@id":"https:\/\/fr.motocrossmag.be\/index.php\/2019\/02\/matteo-puffet-a-la-deuxieme-place-de-lenduropale-junior\/"},"wordCount":1006,"commentCount":0,"image":{"@id":"https:\/\/fr.motocrossmag.be\/index.php\/2019\/02\/matteo-puffet-a-la-deuxieme-place-de-lenduropale-junior\/#primaryimage"},"thumbnailUrl":"https:\/\/fr.motocrossmag.be\/wp-content\/uploads\/2019\/02\/touquet-juniors-podium.jpg","articleSection":["Actualit\u00e9","Courses de sable","Enduro","News","News","Slideshow"],"inLanguage":"fr-FR","potentialAction":[{"@type":"CommentAction","name":"Comment","target":["https:\/\/fr.motocrossmag.be\/index.php\/2019\/02\/matteo-puffet-a-la-deuxieme-place-de-lenduropale-junior\/#respond"]}]},{"@type":"WebPage","@id":"https:\/\/fr.motocrossmag.be\/index.php\/2019\/02\/matteo-puffet-a-la-deuxieme-place-de-lenduropale-junior\/","url":"https:\/\/fr.motocrossmag.be\/index.php\/2019\/02\/matteo-puffet-a-la-deuxieme-place-de-lenduropale-junior\/","name":"Matt\u00e9o Puffet \u00e0 la deuxi\u00e8me place de l'Enduropale Junior ! - Motocross - Enduro - Supermoto | MotocrossMag","isPartOf":{"@id":"https:\/\/fr.motocrossmag.be\/#website"},"primaryImageOfPage":{"@id":"https:\/\/fr.motocrossmag.be\/index.php\/2019\/02\/matteo-puffet-a-la-deuxieme-place-de-lenduropale-junior\/#primaryimage"},"image":{"@id":"https:\/\/fr.motocrossmag.be\/index.php\/2019\/02\/matteo-puffet-a-la-deuxieme-place-de-lenduropale-junior\/#primaryimage"},"thumbnailUrl":"https:\/\/fr.motocrossmag.be\/wp-content\/uploads\/2019\/02\/touquet-juniors-podium.jpg","datePublished":"2019-02-02T13:58:39+00:00","author":{"@id":"https:\/\/fr.motocrossmag.be\/#\/schema\/person\/11b47143d9f755babca2c9110e03235c"},"breadcrumb":{"@id":"https:\/\/fr.motocrossmag.be\/index.php\/2019\/02\/matteo-puffet-a-la-deuxieme-place-de-lenduropale-junior\/#breadcrumb"},"inLanguage":"fr-FR","potentialAction":[{"@type":"ReadAction","target":["https:\/\/fr.motocrossmag.be\/index.php\/2019\/02\/matteo-puffet-a-la-deuxieme-place-de-lenduropale-junior\/"]}]},{"@type":"ImageObject","inLanguage":"fr-FR","@id":"https:\/\/fr.motocrossmag.be\/index.php\/2019\/02\/matteo-puffet-a-la-deuxieme-place-de-lenduropale-junior\/#primaryimage","url":"https:\/\/fr.motocrossmag.be\/wp-content\/uploads\/2019\/02\/touquet-juniors-podium.jpg","contentUrl":"https:\/\/fr.motocrossmag.be\/wp-content\/uploads\/2019\/02\/touquet-juniors-podium.jpg","width":800,"height":545},{"@type":"BreadcrumbList","@id":"https:\/\/fr.motocrossmag.be\/index.php\/2019\/02\/matteo-puffet-a-la-deuxieme-place-de-lenduropale-junior\/#breadcrumb","itemListElement":[{"@type":"ListItem","position":1,"name":"Accueil","item":"https:\/\/fr.motocrossmag.be\/"},{"@type":"ListItem","position":2,"name":"Matt\u00e9o Puffet \u00e0 la deuxi\u00e8me place de l&rsquo;Enduropale Junior !"}]},{"@type":"WebSite","@id":"https:\/\/fr.motocrossmag.be\/#website","url":"https:\/\/fr.motocrossmag.be\/","name":"Motocross - Enduro - Supermoto | MotocrossMag","description":"L&#039;actualit\u00e9 du motocross, de l&#039;enduro et du Supermoto en ligne!","potentialAction":[{"@type":"SearchAction","target":{"@type":"EntryPoint","urlTemplate":"https:\/\/fr.motocrossmag.be\/?s={search_term_string}"},"query-input":{"@type":"PropertyValueSpecification","valueRequired":true,"valueName":"search_term_string"}}],"inLanguage":"fr-FR"},{"@type":"Person","@id":"https:\/\/fr.motocrossmag.be\/#\/schema\/person\/11b47143d9f755babca2c9110e03235c","name":"oliviere","image":{"@type":"ImageObject","inLanguage":"fr-FR","@id":"https:\/\/secure.gravatar.com\/avatar\/907069e0b81d119452040469e4a7501da1100f54f7f80180ce77bfab718288f6?s=96&d=mm&r=g","url":"https:\/\/secure.gravatar.com\/avatar\/907069e0b81d119452040469e4a7501da1100f54f7f80180ce77bfab718288f6?s=96&d=mm&r=g","contentUrl":"https:\/\/secure.gravatar.com\/avatar\/907069e0b81d119452040469e4a7501da1100f54f7f80180ce77bfab718288f6?s=96&d=mm&r=g","caption":"oliviere"},"sameAs":["http:\/\/www.motocrossmag.be"],"url":"https:\/\/fr.motocrossmag.be\/index.php\/author\/oliviere\/"}]}},"_links":{"self":[{"href":"https:\/\/fr.motocrossmag.be\/index.php\/wp-json\/wp\/v2\/posts\/83567","targetHints":{"allow":["GET"]}}],"collection":[{"href":"https:\/\/fr.motocrossmag.be\/index.php\/wp-json\/wp\/v2\/posts"}],"about":[{"href":"https:\/\/fr.motocrossmag.be\/index.php\/wp-json\/wp\/v2\/types\/post"}],"author":[{"embeddable":true,"href":"https:\/\/fr.motocrossmag.be\/index.php\/wp-json\/wp\/v2\/users\/932"}],"replies":[{"embeddable":true,"href":"https:\/\/fr.motocrossmag.be\/index.php\/wp-json\/wp\/v2\/comments?post=83567"}],"version-history":[{"count":0,"href":"https:\/\/fr.motocrossmag.be\/index.php\/wp-json\/wp\/v2\/posts\/83567\/revisions"}],"wp:featuredmedia":[{"embeddable":true,"href":"https:\/\/fr.motocrossmag.be\/index.php\/wp-json\/wp\/v2\/media\/83568"}],"wp:attachment":[{"href":"https:\/\/fr.motocrossmag.be\/index.php\/wp-json\/wp\/v2\/media?parent=83567"}],"wp:term":[{"taxonomy":"category","embeddable":true,"href":"https:\/\/fr.motocrossmag.be\/index.php\/wp-json\/wp\/v2\/categories?post=83567"},{"taxonomy":"post_tag","embeddable":true,"href":"https:\/\/fr.motocrossmag.be\/index.php\/wp-json\/wp\/v2\/tags?post=83567"}],"curies":[{"name":"wp","href":"https:\/\/api.w.org\/{rel}","templated":true}]}}