{"id":83605,"date":"2019-02-02T22:42:58","date_gmt":"2019-02-02T21:42:58","guid":{"rendered":"https:\/\/fr.motocrossmag.be\/?p=83605"},"modified":"2019-02-02T22:42:58","modified_gmt":"2019-02-02T21:42:58","slug":"tim-louis-represente-lasbl-en-vies-davenir-sur-lenduropale-du-touquet","status":"publish","type":"post","link":"https:\/\/fr.motocrossmag.be\/index.php\/2019\/02\/tim-louis-represente-lasbl-en-vies-davenir-sur-lenduropale-du-touquet\/","title":{"rendered":"Tim Louis repr\u00e9sente l&rsquo;asbl En Vies d&rsquo;Avenir sur l&rsquo;Enduropale du Touquet"},"content":{"rendered":"<p><strong>L&rsquo;histoire dure depuis plus de 20 ans entre l&rsquo;absl En Vies d&rsquo;Avenir et l&rsquo;Enduropale du Touquet. Chaque ann\u00e9e, ils sont environ 80, stagiaires, \u00e9quipe d&rsquo;encadrement et partenaires, \u00e0 rejoindre la plage parisienne pour y vibrer aux exploits de leur pilote sur la plus grande course de sable d&rsquo;Europe. Ce pilote, cela a longtemps \u00e9t\u00e9 Thierry Klutz, lequel a offert \u00e0 l&rsquo;asbl li\u00e9geoise qui entend favoriser l&rsquo;insertion sociale et professionnelle des jeunes par la pratique de la moto de nombreuses places d&rsquo;honneur.<br \/>\n<\/strong><\/p>\n<div id=\"attachment_83608\" style=\"width: 660px\" class=\"wp-caption alignnone\"><img decoding=\"async\" aria-describedby=\"caption-attachment-83608\" class=\"lazyload size-medium wp-image-83608\" src=\"https:\/\/fr.motocrossmag.be\/wp-content\/uploads\/2019\/02\/baerten-jean-pol-kawasaki-650x430.jpg\" data-orig-src=\"https:\/\/fr.motocrossmag.be\/wp-content\/uploads\/2019\/02\/baerten-jean-pol-kawasaki-650x430.jpg\" alt=\"\" width=\"650\" height=\"430\" srcset=\"data:image\/svg+xml,%3Csvg%20xmlns%3D%27http%3A%2F%2Fwww.w3.org%2F2000%2Fsvg%27%20width%3D%27650%27%20height%3D%27430%27%20viewBox%3D%270%200%20650%20430%27%3E%3Crect%20width%3D%27650%27%20height%3D%27430%27%20fill-opacity%3D%220%22%2F%3E%3C%2Fsvg%3E\" data-srcset=\"https:\/\/fr.motocrossmag.be\/wp-content\/uploads\/2019\/02\/baerten-jean-pol-kawasaki-650x430.jpg 650w, https:\/\/fr.motocrossmag.be\/wp-content\/uploads\/2019\/02\/baerten-jean-pol-kawasaki-768x508.jpg 768w, https:\/\/fr.motocrossmag.be\/wp-content\/uploads\/2019\/02\/baerten-jean-pol-kawasaki.jpg 800w\" data-sizes=\"auto\" data-orig-sizes=\"(max-width: 650px) 100vw, 650px\" \/><p id=\"caption-attachment-83608\" class=\"wp-caption-text\">Jean-Pol Baerten supportera ce week-end au Touquet son nouveau prot\u00e9g\u00e9 !<\/p><\/div>\n<p>Depuis que Klutzy a pris sa retraite, c&rsquo;est d\u00e9sormais pour soutenir Daymond Martens, vainqueur de l&rsquo;\u00e9preuve il y a deux ans, que l&rsquo;asbl se rend au Touquet. Cette ann\u00e9e, Tim Louis roule lui aussi sous les couleurs d&rsquo;En Vies d&rsquo;Avenir. Int\u00e9gr\u00e9 au team GEPA\/Pablo MX Team Kawasaki dans lequel il a pour entra\u00eeneur un certain Thierry Klutz, le crossman prendra ce dimanche le d\u00e9part de son premier Touquet. \u00ab\u00a0Je serai aux c\u00f4t\u00e9s de Tim ce week-end pour lui permettre d&rsquo;aborder sereinement son premier Touquet. Avec mon exp\u00e9rience de l&rsquo;\u00e9preuve, je peux sans doute lui permettre de gagner du temps sur pas mal de points, d&rsquo;\u00e9liminer du stress aussi\u00a0\u00bb, explique celui qui est mont\u00e9 \u00e0 deux reprises sur le podium de la plus mythique des courses de sable.<\/p>\n<p>Demain, plus de 1200 pilotes prendront place derri\u00e8re la ligne de d\u00e9part sur la plage du Touquet. Tim Louis portera le dossard num\u00e9ro 31.<\/p>\n<p>&nbsp;<\/p>\n","protected":false},"excerpt":{"rendered":"<p>L&rsquo;histoire dure depuis plus de 20 ans entre l&rsquo;absl En Vies d&rsquo;Avenir et l&rsquo;Enduropale du Touquet. Chaque ann\u00e9e, ils sont environ 80, stagiaires, \u00e9quipe d&rsquo;encadrement et partenaires, \u00e0 rejoindre la [&#8230;]<\/p>\n","protected":false},"author":932,"featured_media":83607,"comment_status":"open","ping_status":"closed","sticky":false,"template":"","format":"standard","meta":{"footnotes":""},"categories":[54,1075,32,33,55],"tags":[],"class_list":["post-83605","post","type-post","status-publish","format-standard","has-post-thumbnail","hentry","category-actualite","category-courses-de-sable","category-enduro","category-news-enduro","category-news-actualite"],"yoast_head":"<!-- This site is optimized with the Yoast SEO plugin v27.4 - https:\/\/yoast.com\/product\/yoast-seo-wordpress\/ -->\n<title>Tim Louis repr\u00e9sente l&#039;asbl En Vies d&#039;Avenir sur l&#039;Enduropale du Touquet - Motocross - Enduro - Supermoto | MotocrossMag<\/title>\n<meta name=\"robots\" content=\"index, follow, max-snippet:-1, max-image-preview:large, max-video-preview:-1\" \/>\n<link rel=\"canonical\" href=\"https:\/\/fr.motocrossmag.be\/index.php\/2019\/02\/tim-louis-represente-lasbl-en-vies-davenir-sur-lenduropale-du-touquet\/\" \/>\n<meta property=\"og:locale\" content=\"fr_FR\" \/>\n<meta property=\"og:type\" content=\"article\" \/>\n<meta property=\"og:title\" content=\"Tim Louis repr\u00e9sente l&#039;asbl En Vies d&#039;Avenir sur l&#039;Enduropale du Touquet - Motocross - Enduro - Supermoto | MotocrossMag\" \/>\n<meta property=\"og:description\" content=\"L&rsquo;histoire dure depuis plus de 20 ans entre l&rsquo;absl En Vies d&rsquo;Avenir et l&rsquo;Enduropale du Touquet. Chaque ann\u00e9e, ils sont environ 80, stagiaires, \u00e9quipe d&rsquo;encadrement et partenaires, \u00e0 rejoindre la [...]\" \/>\n<meta property=\"og:url\" content=\"https:\/\/fr.motocrossmag.be\/index.php\/2019\/02\/tim-louis-represente-lasbl-en-vies-davenir-sur-lenduropale-du-touquet\/\" \/>\n<meta property=\"og:site_name\" content=\"Motocross - Enduro - Supermoto | MotocrossMag\" \/>\n<meta property=\"article:published_time\" content=\"2019-02-02T21:42:58+00:00\" \/>\n<meta property=\"og:image\" content=\"https:\/\/fr.motocrossmag.be\/wp-content\/uploads\/2019\/02\/tim-louis-touquet-gepa.jpg\" \/>\n\t<meta property=\"og:image:width\" content=\"1200\" \/>\n\t<meta property=\"og:image:height\" content=\"900\" \/>\n\t<meta property=\"og:image:type\" content=\"image\/jpeg\" \/>\n<meta name=\"author\" content=\"oliviere\" \/>\n<meta name=\"twitter:card\" content=\"summary_large_image\" \/>\n<meta name=\"twitter:label1\" content=\"\u00c9crit par\" \/>\n\t<meta name=\"twitter:data1\" content=\"oliviere\" \/>\n\t<meta name=\"twitter:label2\" content=\"Dur\u00e9e de lecture estim\u00e9e\" \/>\n\t<meta name=\"twitter:data2\" content=\"1 minute\" \/>\n<script type=\"application\/ld+json\" class=\"yoast-schema-graph\">{\"@context\":\"https:\\\/\\\/schema.org\",\"@graph\":[{\"@type\":\"Article\",\"@id\":\"https:\\\/\\\/fr.motocrossmag.be\\\/index.php\\\/2019\\\/02\\\/tim-louis-represente-lasbl-en-vies-davenir-sur-lenduropale-du-touquet\\\/#article\",\"isPartOf\":{\"@id\":\"https:\\\/\\\/fr.motocrossmag.be\\\/index.php\\\/2019\\\/02\\\/tim-louis-represente-lasbl-en-vies-davenir-sur-lenduropale-du-touquet\\\/\"},\"author\":{\"name\":\"oliviere\",\"@id\":\"https:\\\/\\\/fr.motocrossmag.be\\\/#\\\/schema\\\/person\\\/11b47143d9f755babca2c9110e03235c\"},\"headline\":\"Tim Louis repr\u00e9sente l&rsquo;asbl En Vies d&rsquo;Avenir sur l&rsquo;Enduropale du Touquet\",\"datePublished\":\"2019-02-02T21:42:58+00:00\",\"mainEntityOfPage\":{\"@id\":\"https:\\\/\\\/fr.motocrossmag.be\\\/index.php\\\/2019\\\/02\\\/tim-louis-represente-lasbl-en-vies-davenir-sur-lenduropale-du-touquet\\\/\"},\"wordCount\":290,\"commentCount\":0,\"image\":{\"@id\":\"https:\\\/\\\/fr.motocrossmag.be\\\/index.php\\\/2019\\\/02\\\/tim-louis-represente-lasbl-en-vies-davenir-sur-lenduropale-du-touquet\\\/#primaryimage\"},\"thumbnailUrl\":\"https:\\\/\\\/fr.motocrossmag.be\\\/wp-content\\\/uploads\\\/2019\\\/02\\\/tim-louis-touquet-gepa.jpg\",\"articleSection\":[\"Actualit\u00e9\",\"Courses de sable\",\"Enduro\",\"News\",\"News\"],\"inLanguage\":\"fr-FR\",\"potentialAction\":[{\"@type\":\"CommentAction\",\"name\":\"Comment\",\"target\":[\"https:\\\/\\\/fr.motocrossmag.be\\\/index.php\\\/2019\\\/02\\\/tim-louis-represente-lasbl-en-vies-davenir-sur-lenduropale-du-touquet\\\/#respond\"]}]},{\"@type\":\"WebPage\",\"@id\":\"https:\\\/\\\/fr.motocrossmag.be\\\/index.php\\\/2019\\\/02\\\/tim-louis-represente-lasbl-en-vies-davenir-sur-lenduropale-du-touquet\\\/\",\"url\":\"https:\\\/\\\/fr.motocrossmag.be\\\/index.php\\\/2019\\\/02\\\/tim-louis-represente-lasbl-en-vies-davenir-sur-lenduropale-du-touquet\\\/\",\"name\":\"Tim Louis repr\u00e9sente l'asbl En Vies d'Avenir sur l'Enduropale du Touquet - Motocross - Enduro - Supermoto | MotocrossMag\",\"isPartOf\":{\"@id\":\"https:\\\/\\\/fr.motocrossmag.be\\\/#website\"},\"primaryImageOfPage\":{\"@id\":\"https:\\\/\\\/fr.motocrossmag.be\\\/index.php\\\/2019\\\/02\\\/tim-louis-represente-lasbl-en-vies-davenir-sur-lenduropale-du-touquet\\\/#primaryimage\"},\"image\":{\"@id\":\"https:\\\/\\\/fr.motocrossmag.be\\\/index.php\\\/2019\\\/02\\\/tim-louis-represente-lasbl-en-vies-davenir-sur-lenduropale-du-touquet\\\/#primaryimage\"},\"thumbnailUrl\":\"https:\\\/\\\/fr.motocrossmag.be\\\/wp-content\\\/uploads\\\/2019\\\/02\\\/tim-louis-touquet-gepa.jpg\",\"datePublished\":\"2019-02-02T21:42:58+00:00\",\"author\":{\"@id\":\"https:\\\/\\\/fr.motocrossmag.be\\\/#\\\/schema\\\/person\\\/11b47143d9f755babca2c9110e03235c\"},\"breadcrumb\":{\"@id\":\"https:\\\/\\\/fr.motocrossmag.be\\\/index.php\\\/2019\\\/02\\\/tim-louis-represente-lasbl-en-vies-davenir-sur-lenduropale-du-touquet\\\/#breadcrumb\"},\"inLanguage\":\"fr-FR\",\"potentialAction\":[{\"@type\":\"ReadAction\",\"target\":[\"https:\\\/\\\/fr.motocrossmag.be\\\/index.php\\\/2019\\\/02\\\/tim-louis-represente-lasbl-en-vies-davenir-sur-lenduropale-du-touquet\\\/\"]}]},{\"@type\":\"ImageObject\",\"inLanguage\":\"fr-FR\",\"@id\":\"https:\\\/\\\/fr.motocrossmag.be\\\/index.php\\\/2019\\\/02\\\/tim-louis-represente-lasbl-en-vies-davenir-sur-lenduropale-du-touquet\\\/#primaryimage\",\"url\":\"https:\\\/\\\/fr.motocrossmag.be\\\/wp-content\\\/uploads\\\/2019\\\/02\\\/tim-louis-touquet-gepa.jpg\",\"contentUrl\":\"https:\\\/\\\/fr.motocrossmag.be\\\/wp-content\\\/uploads\\\/2019\\\/02\\\/tim-louis-touquet-gepa.jpg\",\"width\":1200,\"height\":900},{\"@type\":\"BreadcrumbList\",\"@id\":\"https:\\\/\\\/fr.motocrossmag.be\\\/index.php\\\/2019\\\/02\\\/tim-louis-represente-lasbl-en-vies-davenir-sur-lenduropale-du-touquet\\\/#breadcrumb\",\"itemListElement\":[{\"@type\":\"ListItem\",\"position\":1,\"name\":\"Accueil\",\"item\":\"https:\\\/\\\/fr.motocrossmag.be\\\/\"},{\"@type\":\"ListItem\",\"position\":2,\"name\":\"Tim Louis repr\u00e9sente l&rsquo;asbl En Vies d&rsquo;Avenir sur l&rsquo;Enduropale du Touquet\"}]},{\"@type\":\"WebSite\",\"@id\":\"https:\\\/\\\/fr.motocrossmag.be\\\/#website\",\"url\":\"https:\\\/\\\/fr.motocrossmag.be\\\/\",\"name\":\"Motocross - Enduro - Supermoto | MotocrossMag\",\"description\":\"L&#039;actualit\u00e9 du motocross, de l&#039;enduro et du Supermoto en ligne!\",\"potentialAction\":[{\"@type\":\"SearchAction\",\"target\":{\"@type\":\"EntryPoint\",\"urlTemplate\":\"https:\\\/\\\/fr.motocrossmag.be\\\/?s={search_term_string}\"},\"query-input\":{\"@type\":\"PropertyValueSpecification\",\"valueRequired\":true,\"valueName\":\"search_term_string\"}}],\"inLanguage\":\"fr-FR\"},{\"@type\":\"Person\",\"@id\":\"https:\\\/\\\/fr.motocrossmag.be\\\/#\\\/schema\\\/person\\\/11b47143d9f755babca2c9110e03235c\",\"name\":\"oliviere\",\"image\":{\"@type\":\"ImageObject\",\"inLanguage\":\"fr-FR\",\"@id\":\"https:\\\/\\\/secure.gravatar.com\\\/avatar\\\/907069e0b81d119452040469e4a7501da1100f54f7f80180ce77bfab718288f6?s=96&d=mm&r=g\",\"url\":\"https:\\\/\\\/secure.gravatar.com\\\/avatar\\\/907069e0b81d119452040469e4a7501da1100f54f7f80180ce77bfab718288f6?s=96&d=mm&r=g\",\"contentUrl\":\"https:\\\/\\\/secure.gravatar.com\\\/avatar\\\/907069e0b81d119452040469e4a7501da1100f54f7f80180ce77bfab718288f6?s=96&d=mm&r=g\",\"caption\":\"oliviere\"},\"sameAs\":[\"http:\\\/\\\/www.motocrossmag.be\"],\"url\":\"https:\\\/\\\/fr.motocrossmag.be\\\/index.php\\\/author\\\/oliviere\\\/\"}]}<\/script>\n<!-- \/ Yoast SEO plugin. -->","yoast_head_json":{"title":"Tim Louis repr\u00e9sente l'asbl En Vies d'Avenir sur l'Enduropale du Touquet - Motocross - Enduro - Supermoto | MotocrossMag","robots":{"index":"index","follow":"follow","max-snippet":"max-snippet:-1","max-image-preview":"max-image-preview:large","max-video-preview":"max-video-preview:-1"},"canonical":"https:\/\/fr.motocrossmag.be\/index.php\/2019\/02\/tim-louis-represente-lasbl-en-vies-davenir-sur-lenduropale-du-touquet\/","og_locale":"fr_FR","og_type":"article","og_title":"Tim Louis repr\u00e9sente l'asbl En Vies d'Avenir sur l'Enduropale du Touquet - Motocross - Enduro - Supermoto | MotocrossMag","og_description":"L&rsquo;histoire dure depuis plus de 20 ans entre l&rsquo;absl En Vies d&rsquo;Avenir et l&rsquo;Enduropale du Touquet. Chaque ann\u00e9e, ils sont environ 80, stagiaires, \u00e9quipe d&rsquo;encadrement et partenaires, \u00e0 rejoindre la [...]","og_url":"https:\/\/fr.motocrossmag.be\/index.php\/2019\/02\/tim-louis-represente-lasbl-en-vies-davenir-sur-lenduropale-du-touquet\/","og_site_name":"Motocross - Enduro - Supermoto | MotocrossMag","article_published_time":"2019-02-02T21:42:58+00:00","og_image":[{"width":1200,"height":900,"url":"https:\/\/fr.motocrossmag.be\/wp-content\/uploads\/2019\/02\/tim-louis-touquet-gepa.jpg","type":"image\/jpeg"}],"author":"oliviere","twitter_card":"summary_large_image","twitter_misc":{"\u00c9crit par":"oliviere","Dur\u00e9e de lecture estim\u00e9e":"1 minute"},"schema":{"@context":"https:\/\/schema.org","@graph":[{"@type":"Article","@id":"https:\/\/fr.motocrossmag.be\/index.php\/2019\/02\/tim-louis-represente-lasbl-en-vies-davenir-sur-lenduropale-du-touquet\/#article","isPartOf":{"@id":"https:\/\/fr.motocrossmag.be\/index.php\/2019\/02\/tim-louis-represente-lasbl-en-vies-davenir-sur-lenduropale-du-touquet\/"},"author":{"name":"oliviere","@id":"https:\/\/fr.motocrossmag.be\/#\/schema\/person\/11b47143d9f755babca2c9110e03235c"},"headline":"Tim Louis repr\u00e9sente l&rsquo;asbl En Vies d&rsquo;Avenir sur l&rsquo;Enduropale du Touquet","datePublished":"2019-02-02T21:42:58+00:00","mainEntityOfPage":{"@id":"https:\/\/fr.motocrossmag.be\/index.php\/2019\/02\/tim-louis-represente-lasbl-en-vies-davenir-sur-lenduropale-du-touquet\/"},"wordCount":290,"commentCount":0,"image":{"@id":"https:\/\/fr.motocrossmag.be\/index.php\/2019\/02\/tim-louis-represente-lasbl-en-vies-davenir-sur-lenduropale-du-touquet\/#primaryimage"},"thumbnailUrl":"https:\/\/fr.motocrossmag.be\/wp-content\/uploads\/2019\/02\/tim-louis-touquet-gepa.jpg","articleSection":["Actualit\u00e9","Courses de sable","Enduro","News","News"],"inLanguage":"fr-FR","potentialAction":[{"@type":"CommentAction","name":"Comment","target":["https:\/\/fr.motocrossmag.be\/index.php\/2019\/02\/tim-louis-represente-lasbl-en-vies-davenir-sur-lenduropale-du-touquet\/#respond"]}]},{"@type":"WebPage","@id":"https:\/\/fr.motocrossmag.be\/index.php\/2019\/02\/tim-louis-represente-lasbl-en-vies-davenir-sur-lenduropale-du-touquet\/","url":"https:\/\/fr.motocrossmag.be\/index.php\/2019\/02\/tim-louis-represente-lasbl-en-vies-davenir-sur-lenduropale-du-touquet\/","name":"Tim Louis repr\u00e9sente l'asbl En Vies d'Avenir sur l'Enduropale du Touquet - Motocross - Enduro - Supermoto | MotocrossMag","isPartOf":{"@id":"https:\/\/fr.motocrossmag.be\/#website"},"primaryImageOfPage":{"@id":"https:\/\/fr.motocrossmag.be\/index.php\/2019\/02\/tim-louis-represente-lasbl-en-vies-davenir-sur-lenduropale-du-touquet\/#primaryimage"},"image":{"@id":"https:\/\/fr.motocrossmag.be\/index.php\/2019\/02\/tim-louis-represente-lasbl-en-vies-davenir-sur-lenduropale-du-touquet\/#primaryimage"},"thumbnailUrl":"https:\/\/fr.motocrossmag.be\/wp-content\/uploads\/2019\/02\/tim-louis-touquet-gepa.jpg","datePublished":"2019-02-02T21:42:58+00:00","author":{"@id":"https:\/\/fr.motocrossmag.be\/#\/schema\/person\/11b47143d9f755babca2c9110e03235c"},"breadcrumb":{"@id":"https:\/\/fr.motocrossmag.be\/index.php\/2019\/02\/tim-louis-represente-lasbl-en-vies-davenir-sur-lenduropale-du-touquet\/#breadcrumb"},"inLanguage":"fr-FR","potentialAction":[{"@type":"ReadAction","target":["https:\/\/fr.motocrossmag.be\/index.php\/2019\/02\/tim-louis-represente-lasbl-en-vies-davenir-sur-lenduropale-du-touquet\/"]}]},{"@type":"ImageObject","inLanguage":"fr-FR","@id":"https:\/\/fr.motocrossmag.be\/index.php\/2019\/02\/tim-louis-represente-lasbl-en-vies-davenir-sur-lenduropale-du-touquet\/#primaryimage","url":"https:\/\/fr.motocrossmag.be\/wp-content\/uploads\/2019\/02\/tim-louis-touquet-gepa.jpg","contentUrl":"https:\/\/fr.motocrossmag.be\/wp-content\/uploads\/2019\/02\/tim-louis-touquet-gepa.jpg","width":1200,"height":900},{"@type":"BreadcrumbList","@id":"https:\/\/fr.motocrossmag.be\/index.php\/2019\/02\/tim-louis-represente-lasbl-en-vies-davenir-sur-lenduropale-du-touquet\/#breadcrumb","itemListElement":[{"@type":"ListItem","position":1,"name":"Accueil","item":"https:\/\/fr.motocrossmag.be\/"},{"@type":"ListItem","position":2,"name":"Tim Louis repr\u00e9sente l&rsquo;asbl En Vies d&rsquo;Avenir sur l&rsquo;Enduropale du Touquet"}]},{"@type":"WebSite","@id":"https:\/\/fr.motocrossmag.be\/#website","url":"https:\/\/fr.motocrossmag.be\/","name":"Motocross - Enduro - Supermoto | MotocrossMag","description":"L&#039;actualit\u00e9 du motocross, de l&#039;enduro et du Supermoto en ligne!","potentialAction":[{"@type":"SearchAction","target":{"@type":"EntryPoint","urlTemplate":"https:\/\/fr.motocrossmag.be\/?s={search_term_string}"},"query-input":{"@type":"PropertyValueSpecification","valueRequired":true,"valueName":"search_term_string"}}],"inLanguage":"fr-FR"},{"@type":"Person","@id":"https:\/\/fr.motocrossmag.be\/#\/schema\/person\/11b47143d9f755babca2c9110e03235c","name":"oliviere","image":{"@type":"ImageObject","inLanguage":"fr-FR","@id":"https:\/\/secure.gravatar.com\/avatar\/907069e0b81d119452040469e4a7501da1100f54f7f80180ce77bfab718288f6?s=96&d=mm&r=g","url":"https:\/\/secure.gravatar.com\/avatar\/907069e0b81d119452040469e4a7501da1100f54f7f80180ce77bfab718288f6?s=96&d=mm&r=g","contentUrl":"https:\/\/secure.gravatar.com\/avatar\/907069e0b81d119452040469e4a7501da1100f54f7f80180ce77bfab718288f6?s=96&d=mm&r=g","caption":"oliviere"},"sameAs":["http:\/\/www.motocrossmag.be"],"url":"https:\/\/fr.motocrossmag.be\/index.php\/author\/oliviere\/"}]}},"_links":{"self":[{"href":"https:\/\/fr.motocrossmag.be\/index.php\/wp-json\/wp\/v2\/posts\/83605","targetHints":{"allow":["GET"]}}],"collection":[{"href":"https:\/\/fr.motocrossmag.be\/index.php\/wp-json\/wp\/v2\/posts"}],"about":[{"href":"https:\/\/fr.motocrossmag.be\/index.php\/wp-json\/wp\/v2\/types\/post"}],"author":[{"embeddable":true,"href":"https:\/\/fr.motocrossmag.be\/index.php\/wp-json\/wp\/v2\/users\/932"}],"replies":[{"embeddable":true,"href":"https:\/\/fr.motocrossmag.be\/index.php\/wp-json\/wp\/v2\/comments?post=83605"}],"version-history":[{"count":0,"href":"https:\/\/fr.motocrossmag.be\/index.php\/wp-json\/wp\/v2\/posts\/83605\/revisions"}],"wp:featuredmedia":[{"embeddable":true,"href":"https:\/\/fr.motocrossmag.be\/index.php\/wp-json\/wp\/v2\/media\/83607"}],"wp:attachment":[{"href":"https:\/\/fr.motocrossmag.be\/index.php\/wp-json\/wp\/v2\/media?parent=83605"}],"wp:term":[{"taxonomy":"category","embeddable":true,"href":"https:\/\/fr.motocrossmag.be\/index.php\/wp-json\/wp\/v2\/categories?post=83605"},{"taxonomy":"post_tag","embeddable":true,"href":"https:\/\/fr.motocrossmag.be\/index.php\/wp-json\/wp\/v2\/tags?post=83605"}],"curies":[{"name":"wp","href":"https:\/\/api.w.org\/{rel}","templated":true}]}}