{"id":83625,"date":"2019-02-03T17:58:26","date_gmt":"2019-02-03T16:58:26","guid":{"rendered":"https:\/\/fr.motocrossmag.be\/?p=83625"},"modified":"2019-02-03T18:04:51","modified_gmt":"2019-02-03T17:04:51","slug":"nathan-watson-devance-daymond-martens-sur-la-plage-du-touquet","status":"publish","type":"post","link":"https:\/\/fr.motocrossmag.be\/index.php\/2019\/02\/nathan-watson-devance-daymond-martens-sur-la-plage-du-touquet\/","title":{"rendered":"Nathan Watson devance Daymond Martens sur la plage du Touquet"},"content":{"rendered":"<p><strong>Nathan Watson a remport\u00e9 ce dimanche son premier Enduropale du Touquet. L&rsquo;officiel KTM est aussi le premier Britannique \u00e0 remporter l&rsquo;\u00e9preuve de sable la plus populaire d&rsquo;Europe. Apr\u00e8s sa victoire sur le Red Bull Knock Out et ses prestations sur le championnat de France des Sables dont le Touquet \u00e9tait la finale, il restera assur\u00e9ment comme l&rsquo;homme fort de cette saison de sable.<\/strong><\/p>\n<p>&nbsp;<\/p>\n<a href=\"https:\/\/fr.motocrossmag.be\/index.php\/2019\/02\/video-le-replay-integral-de-lenduropale-du-touquet\/\" class=\"su-button su-button-style-flat\" style=\"color:#FFFFFF;background-color:#e52e17;border-color:#b82513;border-radius:9px\" target=\"_blank\" rel=\"noopener noreferrer\"><span style=\"color:#FFFFFF;padding:8px 24px;font-size:18px;line-height:27px;border-color:#ed6d5d;border-radius:9px;text-shadow:none\"><i class=\"sui sui-video-camera\" style=\"font-size:18px;color:#FFFFFF\"><\/i> Voir le replay de la course<\/span><\/a>\n<p>&nbsp;<\/p>\n<p>J\u00e9r\u00e9my Van Horebeek r\u00eavait de s&rsquo;imposer d\u00e8s son premier Touquet. Et le pilote Honda avait toutes les raisons d&rsquo;y croire. D&rsquo;autant plus qu&rsquo;il s&rsquo;installait rapidement aux commandes et menait toujours alors que les 2 premi\u00e8res heures de course \u00e9taient boucl\u00e9es&#8230; avant que le r\u00eave ne prenne fin dans un accrochage avec un pilote doubl\u00e9. Radiateur d\u00e9truit, Van Horebeek \u00e9tait contraint \u00e0 l&rsquo;abandon.<\/p>\n<p><img decoding=\"async\" class=\"lazyload alignnone size-medium wp-image-83629\" src=\"https:\/\/fr.motocrossmag.be\/wp-content\/uploads\/2019\/02\/van-horebeek-touquet-action-650x427.jpg\" data-orig-src=\"https:\/\/fr.motocrossmag.be\/wp-content\/uploads\/2019\/02\/van-horebeek-touquet-action-650x427.jpg\" alt=\"\" width=\"650\" height=\"427\" srcset=\"data:image\/svg+xml,%3Csvg%20xmlns%3D%27http%3A%2F%2Fwww.w3.org%2F2000%2Fsvg%27%20width%3D%27650%27%20height%3D%27427%27%20viewBox%3D%270%200%20650%20427%27%3E%3Crect%20width%3D%27650%27%20height%3D%27427%27%20fill-opacity%3D%220%22%2F%3E%3C%2Fsvg%3E\" data-srcset=\"https:\/\/fr.motocrossmag.be\/wp-content\/uploads\/2019\/02\/van-horebeek-touquet-action-650x427.jpg 650w, https:\/\/fr.motocrossmag.be\/wp-content\/uploads\/2019\/02\/van-horebeek-touquet-action-768x504.jpg 768w, https:\/\/fr.motocrossmag.be\/wp-content\/uploads\/2019\/02\/van-horebeek-touquet-action-1024x672.jpg 1024w, https:\/\/fr.motocrossmag.be\/wp-content\/uploads\/2019\/02\/van-horebeek-touquet-action.jpg 1200w\" data-sizes=\"auto\" data-orig-sizes=\"(max-width: 650px) 100vw, 650px\" \/><\/p>\n<p>Le Belge laissait alors place \u00e0 un duel entre Milko Potisek et Nathan Watson pour la victoire. Milko Potisek semblait en mesure de s&rsquo;imposer mais le Fran\u00e7ais \u00e9tait victime d&rsquo;un probl\u00e8me m\u00e9canique dans le dernier tour de course. L&rsquo;abandon du tenant du titre laissait le champ libre \u00e0 Nathan Watson qui franchissait au terme des 3 heures de course la ligne d&rsquo;arriv\u00e9e en vainqueur devant Daymond Martens et le Fran\u00e7ais Richard Fura.<\/p>\n<p>A la 20\u00e8me place, Tim Louis est le deuxi\u00e8me pilote belge class\u00e9. Une belle performance pour ce qui \u00e9tait le premier Touquet du pilote GEPA\/Pablo MX Team qui, comme Daymond Martens, portait sur la c\u00f4te d&rsquo;Opale ce dimanche les couleurs de l&rsquo;asbl En Vies d&rsquo;Avenir.<\/p>\n<p>Photos : Dylan Botte<\/p>\n<p><span style=\"color: #800000;\"><strong>R\u00e9sultats<\/strong><\/span><\/p>\n<p>1 WATSON Nathan 15 trs; <strong>2 MARTENS Daymond 15 trs; <\/strong>3 FURA Richard 15 trs; 4 VAN BEVEREN Adrien 15 trs; 5 WATEL Stephane 15 trs; 6 PETROV Petar 15 trs; 7 SOT Maxime 15 trs; 8 BROSSIER Victor 15 trs; 9 POTISEK Milko 14 trs; 10 FLORIN Timothee 14 trs; 11 HAUQUIER Jeremy 14 trs; 12 MEPLON Marshall 13 trs; 13 SIMPSON Stefan 13 trs; 14 BONNEAU Jeremy 13 trs; 15 BECKER Florent 13 trs; 16 GEMBALA Sabry 13 trs; 17 MULEC Toni 13 trs; 18 MOLLON Eddy 13 trs; 19 BETHYS Andy 13 trs; <strong>20 LOUIS Tim 13 trs<\/strong>;&#8230;<\/p>\n<p>&nbsp;<\/p>\n<ul>\n<li><strong><a href=\"https:\/\/fr.motocrossmag.be\/index.php\/2019\/02\/enduropale-du-touquet-2019-tous-les-resultats\/\">Voir les r\u00e9sultats complets<\/a><\/strong><\/li>\n<\/ul>\n","protected":false},"excerpt":{"rendered":"<p>Nathan Watson a remport\u00e9 ce dimanche son premier Enduropale du Touquet. L&rsquo;officiel KTM est aussi le premier Britannique \u00e0 remporter l&rsquo;\u00e9preuve de sable la plus populaire d&rsquo;Europe. Apr\u00e8s sa victoire [&#8230;]<\/p>\n","protected":false},"author":932,"featured_media":83626,"comment_status":"open","ping_status":"closed","sticky":false,"template":"","format":"standard","meta":{"footnotes":""},"categories":[54,1075,32,33,55,65],"tags":[],"class_list":["post-83625","post","type-post","status-publish","format-standard","has-post-thumbnail","hentry","category-actualite","category-courses-de-sable","category-enduro","category-news-enduro","category-news-actualite","category-slideshow"],"yoast_head":"<!-- This site is optimized with the Yoast SEO plugin v27.4 - https:\/\/yoast.com\/product\/yoast-seo-wordpress\/ -->\n<title>Nathan Watson devance Daymond Martens sur la plage du Touquet - Motocross - Enduro - Supermoto | MotocrossMag<\/title>\n<meta name=\"robots\" content=\"index, follow, max-snippet:-1, max-image-preview:large, max-video-preview:-1\" \/>\n<link rel=\"canonical\" href=\"https:\/\/fr.motocrossmag.be\/index.php\/2019\/02\/nathan-watson-devance-daymond-martens-sur-la-plage-du-touquet\/\" \/>\n<meta property=\"og:locale\" content=\"fr_FR\" \/>\n<meta property=\"og:type\" content=\"article\" \/>\n<meta property=\"og:title\" content=\"Nathan Watson devance Daymond Martens sur la plage du Touquet - Motocross - Enduro - Supermoto | MotocrossMag\" \/>\n<meta property=\"og:description\" content=\"Nathan Watson a remport\u00e9 ce dimanche son premier Enduropale du Touquet. L&rsquo;officiel KTM est aussi le premier Britannique \u00e0 remporter l&rsquo;\u00e9preuve de sable la plus populaire d&rsquo;Europe. Apr\u00e8s sa victoire [...]\" \/>\n<meta property=\"og:url\" content=\"https:\/\/fr.motocrossmag.be\/index.php\/2019\/02\/nathan-watson-devance-daymond-martens-sur-la-plage-du-touquet\/\" \/>\n<meta property=\"og:site_name\" content=\"Motocross - Enduro - Supermoto | MotocrossMag\" \/>\n<meta property=\"article:published_time\" content=\"2019-02-03T16:58:26+00:00\" \/>\n<meta property=\"article:modified_time\" content=\"2019-02-03T17:04:51+00:00\" \/>\n<meta property=\"og:image\" content=\"https:\/\/fr.motocrossmag.be\/wp-content\/uploads\/2019\/02\/watson-nathan.jpg\" \/>\n\t<meta property=\"og:image:width\" content=\"720\" \/>\n\t<meta property=\"og:image:height\" content=\"480\" \/>\n\t<meta property=\"og:image:type\" content=\"image\/jpeg\" \/>\n<meta name=\"author\" content=\"oliviere\" \/>\n<meta name=\"twitter:card\" content=\"summary_large_image\" \/>\n<meta name=\"twitter:label1\" content=\"\u00c9crit par\" \/>\n\t<meta name=\"twitter:data1\" content=\"oliviere\" \/>\n\t<meta name=\"twitter:label2\" content=\"Dur\u00e9e de lecture estim\u00e9e\" \/>\n\t<meta name=\"twitter:data2\" content=\"2 minutes\" \/>\n<script type=\"application\/ld+json\" class=\"yoast-schema-graph\">{\"@context\":\"https:\\\/\\\/schema.org\",\"@graph\":[{\"@type\":\"Article\",\"@id\":\"https:\\\/\\\/fr.motocrossmag.be\\\/index.php\\\/2019\\\/02\\\/nathan-watson-devance-daymond-martens-sur-la-plage-du-touquet\\\/#article\",\"isPartOf\":{\"@id\":\"https:\\\/\\\/fr.motocrossmag.be\\\/index.php\\\/2019\\\/02\\\/nathan-watson-devance-daymond-martens-sur-la-plage-du-touquet\\\/\"},\"author\":{\"name\":\"oliviere\",\"@id\":\"https:\\\/\\\/fr.motocrossmag.be\\\/#\\\/schema\\\/person\\\/11b47143d9f755babca2c9110e03235c\"},\"headline\":\"Nathan Watson devance Daymond Martens sur la plage du Touquet\",\"datePublished\":\"2019-02-03T16:58:26+00:00\",\"dateModified\":\"2019-02-03T17:04:51+00:00\",\"mainEntityOfPage\":{\"@id\":\"https:\\\/\\\/fr.motocrossmag.be\\\/index.php\\\/2019\\\/02\\\/nathan-watson-devance-daymond-martens-sur-la-plage-du-touquet\\\/\"},\"wordCount\":384,\"commentCount\":0,\"image\":{\"@id\":\"https:\\\/\\\/fr.motocrossmag.be\\\/index.php\\\/2019\\\/02\\\/nathan-watson-devance-daymond-martens-sur-la-plage-du-touquet\\\/#primaryimage\"},\"thumbnailUrl\":\"https:\\\/\\\/fr.motocrossmag.be\\\/wp-content\\\/uploads\\\/2019\\\/02\\\/watson-nathan.jpg\",\"articleSection\":[\"Actualit\u00e9\",\"Courses de sable\",\"Enduro\",\"News\",\"News\",\"Slideshow\"],\"inLanguage\":\"fr-FR\",\"potentialAction\":[{\"@type\":\"CommentAction\",\"name\":\"Comment\",\"target\":[\"https:\\\/\\\/fr.motocrossmag.be\\\/index.php\\\/2019\\\/02\\\/nathan-watson-devance-daymond-martens-sur-la-plage-du-touquet\\\/#respond\"]}]},{\"@type\":\"WebPage\",\"@id\":\"https:\\\/\\\/fr.motocrossmag.be\\\/index.php\\\/2019\\\/02\\\/nathan-watson-devance-daymond-martens-sur-la-plage-du-touquet\\\/\",\"url\":\"https:\\\/\\\/fr.motocrossmag.be\\\/index.php\\\/2019\\\/02\\\/nathan-watson-devance-daymond-martens-sur-la-plage-du-touquet\\\/\",\"name\":\"Nathan Watson devance Daymond Martens sur la plage du Touquet - Motocross - Enduro - Supermoto | MotocrossMag\",\"isPartOf\":{\"@id\":\"https:\\\/\\\/fr.motocrossmag.be\\\/#website\"},\"primaryImageOfPage\":{\"@id\":\"https:\\\/\\\/fr.motocrossmag.be\\\/index.php\\\/2019\\\/02\\\/nathan-watson-devance-daymond-martens-sur-la-plage-du-touquet\\\/#primaryimage\"},\"image\":{\"@id\":\"https:\\\/\\\/fr.motocrossmag.be\\\/index.php\\\/2019\\\/02\\\/nathan-watson-devance-daymond-martens-sur-la-plage-du-touquet\\\/#primaryimage\"},\"thumbnailUrl\":\"https:\\\/\\\/fr.motocrossmag.be\\\/wp-content\\\/uploads\\\/2019\\\/02\\\/watson-nathan.jpg\",\"datePublished\":\"2019-02-03T16:58:26+00:00\",\"dateModified\":\"2019-02-03T17:04:51+00:00\",\"author\":{\"@id\":\"https:\\\/\\\/fr.motocrossmag.be\\\/#\\\/schema\\\/person\\\/11b47143d9f755babca2c9110e03235c\"},\"breadcrumb\":{\"@id\":\"https:\\\/\\\/fr.motocrossmag.be\\\/index.php\\\/2019\\\/02\\\/nathan-watson-devance-daymond-martens-sur-la-plage-du-touquet\\\/#breadcrumb\"},\"inLanguage\":\"fr-FR\",\"potentialAction\":[{\"@type\":\"ReadAction\",\"target\":[\"https:\\\/\\\/fr.motocrossmag.be\\\/index.php\\\/2019\\\/02\\\/nathan-watson-devance-daymond-martens-sur-la-plage-du-touquet\\\/\"]}]},{\"@type\":\"ImageObject\",\"inLanguage\":\"fr-FR\",\"@id\":\"https:\\\/\\\/fr.motocrossmag.be\\\/index.php\\\/2019\\\/02\\\/nathan-watson-devance-daymond-martens-sur-la-plage-du-touquet\\\/#primaryimage\",\"url\":\"https:\\\/\\\/fr.motocrossmag.be\\\/wp-content\\\/uploads\\\/2019\\\/02\\\/watson-nathan.jpg\",\"contentUrl\":\"https:\\\/\\\/fr.motocrossmag.be\\\/wp-content\\\/uploads\\\/2019\\\/02\\\/watson-nathan.jpg\",\"width\":720,\"height\":480},{\"@type\":\"BreadcrumbList\",\"@id\":\"https:\\\/\\\/fr.motocrossmag.be\\\/index.php\\\/2019\\\/02\\\/nathan-watson-devance-daymond-martens-sur-la-plage-du-touquet\\\/#breadcrumb\",\"itemListElement\":[{\"@type\":\"ListItem\",\"position\":1,\"name\":\"Accueil\",\"item\":\"https:\\\/\\\/fr.motocrossmag.be\\\/\"},{\"@type\":\"ListItem\",\"position\":2,\"name\":\"Nathan Watson devance Daymond Martens sur la plage du Touquet\"}]},{\"@type\":\"WebSite\",\"@id\":\"https:\\\/\\\/fr.motocrossmag.be\\\/#website\",\"url\":\"https:\\\/\\\/fr.motocrossmag.be\\\/\",\"name\":\"Motocross - Enduro - Supermoto | MotocrossMag\",\"description\":\"L&#039;actualit\u00e9 du motocross, de l&#039;enduro et du Supermoto en ligne!\",\"potentialAction\":[{\"@type\":\"SearchAction\",\"target\":{\"@type\":\"EntryPoint\",\"urlTemplate\":\"https:\\\/\\\/fr.motocrossmag.be\\\/?s={search_term_string}\"},\"query-input\":{\"@type\":\"PropertyValueSpecification\",\"valueRequired\":true,\"valueName\":\"search_term_string\"}}],\"inLanguage\":\"fr-FR\"},{\"@type\":\"Person\",\"@id\":\"https:\\\/\\\/fr.motocrossmag.be\\\/#\\\/schema\\\/person\\\/11b47143d9f755babca2c9110e03235c\",\"name\":\"oliviere\",\"image\":{\"@type\":\"ImageObject\",\"inLanguage\":\"fr-FR\",\"@id\":\"https:\\\/\\\/secure.gravatar.com\\\/avatar\\\/907069e0b81d119452040469e4a7501da1100f54f7f80180ce77bfab718288f6?s=96&d=mm&r=g\",\"url\":\"https:\\\/\\\/secure.gravatar.com\\\/avatar\\\/907069e0b81d119452040469e4a7501da1100f54f7f80180ce77bfab718288f6?s=96&d=mm&r=g\",\"contentUrl\":\"https:\\\/\\\/secure.gravatar.com\\\/avatar\\\/907069e0b81d119452040469e4a7501da1100f54f7f80180ce77bfab718288f6?s=96&d=mm&r=g\",\"caption\":\"oliviere\"},\"sameAs\":[\"http:\\\/\\\/www.motocrossmag.be\"],\"url\":\"https:\\\/\\\/fr.motocrossmag.be\\\/index.php\\\/author\\\/oliviere\\\/\"}]}<\/script>\n<!-- \/ Yoast SEO plugin. -->","yoast_head_json":{"title":"Nathan Watson devance Daymond Martens sur la plage du Touquet - Motocross - Enduro - Supermoto | MotocrossMag","robots":{"index":"index","follow":"follow","max-snippet":"max-snippet:-1","max-image-preview":"max-image-preview:large","max-video-preview":"max-video-preview:-1"},"canonical":"https:\/\/fr.motocrossmag.be\/index.php\/2019\/02\/nathan-watson-devance-daymond-martens-sur-la-plage-du-touquet\/","og_locale":"fr_FR","og_type":"article","og_title":"Nathan Watson devance Daymond Martens sur la plage du Touquet - Motocross - Enduro - Supermoto | MotocrossMag","og_description":"Nathan Watson a remport\u00e9 ce dimanche son premier Enduropale du Touquet. L&rsquo;officiel KTM est aussi le premier Britannique \u00e0 remporter l&rsquo;\u00e9preuve de sable la plus populaire d&rsquo;Europe. Apr\u00e8s sa victoire [...]","og_url":"https:\/\/fr.motocrossmag.be\/index.php\/2019\/02\/nathan-watson-devance-daymond-martens-sur-la-plage-du-touquet\/","og_site_name":"Motocross - Enduro - Supermoto | MotocrossMag","article_published_time":"2019-02-03T16:58:26+00:00","article_modified_time":"2019-02-03T17:04:51+00:00","og_image":[{"width":720,"height":480,"url":"https:\/\/fr.motocrossmag.be\/wp-content\/uploads\/2019\/02\/watson-nathan.jpg","type":"image\/jpeg"}],"author":"oliviere","twitter_card":"summary_large_image","twitter_misc":{"\u00c9crit par":"oliviere","Dur\u00e9e de lecture estim\u00e9e":"2 minutes"},"schema":{"@context":"https:\/\/schema.org","@graph":[{"@type":"Article","@id":"https:\/\/fr.motocrossmag.be\/index.php\/2019\/02\/nathan-watson-devance-daymond-martens-sur-la-plage-du-touquet\/#article","isPartOf":{"@id":"https:\/\/fr.motocrossmag.be\/index.php\/2019\/02\/nathan-watson-devance-daymond-martens-sur-la-plage-du-touquet\/"},"author":{"name":"oliviere","@id":"https:\/\/fr.motocrossmag.be\/#\/schema\/person\/11b47143d9f755babca2c9110e03235c"},"headline":"Nathan Watson devance Daymond Martens sur la plage du Touquet","datePublished":"2019-02-03T16:58:26+00:00","dateModified":"2019-02-03T17:04:51+00:00","mainEntityOfPage":{"@id":"https:\/\/fr.motocrossmag.be\/index.php\/2019\/02\/nathan-watson-devance-daymond-martens-sur-la-plage-du-touquet\/"},"wordCount":384,"commentCount":0,"image":{"@id":"https:\/\/fr.motocrossmag.be\/index.php\/2019\/02\/nathan-watson-devance-daymond-martens-sur-la-plage-du-touquet\/#primaryimage"},"thumbnailUrl":"https:\/\/fr.motocrossmag.be\/wp-content\/uploads\/2019\/02\/watson-nathan.jpg","articleSection":["Actualit\u00e9","Courses de sable","Enduro","News","News","Slideshow"],"inLanguage":"fr-FR","potentialAction":[{"@type":"CommentAction","name":"Comment","target":["https:\/\/fr.motocrossmag.be\/index.php\/2019\/02\/nathan-watson-devance-daymond-martens-sur-la-plage-du-touquet\/#respond"]}]},{"@type":"WebPage","@id":"https:\/\/fr.motocrossmag.be\/index.php\/2019\/02\/nathan-watson-devance-daymond-martens-sur-la-plage-du-touquet\/","url":"https:\/\/fr.motocrossmag.be\/index.php\/2019\/02\/nathan-watson-devance-daymond-martens-sur-la-plage-du-touquet\/","name":"Nathan Watson devance Daymond Martens sur la plage du Touquet - Motocross - Enduro - Supermoto | MotocrossMag","isPartOf":{"@id":"https:\/\/fr.motocrossmag.be\/#website"},"primaryImageOfPage":{"@id":"https:\/\/fr.motocrossmag.be\/index.php\/2019\/02\/nathan-watson-devance-daymond-martens-sur-la-plage-du-touquet\/#primaryimage"},"image":{"@id":"https:\/\/fr.motocrossmag.be\/index.php\/2019\/02\/nathan-watson-devance-daymond-martens-sur-la-plage-du-touquet\/#primaryimage"},"thumbnailUrl":"https:\/\/fr.motocrossmag.be\/wp-content\/uploads\/2019\/02\/watson-nathan.jpg","datePublished":"2019-02-03T16:58:26+00:00","dateModified":"2019-02-03T17:04:51+00:00","author":{"@id":"https:\/\/fr.motocrossmag.be\/#\/schema\/person\/11b47143d9f755babca2c9110e03235c"},"breadcrumb":{"@id":"https:\/\/fr.motocrossmag.be\/index.php\/2019\/02\/nathan-watson-devance-daymond-martens-sur-la-plage-du-touquet\/#breadcrumb"},"inLanguage":"fr-FR","potentialAction":[{"@type":"ReadAction","target":["https:\/\/fr.motocrossmag.be\/index.php\/2019\/02\/nathan-watson-devance-daymond-martens-sur-la-plage-du-touquet\/"]}]},{"@type":"ImageObject","inLanguage":"fr-FR","@id":"https:\/\/fr.motocrossmag.be\/index.php\/2019\/02\/nathan-watson-devance-daymond-martens-sur-la-plage-du-touquet\/#primaryimage","url":"https:\/\/fr.motocrossmag.be\/wp-content\/uploads\/2019\/02\/watson-nathan.jpg","contentUrl":"https:\/\/fr.motocrossmag.be\/wp-content\/uploads\/2019\/02\/watson-nathan.jpg","width":720,"height":480},{"@type":"BreadcrumbList","@id":"https:\/\/fr.motocrossmag.be\/index.php\/2019\/02\/nathan-watson-devance-daymond-martens-sur-la-plage-du-touquet\/#breadcrumb","itemListElement":[{"@type":"ListItem","position":1,"name":"Accueil","item":"https:\/\/fr.motocrossmag.be\/"},{"@type":"ListItem","position":2,"name":"Nathan Watson devance Daymond Martens sur la plage du Touquet"}]},{"@type":"WebSite","@id":"https:\/\/fr.motocrossmag.be\/#website","url":"https:\/\/fr.motocrossmag.be\/","name":"Motocross - Enduro - Supermoto | MotocrossMag","description":"L&#039;actualit\u00e9 du motocross, de l&#039;enduro et du Supermoto en ligne!","potentialAction":[{"@type":"SearchAction","target":{"@type":"EntryPoint","urlTemplate":"https:\/\/fr.motocrossmag.be\/?s={search_term_string}"},"query-input":{"@type":"PropertyValueSpecification","valueRequired":true,"valueName":"search_term_string"}}],"inLanguage":"fr-FR"},{"@type":"Person","@id":"https:\/\/fr.motocrossmag.be\/#\/schema\/person\/11b47143d9f755babca2c9110e03235c","name":"oliviere","image":{"@type":"ImageObject","inLanguage":"fr-FR","@id":"https:\/\/secure.gravatar.com\/avatar\/907069e0b81d119452040469e4a7501da1100f54f7f80180ce77bfab718288f6?s=96&d=mm&r=g","url":"https:\/\/secure.gravatar.com\/avatar\/907069e0b81d119452040469e4a7501da1100f54f7f80180ce77bfab718288f6?s=96&d=mm&r=g","contentUrl":"https:\/\/secure.gravatar.com\/avatar\/907069e0b81d119452040469e4a7501da1100f54f7f80180ce77bfab718288f6?s=96&d=mm&r=g","caption":"oliviere"},"sameAs":["http:\/\/www.motocrossmag.be"],"url":"https:\/\/fr.motocrossmag.be\/index.php\/author\/oliviere\/"}]}},"_links":{"self":[{"href":"https:\/\/fr.motocrossmag.be\/index.php\/wp-json\/wp\/v2\/posts\/83625","targetHints":{"allow":["GET"]}}],"collection":[{"href":"https:\/\/fr.motocrossmag.be\/index.php\/wp-json\/wp\/v2\/posts"}],"about":[{"href":"https:\/\/fr.motocrossmag.be\/index.php\/wp-json\/wp\/v2\/types\/post"}],"author":[{"embeddable":true,"href":"https:\/\/fr.motocrossmag.be\/index.php\/wp-json\/wp\/v2\/users\/932"}],"replies":[{"embeddable":true,"href":"https:\/\/fr.motocrossmag.be\/index.php\/wp-json\/wp\/v2\/comments?post=83625"}],"version-history":[{"count":1,"href":"https:\/\/fr.motocrossmag.be\/index.php\/wp-json\/wp\/v2\/posts\/83625\/revisions"}],"predecessor-version":[{"id":83628,"href":"https:\/\/fr.motocrossmag.be\/index.php\/wp-json\/wp\/v2\/posts\/83625\/revisions\/83628"}],"wp:featuredmedia":[{"embeddable":true,"href":"https:\/\/fr.motocrossmag.be\/index.php\/wp-json\/wp\/v2\/media\/83626"}],"wp:attachment":[{"href":"https:\/\/fr.motocrossmag.be\/index.php\/wp-json\/wp\/v2\/media?parent=83625"}],"wp:term":[{"taxonomy":"category","embeddable":true,"href":"https:\/\/fr.motocrossmag.be\/index.php\/wp-json\/wp\/v2\/categories?post=83625"},{"taxonomy":"post_tag","embeddable":true,"href":"https:\/\/fr.motocrossmag.be\/index.php\/wp-json\/wp\/v2\/tags?post=83625"}],"curies":[{"name":"wp","href":"https:\/\/api.w.org\/{rel}","templated":true}]}}