{"id":83696,"date":"2019-02-06T17:16:50","date_gmt":"2019-02-06T16:16:50","guid":{"rendered":"https:\/\/fr.motocrossmag.be\/?p=83696"},"modified":"2019-02-06T17:16:50","modified_gmt":"2019-02-06T16:16:50","slug":"tim-louis-et-daymond-martens-ont-fait-briller-les-couleurs-de-lasbl-en-vies-davenir-sur-la-plage-du-touquet","status":"publish","type":"post","link":"https:\/\/fr.motocrossmag.be\/index.php\/2019\/02\/tim-louis-et-daymond-martens-ont-fait-briller-les-couleurs-de-lasbl-en-vies-davenir-sur-la-plage-du-touquet\/","title":{"rendered":"Tim Louis et Daymond Martens ont fait briller les couleurs de l&rsquo;asbl En Vies d&rsquo;Avenir sur la plage du Touquet"},"content":{"rendered":"<p><strong>Avec un pilote sur la deuxi\u00e8me marche du podium et un autre qui termine son premier Enduropale du Touquet \u00e0 la 19\u00e8me place, l&rsquo;asbl En Vies d&rsquo;Avenir a quitt\u00e9 la c\u00f4te d&rsquo;Opale ce dimanche avec la satisfaction d&rsquo;avoir vu ses deux prot\u00e9g\u00e9s atteindre leurs objectifs personnels.<\/strong><\/p>\n<p>\u00ab\u00a0Il y a deux Belges dans le top-20 cette ann\u00e9e et ce sont non seulement deux pilotes wallons mais aussi les deux pilotes qui roulaient sous les couleurs d&rsquo;En Vies d&rsquo;Avenir !\u00a0\u00bb se r\u00e9jouit Thierry Klutz. \u00ab\u00a0L\u2019asbl Eva m\u00e8ne un programme de r\u00e9insertion sociale par le biais de la moto. Elle a comme objectif principal de r\u00e9ins\u00e9rer des jeunes dans le milieu du travail et surtout de leur donner les outils pour reprendre confiance en eux. Les r\u00e9sultats de Daymond (Martens, NDLR) et de Tim (Louis, NDLR), nous avons pu -et de bien belle mani\u00e8re- d\u00e9montrer qu\u2019il est tout \u00e0 fait possible d\u2019atteindre ses objectifs d\u00e8s lors qu&rsquo;on y croit. On ne pouvait d\u00e9finitivement pas esp\u00e9rer mieux pour mettre en avant la raison qui pousse l&rsquo;asbl \u00e0 soutenir la moto tout-terrain lors d\u2019une telle \u00e9preuve.\u00a0\u00bb<\/p>\n<p><img decoding=\"async\" class=\"lazyload alignnone size-medium wp-image-83766\" src=\"https:\/\/fr.motocrossmag.be\/wp-content\/uploads\/2019\/02\/klutz-louis-650x433.jpg\" data-orig-src=\"https:\/\/fr.motocrossmag.be\/wp-content\/uploads\/2019\/02\/klutz-louis-650x433.jpg\" alt=\"\" width=\"650\" height=\"433\" srcset=\"data:image\/svg+xml,%3Csvg%20xmlns%3D%27http%3A%2F%2Fwww.w3.org%2F2000%2Fsvg%27%20width%3D%27650%27%20height%3D%27433%27%20viewBox%3D%270%200%20650%20433%27%3E%3Crect%20width%3D%27650%27%20height%3D%27433%27%20fill-opacity%3D%220%22%2F%3E%3C%2Fsvg%3E\" data-srcset=\"https:\/\/fr.motocrossmag.be\/wp-content\/uploads\/2019\/02\/klutz-louis-650x433.jpg 650w, https:\/\/fr.motocrossmag.be\/wp-content\/uploads\/2019\/02\/klutz-louis-768x512.jpg 768w, https:\/\/fr.motocrossmag.be\/wp-content\/uploads\/2019\/02\/klutz-louis.jpg 900w\" data-sizes=\"auto\" data-orig-sizes=\"(max-width: 650px) 100vw, 650px\" \/><\/p>\n<p>\u00ab\u00a0Sur place\u00a0\u00bb, poursuit Klutzy, \u00ab\u00a0mon objectif \u00e9tait de \u00ab\u00a0coacher\u00a0\u00bb Tim afin de lui permettre d&rsquo;arriver le plus sereinement possible sur la course, de le conseiller sur les diff\u00e9rentes petites choses qui ont pourtant beaucoup d&rsquo;importance dans des \u00e9preuves comme celles-l\u00e0, omme la reconnaissance du circuit, la gestion de la course, le ravitaillement,&#8230; mais surtout de rassurer Tim sur son r\u00e9el potentiel.Chaque pilote est diff\u00e9rent en pilotage mais \u00e9galement dans la mani\u00e8re d&rsquo;appr\u00e9hender la course. Comme son papa me l&rsquo;a r\u00e9guli\u00e8rement r\u00e9p\u00e9t\u00e9, Tim est un gar\u00e7on prudent, r\u00e9fl\u00e9chi et qui a besoin de se sentir en confiance sur la moto pour donner le meilleur de lui-m\u00eame.\u00a0\u00bb<\/p>\n<p><img decoding=\"async\" class=\"lazyload alignnone size-medium wp-image-83671\" src=\"https:\/\/fr.motocrossmag.be\/wp-content\/uploads\/2019\/02\/Touquet-2019-dim-DSC_4763-650x433.jpg\" data-orig-src=\"https:\/\/fr.motocrossmag.be\/wp-content\/uploads\/2019\/02\/Touquet-2019-dim-DSC_4763-650x433.jpg\" alt=\"\" width=\"650\" height=\"433\" srcset=\"data:image\/svg+xml,%3Csvg%20xmlns%3D%27http%3A%2F%2Fwww.w3.org%2F2000%2Fsvg%27%20width%3D%27650%27%20height%3D%27433%27%20viewBox%3D%270%200%20650%20433%27%3E%3Crect%20width%3D%27650%27%20height%3D%27433%27%20fill-opacity%3D%220%22%2F%3E%3C%2Fsvg%3E\" data-srcset=\"https:\/\/fr.motocrossmag.be\/wp-content\/uploads\/2019\/02\/Touquet-2019-dim-DSC_4763-650x433.jpg 650w, https:\/\/fr.motocrossmag.be\/wp-content\/uploads\/2019\/02\/Touquet-2019-dim-DSC_4763-768x512.jpg 768w, https:\/\/fr.motocrossmag.be\/wp-content\/uploads\/2019\/02\/Touquet-2019-dim-DSC_4763-1024x683.jpg 1024w, https:\/\/fr.motocrossmag.be\/wp-content\/uploads\/2019\/02\/Touquet-2019-dim-DSC_4763.jpg 1350w\" data-sizes=\"auto\" data-orig-sizes=\"(max-width: 650px) 100vw, 650px\" \/><\/p>\n<p>\u00ab\u00a0Je suis arriv\u00e9 au Touquet avec peu de pr\u00e9paration par rapport \u00e0 mes adversaires\u00a0\u00bb, analyse pour sa part Tim Louis. \u00ab\u00a0Cela fait moins de 2 mois que j\u2019ai commenc\u00e9 \u00e0 rouler avec la 450 Kawasaki. Mon \u00e9quipe, le Pablo Mx Team\/Gepa et moi-m\u00eame avons d\u00fb travailler efficacement en tr\u00e8s peu de temps pour arriver pr\u00eats sur l&rsquo;Enduropale. C\u2019\u00e9tait clairement un challenge de venir dans de telles conditions pour ma premi\u00e8re participation sur cette course mythique. Bizarrement, je ne me suis pas mis la pression avant le d\u00e9part, m\u00eame si, une fois sur la plage, l&rsquo;adr\u00e9naline \u00e9tait bien pr\u00e9sente. Pour cela, je peux remercier mon team qui m\u2019a mis dans d&rsquo;excellentes dispositions. Nous y allions pour prendre de l\u2019exp\u00e9rience, aussi bien pour moi que pour l\u2019\u00e9quipe, avec pour objectif principal d&rsquo;aller au bout de ces 3 heures de course.\u00a0\u00bb<\/p>\n<blockquote><p>\u00ab\u00a0Le travail effectu\u00e9 ces derni\u00e8res semaines a pay\u00e9 !\u00a0\u00bb<\/p><\/blockquote>\n<p>\u00ab\u00a0Mais je ne vais pas vous cacher que j\u2019esp\u00e9rais rentrer dans le top-30. Un petit objectif qui me semblait r\u00e9alisable malgr\u00e9 le peu d\u2019exp\u00e9rience sur les courses sur sable\u00a0\u00bb, continue le pilote Kawasaki. \u00ab\u00a0Je me suis directement bien senti sur le sable du Touquet, j\u2019ai \u00e9t\u00e9 point\u00e9 en 36\u00e8me position \u00e0 la fin du premier tour. Malgr\u00e9 mes 6 petites chutes durant la course, je parviens \u00e0 franchir le drapeau \u00e0 damiers \u00e0 une tr\u00e8s belle 19i\u00e8me place. Au passage de la ligne, c\u2019est un m\u00e9lange de joie et de satisfaction personnelle que j&rsquo;ai ressenti. Et puis, lorsque mon team m&rsquo;a fait savoir que j&rsquo;\u00e9tais 19\u00e8me et second Belge, cela a \u00e9videment \u00e9t\u00e9 la grande joie. Le travail effectu\u00e9 ces derni\u00e8res semaines a pay\u00e9 !\u00a0\u00bb<\/p>\n<p><img decoding=\"async\" class=\"lazyload alignnone size-medium wp-image-83662\" src=\"https:\/\/fr.motocrossmag.be\/wp-content\/uploads\/2019\/02\/Touquet-2019-dim-DSC_4624-650x433.jpg\" data-orig-src=\"https:\/\/fr.motocrossmag.be\/wp-content\/uploads\/2019\/02\/Touquet-2019-dim-DSC_4624-650x433.jpg\" alt=\"\" width=\"650\" height=\"433\" srcset=\"data:image\/svg+xml,%3Csvg%20xmlns%3D%27http%3A%2F%2Fwww.w3.org%2F2000%2Fsvg%27%20width%3D%27650%27%20height%3D%27433%27%20viewBox%3D%270%200%20650%20433%27%3E%3Crect%20width%3D%27650%27%20height%3D%27433%27%20fill-opacity%3D%220%22%2F%3E%3C%2Fsvg%3E\" data-srcset=\"https:\/\/fr.motocrossmag.be\/wp-content\/uploads\/2019\/02\/Touquet-2019-dim-DSC_4624-650x433.jpg 650w, https:\/\/fr.motocrossmag.be\/wp-content\/uploads\/2019\/02\/Touquet-2019-dim-DSC_4624-768x512.jpg 768w, https:\/\/fr.motocrossmag.be\/wp-content\/uploads\/2019\/02\/Touquet-2019-dim-DSC_4624-1024x682.jpg 1024w, https:\/\/fr.motocrossmag.be\/wp-content\/uploads\/2019\/02\/Touquet-2019-dim-DSC_4624.jpg 1400w\" data-sizes=\"auto\" data-orig-sizes=\"(max-width: 650px) 100vw, 650px\" \/><\/p>\n<p>A propos du travail effectu\u00e9 pour pr\u00e9parer ce Touquet, outre la pr\u00e9paration physique sp\u00e9cifique, Thierry Klutz nous d\u00e9taille \u00e0 quel point le travail de setting de la moto a \u00e9t\u00e9 efficace. \u00ab\u00a0Il y a eu du travail au niveau des suspensions (sur les suspensions d&rsquo;origines) pour lui permettre de se sentir en s\u00e9curit\u00e9. Petit \u00e0 petit, il a pu ainsi, au fil des entrainements, augmenter sa vitesse avec toujours le sentiment d&rsquo;avoir une marge de s\u00e9curit\u00e9. Son p\u00e8re traduisait en termes de settings ce qu\u2019il constatait ou ce que nous pouvions lui donner comme ressentiment sur la piste. Avec le peu de temps que nous avons eu devant nous, son papa est donc parvenu \u00e0 apporter sur le mat\u00e9riel d\u2019origine des modifications qui permettaient \u00e0 Tim d&rsquo;am\u00e9liorer sa vitesse en toute s\u00e9curit\u00e9. Au niveau du moteur, tout \u00e9tait d&rsquo;origine mis \u00e0 part une ligne d&rsquo;\u00e9chappement que nous avons r\u00e9cup\u00e9r\u00e9e le jeudi au Touquet.\u00a0\u00bb<\/p>\n<p>\u00ab\u00a0Il est vraiment important de mettre en \u00e9vidence le \u00ab\u00a0Pablo MX team\u00a0\u00bb sans qui rien n\u2019aurait \u00e9t\u00e9 possible\u00a0\u00bb, conclut Thierry Klutz. \u00ab\u00a0En effet, Jean-Paul Baerten (dit Pablo), le manager du team, a cru que Tim pourrait se montrer \u00e0 cette course et jouer le top-25 et que le Touquet pourrait donc \u00eatre une belle rampe de lancement pour le team. Jean-Paul Baerten a tout fait jusqu\u2019au bout pour apporter les petites choses qui ont permis \u00e0 Tim d\u2019atteindre le r\u00e9sultat esp\u00e9r\u00e9.\u00a0\u00bb<\/p>\n","protected":false},"excerpt":{"rendered":"<p>Avec un pilote sur la deuxi\u00e8me marche du podium et un autre qui termine son premier Enduropale du Touquet \u00e0 la 19\u00e8me place, l&rsquo;asbl En Vies d&rsquo;Avenir a quitt\u00e9 la [&#8230;]<\/p>\n","protected":false},"author":932,"featured_media":83765,"comment_status":"open","ping_status":"closed","sticky":false,"template":"","format":"standard","meta":{"footnotes":""},"categories":[54,1075,32,33,55,65],"tags":[],"class_list":["post-83696","post","type-post","status-publish","format-standard","has-post-thumbnail","hentry","category-actualite","category-courses-de-sable","category-enduro","category-news-enduro","category-news-actualite","category-slideshow"],"yoast_head":"<!-- This site is optimized with the Yoast SEO plugin v27.4 - https:\/\/yoast.com\/product\/yoast-seo-wordpress\/ -->\n<title>Tim Louis et Daymond Martens ont fait briller les couleurs de l&#039;asbl En Vies d&#039;Avenir sur la plage du Touquet - Motocross - Enduro - Supermoto | MotocrossMag<\/title>\n<meta name=\"robots\" content=\"index, follow, max-snippet:-1, max-image-preview:large, max-video-preview:-1\" \/>\n<link rel=\"canonical\" href=\"https:\/\/fr.motocrossmag.be\/index.php\/2019\/02\/tim-louis-et-daymond-martens-ont-fait-briller-les-couleurs-de-lasbl-en-vies-davenir-sur-la-plage-du-touquet\/\" \/>\n<meta property=\"og:locale\" content=\"fr_FR\" \/>\n<meta property=\"og:type\" content=\"article\" \/>\n<meta property=\"og:title\" content=\"Tim Louis et Daymond Martens ont fait briller les couleurs de l&#039;asbl En Vies d&#039;Avenir sur la plage du Touquet - Motocross - Enduro - Supermoto | MotocrossMag\" \/>\n<meta property=\"og:description\" content=\"Avec un pilote sur la deuxi\u00e8me marche du podium et un autre qui termine son premier Enduropale du Touquet \u00e0 la 19\u00e8me place, l&rsquo;asbl En Vies d&rsquo;Avenir a quitt\u00e9 la [...]\" \/>\n<meta property=\"og:url\" content=\"https:\/\/fr.motocrossmag.be\/index.php\/2019\/02\/tim-louis-et-daymond-martens-ont-fait-briller-les-couleurs-de-lasbl-en-vies-davenir-sur-la-plage-du-touquet\/\" \/>\n<meta property=\"og:site_name\" content=\"Motocross - Enduro - Supermoto | MotocrossMag\" \/>\n<meta property=\"article:published_time\" content=\"2019-02-06T16:16:50+00:00\" \/>\n<meta property=\"og:image\" content=\"https:\/\/fr.motocrossmag.be\/wp-content\/uploads\/2019\/02\/louis-klutz-martens.jpg\" \/>\n\t<meta property=\"og:image:width\" content=\"650\" \/>\n\t<meta property=\"og:image:height\" content=\"416\" \/>\n\t<meta property=\"og:image:type\" content=\"image\/jpeg\" \/>\n<meta name=\"author\" content=\"oliviere\" \/>\n<meta name=\"twitter:card\" content=\"summary_large_image\" \/>\n<meta name=\"twitter:label1\" content=\"\u00c9crit par\" \/>\n\t<meta name=\"twitter:data1\" content=\"oliviere\" \/>\n\t<meta name=\"twitter:label2\" content=\"Dur\u00e9e de lecture estim\u00e9e\" \/>\n\t<meta name=\"twitter:data2\" content=\"4 minutes\" \/>\n<script type=\"application\/ld+json\" class=\"yoast-schema-graph\">{\"@context\":\"https:\\\/\\\/schema.org\",\"@graph\":[{\"@type\":\"Article\",\"@id\":\"https:\\\/\\\/fr.motocrossmag.be\\\/index.php\\\/2019\\\/02\\\/tim-louis-et-daymond-martens-ont-fait-briller-les-couleurs-de-lasbl-en-vies-davenir-sur-la-plage-du-touquet\\\/#article\",\"isPartOf\":{\"@id\":\"https:\\\/\\\/fr.motocrossmag.be\\\/index.php\\\/2019\\\/02\\\/tim-louis-et-daymond-martens-ont-fait-briller-les-couleurs-de-lasbl-en-vies-davenir-sur-la-plage-du-touquet\\\/\"},\"author\":{\"name\":\"oliviere\",\"@id\":\"https:\\\/\\\/fr.motocrossmag.be\\\/#\\\/schema\\\/person\\\/11b47143d9f755babca2c9110e03235c\"},\"headline\":\"Tim Louis et Daymond Martens ont fait briller les couleurs de l&rsquo;asbl En Vies d&rsquo;Avenir sur la plage du Touquet\",\"datePublished\":\"2019-02-06T16:16:50+00:00\",\"mainEntityOfPage\":{\"@id\":\"https:\\\/\\\/fr.motocrossmag.be\\\/index.php\\\/2019\\\/02\\\/tim-louis-et-daymond-martens-ont-fait-briller-les-couleurs-de-lasbl-en-vies-davenir-sur-la-plage-du-touquet\\\/\"},\"wordCount\":897,\"commentCount\":0,\"image\":{\"@id\":\"https:\\\/\\\/fr.motocrossmag.be\\\/index.php\\\/2019\\\/02\\\/tim-louis-et-daymond-martens-ont-fait-briller-les-couleurs-de-lasbl-en-vies-davenir-sur-la-plage-du-touquet\\\/#primaryimage\"},\"thumbnailUrl\":\"https:\\\/\\\/fr.motocrossmag.be\\\/wp-content\\\/uploads\\\/2019\\\/02\\\/louis-klutz-martens.jpg\",\"articleSection\":[\"Actualit\u00e9\",\"Courses de sable\",\"Enduro\",\"News\",\"News\",\"Slideshow\"],\"inLanguage\":\"fr-FR\",\"potentialAction\":[{\"@type\":\"CommentAction\",\"name\":\"Comment\",\"target\":[\"https:\\\/\\\/fr.motocrossmag.be\\\/index.php\\\/2019\\\/02\\\/tim-louis-et-daymond-martens-ont-fait-briller-les-couleurs-de-lasbl-en-vies-davenir-sur-la-plage-du-touquet\\\/#respond\"]}]},{\"@type\":\"WebPage\",\"@id\":\"https:\\\/\\\/fr.motocrossmag.be\\\/index.php\\\/2019\\\/02\\\/tim-louis-et-daymond-martens-ont-fait-briller-les-couleurs-de-lasbl-en-vies-davenir-sur-la-plage-du-touquet\\\/\",\"url\":\"https:\\\/\\\/fr.motocrossmag.be\\\/index.php\\\/2019\\\/02\\\/tim-louis-et-daymond-martens-ont-fait-briller-les-couleurs-de-lasbl-en-vies-davenir-sur-la-plage-du-touquet\\\/\",\"name\":\"Tim Louis et Daymond Martens ont fait briller les couleurs de l'asbl En Vies d'Avenir sur la plage du Touquet - Motocross - Enduro - Supermoto | MotocrossMag\",\"isPartOf\":{\"@id\":\"https:\\\/\\\/fr.motocrossmag.be\\\/#website\"},\"primaryImageOfPage\":{\"@id\":\"https:\\\/\\\/fr.motocrossmag.be\\\/index.php\\\/2019\\\/02\\\/tim-louis-et-daymond-martens-ont-fait-briller-les-couleurs-de-lasbl-en-vies-davenir-sur-la-plage-du-touquet\\\/#primaryimage\"},\"image\":{\"@id\":\"https:\\\/\\\/fr.motocrossmag.be\\\/index.php\\\/2019\\\/02\\\/tim-louis-et-daymond-martens-ont-fait-briller-les-couleurs-de-lasbl-en-vies-davenir-sur-la-plage-du-touquet\\\/#primaryimage\"},\"thumbnailUrl\":\"https:\\\/\\\/fr.motocrossmag.be\\\/wp-content\\\/uploads\\\/2019\\\/02\\\/louis-klutz-martens.jpg\",\"datePublished\":\"2019-02-06T16:16:50+00:00\",\"author\":{\"@id\":\"https:\\\/\\\/fr.motocrossmag.be\\\/#\\\/schema\\\/person\\\/11b47143d9f755babca2c9110e03235c\"},\"breadcrumb\":{\"@id\":\"https:\\\/\\\/fr.motocrossmag.be\\\/index.php\\\/2019\\\/02\\\/tim-louis-et-daymond-martens-ont-fait-briller-les-couleurs-de-lasbl-en-vies-davenir-sur-la-plage-du-touquet\\\/#breadcrumb\"},\"inLanguage\":\"fr-FR\",\"potentialAction\":[{\"@type\":\"ReadAction\",\"target\":[\"https:\\\/\\\/fr.motocrossmag.be\\\/index.php\\\/2019\\\/02\\\/tim-louis-et-daymond-martens-ont-fait-briller-les-couleurs-de-lasbl-en-vies-davenir-sur-la-plage-du-touquet\\\/\"]}]},{\"@type\":\"ImageObject\",\"inLanguage\":\"fr-FR\",\"@id\":\"https:\\\/\\\/fr.motocrossmag.be\\\/index.php\\\/2019\\\/02\\\/tim-louis-et-daymond-martens-ont-fait-briller-les-couleurs-de-lasbl-en-vies-davenir-sur-la-plage-du-touquet\\\/#primaryimage\",\"url\":\"https:\\\/\\\/fr.motocrossmag.be\\\/wp-content\\\/uploads\\\/2019\\\/02\\\/louis-klutz-martens.jpg\",\"contentUrl\":\"https:\\\/\\\/fr.motocrossmag.be\\\/wp-content\\\/uploads\\\/2019\\\/02\\\/louis-klutz-martens.jpg\",\"width\":650,\"height\":416},{\"@type\":\"BreadcrumbList\",\"@id\":\"https:\\\/\\\/fr.motocrossmag.be\\\/index.php\\\/2019\\\/02\\\/tim-louis-et-daymond-martens-ont-fait-briller-les-couleurs-de-lasbl-en-vies-davenir-sur-la-plage-du-touquet\\\/#breadcrumb\",\"itemListElement\":[{\"@type\":\"ListItem\",\"position\":1,\"name\":\"Accueil\",\"item\":\"https:\\\/\\\/fr.motocrossmag.be\\\/\"},{\"@type\":\"ListItem\",\"position\":2,\"name\":\"Tim Louis et Daymond Martens ont fait briller les couleurs de l&rsquo;asbl En Vies d&rsquo;Avenir sur la plage du Touquet\"}]},{\"@type\":\"WebSite\",\"@id\":\"https:\\\/\\\/fr.motocrossmag.be\\\/#website\",\"url\":\"https:\\\/\\\/fr.motocrossmag.be\\\/\",\"name\":\"Motocross - Enduro - Supermoto | MotocrossMag\",\"description\":\"L&#039;actualit\u00e9 du motocross, de l&#039;enduro et du Supermoto en ligne!\",\"potentialAction\":[{\"@type\":\"SearchAction\",\"target\":{\"@type\":\"EntryPoint\",\"urlTemplate\":\"https:\\\/\\\/fr.motocrossmag.be\\\/?s={search_term_string}\"},\"query-input\":{\"@type\":\"PropertyValueSpecification\",\"valueRequired\":true,\"valueName\":\"search_term_string\"}}],\"inLanguage\":\"fr-FR\"},{\"@type\":\"Person\",\"@id\":\"https:\\\/\\\/fr.motocrossmag.be\\\/#\\\/schema\\\/person\\\/11b47143d9f755babca2c9110e03235c\",\"name\":\"oliviere\",\"image\":{\"@type\":\"ImageObject\",\"inLanguage\":\"fr-FR\",\"@id\":\"https:\\\/\\\/secure.gravatar.com\\\/avatar\\\/907069e0b81d119452040469e4a7501da1100f54f7f80180ce77bfab718288f6?s=96&d=mm&r=g\",\"url\":\"https:\\\/\\\/secure.gravatar.com\\\/avatar\\\/907069e0b81d119452040469e4a7501da1100f54f7f80180ce77bfab718288f6?s=96&d=mm&r=g\",\"contentUrl\":\"https:\\\/\\\/secure.gravatar.com\\\/avatar\\\/907069e0b81d119452040469e4a7501da1100f54f7f80180ce77bfab718288f6?s=96&d=mm&r=g\",\"caption\":\"oliviere\"},\"sameAs\":[\"http:\\\/\\\/www.motocrossmag.be\"],\"url\":\"https:\\\/\\\/fr.motocrossmag.be\\\/index.php\\\/author\\\/oliviere\\\/\"}]}<\/script>\n<!-- \/ Yoast SEO plugin. -->","yoast_head_json":{"title":"Tim Louis et Daymond Martens ont fait briller les couleurs de l'asbl En Vies d'Avenir sur la plage du Touquet - Motocross - Enduro - Supermoto | MotocrossMag","robots":{"index":"index","follow":"follow","max-snippet":"max-snippet:-1","max-image-preview":"max-image-preview:large","max-video-preview":"max-video-preview:-1"},"canonical":"https:\/\/fr.motocrossmag.be\/index.php\/2019\/02\/tim-louis-et-daymond-martens-ont-fait-briller-les-couleurs-de-lasbl-en-vies-davenir-sur-la-plage-du-touquet\/","og_locale":"fr_FR","og_type":"article","og_title":"Tim Louis et Daymond Martens ont fait briller les couleurs de l'asbl En Vies d'Avenir sur la plage du Touquet - Motocross - Enduro - Supermoto | MotocrossMag","og_description":"Avec un pilote sur la deuxi\u00e8me marche du podium et un autre qui termine son premier Enduropale du Touquet \u00e0 la 19\u00e8me place, l&rsquo;asbl En Vies d&rsquo;Avenir a quitt\u00e9 la [...]","og_url":"https:\/\/fr.motocrossmag.be\/index.php\/2019\/02\/tim-louis-et-daymond-martens-ont-fait-briller-les-couleurs-de-lasbl-en-vies-davenir-sur-la-plage-du-touquet\/","og_site_name":"Motocross - Enduro - Supermoto | MotocrossMag","article_published_time":"2019-02-06T16:16:50+00:00","og_image":[{"width":650,"height":416,"url":"https:\/\/fr.motocrossmag.be\/wp-content\/uploads\/2019\/02\/louis-klutz-martens.jpg","type":"image\/jpeg"}],"author":"oliviere","twitter_card":"summary_large_image","twitter_misc":{"\u00c9crit par":"oliviere","Dur\u00e9e de lecture estim\u00e9e":"4 minutes"},"schema":{"@context":"https:\/\/schema.org","@graph":[{"@type":"Article","@id":"https:\/\/fr.motocrossmag.be\/index.php\/2019\/02\/tim-louis-et-daymond-martens-ont-fait-briller-les-couleurs-de-lasbl-en-vies-davenir-sur-la-plage-du-touquet\/#article","isPartOf":{"@id":"https:\/\/fr.motocrossmag.be\/index.php\/2019\/02\/tim-louis-et-daymond-martens-ont-fait-briller-les-couleurs-de-lasbl-en-vies-davenir-sur-la-plage-du-touquet\/"},"author":{"name":"oliviere","@id":"https:\/\/fr.motocrossmag.be\/#\/schema\/person\/11b47143d9f755babca2c9110e03235c"},"headline":"Tim Louis et Daymond Martens ont fait briller les couleurs de l&rsquo;asbl En Vies d&rsquo;Avenir sur la plage du Touquet","datePublished":"2019-02-06T16:16:50+00:00","mainEntityOfPage":{"@id":"https:\/\/fr.motocrossmag.be\/index.php\/2019\/02\/tim-louis-et-daymond-martens-ont-fait-briller-les-couleurs-de-lasbl-en-vies-davenir-sur-la-plage-du-touquet\/"},"wordCount":897,"commentCount":0,"image":{"@id":"https:\/\/fr.motocrossmag.be\/index.php\/2019\/02\/tim-louis-et-daymond-martens-ont-fait-briller-les-couleurs-de-lasbl-en-vies-davenir-sur-la-plage-du-touquet\/#primaryimage"},"thumbnailUrl":"https:\/\/fr.motocrossmag.be\/wp-content\/uploads\/2019\/02\/louis-klutz-martens.jpg","articleSection":["Actualit\u00e9","Courses de sable","Enduro","News","News","Slideshow"],"inLanguage":"fr-FR","potentialAction":[{"@type":"CommentAction","name":"Comment","target":["https:\/\/fr.motocrossmag.be\/index.php\/2019\/02\/tim-louis-et-daymond-martens-ont-fait-briller-les-couleurs-de-lasbl-en-vies-davenir-sur-la-plage-du-touquet\/#respond"]}]},{"@type":"WebPage","@id":"https:\/\/fr.motocrossmag.be\/index.php\/2019\/02\/tim-louis-et-daymond-martens-ont-fait-briller-les-couleurs-de-lasbl-en-vies-davenir-sur-la-plage-du-touquet\/","url":"https:\/\/fr.motocrossmag.be\/index.php\/2019\/02\/tim-louis-et-daymond-martens-ont-fait-briller-les-couleurs-de-lasbl-en-vies-davenir-sur-la-plage-du-touquet\/","name":"Tim Louis et Daymond Martens ont fait briller les couleurs de l'asbl En Vies d'Avenir sur la plage du Touquet - Motocross - Enduro - Supermoto | MotocrossMag","isPartOf":{"@id":"https:\/\/fr.motocrossmag.be\/#website"},"primaryImageOfPage":{"@id":"https:\/\/fr.motocrossmag.be\/index.php\/2019\/02\/tim-louis-et-daymond-martens-ont-fait-briller-les-couleurs-de-lasbl-en-vies-davenir-sur-la-plage-du-touquet\/#primaryimage"},"image":{"@id":"https:\/\/fr.motocrossmag.be\/index.php\/2019\/02\/tim-louis-et-daymond-martens-ont-fait-briller-les-couleurs-de-lasbl-en-vies-davenir-sur-la-plage-du-touquet\/#primaryimage"},"thumbnailUrl":"https:\/\/fr.motocrossmag.be\/wp-content\/uploads\/2019\/02\/louis-klutz-martens.jpg","datePublished":"2019-02-06T16:16:50+00:00","author":{"@id":"https:\/\/fr.motocrossmag.be\/#\/schema\/person\/11b47143d9f755babca2c9110e03235c"},"breadcrumb":{"@id":"https:\/\/fr.motocrossmag.be\/index.php\/2019\/02\/tim-louis-et-daymond-martens-ont-fait-briller-les-couleurs-de-lasbl-en-vies-davenir-sur-la-plage-du-touquet\/#breadcrumb"},"inLanguage":"fr-FR","potentialAction":[{"@type":"ReadAction","target":["https:\/\/fr.motocrossmag.be\/index.php\/2019\/02\/tim-louis-et-daymond-martens-ont-fait-briller-les-couleurs-de-lasbl-en-vies-davenir-sur-la-plage-du-touquet\/"]}]},{"@type":"ImageObject","inLanguage":"fr-FR","@id":"https:\/\/fr.motocrossmag.be\/index.php\/2019\/02\/tim-louis-et-daymond-martens-ont-fait-briller-les-couleurs-de-lasbl-en-vies-davenir-sur-la-plage-du-touquet\/#primaryimage","url":"https:\/\/fr.motocrossmag.be\/wp-content\/uploads\/2019\/02\/louis-klutz-martens.jpg","contentUrl":"https:\/\/fr.motocrossmag.be\/wp-content\/uploads\/2019\/02\/louis-klutz-martens.jpg","width":650,"height":416},{"@type":"BreadcrumbList","@id":"https:\/\/fr.motocrossmag.be\/index.php\/2019\/02\/tim-louis-et-daymond-martens-ont-fait-briller-les-couleurs-de-lasbl-en-vies-davenir-sur-la-plage-du-touquet\/#breadcrumb","itemListElement":[{"@type":"ListItem","position":1,"name":"Accueil","item":"https:\/\/fr.motocrossmag.be\/"},{"@type":"ListItem","position":2,"name":"Tim Louis et Daymond Martens ont fait briller les couleurs de l&rsquo;asbl En Vies d&rsquo;Avenir sur la plage du Touquet"}]},{"@type":"WebSite","@id":"https:\/\/fr.motocrossmag.be\/#website","url":"https:\/\/fr.motocrossmag.be\/","name":"Motocross - Enduro - Supermoto | MotocrossMag","description":"L&#039;actualit\u00e9 du motocross, de l&#039;enduro et du Supermoto en ligne!","potentialAction":[{"@type":"SearchAction","target":{"@type":"EntryPoint","urlTemplate":"https:\/\/fr.motocrossmag.be\/?s={search_term_string}"},"query-input":{"@type":"PropertyValueSpecification","valueRequired":true,"valueName":"search_term_string"}}],"inLanguage":"fr-FR"},{"@type":"Person","@id":"https:\/\/fr.motocrossmag.be\/#\/schema\/person\/11b47143d9f755babca2c9110e03235c","name":"oliviere","image":{"@type":"ImageObject","inLanguage":"fr-FR","@id":"https:\/\/secure.gravatar.com\/avatar\/907069e0b81d119452040469e4a7501da1100f54f7f80180ce77bfab718288f6?s=96&d=mm&r=g","url":"https:\/\/secure.gravatar.com\/avatar\/907069e0b81d119452040469e4a7501da1100f54f7f80180ce77bfab718288f6?s=96&d=mm&r=g","contentUrl":"https:\/\/secure.gravatar.com\/avatar\/907069e0b81d119452040469e4a7501da1100f54f7f80180ce77bfab718288f6?s=96&d=mm&r=g","caption":"oliviere"},"sameAs":["http:\/\/www.motocrossmag.be"],"url":"https:\/\/fr.motocrossmag.be\/index.php\/author\/oliviere\/"}]}},"_links":{"self":[{"href":"https:\/\/fr.motocrossmag.be\/index.php\/wp-json\/wp\/v2\/posts\/83696","targetHints":{"allow":["GET"]}}],"collection":[{"href":"https:\/\/fr.motocrossmag.be\/index.php\/wp-json\/wp\/v2\/posts"}],"about":[{"href":"https:\/\/fr.motocrossmag.be\/index.php\/wp-json\/wp\/v2\/types\/post"}],"author":[{"embeddable":true,"href":"https:\/\/fr.motocrossmag.be\/index.php\/wp-json\/wp\/v2\/users\/932"}],"replies":[{"embeddable":true,"href":"https:\/\/fr.motocrossmag.be\/index.php\/wp-json\/wp\/v2\/comments?post=83696"}],"version-history":[{"count":0,"href":"https:\/\/fr.motocrossmag.be\/index.php\/wp-json\/wp\/v2\/posts\/83696\/revisions"}],"wp:featuredmedia":[{"embeddable":true,"href":"https:\/\/fr.motocrossmag.be\/index.php\/wp-json\/wp\/v2\/media\/83765"}],"wp:attachment":[{"href":"https:\/\/fr.motocrossmag.be\/index.php\/wp-json\/wp\/v2\/media?parent=83696"}],"wp:term":[{"taxonomy":"category","embeddable":true,"href":"https:\/\/fr.motocrossmag.be\/index.php\/wp-json\/wp\/v2\/categories?post=83696"},{"taxonomy":"post_tag","embeddable":true,"href":"https:\/\/fr.motocrossmag.be\/index.php\/wp-json\/wp\/v2\/tags?post=83696"}],"curies":[{"name":"wp","href":"https:\/\/api.w.org\/{rel}","templated":true}]}}