{"id":83796,"date":"2019-02-12T09:54:33","date_gmt":"2019-02-12T08:54:33","guid":{"rendered":"https:\/\/fr.motocrossmag.be\/?p=83796"},"modified":"2019-02-12T09:54:33","modified_gmt":"2019-02-12T08:54:33","slug":"un-stage-de-pre-saison-prometteur-pour-loutsiders-academy","status":"publish","type":"post","link":"https:\/\/fr.motocrossmag.be\/index.php\/2019\/02\/un-stage-de-pre-saison-prometteur-pour-loutsiders-academy\/","title":{"rendered":"Un stage de pr\u00e9-saison prometteur pour l&rsquo;Outsiders Academy !"},"content":{"rendered":"<p><strong>Ce week-end avait lieu le stage de pr\u00e9-saison de l&rsquo;Outsiders Academy au sein de son si\u00e8ge social \u00e0 Montpellier de la Mutuelle des Motards. Une matin\u00e9e studieuse pour les 5 jeunes pilotes s\u00e9lectionn\u00e9s.<\/strong><\/p>\n<p>Apr\u00e8s un petit d\u00e9jeuner convivial, nos 5 jeunes pilotes,\u00a0Noham Dabboue, Nina Senegas, Alexis Zaragoza, Jules Rey et Enzo Philibeaux, leurs parrains et leurs parents avaient rendez-vous dans la salle \u00ab\u00a0Circuit\u00a0\u00bb, pour assister \u00e0 une conf\u00e9rence au cours de laquelle de nombreux sujets ont \u00e9t\u00e9 abord\u00e9s.\u00a0Marc Bourgeois, \u00e0 l&rsquo;initiative de l&rsquo;Outsiders Academy a pris la parole, ne manquant pas de pr\u00e9senter et remercier toutes les personnes pr\u00e9sentes.<\/p>\n<p><img decoding=\"async\" class=\"lazyload alignnone size-medium wp-image-83816\" src=\"https:\/\/fr.motocrossmag.be\/wp-content\/uploads\/2019\/02\/PHOTO-2019-02-09-17-52-46-650x433.jpg\" data-orig-src=\"https:\/\/fr.motocrossmag.be\/wp-content\/uploads\/2019\/02\/PHOTO-2019-02-09-17-52-46-650x433.jpg\" alt=\"\" width=\"650\" height=\"433\" srcset=\"data:image\/svg+xml,%3Csvg%20xmlns%3D%27http%3A%2F%2Fwww.w3.org%2F2000%2Fsvg%27%20width%3D%27650%27%20height%3D%27433%27%20viewBox%3D%270%200%20650%20433%27%3E%3Crect%20width%3D%27650%27%20height%3D%27433%27%20fill-opacity%3D%220%22%2F%3E%3C%2Fsvg%3E\" data-srcset=\"https:\/\/fr.motocrossmag.be\/wp-content\/uploads\/2019\/02\/PHOTO-2019-02-09-17-52-46-650x433.jpg 650w, https:\/\/fr.motocrossmag.be\/wp-content\/uploads\/2019\/02\/PHOTO-2019-02-09-17-52-46-768x512.jpg 768w, https:\/\/fr.motocrossmag.be\/wp-content\/uploads\/2019\/02\/PHOTO-2019-02-09-17-52-46-1024x682.jpg 1024w, https:\/\/fr.motocrossmag.be\/wp-content\/uploads\/2019\/02\/PHOTO-2019-02-09-17-52-46.jpg 1351w\" data-sizes=\"auto\" data-orig-sizes=\"(max-width: 650px) 100vw, 650px\" \/><\/p>\n<p>Notre h\u00f4te du jour, Patrick Jacquot, nous a cont\u00e9 l&rsquo;histoire de la Mutuelle des Motards, insistant sur les valeurs de transmission, de protection et de pr\u00e9voyance qu&rsquo;il partage avec l&rsquo;Outsiders Academy. Puis Alexandre Kowalski a pris la parole pour pr\u00e9senter le programme bLU cRU de Yamaha, fili\u00e8re de d\u00e9tection des jeunes talents europ\u00e9ens et partenaire historique de l&rsquo;Outsiders Academy.<\/p>\n<p>Enfin, R\u00e9mi Balligand, co-fondateur de la marque Outsiders a rappel\u00e9 les valeurs port\u00e9es par la marque et par les athl\u00e8tes qu&rsquo;elle sponsorise. Puis c&rsquo;est avec des \u00e9toiles dans les yeux qu&rsquo;il a introduit l&rsquo;invit\u00e9 surprise de la journ\u00e9e : Monsieur St\u00e9phane Peterhansel !<\/p>\n<h5>Des parrains impliqu\u00e9s<\/h5>\n<p>Les parrains de nos 5 acad\u00e9miciens, Barbara Collet, David Fr\u00e9tign\u00e9, Marc Bourgeois et Paul Poyeton sont ensuite mont\u00e9s sur sc\u00e8ne pour partager leurs exp\u00e9riences et raconter des anecdotes marquantes de leurs carri\u00e8res bien remplies.<\/p>\n<h5>Des intervenants p\u00e9dagogues<\/h5>\n<p>Plusieurs professionnels ont ensuite pris la parole sur leurs domaines de comp\u00e9tence, introduisant des notions essentielles et partageant leurs exp\u00e9riences. Ma\u00eetre Pasqualini, avocate au barreau de Toulon nous a parl\u00e9 contrat et droit \u00e0 l&rsquo;image. L&rsquo;agence Sologo repr\u00e9sent\u00e9e par Cl\u00e9ment Bachet, accompagn\u00e9 du photographe Mastorgne, a abord\u00e9 la question de l&rsquo;image dans la communication des athl\u00e8tes. Les influenceurs Voltor et Yannick Dalle ont partag\u00e9 leur exp\u00e9rience des r\u00e9seaux sociaux.<\/p>\n<p><img decoding=\"async\" class=\"lazyload alignnone size-medium wp-image-83810\" src=\"https:\/\/fr.motocrossmag.be\/wp-content\/uploads\/2019\/02\/PHOTO-2019-02-09-17-52-13-650x433.jpg\" data-orig-src=\"https:\/\/fr.motocrossmag.be\/wp-content\/uploads\/2019\/02\/PHOTO-2019-02-09-17-52-13-650x433.jpg\" alt=\"\" width=\"650\" height=\"433\" srcset=\"data:image\/svg+xml,%3Csvg%20xmlns%3D%27http%3A%2F%2Fwww.w3.org%2F2000%2Fsvg%27%20width%3D%27650%27%20height%3D%27433%27%20viewBox%3D%270%200%20650%20433%27%3E%3Crect%20width%3D%27650%27%20height%3D%27433%27%20fill-opacity%3D%220%22%2F%3E%3C%2Fsvg%3E\" data-srcset=\"https:\/\/fr.motocrossmag.be\/wp-content\/uploads\/2019\/02\/PHOTO-2019-02-09-17-52-13-650x433.jpg 650w, https:\/\/fr.motocrossmag.be\/wp-content\/uploads\/2019\/02\/PHOTO-2019-02-09-17-52-13-768x512.jpg 768w, https:\/\/fr.motocrossmag.be\/wp-content\/uploads\/2019\/02\/PHOTO-2019-02-09-17-52-13-1024x682.jpg 1024w, https:\/\/fr.motocrossmag.be\/wp-content\/uploads\/2019\/02\/PHOTO-2019-02-09-17-52-13.jpg 1351w\" data-sizes=\"auto\" data-orig-sizes=\"(max-width: 650px) 100vw, 650px\" \/><\/p>\n<p>Apr\u00e8s une pause bien m\u00e9rit\u00e9e, Paul Poyeton et Marc Bourgeois ont abord\u00e9 la partie sportive. Quelle attitude avoir avant, pendant et apr\u00e8s une course, comment pr\u00e9parer son corps \u00e0 l&rsquo;effort et am\u00e9liorer sa r\u00e9cup\u00e9ration\u2026 etc. Mike Ortega a distill\u00e9 ses conseils en nutrition, appuy\u00e9 par Cyrille Tarraga, kin\u00e9sith\u00e9rapeute sp\u00e9cialiste du sport.\u00a0Fabien Vinel a quant \u00e0 lui abord\u00e9 la pr\u00e9paration moto.<\/p>\n<p>Cette matin\u00e9e ensoleill\u00e9e s&rsquo;est termin\u00e9e par un d\u00e9jeuner, une photo de groupe sur la terrasse panoramique et le moment tant attendu par les laur\u00e9ats : la remise de leurs dotations fournies par nos partenaires (casque Scorpion, masque 100%, gants Five ainsi qu&rsquo;un assortiments de produits Yamalube).<\/p>\n<h5>Apr\u00e8s la th\u00e9orie, place \u00e0 la pratique<\/h5>\n<p>Le d\u00e9but d&rsquo;apr\u00e8s-midi a marqu\u00e9 le retour \u00e0 la moto. Rendez-vous a \u00e9t\u00e9 donn\u00e9 \u00e0 tous sur le terrain du Moto Club Poussan o\u00f9 les tentes de l&rsquo;Outsiders Academy attendaient nos jeunes pilotes. L&rsquo;occasion pour eux d&rsquo;inaugurer leur toute nouvelle tenue Flags France Outsiders by Kenny et d&rsquo;enfourcher leurs Yamaha.<\/p>\n<p>Au programme, des ateliers dirig\u00e9s de main de ma\u00eetre par Paul Poyeton et David Fr\u00e9tign\u00e9 :\u00a0s\u00e9ance de fractionn\u00e9 sur le parcours de Cross, franchissement sur la sp\u00e9ciale Enduro, virages et prise d&rsquo;appui,\u2026<\/p>\n<p><img decoding=\"async\" class=\"lazyload alignnone size-medium wp-image-83805\" src=\"https:\/\/fr.motocrossmag.be\/wp-content\/uploads\/2019\/02\/PHOTO-2019-02-09-17-51-47-650x434.jpg\" data-orig-src=\"https:\/\/fr.motocrossmag.be\/wp-content\/uploads\/2019\/02\/PHOTO-2019-02-09-17-51-47-650x434.jpg\" alt=\"\" width=\"650\" height=\"434\" srcset=\"data:image\/svg+xml,%3Csvg%20xmlns%3D%27http%3A%2F%2Fwww.w3.org%2F2000%2Fsvg%27%20width%3D%27650%27%20height%3D%27434%27%20viewBox%3D%270%200%20650%20434%27%3E%3Crect%20width%3D%27650%27%20height%3D%27434%27%20fill-opacity%3D%220%22%2F%3E%3C%2Fsvg%3E\" data-srcset=\"https:\/\/fr.motocrossmag.be\/wp-content\/uploads\/2019\/02\/PHOTO-2019-02-09-17-51-47-650x434.jpg 650w, https:\/\/fr.motocrossmag.be\/wp-content\/uploads\/2019\/02\/PHOTO-2019-02-09-17-51-47-768x513.jpg 768w, https:\/\/fr.motocrossmag.be\/wp-content\/uploads\/2019\/02\/PHOTO-2019-02-09-17-51-47-1024x684.jpg 1024w, https:\/\/fr.motocrossmag.be\/wp-content\/uploads\/2019\/02\/PHOTO-2019-02-09-17-51-47.jpg 1348w\" data-sizes=\"auto\" data-orig-sizes=\"(max-width: 650px) 100vw, 650px\" \/><\/p>\n<p>Nos 5 acad\u00e9micien avaient envie de rouler et ont d\u00e9j\u00e0 montr\u00e9 des progr\u00e8s depuis le week-end de s\u00e9lection. Cela laisse pr\u00e9sager un niveau \u00e9lev\u00e9 pour la saison \u00e0 venir, au cours de laquelle ils pourront compter sur le soutien et le suivi de leurs parrains. Nul doute qu&rsquo;ils sauront porter haut les couleurs d&rsquo;Outsiders !<\/p>\n<p><span style=\"color: #ff0000;\"><strong>PLUS DE PHOTOS<br \/>\n<\/strong><\/span><\/p>\n<div class=\"rgg-container\" data-rgg-id=\"1\">    <div class=\"rgg-imagegrid captions-title captions-effect-none \" data-rgg-id=\"1\">\n                    <a data-rel=\"iLightbox[postimages]\" data-title=\"PHOTO-2019-02-09-17-53-17\" data-caption=\"\" href=\"https:\/\/fr.motocrossmag.be\/wp-content\/uploads\/2019\/02\/PHOTO-2019-02-09-17-53-17-1024x682.jpg\" data-rel=\"rgg\" rel=\"rgg\" title=\"\" class=\"rgg-disabled size-medium rgg-img\" data-src=\"https:\/\/fr.motocrossmag.be\/wp-content\/uploads\/2019\/02\/PHOTO-2019-02-09-17-53-17-650x433.jpg\" data-ratio=\"1.5011547344111\" data-height=\"433\" data-width=\"650\" aria-label=\"\">\n                            <\/a>\n                    <a data-rel=\"iLightbox[postimages]\" data-title=\"PHOTO-2019-02-09-17-53-11\" data-caption=\"\" href=\"https:\/\/fr.motocrossmag.be\/wp-content\/uploads\/2019\/02\/PHOTO-2019-02-09-17-53-11-1024x682.jpg\" data-rel=\"rgg\" rel=\"rgg\" title=\"\" class=\"rgg-disabled size-medium rgg-img\" data-src=\"https:\/\/fr.motocrossmag.be\/wp-content\/uploads\/2019\/02\/PHOTO-2019-02-09-17-53-11-650x433.jpg\" data-ratio=\"1.5011547344111\" data-height=\"433\" data-width=\"650\" aria-label=\"\">\n                            <\/a>\n                    <a data-rel=\"iLightbox[postimages]\" data-title=\"PHOTO-2019-02-09-17-53-04\" data-caption=\"\" href=\"https:\/\/fr.motocrossmag.be\/wp-content\/uploads\/2019\/02\/PHOTO-2019-02-09-17-53-04-1024x682.jpg\" data-rel=\"rgg\" rel=\"rgg\" title=\"\" class=\"rgg-disabled size-medium rgg-img\" data-src=\"https:\/\/fr.motocrossmag.be\/wp-content\/uploads\/2019\/02\/PHOTO-2019-02-09-17-53-04-650x433.jpg\" data-ratio=\"1.5011547344111\" data-height=\"433\" data-width=\"650\" aria-label=\"\">\n                            <\/a>\n                    <a data-rel=\"iLightbox[postimages]\" data-title=\"PHOTO-2019-02-09-17-52-58\" data-caption=\"\" href=\"https:\/\/fr.motocrossmag.be\/wp-content\/uploads\/2019\/02\/PHOTO-2019-02-09-17-52-58-1024x682.jpg\" data-rel=\"rgg\" rel=\"rgg\" title=\"\" class=\"rgg-disabled size-medium rgg-img\" data-src=\"https:\/\/fr.motocrossmag.be\/wp-content\/uploads\/2019\/02\/PHOTO-2019-02-09-17-52-58-650x433.jpg\" data-ratio=\"1.5011547344111\" data-height=\"433\" data-width=\"650\" aria-label=\"\">\n                            <\/a>\n                    <a data-rel=\"iLightbox[postimages]\" data-title=\"PHOTO-2019-02-09-17-52-53\" data-caption=\"\" href=\"https:\/\/fr.motocrossmag.be\/wp-content\/uploads\/2019\/02\/PHOTO-2019-02-09-17-52-53-1024x682.jpg\" data-rel=\"rgg\" rel=\"rgg\" title=\"\" class=\"rgg-disabled size-medium rgg-img\" data-src=\"https:\/\/fr.motocrossmag.be\/wp-content\/uploads\/2019\/02\/PHOTO-2019-02-09-17-52-53-650x433.jpg\" data-ratio=\"1.5011547344111\" data-height=\"433\" data-width=\"650\" aria-label=\"\">\n                            <\/a>\n                    <a data-rel=\"iLightbox[postimages]\" data-title=\"PHOTO-2019-02-09-17-52-46\" data-caption=\"\" href=\"https:\/\/fr.motocrossmag.be\/wp-content\/uploads\/2019\/02\/PHOTO-2019-02-09-17-52-46-1024x682.jpg\" data-rel=\"rgg\" rel=\"rgg\" title=\"\" class=\"rgg-disabled size-medium rgg-img\" data-src=\"https:\/\/fr.motocrossmag.be\/wp-content\/uploads\/2019\/02\/PHOTO-2019-02-09-17-52-46-650x433.jpg\" data-ratio=\"1.5011547344111\" data-height=\"433\" data-width=\"650\" aria-label=\"\">\n                            <\/a>\n                    <a data-rel=\"iLightbox[postimages]\" data-title=\"PHOTO-2019-02-09-17-52-41\" data-caption=\"\" href=\"https:\/\/fr.motocrossmag.be\/wp-content\/uploads\/2019\/02\/PHOTO-2019-02-09-17-52-41-1024x682.jpg\" data-rel=\"rgg\" rel=\"rgg\" title=\"\" class=\"rgg-disabled size-medium rgg-img\" data-src=\"https:\/\/fr.motocrossmag.be\/wp-content\/uploads\/2019\/02\/PHOTO-2019-02-09-17-52-41-650x433.jpg\" data-ratio=\"1.5011547344111\" data-height=\"433\" data-width=\"650\" aria-label=\"\">\n                            <\/a>\n                    <a data-rel=\"iLightbox[postimages]\" data-title=\"PHOTO-2019-02-09-17-52-35\" data-caption=\"\" href=\"https:\/\/fr.motocrossmag.be\/wp-content\/uploads\/2019\/02\/PHOTO-2019-02-09-17-52-35-1024x682.jpg\" data-rel=\"rgg\" rel=\"rgg\" title=\"\" class=\"rgg-disabled size-medium rgg-img\" data-src=\"https:\/\/fr.motocrossmag.be\/wp-content\/uploads\/2019\/02\/PHOTO-2019-02-09-17-52-35-650x433.jpg\" data-ratio=\"1.5011547344111\" data-height=\"433\" data-width=\"650\" aria-label=\"\">\n                            <\/a>\n                    <a data-rel=\"iLightbox[postimages]\" data-title=\"PHOTO-2019-02-09-17-52-30\" data-caption=\"\" href=\"https:\/\/fr.motocrossmag.be\/wp-content\/uploads\/2019\/02\/PHOTO-2019-02-09-17-52-30-1024x682.jpg\" data-rel=\"rgg\" rel=\"rgg\" title=\"\" class=\"rgg-disabled size-medium rgg-img\" data-src=\"https:\/\/fr.motocrossmag.be\/wp-content\/uploads\/2019\/02\/PHOTO-2019-02-09-17-52-30-650x433.jpg\" data-ratio=\"1.5011547344111\" data-height=\"433\" data-width=\"650\" aria-label=\"\">\n                            <\/a>\n                    <a data-rel=\"iLightbox[postimages]\" data-title=\"PHOTO-2019-02-09-17-52-24\" data-caption=\"\" href=\"https:\/\/fr.motocrossmag.be\/wp-content\/uploads\/2019\/02\/PHOTO-2019-02-09-17-52-24-1024x682.jpg\" data-rel=\"rgg\" rel=\"rgg\" title=\"\" class=\"rgg-disabled size-medium rgg-img\" data-src=\"https:\/\/fr.motocrossmag.be\/wp-content\/uploads\/2019\/02\/PHOTO-2019-02-09-17-52-24-650x433.jpg\" data-ratio=\"1.5011547344111\" data-height=\"433\" data-width=\"650\" aria-label=\"\">\n                            <\/a>\n                    <a data-rel=\"iLightbox[postimages]\" data-title=\"PHOTO-2019-02-09-17-52-18\" data-caption=\"\" href=\"https:\/\/fr.motocrossmag.be\/wp-content\/uploads\/2019\/02\/PHOTO-2019-02-09-17-52-18-1024x682.jpg\" data-rel=\"rgg\" rel=\"rgg\" title=\"\" class=\"rgg-disabled size-medium rgg-img\" data-src=\"https:\/\/fr.motocrossmag.be\/wp-content\/uploads\/2019\/02\/PHOTO-2019-02-09-17-52-18-650x433.jpg\" data-ratio=\"1.5011547344111\" data-height=\"433\" data-width=\"650\" aria-label=\"\">\n                            <\/a>\n                    <a data-rel=\"iLightbox[postimages]\" data-title=\"PHOTO-2019-02-09-17-52-13\" data-caption=\"\" href=\"https:\/\/fr.motocrossmag.be\/wp-content\/uploads\/2019\/02\/PHOTO-2019-02-09-17-52-13-1024x682.jpg\" data-rel=\"rgg\" rel=\"rgg\" title=\"\" class=\"rgg-disabled size-medium rgg-img\" data-src=\"https:\/\/fr.motocrossmag.be\/wp-content\/uploads\/2019\/02\/PHOTO-2019-02-09-17-52-13-650x433.jpg\" data-ratio=\"1.5011547344111\" data-height=\"433\" data-width=\"650\" aria-label=\"\">\n                            <\/a>\n                    <a data-rel=\"iLightbox[postimages]\" data-title=\"PHOTO-2019-02-09-17-52-08\" data-caption=\"\" href=\"https:\/\/fr.motocrossmag.be\/wp-content\/uploads\/2019\/02\/PHOTO-2019-02-09-17-52-08.jpg\" data-rel=\"rgg\" rel=\"rgg\" title=\"\" class=\"rgg-disabled size-medium rgg-img\" data-src=\"https:\/\/fr.motocrossmag.be\/wp-content\/uploads\/2019\/02\/PHOTO-2019-02-09-17-52-08-533x800.jpg\" data-ratio=\"0.66625\" data-height=\"800\" data-width=\"533\" aria-label=\"\">\n                            <\/a>\n                    <a data-rel=\"iLightbox[postimages]\" data-title=\"PHOTO-2019-02-09-17-52-03\" data-caption=\"\" href=\"https:\/\/fr.motocrossmag.be\/wp-content\/uploads\/2019\/02\/PHOTO-2019-02-09-17-52-03-1024x682.jpg\" data-rel=\"rgg\" rel=\"rgg\" title=\"\" class=\"rgg-disabled size-medium rgg-img\" data-src=\"https:\/\/fr.motocrossmag.be\/wp-content\/uploads\/2019\/02\/PHOTO-2019-02-09-17-52-03-650x433.jpg\" data-ratio=\"1.5011547344111\" data-height=\"433\" data-width=\"650\" aria-label=\"\">\n                            <\/a>\n                    <a data-rel=\"iLightbox[postimages]\" data-title=\"PHOTO-2019-02-09-17-51-57\" data-caption=\"\" href=\"https:\/\/fr.motocrossmag.be\/wp-content\/uploads\/2019\/02\/PHOTO-2019-02-09-17-51-57-1024x684.jpg\" data-rel=\"rgg\" rel=\"rgg\" title=\"\" class=\"rgg-disabled size-medium rgg-img\" data-src=\"https:\/\/fr.motocrossmag.be\/wp-content\/uploads\/2019\/02\/PHOTO-2019-02-09-17-51-57-650x434.jpg\" data-ratio=\"1.4976958525346\" data-height=\"434\" data-width=\"650\" aria-label=\"\">\n                            <\/a>\n                    <a data-rel=\"iLightbox[postimages]\" data-title=\"PHOTO-2019-02-09-17-51-52\" data-caption=\"\" href=\"https:\/\/fr.motocrossmag.be\/wp-content\/uploads\/2019\/02\/PHOTO-2019-02-09-17-51-52-1024x684.jpg\" data-rel=\"rgg\" rel=\"rgg\" title=\"\" class=\"rgg-disabled size-medium rgg-img\" data-src=\"https:\/\/fr.motocrossmag.be\/wp-content\/uploads\/2019\/02\/PHOTO-2019-02-09-17-51-52-650x434.jpg\" data-ratio=\"1.4976958525346\" data-height=\"434\" data-width=\"650\" aria-label=\"\">\n                            <\/a>\n                    <a data-rel=\"iLightbox[postimages]\" data-title=\"PHOTO-2019-02-09-17-51-47\" data-caption=\"\" href=\"https:\/\/fr.motocrossmag.be\/wp-content\/uploads\/2019\/02\/PHOTO-2019-02-09-17-51-47-1024x684.jpg\" data-rel=\"rgg\" rel=\"rgg\" title=\"\" class=\"rgg-disabled size-medium rgg-img\" data-src=\"https:\/\/fr.motocrossmag.be\/wp-content\/uploads\/2019\/02\/PHOTO-2019-02-09-17-51-47-650x434.jpg\" data-ratio=\"1.4976958525346\" data-height=\"434\" data-width=\"650\" aria-label=\"\">\n                            <\/a>\n                    <a data-rel=\"iLightbox[postimages]\" data-title=\"PHOTO-2019-02-09-17-51-40\" data-caption=\"\" href=\"https:\/\/fr.motocrossmag.be\/wp-content\/uploads\/2019\/02\/PHOTO-2019-02-09-17-51-40-1024x682.jpg\" data-rel=\"rgg\" rel=\"rgg\" title=\"\" class=\"rgg-disabled size-medium rgg-img\" data-src=\"https:\/\/fr.motocrossmag.be\/wp-content\/uploads\/2019\/02\/PHOTO-2019-02-09-17-51-40-650x433.jpg\" data-ratio=\"1.5011547344111\" data-height=\"433\" data-width=\"650\" aria-label=\"\">\n                            <\/a>\n                    <a data-rel=\"iLightbox[postimages]\" data-title=\"PHOTO-2019-02-09-17-51-35\" data-caption=\"\" href=\"https:\/\/fr.motocrossmag.be\/wp-content\/uploads\/2019\/02\/PHOTO-2019-02-09-17-51-35-1024x682.jpg\" data-rel=\"rgg\" rel=\"rgg\" title=\"\" class=\"rgg-disabled size-medium rgg-img\" data-src=\"https:\/\/fr.motocrossmag.be\/wp-content\/uploads\/2019\/02\/PHOTO-2019-02-09-17-51-35-650x433.jpg\" data-ratio=\"1.5011547344111\" data-height=\"433\" data-width=\"650\" aria-label=\"\">\n                            <\/a>\n                    <a data-rel=\"iLightbox[postimages]\" data-title=\"PHOTO-2019-02-09-17-51-30\" data-caption=\"\" href=\"https:\/\/fr.motocrossmag.be\/wp-content\/uploads\/2019\/02\/PHOTO-2019-02-09-17-51-30-1024x682.jpg\" data-rel=\"rgg\" rel=\"rgg\" title=\"\" class=\"rgg-disabled size-medium rgg-img\" data-src=\"https:\/\/fr.motocrossmag.be\/wp-content\/uploads\/2019\/02\/PHOTO-2019-02-09-17-51-30-650x433.jpg\" data-ratio=\"1.5011547344111\" data-height=\"433\" data-width=\"650\" aria-label=\"\">\n                            <\/a>\n                    <a data-rel=\"iLightbox[postimages]\" data-title=\"PHOTO-2019-02-09-17-51-24\" data-caption=\"\" href=\"https:\/\/fr.motocrossmag.be\/wp-content\/uploads\/2019\/02\/PHOTO-2019-02-09-17-51-24-1024x682.jpg\" data-rel=\"rgg\" rel=\"rgg\" title=\"\" class=\"rgg-disabled size-medium rgg-img\" data-src=\"https:\/\/fr.motocrossmag.be\/wp-content\/uploads\/2019\/02\/PHOTO-2019-02-09-17-51-24-650x433.jpg\" data-ratio=\"1.5011547344111\" data-height=\"433\" data-width=\"650\" aria-label=\"\">\n                            <\/a>\n                    <a data-rel=\"iLightbox[postimages]\" data-title=\"PHOTO-2019-02-09-17-51-19\" data-caption=\"\" href=\"https:\/\/fr.motocrossmag.be\/wp-content\/uploads\/2019\/02\/PHOTO-2019-02-09-17-51-19-1024x682.jpg\" data-rel=\"rgg\" rel=\"rgg\" title=\"\" class=\"rgg-disabled size-medium rgg-img\" data-src=\"https:\/\/fr.motocrossmag.be\/wp-content\/uploads\/2019\/02\/PHOTO-2019-02-09-17-51-19-650x433.jpg\" data-ratio=\"1.5011547344111\" data-height=\"433\" data-width=\"650\" aria-label=\"\">\n                            <\/a>\n                    <a data-rel=\"iLightbox[postimages]\" data-title=\"PHOTO-2019-02-09-17-51-15\" data-caption=\"\" href=\"https:\/\/fr.motocrossmag.be\/wp-content\/uploads\/2019\/02\/PHOTO-2019-02-09-17-51-15-1024x682.jpg\" data-rel=\"rgg\" rel=\"rgg\" title=\"\" class=\"rgg-disabled size-medium rgg-img\" data-src=\"https:\/\/fr.motocrossmag.be\/wp-content\/uploads\/2019\/02\/PHOTO-2019-02-09-17-51-15-650x433.jpg\" data-ratio=\"1.5011547344111\" data-height=\"433\" data-width=\"650\" aria-label=\"\">\n                            <\/a>\n                    <a data-rel=\"iLightbox[postimages]\" data-title=\"PHOTO-2019-02-09-17-51-05\" data-caption=\"\" href=\"https:\/\/fr.motocrossmag.be\/wp-content\/uploads\/2019\/02\/PHOTO-2019-02-09-17-51-05-1024x459.jpg\" data-rel=\"rgg\" rel=\"rgg\" title=\"\" class=\"rgg-disabled size-medium rgg-img\" data-src=\"https:\/\/fr.motocrossmag.be\/wp-content\/uploads\/2019\/02\/PHOTO-2019-02-09-17-51-05-650x292.jpg\" data-ratio=\"2.2260273972603\" data-height=\"292\" data-width=\"650\" aria-label=\"\">\n                            <\/a>\n                    <a data-rel=\"iLightbox[postimages]\" data-title=\"PHOTO-2019-02-09-17-50-52\" data-caption=\"\" href=\"https:\/\/fr.motocrossmag.be\/wp-content\/uploads\/2019\/02\/PHOTO-2019-02-09-17-50-52-1024x682.jpg\" data-rel=\"rgg\" rel=\"rgg\" title=\"\" class=\"rgg-disabled size-medium rgg-img\" data-src=\"https:\/\/fr.motocrossmag.be\/wp-content\/uploads\/2019\/02\/PHOTO-2019-02-09-17-50-52-650x433.jpg\" data-ratio=\"1.5011547344111\" data-height=\"433\" data-width=\"650\" aria-label=\"\">\n                            <\/a>\n            <\/div>\n<\/div>\n<p>&nbsp;<\/p>\n","protected":false},"excerpt":{"rendered":"<p>Ce week-end avait lieu le stage de pr\u00e9-saison de l&rsquo;Outsiders Academy au sein de son si\u00e8ge social \u00e0 Montpellier de la Mutuelle des Motards. Une matin\u00e9e studieuse pour les 5 [&#8230;]<\/p>\n","protected":false},"author":932,"featured_media":83820,"comment_status":"open","ping_status":"closed","sticky":false,"template":"","format":"standard","meta":{"footnotes":""},"categories":[54,32,33,55,65],"tags":[],"class_list":["post-83796","post","type-post","status-publish","format-standard","has-post-thumbnail","hentry","category-actualite","category-enduro","category-news-enduro","category-news-actualite","category-slideshow"],"yoast_head":"<!-- This site is optimized with the Yoast SEO plugin v27.4 - https:\/\/yoast.com\/product\/yoast-seo-wordpress\/ -->\n<title>Un stage de pr\u00e9-saison prometteur pour l&#039;Outsiders Academy ! - Motocross - Enduro - Supermoto | MotocrossMag<\/title>\n<meta name=\"robots\" content=\"index, follow, max-snippet:-1, max-image-preview:large, max-video-preview:-1\" \/>\n<link rel=\"canonical\" href=\"https:\/\/fr.motocrossmag.be\/index.php\/2019\/02\/un-stage-de-pre-saison-prometteur-pour-loutsiders-academy\/\" \/>\n<meta property=\"og:locale\" content=\"fr_FR\" \/>\n<meta property=\"og:type\" content=\"article\" \/>\n<meta property=\"og:title\" content=\"Un stage de pr\u00e9-saison prometteur pour l&#039;Outsiders Academy ! - Motocross - Enduro - Supermoto | MotocrossMag\" \/>\n<meta property=\"og:description\" content=\"Ce week-end avait lieu le stage de pr\u00e9-saison de l&rsquo;Outsiders Academy au sein de son si\u00e8ge social \u00e0 Montpellier de la Mutuelle des Motards. Une matin\u00e9e studieuse pour les 5 [...]\" \/>\n<meta property=\"og:url\" content=\"https:\/\/fr.motocrossmag.be\/index.php\/2019\/02\/un-stage-de-pre-saison-prometteur-pour-loutsiders-academy\/\" \/>\n<meta property=\"og:site_name\" content=\"Motocross - Enduro - Supermoto | MotocrossMag\" \/>\n<meta property=\"article:published_time\" content=\"2019-02-12T08:54:33+00:00\" \/>\n<meta property=\"og:image\" content=\"https:\/\/fr.motocrossmag.be\/wp-content\/uploads\/2019\/02\/PHOTO-2019-02-09-17-53-11.jpg\" \/>\n\t<meta property=\"og:image:width\" content=\"1351\" \/>\n\t<meta property=\"og:image:height\" content=\"900\" \/>\n\t<meta property=\"og:image:type\" content=\"image\/jpeg\" \/>\n<meta name=\"author\" content=\"oliviere\" \/>\n<meta name=\"twitter:card\" content=\"summary_large_image\" \/>\n<meta name=\"twitter:label1\" content=\"\u00c9crit par\" \/>\n\t<meta name=\"twitter:data1\" content=\"oliviere\" \/>\n\t<meta name=\"twitter:label2\" content=\"Dur\u00e9e de lecture estim\u00e9e\" \/>\n\t<meta name=\"twitter:data2\" content=\"3 minutes\" \/>\n<script type=\"application\/ld+json\" class=\"yoast-schema-graph\">{\"@context\":\"https:\\\/\\\/schema.org\",\"@graph\":[{\"@type\":\"Article\",\"@id\":\"https:\\\/\\\/fr.motocrossmag.be\\\/index.php\\\/2019\\\/02\\\/un-stage-de-pre-saison-prometteur-pour-loutsiders-academy\\\/#article\",\"isPartOf\":{\"@id\":\"https:\\\/\\\/fr.motocrossmag.be\\\/index.php\\\/2019\\\/02\\\/un-stage-de-pre-saison-prometteur-pour-loutsiders-academy\\\/\"},\"author\":{\"name\":\"oliviere\",\"@id\":\"https:\\\/\\\/fr.motocrossmag.be\\\/#\\\/schema\\\/person\\\/11b47143d9f755babca2c9110e03235c\"},\"headline\":\"Un stage de pr\u00e9-saison prometteur pour l&rsquo;Outsiders Academy !\",\"datePublished\":\"2019-02-12T08:54:33+00:00\",\"mainEntityOfPage\":{\"@id\":\"https:\\\/\\\/fr.motocrossmag.be\\\/index.php\\\/2019\\\/02\\\/un-stage-de-pre-saison-prometteur-pour-loutsiders-academy\\\/\"},\"wordCount\":655,\"commentCount\":0,\"image\":{\"@id\":\"https:\\\/\\\/fr.motocrossmag.be\\\/index.php\\\/2019\\\/02\\\/un-stage-de-pre-saison-prometteur-pour-loutsiders-academy\\\/#primaryimage\"},\"thumbnailUrl\":\"https:\\\/\\\/fr.motocrossmag.be\\\/wp-content\\\/uploads\\\/2019\\\/02\\\/PHOTO-2019-02-09-17-53-11.jpg\",\"articleSection\":[\"Actualit\u00e9\",\"Enduro\",\"News\",\"News\",\"Slideshow\"],\"inLanguage\":\"fr-FR\",\"potentialAction\":[{\"@type\":\"CommentAction\",\"name\":\"Comment\",\"target\":[\"https:\\\/\\\/fr.motocrossmag.be\\\/index.php\\\/2019\\\/02\\\/un-stage-de-pre-saison-prometteur-pour-loutsiders-academy\\\/#respond\"]}]},{\"@type\":\"WebPage\",\"@id\":\"https:\\\/\\\/fr.motocrossmag.be\\\/index.php\\\/2019\\\/02\\\/un-stage-de-pre-saison-prometteur-pour-loutsiders-academy\\\/\",\"url\":\"https:\\\/\\\/fr.motocrossmag.be\\\/index.php\\\/2019\\\/02\\\/un-stage-de-pre-saison-prometteur-pour-loutsiders-academy\\\/\",\"name\":\"Un stage de pr\u00e9-saison prometteur pour l'Outsiders Academy ! - Motocross - Enduro - Supermoto | MotocrossMag\",\"isPartOf\":{\"@id\":\"https:\\\/\\\/fr.motocrossmag.be\\\/#website\"},\"primaryImageOfPage\":{\"@id\":\"https:\\\/\\\/fr.motocrossmag.be\\\/index.php\\\/2019\\\/02\\\/un-stage-de-pre-saison-prometteur-pour-loutsiders-academy\\\/#primaryimage\"},\"image\":{\"@id\":\"https:\\\/\\\/fr.motocrossmag.be\\\/index.php\\\/2019\\\/02\\\/un-stage-de-pre-saison-prometteur-pour-loutsiders-academy\\\/#primaryimage\"},\"thumbnailUrl\":\"https:\\\/\\\/fr.motocrossmag.be\\\/wp-content\\\/uploads\\\/2019\\\/02\\\/PHOTO-2019-02-09-17-53-11.jpg\",\"datePublished\":\"2019-02-12T08:54:33+00:00\",\"author\":{\"@id\":\"https:\\\/\\\/fr.motocrossmag.be\\\/#\\\/schema\\\/person\\\/11b47143d9f755babca2c9110e03235c\"},\"breadcrumb\":{\"@id\":\"https:\\\/\\\/fr.motocrossmag.be\\\/index.php\\\/2019\\\/02\\\/un-stage-de-pre-saison-prometteur-pour-loutsiders-academy\\\/#breadcrumb\"},\"inLanguage\":\"fr-FR\",\"potentialAction\":[{\"@type\":\"ReadAction\",\"target\":[\"https:\\\/\\\/fr.motocrossmag.be\\\/index.php\\\/2019\\\/02\\\/un-stage-de-pre-saison-prometteur-pour-loutsiders-academy\\\/\"]}]},{\"@type\":\"ImageObject\",\"inLanguage\":\"fr-FR\",\"@id\":\"https:\\\/\\\/fr.motocrossmag.be\\\/index.php\\\/2019\\\/02\\\/un-stage-de-pre-saison-prometteur-pour-loutsiders-academy\\\/#primaryimage\",\"url\":\"https:\\\/\\\/fr.motocrossmag.be\\\/wp-content\\\/uploads\\\/2019\\\/02\\\/PHOTO-2019-02-09-17-53-11.jpg\",\"contentUrl\":\"https:\\\/\\\/fr.motocrossmag.be\\\/wp-content\\\/uploads\\\/2019\\\/02\\\/PHOTO-2019-02-09-17-53-11.jpg\",\"width\":1351,\"height\":900},{\"@type\":\"BreadcrumbList\",\"@id\":\"https:\\\/\\\/fr.motocrossmag.be\\\/index.php\\\/2019\\\/02\\\/un-stage-de-pre-saison-prometteur-pour-loutsiders-academy\\\/#breadcrumb\",\"itemListElement\":[{\"@type\":\"ListItem\",\"position\":1,\"name\":\"Accueil\",\"item\":\"https:\\\/\\\/fr.motocrossmag.be\\\/\"},{\"@type\":\"ListItem\",\"position\":2,\"name\":\"Un stage de pr\u00e9-saison prometteur pour l&rsquo;Outsiders Academy !\"}]},{\"@type\":\"WebSite\",\"@id\":\"https:\\\/\\\/fr.motocrossmag.be\\\/#website\",\"url\":\"https:\\\/\\\/fr.motocrossmag.be\\\/\",\"name\":\"Motocross - Enduro - Supermoto | MotocrossMag\",\"description\":\"L&#039;actualit\u00e9 du motocross, de l&#039;enduro et du Supermoto en ligne!\",\"potentialAction\":[{\"@type\":\"SearchAction\",\"target\":{\"@type\":\"EntryPoint\",\"urlTemplate\":\"https:\\\/\\\/fr.motocrossmag.be\\\/?s={search_term_string}\"},\"query-input\":{\"@type\":\"PropertyValueSpecification\",\"valueRequired\":true,\"valueName\":\"search_term_string\"}}],\"inLanguage\":\"fr-FR\"},{\"@type\":\"Person\",\"@id\":\"https:\\\/\\\/fr.motocrossmag.be\\\/#\\\/schema\\\/person\\\/11b47143d9f755babca2c9110e03235c\",\"name\":\"oliviere\",\"image\":{\"@type\":\"ImageObject\",\"inLanguage\":\"fr-FR\",\"@id\":\"https:\\\/\\\/secure.gravatar.com\\\/avatar\\\/907069e0b81d119452040469e4a7501da1100f54f7f80180ce77bfab718288f6?s=96&d=mm&r=g\",\"url\":\"https:\\\/\\\/secure.gravatar.com\\\/avatar\\\/907069e0b81d119452040469e4a7501da1100f54f7f80180ce77bfab718288f6?s=96&d=mm&r=g\",\"contentUrl\":\"https:\\\/\\\/secure.gravatar.com\\\/avatar\\\/907069e0b81d119452040469e4a7501da1100f54f7f80180ce77bfab718288f6?s=96&d=mm&r=g\",\"caption\":\"oliviere\"},\"sameAs\":[\"http:\\\/\\\/www.motocrossmag.be\"],\"url\":\"https:\\\/\\\/fr.motocrossmag.be\\\/index.php\\\/author\\\/oliviere\\\/\"}]}<\/script>\n<!-- \/ Yoast SEO plugin. -->","yoast_head_json":{"title":"Un stage de pr\u00e9-saison prometteur pour l'Outsiders Academy ! - Motocross - Enduro - Supermoto | MotocrossMag","robots":{"index":"index","follow":"follow","max-snippet":"max-snippet:-1","max-image-preview":"max-image-preview:large","max-video-preview":"max-video-preview:-1"},"canonical":"https:\/\/fr.motocrossmag.be\/index.php\/2019\/02\/un-stage-de-pre-saison-prometteur-pour-loutsiders-academy\/","og_locale":"fr_FR","og_type":"article","og_title":"Un stage de pr\u00e9-saison prometteur pour l'Outsiders Academy ! - Motocross - Enduro - Supermoto | MotocrossMag","og_description":"Ce week-end avait lieu le stage de pr\u00e9-saison de l&rsquo;Outsiders Academy au sein de son si\u00e8ge social \u00e0 Montpellier de la Mutuelle des Motards. Une matin\u00e9e studieuse pour les 5 [...]","og_url":"https:\/\/fr.motocrossmag.be\/index.php\/2019\/02\/un-stage-de-pre-saison-prometteur-pour-loutsiders-academy\/","og_site_name":"Motocross - Enduro - Supermoto | MotocrossMag","article_published_time":"2019-02-12T08:54:33+00:00","og_image":[{"width":1351,"height":900,"url":"https:\/\/fr.motocrossmag.be\/wp-content\/uploads\/2019\/02\/PHOTO-2019-02-09-17-53-11.jpg","type":"image\/jpeg"}],"author":"oliviere","twitter_card":"summary_large_image","twitter_misc":{"\u00c9crit par":"oliviere","Dur\u00e9e de lecture estim\u00e9e":"3 minutes"},"schema":{"@context":"https:\/\/schema.org","@graph":[{"@type":"Article","@id":"https:\/\/fr.motocrossmag.be\/index.php\/2019\/02\/un-stage-de-pre-saison-prometteur-pour-loutsiders-academy\/#article","isPartOf":{"@id":"https:\/\/fr.motocrossmag.be\/index.php\/2019\/02\/un-stage-de-pre-saison-prometteur-pour-loutsiders-academy\/"},"author":{"name":"oliviere","@id":"https:\/\/fr.motocrossmag.be\/#\/schema\/person\/11b47143d9f755babca2c9110e03235c"},"headline":"Un stage de pr\u00e9-saison prometteur pour l&rsquo;Outsiders Academy !","datePublished":"2019-02-12T08:54:33+00:00","mainEntityOfPage":{"@id":"https:\/\/fr.motocrossmag.be\/index.php\/2019\/02\/un-stage-de-pre-saison-prometteur-pour-loutsiders-academy\/"},"wordCount":655,"commentCount":0,"image":{"@id":"https:\/\/fr.motocrossmag.be\/index.php\/2019\/02\/un-stage-de-pre-saison-prometteur-pour-loutsiders-academy\/#primaryimage"},"thumbnailUrl":"https:\/\/fr.motocrossmag.be\/wp-content\/uploads\/2019\/02\/PHOTO-2019-02-09-17-53-11.jpg","articleSection":["Actualit\u00e9","Enduro","News","News","Slideshow"],"inLanguage":"fr-FR","potentialAction":[{"@type":"CommentAction","name":"Comment","target":["https:\/\/fr.motocrossmag.be\/index.php\/2019\/02\/un-stage-de-pre-saison-prometteur-pour-loutsiders-academy\/#respond"]}]},{"@type":"WebPage","@id":"https:\/\/fr.motocrossmag.be\/index.php\/2019\/02\/un-stage-de-pre-saison-prometteur-pour-loutsiders-academy\/","url":"https:\/\/fr.motocrossmag.be\/index.php\/2019\/02\/un-stage-de-pre-saison-prometteur-pour-loutsiders-academy\/","name":"Un stage de pr\u00e9-saison prometteur pour l'Outsiders Academy ! - Motocross - Enduro - Supermoto | MotocrossMag","isPartOf":{"@id":"https:\/\/fr.motocrossmag.be\/#website"},"primaryImageOfPage":{"@id":"https:\/\/fr.motocrossmag.be\/index.php\/2019\/02\/un-stage-de-pre-saison-prometteur-pour-loutsiders-academy\/#primaryimage"},"image":{"@id":"https:\/\/fr.motocrossmag.be\/index.php\/2019\/02\/un-stage-de-pre-saison-prometteur-pour-loutsiders-academy\/#primaryimage"},"thumbnailUrl":"https:\/\/fr.motocrossmag.be\/wp-content\/uploads\/2019\/02\/PHOTO-2019-02-09-17-53-11.jpg","datePublished":"2019-02-12T08:54:33+00:00","author":{"@id":"https:\/\/fr.motocrossmag.be\/#\/schema\/person\/11b47143d9f755babca2c9110e03235c"},"breadcrumb":{"@id":"https:\/\/fr.motocrossmag.be\/index.php\/2019\/02\/un-stage-de-pre-saison-prometteur-pour-loutsiders-academy\/#breadcrumb"},"inLanguage":"fr-FR","potentialAction":[{"@type":"ReadAction","target":["https:\/\/fr.motocrossmag.be\/index.php\/2019\/02\/un-stage-de-pre-saison-prometteur-pour-loutsiders-academy\/"]}]},{"@type":"ImageObject","inLanguage":"fr-FR","@id":"https:\/\/fr.motocrossmag.be\/index.php\/2019\/02\/un-stage-de-pre-saison-prometteur-pour-loutsiders-academy\/#primaryimage","url":"https:\/\/fr.motocrossmag.be\/wp-content\/uploads\/2019\/02\/PHOTO-2019-02-09-17-53-11.jpg","contentUrl":"https:\/\/fr.motocrossmag.be\/wp-content\/uploads\/2019\/02\/PHOTO-2019-02-09-17-53-11.jpg","width":1351,"height":900},{"@type":"BreadcrumbList","@id":"https:\/\/fr.motocrossmag.be\/index.php\/2019\/02\/un-stage-de-pre-saison-prometteur-pour-loutsiders-academy\/#breadcrumb","itemListElement":[{"@type":"ListItem","position":1,"name":"Accueil","item":"https:\/\/fr.motocrossmag.be\/"},{"@type":"ListItem","position":2,"name":"Un stage de pr\u00e9-saison prometteur pour l&rsquo;Outsiders Academy !"}]},{"@type":"WebSite","@id":"https:\/\/fr.motocrossmag.be\/#website","url":"https:\/\/fr.motocrossmag.be\/","name":"Motocross - Enduro - Supermoto | MotocrossMag","description":"L&#039;actualit\u00e9 du motocross, de l&#039;enduro et du Supermoto en ligne!","potentialAction":[{"@type":"SearchAction","target":{"@type":"EntryPoint","urlTemplate":"https:\/\/fr.motocrossmag.be\/?s={search_term_string}"},"query-input":{"@type":"PropertyValueSpecification","valueRequired":true,"valueName":"search_term_string"}}],"inLanguage":"fr-FR"},{"@type":"Person","@id":"https:\/\/fr.motocrossmag.be\/#\/schema\/person\/11b47143d9f755babca2c9110e03235c","name":"oliviere","image":{"@type":"ImageObject","inLanguage":"fr-FR","@id":"https:\/\/secure.gravatar.com\/avatar\/907069e0b81d119452040469e4a7501da1100f54f7f80180ce77bfab718288f6?s=96&d=mm&r=g","url":"https:\/\/secure.gravatar.com\/avatar\/907069e0b81d119452040469e4a7501da1100f54f7f80180ce77bfab718288f6?s=96&d=mm&r=g","contentUrl":"https:\/\/secure.gravatar.com\/avatar\/907069e0b81d119452040469e4a7501da1100f54f7f80180ce77bfab718288f6?s=96&d=mm&r=g","caption":"oliviere"},"sameAs":["http:\/\/www.motocrossmag.be"],"url":"https:\/\/fr.motocrossmag.be\/index.php\/author\/oliviere\/"}]}},"_links":{"self":[{"href":"https:\/\/fr.motocrossmag.be\/index.php\/wp-json\/wp\/v2\/posts\/83796","targetHints":{"allow":["GET"]}}],"collection":[{"href":"https:\/\/fr.motocrossmag.be\/index.php\/wp-json\/wp\/v2\/posts"}],"about":[{"href":"https:\/\/fr.motocrossmag.be\/index.php\/wp-json\/wp\/v2\/types\/post"}],"author":[{"embeddable":true,"href":"https:\/\/fr.motocrossmag.be\/index.php\/wp-json\/wp\/v2\/users\/932"}],"replies":[{"embeddable":true,"href":"https:\/\/fr.motocrossmag.be\/index.php\/wp-json\/wp\/v2\/comments?post=83796"}],"version-history":[{"count":0,"href":"https:\/\/fr.motocrossmag.be\/index.php\/wp-json\/wp\/v2\/posts\/83796\/revisions"}],"wp:featuredmedia":[{"embeddable":true,"href":"https:\/\/fr.motocrossmag.be\/index.php\/wp-json\/wp\/v2\/media\/83820"}],"wp:attachment":[{"href":"https:\/\/fr.motocrossmag.be\/index.php\/wp-json\/wp\/v2\/media?parent=83796"}],"wp:term":[{"taxonomy":"category","embeddable":true,"href":"https:\/\/fr.motocrossmag.be\/index.php\/wp-json\/wp\/v2\/categories?post=83796"},{"taxonomy":"post_tag","embeddable":true,"href":"https:\/\/fr.motocrossmag.be\/index.php\/wp-json\/wp\/v2\/tags?post=83796"}],"curies":[{"name":"wp","href":"https:\/\/api.w.org\/{rel}","templated":true}]}}