{"id":84004,"date":"2019-02-15T16:52:35","date_gmt":"2019-02-15T15:52:35","guid":{"rendered":"https:\/\/fr.motocrossmag.be\/?p=84004"},"modified":"2019-02-15T16:52:35","modified_gmt":"2019-02-15T15:52:35","slug":"benjamin-herrera-aux-cotes-de-steve-holcombe-chez-beta","status":"publish","type":"post","link":"https:\/\/fr.motocrossmag.be\/index.php\/2019\/02\/benjamin-herrera-aux-cotes-de-steve-holcombe-chez-beta\/","title":{"rendered":"Benjamin Herrera aux c\u00f4t\u00e9s de Steve Holcombe chez Beta"},"content":{"rendered":"<p><strong>La place laiss\u00e9e libre par Christophe Charlier chez Beta sera finalement reprise par le Chilien Benjamin Herrera. Une figure connue dans le paddock EnduroGP au CV plut\u00f4t bien rempli avec deux m\u00e9dailles de bronze sur le championnat FIM Youth 125cc, une d&rsquo;argent sur le championnat du monde Junior en SuperEnduro, plusieurs victoires aux RedBull Los Andes et de multiples titres de champion du Chili.<\/strong><\/p>\n<p>Chez Beta Chili depuis un an, Herrera retourne donc en mondial cette saison sur la RR 350cc 4T apr\u00e8s 4 ann\u00e9es d\u2019absence pour faire \u00e9quipe avec le Britannique Steve Holcombe. Une belle opportunit\u00e9 offerte par le manager Fabrizio Dini au pilote originaire de Talca qui pourra engranger beaucoup d\u2019exp\u00e9rience et profiter des conseils du champion britannique.<\/p>\n<p>&nbsp;<\/p>\n","protected":false},"excerpt":{"rendered":"<p>La place laiss\u00e9e libre par Christophe Charlier chez Beta sera finalement reprise par le Chilien Benjamin Herrera. Une figure connue dans le paddock EnduroGP au CV plut\u00f4t bien rempli avec [&#8230;]<\/p>\n","protected":false},"author":932,"featured_media":84005,"comment_status":"open","ping_status":"closed","sticky":false,"template":"","format":"standard","meta":{"footnotes":""},"categories":[54,32,34,33,55,65],"tags":[],"class_list":["post-84004","post","type-post","status-publish","format-standard","has-post-thumbnail","hentry","category-actualite","category-enduro","category-endurogp","category-news-enduro","category-news-actualite","category-slideshow"],"yoast_head":"<!-- This site is optimized with the Yoast SEO plugin v27.4 - https:\/\/yoast.com\/product\/yoast-seo-wordpress\/ -->\n<title>Benjamin Herrera aux c\u00f4t\u00e9s de Steve Holcombe chez Beta - Motocross - Enduro - Supermoto | MotocrossMag<\/title>\n<meta name=\"robots\" content=\"index, follow, max-snippet:-1, max-image-preview:large, max-video-preview:-1\" \/>\n<link rel=\"canonical\" href=\"https:\/\/fr.motocrossmag.be\/index.php\/2019\/02\/benjamin-herrera-aux-cotes-de-steve-holcombe-chez-beta\/\" \/>\n<meta property=\"og:locale\" content=\"fr_FR\" \/>\n<meta property=\"og:type\" content=\"article\" \/>\n<meta property=\"og:title\" content=\"Benjamin Herrera aux c\u00f4t\u00e9s de Steve Holcombe chez Beta - Motocross - Enduro - Supermoto | MotocrossMag\" \/>\n<meta property=\"og:description\" content=\"La place laiss\u00e9e libre par Christophe Charlier chez Beta sera finalement reprise par le Chilien Benjamin Herrera. Une figure connue dans le paddock EnduroGP au CV plut\u00f4t bien rempli avec [...]\" \/>\n<meta property=\"og:url\" content=\"https:\/\/fr.motocrossmag.be\/index.php\/2019\/02\/benjamin-herrera-aux-cotes-de-steve-holcombe-chez-beta\/\" \/>\n<meta property=\"og:site_name\" content=\"Motocross - Enduro - Supermoto | MotocrossMag\" \/>\n<meta property=\"article:published_time\" content=\"2019-02-15T15:52:35+00:00\" \/>\n<meta property=\"og:image\" content=\"https:\/\/fr.motocrossmag.be\/wp-content\/uploads\/2019\/02\/herrera-beta.jpg\" \/>\n\t<meta property=\"og:image:width\" content=\"768\" \/>\n\t<meta property=\"og:image:height\" content=\"473\" \/>\n\t<meta property=\"og:image:type\" content=\"image\/jpeg\" \/>\n<meta name=\"author\" content=\"oliviere\" \/>\n<meta name=\"twitter:card\" content=\"summary_large_image\" \/>\n<meta name=\"twitter:label1\" content=\"\u00c9crit par\" \/>\n\t<meta name=\"twitter:data1\" content=\"oliviere\" \/>\n\t<meta name=\"twitter:label2\" content=\"Dur\u00e9e de lecture estim\u00e9e\" \/>\n\t<meta name=\"twitter:data2\" content=\"1 minute\" \/>\n<script type=\"application\/ld+json\" class=\"yoast-schema-graph\">{\"@context\":\"https:\\\/\\\/schema.org\",\"@graph\":[{\"@type\":\"Article\",\"@id\":\"https:\\\/\\\/fr.motocrossmag.be\\\/index.php\\\/2019\\\/02\\\/benjamin-herrera-aux-cotes-de-steve-holcombe-chez-beta\\\/#article\",\"isPartOf\":{\"@id\":\"https:\\\/\\\/fr.motocrossmag.be\\\/index.php\\\/2019\\\/02\\\/benjamin-herrera-aux-cotes-de-steve-holcombe-chez-beta\\\/\"},\"author\":{\"name\":\"oliviere\",\"@id\":\"https:\\\/\\\/fr.motocrossmag.be\\\/#\\\/schema\\\/person\\\/11b47143d9f755babca2c9110e03235c\"},\"headline\":\"Benjamin Herrera aux c\u00f4t\u00e9s de Steve Holcombe chez Beta\",\"datePublished\":\"2019-02-15T15:52:35+00:00\",\"mainEntityOfPage\":{\"@id\":\"https:\\\/\\\/fr.motocrossmag.be\\\/index.php\\\/2019\\\/02\\\/benjamin-herrera-aux-cotes-de-steve-holcombe-chez-beta\\\/\"},\"wordCount\":140,\"commentCount\":0,\"image\":{\"@id\":\"https:\\\/\\\/fr.motocrossmag.be\\\/index.php\\\/2019\\\/02\\\/benjamin-herrera-aux-cotes-de-steve-holcombe-chez-beta\\\/#primaryimage\"},\"thumbnailUrl\":\"https:\\\/\\\/fr.motocrossmag.be\\\/wp-content\\\/uploads\\\/2019\\\/02\\\/herrera-beta.jpg\",\"articleSection\":[\"Actualit\u00e9\",\"Enduro\",\"EnduroGP\",\"News\",\"News\",\"Slideshow\"],\"inLanguage\":\"fr-FR\",\"potentialAction\":[{\"@type\":\"CommentAction\",\"name\":\"Comment\",\"target\":[\"https:\\\/\\\/fr.motocrossmag.be\\\/index.php\\\/2019\\\/02\\\/benjamin-herrera-aux-cotes-de-steve-holcombe-chez-beta\\\/#respond\"]}]},{\"@type\":\"WebPage\",\"@id\":\"https:\\\/\\\/fr.motocrossmag.be\\\/index.php\\\/2019\\\/02\\\/benjamin-herrera-aux-cotes-de-steve-holcombe-chez-beta\\\/\",\"url\":\"https:\\\/\\\/fr.motocrossmag.be\\\/index.php\\\/2019\\\/02\\\/benjamin-herrera-aux-cotes-de-steve-holcombe-chez-beta\\\/\",\"name\":\"Benjamin Herrera aux c\u00f4t\u00e9s de Steve Holcombe chez Beta - Motocross - Enduro - Supermoto | MotocrossMag\",\"isPartOf\":{\"@id\":\"https:\\\/\\\/fr.motocrossmag.be\\\/#website\"},\"primaryImageOfPage\":{\"@id\":\"https:\\\/\\\/fr.motocrossmag.be\\\/index.php\\\/2019\\\/02\\\/benjamin-herrera-aux-cotes-de-steve-holcombe-chez-beta\\\/#primaryimage\"},\"image\":{\"@id\":\"https:\\\/\\\/fr.motocrossmag.be\\\/index.php\\\/2019\\\/02\\\/benjamin-herrera-aux-cotes-de-steve-holcombe-chez-beta\\\/#primaryimage\"},\"thumbnailUrl\":\"https:\\\/\\\/fr.motocrossmag.be\\\/wp-content\\\/uploads\\\/2019\\\/02\\\/herrera-beta.jpg\",\"datePublished\":\"2019-02-15T15:52:35+00:00\",\"author\":{\"@id\":\"https:\\\/\\\/fr.motocrossmag.be\\\/#\\\/schema\\\/person\\\/11b47143d9f755babca2c9110e03235c\"},\"breadcrumb\":{\"@id\":\"https:\\\/\\\/fr.motocrossmag.be\\\/index.php\\\/2019\\\/02\\\/benjamin-herrera-aux-cotes-de-steve-holcombe-chez-beta\\\/#breadcrumb\"},\"inLanguage\":\"fr-FR\",\"potentialAction\":[{\"@type\":\"ReadAction\",\"target\":[\"https:\\\/\\\/fr.motocrossmag.be\\\/index.php\\\/2019\\\/02\\\/benjamin-herrera-aux-cotes-de-steve-holcombe-chez-beta\\\/\"]}]},{\"@type\":\"ImageObject\",\"inLanguage\":\"fr-FR\",\"@id\":\"https:\\\/\\\/fr.motocrossmag.be\\\/index.php\\\/2019\\\/02\\\/benjamin-herrera-aux-cotes-de-steve-holcombe-chez-beta\\\/#primaryimage\",\"url\":\"https:\\\/\\\/fr.motocrossmag.be\\\/wp-content\\\/uploads\\\/2019\\\/02\\\/herrera-beta.jpg\",\"contentUrl\":\"https:\\\/\\\/fr.motocrossmag.be\\\/wp-content\\\/uploads\\\/2019\\\/02\\\/herrera-beta.jpg\",\"width\":768,\"height\":473},{\"@type\":\"BreadcrumbList\",\"@id\":\"https:\\\/\\\/fr.motocrossmag.be\\\/index.php\\\/2019\\\/02\\\/benjamin-herrera-aux-cotes-de-steve-holcombe-chez-beta\\\/#breadcrumb\",\"itemListElement\":[{\"@type\":\"ListItem\",\"position\":1,\"name\":\"Accueil\",\"item\":\"https:\\\/\\\/fr.motocrossmag.be\\\/\"},{\"@type\":\"ListItem\",\"position\":2,\"name\":\"Benjamin Herrera aux c\u00f4t\u00e9s de Steve Holcombe chez Beta\"}]},{\"@type\":\"WebSite\",\"@id\":\"https:\\\/\\\/fr.motocrossmag.be\\\/#website\",\"url\":\"https:\\\/\\\/fr.motocrossmag.be\\\/\",\"name\":\"Motocross - Enduro - Supermoto | MotocrossMag\",\"description\":\"L&#039;actualit\u00e9 du motocross, de l&#039;enduro et du Supermoto en ligne!\",\"potentialAction\":[{\"@type\":\"SearchAction\",\"target\":{\"@type\":\"EntryPoint\",\"urlTemplate\":\"https:\\\/\\\/fr.motocrossmag.be\\\/?s={search_term_string}\"},\"query-input\":{\"@type\":\"PropertyValueSpecification\",\"valueRequired\":true,\"valueName\":\"search_term_string\"}}],\"inLanguage\":\"fr-FR\"},{\"@type\":\"Person\",\"@id\":\"https:\\\/\\\/fr.motocrossmag.be\\\/#\\\/schema\\\/person\\\/11b47143d9f755babca2c9110e03235c\",\"name\":\"oliviere\",\"image\":{\"@type\":\"ImageObject\",\"inLanguage\":\"fr-FR\",\"@id\":\"https:\\\/\\\/secure.gravatar.com\\\/avatar\\\/907069e0b81d119452040469e4a7501da1100f54f7f80180ce77bfab718288f6?s=96&d=mm&r=g\",\"url\":\"https:\\\/\\\/secure.gravatar.com\\\/avatar\\\/907069e0b81d119452040469e4a7501da1100f54f7f80180ce77bfab718288f6?s=96&d=mm&r=g\",\"contentUrl\":\"https:\\\/\\\/secure.gravatar.com\\\/avatar\\\/907069e0b81d119452040469e4a7501da1100f54f7f80180ce77bfab718288f6?s=96&d=mm&r=g\",\"caption\":\"oliviere\"},\"sameAs\":[\"http:\\\/\\\/www.motocrossmag.be\"],\"url\":\"https:\\\/\\\/fr.motocrossmag.be\\\/index.php\\\/author\\\/oliviere\\\/\"}]}<\/script>\n<!-- \/ Yoast SEO plugin. -->","yoast_head_json":{"title":"Benjamin Herrera aux c\u00f4t\u00e9s de Steve Holcombe chez Beta - Motocross - Enduro - Supermoto | MotocrossMag","robots":{"index":"index","follow":"follow","max-snippet":"max-snippet:-1","max-image-preview":"max-image-preview:large","max-video-preview":"max-video-preview:-1"},"canonical":"https:\/\/fr.motocrossmag.be\/index.php\/2019\/02\/benjamin-herrera-aux-cotes-de-steve-holcombe-chez-beta\/","og_locale":"fr_FR","og_type":"article","og_title":"Benjamin Herrera aux c\u00f4t\u00e9s de Steve Holcombe chez Beta - Motocross - Enduro - Supermoto | MotocrossMag","og_description":"La place laiss\u00e9e libre par Christophe Charlier chez Beta sera finalement reprise par le Chilien Benjamin Herrera. Une figure connue dans le paddock EnduroGP au CV plut\u00f4t bien rempli avec [...]","og_url":"https:\/\/fr.motocrossmag.be\/index.php\/2019\/02\/benjamin-herrera-aux-cotes-de-steve-holcombe-chez-beta\/","og_site_name":"Motocross - Enduro - Supermoto | MotocrossMag","article_published_time":"2019-02-15T15:52:35+00:00","og_image":[{"width":768,"height":473,"url":"https:\/\/fr.motocrossmag.be\/wp-content\/uploads\/2019\/02\/herrera-beta.jpg","type":"image\/jpeg"}],"author":"oliviere","twitter_card":"summary_large_image","twitter_misc":{"\u00c9crit par":"oliviere","Dur\u00e9e de lecture estim\u00e9e":"1 minute"},"schema":{"@context":"https:\/\/schema.org","@graph":[{"@type":"Article","@id":"https:\/\/fr.motocrossmag.be\/index.php\/2019\/02\/benjamin-herrera-aux-cotes-de-steve-holcombe-chez-beta\/#article","isPartOf":{"@id":"https:\/\/fr.motocrossmag.be\/index.php\/2019\/02\/benjamin-herrera-aux-cotes-de-steve-holcombe-chez-beta\/"},"author":{"name":"oliviere","@id":"https:\/\/fr.motocrossmag.be\/#\/schema\/person\/11b47143d9f755babca2c9110e03235c"},"headline":"Benjamin Herrera aux c\u00f4t\u00e9s de Steve Holcombe chez Beta","datePublished":"2019-02-15T15:52:35+00:00","mainEntityOfPage":{"@id":"https:\/\/fr.motocrossmag.be\/index.php\/2019\/02\/benjamin-herrera-aux-cotes-de-steve-holcombe-chez-beta\/"},"wordCount":140,"commentCount":0,"image":{"@id":"https:\/\/fr.motocrossmag.be\/index.php\/2019\/02\/benjamin-herrera-aux-cotes-de-steve-holcombe-chez-beta\/#primaryimage"},"thumbnailUrl":"https:\/\/fr.motocrossmag.be\/wp-content\/uploads\/2019\/02\/herrera-beta.jpg","articleSection":["Actualit\u00e9","Enduro","EnduroGP","News","News","Slideshow"],"inLanguage":"fr-FR","potentialAction":[{"@type":"CommentAction","name":"Comment","target":["https:\/\/fr.motocrossmag.be\/index.php\/2019\/02\/benjamin-herrera-aux-cotes-de-steve-holcombe-chez-beta\/#respond"]}]},{"@type":"WebPage","@id":"https:\/\/fr.motocrossmag.be\/index.php\/2019\/02\/benjamin-herrera-aux-cotes-de-steve-holcombe-chez-beta\/","url":"https:\/\/fr.motocrossmag.be\/index.php\/2019\/02\/benjamin-herrera-aux-cotes-de-steve-holcombe-chez-beta\/","name":"Benjamin Herrera aux c\u00f4t\u00e9s de Steve Holcombe chez Beta - Motocross - Enduro - Supermoto | MotocrossMag","isPartOf":{"@id":"https:\/\/fr.motocrossmag.be\/#website"},"primaryImageOfPage":{"@id":"https:\/\/fr.motocrossmag.be\/index.php\/2019\/02\/benjamin-herrera-aux-cotes-de-steve-holcombe-chez-beta\/#primaryimage"},"image":{"@id":"https:\/\/fr.motocrossmag.be\/index.php\/2019\/02\/benjamin-herrera-aux-cotes-de-steve-holcombe-chez-beta\/#primaryimage"},"thumbnailUrl":"https:\/\/fr.motocrossmag.be\/wp-content\/uploads\/2019\/02\/herrera-beta.jpg","datePublished":"2019-02-15T15:52:35+00:00","author":{"@id":"https:\/\/fr.motocrossmag.be\/#\/schema\/person\/11b47143d9f755babca2c9110e03235c"},"breadcrumb":{"@id":"https:\/\/fr.motocrossmag.be\/index.php\/2019\/02\/benjamin-herrera-aux-cotes-de-steve-holcombe-chez-beta\/#breadcrumb"},"inLanguage":"fr-FR","potentialAction":[{"@type":"ReadAction","target":["https:\/\/fr.motocrossmag.be\/index.php\/2019\/02\/benjamin-herrera-aux-cotes-de-steve-holcombe-chez-beta\/"]}]},{"@type":"ImageObject","inLanguage":"fr-FR","@id":"https:\/\/fr.motocrossmag.be\/index.php\/2019\/02\/benjamin-herrera-aux-cotes-de-steve-holcombe-chez-beta\/#primaryimage","url":"https:\/\/fr.motocrossmag.be\/wp-content\/uploads\/2019\/02\/herrera-beta.jpg","contentUrl":"https:\/\/fr.motocrossmag.be\/wp-content\/uploads\/2019\/02\/herrera-beta.jpg","width":768,"height":473},{"@type":"BreadcrumbList","@id":"https:\/\/fr.motocrossmag.be\/index.php\/2019\/02\/benjamin-herrera-aux-cotes-de-steve-holcombe-chez-beta\/#breadcrumb","itemListElement":[{"@type":"ListItem","position":1,"name":"Accueil","item":"https:\/\/fr.motocrossmag.be\/"},{"@type":"ListItem","position":2,"name":"Benjamin Herrera aux c\u00f4t\u00e9s de Steve Holcombe chez Beta"}]},{"@type":"WebSite","@id":"https:\/\/fr.motocrossmag.be\/#website","url":"https:\/\/fr.motocrossmag.be\/","name":"Motocross - Enduro - Supermoto | MotocrossMag","description":"L&#039;actualit\u00e9 du motocross, de l&#039;enduro et du Supermoto en ligne!","potentialAction":[{"@type":"SearchAction","target":{"@type":"EntryPoint","urlTemplate":"https:\/\/fr.motocrossmag.be\/?s={search_term_string}"},"query-input":{"@type":"PropertyValueSpecification","valueRequired":true,"valueName":"search_term_string"}}],"inLanguage":"fr-FR"},{"@type":"Person","@id":"https:\/\/fr.motocrossmag.be\/#\/schema\/person\/11b47143d9f755babca2c9110e03235c","name":"oliviere","image":{"@type":"ImageObject","inLanguage":"fr-FR","@id":"https:\/\/secure.gravatar.com\/avatar\/907069e0b81d119452040469e4a7501da1100f54f7f80180ce77bfab718288f6?s=96&d=mm&r=g","url":"https:\/\/secure.gravatar.com\/avatar\/907069e0b81d119452040469e4a7501da1100f54f7f80180ce77bfab718288f6?s=96&d=mm&r=g","contentUrl":"https:\/\/secure.gravatar.com\/avatar\/907069e0b81d119452040469e4a7501da1100f54f7f80180ce77bfab718288f6?s=96&d=mm&r=g","caption":"oliviere"},"sameAs":["http:\/\/www.motocrossmag.be"],"url":"https:\/\/fr.motocrossmag.be\/index.php\/author\/oliviere\/"}]}},"_links":{"self":[{"href":"https:\/\/fr.motocrossmag.be\/index.php\/wp-json\/wp\/v2\/posts\/84004","targetHints":{"allow":["GET"]}}],"collection":[{"href":"https:\/\/fr.motocrossmag.be\/index.php\/wp-json\/wp\/v2\/posts"}],"about":[{"href":"https:\/\/fr.motocrossmag.be\/index.php\/wp-json\/wp\/v2\/types\/post"}],"author":[{"embeddable":true,"href":"https:\/\/fr.motocrossmag.be\/index.php\/wp-json\/wp\/v2\/users\/932"}],"replies":[{"embeddable":true,"href":"https:\/\/fr.motocrossmag.be\/index.php\/wp-json\/wp\/v2\/comments?post=84004"}],"version-history":[{"count":0,"href":"https:\/\/fr.motocrossmag.be\/index.php\/wp-json\/wp\/v2\/posts\/84004\/revisions"}],"wp:featuredmedia":[{"embeddable":true,"href":"https:\/\/fr.motocrossmag.be\/index.php\/wp-json\/wp\/v2\/media\/84005"}],"wp:attachment":[{"href":"https:\/\/fr.motocrossmag.be\/index.php\/wp-json\/wp\/v2\/media?parent=84004"}],"wp:term":[{"taxonomy":"category","embeddable":true,"href":"https:\/\/fr.motocrossmag.be\/index.php\/wp-json\/wp\/v2\/categories?post=84004"},{"taxonomy":"post_tag","embeddable":true,"href":"https:\/\/fr.motocrossmag.be\/index.php\/wp-json\/wp\/v2\/tags?post=84004"}],"curies":[{"name":"wp","href":"https:\/\/api.w.org\/{rel}","templated":true}]}}