{"id":84248,"date":"2019-02-19T14:34:13","date_gmt":"2019-02-19T13:34:13","guid":{"rendered":"https:\/\/fr.motocrossmag.be\/?p=84248"},"modified":"2019-02-19T14:34:13","modified_gmt":"2019-02-19T13:34:13","slug":"antoine-meo-de-retour-en-endurogp","status":"publish","type":"post","link":"https:\/\/fr.motocrossmag.be\/index.php\/2019\/02\/antoine-meo-de-retour-en-endurogp\/","title":{"rendered":"Antoine M\u00e9o de retour en EnduroGP !"},"content":{"rendered":"<p><strong>D\u00e9cidemment, Honda RedMoto aura anim\u00e9 le march\u00e9 des transferts cette ann\u00e9e ! Apr\u00e8s s\u2019\u00eatre offert une belle armada avec son team Factory et par l\u2019interm\u00e9diaire des teams Lunigiana et Sembenini, les rouges ont d\u00e9cid\u00e9 de faire le buzz en faisant sortir de sa retraite le quintuple Champion du Monde : Antoine M\u00e9o !<\/strong><\/p>\n<p>Retir\u00e9 des paddocks du championnat du monde d\u2019Enduro depuis la saison 2015 et un dernier titre E2 conquis \u00e0 R\u00e9quista (France), Antoine M\u00e9o s\u2019\u00e9tait tourn\u00e9 vers les rallyes o\u00f9 il a termin\u00e9 par deux fois le Dakar (7\u00e8me en 2016, 4\u00e8me en 2018). Malheureusement, l\u2019Alligator a \u00e9t\u00e9 g\u00ean\u00e9 par de nombreuses blessures aux poignets et aux genoux et a d\u00fb se r\u00e9soudre \u00e0 prendre sa retraite au terme du Dakar 2018\u2026<\/p>\n<p>Mais c\u2019\u00e9tait sans compter sur Honda RedMoto qui fait donc reprendre du service au quintuple champion du monde d\u2019enduro dans la discipline qui lui a offert ses plus beaux faits d\u2019armes ! M\u00e9o sera donc de retour sur le mondial au guidon d\u2019une Honda 450 CRF X et s\u2019alignera donc en cat\u00e9gorie Enduro 2 aux c\u00f4t\u00e9s de Christophe Charlier.<\/p>\n<p>Antoine M\u00e9o: \u00ab Merci \u00e0 Matteo BOFFELLI et au team Honda RedMoto de m\u2019offrir la chance de revenir en Enduro, discipline dans laquelle j\u2019ai remport\u00e9 5 titres de champion du monde. Dans le team de Matteo, on ressent vraiment la passion pour ce sport. C\u2019est un team jeune, particuli\u00e8rement motiv\u00e9 et compos\u00e9 de m\u00e9caniciens tr\u00e8s professionnels et pr\u00eat \u00e0 tous les challenges. Il me tarde de d\u00e9buter la saison d\u00e9sormais et je suis tr\u00e8s content de faire \u00e9quipe avec Charlier et Oldrati. Mon objectif est de r\u00e9aliser une grande saison. \u00bb<\/p>\n<p>Matteo Boffelli: \u00ab 2018 a \u00e9t\u00e9 une ann\u00e9e tr\u00e8s importante pour toute l\u2019\u00e9quipe : nous avons progress\u00e9 que ce soit au niveau technique autant que sportif. Compter Antoine MEO dans notre \u00e9quipe est un grand honneur et en m\u00eame temps une pr\u00e9sence qui nous obligera \u00e0 faire toujours mieux. Nous pourrons tirer parti de sa grande exp\u00e9rience pour nous am\u00e9liorer et atteindre encore plus rapidement les objectifs que nous nous sommes fix\u00e9s. \u00bb<\/p>\n","protected":false},"excerpt":{"rendered":"<p>D\u00e9cidemment, Honda RedMoto aura anim\u00e9 le march\u00e9 des transferts cette ann\u00e9e ! Apr\u00e8s s\u2019\u00eatre offert une belle armada avec son team Factory et par l\u2019interm\u00e9diaire des teams Lunigiana et Sembenini, [&#8230;]<\/p>\n","protected":false},"author":932,"featured_media":84250,"comment_status":"open","ping_status":"closed","sticky":false,"template":"","format":"standard","meta":{"footnotes":""},"categories":[54,32,34,33,55,65],"tags":[],"class_list":["post-84248","post","type-post","status-publish","format-standard","has-post-thumbnail","hentry","category-actualite","category-enduro","category-endurogp","category-news-enduro","category-news-actualite","category-slideshow"],"yoast_head":"<!-- This site is optimized with the Yoast SEO plugin v27.4 - https:\/\/yoast.com\/product\/yoast-seo-wordpress\/ -->\n<title>Antoine M\u00e9o de retour en EnduroGP ! - Motocross - Enduro - Supermoto | MotocrossMag<\/title>\n<meta name=\"robots\" content=\"index, follow, max-snippet:-1, max-image-preview:large, max-video-preview:-1\" \/>\n<link rel=\"canonical\" href=\"https:\/\/fr.motocrossmag.be\/index.php\/2019\/02\/antoine-meo-de-retour-en-endurogp\/\" \/>\n<meta property=\"og:locale\" content=\"fr_FR\" \/>\n<meta property=\"og:type\" content=\"article\" \/>\n<meta property=\"og:title\" content=\"Antoine M\u00e9o de retour en EnduroGP ! - Motocross - Enduro - Supermoto | MotocrossMag\" \/>\n<meta property=\"og:description\" content=\"D\u00e9cidemment, Honda RedMoto aura anim\u00e9 le march\u00e9 des transferts cette ann\u00e9e ! Apr\u00e8s s\u2019\u00eatre offert une belle armada avec son team Factory et par l\u2019interm\u00e9diaire des teams Lunigiana et Sembenini, [...]\" \/>\n<meta property=\"og:url\" content=\"https:\/\/fr.motocrossmag.be\/index.php\/2019\/02\/antoine-meo-de-retour-en-endurogp\/\" \/>\n<meta property=\"og:site_name\" content=\"Motocross - Enduro - Supermoto | MotocrossMag\" \/>\n<meta property=\"article:published_time\" content=\"2019-02-19T13:34:13+00:00\" \/>\n<meta property=\"og:image\" content=\"https:\/\/fr.motocrossmag.be\/wp-content\/uploads\/2019\/02\/meo-2.jpg\" \/>\n\t<meta property=\"og:image:width\" content=\"600\" \/>\n\t<meta property=\"og:image:height\" content=\"400\" \/>\n\t<meta property=\"og:image:type\" content=\"image\/jpeg\" \/>\n<meta name=\"author\" content=\"oliviere\" \/>\n<meta name=\"twitter:card\" content=\"summary_large_image\" \/>\n<meta name=\"twitter:label1\" content=\"\u00c9crit par\" \/>\n\t<meta name=\"twitter:data1\" content=\"oliviere\" \/>\n\t<meta name=\"twitter:label2\" content=\"Dur\u00e9e de lecture estim\u00e9e\" \/>\n\t<meta name=\"twitter:data2\" content=\"2 minutes\" \/>\n<script type=\"application\/ld+json\" class=\"yoast-schema-graph\">{\"@context\":\"https:\\\/\\\/schema.org\",\"@graph\":[{\"@type\":\"Article\",\"@id\":\"https:\\\/\\\/fr.motocrossmag.be\\\/index.php\\\/2019\\\/02\\\/antoine-meo-de-retour-en-endurogp\\\/#article\",\"isPartOf\":{\"@id\":\"https:\\\/\\\/fr.motocrossmag.be\\\/index.php\\\/2019\\\/02\\\/antoine-meo-de-retour-en-endurogp\\\/\"},\"author\":{\"name\":\"oliviere\",\"@id\":\"https:\\\/\\\/fr.motocrossmag.be\\\/#\\\/schema\\\/person\\\/11b47143d9f755babca2c9110e03235c\"},\"headline\":\"Antoine M\u00e9o de retour en EnduroGP !\",\"datePublished\":\"2019-02-19T13:34:13+00:00\",\"mainEntityOfPage\":{\"@id\":\"https:\\\/\\\/fr.motocrossmag.be\\\/index.php\\\/2019\\\/02\\\/antoine-meo-de-retour-en-endurogp\\\/\"},\"wordCount\":376,\"commentCount\":0,\"image\":{\"@id\":\"https:\\\/\\\/fr.motocrossmag.be\\\/index.php\\\/2019\\\/02\\\/antoine-meo-de-retour-en-endurogp\\\/#primaryimage\"},\"thumbnailUrl\":\"https:\\\/\\\/fr.motocrossmag.be\\\/wp-content\\\/uploads\\\/2019\\\/02\\\/meo-2.jpg\",\"articleSection\":[\"Actualit\u00e9\",\"Enduro\",\"EnduroGP\",\"News\",\"News\",\"Slideshow\"],\"inLanguage\":\"fr-FR\",\"potentialAction\":[{\"@type\":\"CommentAction\",\"name\":\"Comment\",\"target\":[\"https:\\\/\\\/fr.motocrossmag.be\\\/index.php\\\/2019\\\/02\\\/antoine-meo-de-retour-en-endurogp\\\/#respond\"]}]},{\"@type\":\"WebPage\",\"@id\":\"https:\\\/\\\/fr.motocrossmag.be\\\/index.php\\\/2019\\\/02\\\/antoine-meo-de-retour-en-endurogp\\\/\",\"url\":\"https:\\\/\\\/fr.motocrossmag.be\\\/index.php\\\/2019\\\/02\\\/antoine-meo-de-retour-en-endurogp\\\/\",\"name\":\"Antoine M\u00e9o de retour en EnduroGP ! - Motocross - Enduro - Supermoto | MotocrossMag\",\"isPartOf\":{\"@id\":\"https:\\\/\\\/fr.motocrossmag.be\\\/#website\"},\"primaryImageOfPage\":{\"@id\":\"https:\\\/\\\/fr.motocrossmag.be\\\/index.php\\\/2019\\\/02\\\/antoine-meo-de-retour-en-endurogp\\\/#primaryimage\"},\"image\":{\"@id\":\"https:\\\/\\\/fr.motocrossmag.be\\\/index.php\\\/2019\\\/02\\\/antoine-meo-de-retour-en-endurogp\\\/#primaryimage\"},\"thumbnailUrl\":\"https:\\\/\\\/fr.motocrossmag.be\\\/wp-content\\\/uploads\\\/2019\\\/02\\\/meo-2.jpg\",\"datePublished\":\"2019-02-19T13:34:13+00:00\",\"author\":{\"@id\":\"https:\\\/\\\/fr.motocrossmag.be\\\/#\\\/schema\\\/person\\\/11b47143d9f755babca2c9110e03235c\"},\"breadcrumb\":{\"@id\":\"https:\\\/\\\/fr.motocrossmag.be\\\/index.php\\\/2019\\\/02\\\/antoine-meo-de-retour-en-endurogp\\\/#breadcrumb\"},\"inLanguage\":\"fr-FR\",\"potentialAction\":[{\"@type\":\"ReadAction\",\"target\":[\"https:\\\/\\\/fr.motocrossmag.be\\\/index.php\\\/2019\\\/02\\\/antoine-meo-de-retour-en-endurogp\\\/\"]}]},{\"@type\":\"ImageObject\",\"inLanguage\":\"fr-FR\",\"@id\":\"https:\\\/\\\/fr.motocrossmag.be\\\/index.php\\\/2019\\\/02\\\/antoine-meo-de-retour-en-endurogp\\\/#primaryimage\",\"url\":\"https:\\\/\\\/fr.motocrossmag.be\\\/wp-content\\\/uploads\\\/2019\\\/02\\\/meo-2.jpg\",\"contentUrl\":\"https:\\\/\\\/fr.motocrossmag.be\\\/wp-content\\\/uploads\\\/2019\\\/02\\\/meo-2.jpg\",\"width\":600,\"height\":400},{\"@type\":\"BreadcrumbList\",\"@id\":\"https:\\\/\\\/fr.motocrossmag.be\\\/index.php\\\/2019\\\/02\\\/antoine-meo-de-retour-en-endurogp\\\/#breadcrumb\",\"itemListElement\":[{\"@type\":\"ListItem\",\"position\":1,\"name\":\"Accueil\",\"item\":\"https:\\\/\\\/fr.motocrossmag.be\\\/\"},{\"@type\":\"ListItem\",\"position\":2,\"name\":\"Antoine M\u00e9o de retour en EnduroGP !\"}]},{\"@type\":\"WebSite\",\"@id\":\"https:\\\/\\\/fr.motocrossmag.be\\\/#website\",\"url\":\"https:\\\/\\\/fr.motocrossmag.be\\\/\",\"name\":\"Motocross - Enduro - Supermoto | MotocrossMag\",\"description\":\"L&#039;actualit\u00e9 du motocross, de l&#039;enduro et du Supermoto en ligne!\",\"potentialAction\":[{\"@type\":\"SearchAction\",\"target\":{\"@type\":\"EntryPoint\",\"urlTemplate\":\"https:\\\/\\\/fr.motocrossmag.be\\\/?s={search_term_string}\"},\"query-input\":{\"@type\":\"PropertyValueSpecification\",\"valueRequired\":true,\"valueName\":\"search_term_string\"}}],\"inLanguage\":\"fr-FR\"},{\"@type\":\"Person\",\"@id\":\"https:\\\/\\\/fr.motocrossmag.be\\\/#\\\/schema\\\/person\\\/11b47143d9f755babca2c9110e03235c\",\"name\":\"oliviere\",\"image\":{\"@type\":\"ImageObject\",\"inLanguage\":\"fr-FR\",\"@id\":\"https:\\\/\\\/secure.gravatar.com\\\/avatar\\\/907069e0b81d119452040469e4a7501da1100f54f7f80180ce77bfab718288f6?s=96&d=mm&r=g\",\"url\":\"https:\\\/\\\/secure.gravatar.com\\\/avatar\\\/907069e0b81d119452040469e4a7501da1100f54f7f80180ce77bfab718288f6?s=96&d=mm&r=g\",\"contentUrl\":\"https:\\\/\\\/secure.gravatar.com\\\/avatar\\\/907069e0b81d119452040469e4a7501da1100f54f7f80180ce77bfab718288f6?s=96&d=mm&r=g\",\"caption\":\"oliviere\"},\"sameAs\":[\"http:\\\/\\\/www.motocrossmag.be\"],\"url\":\"https:\\\/\\\/fr.motocrossmag.be\\\/index.php\\\/author\\\/oliviere\\\/\"}]}<\/script>\n<!-- \/ Yoast SEO plugin. -->","yoast_head_json":{"title":"Antoine M\u00e9o de retour en EnduroGP ! - Motocross - Enduro - Supermoto | MotocrossMag","robots":{"index":"index","follow":"follow","max-snippet":"max-snippet:-1","max-image-preview":"max-image-preview:large","max-video-preview":"max-video-preview:-1"},"canonical":"https:\/\/fr.motocrossmag.be\/index.php\/2019\/02\/antoine-meo-de-retour-en-endurogp\/","og_locale":"fr_FR","og_type":"article","og_title":"Antoine M\u00e9o de retour en EnduroGP ! - Motocross - Enduro - Supermoto | MotocrossMag","og_description":"D\u00e9cidemment, Honda RedMoto aura anim\u00e9 le march\u00e9 des transferts cette ann\u00e9e ! Apr\u00e8s s\u2019\u00eatre offert une belle armada avec son team Factory et par l\u2019interm\u00e9diaire des teams Lunigiana et Sembenini, [...]","og_url":"https:\/\/fr.motocrossmag.be\/index.php\/2019\/02\/antoine-meo-de-retour-en-endurogp\/","og_site_name":"Motocross - Enduro - Supermoto | MotocrossMag","article_published_time":"2019-02-19T13:34:13+00:00","og_image":[{"width":600,"height":400,"url":"https:\/\/fr.motocrossmag.be\/wp-content\/uploads\/2019\/02\/meo-2.jpg","type":"image\/jpeg"}],"author":"oliviere","twitter_card":"summary_large_image","twitter_misc":{"\u00c9crit par":"oliviere","Dur\u00e9e de lecture estim\u00e9e":"2 minutes"},"schema":{"@context":"https:\/\/schema.org","@graph":[{"@type":"Article","@id":"https:\/\/fr.motocrossmag.be\/index.php\/2019\/02\/antoine-meo-de-retour-en-endurogp\/#article","isPartOf":{"@id":"https:\/\/fr.motocrossmag.be\/index.php\/2019\/02\/antoine-meo-de-retour-en-endurogp\/"},"author":{"name":"oliviere","@id":"https:\/\/fr.motocrossmag.be\/#\/schema\/person\/11b47143d9f755babca2c9110e03235c"},"headline":"Antoine M\u00e9o de retour en EnduroGP !","datePublished":"2019-02-19T13:34:13+00:00","mainEntityOfPage":{"@id":"https:\/\/fr.motocrossmag.be\/index.php\/2019\/02\/antoine-meo-de-retour-en-endurogp\/"},"wordCount":376,"commentCount":0,"image":{"@id":"https:\/\/fr.motocrossmag.be\/index.php\/2019\/02\/antoine-meo-de-retour-en-endurogp\/#primaryimage"},"thumbnailUrl":"https:\/\/fr.motocrossmag.be\/wp-content\/uploads\/2019\/02\/meo-2.jpg","articleSection":["Actualit\u00e9","Enduro","EnduroGP","News","News","Slideshow"],"inLanguage":"fr-FR","potentialAction":[{"@type":"CommentAction","name":"Comment","target":["https:\/\/fr.motocrossmag.be\/index.php\/2019\/02\/antoine-meo-de-retour-en-endurogp\/#respond"]}]},{"@type":"WebPage","@id":"https:\/\/fr.motocrossmag.be\/index.php\/2019\/02\/antoine-meo-de-retour-en-endurogp\/","url":"https:\/\/fr.motocrossmag.be\/index.php\/2019\/02\/antoine-meo-de-retour-en-endurogp\/","name":"Antoine M\u00e9o de retour en EnduroGP ! - Motocross - Enduro - Supermoto | MotocrossMag","isPartOf":{"@id":"https:\/\/fr.motocrossmag.be\/#website"},"primaryImageOfPage":{"@id":"https:\/\/fr.motocrossmag.be\/index.php\/2019\/02\/antoine-meo-de-retour-en-endurogp\/#primaryimage"},"image":{"@id":"https:\/\/fr.motocrossmag.be\/index.php\/2019\/02\/antoine-meo-de-retour-en-endurogp\/#primaryimage"},"thumbnailUrl":"https:\/\/fr.motocrossmag.be\/wp-content\/uploads\/2019\/02\/meo-2.jpg","datePublished":"2019-02-19T13:34:13+00:00","author":{"@id":"https:\/\/fr.motocrossmag.be\/#\/schema\/person\/11b47143d9f755babca2c9110e03235c"},"breadcrumb":{"@id":"https:\/\/fr.motocrossmag.be\/index.php\/2019\/02\/antoine-meo-de-retour-en-endurogp\/#breadcrumb"},"inLanguage":"fr-FR","potentialAction":[{"@type":"ReadAction","target":["https:\/\/fr.motocrossmag.be\/index.php\/2019\/02\/antoine-meo-de-retour-en-endurogp\/"]}]},{"@type":"ImageObject","inLanguage":"fr-FR","@id":"https:\/\/fr.motocrossmag.be\/index.php\/2019\/02\/antoine-meo-de-retour-en-endurogp\/#primaryimage","url":"https:\/\/fr.motocrossmag.be\/wp-content\/uploads\/2019\/02\/meo-2.jpg","contentUrl":"https:\/\/fr.motocrossmag.be\/wp-content\/uploads\/2019\/02\/meo-2.jpg","width":600,"height":400},{"@type":"BreadcrumbList","@id":"https:\/\/fr.motocrossmag.be\/index.php\/2019\/02\/antoine-meo-de-retour-en-endurogp\/#breadcrumb","itemListElement":[{"@type":"ListItem","position":1,"name":"Accueil","item":"https:\/\/fr.motocrossmag.be\/"},{"@type":"ListItem","position":2,"name":"Antoine M\u00e9o de retour en EnduroGP !"}]},{"@type":"WebSite","@id":"https:\/\/fr.motocrossmag.be\/#website","url":"https:\/\/fr.motocrossmag.be\/","name":"Motocross - Enduro - Supermoto | MotocrossMag","description":"L&#039;actualit\u00e9 du motocross, de l&#039;enduro et du Supermoto en ligne!","potentialAction":[{"@type":"SearchAction","target":{"@type":"EntryPoint","urlTemplate":"https:\/\/fr.motocrossmag.be\/?s={search_term_string}"},"query-input":{"@type":"PropertyValueSpecification","valueRequired":true,"valueName":"search_term_string"}}],"inLanguage":"fr-FR"},{"@type":"Person","@id":"https:\/\/fr.motocrossmag.be\/#\/schema\/person\/11b47143d9f755babca2c9110e03235c","name":"oliviere","image":{"@type":"ImageObject","inLanguage":"fr-FR","@id":"https:\/\/secure.gravatar.com\/avatar\/907069e0b81d119452040469e4a7501da1100f54f7f80180ce77bfab718288f6?s=96&d=mm&r=g","url":"https:\/\/secure.gravatar.com\/avatar\/907069e0b81d119452040469e4a7501da1100f54f7f80180ce77bfab718288f6?s=96&d=mm&r=g","contentUrl":"https:\/\/secure.gravatar.com\/avatar\/907069e0b81d119452040469e4a7501da1100f54f7f80180ce77bfab718288f6?s=96&d=mm&r=g","caption":"oliviere"},"sameAs":["http:\/\/www.motocrossmag.be"],"url":"https:\/\/fr.motocrossmag.be\/index.php\/author\/oliviere\/"}]}},"_links":{"self":[{"href":"https:\/\/fr.motocrossmag.be\/index.php\/wp-json\/wp\/v2\/posts\/84248","targetHints":{"allow":["GET"]}}],"collection":[{"href":"https:\/\/fr.motocrossmag.be\/index.php\/wp-json\/wp\/v2\/posts"}],"about":[{"href":"https:\/\/fr.motocrossmag.be\/index.php\/wp-json\/wp\/v2\/types\/post"}],"author":[{"embeddable":true,"href":"https:\/\/fr.motocrossmag.be\/index.php\/wp-json\/wp\/v2\/users\/932"}],"replies":[{"embeddable":true,"href":"https:\/\/fr.motocrossmag.be\/index.php\/wp-json\/wp\/v2\/comments?post=84248"}],"version-history":[{"count":0,"href":"https:\/\/fr.motocrossmag.be\/index.php\/wp-json\/wp\/v2\/posts\/84248\/revisions"}],"wp:featuredmedia":[{"embeddable":true,"href":"https:\/\/fr.motocrossmag.be\/index.php\/wp-json\/wp\/v2\/media\/84250"}],"wp:attachment":[{"href":"https:\/\/fr.motocrossmag.be\/index.php\/wp-json\/wp\/v2\/media?parent=84248"}],"wp:term":[{"taxonomy":"category","embeddable":true,"href":"https:\/\/fr.motocrossmag.be\/index.php\/wp-json\/wp\/v2\/categories?post=84248"},{"taxonomy":"post_tag","embeddable":true,"href":"https:\/\/fr.motocrossmag.be\/index.php\/wp-json\/wp\/v2\/tags?post=84248"}],"curies":[{"name":"wp","href":"https:\/\/api.w.org\/{rel}","templated":true}]}}