{"id":84647,"date":"2019-02-28T23:13:17","date_gmt":"2019-02-28T22:13:17","guid":{"rendered":"https:\/\/fr.motocrossmag.be\/?p=84647"},"modified":"2019-02-28T23:13:17","modified_gmt":"2019-02-28T22:13:17","slug":"andrew-et-amaury-leloup-ambitieux-pour-la-saison-2019","status":"publish","type":"post","link":"https:\/\/fr.motocrossmag.be\/index.php\/2019\/02\/andrew-et-amaury-leloup-ambitieux-pour-la-saison-2019\/","title":{"rendered":"Andrew et Amaury Leloup ambitieux pour la saison 2019"},"content":{"rendered":"<p><strong>Andrew et Amaury Leloup rouleront cette ann\u00e9e sous les couleurs Husqvarna Sluse Motos. Sur des machines pr\u00e9par\u00e9es dans les ateliers de Bernard Sluse, les deux fr\u00e8res s&rsquo;attaqueront aux championnats d&rsquo;enduro et de Supermoto avec l&rsquo;ambition d&rsquo;y jouer les premiers r\u00f4les. Ils pourront en vue d&rsquo;atteindre leurs objectifs compter sur les conseils avis\u00e9s de leur p\u00e8re Dany.<\/strong><\/p>\n<p>En Supermoto, Amaury se pose clairement en candidat au titre dans la cat\u00e9gorie Euronationaux. Au guidon d&rsquo;une 450FS Husqvarna qui fait r\u00e9f\u00e9rence dans la discipline, le Li\u00e9geois esp\u00e8re continuer sur la lanc\u00e9e des excellents r\u00e9sultats sign\u00e9s \u00e0 la fin de la saison pass\u00e9e et profiter du travail hivernal qui lui a permis de gagner encore en vitesse et en technique pour occuper les avant-postes. Le championnat s&rsquo;annonce disput\u00e9 mais Amaury a toutes les raisons d&rsquo;y croire. Premier rendez-vous de la saison belge de Supermoto : le 17 mars sur la piste de Mettet.<\/p>\n<p><img decoding=\"async\" class=\"lazyload alignnone size-medium wp-image-84659\" src=\"https:\/\/fr.motocrossmag.be\/wp-content\/uploads\/2019\/02\/leloup-amaury-e1551216420633-650x454.jpg\" data-orig-src=\"https:\/\/fr.motocrossmag.be\/wp-content\/uploads\/2019\/02\/leloup-amaury-e1551216420633-650x454.jpg\" alt=\"\" width=\"650\" height=\"454\" srcset=\"data:image\/svg+xml,%3Csvg%20xmlns%3D%27http%3A%2F%2Fwww.w3.org%2F2000%2Fsvg%27%20width%3D%27650%27%20height%3D%27454%27%20viewBox%3D%270%200%20650%20454%27%3E%3Crect%20width%3D%27650%27%20height%3D%27454%27%20fill-opacity%3D%220%22%2F%3E%3C%2Fsvg%3E\" data-srcset=\"https:\/\/fr.motocrossmag.be\/wp-content\/uploads\/2019\/02\/leloup-amaury-e1551216420633-650x454.jpg 650w, https:\/\/fr.motocrossmag.be\/wp-content\/uploads\/2019\/02\/leloup-amaury-e1551216420633-768x537.jpg 768w, https:\/\/fr.motocrossmag.be\/wp-content\/uploads\/2019\/02\/leloup-amaury-e1551216420633.jpg 900w\" data-sizes=\"auto\" data-orig-sizes=\"(max-width: 650px) 100vw, 650px\" \/><\/p>\n<p>&nbsp;<\/p>\n<p>Pour son fr\u00e8re Andrew, l\u2019ann\u00e9e 2018 fut particuli\u00e8rement compliqu\u00e9e. Non seulement parce qu&rsquo;il a d\u00e9but\u00e9 la saison sur une 250 2-temps qui ne lui convenait pas avant de revenir sur un 4-temps \u00e0 la mi-saison mais aussi \u00e0 cause de d\u00e9bo\u00eetements de l&rsquo;\u00e9paule \u00e0 r\u00e9p\u00e9tition qui l&rsquo;on contraint de mettre un terme pr\u00e9mature \u00e0 sa saison. Op\u00e9r\u00e9 une premi\u00e8re fois en octobre, il a d\u00fb \u00eatre r\u00e9op\u00e9r\u00e9 en janvier et ne pourra pas \u00eatre pr\u00e9sent sur le d\u00e9but de saison, la reprise n&rsquo;\u00e9tant pr\u00e9vue qu&rsquo;en avril. C&rsquo;est donc avec un esprit revanchard et la ferme intention de faire oublier au plus vite cette saison 2018 que le pilote Husqvarna Sluse Motos abordera la saison 2019.<\/p>\n<p><img decoding=\"async\" class=\"lazyload alignnone size-medium wp-image-84658\" src=\"https:\/\/fr.motocrossmag.be\/wp-content\/uploads\/2019\/02\/amaury-leloup-e1551216429611-650x471.jpg\" data-orig-src=\"https:\/\/fr.motocrossmag.be\/wp-content\/uploads\/2019\/02\/amaury-leloup-e1551216429611-650x471.jpg\" alt=\"\" width=\"650\" height=\"471\" srcset=\"data:image\/svg+xml,%3Csvg%20xmlns%3D%27http%3A%2F%2Fwww.w3.org%2F2000%2Fsvg%27%20width%3D%27650%27%20height%3D%27471%27%20viewBox%3D%270%200%20650%20471%27%3E%3Crect%20width%3D%27650%27%20height%3D%27471%27%20fill-opacity%3D%220%22%2F%3E%3C%2Fsvg%3E\" data-srcset=\"https:\/\/fr.motocrossmag.be\/wp-content\/uploads\/2019\/02\/amaury-leloup-e1551216429611-650x471.jpg 650w, https:\/\/fr.motocrossmag.be\/wp-content\/uploads\/2019\/02\/amaury-leloup-e1551216429611-768x556.jpg 768w, https:\/\/fr.motocrossmag.be\/wp-content\/uploads\/2019\/02\/amaury-leloup-e1551216429611.jpg 900w\" data-sizes=\"auto\" data-orig-sizes=\"(max-width: 650px) 100vw, 650px\" \/><\/p>\n<p>Leurs partenaires : Husqvarna SLUSE motos, IP STORE, SIDI\u00a0, SCOTT, ASI HERBALIFE, ALPHA MOTO, KITCROSS, FUNNELWEB FILTER, THYS KARCHER, CEDEK MEDICAL, ORTHO PRODUCTION, AXP, MAMMOTH drink, MX 474, Denicol, Caf\u00e9 Li\u00e9geois, Choups Events et Starmeal.<\/p>\n<p>&nbsp;<\/p>\n","protected":false},"excerpt":{"rendered":"<p>Andrew et Amaury Leloup rouleront cette ann\u00e9e sous les couleurs Husqvarna Sluse Motos. Sur des machines pr\u00e9par\u00e9es dans les ateliers de Bernard Sluse, les deux fr\u00e8res s&rsquo;attaqueront aux championnats d&rsquo;enduro [&#8230;]<\/p>\n","protected":false},"author":932,"featured_media":84657,"comment_status":"open","ping_status":"closed","sticky":false,"template":"","format":"standard","meta":{"footnotes":""},"categories":[54,32,35,40,33,43,55,65,38],"tags":[],"class_list":["post-84647","post","type-post","status-publish","format-standard","has-post-thumbnail","hentry","category-actualite","category-enduro","category-fmb-enduro","category-fmb-supermoto","category-news-enduro","category-news-supermoto","category-news-actualite","category-slideshow","category-supermoto"],"yoast_head":"<!-- This site is optimized with the Yoast SEO plugin v27.4 - https:\/\/yoast.com\/product\/yoast-seo-wordpress\/ -->\n<title>Andrew et Amaury Leloup ambitieux pour la saison 2019 - Motocross - Enduro - Supermoto | MotocrossMag<\/title>\n<meta name=\"robots\" content=\"index, follow, max-snippet:-1, max-image-preview:large, max-video-preview:-1\" \/>\n<link rel=\"canonical\" href=\"https:\/\/fr.motocrossmag.be\/index.php\/2019\/02\/andrew-et-amaury-leloup-ambitieux-pour-la-saison-2019\/\" \/>\n<meta property=\"og:locale\" content=\"fr_FR\" \/>\n<meta property=\"og:type\" content=\"article\" \/>\n<meta property=\"og:title\" content=\"Andrew et Amaury Leloup ambitieux pour la saison 2019 - Motocross - Enduro - Supermoto | MotocrossMag\" \/>\n<meta property=\"og:description\" content=\"Andrew et Amaury Leloup rouleront cette ann\u00e9e sous les couleurs Husqvarna Sluse Motos. Sur des machines pr\u00e9par\u00e9es dans les ateliers de Bernard Sluse, les deux fr\u00e8res s&rsquo;attaqueront aux championnats d&rsquo;enduro [...]\" \/>\n<meta property=\"og:url\" content=\"https:\/\/fr.motocrossmag.be\/index.php\/2019\/02\/andrew-et-amaury-leloup-ambitieux-pour-la-saison-2019\/\" \/>\n<meta property=\"og:site_name\" content=\"Motocross - Enduro - Supermoto | MotocrossMag\" \/>\n<meta property=\"article:published_time\" content=\"2019-02-28T22:13:17+00:00\" \/>\n<meta property=\"og:image\" content=\"https:\/\/fr.motocrossmag.be\/wp-content\/uploads\/2019\/02\/team-leloup-sluse.jpg\" \/>\n\t<meta property=\"og:image:width\" content=\"1199\" \/>\n\t<meta property=\"og:image:height\" content=\"853\" \/>\n\t<meta property=\"og:image:type\" content=\"image\/jpeg\" \/>\n<meta name=\"author\" content=\"oliviere\" \/>\n<meta name=\"twitter:card\" content=\"summary_large_image\" \/>\n<meta name=\"twitter:label1\" content=\"\u00c9crit par\" \/>\n\t<meta name=\"twitter:data1\" content=\"oliviere\" \/>\n\t<meta name=\"twitter:label2\" content=\"Dur\u00e9e de lecture estim\u00e9e\" \/>\n\t<meta name=\"twitter:data2\" content=\"2 minutes\" \/>\n<script type=\"application\/ld+json\" class=\"yoast-schema-graph\">{\"@context\":\"https:\\\/\\\/schema.org\",\"@graph\":[{\"@type\":\"Article\",\"@id\":\"https:\\\/\\\/fr.motocrossmag.be\\\/index.php\\\/2019\\\/02\\\/andrew-et-amaury-leloup-ambitieux-pour-la-saison-2019\\\/#article\",\"isPartOf\":{\"@id\":\"https:\\\/\\\/fr.motocrossmag.be\\\/index.php\\\/2019\\\/02\\\/andrew-et-amaury-leloup-ambitieux-pour-la-saison-2019\\\/\"},\"author\":{\"name\":\"oliviere\",\"@id\":\"https:\\\/\\\/fr.motocrossmag.be\\\/#\\\/schema\\\/person\\\/11b47143d9f755babca2c9110e03235c\"},\"headline\":\"Andrew et Amaury Leloup ambitieux pour la saison 2019\",\"datePublished\":\"2019-02-28T22:13:17+00:00\",\"mainEntityOfPage\":{\"@id\":\"https:\\\/\\\/fr.motocrossmag.be\\\/index.php\\\/2019\\\/02\\\/andrew-et-amaury-leloup-ambitieux-pour-la-saison-2019\\\/\"},\"wordCount\":345,\"commentCount\":0,\"image\":{\"@id\":\"https:\\\/\\\/fr.motocrossmag.be\\\/index.php\\\/2019\\\/02\\\/andrew-et-amaury-leloup-ambitieux-pour-la-saison-2019\\\/#primaryimage\"},\"thumbnailUrl\":\"https:\\\/\\\/fr.motocrossmag.be\\\/wp-content\\\/uploads\\\/2019\\\/02\\\/team-leloup-sluse.jpg\",\"articleSection\":[\"Actualit\u00e9\",\"Enduro\",\"FMB\",\"FMB\",\"News\",\"News\",\"News\",\"Slideshow\",\"Supermoto\"],\"inLanguage\":\"fr-FR\",\"potentialAction\":[{\"@type\":\"CommentAction\",\"name\":\"Comment\",\"target\":[\"https:\\\/\\\/fr.motocrossmag.be\\\/index.php\\\/2019\\\/02\\\/andrew-et-amaury-leloup-ambitieux-pour-la-saison-2019\\\/#respond\"]}]},{\"@type\":\"WebPage\",\"@id\":\"https:\\\/\\\/fr.motocrossmag.be\\\/index.php\\\/2019\\\/02\\\/andrew-et-amaury-leloup-ambitieux-pour-la-saison-2019\\\/\",\"url\":\"https:\\\/\\\/fr.motocrossmag.be\\\/index.php\\\/2019\\\/02\\\/andrew-et-amaury-leloup-ambitieux-pour-la-saison-2019\\\/\",\"name\":\"Andrew et Amaury Leloup ambitieux pour la saison 2019 - Motocross - Enduro - Supermoto | MotocrossMag\",\"isPartOf\":{\"@id\":\"https:\\\/\\\/fr.motocrossmag.be\\\/#website\"},\"primaryImageOfPage\":{\"@id\":\"https:\\\/\\\/fr.motocrossmag.be\\\/index.php\\\/2019\\\/02\\\/andrew-et-amaury-leloup-ambitieux-pour-la-saison-2019\\\/#primaryimage\"},\"image\":{\"@id\":\"https:\\\/\\\/fr.motocrossmag.be\\\/index.php\\\/2019\\\/02\\\/andrew-et-amaury-leloup-ambitieux-pour-la-saison-2019\\\/#primaryimage\"},\"thumbnailUrl\":\"https:\\\/\\\/fr.motocrossmag.be\\\/wp-content\\\/uploads\\\/2019\\\/02\\\/team-leloup-sluse.jpg\",\"datePublished\":\"2019-02-28T22:13:17+00:00\",\"author\":{\"@id\":\"https:\\\/\\\/fr.motocrossmag.be\\\/#\\\/schema\\\/person\\\/11b47143d9f755babca2c9110e03235c\"},\"breadcrumb\":{\"@id\":\"https:\\\/\\\/fr.motocrossmag.be\\\/index.php\\\/2019\\\/02\\\/andrew-et-amaury-leloup-ambitieux-pour-la-saison-2019\\\/#breadcrumb\"},\"inLanguage\":\"fr-FR\",\"potentialAction\":[{\"@type\":\"ReadAction\",\"target\":[\"https:\\\/\\\/fr.motocrossmag.be\\\/index.php\\\/2019\\\/02\\\/andrew-et-amaury-leloup-ambitieux-pour-la-saison-2019\\\/\"]}]},{\"@type\":\"ImageObject\",\"inLanguage\":\"fr-FR\",\"@id\":\"https:\\\/\\\/fr.motocrossmag.be\\\/index.php\\\/2019\\\/02\\\/andrew-et-amaury-leloup-ambitieux-pour-la-saison-2019\\\/#primaryimage\",\"url\":\"https:\\\/\\\/fr.motocrossmag.be\\\/wp-content\\\/uploads\\\/2019\\\/02\\\/team-leloup-sluse.jpg\",\"contentUrl\":\"https:\\\/\\\/fr.motocrossmag.be\\\/wp-content\\\/uploads\\\/2019\\\/02\\\/team-leloup-sluse.jpg\",\"width\":1199,\"height\":853},{\"@type\":\"BreadcrumbList\",\"@id\":\"https:\\\/\\\/fr.motocrossmag.be\\\/index.php\\\/2019\\\/02\\\/andrew-et-amaury-leloup-ambitieux-pour-la-saison-2019\\\/#breadcrumb\",\"itemListElement\":[{\"@type\":\"ListItem\",\"position\":1,\"name\":\"Accueil\",\"item\":\"https:\\\/\\\/fr.motocrossmag.be\\\/\"},{\"@type\":\"ListItem\",\"position\":2,\"name\":\"Andrew et Amaury Leloup ambitieux pour la saison 2019\"}]},{\"@type\":\"WebSite\",\"@id\":\"https:\\\/\\\/fr.motocrossmag.be\\\/#website\",\"url\":\"https:\\\/\\\/fr.motocrossmag.be\\\/\",\"name\":\"Motocross - Enduro - Supermoto | MotocrossMag\",\"description\":\"L&#039;actualit\u00e9 du motocross, de l&#039;enduro et du Supermoto en ligne!\",\"potentialAction\":[{\"@type\":\"SearchAction\",\"target\":{\"@type\":\"EntryPoint\",\"urlTemplate\":\"https:\\\/\\\/fr.motocrossmag.be\\\/?s={search_term_string}\"},\"query-input\":{\"@type\":\"PropertyValueSpecification\",\"valueRequired\":true,\"valueName\":\"search_term_string\"}}],\"inLanguage\":\"fr-FR\"},{\"@type\":\"Person\",\"@id\":\"https:\\\/\\\/fr.motocrossmag.be\\\/#\\\/schema\\\/person\\\/11b47143d9f755babca2c9110e03235c\",\"name\":\"oliviere\",\"image\":{\"@type\":\"ImageObject\",\"inLanguage\":\"fr-FR\",\"@id\":\"https:\\\/\\\/secure.gravatar.com\\\/avatar\\\/907069e0b81d119452040469e4a7501da1100f54f7f80180ce77bfab718288f6?s=96&d=mm&r=g\",\"url\":\"https:\\\/\\\/secure.gravatar.com\\\/avatar\\\/907069e0b81d119452040469e4a7501da1100f54f7f80180ce77bfab718288f6?s=96&d=mm&r=g\",\"contentUrl\":\"https:\\\/\\\/secure.gravatar.com\\\/avatar\\\/907069e0b81d119452040469e4a7501da1100f54f7f80180ce77bfab718288f6?s=96&d=mm&r=g\",\"caption\":\"oliviere\"},\"sameAs\":[\"http:\\\/\\\/www.motocrossmag.be\"],\"url\":\"https:\\\/\\\/fr.motocrossmag.be\\\/index.php\\\/author\\\/oliviere\\\/\"}]}<\/script>\n<!-- \/ Yoast SEO plugin. -->","yoast_head_json":{"title":"Andrew et Amaury Leloup ambitieux pour la saison 2019 - Motocross - Enduro - Supermoto | MotocrossMag","robots":{"index":"index","follow":"follow","max-snippet":"max-snippet:-1","max-image-preview":"max-image-preview:large","max-video-preview":"max-video-preview:-1"},"canonical":"https:\/\/fr.motocrossmag.be\/index.php\/2019\/02\/andrew-et-amaury-leloup-ambitieux-pour-la-saison-2019\/","og_locale":"fr_FR","og_type":"article","og_title":"Andrew et Amaury Leloup ambitieux pour la saison 2019 - Motocross - Enduro - Supermoto | MotocrossMag","og_description":"Andrew et Amaury Leloup rouleront cette ann\u00e9e sous les couleurs Husqvarna Sluse Motos. Sur des machines pr\u00e9par\u00e9es dans les ateliers de Bernard Sluse, les deux fr\u00e8res s&rsquo;attaqueront aux championnats d&rsquo;enduro [...]","og_url":"https:\/\/fr.motocrossmag.be\/index.php\/2019\/02\/andrew-et-amaury-leloup-ambitieux-pour-la-saison-2019\/","og_site_name":"Motocross - Enduro - Supermoto | MotocrossMag","article_published_time":"2019-02-28T22:13:17+00:00","og_image":[{"width":1199,"height":853,"url":"https:\/\/fr.motocrossmag.be\/wp-content\/uploads\/2019\/02\/team-leloup-sluse.jpg","type":"image\/jpeg"}],"author":"oliviere","twitter_card":"summary_large_image","twitter_misc":{"\u00c9crit par":"oliviere","Dur\u00e9e de lecture estim\u00e9e":"2 minutes"},"schema":{"@context":"https:\/\/schema.org","@graph":[{"@type":"Article","@id":"https:\/\/fr.motocrossmag.be\/index.php\/2019\/02\/andrew-et-amaury-leloup-ambitieux-pour-la-saison-2019\/#article","isPartOf":{"@id":"https:\/\/fr.motocrossmag.be\/index.php\/2019\/02\/andrew-et-amaury-leloup-ambitieux-pour-la-saison-2019\/"},"author":{"name":"oliviere","@id":"https:\/\/fr.motocrossmag.be\/#\/schema\/person\/11b47143d9f755babca2c9110e03235c"},"headline":"Andrew et Amaury Leloup ambitieux pour la saison 2019","datePublished":"2019-02-28T22:13:17+00:00","mainEntityOfPage":{"@id":"https:\/\/fr.motocrossmag.be\/index.php\/2019\/02\/andrew-et-amaury-leloup-ambitieux-pour-la-saison-2019\/"},"wordCount":345,"commentCount":0,"image":{"@id":"https:\/\/fr.motocrossmag.be\/index.php\/2019\/02\/andrew-et-amaury-leloup-ambitieux-pour-la-saison-2019\/#primaryimage"},"thumbnailUrl":"https:\/\/fr.motocrossmag.be\/wp-content\/uploads\/2019\/02\/team-leloup-sluse.jpg","articleSection":["Actualit\u00e9","Enduro","FMB","FMB","News","News","News","Slideshow","Supermoto"],"inLanguage":"fr-FR","potentialAction":[{"@type":"CommentAction","name":"Comment","target":["https:\/\/fr.motocrossmag.be\/index.php\/2019\/02\/andrew-et-amaury-leloup-ambitieux-pour-la-saison-2019\/#respond"]}]},{"@type":"WebPage","@id":"https:\/\/fr.motocrossmag.be\/index.php\/2019\/02\/andrew-et-amaury-leloup-ambitieux-pour-la-saison-2019\/","url":"https:\/\/fr.motocrossmag.be\/index.php\/2019\/02\/andrew-et-amaury-leloup-ambitieux-pour-la-saison-2019\/","name":"Andrew et Amaury Leloup ambitieux pour la saison 2019 - Motocross - Enduro - Supermoto | MotocrossMag","isPartOf":{"@id":"https:\/\/fr.motocrossmag.be\/#website"},"primaryImageOfPage":{"@id":"https:\/\/fr.motocrossmag.be\/index.php\/2019\/02\/andrew-et-amaury-leloup-ambitieux-pour-la-saison-2019\/#primaryimage"},"image":{"@id":"https:\/\/fr.motocrossmag.be\/index.php\/2019\/02\/andrew-et-amaury-leloup-ambitieux-pour-la-saison-2019\/#primaryimage"},"thumbnailUrl":"https:\/\/fr.motocrossmag.be\/wp-content\/uploads\/2019\/02\/team-leloup-sluse.jpg","datePublished":"2019-02-28T22:13:17+00:00","author":{"@id":"https:\/\/fr.motocrossmag.be\/#\/schema\/person\/11b47143d9f755babca2c9110e03235c"},"breadcrumb":{"@id":"https:\/\/fr.motocrossmag.be\/index.php\/2019\/02\/andrew-et-amaury-leloup-ambitieux-pour-la-saison-2019\/#breadcrumb"},"inLanguage":"fr-FR","potentialAction":[{"@type":"ReadAction","target":["https:\/\/fr.motocrossmag.be\/index.php\/2019\/02\/andrew-et-amaury-leloup-ambitieux-pour-la-saison-2019\/"]}]},{"@type":"ImageObject","inLanguage":"fr-FR","@id":"https:\/\/fr.motocrossmag.be\/index.php\/2019\/02\/andrew-et-amaury-leloup-ambitieux-pour-la-saison-2019\/#primaryimage","url":"https:\/\/fr.motocrossmag.be\/wp-content\/uploads\/2019\/02\/team-leloup-sluse.jpg","contentUrl":"https:\/\/fr.motocrossmag.be\/wp-content\/uploads\/2019\/02\/team-leloup-sluse.jpg","width":1199,"height":853},{"@type":"BreadcrumbList","@id":"https:\/\/fr.motocrossmag.be\/index.php\/2019\/02\/andrew-et-amaury-leloup-ambitieux-pour-la-saison-2019\/#breadcrumb","itemListElement":[{"@type":"ListItem","position":1,"name":"Accueil","item":"https:\/\/fr.motocrossmag.be\/"},{"@type":"ListItem","position":2,"name":"Andrew et Amaury Leloup ambitieux pour la saison 2019"}]},{"@type":"WebSite","@id":"https:\/\/fr.motocrossmag.be\/#website","url":"https:\/\/fr.motocrossmag.be\/","name":"Motocross - Enduro - Supermoto | MotocrossMag","description":"L&#039;actualit\u00e9 du motocross, de l&#039;enduro et du Supermoto en ligne!","potentialAction":[{"@type":"SearchAction","target":{"@type":"EntryPoint","urlTemplate":"https:\/\/fr.motocrossmag.be\/?s={search_term_string}"},"query-input":{"@type":"PropertyValueSpecification","valueRequired":true,"valueName":"search_term_string"}}],"inLanguage":"fr-FR"},{"@type":"Person","@id":"https:\/\/fr.motocrossmag.be\/#\/schema\/person\/11b47143d9f755babca2c9110e03235c","name":"oliviere","image":{"@type":"ImageObject","inLanguage":"fr-FR","@id":"https:\/\/secure.gravatar.com\/avatar\/907069e0b81d119452040469e4a7501da1100f54f7f80180ce77bfab718288f6?s=96&d=mm&r=g","url":"https:\/\/secure.gravatar.com\/avatar\/907069e0b81d119452040469e4a7501da1100f54f7f80180ce77bfab718288f6?s=96&d=mm&r=g","contentUrl":"https:\/\/secure.gravatar.com\/avatar\/907069e0b81d119452040469e4a7501da1100f54f7f80180ce77bfab718288f6?s=96&d=mm&r=g","caption":"oliviere"},"sameAs":["http:\/\/www.motocrossmag.be"],"url":"https:\/\/fr.motocrossmag.be\/index.php\/author\/oliviere\/"}]}},"_links":{"self":[{"href":"https:\/\/fr.motocrossmag.be\/index.php\/wp-json\/wp\/v2\/posts\/84647","targetHints":{"allow":["GET"]}}],"collection":[{"href":"https:\/\/fr.motocrossmag.be\/index.php\/wp-json\/wp\/v2\/posts"}],"about":[{"href":"https:\/\/fr.motocrossmag.be\/index.php\/wp-json\/wp\/v2\/types\/post"}],"author":[{"embeddable":true,"href":"https:\/\/fr.motocrossmag.be\/index.php\/wp-json\/wp\/v2\/users\/932"}],"replies":[{"embeddable":true,"href":"https:\/\/fr.motocrossmag.be\/index.php\/wp-json\/wp\/v2\/comments?post=84647"}],"version-history":[{"count":0,"href":"https:\/\/fr.motocrossmag.be\/index.php\/wp-json\/wp\/v2\/posts\/84647\/revisions"}],"wp:featuredmedia":[{"embeddable":true,"href":"https:\/\/fr.motocrossmag.be\/index.php\/wp-json\/wp\/v2\/media\/84657"}],"wp:attachment":[{"href":"https:\/\/fr.motocrossmag.be\/index.php\/wp-json\/wp\/v2\/media?parent=84647"}],"wp:term":[{"taxonomy":"category","embeddable":true,"href":"https:\/\/fr.motocrossmag.be\/index.php\/wp-json\/wp\/v2\/categories?post=84647"},{"taxonomy":"post_tag","embeddable":true,"href":"https:\/\/fr.motocrossmag.be\/index.php\/wp-json\/wp\/v2\/tags?post=84647"}],"curies":[{"name":"wp","href":"https:\/\/api.w.org\/{rel}","templated":true}]}}