{"id":84832,"date":"2019-03-08T16:51:50","date_gmt":"2019-03-08T15:51:50","guid":{"rendered":"https:\/\/fr.motocrossmag.be\/?p=84832"},"modified":"2019-03-08T16:51:50","modified_gmt":"2019-03-08T15:51:50","slug":"le-nouveau-challenge-de-mathias-bellino-avec-le-team-orc-honda","status":"publish","type":"post","link":"https:\/\/fr.motocrossmag.be\/index.php\/2019\/03\/le-nouveau-challenge-de-mathias-bellino-avec-le-team-orc-honda\/","title":{"rendered":"Le nouveau challenge de Mathias Bellino avec le team ORC Honda"},"content":{"rendered":"<p><strong>Le team ORC Honda manag\u00e9 par Mathias Bellino attend avec impatience le coup d&rsquo;envoi de la saison 2019 d&rsquo;enduro aura lieu lors du Grand Prix d&rsquo;Allemagne du 22 au 24 mars prochains. Une premi\u00e8re \u00e9preuve \u00e0 laquelle\u00a0Alexis Baud\u00a0(J2 &#8211; 300 RX) et\u00a0Antoine Criq\u00a0(J1 &#8211; 250 RX) participeront.\u00a0Outre le championnat du monde d&rsquo;enduro, les deux pilotes juniors s&rsquo;aligneront sur le championnat de France, dont l&rsquo;ouverture se tiendra \u00e0 Saint Palais \u00e0 la fin du mois. A cette occasion ils seront rejoints par\u00a0Yohan Lafont\u00a0 (E2 &#8211; 400 RX) dont l&rsquo;objectif sera d&rsquo;assurer un podium dans sa cat\u00e9gorie. Yohan participera aussi au Grand Prix de France en fin d&rsquo;ann\u00e9e.<\/strong><\/p>\n<p>Avec le soutien d&rsquo;Yves Rodes (Euroboost), de Honda et d&rsquo;autres partenaires qui permettent \u00e0 la structure d&rsquo;aborder ce programme dans les meilleures conditions possibles, l&rsquo;\u00e9quipe compte bien mettre \u00e0 profit l&rsquo;exp\u00e9rience de Mathias Bellino, manager du team, pour faire \u00e9voluer ses trois pilotes sur les saisons 2019 et 2020.<\/p>\n<p><strong>Mathias Bellino\u00a0:<\/strong> \u00ab\u00a0Apr\u00e8s mon accident j&rsquo;avais \u00e0 coeur de poursuivre ma carri\u00e8re dans un univers que je c\u00f4toie\u00a0depuis toujours. Lorsque Yves Rodes m&rsquo;a propos\u00e9 d&rsquo;assurer les fonctions de manager je n&rsquo;ai pas h\u00e9sit\u00e9 \u00e0 accepter et \u00e0 me lancer \u00e0 fond dans ce nouveau d\u00e9fi. Nous avons trois pilotes qui selon moi ont un vrai potentiel et je compte les faire \u00e9voluer au fil des courses. Nous aurons bien entendu l&rsquo;humilit\u00e9 de ne pas imaginer d\u00e9barquer en visant trop haut dans un championnat o\u00f9 la plupart des teams n&rsquo;ont plus grand chose \u00e0 prouver.\u00a0\u00bb<\/p>\n<p>\u00ab\u00a0Alexis et Antoine devront s&rsquo;habituer au rythme du mondial et s&rsquo;ils rentrent dans le Top 5 de leurs cat\u00e9gories ce sera une bonne performance\u00a0\u00bb, poursuit Bellino. \u00ab\u00a0Avec eux nous allons \u00e9norm\u00e9ment travailler pour que cette saison leur serve de point d&rsquo;appui pour envisager de scorer en haut de tableau l&rsquo;ann\u00e9e prochaine. En revanche, nous comptons d&rsquo;ores et d\u00e9j\u00e0 sur eux pour \u00eatre en bagarre pour le titre sur le championnat de France.\u00a0Yohan a aussi le potentiel pour aller chercher un podium final, sa fin de saison 2018 en atteste.\u00a0 Je tiens \u00e0 remercier tous les partenaires du team pour leur implication et leur aide. Au del\u00e0\u00a0du fonctionnement du team leur pr\u00e9sence est un vrai atout dans ce challenge que repr\u00e9sente ma nouvelle vie, et pour cela je leur en suis infiniment reconnaissant.\u00a0 Nous ferons le maximum pour porter haut leurs couleurs.\u00a0\u00bb<\/p>\n","protected":false},"excerpt":{"rendered":"<p>Le team ORC Honda manag\u00e9 par Mathias Bellino attend avec impatience le coup d&rsquo;envoi de la saison 2019 d&rsquo;enduro aura lieu lors du Grand Prix d&rsquo;Allemagne du 22 au 24 [&#8230;]<\/p>\n","protected":false},"author":932,"featured_media":84833,"comment_status":"open","ping_status":"closed","sticky":false,"template":"","format":"standard","meta":{"footnotes":""},"categories":[54,32,34,33,55,65],"tags":[],"class_list":["post-84832","post","type-post","status-publish","format-standard","has-post-thumbnail","hentry","category-actualite","category-enduro","category-endurogp","category-news-enduro","category-news-actualite","category-slideshow"],"yoast_head":"<!-- This site is optimized with the Yoast SEO plugin v27.4 - https:\/\/yoast.com\/product\/yoast-seo-wordpress\/ -->\n<title>Le nouveau challenge de Mathias Bellino avec le team ORC Honda - Motocross - Enduro - Supermoto | MotocrossMag<\/title>\n<meta name=\"robots\" content=\"index, follow, max-snippet:-1, max-image-preview:large, max-video-preview:-1\" \/>\n<link rel=\"canonical\" href=\"https:\/\/fr.motocrossmag.be\/index.php\/2019\/03\/le-nouveau-challenge-de-mathias-bellino-avec-le-team-orc-honda\/\" \/>\n<meta property=\"og:locale\" content=\"fr_FR\" \/>\n<meta property=\"og:type\" content=\"article\" \/>\n<meta property=\"og:title\" content=\"Le nouveau challenge de Mathias Bellino avec le team ORC Honda - Motocross - Enduro - Supermoto | MotocrossMag\" \/>\n<meta property=\"og:description\" content=\"Le team ORC Honda manag\u00e9 par Mathias Bellino attend avec impatience le coup d&rsquo;envoi de la saison 2019 d&rsquo;enduro aura lieu lors du Grand Prix d&rsquo;Allemagne du 22 au 24 [...]\" \/>\n<meta property=\"og:url\" content=\"https:\/\/fr.motocrossmag.be\/index.php\/2019\/03\/le-nouveau-challenge-de-mathias-bellino-avec-le-team-orc-honda\/\" \/>\n<meta property=\"og:site_name\" content=\"Motocross - Enduro - Supermoto | MotocrossMag\" \/>\n<meta property=\"article:published_time\" content=\"2019-03-08T15:51:50+00:00\" \/>\n<meta property=\"og:image\" content=\"https:\/\/fr.motocrossmag.be\/wp-content\/uploads\/2019\/03\/enduro.jpg\" \/>\n\t<meta property=\"og:image:width\" content=\"800\" \/>\n\t<meta property=\"og:image:height\" content=\"400\" \/>\n\t<meta property=\"og:image:type\" content=\"image\/jpeg\" \/>\n<meta name=\"author\" content=\"oliviere\" \/>\n<meta name=\"twitter:card\" content=\"summary_large_image\" \/>\n<meta name=\"twitter:label1\" content=\"\u00c9crit par\" \/>\n\t<meta name=\"twitter:data1\" content=\"oliviere\" \/>\n\t<meta name=\"twitter:label2\" content=\"Dur\u00e9e de lecture estim\u00e9e\" \/>\n\t<meta name=\"twitter:data2\" content=\"2 minutes\" \/>\n<script type=\"application\/ld+json\" class=\"yoast-schema-graph\">{\"@context\":\"https:\\\/\\\/schema.org\",\"@graph\":[{\"@type\":\"Article\",\"@id\":\"https:\\\/\\\/fr.motocrossmag.be\\\/index.php\\\/2019\\\/03\\\/le-nouveau-challenge-de-mathias-bellino-avec-le-team-orc-honda\\\/#article\",\"isPartOf\":{\"@id\":\"https:\\\/\\\/fr.motocrossmag.be\\\/index.php\\\/2019\\\/03\\\/le-nouveau-challenge-de-mathias-bellino-avec-le-team-orc-honda\\\/\"},\"author\":{\"name\":\"oliviere\",\"@id\":\"https:\\\/\\\/fr.motocrossmag.be\\\/#\\\/schema\\\/person\\\/11b47143d9f755babca2c9110e03235c\"},\"headline\":\"Le nouveau challenge de Mathias Bellino avec le team ORC Honda\",\"datePublished\":\"2019-03-08T15:51:50+00:00\",\"mainEntityOfPage\":{\"@id\":\"https:\\\/\\\/fr.motocrossmag.be\\\/index.php\\\/2019\\\/03\\\/le-nouveau-challenge-de-mathias-bellino-avec-le-team-orc-honda\\\/\"},\"wordCount\":430,\"commentCount\":0,\"image\":{\"@id\":\"https:\\\/\\\/fr.motocrossmag.be\\\/index.php\\\/2019\\\/03\\\/le-nouveau-challenge-de-mathias-bellino-avec-le-team-orc-honda\\\/#primaryimage\"},\"thumbnailUrl\":\"https:\\\/\\\/fr.motocrossmag.be\\\/wp-content\\\/uploads\\\/2019\\\/03\\\/enduro.jpg\",\"articleSection\":[\"Actualit\u00e9\",\"Enduro\",\"EnduroGP\",\"News\",\"News\",\"Slideshow\"],\"inLanguage\":\"fr-FR\",\"potentialAction\":[{\"@type\":\"CommentAction\",\"name\":\"Comment\",\"target\":[\"https:\\\/\\\/fr.motocrossmag.be\\\/index.php\\\/2019\\\/03\\\/le-nouveau-challenge-de-mathias-bellino-avec-le-team-orc-honda\\\/#respond\"]}]},{\"@type\":\"WebPage\",\"@id\":\"https:\\\/\\\/fr.motocrossmag.be\\\/index.php\\\/2019\\\/03\\\/le-nouveau-challenge-de-mathias-bellino-avec-le-team-orc-honda\\\/\",\"url\":\"https:\\\/\\\/fr.motocrossmag.be\\\/index.php\\\/2019\\\/03\\\/le-nouveau-challenge-de-mathias-bellino-avec-le-team-orc-honda\\\/\",\"name\":\"Le nouveau challenge de Mathias Bellino avec le team ORC Honda - Motocross - Enduro - Supermoto | MotocrossMag\",\"isPartOf\":{\"@id\":\"https:\\\/\\\/fr.motocrossmag.be\\\/#website\"},\"primaryImageOfPage\":{\"@id\":\"https:\\\/\\\/fr.motocrossmag.be\\\/index.php\\\/2019\\\/03\\\/le-nouveau-challenge-de-mathias-bellino-avec-le-team-orc-honda\\\/#primaryimage\"},\"image\":{\"@id\":\"https:\\\/\\\/fr.motocrossmag.be\\\/index.php\\\/2019\\\/03\\\/le-nouveau-challenge-de-mathias-bellino-avec-le-team-orc-honda\\\/#primaryimage\"},\"thumbnailUrl\":\"https:\\\/\\\/fr.motocrossmag.be\\\/wp-content\\\/uploads\\\/2019\\\/03\\\/enduro.jpg\",\"datePublished\":\"2019-03-08T15:51:50+00:00\",\"author\":{\"@id\":\"https:\\\/\\\/fr.motocrossmag.be\\\/#\\\/schema\\\/person\\\/11b47143d9f755babca2c9110e03235c\"},\"breadcrumb\":{\"@id\":\"https:\\\/\\\/fr.motocrossmag.be\\\/index.php\\\/2019\\\/03\\\/le-nouveau-challenge-de-mathias-bellino-avec-le-team-orc-honda\\\/#breadcrumb\"},\"inLanguage\":\"fr-FR\",\"potentialAction\":[{\"@type\":\"ReadAction\",\"target\":[\"https:\\\/\\\/fr.motocrossmag.be\\\/index.php\\\/2019\\\/03\\\/le-nouveau-challenge-de-mathias-bellino-avec-le-team-orc-honda\\\/\"]}]},{\"@type\":\"ImageObject\",\"inLanguage\":\"fr-FR\",\"@id\":\"https:\\\/\\\/fr.motocrossmag.be\\\/index.php\\\/2019\\\/03\\\/le-nouveau-challenge-de-mathias-bellino-avec-le-team-orc-honda\\\/#primaryimage\",\"url\":\"https:\\\/\\\/fr.motocrossmag.be\\\/wp-content\\\/uploads\\\/2019\\\/03\\\/enduro.jpg\",\"contentUrl\":\"https:\\\/\\\/fr.motocrossmag.be\\\/wp-content\\\/uploads\\\/2019\\\/03\\\/enduro.jpg\",\"width\":800,\"height\":400},{\"@type\":\"BreadcrumbList\",\"@id\":\"https:\\\/\\\/fr.motocrossmag.be\\\/index.php\\\/2019\\\/03\\\/le-nouveau-challenge-de-mathias-bellino-avec-le-team-orc-honda\\\/#breadcrumb\",\"itemListElement\":[{\"@type\":\"ListItem\",\"position\":1,\"name\":\"Accueil\",\"item\":\"https:\\\/\\\/fr.motocrossmag.be\\\/\"},{\"@type\":\"ListItem\",\"position\":2,\"name\":\"Le nouveau challenge de Mathias Bellino avec le team ORC Honda\"}]},{\"@type\":\"WebSite\",\"@id\":\"https:\\\/\\\/fr.motocrossmag.be\\\/#website\",\"url\":\"https:\\\/\\\/fr.motocrossmag.be\\\/\",\"name\":\"Motocross - Enduro - Supermoto | MotocrossMag\",\"description\":\"L&#039;actualit\u00e9 du motocross, de l&#039;enduro et du Supermoto en ligne!\",\"potentialAction\":[{\"@type\":\"SearchAction\",\"target\":{\"@type\":\"EntryPoint\",\"urlTemplate\":\"https:\\\/\\\/fr.motocrossmag.be\\\/?s={search_term_string}\"},\"query-input\":{\"@type\":\"PropertyValueSpecification\",\"valueRequired\":true,\"valueName\":\"search_term_string\"}}],\"inLanguage\":\"fr-FR\"},{\"@type\":\"Person\",\"@id\":\"https:\\\/\\\/fr.motocrossmag.be\\\/#\\\/schema\\\/person\\\/11b47143d9f755babca2c9110e03235c\",\"name\":\"oliviere\",\"image\":{\"@type\":\"ImageObject\",\"inLanguage\":\"fr-FR\",\"@id\":\"https:\\\/\\\/secure.gravatar.com\\\/avatar\\\/907069e0b81d119452040469e4a7501da1100f54f7f80180ce77bfab718288f6?s=96&d=mm&r=g\",\"url\":\"https:\\\/\\\/secure.gravatar.com\\\/avatar\\\/907069e0b81d119452040469e4a7501da1100f54f7f80180ce77bfab718288f6?s=96&d=mm&r=g\",\"contentUrl\":\"https:\\\/\\\/secure.gravatar.com\\\/avatar\\\/907069e0b81d119452040469e4a7501da1100f54f7f80180ce77bfab718288f6?s=96&d=mm&r=g\",\"caption\":\"oliviere\"},\"sameAs\":[\"http:\\\/\\\/www.motocrossmag.be\"],\"url\":\"https:\\\/\\\/fr.motocrossmag.be\\\/index.php\\\/author\\\/oliviere\\\/\"}]}<\/script>\n<!-- \/ Yoast SEO plugin. -->","yoast_head_json":{"title":"Le nouveau challenge de Mathias Bellino avec le team ORC Honda - Motocross - Enduro - Supermoto | MotocrossMag","robots":{"index":"index","follow":"follow","max-snippet":"max-snippet:-1","max-image-preview":"max-image-preview:large","max-video-preview":"max-video-preview:-1"},"canonical":"https:\/\/fr.motocrossmag.be\/index.php\/2019\/03\/le-nouveau-challenge-de-mathias-bellino-avec-le-team-orc-honda\/","og_locale":"fr_FR","og_type":"article","og_title":"Le nouveau challenge de Mathias Bellino avec le team ORC Honda - Motocross - Enduro - Supermoto | MotocrossMag","og_description":"Le team ORC Honda manag\u00e9 par Mathias Bellino attend avec impatience le coup d&rsquo;envoi de la saison 2019 d&rsquo;enduro aura lieu lors du Grand Prix d&rsquo;Allemagne du 22 au 24 [...]","og_url":"https:\/\/fr.motocrossmag.be\/index.php\/2019\/03\/le-nouveau-challenge-de-mathias-bellino-avec-le-team-orc-honda\/","og_site_name":"Motocross - Enduro - Supermoto | MotocrossMag","article_published_time":"2019-03-08T15:51:50+00:00","og_image":[{"width":800,"height":400,"url":"https:\/\/fr.motocrossmag.be\/wp-content\/uploads\/2019\/03\/enduro.jpg","type":"image\/jpeg"}],"author":"oliviere","twitter_card":"summary_large_image","twitter_misc":{"\u00c9crit par":"oliviere","Dur\u00e9e de lecture estim\u00e9e":"2 minutes"},"schema":{"@context":"https:\/\/schema.org","@graph":[{"@type":"Article","@id":"https:\/\/fr.motocrossmag.be\/index.php\/2019\/03\/le-nouveau-challenge-de-mathias-bellino-avec-le-team-orc-honda\/#article","isPartOf":{"@id":"https:\/\/fr.motocrossmag.be\/index.php\/2019\/03\/le-nouveau-challenge-de-mathias-bellino-avec-le-team-orc-honda\/"},"author":{"name":"oliviere","@id":"https:\/\/fr.motocrossmag.be\/#\/schema\/person\/11b47143d9f755babca2c9110e03235c"},"headline":"Le nouveau challenge de Mathias Bellino avec le team ORC Honda","datePublished":"2019-03-08T15:51:50+00:00","mainEntityOfPage":{"@id":"https:\/\/fr.motocrossmag.be\/index.php\/2019\/03\/le-nouveau-challenge-de-mathias-bellino-avec-le-team-orc-honda\/"},"wordCount":430,"commentCount":0,"image":{"@id":"https:\/\/fr.motocrossmag.be\/index.php\/2019\/03\/le-nouveau-challenge-de-mathias-bellino-avec-le-team-orc-honda\/#primaryimage"},"thumbnailUrl":"https:\/\/fr.motocrossmag.be\/wp-content\/uploads\/2019\/03\/enduro.jpg","articleSection":["Actualit\u00e9","Enduro","EnduroGP","News","News","Slideshow"],"inLanguage":"fr-FR","potentialAction":[{"@type":"CommentAction","name":"Comment","target":["https:\/\/fr.motocrossmag.be\/index.php\/2019\/03\/le-nouveau-challenge-de-mathias-bellino-avec-le-team-orc-honda\/#respond"]}]},{"@type":"WebPage","@id":"https:\/\/fr.motocrossmag.be\/index.php\/2019\/03\/le-nouveau-challenge-de-mathias-bellino-avec-le-team-orc-honda\/","url":"https:\/\/fr.motocrossmag.be\/index.php\/2019\/03\/le-nouveau-challenge-de-mathias-bellino-avec-le-team-orc-honda\/","name":"Le nouveau challenge de Mathias Bellino avec le team ORC Honda - Motocross - Enduro - Supermoto | MotocrossMag","isPartOf":{"@id":"https:\/\/fr.motocrossmag.be\/#website"},"primaryImageOfPage":{"@id":"https:\/\/fr.motocrossmag.be\/index.php\/2019\/03\/le-nouveau-challenge-de-mathias-bellino-avec-le-team-orc-honda\/#primaryimage"},"image":{"@id":"https:\/\/fr.motocrossmag.be\/index.php\/2019\/03\/le-nouveau-challenge-de-mathias-bellino-avec-le-team-orc-honda\/#primaryimage"},"thumbnailUrl":"https:\/\/fr.motocrossmag.be\/wp-content\/uploads\/2019\/03\/enduro.jpg","datePublished":"2019-03-08T15:51:50+00:00","author":{"@id":"https:\/\/fr.motocrossmag.be\/#\/schema\/person\/11b47143d9f755babca2c9110e03235c"},"breadcrumb":{"@id":"https:\/\/fr.motocrossmag.be\/index.php\/2019\/03\/le-nouveau-challenge-de-mathias-bellino-avec-le-team-orc-honda\/#breadcrumb"},"inLanguage":"fr-FR","potentialAction":[{"@type":"ReadAction","target":["https:\/\/fr.motocrossmag.be\/index.php\/2019\/03\/le-nouveau-challenge-de-mathias-bellino-avec-le-team-orc-honda\/"]}]},{"@type":"ImageObject","inLanguage":"fr-FR","@id":"https:\/\/fr.motocrossmag.be\/index.php\/2019\/03\/le-nouveau-challenge-de-mathias-bellino-avec-le-team-orc-honda\/#primaryimage","url":"https:\/\/fr.motocrossmag.be\/wp-content\/uploads\/2019\/03\/enduro.jpg","contentUrl":"https:\/\/fr.motocrossmag.be\/wp-content\/uploads\/2019\/03\/enduro.jpg","width":800,"height":400},{"@type":"BreadcrumbList","@id":"https:\/\/fr.motocrossmag.be\/index.php\/2019\/03\/le-nouveau-challenge-de-mathias-bellino-avec-le-team-orc-honda\/#breadcrumb","itemListElement":[{"@type":"ListItem","position":1,"name":"Accueil","item":"https:\/\/fr.motocrossmag.be\/"},{"@type":"ListItem","position":2,"name":"Le nouveau challenge de Mathias Bellino avec le team ORC Honda"}]},{"@type":"WebSite","@id":"https:\/\/fr.motocrossmag.be\/#website","url":"https:\/\/fr.motocrossmag.be\/","name":"Motocross - Enduro - Supermoto | MotocrossMag","description":"L&#039;actualit\u00e9 du motocross, de l&#039;enduro et du Supermoto en ligne!","potentialAction":[{"@type":"SearchAction","target":{"@type":"EntryPoint","urlTemplate":"https:\/\/fr.motocrossmag.be\/?s={search_term_string}"},"query-input":{"@type":"PropertyValueSpecification","valueRequired":true,"valueName":"search_term_string"}}],"inLanguage":"fr-FR"},{"@type":"Person","@id":"https:\/\/fr.motocrossmag.be\/#\/schema\/person\/11b47143d9f755babca2c9110e03235c","name":"oliviere","image":{"@type":"ImageObject","inLanguage":"fr-FR","@id":"https:\/\/secure.gravatar.com\/avatar\/907069e0b81d119452040469e4a7501da1100f54f7f80180ce77bfab718288f6?s=96&d=mm&r=g","url":"https:\/\/secure.gravatar.com\/avatar\/907069e0b81d119452040469e4a7501da1100f54f7f80180ce77bfab718288f6?s=96&d=mm&r=g","contentUrl":"https:\/\/secure.gravatar.com\/avatar\/907069e0b81d119452040469e4a7501da1100f54f7f80180ce77bfab718288f6?s=96&d=mm&r=g","caption":"oliviere"},"sameAs":["http:\/\/www.motocrossmag.be"],"url":"https:\/\/fr.motocrossmag.be\/index.php\/author\/oliviere\/"}]}},"_links":{"self":[{"href":"https:\/\/fr.motocrossmag.be\/index.php\/wp-json\/wp\/v2\/posts\/84832","targetHints":{"allow":["GET"]}}],"collection":[{"href":"https:\/\/fr.motocrossmag.be\/index.php\/wp-json\/wp\/v2\/posts"}],"about":[{"href":"https:\/\/fr.motocrossmag.be\/index.php\/wp-json\/wp\/v2\/types\/post"}],"author":[{"embeddable":true,"href":"https:\/\/fr.motocrossmag.be\/index.php\/wp-json\/wp\/v2\/users\/932"}],"replies":[{"embeddable":true,"href":"https:\/\/fr.motocrossmag.be\/index.php\/wp-json\/wp\/v2\/comments?post=84832"}],"version-history":[{"count":0,"href":"https:\/\/fr.motocrossmag.be\/index.php\/wp-json\/wp\/v2\/posts\/84832\/revisions"}],"wp:featuredmedia":[{"embeddable":true,"href":"https:\/\/fr.motocrossmag.be\/index.php\/wp-json\/wp\/v2\/media\/84833"}],"wp:attachment":[{"href":"https:\/\/fr.motocrossmag.be\/index.php\/wp-json\/wp\/v2\/media?parent=84832"}],"wp:term":[{"taxonomy":"category","embeddable":true,"href":"https:\/\/fr.motocrossmag.be\/index.php\/wp-json\/wp\/v2\/categories?post=84832"},{"taxonomy":"post_tag","embeddable":true,"href":"https:\/\/fr.motocrossmag.be\/index.php\/wp-json\/wp\/v2\/tags?post=84832"}],"curies":[{"name":"wp","href":"https:\/\/api.w.org\/{rel}","templated":true}]}}