{"id":84849,"date":"2019-03-10T19:49:13","date_gmt":"2019-03-10T18:49:13","guid":{"rendered":"https:\/\/fr.motocrossmag.be\/?p=84849"},"modified":"2019-03-10T22:22:57","modified_gmt":"2019-03-10T21:22:57","slug":"rentree-gagnante-pour-matthew-vanoevelen-et-gasgas","status":"publish","type":"post","link":"https:\/\/fr.motocrossmag.be\/index.php\/2019\/03\/rentree-gagnante-pour-matthew-vanoevelen-et-gasgas\/","title":{"rendered":"Rentr\u00e9e gagnante pour Matthew Vanoevelen et GasGas"},"content":{"rendered":"<p><strong>Matthew Vanoevelen a remport\u00e9 ce samedi la premi\u00e8re \u00e9preuve comptant pour le championnat de Belgique d&rsquo;enduro 2019. Dans les conditions tr\u00e8s humides rencontr\u00e9es \u00e0 Holten, le Nismois s&rsquo;est impos\u00e9 \u00e0 l&rsquo;occasion de ce qui \u00e9tait sa premi\u00e8re sortie officielle au guidon de sa GasGas 250.\u00a0 Deuxi\u00e8me meilleur Belge, Antoine Magain s&rsquo;impose pour sa part en Enduro 1 devant le pilote Yamaha Zone Rouge C\u00e9dric Cremer.<\/strong><\/p>\n<p>\u00ab D\u00e8s le d\u00e9part, je me suis senti vraiment bien. Je suis parti tr\u00e8s rel\u00e2ch\u00e9 et j\u2019ai r\u00e9alis\u00e9 un bon premier tour sur des sp\u00e9ciales longues et sablonneuses. J\u2019ai ainsi pris la t\u00eate du scratch devant les Hollandais jusque la SP5. Ma principale difficult\u00e9, comme je le craignais, a \u00e9t\u00e9 de doubler les concurrents attard\u00e9s dans la longue SP6. Mais je n\u2019ai voulu prendre aucun risque comme j\u2019avais d\u00e9j\u00e0 une minute d\u2019avance sur Antoine&rsquo;, explique Vanoevelen. \u00ab\u00a0Dans la derni\u00e8re sp\u00e9ciale, des giboul\u00e9es avec des gr\u00ealons se sont invit\u00e9es \u00e0 la f\u00eate et les conditions de course se sont durcies. Comme j\u2019affectionne ce genre de situation, j\u2019ai surtout voulu prendre du plaisir dans cette fin d\u2019\u00e9preuve et j\u2019ai assur\u00e9 la victoire chez les Prestiges en championnat de Belgique. Cette journ\u00e9e hollandaise m\u2019a permis de me rassurer sur ma condition physique et sur les capacit\u00e9s de la 250 GasGas\u00a0\u00bb. De bon augure \u00e0 deux semaines de l&rsquo;ouverture du championnat EnduroGP&#8230;<\/p>\n<p>\u00ab\u00a0Au final, j\u2019ai termin\u00e9 avec une belle marge d\u2019avance au classement belge et je n\u2019ai conc\u00e9d\u00e9 que 14 secondes au meilleur hollandais qui se battait lui pour la victoire en ONK\u00a0\u00bb, poursuit Vanoevelen. \u00ab\u00a0Je tiens \u00e0 remercier Dany Crosset qui m\u2019a permis de disposer d\u2019une machine comp\u00e9titive. J\u2019ai pu montrer mon vrai potentiel au guidon d\u2019une GasGas Six jours tr\u00e8s efficace. Tout ceci n\u2019aurait pas \u00e9t\u00e9 possible sans le travail de pr\u00e9paration de Serge Crosset qui n\u2019a pas compt\u00e9 ses heures pour me permettre de disposer d\u2019une moto pour jouer la victoire. Et je ne peux bien entendu pas oublier mes fid\u00e8les partenaires qui sont rest\u00e9s \u00e0 mes c\u00f4t\u00e9s et qui me soutiennent plus que jamais. Ce lundi, je reprendrai la route de la Normandie pour rejoindre mon coach et \u00e9quipier Christophe Nambotin. Christophe est une source in\u00e9puisable de bons conseils.\u00a0\u00bb<\/p>\n<p>La premi\u00e8re \u00e9preuve du championnat de Belgique d&rsquo;enduro sur le sol belge est pr\u00e9vue \u00e0 Mettet le 31 mars prochain.<\/p>\n<p>&nbsp;<\/p>\n<p><span style=\"color: #800000;\"><strong>R\u00e9sultats<\/strong><\/span><\/p>\n<p>ENDURO 1<\/p>\n<p>1 Antoine Magain (B) 1:35:24,16;&#8230; 3 Cedric Cremer (B) 1:36:03,39&#8230;11 Jeremy Herinne (B) 1:41:57,06; 12 Nick Buitenhuis 1:42:52,48; 13 Ludovic Bral (B) 1:43:18,00;&#8230; 15 Quentin Monfort (B)<br \/>\n1:47:33,75;&#8230; 18 Loic Begon (B) 1:52:48,24; 19 Gregoire Hussin (B) 1:54:35,08<\/p>\n<p>ENDURO 2<\/p>\n<p>&#8230; 9 Jean-Francois Goblet (B) 1:39:49,09; 10 Roel Geurts (B) 1:40:16,67; 11 Matthias Van Hoof (B) 1:40:17,33; 12 Axel Roelants (B) 1:40:19,90; 13 Gauthier Lillo (B) 1:43:03,67;&#8230; 18 Damien Wauthier (B) 1:48:26,46;&#8230;<\/p>\n<p>ENDURO 3<\/p>\n<p>&#8230; 2 Matthew Vanoevelen (B) 1:33:19,05;&#8230; 5 Kevin Gauniaux (B) 1:40:14,29; 6 Dimitri Vanhoenacker (B) 1:42:17,10; 7 Wim Vanderheyden (B) 1:43:35,03; 8 Junior Decouter (B) 1:44:11,82; 12 Bertrand Bailleux (B) 1:53:42,17; 13 Niki Six (B) 1:57:38,78;&#8230;15 Sebastien Jadouille (B) 2:00:36,63;&#8230;<\/p>\n","protected":false},"excerpt":{"rendered":"<p>Matthew Vanoevelen a remport\u00e9 ce samedi la premi\u00e8re \u00e9preuve comptant pour le championnat de Belgique d&rsquo;enduro 2019. Dans les conditions tr\u00e8s humides rencontr\u00e9es \u00e0 Holten, le Nismois s&rsquo;est impos\u00e9 \u00e0 [&#8230;]<\/p>\n","protected":false},"author":932,"featured_media":84850,"comment_status":"open","ping_status":"closed","sticky":false,"template":"","format":"standard","meta":{"footnotes":""},"categories":[54,32,35,33,55,65],"tags":[],"class_list":["post-84849","post","type-post","status-publish","format-standard","has-post-thumbnail","hentry","category-actualite","category-enduro","category-fmb-enduro","category-news-enduro","category-news-actualite","category-slideshow"],"yoast_head":"<!-- This site is optimized with the Yoast SEO plugin v27.4 - https:\/\/yoast.com\/product\/yoast-seo-wordpress\/ -->\n<title>Rentr\u00e9e gagnante pour Matthew Vanoevelen et GasGas - Motocross - Enduro - Supermoto | MotocrossMag<\/title>\n<meta name=\"robots\" content=\"index, follow, max-snippet:-1, max-image-preview:large, max-video-preview:-1\" \/>\n<link rel=\"canonical\" href=\"https:\/\/fr.motocrossmag.be\/index.php\/2019\/03\/rentree-gagnante-pour-matthew-vanoevelen-et-gasgas\/\" \/>\n<meta property=\"og:locale\" content=\"fr_FR\" \/>\n<meta property=\"og:type\" content=\"article\" \/>\n<meta property=\"og:title\" content=\"Rentr\u00e9e gagnante pour Matthew Vanoevelen et GasGas - Motocross - Enduro - Supermoto | MotocrossMag\" \/>\n<meta property=\"og:description\" content=\"Matthew Vanoevelen a remport\u00e9 ce samedi la premi\u00e8re \u00e9preuve comptant pour le championnat de Belgique d&rsquo;enduro 2019. Dans les conditions tr\u00e8s humides rencontr\u00e9es \u00e0 Holten, le Nismois s&rsquo;est impos\u00e9 \u00e0 [...]\" \/>\n<meta property=\"og:url\" content=\"https:\/\/fr.motocrossmag.be\/index.php\/2019\/03\/rentree-gagnante-pour-matthew-vanoevelen-et-gasgas\/\" \/>\n<meta property=\"og:site_name\" content=\"Motocross - Enduro - Supermoto | MotocrossMag\" \/>\n<meta property=\"article:published_time\" content=\"2019-03-10T18:49:13+00:00\" \/>\n<meta property=\"article:modified_time\" content=\"2019-03-10T21:22:57+00:00\" \/>\n<meta property=\"og:image\" content=\"https:\/\/fr.motocrossmag.be\/wp-content\/uploads\/2019\/03\/matthew-vanoevelen-holetn-gasgas.jpg\" \/>\n\t<meta property=\"og:image:width\" content=\"830\" \/>\n\t<meta property=\"og:image:height\" content=\"545\" \/>\n\t<meta property=\"og:image:type\" content=\"image\/jpeg\" \/>\n<meta name=\"author\" content=\"oliviere\" \/>\n<meta name=\"twitter:card\" content=\"summary_large_image\" \/>\n<meta name=\"twitter:label1\" content=\"\u00c9crit par\" \/>\n\t<meta name=\"twitter:data1\" content=\"oliviere\" \/>\n\t<meta name=\"twitter:label2\" content=\"Dur\u00e9e de lecture estim\u00e9e\" \/>\n\t<meta name=\"twitter:data2\" content=\"2 minutes\" \/>\n<script type=\"application\/ld+json\" class=\"yoast-schema-graph\">{\"@context\":\"https:\\\/\\\/schema.org\",\"@graph\":[{\"@type\":\"Article\",\"@id\":\"https:\\\/\\\/fr.motocrossmag.be\\\/index.php\\\/2019\\\/03\\\/rentree-gagnante-pour-matthew-vanoevelen-et-gasgas\\\/#article\",\"isPartOf\":{\"@id\":\"https:\\\/\\\/fr.motocrossmag.be\\\/index.php\\\/2019\\\/03\\\/rentree-gagnante-pour-matthew-vanoevelen-et-gasgas\\\/\"},\"author\":{\"name\":\"oliviere\",\"@id\":\"https:\\\/\\\/fr.motocrossmag.be\\\/#\\\/schema\\\/person\\\/11b47143d9f755babca2c9110e03235c\"},\"headline\":\"Rentr\u00e9e gagnante pour Matthew Vanoevelen et GasGas\",\"datePublished\":\"2019-03-10T18:49:13+00:00\",\"dateModified\":\"2019-03-10T21:22:57+00:00\",\"mainEntityOfPage\":{\"@id\":\"https:\\\/\\\/fr.motocrossmag.be\\\/index.php\\\/2019\\\/03\\\/rentree-gagnante-pour-matthew-vanoevelen-et-gasgas\\\/\"},\"wordCount\":510,\"commentCount\":0,\"image\":{\"@id\":\"https:\\\/\\\/fr.motocrossmag.be\\\/index.php\\\/2019\\\/03\\\/rentree-gagnante-pour-matthew-vanoevelen-et-gasgas\\\/#primaryimage\"},\"thumbnailUrl\":\"https:\\\/\\\/fr.motocrossmag.be\\\/wp-content\\\/uploads\\\/2019\\\/03\\\/matthew-vanoevelen-holetn-gasgas.jpg\",\"articleSection\":[\"Actualit\u00e9\",\"Enduro\",\"FMB\",\"News\",\"News\",\"Slideshow\"],\"inLanguage\":\"fr-FR\",\"potentialAction\":[{\"@type\":\"CommentAction\",\"name\":\"Comment\",\"target\":[\"https:\\\/\\\/fr.motocrossmag.be\\\/index.php\\\/2019\\\/03\\\/rentree-gagnante-pour-matthew-vanoevelen-et-gasgas\\\/#respond\"]}]},{\"@type\":\"WebPage\",\"@id\":\"https:\\\/\\\/fr.motocrossmag.be\\\/index.php\\\/2019\\\/03\\\/rentree-gagnante-pour-matthew-vanoevelen-et-gasgas\\\/\",\"url\":\"https:\\\/\\\/fr.motocrossmag.be\\\/index.php\\\/2019\\\/03\\\/rentree-gagnante-pour-matthew-vanoevelen-et-gasgas\\\/\",\"name\":\"Rentr\u00e9e gagnante pour Matthew Vanoevelen et GasGas - Motocross - Enduro - Supermoto | MotocrossMag\",\"isPartOf\":{\"@id\":\"https:\\\/\\\/fr.motocrossmag.be\\\/#website\"},\"primaryImageOfPage\":{\"@id\":\"https:\\\/\\\/fr.motocrossmag.be\\\/index.php\\\/2019\\\/03\\\/rentree-gagnante-pour-matthew-vanoevelen-et-gasgas\\\/#primaryimage\"},\"image\":{\"@id\":\"https:\\\/\\\/fr.motocrossmag.be\\\/index.php\\\/2019\\\/03\\\/rentree-gagnante-pour-matthew-vanoevelen-et-gasgas\\\/#primaryimage\"},\"thumbnailUrl\":\"https:\\\/\\\/fr.motocrossmag.be\\\/wp-content\\\/uploads\\\/2019\\\/03\\\/matthew-vanoevelen-holetn-gasgas.jpg\",\"datePublished\":\"2019-03-10T18:49:13+00:00\",\"dateModified\":\"2019-03-10T21:22:57+00:00\",\"author\":{\"@id\":\"https:\\\/\\\/fr.motocrossmag.be\\\/#\\\/schema\\\/person\\\/11b47143d9f755babca2c9110e03235c\"},\"breadcrumb\":{\"@id\":\"https:\\\/\\\/fr.motocrossmag.be\\\/index.php\\\/2019\\\/03\\\/rentree-gagnante-pour-matthew-vanoevelen-et-gasgas\\\/#breadcrumb\"},\"inLanguage\":\"fr-FR\",\"potentialAction\":[{\"@type\":\"ReadAction\",\"target\":[\"https:\\\/\\\/fr.motocrossmag.be\\\/index.php\\\/2019\\\/03\\\/rentree-gagnante-pour-matthew-vanoevelen-et-gasgas\\\/\"]}]},{\"@type\":\"ImageObject\",\"inLanguage\":\"fr-FR\",\"@id\":\"https:\\\/\\\/fr.motocrossmag.be\\\/index.php\\\/2019\\\/03\\\/rentree-gagnante-pour-matthew-vanoevelen-et-gasgas\\\/#primaryimage\",\"url\":\"https:\\\/\\\/fr.motocrossmag.be\\\/wp-content\\\/uploads\\\/2019\\\/03\\\/matthew-vanoevelen-holetn-gasgas.jpg\",\"contentUrl\":\"https:\\\/\\\/fr.motocrossmag.be\\\/wp-content\\\/uploads\\\/2019\\\/03\\\/matthew-vanoevelen-holetn-gasgas.jpg\",\"width\":830,\"height\":545},{\"@type\":\"BreadcrumbList\",\"@id\":\"https:\\\/\\\/fr.motocrossmag.be\\\/index.php\\\/2019\\\/03\\\/rentree-gagnante-pour-matthew-vanoevelen-et-gasgas\\\/#breadcrumb\",\"itemListElement\":[{\"@type\":\"ListItem\",\"position\":1,\"name\":\"Accueil\",\"item\":\"https:\\\/\\\/fr.motocrossmag.be\\\/\"},{\"@type\":\"ListItem\",\"position\":2,\"name\":\"Rentr\u00e9e gagnante pour Matthew Vanoevelen et GasGas\"}]},{\"@type\":\"WebSite\",\"@id\":\"https:\\\/\\\/fr.motocrossmag.be\\\/#website\",\"url\":\"https:\\\/\\\/fr.motocrossmag.be\\\/\",\"name\":\"Motocross - Enduro - Supermoto | MotocrossMag\",\"description\":\"L&#039;actualit\u00e9 du motocross, de l&#039;enduro et du Supermoto en ligne!\",\"potentialAction\":[{\"@type\":\"SearchAction\",\"target\":{\"@type\":\"EntryPoint\",\"urlTemplate\":\"https:\\\/\\\/fr.motocrossmag.be\\\/?s={search_term_string}\"},\"query-input\":{\"@type\":\"PropertyValueSpecification\",\"valueRequired\":true,\"valueName\":\"search_term_string\"}}],\"inLanguage\":\"fr-FR\"},{\"@type\":\"Person\",\"@id\":\"https:\\\/\\\/fr.motocrossmag.be\\\/#\\\/schema\\\/person\\\/11b47143d9f755babca2c9110e03235c\",\"name\":\"oliviere\",\"image\":{\"@type\":\"ImageObject\",\"inLanguage\":\"fr-FR\",\"@id\":\"https:\\\/\\\/secure.gravatar.com\\\/avatar\\\/907069e0b81d119452040469e4a7501da1100f54f7f80180ce77bfab718288f6?s=96&d=mm&r=g\",\"url\":\"https:\\\/\\\/secure.gravatar.com\\\/avatar\\\/907069e0b81d119452040469e4a7501da1100f54f7f80180ce77bfab718288f6?s=96&d=mm&r=g\",\"contentUrl\":\"https:\\\/\\\/secure.gravatar.com\\\/avatar\\\/907069e0b81d119452040469e4a7501da1100f54f7f80180ce77bfab718288f6?s=96&d=mm&r=g\",\"caption\":\"oliviere\"},\"sameAs\":[\"http:\\\/\\\/www.motocrossmag.be\"],\"url\":\"https:\\\/\\\/fr.motocrossmag.be\\\/index.php\\\/author\\\/oliviere\\\/\"}]}<\/script>\n<!-- \/ Yoast SEO plugin. -->","yoast_head_json":{"title":"Rentr\u00e9e gagnante pour Matthew Vanoevelen et GasGas - Motocross - Enduro - Supermoto | MotocrossMag","robots":{"index":"index","follow":"follow","max-snippet":"max-snippet:-1","max-image-preview":"max-image-preview:large","max-video-preview":"max-video-preview:-1"},"canonical":"https:\/\/fr.motocrossmag.be\/index.php\/2019\/03\/rentree-gagnante-pour-matthew-vanoevelen-et-gasgas\/","og_locale":"fr_FR","og_type":"article","og_title":"Rentr\u00e9e gagnante pour Matthew Vanoevelen et GasGas - Motocross - Enduro - Supermoto | MotocrossMag","og_description":"Matthew Vanoevelen a remport\u00e9 ce samedi la premi\u00e8re \u00e9preuve comptant pour le championnat de Belgique d&rsquo;enduro 2019. Dans les conditions tr\u00e8s humides rencontr\u00e9es \u00e0 Holten, le Nismois s&rsquo;est impos\u00e9 \u00e0 [...]","og_url":"https:\/\/fr.motocrossmag.be\/index.php\/2019\/03\/rentree-gagnante-pour-matthew-vanoevelen-et-gasgas\/","og_site_name":"Motocross - Enduro - Supermoto | MotocrossMag","article_published_time":"2019-03-10T18:49:13+00:00","article_modified_time":"2019-03-10T21:22:57+00:00","og_image":[{"width":830,"height":545,"url":"https:\/\/fr.motocrossmag.be\/wp-content\/uploads\/2019\/03\/matthew-vanoevelen-holetn-gasgas.jpg","type":"image\/jpeg"}],"author":"oliviere","twitter_card":"summary_large_image","twitter_misc":{"\u00c9crit par":"oliviere","Dur\u00e9e de lecture estim\u00e9e":"2 minutes"},"schema":{"@context":"https:\/\/schema.org","@graph":[{"@type":"Article","@id":"https:\/\/fr.motocrossmag.be\/index.php\/2019\/03\/rentree-gagnante-pour-matthew-vanoevelen-et-gasgas\/#article","isPartOf":{"@id":"https:\/\/fr.motocrossmag.be\/index.php\/2019\/03\/rentree-gagnante-pour-matthew-vanoevelen-et-gasgas\/"},"author":{"name":"oliviere","@id":"https:\/\/fr.motocrossmag.be\/#\/schema\/person\/11b47143d9f755babca2c9110e03235c"},"headline":"Rentr\u00e9e gagnante pour Matthew Vanoevelen et GasGas","datePublished":"2019-03-10T18:49:13+00:00","dateModified":"2019-03-10T21:22:57+00:00","mainEntityOfPage":{"@id":"https:\/\/fr.motocrossmag.be\/index.php\/2019\/03\/rentree-gagnante-pour-matthew-vanoevelen-et-gasgas\/"},"wordCount":510,"commentCount":0,"image":{"@id":"https:\/\/fr.motocrossmag.be\/index.php\/2019\/03\/rentree-gagnante-pour-matthew-vanoevelen-et-gasgas\/#primaryimage"},"thumbnailUrl":"https:\/\/fr.motocrossmag.be\/wp-content\/uploads\/2019\/03\/matthew-vanoevelen-holetn-gasgas.jpg","articleSection":["Actualit\u00e9","Enduro","FMB","News","News","Slideshow"],"inLanguage":"fr-FR","potentialAction":[{"@type":"CommentAction","name":"Comment","target":["https:\/\/fr.motocrossmag.be\/index.php\/2019\/03\/rentree-gagnante-pour-matthew-vanoevelen-et-gasgas\/#respond"]}]},{"@type":"WebPage","@id":"https:\/\/fr.motocrossmag.be\/index.php\/2019\/03\/rentree-gagnante-pour-matthew-vanoevelen-et-gasgas\/","url":"https:\/\/fr.motocrossmag.be\/index.php\/2019\/03\/rentree-gagnante-pour-matthew-vanoevelen-et-gasgas\/","name":"Rentr\u00e9e gagnante pour Matthew Vanoevelen et GasGas - Motocross - Enduro - Supermoto | MotocrossMag","isPartOf":{"@id":"https:\/\/fr.motocrossmag.be\/#website"},"primaryImageOfPage":{"@id":"https:\/\/fr.motocrossmag.be\/index.php\/2019\/03\/rentree-gagnante-pour-matthew-vanoevelen-et-gasgas\/#primaryimage"},"image":{"@id":"https:\/\/fr.motocrossmag.be\/index.php\/2019\/03\/rentree-gagnante-pour-matthew-vanoevelen-et-gasgas\/#primaryimage"},"thumbnailUrl":"https:\/\/fr.motocrossmag.be\/wp-content\/uploads\/2019\/03\/matthew-vanoevelen-holetn-gasgas.jpg","datePublished":"2019-03-10T18:49:13+00:00","dateModified":"2019-03-10T21:22:57+00:00","author":{"@id":"https:\/\/fr.motocrossmag.be\/#\/schema\/person\/11b47143d9f755babca2c9110e03235c"},"breadcrumb":{"@id":"https:\/\/fr.motocrossmag.be\/index.php\/2019\/03\/rentree-gagnante-pour-matthew-vanoevelen-et-gasgas\/#breadcrumb"},"inLanguage":"fr-FR","potentialAction":[{"@type":"ReadAction","target":["https:\/\/fr.motocrossmag.be\/index.php\/2019\/03\/rentree-gagnante-pour-matthew-vanoevelen-et-gasgas\/"]}]},{"@type":"ImageObject","inLanguage":"fr-FR","@id":"https:\/\/fr.motocrossmag.be\/index.php\/2019\/03\/rentree-gagnante-pour-matthew-vanoevelen-et-gasgas\/#primaryimage","url":"https:\/\/fr.motocrossmag.be\/wp-content\/uploads\/2019\/03\/matthew-vanoevelen-holetn-gasgas.jpg","contentUrl":"https:\/\/fr.motocrossmag.be\/wp-content\/uploads\/2019\/03\/matthew-vanoevelen-holetn-gasgas.jpg","width":830,"height":545},{"@type":"BreadcrumbList","@id":"https:\/\/fr.motocrossmag.be\/index.php\/2019\/03\/rentree-gagnante-pour-matthew-vanoevelen-et-gasgas\/#breadcrumb","itemListElement":[{"@type":"ListItem","position":1,"name":"Accueil","item":"https:\/\/fr.motocrossmag.be\/"},{"@type":"ListItem","position":2,"name":"Rentr\u00e9e gagnante pour Matthew Vanoevelen et GasGas"}]},{"@type":"WebSite","@id":"https:\/\/fr.motocrossmag.be\/#website","url":"https:\/\/fr.motocrossmag.be\/","name":"Motocross - Enduro - Supermoto | MotocrossMag","description":"L&#039;actualit\u00e9 du motocross, de l&#039;enduro et du Supermoto en ligne!","potentialAction":[{"@type":"SearchAction","target":{"@type":"EntryPoint","urlTemplate":"https:\/\/fr.motocrossmag.be\/?s={search_term_string}"},"query-input":{"@type":"PropertyValueSpecification","valueRequired":true,"valueName":"search_term_string"}}],"inLanguage":"fr-FR"},{"@type":"Person","@id":"https:\/\/fr.motocrossmag.be\/#\/schema\/person\/11b47143d9f755babca2c9110e03235c","name":"oliviere","image":{"@type":"ImageObject","inLanguage":"fr-FR","@id":"https:\/\/secure.gravatar.com\/avatar\/907069e0b81d119452040469e4a7501da1100f54f7f80180ce77bfab718288f6?s=96&d=mm&r=g","url":"https:\/\/secure.gravatar.com\/avatar\/907069e0b81d119452040469e4a7501da1100f54f7f80180ce77bfab718288f6?s=96&d=mm&r=g","contentUrl":"https:\/\/secure.gravatar.com\/avatar\/907069e0b81d119452040469e4a7501da1100f54f7f80180ce77bfab718288f6?s=96&d=mm&r=g","caption":"oliviere"},"sameAs":["http:\/\/www.motocrossmag.be"],"url":"https:\/\/fr.motocrossmag.be\/index.php\/author\/oliviere\/"}]}},"_links":{"self":[{"href":"https:\/\/fr.motocrossmag.be\/index.php\/wp-json\/wp\/v2\/posts\/84849","targetHints":{"allow":["GET"]}}],"collection":[{"href":"https:\/\/fr.motocrossmag.be\/index.php\/wp-json\/wp\/v2\/posts"}],"about":[{"href":"https:\/\/fr.motocrossmag.be\/index.php\/wp-json\/wp\/v2\/types\/post"}],"author":[{"embeddable":true,"href":"https:\/\/fr.motocrossmag.be\/index.php\/wp-json\/wp\/v2\/users\/932"}],"replies":[{"embeddable":true,"href":"https:\/\/fr.motocrossmag.be\/index.php\/wp-json\/wp\/v2\/comments?post=84849"}],"version-history":[{"count":0,"href":"https:\/\/fr.motocrossmag.be\/index.php\/wp-json\/wp\/v2\/posts\/84849\/revisions"}],"wp:featuredmedia":[{"embeddable":true,"href":"https:\/\/fr.motocrossmag.be\/index.php\/wp-json\/wp\/v2\/media\/84850"}],"wp:attachment":[{"href":"https:\/\/fr.motocrossmag.be\/index.php\/wp-json\/wp\/v2\/media?parent=84849"}],"wp:term":[{"taxonomy":"category","embeddable":true,"href":"https:\/\/fr.motocrossmag.be\/index.php\/wp-json\/wp\/v2\/categories?post=84849"},{"taxonomy":"post_tag","embeddable":true,"href":"https:\/\/fr.motocrossmag.be\/index.php\/wp-json\/wp\/v2\/tags?post=84849"}],"curies":[{"name":"wp","href":"https:\/\/api.w.org\/{rel}","templated":true}]}}