{"id":8507,"date":"2010-09-02T16:00:51","date_gmt":"2010-09-02T15:00:51","guid":{"rendered":"http:\/\/fr.motocrossmag.be\/?p=8507"},"modified":"2010-09-02T16:00:51","modified_gmt":"2010-09-02T15:00:51","slug":"galerie-photos-le-mini-musee-mxmag-a-orp","status":"publish","type":"post","link":"https:\/\/fr.motocrossmag.be\/index.php\/2010\/09\/galerie-photos-le-mini-musee-mxmag-a-orp\/","title":{"rendered":"Galerie photos | Le mini-mus\u00e9e MXMag \u00e0\u00a0 Orp"},"content":{"rendered":"<p>Si vous n&rsquo;\u00e9tiez pas \u00e0\u00a0 Orp et que vous avez par cons\u00e9quent manqu\u00e9 l&rsquo;occasion de visiter notre mini-mus\u00e9e MXMag et de vous replonger ainsi l&rsquo;espace de quelques instants dans l&rsquo;\u00e0\u00a2ge d&rsquo;or du motocross, voici venue l&rsquo;heure du rattrapage. Une petite s\u00e9lection de photos qui vous permettra vous aussi d&rsquo;admirer, entre autres, les \u00e9quipements, devenus l\u00e9gendaires, d&rsquo;Andr\u00e9 Malherbe, ceux de Georges Job\u00e9 lors de la conqu\u00e8te de son dernier titre mondial en 1992 ou encore la Husaberg 600cc avec laquelle Jo\u00ebl Smets est devenu pour la premi\u00e8re fois champion du monde&#8230;<\/p>\n<p>Photos: CDS<\/p><div class=\"mpjeg6a98d202260c8\" ><!-- \/91277017\/Inline-articles-mobile -->\n<div style=\"margin:auto; text-align:center !important\">\n<div id='div-gpt-ad-1784982661365-0' style='min-width: 250px; min-height: 75px;'>\n  <script>\n    googletag.cmd.push(function() { googletag.display('div-gpt-ad-1784982661365-0'); });\n  <\/script>\n<\/div><\/div><\/div><style type=\"text\/css\">\r\n.mpjeg6a98d202260c8 {\r\nmargin-bottom:30px;margin-top:20px\r\n}\r\n@media screen and (min-width: 1201px) {\r\n.mpjeg6a98d202260c8 {\r\ndisplay: block;\r\n}\r\n}\r\n@media screen and (min-width: 993px) and (max-width: 1200px) {\r\n.mpjeg6a98d202260c8 {\r\ndisplay: block;\r\n}\r\n}\r\n@media screen and (min-width: 769px) and (max-width: 992px) {\r\n.mpjeg6a98d202260c8 {\r\ndisplay: block;\r\n}\r\n}\r\n@media screen and (min-width: 768px) and (max-width: 768px) {\r\n.mpjeg6a98d202260c8 {\r\ndisplay: block;\r\n}\r\n}\r\n@media screen and (max-width: 767px) {\r\n.mpjeg6a98d202260c8 {\r\ndisplay: block;\r\n}\r\n}\r\n<\/style>\r\n\n<p><a rel=\"lightbox dia=1\" href=\"http:\/\/fr.motocrossmag.be\/wp-content\/uploads\/2010\/09\/orp_201329.jpg\"><img decoding=\"async\" class=\"alignnone size-thumbnail wp-image-8525\" title=\"orp_201329\" src=\"http:\/\/fr.motocrossmag.be\/wp-content\/uploads\/2010\/09\/orp_201329-150x150.jpg\" alt=\"\" width=\"150\" height=\"150\" \/><\/a>\u00a0\u00a0 <a rel=\"lightbox dia=1\" href=\"http:\/\/fr.motocrossmag.be\/wp-content\/uploads\/2010\/09\/orp_201327.jpg\"><img decoding=\"async\" class=\"alignnone size-thumbnail wp-image-8524\" title=\"orp_201327\" src=\"http:\/\/fr.motocrossmag.be\/wp-content\/uploads\/2010\/09\/orp_201327-150x150.jpg\" alt=\"\" width=\"150\" height=\"150\" \/><\/a>\u00a0\u00a0 <a rel=\"lightbox dia=1\" href=\"http:\/\/fr.motocrossmag.be\/wp-content\/uploads\/2010\/09\/orp_20890.jpg\"><img decoding=\"async\" class=\"alignnone size-thumbnail wp-image-8523\" title=\"orp_20890\" src=\"http:\/\/fr.motocrossmag.be\/wp-content\/uploads\/2010\/09\/orp_20890-150x150.jpg\" alt=\"\" width=\"150\" height=\"150\" \/><\/a><br \/>\n<a rel=\"lightbox dia=1\" href=\"http:\/\/fr.motocrossmag.be\/wp-content\/uploads\/2010\/09\/orp_20889.jpg\"><img decoding=\"async\" class=\"alignnone size-thumbnail wp-image-8522\" title=\"orp_20889\" src=\"http:\/\/fr.motocrossmag.be\/wp-content\/uploads\/2010\/09\/orp_20889-150x150.jpg\" alt=\"\" width=\"150\" height=\"150\" \/><\/a>\u00a0\u00a0 <a rel=\"lightbox dia=1\" href=\"http:\/\/fr.motocrossmag.be\/wp-content\/uploads\/2010\/09\/orp_20887.jpg\"><img decoding=\"async\" class=\"alignnone size-thumbnail wp-image-8521\" title=\"orp_20887\" src=\"http:\/\/fr.motocrossmag.be\/wp-content\/uploads\/2010\/09\/orp_20887-150x150.jpg\" alt=\"\" width=\"150\" height=\"150\" \/><\/a>\u00a0\u00a0 <a rel=\"lightbox dia=1\" href=\"http:\/\/fr.motocrossmag.be\/wp-content\/uploads\/2010\/09\/orp_20312.jpg\"><img decoding=\"async\" class=\"alignnone size-thumbnail wp-image-8520\" title=\"orp_20312\" src=\"http:\/\/fr.motocrossmag.be\/wp-content\/uploads\/2010\/09\/orp_20312-150x150.jpg\" alt=\"\" width=\"150\" height=\"150\" \/><\/a><br \/>\n<a rel=\"lightbox dia=1\" href=\"http:\/\/fr.motocrossmag.be\/wp-content\/uploads\/2010\/09\/orp_20304.jpg\"><img decoding=\"async\" class=\"alignnone size-thumbnail wp-image-8519\" title=\"orp_20304\" src=\"http:\/\/fr.motocrossmag.be\/wp-content\/uploads\/2010\/09\/orp_20304-150x150.jpg\" alt=\"\" width=\"150\" height=\"150\" \/><\/a>\u00a0\u00a0 <a rel=\"lightbox dia=1\" href=\"http:\/\/fr.motocrossmag.be\/wp-content\/uploads\/2010\/09\/orp_20297.jpg\"><img decoding=\"async\" class=\"alignnone size-thumbnail wp-image-8518\" title=\"orp_20297\" src=\"http:\/\/fr.motocrossmag.be\/wp-content\/uploads\/2010\/09\/orp_20297-150x150.jpg\" alt=\"\" width=\"150\" height=\"150\" \/><\/a>\u00a0\u00a0 <a rel=\"lightbox dia=1\" href=\"http:\/\/fr.motocrossmag.be\/wp-content\/uploads\/2010\/09\/orp_20295.jpg\"><img decoding=\"async\" class=\"alignnone size-thumbnail wp-image-8517\" title=\"orp_20295\" src=\"http:\/\/fr.motocrossmag.be\/wp-content\/uploads\/2010\/09\/orp_20295-150x150.jpg\" alt=\"\" width=\"150\" height=\"150\" \/><\/a><br \/>\n<a rel=\"lightbox dia=1\" href=\"http:\/\/fr.motocrossmag.be\/wp-content\/uploads\/2010\/09\/orp_20294.jpg\"><img decoding=\"async\" class=\"alignnone size-thumbnail wp-image-8516\" title=\"orp_20294\" src=\"http:\/\/fr.motocrossmag.be\/wp-content\/uploads\/2010\/09\/orp_20294-150x150.jpg\" alt=\"\" width=\"150\" height=\"150\" \/><\/a>\u00a0\u00a0 <a rel=\"lightbox dia=1\" href=\"http:\/\/fr.motocrossmag.be\/wp-content\/uploads\/2010\/09\/orp_20290.jpg\"><img decoding=\"async\" class=\"alignnone size-thumbnail wp-image-8515\" title=\"orp_20290\" src=\"http:\/\/fr.motocrossmag.be\/wp-content\/uploads\/2010\/09\/orp_20290-150x150.jpg\" alt=\"\" width=\"150\" height=\"150\" \/><\/a>\u00a0\u00a0 <a rel=\"lightbox dia=1\" href=\"http:\/\/fr.motocrossmag.be\/wp-content\/uploads\/2010\/09\/orp_20288.jpg\"><img decoding=\"async\" class=\"alignnone size-thumbnail wp-image-8514\" title=\"orp_20288\" src=\"http:\/\/fr.motocrossmag.be\/wp-content\/uploads\/2010\/09\/orp_20288-150x150.jpg\" alt=\"\" width=\"150\" height=\"150\" \/><\/a>\u00a0\u00a0<br \/>\n<a rel=\"lightbox dia=1\" href=\"http:\/\/fr.motocrossmag.be\/wp-content\/uploads\/2010\/09\/orp_20286.jpg\"><img decoding=\"async\" class=\"alignnone size-thumbnail wp-image-8513\" title=\"orp_20286\" src=\"http:\/\/fr.motocrossmag.be\/wp-content\/uploads\/2010\/09\/orp_20286-150x150.jpg\" alt=\"\" width=\"150\" height=\"150\" \/><\/a>\u00a0\u00a0 <img decoding=\"async\" class=\"alignnone size-thumbnail wp-image-8512\" title=\"orp_20284\" src=\"http:\/\/fr.motocrossmag.be\/wp-content\/uploads\/2010\/09\/orp_20284-150x150.jpg\" alt=\"\" width=\"150\" height=\"150\" \/>\u00a0\u00a0 <a rel=\"lightbox dia=1\" href=\"http:\/\/fr.motocrossmag.be\/wp-content\/uploads\/2010\/09\/orp_20281.jpg\"><img decoding=\"async\" class=\"alignnone size-thumbnail wp-image-8511\" title=\"orp_20281\" src=\"http:\/\/fr.motocrossmag.be\/wp-content\/uploads\/2010\/09\/orp_20281-150x150.jpg\" alt=\"\" width=\"150\" height=\"150\" \/><\/a>\u00a0\u00a0<br \/>\n<a rel=\"lightbox dia=1\" href=\"http:\/\/fr.motocrossmag.be\/wp-content\/uploads\/2010\/09\/orp_20280.jpg\"><img decoding=\"async\" class=\"alignnone size-thumbnail wp-image-8510\" title=\"orp_20280\" src=\"http:\/\/fr.motocrossmag.be\/wp-content\/uploads\/2010\/09\/orp_20280-150x150.jpg\" alt=\"\" width=\"150\" height=\"150\" \/><\/a>\u00a0\u00a0 <a rel=\"lightbox dia=1\" href=\"http:\/\/fr.motocrossmag.be\/wp-content\/uploads\/2010\/09\/orp_20275.jpg\"><img decoding=\"async\" class=\"alignnone size-thumbnail wp-image-8509\" title=\"orp_20275\" src=\"http:\/\/fr.motocrossmag.be\/wp-content\/uploads\/2010\/09\/orp_20275-150x150.jpg\" alt=\"\" width=\"150\" height=\"150\" \/><\/a>\u00a0\u00a0 <a rel=\"lightbox dia=1\" href=\"http:\/\/fr.motocrossmag.be\/wp-content\/uploads\/2010\/09\/orp_20272.jpg\"><img decoding=\"async\" class=\"alignnone size-thumbnail wp-image-8508\" title=\"orp_20272\" src=\"http:\/\/fr.motocrossmag.be\/wp-content\/uploads\/2010\/09\/orp_20272-150x150.jpg\" alt=\"\" width=\"150\" height=\"150\" \/><\/a><\/p>\n","protected":false},"excerpt":{"rendered":"<p>Si vous n&rsquo;\u00e9tiez pas \u00e0\u00a0 Orp et que vous avez par cons\u00e9quent manqu\u00e9 l&rsquo;occasion de visiter notre mini-mus\u00e9e MXMag et de vous replonger ainsi l&rsquo;espace de quelques instants dans l&rsquo;\u00e0\u00a2ge d&rsquo;or du motocross, voici venue l&rsquo;heure du rattrapage. Une petite s\u00e9lection de photos qui vous permettra vous aussi d&rsquo;admirer, entre autres, les \u00e9quipements, devenus l\u00e9gendaires, [&hellip;]<\/p>\n","protected":false},"author":932,"featured_media":0,"comment_status":"open","ping_status":"closed","sticky":false,"template":"","format":"standard","meta":{"tdm_status":"","tdm_grid_status":"","footnotes":""},"categories":[66],"tags":[],"class_list":["post-8507","post","type-post","status-publish","format-standard","category-photos"],"yoast_head":"<!-- This site is optimized with the Yoast SEO plugin v28.4 - https:\/\/yoast.com\/product\/yoast-seo-wordpress\/ -->\n<title>Galerie photos | Le mini-mus\u00e9e MXMag \u00e0\u00a0 Orp - Motocross - Enduro - Supermoto | MotocrossMag<\/title>\n<meta name=\"robots\" content=\"index, follow, max-snippet:-1, max-image-preview:large, max-video-preview:-1\" \/>\n<link rel=\"canonical\" href=\"https:\/\/fr.motocrossmag.be\/index.php\/2010\/09\/galerie-photos-le-mini-musee-mxmag-a-orp\/\" \/>\n<meta property=\"og:locale\" content=\"fr_FR\" \/>\n<meta property=\"og:type\" content=\"article\" \/>\n<meta property=\"og:title\" content=\"Galerie photos | Le mini-mus\u00e9e MXMag \u00e0\u00a0 Orp - Motocross - Enduro - Supermoto | MotocrossMag\" \/>\n<meta property=\"og:description\" content=\"Si vous n&rsquo;\u00e9tiez pas \u00e0\u00a0 Orp et que vous avez par cons\u00e9quent manqu\u00e9 l&rsquo;occasion de visiter notre mini-mus\u00e9e MXMag et de vous replonger ainsi l&rsquo;espace de quelques instants dans l&rsquo;\u00e0\u00a2ge d&rsquo;or du motocross, voici venue l&rsquo;heure du rattrapage. Une petite s\u00e9lection de photos qui vous permettra vous aussi d&rsquo;admirer, entre autres, les \u00e9quipements, devenus l\u00e9gendaires, [&hellip;]\" \/>\n<meta property=\"og:url\" content=\"https:\/\/fr.motocrossmag.be\/index.php\/2010\/09\/galerie-photos-le-mini-musee-mxmag-a-orp\/\" \/>\n<meta property=\"og:site_name\" content=\"Motocross - Enduro - Supermoto | MotocrossMag\" \/>\n<meta property=\"article:published_time\" content=\"2010-09-02T15:00:51+00:00\" \/>\n<meta property=\"og:image\" content=\"http:\/\/fr.motocrossmag.be\/wp-content\/uploads\/2010\/09\/orp_201329-150x150.jpg\" \/>\n<meta name=\"author\" content=\"oliviere\" \/>\n<meta name=\"twitter:card\" content=\"summary_large_image\" \/>\n<meta name=\"twitter:label1\" content=\"\u00c9crit par\" \/>\n\t<meta name=\"twitter:data1\" content=\"oliviere\" \/>\n<script type=\"application\/ld+json\" class=\"yoast-schema-graph\">{\"@context\":\"https:\\\/\\\/schema.org\",\"@graph\":[{\"@type\":\"Article\",\"@id\":\"https:\\\/\\\/fr.motocrossmag.be\\\/index.php\\\/2010\\\/09\\\/galerie-photos-le-mini-musee-mxmag-a-orp\\\/#article\",\"isPartOf\":{\"@id\":\"https:\\\/\\\/fr.motocrossmag.be\\\/index.php\\\/2010\\\/09\\\/galerie-photos-le-mini-musee-mxmag-a-orp\\\/\"},\"author\":{\"name\":\"oliviere\",\"@id\":\"https:\\\/\\\/fr.motocrossmag.be\\\/#\\\/schema\\\/person\\\/11b47143d9f755babca2c9110e03235c\"},\"headline\":\"Galerie photos | Le mini-mus\u00e9e MXMag \u00e0\u00a0 Orp\",\"datePublished\":\"2010-09-02T15:00:51+00:00\",\"mainEntityOfPage\":{\"@id\":\"https:\\\/\\\/fr.motocrossmag.be\\\/index.php\\\/2010\\\/09\\\/galerie-photos-le-mini-musee-mxmag-a-orp\\\/\"},\"wordCount\":112,\"commentCount\":0,\"image\":{\"@id\":\"https:\\\/\\\/fr.motocrossmag.be\\\/index.php\\\/2010\\\/09\\\/galerie-photos-le-mini-musee-mxmag-a-orp\\\/#primaryimage\"},\"thumbnailUrl\":\"http:\\\/\\\/fr.motocrossmag.be\\\/wp-content\\\/uploads\\\/2010\\\/09\\\/orp_201329-150x150.jpg\",\"articleSection\":[\"Photos\"],\"inLanguage\":\"fr-FR\",\"potentialAction\":[{\"@type\":\"CommentAction\",\"name\":\"Comment\",\"target\":[\"https:\\\/\\\/fr.motocrossmag.be\\\/index.php\\\/2010\\\/09\\\/galerie-photos-le-mini-musee-mxmag-a-orp\\\/#respond\"]}]},{\"@type\":\"WebPage\",\"@id\":\"https:\\\/\\\/fr.motocrossmag.be\\\/index.php\\\/2010\\\/09\\\/galerie-photos-le-mini-musee-mxmag-a-orp\\\/\",\"url\":\"https:\\\/\\\/fr.motocrossmag.be\\\/index.php\\\/2010\\\/09\\\/galerie-photos-le-mini-musee-mxmag-a-orp\\\/\",\"name\":\"Galerie photos | Le mini-mus\u00e9e MXMag \u00e0\u00a0 Orp - Motocross - Enduro - Supermoto | MotocrossMag\",\"isPartOf\":{\"@id\":\"https:\\\/\\\/fr.motocrossmag.be\\\/#website\"},\"primaryImageOfPage\":{\"@id\":\"https:\\\/\\\/fr.motocrossmag.be\\\/index.php\\\/2010\\\/09\\\/galerie-photos-le-mini-musee-mxmag-a-orp\\\/#primaryimage\"},\"image\":{\"@id\":\"https:\\\/\\\/fr.motocrossmag.be\\\/index.php\\\/2010\\\/09\\\/galerie-photos-le-mini-musee-mxmag-a-orp\\\/#primaryimage\"},\"thumbnailUrl\":\"http:\\\/\\\/fr.motocrossmag.be\\\/wp-content\\\/uploads\\\/2010\\\/09\\\/orp_201329-150x150.jpg\",\"datePublished\":\"2010-09-02T15:00:51+00:00\",\"author\":{\"@id\":\"https:\\\/\\\/fr.motocrossmag.be\\\/#\\\/schema\\\/person\\\/11b47143d9f755babca2c9110e03235c\"},\"breadcrumb\":{\"@id\":\"https:\\\/\\\/fr.motocrossmag.be\\\/index.php\\\/2010\\\/09\\\/galerie-photos-le-mini-musee-mxmag-a-orp\\\/#breadcrumb\"},\"inLanguage\":\"fr-FR\",\"potentialAction\":[{\"@type\":\"ReadAction\",\"target\":[\"https:\\\/\\\/fr.motocrossmag.be\\\/index.php\\\/2010\\\/09\\\/galerie-photos-le-mini-musee-mxmag-a-orp\\\/\"]}]},{\"@type\":\"ImageObject\",\"inLanguage\":\"fr-FR\",\"@id\":\"https:\\\/\\\/fr.motocrossmag.be\\\/index.php\\\/2010\\\/09\\\/galerie-photos-le-mini-musee-mxmag-a-orp\\\/#primaryimage\",\"url\":\"https:\\\/\\\/fr.motocrossmag.be\\\/wp-content\\\/uploads\\\/2010\\\/09\\\/orp_201329.jpg\",\"contentUrl\":\"https:\\\/\\\/fr.motocrossmag.be\\\/wp-content\\\/uploads\\\/2010\\\/09\\\/orp_201329.jpg\",\"width\":533,\"height\":800},{\"@type\":\"BreadcrumbList\",\"@id\":\"https:\\\/\\\/fr.motocrossmag.be\\\/index.php\\\/2010\\\/09\\\/galerie-photos-le-mini-musee-mxmag-a-orp\\\/#breadcrumb\",\"itemListElement\":[{\"@type\":\"ListItem\",\"position\":1,\"name\":\"Accueil\",\"item\":\"https:\\\/\\\/fr.motocrossmag.be\\\/\"},{\"@type\":\"ListItem\",\"position\":2,\"name\":\"Galerie photos | Le mini-mus\u00e9e MXMag \u00e0\u00a0 Orp\"}]},{\"@type\":\"WebSite\",\"@id\":\"https:\\\/\\\/fr.motocrossmag.be\\\/#website\",\"url\":\"https:\\\/\\\/fr.motocrossmag.be\\\/\",\"name\":\"Motocross - Enduro - Supermoto | MotocrossMag\",\"description\":\"L&#039;actualit\u00e9 du motocross, de l&#039;enduro et du Supermoto en ligne!\",\"potentialAction\":[{\"@type\":\"SearchAction\",\"target\":{\"@type\":\"EntryPoint\",\"urlTemplate\":\"https:\\\/\\\/fr.motocrossmag.be\\\/?s={search_term_string}\"},\"query-input\":{\"@type\":\"PropertyValueSpecification\",\"valueRequired\":true,\"valueName\":\"search_term_string\"}}],\"inLanguage\":\"fr-FR\"},{\"@type\":\"Person\",\"@id\":\"https:\\\/\\\/fr.motocrossmag.be\\\/#\\\/schema\\\/person\\\/11b47143d9f755babca2c9110e03235c\",\"name\":\"oliviere\",\"image\":{\"@type\":\"ImageObject\",\"inLanguage\":\"fr-FR\",\"@id\":\"https:\\\/\\\/secure.gravatar.com\\\/avatar\\\/907069e0b81d119452040469e4a7501da1100f54f7f80180ce77bfab718288f6?s=96&d=mm&r=g\",\"url\":\"https:\\\/\\\/secure.gravatar.com\\\/avatar\\\/907069e0b81d119452040469e4a7501da1100f54f7f80180ce77bfab718288f6?s=96&d=mm&r=g\",\"contentUrl\":\"https:\\\/\\\/secure.gravatar.com\\\/avatar\\\/907069e0b81d119452040469e4a7501da1100f54f7f80180ce77bfab718288f6?s=96&d=mm&r=g\",\"caption\":\"oliviere\"},\"sameAs\":[\"http:\\\/\\\/www.motocrossmag.be\"],\"url\":\"https:\\\/\\\/fr.motocrossmag.be\\\/index.php\\\/author\\\/oliviere\\\/\"}]}<\/script>\n<!-- \/ Yoast SEO plugin. -->","yoast_head_json":{"title":"Galerie photos | Le mini-mus\u00e9e MXMag \u00e0\u00a0 Orp - Motocross - Enduro - Supermoto | MotocrossMag","robots":{"index":"index","follow":"follow","max-snippet":"max-snippet:-1","max-image-preview":"max-image-preview:large","max-video-preview":"max-video-preview:-1"},"canonical":"https:\/\/fr.motocrossmag.be\/index.php\/2010\/09\/galerie-photos-le-mini-musee-mxmag-a-orp\/","og_locale":"fr_FR","og_type":"article","og_title":"Galerie photos | Le mini-mus\u00e9e MXMag \u00e0\u00a0 Orp - Motocross - Enduro - Supermoto | MotocrossMag","og_description":"Si vous n&rsquo;\u00e9tiez pas \u00e0\u00a0 Orp et que vous avez par cons\u00e9quent manqu\u00e9 l&rsquo;occasion de visiter notre mini-mus\u00e9e MXMag et de vous replonger ainsi l&rsquo;espace de quelques instants dans l&rsquo;\u00e0\u00a2ge d&rsquo;or du motocross, voici venue l&rsquo;heure du rattrapage. Une petite s\u00e9lection de photos qui vous permettra vous aussi d&rsquo;admirer, entre autres, les \u00e9quipements, devenus l\u00e9gendaires, [&hellip;]","og_url":"https:\/\/fr.motocrossmag.be\/index.php\/2010\/09\/galerie-photos-le-mini-musee-mxmag-a-orp\/","og_site_name":"Motocross - Enduro - Supermoto | MotocrossMag","article_published_time":"2010-09-02T15:00:51+00:00","og_image":[{"url":"http:\/\/fr.motocrossmag.be\/wp-content\/uploads\/2010\/09\/orp_201329-150x150.jpg","type":"","width":"","height":""}],"author":"oliviere","twitter_card":"summary_large_image","twitter_misc":{"\u00c9crit par":"oliviere"},"schema":{"@context":"https:\/\/schema.org","@graph":[{"@type":"Article","@id":"https:\/\/fr.motocrossmag.be\/index.php\/2010\/09\/galerie-photos-le-mini-musee-mxmag-a-orp\/#article","isPartOf":{"@id":"https:\/\/fr.motocrossmag.be\/index.php\/2010\/09\/galerie-photos-le-mini-musee-mxmag-a-orp\/"},"author":{"name":"oliviere","@id":"https:\/\/fr.motocrossmag.be\/#\/schema\/person\/11b47143d9f755babca2c9110e03235c"},"headline":"Galerie photos | Le mini-mus\u00e9e MXMag \u00e0\u00a0 Orp","datePublished":"2010-09-02T15:00:51+00:00","mainEntityOfPage":{"@id":"https:\/\/fr.motocrossmag.be\/index.php\/2010\/09\/galerie-photos-le-mini-musee-mxmag-a-orp\/"},"wordCount":112,"commentCount":0,"image":{"@id":"https:\/\/fr.motocrossmag.be\/index.php\/2010\/09\/galerie-photos-le-mini-musee-mxmag-a-orp\/#primaryimage"},"thumbnailUrl":"http:\/\/fr.motocrossmag.be\/wp-content\/uploads\/2010\/09\/orp_201329-150x150.jpg","articleSection":["Photos"],"inLanguage":"fr-FR","potentialAction":[{"@type":"CommentAction","name":"Comment","target":["https:\/\/fr.motocrossmag.be\/index.php\/2010\/09\/galerie-photos-le-mini-musee-mxmag-a-orp\/#respond"]}]},{"@type":"WebPage","@id":"https:\/\/fr.motocrossmag.be\/index.php\/2010\/09\/galerie-photos-le-mini-musee-mxmag-a-orp\/","url":"https:\/\/fr.motocrossmag.be\/index.php\/2010\/09\/galerie-photos-le-mini-musee-mxmag-a-orp\/","name":"Galerie photos | Le mini-mus\u00e9e MXMag \u00e0\u00a0 Orp - Motocross - Enduro - Supermoto | MotocrossMag","isPartOf":{"@id":"https:\/\/fr.motocrossmag.be\/#website"},"primaryImageOfPage":{"@id":"https:\/\/fr.motocrossmag.be\/index.php\/2010\/09\/galerie-photos-le-mini-musee-mxmag-a-orp\/#primaryimage"},"image":{"@id":"https:\/\/fr.motocrossmag.be\/index.php\/2010\/09\/galerie-photos-le-mini-musee-mxmag-a-orp\/#primaryimage"},"thumbnailUrl":"http:\/\/fr.motocrossmag.be\/wp-content\/uploads\/2010\/09\/orp_201329-150x150.jpg","datePublished":"2010-09-02T15:00:51+00:00","author":{"@id":"https:\/\/fr.motocrossmag.be\/#\/schema\/person\/11b47143d9f755babca2c9110e03235c"},"breadcrumb":{"@id":"https:\/\/fr.motocrossmag.be\/index.php\/2010\/09\/galerie-photos-le-mini-musee-mxmag-a-orp\/#breadcrumb"},"inLanguage":"fr-FR","potentialAction":[{"@type":"ReadAction","target":["https:\/\/fr.motocrossmag.be\/index.php\/2010\/09\/galerie-photos-le-mini-musee-mxmag-a-orp\/"]}]},{"@type":"ImageObject","inLanguage":"fr-FR","@id":"https:\/\/fr.motocrossmag.be\/index.php\/2010\/09\/galerie-photos-le-mini-musee-mxmag-a-orp\/#primaryimage","url":"https:\/\/fr.motocrossmag.be\/wp-content\/uploads\/2010\/09\/orp_201329.jpg","contentUrl":"https:\/\/fr.motocrossmag.be\/wp-content\/uploads\/2010\/09\/orp_201329.jpg","width":533,"height":800},{"@type":"BreadcrumbList","@id":"https:\/\/fr.motocrossmag.be\/index.php\/2010\/09\/galerie-photos-le-mini-musee-mxmag-a-orp\/#breadcrumb","itemListElement":[{"@type":"ListItem","position":1,"name":"Accueil","item":"https:\/\/fr.motocrossmag.be\/"},{"@type":"ListItem","position":2,"name":"Galerie photos | Le mini-mus\u00e9e MXMag \u00e0\u00a0 Orp"}]},{"@type":"WebSite","@id":"https:\/\/fr.motocrossmag.be\/#website","url":"https:\/\/fr.motocrossmag.be\/","name":"Motocross - Enduro - Supermoto | MotocrossMag","description":"L&#039;actualit\u00e9 du motocross, de l&#039;enduro et du Supermoto en ligne!","potentialAction":[{"@type":"SearchAction","target":{"@type":"EntryPoint","urlTemplate":"https:\/\/fr.motocrossmag.be\/?s={search_term_string}"},"query-input":{"@type":"PropertyValueSpecification","valueRequired":true,"valueName":"search_term_string"}}],"inLanguage":"fr-FR"},{"@type":"Person","@id":"https:\/\/fr.motocrossmag.be\/#\/schema\/person\/11b47143d9f755babca2c9110e03235c","name":"oliviere","image":{"@type":"ImageObject","inLanguage":"fr-FR","@id":"https:\/\/secure.gravatar.com\/avatar\/907069e0b81d119452040469e4a7501da1100f54f7f80180ce77bfab718288f6?s=96&d=mm&r=g","url":"https:\/\/secure.gravatar.com\/avatar\/907069e0b81d119452040469e4a7501da1100f54f7f80180ce77bfab718288f6?s=96&d=mm&r=g","contentUrl":"https:\/\/secure.gravatar.com\/avatar\/907069e0b81d119452040469e4a7501da1100f54f7f80180ce77bfab718288f6?s=96&d=mm&r=g","caption":"oliviere"},"sameAs":["http:\/\/www.motocrossmag.be"],"url":"https:\/\/fr.motocrossmag.be\/index.php\/author\/oliviere\/"}]}},"_links":{"self":[{"href":"https:\/\/fr.motocrossmag.be\/index.php\/wp-json\/wp\/v2\/posts\/8507","targetHints":{"allow":["GET"]}}],"collection":[{"href":"https:\/\/fr.motocrossmag.be\/index.php\/wp-json\/wp\/v2\/posts"}],"about":[{"href":"https:\/\/fr.motocrossmag.be\/index.php\/wp-json\/wp\/v2\/types\/post"}],"author":[{"embeddable":true,"href":"https:\/\/fr.motocrossmag.be\/index.php\/wp-json\/wp\/v2\/users\/932"}],"replies":[{"embeddable":true,"href":"https:\/\/fr.motocrossmag.be\/index.php\/wp-json\/wp\/v2\/comments?post=8507"}],"version-history":[{"count":0,"href":"https:\/\/fr.motocrossmag.be\/index.php\/wp-json\/wp\/v2\/posts\/8507\/revisions"}],"wp:attachment":[{"href":"https:\/\/fr.motocrossmag.be\/index.php\/wp-json\/wp\/v2\/media?parent=8507"}],"wp:term":[{"taxonomy":"category","embeddable":true,"href":"https:\/\/fr.motocrossmag.be\/index.php\/wp-json\/wp\/v2\/categories?post=8507"},{"taxonomy":"post_tag","embeddable":true,"href":"https:\/\/fr.motocrossmag.be\/index.php\/wp-json\/wp\/v2\/tags?post=8507"}],"curies":[{"name":"wp","href":"https:\/\/api.w.org\/{rel}","templated":true}]}}