{"id":85135,"date":"2019-03-24T18:28:44","date_gmt":"2019-03-24T17:28:44","guid":{"rendered":"https:\/\/fr.motocrossmag.be\/?p=85135"},"modified":"2019-03-24T23:29:26","modified_gmt":"2019-03-24T22:29:26","slug":"endurogp-steve-holcombe-deja-au-sommet-de-la-hierarchie","status":"publish","type":"post","link":"https:\/\/fr.motocrossmag.be\/index.php\/2019\/03\/endurogp-steve-holcombe-deja-au-sommet-de-la-hierarchie\/","title":{"rendered":"EnduroGP : Steve Holcombe d\u00e9j\u00e0 au sommet de la hi\u00e9rarchie"},"content":{"rendered":"<p><strong>Bis repetita ce dimanche sur la deuxi\u00e8me journ\u00e9e du GP d&rsquo;Allemagne, premier round de la saison EnduroGP, pour Steve Holcombe. Le champion EnduroGP 2018 s&rsquo;est mis tout de suite dans le rythme. Sa journ\u00e9e se r\u00e9sumait \u00e0 un encha\u00eenement de meilleurs temps (8 victoires de sp\u00e9ciale \u00e0 la suite). Seuls Davide Guarneri, Brad Freeman et Danny McCanney sont parvenus \u00e0 subtiliser des victoires de sp\u00e9ciales au pilote Beta Factory. La saison d\u00e9bute \u00e0 peine et Holcombe semble d\u00e9j\u00e0 \u00eatre au sommet de son art. Vainqueur des deux journ\u00e9es, il est logiquement en t\u00eate de l\u2019EnduroGP \u00e0 l\u2019issue de ce week-end germanique.<\/strong><\/p>\n<p>Chez les Juniors, la premi\u00e8re sortie de Matthew Vanoevelen en tant que pilote officiel GasGas se solde par une cinqui\u00e8me place le samedi puis une sixi\u00e8me le dimanche. Dans la toute nouvelle Coupe FIM, notre compatriote Mathias Van Hoof prend la sixi\u00e8me place \u00e0 deux reprises dans la classe Open 4T.<strong><br \/>\n<\/strong><\/p>\n<p>&nbsp;<\/p>\n<p><iframe class=\"lazyload\" src=\"data:image\/svg+xml,%3Csvg%20xmlns%3D%27http%3A%2F%2Fwww.w3.org%2F2000%2Fsvg%27%20width%3D%27650%27%20height%3D%27366%27%20viewBox%3D%270%200%20650%20366%27%3E%3Crect%20width%3D%27650%27%20height%3D%27366%27%20fill-opacity%3D%220%22%2F%3E%3C%2Fsvg%3E\" data-orig-src=\"https:\/\/www.youtube.com\/embed\/Gu3bodrtRzE\" width=\"650\" height=\"366\" frameborder=\"0\" allowfullscreen=\"allowfullscreen\"><\/iframe><\/p>\n","protected":false},"excerpt":{"rendered":"<p>Bis repetita ce dimanche sur la deuxi\u00e8me journ\u00e9e du GP d&rsquo;Allemagne, premier round de la saison EnduroGP, pour Steve Holcombe. Le champion EnduroGP 2018 s&rsquo;est mis tout de suite dans [&#8230;]<\/p>\n","protected":false},"author":932,"featured_media":85136,"comment_status":"open","ping_status":"closed","sticky":false,"template":"","format":"standard","meta":{"footnotes":""},"categories":[54,32,34,33,55,65],"tags":[],"class_list":["post-85135","post","type-post","status-publish","format-standard","has-post-thumbnail","hentry","category-actualite","category-enduro","category-endurogp","category-news-enduro","category-news-actualite","category-slideshow"],"yoast_head":"<!-- This site is optimized with the Yoast SEO plugin v27.4 - https:\/\/yoast.com\/product\/yoast-seo-wordpress\/ -->\n<title>EnduroGP : Steve Holcombe d\u00e9j\u00e0 au sommet de la hi\u00e9rarchie - Motocross - Enduro - Supermoto | MotocrossMag<\/title>\n<meta name=\"robots\" content=\"index, follow, max-snippet:-1, max-image-preview:large, max-video-preview:-1\" \/>\n<link rel=\"canonical\" href=\"https:\/\/fr.motocrossmag.be\/index.php\/2019\/03\/endurogp-steve-holcombe-deja-au-sommet-de-la-hierarchie\/\" \/>\n<meta property=\"og:locale\" content=\"fr_FR\" \/>\n<meta property=\"og:type\" content=\"article\" \/>\n<meta property=\"og:title\" content=\"EnduroGP : Steve Holcombe d\u00e9j\u00e0 au sommet de la hi\u00e9rarchie - Motocross - Enduro - Supermoto | MotocrossMag\" \/>\n<meta property=\"og:description\" content=\"Bis repetita ce dimanche sur la deuxi\u00e8me journ\u00e9e du GP d&rsquo;Allemagne, premier round de la saison EnduroGP, pour Steve Holcombe. Le champion EnduroGP 2018 s&rsquo;est mis tout de suite dans [...]\" \/>\n<meta property=\"og:url\" content=\"https:\/\/fr.motocrossmag.be\/index.php\/2019\/03\/endurogp-steve-holcombe-deja-au-sommet-de-la-hierarchie\/\" \/>\n<meta property=\"og:site_name\" content=\"Motocross - Enduro - Supermoto | MotocrossMag\" \/>\n<meta property=\"article:published_time\" content=\"2019-03-24T17:28:44+00:00\" \/>\n<meta property=\"article:modified_time\" content=\"2019-03-24T22:29:26+00:00\" \/>\n<meta property=\"og:image\" content=\"https:\/\/fr.motocrossmag.be\/wp-content\/uploads\/2019\/03\/holcombe-redplate-allemagne-endurogp.jpg\" \/>\n\t<meta property=\"og:image:width\" content=\"1080\" \/>\n\t<meta property=\"og:image:height\" content=\"720\" \/>\n\t<meta property=\"og:image:type\" content=\"image\/jpeg\" \/>\n<meta name=\"author\" content=\"oliviere\" \/>\n<meta name=\"twitter:card\" content=\"summary_large_image\" \/>\n<meta name=\"twitter:label1\" content=\"\u00c9crit par\" \/>\n\t<meta name=\"twitter:data1\" content=\"oliviere\" \/>\n\t<meta name=\"twitter:label2\" content=\"Dur\u00e9e de lecture estim\u00e9e\" \/>\n\t<meta name=\"twitter:data2\" content=\"1 minute\" \/>\n<script type=\"application\/ld+json\" class=\"yoast-schema-graph\">{\"@context\":\"https:\\\/\\\/schema.org\",\"@graph\":[{\"@type\":\"Article\",\"@id\":\"https:\\\/\\\/fr.motocrossmag.be\\\/index.php\\\/2019\\\/03\\\/endurogp-steve-holcombe-deja-au-sommet-de-la-hierarchie\\\/#article\",\"isPartOf\":{\"@id\":\"https:\\\/\\\/fr.motocrossmag.be\\\/index.php\\\/2019\\\/03\\\/endurogp-steve-holcombe-deja-au-sommet-de-la-hierarchie\\\/\"},\"author\":{\"name\":\"oliviere\",\"@id\":\"https:\\\/\\\/fr.motocrossmag.be\\\/#\\\/schema\\\/person\\\/11b47143d9f755babca2c9110e03235c\"},\"headline\":\"EnduroGP : Steve Holcombe d\u00e9j\u00e0 au sommet de la hi\u00e9rarchie\",\"datePublished\":\"2019-03-24T17:28:44+00:00\",\"dateModified\":\"2019-03-24T22:29:26+00:00\",\"mainEntityOfPage\":{\"@id\":\"https:\\\/\\\/fr.motocrossmag.be\\\/index.php\\\/2019\\\/03\\\/endurogp-steve-holcombe-deja-au-sommet-de-la-hierarchie\\\/\"},\"wordCount\":175,\"commentCount\":0,\"image\":{\"@id\":\"https:\\\/\\\/fr.motocrossmag.be\\\/index.php\\\/2019\\\/03\\\/endurogp-steve-holcombe-deja-au-sommet-de-la-hierarchie\\\/#primaryimage\"},\"thumbnailUrl\":\"https:\\\/\\\/fr.motocrossmag.be\\\/wp-content\\\/uploads\\\/2019\\\/03\\\/holcombe-redplate-allemagne-endurogp.jpg\",\"articleSection\":[\"Actualit\u00e9\",\"Enduro\",\"EnduroGP\",\"News\",\"News\",\"Slideshow\"],\"inLanguage\":\"fr-FR\",\"potentialAction\":[{\"@type\":\"CommentAction\",\"name\":\"Comment\",\"target\":[\"https:\\\/\\\/fr.motocrossmag.be\\\/index.php\\\/2019\\\/03\\\/endurogp-steve-holcombe-deja-au-sommet-de-la-hierarchie\\\/#respond\"]}]},{\"@type\":\"WebPage\",\"@id\":\"https:\\\/\\\/fr.motocrossmag.be\\\/index.php\\\/2019\\\/03\\\/endurogp-steve-holcombe-deja-au-sommet-de-la-hierarchie\\\/\",\"url\":\"https:\\\/\\\/fr.motocrossmag.be\\\/index.php\\\/2019\\\/03\\\/endurogp-steve-holcombe-deja-au-sommet-de-la-hierarchie\\\/\",\"name\":\"EnduroGP : Steve Holcombe d\u00e9j\u00e0 au sommet de la hi\u00e9rarchie - Motocross - Enduro - Supermoto | MotocrossMag\",\"isPartOf\":{\"@id\":\"https:\\\/\\\/fr.motocrossmag.be\\\/#website\"},\"primaryImageOfPage\":{\"@id\":\"https:\\\/\\\/fr.motocrossmag.be\\\/index.php\\\/2019\\\/03\\\/endurogp-steve-holcombe-deja-au-sommet-de-la-hierarchie\\\/#primaryimage\"},\"image\":{\"@id\":\"https:\\\/\\\/fr.motocrossmag.be\\\/index.php\\\/2019\\\/03\\\/endurogp-steve-holcombe-deja-au-sommet-de-la-hierarchie\\\/#primaryimage\"},\"thumbnailUrl\":\"https:\\\/\\\/fr.motocrossmag.be\\\/wp-content\\\/uploads\\\/2019\\\/03\\\/holcombe-redplate-allemagne-endurogp.jpg\",\"datePublished\":\"2019-03-24T17:28:44+00:00\",\"dateModified\":\"2019-03-24T22:29:26+00:00\",\"author\":{\"@id\":\"https:\\\/\\\/fr.motocrossmag.be\\\/#\\\/schema\\\/person\\\/11b47143d9f755babca2c9110e03235c\"},\"breadcrumb\":{\"@id\":\"https:\\\/\\\/fr.motocrossmag.be\\\/index.php\\\/2019\\\/03\\\/endurogp-steve-holcombe-deja-au-sommet-de-la-hierarchie\\\/#breadcrumb\"},\"inLanguage\":\"fr-FR\",\"potentialAction\":[{\"@type\":\"ReadAction\",\"target\":[\"https:\\\/\\\/fr.motocrossmag.be\\\/index.php\\\/2019\\\/03\\\/endurogp-steve-holcombe-deja-au-sommet-de-la-hierarchie\\\/\"]}]},{\"@type\":\"ImageObject\",\"inLanguage\":\"fr-FR\",\"@id\":\"https:\\\/\\\/fr.motocrossmag.be\\\/index.php\\\/2019\\\/03\\\/endurogp-steve-holcombe-deja-au-sommet-de-la-hierarchie\\\/#primaryimage\",\"url\":\"https:\\\/\\\/fr.motocrossmag.be\\\/wp-content\\\/uploads\\\/2019\\\/03\\\/holcombe-redplate-allemagne-endurogp.jpg\",\"contentUrl\":\"https:\\\/\\\/fr.motocrossmag.be\\\/wp-content\\\/uploads\\\/2019\\\/03\\\/holcombe-redplate-allemagne-endurogp.jpg\",\"width\":1080,\"height\":720},{\"@type\":\"BreadcrumbList\",\"@id\":\"https:\\\/\\\/fr.motocrossmag.be\\\/index.php\\\/2019\\\/03\\\/endurogp-steve-holcombe-deja-au-sommet-de-la-hierarchie\\\/#breadcrumb\",\"itemListElement\":[{\"@type\":\"ListItem\",\"position\":1,\"name\":\"Accueil\",\"item\":\"https:\\\/\\\/fr.motocrossmag.be\\\/\"},{\"@type\":\"ListItem\",\"position\":2,\"name\":\"EnduroGP : Steve Holcombe d\u00e9j\u00e0 au sommet de la hi\u00e9rarchie\"}]},{\"@type\":\"WebSite\",\"@id\":\"https:\\\/\\\/fr.motocrossmag.be\\\/#website\",\"url\":\"https:\\\/\\\/fr.motocrossmag.be\\\/\",\"name\":\"Motocross - Enduro - Supermoto | MotocrossMag\",\"description\":\"L&#039;actualit\u00e9 du motocross, de l&#039;enduro et du Supermoto en ligne!\",\"potentialAction\":[{\"@type\":\"SearchAction\",\"target\":{\"@type\":\"EntryPoint\",\"urlTemplate\":\"https:\\\/\\\/fr.motocrossmag.be\\\/?s={search_term_string}\"},\"query-input\":{\"@type\":\"PropertyValueSpecification\",\"valueRequired\":true,\"valueName\":\"search_term_string\"}}],\"inLanguage\":\"fr-FR\"},{\"@type\":\"Person\",\"@id\":\"https:\\\/\\\/fr.motocrossmag.be\\\/#\\\/schema\\\/person\\\/11b47143d9f755babca2c9110e03235c\",\"name\":\"oliviere\",\"image\":{\"@type\":\"ImageObject\",\"inLanguage\":\"fr-FR\",\"@id\":\"https:\\\/\\\/secure.gravatar.com\\\/avatar\\\/907069e0b81d119452040469e4a7501da1100f54f7f80180ce77bfab718288f6?s=96&d=mm&r=g\",\"url\":\"https:\\\/\\\/secure.gravatar.com\\\/avatar\\\/907069e0b81d119452040469e4a7501da1100f54f7f80180ce77bfab718288f6?s=96&d=mm&r=g\",\"contentUrl\":\"https:\\\/\\\/secure.gravatar.com\\\/avatar\\\/907069e0b81d119452040469e4a7501da1100f54f7f80180ce77bfab718288f6?s=96&d=mm&r=g\",\"caption\":\"oliviere\"},\"sameAs\":[\"http:\\\/\\\/www.motocrossmag.be\"],\"url\":\"https:\\\/\\\/fr.motocrossmag.be\\\/index.php\\\/author\\\/oliviere\\\/\"}]}<\/script>\n<!-- \/ Yoast SEO plugin. -->","yoast_head_json":{"title":"EnduroGP : Steve Holcombe d\u00e9j\u00e0 au sommet de la hi\u00e9rarchie - Motocross - Enduro - Supermoto | MotocrossMag","robots":{"index":"index","follow":"follow","max-snippet":"max-snippet:-1","max-image-preview":"max-image-preview:large","max-video-preview":"max-video-preview:-1"},"canonical":"https:\/\/fr.motocrossmag.be\/index.php\/2019\/03\/endurogp-steve-holcombe-deja-au-sommet-de-la-hierarchie\/","og_locale":"fr_FR","og_type":"article","og_title":"EnduroGP : Steve Holcombe d\u00e9j\u00e0 au sommet de la hi\u00e9rarchie - Motocross - Enduro - Supermoto | MotocrossMag","og_description":"Bis repetita ce dimanche sur la deuxi\u00e8me journ\u00e9e du GP d&rsquo;Allemagne, premier round de la saison EnduroGP, pour Steve Holcombe. Le champion EnduroGP 2018 s&rsquo;est mis tout de suite dans [...]","og_url":"https:\/\/fr.motocrossmag.be\/index.php\/2019\/03\/endurogp-steve-holcombe-deja-au-sommet-de-la-hierarchie\/","og_site_name":"Motocross - Enduro - Supermoto | MotocrossMag","article_published_time":"2019-03-24T17:28:44+00:00","article_modified_time":"2019-03-24T22:29:26+00:00","og_image":[{"width":1080,"height":720,"url":"https:\/\/fr.motocrossmag.be\/wp-content\/uploads\/2019\/03\/holcombe-redplate-allemagne-endurogp.jpg","type":"image\/jpeg"}],"author":"oliviere","twitter_card":"summary_large_image","twitter_misc":{"\u00c9crit par":"oliviere","Dur\u00e9e de lecture estim\u00e9e":"1 minute"},"schema":{"@context":"https:\/\/schema.org","@graph":[{"@type":"Article","@id":"https:\/\/fr.motocrossmag.be\/index.php\/2019\/03\/endurogp-steve-holcombe-deja-au-sommet-de-la-hierarchie\/#article","isPartOf":{"@id":"https:\/\/fr.motocrossmag.be\/index.php\/2019\/03\/endurogp-steve-holcombe-deja-au-sommet-de-la-hierarchie\/"},"author":{"name":"oliviere","@id":"https:\/\/fr.motocrossmag.be\/#\/schema\/person\/11b47143d9f755babca2c9110e03235c"},"headline":"EnduroGP : Steve Holcombe d\u00e9j\u00e0 au sommet de la hi\u00e9rarchie","datePublished":"2019-03-24T17:28:44+00:00","dateModified":"2019-03-24T22:29:26+00:00","mainEntityOfPage":{"@id":"https:\/\/fr.motocrossmag.be\/index.php\/2019\/03\/endurogp-steve-holcombe-deja-au-sommet-de-la-hierarchie\/"},"wordCount":175,"commentCount":0,"image":{"@id":"https:\/\/fr.motocrossmag.be\/index.php\/2019\/03\/endurogp-steve-holcombe-deja-au-sommet-de-la-hierarchie\/#primaryimage"},"thumbnailUrl":"https:\/\/fr.motocrossmag.be\/wp-content\/uploads\/2019\/03\/holcombe-redplate-allemagne-endurogp.jpg","articleSection":["Actualit\u00e9","Enduro","EnduroGP","News","News","Slideshow"],"inLanguage":"fr-FR","potentialAction":[{"@type":"CommentAction","name":"Comment","target":["https:\/\/fr.motocrossmag.be\/index.php\/2019\/03\/endurogp-steve-holcombe-deja-au-sommet-de-la-hierarchie\/#respond"]}]},{"@type":"WebPage","@id":"https:\/\/fr.motocrossmag.be\/index.php\/2019\/03\/endurogp-steve-holcombe-deja-au-sommet-de-la-hierarchie\/","url":"https:\/\/fr.motocrossmag.be\/index.php\/2019\/03\/endurogp-steve-holcombe-deja-au-sommet-de-la-hierarchie\/","name":"EnduroGP : Steve Holcombe d\u00e9j\u00e0 au sommet de la hi\u00e9rarchie - Motocross - Enduro - Supermoto | MotocrossMag","isPartOf":{"@id":"https:\/\/fr.motocrossmag.be\/#website"},"primaryImageOfPage":{"@id":"https:\/\/fr.motocrossmag.be\/index.php\/2019\/03\/endurogp-steve-holcombe-deja-au-sommet-de-la-hierarchie\/#primaryimage"},"image":{"@id":"https:\/\/fr.motocrossmag.be\/index.php\/2019\/03\/endurogp-steve-holcombe-deja-au-sommet-de-la-hierarchie\/#primaryimage"},"thumbnailUrl":"https:\/\/fr.motocrossmag.be\/wp-content\/uploads\/2019\/03\/holcombe-redplate-allemagne-endurogp.jpg","datePublished":"2019-03-24T17:28:44+00:00","dateModified":"2019-03-24T22:29:26+00:00","author":{"@id":"https:\/\/fr.motocrossmag.be\/#\/schema\/person\/11b47143d9f755babca2c9110e03235c"},"breadcrumb":{"@id":"https:\/\/fr.motocrossmag.be\/index.php\/2019\/03\/endurogp-steve-holcombe-deja-au-sommet-de-la-hierarchie\/#breadcrumb"},"inLanguage":"fr-FR","potentialAction":[{"@type":"ReadAction","target":["https:\/\/fr.motocrossmag.be\/index.php\/2019\/03\/endurogp-steve-holcombe-deja-au-sommet-de-la-hierarchie\/"]}]},{"@type":"ImageObject","inLanguage":"fr-FR","@id":"https:\/\/fr.motocrossmag.be\/index.php\/2019\/03\/endurogp-steve-holcombe-deja-au-sommet-de-la-hierarchie\/#primaryimage","url":"https:\/\/fr.motocrossmag.be\/wp-content\/uploads\/2019\/03\/holcombe-redplate-allemagne-endurogp.jpg","contentUrl":"https:\/\/fr.motocrossmag.be\/wp-content\/uploads\/2019\/03\/holcombe-redplate-allemagne-endurogp.jpg","width":1080,"height":720},{"@type":"BreadcrumbList","@id":"https:\/\/fr.motocrossmag.be\/index.php\/2019\/03\/endurogp-steve-holcombe-deja-au-sommet-de-la-hierarchie\/#breadcrumb","itemListElement":[{"@type":"ListItem","position":1,"name":"Accueil","item":"https:\/\/fr.motocrossmag.be\/"},{"@type":"ListItem","position":2,"name":"EnduroGP : Steve Holcombe d\u00e9j\u00e0 au sommet de la hi\u00e9rarchie"}]},{"@type":"WebSite","@id":"https:\/\/fr.motocrossmag.be\/#website","url":"https:\/\/fr.motocrossmag.be\/","name":"Motocross - Enduro - Supermoto | MotocrossMag","description":"L&#039;actualit\u00e9 du motocross, de l&#039;enduro et du Supermoto en ligne!","potentialAction":[{"@type":"SearchAction","target":{"@type":"EntryPoint","urlTemplate":"https:\/\/fr.motocrossmag.be\/?s={search_term_string}"},"query-input":{"@type":"PropertyValueSpecification","valueRequired":true,"valueName":"search_term_string"}}],"inLanguage":"fr-FR"},{"@type":"Person","@id":"https:\/\/fr.motocrossmag.be\/#\/schema\/person\/11b47143d9f755babca2c9110e03235c","name":"oliviere","image":{"@type":"ImageObject","inLanguage":"fr-FR","@id":"https:\/\/secure.gravatar.com\/avatar\/907069e0b81d119452040469e4a7501da1100f54f7f80180ce77bfab718288f6?s=96&d=mm&r=g","url":"https:\/\/secure.gravatar.com\/avatar\/907069e0b81d119452040469e4a7501da1100f54f7f80180ce77bfab718288f6?s=96&d=mm&r=g","contentUrl":"https:\/\/secure.gravatar.com\/avatar\/907069e0b81d119452040469e4a7501da1100f54f7f80180ce77bfab718288f6?s=96&d=mm&r=g","caption":"oliviere"},"sameAs":["http:\/\/www.motocrossmag.be"],"url":"https:\/\/fr.motocrossmag.be\/index.php\/author\/oliviere\/"}]}},"_links":{"self":[{"href":"https:\/\/fr.motocrossmag.be\/index.php\/wp-json\/wp\/v2\/posts\/85135","targetHints":{"allow":["GET"]}}],"collection":[{"href":"https:\/\/fr.motocrossmag.be\/index.php\/wp-json\/wp\/v2\/posts"}],"about":[{"href":"https:\/\/fr.motocrossmag.be\/index.php\/wp-json\/wp\/v2\/types\/post"}],"author":[{"embeddable":true,"href":"https:\/\/fr.motocrossmag.be\/index.php\/wp-json\/wp\/v2\/users\/932"}],"replies":[{"embeddable":true,"href":"https:\/\/fr.motocrossmag.be\/index.php\/wp-json\/wp\/v2\/comments?post=85135"}],"version-history":[{"count":0,"href":"https:\/\/fr.motocrossmag.be\/index.php\/wp-json\/wp\/v2\/posts\/85135\/revisions"}],"wp:featuredmedia":[{"embeddable":true,"href":"https:\/\/fr.motocrossmag.be\/index.php\/wp-json\/wp\/v2\/media\/85136"}],"wp:attachment":[{"href":"https:\/\/fr.motocrossmag.be\/index.php\/wp-json\/wp\/v2\/media?parent=85135"}],"wp:term":[{"taxonomy":"category","embeddable":true,"href":"https:\/\/fr.motocrossmag.be\/index.php\/wp-json\/wp\/v2\/categories?post=85135"},{"taxonomy":"post_tag","embeddable":true,"href":"https:\/\/fr.motocrossmag.be\/index.php\/wp-json\/wp\/v2\/tags?post=85135"}],"curies":[{"name":"wp","href":"https:\/\/api.w.org\/{rel}","templated":true}]}}