{"id":85333,"date":"2019-03-26T16:38:25","date_gmt":"2019-03-26T15:38:25","guid":{"rendered":"https:\/\/fr.motocrossmag.be\/?p=85333"},"modified":"2019-03-26T16:38:25","modified_gmt":"2019-03-26T15:38:25","slug":"endurogp-en-allemagne-les-impressions-de-matthew-vanoevelen","status":"publish","type":"post","link":"https:\/\/fr.motocrossmag.be\/index.php\/2019\/03\/endurogp-en-allemagne-les-impressions-de-matthew-vanoevelen\/","title":{"rendered":"EnduroGP en Allemagne : les impressions de Matthew Vanoevelen"},"content":{"rendered":"<p><strong>Le championnat EnduroGP a d\u00e9but\u00e9 ce week-end en Allemagne. L&rsquo;occasion pour Matthew Vanoevelen de faire ses premiers tours de roues chez les Juniors mais aussi d&rsquo;\u00e9trenner son nouveau statut de pilote officiel GasGas, confirm\u00e9 quelques jours avant l&rsquo;\u00e9preuve. Le Nismois revient sur ce premier round de la saison mondiale d&rsquo;enduro.<\/strong><\/p>\n<p>\u00ab\u00a0J\u2019ai abord\u00e9 ce GP d\u2019Allemagne \u00e0 Dahlen avec le moral gonfl\u00e9 \u00e0 bloc apr\u00e8s ma victoire \u00e0 Holten en championnat de Belgique et la confirmation par Gasgas de mon arriv\u00e9e au sein de l\u2019\u00e9quipe Factory. A 21 ans, c\u2019est une chance unique qui se pr\u00e9sente \u00e0 moi et je compte bien montrer tout le potentiel de la EC250 en mondial et sur le championnat de France. Pour avoir suivi la pr\u00e9paration de mes adversaires durant l\u2019hiver, je savais que le niveau en Juniors E1 serait tr\u00e8s relev\u00e9.\u00a0\u00bb<\/p>\n<div id=\"attachment_85334\" style=\"width: 660px\" class=\"wp-caption alignnone\"><img decoding=\"async\" aria-describedby=\"caption-attachment-85334\" class=\"lazyload size-medium wp-image-85334\" src=\"https:\/\/fr.motocrossmag.be\/wp-content\/uploads\/2019\/03\/4O0A4917-650x433.jpg\" data-orig-src=\"https:\/\/fr.motocrossmag.be\/wp-content\/uploads\/2019\/03\/4O0A4917-650x433.jpg\" alt=\"\" width=\"650\" height=\"433\" srcset=\"data:image\/svg+xml,%3Csvg%20xmlns%3D%27http%3A%2F%2Fwww.w3.org%2F2000%2Fsvg%27%20width%3D%27650%27%20height%3D%27433%27%20viewBox%3D%270%200%20650%20433%27%3E%3Crect%20width%3D%27650%27%20height%3D%27433%27%20fill-opacity%3D%220%22%2F%3E%3C%2Fsvg%3E\" data-srcset=\"https:\/\/fr.motocrossmag.be\/wp-content\/uploads\/2019\/03\/4O0A4917-650x433.jpg 650w, https:\/\/fr.motocrossmag.be\/wp-content\/uploads\/2019\/03\/4O0A4917-768x512.jpg 768w, https:\/\/fr.motocrossmag.be\/wp-content\/uploads\/2019\/03\/4O0A4917-1024x683.jpg 1024w, https:\/\/fr.motocrossmag.be\/wp-content\/uploads\/2019\/03\/4O0A4917.jpg 1350w\" data-sizes=\"auto\" data-orig-sizes=\"(max-width: 650px) 100vw, 650px\" \/><p id=\"caption-attachment-85334\" class=\"wp-caption-text\">Matthew Vanoevelen<\/p><\/div>\n<p>\u00ab\u00a0Le vendredi soir, lors de la Supertest, j\u2019ai d\u00e9croch\u00e9 le 3e temps scratch sur un trac\u00e9 peu technique, de quoi me rassurer sur mon niveau dans cette cat\u00e9gorie. Samedi matin, j\u2019ai r\u00e9alis\u00e9 un premier tour solide et je me suis retrouv\u00e9 apr\u00e8s 20 minutes de sp\u00e9ciales \u00e0 15 secondes du leader et \u00e0 deux secondes du podium. Quelques petits soucis de suspension ne m\u2019ont pas permis de maintenir la m\u00eame cadence, mais je suis parvenu \u00e0 boucler cette journ\u00e9e \u00e9prouvante (85km de sp\u00e9ciales) avec une quatri\u00e8me place en J1 et une 5e au scratch Juniors. Le dimanche, je suis parti sur le m\u00eame tempo que la veille avec un r\u00e9sultat quasi identique\u00a0: une 4e place en J1 et une 6e au scratch.<\/p>\n<p>Cette cat\u00e9gorie Juniors, c\u2019est du costaud. L\u2019Italien Verona reste le plus coriace de mes adversaires, mais je suis confiant sur ma marge de progression. Ce week-end m\u2019a permis de me rassurer sur mon \u00e9tat de forme. J\u2019ai pu r\u00e9aliser plusieurs fois le 3e temps au scratch et j\u2019ai pu inscrire de gros points au championnat.<\/p>\n<p>Ce mardi matin, j\u2019ai pris la direction de la Normandie pour rejoindre Christophe Nambotin. Nous partirons ensemble au milieu de semaine pour Saint-Palais (64) pour l\u2019ouverture du championnat de France.\u00a0\u00bb<\/p>\n<p>Photos : Mastorgne Photography<\/p>\n","protected":false},"excerpt":{"rendered":"<p>Le championnat EnduroGP a d\u00e9but\u00e9 ce week-end en Allemagne. L&rsquo;occasion pour Matthew Vanoevelen de faire ses premiers tours de roues chez les Juniors mais aussi d&rsquo;\u00e9trenner son nouveau statut de [&#8230;]<\/p>\n","protected":false},"author":932,"featured_media":85335,"comment_status":"open","ping_status":"closed","sticky":false,"template":"","format":"standard","meta":{"footnotes":""},"categories":[54,32,34,33,55,65],"tags":[],"class_list":["post-85333","post","type-post","status-publish","format-standard","has-post-thumbnail","hentry","category-actualite","category-enduro","category-endurogp","category-news-enduro","category-news-actualite","category-slideshow"],"yoast_head":"<!-- This site is optimized with the Yoast SEO plugin v27.4 - https:\/\/yoast.com\/product\/yoast-seo-wordpress\/ -->\n<title>EnduroGP en Allemagne : les impressions de Matthew Vanoevelen - Motocross - Enduro - Supermoto | MotocrossMag<\/title>\n<meta name=\"robots\" content=\"index, follow, max-snippet:-1, max-image-preview:large, max-video-preview:-1\" \/>\n<link rel=\"canonical\" href=\"https:\/\/fr.motocrossmag.be\/index.php\/2019\/03\/endurogp-en-allemagne-les-impressions-de-matthew-vanoevelen\/\" \/>\n<meta property=\"og:locale\" content=\"fr_FR\" \/>\n<meta property=\"og:type\" content=\"article\" \/>\n<meta property=\"og:title\" content=\"EnduroGP en Allemagne : les impressions de Matthew Vanoevelen - Motocross - Enduro - Supermoto | MotocrossMag\" \/>\n<meta property=\"og:description\" content=\"Le championnat EnduroGP a d\u00e9but\u00e9 ce week-end en Allemagne. L&rsquo;occasion pour Matthew Vanoevelen de faire ses premiers tours de roues chez les Juniors mais aussi d&rsquo;\u00e9trenner son nouveau statut de [...]\" \/>\n<meta property=\"og:url\" content=\"https:\/\/fr.motocrossmag.be\/index.php\/2019\/03\/endurogp-en-allemagne-les-impressions-de-matthew-vanoevelen\/\" \/>\n<meta property=\"og:site_name\" content=\"Motocross - Enduro - Supermoto | MotocrossMag\" \/>\n<meta property=\"article:published_time\" content=\"2019-03-26T15:38:25+00:00\" \/>\n<meta property=\"og:image\" content=\"https:\/\/fr.motocrossmag.be\/wp-content\/uploads\/2019\/03\/4O0A6148-a.jpg\" \/>\n\t<meta property=\"og:image:width\" content=\"1348\" \/>\n\t<meta property=\"og:image:height\" content=\"900\" \/>\n\t<meta property=\"og:image:type\" content=\"image\/jpeg\" \/>\n<meta name=\"author\" content=\"oliviere\" \/>\n<meta name=\"twitter:card\" content=\"summary_large_image\" \/>\n<meta name=\"twitter:label1\" content=\"\u00c9crit par\" \/>\n\t<meta name=\"twitter:data1\" content=\"oliviere\" \/>\n\t<meta name=\"twitter:label2\" content=\"Dur\u00e9e de lecture estim\u00e9e\" \/>\n\t<meta name=\"twitter:data2\" content=\"2 minutes\" \/>\n<script type=\"application\/ld+json\" class=\"yoast-schema-graph\">{\"@context\":\"https:\\\/\\\/schema.org\",\"@graph\":[{\"@type\":\"Article\",\"@id\":\"https:\\\/\\\/fr.motocrossmag.be\\\/index.php\\\/2019\\\/03\\\/endurogp-en-allemagne-les-impressions-de-matthew-vanoevelen\\\/#article\",\"isPartOf\":{\"@id\":\"https:\\\/\\\/fr.motocrossmag.be\\\/index.php\\\/2019\\\/03\\\/endurogp-en-allemagne-les-impressions-de-matthew-vanoevelen\\\/\"},\"author\":{\"name\":\"oliviere\",\"@id\":\"https:\\\/\\\/fr.motocrossmag.be\\\/#\\\/schema\\\/person\\\/11b47143d9f755babca2c9110e03235c\"},\"headline\":\"EnduroGP en Allemagne : les impressions de Matthew Vanoevelen\",\"datePublished\":\"2019-03-26T15:38:25+00:00\",\"mainEntityOfPage\":{\"@id\":\"https:\\\/\\\/fr.motocrossmag.be\\\/index.php\\\/2019\\\/03\\\/endurogp-en-allemagne-les-impressions-de-matthew-vanoevelen\\\/\"},\"wordCount\":391,\"commentCount\":0,\"image\":{\"@id\":\"https:\\\/\\\/fr.motocrossmag.be\\\/index.php\\\/2019\\\/03\\\/endurogp-en-allemagne-les-impressions-de-matthew-vanoevelen\\\/#primaryimage\"},\"thumbnailUrl\":\"https:\\\/\\\/fr.motocrossmag.be\\\/wp-content\\\/uploads\\\/2019\\\/03\\\/4O0A6148-a.jpg\",\"articleSection\":[\"Actualit\u00e9\",\"Enduro\",\"EnduroGP\",\"News\",\"News\",\"Slideshow\"],\"inLanguage\":\"fr-FR\",\"potentialAction\":[{\"@type\":\"CommentAction\",\"name\":\"Comment\",\"target\":[\"https:\\\/\\\/fr.motocrossmag.be\\\/index.php\\\/2019\\\/03\\\/endurogp-en-allemagne-les-impressions-de-matthew-vanoevelen\\\/#respond\"]}]},{\"@type\":\"WebPage\",\"@id\":\"https:\\\/\\\/fr.motocrossmag.be\\\/index.php\\\/2019\\\/03\\\/endurogp-en-allemagne-les-impressions-de-matthew-vanoevelen\\\/\",\"url\":\"https:\\\/\\\/fr.motocrossmag.be\\\/index.php\\\/2019\\\/03\\\/endurogp-en-allemagne-les-impressions-de-matthew-vanoevelen\\\/\",\"name\":\"EnduroGP en Allemagne : les impressions de Matthew Vanoevelen - Motocross - Enduro - Supermoto | MotocrossMag\",\"isPartOf\":{\"@id\":\"https:\\\/\\\/fr.motocrossmag.be\\\/#website\"},\"primaryImageOfPage\":{\"@id\":\"https:\\\/\\\/fr.motocrossmag.be\\\/index.php\\\/2019\\\/03\\\/endurogp-en-allemagne-les-impressions-de-matthew-vanoevelen\\\/#primaryimage\"},\"image\":{\"@id\":\"https:\\\/\\\/fr.motocrossmag.be\\\/index.php\\\/2019\\\/03\\\/endurogp-en-allemagne-les-impressions-de-matthew-vanoevelen\\\/#primaryimage\"},\"thumbnailUrl\":\"https:\\\/\\\/fr.motocrossmag.be\\\/wp-content\\\/uploads\\\/2019\\\/03\\\/4O0A6148-a.jpg\",\"datePublished\":\"2019-03-26T15:38:25+00:00\",\"author\":{\"@id\":\"https:\\\/\\\/fr.motocrossmag.be\\\/#\\\/schema\\\/person\\\/11b47143d9f755babca2c9110e03235c\"},\"breadcrumb\":{\"@id\":\"https:\\\/\\\/fr.motocrossmag.be\\\/index.php\\\/2019\\\/03\\\/endurogp-en-allemagne-les-impressions-de-matthew-vanoevelen\\\/#breadcrumb\"},\"inLanguage\":\"fr-FR\",\"potentialAction\":[{\"@type\":\"ReadAction\",\"target\":[\"https:\\\/\\\/fr.motocrossmag.be\\\/index.php\\\/2019\\\/03\\\/endurogp-en-allemagne-les-impressions-de-matthew-vanoevelen\\\/\"]}]},{\"@type\":\"ImageObject\",\"inLanguage\":\"fr-FR\",\"@id\":\"https:\\\/\\\/fr.motocrossmag.be\\\/index.php\\\/2019\\\/03\\\/endurogp-en-allemagne-les-impressions-de-matthew-vanoevelen\\\/#primaryimage\",\"url\":\"https:\\\/\\\/fr.motocrossmag.be\\\/wp-content\\\/uploads\\\/2019\\\/03\\\/4O0A6148-a.jpg\",\"contentUrl\":\"https:\\\/\\\/fr.motocrossmag.be\\\/wp-content\\\/uploads\\\/2019\\\/03\\\/4O0A6148-a.jpg\",\"width\":1348,\"height\":900,\"caption\":\"Matthew Vanoevelen EnduroGP\"},{\"@type\":\"BreadcrumbList\",\"@id\":\"https:\\\/\\\/fr.motocrossmag.be\\\/index.php\\\/2019\\\/03\\\/endurogp-en-allemagne-les-impressions-de-matthew-vanoevelen\\\/#breadcrumb\",\"itemListElement\":[{\"@type\":\"ListItem\",\"position\":1,\"name\":\"Accueil\",\"item\":\"https:\\\/\\\/fr.motocrossmag.be\\\/\"},{\"@type\":\"ListItem\",\"position\":2,\"name\":\"EnduroGP en Allemagne : les impressions de Matthew Vanoevelen\"}]},{\"@type\":\"WebSite\",\"@id\":\"https:\\\/\\\/fr.motocrossmag.be\\\/#website\",\"url\":\"https:\\\/\\\/fr.motocrossmag.be\\\/\",\"name\":\"Motocross - Enduro - Supermoto | MotocrossMag\",\"description\":\"L&#039;actualit\u00e9 du motocross, de l&#039;enduro et du Supermoto en ligne!\",\"potentialAction\":[{\"@type\":\"SearchAction\",\"target\":{\"@type\":\"EntryPoint\",\"urlTemplate\":\"https:\\\/\\\/fr.motocrossmag.be\\\/?s={search_term_string}\"},\"query-input\":{\"@type\":\"PropertyValueSpecification\",\"valueRequired\":true,\"valueName\":\"search_term_string\"}}],\"inLanguage\":\"fr-FR\"},{\"@type\":\"Person\",\"@id\":\"https:\\\/\\\/fr.motocrossmag.be\\\/#\\\/schema\\\/person\\\/11b47143d9f755babca2c9110e03235c\",\"name\":\"oliviere\",\"image\":{\"@type\":\"ImageObject\",\"inLanguage\":\"fr-FR\",\"@id\":\"https:\\\/\\\/secure.gravatar.com\\\/avatar\\\/907069e0b81d119452040469e4a7501da1100f54f7f80180ce77bfab718288f6?s=96&d=mm&r=g\",\"url\":\"https:\\\/\\\/secure.gravatar.com\\\/avatar\\\/907069e0b81d119452040469e4a7501da1100f54f7f80180ce77bfab718288f6?s=96&d=mm&r=g\",\"contentUrl\":\"https:\\\/\\\/secure.gravatar.com\\\/avatar\\\/907069e0b81d119452040469e4a7501da1100f54f7f80180ce77bfab718288f6?s=96&d=mm&r=g\",\"caption\":\"oliviere\"},\"sameAs\":[\"http:\\\/\\\/www.motocrossmag.be\"],\"url\":\"https:\\\/\\\/fr.motocrossmag.be\\\/index.php\\\/author\\\/oliviere\\\/\"}]}<\/script>\n<!-- \/ Yoast SEO plugin. -->","yoast_head_json":{"title":"EnduroGP en Allemagne : les impressions de Matthew Vanoevelen - Motocross - Enduro - Supermoto | MotocrossMag","robots":{"index":"index","follow":"follow","max-snippet":"max-snippet:-1","max-image-preview":"max-image-preview:large","max-video-preview":"max-video-preview:-1"},"canonical":"https:\/\/fr.motocrossmag.be\/index.php\/2019\/03\/endurogp-en-allemagne-les-impressions-de-matthew-vanoevelen\/","og_locale":"fr_FR","og_type":"article","og_title":"EnduroGP en Allemagne : les impressions de Matthew Vanoevelen - Motocross - Enduro - Supermoto | MotocrossMag","og_description":"Le championnat EnduroGP a d\u00e9but\u00e9 ce week-end en Allemagne. L&rsquo;occasion pour Matthew Vanoevelen de faire ses premiers tours de roues chez les Juniors mais aussi d&rsquo;\u00e9trenner son nouveau statut de [...]","og_url":"https:\/\/fr.motocrossmag.be\/index.php\/2019\/03\/endurogp-en-allemagne-les-impressions-de-matthew-vanoevelen\/","og_site_name":"Motocross - Enduro - Supermoto | MotocrossMag","article_published_time":"2019-03-26T15:38:25+00:00","og_image":[{"width":1348,"height":900,"url":"https:\/\/fr.motocrossmag.be\/wp-content\/uploads\/2019\/03\/4O0A6148-a.jpg","type":"image\/jpeg"}],"author":"oliviere","twitter_card":"summary_large_image","twitter_misc":{"\u00c9crit par":"oliviere","Dur\u00e9e de lecture estim\u00e9e":"2 minutes"},"schema":{"@context":"https:\/\/schema.org","@graph":[{"@type":"Article","@id":"https:\/\/fr.motocrossmag.be\/index.php\/2019\/03\/endurogp-en-allemagne-les-impressions-de-matthew-vanoevelen\/#article","isPartOf":{"@id":"https:\/\/fr.motocrossmag.be\/index.php\/2019\/03\/endurogp-en-allemagne-les-impressions-de-matthew-vanoevelen\/"},"author":{"name":"oliviere","@id":"https:\/\/fr.motocrossmag.be\/#\/schema\/person\/11b47143d9f755babca2c9110e03235c"},"headline":"EnduroGP en Allemagne : les impressions de Matthew Vanoevelen","datePublished":"2019-03-26T15:38:25+00:00","mainEntityOfPage":{"@id":"https:\/\/fr.motocrossmag.be\/index.php\/2019\/03\/endurogp-en-allemagne-les-impressions-de-matthew-vanoevelen\/"},"wordCount":391,"commentCount":0,"image":{"@id":"https:\/\/fr.motocrossmag.be\/index.php\/2019\/03\/endurogp-en-allemagne-les-impressions-de-matthew-vanoevelen\/#primaryimage"},"thumbnailUrl":"https:\/\/fr.motocrossmag.be\/wp-content\/uploads\/2019\/03\/4O0A6148-a.jpg","articleSection":["Actualit\u00e9","Enduro","EnduroGP","News","News","Slideshow"],"inLanguage":"fr-FR","potentialAction":[{"@type":"CommentAction","name":"Comment","target":["https:\/\/fr.motocrossmag.be\/index.php\/2019\/03\/endurogp-en-allemagne-les-impressions-de-matthew-vanoevelen\/#respond"]}]},{"@type":"WebPage","@id":"https:\/\/fr.motocrossmag.be\/index.php\/2019\/03\/endurogp-en-allemagne-les-impressions-de-matthew-vanoevelen\/","url":"https:\/\/fr.motocrossmag.be\/index.php\/2019\/03\/endurogp-en-allemagne-les-impressions-de-matthew-vanoevelen\/","name":"EnduroGP en Allemagne : les impressions de Matthew Vanoevelen - Motocross - Enduro - Supermoto | MotocrossMag","isPartOf":{"@id":"https:\/\/fr.motocrossmag.be\/#website"},"primaryImageOfPage":{"@id":"https:\/\/fr.motocrossmag.be\/index.php\/2019\/03\/endurogp-en-allemagne-les-impressions-de-matthew-vanoevelen\/#primaryimage"},"image":{"@id":"https:\/\/fr.motocrossmag.be\/index.php\/2019\/03\/endurogp-en-allemagne-les-impressions-de-matthew-vanoevelen\/#primaryimage"},"thumbnailUrl":"https:\/\/fr.motocrossmag.be\/wp-content\/uploads\/2019\/03\/4O0A6148-a.jpg","datePublished":"2019-03-26T15:38:25+00:00","author":{"@id":"https:\/\/fr.motocrossmag.be\/#\/schema\/person\/11b47143d9f755babca2c9110e03235c"},"breadcrumb":{"@id":"https:\/\/fr.motocrossmag.be\/index.php\/2019\/03\/endurogp-en-allemagne-les-impressions-de-matthew-vanoevelen\/#breadcrumb"},"inLanguage":"fr-FR","potentialAction":[{"@type":"ReadAction","target":["https:\/\/fr.motocrossmag.be\/index.php\/2019\/03\/endurogp-en-allemagne-les-impressions-de-matthew-vanoevelen\/"]}]},{"@type":"ImageObject","inLanguage":"fr-FR","@id":"https:\/\/fr.motocrossmag.be\/index.php\/2019\/03\/endurogp-en-allemagne-les-impressions-de-matthew-vanoevelen\/#primaryimage","url":"https:\/\/fr.motocrossmag.be\/wp-content\/uploads\/2019\/03\/4O0A6148-a.jpg","contentUrl":"https:\/\/fr.motocrossmag.be\/wp-content\/uploads\/2019\/03\/4O0A6148-a.jpg","width":1348,"height":900,"caption":"Matthew Vanoevelen EnduroGP"},{"@type":"BreadcrumbList","@id":"https:\/\/fr.motocrossmag.be\/index.php\/2019\/03\/endurogp-en-allemagne-les-impressions-de-matthew-vanoevelen\/#breadcrumb","itemListElement":[{"@type":"ListItem","position":1,"name":"Accueil","item":"https:\/\/fr.motocrossmag.be\/"},{"@type":"ListItem","position":2,"name":"EnduroGP en Allemagne : les impressions de Matthew Vanoevelen"}]},{"@type":"WebSite","@id":"https:\/\/fr.motocrossmag.be\/#website","url":"https:\/\/fr.motocrossmag.be\/","name":"Motocross - Enduro - Supermoto | MotocrossMag","description":"L&#039;actualit\u00e9 du motocross, de l&#039;enduro et du Supermoto en ligne!","potentialAction":[{"@type":"SearchAction","target":{"@type":"EntryPoint","urlTemplate":"https:\/\/fr.motocrossmag.be\/?s={search_term_string}"},"query-input":{"@type":"PropertyValueSpecification","valueRequired":true,"valueName":"search_term_string"}}],"inLanguage":"fr-FR"},{"@type":"Person","@id":"https:\/\/fr.motocrossmag.be\/#\/schema\/person\/11b47143d9f755babca2c9110e03235c","name":"oliviere","image":{"@type":"ImageObject","inLanguage":"fr-FR","@id":"https:\/\/secure.gravatar.com\/avatar\/907069e0b81d119452040469e4a7501da1100f54f7f80180ce77bfab718288f6?s=96&d=mm&r=g","url":"https:\/\/secure.gravatar.com\/avatar\/907069e0b81d119452040469e4a7501da1100f54f7f80180ce77bfab718288f6?s=96&d=mm&r=g","contentUrl":"https:\/\/secure.gravatar.com\/avatar\/907069e0b81d119452040469e4a7501da1100f54f7f80180ce77bfab718288f6?s=96&d=mm&r=g","caption":"oliviere"},"sameAs":["http:\/\/www.motocrossmag.be"],"url":"https:\/\/fr.motocrossmag.be\/index.php\/author\/oliviere\/"}]}},"_links":{"self":[{"href":"https:\/\/fr.motocrossmag.be\/index.php\/wp-json\/wp\/v2\/posts\/85333","targetHints":{"allow":["GET"]}}],"collection":[{"href":"https:\/\/fr.motocrossmag.be\/index.php\/wp-json\/wp\/v2\/posts"}],"about":[{"href":"https:\/\/fr.motocrossmag.be\/index.php\/wp-json\/wp\/v2\/types\/post"}],"author":[{"embeddable":true,"href":"https:\/\/fr.motocrossmag.be\/index.php\/wp-json\/wp\/v2\/users\/932"}],"replies":[{"embeddable":true,"href":"https:\/\/fr.motocrossmag.be\/index.php\/wp-json\/wp\/v2\/comments?post=85333"}],"version-history":[{"count":0,"href":"https:\/\/fr.motocrossmag.be\/index.php\/wp-json\/wp\/v2\/posts\/85333\/revisions"}],"wp:featuredmedia":[{"embeddable":true,"href":"https:\/\/fr.motocrossmag.be\/index.php\/wp-json\/wp\/v2\/media\/85335"}],"wp:attachment":[{"href":"https:\/\/fr.motocrossmag.be\/index.php\/wp-json\/wp\/v2\/media?parent=85333"}],"wp:term":[{"taxonomy":"category","embeddable":true,"href":"https:\/\/fr.motocrossmag.be\/index.php\/wp-json\/wp\/v2\/categories?post=85333"},{"taxonomy":"post_tag","embeddable":true,"href":"https:\/\/fr.motocrossmag.be\/index.php\/wp-json\/wp\/v2\/tags?post=85333"}],"curies":[{"name":"wp","href":"https:\/\/api.w.org\/{rel}","templated":true}]}}