{"id":86238,"date":"2019-04-08T23:15:10","date_gmt":"2019-04-08T21:15:10","guid":{"rendered":"https:\/\/fr.motocrossmag.be\/?p=86238"},"modified":"2019-04-08T23:15:10","modified_gmt":"2019-04-08T21:15:10","slug":"carton-plein-pour-le-3eme-round-du-championnat-de-belgique-denduro-a-binche","status":"publish","type":"post","link":"https:\/\/fr.motocrossmag.be\/index.php\/2019\/04\/carton-plein-pour-le-3eme-round-du-championnat-de-belgique-denduro-a-binche\/","title":{"rendered":"Carton plein pour le 3\u00e8me round du championnat de Belgique d&rsquo;enduro \u00e0 Binche"},"content":{"rendered":"<p><strong>Une semaine apr\u00e8s l&rsquo;enduro de Mettet, le championnat de Belgique se poursuivait ce week-end avec l&rsquo;\u00e9preuve de Binche. Un trac\u00e9 nettement plus technique attendait les concurrents avec deux sp\u00e9ciales qui exigeaient de vraies qualit\u00e9s d&rsquo;enduriste pour \u00eatre n\u00e9goci\u00e9es sans encombre et 5 tours au programme des Prestiges et Inters.<\/strong><\/p>\n<div id=\"attachment_86335\" style=\"width: 660px\" class=\"wp-caption alignnone\"><img decoding=\"async\" aria-describedby=\"caption-attachment-86335\" class=\"lazyload size-medium wp-image-86335\" src=\"https:\/\/fr.motocrossmag.be\/wp-content\/uploads\/2019\/04\/enduro-binche-podium-prestiges-650x433.jpg\" data-orig-src=\"https:\/\/fr.motocrossmag.be\/wp-content\/uploads\/2019\/04\/enduro-binche-podium-prestiges-650x433.jpg\" alt=\"\" width=\"650\" height=\"433\" srcset=\"data:image\/svg+xml,%3Csvg%20xmlns%3D%27http%3A%2F%2Fwww.w3.org%2F2000%2Fsvg%27%20width%3D%27650%27%20height%3D%27433%27%20viewBox%3D%270%200%20650%20433%27%3E%3Crect%20width%3D%27650%27%20height%3D%27433%27%20fill-opacity%3D%220%22%2F%3E%3C%2Fsvg%3E\" data-srcset=\"https:\/\/fr.motocrossmag.be\/wp-content\/uploads\/2019\/04\/enduro-binche-podium-prestiges-650x433.jpg 650w, https:\/\/fr.motocrossmag.be\/wp-content\/uploads\/2019\/04\/enduro-binche-podium-prestiges-768x512.jpg 768w, https:\/\/fr.motocrossmag.be\/wp-content\/uploads\/2019\/04\/enduro-binche-podium-prestiges.jpg 900w\" data-sizes=\"auto\" data-orig-sizes=\"(max-width: 650px) 100vw, 650px\" \/><p id=\"caption-attachment-86335\" class=\"wp-caption-text\">Le podium de l&rsquo;enduro de Binche avec Magain devant Cremer et Cambr\u00e9.<\/p><\/div>\n<p>Une SP1 tr\u00e8s trialisante pr\u00e9sentant de nombreux franchissements et une terre sablonneuse et une SP2 exploitant d&rsquo;impressionnants d\u00e9nivel\u00e9s autour d&rsquo;un terril, le tout pr\u00e9par\u00e9 avec soin sous l&rsquo;oeil expert de la famille Vukcevic et propos\u00e9 sous un agr\u00e9able soleil printannier, que demander de plus pour faire de cette 3\u00e8me \u00e9tape du championnat de Belgique d&rsquo;enduro un vrai succ\u00e8s ?<\/p>\n<p><img decoding=\"async\" class=\"lazyload alignnone size-medium wp-image-86340\" src=\"https:\/\/fr.motocrossmag.be\/wp-content\/uploads\/2019\/04\/enduro-binche-utens-vukcevic-650x433.jpg\" data-orig-src=\"https:\/\/fr.motocrossmag.be\/wp-content\/uploads\/2019\/04\/enduro-binche-utens-vukcevic-650x433.jpg\" alt=\"\" width=\"650\" height=\"433\" srcset=\"data:image\/svg+xml,%3Csvg%20xmlns%3D%27http%3A%2F%2Fwww.w3.org%2F2000%2Fsvg%27%20width%3D%27650%27%20height%3D%27433%27%20viewBox%3D%270%200%20650%20433%27%3E%3Crect%20width%3D%27650%27%20height%3D%27433%27%20fill-opacity%3D%220%22%2F%3E%3C%2Fsvg%3E\" data-srcset=\"https:\/\/fr.motocrossmag.be\/wp-content\/uploads\/2019\/04\/enduro-binche-utens-vukcevic-650x433.jpg 650w, https:\/\/fr.motocrossmag.be\/wp-content\/uploads\/2019\/04\/enduro-binche-utens-vukcevic-768x512.jpg 768w, https:\/\/fr.motocrossmag.be\/wp-content\/uploads\/2019\/04\/enduro-binche-utens-vukcevic.jpg 900w\" data-sizes=\"auto\" data-orig-sizes=\"(max-width: 650px) 100vw, 650px\" \/><\/p>\n<p>Antoine Magain a m\u00eame eu le tact d&rsquo;entretenir le suspens. Encore une fois au-dessus de ses adversaires \u00e0 Binche, et ce malgr\u00e9 les efforts du pilote Yamaha Zone Rouge C\u00e9dric Cremer, le pilote KTM a en effet lourdement chut\u00e9 (<a href=\"https:\/\/fr.motocrossmag.be\/index.php\/2019\/04\/video-grosse-frayeur-pour-antoine-magain-a-binche\/\" target=\"_blank\" rel=\"noopener\">voir la vid\u00e9o<\/a>) en tentant de sauter un pierrier dans le 3\u00e8me tour. Une erreur d&rsquo;appr\u00e9ciation qui aurait pu co\u00fbter cher \u00e0 Minimax. Mais le Nismois est solide et concentr\u00e9 sur son objectif. Il se rel\u00e8ve sans montrer le moindre signe de faiblesse, perdant \u00e0 peine 10 secondes dans l&rsquo;aventure, pour s&rsquo;en aller cueillir en fin d&rsquo;apr\u00e8s-midi son deuxi\u00e8me succ\u00e8s cons\u00e9cutif cette saison. C\u00e9dric Cremer est \u00e0 pr\u00e8s d&rsquo;une minute tandis que Jilani Cambr\u00e9, encore un peu en difficult\u00e9 sur un trac\u00e9 aussi typ\u00e9 enduro, pointe encore une minute plus loin. Vanhoenacker et Goblet compl\u00e8tent le top-5.<\/p>\n<p><img decoding=\"async\" class=\"lazyload alignnone size-medium wp-image-86343\" src=\"https:\/\/fr.motocrossmag.be\/wp-content\/uploads\/2019\/04\/enduro-binche-paddock-650x433.jpg\" data-orig-src=\"https:\/\/fr.motocrossmag.be\/wp-content\/uploads\/2019\/04\/enduro-binche-paddock-650x433.jpg\" alt=\"\" width=\"650\" height=\"433\" srcset=\"data:image\/svg+xml,%3Csvg%20xmlns%3D%27http%3A%2F%2Fwww.w3.org%2F2000%2Fsvg%27%20width%3D%27650%27%20height%3D%27433%27%20viewBox%3D%270%200%20650%20433%27%3E%3Crect%20width%3D%27650%27%20height%3D%27433%27%20fill-opacity%3D%220%22%2F%3E%3C%2Fsvg%3E\" data-srcset=\"https:\/\/fr.motocrossmag.be\/wp-content\/uploads\/2019\/04\/enduro-binche-paddock-650x433.jpg 650w, https:\/\/fr.motocrossmag.be\/wp-content\/uploads\/2019\/04\/enduro-binche-paddock-768x512.jpg 768w, https:\/\/fr.motocrossmag.be\/wp-content\/uploads\/2019\/04\/enduro-binche-paddock.jpg 900w\" data-sizes=\"auto\" data-orig-sizes=\"(max-width: 650px) 100vw, 650px\" \/><\/p>\n<p>Notons que Matthew Vanoevelen, bless\u00e9 le week-end pr\u00e9c\u00e9dent en France, a pr\u00e9f\u00e9r\u00e9 faire l&rsquo;impasse sur l&rsquo;\u00e9preuve de Binche afin de ne pas risquer de compromettre sa convalescence. Le pilote GasGas avait remport\u00e9 l&rsquo;\u00e9preuve d&rsquo;ouverture du championnat en Hollande.<\/p>\n<p><img decoding=\"async\" class=\"lazyload alignnone size-medium wp-image-86336\" src=\"https:\/\/fr.motocrossmag.be\/wp-content\/uploads\/2019\/04\/enduro-binche-bailleux-650x433.jpg\" data-orig-src=\"https:\/\/fr.motocrossmag.be\/wp-content\/uploads\/2019\/04\/enduro-binche-bailleux-650x433.jpg\" alt=\"\" width=\"650\" height=\"433\" srcset=\"data:image\/svg+xml,%3Csvg%20xmlns%3D%27http%3A%2F%2Fwww.w3.org%2F2000%2Fsvg%27%20width%3D%27650%27%20height%3D%27433%27%20viewBox%3D%270%200%20650%20433%27%3E%3Crect%20width%3D%27650%27%20height%3D%27433%27%20fill-opacity%3D%220%22%2F%3E%3C%2Fsvg%3E\" data-srcset=\"https:\/\/fr.motocrossmag.be\/wp-content\/uploads\/2019\/04\/enduro-binche-bailleux-650x433.jpg 650w, https:\/\/fr.motocrossmag.be\/wp-content\/uploads\/2019\/04\/enduro-binche-bailleux-768x512.jpg 768w, https:\/\/fr.motocrossmag.be\/wp-content\/uploads\/2019\/04\/enduro-binche-bailleux.jpg 900w\" data-sizes=\"auto\" data-orig-sizes=\"(max-width: 650px) 100vw, 650px\" \/><\/p>\n<p>Andy Truyts et Maxime Warenghien sont dans un mouchoir chez les Inters et signent des chronos qui n&rsquo;ont rien \u00e0 envier \u00e0 ceux des pilotes Prestiges. Chez les Nationaux, Fred Gauniaux signe son premier succ\u00e8s de la saison alors que Dorian Tourneur devance Kevin Thomas chez les Espoirs.<\/p>\n<p><img decoding=\"async\" class=\"lazyload alignnone size-medium wp-image-86338\" src=\"https:\/\/fr.motocrossmag.be\/wp-content\/uploads\/2019\/04\/enduro-binche-liaison-650x433.jpg\" data-orig-src=\"https:\/\/fr.motocrossmag.be\/wp-content\/uploads\/2019\/04\/enduro-binche-liaison-650x433.jpg\" alt=\"\" width=\"650\" height=\"433\" srcset=\"data:image\/svg+xml,%3Csvg%20xmlns%3D%27http%3A%2F%2Fwww.w3.org%2F2000%2Fsvg%27%20width%3D%27650%27%20height%3D%27433%27%20viewBox%3D%270%200%20650%20433%27%3E%3Crect%20width%3D%27650%27%20height%3D%27433%27%20fill-opacity%3D%220%22%2F%3E%3C%2Fsvg%3E\" data-srcset=\"https:\/\/fr.motocrossmag.be\/wp-content\/uploads\/2019\/04\/enduro-binche-liaison-650x433.jpg 650w, https:\/\/fr.motocrossmag.be\/wp-content\/uploads\/2019\/04\/enduro-binche-liaison-768x512.jpg 768w, https:\/\/fr.motocrossmag.be\/wp-content\/uploads\/2019\/04\/enduro-binche-liaison.jpg 900w\" data-sizes=\"auto\" data-orig-sizes=\"(max-width: 650px) 100vw, 650px\" \/><\/p>\n<p>Micha\u00ebl Vukcevic devance cette fois devant son public Mika\u00ebl Despontin chez les Gentlemen alors que la cat\u00e9gorie Experts est enlev\u00e9e par Jo\u00ebl Delsupexhe et sa TM.<\/p>\n<p>Prochain rendez-vous : le 12 mai \u00e0 Epernay, en France.<\/p>\n<p>&nbsp;<\/p>\n<p>Photo :\u00a0<a href=\"https:\/\/www.facebook.com\/Le-temps-dun-instant-by-Paulliine-Vlld-2311859625704806\/\" target=\"_blank\" rel=\"noopener\">Le temps d\u2019un instant \u2013 by Paulliine Vlld<\/a><\/p>\n<p>&nbsp;<\/p>\n<p><span style=\"color: #800000;\"><strong>R\u00e9sultats<\/strong><\/span><\/p>\n<table width=\"100%\">\n<tbody>\n<tr>\n<td width=\"98\">PRESTIGES<\/td>\n<td width=\"1117\"><\/td>\n<td width=\"374\"><\/td>\n<td width=\"131\"><\/td>\n<\/tr>\n<tr>\n<td><\/td>\n<td><\/td>\n<td><\/td>\n<td><\/td>\n<\/tr>\n<tr>\n<td width=\"98\">1<\/td>\n<td width=\"1117\">MAGAIN ANTOINE<\/td>\n<td width=\"374\">KTM<\/td>\n<td width=\"131\">50:13.68<\/td>\n<\/tr>\n<tr>\n<td width=\"98\">2<\/td>\n<td width=\"1117\">CREMER C\u00c9DRIC<\/td>\n<td width=\"374\">YAMAHA<\/td>\n<td width=\"131\">+00:54.50<\/td>\n<\/tr>\n<tr>\n<td width=\"98\">3<\/td>\n<td width=\"1117\">CAMBRE JILANI<\/td>\n<td width=\"374\">HVA<\/td>\n<td width=\"131\">+02:15.23<\/td>\n<\/tr>\n<tr>\n<td width=\"98\">4<\/td>\n<td width=\"1117\">VANHOENACKER DIMITRI<\/td>\n<td width=\"374\">SHERCO<\/td>\n<td width=\"131\">+02:52.06<\/td>\n<\/tr>\n<tr>\n<td width=\"98\">5<\/td>\n<td width=\"1117\">GOBLET JEAN-FRAN\u00c7OIS<\/td>\n<td width=\"374\">HVA<\/td>\n<td width=\"131\">+03:11.76<\/td>\n<\/tr>\n<tr>\n<td width=\"98\">6<\/td>\n<td width=\"1117\">LILLO GAUTHIER<\/td>\n<td width=\"374\">HVA<\/td>\n<td width=\"131\">+04:37.70<\/td>\n<\/tr>\n<tr>\n<td width=\"98\">7<\/td>\n<td width=\"1117\">VANDERHEYDEN WIM<\/td>\n<td width=\"374\">HVA<\/td>\n<td width=\"131\">+05:07.17<\/td>\n<\/tr>\n<tr>\n<td><\/td>\n<td><\/td>\n<td><\/td>\n<td><\/td>\n<\/tr>\n<tr>\n<td>INTERS<\/td>\n<td><\/td>\n<td><\/td>\n<td><\/td>\n<\/tr>\n<tr>\n<td><\/td>\n<td><\/td>\n<td><\/td>\n<td><\/td>\n<\/tr>\n<tr>\n<td width=\"98\">1<\/td>\n<td width=\"1117\">TRUYTS Andy<\/td>\n<td width=\"374\">BETA<\/td>\n<td width=\"131\">52:25.10<\/td>\n<\/tr>\n<tr>\n<td width=\"98\">2<\/td>\n<td width=\"1117\">WARENGHIEN Maxime<\/td>\n<td width=\"374\">HONDA<\/td>\n<td width=\"131\">+00:00.86<\/td>\n<\/tr>\n<tr>\n<td width=\"98\">3<\/td>\n<td width=\"1117\">VAN HOOF MATHIAS<\/td>\n<td width=\"374\">BETA<\/td>\n<td width=\"131\">+01:18.29<\/td>\n<\/tr>\n<tr>\n<td width=\"98\">4<\/td>\n<td width=\"1117\">HERINNE J\u00c9R\u00c9MY<\/td>\n<td width=\"374\">YAMAHA<\/td>\n<td width=\"131\">+01:50.12<\/td>\n<\/tr>\n<tr>\n<td width=\"98\">5<\/td>\n<td width=\"1117\">ROELANTS Axel<\/td>\n<td width=\"374\">KTM<\/td>\n<td width=\"131\">+02:28.48<\/td>\n<\/tr>\n<tr>\n<td width=\"98\">6<\/td>\n<td width=\"1117\">GEURTS Roel<\/td>\n<td width=\"374\">KTM<\/td>\n<td width=\"131\">+02:28.66<\/td>\n<\/tr>\n<tr>\n<td width=\"98\">7<\/td>\n<td width=\"1117\">JORN ZOETEKOUW<\/td>\n<td width=\"374\">KTM<\/td>\n<td width=\"131\">+02:40.46<\/td>\n<\/tr>\n<tr>\n<td width=\"98\">8<\/td>\n<td width=\"1117\">MONFORT QUENTIN<\/td>\n<td width=\"374\">HVA<\/td>\n<td width=\"131\">+03:13.99<\/td>\n<\/tr>\n<tr>\n<td width=\"98\">9<\/td>\n<td width=\"1117\">BROUWER KAIYA<\/td>\n<td width=\"374\">KTM<\/td>\n<td width=\"131\">+04:06.29<\/td>\n<\/tr>\n<tr>\n<td width=\"98\">10<\/td>\n<td width=\"1117\">WAUTHIER DAMIEN<\/td>\n<td width=\"374\">BETA<\/td>\n<td width=\"131\">+04:37.22<\/td>\n<\/tr>\n<tr>\n<td width=\"98\">11<\/td>\n<td width=\"1117\">BRAL LUDOVIC<\/td>\n<td width=\"374\">TM<\/td>\n<td width=\"131\">+04:40.53<\/td>\n<\/tr>\n<tr>\n<td width=\"98\">12<\/td>\n<td width=\"1117\">BEGON Loic<\/td>\n<td width=\"374\">YAMAHA<\/td>\n<td width=\"131\">+04:55.26<\/td>\n<\/tr>\n<tr>\n<td width=\"98\">13<\/td>\n<td width=\"1117\">BERTHOLET MARVIN<\/td>\n<td width=\"374\">HVA<\/td>\n<td width=\"131\">+05:43.82<\/td>\n<\/tr>\n<tr>\n<td width=\"98\">14<\/td>\n<td width=\"1117\">BAILLEUX Bertrand<\/td>\n<td width=\"374\">HVA<\/td>\n<td width=\"131\">+05:55.41<\/td>\n<\/tr>\n<tr>\n<td width=\"98\">15<\/td>\n<td width=\"1117\">QUODBACH EMILE<\/td>\n<td width=\"374\">HVA<\/td>\n<td width=\"131\">+05:59.52<\/td>\n<\/tr>\n<tr>\n<td width=\"98\">16<\/td>\n<td width=\"1117\">DESPRECHINS Arno Nicolas<\/td>\n<td width=\"374\">HVA<\/td>\n<td width=\"131\">+06:52.31<\/td>\n<\/tr>\n<tr>\n<td width=\"98\">17<\/td>\n<td width=\"1117\">DE SCHAEPMEESTER JARNE<\/td>\n<td width=\"374\">KTM<\/td>\n<td width=\"131\">+08:24.13<\/td>\n<\/tr>\n<tr>\n<td width=\"98\">18<\/td>\n<td width=\"1117\">JADOUILLE S\u00c9BASTIEN<\/td>\n<td width=\"374\">HVA<\/td>\n<td width=\"131\">+08:47.20<\/td>\n<\/tr>\n<tr>\n<td width=\"98\">19<\/td>\n<td width=\"1117\">DEPREZ Christophe Guy<\/td>\n<td width=\"374\">KTM<\/td>\n<td width=\"131\">+09:02.31<\/td>\n<\/tr>\n<tr>\n<td width=\"98\">20<\/td>\n<td width=\"1117\">FRASELLE J\u00c9R\u00c9MIE<\/td>\n<td width=\"374\">KTM<\/td>\n<td width=\"131\">+09:05.08<\/td>\n<\/tr>\n<tr>\n<td width=\"98\">21<\/td>\n<td width=\"1117\">SMAL THOMAS<\/td>\n<td width=\"374\">SHERCO<\/td>\n<td width=\"131\">+09:49.68<\/td>\n<\/tr>\n<tr>\n<td><\/td>\n<td><\/td>\n<td><\/td>\n<td><\/td>\n<\/tr>\n<tr>\n<td colspan=\"2\">NATIONAUX<\/td>\n<td><\/td>\n<td><\/td>\n<\/tr>\n<tr>\n<td><\/td>\n<td><\/td>\n<td><\/td>\n<td><\/td>\n<\/tr>\n<tr>\n<td width=\"98\">1<\/td>\n<td width=\"1117\">GAUNIAUX Fr\u00e9d\u00e9ric<\/td>\n<td width=\"374\">SHERCO<\/td>\n<td width=\"131\">38:38.85<\/td>\n<\/tr>\n<tr>\n<td width=\"98\">2<\/td>\n<td width=\"1117\">DUMONT Teddy<\/td>\n<td width=\"374\">BETA<\/td>\n<td width=\"131\">+01:07.63<\/td>\n<\/tr>\n<tr>\n<td width=\"98\">3<\/td>\n<td width=\"1117\">FRYNS Ronny<\/td>\n<td width=\"374\">YAMAHA<\/td>\n<td width=\"131\">+01:26.31<\/td>\n<\/tr>\n<tr>\n<td width=\"98\">4<\/td>\n<td width=\"1117\">MARYNS Samuel<\/td>\n<td width=\"374\">KTM<\/td>\n<td width=\"131\">+01:34.17<\/td>\n<\/tr>\n<tr>\n<td width=\"98\">5<\/td>\n<td width=\"1117\">ROBERT STEVE<\/td>\n<td width=\"374\">HVA<\/td>\n<td width=\"131\">+02:48.13<\/td>\n<\/tr>\n<tr>\n<td width=\"98\">6<\/td>\n<td width=\"1117\">MARYNS LOIC<\/td>\n<td width=\"374\">KTM<\/td>\n<td width=\"131\">+02:50.82<\/td>\n<\/tr>\n<tr>\n<td width=\"98\">7<\/td>\n<td width=\"1117\">VINDEVOGEL Maxime<\/td>\n<td width=\"374\">KTM<\/td>\n<td width=\"131\">+02:51.75<\/td>\n<\/tr>\n<tr>\n<td width=\"98\">8<\/td>\n<td width=\"1117\">DANIELS Nicolas<\/td>\n<td width=\"374\">KTM<\/td>\n<td width=\"131\">+02:53.93<\/td>\n<\/tr>\n<tr>\n<td width=\"98\">9<\/td>\n<td width=\"1117\">BAUGNIET CHRISTOPHE<\/td>\n<td width=\"374\">KTM<\/td>\n<td width=\"131\">+03:35.32<\/td>\n<\/tr>\n<tr>\n<td width=\"98\">10<\/td>\n<td width=\"1117\">BOUILLON SEBASTIEN<\/td>\n<td width=\"374\">KTM<\/td>\n<td width=\"131\">+03:54.46<\/td>\n<\/tr>\n<tr>\n<td width=\"98\">11<\/td>\n<td width=\"1117\">VERDIN Maxime<\/td>\n<td width=\"374\">HVA<\/td>\n<td width=\"131\">+04:13.86<\/td>\n<\/tr>\n<tr>\n<td width=\"98\">12<\/td>\n<td width=\"1117\">PIETTE JONATHAN<\/td>\n<td width=\"374\">HVA<\/td>\n<td width=\"131\">+04:31.14<\/td>\n<\/tr>\n<tr>\n<td width=\"98\">13<\/td>\n<td width=\"1117\">FOHAL ROMAIN<\/td>\n<td width=\"374\">KTM<\/td>\n<td width=\"131\">+05:40.54<\/td>\n<\/tr>\n<tr>\n<td width=\"98\">14<\/td>\n<td width=\"1117\">BLAISE S\u00c9BASTIEN<\/td>\n<td width=\"374\">HONDA<\/td>\n<td width=\"131\">+06:08.61<\/td>\n<\/tr>\n<tr>\n<td width=\"98\">15<\/td>\n<td width=\"1117\">SIMONET QUENTIN<\/td>\n<td width=\"374\">KTM<\/td>\n<td width=\"131\">+06:30.67<\/td>\n<\/tr>\n<tr>\n<td width=\"98\">16<\/td>\n<td width=\"1117\">HURTEVENT Julien<\/td>\n<td width=\"374\">HONDA<\/td>\n<td width=\"131\">+12:03.60<\/td>\n<\/tr>\n<tr>\n<td><\/td>\n<td><\/td>\n<td><\/td>\n<td><\/td>\n<\/tr>\n<tr>\n<td>ESPOIRS<\/td>\n<td><\/td>\n<td><\/td>\n<td><\/td>\n<\/tr>\n<tr>\n<td><\/td>\n<td><\/td>\n<td><\/td>\n<td><\/td>\n<\/tr>\n<tr>\n<td width=\"98\">1<\/td>\n<td width=\"1117\">TOURNEUR DORIAN<\/td>\n<td width=\"374\">KTM<\/td>\n<td width=\"131\">48:25.18<\/td>\n<\/tr>\n<tr>\n<td width=\"98\">2<\/td>\n<td width=\"1117\">THOMAS KEVIN<\/td>\n<td width=\"374\">HVA<\/td>\n<td width=\"131\">+00:13.92<\/td>\n<\/tr>\n<tr>\n<td width=\"98\">3<\/td>\n<td width=\"1117\">VANDERHEYDEN MIKA<\/td>\n<td width=\"374\">HVA<\/td>\n<td width=\"131\">+00:52.30<\/td>\n<\/tr>\n<tr>\n<td width=\"98\">4<\/td>\n<td width=\"1117\">DERYCKE Lucas<\/td>\n<td width=\"374\">HUSQUVARNA<\/td>\n<td width=\"131\">+01:04.38<\/td>\n<\/tr>\n<tr>\n<td width=\"98\">5<\/td>\n<td width=\"1117\">VANDENBERGHE SYLVAIN<\/td>\n<td width=\"374\">HVA<\/td>\n<td width=\"131\">+01:05.40<\/td>\n<\/tr>\n<tr>\n<td width=\"98\">6<\/td>\n<td width=\"1117\">RAIWET KEVIN<\/td>\n<td width=\"374\">KTM<\/td>\n<td width=\"131\">+01:40.78<\/td>\n<\/tr>\n<tr>\n<td width=\"98\">7<\/td>\n<td width=\"1117\">ROBERT MIKE<\/td>\n<td width=\"374\">HVA<\/td>\n<td width=\"131\">+02:00.64<\/td>\n<\/tr>\n<tr>\n<td width=\"98\">8<\/td>\n<td width=\"1117\">VANDENBRULCKE PIERRE<\/td>\n<td width=\"374\"><\/td>\n<td width=\"131\">+02:36.91<\/td>\n<\/tr>\n<tr>\n<td width=\"98\">9<\/td>\n<td width=\"1117\">BAUGNIET BENJAMIN<\/td>\n<td width=\"374\">KTM<\/td>\n<td width=\"131\">+04:10.04<\/td>\n<\/tr>\n<tr>\n<td width=\"98\">10<\/td>\n<td width=\"1117\">COLLIN ARTHUR<\/td>\n<td width=\"374\">HVA<\/td>\n<td width=\"131\">+04:10.25<\/td>\n<\/tr>\n<tr>\n<td width=\"98\">11<\/td>\n<td width=\"1117\">VANDENBULCKE GUILLAUME<\/td>\n<td width=\"374\"><\/td>\n<td width=\"131\">+05:02.47<\/td>\n<\/tr>\n<tr>\n<td width=\"98\">12<\/td>\n<td width=\"1117\">VALENDUC MARTIN<\/td>\n<td width=\"374\">HVA<\/td>\n<td width=\"131\">+05:28.43<\/td>\n<\/tr>\n<tr>\n<td width=\"98\">13<\/td>\n<td width=\"1117\">ODY AYMERIC<\/td>\n<td width=\"374\">KTM<\/td>\n<td width=\"131\">+05:39.91<\/td>\n<\/tr>\n<tr>\n<td width=\"98\">14<\/td>\n<td width=\"1117\">DUMOULIN CHRIS<\/td>\n<td width=\"374\">HONDA<\/td>\n<td width=\"131\">+07:42.12<\/td>\n<\/tr>\n<tr>\n<td width=\"98\">15<\/td>\n<td width=\"1117\">BARNICH Tom<\/td>\n<td width=\"374\">SHERCO<\/td>\n<td width=\"131\">+08:17.01<\/td>\n<\/tr>\n<tr>\n<td width=\"98\">16<\/td>\n<td width=\"1117\">HENAUT Nelson<\/td>\n<td width=\"374\">KTM<\/td>\n<td width=\"131\">+14:40.46<\/td>\n<\/tr>\n<tr>\n<td width=\"98\">17<\/td>\n<td width=\"1117\">HAUTENNE EMILIEN<\/td>\n<td width=\"374\">KTM<\/td>\n<td width=\"131\">+20:36.66<\/td>\n<\/tr>\n<tr>\n<td width=\"98\">18<\/td>\n<td width=\"1117\">GOFFAUX Benjamin<\/td>\n<td width=\"374\">SHERCO<\/td>\n<td width=\"131\">+21:16.24<\/td>\n<\/tr>\n<tr>\n<td><\/td>\n<td><\/td>\n<td><\/td>\n<td><\/td>\n<\/tr>\n<tr>\n<td>YOUNG<\/td>\n<td><\/td>\n<td><\/td>\n<td><\/td>\n<\/tr>\n<tr>\n<td><\/td>\n<td><\/td>\n<td><\/td>\n<td><\/td>\n<\/tr>\n<tr>\n<td width=\"98\">1<\/td>\n<td width=\"1117\">DUSSART Mathis<\/td>\n<td width=\"374\">KTM<\/td>\n<td width=\"131\">49:30.92<\/td>\n<\/tr>\n<tr>\n<td width=\"98\">2<\/td>\n<td width=\"1117\">SENTE ARTHUR<\/td>\n<td width=\"374\">SHERCO<\/td>\n<td width=\"131\">+02:42.03<\/td>\n<\/tr>\n<tr>\n<td width=\"98\">3<\/td>\n<td width=\"1117\">BOUCQUEZ Maxim<\/td>\n<td width=\"374\">BETA<\/td>\n<td width=\"131\">+06:25.01<\/td>\n<\/tr>\n<tr>\n<td width=\"98\">4<\/td>\n<td width=\"1117\">PIPITONE LORHAN<\/td>\n<td width=\"374\">KTM<\/td>\n<td width=\"131\">+15:21.10<\/td>\n<\/tr>\n<tr>\n<td><\/td>\n<td><\/td>\n<td><\/td>\n<td><\/td>\n<\/tr>\n<tr>\n<td colspan=\"2\">GENTLEMEN<\/td>\n<td><\/td>\n<td><\/td>\n<\/tr>\n<tr>\n<td><\/td>\n<td><\/td>\n<td><\/td>\n<td><\/td>\n<\/tr>\n<tr>\n<td width=\"98\">1<\/td>\n<td width=\"1117\">VUKCEVIC MICHA\u00cbL<\/td>\n<td width=\"374\">SHERCO<\/td>\n<td width=\"131\">44:45.53<\/td>\n<\/tr>\n<tr>\n<td width=\"98\">2<\/td>\n<td width=\"1117\">DESPONTIN Mikael<\/td>\n<td width=\"374\">KTM<\/td>\n<td width=\"131\">+00:44.28<\/td>\n<\/tr>\n<tr>\n<td width=\"98\">3<\/td>\n<td width=\"1117\">EVELETTE Willy<\/td>\n<td width=\"374\">KTM<\/td>\n<td width=\"131\">+03:33.79<\/td>\n<\/tr>\n<tr>\n<td width=\"98\">4<\/td>\n<td width=\"1117\">NOBELS Nicolas<\/td>\n<td width=\"374\">KTM<\/td>\n<td width=\"131\">+04:51.62<\/td>\n<\/tr>\n<tr>\n<td width=\"98\">5<\/td>\n<td width=\"1117\">GAILLARD Steve<\/td>\n<td width=\"374\">HVA<\/td>\n<td width=\"131\">+06:05.11<\/td>\n<\/tr>\n<tr>\n<td width=\"98\">6<\/td>\n<td width=\"1117\">BERTELS Olivier<\/td>\n<td width=\"374\">KTM<\/td>\n<td width=\"131\">+06:23.84<\/td>\n<\/tr>\n<tr>\n<td width=\"98\">7<\/td>\n<td width=\"1117\">DANSE LUDOVIC<\/td>\n<td width=\"374\">SHERCO<\/td>\n<td width=\"131\">+06:42.81<\/td>\n<\/tr>\n<tr>\n<td width=\"98\">8<\/td>\n<td width=\"1117\">VERMEULEN Jasper<\/td>\n<td width=\"374\">SHERCO<\/td>\n<td width=\"131\">+07:04.72<\/td>\n<\/tr>\n<tr>\n<td width=\"98\">9<\/td>\n<td width=\"1117\">STEUVE DAMIEN<\/td>\n<td width=\"374\"><\/td>\n<td width=\"131\">+07:49.39<\/td>\n<\/tr>\n<tr>\n<td width=\"98\">10<\/td>\n<td width=\"1117\">VAN DOOREN Marc<\/td>\n<td width=\"374\">KTM<\/td>\n<td width=\"131\">+08:12.47<\/td>\n<\/tr>\n<tr>\n<td width=\"98\">11<\/td>\n<td width=\"1117\">VANGENECHTEN Ivan<\/td>\n<td width=\"374\">HVA<\/td>\n<td width=\"131\">+08:57.84<\/td>\n<\/tr>\n<tr>\n<td width=\"98\">12<\/td>\n<td width=\"1117\">POTVIN JOHAN<\/td>\n<td width=\"374\">HVA<\/td>\n<td width=\"131\">+09:08.85<\/td>\n<\/tr>\n<tr>\n<td width=\"98\">13<\/td>\n<td width=\"1117\">THIENPONT BENOIT<\/td>\n<td width=\"374\">HUSQUVARNA<\/td>\n<td width=\"131\">+10:18.84<\/td>\n<\/tr>\n<tr>\n<td width=\"98\">14<\/td>\n<td width=\"1117\">DRIESEN Kevin<\/td>\n<td width=\"374\">HVA<\/td>\n<td width=\"131\">+10:35.52<\/td>\n<\/tr>\n<tr>\n<td width=\"98\">15<\/td>\n<td width=\"1117\">TONOLLI S\u00e9bastien<\/td>\n<td width=\"374\">SHERCO<\/td>\n<td width=\"131\">+10:51.39<\/td>\n<\/tr>\n<tr>\n<td width=\"98\">16<\/td>\n<td width=\"1117\">GOFFARD Andre<\/td>\n<td width=\"374\">SHERCO<\/td>\n<td width=\"131\">+13:28.28<\/td>\n<\/tr>\n<tr>\n<td width=\"98\">17<\/td>\n<td width=\"1117\">VANNESTE Christopher Bj\u00f6rn<\/td>\n<td width=\"374\">KTM<\/td>\n<td width=\"131\">+14:11.07<\/td>\n<\/tr>\n<tr>\n<td width=\"98\">18<\/td>\n<td width=\"1117\">CHANTRENNE Steve<\/td>\n<td width=\"374\"><\/td>\n<td width=\"131\">+14:46.58<\/td>\n<\/tr>\n<tr>\n<td width=\"98\">19<\/td>\n<td width=\"1117\">THIELEMANS Filip<\/td>\n<td width=\"374\">HVA<\/td>\n<td width=\"131\">+14:52.14<\/td>\n<\/tr>\n<tr>\n<td width=\"98\">20<\/td>\n<td width=\"1117\">LANNOO DENNY<\/td>\n<td width=\"374\">SHERCO<\/td>\n<td width=\"131\">+15:04.94<\/td>\n<\/tr>\n<tr>\n<td width=\"98\">21<\/td>\n<td width=\"1117\">CLIJMANS Bart<\/td>\n<td width=\"374\">HVA<\/td>\n<td width=\"131\">+15:42.69<\/td>\n<\/tr>\n<tr>\n<td width=\"98\">22<\/td>\n<td width=\"1117\">LOUVET BRUNO<\/td>\n<td width=\"374\">YAMAHA<\/td>\n<td width=\"131\">+20:00.13<\/td>\n<\/tr>\n<tr>\n<td width=\"98\">23<\/td>\n<td width=\"1117\">DE VINCK MICHEL<\/td>\n<td width=\"374\">HVA<\/td>\n<td width=\"131\">+20:39.40<\/td>\n<\/tr>\n<tr>\n<td width=\"98\">24<\/td>\n<td width=\"1117\">MARCOEN KAREL<\/td>\n<td width=\"374\">KTM<\/td>\n<td width=\"131\">+20:42.87<\/td>\n<\/tr>\n<tr>\n<td width=\"98\">25<\/td>\n<td width=\"1117\">MELIS Gilles<\/td>\n<td width=\"374\">HVA FE<\/td>\n<td width=\"131\">+21:47.45<\/td>\n<\/tr>\n<tr>\n<td><\/td>\n<td><\/td>\n<td><\/td>\n<td><\/td>\n<\/tr>\n<tr>\n<td>EXPERTS<\/td>\n<td><\/td>\n<td><\/td>\n<td><\/td>\n<\/tr>\n<tr>\n<td><\/td>\n<td><\/td>\n<td><\/td>\n<td><\/td>\n<\/tr>\n<tr>\n<td width=\"98\">1<\/td>\n<td width=\"1117\">DELSUPEXHE JO\u00cbL<\/td>\n<td width=\"374\">TM<\/td>\n<td width=\"131\">49:03.42<\/td>\n<\/tr>\n<tr>\n<td width=\"98\">2<\/td>\n<td width=\"1117\">SCHEPENS PETER<\/td>\n<td width=\"374\">SHERCO<\/td>\n<td width=\"131\">+00:30.39<\/td>\n<\/tr>\n<tr>\n<td width=\"98\">3<\/td>\n<td width=\"1117\">MONFORT BRUNO<\/td>\n<td width=\"374\">KTM<\/td>\n<td width=\"131\">+00:54.00<\/td>\n<\/tr>\n<tr>\n<td width=\"98\">4<\/td>\n<td width=\"1117\">LEMOINE CHRISTOPHE<\/td>\n<td width=\"374\">HVA<\/td>\n<td width=\"131\">+01:47.48<\/td>\n<\/tr>\n<tr>\n<td width=\"98\">5<\/td>\n<td width=\"1117\">OLISLAGERS ST\u00c9PHANE<\/td>\n<td width=\"374\">HVA<\/td>\n<td width=\"131\">+02:01.78<\/td>\n<\/tr>\n<tr>\n<td width=\"98\">6<\/td>\n<td width=\"1117\">SCHEEN PIERRE<\/td>\n<td width=\"374\">KTM<\/td>\n<td width=\"131\">+03:42.98<\/td>\n<\/tr>\n<tr>\n<td width=\"98\">7<\/td>\n<td width=\"1117\">COUCKE BERT<\/td>\n<td width=\"374\"><\/td>\n<td width=\"131\">+05:16.85<\/td>\n<\/tr>\n<tr>\n<td width=\"98\">8<\/td>\n<td width=\"1117\">ROBERT JEAN-MICHEL<\/td>\n<td width=\"374\">KTM<\/td>\n<td width=\"131\">+05:17.88<\/td>\n<\/tr>\n<tr>\n<td width=\"98\">9<\/td>\n<td width=\"1117\">DUCARME MARC<\/td>\n<td width=\"374\">HVA<\/td>\n<td width=\"131\">+06:05.66<\/td>\n<\/tr>\n<tr>\n<td width=\"98\">10<\/td>\n<td width=\"1117\">LIJNEN AUGUST<\/td>\n<td width=\"374\">HVA<\/td>\n<td width=\"131\">+06:23.57<\/td>\n<\/tr>\n<tr>\n<td width=\"98\">11<\/td>\n<td width=\"1117\">RALET PIERRE<\/td>\n<td width=\"374\">SHERCO<\/td>\n<td width=\"131\">+06:38.19<\/td>\n<\/tr>\n<tr>\n<td width=\"98\">12<\/td>\n<td width=\"1117\">VANDENBERGHE PATRICK<\/td>\n<td width=\"374\">HVA<\/td>\n<td width=\"131\">+07:15.60<\/td>\n<\/tr>\n<tr>\n<td width=\"98\">13<\/td>\n<td width=\"1117\">DEFRAEYE Bernard Daniel<\/td>\n<td width=\"374\">KTM<\/td>\n<td width=\"131\">+07:20.56<\/td>\n<\/tr>\n<tr>\n<td width=\"98\">14<\/td>\n<td width=\"1117\">KESTENS Jan Johannes<\/td>\n<td width=\"374\">HVA<\/td>\n<td width=\"131\">+07:51.51<\/td>\n<\/tr>\n<tr>\n<td width=\"98\">15<\/td>\n<td width=\"1117\">ROBERT Vincent<\/td>\n<td width=\"374\">KTM<\/td>\n<td width=\"131\">+08:23.11<\/td>\n<\/tr>\n<tr>\n<td width=\"98\">16<\/td>\n<td width=\"1117\">PADOU FRANCK<\/td>\n<td width=\"374\"><\/td>\n<td width=\"131\">+08:28.93<\/td>\n<\/tr>\n<tr>\n<td width=\"98\">17<\/td>\n<td width=\"1117\">VAN MEERHAEGHE Carl<\/td>\n<td width=\"374\">SHERCO<\/td>\n<td width=\"131\">+08:39.44<\/td>\n<\/tr>\n<tr>\n<td width=\"98\">18<\/td>\n<td width=\"1117\">MYSLIWSKI Andr\u00e9<\/td>\n<td width=\"374\">HONDA HM<\/td>\n<td width=\"131\">+08:50.23<\/td>\n<\/tr>\n<tr>\n<td width=\"98\">19<\/td>\n<td width=\"1117\">VANDEWALLE MICHEL<\/td>\n<td width=\"374\">KTM<\/td>\n<td width=\"131\">+08:58.41<\/td>\n<\/tr>\n<tr>\n<td width=\"98\">20<\/td>\n<td width=\"1117\">DESCHEPPER Eric<\/td>\n<td width=\"374\">KTM<\/td>\n<td width=\"131\">+09:19.60<\/td>\n<\/tr>\n<tr>\n<td width=\"98\">21<\/td>\n<td width=\"1117\">BAGUETTE Corneille<\/td>\n<td width=\"374\">TM<\/td>\n<td width=\"131\">+11:00.77<\/td>\n<\/tr>\n<tr>\n<td width=\"98\">22<\/td>\n<td width=\"1117\">BOURBON FRANK<\/td>\n<td width=\"374\">HVA<\/td>\n<td width=\"131\">+13:52.49<\/td>\n<\/tr>\n<tr>\n<td width=\"98\">23<\/td>\n<td width=\"1117\">BRUYNOOGHE Jan Maurice<\/td>\n<td width=\"374\">SHERCO<\/td>\n<td width=\"131\">+19:11.78<\/td>\n<\/tr>\n<tr>\n<td width=\"98\">24<\/td>\n<td width=\"1117\">SENTE FREDERIC<\/td>\n<td width=\"374\">SHERCO<\/td>\n<td width=\"131\">+20:32.36<\/td>\n<\/tr>\n<tr>\n<td><\/td>\n<td><\/td>\n<td><\/td>\n<td><\/td>\n<\/tr>\n<tr>\n<td>JUNIORS<\/td>\n<td><\/td>\n<td><\/td>\n<td><\/td>\n<\/tr>\n<tr>\n<td><\/td>\n<td><\/td>\n<td><\/td>\n<td><\/td>\n<\/tr>\n<tr>\n<td width=\"98\">1<\/td>\n<td width=\"1117\">BARGIBANT Christopher<\/td>\n<td width=\"374\">KTM<\/td>\n<td width=\"131\">48:19.27<\/td>\n<\/tr>\n<tr>\n<td width=\"98\">2<\/td>\n<td width=\"1117\">SMOLDEREN Glenn<\/td>\n<td width=\"374\">HVA<\/td>\n<td width=\"131\">+00:35.69<\/td>\n<\/tr>\n<tr>\n<td width=\"98\">3<\/td>\n<td width=\"1117\">BARGIBANT DONOVAN<\/td>\n<td width=\"374\">KTM<\/td>\n<td width=\"131\">+01:19.71<\/td>\n<\/tr>\n<tr>\n<td width=\"98\">4<\/td>\n<td width=\"1117\">ANDREOLLI Jeremy<\/td>\n<td width=\"374\">SHERCO<\/td>\n<td width=\"131\">+01:32.26<\/td>\n<\/tr>\n<tr>\n<td width=\"98\">5<\/td>\n<td width=\"1117\">BEBRONNE J\u00e9r\u00e9my Ren\u00e9<\/td>\n<td width=\"374\">HVA<\/td>\n<td width=\"131\">+01:34.85<\/td>\n<\/tr>\n<tr>\n<td width=\"98\">6<\/td>\n<td width=\"1117\">VANDENHOUDT Arnaud<\/td>\n<td width=\"374\">SHERCO<\/td>\n<td width=\"131\">+02:46.12<\/td>\n<\/tr>\n<tr>\n<td width=\"98\">7<\/td>\n<td width=\"1117\">DENUWELAERE Jan Johan<\/td>\n<td width=\"374\">BETA<\/td>\n<td width=\"131\">+03:03.03<\/td>\n<\/tr>\n<tr>\n<td width=\"98\">8<\/td>\n<td width=\"1117\">ROMAIN BASTIEN<\/td>\n<td width=\"374\">YAMAHA<\/td>\n<td width=\"131\">+03:37.93<\/td>\n<\/tr>\n<tr>\n<td width=\"98\">9<\/td>\n<td width=\"1117\">HAXHE Olivier Jean<\/td>\n<td width=\"374\">KTM<\/td>\n<td width=\"131\">+03:47.40<\/td>\n<\/tr>\n<tr>\n<td width=\"98\">10<\/td>\n<td width=\"1117\">VERVONDEL THOMAS<\/td>\n<td width=\"374\">KTM EXC<\/td>\n<td width=\"131\">+03:54.11<\/td>\n<\/tr>\n<tr>\n<td width=\"98\">11<\/td>\n<td width=\"1117\">FORGIARINI DGANI<\/td>\n<td width=\"374\">HVA<\/td>\n<td width=\"131\">+04:17.40<\/td>\n<\/tr>\n<tr>\n<td width=\"98\">12<\/td>\n<td width=\"1117\">HENDRICKX GEOFFREY<\/td>\n<td width=\"374\">SHERCO<\/td>\n<td width=\"131\">+04:27.54<\/td>\n<\/tr>\n<tr>\n<td width=\"98\">13<\/td>\n<td width=\"1117\">KETELS SVEN<\/td>\n<td width=\"374\"><\/td>\n<td width=\"131\">+04:49.74<\/td>\n<\/tr>\n<tr>\n<td width=\"98\">14<\/td>\n<td width=\"1117\">DUQUENNE Laurent<\/td>\n<td width=\"374\">HVA<\/td>\n<td width=\"131\">+04:51.20<\/td>\n<\/tr>\n<tr>\n<td width=\"98\">15<\/td>\n<td width=\"1117\">DAIVIER Julien<\/td>\n<td width=\"374\">SHERCO<\/td>\n<td width=\"131\">+05:10.88<\/td>\n<\/tr>\n<tr>\n<td width=\"98\">16<\/td>\n<td width=\"1117\">BRONSART Nicolas<\/td>\n<td width=\"374\">SHERCO<\/td>\n<td width=\"131\">+05:14.73<\/td>\n<\/tr>\n<tr>\n<td width=\"98\">17<\/td>\n<td width=\"1117\">PHILIPS HENDRIK<\/td>\n<td width=\"374\">KTM<\/td>\n<td width=\"131\">+05:59.89<\/td>\n<\/tr>\n<tr>\n<td width=\"98\">18<\/td>\n<td width=\"1117\">REMY JEAN-CHARLES<\/td>\n<td width=\"374\">KTM<\/td>\n<td width=\"131\">+06:02.80<\/td>\n<\/tr>\n<tr>\n<td width=\"98\">19<\/td>\n<td width=\"1117\">TAYMANS CHRISTOPHE<\/td>\n<td width=\"374\">KTM<\/td>\n<td width=\"131\">+06:03.44<\/td>\n<\/tr>\n<tr>\n<td width=\"98\">20<\/td>\n<td width=\"1117\">LUCAS KENNY<\/td>\n<td width=\"374\"><\/td>\n<td width=\"131\">+06:27.26<\/td>\n<\/tr>\n<tr>\n<td width=\"98\">21<\/td>\n<td width=\"1117\">VANSEVENANT Tom<\/td>\n<td width=\"374\">YAMAHA<\/td>\n<td width=\"131\">+06:52.15<\/td>\n<\/tr>\n<tr>\n<td width=\"98\">22<\/td>\n<td width=\"1117\">TARGNION QUENTIN<\/td>\n<td width=\"374\">KTM<\/td>\n<td width=\"131\">+06:56.03<\/td>\n<\/tr>\n<tr>\n<td width=\"98\">23<\/td>\n<td width=\"1117\">POTVIN CAMILLE<\/td>\n<td width=\"374\">HVA<\/td>\n<td width=\"131\">+07:00.55<\/td>\n<\/tr>\n<tr>\n<td width=\"98\">24<\/td>\n<td width=\"1117\">VOS SAM<\/td>\n<td width=\"374\">GASGAS<\/td>\n<td width=\"131\">+07:06.84<\/td>\n<\/tr>\n<tr>\n<td width=\"98\">25<\/td>\n<td width=\"1117\">VINKEN QUENTIN<\/td>\n<td width=\"374\">KTM<\/td>\n<td width=\"131\">+07:13.24<\/td>\n<\/tr>\n<tr>\n<td width=\"98\">26<\/td>\n<td width=\"1117\">RYNEDYCK Mathieu<\/td>\n<td width=\"374\">SHERCO<\/td>\n<td width=\"131\">+07:38.56<\/td>\n<\/tr>\n<tr>\n<td width=\"98\">27<\/td>\n<td width=\"1117\">PEELMAN Manu Jozef<\/td>\n<td width=\"374\">KTM<\/td>\n<td width=\"131\">+07:58.80<\/td>\n<\/tr>\n<tr>\n<td width=\"98\">28<\/td>\n<td width=\"1117\">DESORBAY MATHIEU<\/td>\n<td width=\"374\">SHERCO<\/td>\n<td width=\"131\">+08:02.90<\/td>\n<\/tr>\n<tr>\n<td width=\"98\">29<\/td>\n<td width=\"1117\">VANCRANENBROECK LAWRENCE<\/td>\n<td width=\"374\">KTM<\/td>\n<td width=\"131\">+08:12.10<\/td>\n<\/tr>\n<tr>\n<td width=\"98\">30<\/td>\n<td width=\"1117\">DE BAERDEMAEKER Robby<\/td>\n<td width=\"374\">TM<\/td>\n<td width=\"131\">+08:53.98<\/td>\n<\/tr>\n<tr>\n<td width=\"98\">31<\/td>\n<td width=\"1117\">HEYNDRICKX Ziggy<\/td>\n<td width=\"374\">HVA<\/td>\n<td width=\"131\">+09:38.83<\/td>\n<\/tr>\n<tr>\n<td width=\"98\">32<\/td>\n<td width=\"1117\">ROLAND Benoit Genevi\u00e8ve<\/td>\n<td width=\"374\">HVA<\/td>\n<td width=\"131\">+10:30.53<\/td>\n<\/tr>\n<tr>\n<td width=\"98\">33<\/td>\n<td width=\"1117\">PROWER Morgan Thierry<\/td>\n<td width=\"374\">HVA<\/td>\n<td width=\"131\">+13:14.67<\/td>\n<\/tr>\n<tr>\n<td width=\"98\">34<\/td>\n<td width=\"1117\">LEP\u00c8RE Geoffrey Gilbert<\/td>\n<td width=\"374\">KTM<\/td>\n<td width=\"131\">+15:42.47<\/td>\n<\/tr>\n<tr>\n<td width=\"98\">35<\/td>\n<td width=\"1117\">DE KEYSER Jonathan<\/td>\n<td width=\"374\">KTM<\/td>\n<td width=\"131\">+16:36.49<\/td>\n<\/tr>\n<tr>\n<td width=\"98\">36<\/td>\n<td width=\"1117\">CHARLES Corentin Jean<\/td>\n<td width=\"374\">BETA<\/td>\n<td width=\"131\">+17:18.79<\/td>\n<\/tr>\n<tr>\n<td width=\"98\">37<\/td>\n<td width=\"1117\">PAPART Julien<\/td>\n<td width=\"374\">HVA<\/td>\n<td width=\"131\">+27:14.22<\/td>\n<\/tr>\n<tr>\n<td width=\"98\">38<\/td>\n<td width=\"1117\">PERIC Lionel Simon<\/td>\n<td width=\"374\">HVA<\/td>\n<td width=\"131\">+40:32.27<\/td>\n<\/tr>\n<tr>\n<td><\/td>\n<td><\/td>\n<td><\/td>\n<td><\/td>\n<\/tr>\n<tr>\n<td colspan=\"2\">RANDONNEURS<\/td>\n<td><\/td>\n<td><\/td>\n<\/tr>\n<tr>\n<td><\/td>\n<td><\/td>\n<td><\/td>\n<td><\/td>\n<\/tr>\n<tr>\n<td width=\"98\">1<\/td>\n<td width=\"1117\">BERLINGIERE PASQUALE<\/td>\n<td width=\"374\"><\/td>\n<td width=\"131\">36:00.23<\/td>\n<\/tr>\n<tr>\n<td width=\"98\">2<\/td>\n<td width=\"1117\">HUYBRECHTS Ward Christophe<\/td>\n<td width=\"374\">KTM<\/td>\n<td width=\"131\">+03:01.55<\/td>\n<\/tr>\n<tr>\n<td width=\"98\">3<\/td>\n<td width=\"1117\">HENRARD Philippe L\u00e9opold<\/td>\n<td width=\"374\">KTM<\/td>\n<td width=\"131\">+03:41.06<\/td>\n<\/tr>\n<tr>\n<td width=\"98\">4<\/td>\n<td width=\"1117\">REMY Aubert C\u00e9cile<\/td>\n<td width=\"374\">BETA<\/td>\n<td width=\"131\">+03:55.80<\/td>\n<\/tr>\n<tr>\n<td width=\"98\">5<\/td>\n<td width=\"1117\">DAVIN Vincent<\/td>\n<td width=\"374\">KTM<\/td>\n<td width=\"131\">+04:01.11<\/td>\n<\/tr>\n<tr>\n<td width=\"98\">6<\/td>\n<td width=\"1117\">VANDONINCK Ives Lodewijk<\/td>\n<td width=\"374\">KTM<\/td>\n<td width=\"131\">+05:01.45<\/td>\n<\/tr>\n<tr>\n<td width=\"98\">7<\/td>\n<td width=\"1117\">DE VLEESCHOUWER Jean-Paul Jeannine<\/td>\n<td width=\"374\">KTM<\/td>\n<td width=\"131\">+05:08.68<\/td>\n<\/tr>\n<tr>\n<td width=\"98\">8<\/td>\n<td width=\"1117\">CARELS Didier Philip<\/td>\n<td width=\"374\">KTM<\/td>\n<td width=\"131\">+05:17.57<\/td>\n<\/tr>\n<tr>\n<td width=\"98\">9<\/td>\n<td width=\"1117\">LUYCKX Sander<\/td>\n<td width=\"374\">KTM EXC<\/td>\n<td width=\"131\">+05:37.68<\/td>\n<\/tr>\n<tr>\n<td width=\"98\">10<\/td>\n<td width=\"1117\">QUINET BRAYAN<\/td>\n<td width=\"374\"><\/td>\n<td width=\"131\">+06:08.26<\/td>\n<\/tr>\n<tr>\n<td width=\"98\">11<\/td>\n<td width=\"1117\">NOTTEBAERT Jean-Fran\u00e7ois<\/td>\n<td width=\"374\">YAMAHA<\/td>\n<td width=\"131\">+06:22.64<\/td>\n<\/tr>\n<tr>\n<td width=\"98\">12<\/td>\n<td width=\"1117\">MISSON ANTHONY<\/td>\n<td width=\"374\">HVA<\/td>\n<td width=\"131\">+06:22.93<\/td>\n<\/tr>\n<tr>\n<td width=\"98\">13<\/td>\n<td width=\"1117\">BEREAUX David<\/td>\n<td width=\"374\">HVA<\/td>\n<td width=\"131\">+06:22.98<\/td>\n<\/tr>\n<tr>\n<td width=\"98\">14<\/td>\n<td width=\"1117\">FAVEAUX Fredric<\/td>\n<td width=\"374\">KTM<\/td>\n<td width=\"131\">+06:25.78<\/td>\n<\/tr>\n<tr>\n<td width=\"98\">15<\/td>\n<td width=\"1117\">VERHULPEN Bram<\/td>\n<td width=\"374\">KTM<\/td>\n<td width=\"131\">+06:25.80<\/td>\n<\/tr>\n<tr>\n<td width=\"98\">16<\/td>\n<td width=\"1117\">VANLOMMEL NICK<\/td>\n<td width=\"374\"><\/td>\n<td width=\"131\">+07:18.66<\/td>\n<\/tr>\n<tr>\n<td width=\"98\">17<\/td>\n<td width=\"1117\">VAN TULDEN KEVIN<\/td>\n<td width=\"374\">KTM<\/td>\n<td width=\"131\">+07:25.63<\/td>\n<\/tr>\n<tr>\n<td width=\"98\">18<\/td>\n<td width=\"1117\">DAMIAENS Dirk Arnold<\/td>\n<td width=\"374\">KTM<\/td>\n<td width=\"131\">+07:27.54<\/td>\n<\/tr>\n<tr>\n<td width=\"98\">19<\/td>\n<td width=\"1117\">THIRY GERY<\/td>\n<td width=\"374\">KTM<\/td>\n<td width=\"131\">+07:39.42<\/td>\n<\/tr>\n<tr>\n<td width=\"98\">20<\/td>\n<td width=\"1117\">LEMAIRE Aurelien<\/td>\n<td width=\"374\">HVA<\/td>\n<td width=\"131\">+07:41.28<\/td>\n<\/tr>\n<tr>\n<td width=\"98\">21<\/td>\n<td width=\"1117\">HECQUET PIERRE<\/td>\n<td width=\"374\">HVA<\/td>\n<td width=\"131\">+07:56.77<\/td>\n<\/tr>\n<tr>\n<td width=\"98\">22<\/td>\n<td width=\"1117\">HENDRICKX Nikias<\/td>\n<td width=\"374\">SHERCO<\/td>\n<td width=\"131\">+08:10.81<\/td>\n<\/tr>\n<tr>\n<td width=\"98\">23<\/td>\n<td width=\"1117\">REMY Gabin Kathy<\/td>\n<td width=\"374\">BETA<\/td>\n<td width=\"131\">+08:10.85<\/td>\n<\/tr>\n<tr>\n<td width=\"98\">24<\/td>\n<td width=\"1117\">BURTON Gilles Charles<\/td>\n<td width=\"374\">KTM<\/td>\n<td width=\"131\">+08:31.70<\/td>\n<\/tr>\n<tr>\n<td width=\"98\">25<\/td>\n<td width=\"1117\">BECKERS MARCEL<\/td>\n<td width=\"374\">KTM<\/td>\n<td width=\"131\">+08:34.91<\/td>\n<\/tr>\n<tr>\n<td width=\"98\">26<\/td>\n<td width=\"1117\">VAN CLEYNENBREUGEL KEN<\/td>\n<td width=\"374\">KTM<\/td>\n<td width=\"131\">+08:41.91<\/td>\n<\/tr>\n<tr>\n<td width=\"98\">27<\/td>\n<td width=\"1117\">NOPERE Christophe<\/td>\n<td width=\"374\">SHERCO<\/td>\n<td width=\"131\">+08:44.26<\/td>\n<\/tr>\n<tr>\n<td width=\"98\">28<\/td>\n<td width=\"1117\">HOUTPUT David Bernard<\/td>\n<td width=\"374\">KTM<\/td>\n<td width=\"131\">+08:51.35<\/td>\n<\/tr>\n<tr>\n<td width=\"98\">29<\/td>\n<td width=\"1117\">BOEMAN NICOLAS<\/td>\n<td width=\"374\"><\/td>\n<td width=\"131\">+09:04.14<\/td>\n<\/tr>\n<tr>\n<td width=\"98\">30<\/td>\n<td width=\"1117\">CAPOEN Filip Andr\u00e9<\/td>\n<td width=\"374\">KTM<\/td>\n<td width=\"131\">+09:18.15<\/td>\n<\/tr>\n<tr>\n<td width=\"98\">31<\/td>\n<td width=\"1117\">DE ZUTTER Pieter Jozef<\/td>\n<td width=\"374\">SHERCO<\/td>\n<td width=\"131\">+09:19.03<\/td>\n<\/tr>\n<tr>\n<td width=\"98\">32<\/td>\n<td width=\"1117\">JANS FRANK<\/td>\n<td width=\"374\"><\/td>\n<td width=\"131\">+09:28.10<\/td>\n<\/tr>\n<tr>\n<td width=\"98\">33<\/td>\n<td width=\"1117\">CLAREBOTS Frank<\/td>\n<td width=\"374\">KTM<\/td>\n<td width=\"131\">+09:36.52<\/td>\n<\/tr>\n<tr>\n<td width=\"98\">34<\/td>\n<td width=\"1117\">DEVOS MIKE<\/td>\n<td width=\"374\"><\/td>\n<td width=\"131\">+09:48.97<\/td>\n<\/tr>\n<tr>\n<td width=\"98\">35<\/td>\n<td width=\"1117\">DECOURT Philippe<\/td>\n<td width=\"374\">HVA<\/td>\n<td width=\"131\">+09:54.18<\/td>\n<\/tr>\n<tr>\n<td width=\"98\">36<\/td>\n<td width=\"1117\">REGNIER BASTIEN<\/td>\n<td width=\"374\">YAMHA<\/td>\n<td width=\"131\">+10:06.90<\/td>\n<\/tr>\n<tr>\n<td width=\"98\">37<\/td>\n<td width=\"1117\">TOMBINI Patrizio<\/td>\n<td width=\"374\">HVA<\/td>\n<td width=\"131\">+10:20.78<\/td>\n<\/tr>\n<tr>\n<td width=\"98\">38<\/td>\n<td width=\"1117\">GORDEYN YORIC<\/td>\n<td width=\"374\"><\/td>\n<td width=\"131\">+10:38.41<\/td>\n<\/tr>\n<tr>\n<td width=\"98\">39<\/td>\n<td width=\"1117\">RENIERS Laurent Claudine<\/td>\n<td width=\"374\">KTM<\/td>\n<td width=\"131\">+10:46.84<\/td>\n<\/tr>\n<tr>\n<td width=\"98\">40<\/td>\n<td width=\"1117\">COUSSEMENT MIGUEL<\/td>\n<td width=\"374\"><\/td>\n<td width=\"131\">+10:48.57<\/td>\n<\/tr>\n<tr>\n<td width=\"98\">41<\/td>\n<td width=\"1117\">RAYNAUD SERGE<\/td>\n<td width=\"374\"><\/td>\n<td width=\"131\">+10:57.87<\/td>\n<\/tr>\n<tr>\n<td width=\"98\">42<\/td>\n<td width=\"1117\">BAERT PIERRE EMILIEN<\/td>\n<td width=\"374\">HVA<\/td>\n<td width=\"131\">+11:35.90<\/td>\n<\/tr>\n<tr>\n<td width=\"98\">43<\/td>\n<td width=\"1117\">ANDRIES MARC<\/td>\n<td width=\"374\">KTM<\/td>\n<td width=\"131\">+11:36.69<\/td>\n<\/tr>\n<tr>\n<td width=\"98\">44<\/td>\n<td width=\"1117\">COLLARD Jerome<\/td>\n<td width=\"374\">SHERCO<\/td>\n<td width=\"131\">+11:40.68<\/td>\n<\/tr>\n<tr>\n<td width=\"98\">45<\/td>\n<td width=\"1117\">CHIRY AXEL<\/td>\n<td width=\"374\"><\/td>\n<td width=\"131\">+11:56.92<\/td>\n<\/tr>\n<tr>\n<td width=\"98\">46<\/td>\n<td width=\"1117\">THIEBAUT Sebastien<\/td>\n<td width=\"374\">SHERCO<\/td>\n<td width=\"131\">+12:05.16<\/td>\n<\/tr>\n<tr>\n<td width=\"98\">47<\/td>\n<td width=\"1117\">EVRARD BENJAMIN<\/td>\n<td width=\"374\"><\/td>\n<td width=\"131\">+12:44.94<\/td>\n<\/tr>\n<tr>\n<td width=\"98\">48<\/td>\n<td width=\"1117\">KIELTYKA CYRIL<\/td>\n<td width=\"374\"><\/td>\n<td width=\"131\">+14:05.89<\/td>\n<\/tr>\n<tr>\n<td width=\"98\">49<\/td>\n<td width=\"1117\">DUBART John-William<\/td>\n<td width=\"374\">SHERCO<\/td>\n<td width=\"131\">+14:53.65<\/td>\n<\/tr>\n<tr>\n<td width=\"98\">50<\/td>\n<td width=\"1117\">VAN KEER Damien<\/td>\n<td width=\"374\">SHERCO<\/td>\n<td width=\"131\">+15:02.11<\/td>\n<\/tr>\n<tr>\n<td width=\"98\">51<\/td>\n<td width=\"1117\">YERNAUX NATANAEL<\/td>\n<td width=\"374\">GASGAS<\/td>\n<td width=\"131\">+15:53.57<\/td>\n<\/tr>\n<tr>\n<td width=\"98\">52<\/td>\n<td width=\"1117\">BREMS Domien Andre<\/td>\n<td width=\"374\">KTM<\/td>\n<td width=\"131\">+16:16.50<\/td>\n<\/tr>\n<tr>\n<td width=\"98\">53<\/td>\n<td width=\"1117\">LADRIERE MAXIME<\/td>\n<td width=\"374\"><\/td>\n<td width=\"131\">+18:51.91<\/td>\n<\/tr>\n<tr>\n<td width=\"98\">54<\/td>\n<td width=\"1117\">ADAMS JOHAN<\/td>\n<td width=\"374\">HVA<\/td>\n<td width=\"131\">+19:12.27<\/td>\n<\/tr>\n<tr>\n<td width=\"98\">55<\/td>\n<td width=\"1117\">COLLARD Pierre<\/td>\n<td width=\"374\">HVA<\/td>\n<td width=\"131\">+20:14.81<\/td>\n<\/tr>\n<tr>\n<td width=\"98\">56<\/td>\n<td width=\"1117\">WALRAVENS THIBAULT<\/td>\n<td width=\"374\"><\/td>\n<td width=\"131\">+22:03.38<\/td>\n<\/tr>\n<tr>\n<td width=\"98\">57<\/td>\n<td width=\"1117\">GOFFIN Mathieu<\/td>\n<td width=\"374\">HVA<\/td>\n<td width=\"131\">+28:07.28<\/td>\n<\/tr>\n<tr>\n<td><\/td>\n<td><\/td>\n<td><\/td>\n<td><\/td>\n<\/tr>\n<tr>\n<td>GIRLS<\/td>\n<td><\/td>\n<td><\/td>\n<td><\/td>\n<\/tr>\n<tr>\n<td><\/td>\n<td><\/td>\n<td><\/td>\n<td><\/td>\n<\/tr>\n<tr>\n<td width=\"98\">1<\/td>\n<td width=\"1117\">MARCHAL ELISE<\/td>\n<td width=\"374\">SHERCO<\/td>\n<td width=\"131\">42:27.45<\/td>\n<\/tr>\n<tr>\n<td><\/td>\n<td><\/td>\n<td><\/td>\n<td><\/td>\n<\/tr>\n<tr>\n<td>50CC<\/td>\n<td><\/td>\n<td><\/td>\n<td><\/td>\n<\/tr>\n<tr>\n<td><\/td>\n<td><\/td>\n<td><\/td>\n<td><\/td>\n<\/tr>\n<tr>\n<td width=\"98\">1<\/td>\n<td width=\"1117\">DEMARBAIX GERMAIN<\/td>\n<td width=\"374\">VALENTI<\/td>\n<td width=\"131\">44:53.72<\/td>\n<\/tr>\n<tr>\n<td width=\"98\">2<\/td>\n<td width=\"1117\">PORSON CLEMENT<\/td>\n<td width=\"374\"><\/td>\n<td width=\"131\">+15:55.52<\/td>\n<\/tr>\n<tr>\n<td width=\"98\">3<\/td>\n<td width=\"1117\">SENNA DE WINTER<\/td>\n<td width=\"374\">BETA<\/td>\n<td width=\"131\">+43:30.21<\/td>\n<\/tr>\n<tr>\n<td><\/td>\n<td><\/td>\n<td><\/td>\n<td><\/td>\n<\/tr>\n<\/tbody>\n<\/table>\n","protected":false},"excerpt":{"rendered":"<p>Une semaine apr\u00e8s l&rsquo;enduro de Mettet, le championnat de Belgique se poursuivait ce week-end avec l&rsquo;\u00e9preuve de Binche. Un trac\u00e9 nettement plus technique attendait les concurrents avec deux sp\u00e9ciales qui [&#8230;]<\/p>\n","protected":false},"author":932,"featured_media":86339,"comment_status":"open","ping_status":"closed","sticky":false,"template":"","format":"standard","meta":{"footnotes":""},"categories":[54,32,35,33,55,65],"tags":[],"class_list":["post-86238","post","type-post","status-publish","format-standard","has-post-thumbnail","hentry","category-actualite","category-enduro","category-fmb-enduro","category-news-enduro","category-news-actualite","category-slideshow"],"yoast_head":"<!-- This site is optimized with the Yoast SEO plugin v27.4 - https:\/\/yoast.com\/product\/yoast-seo-wordpress\/ -->\n<title>Carton plein pour le 3\u00e8me round du championnat de Belgique d&#039;enduro \u00e0 Binche - Motocross - Enduro - Supermoto | MotocrossMag<\/title>\n<meta name=\"robots\" content=\"index, follow, max-snippet:-1, max-image-preview:large, max-video-preview:-1\" \/>\n<link rel=\"canonical\" href=\"https:\/\/fr.motocrossmag.be\/index.php\/2019\/04\/carton-plein-pour-le-3eme-round-du-championnat-de-belgique-denduro-a-binche\/\" \/>\n<meta property=\"og:locale\" content=\"fr_FR\" \/>\n<meta property=\"og:type\" content=\"article\" \/>\n<meta property=\"og:title\" content=\"Carton plein pour le 3\u00e8me round du championnat de Belgique d&#039;enduro \u00e0 Binche - Motocross - Enduro - Supermoto | MotocrossMag\" \/>\n<meta property=\"og:description\" content=\"Une semaine apr\u00e8s l&rsquo;enduro de Mettet, le championnat de Belgique se poursuivait ce week-end avec l&rsquo;\u00e9preuve de Binche. Un trac\u00e9 nettement plus technique attendait les concurrents avec deux sp\u00e9ciales qui [...]\" \/>\n<meta property=\"og:url\" content=\"https:\/\/fr.motocrossmag.be\/index.php\/2019\/04\/carton-plein-pour-le-3eme-round-du-championnat-de-belgique-denduro-a-binche\/\" \/>\n<meta property=\"og:site_name\" content=\"Motocross - Enduro - Supermoto | MotocrossMag\" \/>\n<meta property=\"article:published_time\" content=\"2019-04-08T21:15:10+00:00\" \/>\n<meta property=\"og:image\" content=\"https:\/\/fr.motocrossmag.be\/wp-content\/uploads\/2019\/04\/enduro-binche-speciale.jpg\" \/>\n\t<meta property=\"og:image:width\" content=\"900\" \/>\n\t<meta property=\"og:image:height\" content=\"600\" \/>\n\t<meta property=\"og:image:type\" content=\"image\/jpeg\" \/>\n<meta name=\"author\" content=\"oliviere\" \/>\n<meta name=\"twitter:card\" content=\"summary_large_image\" \/>\n<meta name=\"twitter:label1\" content=\"\u00c9crit par\" \/>\n\t<meta name=\"twitter:data1\" content=\"oliviere\" \/>\n\t<meta name=\"twitter:label2\" content=\"Dur\u00e9e de lecture estim\u00e9e\" \/>\n\t<meta name=\"twitter:data2\" content=\"6 minutes\" \/>\n<script type=\"application\/ld+json\" class=\"yoast-schema-graph\">{\"@context\":\"https:\\\/\\\/schema.org\",\"@graph\":[{\"@type\":\"Article\",\"@id\":\"https:\\\/\\\/fr.motocrossmag.be\\\/index.php\\\/2019\\\/04\\\/carton-plein-pour-le-3eme-round-du-championnat-de-belgique-denduro-a-binche\\\/#article\",\"isPartOf\":{\"@id\":\"https:\\\/\\\/fr.motocrossmag.be\\\/index.php\\\/2019\\\/04\\\/carton-plein-pour-le-3eme-round-du-championnat-de-belgique-denduro-a-binche\\\/\"},\"author\":{\"name\":\"oliviere\",\"@id\":\"https:\\\/\\\/fr.motocrossmag.be\\\/#\\\/schema\\\/person\\\/11b47143d9f755babca2c9110e03235c\"},\"headline\":\"Carton plein pour le 3\u00e8me round du championnat de Belgique d&rsquo;enduro \u00e0 Binche\",\"datePublished\":\"2019-04-08T21:15:10+00:00\",\"mainEntityOfPage\":{\"@id\":\"https:\\\/\\\/fr.motocrossmag.be\\\/index.php\\\/2019\\\/04\\\/carton-plein-pour-le-3eme-round-du-championnat-de-belgique-denduro-a-binche\\\/\"},\"wordCount\":1152,\"commentCount\":0,\"image\":{\"@id\":\"https:\\\/\\\/fr.motocrossmag.be\\\/index.php\\\/2019\\\/04\\\/carton-plein-pour-le-3eme-round-du-championnat-de-belgique-denduro-a-binche\\\/#primaryimage\"},\"thumbnailUrl\":\"https:\\\/\\\/fr.motocrossmag.be\\\/wp-content\\\/uploads\\\/2019\\\/04\\\/enduro-binche-speciale.jpg\",\"articleSection\":[\"Actualit\u00e9\",\"Enduro\",\"FMB\",\"News\",\"News\",\"Slideshow\"],\"inLanguage\":\"fr-FR\",\"potentialAction\":[{\"@type\":\"CommentAction\",\"name\":\"Comment\",\"target\":[\"https:\\\/\\\/fr.motocrossmag.be\\\/index.php\\\/2019\\\/04\\\/carton-plein-pour-le-3eme-round-du-championnat-de-belgique-denduro-a-binche\\\/#respond\"]}]},{\"@type\":\"WebPage\",\"@id\":\"https:\\\/\\\/fr.motocrossmag.be\\\/index.php\\\/2019\\\/04\\\/carton-plein-pour-le-3eme-round-du-championnat-de-belgique-denduro-a-binche\\\/\",\"url\":\"https:\\\/\\\/fr.motocrossmag.be\\\/index.php\\\/2019\\\/04\\\/carton-plein-pour-le-3eme-round-du-championnat-de-belgique-denduro-a-binche\\\/\",\"name\":\"Carton plein pour le 3\u00e8me round du championnat de Belgique d'enduro \u00e0 Binche - Motocross - Enduro - Supermoto | MotocrossMag\",\"isPartOf\":{\"@id\":\"https:\\\/\\\/fr.motocrossmag.be\\\/#website\"},\"primaryImageOfPage\":{\"@id\":\"https:\\\/\\\/fr.motocrossmag.be\\\/index.php\\\/2019\\\/04\\\/carton-plein-pour-le-3eme-round-du-championnat-de-belgique-denduro-a-binche\\\/#primaryimage\"},\"image\":{\"@id\":\"https:\\\/\\\/fr.motocrossmag.be\\\/index.php\\\/2019\\\/04\\\/carton-plein-pour-le-3eme-round-du-championnat-de-belgique-denduro-a-binche\\\/#primaryimage\"},\"thumbnailUrl\":\"https:\\\/\\\/fr.motocrossmag.be\\\/wp-content\\\/uploads\\\/2019\\\/04\\\/enduro-binche-speciale.jpg\",\"datePublished\":\"2019-04-08T21:15:10+00:00\",\"author\":{\"@id\":\"https:\\\/\\\/fr.motocrossmag.be\\\/#\\\/schema\\\/person\\\/11b47143d9f755babca2c9110e03235c\"},\"breadcrumb\":{\"@id\":\"https:\\\/\\\/fr.motocrossmag.be\\\/index.php\\\/2019\\\/04\\\/carton-plein-pour-le-3eme-round-du-championnat-de-belgique-denduro-a-binche\\\/#breadcrumb\"},\"inLanguage\":\"fr-FR\",\"potentialAction\":[{\"@type\":\"ReadAction\",\"target\":[\"https:\\\/\\\/fr.motocrossmag.be\\\/index.php\\\/2019\\\/04\\\/carton-plein-pour-le-3eme-round-du-championnat-de-belgique-denduro-a-binche\\\/\"]}]},{\"@type\":\"ImageObject\",\"inLanguage\":\"fr-FR\",\"@id\":\"https:\\\/\\\/fr.motocrossmag.be\\\/index.php\\\/2019\\\/04\\\/carton-plein-pour-le-3eme-round-du-championnat-de-belgique-denduro-a-binche\\\/#primaryimage\",\"url\":\"https:\\\/\\\/fr.motocrossmag.be\\\/wp-content\\\/uploads\\\/2019\\\/04\\\/enduro-binche-speciale.jpg\",\"contentUrl\":\"https:\\\/\\\/fr.motocrossmag.be\\\/wp-content\\\/uploads\\\/2019\\\/04\\\/enduro-binche-speciale.jpg\",\"width\":900,\"height\":600},{\"@type\":\"BreadcrumbList\",\"@id\":\"https:\\\/\\\/fr.motocrossmag.be\\\/index.php\\\/2019\\\/04\\\/carton-plein-pour-le-3eme-round-du-championnat-de-belgique-denduro-a-binche\\\/#breadcrumb\",\"itemListElement\":[{\"@type\":\"ListItem\",\"position\":1,\"name\":\"Accueil\",\"item\":\"https:\\\/\\\/fr.motocrossmag.be\\\/\"},{\"@type\":\"ListItem\",\"position\":2,\"name\":\"Carton plein pour le 3\u00e8me round du championnat de Belgique d&rsquo;enduro \u00e0 Binche\"}]},{\"@type\":\"WebSite\",\"@id\":\"https:\\\/\\\/fr.motocrossmag.be\\\/#website\",\"url\":\"https:\\\/\\\/fr.motocrossmag.be\\\/\",\"name\":\"Motocross - Enduro - Supermoto | MotocrossMag\",\"description\":\"L&#039;actualit\u00e9 du motocross, de l&#039;enduro et du Supermoto en ligne!\",\"potentialAction\":[{\"@type\":\"SearchAction\",\"target\":{\"@type\":\"EntryPoint\",\"urlTemplate\":\"https:\\\/\\\/fr.motocrossmag.be\\\/?s={search_term_string}\"},\"query-input\":{\"@type\":\"PropertyValueSpecification\",\"valueRequired\":true,\"valueName\":\"search_term_string\"}}],\"inLanguage\":\"fr-FR\"},{\"@type\":\"Person\",\"@id\":\"https:\\\/\\\/fr.motocrossmag.be\\\/#\\\/schema\\\/person\\\/11b47143d9f755babca2c9110e03235c\",\"name\":\"oliviere\",\"image\":{\"@type\":\"ImageObject\",\"inLanguage\":\"fr-FR\",\"@id\":\"https:\\\/\\\/secure.gravatar.com\\\/avatar\\\/907069e0b81d119452040469e4a7501da1100f54f7f80180ce77bfab718288f6?s=96&d=mm&r=g\",\"url\":\"https:\\\/\\\/secure.gravatar.com\\\/avatar\\\/907069e0b81d119452040469e4a7501da1100f54f7f80180ce77bfab718288f6?s=96&d=mm&r=g\",\"contentUrl\":\"https:\\\/\\\/secure.gravatar.com\\\/avatar\\\/907069e0b81d119452040469e4a7501da1100f54f7f80180ce77bfab718288f6?s=96&d=mm&r=g\",\"caption\":\"oliviere\"},\"sameAs\":[\"http:\\\/\\\/www.motocrossmag.be\"],\"url\":\"https:\\\/\\\/fr.motocrossmag.be\\\/index.php\\\/author\\\/oliviere\\\/\"}]}<\/script>\n<!-- \/ Yoast SEO plugin. -->","yoast_head_json":{"title":"Carton plein pour le 3\u00e8me round du championnat de Belgique d'enduro \u00e0 Binche - Motocross - Enduro - Supermoto | MotocrossMag","robots":{"index":"index","follow":"follow","max-snippet":"max-snippet:-1","max-image-preview":"max-image-preview:large","max-video-preview":"max-video-preview:-1"},"canonical":"https:\/\/fr.motocrossmag.be\/index.php\/2019\/04\/carton-plein-pour-le-3eme-round-du-championnat-de-belgique-denduro-a-binche\/","og_locale":"fr_FR","og_type":"article","og_title":"Carton plein pour le 3\u00e8me round du championnat de Belgique d'enduro \u00e0 Binche - Motocross - Enduro - Supermoto | MotocrossMag","og_description":"Une semaine apr\u00e8s l&rsquo;enduro de Mettet, le championnat de Belgique se poursuivait ce week-end avec l&rsquo;\u00e9preuve de Binche. Un trac\u00e9 nettement plus technique attendait les concurrents avec deux sp\u00e9ciales qui [...]","og_url":"https:\/\/fr.motocrossmag.be\/index.php\/2019\/04\/carton-plein-pour-le-3eme-round-du-championnat-de-belgique-denduro-a-binche\/","og_site_name":"Motocross - Enduro - Supermoto | MotocrossMag","article_published_time":"2019-04-08T21:15:10+00:00","og_image":[{"width":900,"height":600,"url":"https:\/\/fr.motocrossmag.be\/wp-content\/uploads\/2019\/04\/enduro-binche-speciale.jpg","type":"image\/jpeg"}],"author":"oliviere","twitter_card":"summary_large_image","twitter_misc":{"\u00c9crit par":"oliviere","Dur\u00e9e de lecture estim\u00e9e":"6 minutes"},"schema":{"@context":"https:\/\/schema.org","@graph":[{"@type":"Article","@id":"https:\/\/fr.motocrossmag.be\/index.php\/2019\/04\/carton-plein-pour-le-3eme-round-du-championnat-de-belgique-denduro-a-binche\/#article","isPartOf":{"@id":"https:\/\/fr.motocrossmag.be\/index.php\/2019\/04\/carton-plein-pour-le-3eme-round-du-championnat-de-belgique-denduro-a-binche\/"},"author":{"name":"oliviere","@id":"https:\/\/fr.motocrossmag.be\/#\/schema\/person\/11b47143d9f755babca2c9110e03235c"},"headline":"Carton plein pour le 3\u00e8me round du championnat de Belgique d&rsquo;enduro \u00e0 Binche","datePublished":"2019-04-08T21:15:10+00:00","mainEntityOfPage":{"@id":"https:\/\/fr.motocrossmag.be\/index.php\/2019\/04\/carton-plein-pour-le-3eme-round-du-championnat-de-belgique-denduro-a-binche\/"},"wordCount":1152,"commentCount":0,"image":{"@id":"https:\/\/fr.motocrossmag.be\/index.php\/2019\/04\/carton-plein-pour-le-3eme-round-du-championnat-de-belgique-denduro-a-binche\/#primaryimage"},"thumbnailUrl":"https:\/\/fr.motocrossmag.be\/wp-content\/uploads\/2019\/04\/enduro-binche-speciale.jpg","articleSection":["Actualit\u00e9","Enduro","FMB","News","News","Slideshow"],"inLanguage":"fr-FR","potentialAction":[{"@type":"CommentAction","name":"Comment","target":["https:\/\/fr.motocrossmag.be\/index.php\/2019\/04\/carton-plein-pour-le-3eme-round-du-championnat-de-belgique-denduro-a-binche\/#respond"]}]},{"@type":"WebPage","@id":"https:\/\/fr.motocrossmag.be\/index.php\/2019\/04\/carton-plein-pour-le-3eme-round-du-championnat-de-belgique-denduro-a-binche\/","url":"https:\/\/fr.motocrossmag.be\/index.php\/2019\/04\/carton-plein-pour-le-3eme-round-du-championnat-de-belgique-denduro-a-binche\/","name":"Carton plein pour le 3\u00e8me round du championnat de Belgique d'enduro \u00e0 Binche - Motocross - Enduro - Supermoto | MotocrossMag","isPartOf":{"@id":"https:\/\/fr.motocrossmag.be\/#website"},"primaryImageOfPage":{"@id":"https:\/\/fr.motocrossmag.be\/index.php\/2019\/04\/carton-plein-pour-le-3eme-round-du-championnat-de-belgique-denduro-a-binche\/#primaryimage"},"image":{"@id":"https:\/\/fr.motocrossmag.be\/index.php\/2019\/04\/carton-plein-pour-le-3eme-round-du-championnat-de-belgique-denduro-a-binche\/#primaryimage"},"thumbnailUrl":"https:\/\/fr.motocrossmag.be\/wp-content\/uploads\/2019\/04\/enduro-binche-speciale.jpg","datePublished":"2019-04-08T21:15:10+00:00","author":{"@id":"https:\/\/fr.motocrossmag.be\/#\/schema\/person\/11b47143d9f755babca2c9110e03235c"},"breadcrumb":{"@id":"https:\/\/fr.motocrossmag.be\/index.php\/2019\/04\/carton-plein-pour-le-3eme-round-du-championnat-de-belgique-denduro-a-binche\/#breadcrumb"},"inLanguage":"fr-FR","potentialAction":[{"@type":"ReadAction","target":["https:\/\/fr.motocrossmag.be\/index.php\/2019\/04\/carton-plein-pour-le-3eme-round-du-championnat-de-belgique-denduro-a-binche\/"]}]},{"@type":"ImageObject","inLanguage":"fr-FR","@id":"https:\/\/fr.motocrossmag.be\/index.php\/2019\/04\/carton-plein-pour-le-3eme-round-du-championnat-de-belgique-denduro-a-binche\/#primaryimage","url":"https:\/\/fr.motocrossmag.be\/wp-content\/uploads\/2019\/04\/enduro-binche-speciale.jpg","contentUrl":"https:\/\/fr.motocrossmag.be\/wp-content\/uploads\/2019\/04\/enduro-binche-speciale.jpg","width":900,"height":600},{"@type":"BreadcrumbList","@id":"https:\/\/fr.motocrossmag.be\/index.php\/2019\/04\/carton-plein-pour-le-3eme-round-du-championnat-de-belgique-denduro-a-binche\/#breadcrumb","itemListElement":[{"@type":"ListItem","position":1,"name":"Accueil","item":"https:\/\/fr.motocrossmag.be\/"},{"@type":"ListItem","position":2,"name":"Carton plein pour le 3\u00e8me round du championnat de Belgique d&rsquo;enduro \u00e0 Binche"}]},{"@type":"WebSite","@id":"https:\/\/fr.motocrossmag.be\/#website","url":"https:\/\/fr.motocrossmag.be\/","name":"Motocross - Enduro - Supermoto | MotocrossMag","description":"L&#039;actualit\u00e9 du motocross, de l&#039;enduro et du Supermoto en ligne!","potentialAction":[{"@type":"SearchAction","target":{"@type":"EntryPoint","urlTemplate":"https:\/\/fr.motocrossmag.be\/?s={search_term_string}"},"query-input":{"@type":"PropertyValueSpecification","valueRequired":true,"valueName":"search_term_string"}}],"inLanguage":"fr-FR"},{"@type":"Person","@id":"https:\/\/fr.motocrossmag.be\/#\/schema\/person\/11b47143d9f755babca2c9110e03235c","name":"oliviere","image":{"@type":"ImageObject","inLanguage":"fr-FR","@id":"https:\/\/secure.gravatar.com\/avatar\/907069e0b81d119452040469e4a7501da1100f54f7f80180ce77bfab718288f6?s=96&d=mm&r=g","url":"https:\/\/secure.gravatar.com\/avatar\/907069e0b81d119452040469e4a7501da1100f54f7f80180ce77bfab718288f6?s=96&d=mm&r=g","contentUrl":"https:\/\/secure.gravatar.com\/avatar\/907069e0b81d119452040469e4a7501da1100f54f7f80180ce77bfab718288f6?s=96&d=mm&r=g","caption":"oliviere"},"sameAs":["http:\/\/www.motocrossmag.be"],"url":"https:\/\/fr.motocrossmag.be\/index.php\/author\/oliviere\/"}]}},"_links":{"self":[{"href":"https:\/\/fr.motocrossmag.be\/index.php\/wp-json\/wp\/v2\/posts\/86238","targetHints":{"allow":["GET"]}}],"collection":[{"href":"https:\/\/fr.motocrossmag.be\/index.php\/wp-json\/wp\/v2\/posts"}],"about":[{"href":"https:\/\/fr.motocrossmag.be\/index.php\/wp-json\/wp\/v2\/types\/post"}],"author":[{"embeddable":true,"href":"https:\/\/fr.motocrossmag.be\/index.php\/wp-json\/wp\/v2\/users\/932"}],"replies":[{"embeddable":true,"href":"https:\/\/fr.motocrossmag.be\/index.php\/wp-json\/wp\/v2\/comments?post=86238"}],"version-history":[{"count":0,"href":"https:\/\/fr.motocrossmag.be\/index.php\/wp-json\/wp\/v2\/posts\/86238\/revisions"}],"wp:featuredmedia":[{"embeddable":true,"href":"https:\/\/fr.motocrossmag.be\/index.php\/wp-json\/wp\/v2\/media\/86339"}],"wp:attachment":[{"href":"https:\/\/fr.motocrossmag.be\/index.php\/wp-json\/wp\/v2\/media?parent=86238"}],"wp:term":[{"taxonomy":"category","embeddable":true,"href":"https:\/\/fr.motocrossmag.be\/index.php\/wp-json\/wp\/v2\/categories?post=86238"},{"taxonomy":"post_tag","embeddable":true,"href":"https:\/\/fr.motocrossmag.be\/index.php\/wp-json\/wp\/v2\/tags?post=86238"}],"curies":[{"name":"wp","href":"https:\/\/api.w.org\/{rel}","templated":true}]}}