{"id":87053,"date":"2019-04-20T13:26:39","date_gmt":"2019-04-20T11:26:39","guid":{"rendered":"https:\/\/fr.motocrossmag.be\/?p=87053"},"modified":"2019-04-20T13:27:49","modified_gmt":"2019-04-20T11:27:49","slug":"le-championnat-dendurance-bex-debute-ce-1er-mai-a-mons","status":"publish","type":"post","link":"https:\/\/fr.motocrossmag.be\/index.php\/2019\/04\/le-championnat-dendurance-bex-debute-ce-1er-mai-a-mons\/","title":{"rendered":"Le nouveau championnat de Belgique BEX Kids s&rsquo;ouvrira ce 1er mai \u00e0 Mons"},"content":{"rendered":"<p><strong>Apr\u00e8s avoir organis\u00e9 durant 40 ans le Motocross du Doudou, le Royal Mons Auto Moto Club se lance dans l&rsquo;aventure du championnat d&rsquo;endurance BEX. Ce mercredi 1er mai, l&rsquo;\u00e9preuve montoise constituera la premi\u00e8re des 7 \u00e9preuves au programme du championnat de Belgique d&rsquo;endurance organis\u00e9 par la FMB.<\/strong><\/p>\n<p>Au menu de la journ\u00e9e, cinq heures de course pour les cat\u00e9gories Bex1, Bex2 et Pr\u00e990 mais aussi 2 manches de 40 minutes avec relai obligatoire pour les pilotes \u00e2g\u00e9s de 8 \u00e0 15 ans. Car Mons sera aussi la toute premi\u00e8re \u00e9preuve du nouveau championnat de Wallonie BEX Kids mis sur pied par la FMWB.\u00a0 Trois \u00e9preuves sont au programme de ce championnat en 2019: le 1er mai \u00e0 Mons, le 27 juillet \u00e0 Warnant et le 27 octobre \u00e0 Hautrage.<\/p>\n<p><strong>La date limite d&rsquo;inscription est fix\u00e9e au 25 avril. Pour vous inscrire, foncer sur le site de la FMB :\u00a0 <a href=\"http:\/\/www.fmb-bmb.be\/fr\/event\/endurance-du-doudou\" target=\"_blank\" rel=\"noopener\">cliquez ici.<\/a><\/strong><\/p>\n<ul>\n<li>Entr\u00e9e et parking (autos + PMR + s\u00e9curis\u00e9 motos) gratuits pour tous<\/li>\n<li>Welcome : Ghlin, route de Wallonie (RN 552). Ouvert mardi 30\/4 de 18h30 \u00e0 21h30, mercredi d\u00e8s 7h00<\/li>\n<li>Infos : <a href=\"mailto:monsbex@gmail.com\">monsbex@gmail.com<\/a> ou <a href=\"http:\/\/www.rmamc.be\" target=\"_blank\" rel=\"noopener\">www.rmamc.be<\/a><\/li>\n<\/ul>\n","protected":false},"excerpt":{"rendered":"<p>Apr\u00e8s avoir organis\u00e9 durant 40 ans le Motocross du Doudou, le Royal Mons Auto Moto Club se lance dans l&rsquo;aventure du championnat d&rsquo;endurance BEX. Ce mercredi 1er mai, l&rsquo;\u00e9preuve montoise [&#8230;]<\/p>\n","protected":false},"author":932,"featured_media":45427,"comment_status":"open","ping_status":"closed","sticky":false,"template":"","format":"standard","meta":{"footnotes":""},"categories":[54,32,35,33,55,65],"tags":[],"class_list":["post-87053","post","type-post","status-publish","format-standard","has-post-thumbnail","hentry","category-actualite","category-enduro","category-fmb-enduro","category-news-enduro","category-news-actualite","category-slideshow"],"yoast_head":"<!-- This site is optimized with the Yoast SEO plugin v27.4 - https:\/\/yoast.com\/product\/yoast-seo-wordpress\/ -->\n<title>Le nouveau championnat de Belgique BEX Kids s&#039;ouvrira ce 1er mai \u00e0 Mons - Motocross - Enduro - Supermoto | MotocrossMag<\/title>\n<meta name=\"robots\" content=\"index, follow, max-snippet:-1, max-image-preview:large, max-video-preview:-1\" \/>\n<link rel=\"canonical\" href=\"https:\/\/fr.motocrossmag.be\/index.php\/2019\/04\/le-championnat-dendurance-bex-debute-ce-1er-mai-a-mons\/\" \/>\n<meta property=\"og:locale\" content=\"fr_FR\" \/>\n<meta property=\"og:type\" content=\"article\" \/>\n<meta property=\"og:title\" content=\"Le nouveau championnat de Belgique BEX Kids s&#039;ouvrira ce 1er mai \u00e0 Mons - Motocross - Enduro - Supermoto | MotocrossMag\" \/>\n<meta property=\"og:description\" content=\"Apr\u00e8s avoir organis\u00e9 durant 40 ans le Motocross du Doudou, le Royal Mons Auto Moto Club se lance dans l&rsquo;aventure du championnat d&rsquo;endurance BEX. Ce mercredi 1er mai, l&rsquo;\u00e9preuve montoise [...]\" \/>\n<meta property=\"og:url\" content=\"https:\/\/fr.motocrossmag.be\/index.php\/2019\/04\/le-championnat-dendurance-bex-debute-ce-1er-mai-a-mons\/\" \/>\n<meta property=\"og:site_name\" content=\"Motocross - Enduro - Supermoto | MotocrossMag\" \/>\n<meta property=\"article:published_time\" content=\"2019-04-20T11:26:39+00:00\" \/>\n<meta property=\"article:modified_time\" content=\"2019-04-20T11:27:49+00:00\" \/>\n<meta property=\"og:image\" content=\"https:\/\/fr.motocrossmag.be\/wp-content\/uploads\/2016\/04\/FPCNA_MONS_2016-4DSC_6746.jpg\" \/>\n\t<meta property=\"og:image:width\" content=\"900\" \/>\n\t<meta property=\"og:image:height\" content=\"596\" \/>\n\t<meta property=\"og:image:type\" content=\"image\/jpeg\" \/>\n<meta name=\"author\" content=\"oliviere\" \/>\n<meta name=\"twitter:card\" content=\"summary_large_image\" \/>\n<meta name=\"twitter:label1\" content=\"\u00c9crit par\" \/>\n\t<meta name=\"twitter:data1\" content=\"oliviere\" \/>\n\t<meta name=\"twitter:label2\" content=\"Dur\u00e9e de lecture estim\u00e9e\" \/>\n\t<meta name=\"twitter:data2\" content=\"1 minute\" \/>\n<script type=\"application\/ld+json\" class=\"yoast-schema-graph\">{\"@context\":\"https:\\\/\\\/schema.org\",\"@graph\":[{\"@type\":\"Article\",\"@id\":\"https:\\\/\\\/fr.motocrossmag.be\\\/index.php\\\/2019\\\/04\\\/le-championnat-dendurance-bex-debute-ce-1er-mai-a-mons\\\/#article\",\"isPartOf\":{\"@id\":\"https:\\\/\\\/fr.motocrossmag.be\\\/index.php\\\/2019\\\/04\\\/le-championnat-dendurance-bex-debute-ce-1er-mai-a-mons\\\/\"},\"author\":{\"name\":\"oliviere\",\"@id\":\"https:\\\/\\\/fr.motocrossmag.be\\\/#\\\/schema\\\/person\\\/11b47143d9f755babca2c9110e03235c\"},\"headline\":\"Le nouveau championnat de Belgique BEX Kids s&rsquo;ouvrira ce 1er mai \u00e0 Mons\",\"datePublished\":\"2019-04-20T11:26:39+00:00\",\"dateModified\":\"2019-04-20T11:27:49+00:00\",\"mainEntityOfPage\":{\"@id\":\"https:\\\/\\\/fr.motocrossmag.be\\\/index.php\\\/2019\\\/04\\\/le-championnat-dendurance-bex-debute-ce-1er-mai-a-mons\\\/\"},\"wordCount\":196,\"commentCount\":0,\"image\":{\"@id\":\"https:\\\/\\\/fr.motocrossmag.be\\\/index.php\\\/2019\\\/04\\\/le-championnat-dendurance-bex-debute-ce-1er-mai-a-mons\\\/#primaryimage\"},\"thumbnailUrl\":\"https:\\\/\\\/fr.motocrossmag.be\\\/wp-content\\\/uploads\\\/2016\\\/04\\\/FPCNA_MONS_2016-4DSC_6746.jpg\",\"articleSection\":[\"Actualit\u00e9\",\"Enduro\",\"FMB\",\"News\",\"News\",\"Slideshow\"],\"inLanguage\":\"fr-FR\",\"potentialAction\":[{\"@type\":\"CommentAction\",\"name\":\"Comment\",\"target\":[\"https:\\\/\\\/fr.motocrossmag.be\\\/index.php\\\/2019\\\/04\\\/le-championnat-dendurance-bex-debute-ce-1er-mai-a-mons\\\/#respond\"]}]},{\"@type\":\"WebPage\",\"@id\":\"https:\\\/\\\/fr.motocrossmag.be\\\/index.php\\\/2019\\\/04\\\/le-championnat-dendurance-bex-debute-ce-1er-mai-a-mons\\\/\",\"url\":\"https:\\\/\\\/fr.motocrossmag.be\\\/index.php\\\/2019\\\/04\\\/le-championnat-dendurance-bex-debute-ce-1er-mai-a-mons\\\/\",\"name\":\"Le nouveau championnat de Belgique BEX Kids s'ouvrira ce 1er mai \u00e0 Mons - Motocross - Enduro - Supermoto | MotocrossMag\",\"isPartOf\":{\"@id\":\"https:\\\/\\\/fr.motocrossmag.be\\\/#website\"},\"primaryImageOfPage\":{\"@id\":\"https:\\\/\\\/fr.motocrossmag.be\\\/index.php\\\/2019\\\/04\\\/le-championnat-dendurance-bex-debute-ce-1er-mai-a-mons\\\/#primaryimage\"},\"image\":{\"@id\":\"https:\\\/\\\/fr.motocrossmag.be\\\/index.php\\\/2019\\\/04\\\/le-championnat-dendurance-bex-debute-ce-1er-mai-a-mons\\\/#primaryimage\"},\"thumbnailUrl\":\"https:\\\/\\\/fr.motocrossmag.be\\\/wp-content\\\/uploads\\\/2016\\\/04\\\/FPCNA_MONS_2016-4DSC_6746.jpg\",\"datePublished\":\"2019-04-20T11:26:39+00:00\",\"dateModified\":\"2019-04-20T11:27:49+00:00\",\"author\":{\"@id\":\"https:\\\/\\\/fr.motocrossmag.be\\\/#\\\/schema\\\/person\\\/11b47143d9f755babca2c9110e03235c\"},\"breadcrumb\":{\"@id\":\"https:\\\/\\\/fr.motocrossmag.be\\\/index.php\\\/2019\\\/04\\\/le-championnat-dendurance-bex-debute-ce-1er-mai-a-mons\\\/#breadcrumb\"},\"inLanguage\":\"fr-FR\",\"potentialAction\":[{\"@type\":\"ReadAction\",\"target\":[\"https:\\\/\\\/fr.motocrossmag.be\\\/index.php\\\/2019\\\/04\\\/le-championnat-dendurance-bex-debute-ce-1er-mai-a-mons\\\/\"]}]},{\"@type\":\"ImageObject\",\"inLanguage\":\"fr-FR\",\"@id\":\"https:\\\/\\\/fr.motocrossmag.be\\\/index.php\\\/2019\\\/04\\\/le-championnat-dendurance-bex-debute-ce-1er-mai-a-mons\\\/#primaryimage\",\"url\":\"https:\\\/\\\/fr.motocrossmag.be\\\/wp-content\\\/uploads\\\/2016\\\/04\\\/FPCNA_MONS_2016-4DSC_6746.jpg\",\"contentUrl\":\"https:\\\/\\\/fr.motocrossmag.be\\\/wp-content\\\/uploads\\\/2016\\\/04\\\/FPCNA_MONS_2016-4DSC_6746.jpg\",\"width\":900,\"height\":596},{\"@type\":\"BreadcrumbList\",\"@id\":\"https:\\\/\\\/fr.motocrossmag.be\\\/index.php\\\/2019\\\/04\\\/le-championnat-dendurance-bex-debute-ce-1er-mai-a-mons\\\/#breadcrumb\",\"itemListElement\":[{\"@type\":\"ListItem\",\"position\":1,\"name\":\"Accueil\",\"item\":\"https:\\\/\\\/fr.motocrossmag.be\\\/\"},{\"@type\":\"ListItem\",\"position\":2,\"name\":\"Le nouveau championnat de Belgique BEX Kids s&rsquo;ouvrira ce 1er mai \u00e0 Mons\"}]},{\"@type\":\"WebSite\",\"@id\":\"https:\\\/\\\/fr.motocrossmag.be\\\/#website\",\"url\":\"https:\\\/\\\/fr.motocrossmag.be\\\/\",\"name\":\"Motocross - Enduro - Supermoto | MotocrossMag\",\"description\":\"L&#039;actualit\u00e9 du motocross, de l&#039;enduro et du Supermoto en ligne!\",\"potentialAction\":[{\"@type\":\"SearchAction\",\"target\":{\"@type\":\"EntryPoint\",\"urlTemplate\":\"https:\\\/\\\/fr.motocrossmag.be\\\/?s={search_term_string}\"},\"query-input\":{\"@type\":\"PropertyValueSpecification\",\"valueRequired\":true,\"valueName\":\"search_term_string\"}}],\"inLanguage\":\"fr-FR\"},{\"@type\":\"Person\",\"@id\":\"https:\\\/\\\/fr.motocrossmag.be\\\/#\\\/schema\\\/person\\\/11b47143d9f755babca2c9110e03235c\",\"name\":\"oliviere\",\"image\":{\"@type\":\"ImageObject\",\"inLanguage\":\"fr-FR\",\"@id\":\"https:\\\/\\\/secure.gravatar.com\\\/avatar\\\/907069e0b81d119452040469e4a7501da1100f54f7f80180ce77bfab718288f6?s=96&d=mm&r=g\",\"url\":\"https:\\\/\\\/secure.gravatar.com\\\/avatar\\\/907069e0b81d119452040469e4a7501da1100f54f7f80180ce77bfab718288f6?s=96&d=mm&r=g\",\"contentUrl\":\"https:\\\/\\\/secure.gravatar.com\\\/avatar\\\/907069e0b81d119452040469e4a7501da1100f54f7f80180ce77bfab718288f6?s=96&d=mm&r=g\",\"caption\":\"oliviere\"},\"sameAs\":[\"http:\\\/\\\/www.motocrossmag.be\"],\"url\":\"https:\\\/\\\/fr.motocrossmag.be\\\/index.php\\\/author\\\/oliviere\\\/\"}]}<\/script>\n<!-- \/ Yoast SEO plugin. -->","yoast_head_json":{"title":"Le nouveau championnat de Belgique BEX Kids s'ouvrira ce 1er mai \u00e0 Mons - Motocross - Enduro - Supermoto | MotocrossMag","robots":{"index":"index","follow":"follow","max-snippet":"max-snippet:-1","max-image-preview":"max-image-preview:large","max-video-preview":"max-video-preview:-1"},"canonical":"https:\/\/fr.motocrossmag.be\/index.php\/2019\/04\/le-championnat-dendurance-bex-debute-ce-1er-mai-a-mons\/","og_locale":"fr_FR","og_type":"article","og_title":"Le nouveau championnat de Belgique BEX Kids s'ouvrira ce 1er mai \u00e0 Mons - Motocross - Enduro - Supermoto | MotocrossMag","og_description":"Apr\u00e8s avoir organis\u00e9 durant 40 ans le Motocross du Doudou, le Royal Mons Auto Moto Club se lance dans l&rsquo;aventure du championnat d&rsquo;endurance BEX. Ce mercredi 1er mai, l&rsquo;\u00e9preuve montoise [...]","og_url":"https:\/\/fr.motocrossmag.be\/index.php\/2019\/04\/le-championnat-dendurance-bex-debute-ce-1er-mai-a-mons\/","og_site_name":"Motocross - Enduro - Supermoto | MotocrossMag","article_published_time":"2019-04-20T11:26:39+00:00","article_modified_time":"2019-04-20T11:27:49+00:00","og_image":[{"width":900,"height":596,"url":"https:\/\/fr.motocrossmag.be\/wp-content\/uploads\/2016\/04\/FPCNA_MONS_2016-4DSC_6746.jpg","type":"image\/jpeg"}],"author":"oliviere","twitter_card":"summary_large_image","twitter_misc":{"\u00c9crit par":"oliviere","Dur\u00e9e de lecture estim\u00e9e":"1 minute"},"schema":{"@context":"https:\/\/schema.org","@graph":[{"@type":"Article","@id":"https:\/\/fr.motocrossmag.be\/index.php\/2019\/04\/le-championnat-dendurance-bex-debute-ce-1er-mai-a-mons\/#article","isPartOf":{"@id":"https:\/\/fr.motocrossmag.be\/index.php\/2019\/04\/le-championnat-dendurance-bex-debute-ce-1er-mai-a-mons\/"},"author":{"name":"oliviere","@id":"https:\/\/fr.motocrossmag.be\/#\/schema\/person\/11b47143d9f755babca2c9110e03235c"},"headline":"Le nouveau championnat de Belgique BEX Kids s&rsquo;ouvrira ce 1er mai \u00e0 Mons","datePublished":"2019-04-20T11:26:39+00:00","dateModified":"2019-04-20T11:27:49+00:00","mainEntityOfPage":{"@id":"https:\/\/fr.motocrossmag.be\/index.php\/2019\/04\/le-championnat-dendurance-bex-debute-ce-1er-mai-a-mons\/"},"wordCount":196,"commentCount":0,"image":{"@id":"https:\/\/fr.motocrossmag.be\/index.php\/2019\/04\/le-championnat-dendurance-bex-debute-ce-1er-mai-a-mons\/#primaryimage"},"thumbnailUrl":"https:\/\/fr.motocrossmag.be\/wp-content\/uploads\/2016\/04\/FPCNA_MONS_2016-4DSC_6746.jpg","articleSection":["Actualit\u00e9","Enduro","FMB","News","News","Slideshow"],"inLanguage":"fr-FR","potentialAction":[{"@type":"CommentAction","name":"Comment","target":["https:\/\/fr.motocrossmag.be\/index.php\/2019\/04\/le-championnat-dendurance-bex-debute-ce-1er-mai-a-mons\/#respond"]}]},{"@type":"WebPage","@id":"https:\/\/fr.motocrossmag.be\/index.php\/2019\/04\/le-championnat-dendurance-bex-debute-ce-1er-mai-a-mons\/","url":"https:\/\/fr.motocrossmag.be\/index.php\/2019\/04\/le-championnat-dendurance-bex-debute-ce-1er-mai-a-mons\/","name":"Le nouveau championnat de Belgique BEX Kids s'ouvrira ce 1er mai \u00e0 Mons - Motocross - Enduro - Supermoto | MotocrossMag","isPartOf":{"@id":"https:\/\/fr.motocrossmag.be\/#website"},"primaryImageOfPage":{"@id":"https:\/\/fr.motocrossmag.be\/index.php\/2019\/04\/le-championnat-dendurance-bex-debute-ce-1er-mai-a-mons\/#primaryimage"},"image":{"@id":"https:\/\/fr.motocrossmag.be\/index.php\/2019\/04\/le-championnat-dendurance-bex-debute-ce-1er-mai-a-mons\/#primaryimage"},"thumbnailUrl":"https:\/\/fr.motocrossmag.be\/wp-content\/uploads\/2016\/04\/FPCNA_MONS_2016-4DSC_6746.jpg","datePublished":"2019-04-20T11:26:39+00:00","dateModified":"2019-04-20T11:27:49+00:00","author":{"@id":"https:\/\/fr.motocrossmag.be\/#\/schema\/person\/11b47143d9f755babca2c9110e03235c"},"breadcrumb":{"@id":"https:\/\/fr.motocrossmag.be\/index.php\/2019\/04\/le-championnat-dendurance-bex-debute-ce-1er-mai-a-mons\/#breadcrumb"},"inLanguage":"fr-FR","potentialAction":[{"@type":"ReadAction","target":["https:\/\/fr.motocrossmag.be\/index.php\/2019\/04\/le-championnat-dendurance-bex-debute-ce-1er-mai-a-mons\/"]}]},{"@type":"ImageObject","inLanguage":"fr-FR","@id":"https:\/\/fr.motocrossmag.be\/index.php\/2019\/04\/le-championnat-dendurance-bex-debute-ce-1er-mai-a-mons\/#primaryimage","url":"https:\/\/fr.motocrossmag.be\/wp-content\/uploads\/2016\/04\/FPCNA_MONS_2016-4DSC_6746.jpg","contentUrl":"https:\/\/fr.motocrossmag.be\/wp-content\/uploads\/2016\/04\/FPCNA_MONS_2016-4DSC_6746.jpg","width":900,"height":596},{"@type":"BreadcrumbList","@id":"https:\/\/fr.motocrossmag.be\/index.php\/2019\/04\/le-championnat-dendurance-bex-debute-ce-1er-mai-a-mons\/#breadcrumb","itemListElement":[{"@type":"ListItem","position":1,"name":"Accueil","item":"https:\/\/fr.motocrossmag.be\/"},{"@type":"ListItem","position":2,"name":"Le nouveau championnat de Belgique BEX Kids s&rsquo;ouvrira ce 1er mai \u00e0 Mons"}]},{"@type":"WebSite","@id":"https:\/\/fr.motocrossmag.be\/#website","url":"https:\/\/fr.motocrossmag.be\/","name":"Motocross - Enduro - Supermoto | MotocrossMag","description":"L&#039;actualit\u00e9 du motocross, de l&#039;enduro et du Supermoto en ligne!","potentialAction":[{"@type":"SearchAction","target":{"@type":"EntryPoint","urlTemplate":"https:\/\/fr.motocrossmag.be\/?s={search_term_string}"},"query-input":{"@type":"PropertyValueSpecification","valueRequired":true,"valueName":"search_term_string"}}],"inLanguage":"fr-FR"},{"@type":"Person","@id":"https:\/\/fr.motocrossmag.be\/#\/schema\/person\/11b47143d9f755babca2c9110e03235c","name":"oliviere","image":{"@type":"ImageObject","inLanguage":"fr-FR","@id":"https:\/\/secure.gravatar.com\/avatar\/907069e0b81d119452040469e4a7501da1100f54f7f80180ce77bfab718288f6?s=96&d=mm&r=g","url":"https:\/\/secure.gravatar.com\/avatar\/907069e0b81d119452040469e4a7501da1100f54f7f80180ce77bfab718288f6?s=96&d=mm&r=g","contentUrl":"https:\/\/secure.gravatar.com\/avatar\/907069e0b81d119452040469e4a7501da1100f54f7f80180ce77bfab718288f6?s=96&d=mm&r=g","caption":"oliviere"},"sameAs":["http:\/\/www.motocrossmag.be"],"url":"https:\/\/fr.motocrossmag.be\/index.php\/author\/oliviere\/"}]}},"_links":{"self":[{"href":"https:\/\/fr.motocrossmag.be\/index.php\/wp-json\/wp\/v2\/posts\/87053","targetHints":{"allow":["GET"]}}],"collection":[{"href":"https:\/\/fr.motocrossmag.be\/index.php\/wp-json\/wp\/v2\/posts"}],"about":[{"href":"https:\/\/fr.motocrossmag.be\/index.php\/wp-json\/wp\/v2\/types\/post"}],"author":[{"embeddable":true,"href":"https:\/\/fr.motocrossmag.be\/index.php\/wp-json\/wp\/v2\/users\/932"}],"replies":[{"embeddable":true,"href":"https:\/\/fr.motocrossmag.be\/index.php\/wp-json\/wp\/v2\/comments?post=87053"}],"version-history":[{"count":1,"href":"https:\/\/fr.motocrossmag.be\/index.php\/wp-json\/wp\/v2\/posts\/87053\/revisions"}],"predecessor-version":[{"id":87054,"href":"https:\/\/fr.motocrossmag.be\/index.php\/wp-json\/wp\/v2\/posts\/87053\/revisions\/87054"}],"wp:featuredmedia":[{"embeddable":true,"href":"https:\/\/fr.motocrossmag.be\/index.php\/wp-json\/wp\/v2\/media\/45427"}],"wp:attachment":[{"href":"https:\/\/fr.motocrossmag.be\/index.php\/wp-json\/wp\/v2\/media?parent=87053"}],"wp:term":[{"taxonomy":"category","embeddable":true,"href":"https:\/\/fr.motocrossmag.be\/index.php\/wp-json\/wp\/v2\/categories?post=87053"},{"taxonomy":"post_tag","embeddable":true,"href":"https:\/\/fr.motocrossmag.be\/index.php\/wp-json\/wp\/v2\/tags?post=87053"}],"curies":[{"name":"wp","href":"https:\/\/api.w.org\/{rel}","templated":true}]}}