{"id":8721,"date":"2010-09-18T14:49:36","date_gmt":"2010-09-18T13:49:36","guid":{"rendered":"http:\/\/fr.motocrossmag.be\/?p=8721"},"modified":"2010-09-18T14:50:34","modified_gmt":"2010-09-18T13:50:34","slug":"motocross-des-nations-2010-denver-le-team-us-se-presente","status":"publish","type":"post","link":"https:\/\/fr.motocrossmag.be\/index.php\/2010\/09\/motocross-des-nations-2010-denver-le-team-us-se-presente\/","title":{"rendered":"Motocross des Nations 2010 &#8211; Denver | Le team US se pr\u00e9sente"},"content":{"rendered":"<p>L&rsquo;\u00e9quipe am\u00e9ricaine pour le prochain Motocross des Nations, les 25 et 26 septembre sur le circuit de Thunder Valley, a \u00e9t\u00e9 pr\u00e9sent\u00e9 \u00e0\u00a0 la presse US au lendemain de la finale du championnat Outdoor\u00a0\u00e0\u00a0 Pala Raceway. Nos confr\u00e8res de <a href=\"http:\/\/www.supercross.com\" target=\"_blank\">Supercross.com <\/a>\u00e9taient \u00e9videmment de la partie et nous ont ramen\u00e9 ces quelques photos qui nous permettent de d\u00e9couvrir le trio Canard\/Dungey\/Short pr\u00eats \u00e0\u00a0 d\u00e9fendre leur titre face au reste du monde.<\/p>\n<p><a rel=\"lightbox dia=1\" href=\"http:\/\/fr.motocrossmag.be\/wp-content\/uploads\/2010\/09\/trio-action.jpg\"><img decoding=\"async\" class=\"alignnone size-thumbnail wp-image-8730\" title=\"trio-action\" src=\"http:\/\/fr.motocrossmag.be\/wp-content\/uploads\/2010\/09\/trio-action-150x150.jpg\" alt=\"\" width=\"150\" height=\"150\" \/><\/a>\u00a0\u00a0 <a rel=\"lightbox dia=1\" href=\"http:\/\/fr.motocrossmag.be\/wp-content\/uploads\/2010\/09\/trey-canard-standing-up.jpg\"><img decoding=\"async\" class=\"alignnone size-thumbnail wp-image-8729\" title=\"Andrew Short\" src=\"http:\/\/fr.motocrossmag.be\/wp-content\/uploads\/2010\/09\/trey-canard-standing-up-150x150.jpg\" alt=\"\" width=\"150\" height=\"150\" \/><\/a>\u00a0\u00a0 <a rel=\"lightbox dia=1\" href=\"http:\/\/fr.motocrossmag.be\/wp-content\/uploads\/2010\/09\/trey-canard.jpg\"><img decoding=\"async\" class=\"alignnone size-thumbnail wp-image-8728\" title=\"trey-canard\" src=\"http:\/\/fr.motocrossmag.be\/wp-content\/uploads\/2010\/09\/trey-canard-150x150.jpg\" alt=\"\" width=\"150\" height=\"150\" \/><\/a><br \/>\n<a rel=\"lightbox dia=1\" href=\"http:\/\/fr.motocrossmag.be\/wp-content\/uploads\/2010\/09\/start.jpg\"><img decoding=\"async\" class=\"alignnone size-thumbnail wp-image-8727\" title=\"start\" src=\"http:\/\/fr.motocrossmag.be\/wp-content\/uploads\/2010\/09\/start-150x150.jpg\" alt=\"\" width=\"150\" height=\"150\" \/><\/a>\u00a0\u00a0 <a rel=\"lightbox dia=1\" href=\"http:\/\/fr.motocrossmag.be\/wp-content\/uploads\/2010\/09\/short-canard-back.jpg\"><img decoding=\"async\" class=\"alignnone size-thumbnail wp-image-8726\" title=\"short-canard-back\" src=\"http:\/\/fr.motocrossmag.be\/wp-content\/uploads\/2010\/09\/short-canard-back-150x150.jpg\" alt=\"\" width=\"150\" height=\"150\" \/><\/a>\u00a0\u00a0 <a rel=\"lightbox dia=1\" href=\"http:\/\/fr.motocrossmag.be\/wp-content\/uploads\/2010\/09\/short-dungey-canard.jpg\"><img decoding=\"async\" class=\"alignnone size-thumbnail wp-image-8725\" title=\"short-dungey-canard\" src=\"http:\/\/fr.motocrossmag.be\/wp-content\/uploads\/2010\/09\/short-dungey-canard-150x150.jpg\" alt=\"\" width=\"150\" height=\"150\" \/><\/a><br \/>\n<a rel=\"lightbox dia=1\" href=\"http:\/\/fr.motocrossmag.be\/wp-content\/uploads\/2010\/09\/ryan-dungey.jpg\"><img decoding=\"async\" class=\"alignnone size-thumbnail wp-image-8724\" title=\"ryan-dungey\" src=\"http:\/\/fr.motocrossmag.be\/wp-content\/uploads\/2010\/09\/ryan-dungey-150x150.jpg\" alt=\"\" width=\"150\" height=\"150\" \/><\/a>\u00a0\u00a0 <a rel=\"lightbox dia=1\" href=\"http:\/\/fr.motocrossmag.be\/wp-content\/uploads\/2010\/09\/dungey1.jpg\"><img decoding=\"async\" class=\"alignnone size-thumbnail wp-image-8723\" title=\"dungey1\" src=\"http:\/\/fr.motocrossmag.be\/wp-content\/uploads\/2010\/09\/dungey1-150x150.jpg\" alt=\"\" width=\"150\" height=\"150\" \/><\/a>\u00a0\u00a0 <a rel=\"lightbox dia=1\" href=\"http:\/\/fr.motocrossmag.be\/wp-content\/uploads\/2010\/09\/andrew-short.jpg\"><img decoding=\"async\" class=\"alignnone size-thumbnail wp-image-8722\" title=\"andrew-short\" src=\"http:\/\/fr.motocrossmag.be\/wp-content\/uploads\/2010\/09\/andrew-short-150x150.jpg\" alt=\"\" width=\"150\" height=\"150\" \/><\/a><\/p><div class=\"aoibq6a98bf015abd7\" ><!-- \/91277017\/Inline-articles-mobile -->\n<div style=\"margin:auto; text-align:center !important\">\n<div id='div-gpt-ad-1784982661365-0' style='min-width: 250px; min-height: 75px;'>\n  <script>\n    googletag.cmd.push(function() { googletag.display('div-gpt-ad-1784982661365-0'); });\n  <\/script>\n<\/div><\/div><\/div><style type=\"text\/css\">\r\n.aoibq6a98bf015abd7 {\r\nmargin-bottom:30px;margin-top:20px\r\n}\r\n@media screen and (min-width: 1201px) {\r\n.aoibq6a98bf015abd7 {\r\ndisplay: block;\r\n}\r\n}\r\n@media screen and (min-width: 993px) and (max-width: 1200px) {\r\n.aoibq6a98bf015abd7 {\r\ndisplay: block;\r\n}\r\n}\r\n@media screen and (min-width: 769px) and (max-width: 992px) {\r\n.aoibq6a98bf015abd7 {\r\ndisplay: block;\r\n}\r\n}\r\n@media screen and (min-width: 768px) and (max-width: 768px) {\r\n.aoibq6a98bf015abd7 {\r\ndisplay: block;\r\n}\r\n}\r\n@media screen and (max-width: 767px) {\r\n.aoibq6a98bf015abd7 {\r\ndisplay: block;\r\n}\r\n}\r\n<\/style>\r\n\n<p>\u00a0<\/p>\n","protected":false},"excerpt":{"rendered":"<p>L&rsquo;\u00e9quipe am\u00e9ricaine pour le prochain Motocross des Nations, les 25 et 26 septembre sur le circuit de Thunder Valley, a \u00e9t\u00e9 pr\u00e9sent\u00e9 \u00e0\u00a0 la presse US au lendemain de la finale du championnat Outdoor\u00a0\u00e0\u00a0 Pala Raceway. Nos confr\u00e8res de Supercross.com \u00e9taient \u00e9videmment de la partie et nous ont ramen\u00e9 ces quelques photos qui nous permettent [&hellip;]<\/p>\n","protected":false},"author":932,"featured_media":0,"comment_status":"open","ping_status":"closed","sticky":false,"template":"","format":"standard","meta":{"tdm_status":"","tdm_grid_status":"","footnotes":""},"categories":[66],"tags":[],"class_list":["post-8721","post","type-post","status-publish","format-standard","category-photos"],"yoast_head":"<!-- This site is optimized with the Yoast SEO plugin v28.4 - https:\/\/yoast.com\/product\/yoast-seo-wordpress\/ -->\n<title>Motocross des Nations 2010 - Denver | Le team US se pr\u00e9sente - Motocross - Enduro - Supermoto | MotocrossMag<\/title>\n<meta name=\"robots\" content=\"index, follow, max-snippet:-1, max-image-preview:large, max-video-preview:-1\" \/>\n<link rel=\"canonical\" href=\"https:\/\/fr.motocrossmag.be\/index.php\/2010\/09\/motocross-des-nations-2010-denver-le-team-us-se-presente\/\" \/>\n<meta property=\"og:locale\" content=\"fr_FR\" \/>\n<meta property=\"og:type\" content=\"article\" \/>\n<meta property=\"og:title\" content=\"Motocross des Nations 2010 - Denver | Le team US se pr\u00e9sente - Motocross - Enduro - Supermoto | MotocrossMag\" \/>\n<meta property=\"og:description\" content=\"L&rsquo;\u00e9quipe am\u00e9ricaine pour le prochain Motocross des Nations, les 25 et 26 septembre sur le circuit de Thunder Valley, a \u00e9t\u00e9 pr\u00e9sent\u00e9 \u00e0\u00a0 la presse US au lendemain de la finale du championnat Outdoor\u00a0\u00e0\u00a0 Pala Raceway. Nos confr\u00e8res de Supercross.com \u00e9taient \u00e9videmment de la partie et nous ont ramen\u00e9 ces quelques photos qui nous permettent [&hellip;]\" \/>\n<meta property=\"og:url\" content=\"https:\/\/fr.motocrossmag.be\/index.php\/2010\/09\/motocross-des-nations-2010-denver-le-team-us-se-presente\/\" \/>\n<meta property=\"og:site_name\" content=\"Motocross - Enduro - Supermoto | MotocrossMag\" \/>\n<meta property=\"article:published_time\" content=\"2010-09-18T13:49:36+00:00\" \/>\n<meta property=\"article:modified_time\" content=\"2010-09-18T13:50:34+00:00\" \/>\n<meta property=\"og:image\" content=\"http:\/\/fr.motocrossmag.be\/wp-content\/uploads\/2010\/09\/trio-action-150x150.jpg\" \/>\n<meta name=\"author\" content=\"oliviere\" \/>\n<meta name=\"twitter:card\" content=\"summary_large_image\" \/>\n<meta name=\"twitter:label1\" content=\"\u00c9crit par\" \/>\n\t<meta name=\"twitter:data1\" content=\"oliviere\" \/>\n<script type=\"application\/ld+json\" class=\"yoast-schema-graph\">{\"@context\":\"https:\\\/\\\/schema.org\",\"@graph\":[{\"@type\":\"Article\",\"@id\":\"https:\\\/\\\/fr.motocrossmag.be\\\/index.php\\\/2010\\\/09\\\/motocross-des-nations-2010-denver-le-team-us-se-presente\\\/#article\",\"isPartOf\":{\"@id\":\"https:\\\/\\\/fr.motocrossmag.be\\\/index.php\\\/2010\\\/09\\\/motocross-des-nations-2010-denver-le-team-us-se-presente\\\/\"},\"author\":{\"name\":\"oliviere\",\"@id\":\"https:\\\/\\\/fr.motocrossmag.be\\\/#\\\/schema\\\/person\\\/11b47143d9f755babca2c9110e03235c\"},\"headline\":\"Motocross des Nations 2010 &#8211; Denver | Le team US se pr\u00e9sente\",\"datePublished\":\"2010-09-18T13:49:36+00:00\",\"dateModified\":\"2010-09-18T13:50:34+00:00\",\"mainEntityOfPage\":{\"@id\":\"https:\\\/\\\/fr.motocrossmag.be\\\/index.php\\\/2010\\\/09\\\/motocross-des-nations-2010-denver-le-team-us-se-presente\\\/\"},\"wordCount\":87,\"commentCount\":0,\"image\":{\"@id\":\"https:\\\/\\\/fr.motocrossmag.be\\\/index.php\\\/2010\\\/09\\\/motocross-des-nations-2010-denver-le-team-us-se-presente\\\/#primaryimage\"},\"thumbnailUrl\":\"http:\\\/\\\/fr.motocrossmag.be\\\/wp-content\\\/uploads\\\/2010\\\/09\\\/trio-action-150x150.jpg\",\"articleSection\":[\"Photos\"],\"inLanguage\":\"fr-FR\",\"potentialAction\":[{\"@type\":\"CommentAction\",\"name\":\"Comment\",\"target\":[\"https:\\\/\\\/fr.motocrossmag.be\\\/index.php\\\/2010\\\/09\\\/motocross-des-nations-2010-denver-le-team-us-se-presente\\\/#respond\"]}]},{\"@type\":\"WebPage\",\"@id\":\"https:\\\/\\\/fr.motocrossmag.be\\\/index.php\\\/2010\\\/09\\\/motocross-des-nations-2010-denver-le-team-us-se-presente\\\/\",\"url\":\"https:\\\/\\\/fr.motocrossmag.be\\\/index.php\\\/2010\\\/09\\\/motocross-des-nations-2010-denver-le-team-us-se-presente\\\/\",\"name\":\"Motocross des Nations 2010 - Denver | Le team US se pr\u00e9sente - Motocross - Enduro - Supermoto | MotocrossMag\",\"isPartOf\":{\"@id\":\"https:\\\/\\\/fr.motocrossmag.be\\\/#website\"},\"primaryImageOfPage\":{\"@id\":\"https:\\\/\\\/fr.motocrossmag.be\\\/index.php\\\/2010\\\/09\\\/motocross-des-nations-2010-denver-le-team-us-se-presente\\\/#primaryimage\"},\"image\":{\"@id\":\"https:\\\/\\\/fr.motocrossmag.be\\\/index.php\\\/2010\\\/09\\\/motocross-des-nations-2010-denver-le-team-us-se-presente\\\/#primaryimage\"},\"thumbnailUrl\":\"http:\\\/\\\/fr.motocrossmag.be\\\/wp-content\\\/uploads\\\/2010\\\/09\\\/trio-action-150x150.jpg\",\"datePublished\":\"2010-09-18T13:49:36+00:00\",\"dateModified\":\"2010-09-18T13:50:34+00:00\",\"author\":{\"@id\":\"https:\\\/\\\/fr.motocrossmag.be\\\/#\\\/schema\\\/person\\\/11b47143d9f755babca2c9110e03235c\"},\"breadcrumb\":{\"@id\":\"https:\\\/\\\/fr.motocrossmag.be\\\/index.php\\\/2010\\\/09\\\/motocross-des-nations-2010-denver-le-team-us-se-presente\\\/#breadcrumb\"},\"inLanguage\":\"fr-FR\",\"potentialAction\":[{\"@type\":\"ReadAction\",\"target\":[\"https:\\\/\\\/fr.motocrossmag.be\\\/index.php\\\/2010\\\/09\\\/motocross-des-nations-2010-denver-le-team-us-se-presente\\\/\"]}]},{\"@type\":\"ImageObject\",\"inLanguage\":\"fr-FR\",\"@id\":\"https:\\\/\\\/fr.motocrossmag.be\\\/index.php\\\/2010\\\/09\\\/motocross-des-nations-2010-denver-le-team-us-se-presente\\\/#primaryimage\",\"url\":\"https:\\\/\\\/fr.motocrossmag.be\\\/wp-content\\\/uploads\\\/2010\\\/09\\\/trio-action.jpg\",\"contentUrl\":\"https:\\\/\\\/fr.motocrossmag.be\\\/wp-content\\\/uploads\\\/2010\\\/09\\\/trio-action.jpg\",\"width\":800,\"height\":533},{\"@type\":\"BreadcrumbList\",\"@id\":\"https:\\\/\\\/fr.motocrossmag.be\\\/index.php\\\/2010\\\/09\\\/motocross-des-nations-2010-denver-le-team-us-se-presente\\\/#breadcrumb\",\"itemListElement\":[{\"@type\":\"ListItem\",\"position\":1,\"name\":\"Accueil\",\"item\":\"https:\\\/\\\/fr.motocrossmag.be\\\/\"},{\"@type\":\"ListItem\",\"position\":2,\"name\":\"Motocross des Nations 2010 &#8211; Denver | Le team US se pr\u00e9sente\"}]},{\"@type\":\"WebSite\",\"@id\":\"https:\\\/\\\/fr.motocrossmag.be\\\/#website\",\"url\":\"https:\\\/\\\/fr.motocrossmag.be\\\/\",\"name\":\"Motocross - Enduro - Supermoto | MotocrossMag\",\"description\":\"L&#039;actualit\u00e9 du motocross, de l&#039;enduro et du Supermoto en ligne!\",\"potentialAction\":[{\"@type\":\"SearchAction\",\"target\":{\"@type\":\"EntryPoint\",\"urlTemplate\":\"https:\\\/\\\/fr.motocrossmag.be\\\/?s={search_term_string}\"},\"query-input\":{\"@type\":\"PropertyValueSpecification\",\"valueRequired\":true,\"valueName\":\"search_term_string\"}}],\"inLanguage\":\"fr-FR\"},{\"@type\":\"Person\",\"@id\":\"https:\\\/\\\/fr.motocrossmag.be\\\/#\\\/schema\\\/person\\\/11b47143d9f755babca2c9110e03235c\",\"name\":\"oliviere\",\"image\":{\"@type\":\"ImageObject\",\"inLanguage\":\"fr-FR\",\"@id\":\"https:\\\/\\\/secure.gravatar.com\\\/avatar\\\/907069e0b81d119452040469e4a7501da1100f54f7f80180ce77bfab718288f6?s=96&d=mm&r=g\",\"url\":\"https:\\\/\\\/secure.gravatar.com\\\/avatar\\\/907069e0b81d119452040469e4a7501da1100f54f7f80180ce77bfab718288f6?s=96&d=mm&r=g\",\"contentUrl\":\"https:\\\/\\\/secure.gravatar.com\\\/avatar\\\/907069e0b81d119452040469e4a7501da1100f54f7f80180ce77bfab718288f6?s=96&d=mm&r=g\",\"caption\":\"oliviere\"},\"sameAs\":[\"http:\\\/\\\/www.motocrossmag.be\"],\"url\":\"https:\\\/\\\/fr.motocrossmag.be\\\/index.php\\\/author\\\/oliviere\\\/\"}]}<\/script>\n<!-- \/ Yoast SEO plugin. -->","yoast_head_json":{"title":"Motocross des Nations 2010 - Denver | Le team US se pr\u00e9sente - Motocross - Enduro - Supermoto | MotocrossMag","robots":{"index":"index","follow":"follow","max-snippet":"max-snippet:-1","max-image-preview":"max-image-preview:large","max-video-preview":"max-video-preview:-1"},"canonical":"https:\/\/fr.motocrossmag.be\/index.php\/2010\/09\/motocross-des-nations-2010-denver-le-team-us-se-presente\/","og_locale":"fr_FR","og_type":"article","og_title":"Motocross des Nations 2010 - Denver | Le team US se pr\u00e9sente - Motocross - Enduro - Supermoto | MotocrossMag","og_description":"L&rsquo;\u00e9quipe am\u00e9ricaine pour le prochain Motocross des Nations, les 25 et 26 septembre sur le circuit de Thunder Valley, a \u00e9t\u00e9 pr\u00e9sent\u00e9 \u00e0\u00a0 la presse US au lendemain de la finale du championnat Outdoor\u00a0\u00e0\u00a0 Pala Raceway. Nos confr\u00e8res de Supercross.com \u00e9taient \u00e9videmment de la partie et nous ont ramen\u00e9 ces quelques photos qui nous permettent [&hellip;]","og_url":"https:\/\/fr.motocrossmag.be\/index.php\/2010\/09\/motocross-des-nations-2010-denver-le-team-us-se-presente\/","og_site_name":"Motocross - Enduro - Supermoto | MotocrossMag","article_published_time":"2010-09-18T13:49:36+00:00","article_modified_time":"2010-09-18T13:50:34+00:00","og_image":[{"url":"http:\/\/fr.motocrossmag.be\/wp-content\/uploads\/2010\/09\/trio-action-150x150.jpg","type":"","width":"","height":""}],"author":"oliviere","twitter_card":"summary_large_image","twitter_misc":{"\u00c9crit par":"oliviere"},"schema":{"@context":"https:\/\/schema.org","@graph":[{"@type":"Article","@id":"https:\/\/fr.motocrossmag.be\/index.php\/2010\/09\/motocross-des-nations-2010-denver-le-team-us-se-presente\/#article","isPartOf":{"@id":"https:\/\/fr.motocrossmag.be\/index.php\/2010\/09\/motocross-des-nations-2010-denver-le-team-us-se-presente\/"},"author":{"name":"oliviere","@id":"https:\/\/fr.motocrossmag.be\/#\/schema\/person\/11b47143d9f755babca2c9110e03235c"},"headline":"Motocross des Nations 2010 &#8211; Denver | Le team US se pr\u00e9sente","datePublished":"2010-09-18T13:49:36+00:00","dateModified":"2010-09-18T13:50:34+00:00","mainEntityOfPage":{"@id":"https:\/\/fr.motocrossmag.be\/index.php\/2010\/09\/motocross-des-nations-2010-denver-le-team-us-se-presente\/"},"wordCount":87,"commentCount":0,"image":{"@id":"https:\/\/fr.motocrossmag.be\/index.php\/2010\/09\/motocross-des-nations-2010-denver-le-team-us-se-presente\/#primaryimage"},"thumbnailUrl":"http:\/\/fr.motocrossmag.be\/wp-content\/uploads\/2010\/09\/trio-action-150x150.jpg","articleSection":["Photos"],"inLanguage":"fr-FR","potentialAction":[{"@type":"CommentAction","name":"Comment","target":["https:\/\/fr.motocrossmag.be\/index.php\/2010\/09\/motocross-des-nations-2010-denver-le-team-us-se-presente\/#respond"]}]},{"@type":"WebPage","@id":"https:\/\/fr.motocrossmag.be\/index.php\/2010\/09\/motocross-des-nations-2010-denver-le-team-us-se-presente\/","url":"https:\/\/fr.motocrossmag.be\/index.php\/2010\/09\/motocross-des-nations-2010-denver-le-team-us-se-presente\/","name":"Motocross des Nations 2010 - Denver | Le team US se pr\u00e9sente - Motocross - Enduro - Supermoto | MotocrossMag","isPartOf":{"@id":"https:\/\/fr.motocrossmag.be\/#website"},"primaryImageOfPage":{"@id":"https:\/\/fr.motocrossmag.be\/index.php\/2010\/09\/motocross-des-nations-2010-denver-le-team-us-se-presente\/#primaryimage"},"image":{"@id":"https:\/\/fr.motocrossmag.be\/index.php\/2010\/09\/motocross-des-nations-2010-denver-le-team-us-se-presente\/#primaryimage"},"thumbnailUrl":"http:\/\/fr.motocrossmag.be\/wp-content\/uploads\/2010\/09\/trio-action-150x150.jpg","datePublished":"2010-09-18T13:49:36+00:00","dateModified":"2010-09-18T13:50:34+00:00","author":{"@id":"https:\/\/fr.motocrossmag.be\/#\/schema\/person\/11b47143d9f755babca2c9110e03235c"},"breadcrumb":{"@id":"https:\/\/fr.motocrossmag.be\/index.php\/2010\/09\/motocross-des-nations-2010-denver-le-team-us-se-presente\/#breadcrumb"},"inLanguage":"fr-FR","potentialAction":[{"@type":"ReadAction","target":["https:\/\/fr.motocrossmag.be\/index.php\/2010\/09\/motocross-des-nations-2010-denver-le-team-us-se-presente\/"]}]},{"@type":"ImageObject","inLanguage":"fr-FR","@id":"https:\/\/fr.motocrossmag.be\/index.php\/2010\/09\/motocross-des-nations-2010-denver-le-team-us-se-presente\/#primaryimage","url":"https:\/\/fr.motocrossmag.be\/wp-content\/uploads\/2010\/09\/trio-action.jpg","contentUrl":"https:\/\/fr.motocrossmag.be\/wp-content\/uploads\/2010\/09\/trio-action.jpg","width":800,"height":533},{"@type":"BreadcrumbList","@id":"https:\/\/fr.motocrossmag.be\/index.php\/2010\/09\/motocross-des-nations-2010-denver-le-team-us-se-presente\/#breadcrumb","itemListElement":[{"@type":"ListItem","position":1,"name":"Accueil","item":"https:\/\/fr.motocrossmag.be\/"},{"@type":"ListItem","position":2,"name":"Motocross des Nations 2010 &#8211; Denver | Le team US se pr\u00e9sente"}]},{"@type":"WebSite","@id":"https:\/\/fr.motocrossmag.be\/#website","url":"https:\/\/fr.motocrossmag.be\/","name":"Motocross - Enduro - Supermoto | MotocrossMag","description":"L&#039;actualit\u00e9 du motocross, de l&#039;enduro et du Supermoto en ligne!","potentialAction":[{"@type":"SearchAction","target":{"@type":"EntryPoint","urlTemplate":"https:\/\/fr.motocrossmag.be\/?s={search_term_string}"},"query-input":{"@type":"PropertyValueSpecification","valueRequired":true,"valueName":"search_term_string"}}],"inLanguage":"fr-FR"},{"@type":"Person","@id":"https:\/\/fr.motocrossmag.be\/#\/schema\/person\/11b47143d9f755babca2c9110e03235c","name":"oliviere","image":{"@type":"ImageObject","inLanguage":"fr-FR","@id":"https:\/\/secure.gravatar.com\/avatar\/907069e0b81d119452040469e4a7501da1100f54f7f80180ce77bfab718288f6?s=96&d=mm&r=g","url":"https:\/\/secure.gravatar.com\/avatar\/907069e0b81d119452040469e4a7501da1100f54f7f80180ce77bfab718288f6?s=96&d=mm&r=g","contentUrl":"https:\/\/secure.gravatar.com\/avatar\/907069e0b81d119452040469e4a7501da1100f54f7f80180ce77bfab718288f6?s=96&d=mm&r=g","caption":"oliviere"},"sameAs":["http:\/\/www.motocrossmag.be"],"url":"https:\/\/fr.motocrossmag.be\/index.php\/author\/oliviere\/"}]}},"_links":{"self":[{"href":"https:\/\/fr.motocrossmag.be\/index.php\/wp-json\/wp\/v2\/posts\/8721","targetHints":{"allow":["GET"]}}],"collection":[{"href":"https:\/\/fr.motocrossmag.be\/index.php\/wp-json\/wp\/v2\/posts"}],"about":[{"href":"https:\/\/fr.motocrossmag.be\/index.php\/wp-json\/wp\/v2\/types\/post"}],"author":[{"embeddable":true,"href":"https:\/\/fr.motocrossmag.be\/index.php\/wp-json\/wp\/v2\/users\/932"}],"replies":[{"embeddable":true,"href":"https:\/\/fr.motocrossmag.be\/index.php\/wp-json\/wp\/v2\/comments?post=8721"}],"version-history":[{"count":0,"href":"https:\/\/fr.motocrossmag.be\/index.php\/wp-json\/wp\/v2\/posts\/8721\/revisions"}],"wp:attachment":[{"href":"https:\/\/fr.motocrossmag.be\/index.php\/wp-json\/wp\/v2\/media?parent=8721"}],"wp:term":[{"taxonomy":"category","embeddable":true,"href":"https:\/\/fr.motocrossmag.be\/index.php\/wp-json\/wp\/v2\/categories?post=8721"},{"taxonomy":"post_tag","embeddable":true,"href":"https:\/\/fr.motocrossmag.be\/index.php\/wp-json\/wp\/v2\/tags?post=8721"}],"curies":[{"name":"wp","href":"https:\/\/api.w.org\/{rel}","templated":true}]}}