{"id":87570,"date":"2019-04-29T16:53:06","date_gmt":"2019-04-29T14:53:06","guid":{"rendered":"https:\/\/fr.motocrossmag.be\/?p=87570"},"modified":"2019-04-29T16:53:06","modified_gmt":"2019-04-29T14:53:06","slug":"le-club-de-mons-sapprete-a-ouvrir-la-saison-dendurance-bex-ce-1er-mai","status":"publish","type":"post","link":"https:\/\/fr.motocrossmag.be\/index.php\/2019\/04\/le-club-de-mons-sapprete-a-ouvrir-la-saison-dendurance-bex-ce-1er-mai\/","title":{"rendered":"Le club de Mons s&rsquo;appr\u00eate \u00e0 ouvrir la saison d&rsquo;endurance BEX ce 1er mai"},"content":{"rendered":"<p><strong>Apr\u00e8s avoir organis\u00e9 durant 40 ans le Motocross du Doudou, le Royal Mons Auto Moto Club se pr\u00e9pare \u00e0 accueillir ce mercredi 1er mai sur son fameux circuit du \u00ab\u00a0Bois br\u00fbl\u00e9\u00a0\u00bb la premi\u00e8re des 7 manches du championnat de Belgique BEX 2019.<br \/>\n<\/strong><br \/>\nL\u2019\u00e9preuve se d\u00e9roulera en 1 seule manche durant laquelle s\u2019affronteront une centaine d\u2019\u00e9quipages de 2 pilotes qui se relaieront sans interruption durant les 5 heures de course. Trois cat\u00e9gories sont admises au d\u00e9part : &#8211; BEX1 : motos de 100cc \u00e0 125 cc 2T, de 175cc \u00e0 250cc 4T, et \u00e0 propulsion \u00e9lectrique &#8211; BEX2 : motos de 126cc \u00e0 500cc 2T, de 251cc \u00e0 650cc 4T &#8211; Oldtimers : motos construites avant 1990 Les essais commenceront d\u00e8s 8h.<\/p>\n<p>Ne ratez pas le d\u00e9part \u00ab Le Mans \u00bb \u00e0 12h30. Au coup de fusil, les 100 pilotes s\u2019\u00e9lanceront en courant pour rejoindre leurs motos de l\u2019autre c\u00f4t\u00e9 de la piste et faire vrombir leurs moteurs. Un moment unique et du grand spectacle en perspective !<\/p>\n<p>Le circuit du Bois Br\u00fbl\u00e9 \u00e0 Ghlin a \u00e9t\u00e9 adapt\u00e9 aux exigences du BEX : sa longueur est d\u00e9sormais de 3500 m avec, notamment, des passages plus techniques de type enduro am\u00e9nag\u00e9s en sous-bois. Afin de permettre \u00e9galement aux amateurs de prendre part \u00e0 l\u2019\u00e9preuve en toute s\u00e9curit\u00e9, la plupart des tremplins ne seront pas emprunt\u00e9s lors de la course. Quatre passages \u00ab hard \u00bb constitueront des raccourcis sur le circuit pour les pilotes les plus chevronn\u00e9s et pourront \u00eatre contourn\u00e9s par les autres pilotes.<\/p>\n<p>Parmi les favoris de l\u2019\u00e9preuve figurent de grands noms de la moto tout-terrain : les enduristes Micha\u00ebl Vukcevic (4 fois champion de Belgique d\u2019enduro), Dimitri Van Hoenacker, Damien Wauthier, Wim Vanderheyden et Bertrand De Praetere ; les pilotes Inters de motocross Dietger Damiaens et Roel Geurts ; le sp\u00e9cialiste fran\u00e7ais des courses de sable Marshall Meplon (11\u00e8me \u00e0 l\u2019Enduropale du Touquet, 8\u00e8me au championnat de France &#8211; 1er pilote priv\u00e9).<\/p>\n<p>A suivre \u00e9galement, les deux \u00e9quipages du Royal Mons Auto Moto Club : Maxime De Cooman-Thomas Gossez (dossard 81) ainsi que Beno\u00eet Hennequin-Vincent Michel (dossard 3).<\/p>\n<p><span style=\"color: #ff0000;\"><strong>En pratique<\/strong><\/span><\/p>\n<p>Entr\u00e9e gratuite pour tous<br \/>\nParking gratuit (autos + PMR + s\u00e9curis\u00e9 motos)<\/p>\n<p><strong>Horaire<\/strong><\/p>\n<p>7h00 Ouverture du secr\u00e9tariat sportif<br \/>\n7h15 Ouverture du contr\u00f4le technique<br \/>\n8h00 \u2013 8h30 Essais chrono Kids (30\u2019)<br \/>\n8h50 \u2013 9h20 Essais libres BEX (30\u2019)<br \/>\n09h40 \u2013 10h20 1\u00e8re manche Kids (40\u2019)<br \/>\n10h40 \u2013 11h10 Essais chrono BEX (30\u2019)<br \/>\n11h30 \u2013 12h10 2\u00e8me manche Kids (40\u2019)<br \/>\n12h20 Podium Kids<br \/>\n12h30 \u2013 17h30 Course 5h BEX (300\u2019)<br \/>\n18h00 Podium BEX<\/p>\n<p><strong>Acc\u00e8s public &amp; pilotes<\/strong><\/p>\n<p>En raison de la fermeture temporaire des sorties 23 et 23bis (Nimy-Maisi\u00e8res) sur la E19-E42, un fl\u00e9chage sp\u00e9cifique sera mis en place jusqu&rsquo;au Bois br\u00fbl\u00e9 ; en venant de Tournai: \u00e0 partir de la sortie 24 (Mons), en venant de Charleroi-Bruxelles: \u00e0 partir de la sortie 21 (Mons Est). Circuit du Bois br\u00fbl\u00e9 &#8211; Route de Wallonie (RN 552), 7011 Ghlin GPS 50.475 524, 3.942 009 Welcome pilotes : Ouvert mardi 30\/4 de 18h30 \u00e0 21h30, mercredi d\u00e8s 7h<\/p>\n<p>Renseignements compl\u00e9mentaires : <a href=\"mailto:monsbex@gmail.com\">monsbex@gmail.com<\/a> &#8211; <a href=\"http:\/\/www.rmamc.be\" target=\"_blank\" rel=\"noopener\">www.rmamc.be<\/a><\/p>\n","protected":false},"excerpt":{"rendered":"<p>Apr\u00e8s avoir organis\u00e9 durant 40 ans le Motocross du Doudou, le Royal Mons Auto Moto Club se pr\u00e9pare \u00e0 accueillir ce mercredi 1er mai sur son fameux circuit du \u00ab\u00a0Bois [&#8230;]<\/p>\n","protected":false},"author":932,"featured_media":32629,"comment_status":"open","ping_status":"closed","sticky":false,"template":"","format":"standard","meta":{"footnotes":""},"categories":[54,32,35,4,5,33,55,65],"tags":[],"class_list":["post-87570","post","type-post","status-publish","format-standard","has-post-thumbnail","hentry","category-actualite","category-enduro","category-fmb-enduro","category-motocross","category-news","category-news-enduro","category-news-actualite","category-slideshow"],"yoast_head":"<!-- This site is optimized with the Yoast SEO plugin v27.4 - https:\/\/yoast.com\/product\/yoast-seo-wordpress\/ -->\n<title>Le club de Mons s&#039;appr\u00eate \u00e0 ouvrir la saison d&#039;endurance BEX ce 1er mai - Motocross - Enduro - Supermoto | MotocrossMag<\/title>\n<meta name=\"robots\" content=\"index, follow, max-snippet:-1, max-image-preview:large, max-video-preview:-1\" \/>\n<link rel=\"canonical\" href=\"https:\/\/fr.motocrossmag.be\/index.php\/2019\/04\/le-club-de-mons-sapprete-a-ouvrir-la-saison-dendurance-bex-ce-1er-mai\/\" \/>\n<meta property=\"og:locale\" content=\"fr_FR\" \/>\n<meta property=\"og:type\" content=\"article\" \/>\n<meta property=\"og:title\" content=\"Le club de Mons s&#039;appr\u00eate \u00e0 ouvrir la saison d&#039;endurance BEX ce 1er mai - Motocross - Enduro - Supermoto | MotocrossMag\" \/>\n<meta property=\"og:description\" content=\"Apr\u00e8s avoir organis\u00e9 durant 40 ans le Motocross du Doudou, le Royal Mons Auto Moto Club se pr\u00e9pare \u00e0 accueillir ce mercredi 1er mai sur son fameux circuit du \u00ab\u00a0Bois [...]\" \/>\n<meta property=\"og:url\" content=\"https:\/\/fr.motocrossmag.be\/index.php\/2019\/04\/le-club-de-mons-sapprete-a-ouvrir-la-saison-dendurance-bex-ce-1er-mai\/\" \/>\n<meta property=\"og:site_name\" content=\"Motocross - Enduro - Supermoto | MotocrossMag\" \/>\n<meta property=\"article:published_time\" content=\"2019-04-29T14:53:06+00:00\" \/>\n<meta property=\"og:image\" content=\"https:\/\/fr.motocrossmag.be\/wp-content\/uploads\/2015\/04\/mons_start_inters.jpg\" \/>\n\t<meta property=\"og:image:width\" content=\"900\" \/>\n\t<meta property=\"og:image:height\" content=\"596\" \/>\n\t<meta property=\"og:image:type\" content=\"image\/jpeg\" \/>\n<meta name=\"author\" content=\"oliviere\" \/>\n<meta name=\"twitter:card\" content=\"summary_large_image\" \/>\n<meta name=\"twitter:label1\" content=\"\u00c9crit par\" \/>\n\t<meta name=\"twitter:data1\" content=\"oliviere\" \/>\n\t<meta name=\"twitter:label2\" content=\"Dur\u00e9e de lecture estim\u00e9e\" \/>\n\t<meta name=\"twitter:data2\" content=\"2 minutes\" \/>\n<script type=\"application\/ld+json\" class=\"yoast-schema-graph\">{\"@context\":\"https:\\\/\\\/schema.org\",\"@graph\":[{\"@type\":\"Article\",\"@id\":\"https:\\\/\\\/fr.motocrossmag.be\\\/index.php\\\/2019\\\/04\\\/le-club-de-mons-sapprete-a-ouvrir-la-saison-dendurance-bex-ce-1er-mai\\\/#article\",\"isPartOf\":{\"@id\":\"https:\\\/\\\/fr.motocrossmag.be\\\/index.php\\\/2019\\\/04\\\/le-club-de-mons-sapprete-a-ouvrir-la-saison-dendurance-bex-ce-1er-mai\\\/\"},\"author\":{\"name\":\"oliviere\",\"@id\":\"https:\\\/\\\/fr.motocrossmag.be\\\/#\\\/schema\\\/person\\\/11b47143d9f755babca2c9110e03235c\"},\"headline\":\"Le club de Mons s&rsquo;appr\u00eate \u00e0 ouvrir la saison d&rsquo;endurance BEX ce 1er mai\",\"datePublished\":\"2019-04-29T14:53:06+00:00\",\"mainEntityOfPage\":{\"@id\":\"https:\\\/\\\/fr.motocrossmag.be\\\/index.php\\\/2019\\\/04\\\/le-club-de-mons-sapprete-a-ouvrir-la-saison-dendurance-bex-ce-1er-mai\\\/\"},\"wordCount\":508,\"commentCount\":0,\"image\":{\"@id\":\"https:\\\/\\\/fr.motocrossmag.be\\\/index.php\\\/2019\\\/04\\\/le-club-de-mons-sapprete-a-ouvrir-la-saison-dendurance-bex-ce-1er-mai\\\/#primaryimage\"},\"thumbnailUrl\":\"https:\\\/\\\/fr.motocrossmag.be\\\/wp-content\\\/uploads\\\/2015\\\/04\\\/mons_start_inters.jpg\",\"articleSection\":[\"Actualit\u00e9\",\"Enduro\",\"FMB\",\"Motocross\",\"News\",\"News\",\"News\",\"Slideshow\"],\"inLanguage\":\"fr-FR\",\"potentialAction\":[{\"@type\":\"CommentAction\",\"name\":\"Comment\",\"target\":[\"https:\\\/\\\/fr.motocrossmag.be\\\/index.php\\\/2019\\\/04\\\/le-club-de-mons-sapprete-a-ouvrir-la-saison-dendurance-bex-ce-1er-mai\\\/#respond\"]}]},{\"@type\":\"WebPage\",\"@id\":\"https:\\\/\\\/fr.motocrossmag.be\\\/index.php\\\/2019\\\/04\\\/le-club-de-mons-sapprete-a-ouvrir-la-saison-dendurance-bex-ce-1er-mai\\\/\",\"url\":\"https:\\\/\\\/fr.motocrossmag.be\\\/index.php\\\/2019\\\/04\\\/le-club-de-mons-sapprete-a-ouvrir-la-saison-dendurance-bex-ce-1er-mai\\\/\",\"name\":\"Le club de Mons s'appr\u00eate \u00e0 ouvrir la saison d'endurance BEX ce 1er mai - Motocross - Enduro - Supermoto | MotocrossMag\",\"isPartOf\":{\"@id\":\"https:\\\/\\\/fr.motocrossmag.be\\\/#website\"},\"primaryImageOfPage\":{\"@id\":\"https:\\\/\\\/fr.motocrossmag.be\\\/index.php\\\/2019\\\/04\\\/le-club-de-mons-sapprete-a-ouvrir-la-saison-dendurance-bex-ce-1er-mai\\\/#primaryimage\"},\"image\":{\"@id\":\"https:\\\/\\\/fr.motocrossmag.be\\\/index.php\\\/2019\\\/04\\\/le-club-de-mons-sapprete-a-ouvrir-la-saison-dendurance-bex-ce-1er-mai\\\/#primaryimage\"},\"thumbnailUrl\":\"https:\\\/\\\/fr.motocrossmag.be\\\/wp-content\\\/uploads\\\/2015\\\/04\\\/mons_start_inters.jpg\",\"datePublished\":\"2019-04-29T14:53:06+00:00\",\"author\":{\"@id\":\"https:\\\/\\\/fr.motocrossmag.be\\\/#\\\/schema\\\/person\\\/11b47143d9f755babca2c9110e03235c\"},\"breadcrumb\":{\"@id\":\"https:\\\/\\\/fr.motocrossmag.be\\\/index.php\\\/2019\\\/04\\\/le-club-de-mons-sapprete-a-ouvrir-la-saison-dendurance-bex-ce-1er-mai\\\/#breadcrumb\"},\"inLanguage\":\"fr-FR\",\"potentialAction\":[{\"@type\":\"ReadAction\",\"target\":[\"https:\\\/\\\/fr.motocrossmag.be\\\/index.php\\\/2019\\\/04\\\/le-club-de-mons-sapprete-a-ouvrir-la-saison-dendurance-bex-ce-1er-mai\\\/\"]}]},{\"@type\":\"ImageObject\",\"inLanguage\":\"fr-FR\",\"@id\":\"https:\\\/\\\/fr.motocrossmag.be\\\/index.php\\\/2019\\\/04\\\/le-club-de-mons-sapprete-a-ouvrir-la-saison-dendurance-bex-ce-1er-mai\\\/#primaryimage\",\"url\":\"https:\\\/\\\/fr.motocrossmag.be\\\/wp-content\\\/uploads\\\/2015\\\/04\\\/mons_start_inters.jpg\",\"contentUrl\":\"https:\\\/\\\/fr.motocrossmag.be\\\/wp-content\\\/uploads\\\/2015\\\/04\\\/mons_start_inters.jpg\",\"width\":900,\"height\":596},{\"@type\":\"BreadcrumbList\",\"@id\":\"https:\\\/\\\/fr.motocrossmag.be\\\/index.php\\\/2019\\\/04\\\/le-club-de-mons-sapprete-a-ouvrir-la-saison-dendurance-bex-ce-1er-mai\\\/#breadcrumb\",\"itemListElement\":[{\"@type\":\"ListItem\",\"position\":1,\"name\":\"Accueil\",\"item\":\"https:\\\/\\\/fr.motocrossmag.be\\\/\"},{\"@type\":\"ListItem\",\"position\":2,\"name\":\"Le club de Mons s&rsquo;appr\u00eate \u00e0 ouvrir la saison d&rsquo;endurance BEX ce 1er mai\"}]},{\"@type\":\"WebSite\",\"@id\":\"https:\\\/\\\/fr.motocrossmag.be\\\/#website\",\"url\":\"https:\\\/\\\/fr.motocrossmag.be\\\/\",\"name\":\"Motocross - Enduro - Supermoto | MotocrossMag\",\"description\":\"L&#039;actualit\u00e9 du motocross, de l&#039;enduro et du Supermoto en ligne!\",\"potentialAction\":[{\"@type\":\"SearchAction\",\"target\":{\"@type\":\"EntryPoint\",\"urlTemplate\":\"https:\\\/\\\/fr.motocrossmag.be\\\/?s={search_term_string}\"},\"query-input\":{\"@type\":\"PropertyValueSpecification\",\"valueRequired\":true,\"valueName\":\"search_term_string\"}}],\"inLanguage\":\"fr-FR\"},{\"@type\":\"Person\",\"@id\":\"https:\\\/\\\/fr.motocrossmag.be\\\/#\\\/schema\\\/person\\\/11b47143d9f755babca2c9110e03235c\",\"name\":\"oliviere\",\"image\":{\"@type\":\"ImageObject\",\"inLanguage\":\"fr-FR\",\"@id\":\"https:\\\/\\\/secure.gravatar.com\\\/avatar\\\/907069e0b81d119452040469e4a7501da1100f54f7f80180ce77bfab718288f6?s=96&d=mm&r=g\",\"url\":\"https:\\\/\\\/secure.gravatar.com\\\/avatar\\\/907069e0b81d119452040469e4a7501da1100f54f7f80180ce77bfab718288f6?s=96&d=mm&r=g\",\"contentUrl\":\"https:\\\/\\\/secure.gravatar.com\\\/avatar\\\/907069e0b81d119452040469e4a7501da1100f54f7f80180ce77bfab718288f6?s=96&d=mm&r=g\",\"caption\":\"oliviere\"},\"sameAs\":[\"http:\\\/\\\/www.motocrossmag.be\"],\"url\":\"https:\\\/\\\/fr.motocrossmag.be\\\/index.php\\\/author\\\/oliviere\\\/\"}]}<\/script>\n<!-- \/ Yoast SEO plugin. -->","yoast_head_json":{"title":"Le club de Mons s'appr\u00eate \u00e0 ouvrir la saison d'endurance BEX ce 1er mai - Motocross - Enduro - Supermoto | MotocrossMag","robots":{"index":"index","follow":"follow","max-snippet":"max-snippet:-1","max-image-preview":"max-image-preview:large","max-video-preview":"max-video-preview:-1"},"canonical":"https:\/\/fr.motocrossmag.be\/index.php\/2019\/04\/le-club-de-mons-sapprete-a-ouvrir-la-saison-dendurance-bex-ce-1er-mai\/","og_locale":"fr_FR","og_type":"article","og_title":"Le club de Mons s'appr\u00eate \u00e0 ouvrir la saison d'endurance BEX ce 1er mai - Motocross - Enduro - Supermoto | MotocrossMag","og_description":"Apr\u00e8s avoir organis\u00e9 durant 40 ans le Motocross du Doudou, le Royal Mons Auto Moto Club se pr\u00e9pare \u00e0 accueillir ce mercredi 1er mai sur son fameux circuit du \u00ab\u00a0Bois [...]","og_url":"https:\/\/fr.motocrossmag.be\/index.php\/2019\/04\/le-club-de-mons-sapprete-a-ouvrir-la-saison-dendurance-bex-ce-1er-mai\/","og_site_name":"Motocross - Enduro - Supermoto | MotocrossMag","article_published_time":"2019-04-29T14:53:06+00:00","og_image":[{"width":900,"height":596,"url":"https:\/\/fr.motocrossmag.be\/wp-content\/uploads\/2015\/04\/mons_start_inters.jpg","type":"image\/jpeg"}],"author":"oliviere","twitter_card":"summary_large_image","twitter_misc":{"\u00c9crit par":"oliviere","Dur\u00e9e de lecture estim\u00e9e":"2 minutes"},"schema":{"@context":"https:\/\/schema.org","@graph":[{"@type":"Article","@id":"https:\/\/fr.motocrossmag.be\/index.php\/2019\/04\/le-club-de-mons-sapprete-a-ouvrir-la-saison-dendurance-bex-ce-1er-mai\/#article","isPartOf":{"@id":"https:\/\/fr.motocrossmag.be\/index.php\/2019\/04\/le-club-de-mons-sapprete-a-ouvrir-la-saison-dendurance-bex-ce-1er-mai\/"},"author":{"name":"oliviere","@id":"https:\/\/fr.motocrossmag.be\/#\/schema\/person\/11b47143d9f755babca2c9110e03235c"},"headline":"Le club de Mons s&rsquo;appr\u00eate \u00e0 ouvrir la saison d&rsquo;endurance BEX ce 1er mai","datePublished":"2019-04-29T14:53:06+00:00","mainEntityOfPage":{"@id":"https:\/\/fr.motocrossmag.be\/index.php\/2019\/04\/le-club-de-mons-sapprete-a-ouvrir-la-saison-dendurance-bex-ce-1er-mai\/"},"wordCount":508,"commentCount":0,"image":{"@id":"https:\/\/fr.motocrossmag.be\/index.php\/2019\/04\/le-club-de-mons-sapprete-a-ouvrir-la-saison-dendurance-bex-ce-1er-mai\/#primaryimage"},"thumbnailUrl":"https:\/\/fr.motocrossmag.be\/wp-content\/uploads\/2015\/04\/mons_start_inters.jpg","articleSection":["Actualit\u00e9","Enduro","FMB","Motocross","News","News","News","Slideshow"],"inLanguage":"fr-FR","potentialAction":[{"@type":"CommentAction","name":"Comment","target":["https:\/\/fr.motocrossmag.be\/index.php\/2019\/04\/le-club-de-mons-sapprete-a-ouvrir-la-saison-dendurance-bex-ce-1er-mai\/#respond"]}]},{"@type":"WebPage","@id":"https:\/\/fr.motocrossmag.be\/index.php\/2019\/04\/le-club-de-mons-sapprete-a-ouvrir-la-saison-dendurance-bex-ce-1er-mai\/","url":"https:\/\/fr.motocrossmag.be\/index.php\/2019\/04\/le-club-de-mons-sapprete-a-ouvrir-la-saison-dendurance-bex-ce-1er-mai\/","name":"Le club de Mons s'appr\u00eate \u00e0 ouvrir la saison d'endurance BEX ce 1er mai - Motocross - Enduro - Supermoto | MotocrossMag","isPartOf":{"@id":"https:\/\/fr.motocrossmag.be\/#website"},"primaryImageOfPage":{"@id":"https:\/\/fr.motocrossmag.be\/index.php\/2019\/04\/le-club-de-mons-sapprete-a-ouvrir-la-saison-dendurance-bex-ce-1er-mai\/#primaryimage"},"image":{"@id":"https:\/\/fr.motocrossmag.be\/index.php\/2019\/04\/le-club-de-mons-sapprete-a-ouvrir-la-saison-dendurance-bex-ce-1er-mai\/#primaryimage"},"thumbnailUrl":"https:\/\/fr.motocrossmag.be\/wp-content\/uploads\/2015\/04\/mons_start_inters.jpg","datePublished":"2019-04-29T14:53:06+00:00","author":{"@id":"https:\/\/fr.motocrossmag.be\/#\/schema\/person\/11b47143d9f755babca2c9110e03235c"},"breadcrumb":{"@id":"https:\/\/fr.motocrossmag.be\/index.php\/2019\/04\/le-club-de-mons-sapprete-a-ouvrir-la-saison-dendurance-bex-ce-1er-mai\/#breadcrumb"},"inLanguage":"fr-FR","potentialAction":[{"@type":"ReadAction","target":["https:\/\/fr.motocrossmag.be\/index.php\/2019\/04\/le-club-de-mons-sapprete-a-ouvrir-la-saison-dendurance-bex-ce-1er-mai\/"]}]},{"@type":"ImageObject","inLanguage":"fr-FR","@id":"https:\/\/fr.motocrossmag.be\/index.php\/2019\/04\/le-club-de-mons-sapprete-a-ouvrir-la-saison-dendurance-bex-ce-1er-mai\/#primaryimage","url":"https:\/\/fr.motocrossmag.be\/wp-content\/uploads\/2015\/04\/mons_start_inters.jpg","contentUrl":"https:\/\/fr.motocrossmag.be\/wp-content\/uploads\/2015\/04\/mons_start_inters.jpg","width":900,"height":596},{"@type":"BreadcrumbList","@id":"https:\/\/fr.motocrossmag.be\/index.php\/2019\/04\/le-club-de-mons-sapprete-a-ouvrir-la-saison-dendurance-bex-ce-1er-mai\/#breadcrumb","itemListElement":[{"@type":"ListItem","position":1,"name":"Accueil","item":"https:\/\/fr.motocrossmag.be\/"},{"@type":"ListItem","position":2,"name":"Le club de Mons s&rsquo;appr\u00eate \u00e0 ouvrir la saison d&rsquo;endurance BEX ce 1er mai"}]},{"@type":"WebSite","@id":"https:\/\/fr.motocrossmag.be\/#website","url":"https:\/\/fr.motocrossmag.be\/","name":"Motocross - Enduro - Supermoto | MotocrossMag","description":"L&#039;actualit\u00e9 du motocross, de l&#039;enduro et du Supermoto en ligne!","potentialAction":[{"@type":"SearchAction","target":{"@type":"EntryPoint","urlTemplate":"https:\/\/fr.motocrossmag.be\/?s={search_term_string}"},"query-input":{"@type":"PropertyValueSpecification","valueRequired":true,"valueName":"search_term_string"}}],"inLanguage":"fr-FR"},{"@type":"Person","@id":"https:\/\/fr.motocrossmag.be\/#\/schema\/person\/11b47143d9f755babca2c9110e03235c","name":"oliviere","image":{"@type":"ImageObject","inLanguage":"fr-FR","@id":"https:\/\/secure.gravatar.com\/avatar\/907069e0b81d119452040469e4a7501da1100f54f7f80180ce77bfab718288f6?s=96&d=mm&r=g","url":"https:\/\/secure.gravatar.com\/avatar\/907069e0b81d119452040469e4a7501da1100f54f7f80180ce77bfab718288f6?s=96&d=mm&r=g","contentUrl":"https:\/\/secure.gravatar.com\/avatar\/907069e0b81d119452040469e4a7501da1100f54f7f80180ce77bfab718288f6?s=96&d=mm&r=g","caption":"oliviere"},"sameAs":["http:\/\/www.motocrossmag.be"],"url":"https:\/\/fr.motocrossmag.be\/index.php\/author\/oliviere\/"}]}},"_links":{"self":[{"href":"https:\/\/fr.motocrossmag.be\/index.php\/wp-json\/wp\/v2\/posts\/87570","targetHints":{"allow":["GET"]}}],"collection":[{"href":"https:\/\/fr.motocrossmag.be\/index.php\/wp-json\/wp\/v2\/posts"}],"about":[{"href":"https:\/\/fr.motocrossmag.be\/index.php\/wp-json\/wp\/v2\/types\/post"}],"author":[{"embeddable":true,"href":"https:\/\/fr.motocrossmag.be\/index.php\/wp-json\/wp\/v2\/users\/932"}],"replies":[{"embeddable":true,"href":"https:\/\/fr.motocrossmag.be\/index.php\/wp-json\/wp\/v2\/comments?post=87570"}],"version-history":[{"count":0,"href":"https:\/\/fr.motocrossmag.be\/index.php\/wp-json\/wp\/v2\/posts\/87570\/revisions"}],"wp:featuredmedia":[{"embeddable":true,"href":"https:\/\/fr.motocrossmag.be\/index.php\/wp-json\/wp\/v2\/media\/32629"}],"wp:attachment":[{"href":"https:\/\/fr.motocrossmag.be\/index.php\/wp-json\/wp\/v2\/media?parent=87570"}],"wp:term":[{"taxonomy":"category","embeddable":true,"href":"https:\/\/fr.motocrossmag.be\/index.php\/wp-json\/wp\/v2\/categories?post=87570"},{"taxonomy":"post_tag","embeddable":true,"href":"https:\/\/fr.motocrossmag.be\/index.php\/wp-json\/wp\/v2\/tags?post=87570"}],"curies":[{"name":"wp","href":"https:\/\/api.w.org\/{rel}","templated":true}]}}