{"id":877,"date":"2008-06-07T10:03:38","date_gmt":"2008-06-07T09:03:38","guid":{"rendered":"http:\/\/www.motocrossmag.be\/?p=877"},"modified":"2008-06-07T10:03:38","modified_gmt":"2008-06-07T09:03:38","slug":"motocross-mxgp-steve-boniface-a-saint-jean-dangely","status":"publish","type":"post","link":"https:\/\/fr.motocrossmag.be\/index.php\/2008\/06\/motocross-mxgp-steve-boniface-a-saint-jean-dangely\/","title":{"rendered":"Motocross MXGP | Steve Boniface &agrave; Saint-Jean d&rsquo;Ang\u00e9ly"},"content":{"rendered":"<p>Les 14 et 15 juin prochains, Steve Boniface, exil\u00e9 aux USA depuis plusieurs ann\u00e9es, devrait faire une apparition derri\u00e8re la grille de d\u00e9part de la cat\u00e9gorie MX1 lors du GP de France &agrave; Saint-Jean d&rsquo;Ang\u00e9ly. <\/p>\n<p>Le Fran\u00e7ais, qui vient de placer sa 450 CR-F en 5\u00e8me position de la seconde \u00e9preuve du championnat MX US,  roulera au guidon d&rsquo;une Yamaha pr\u00eat\u00e9e par Yves Demaria.<\/p>\n<p>Une bonne occasion de comparer le niveau des pilotes US avec celui des Europ\u00e9ens!<\/p>\n","protected":false},"excerpt":{"rendered":"<p>Les 14 et 15 juin prochains, Steve Boniface, exil\u00e9 aux USA depuis plusieurs ann\u00e9es, devrait faire une apparition derri\u00e8re la grille de d\u00e9part de la cat\u00e9gorie MX1 lors du GP [&#8230;]<\/p>\n","protected":false},"author":932,"featured_media":0,"comment_status":"open","ping_status":"open","sticky":false,"template":"","format":"standard","meta":{"footnotes":""},"categories":[54,4,5,55],"tags":[],"class_list":["post-877","post","type-post","status-publish","format-standard","hentry","category-actualite","category-motocross","category-news","category-news-actualite"],"yoast_head":"<!-- This site is optimized with the Yoast SEO plugin v27.4 - https:\/\/yoast.com\/product\/yoast-seo-wordpress\/ -->\n<title>Motocross MXGP | Steve Boniface &agrave; Saint-Jean d&#039;Ang\u00e9ly - Motocross - Enduro - Supermoto | MotocrossMag<\/title>\n<meta name=\"robots\" content=\"index, follow, max-snippet:-1, max-image-preview:large, max-video-preview:-1\" \/>\n<link rel=\"canonical\" href=\"https:\/\/fr.motocrossmag.be\/index.php\/2008\/06\/motocross-mxgp-steve-boniface-a-saint-jean-dangely\/\" \/>\n<meta property=\"og:locale\" content=\"fr_FR\" \/>\n<meta property=\"og:type\" content=\"article\" \/>\n<meta property=\"og:title\" content=\"Motocross MXGP | Steve Boniface &agrave; Saint-Jean d&#039;Ang\u00e9ly - Motocross - Enduro - Supermoto | MotocrossMag\" \/>\n<meta property=\"og:description\" content=\"Les 14 et 15 juin prochains, Steve Boniface, exil\u00e9 aux USA depuis plusieurs ann\u00e9es, devrait faire une apparition derri\u00e8re la grille de d\u00e9part de la cat\u00e9gorie MX1 lors du GP [...]\" \/>\n<meta property=\"og:url\" content=\"https:\/\/fr.motocrossmag.be\/index.php\/2008\/06\/motocross-mxgp-steve-boniface-a-saint-jean-dangely\/\" \/>\n<meta property=\"og:site_name\" content=\"Motocross - Enduro - Supermoto | MotocrossMag\" \/>\n<meta property=\"article:published_time\" content=\"2008-06-07T09:03:38+00:00\" \/>\n<meta name=\"author\" content=\"oliviere\" \/>\n<meta name=\"twitter:card\" content=\"summary_large_image\" \/>\n<meta name=\"twitter:label1\" content=\"\u00c9crit par\" \/>\n\t<meta name=\"twitter:data1\" content=\"oliviere\" \/>\n<script type=\"application\/ld+json\" class=\"yoast-schema-graph\">{\"@context\":\"https:\\\/\\\/schema.org\",\"@graph\":[{\"@type\":\"Article\",\"@id\":\"https:\\\/\\\/fr.motocrossmag.be\\\/index.php\\\/2008\\\/06\\\/motocross-mxgp-steve-boniface-a-saint-jean-dangely\\\/#article\",\"isPartOf\":{\"@id\":\"https:\\\/\\\/fr.motocrossmag.be\\\/index.php\\\/2008\\\/06\\\/motocross-mxgp-steve-boniface-a-saint-jean-dangely\\\/\"},\"author\":{\"name\":\"oliviere\",\"@id\":\"https:\\\/\\\/fr.motocrossmag.be\\\/#\\\/schema\\\/person\\\/11b47143d9f755babca2c9110e03235c\"},\"headline\":\"Motocross MXGP | Steve Boniface &agrave; Saint-Jean d&rsquo;Ang\u00e9ly\",\"datePublished\":\"2008-06-07T09:03:38+00:00\",\"mainEntityOfPage\":{\"@id\":\"https:\\\/\\\/fr.motocrossmag.be\\\/index.php\\\/2008\\\/06\\\/motocross-mxgp-steve-boniface-a-saint-jean-dangely\\\/\"},\"wordCount\":95,\"commentCount\":0,\"articleSection\":[\"Actualit\u00e9\",\"Motocross\",\"News\",\"News\"],\"inLanguage\":\"fr-FR\",\"potentialAction\":[{\"@type\":\"CommentAction\",\"name\":\"Comment\",\"target\":[\"https:\\\/\\\/fr.motocrossmag.be\\\/index.php\\\/2008\\\/06\\\/motocross-mxgp-steve-boniface-a-saint-jean-dangely\\\/#respond\"]}]},{\"@type\":\"WebPage\",\"@id\":\"https:\\\/\\\/fr.motocrossmag.be\\\/index.php\\\/2008\\\/06\\\/motocross-mxgp-steve-boniface-a-saint-jean-dangely\\\/\",\"url\":\"https:\\\/\\\/fr.motocrossmag.be\\\/index.php\\\/2008\\\/06\\\/motocross-mxgp-steve-boniface-a-saint-jean-dangely\\\/\",\"name\":\"Motocross MXGP | Steve Boniface &agrave; Saint-Jean d'Ang\u00e9ly - Motocross - Enduro - Supermoto | MotocrossMag\",\"isPartOf\":{\"@id\":\"https:\\\/\\\/fr.motocrossmag.be\\\/#website\"},\"datePublished\":\"2008-06-07T09:03:38+00:00\",\"author\":{\"@id\":\"https:\\\/\\\/fr.motocrossmag.be\\\/#\\\/schema\\\/person\\\/11b47143d9f755babca2c9110e03235c\"},\"breadcrumb\":{\"@id\":\"https:\\\/\\\/fr.motocrossmag.be\\\/index.php\\\/2008\\\/06\\\/motocross-mxgp-steve-boniface-a-saint-jean-dangely\\\/#breadcrumb\"},\"inLanguage\":\"fr-FR\",\"potentialAction\":[{\"@type\":\"ReadAction\",\"target\":[\"https:\\\/\\\/fr.motocrossmag.be\\\/index.php\\\/2008\\\/06\\\/motocross-mxgp-steve-boniface-a-saint-jean-dangely\\\/\"]}]},{\"@type\":\"BreadcrumbList\",\"@id\":\"https:\\\/\\\/fr.motocrossmag.be\\\/index.php\\\/2008\\\/06\\\/motocross-mxgp-steve-boniface-a-saint-jean-dangely\\\/#breadcrumb\",\"itemListElement\":[{\"@type\":\"ListItem\",\"position\":1,\"name\":\"Accueil\",\"item\":\"https:\\\/\\\/fr.motocrossmag.be\\\/\"},{\"@type\":\"ListItem\",\"position\":2,\"name\":\"Motocross MXGP | Steve Boniface &agrave; Saint-Jean d&rsquo;Ang\u00e9ly\"}]},{\"@type\":\"WebSite\",\"@id\":\"https:\\\/\\\/fr.motocrossmag.be\\\/#website\",\"url\":\"https:\\\/\\\/fr.motocrossmag.be\\\/\",\"name\":\"Motocross - Enduro - Supermoto | MotocrossMag\",\"description\":\"L&#039;actualit\u00e9 du motocross, de l&#039;enduro et du Supermoto en ligne!\",\"potentialAction\":[{\"@type\":\"SearchAction\",\"target\":{\"@type\":\"EntryPoint\",\"urlTemplate\":\"https:\\\/\\\/fr.motocrossmag.be\\\/?s={search_term_string}\"},\"query-input\":{\"@type\":\"PropertyValueSpecification\",\"valueRequired\":true,\"valueName\":\"search_term_string\"}}],\"inLanguage\":\"fr-FR\"},{\"@type\":\"Person\",\"@id\":\"https:\\\/\\\/fr.motocrossmag.be\\\/#\\\/schema\\\/person\\\/11b47143d9f755babca2c9110e03235c\",\"name\":\"oliviere\",\"image\":{\"@type\":\"ImageObject\",\"inLanguage\":\"fr-FR\",\"@id\":\"https:\\\/\\\/secure.gravatar.com\\\/avatar\\\/907069e0b81d119452040469e4a7501da1100f54f7f80180ce77bfab718288f6?s=96&d=mm&r=g\",\"url\":\"https:\\\/\\\/secure.gravatar.com\\\/avatar\\\/907069e0b81d119452040469e4a7501da1100f54f7f80180ce77bfab718288f6?s=96&d=mm&r=g\",\"contentUrl\":\"https:\\\/\\\/secure.gravatar.com\\\/avatar\\\/907069e0b81d119452040469e4a7501da1100f54f7f80180ce77bfab718288f6?s=96&d=mm&r=g\",\"caption\":\"oliviere\"},\"sameAs\":[\"http:\\\/\\\/www.motocrossmag.be\"],\"url\":\"https:\\\/\\\/fr.motocrossmag.be\\\/index.php\\\/author\\\/oliviere\\\/\"}]}<\/script>\n<!-- \/ Yoast SEO plugin. -->","yoast_head_json":{"title":"Motocross MXGP | Steve Boniface &agrave; Saint-Jean d'Ang\u00e9ly - Motocross - Enduro - Supermoto | MotocrossMag","robots":{"index":"index","follow":"follow","max-snippet":"max-snippet:-1","max-image-preview":"max-image-preview:large","max-video-preview":"max-video-preview:-1"},"canonical":"https:\/\/fr.motocrossmag.be\/index.php\/2008\/06\/motocross-mxgp-steve-boniface-a-saint-jean-dangely\/","og_locale":"fr_FR","og_type":"article","og_title":"Motocross MXGP | Steve Boniface &agrave; Saint-Jean d'Ang\u00e9ly - Motocross - Enduro - Supermoto | MotocrossMag","og_description":"Les 14 et 15 juin prochains, Steve Boniface, exil\u00e9 aux USA depuis plusieurs ann\u00e9es, devrait faire une apparition derri\u00e8re la grille de d\u00e9part de la cat\u00e9gorie MX1 lors du GP [...]","og_url":"https:\/\/fr.motocrossmag.be\/index.php\/2008\/06\/motocross-mxgp-steve-boniface-a-saint-jean-dangely\/","og_site_name":"Motocross - Enduro - Supermoto | MotocrossMag","article_published_time":"2008-06-07T09:03:38+00:00","author":"oliviere","twitter_card":"summary_large_image","twitter_misc":{"\u00c9crit par":"oliviere"},"schema":{"@context":"https:\/\/schema.org","@graph":[{"@type":"Article","@id":"https:\/\/fr.motocrossmag.be\/index.php\/2008\/06\/motocross-mxgp-steve-boniface-a-saint-jean-dangely\/#article","isPartOf":{"@id":"https:\/\/fr.motocrossmag.be\/index.php\/2008\/06\/motocross-mxgp-steve-boniface-a-saint-jean-dangely\/"},"author":{"name":"oliviere","@id":"https:\/\/fr.motocrossmag.be\/#\/schema\/person\/11b47143d9f755babca2c9110e03235c"},"headline":"Motocross MXGP | Steve Boniface &agrave; Saint-Jean d&rsquo;Ang\u00e9ly","datePublished":"2008-06-07T09:03:38+00:00","mainEntityOfPage":{"@id":"https:\/\/fr.motocrossmag.be\/index.php\/2008\/06\/motocross-mxgp-steve-boniface-a-saint-jean-dangely\/"},"wordCount":95,"commentCount":0,"articleSection":["Actualit\u00e9","Motocross","News","News"],"inLanguage":"fr-FR","potentialAction":[{"@type":"CommentAction","name":"Comment","target":["https:\/\/fr.motocrossmag.be\/index.php\/2008\/06\/motocross-mxgp-steve-boniface-a-saint-jean-dangely\/#respond"]}]},{"@type":"WebPage","@id":"https:\/\/fr.motocrossmag.be\/index.php\/2008\/06\/motocross-mxgp-steve-boniface-a-saint-jean-dangely\/","url":"https:\/\/fr.motocrossmag.be\/index.php\/2008\/06\/motocross-mxgp-steve-boniface-a-saint-jean-dangely\/","name":"Motocross MXGP | Steve Boniface &agrave; Saint-Jean d'Ang\u00e9ly - Motocross - Enduro - Supermoto | MotocrossMag","isPartOf":{"@id":"https:\/\/fr.motocrossmag.be\/#website"},"datePublished":"2008-06-07T09:03:38+00:00","author":{"@id":"https:\/\/fr.motocrossmag.be\/#\/schema\/person\/11b47143d9f755babca2c9110e03235c"},"breadcrumb":{"@id":"https:\/\/fr.motocrossmag.be\/index.php\/2008\/06\/motocross-mxgp-steve-boniface-a-saint-jean-dangely\/#breadcrumb"},"inLanguage":"fr-FR","potentialAction":[{"@type":"ReadAction","target":["https:\/\/fr.motocrossmag.be\/index.php\/2008\/06\/motocross-mxgp-steve-boniface-a-saint-jean-dangely\/"]}]},{"@type":"BreadcrumbList","@id":"https:\/\/fr.motocrossmag.be\/index.php\/2008\/06\/motocross-mxgp-steve-boniface-a-saint-jean-dangely\/#breadcrumb","itemListElement":[{"@type":"ListItem","position":1,"name":"Accueil","item":"https:\/\/fr.motocrossmag.be\/"},{"@type":"ListItem","position":2,"name":"Motocross MXGP | Steve Boniface &agrave; Saint-Jean d&rsquo;Ang\u00e9ly"}]},{"@type":"WebSite","@id":"https:\/\/fr.motocrossmag.be\/#website","url":"https:\/\/fr.motocrossmag.be\/","name":"Motocross - Enduro - Supermoto | MotocrossMag","description":"L&#039;actualit\u00e9 du motocross, de l&#039;enduro et du Supermoto en ligne!","potentialAction":[{"@type":"SearchAction","target":{"@type":"EntryPoint","urlTemplate":"https:\/\/fr.motocrossmag.be\/?s={search_term_string}"},"query-input":{"@type":"PropertyValueSpecification","valueRequired":true,"valueName":"search_term_string"}}],"inLanguage":"fr-FR"},{"@type":"Person","@id":"https:\/\/fr.motocrossmag.be\/#\/schema\/person\/11b47143d9f755babca2c9110e03235c","name":"oliviere","image":{"@type":"ImageObject","inLanguage":"fr-FR","@id":"https:\/\/secure.gravatar.com\/avatar\/907069e0b81d119452040469e4a7501da1100f54f7f80180ce77bfab718288f6?s=96&d=mm&r=g","url":"https:\/\/secure.gravatar.com\/avatar\/907069e0b81d119452040469e4a7501da1100f54f7f80180ce77bfab718288f6?s=96&d=mm&r=g","contentUrl":"https:\/\/secure.gravatar.com\/avatar\/907069e0b81d119452040469e4a7501da1100f54f7f80180ce77bfab718288f6?s=96&d=mm&r=g","caption":"oliviere"},"sameAs":["http:\/\/www.motocrossmag.be"],"url":"https:\/\/fr.motocrossmag.be\/index.php\/author\/oliviere\/"}]}},"_links":{"self":[{"href":"https:\/\/fr.motocrossmag.be\/index.php\/wp-json\/wp\/v2\/posts\/877","targetHints":{"allow":["GET"]}}],"collection":[{"href":"https:\/\/fr.motocrossmag.be\/index.php\/wp-json\/wp\/v2\/posts"}],"about":[{"href":"https:\/\/fr.motocrossmag.be\/index.php\/wp-json\/wp\/v2\/types\/post"}],"author":[{"embeddable":true,"href":"https:\/\/fr.motocrossmag.be\/index.php\/wp-json\/wp\/v2\/users\/932"}],"replies":[{"embeddable":true,"href":"https:\/\/fr.motocrossmag.be\/index.php\/wp-json\/wp\/v2\/comments?post=877"}],"version-history":[{"count":0,"href":"https:\/\/fr.motocrossmag.be\/index.php\/wp-json\/wp\/v2\/posts\/877\/revisions"}],"wp:attachment":[{"href":"https:\/\/fr.motocrossmag.be\/index.php\/wp-json\/wp\/v2\/media?parent=877"}],"wp:term":[{"taxonomy":"category","embeddable":true,"href":"https:\/\/fr.motocrossmag.be\/index.php\/wp-json\/wp\/v2\/categories?post=877"},{"taxonomy":"post_tag","embeddable":true,"href":"https:\/\/fr.motocrossmag.be\/index.php\/wp-json\/wp\/v2\/tags?post=877"}],"curies":[{"name":"wp","href":"https:\/\/api.w.org\/{rel}","templated":true}]}}