{"id":87820,"date":"2019-05-05T22:37:50","date_gmt":"2019-05-05T20:37:50","guid":{"rendered":"https:\/\/fr.motocrossmag.be\/?p=87820"},"modified":"2019-05-05T22:37:50","modified_gmt":"2019-05-05T20:37:50","slug":"endurogp-brad-freeman-donne-la-replique-a-steve-holcombe-au-portugal","status":"publish","type":"post","link":"https:\/\/fr.motocrossmag.be\/index.php\/2019\/05\/endurogp-brad-freeman-donne-la-replique-a-steve-holcombe-au-portugal\/","title":{"rendered":"EnduroGP : Brad Freeman donne la r\u00e9plique \u00e0 Steve Holcombe au Portugal"},"content":{"rendered":"<p><strong>Vainqueur des deux journ\u00e9es en Allemagne \u00e0 l&rsquo;occasion de l&rsquo;ouverture du championnat EnduroGP, le champion du monde en titre \u00e0 cette fois d\u00fb composer avec un Brad Freeman survolt\u00e9 sur le deuxi\u00e8me round de la saison mondiale d&rsquo;enduro au Portugal. <\/strong><\/p>\n<p>Holcombe avait pourtant domin\u00e9 une fois de plus de la t\u00eate et des \u00e9paules la premi\u00e8re journ\u00e9e. Sous le soleil portugais, le Britannique a devanc\u00e9 le samedi avec une avance confortable son compatriote Freeman, auteur d&rsquo;une belle remont\u00e9e apr\u00e8s avoir perdu une 15aine de secondes en d\u00e9but de journ\u00e9e. Vainqueur de 3 sp\u00e9ciales, il finissai la journ\u00e9e en deuxi\u00e8me position.<\/p>\n<p><img decoding=\"async\" class=\"lazyload alignnone size-medium wp-image-87822\" src=\"https:\/\/fr.motocrossmag.be\/wp-content\/uploads\/2019\/05\/endurogp-portugal-2019-650x433.jpg\" data-orig-src=\"https:\/\/fr.motocrossmag.be\/wp-content\/uploads\/2019\/05\/endurogp-portugal-2019-650x433.jpg\" alt=\"\" width=\"650\" height=\"433\" srcset=\"data:image\/svg+xml,%3Csvg%20xmlns%3D%27http%3A%2F%2Fwww.w3.org%2F2000%2Fsvg%27%20width%3D%27650%27%20height%3D%27433%27%20viewBox%3D%270%200%20650%20433%27%3E%3Crect%20width%3D%27650%27%20height%3D%27433%27%20fill-opacity%3D%220%22%2F%3E%3C%2Fsvg%3E\" data-srcset=\"https:\/\/fr.motocrossmag.be\/wp-content\/uploads\/2019\/05\/endurogp-portugal-2019-650x433.jpg 650w, https:\/\/fr.motocrossmag.be\/wp-content\/uploads\/2019\/05\/endurogp-portugal-2019-768x511.jpg 768w, https:\/\/fr.motocrossmag.be\/wp-content\/uploads\/2019\/05\/endurogp-portugal-2019.jpg 1000w\" data-sizes=\"auto\" data-orig-sizes=\"(max-width: 650px) 100vw, 650px\" \/><\/p>\n<p>\u00ab\u00a0Ce fut plus dur ce dimanche. Je ne suis pas hyper satisfait de ma conditions physique de ces derniers temps\u00a0\u00bb, avouait Holcombe au soir de la deuxi\u00e8me journ\u00e9e de l&rsquo;\u00e9tape portugaise. \u00ab\u00a0N\u00e9anmoins je reste satisfait de mon r\u00e9sultat. Brad a \u00e9t\u00e9 excellent et je dois le f\u00e9liciter pour cette victoire m\u00e9rit\u00e9e. Je veux maintenant bien me reposer et arriver la semaine prochaine en pleine forme.\u00a0\u00bb Car oui, Holcombe a connu ce dimanche sa premi\u00e8re d\u00e9faite de la saison. Devant, c&rsquo;est Brad Freeman qui s\u2019est cette fois montr\u00e9 \u00e0 son avantage toute la journ\u00e9e. Les \u00e9carts \u00e9tant tr\u00e8s faibles mais, m\u00eame lorsqu\u2019il a perdu la t\u00eate, le Britannique ne s\u2019est pas d\u00e9concentr\u00e9. Il remporte son premier Grand Prix 2019 et booste sa confiance pour la prochaine \u00e9tape en Espagne la semaine prochaine.<\/p>\n<p>\u00ab\u00a0Ce fut une journ\u00e9e g\u00e9niale mais elle n\u2019a pas \u00e9t\u00e9 sans erreurs! Steve et moi avons fait des fautes et sommes tomb\u00e9s plusieurs fois\u00a0\u00bb, commente Freeman. \u00ab\u00a0Le dur travail de cet hiver vient de payer, s&rsquo;imposer en Enduro GP, c\u2019est juste incroyable ! On va tenter de faire la m\u00eame chose en Espagne&#8230;\u00a0\u00bb<\/p>\n<p>SAMEDI<\/p>\n<p><iframe class=\"lazyload\" src=\"data:image\/svg+xml,%3Csvg%20xmlns%3D%27http%3A%2F%2Fwww.w3.org%2F2000%2Fsvg%27%20width%3D%27650%27%20height%3D%27366%27%20viewBox%3D%270%200%20650%20366%27%3E%3Crect%20width%3D%27650%27%20height%3D%27366%27%20fill-opacity%3D%220%22%2F%3E%3C%2Fsvg%3E\" data-orig-src=\"https:\/\/www.youtube.com\/embed\/RjEfmJHzfjI\" width=\"650\" height=\"366\" frameborder=\"0\" allowfullscreen=\"allowfullscreen\"><\/iframe><\/p>\n<p>DIMANCHE<\/p>\n<p><iframe class=\"lazyload\" src=\"data:image\/svg+xml,%3Csvg%20xmlns%3D%27http%3A%2F%2Fwww.w3.org%2F2000%2Fsvg%27%20width%3D%27650%27%20height%3D%27366%27%20viewBox%3D%270%200%20650%20366%27%3E%3Crect%20width%3D%27650%27%20height%3D%27366%27%20fill-opacity%3D%220%22%2F%3E%3C%2Fsvg%3E\" data-orig-src=\"https:\/\/www.youtube.com\/embed\/U_shoHFJS4c\" width=\"650\" height=\"366\" frameborder=\"0\" allowfullscreen=\"allowfullscreen\"><\/iframe><\/p>\n","protected":false},"excerpt":{"rendered":"<p>Vainqueur des deux journ\u00e9es en Allemagne \u00e0 l&rsquo;occasion de l&rsquo;ouverture du championnat EnduroGP, le champion du monde en titre \u00e0 cette fois d\u00fb composer avec un Brad Freeman survolt\u00e9 sur [&#8230;]<\/p>\n","protected":false},"author":932,"featured_media":87821,"comment_status":"open","ping_status":"closed","sticky":false,"template":"","format":"standard","meta":{"footnotes":""},"categories":[54,32,34,33,55,65],"tags":[],"class_list":["post-87820","post","type-post","status-publish","format-standard","has-post-thumbnail","hentry","category-actualite","category-enduro","category-endurogp","category-news-enduro","category-news-actualite","category-slideshow"],"yoast_head":"<!-- This site is optimized with the Yoast SEO plugin v27.4 - https:\/\/yoast.com\/product\/yoast-seo-wordpress\/ -->\n<title>EnduroGP : Brad Freeman donne la r\u00e9plique \u00e0 Steve Holcombe au Portugal - Motocross - Enduro - Supermoto | MotocrossMag<\/title>\n<meta name=\"robots\" content=\"index, follow, max-snippet:-1, max-image-preview:large, max-video-preview:-1\" \/>\n<link rel=\"canonical\" href=\"https:\/\/fr.motocrossmag.be\/index.php\/2019\/05\/endurogp-brad-freeman-donne-la-replique-a-steve-holcombe-au-portugal\/\" \/>\n<meta property=\"og:locale\" content=\"fr_FR\" \/>\n<meta property=\"og:type\" content=\"article\" \/>\n<meta property=\"og:title\" content=\"EnduroGP : Brad Freeman donne la r\u00e9plique \u00e0 Steve Holcombe au Portugal - Motocross - Enduro - Supermoto | MotocrossMag\" \/>\n<meta property=\"og:description\" content=\"Vainqueur des deux journ\u00e9es en Allemagne \u00e0 l&rsquo;occasion de l&rsquo;ouverture du championnat EnduroGP, le champion du monde en titre \u00e0 cette fois d\u00fb composer avec un Brad Freeman survolt\u00e9 sur [...]\" \/>\n<meta property=\"og:url\" content=\"https:\/\/fr.motocrossmag.be\/index.php\/2019\/05\/endurogp-brad-freeman-donne-la-replique-a-steve-holcombe-au-portugal\/\" \/>\n<meta property=\"og:site_name\" content=\"Motocross - Enduro - Supermoto | MotocrossMag\" \/>\n<meta property=\"article:published_time\" content=\"2019-05-05T20:37:50+00:00\" \/>\n<meta property=\"og:image\" content=\"https:\/\/fr.motocrossmag.be\/wp-content\/uploads\/2019\/05\/endurogp-freeman.jpg\" \/>\n\t<meta property=\"og:image:width\" content=\"1000\" \/>\n\t<meta property=\"og:image:height\" content=\"666\" \/>\n\t<meta property=\"og:image:type\" content=\"image\/jpeg\" \/>\n<meta name=\"author\" content=\"oliviere\" \/>\n<meta name=\"twitter:card\" content=\"summary_large_image\" \/>\n<meta name=\"twitter:label1\" content=\"\u00c9crit par\" \/>\n\t<meta name=\"twitter:data1\" content=\"oliviere\" \/>\n\t<meta name=\"twitter:label2\" content=\"Dur\u00e9e de lecture estim\u00e9e\" \/>\n\t<meta name=\"twitter:data2\" content=\"2 minutes\" \/>\n<script type=\"application\/ld+json\" class=\"yoast-schema-graph\">{\"@context\":\"https:\\\/\\\/schema.org\",\"@graph\":[{\"@type\":\"Article\",\"@id\":\"https:\\\/\\\/fr.motocrossmag.be\\\/index.php\\\/2019\\\/05\\\/endurogp-brad-freeman-donne-la-replique-a-steve-holcombe-au-portugal\\\/#article\",\"isPartOf\":{\"@id\":\"https:\\\/\\\/fr.motocrossmag.be\\\/index.php\\\/2019\\\/05\\\/endurogp-brad-freeman-donne-la-replique-a-steve-holcombe-au-portugal\\\/\"},\"author\":{\"name\":\"oliviere\",\"@id\":\"https:\\\/\\\/fr.motocrossmag.be\\\/#\\\/schema\\\/person\\\/11b47143d9f755babca2c9110e03235c\"},\"headline\":\"EnduroGP : Brad Freeman donne la r\u00e9plique \u00e0 Steve Holcombe au Portugal\",\"datePublished\":\"2019-05-05T20:37:50+00:00\",\"mainEntityOfPage\":{\"@id\":\"https:\\\/\\\/fr.motocrossmag.be\\\/index.php\\\/2019\\\/05\\\/endurogp-brad-freeman-donne-la-replique-a-steve-holcombe-au-portugal\\\/\"},\"wordCount\":333,\"commentCount\":0,\"image\":{\"@id\":\"https:\\\/\\\/fr.motocrossmag.be\\\/index.php\\\/2019\\\/05\\\/endurogp-brad-freeman-donne-la-replique-a-steve-holcombe-au-portugal\\\/#primaryimage\"},\"thumbnailUrl\":\"https:\\\/\\\/fr.motocrossmag.be\\\/wp-content\\\/uploads\\\/2019\\\/05\\\/endurogp-freeman.jpg\",\"articleSection\":[\"Actualit\u00e9\",\"Enduro\",\"EnduroGP\",\"News\",\"News\",\"Slideshow\"],\"inLanguage\":\"fr-FR\",\"potentialAction\":[{\"@type\":\"CommentAction\",\"name\":\"Comment\",\"target\":[\"https:\\\/\\\/fr.motocrossmag.be\\\/index.php\\\/2019\\\/05\\\/endurogp-brad-freeman-donne-la-replique-a-steve-holcombe-au-portugal\\\/#respond\"]}]},{\"@type\":\"WebPage\",\"@id\":\"https:\\\/\\\/fr.motocrossmag.be\\\/index.php\\\/2019\\\/05\\\/endurogp-brad-freeman-donne-la-replique-a-steve-holcombe-au-portugal\\\/\",\"url\":\"https:\\\/\\\/fr.motocrossmag.be\\\/index.php\\\/2019\\\/05\\\/endurogp-brad-freeman-donne-la-replique-a-steve-holcombe-au-portugal\\\/\",\"name\":\"EnduroGP : Brad Freeman donne la r\u00e9plique \u00e0 Steve Holcombe au Portugal - Motocross - Enduro - Supermoto | MotocrossMag\",\"isPartOf\":{\"@id\":\"https:\\\/\\\/fr.motocrossmag.be\\\/#website\"},\"primaryImageOfPage\":{\"@id\":\"https:\\\/\\\/fr.motocrossmag.be\\\/index.php\\\/2019\\\/05\\\/endurogp-brad-freeman-donne-la-replique-a-steve-holcombe-au-portugal\\\/#primaryimage\"},\"image\":{\"@id\":\"https:\\\/\\\/fr.motocrossmag.be\\\/index.php\\\/2019\\\/05\\\/endurogp-brad-freeman-donne-la-replique-a-steve-holcombe-au-portugal\\\/#primaryimage\"},\"thumbnailUrl\":\"https:\\\/\\\/fr.motocrossmag.be\\\/wp-content\\\/uploads\\\/2019\\\/05\\\/endurogp-freeman.jpg\",\"datePublished\":\"2019-05-05T20:37:50+00:00\",\"author\":{\"@id\":\"https:\\\/\\\/fr.motocrossmag.be\\\/#\\\/schema\\\/person\\\/11b47143d9f755babca2c9110e03235c\"},\"breadcrumb\":{\"@id\":\"https:\\\/\\\/fr.motocrossmag.be\\\/index.php\\\/2019\\\/05\\\/endurogp-brad-freeman-donne-la-replique-a-steve-holcombe-au-portugal\\\/#breadcrumb\"},\"inLanguage\":\"fr-FR\",\"potentialAction\":[{\"@type\":\"ReadAction\",\"target\":[\"https:\\\/\\\/fr.motocrossmag.be\\\/index.php\\\/2019\\\/05\\\/endurogp-brad-freeman-donne-la-replique-a-steve-holcombe-au-portugal\\\/\"]}]},{\"@type\":\"ImageObject\",\"inLanguage\":\"fr-FR\",\"@id\":\"https:\\\/\\\/fr.motocrossmag.be\\\/index.php\\\/2019\\\/05\\\/endurogp-brad-freeman-donne-la-replique-a-steve-holcombe-au-portugal\\\/#primaryimage\",\"url\":\"https:\\\/\\\/fr.motocrossmag.be\\\/wp-content\\\/uploads\\\/2019\\\/05\\\/endurogp-freeman.jpg\",\"contentUrl\":\"https:\\\/\\\/fr.motocrossmag.be\\\/wp-content\\\/uploads\\\/2019\\\/05\\\/endurogp-freeman.jpg\",\"width\":1000,\"height\":666},{\"@type\":\"BreadcrumbList\",\"@id\":\"https:\\\/\\\/fr.motocrossmag.be\\\/index.php\\\/2019\\\/05\\\/endurogp-brad-freeman-donne-la-replique-a-steve-holcombe-au-portugal\\\/#breadcrumb\",\"itemListElement\":[{\"@type\":\"ListItem\",\"position\":1,\"name\":\"Accueil\",\"item\":\"https:\\\/\\\/fr.motocrossmag.be\\\/\"},{\"@type\":\"ListItem\",\"position\":2,\"name\":\"EnduroGP : Brad Freeman donne la r\u00e9plique \u00e0 Steve Holcombe au Portugal\"}]},{\"@type\":\"WebSite\",\"@id\":\"https:\\\/\\\/fr.motocrossmag.be\\\/#website\",\"url\":\"https:\\\/\\\/fr.motocrossmag.be\\\/\",\"name\":\"Motocross - Enduro - Supermoto | MotocrossMag\",\"description\":\"L&#039;actualit\u00e9 du motocross, de l&#039;enduro et du Supermoto en ligne!\",\"potentialAction\":[{\"@type\":\"SearchAction\",\"target\":{\"@type\":\"EntryPoint\",\"urlTemplate\":\"https:\\\/\\\/fr.motocrossmag.be\\\/?s={search_term_string}\"},\"query-input\":{\"@type\":\"PropertyValueSpecification\",\"valueRequired\":true,\"valueName\":\"search_term_string\"}}],\"inLanguage\":\"fr-FR\"},{\"@type\":\"Person\",\"@id\":\"https:\\\/\\\/fr.motocrossmag.be\\\/#\\\/schema\\\/person\\\/11b47143d9f755babca2c9110e03235c\",\"name\":\"oliviere\",\"image\":{\"@type\":\"ImageObject\",\"inLanguage\":\"fr-FR\",\"@id\":\"https:\\\/\\\/secure.gravatar.com\\\/avatar\\\/907069e0b81d119452040469e4a7501da1100f54f7f80180ce77bfab718288f6?s=96&d=mm&r=g\",\"url\":\"https:\\\/\\\/secure.gravatar.com\\\/avatar\\\/907069e0b81d119452040469e4a7501da1100f54f7f80180ce77bfab718288f6?s=96&d=mm&r=g\",\"contentUrl\":\"https:\\\/\\\/secure.gravatar.com\\\/avatar\\\/907069e0b81d119452040469e4a7501da1100f54f7f80180ce77bfab718288f6?s=96&d=mm&r=g\",\"caption\":\"oliviere\"},\"sameAs\":[\"http:\\\/\\\/www.motocrossmag.be\"],\"url\":\"https:\\\/\\\/fr.motocrossmag.be\\\/index.php\\\/author\\\/oliviere\\\/\"}]}<\/script>\n<!-- \/ Yoast SEO plugin. -->","yoast_head_json":{"title":"EnduroGP : Brad Freeman donne la r\u00e9plique \u00e0 Steve Holcombe au Portugal - Motocross - Enduro - Supermoto | MotocrossMag","robots":{"index":"index","follow":"follow","max-snippet":"max-snippet:-1","max-image-preview":"max-image-preview:large","max-video-preview":"max-video-preview:-1"},"canonical":"https:\/\/fr.motocrossmag.be\/index.php\/2019\/05\/endurogp-brad-freeman-donne-la-replique-a-steve-holcombe-au-portugal\/","og_locale":"fr_FR","og_type":"article","og_title":"EnduroGP : Brad Freeman donne la r\u00e9plique \u00e0 Steve Holcombe au Portugal - Motocross - Enduro - Supermoto | MotocrossMag","og_description":"Vainqueur des deux journ\u00e9es en Allemagne \u00e0 l&rsquo;occasion de l&rsquo;ouverture du championnat EnduroGP, le champion du monde en titre \u00e0 cette fois d\u00fb composer avec un Brad Freeman survolt\u00e9 sur [...]","og_url":"https:\/\/fr.motocrossmag.be\/index.php\/2019\/05\/endurogp-brad-freeman-donne-la-replique-a-steve-holcombe-au-portugal\/","og_site_name":"Motocross - Enduro - Supermoto | MotocrossMag","article_published_time":"2019-05-05T20:37:50+00:00","og_image":[{"width":1000,"height":666,"url":"https:\/\/fr.motocrossmag.be\/wp-content\/uploads\/2019\/05\/endurogp-freeman.jpg","type":"image\/jpeg"}],"author":"oliviere","twitter_card":"summary_large_image","twitter_misc":{"\u00c9crit par":"oliviere","Dur\u00e9e de lecture estim\u00e9e":"2 minutes"},"schema":{"@context":"https:\/\/schema.org","@graph":[{"@type":"Article","@id":"https:\/\/fr.motocrossmag.be\/index.php\/2019\/05\/endurogp-brad-freeman-donne-la-replique-a-steve-holcombe-au-portugal\/#article","isPartOf":{"@id":"https:\/\/fr.motocrossmag.be\/index.php\/2019\/05\/endurogp-brad-freeman-donne-la-replique-a-steve-holcombe-au-portugal\/"},"author":{"name":"oliviere","@id":"https:\/\/fr.motocrossmag.be\/#\/schema\/person\/11b47143d9f755babca2c9110e03235c"},"headline":"EnduroGP : Brad Freeman donne la r\u00e9plique \u00e0 Steve Holcombe au Portugal","datePublished":"2019-05-05T20:37:50+00:00","mainEntityOfPage":{"@id":"https:\/\/fr.motocrossmag.be\/index.php\/2019\/05\/endurogp-brad-freeman-donne-la-replique-a-steve-holcombe-au-portugal\/"},"wordCount":333,"commentCount":0,"image":{"@id":"https:\/\/fr.motocrossmag.be\/index.php\/2019\/05\/endurogp-brad-freeman-donne-la-replique-a-steve-holcombe-au-portugal\/#primaryimage"},"thumbnailUrl":"https:\/\/fr.motocrossmag.be\/wp-content\/uploads\/2019\/05\/endurogp-freeman.jpg","articleSection":["Actualit\u00e9","Enduro","EnduroGP","News","News","Slideshow"],"inLanguage":"fr-FR","potentialAction":[{"@type":"CommentAction","name":"Comment","target":["https:\/\/fr.motocrossmag.be\/index.php\/2019\/05\/endurogp-brad-freeman-donne-la-replique-a-steve-holcombe-au-portugal\/#respond"]}]},{"@type":"WebPage","@id":"https:\/\/fr.motocrossmag.be\/index.php\/2019\/05\/endurogp-brad-freeman-donne-la-replique-a-steve-holcombe-au-portugal\/","url":"https:\/\/fr.motocrossmag.be\/index.php\/2019\/05\/endurogp-brad-freeman-donne-la-replique-a-steve-holcombe-au-portugal\/","name":"EnduroGP : Brad Freeman donne la r\u00e9plique \u00e0 Steve Holcombe au Portugal - Motocross - Enduro - Supermoto | MotocrossMag","isPartOf":{"@id":"https:\/\/fr.motocrossmag.be\/#website"},"primaryImageOfPage":{"@id":"https:\/\/fr.motocrossmag.be\/index.php\/2019\/05\/endurogp-brad-freeman-donne-la-replique-a-steve-holcombe-au-portugal\/#primaryimage"},"image":{"@id":"https:\/\/fr.motocrossmag.be\/index.php\/2019\/05\/endurogp-brad-freeman-donne-la-replique-a-steve-holcombe-au-portugal\/#primaryimage"},"thumbnailUrl":"https:\/\/fr.motocrossmag.be\/wp-content\/uploads\/2019\/05\/endurogp-freeman.jpg","datePublished":"2019-05-05T20:37:50+00:00","author":{"@id":"https:\/\/fr.motocrossmag.be\/#\/schema\/person\/11b47143d9f755babca2c9110e03235c"},"breadcrumb":{"@id":"https:\/\/fr.motocrossmag.be\/index.php\/2019\/05\/endurogp-brad-freeman-donne-la-replique-a-steve-holcombe-au-portugal\/#breadcrumb"},"inLanguage":"fr-FR","potentialAction":[{"@type":"ReadAction","target":["https:\/\/fr.motocrossmag.be\/index.php\/2019\/05\/endurogp-brad-freeman-donne-la-replique-a-steve-holcombe-au-portugal\/"]}]},{"@type":"ImageObject","inLanguage":"fr-FR","@id":"https:\/\/fr.motocrossmag.be\/index.php\/2019\/05\/endurogp-brad-freeman-donne-la-replique-a-steve-holcombe-au-portugal\/#primaryimage","url":"https:\/\/fr.motocrossmag.be\/wp-content\/uploads\/2019\/05\/endurogp-freeman.jpg","contentUrl":"https:\/\/fr.motocrossmag.be\/wp-content\/uploads\/2019\/05\/endurogp-freeman.jpg","width":1000,"height":666},{"@type":"BreadcrumbList","@id":"https:\/\/fr.motocrossmag.be\/index.php\/2019\/05\/endurogp-brad-freeman-donne-la-replique-a-steve-holcombe-au-portugal\/#breadcrumb","itemListElement":[{"@type":"ListItem","position":1,"name":"Accueil","item":"https:\/\/fr.motocrossmag.be\/"},{"@type":"ListItem","position":2,"name":"EnduroGP : Brad Freeman donne la r\u00e9plique \u00e0 Steve Holcombe au Portugal"}]},{"@type":"WebSite","@id":"https:\/\/fr.motocrossmag.be\/#website","url":"https:\/\/fr.motocrossmag.be\/","name":"Motocross - Enduro - Supermoto | MotocrossMag","description":"L&#039;actualit\u00e9 du motocross, de l&#039;enduro et du Supermoto en ligne!","potentialAction":[{"@type":"SearchAction","target":{"@type":"EntryPoint","urlTemplate":"https:\/\/fr.motocrossmag.be\/?s={search_term_string}"},"query-input":{"@type":"PropertyValueSpecification","valueRequired":true,"valueName":"search_term_string"}}],"inLanguage":"fr-FR"},{"@type":"Person","@id":"https:\/\/fr.motocrossmag.be\/#\/schema\/person\/11b47143d9f755babca2c9110e03235c","name":"oliviere","image":{"@type":"ImageObject","inLanguage":"fr-FR","@id":"https:\/\/secure.gravatar.com\/avatar\/907069e0b81d119452040469e4a7501da1100f54f7f80180ce77bfab718288f6?s=96&d=mm&r=g","url":"https:\/\/secure.gravatar.com\/avatar\/907069e0b81d119452040469e4a7501da1100f54f7f80180ce77bfab718288f6?s=96&d=mm&r=g","contentUrl":"https:\/\/secure.gravatar.com\/avatar\/907069e0b81d119452040469e4a7501da1100f54f7f80180ce77bfab718288f6?s=96&d=mm&r=g","caption":"oliviere"},"sameAs":["http:\/\/www.motocrossmag.be"],"url":"https:\/\/fr.motocrossmag.be\/index.php\/author\/oliviere\/"}]}},"_links":{"self":[{"href":"https:\/\/fr.motocrossmag.be\/index.php\/wp-json\/wp\/v2\/posts\/87820","targetHints":{"allow":["GET"]}}],"collection":[{"href":"https:\/\/fr.motocrossmag.be\/index.php\/wp-json\/wp\/v2\/posts"}],"about":[{"href":"https:\/\/fr.motocrossmag.be\/index.php\/wp-json\/wp\/v2\/types\/post"}],"author":[{"embeddable":true,"href":"https:\/\/fr.motocrossmag.be\/index.php\/wp-json\/wp\/v2\/users\/932"}],"replies":[{"embeddable":true,"href":"https:\/\/fr.motocrossmag.be\/index.php\/wp-json\/wp\/v2\/comments?post=87820"}],"version-history":[{"count":0,"href":"https:\/\/fr.motocrossmag.be\/index.php\/wp-json\/wp\/v2\/posts\/87820\/revisions"}],"wp:featuredmedia":[{"embeddable":true,"href":"https:\/\/fr.motocrossmag.be\/index.php\/wp-json\/wp\/v2\/media\/87821"}],"wp:attachment":[{"href":"https:\/\/fr.motocrossmag.be\/index.php\/wp-json\/wp\/v2\/media?parent=87820"}],"wp:term":[{"taxonomy":"category","embeddable":true,"href":"https:\/\/fr.motocrossmag.be\/index.php\/wp-json\/wp\/v2\/categories?post=87820"},{"taxonomy":"post_tag","embeddable":true,"href":"https:\/\/fr.motocrossmag.be\/index.php\/wp-json\/wp\/v2\/tags?post=87820"}],"curies":[{"name":"wp","href":"https:\/\/api.w.org\/{rel}","templated":true}]}}