{"id":87851,"date":"2019-05-07T22:23:48","date_gmt":"2019-05-07T20:23:48","guid":{"rendered":"https:\/\/fr.motocrossmag.be\/?p=87851"},"modified":"2019-05-07T22:25:53","modified_gmt":"2019-05-07T20:25:53","slug":"situation-compliquee-chez-gasgas","status":"publish","type":"post","link":"https:\/\/fr.motocrossmag.be\/index.php\/2019\/05\/situation-compliquee-chez-gasgas\/","title":{"rendered":"Situation compliqu\u00e9e chez GasGas"},"content":{"rendered":"<p><strong>Si Mathew Vanoevelen \u00e9tait bel et bien pr\u00e9sent chez Juniors sur le deuxi\u00e8me round du championnat du monde d&rsquo;enduro le week-end dernier au Portugal, les officiels de la marque Christophe Nambotin et Alex Snow brillaient par contre par leur absence. Le team EnduroGP avait en effet \u00e9t\u00e9 pri\u00e9 de rester \u00e0 la maison. Ils ne seront pas non plus au d\u00e9part du GP d&rsquo;Espagne. Que se passe-t-il dans le giron de la firme catalane ?<\/strong><\/p>\n<p>Malgr\u00e9 une gamme rajeunie et un investissement en comp\u00e9tition qui a permis \u00e0 la marque de revenir sur le devant de la sc\u00e8ne, la situation financi\u00e8re du constructeur de G\u00e9rone reste compliqu\u00e9e. D\u00e9sormais int\u00e9gr\u00e9e au groupe Torrot, la marque espagnole esp\u00e8re toujours pouvoir voler un jour \u00e0 nouveau de ses propres ailes et d\u00e9ploie de nombreux efforts en ce sens. En pleine n\u00e9gociations avec le gouvernement catalan et les syndicats locaux dans le cadre d&rsquo;un vaste plan de r\u00e9organisation, envoyer sur un championnat un team officiel au fonctionnement forc\u00e9ment co\u00fbteux, malgr\u00e9 l&rsquo;importance qu&rsquo;il peut avoir pour la notori\u00e9t\u00e9 de la marque, cela d\u00e9range visiblement chez GasGas.<\/p>\n<p>Sans doute le moment est-il important pour l&rsquo;avenir de la marque et, aussi surprenant que puisse para\u00eetre la d\u00e9cision d&#8217;emp\u00eacher ses pilotes factory de disputer un GP, il semble que d&rsquo;autres enjeux priment actuellement pour le top-management chez GasGas. On devrait par contre bien voir Nambotin prendre d&rsquo;ici 10 jours le d\u00e9part du deuxi\u00e8me round du championnat WESS dans le cadre du Tr\u00e8fle Loz\u00e9rien.<\/p>\n","protected":false},"excerpt":{"rendered":"<p>Si Mathew Vanoevelen \u00e9tait bel et bien pr\u00e9sent chez Juniors sur le deuxi\u00e8me round du championnat du monde d&rsquo;enduro le week-end dernier au Portugal, les officiels de la marque Christophe [&#8230;]<\/p>\n","protected":false},"author":932,"featured_media":87852,"comment_status":"open","ping_status":"closed","sticky":false,"template":"","format":"standard","meta":{"footnotes":""},"categories":[54,32,34,33,55,65],"tags":[],"class_list":["post-87851","post","type-post","status-publish","format-standard","has-post-thumbnail","hentry","category-actualite","category-enduro","category-endurogp","category-news-enduro","category-news-actualite","category-slideshow"],"yoast_head":"<!-- This site is optimized with the Yoast SEO plugin v27.4 - https:\/\/yoast.com\/product\/yoast-seo-wordpress\/ -->\n<title>Situation compliqu\u00e9e chez GasGas - Motocross - Enduro - Supermoto | MotocrossMag<\/title>\n<meta name=\"robots\" content=\"index, follow, max-snippet:-1, max-image-preview:large, max-video-preview:-1\" \/>\n<link rel=\"canonical\" href=\"https:\/\/fr.motocrossmag.be\/index.php\/2019\/05\/situation-compliquee-chez-gasgas\/\" \/>\n<meta property=\"og:locale\" content=\"fr_FR\" \/>\n<meta property=\"og:type\" content=\"article\" \/>\n<meta property=\"og:title\" content=\"Situation compliqu\u00e9e chez GasGas - Motocross - Enduro - Supermoto | MotocrossMag\" \/>\n<meta property=\"og:description\" content=\"Si Mathew Vanoevelen \u00e9tait bel et bien pr\u00e9sent chez Juniors sur le deuxi\u00e8me round du championnat du monde d&rsquo;enduro le week-end dernier au Portugal, les officiels de la marque Christophe [...]\" \/>\n<meta property=\"og:url\" content=\"https:\/\/fr.motocrossmag.be\/index.php\/2019\/05\/situation-compliquee-chez-gasgas\/\" \/>\n<meta property=\"og:site_name\" content=\"Motocross - Enduro - Supermoto | MotocrossMag\" \/>\n<meta property=\"article:published_time\" content=\"2019-05-07T20:23:48+00:00\" \/>\n<meta property=\"article:modified_time\" content=\"2019-05-07T20:25:53+00:00\" \/>\n<meta property=\"og:image\" content=\"https:\/\/fr.motocrossmag.be\/wp-content\/uploads\/2019\/05\/gasgas-montage-lines.jpg\" \/>\n\t<meta property=\"og:image:width\" content=\"1000\" \/>\n\t<meta property=\"og:image:height\" content=\"562\" \/>\n\t<meta property=\"og:image:type\" content=\"image\/jpeg\" \/>\n<meta name=\"author\" content=\"oliviere\" \/>\n<meta name=\"twitter:card\" content=\"summary_large_image\" \/>\n<meta name=\"twitter:label1\" content=\"\u00c9crit par\" \/>\n\t<meta name=\"twitter:data1\" content=\"oliviere\" \/>\n\t<meta name=\"twitter:label2\" content=\"Dur\u00e9e de lecture estim\u00e9e\" \/>\n\t<meta name=\"twitter:data2\" content=\"1 minute\" \/>\n<script type=\"application\/ld+json\" class=\"yoast-schema-graph\">{\"@context\":\"https:\\\/\\\/schema.org\",\"@graph\":[{\"@type\":\"Article\",\"@id\":\"https:\\\/\\\/fr.motocrossmag.be\\\/index.php\\\/2019\\\/05\\\/situation-compliquee-chez-gasgas\\\/#article\",\"isPartOf\":{\"@id\":\"https:\\\/\\\/fr.motocrossmag.be\\\/index.php\\\/2019\\\/05\\\/situation-compliquee-chez-gasgas\\\/\"},\"author\":{\"name\":\"oliviere\",\"@id\":\"https:\\\/\\\/fr.motocrossmag.be\\\/#\\\/schema\\\/person\\\/11b47143d9f755babca2c9110e03235c\"},\"headline\":\"Situation compliqu\u00e9e chez GasGas\",\"datePublished\":\"2019-05-07T20:23:48+00:00\",\"dateModified\":\"2019-05-07T20:25:53+00:00\",\"mainEntityOfPage\":{\"@id\":\"https:\\\/\\\/fr.motocrossmag.be\\\/index.php\\\/2019\\\/05\\\/situation-compliquee-chez-gasgas\\\/\"},\"wordCount\":280,\"commentCount\":0,\"image\":{\"@id\":\"https:\\\/\\\/fr.motocrossmag.be\\\/index.php\\\/2019\\\/05\\\/situation-compliquee-chez-gasgas\\\/#primaryimage\"},\"thumbnailUrl\":\"https:\\\/\\\/fr.motocrossmag.be\\\/wp-content\\\/uploads\\\/2019\\\/05\\\/gasgas-montage-lines.jpg\",\"articleSection\":[\"Actualit\u00e9\",\"Enduro\",\"EnduroGP\",\"News\",\"News\",\"Slideshow\"],\"inLanguage\":\"fr-FR\",\"potentialAction\":[{\"@type\":\"CommentAction\",\"name\":\"Comment\",\"target\":[\"https:\\\/\\\/fr.motocrossmag.be\\\/index.php\\\/2019\\\/05\\\/situation-compliquee-chez-gasgas\\\/#respond\"]}]},{\"@type\":\"WebPage\",\"@id\":\"https:\\\/\\\/fr.motocrossmag.be\\\/index.php\\\/2019\\\/05\\\/situation-compliquee-chez-gasgas\\\/\",\"url\":\"https:\\\/\\\/fr.motocrossmag.be\\\/index.php\\\/2019\\\/05\\\/situation-compliquee-chez-gasgas\\\/\",\"name\":\"Situation compliqu\u00e9e chez GasGas - Motocross - Enduro - Supermoto | MotocrossMag\",\"isPartOf\":{\"@id\":\"https:\\\/\\\/fr.motocrossmag.be\\\/#website\"},\"primaryImageOfPage\":{\"@id\":\"https:\\\/\\\/fr.motocrossmag.be\\\/index.php\\\/2019\\\/05\\\/situation-compliquee-chez-gasgas\\\/#primaryimage\"},\"image\":{\"@id\":\"https:\\\/\\\/fr.motocrossmag.be\\\/index.php\\\/2019\\\/05\\\/situation-compliquee-chez-gasgas\\\/#primaryimage\"},\"thumbnailUrl\":\"https:\\\/\\\/fr.motocrossmag.be\\\/wp-content\\\/uploads\\\/2019\\\/05\\\/gasgas-montage-lines.jpg\",\"datePublished\":\"2019-05-07T20:23:48+00:00\",\"dateModified\":\"2019-05-07T20:25:53+00:00\",\"author\":{\"@id\":\"https:\\\/\\\/fr.motocrossmag.be\\\/#\\\/schema\\\/person\\\/11b47143d9f755babca2c9110e03235c\"},\"breadcrumb\":{\"@id\":\"https:\\\/\\\/fr.motocrossmag.be\\\/index.php\\\/2019\\\/05\\\/situation-compliquee-chez-gasgas\\\/#breadcrumb\"},\"inLanguage\":\"fr-FR\",\"potentialAction\":[{\"@type\":\"ReadAction\",\"target\":[\"https:\\\/\\\/fr.motocrossmag.be\\\/index.php\\\/2019\\\/05\\\/situation-compliquee-chez-gasgas\\\/\"]}]},{\"@type\":\"ImageObject\",\"inLanguage\":\"fr-FR\",\"@id\":\"https:\\\/\\\/fr.motocrossmag.be\\\/index.php\\\/2019\\\/05\\\/situation-compliquee-chez-gasgas\\\/#primaryimage\",\"url\":\"https:\\\/\\\/fr.motocrossmag.be\\\/wp-content\\\/uploads\\\/2019\\\/05\\\/gasgas-montage-lines.jpg\",\"contentUrl\":\"https:\\\/\\\/fr.motocrossmag.be\\\/wp-content\\\/uploads\\\/2019\\\/05\\\/gasgas-montage-lines.jpg\",\"width\":1000,\"height\":562},{\"@type\":\"BreadcrumbList\",\"@id\":\"https:\\\/\\\/fr.motocrossmag.be\\\/index.php\\\/2019\\\/05\\\/situation-compliquee-chez-gasgas\\\/#breadcrumb\",\"itemListElement\":[{\"@type\":\"ListItem\",\"position\":1,\"name\":\"Accueil\",\"item\":\"https:\\\/\\\/fr.motocrossmag.be\\\/\"},{\"@type\":\"ListItem\",\"position\":2,\"name\":\"Situation compliqu\u00e9e chez GasGas\"}]},{\"@type\":\"WebSite\",\"@id\":\"https:\\\/\\\/fr.motocrossmag.be\\\/#website\",\"url\":\"https:\\\/\\\/fr.motocrossmag.be\\\/\",\"name\":\"Motocross - Enduro - Supermoto | MotocrossMag\",\"description\":\"L&#039;actualit\u00e9 du motocross, de l&#039;enduro et du Supermoto en ligne!\",\"potentialAction\":[{\"@type\":\"SearchAction\",\"target\":{\"@type\":\"EntryPoint\",\"urlTemplate\":\"https:\\\/\\\/fr.motocrossmag.be\\\/?s={search_term_string}\"},\"query-input\":{\"@type\":\"PropertyValueSpecification\",\"valueRequired\":true,\"valueName\":\"search_term_string\"}}],\"inLanguage\":\"fr-FR\"},{\"@type\":\"Person\",\"@id\":\"https:\\\/\\\/fr.motocrossmag.be\\\/#\\\/schema\\\/person\\\/11b47143d9f755babca2c9110e03235c\",\"name\":\"oliviere\",\"image\":{\"@type\":\"ImageObject\",\"inLanguage\":\"fr-FR\",\"@id\":\"https:\\\/\\\/secure.gravatar.com\\\/avatar\\\/907069e0b81d119452040469e4a7501da1100f54f7f80180ce77bfab718288f6?s=96&d=mm&r=g\",\"url\":\"https:\\\/\\\/secure.gravatar.com\\\/avatar\\\/907069e0b81d119452040469e4a7501da1100f54f7f80180ce77bfab718288f6?s=96&d=mm&r=g\",\"contentUrl\":\"https:\\\/\\\/secure.gravatar.com\\\/avatar\\\/907069e0b81d119452040469e4a7501da1100f54f7f80180ce77bfab718288f6?s=96&d=mm&r=g\",\"caption\":\"oliviere\"},\"sameAs\":[\"http:\\\/\\\/www.motocrossmag.be\"],\"url\":\"https:\\\/\\\/fr.motocrossmag.be\\\/index.php\\\/author\\\/oliviere\\\/\"}]}<\/script>\n<!-- \/ Yoast SEO plugin. -->","yoast_head_json":{"title":"Situation compliqu\u00e9e chez GasGas - Motocross - Enduro - Supermoto | MotocrossMag","robots":{"index":"index","follow":"follow","max-snippet":"max-snippet:-1","max-image-preview":"max-image-preview:large","max-video-preview":"max-video-preview:-1"},"canonical":"https:\/\/fr.motocrossmag.be\/index.php\/2019\/05\/situation-compliquee-chez-gasgas\/","og_locale":"fr_FR","og_type":"article","og_title":"Situation compliqu\u00e9e chez GasGas - Motocross - Enduro - Supermoto | MotocrossMag","og_description":"Si Mathew Vanoevelen \u00e9tait bel et bien pr\u00e9sent chez Juniors sur le deuxi\u00e8me round du championnat du monde d&rsquo;enduro le week-end dernier au Portugal, les officiels de la marque Christophe [...]","og_url":"https:\/\/fr.motocrossmag.be\/index.php\/2019\/05\/situation-compliquee-chez-gasgas\/","og_site_name":"Motocross - Enduro - Supermoto | MotocrossMag","article_published_time":"2019-05-07T20:23:48+00:00","article_modified_time":"2019-05-07T20:25:53+00:00","og_image":[{"width":1000,"height":562,"url":"https:\/\/fr.motocrossmag.be\/wp-content\/uploads\/2019\/05\/gasgas-montage-lines.jpg","type":"image\/jpeg"}],"author":"oliviere","twitter_card":"summary_large_image","twitter_misc":{"\u00c9crit par":"oliviere","Dur\u00e9e de lecture estim\u00e9e":"1 minute"},"schema":{"@context":"https:\/\/schema.org","@graph":[{"@type":"Article","@id":"https:\/\/fr.motocrossmag.be\/index.php\/2019\/05\/situation-compliquee-chez-gasgas\/#article","isPartOf":{"@id":"https:\/\/fr.motocrossmag.be\/index.php\/2019\/05\/situation-compliquee-chez-gasgas\/"},"author":{"name":"oliviere","@id":"https:\/\/fr.motocrossmag.be\/#\/schema\/person\/11b47143d9f755babca2c9110e03235c"},"headline":"Situation compliqu\u00e9e chez GasGas","datePublished":"2019-05-07T20:23:48+00:00","dateModified":"2019-05-07T20:25:53+00:00","mainEntityOfPage":{"@id":"https:\/\/fr.motocrossmag.be\/index.php\/2019\/05\/situation-compliquee-chez-gasgas\/"},"wordCount":280,"commentCount":0,"image":{"@id":"https:\/\/fr.motocrossmag.be\/index.php\/2019\/05\/situation-compliquee-chez-gasgas\/#primaryimage"},"thumbnailUrl":"https:\/\/fr.motocrossmag.be\/wp-content\/uploads\/2019\/05\/gasgas-montage-lines.jpg","articleSection":["Actualit\u00e9","Enduro","EnduroGP","News","News","Slideshow"],"inLanguage":"fr-FR","potentialAction":[{"@type":"CommentAction","name":"Comment","target":["https:\/\/fr.motocrossmag.be\/index.php\/2019\/05\/situation-compliquee-chez-gasgas\/#respond"]}]},{"@type":"WebPage","@id":"https:\/\/fr.motocrossmag.be\/index.php\/2019\/05\/situation-compliquee-chez-gasgas\/","url":"https:\/\/fr.motocrossmag.be\/index.php\/2019\/05\/situation-compliquee-chez-gasgas\/","name":"Situation compliqu\u00e9e chez GasGas - Motocross - Enduro - Supermoto | MotocrossMag","isPartOf":{"@id":"https:\/\/fr.motocrossmag.be\/#website"},"primaryImageOfPage":{"@id":"https:\/\/fr.motocrossmag.be\/index.php\/2019\/05\/situation-compliquee-chez-gasgas\/#primaryimage"},"image":{"@id":"https:\/\/fr.motocrossmag.be\/index.php\/2019\/05\/situation-compliquee-chez-gasgas\/#primaryimage"},"thumbnailUrl":"https:\/\/fr.motocrossmag.be\/wp-content\/uploads\/2019\/05\/gasgas-montage-lines.jpg","datePublished":"2019-05-07T20:23:48+00:00","dateModified":"2019-05-07T20:25:53+00:00","author":{"@id":"https:\/\/fr.motocrossmag.be\/#\/schema\/person\/11b47143d9f755babca2c9110e03235c"},"breadcrumb":{"@id":"https:\/\/fr.motocrossmag.be\/index.php\/2019\/05\/situation-compliquee-chez-gasgas\/#breadcrumb"},"inLanguage":"fr-FR","potentialAction":[{"@type":"ReadAction","target":["https:\/\/fr.motocrossmag.be\/index.php\/2019\/05\/situation-compliquee-chez-gasgas\/"]}]},{"@type":"ImageObject","inLanguage":"fr-FR","@id":"https:\/\/fr.motocrossmag.be\/index.php\/2019\/05\/situation-compliquee-chez-gasgas\/#primaryimage","url":"https:\/\/fr.motocrossmag.be\/wp-content\/uploads\/2019\/05\/gasgas-montage-lines.jpg","contentUrl":"https:\/\/fr.motocrossmag.be\/wp-content\/uploads\/2019\/05\/gasgas-montage-lines.jpg","width":1000,"height":562},{"@type":"BreadcrumbList","@id":"https:\/\/fr.motocrossmag.be\/index.php\/2019\/05\/situation-compliquee-chez-gasgas\/#breadcrumb","itemListElement":[{"@type":"ListItem","position":1,"name":"Accueil","item":"https:\/\/fr.motocrossmag.be\/"},{"@type":"ListItem","position":2,"name":"Situation compliqu\u00e9e chez GasGas"}]},{"@type":"WebSite","@id":"https:\/\/fr.motocrossmag.be\/#website","url":"https:\/\/fr.motocrossmag.be\/","name":"Motocross - Enduro - Supermoto | MotocrossMag","description":"L&#039;actualit\u00e9 du motocross, de l&#039;enduro et du Supermoto en ligne!","potentialAction":[{"@type":"SearchAction","target":{"@type":"EntryPoint","urlTemplate":"https:\/\/fr.motocrossmag.be\/?s={search_term_string}"},"query-input":{"@type":"PropertyValueSpecification","valueRequired":true,"valueName":"search_term_string"}}],"inLanguage":"fr-FR"},{"@type":"Person","@id":"https:\/\/fr.motocrossmag.be\/#\/schema\/person\/11b47143d9f755babca2c9110e03235c","name":"oliviere","image":{"@type":"ImageObject","inLanguage":"fr-FR","@id":"https:\/\/secure.gravatar.com\/avatar\/907069e0b81d119452040469e4a7501da1100f54f7f80180ce77bfab718288f6?s=96&d=mm&r=g","url":"https:\/\/secure.gravatar.com\/avatar\/907069e0b81d119452040469e4a7501da1100f54f7f80180ce77bfab718288f6?s=96&d=mm&r=g","contentUrl":"https:\/\/secure.gravatar.com\/avatar\/907069e0b81d119452040469e4a7501da1100f54f7f80180ce77bfab718288f6?s=96&d=mm&r=g","caption":"oliviere"},"sameAs":["http:\/\/www.motocrossmag.be"],"url":"https:\/\/fr.motocrossmag.be\/index.php\/author\/oliviere\/"}]}},"_links":{"self":[{"href":"https:\/\/fr.motocrossmag.be\/index.php\/wp-json\/wp\/v2\/posts\/87851","targetHints":{"allow":["GET"]}}],"collection":[{"href":"https:\/\/fr.motocrossmag.be\/index.php\/wp-json\/wp\/v2\/posts"}],"about":[{"href":"https:\/\/fr.motocrossmag.be\/index.php\/wp-json\/wp\/v2\/types\/post"}],"author":[{"embeddable":true,"href":"https:\/\/fr.motocrossmag.be\/index.php\/wp-json\/wp\/v2\/users\/932"}],"replies":[{"embeddable":true,"href":"https:\/\/fr.motocrossmag.be\/index.php\/wp-json\/wp\/v2\/comments?post=87851"}],"version-history":[{"count":1,"href":"https:\/\/fr.motocrossmag.be\/index.php\/wp-json\/wp\/v2\/posts\/87851\/revisions"}],"predecessor-version":[{"id":87853,"href":"https:\/\/fr.motocrossmag.be\/index.php\/wp-json\/wp\/v2\/posts\/87851\/revisions\/87853"}],"wp:featuredmedia":[{"embeddable":true,"href":"https:\/\/fr.motocrossmag.be\/index.php\/wp-json\/wp\/v2\/media\/87852"}],"wp:attachment":[{"href":"https:\/\/fr.motocrossmag.be\/index.php\/wp-json\/wp\/v2\/media?parent=87851"}],"wp:term":[{"taxonomy":"category","embeddable":true,"href":"https:\/\/fr.motocrossmag.be\/index.php\/wp-json\/wp\/v2\/categories?post=87851"},{"taxonomy":"post_tag","embeddable":true,"href":"https:\/\/fr.motocrossmag.be\/index.php\/wp-json\/wp\/v2\/tags?post=87851"}],"curies":[{"name":"wp","href":"https:\/\/api.w.org\/{rel}","templated":true}]}}