{"id":88317,"date":"2019-05-14T10:33:46","date_gmt":"2019-05-14T08:33:46","guid":{"rendered":"https:\/\/fr.motocrossmag.be\/?p=88317"},"modified":"2019-05-14T11:46:11","modified_gmt":"2019-05-14T09:46:11","slug":"cedric-cremer-simpose-a-epernay","status":"publish","type":"post","link":"https:\/\/fr.motocrossmag.be\/index.php\/2019\/05\/cedric-cremer-simpose-a-epernay\/","title":{"rendered":"C\u00e9dric Cremer s&rsquo;impose \u00e0 \u00c9pernay"},"content":{"rendered":"<p><strong>Le 15\u00e8me enduro d&rsquo;\u00c9pernay, en France, constituait \u00e9galement la 4\u00e8me \u00e9tape de notre championnat national d&rsquo;enduro. L&rsquo;occasion pour les pilotes belges de d\u00e9couvrir une tr\u00e8s belle \u00e9preuve dont le parcours emmenait les concurrents \u00e0 travers les vignes champenoises et diff\u00e9rentes zones calcaires. Un parcours vari\u00e9 et s\u00e9lectif dont C\u00e9dric Cremer sort grand vainqueur. <\/strong><\/p>\n<p>En l&rsquo;absence d&rsquo;Antoine Magain et de Matthew Vanoevelen, retenus par la manche espagnole du mondial EnduroGP, le pilote Yamaha Zone Rouge devance de pr\u00e8s de 2 minutes 30&prime; Mathias Van Hoof. Ce dernier remporte la cat\u00e9gorie Inter devant Jeremy Herinne et Maxime Warenghien. Chez les Prestige, c&rsquo;est Dimitri Vanhoenacker qui prend la 2\u00e8me place.<\/p>\n<p>&nbsp;<\/p>\n<p><span style=\"color: #800000;\"><strong>R\u00e9sultats<\/strong><\/span><\/p>\n<table width=\"100%\">\n<tbody>\n<tr>\n<td width=\"34\">1<\/td>\n<td width=\"94\">Prestige<\/td>\n<td width=\"136\">CREMER<\/td>\n<td width=\"87\">Cedric<\/td>\n<td width=\"100\">YAMAHA<\/td>\n<td width=\"67\">\u00a0\u00a0 41 20,85<\/td>\n<\/tr>\n<tr>\n<td>2<\/td>\n<td>Prestige<\/td>\n<td>VANHOENACKER<\/td>\n<td>Dimitri<\/td>\n<td>SHERCO<\/td>\n<td>\u00a0\u00a0 44 02,97<\/td>\n<\/tr>\n<tr>\n<td><\/td>\n<td><\/td>\n<td><\/td>\n<td><\/td>\n<td><\/td>\n<td><\/td>\n<\/tr>\n<tr>\n<td>1<\/td>\n<td>Inter<\/td>\n<td>VAN HOOF<\/td>\n<td>Mathias<\/td>\n<td>BETA<\/td>\n<td>\u00a0\u00a0 43 40,25<\/td>\n<\/tr>\n<tr>\n<td>2<\/td>\n<td>Inter<\/td>\n<td>HERINNE<\/td>\n<td>Jeremy<\/td>\n<td>YAMAHA<\/td>\n<td>\u00a0\u00a0 44 10,68<\/td>\n<\/tr>\n<tr>\n<td>3<\/td>\n<td>Inter<\/td>\n<td>WARENGHIEN<\/td>\n<td>Maxime<\/td>\n<td>HONDA<\/td>\n<td>\u00a0\u00a0 44 14,78<\/td>\n<\/tr>\n<tr>\n<td>4<\/td>\n<td>Inter<\/td>\n<td>WAUTHIER<\/td>\n<td>Damien<\/td>\n<td>BETA<\/td>\n<td>\u00a0\u00a0 44 35,01<\/td>\n<\/tr>\n<tr>\n<td>5<\/td>\n<td>Inter<\/td>\n<td>GEURTS<\/td>\n<td>Roel<\/td>\n<td>KTM<\/td>\n<td>\u00a0\u00a0 45 15,47<\/td>\n<\/tr>\n<tr>\n<td>6<\/td>\n<td>Inter<\/td>\n<td>MONFORT<\/td>\n<td>Quentin<\/td>\n<td>HUSQVARNA<\/td>\n<td>\u00a0\u00a0 46 11,69<\/td>\n<\/tr>\n<tr>\n<td>7<\/td>\n<td>Inter<\/td>\n<td>LELOUP<\/td>\n<td>Andrew<\/td>\n<td>HUSQVARNA<\/td>\n<td>\u00a0\u00a0 46 42,34<\/td>\n<\/tr>\n<tr>\n<td>8<\/td>\n<td>Inter<\/td>\n<td>DE PRAETERE<\/td>\n<td>Bertrand<\/td>\n<td>HUSQVARNA<\/td>\n<td>\u00a0\u00a0 46 54,69<\/td>\n<\/tr>\n<tr>\n<td>9<\/td>\n<td>Inter<\/td>\n<td>BRAL<\/td>\n<td>Ludovic<\/td>\n<td>TM<\/td>\n<td>\u00a0\u00a0 47 11,69<\/td>\n<\/tr>\n<tr>\n<td>10<\/td>\n<td>Inter<\/td>\n<td>BAILLEUX<\/td>\n<td>Bertrand<\/td>\n<td>HUSQVARNA<\/td>\n<td>\u00a0\u00a0 47 38,07<\/td>\n<\/tr>\n<tr>\n<td>11<\/td>\n<td>Inter<\/td>\n<td>DEPREZ<\/td>\n<td>Christophe<\/td>\n<td>KTM<\/td>\n<td>\u00a0\u00a0 47 42,57<\/td>\n<\/tr>\n<tr>\n<td>12<\/td>\n<td>Inter<\/td>\n<td>DE SCHAEPMEESTER<\/td>\n<td>Jarne<\/td>\n<td>KTM<\/td>\n<td>\u00a0\u00a0 48 12,81<\/td>\n<\/tr>\n<tr>\n<td>13<\/td>\n<td>Inter<\/td>\n<td>BEGON<\/td>\n<td>Loic<\/td>\n<td>YAMAHA<\/td>\n<td>\u00a0\u00a0 48 35,94<\/td>\n<\/tr>\n<tr>\n<td>14<\/td>\n<td>Inter<\/td>\n<td>SMAL<\/td>\n<td>Thomas<\/td>\n<td>SHERCO<\/td>\n<td>\u00a0\u00a0 48 42,52<\/td>\n<\/tr>\n<tr>\n<td>15<\/td>\n<td>Inter<\/td>\n<td>FRASELLE<\/td>\n<td>J\u00e9r\u00e9mie<\/td>\n<td>KTM<\/td>\n<td>\u00a0\u00a0 48 44,92<\/td>\n<\/tr>\n<tr>\n<td>16<\/td>\n<td>Inter<\/td>\n<td>JADOUILLE<\/td>\n<td>Sebastien<\/td>\n<td>HUSQVARNA<\/td>\n<td>\u00a0\u00a0 49 10,49<\/td>\n<\/tr>\n<tr>\n<td><\/td>\n<td><\/td>\n<td><\/td>\n<td><\/td>\n<td><\/td>\n<td><\/td>\n<\/tr>\n<tr>\n<td>1<\/td>\n<td>Espoir<\/td>\n<td>TOURNEUR<\/td>\n<td>Dorian<\/td>\n<td>KTM<\/td>\n<td>\u00a0\u00a0 46 56,76<\/td>\n<\/tr>\n<tr>\n<td>2<\/td>\n<td>Espoir<\/td>\n<td>RAIWET<\/td>\n<td>Kevin<\/td>\n<td>KTM<\/td>\n<td>\u00a0\u00a0 48 20,96<\/td>\n<\/tr>\n<tr>\n<td>3<\/td>\n<td>Espoir<\/td>\n<td>VANDERHEYDEN<\/td>\n<td>Mika<\/td>\n<td>HUSQVARNA<\/td>\n<td>\u00a0\u00a0 48 26,86<\/td>\n<\/tr>\n<tr>\n<td>4<\/td>\n<td>Espoir<\/td>\n<td>DERYCKE<\/td>\n<td>Lucas<\/td>\n<td>HUSQVARNA<\/td>\n<td>\u00a0\u00a0 48 41,15<\/td>\n<\/tr>\n<tr>\n<td>5<\/td>\n<td>Espoir<\/td>\n<td>THOMAS<\/td>\n<td>Kevin<\/td>\n<td>HUSQVARNA<\/td>\n<td>\u00a0\u00a0 49 18,06<\/td>\n<\/tr>\n<tr>\n<td>6<\/td>\n<td>Espoir<\/td>\n<td>VANDENBERGHE<\/td>\n<td>Sylvain<\/td>\n<td>HUSQVARNA<\/td>\n<td>\u00a0\u00a0 49 41,84<\/td>\n<\/tr>\n<tr>\n<td>7<\/td>\n<td>Espoir<\/td>\n<td>ROBERT<\/td>\n<td>Mike<\/td>\n<td>HUSQVARNA<\/td>\n<td>\u00a0\u00a0 50 29,76<\/td>\n<\/tr>\n<tr>\n<td>8<\/td>\n<td>Espoir<\/td>\n<td>BAUGNIET<\/td>\n<td>Benjamin<\/td>\n<td>KTM<\/td>\n<td>\u00a0\u00a0 53 14,74<\/td>\n<\/tr>\n<tr>\n<td>9<\/td>\n<td>Espoir<\/td>\n<td>VALENDUC<\/td>\n<td>Martin<\/td>\n<td>HUSQVARNA<\/td>\n<td>\u00a0\u00a0 54 01,69<\/td>\n<\/tr>\n<tr>\n<td><\/td>\n<td><\/td>\n<td><\/td>\n<td><\/td>\n<td><\/td>\n<td><\/td>\n<\/tr>\n<tr>\n<td>1<\/td>\n<td>Nationaux<\/td>\n<td>MARYNS<\/td>\n<td>Samuel<\/td>\n<td>KTM<\/td>\n<td>\u00a0\u00a0 45 53,87<\/td>\n<\/tr>\n<tr>\n<td>2<\/td>\n<td>Nationaux<\/td>\n<td>GAUNIAUX<\/td>\n<td>Frederic<\/td>\n<td>SHERCO<\/td>\n<td>\u00a0\u00a0 45 57,43<\/td>\n<\/tr>\n<tr>\n<td>3<\/td>\n<td>Nationaux<\/td>\n<td>FRYNS<\/td>\n<td>Ronny<\/td>\n<td>YAMAHA<\/td>\n<td>\u00a0\u00a0 48 00,37<\/td>\n<\/tr>\n<tr>\n<td>4<\/td>\n<td>Nationaux<\/td>\n<td>ROBERT<\/td>\n<td>Steve<\/td>\n<td>HUSQVARNA<\/td>\n<td>\u00a0\u00a0 48 21,13<\/td>\n<\/tr>\n<tr>\n<td>5<\/td>\n<td>Nationaux<\/td>\n<td>BAUGNIET<\/td>\n<td>Christophe<\/td>\n<td>KTM<\/td>\n<td>\u00a0\u00a0 49 07,38<\/td>\n<\/tr>\n<tr>\n<td>6<\/td>\n<td>Nationaux<\/td>\n<td>VINDEVOGEL<\/td>\n<td>Maxime<\/td>\n<td>KTM<\/td>\n<td>\u00a0\u00a0 49 55,29<\/td>\n<\/tr>\n<tr>\n<td>7<\/td>\n<td>Nationaux<\/td>\n<td>DUMONT<\/td>\n<td>Teddy<\/td>\n<td>BETA<\/td>\n<td>\u00a0\u00a0 50 01,90<\/td>\n<\/tr>\n<tr>\n<td>8<\/td>\n<td>Nationaux<\/td>\n<td>VERDIN<\/td>\n<td>Maxime<\/td>\n<td>HUSQVARNA<\/td>\n<td>\u00a0\u00a0 50 13,94<\/td>\n<\/tr>\n<tr>\n<td>9<\/td>\n<td>Nationaux<\/td>\n<td>DELOOF<\/td>\n<td>Sander<\/td>\n<td>SHERCO<\/td>\n<td>\u00a0\u00a0 51 31,23<\/td>\n<\/tr>\n<tr>\n<td>10<\/td>\n<td>Nationaux<\/td>\n<td>BERTHOLET RALPH<\/td>\n<td>Bertholet<\/td>\n<td>HUSQVARNA<\/td>\n<td>\u00a0\u00a0 52 04,33<\/td>\n<\/tr>\n<tr>\n<td>11<\/td>\n<td>Nationaux<\/td>\n<td>FOHAL<\/td>\n<td>Romain<\/td>\n<td>KTM<\/td>\n<td>\u00a0\u00a0 53 18,18<\/td>\n<\/tr>\n<tr>\n<td><\/td>\n<td><\/td>\n<td><\/td>\n<td><\/td>\n<td><\/td>\n<td><\/td>\n<\/tr>\n<tr>\n<td>1<\/td>\n<td>F\u00e9minines<\/td>\n<td>MARCHAL<\/td>\n<td>Elise<\/td>\n<td>SHERCO<\/td>\n<td>\u00a0\u00a0 38 42,87<\/td>\n<\/tr>\n<tr>\n<td>2<\/td>\n<td>F\u00e9minines<\/td>\n<td>SERLET<\/td>\n<td>Caroline<\/td>\n<td>BETA<\/td>\n<td>01 01 17,04<\/td>\n<\/tr>\n<tr>\n<td><\/td>\n<td><\/td>\n<td><\/td>\n<td><\/td>\n<td><\/td>\n<td><\/td>\n<\/tr>\n<tr>\n<td>1<\/td>\n<td>Junior<\/td>\n<td>BARGIBANT<\/td>\n<td>Christopher<\/td>\n<td>KTM<\/td>\n<td>\u00a0\u00a0 32 15,32<\/td>\n<\/tr>\n<tr>\n<td>2<\/td>\n<td>Junior<\/td>\n<td>BEBRONNE<\/td>\n<td>Jeremy<\/td>\n<td>HUSQVARNA<\/td>\n<td>\u00a0\u00a0 32 24,51<\/td>\n<\/tr>\n<tr>\n<td>3<\/td>\n<td>Junior<\/td>\n<td>HAXHE<\/td>\n<td>Olivier<\/td>\n<td>KTM<\/td>\n<td>\u00a0\u00a0 33 04,41<\/td>\n<\/tr>\n<tr>\n<td>4<\/td>\n<td>Junior<\/td>\n<td>ROMAIN<\/td>\n<td>Bastien<\/td>\n<td>YAMAHA<\/td>\n<td>\u00a0\u00a0 33 12,41<\/td>\n<\/tr>\n<tr>\n<td>5<\/td>\n<td>Junior<\/td>\n<td>ANDREOLLI<\/td>\n<td>Jeremy<\/td>\n<td>SHERCO<\/td>\n<td>\u00a0\u00a0 33 27,54<\/td>\n<\/tr>\n<tr>\n<td>6<\/td>\n<td>Junior<\/td>\n<td>SMOLDEREN<\/td>\n<td>Glenn<\/td>\n<td>HUSQVARNA<\/td>\n<td>\u00a0\u00a0 33 28,91<\/td>\n<\/tr>\n<tr>\n<td>7<\/td>\n<td>Junior<\/td>\n<td>BARGIBANT<\/td>\n<td>Donovan<\/td>\n<td>KTM<\/td>\n<td>\u00a0\u00a0 33 38,46<\/td>\n<\/tr>\n<tr>\n<td>8<\/td>\n<td>Junior<\/td>\n<td>NICOLAS BRONSART<\/td>\n<td>Nicolas<\/td>\n<td>SHERCO<\/td>\n<td>\u00a0\u00a0 34 11,84<\/td>\n<\/tr>\n<tr>\n<td>9<\/td>\n<td>Junior<\/td>\n<td>VANDENHOUDT<\/td>\n<td>Arnaud<\/td>\n<td>SHERCO<\/td>\n<td>\u00a0\u00a0 34 24,40<\/td>\n<\/tr>\n<tr>\n<td>10<\/td>\n<td>Junior<\/td>\n<td>FORGIARINI<\/td>\n<td>Dgani<\/td>\n<td>HUSQVARNA<\/td>\n<td>\u00a0\u00a0 34 33,97<\/td>\n<\/tr>\n<tr>\n<td>11<\/td>\n<td>Junior<\/td>\n<td>VERVONDEL<\/td>\n<td>Thomas<\/td>\n<td>KTM<\/td>\n<td>\u00a0\u00a0 34 34,76<\/td>\n<\/tr>\n<tr>\n<td>12<\/td>\n<td>Junior<\/td>\n<td>REMY<\/td>\n<td>Jean-charles<\/td>\n<td>KTM<\/td>\n<td>\u00a0\u00a0 35 34,06<\/td>\n<\/tr>\n<tr>\n<td>13<\/td>\n<td>Junior<\/td>\n<td>TARGNION<\/td>\n<td>Quentin<\/td>\n<td>KTM<\/td>\n<td>\u00a0\u00a0 36 12,51<\/td>\n<\/tr>\n<tr>\n<td>14<\/td>\n<td>Junior<\/td>\n<td>RYNEDYCK<\/td>\n<td>Mathieu<\/td>\n<td>SHERCO<\/td>\n<td>\u00a0\u00a0 36 16,24<\/td>\n<\/tr>\n<tr>\n<td>15<\/td>\n<td>Junior<\/td>\n<td>VANCRANENBROECK<\/td>\n<td>Lawrence<\/td>\n<td>KTM<\/td>\n<td>\u00a0\u00a0 37 02,56<\/td>\n<\/tr>\n<tr>\n<td>16<\/td>\n<td>Junior<\/td>\n<td>BENOIT ROLAND<\/td>\n<td>Benoit<\/td>\n<td>HUSQVARNA<\/td>\n<td>\u00a0\u00a0 37 15,91<\/td>\n<\/tr>\n<tr>\n<td>17<\/td>\n<td>Junior<\/td>\n<td>VINKEN<\/td>\n<td>Quentin<\/td>\n<td>KTM<\/td>\n<td>\u00a0\u00a0 37 37,77<\/td>\n<\/tr>\n<tr>\n<td>18<\/td>\n<td>Junior<\/td>\n<td>THYS<\/td>\n<td>Guillaume<\/td>\n<td>HUSQVARNA<\/td>\n<td>\u00a0\u00a0 46 10,71<\/td>\n<\/tr>\n<tr>\n<td>19<\/td>\n<td>Junior<\/td>\n<td>PAPART<\/td>\n<td>Julien<\/td>\n<td>HUSQVARNA<\/td>\n<td>\u00a0\u00a0 49 57,57<\/td>\n<\/tr>\n<tr>\n<td><\/td>\n<td><\/td>\n<td><\/td>\n<td><\/td>\n<td><\/td>\n<td><\/td>\n<\/tr>\n<tr>\n<td>1<\/td>\n<td>Gentlemen<\/td>\n<td>VUKCEVIC<\/td>\n<td>Michael<\/td>\n<td>SHERCO<\/td>\n<td>\u00a0\u00a0 29 15,76<\/td>\n<\/tr>\n<tr>\n<td>2<\/td>\n<td>Gentlemen<\/td>\n<td>DESPONTIN<\/td>\n<td>Mikael<\/td>\n<td>KTM<\/td>\n<td>\u00a0\u00a0 30 12,21<\/td>\n<\/tr>\n<tr>\n<td>3<\/td>\n<td>Gentlemen<\/td>\n<td>EVELETTE<\/td>\n<td>Willy<\/td>\n<td>KTM<\/td>\n<td>\u00a0\u00a0 32 32,22<\/td>\n<\/tr>\n<tr>\n<td>4<\/td>\n<td>Gentlemen<\/td>\n<td>DUTERME<\/td>\n<td>Pascal<\/td>\n<td>KTM<\/td>\n<td>\u00a0\u00a0 32 49,27<\/td>\n<\/tr>\n<tr>\n<td>5<\/td>\n<td>Gentlemen<\/td>\n<td>VANMARCKE<\/td>\n<td>Olivier<\/td>\n<td>KTM<\/td>\n<td>\u00a0\u00a0 33 02,48<\/td>\n<\/tr>\n<tr>\n<td>6<\/td>\n<td>Gentlemen<\/td>\n<td>NOBELS<\/td>\n<td>Nicolas<\/td>\n<td>KTM<\/td>\n<td>\u00a0\u00a0 33 11,47<\/td>\n<\/tr>\n<tr>\n<td>7<\/td>\n<td>Gentlemen<\/td>\n<td>DANSE<\/td>\n<td>Ludovic<\/td>\n<td>SHERCO<\/td>\n<td>\u00a0\u00a0 33 26,84<\/td>\n<\/tr>\n<tr>\n<td>8<\/td>\n<td>Gentlemen<\/td>\n<td>TONOLLI<\/td>\n<td>S\u00e9bastien<\/td>\n<td>SHERCO<\/td>\n<td>\u00a0\u00a0 34 33,05<\/td>\n<\/tr>\n<tr>\n<td>9<\/td>\n<td>Gentlemen<\/td>\n<td>SLACHMUYLDERS<\/td>\n<td>Jean-francois<\/td>\n<td>KTM<\/td>\n<td>\u00a0\u00a0 34 36,46<\/td>\n<\/tr>\n<tr>\n<td>10<\/td>\n<td>Gentlemen<\/td>\n<td>VERMEULEN<\/td>\n<td>Jasper<\/td>\n<td>KTM<\/td>\n<td>\u00a0\u00a0 35 49,74<\/td>\n<\/tr>\n<tr>\n<td>11<\/td>\n<td>Gentlemen<\/td>\n<td>VAN DOOREN<\/td>\n<td>Marc<\/td>\n<td>KTM<\/td>\n<td>\u00a0\u00a0 36 02,50<\/td>\n<\/tr>\n<tr>\n<td>12<\/td>\n<td>Gentlemen<\/td>\n<td>CHARALABIDIS<\/td>\n<td>Fabrizio<\/td>\n<td>KTM<\/td>\n<td>\u00a0\u00a0 36 03,90<\/td>\n<\/tr>\n<tr>\n<td>13<\/td>\n<td>Gentlemen<\/td>\n<td>CALCAGNINI<\/td>\n<td>Michael<\/td>\n<td>KTM<\/td>\n<td>\u00a0\u00a0 36 31,16<\/td>\n<\/tr>\n<tr>\n<td>14<\/td>\n<td>Gentlemen<\/td>\n<td>GOFFARD<\/td>\n<td>Andr\u00e9<\/td>\n<td>SHERCO<\/td>\n<td>\u00a0\u00a0 37 19,34<\/td>\n<\/tr>\n<tr>\n<td>15<\/td>\n<td>Gentlemen<\/td>\n<td>BONTE<\/td>\n<td>Stijn<\/td>\n<td>HUSQVARNA<\/td>\n<td>\u00a0\u00a0 39 00,55<\/td>\n<\/tr>\n<tr>\n<td>16<\/td>\n<td>Gentlemen<\/td>\n<td>VANNESTE<\/td>\n<td>Christopher<\/td>\n<td>KTM<\/td>\n<td>\u00a0\u00a0 39 34,83<\/td>\n<\/tr>\n<tr>\n<td>17<\/td>\n<td>Gentlemen<\/td>\n<td>MINNE<\/td>\n<td>C\u00e9dric<\/td>\n<td>HUSQVARNA<\/td>\n<td>\u00a0\u00a0 40 26,73<\/td>\n<\/tr>\n<tr>\n<td>18<\/td>\n<td>Gentlemen<\/td>\n<td>LOUVET<\/td>\n<td>Bruno<\/td>\n<td>YAMAHA<\/td>\n<td>\u00a0\u00a0 40 42,20<\/td>\n<\/tr>\n<tr>\n<td><\/td>\n<td><\/td>\n<td><\/td>\n<td><\/td>\n<td><\/td>\n<td><\/td>\n<\/tr>\n<tr>\n<td>1<\/td>\n<td>\u00a0Expert<\/td>\n<td>DELSUPEXHE<\/td>\n<td>Joel<\/td>\n<td>TM<\/td>\n<td>\u00a0\u00a0 32 23,82<\/td>\n<\/tr>\n<tr>\n<td>2<\/td>\n<td>\u00a0Expert<\/td>\n<td>SCHEPENS<\/td>\n<td>Peter<\/td>\n<td>SHERCO<\/td>\n<td>\u00a0\u00a0 32 54,51<\/td>\n<\/tr>\n<tr>\n<td>3<\/td>\n<td>\u00a0Expert<\/td>\n<td>OLISLAGERS<\/td>\n<td>St\u00e9phane<\/td>\n<td>HUSQVARNA<\/td>\n<td>\u00a0\u00a0 33 29,95<\/td>\n<\/tr>\n<tr>\n<td>4<\/td>\n<td>\u00a0Expert<\/td>\n<td>LEMOINE<\/td>\n<td>Christophe<\/td>\n<td>HUSQVARNA<\/td>\n<td>\u00a0\u00a0 33 30,40<\/td>\n<\/tr>\n<tr>\n<td>5<\/td>\n<td>\u00a0Expert<\/td>\n<td>SCHEEN<\/td>\n<td>Pierre<\/td>\n<td>KTM<\/td>\n<td>\u00a0\u00a0 33 47,61<\/td>\n<\/tr>\n<tr>\n<td>6<\/td>\n<td>\u00a0Expert<\/td>\n<td>MONFORT<\/td>\n<td>Bruno<\/td>\n<td>KTM<\/td>\n<td>\u00a0\u00a0 33 52,52<\/td>\n<\/tr>\n<tr>\n<td>7<\/td>\n<td>\u00a0Expert<\/td>\n<td>SLUSE<\/td>\n<td>Vincent<\/td>\n<td>HUSQVARNA<\/td>\n<td>\u00a0\u00a0 34 03,96<\/td>\n<\/tr>\n<tr>\n<td>8<\/td>\n<td>\u00a0Expert<\/td>\n<td>COUCKE<\/td>\n<td>Bert<\/td>\n<td>BETA<\/td>\n<td>\u00a0\u00a0 34 25,59<\/td>\n<\/tr>\n<tr>\n<td>9<\/td>\n<td>\u00a0Expert<\/td>\n<td>LIGOT<\/td>\n<td>Philippe<\/td>\n<td>KTM<\/td>\n<td>\u00a0\u00a0 35 20,16<\/td>\n<\/tr>\n<tr>\n<td>10<\/td>\n<td>\u00a0Expert<\/td>\n<td>SLUSE<\/td>\n<td>Bernard<\/td>\n<td>HUSQVARNA<\/td>\n<td>\u00a0\u00a0 36 09,24<\/td>\n<\/tr>\n<tr>\n<td>11<\/td>\n<td>\u00a0Expert<\/td>\n<td>PADOU<\/td>\n<td>Frank<\/td>\n<td>KTM<\/td>\n<td>\u00a0\u00a0 36 51,80<\/td>\n<\/tr>\n<tr>\n<td>12<\/td>\n<td>\u00a0Expert<\/td>\n<td>LAMBOIS<\/td>\n<td>Jacky<\/td>\n<td>KTM<\/td>\n<td>\u00a0\u00a0 36 52,90<\/td>\n<\/tr>\n<tr>\n<td>13<\/td>\n<td>\u00a0Expert<\/td>\n<td>ROBERT<\/td>\n<td>Jean &#8211; Michel<\/td>\n<td>KTM<\/td>\n<td>\u00a0\u00a0 37 00,20<\/td>\n<\/tr>\n<tr>\n<td>14<\/td>\n<td>\u00a0Expert<\/td>\n<td>LAHAYE<\/td>\n<td>Michel<\/td>\n<td>SHERCO<\/td>\n<td>\u00a0\u00a0 37 02,95<\/td>\n<\/tr>\n<tr>\n<td>15<\/td>\n<td>\u00a0Expert<\/td>\n<td>MYSLIWSKI<\/td>\n<td>Andr\u00e9<\/td>\n<td>HONDA<\/td>\n<td>\u00a0\u00a0 37 50,50<\/td>\n<\/tr>\n<tr>\n<td>16<\/td>\n<td>\u00a0Expert<\/td>\n<td>ROBERT<\/td>\n<td>Vincent<\/td>\n<td>KTM<\/td>\n<td>\u00a0\u00a0 39 18,67<\/td>\n<\/tr>\n<tr>\n<td>17<\/td>\n<td>\u00a0Expert<\/td>\n<td>DECLERCQ<\/td>\n<td>Eddy<\/td>\n<td>KTM<\/td>\n<td>\u00a0\u00a0 39 29,05<\/td>\n<\/tr>\n<tr>\n<td>18<\/td>\n<td>\u00a0Expert<\/td>\n<td>DE KEERSMAECKER<\/td>\n<td>Bruno<\/td>\n<td>SHERCO<\/td>\n<td>\u00a0\u00a0 39 40,19<\/td>\n<\/tr>\n<tr>\n<td>19<\/td>\n<td>\u00a0Expert<\/td>\n<td>TEMMERMAN<\/td>\n<td>Luc<\/td>\n<td>HUSQVARNA<\/td>\n<td>\u00a0\u00a0 39 50,63<\/td>\n<\/tr>\n<tr>\n<td>20<\/td>\n<td>\u00a0Expert<\/td>\n<td>DESCHEPPER<\/td>\n<td>Eric<\/td>\n<td>KTM<\/td>\n<td>\u00a0\u00a0 40 33,42<\/td>\n<\/tr>\n<tr>\n<td>21<\/td>\n<td>\u00a0Expert<\/td>\n<td>DEFRAEYE<\/td>\n<td>Bernard<\/td>\n<td>KTM<\/td>\n<td>\u00a0\u00a0 40 34,49<\/td>\n<\/tr>\n<tr>\n<td>22<\/td>\n<td>\u00a0Expert<\/td>\n<td>FROMENT<\/td>\n<td>Philippe<\/td>\n<td>KTM<\/td>\n<td>\u00a0\u00a0 41 12,05<\/td>\n<\/tr>\n<tr>\n<td>23<\/td>\n<td>\u00a0Expert<\/td>\n<td>MALFAIT<\/td>\n<td>David<\/td>\n<td>KTM<\/td>\n<td>\u00a0\u00a0 45 01,40<\/td>\n<\/tr>\n<tr>\n<td><\/td>\n<td><\/td>\n<td><\/td>\n<td><\/td>\n<td><\/td>\n<td><\/td>\n<\/tr>\n<tr>\n<td>1<\/td>\n<td>Randonneur<\/td>\n<td>ADAMS<\/td>\n<td>Johan<\/td>\n<td>HUSQVARNA<\/td>\n<td>\u00a0\u00a0 17 04,31<\/td>\n<\/tr>\n<tr>\n<td>2<\/td>\n<td>Randonneur<\/td>\n<td>HENRARD<\/td>\n<td>Philippe<\/td>\n<td>KTM<\/td>\n<td>\u00a0\u00a0 17 15,25<\/td>\n<\/tr>\n<tr>\n<td>3<\/td>\n<td>Randonneur<\/td>\n<td>BROLET<\/td>\n<td>Antoine<\/td>\n<td>KTM<\/td>\n<td>\u00a0\u00a0 17 25,82<\/td>\n<\/tr>\n<tr>\n<td>4<\/td>\n<td>Randonneur<\/td>\n<td>HUYBRECHTS<\/td>\n<td>Ward<\/td>\n<td>KTM<\/td>\n<td>\u00a0\u00a0 17 57,88<\/td>\n<\/tr>\n<tr>\n<td>5<\/td>\n<td>Randonneur<\/td>\n<td>CARELS<\/td>\n<td>Didier<\/td>\n<td>KTM<\/td>\n<td>\u00a0\u00a0 18 15,24<\/td>\n<\/tr>\n<tr>\n<td>6<\/td>\n<td>Randonneur<\/td>\n<td>CAPOEN<\/td>\n<td>Filip<\/td>\n<td>KTM<\/td>\n<td>\u00a0\u00a0 19 10,69<\/td>\n<\/tr>\n<tr>\n<td>7<\/td>\n<td>Randonneur<\/td>\n<td>DELCROIX<\/td>\n<td>Samuel<\/td>\n<td>BETA<\/td>\n<td>\u00a0\u00a0 19 11,16<\/td>\n<\/tr>\n<tr>\n<td>8<\/td>\n<td>Randonneur<\/td>\n<td>HOUTPUT<\/td>\n<td>David<\/td>\n<td>KTM<\/td>\n<td>\u00a0\u00a0 19 46,78<\/td>\n<\/tr>\n<tr>\n<td>9<\/td>\n<td>Randonneur<\/td>\n<td>VAN CLEYNENBREUGEL<\/td>\n<td>Ken<\/td>\n<td>KTM<\/td>\n<td>\u00a0\u00a0 19 52,72<\/td>\n<\/tr>\n<tr>\n<td>10<\/td>\n<td>Randonneur<\/td>\n<td>BECKERS<\/td>\n<td>Marcel<\/td>\n<td>KTM<\/td>\n<td>\u00a0\u00a0 20 02,18<\/td>\n<\/tr>\n<tr>\n<td>11<\/td>\n<td>Randonneur<\/td>\n<td>DE ZUTTER<\/td>\n<td>Pieter<\/td>\n<td>SHERCO<\/td>\n<td>\u00a0\u00a0 20 18,30<\/td>\n<\/tr>\n<tr>\n<td>12<\/td>\n<td>Randonneur<\/td>\n<td>THI\u00e9BAUT<\/td>\n<td>S\u00e9bastien<\/td>\n<td>SHERCO<\/td>\n<td>\u00a0\u00a0 20 31,51<\/td>\n<\/tr>\n<tr>\n<td>13<\/td>\n<td>Randonneur<\/td>\n<td>BROLET<\/td>\n<td>Mathieu<\/td>\n<td>KTM<\/td>\n<td>\u00a0\u00a0 20 38,71<\/td>\n<\/tr>\n<tr>\n<td>14<\/td>\n<td>Randonneur<\/td>\n<td>LAATS<\/td>\n<td>Lionel<\/td>\n<td>BETA<\/td>\n<td>\u00a0\u00a0 20 50,81<\/td>\n<\/tr>\n<tr>\n<td>15<\/td>\n<td>Randonneur<\/td>\n<td>FAVEAUX<\/td>\n<td>Frederic<\/td>\n<td>KTM<\/td>\n<td>\u00a0\u00a0 23 13,08<\/td>\n<\/tr>\n<tr>\n<td>16<\/td>\n<td>Randonneur<\/td>\n<td>RAICKMAN<\/td>\n<td>Fabrice<\/td>\n<td>ACM<\/td>\n<td>\u00a0\u00a0 23 20,49<\/td>\n<\/tr>\n<tr>\n<td>17<\/td>\n<td>Randonneur<\/td>\n<td>YERNAUX<\/td>\n<td>Natanael<\/td>\n<td>GAS GAS<\/td>\n<td>\u00a0\u00a0 23 59,79<\/td>\n<\/tr>\n<tr>\n<td>18<\/td>\n<td>Randonneur<\/td>\n<td>DUBART<\/td>\n<td>John-william<\/td>\n<td>SHERCO<\/td>\n<td>\u00a0\u00a0 24 31,90<\/td>\n<\/tr>\n<tr>\n<td>19<\/td>\n<td>Randonneur<\/td>\n<td>PATERNOTRE<\/td>\n<td>Nicolas<\/td>\n<td>TM<\/td>\n<td>\u00a0\u00a0 25 59,11<\/td>\n<\/tr>\n<\/tbody>\n<\/table>\n<p>&nbsp;<\/p>\n<p>Photo : Fr\u00e9d\u00e9ric David<\/p>\n","protected":false},"excerpt":{"rendered":"<p>Le 15\u00e8me enduro d&rsquo;\u00c9pernay, en France, constituait \u00e9galement la 4\u00e8me \u00e9tape de notre championnat national d&rsquo;enduro. L&rsquo;occasion pour les pilotes belges de d\u00e9couvrir une tr\u00e8s belle \u00e9preuve dont le parcours [&#8230;]<\/p>\n","protected":false},"author":932,"featured_media":85279,"comment_status":"open","ping_status":"closed","sticky":false,"template":"","format":"standard","meta":{"footnotes":""},"categories":[54,55],"tags":[],"class_list":["post-88317","post","type-post","status-publish","format-standard","has-post-thumbnail","hentry","category-actualite","category-news-actualite"],"yoast_head":"<!-- This site is optimized with the Yoast SEO plugin v27.4 - https:\/\/yoast.com\/product\/yoast-seo-wordpress\/ -->\n<title>C\u00e9dric Cremer s&#039;impose \u00e0 \u00c9pernay - Motocross - Enduro - Supermoto | MotocrossMag<\/title>\n<meta name=\"robots\" content=\"index, follow, max-snippet:-1, max-image-preview:large, max-video-preview:-1\" \/>\n<link rel=\"canonical\" href=\"https:\/\/fr.motocrossmag.be\/index.php\/2019\/05\/cedric-cremer-simpose-a-epernay\/\" \/>\n<meta property=\"og:locale\" content=\"fr_FR\" \/>\n<meta property=\"og:type\" content=\"article\" \/>\n<meta property=\"og:title\" content=\"C\u00e9dric Cremer s&#039;impose \u00e0 \u00c9pernay - Motocross - Enduro - Supermoto | MotocrossMag\" \/>\n<meta property=\"og:description\" content=\"Le 15\u00e8me enduro d&rsquo;\u00c9pernay, en France, constituait \u00e9galement la 4\u00e8me \u00e9tape de notre championnat national d&rsquo;enduro. L&rsquo;occasion pour les pilotes belges de d\u00e9couvrir une tr\u00e8s belle \u00e9preuve dont le parcours [...]\" \/>\n<meta property=\"og:url\" content=\"https:\/\/fr.motocrossmag.be\/index.php\/2019\/05\/cedric-cremer-simpose-a-epernay\/\" \/>\n<meta property=\"og:site_name\" content=\"Motocross - Enduro - Supermoto | MotocrossMag\" \/>\n<meta property=\"article:published_time\" content=\"2019-05-14T08:33:46+00:00\" \/>\n<meta property=\"article:modified_time\" content=\"2019-05-14T09:46:11+00:00\" \/>\n<meta property=\"og:image\" content=\"https:\/\/fr.motocrossmag.be\/wp-content\/uploads\/2019\/03\/TeamZR-038.jpg\" \/>\n\t<meta property=\"og:image:width\" content=\"1080\" \/>\n\t<meta property=\"og:image:height\" content=\"720\" \/>\n\t<meta property=\"og:image:type\" content=\"image\/jpeg\" \/>\n<meta name=\"author\" content=\"oliviere\" \/>\n<meta name=\"twitter:card\" content=\"summary_large_image\" \/>\n<meta name=\"twitter:label1\" content=\"\u00c9crit par\" \/>\n\t<meta name=\"twitter:data1\" content=\"oliviere\" \/>\n\t<meta name=\"twitter:label2\" content=\"Dur\u00e9e de lecture estim\u00e9e\" \/>\n\t<meta name=\"twitter:data2\" content=\"3 minutes\" \/>\n<script type=\"application\/ld+json\" class=\"yoast-schema-graph\">{\"@context\":\"https:\\\/\\\/schema.org\",\"@graph\":[{\"@type\":\"Article\",\"@id\":\"https:\\\/\\\/fr.motocrossmag.be\\\/index.php\\\/2019\\\/05\\\/cedric-cremer-simpose-a-epernay\\\/#article\",\"isPartOf\":{\"@id\":\"https:\\\/\\\/fr.motocrossmag.be\\\/index.php\\\/2019\\\/05\\\/cedric-cremer-simpose-a-epernay\\\/\"},\"author\":{\"name\":\"oliviere\",\"@id\":\"https:\\\/\\\/fr.motocrossmag.be\\\/#\\\/schema\\\/person\\\/11b47143d9f755babca2c9110e03235c\"},\"headline\":\"C\u00e9dric Cremer s&rsquo;impose \u00e0 \u00c9pernay\",\"datePublished\":\"2019-05-14T08:33:46+00:00\",\"dateModified\":\"2019-05-14T09:46:11+00:00\",\"mainEntityOfPage\":{\"@id\":\"https:\\\/\\\/fr.motocrossmag.be\\\/index.php\\\/2019\\\/05\\\/cedric-cremer-simpose-a-epernay\\\/\"},\"wordCount\":630,\"commentCount\":0,\"image\":{\"@id\":\"https:\\\/\\\/fr.motocrossmag.be\\\/index.php\\\/2019\\\/05\\\/cedric-cremer-simpose-a-epernay\\\/#primaryimage\"},\"thumbnailUrl\":\"https:\\\/\\\/fr.motocrossmag.be\\\/wp-content\\\/uploads\\\/2019\\\/03\\\/TeamZR-038.jpg\",\"articleSection\":[\"Actualit\u00e9\",\"News\"],\"inLanguage\":\"fr-FR\",\"potentialAction\":[{\"@type\":\"CommentAction\",\"name\":\"Comment\",\"target\":[\"https:\\\/\\\/fr.motocrossmag.be\\\/index.php\\\/2019\\\/05\\\/cedric-cremer-simpose-a-epernay\\\/#respond\"]}]},{\"@type\":\"WebPage\",\"@id\":\"https:\\\/\\\/fr.motocrossmag.be\\\/index.php\\\/2019\\\/05\\\/cedric-cremer-simpose-a-epernay\\\/\",\"url\":\"https:\\\/\\\/fr.motocrossmag.be\\\/index.php\\\/2019\\\/05\\\/cedric-cremer-simpose-a-epernay\\\/\",\"name\":\"C\u00e9dric Cremer s'impose \u00e0 \u00c9pernay - Motocross - Enduro - Supermoto | MotocrossMag\",\"isPartOf\":{\"@id\":\"https:\\\/\\\/fr.motocrossmag.be\\\/#website\"},\"primaryImageOfPage\":{\"@id\":\"https:\\\/\\\/fr.motocrossmag.be\\\/index.php\\\/2019\\\/05\\\/cedric-cremer-simpose-a-epernay\\\/#primaryimage\"},\"image\":{\"@id\":\"https:\\\/\\\/fr.motocrossmag.be\\\/index.php\\\/2019\\\/05\\\/cedric-cremer-simpose-a-epernay\\\/#primaryimage\"},\"thumbnailUrl\":\"https:\\\/\\\/fr.motocrossmag.be\\\/wp-content\\\/uploads\\\/2019\\\/03\\\/TeamZR-038.jpg\",\"datePublished\":\"2019-05-14T08:33:46+00:00\",\"dateModified\":\"2019-05-14T09:46:11+00:00\",\"author\":{\"@id\":\"https:\\\/\\\/fr.motocrossmag.be\\\/#\\\/schema\\\/person\\\/11b47143d9f755babca2c9110e03235c\"},\"breadcrumb\":{\"@id\":\"https:\\\/\\\/fr.motocrossmag.be\\\/index.php\\\/2019\\\/05\\\/cedric-cremer-simpose-a-epernay\\\/#breadcrumb\"},\"inLanguage\":\"fr-FR\",\"potentialAction\":[{\"@type\":\"ReadAction\",\"target\":[\"https:\\\/\\\/fr.motocrossmag.be\\\/index.php\\\/2019\\\/05\\\/cedric-cremer-simpose-a-epernay\\\/\"]}]},{\"@type\":\"ImageObject\",\"inLanguage\":\"fr-FR\",\"@id\":\"https:\\\/\\\/fr.motocrossmag.be\\\/index.php\\\/2019\\\/05\\\/cedric-cremer-simpose-a-epernay\\\/#primaryimage\",\"url\":\"https:\\\/\\\/fr.motocrossmag.be\\\/wp-content\\\/uploads\\\/2019\\\/03\\\/TeamZR-038.jpg\",\"contentUrl\":\"https:\\\/\\\/fr.motocrossmag.be\\\/wp-content\\\/uploads\\\/2019\\\/03\\\/TeamZR-038.jpg\",\"width\":1080,\"height\":720},{\"@type\":\"BreadcrumbList\",\"@id\":\"https:\\\/\\\/fr.motocrossmag.be\\\/index.php\\\/2019\\\/05\\\/cedric-cremer-simpose-a-epernay\\\/#breadcrumb\",\"itemListElement\":[{\"@type\":\"ListItem\",\"position\":1,\"name\":\"Accueil\",\"item\":\"https:\\\/\\\/fr.motocrossmag.be\\\/\"},{\"@type\":\"ListItem\",\"position\":2,\"name\":\"C\u00e9dric Cremer s&rsquo;impose \u00e0 \u00c9pernay\"}]},{\"@type\":\"WebSite\",\"@id\":\"https:\\\/\\\/fr.motocrossmag.be\\\/#website\",\"url\":\"https:\\\/\\\/fr.motocrossmag.be\\\/\",\"name\":\"Motocross - Enduro - Supermoto | MotocrossMag\",\"description\":\"L&#039;actualit\u00e9 du motocross, de l&#039;enduro et du Supermoto en ligne!\",\"potentialAction\":[{\"@type\":\"SearchAction\",\"target\":{\"@type\":\"EntryPoint\",\"urlTemplate\":\"https:\\\/\\\/fr.motocrossmag.be\\\/?s={search_term_string}\"},\"query-input\":{\"@type\":\"PropertyValueSpecification\",\"valueRequired\":true,\"valueName\":\"search_term_string\"}}],\"inLanguage\":\"fr-FR\"},{\"@type\":\"Person\",\"@id\":\"https:\\\/\\\/fr.motocrossmag.be\\\/#\\\/schema\\\/person\\\/11b47143d9f755babca2c9110e03235c\",\"name\":\"oliviere\",\"image\":{\"@type\":\"ImageObject\",\"inLanguage\":\"fr-FR\",\"@id\":\"https:\\\/\\\/secure.gravatar.com\\\/avatar\\\/907069e0b81d119452040469e4a7501da1100f54f7f80180ce77bfab718288f6?s=96&d=mm&r=g\",\"url\":\"https:\\\/\\\/secure.gravatar.com\\\/avatar\\\/907069e0b81d119452040469e4a7501da1100f54f7f80180ce77bfab718288f6?s=96&d=mm&r=g\",\"contentUrl\":\"https:\\\/\\\/secure.gravatar.com\\\/avatar\\\/907069e0b81d119452040469e4a7501da1100f54f7f80180ce77bfab718288f6?s=96&d=mm&r=g\",\"caption\":\"oliviere\"},\"sameAs\":[\"http:\\\/\\\/www.motocrossmag.be\"],\"url\":\"https:\\\/\\\/fr.motocrossmag.be\\\/index.php\\\/author\\\/oliviere\\\/\"}]}<\/script>\n<!-- \/ Yoast SEO plugin. -->","yoast_head_json":{"title":"C\u00e9dric Cremer s'impose \u00e0 \u00c9pernay - Motocross - Enduro - Supermoto | MotocrossMag","robots":{"index":"index","follow":"follow","max-snippet":"max-snippet:-1","max-image-preview":"max-image-preview:large","max-video-preview":"max-video-preview:-1"},"canonical":"https:\/\/fr.motocrossmag.be\/index.php\/2019\/05\/cedric-cremer-simpose-a-epernay\/","og_locale":"fr_FR","og_type":"article","og_title":"C\u00e9dric Cremer s'impose \u00e0 \u00c9pernay - Motocross - Enduro - Supermoto | MotocrossMag","og_description":"Le 15\u00e8me enduro d&rsquo;\u00c9pernay, en France, constituait \u00e9galement la 4\u00e8me \u00e9tape de notre championnat national d&rsquo;enduro. L&rsquo;occasion pour les pilotes belges de d\u00e9couvrir une tr\u00e8s belle \u00e9preuve dont le parcours [...]","og_url":"https:\/\/fr.motocrossmag.be\/index.php\/2019\/05\/cedric-cremer-simpose-a-epernay\/","og_site_name":"Motocross - Enduro - Supermoto | MotocrossMag","article_published_time":"2019-05-14T08:33:46+00:00","article_modified_time":"2019-05-14T09:46:11+00:00","og_image":[{"width":1080,"height":720,"url":"https:\/\/fr.motocrossmag.be\/wp-content\/uploads\/2019\/03\/TeamZR-038.jpg","type":"image\/jpeg"}],"author":"oliviere","twitter_card":"summary_large_image","twitter_misc":{"\u00c9crit par":"oliviere","Dur\u00e9e de lecture estim\u00e9e":"3 minutes"},"schema":{"@context":"https:\/\/schema.org","@graph":[{"@type":"Article","@id":"https:\/\/fr.motocrossmag.be\/index.php\/2019\/05\/cedric-cremer-simpose-a-epernay\/#article","isPartOf":{"@id":"https:\/\/fr.motocrossmag.be\/index.php\/2019\/05\/cedric-cremer-simpose-a-epernay\/"},"author":{"name":"oliviere","@id":"https:\/\/fr.motocrossmag.be\/#\/schema\/person\/11b47143d9f755babca2c9110e03235c"},"headline":"C\u00e9dric Cremer s&rsquo;impose \u00e0 \u00c9pernay","datePublished":"2019-05-14T08:33:46+00:00","dateModified":"2019-05-14T09:46:11+00:00","mainEntityOfPage":{"@id":"https:\/\/fr.motocrossmag.be\/index.php\/2019\/05\/cedric-cremer-simpose-a-epernay\/"},"wordCount":630,"commentCount":0,"image":{"@id":"https:\/\/fr.motocrossmag.be\/index.php\/2019\/05\/cedric-cremer-simpose-a-epernay\/#primaryimage"},"thumbnailUrl":"https:\/\/fr.motocrossmag.be\/wp-content\/uploads\/2019\/03\/TeamZR-038.jpg","articleSection":["Actualit\u00e9","News"],"inLanguage":"fr-FR","potentialAction":[{"@type":"CommentAction","name":"Comment","target":["https:\/\/fr.motocrossmag.be\/index.php\/2019\/05\/cedric-cremer-simpose-a-epernay\/#respond"]}]},{"@type":"WebPage","@id":"https:\/\/fr.motocrossmag.be\/index.php\/2019\/05\/cedric-cremer-simpose-a-epernay\/","url":"https:\/\/fr.motocrossmag.be\/index.php\/2019\/05\/cedric-cremer-simpose-a-epernay\/","name":"C\u00e9dric Cremer s'impose \u00e0 \u00c9pernay - Motocross - Enduro - Supermoto | MotocrossMag","isPartOf":{"@id":"https:\/\/fr.motocrossmag.be\/#website"},"primaryImageOfPage":{"@id":"https:\/\/fr.motocrossmag.be\/index.php\/2019\/05\/cedric-cremer-simpose-a-epernay\/#primaryimage"},"image":{"@id":"https:\/\/fr.motocrossmag.be\/index.php\/2019\/05\/cedric-cremer-simpose-a-epernay\/#primaryimage"},"thumbnailUrl":"https:\/\/fr.motocrossmag.be\/wp-content\/uploads\/2019\/03\/TeamZR-038.jpg","datePublished":"2019-05-14T08:33:46+00:00","dateModified":"2019-05-14T09:46:11+00:00","author":{"@id":"https:\/\/fr.motocrossmag.be\/#\/schema\/person\/11b47143d9f755babca2c9110e03235c"},"breadcrumb":{"@id":"https:\/\/fr.motocrossmag.be\/index.php\/2019\/05\/cedric-cremer-simpose-a-epernay\/#breadcrumb"},"inLanguage":"fr-FR","potentialAction":[{"@type":"ReadAction","target":["https:\/\/fr.motocrossmag.be\/index.php\/2019\/05\/cedric-cremer-simpose-a-epernay\/"]}]},{"@type":"ImageObject","inLanguage":"fr-FR","@id":"https:\/\/fr.motocrossmag.be\/index.php\/2019\/05\/cedric-cremer-simpose-a-epernay\/#primaryimage","url":"https:\/\/fr.motocrossmag.be\/wp-content\/uploads\/2019\/03\/TeamZR-038.jpg","contentUrl":"https:\/\/fr.motocrossmag.be\/wp-content\/uploads\/2019\/03\/TeamZR-038.jpg","width":1080,"height":720},{"@type":"BreadcrumbList","@id":"https:\/\/fr.motocrossmag.be\/index.php\/2019\/05\/cedric-cremer-simpose-a-epernay\/#breadcrumb","itemListElement":[{"@type":"ListItem","position":1,"name":"Accueil","item":"https:\/\/fr.motocrossmag.be\/"},{"@type":"ListItem","position":2,"name":"C\u00e9dric Cremer s&rsquo;impose \u00e0 \u00c9pernay"}]},{"@type":"WebSite","@id":"https:\/\/fr.motocrossmag.be\/#website","url":"https:\/\/fr.motocrossmag.be\/","name":"Motocross - Enduro - Supermoto | MotocrossMag","description":"L&#039;actualit\u00e9 du motocross, de l&#039;enduro et du Supermoto en ligne!","potentialAction":[{"@type":"SearchAction","target":{"@type":"EntryPoint","urlTemplate":"https:\/\/fr.motocrossmag.be\/?s={search_term_string}"},"query-input":{"@type":"PropertyValueSpecification","valueRequired":true,"valueName":"search_term_string"}}],"inLanguage":"fr-FR"},{"@type":"Person","@id":"https:\/\/fr.motocrossmag.be\/#\/schema\/person\/11b47143d9f755babca2c9110e03235c","name":"oliviere","image":{"@type":"ImageObject","inLanguage":"fr-FR","@id":"https:\/\/secure.gravatar.com\/avatar\/907069e0b81d119452040469e4a7501da1100f54f7f80180ce77bfab718288f6?s=96&d=mm&r=g","url":"https:\/\/secure.gravatar.com\/avatar\/907069e0b81d119452040469e4a7501da1100f54f7f80180ce77bfab718288f6?s=96&d=mm&r=g","contentUrl":"https:\/\/secure.gravatar.com\/avatar\/907069e0b81d119452040469e4a7501da1100f54f7f80180ce77bfab718288f6?s=96&d=mm&r=g","caption":"oliviere"},"sameAs":["http:\/\/www.motocrossmag.be"],"url":"https:\/\/fr.motocrossmag.be\/index.php\/author\/oliviere\/"}]}},"_links":{"self":[{"href":"https:\/\/fr.motocrossmag.be\/index.php\/wp-json\/wp\/v2\/posts\/88317","targetHints":{"allow":["GET"]}}],"collection":[{"href":"https:\/\/fr.motocrossmag.be\/index.php\/wp-json\/wp\/v2\/posts"}],"about":[{"href":"https:\/\/fr.motocrossmag.be\/index.php\/wp-json\/wp\/v2\/types\/post"}],"author":[{"embeddable":true,"href":"https:\/\/fr.motocrossmag.be\/index.php\/wp-json\/wp\/v2\/users\/932"}],"replies":[{"embeddable":true,"href":"https:\/\/fr.motocrossmag.be\/index.php\/wp-json\/wp\/v2\/comments?post=88317"}],"version-history":[{"count":0,"href":"https:\/\/fr.motocrossmag.be\/index.php\/wp-json\/wp\/v2\/posts\/88317\/revisions"}],"wp:featuredmedia":[{"embeddable":true,"href":"https:\/\/fr.motocrossmag.be\/index.php\/wp-json\/wp\/v2\/media\/85279"}],"wp:attachment":[{"href":"https:\/\/fr.motocrossmag.be\/index.php\/wp-json\/wp\/v2\/media?parent=88317"}],"wp:term":[{"taxonomy":"category","embeddable":true,"href":"https:\/\/fr.motocrossmag.be\/index.php\/wp-json\/wp\/v2\/categories?post=88317"},{"taxonomy":"post_tag","embeddable":true,"href":"https:\/\/fr.motocrossmag.be\/index.php\/wp-json\/wp\/v2\/tags?post=88317"}],"curies":[{"name":"wp","href":"https:\/\/api.w.org\/{rel}","templated":true}]}}