{"id":88321,"date":"2019-05-15T11:41:10","date_gmt":"2019-05-15T09:41:10","guid":{"rendered":"https:\/\/fr.motocrossmag.be\/?p=88321"},"modified":"2019-05-15T11:41:10","modified_gmt":"2019-05-15T09:41:10","slug":"endurogp-le-bilan-des-belges-en-espagne","status":"publish","type":"post","link":"https:\/\/fr.motocrossmag.be\/index.php\/2019\/05\/endurogp-le-bilan-des-belges-en-espagne\/","title":{"rendered":"EnduroGP : le bilan des Belges en Espagne"},"content":{"rendered":"<p><strong>Le championnat du monde d&rsquo;enduro \u00e9tait en Espagne le week-end dernier pour ce qui \u00e9tait le 3\u00e8me round de la saison apr\u00e8s l&rsquo;Allemagne et le Portugal. Des sp\u00e9ciales magnifiques et proches du paddock mais des temp\u00e9ratures qui ont d\u00e9pass\u00e9 les 30 degr\u00e9s dimanche qui ont rendu une \u00e9preuve en th\u00e9orie assez \u00ab\u00a0facile\u00a0\u00bb particuli\u00e8rement \u00e9prouvante, d&rsquo;autant plus que les liaisons propos\u00e9es \u00e9taient assez longues.<\/strong><\/p>\n<p>La Super Test du vendredi soir \u00e9tait 100% artificielle et tr\u00e8s glissante du fait de la pluie des jours pr\u00e9c\u00e9dents. Antoine Magain fait 11 au scratch Junior et 7 en J1. Matthew Vanoevelent est dans son \u00e9l\u00e9ment et se classe sixi\u00e8me au scratch Junior et 4 en J1. Jilani Cambr\u00e9 cr\u00e9e quant \u00e0 lui la bonne surprise en Open S4. Malgr\u00e9 une sortie au troisi\u00e8me virage, le pilote Husqvarna fait 6 au Scratch Open et 3 en Open S4. Il aurait pu revendiquer une deuxi\u00e8me place.<\/p>\n<p><img decoding=\"async\" class=\"lazyload alignnone size-medium wp-image-88433\" src=\"https:\/\/fr.motocrossmag.be\/wp-content\/uploads\/2019\/05\/vanoevelen-magain-endurogp-espagne-650x432.jpg\" data-orig-src=\"https:\/\/fr.motocrossmag.be\/wp-content\/uploads\/2019\/05\/vanoevelen-magain-endurogp-espagne-650x432.jpg\" alt=\"\" width=\"650\" height=\"432\" srcset=\"data:image\/svg+xml,%3Csvg%20xmlns%3D%27http%3A%2F%2Fwww.w3.org%2F2000%2Fsvg%27%20width%3D%27650%27%20height%3D%27432%27%20viewBox%3D%270%200%20650%20432%27%3E%3Crect%20width%3D%27650%27%20height%3D%27432%27%20fill-opacity%3D%220%22%2F%3E%3C%2Fsvg%3E\" data-srcset=\"https:\/\/fr.motocrossmag.be\/wp-content\/uploads\/2019\/05\/vanoevelen-magain-endurogp-espagne-650x432.jpg 650w, https:\/\/fr.motocrossmag.be\/wp-content\/uploads\/2019\/05\/vanoevelen-magain-endurogp-espagne-768x510.jpg 768w, https:\/\/fr.motocrossmag.be\/wp-content\/uploads\/2019\/05\/vanoevelen-magain-endurogp-espagne.jpg 900w\" data-sizes=\"auto\" data-orig-sizes=\"(max-width: 650px) 100vw, 650px\" \/><\/p>\n<p>Le samedi, Antoine ne parvient pas \u00e0 se lib\u00e9rer totalement mais fait 5 en J1 et 7 au scratch Junior. Matthew conna\u00eet des soucis avec sa moto mais il ne le d\u00e9couvrira que le lendemain. Il fait 14 au scratch Junior et 7 en Junior 1. Jilani est en super forme. Malgr\u00e9 un r\u00e9sultat d\u00e9cevant dans la premi\u00e8re Enduro Test o\u00f9 il ne se sent pas encore dans le bain, il monte n\u00e9anmoins sur le podium \u00e0 la deuxi\u00e8me place et concurrence des temps comme ceux de David Knight !<\/p>\n<p><img decoding=\"async\" class=\"lazyload alignnone size-medium wp-image-88432\" src=\"https:\/\/fr.motocrossmag.be\/wp-content\/uploads\/2019\/05\/magain-desimone-endurogp-espagne-650x432.jpg\" data-orig-src=\"https:\/\/fr.motocrossmag.be\/wp-content\/uploads\/2019\/05\/magain-desimone-endurogp-espagne-650x432.jpg\" alt=\"\" width=\"650\" height=\"432\" srcset=\"data:image\/svg+xml,%3Csvg%20xmlns%3D%27http%3A%2F%2Fwww.w3.org%2F2000%2Fsvg%27%20width%3D%27650%27%20height%3D%27432%27%20viewBox%3D%270%200%20650%20432%27%3E%3Crect%20width%3D%27650%27%20height%3D%27432%27%20fill-opacity%3D%220%22%2F%3E%3C%2Fsvg%3E\" data-srcset=\"https:\/\/fr.motocrossmag.be\/wp-content\/uploads\/2019\/05\/magain-desimone-endurogp-espagne-650x432.jpg 650w, https:\/\/fr.motocrossmag.be\/wp-content\/uploads\/2019\/05\/magain-desimone-endurogp-espagne-768x510.jpg 768w, https:\/\/fr.motocrossmag.be\/wp-content\/uploads\/2019\/05\/magain-desimone-endurogp-espagne.jpg 1000w\" data-sizes=\"auto\" data-orig-sizes=\"(max-width: 650px) 100vw, 650px\" \/><\/p>\n<p>Le dimanche, Antoine fait 4 en J1 \u00e0 10 secondes du podium. Dans la derni\u00e8re Extr\u00eame Test de la journ\u00e9e, il claque un deuxi\u00e8me temps. Enfin! Voil\u00e0 Antoine lib\u00e9r\u00e9 et c\u2019est comme \u00e7a qu\u2019on voudrait voir tout le temps. Il cherche avant tout \u00e0 ne pas faire de faute et reste donc en-de\u00e7\u00e0 de son vrai niveau. Il a le potentiel pour monter sur des podiums et cela viendra certainement lors des prochaines \u00e9preuves.<\/p>\n<p><img decoding=\"async\" class=\"lazyload alignnone size-medium wp-image-88436\" src=\"https:\/\/fr.motocrossmag.be\/wp-content\/uploads\/2019\/05\/vanoevelen-matthew-endurogp-espagne-650x432.jpg\" data-orig-src=\"https:\/\/fr.motocrossmag.be\/wp-content\/uploads\/2019\/05\/vanoevelen-matthew-endurogp-espagne-650x432.jpg\" alt=\"\" width=\"650\" height=\"432\" srcset=\"data:image\/svg+xml,%3Csvg%20xmlns%3D%27http%3A%2F%2Fwww.w3.org%2F2000%2Fsvg%27%20width%3D%27650%27%20height%3D%27432%27%20viewBox%3D%270%200%20650%20432%27%3E%3Crect%20width%3D%27650%27%20height%3D%27432%27%20fill-opacity%3D%220%22%2F%3E%3C%2Fsvg%3E\" data-srcset=\"https:\/\/fr.motocrossmag.be\/wp-content\/uploads\/2019\/05\/vanoevelen-matthew-endurogp-espagne-650x432.jpg 650w, https:\/\/fr.motocrossmag.be\/wp-content\/uploads\/2019\/05\/vanoevelen-matthew-endurogp-espagne-768x510.jpg 768w, https:\/\/fr.motocrossmag.be\/wp-content\/uploads\/2019\/05\/vanoevelen-matthew-endurogp-espagne.jpg 900w\" data-sizes=\"auto\" data-orig-sizes=\"(max-width: 650px) 100vw, 650px\" \/><\/p>\n<p>Mauvaise journ\u00e9e en revanche pour Vanoevelen. Le Nismois ne sent pas la moto. Pourtant, il en veut mais la m\u00e9canique est parfois \u00e9tonnante. A un CH au paddock, alors qu\u2019il reste environ 2 minutes pour pointer, la moto ne d\u00e9marre pas et Serge Crosset, fid\u00e8le m\u00e9cano, regarde partout pour s\u2019apercevoir que c\u2019est la bougie qui est claqu\u00e9e. Matthew prend 3 minutes de p\u00e9nalit\u00e9s et vu les risques encourus il pr\u00e9f\u00e8re se retirer, bless\u00e9 dans son amour propre. Matthew vaut beaucoup plus que ces derniers r\u00e9sultats.<\/p>\n<p>Il ne sentait pas sa moto. Bizarre \u2026. Mais en examinant bien, Serge Crosset et Didier, le p\u00e8re de Matthew, s\u2019apercevront que le cadre a \u00e9t\u00e9 touch\u00e9, sans doute lors du passage d\u2019une marche au GP du Portugal. Il aura fallu faire, en cours de la course, des modifications \u00e0 la fourche et \u00e0 l\u2019amortisseur pour s\u2019apercevoir de cette situation. Didier partira directement \u00e0 G\u00e9rone pour faire rectifier tout cela.<\/p>\n<p>Texte &amp; photos : Serge Marlier<\/p>\n<p>&nbsp;<\/p>\n","protected":false},"excerpt":{"rendered":"<p>Le championnat du monde d&rsquo;enduro \u00e9tait en Espagne le week-end dernier pour ce qui \u00e9tait le 3\u00e8me round de la saison apr\u00e8s l&rsquo;Allemagne et le Portugal. Des sp\u00e9ciales magnifiques et [&#8230;]<\/p>\n","protected":false},"author":932,"featured_media":88435,"comment_status":"open","ping_status":"closed","sticky":false,"template":"","format":"standard","meta":{"footnotes":""},"categories":[54,32,34,33,55,65],"tags":[],"class_list":["post-88321","post","type-post","status-publish","format-standard","has-post-thumbnail","hentry","category-actualite","category-enduro","category-endurogp","category-news-enduro","category-news-actualite","category-slideshow"],"yoast_head":"<!-- This site is optimized with the Yoast SEO plugin v27.4 - https:\/\/yoast.com\/product\/yoast-seo-wordpress\/ -->\n<title>EnduroGP : le bilan des Belges en Espagne - Motocross - Enduro - Supermoto | MotocrossMag<\/title>\n<meta name=\"robots\" content=\"index, follow, max-snippet:-1, max-image-preview:large, max-video-preview:-1\" \/>\n<link rel=\"canonical\" href=\"https:\/\/fr.motocrossmag.be\/index.php\/2019\/05\/endurogp-le-bilan-des-belges-en-espagne\/\" \/>\n<meta property=\"og:locale\" content=\"fr_FR\" \/>\n<meta property=\"og:type\" content=\"article\" \/>\n<meta property=\"og:title\" content=\"EnduroGP : le bilan des Belges en Espagne - Motocross - Enduro - Supermoto | MotocrossMag\" \/>\n<meta property=\"og:description\" content=\"Le championnat du monde d&rsquo;enduro \u00e9tait en Espagne le week-end dernier pour ce qui \u00e9tait le 3\u00e8me round de la saison apr\u00e8s l&rsquo;Allemagne et le Portugal. Des sp\u00e9ciales magnifiques et [...]\" \/>\n<meta property=\"og:url\" content=\"https:\/\/fr.motocrossmag.be\/index.php\/2019\/05\/endurogp-le-bilan-des-belges-en-espagne\/\" \/>\n<meta property=\"og:site_name\" content=\"Motocross - Enduro - Supermoto | MotocrossMag\" \/>\n<meta property=\"article:published_time\" content=\"2019-05-15T09:41:10+00:00\" \/>\n<meta property=\"og:image\" content=\"https:\/\/fr.motocrossmag.be\/wp-content\/uploads\/2019\/05\/cambre-jilani-enduroGP-espagne.jpg\" \/>\n\t<meta property=\"og:image:width\" content=\"1000\" \/>\n\t<meta property=\"og:image:height\" content=\"664\" \/>\n\t<meta property=\"og:image:type\" content=\"image\/jpeg\" \/>\n<meta name=\"author\" content=\"oliviere\" \/>\n<meta name=\"twitter:card\" content=\"summary_large_image\" \/>\n<meta name=\"twitter:label1\" content=\"\u00c9crit par\" \/>\n\t<meta name=\"twitter:data1\" content=\"oliviere\" \/>\n\t<meta name=\"twitter:label2\" content=\"Dur\u00e9e de lecture estim\u00e9e\" \/>\n\t<meta name=\"twitter:data2\" content=\"2 minutes\" \/>\n<script type=\"application\/ld+json\" class=\"yoast-schema-graph\">{\"@context\":\"https:\\\/\\\/schema.org\",\"@graph\":[{\"@type\":\"Article\",\"@id\":\"https:\\\/\\\/fr.motocrossmag.be\\\/index.php\\\/2019\\\/05\\\/endurogp-le-bilan-des-belges-en-espagne\\\/#article\",\"isPartOf\":{\"@id\":\"https:\\\/\\\/fr.motocrossmag.be\\\/index.php\\\/2019\\\/05\\\/endurogp-le-bilan-des-belges-en-espagne\\\/\"},\"author\":{\"name\":\"oliviere\",\"@id\":\"https:\\\/\\\/fr.motocrossmag.be\\\/#\\\/schema\\\/person\\\/11b47143d9f755babca2c9110e03235c\"},\"headline\":\"EnduroGP : le bilan des Belges en Espagne\",\"datePublished\":\"2019-05-15T09:41:10+00:00\",\"mainEntityOfPage\":{\"@id\":\"https:\\\/\\\/fr.motocrossmag.be\\\/index.php\\\/2019\\\/05\\\/endurogp-le-bilan-des-belges-en-espagne\\\/\"},\"wordCount\":509,\"commentCount\":0,\"image\":{\"@id\":\"https:\\\/\\\/fr.motocrossmag.be\\\/index.php\\\/2019\\\/05\\\/endurogp-le-bilan-des-belges-en-espagne\\\/#primaryimage\"},\"thumbnailUrl\":\"https:\\\/\\\/fr.motocrossmag.be\\\/wp-content\\\/uploads\\\/2019\\\/05\\\/cambre-jilani-enduroGP-espagne.jpg\",\"articleSection\":[\"Actualit\u00e9\",\"Enduro\",\"EnduroGP\",\"News\",\"News\",\"Slideshow\"],\"inLanguage\":\"fr-FR\",\"potentialAction\":[{\"@type\":\"CommentAction\",\"name\":\"Comment\",\"target\":[\"https:\\\/\\\/fr.motocrossmag.be\\\/index.php\\\/2019\\\/05\\\/endurogp-le-bilan-des-belges-en-espagne\\\/#respond\"]}]},{\"@type\":\"WebPage\",\"@id\":\"https:\\\/\\\/fr.motocrossmag.be\\\/index.php\\\/2019\\\/05\\\/endurogp-le-bilan-des-belges-en-espagne\\\/\",\"url\":\"https:\\\/\\\/fr.motocrossmag.be\\\/index.php\\\/2019\\\/05\\\/endurogp-le-bilan-des-belges-en-espagne\\\/\",\"name\":\"EnduroGP : le bilan des Belges en Espagne - Motocross - Enduro - Supermoto | MotocrossMag\",\"isPartOf\":{\"@id\":\"https:\\\/\\\/fr.motocrossmag.be\\\/#website\"},\"primaryImageOfPage\":{\"@id\":\"https:\\\/\\\/fr.motocrossmag.be\\\/index.php\\\/2019\\\/05\\\/endurogp-le-bilan-des-belges-en-espagne\\\/#primaryimage\"},\"image\":{\"@id\":\"https:\\\/\\\/fr.motocrossmag.be\\\/index.php\\\/2019\\\/05\\\/endurogp-le-bilan-des-belges-en-espagne\\\/#primaryimage\"},\"thumbnailUrl\":\"https:\\\/\\\/fr.motocrossmag.be\\\/wp-content\\\/uploads\\\/2019\\\/05\\\/cambre-jilani-enduroGP-espagne.jpg\",\"datePublished\":\"2019-05-15T09:41:10+00:00\",\"author\":{\"@id\":\"https:\\\/\\\/fr.motocrossmag.be\\\/#\\\/schema\\\/person\\\/11b47143d9f755babca2c9110e03235c\"},\"breadcrumb\":{\"@id\":\"https:\\\/\\\/fr.motocrossmag.be\\\/index.php\\\/2019\\\/05\\\/endurogp-le-bilan-des-belges-en-espagne\\\/#breadcrumb\"},\"inLanguage\":\"fr-FR\",\"potentialAction\":[{\"@type\":\"ReadAction\",\"target\":[\"https:\\\/\\\/fr.motocrossmag.be\\\/index.php\\\/2019\\\/05\\\/endurogp-le-bilan-des-belges-en-espagne\\\/\"]}]},{\"@type\":\"ImageObject\",\"inLanguage\":\"fr-FR\",\"@id\":\"https:\\\/\\\/fr.motocrossmag.be\\\/index.php\\\/2019\\\/05\\\/endurogp-le-bilan-des-belges-en-espagne\\\/#primaryimage\",\"url\":\"https:\\\/\\\/fr.motocrossmag.be\\\/wp-content\\\/uploads\\\/2019\\\/05\\\/cambre-jilani-enduroGP-espagne.jpg\",\"contentUrl\":\"https:\\\/\\\/fr.motocrossmag.be\\\/wp-content\\\/uploads\\\/2019\\\/05\\\/cambre-jilani-enduroGP-espagne.jpg\",\"width\":1000,\"height\":664},{\"@type\":\"BreadcrumbList\",\"@id\":\"https:\\\/\\\/fr.motocrossmag.be\\\/index.php\\\/2019\\\/05\\\/endurogp-le-bilan-des-belges-en-espagne\\\/#breadcrumb\",\"itemListElement\":[{\"@type\":\"ListItem\",\"position\":1,\"name\":\"Accueil\",\"item\":\"https:\\\/\\\/fr.motocrossmag.be\\\/\"},{\"@type\":\"ListItem\",\"position\":2,\"name\":\"EnduroGP : le bilan des Belges en Espagne\"}]},{\"@type\":\"WebSite\",\"@id\":\"https:\\\/\\\/fr.motocrossmag.be\\\/#website\",\"url\":\"https:\\\/\\\/fr.motocrossmag.be\\\/\",\"name\":\"Motocross - Enduro - Supermoto | MotocrossMag\",\"description\":\"L&#039;actualit\u00e9 du motocross, de l&#039;enduro et du Supermoto en ligne!\",\"potentialAction\":[{\"@type\":\"SearchAction\",\"target\":{\"@type\":\"EntryPoint\",\"urlTemplate\":\"https:\\\/\\\/fr.motocrossmag.be\\\/?s={search_term_string}\"},\"query-input\":{\"@type\":\"PropertyValueSpecification\",\"valueRequired\":true,\"valueName\":\"search_term_string\"}}],\"inLanguage\":\"fr-FR\"},{\"@type\":\"Person\",\"@id\":\"https:\\\/\\\/fr.motocrossmag.be\\\/#\\\/schema\\\/person\\\/11b47143d9f755babca2c9110e03235c\",\"name\":\"oliviere\",\"image\":{\"@type\":\"ImageObject\",\"inLanguage\":\"fr-FR\",\"@id\":\"https:\\\/\\\/secure.gravatar.com\\\/avatar\\\/907069e0b81d119452040469e4a7501da1100f54f7f80180ce77bfab718288f6?s=96&d=mm&r=g\",\"url\":\"https:\\\/\\\/secure.gravatar.com\\\/avatar\\\/907069e0b81d119452040469e4a7501da1100f54f7f80180ce77bfab718288f6?s=96&d=mm&r=g\",\"contentUrl\":\"https:\\\/\\\/secure.gravatar.com\\\/avatar\\\/907069e0b81d119452040469e4a7501da1100f54f7f80180ce77bfab718288f6?s=96&d=mm&r=g\",\"caption\":\"oliviere\"},\"sameAs\":[\"http:\\\/\\\/www.motocrossmag.be\"],\"url\":\"https:\\\/\\\/fr.motocrossmag.be\\\/index.php\\\/author\\\/oliviere\\\/\"}]}<\/script>\n<!-- \/ Yoast SEO plugin. -->","yoast_head_json":{"title":"EnduroGP : le bilan des Belges en Espagne - Motocross - Enduro - Supermoto | MotocrossMag","robots":{"index":"index","follow":"follow","max-snippet":"max-snippet:-1","max-image-preview":"max-image-preview:large","max-video-preview":"max-video-preview:-1"},"canonical":"https:\/\/fr.motocrossmag.be\/index.php\/2019\/05\/endurogp-le-bilan-des-belges-en-espagne\/","og_locale":"fr_FR","og_type":"article","og_title":"EnduroGP : le bilan des Belges en Espagne - Motocross - Enduro - Supermoto | MotocrossMag","og_description":"Le championnat du monde d&rsquo;enduro \u00e9tait en Espagne le week-end dernier pour ce qui \u00e9tait le 3\u00e8me round de la saison apr\u00e8s l&rsquo;Allemagne et le Portugal. Des sp\u00e9ciales magnifiques et [...]","og_url":"https:\/\/fr.motocrossmag.be\/index.php\/2019\/05\/endurogp-le-bilan-des-belges-en-espagne\/","og_site_name":"Motocross - Enduro - Supermoto | MotocrossMag","article_published_time":"2019-05-15T09:41:10+00:00","og_image":[{"width":1000,"height":664,"url":"https:\/\/fr.motocrossmag.be\/wp-content\/uploads\/2019\/05\/cambre-jilani-enduroGP-espagne.jpg","type":"image\/jpeg"}],"author":"oliviere","twitter_card":"summary_large_image","twitter_misc":{"\u00c9crit par":"oliviere","Dur\u00e9e de lecture estim\u00e9e":"2 minutes"},"schema":{"@context":"https:\/\/schema.org","@graph":[{"@type":"Article","@id":"https:\/\/fr.motocrossmag.be\/index.php\/2019\/05\/endurogp-le-bilan-des-belges-en-espagne\/#article","isPartOf":{"@id":"https:\/\/fr.motocrossmag.be\/index.php\/2019\/05\/endurogp-le-bilan-des-belges-en-espagne\/"},"author":{"name":"oliviere","@id":"https:\/\/fr.motocrossmag.be\/#\/schema\/person\/11b47143d9f755babca2c9110e03235c"},"headline":"EnduroGP : le bilan des Belges en Espagne","datePublished":"2019-05-15T09:41:10+00:00","mainEntityOfPage":{"@id":"https:\/\/fr.motocrossmag.be\/index.php\/2019\/05\/endurogp-le-bilan-des-belges-en-espagne\/"},"wordCount":509,"commentCount":0,"image":{"@id":"https:\/\/fr.motocrossmag.be\/index.php\/2019\/05\/endurogp-le-bilan-des-belges-en-espagne\/#primaryimage"},"thumbnailUrl":"https:\/\/fr.motocrossmag.be\/wp-content\/uploads\/2019\/05\/cambre-jilani-enduroGP-espagne.jpg","articleSection":["Actualit\u00e9","Enduro","EnduroGP","News","News","Slideshow"],"inLanguage":"fr-FR","potentialAction":[{"@type":"CommentAction","name":"Comment","target":["https:\/\/fr.motocrossmag.be\/index.php\/2019\/05\/endurogp-le-bilan-des-belges-en-espagne\/#respond"]}]},{"@type":"WebPage","@id":"https:\/\/fr.motocrossmag.be\/index.php\/2019\/05\/endurogp-le-bilan-des-belges-en-espagne\/","url":"https:\/\/fr.motocrossmag.be\/index.php\/2019\/05\/endurogp-le-bilan-des-belges-en-espagne\/","name":"EnduroGP : le bilan des Belges en Espagne - Motocross - Enduro - Supermoto | MotocrossMag","isPartOf":{"@id":"https:\/\/fr.motocrossmag.be\/#website"},"primaryImageOfPage":{"@id":"https:\/\/fr.motocrossmag.be\/index.php\/2019\/05\/endurogp-le-bilan-des-belges-en-espagne\/#primaryimage"},"image":{"@id":"https:\/\/fr.motocrossmag.be\/index.php\/2019\/05\/endurogp-le-bilan-des-belges-en-espagne\/#primaryimage"},"thumbnailUrl":"https:\/\/fr.motocrossmag.be\/wp-content\/uploads\/2019\/05\/cambre-jilani-enduroGP-espagne.jpg","datePublished":"2019-05-15T09:41:10+00:00","author":{"@id":"https:\/\/fr.motocrossmag.be\/#\/schema\/person\/11b47143d9f755babca2c9110e03235c"},"breadcrumb":{"@id":"https:\/\/fr.motocrossmag.be\/index.php\/2019\/05\/endurogp-le-bilan-des-belges-en-espagne\/#breadcrumb"},"inLanguage":"fr-FR","potentialAction":[{"@type":"ReadAction","target":["https:\/\/fr.motocrossmag.be\/index.php\/2019\/05\/endurogp-le-bilan-des-belges-en-espagne\/"]}]},{"@type":"ImageObject","inLanguage":"fr-FR","@id":"https:\/\/fr.motocrossmag.be\/index.php\/2019\/05\/endurogp-le-bilan-des-belges-en-espagne\/#primaryimage","url":"https:\/\/fr.motocrossmag.be\/wp-content\/uploads\/2019\/05\/cambre-jilani-enduroGP-espagne.jpg","contentUrl":"https:\/\/fr.motocrossmag.be\/wp-content\/uploads\/2019\/05\/cambre-jilani-enduroGP-espagne.jpg","width":1000,"height":664},{"@type":"BreadcrumbList","@id":"https:\/\/fr.motocrossmag.be\/index.php\/2019\/05\/endurogp-le-bilan-des-belges-en-espagne\/#breadcrumb","itemListElement":[{"@type":"ListItem","position":1,"name":"Accueil","item":"https:\/\/fr.motocrossmag.be\/"},{"@type":"ListItem","position":2,"name":"EnduroGP : le bilan des Belges en Espagne"}]},{"@type":"WebSite","@id":"https:\/\/fr.motocrossmag.be\/#website","url":"https:\/\/fr.motocrossmag.be\/","name":"Motocross - Enduro - Supermoto | MotocrossMag","description":"L&#039;actualit\u00e9 du motocross, de l&#039;enduro et du Supermoto en ligne!","potentialAction":[{"@type":"SearchAction","target":{"@type":"EntryPoint","urlTemplate":"https:\/\/fr.motocrossmag.be\/?s={search_term_string}"},"query-input":{"@type":"PropertyValueSpecification","valueRequired":true,"valueName":"search_term_string"}}],"inLanguage":"fr-FR"},{"@type":"Person","@id":"https:\/\/fr.motocrossmag.be\/#\/schema\/person\/11b47143d9f755babca2c9110e03235c","name":"oliviere","image":{"@type":"ImageObject","inLanguage":"fr-FR","@id":"https:\/\/secure.gravatar.com\/avatar\/907069e0b81d119452040469e4a7501da1100f54f7f80180ce77bfab718288f6?s=96&d=mm&r=g","url":"https:\/\/secure.gravatar.com\/avatar\/907069e0b81d119452040469e4a7501da1100f54f7f80180ce77bfab718288f6?s=96&d=mm&r=g","contentUrl":"https:\/\/secure.gravatar.com\/avatar\/907069e0b81d119452040469e4a7501da1100f54f7f80180ce77bfab718288f6?s=96&d=mm&r=g","caption":"oliviere"},"sameAs":["http:\/\/www.motocrossmag.be"],"url":"https:\/\/fr.motocrossmag.be\/index.php\/author\/oliviere\/"}]}},"_links":{"self":[{"href":"https:\/\/fr.motocrossmag.be\/index.php\/wp-json\/wp\/v2\/posts\/88321","targetHints":{"allow":["GET"]}}],"collection":[{"href":"https:\/\/fr.motocrossmag.be\/index.php\/wp-json\/wp\/v2\/posts"}],"about":[{"href":"https:\/\/fr.motocrossmag.be\/index.php\/wp-json\/wp\/v2\/types\/post"}],"author":[{"embeddable":true,"href":"https:\/\/fr.motocrossmag.be\/index.php\/wp-json\/wp\/v2\/users\/932"}],"replies":[{"embeddable":true,"href":"https:\/\/fr.motocrossmag.be\/index.php\/wp-json\/wp\/v2\/comments?post=88321"}],"version-history":[{"count":0,"href":"https:\/\/fr.motocrossmag.be\/index.php\/wp-json\/wp\/v2\/posts\/88321\/revisions"}],"wp:featuredmedia":[{"embeddable":true,"href":"https:\/\/fr.motocrossmag.be\/index.php\/wp-json\/wp\/v2\/media\/88435"}],"wp:attachment":[{"href":"https:\/\/fr.motocrossmag.be\/index.php\/wp-json\/wp\/v2\/media?parent=88321"}],"wp:term":[{"taxonomy":"category","embeddable":true,"href":"https:\/\/fr.motocrossmag.be\/index.php\/wp-json\/wp\/v2\/categories?post=88321"},{"taxonomy":"post_tag","embeddable":true,"href":"https:\/\/fr.motocrossmag.be\/index.php\/wp-json\/wp\/v2\/tags?post=88321"}],"curies":[{"name":"wp","href":"https:\/\/api.w.org\/{rel}","templated":true}]}}